{"id":1944,"date":"2024-01-22T13:11:32","date_gmt":"2024-01-22T12:11:32","guid":{"rendered":"https:\/\/unaymilletras.com\/?p=1944"},"modified":"2024-01-22T13:13:27","modified_gmt":"2024-01-22T12:13:27","slug":"daniel-sabater-continua-su-autobiografia-con-no-me-quiero-pegar","status":"publish","type":"post","link":"https:\/\/unaymilletras.com\/en\/daniel-sabater-continua-su-autobiografia-con-no-me-quiero-pegar\/","title":{"rendered":"daniel sabater contin\u00faa su autobiograf\u00eda con \u201cNo me quiero pegar\u201d"},"content":{"rendered":"<div data-elementor-type=\"wp-post\" data-elementor-id=\"1944\" class=\"elementor elementor-1944\">\n\t\t\t\t\t\t<section class=\"elementor-section elementor-top-section elementor-element elementor-element-460861f elementor-section-boxed elementor-section-height-default elementor-section-height-default\" data-id=\"460861f\" data-element_type=\"section\" data-e-type=\"section\">\n\t\t\t\t\t\t<div class=\"elementor-container elementor-column-gap-default\">\n\t\t\t\t\t<div class=\"elementor-column elementor-col-100 elementor-top-column elementor-element elementor-element-ad6726a\" data-id=\"ad6726a\" data-element_type=\"column\" data-e-type=\"column\">\n\t\t\t<div class=\"elementor-widget-wrap elementor-element-populated\">\n\t\t\t\t\t\t<div class=\"elementor-element elementor-element-4688e4e elementor-widget elementor-widget-text-editor\" data-id=\"4688e4e\" data-element_type=\"widget\" data-e-type=\"widget\" data-widget_type=\"text-editor.default\">\n\t\t\t\t<div class=\"elementor-widget-container\">\n\t\t\t\t\t\t\t\t\t<h2 style=\"text-align: center;\"><span style=\"color: #808080;\"><em>El single que comparte nombre con el pr\u00f3ximo EP de daniel sabater, un reflejo de sus peores pensamientos<\/em><\/span><\/h2>\t\t\t\t\t\t\t\t<\/div>\n\t\t\t\t<\/div>\n\t\t\t\t\t<\/div>\n\t\t<\/div>\n\t\t\t\t\t<\/div>\n\t\t<\/section>\n\t\t\t\t<section class=\"elementor-section elementor-top-section elementor-element elementor-element-ce59a67 elementor-section-boxed elementor-section-height-default elementor-section-height-default\" data-id=\"ce59a67\" data-element_type=\"section\" data-e-type=\"section\">\n\t\t\t\t\t\t<div class=\"elementor-container elementor-column-gap-default\">\n\t\t\t\t\t<div class=\"elementor-column elementor-col-100 elementor-top-column elementor-element elementor-element-690758d\" data-id=\"690758d\" data-element_type=\"column\" data-e-type=\"column\">\n\t\t\t<div class=\"elementor-widget-wrap elementor-element-populated\">\n\t\t\t\t\t\t<div class=\"elementor-element elementor-element-6ba5a2e elementor-widget elementor-widget-text-editor\" data-id=\"6ba5a2e\" data-element_type=\"widget\" data-e-type=\"widget\" data-widget_type=\"text-editor.default\">\n\t\t\t\t<div class=\"elementor-widget-container\">\n\t\t\t\t\t\t\t\t\t<p><span style=\"color: #808080;\"><b>daniel sabater<\/b> hace terapia a trav\u00e9s de sus canciones. El viernes pasado estrenaba <a style=\"color: #808080;\" href=\"https:\/\/open.spotify.com\/intl-es\/track\/2qr5SkLknb2hb9M94PZF1i?si=38bad086d7524a51\"><em><b>No me quiero pegar<\/b><\/em>,<\/a> el tema que le da nombre a su pr\u00f3ximo EP. Este single nace inspirado en sus peores momentos y llega para espantar a los demonios que guardan los oyentes del murciano.<\/span><\/p>\t\t\t\t\t\t\t\t<\/div>\n\t\t\t\t<\/div>\n\t\t\t\t\t<\/div>\n\t\t<\/div>\n\t\t\t\t\t<\/div>\n\t\t<\/section>\n\t\t\t\t<section class=\"elementor-section elementor-top-section elementor-element elementor-element-a3498b7 elementor-section-boxed elementor-section-height-default elementor-section-height-default\" data-id=\"a3498b7\" data-element_type=\"section\" data-e-type=\"section\">\n\t\t\t\t\t\t<div class=\"elementor-container elementor-column-gap-default\">\n\t\t\t\t\t<div class=\"elementor-column elementor-col-50 elementor-top-column elementor-element elementor-element-886f065\" data-id=\"886f065\" data-element_type=\"column\" data-e-type=\"column\">\n\t\t\t<div class=\"elementor-widget-wrap elementor-element-populated\">\n\t\t\t\t\t\t<div class=\"elementor-element elementor-element-8846ab9 elementor-widget elementor-widget-image\" data-id=\"8846ab9\" data-element_type=\"widget\" data-e-type=\"widget\" data-widget_type=\"image.default\">\n\t\t\t\t<div class=\"elementor-widget-container\">\n\t\t\t\t\t\t\t\t\t\t\t\t\t\t\t<img fetchpriority=\"high\" decoding=\"async\" width=\"640\" height=\"960\" src=\"https:\/\/unaymilletras.com\/wp-content\/uploads\/2024\/01\/Daniel-Sabater0166-683x1024.jpg\" class=\"attachment-large size-large wp-image-1947\" alt=\"daniel sabater\" srcset=\"https:\/\/unaymilletras.com\/wp-content\/uploads\/2024\/01\/Daniel-Sabater0166-683x1024.jpg 683w, https:\/\/unaymilletras.com\/wp-content\/uploads\/2024\/01\/Daniel-Sabater0166-200x300.jpg 200w, https:\/\/unaymilletras.com\/wp-content\/uploads\/2024\/01\/Daniel-Sabater0166-768x1152.jpg 768w, https:\/\/unaymilletras.com\/wp-content\/uploads\/2024\/01\/Daniel-Sabater0166-1024x1536.jpg 1024w, https:\/\/unaymilletras.com\/wp-content\/uploads\/2024\/01\/Daniel-Sabater0166-1365x2048.jpg 1365w, https:\/\/unaymilletras.com\/wp-content\/uploads\/2024\/01\/Daniel-Sabater0166-scaled-e1705922881679.jpg 600w\" sizes=\"(max-width: 640px) 100vw, 640px\" \/>\t\t\t\t\t\t\t\t\t\t\t\t\t\t\t<\/div>\n\t\t\t\t<\/div>\n\t\t\t\t\t<\/div>\n\t\t<\/div>\n\t\t\t\t<div class=\"elementor-column elementor-col-50 elementor-top-column elementor-element elementor-element-dad7fe4\" data-id=\"dad7fe4\" data-element_type=\"column\" data-e-type=\"column\">\n\t\t\t<div class=\"elementor-widget-wrap elementor-element-populated\">\n\t\t\t\t\t\t<div class=\"elementor-element elementor-element-f934ac8 elementor-widget elementor-widget-text-editor\" data-id=\"f934ac8\" data-element_type=\"widget\" data-e-type=\"widget\" data-widget_type=\"text-editor.default\">\n\t\t\t\t<div class=\"elementor-widget-container\">\n\t\t\t\t\t\t\t\t\t<h3 style=\"text-align: center;\"><em>\u201cEs la primera vez que escribo algo que cuando lo escucho me da ganas de llorar, supongo que, porque por fin hablo de ese an\u0303o de mierda, de los miedos, de las carencias, las preocupaciones, de las veces que me rendi\u0301, de las veces que no fui suficiente, de las que no pude serlo, de las que me sent\u00ed\u0301 el mejor, las que me sent\u00ed\u0301 el peor&#8230;\u201d,<\/em><\/h3>\t\t\t\t\t\t\t\t<\/div>\n\t\t\t\t<\/div>\n\t\t\t\t\t<\/div>\n\t\t<\/div>\n\t\t\t\t\t<\/div>\n\t\t<\/section>\n\t\t\t\t<section class=\"elementor-section elementor-top-section elementor-element elementor-element-7f95dfa elementor-section-boxed elementor-section-height-default elementor-section-height-default\" data-id=\"7f95dfa\" data-element_type=\"section\" data-e-type=\"section\">\n\t\t\t\t\t\t<div class=\"elementor-container elementor-column-gap-default\">\n\t\t\t\t\t<div class=\"elementor-column elementor-col-100 elementor-top-column elementor-element elementor-element-64ff7aa\" data-id=\"64ff7aa\" data-element_type=\"column\" data-e-type=\"column\">\n\t\t\t<div class=\"elementor-widget-wrap elementor-element-populated\">\n\t\t\t\t\t\t<div class=\"elementor-element elementor-element-856361d elementor-widget elementor-widget-text-editor\" data-id=\"856361d\" data-element_type=\"widget\" data-e-type=\"widget\" data-widget_type=\"text-editor.default\">\n\t\t\t\t<div class=\"elementor-widget-container\">\n\t\t\t\t\t\t\t\t\t<p>El nuevo EP comenz\u00f3 con <em>Un a\u00f1o de mierda<\/em> y sigui\u00f3 con <em>Inconformista<\/em>, que habla sobre las insatisfacciones por la continua autoexigencia. Un mosaico autobiogr\u00e1fico como refleja que, a pesar del mal a\u00f1o que vivi\u00f3, tambi\u00e9n fue el momento en el que sufri\u00f3 su explosi\u00f3n art\u00edstica. El cantante y compositor se gan\u00f3 el puesto de artista promesa en nuestro pa\u00eds.<\/p><p>La idea de <em>No me quiero pegar<\/em> nace junto a Oddliquor, su productor. Este fue quien anim\u00f3 a daniel sabater a compartir y crear las canciones a las que ha transformado sus pensamientos negativos. As\u00ed, este proyecto pensado para divertirse y divertir se ha convertido en algo mucho m\u00e1s trascendental.<\/p>\t\t\t\t\t\t\t\t<\/div>\n\t\t\t\t<\/div>\n\t\t\t\t\t<\/div>\n\t\t<\/div>\n\t\t\t\t\t<\/div>\n\t\t<\/section>\n\t\t\t\t<section class=\"elementor-section elementor-top-section elementor-element elementor-element-af2718e elementor-section-boxed elementor-section-height-default elementor-section-height-default\" data-id=\"af2718e\" data-element_type=\"section\" data-e-type=\"section\">\n\t\t\t\t\t\t<div class=\"elementor-container elementor-column-gap-default\">\n\t\t\t\t\t<div class=\"elementor-column elementor-col-33 elementor-top-column elementor-element elementor-element-6fe62ae\" data-id=\"6fe62ae\" data-element_type=\"column\" data-e-type=\"column\">\n\t\t\t<div class=\"elementor-widget-wrap elementor-element-populated\">\n\t\t\t\t\t\t<div class=\"elementor-element elementor-element-9be9eed elementor-widget elementor-widget-image\" data-id=\"9be9eed\" data-element_type=\"widget\" data-e-type=\"widget\" data-widget_type=\"image.default\">\n\t\t\t\t<div class=\"elementor-widget-container\">\n\t\t\t\t\t\t\t\t\t\t\t\t\t\t\t<img decoding=\"async\" width=\"640\" height=\"783\" src=\"https:\/\/unaymilletras.com\/wp-content\/uploads\/2024\/01\/DANIEL_SABATER_TourDates-837x1024.jpg\" class=\"attachment-large size-large wp-image-1948\" alt=\"\" srcset=\"https:\/\/unaymilletras.com\/wp-content\/uploads\/2024\/01\/DANIEL_SABATER_TourDates-837x1024.jpg 837w, https:\/\/unaymilletras.com\/wp-content\/uploads\/2024\/01\/DANIEL_SABATER_TourDates-245x300.jpg 245w, https:\/\/unaymilletras.com\/wp-content\/uploads\/2024\/01\/DANIEL_SABATER_TourDates-768x939.jpg 768w, https:\/\/unaymilletras.com\/wp-content\/uploads\/2024\/01\/DANIEL_SABATER_TourDates-1256x1536.jpg 1256w, https:\/\/unaymilletras.com\/wp-content\/uploads\/2024\/01\/DANIEL_SABATER_TourDates-1674x2048.jpg 1674w, https:\/\/unaymilletras.com\/wp-content\/uploads\/2024\/01\/DANIEL_SABATER_TourDates-1024x1253.jpg 1024w, https:\/\/unaymilletras.com\/wp-content\/uploads\/2024\/01\/DANIEL_SABATER_TourDates-scaled-e1705925356409.jpg 600w\" sizes=\"(max-width: 640px) 100vw, 640px\" \/>\t\t\t\t\t\t\t\t\t\t\t\t\t\t\t<\/div>\n\t\t\t\t<\/div>\n\t\t\t\t\t<\/div>\n\t\t<\/div>\n\t\t\t\t<div class=\"elementor-column elementor-col-66 elementor-top-column elementor-element elementor-element-4dc5ccb\" data-id=\"4dc5ccb\" data-element_type=\"column\" data-e-type=\"column\">\n\t\t\t<div class=\"elementor-widget-wrap elementor-element-populated\">\n\t\t\t\t\t\t<div class=\"elementor-element elementor-element-b1b4a9b elementor-widget elementor-widget-text-editor\" data-id=\"b1b4a9b\" data-element_type=\"widget\" data-e-type=\"widget\" data-widget_type=\"text-editor.default\">\n\t\t\t\t<div class=\"elementor-widget-container\">\n\t\t\t\t\t\t\t\t\t<p>Asimismo, este EP contar\u00e1 con su propia gira. Valencia ser\u00e1 el pistoletazo de salida para que contin\u00fae con otras de las principales ciudades del pa\u00eds, como Barcelona o Madrid entre otras.<\/p>\t\t\t\t\t\t\t\t<\/div>\n\t\t\t\t<\/div>\n\t\t\t\t\t<\/div>\n\t\t<\/div>\n\t\t\t\t\t<\/div>\n\t\t<\/section>\n\t\t\t\t<section class=\"elementor-section elementor-top-section elementor-element elementor-element-c336d3f elementor-section-boxed elementor-section-height-default elementor-section-height-default\" data-id=\"c336d3f\" data-element_type=\"section\" data-e-type=\"section\">\n\t\t\t\t\t\t<div class=\"elementor-container elementor-column-gap-default\">\n\t\t\t\t\t<div class=\"elementor-column elementor-col-100 elementor-top-column elementor-element elementor-element-754cafc\" data-id=\"754cafc\" data-element_type=\"column\" data-e-type=\"column\">\n\t\t\t<div class=\"elementor-widget-wrap elementor-element-populated\">\n\t\t\t\t\t\t<div class=\"elementor-element elementor-element-e816832 elementor-widget elementor-widget-video\" data-id=\"e816832\" data-element_type=\"widget\" data-e-type=\"widget\" data-settings=\"{&quot;youtube_url&quot;:&quot;https:\\\/\\\/www.youtube.com\\\/watch?v=SD6V7oxs8_k&quot;,&quot;video_type&quot;:&quot;youtube&quot;,&quot;controls&quot;:&quot;yes&quot;}\" data-widget_type=\"video.default\">\n\t\t\t\t<div class=\"elementor-widget-container\">\n\t\t\t\t\t\t\t<div class=\"elementor-wrapper elementor-open-inline\">\n\t\t\t<div class=\"elementor-video\"><\/div>\t\t<\/div>\n\t\t\t\t\t\t<\/div>\n\t\t\t\t<\/div>\n\t\t\t\t\t<\/div>\n\t\t<\/div>\n\t\t\t\t\t<\/div>\n\t\t<\/section>\n\t\t\t\t<\/div>","protected":false},"excerpt":{"rendered":"<p>El single que comparte nombre con el pr\u00f3ximo EP de daniel sabater, un reflejo de sus peores pensamientos daniel sabater hace terapia a trav\u00e9s de sus canciones. El viernes pasado estrenaba No me quiero pegar, el tema que le da nombre a su pr\u00f3ximo EP. Este single nace inspirado en sus peores momentos y llega [&hellip;]<\/p>\n","protected":false},"author":1,"featured_media":1947,"comment_status":"open","ping_status":"open","sticky":false,"template":"","format":"standard","meta":{"footnotes":""},"categories":[4],"tags":[],"class_list":["post-1944","post","type-post","status-publish","format-standard","has-post-thumbnail","hentry","category-musica"],"yoast_head":"<!-- This site is optimized with the Yoast SEO plugin v27.4 - https:\/\/yoast.com\/product\/yoast-seo-wordpress\/ -->\n<title>daniel sabater contin\u00faa su autobiograf\u00eda con \u201cNo me quiero pegar\u201d<\/title>\n<meta name=\"description\" content=\"El single que comparte nombre con el pr\u00f3ximo EP de daniel sabater, un reflejo de sus peores pensamientos, ya disponible\" \/>\n<meta name=\"robots\" content=\"index, follow, max-snippet:-1, max-image-preview:large, max-video-preview:-1\" \/>\n<link rel=\"canonical\" href=\"https:\/\/unaymilletras.com\/en\/daniel-sabater-continua-su-autobiografia-con-no-me-quiero-pegar\/\" \/>\n<meta property=\"og:locale\" content=\"en_GB\" \/>\n<meta property=\"og:type\" content=\"article\" \/>\n<meta property=\"og:title\" content=\"daniel sabater contin\u00faa su autobiograf\u00eda con \u201cNo me quiero pegar\u201d\" \/>\n<meta property=\"og:description\" content=\"El single que comparte nombre con el pr\u00f3ximo EP de daniel sabater, un reflejo de sus peores pensamientos, ya disponible\" \/>\n<meta property=\"og:url\" content=\"https:\/\/unaymilletras.com\/en\/daniel-sabater-continua-su-autobiografia-con-no-me-quiero-pegar\/\" \/>\n<meta property=\"og:site_name\" content=\"Una y Mil Letras\" \/>\n<meta property=\"article:published_time\" content=\"2024-01-22T12:11:32+00:00\" \/>\n<meta property=\"article:modified_time\" content=\"2024-01-22T12:13:27+00:00\" \/>\n<meta property=\"og:image\" content=\"http:\/\/unaymilletras.com\/wp-content\/uploads\/2024\/01\/Daniel-Sabater0166-scaled-e1705922881679.jpg\" \/>\n\t<meta property=\"og:image:width\" content=\"600\" \/>\n\t<meta property=\"og:image:height\" content=\"900\" \/>\n\t<meta property=\"og:image:type\" content=\"image\/jpeg\" \/>\n<meta name=\"author\" content=\"Maria Gil Robledo\" \/>\n<meta name=\"twitter:card\" content=\"summary_large_image\" \/>\n<meta name=\"twitter:creator\" content=\"@UnaYMilLetras\" \/>\n<meta name=\"twitter:site\" content=\"@UnaYMilLetras\" \/>\n<meta name=\"twitter:label1\" content=\"Written by\" \/>\n\t<meta name=\"twitter:data1\" content=\"Maria Gil Robledo\" \/>\n\t<meta name=\"twitter:label2\" content=\"Estimated reading time\" \/>\n\t<meta name=\"twitter:data2\" content=\"2 minutes\" \/>\n<script type=\"application\/ld+json\" class=\"yoast-schema-graph\">{\"@context\":\"https:\\\/\\\/schema.org\",\"@graph\":[{\"@type\":\"Article\",\"@id\":\"https:\\\/\\\/unaymilletras.com\\\/daniel-sabater-continua-su-autobiografia-con-no-me-quiero-pegar\\\/#article\",\"isPartOf\":{\"@id\":\"https:\\\/\\\/unaymilletras.com\\\/daniel-sabater-continua-su-autobiografia-con-no-me-quiero-pegar\\\/\"},\"author\":{\"name\":\"Maria Gil Robledo\",\"@id\":\"http:\\\/\\\/unaymilletras.com\\\/#\\\/schema\\\/person\\\/d55ba681b8a4e463d8982dbe36a5dc94\"},\"headline\":\"daniel sabater contin\u00faa su autobiograf\u00eda con \u201cNo me quiero pegar\u201d\",\"datePublished\":\"2024-01-22T12:11:32+00:00\",\"dateModified\":\"2024-01-22T12:13:27+00:00\",\"mainEntityOfPage\":{\"@id\":\"https:\\\/\\\/unaymilletras.com\\\/daniel-sabater-continua-su-autobiografia-con-no-me-quiero-pegar\\\/\"},\"wordCount\":310,\"commentCount\":0,\"publisher\":{\"@id\":\"http:\\\/\\\/unaymilletras.com\\\/#organization\"},\"image\":{\"@id\":\"https:\\\/\\\/unaymilletras.com\\\/daniel-sabater-continua-su-autobiografia-con-no-me-quiero-pegar\\\/#primaryimage\"},\"thumbnailUrl\":\"https:\\\/\\\/unaymilletras.com\\\/wp-content\\\/uploads\\\/2024\\\/01\\\/Daniel-Sabater0166-scaled-e1705922881679.jpg\",\"articleSection\":[\"M\u00fasica\"],\"inLanguage\":\"en-GB\",\"potentialAction\":[{\"@type\":\"CommentAction\",\"name\":\"Comment\",\"target\":[\"https:\\\/\\\/unaymilletras.com\\\/daniel-sabater-continua-su-autobiografia-con-no-me-quiero-pegar\\\/#respond\"]}]},{\"@type\":\"WebPage\",\"@id\":\"https:\\\/\\\/unaymilletras.com\\\/daniel-sabater-continua-su-autobiografia-con-no-me-quiero-pegar\\\/\",\"url\":\"https:\\\/\\\/unaymilletras.com\\\/daniel-sabater-continua-su-autobiografia-con-no-me-quiero-pegar\\\/\",\"name\":\"daniel sabater contin\u00faa su autobiograf\u00eda con \u201cNo me quiero pegar\u201d\",\"isPartOf\":{\"@id\":\"http:\\\/\\\/unaymilletras.com\\\/#website\"},\"primaryImageOfPage\":{\"@id\":\"https:\\\/\\\/unaymilletras.com\\\/daniel-sabater-continua-su-autobiografia-con-no-me-quiero-pegar\\\/#primaryimage\"},\"image\":{\"@id\":\"https:\\\/\\\/unaymilletras.com\\\/daniel-sabater-continua-su-autobiografia-con-no-me-quiero-pegar\\\/#primaryimage\"},\"thumbnailUrl\":\"https:\\\/\\\/unaymilletras.com\\\/wp-content\\\/uploads\\\/2024\\\/01\\\/Daniel-Sabater0166-scaled-e1705922881679.jpg\",\"datePublished\":\"2024-01-22T12:11:32+00:00\",\"dateModified\":\"2024-01-22T12:13:27+00:00\",\"description\":\"El single que comparte nombre con el pr\u00f3ximo EP de daniel sabater, un reflejo de sus peores pensamientos, ya disponible\",\"breadcrumb\":{\"@id\":\"https:\\\/\\\/unaymilletras.com\\\/daniel-sabater-continua-su-autobiografia-con-no-me-quiero-pegar\\\/#breadcrumb\"},\"inLanguage\":\"en-GB\",\"potentialAction\":[{\"@type\":\"ReadAction\",\"target\":[\"https:\\\/\\\/unaymilletras.com\\\/daniel-sabater-continua-su-autobiografia-con-no-me-quiero-pegar\\\/\"]}]},{\"@type\":\"ImageObject\",\"inLanguage\":\"en-GB\",\"@id\":\"https:\\\/\\\/unaymilletras.com\\\/daniel-sabater-continua-su-autobiografia-con-no-me-quiero-pegar\\\/#primaryimage\",\"url\":\"https:\\\/\\\/unaymilletras.com\\\/wp-content\\\/uploads\\\/2024\\\/01\\\/Daniel-Sabater0166-scaled-e1705922881679.jpg\",\"contentUrl\":\"https:\\\/\\\/unaymilletras.com\\\/wp-content\\\/uploads\\\/2024\\\/01\\\/Daniel-Sabater0166-scaled-e1705922881679.jpg\",\"width\":600,\"height\":900,\"caption\":\"daniel sabater\"},{\"@type\":\"BreadcrumbList\",\"@id\":\"https:\\\/\\\/unaymilletras.com\\\/daniel-sabater-continua-su-autobiografia-con-no-me-quiero-pegar\\\/#breadcrumb\",\"itemListElement\":[{\"@type\":\"ListItem\",\"position\":1,\"name\":\"Home\",\"item\":\"http:\\\/\\\/unaymilletras.com\\\/\"},{\"@type\":\"ListItem\",\"position\":2,\"name\":\"daniel sabater contin\u00faa su autobiograf\u00eda con \u201cNo me quiero pegar\u201d\"}]},{\"@type\":\"WebSite\",\"@id\":\"http:\\\/\\\/unaymilletras.com\\\/#website\",\"url\":\"http:\\\/\\\/unaymilletras.com\\\/\",\"name\":\"Una y Mil Letras\",\"description\":\"\",\"publisher\":{\"@id\":\"http:\\\/\\\/unaymilletras.com\\\/#organization\"},\"potentialAction\":[{\"@type\":\"SearchAction\",\"target\":{\"@type\":\"EntryPoint\",\"urlTemplate\":\"http:\\\/\\\/unaymilletras.com\\\/?s={search_term_string}\"},\"query-input\":{\"@type\":\"PropertyValueSpecification\",\"valueRequired\":true,\"valueName\":\"search_term_string\"}}],\"inLanguage\":\"en-GB\"},{\"@type\":\"Organization\",\"@id\":\"http:\\\/\\\/unaymilletras.com\\\/#organization\",\"name\":\"Una y Mil Letras\",\"url\":\"http:\\\/\\\/unaymilletras.com\\\/\",\"logo\":{\"@type\":\"ImageObject\",\"inLanguage\":\"en-GB\",\"@id\":\"http:\\\/\\\/unaymilletras.com\\\/#\\\/schema\\\/logo\\\/image\\\/\",\"url\":\"https:\\\/\\\/unaymilletras.com\\\/wp-content\\\/uploads\\\/2024\\\/06\\\/cropped-Logo-removebg-preview.png\",\"contentUrl\":\"https:\\\/\\\/unaymilletras.com\\\/wp-content\\\/uploads\\\/2024\\\/06\\\/cropped-Logo-removebg-preview.png\",\"width\":512,\"height\":512,\"caption\":\"Una y Mil Letras\"},\"image\":{\"@id\":\"http:\\\/\\\/unaymilletras.com\\\/#\\\/schema\\\/logo\\\/image\\\/\"},\"sameAs\":[\"https:\\\/\\\/x.com\\\/UnaYMilLetras\",\"https:\\\/\\\/instagram.com\\\/UnaYMilLetras\"]},{\"@type\":\"Person\",\"@id\":\"http:\\\/\\\/unaymilletras.com\\\/#\\\/schema\\\/person\\\/d55ba681b8a4e463d8982dbe36a5dc94\",\"name\":\"Maria Gil Robledo\",\"image\":{\"@type\":\"ImageObject\",\"inLanguage\":\"en-GB\",\"@id\":\"https:\\\/\\\/secure.gravatar.com\\\/avatar\\\/4b8e5102e0015789407eb4870b12f0f2857952d83ca124058f92b764bd1840c3?s=96&d=mm&r=g\",\"url\":\"https:\\\/\\\/secure.gravatar.com\\\/avatar\\\/4b8e5102e0015789407eb4870b12f0f2857952d83ca124058f92b764bd1840c3?s=96&d=mm&r=g\",\"contentUrl\":\"https:\\\/\\\/secure.gravatar.com\\\/avatar\\\/4b8e5102e0015789407eb4870b12f0f2857952d83ca124058f92b764bd1840c3?s=96&d=mm&r=g\",\"caption\":\"Maria Gil Robledo\"},\"sameAs\":[\"http:\\\/\\\/unaymilletras.com\"],\"url\":\"https:\\\/\\\/unaymilletras.com\\\/en\\\/author\\\/mariiagiil02_\\\/\"}]}<\/script>\n<!-- \/ Yoast SEO plugin. -->","yoast_head_json":{"title":"daniel sabater contin\u00faa su autobiograf\u00eda con \u201cNo me quiero pegar\u201d","description":"El single que comparte nombre con el pr\u00f3ximo EP de daniel sabater, un reflejo de sus peores pensamientos, ya disponible","robots":{"index":"index","follow":"follow","max-snippet":"max-snippet:-1","max-image-preview":"max-image-preview:large","max-video-preview":"max-video-preview:-1"},"canonical":"https:\/\/unaymilletras.com\/en\/daniel-sabater-continua-su-autobiografia-con-no-me-quiero-pegar\/","og_locale":"en_GB","og_type":"article","og_title":"daniel sabater contin\u00faa su autobiograf\u00eda con \u201cNo me quiero pegar\u201d","og_description":"El single que comparte nombre con el pr\u00f3ximo EP de daniel sabater, un reflejo de sus peores pensamientos, ya disponible","og_url":"https:\/\/unaymilletras.com\/en\/daniel-sabater-continua-su-autobiografia-con-no-me-quiero-pegar\/","og_site_name":"Una y Mil Letras","article_published_time":"2024-01-22T12:11:32+00:00","article_modified_time":"2024-01-22T12:13:27+00:00","og_image":[{"width":600,"height":900,"url":"http:\/\/unaymilletras.com\/wp-content\/uploads\/2024\/01\/Daniel-Sabater0166-scaled-e1705922881679.jpg","type":"image\/jpeg"}],"author":"Maria Gil Robledo","twitter_card":"summary_large_image","twitter_creator":"@UnaYMilLetras","twitter_site":"@UnaYMilLetras","twitter_misc":{"Written by":"Maria Gil Robledo","Estimated reading time":"2 minutes"},"schema":{"@context":"https:\/\/schema.org","@graph":[{"@type":"Article","@id":"https:\/\/unaymilletras.com\/daniel-sabater-continua-su-autobiografia-con-no-me-quiero-pegar\/#article","isPartOf":{"@id":"https:\/\/unaymilletras.com\/daniel-sabater-continua-su-autobiografia-con-no-me-quiero-pegar\/"},"author":{"name":"Maria Gil Robledo","@id":"http:\/\/unaymilletras.com\/#\/schema\/person\/d55ba681b8a4e463d8982dbe36a5dc94"},"headline":"daniel sabater contin\u00faa su autobiograf\u00eda con \u201cNo me quiero pegar\u201d","datePublished":"2024-01-22T12:11:32+00:00","dateModified":"2024-01-22T12:13:27+00:00","mainEntityOfPage":{"@id":"https:\/\/unaymilletras.com\/daniel-sabater-continua-su-autobiografia-con-no-me-quiero-pegar\/"},"wordCount":310,"commentCount":0,"publisher":{"@id":"http:\/\/unaymilletras.com\/#organization"},"image":{"@id":"https:\/\/unaymilletras.com\/daniel-sabater-continua-su-autobiografia-con-no-me-quiero-pegar\/#primaryimage"},"thumbnailUrl":"https:\/\/unaymilletras.com\/wp-content\/uploads\/2024\/01\/Daniel-Sabater0166-scaled-e1705922881679.jpg","articleSection":["M\u00fasica"],"inLanguage":"en-GB","potentialAction":[{"@type":"CommentAction","name":"Comment","target":["https:\/\/unaymilletras.com\/daniel-sabater-continua-su-autobiografia-con-no-me-quiero-pegar\/#respond"]}]},{"@type":"WebPage","@id":"https:\/\/unaymilletras.com\/daniel-sabater-continua-su-autobiografia-con-no-me-quiero-pegar\/","url":"https:\/\/unaymilletras.com\/daniel-sabater-continua-su-autobiografia-con-no-me-quiero-pegar\/","name":"daniel sabater contin\u00faa su autobiograf\u00eda con \u201cNo me quiero pegar\u201d","isPartOf":{"@id":"http:\/\/unaymilletras.com\/#website"},"primaryImageOfPage":{"@id":"https:\/\/unaymilletras.com\/daniel-sabater-continua-su-autobiografia-con-no-me-quiero-pegar\/#primaryimage"},"image":{"@id":"https:\/\/unaymilletras.com\/daniel-sabater-continua-su-autobiografia-con-no-me-quiero-pegar\/#primaryimage"},"thumbnailUrl":"https:\/\/unaymilletras.com\/wp-content\/uploads\/2024\/01\/Daniel-Sabater0166-scaled-e1705922881679.jpg","datePublished":"2024-01-22T12:11:32+00:00","dateModified":"2024-01-22T12:13:27+00:00","description":"El single que comparte nombre con el pr\u00f3ximo EP de daniel sabater, un reflejo de sus peores pensamientos, ya disponible","breadcrumb":{"@id":"https:\/\/unaymilletras.com\/daniel-sabater-continua-su-autobiografia-con-no-me-quiero-pegar\/#breadcrumb"},"inLanguage":"en-GB","potentialAction":[{"@type":"ReadAction","target":["https:\/\/unaymilletras.com\/daniel-sabater-continua-su-autobiografia-con-no-me-quiero-pegar\/"]}]},{"@type":"ImageObject","inLanguage":"en-GB","@id":"https:\/\/unaymilletras.com\/daniel-sabater-continua-su-autobiografia-con-no-me-quiero-pegar\/#primaryimage","url":"https:\/\/unaymilletras.com\/wp-content\/uploads\/2024\/01\/Daniel-Sabater0166-scaled-e1705922881679.jpg","contentUrl":"https:\/\/unaymilletras.com\/wp-content\/uploads\/2024\/01\/Daniel-Sabater0166-scaled-e1705922881679.jpg","width":600,"height":900,"caption":"daniel sabater"},{"@type":"BreadcrumbList","@id":"https:\/\/unaymilletras.com\/daniel-sabater-continua-su-autobiografia-con-no-me-quiero-pegar\/#breadcrumb","itemListElement":[{"@type":"ListItem","position":1,"name":"Home","item":"http:\/\/unaymilletras.com\/"},{"@type":"ListItem","position":2,"name":"daniel sabater contin\u00faa su autobiograf\u00eda con \u201cNo me quiero pegar\u201d"}]},{"@type":"WebSite","@id":"http:\/\/unaymilletras.com\/#website","url":"http:\/\/unaymilletras.com\/","name":"Una y Mil Letras","description":"","publisher":{"@id":"http:\/\/unaymilletras.com\/#organization"},"potentialAction":[{"@type":"SearchAction","target":{"@type":"EntryPoint","urlTemplate":"http:\/\/unaymilletras.com\/?s={search_term_string}"},"query-input":{"@type":"PropertyValueSpecification","valueRequired":true,"valueName":"search_term_string"}}],"inLanguage":"en-GB"},{"@type":"Organization","@id":"http:\/\/unaymilletras.com\/#organization","name":"Una y Mil Letras","url":"http:\/\/unaymilletras.com\/","logo":{"@type":"ImageObject","inLanguage":"en-GB","@id":"http:\/\/unaymilletras.com\/#\/schema\/logo\/image\/","url":"https:\/\/unaymilletras.com\/wp-content\/uploads\/2024\/06\/cropped-Logo-removebg-preview.png","contentUrl":"https:\/\/unaymilletras.com\/wp-content\/uploads\/2024\/06\/cropped-Logo-removebg-preview.png","width":512,"height":512,"caption":"Una y Mil Letras"},"image":{"@id":"http:\/\/unaymilletras.com\/#\/schema\/logo\/image\/"},"sameAs":["https:\/\/x.com\/UnaYMilLetras","https:\/\/instagram.com\/UnaYMilLetras"]},{"@type":"Person","@id":"http:\/\/unaymilletras.com\/#\/schema\/person\/d55ba681b8a4e463d8982dbe36a5dc94","name":"Maria Gil Robledo","image":{"@type":"ImageObject","inLanguage":"en-GB","@id":"https:\/\/secure.gravatar.com\/avatar\/4b8e5102e0015789407eb4870b12f0f2857952d83ca124058f92b764bd1840c3?s=96&d=mm&r=g","url":"https:\/\/secure.gravatar.com\/avatar\/4b8e5102e0015789407eb4870b12f0f2857952d83ca124058f92b764bd1840c3?s=96&d=mm&r=g","contentUrl":"https:\/\/secure.gravatar.com\/avatar\/4b8e5102e0015789407eb4870b12f0f2857952d83ca124058f92b764bd1840c3?s=96&d=mm&r=g","caption":"Maria Gil Robledo"},"sameAs":["http:\/\/unaymilletras.com"],"url":"https:\/\/unaymilletras.com\/en\/author\/mariiagiil02_\/"}]}},"_links":{"self":[{"href":"https:\/\/unaymilletras.com\/en\/wp-json\/wp\/v2\/posts\/1944","targetHints":{"allow":["GET"]}}],"collection":[{"href":"https:\/\/unaymilletras.com\/en\/wp-json\/wp\/v2\/posts"}],"about":[{"href":"https:\/\/unaymilletras.com\/en\/wp-json\/wp\/v2\/types\/post"}],"author":[{"embeddable":true,"href":"https:\/\/unaymilletras.com\/en\/wp-json\/wp\/v2\/users\/1"}],"replies":[{"embeddable":true,"href":"https:\/\/unaymilletras.com\/en\/wp-json\/wp\/v2\/comments?post=1944"}],"version-history":[{"count":5,"href":"https:\/\/unaymilletras.com\/en\/wp-json\/wp\/v2\/posts\/1944\/revisions"}],"predecessor-version":[{"id":1951,"href":"https:\/\/unaymilletras.com\/en\/wp-json\/wp\/v2\/posts\/1944\/revisions\/1951"}],"wp:featuredmedia":[{"embeddable":true,"href":"https:\/\/unaymilletras.com\/en\/wp-json\/wp\/v2\/media\/1947"}],"wp:attachment":[{"href":"https:\/\/unaymilletras.com\/en\/wp-json\/wp\/v2\/media?parent=1944"}],"wp:term":[{"taxonomy":"category","embeddable":true,"href":"https:\/\/unaymilletras.com\/en\/wp-json\/wp\/v2\/categories?post=1944"},{"taxonomy":"post_tag","embeddable":true,"href":"https:\/\/unaymilletras.com\/en\/wp-json\/wp\/v2\/tags?post=1944"}],"curies":[{"name":"wp","href":"https:\/\/api.w.org\/{rel}","templated":true}]}}