{"id":1978,"date":"2024-01-26T18:00:00","date_gmt":"2024-01-26T17:00:00","guid":{"rendered":"https:\/\/unaymilletras.com\/?p=1978"},"modified":"2024-01-26T17:49:49","modified_gmt":"2024-01-26T16:49:49","slug":"tony-grox-pegue-o-no-pegue-vamos-a-seguir-haciendo-musica","status":"publish","type":"post","link":"https:\/\/unaymilletras.com\/en\/tony-grox-pegue-o-no-pegue-vamos-a-seguir-haciendo-musica\/","title":{"rendered":"Tony Grox: \u00abPegue o no pegue vamos a seguir haciendo m\u00fasica\u00bb"},"content":{"rendered":"<div data-elementor-type=\"wp-post\" data-elementor-id=\"1978\" class=\"elementor elementor-1978\">\n\t\t\t\t\t\t<section class=\"elementor-section elementor-top-section elementor-element elementor-element-86e0840 elementor-section-boxed elementor-section-height-default elementor-section-height-default\" data-id=\"86e0840\" data-element_type=\"section\" data-e-type=\"section\">\n\t\t\t\t\t\t<div class=\"elementor-container elementor-column-gap-default\">\n\t\t\t\t\t<div class=\"elementor-column elementor-col-100 elementor-top-column elementor-element elementor-element-afe30f1\" data-id=\"afe30f1\" data-element_type=\"column\" data-e-type=\"column\">\n\t\t\t<div class=\"elementor-widget-wrap elementor-element-populated\">\n\t\t\t\t\t\t<div class=\"elementor-element elementor-element-a6cbe61 elementor-widget elementor-widget-text-editor\" data-id=\"a6cbe61\" data-element_type=\"widget\" data-e-type=\"widget\" data-widget_type=\"text-editor.default\">\n\t\t\t\t<div class=\"elementor-widget-container\">\n\t\t\t\t\t\t\t\t\t<h2 style=\"text-align: center;\"><span style=\"color: #808080;\">Productor, compositor y DJ. Tony Grox est\u00e1 dispuesto a conquistar el panorama musical este 2024<\/span><\/h2>\t\t\t\t\t\t\t\t<\/div>\n\t\t\t\t<\/div>\n\t\t\t\t\t<\/div>\n\t\t<\/div>\n\t\t\t\t\t<\/div>\n\t\t<\/section>\n\t\t\t\t<section class=\"elementor-section elementor-top-section elementor-element elementor-element-00dcce4 elementor-section-boxed elementor-section-height-default elementor-section-height-default\" data-id=\"00dcce4\" data-element_type=\"section\" data-e-type=\"section\">\n\t\t\t\t\t\t<div class=\"elementor-container elementor-column-gap-default\">\n\t\t\t\t\t<div class=\"elementor-column elementor-col-100 elementor-top-column elementor-element elementor-element-f9ae133\" data-id=\"f9ae133\" data-element_type=\"column\" data-e-type=\"column\">\n\t\t\t<div class=\"elementor-widget-wrap elementor-element-populated\">\n\t\t\t\t\t\t<div class=\"elementor-element elementor-element-5c39ce2 elementor-widget elementor-widget-text-editor\" data-id=\"5c39ce2\" data-element_type=\"widget\" data-e-type=\"widget\" data-widget_type=\"text-editor.default\">\n\t\t\t\t<div class=\"elementor-widget-container\">\n\t\t\t\t\t\t\t\t\t<p>Tony Grox es un productor, compositor y DJ gaditano. Comenz\u00f3 en la m\u00fasica a los 17 a\u00f1os y ha pisado el escenario de festivales, no solo en Espa\u00f1a, sino tambi\u00e9n en Inglaterra, Luxemburgo y Holanda. Destac\u00f3 como DJ compartiendo escenario con artistas de renombre, como David Guetta, y marc\u00f3 un hito al convertirse en el primer menor de edad en realizar una sesi\u00f3n en \u00abUshuaia Tower\u00bb en Ibiza.<\/p><p>En 2017, Tony Grox fund\u00f3 un programa en \u00abVicious Radio\u00bb con el objetivo de brindar una plataforma para destacar a nuevos talentos en el \u00e1mbito de la m\u00fasica electr\u00f3nica. Contribuy\u00f3 as\u00ed al crecimiento de la escena.<\/p>\t\t\t\t\t\t\t\t<\/div>\n\t\t\t\t<\/div>\n\t\t\t\t\t<\/div>\n\t\t<\/div>\n\t\t\t\t\t<\/div>\n\t\t<\/section>\n\t\t\t\t<section class=\"elementor-section elementor-top-section elementor-element elementor-element-efa5100 elementor-section-boxed elementor-section-height-default elementor-section-height-default\" data-id=\"efa5100\" data-element_type=\"section\" data-e-type=\"section\">\n\t\t\t\t\t\t<div class=\"elementor-container elementor-column-gap-default\">\n\t\t\t\t\t<div class=\"elementor-column elementor-col-66 elementor-top-column elementor-element elementor-element-acf7714\" data-id=\"acf7714\" data-element_type=\"column\" data-e-type=\"column\">\n\t\t\t<div class=\"elementor-widget-wrap elementor-element-populated\">\n\t\t\t\t\t\t<div class=\"elementor-element elementor-element-2867a9e elementor-widget elementor-widget-text-editor\" data-id=\"2867a9e\" data-element_type=\"widget\" data-e-type=\"widget\" data-widget_type=\"text-editor.default\">\n\t\t\t\t<div class=\"elementor-widget-container\">\n\t\t\t\t\t\t\t\t\t<p>El desarrollo de su carrera como productor lo llev\u00f3 a trabajar en ciudades clave en la escena musical, como Miami, Los \u00c1ngeles y Las Vegas. Durante este per\u00edodo, colabor\u00f3 en proyectos con reconocidos artistas como Juan Mag\u00e1n, Antonio Carmona, Marta S\u00e1nchez, Carlos Baute o Sweet California, entre otros. Su influencia fue especialmente notable en el desarrollo art\u00edstico de Luc\u00eda Fernanda, donde desempe\u00f1\u00f3 un papel fundamental.<\/p>\t\t\t\t\t\t\t\t<\/div>\n\t\t\t\t<\/div>\n\t\t\t\t\t<\/div>\n\t\t<\/div>\n\t\t\t\t<div class=\"elementor-column elementor-col-33 elementor-top-column elementor-element elementor-element-8b3c193\" data-id=\"8b3c193\" data-element_type=\"column\" data-e-type=\"column\">\n\t\t\t<div class=\"elementor-widget-wrap elementor-element-populated\">\n\t\t\t\t\t\t<div class=\"elementor-element elementor-element-8c3ce0e elementor-widget elementor-widget-image\" data-id=\"8c3ce0e\" data-element_type=\"widget\" data-e-type=\"widget\" data-widget_type=\"image.default\">\n\t\t\t\t<div class=\"elementor-widget-container\">\n\t\t\t\t\t\t\t\t\t\t\t\t\t\t\t<img fetchpriority=\"high\" decoding=\"async\" width=\"640\" height=\"960\" src=\"https:\/\/unaymilletras.com\/wp-content\/uploads\/2024\/01\/Tony-Grox-683x1024.jpg\" class=\"attachment-large size-large wp-image-1981\" alt=\"Tony Grox\" srcset=\"https:\/\/unaymilletras.com\/wp-content\/uploads\/2024\/01\/Tony-Grox-683x1024.jpg 683w, https:\/\/unaymilletras.com\/wp-content\/uploads\/2024\/01\/Tony-Grox-200x300.jpg 200w, https:\/\/unaymilletras.com\/wp-content\/uploads\/2024\/01\/Tony-Grox-768x1152.jpg 768w, https:\/\/unaymilletras.com\/wp-content\/uploads\/2024\/01\/Tony-Grox-1024x1536.jpg 1024w, https:\/\/unaymilletras.com\/wp-content\/uploads\/2024\/01\/Tony-Grox-1365x2048.jpg 1365w, https:\/\/unaymilletras.com\/wp-content\/uploads\/2024\/01\/Tony-Grox-scaled-e1706286275796.jpg 600w\" sizes=\"(max-width: 640px) 100vw, 640px\" \/>\t\t\t\t\t\t\t\t\t\t\t\t\t\t\t<\/div>\n\t\t\t\t<\/div>\n\t\t\t\t\t<\/div>\n\t\t<\/div>\n\t\t\t\t\t<\/div>\n\t\t<\/section>\n\t\t\t\t<section class=\"elementor-section elementor-top-section elementor-element elementor-element-311c6fd elementor-section-boxed elementor-section-height-default elementor-section-height-default\" data-id=\"311c6fd\" data-element_type=\"section\" data-e-type=\"section\">\n\t\t\t\t\t\t<div class=\"elementor-container elementor-column-gap-default\">\n\t\t\t\t\t<div class=\"elementor-column elementor-col-100 elementor-top-column elementor-element elementor-element-9b83e9e\" data-id=\"9b83e9e\" data-element_type=\"column\" data-e-type=\"column\">\n\t\t\t<div class=\"elementor-widget-wrap elementor-element-populated\">\n\t\t\t\t\t\t<div class=\"elementor-element elementor-element-f60745a elementor-widget elementor-widget-text-editor\" data-id=\"f60745a\" data-element_type=\"widget\" data-e-type=\"widget\" data-widget_type=\"text-editor.default\">\n\t\t\t\t<div class=\"elementor-widget-container\">\n\t\t\t\t\t\t\t\t\t<p>En la actualidad, Tony Grox se encuentra enfocado en su proyecto <i>Tony G Tapes. <\/i>Se trata de una iniciativa que destaca por la colaboraci\u00f3n con cantantes, m\u00fasicos y productores. Su versatilidad y contribuciones en la escena musical le han consolidado como una de las figuras m\u00e1s destacadas en el mundo de la m\u00fasica electr\u00f3nica y la producci\u00f3n art\u00edstica.<\/p>\t\t\t\t\t\t\t\t<\/div>\n\t\t\t\t<\/div>\n\t\t\t\t\t<\/div>\n\t\t<\/div>\n\t\t\t\t\t<\/div>\n\t\t<\/section>\n\t\t\t\t<section class=\"elementor-section elementor-top-section elementor-element elementor-element-7371578 elementor-section-boxed elementor-section-height-default elementor-section-height-default\" data-id=\"7371578\" data-element_type=\"section\" data-e-type=\"section\">\n\t\t\t\t\t\t<div class=\"elementor-container elementor-column-gap-default\">\n\t\t\t\t\t<div class=\"elementor-column elementor-col-100 elementor-top-column elementor-element elementor-element-3308f16\" data-id=\"3308f16\" data-element_type=\"column\" data-e-type=\"column\">\n\t\t\t<div class=\"elementor-widget-wrap elementor-element-populated\">\n\t\t\t\t\t\t<div class=\"elementor-element elementor-element-390fc70 elementor-widget elementor-widget-text-editor\" data-id=\"390fc70\" data-element_type=\"widget\" data-e-type=\"widget\" data-widget_type=\"text-editor.default\">\n\t\t\t\t<div class=\"elementor-widget-container\">\n\t\t\t\t\t\t\t\t\t<p><strong><em>Al entrar en el mundo de la m\u00fasica, \u00bfc\u00f3mo te decantaste por la producci\u00f3n y la composici\u00f3n?<br \/><\/em><\/strong>Yo empec\u00e9 con la guitarra el\u00e9ctrica. Fue lo t\u00edpico de que te juntas con unos colegas. Uno tiene una bater\u00eda, otro un bajo y nos juntamos a tocar canciones de Nirvana, ACDC, lo t\u00edpico. La \u00e9poca de los tutoriales de YouTube, la \u00e9poca did\u00e1ctica de querer empezar a tocar un instrumento. Con el tiempo empec\u00e9 a interesarme por la m\u00fasica electr\u00f3nica. Compr\u00e9 una mesa de mezclas y con el ordenador que nos daban del colegio y ah\u00ed instal\u00e9 el FL Studio. Ah\u00ed empezamos a trastear. Luego ya fui buscando diferentes sonidos, empec\u00e9 a producir bien en el tema m\u00fasica en la \u00e9pica dorada de la electr\u00f3nica y de ah\u00ed me empec\u00e9 a meter en el urbano porque Rayito me cogi\u00f3. \u00c9l fue quien me dio la oportunidad de ir a pa\u00edses como Estados Unidos a aprender a hacer m\u00fasica m\u00e1s internacional, m\u00e1s pop-urbano. As\u00ed empez\u00f3 todo.<\/p><p><strong><em>\u00bfC\u00f3mo surgi\u00f3 que fueses tan pronto, porque acababas de empezar casi, tan lejos a hacer m\u00fasica?<br \/><\/em><\/strong>Fue porque aqu\u00ed realmente la industria no estaba tan bien. No recuerdo exactamente cu\u00e1ndo fue, yo siempre digo que en el a\u00f1o de <em>Despacito<\/em> porque fue cuando las cosas cambiaron jajaja. Los que hac\u00edan m\u00fasica de la calle o m\u00fasica urbana estaban independientes, haciendo sus cosas, tampoco buscaban pegarse, juntarse con nuevos productores y artistas. Era m\u00e1s hacer su m\u00fasica con su gente y ya est\u00e1. Entonces industria nueva por as\u00ed decirlo no hab\u00eda, se estaba empezando a gestar, pero era una \u00e9poca muy temprana.<\/p><p>Miramos la oportunidad de irnos fuera a hacer m\u00fasica y abrir mercado all\u00ed. En ese caso aprend\u00ed un mont\u00f3n porque conoc\u00ed much\u00edsima gente y tuve experiencias incre\u00edbles.<\/p>\t\t\t\t\t\t\t\t<\/div>\n\t\t\t\t<\/div>\n\t\t\t\t\t<\/div>\n\t\t<\/div>\n\t\t\t\t\t<\/div>\n\t\t<\/section>\n\t\t\t\t<section class=\"elementor-section elementor-top-section elementor-element elementor-element-c673090 elementor-section-boxed elementor-section-height-default elementor-section-height-default\" data-id=\"c673090\" data-element_type=\"section\" data-e-type=\"section\">\n\t\t\t\t\t\t<div class=\"elementor-container elementor-column-gap-default\">\n\t\t\t\t\t<div class=\"elementor-column elementor-col-100 elementor-top-column elementor-element elementor-element-682a2b3\" data-id=\"682a2b3\" data-element_type=\"column\" data-e-type=\"column\">\n\t\t\t<div class=\"elementor-widget-wrap elementor-element-populated\">\n\t\t\t\t\t\t<div class=\"elementor-element elementor-element-6288bad elementor-widget elementor-widget-image\" data-id=\"6288bad\" data-element_type=\"widget\" data-e-type=\"widget\" data-widget_type=\"image.default\">\n\t\t\t\t<div class=\"elementor-widget-container\">\n\t\t\t\t\t\t\t\t\t\t\t\t\t\t\t<img decoding=\"async\" width=\"640\" height=\"416\" src=\"https:\/\/unaymilletras.com\/wp-content\/uploads\/2024\/01\/Captura-de-pantalla-2024-01-26-a-las-17.29.05-1024x666.png\" class=\"attachment-large size-large wp-image-1982\" alt=\"Tony Grox\" srcset=\"https:\/\/unaymilletras.com\/wp-content\/uploads\/2024\/01\/Captura-de-pantalla-2024-01-26-a-las-17.29.05-1024x666.png 1024w, https:\/\/unaymilletras.com\/wp-content\/uploads\/2024\/01\/Captura-de-pantalla-2024-01-26-a-las-17.29.05-300x195.png 300w, https:\/\/unaymilletras.com\/wp-content\/uploads\/2024\/01\/Captura-de-pantalla-2024-01-26-a-las-17.29.05-768x499.png 768w, https:\/\/unaymilletras.com\/wp-content\/uploads\/2024\/01\/Captura-de-pantalla-2024-01-26-a-las-17.29.05-e1706286574187.png 600w\" sizes=\"(max-width: 640px) 100vw, 640px\" \/>\t\t\t\t\t\t\t\t\t\t\t\t\t\t\t<\/div>\n\t\t\t\t<\/div>\n\t\t\t\t\t<\/div>\n\t\t<\/div>\n\t\t\t\t\t<\/div>\n\t\t<\/section>\n\t\t\t\t<section class=\"elementor-section elementor-top-section elementor-element elementor-element-51d6d46 elementor-section-boxed elementor-section-height-default elementor-section-height-default\" data-id=\"51d6d46\" data-element_type=\"section\" data-e-type=\"section\">\n\t\t\t\t\t\t<div class=\"elementor-container elementor-column-gap-default\">\n\t\t\t\t\t<div class=\"elementor-column elementor-col-100 elementor-top-column elementor-element elementor-element-bae4bb4\" data-id=\"bae4bb4\" data-element_type=\"column\" data-e-type=\"column\">\n\t\t\t<div class=\"elementor-widget-wrap elementor-element-populated\">\n\t\t\t\t\t\t<div class=\"elementor-element elementor-element-ff7d27f elementor-widget elementor-widget-text-editor\" data-id=\"ff7d27f\" data-element_type=\"widget\" data-e-type=\"widget\" data-widget_type=\"text-editor.default\">\n\t\t\t\t<div class=\"elementor-widget-container\">\n\t\t\t\t\t\t\t\t\t<p><strong><em>\u00bfDe d\u00f3nde viene el concepto de Tony Grox? \u00bfC\u00f3mo nace?<br \/><\/em><\/strong>Viene de un cuarto, como casi todos los chavales que empiezan a hacer m\u00fasica jajaja. Yo me llamo Antonio Ram\u00edrez, de C\u00e1diz total, en una \u00e9poca que solo hab\u00eda holandeses reventando las listas de m\u00fasica electr\u00f3nica y quer\u00edamos buscar un nombre internacional que molase. Yo estaba con un amigo y simplemente nos inventamos el nombre como algo bueno pues t\u00fa te llamas Tony, de Antonio, Grox. Y es como \u201cb\u00faa, est\u00e1 guap\u00edsimo\u201d, y no ten\u00eda ning\u00fan significado, \u00bfsabes?. Era chulo y ya est\u00e1.<\/p><p>Con el tiempo intentamos buscarle un significado m\u00e1s de marketing, pero sonaba bien y ya est\u00e1. Se qued\u00f3 la tonter\u00eda de que empiezas de ni\u00f1o y ya se queda. \u00bfQu\u00e9 voy a hacer? \u00bfCambiarme ahora el nombre? Intent\u00e9 ponerme Tony G. pero tampoco me sal\u00eda. La gente ya me conoc\u00eda por Tony Grox y dije \u201cbueno pues ya est\u00e1, pues Tony Grox\u201d.<\/p><p><strong><em>Tiene mucho m\u00e9rito ponerse el nombre art\u00edstico bien a la primera. Mucha gente luego lo quiere cambiar, pero ya es tarde.<br \/><\/em><\/strong>Gracias. La verdad que creo que fue suerte, no s\u00e9. Ahora t\u00fa me dices \u201cC\u00e1mbiate el nombre\u201d y no sabr\u00eda. Como no me ponga Anto\u00f1ito ni idea jajaja.<\/p><p><strong><em>Hace poco ha salido tu tema con El Bugg. \u00bfC\u00f3mo surgi\u00f3 esta colaboraci\u00f3n?<br \/><\/em><\/strong>Pues est\u00e1bamos un d\u00eda en Madrid en el estudio haciendo cosas. Me llamaron y me dijeron \u201cOye vente que te vamos a juntar con El Bugg\u201d y yo dije \u201coye pues no s\u00e9 qui\u00e9n es El Bugg pero pa\u2019lante\u201d. Me llamo Irene de Dale Play, mi AR y fuimos de una. Dije: \u201cvenga, vamos a conocer a este chaval\u201d. De repente lo conozco y flip\u00e9 con \u00e9l. Dije \u201ceste t\u00edo es un m\u00e1quina\u201d.<\/p><p>De ah\u00ed empezamos a hacer m\u00fasica en un d\u00eda hicimos tres temas. Realmente los tres temas que han salido han sido de una misma sesi\u00f3n. Fue como un match. Nunca me hab\u00eda pasado de sentarme en una sesi\u00f3n que no fueron m\u00e1s de 10h de estudio y le metimos fuerte a tres temas la verdad.<\/p>\t\t\t\t\t\t\t\t<\/div>\n\t\t\t\t<\/div>\n\t\t\t\t\t<\/div>\n\t\t<\/div>\n\t\t\t\t\t<\/div>\n\t\t<\/section>\n\t\t\t\t<section class=\"elementor-section elementor-top-section elementor-element elementor-element-ccaa3dc elementor-section-boxed elementor-section-height-default elementor-section-height-default\" data-id=\"ccaa3dc\" data-element_type=\"section\" data-e-type=\"section\">\n\t\t\t\t\t\t<div class=\"elementor-container elementor-column-gap-default\">\n\t\t\t\t\t<div class=\"elementor-column elementor-col-100 elementor-top-column elementor-element elementor-element-3e09a78\" data-id=\"3e09a78\" data-element_type=\"column\" data-e-type=\"column\">\n\t\t\t<div class=\"elementor-widget-wrap elementor-element-populated\">\n\t\t\t\t\t\t<div class=\"elementor-element elementor-element-4a6ac85 elementor-widget elementor-widget-video\" data-id=\"4a6ac85\" data-element_type=\"widget\" data-e-type=\"widget\" data-settings=\"{&quot;youtube_url&quot;:&quot;https:\\\/\\\/www.youtube.com\\\/watch?v=tHfjIBCrw6I&amp;ab_channel=TonyGrox&quot;,&quot;video_type&quot;:&quot;youtube&quot;,&quot;controls&quot;:&quot;yes&quot;}\" data-widget_type=\"video.default\">\n\t\t\t\t<div class=\"elementor-widget-container\">\n\t\t\t\t\t\t\t<div class=\"elementor-wrapper elementor-open-inline\">\n\t\t\t<div class=\"elementor-video\"><\/div>\t\t<\/div>\n\t\t\t\t\t\t<\/div>\n\t\t\t\t<\/div>\n\t\t\t\t\t<\/div>\n\t\t<\/div>\n\t\t\t\t\t<\/div>\n\t\t<\/section>\n\t\t\t\t<section class=\"elementor-section elementor-top-section elementor-element elementor-element-9c1ebce elementor-section-boxed elementor-section-height-default elementor-section-height-default\" data-id=\"9c1ebce\" data-element_type=\"section\" data-e-type=\"section\">\n\t\t\t\t\t\t<div class=\"elementor-container elementor-column-gap-default\">\n\t\t\t\t\t<div class=\"elementor-column elementor-col-100 elementor-top-column elementor-element elementor-element-43dfa23\" data-id=\"43dfa23\" data-element_type=\"column\" data-e-type=\"column\">\n\t\t\t<div class=\"elementor-widget-wrap elementor-element-populated\">\n\t\t\t\t\t\t<div class=\"elementor-element elementor-element-ff5847a elementor-widget elementor-widget-text-editor\" data-id=\"ff5847a\" data-element_type=\"widget\" data-e-type=\"widget\" data-widget_type=\"text-editor.default\">\n\t\t\t\t<div class=\"elementor-widget-container\">\n\t\t\t\t\t\t\t\t\t<p><strong><em>O sea que en un futuro se pueden venir m\u00e1s temas a\u00fan.<br><\/em><\/strong>S\u00edii, s\u00ed. Adem\u00e1s lo hemos dicho los dos. El otro d\u00eda nos vimos en BoomBoom, la fiesta que hacen y fue \u201chermano, nos tenemos que sentar de nuevo porque si nos sentamos dos d\u00edas nos hacemos un \u00e1lbum\u201d.<\/p>\n<p><strong><em>\u00bfC\u00f3mo eliges con qui\u00e9n colaboras?<br><\/em><\/strong>Depende. No suelo elegirlo, se va dando. Obviamente, con el equipo intentamos llegar a artistas que me gustan o que pensamos que pueden ser afines a la onda de las Tapes. Pero tampoco es un objetivo fijo. Se va dando. Nos juntamos con artistas, hacemos sesiones y si de repente sale algo para el proyecto del artista pues genial y si sale m\u00e1s para las Tapes pues para adelante. Fluimos, no hay una l\u00ednea muy marcada.<\/p>\n<p><strong><em>Ahora que hablas de las Tony G Tapes, \u00bfpodr\u00edas explicar qu\u00e9 son y c\u00f3mo nace la idea?<br><\/em><\/strong>La idea viene porque estaba en una \u00e9poca de mi vida en la que me dio un vapuleo de decir \u201c\u00bfpor qu\u00e9?\u201d. Yo estaba centrado en muchos artistas como productor simplemente. Entonces tuve un \u201cdesenga\u00f1o amoroso\u201d con un artista. Estaba todo el d\u00eda con \u00e9l, desarrollando su proyecto, y de repente se acab\u00f3, de la noche a la ma\u00f1ana. Me qued\u00e9 como vac\u00edo, \u00bfsabes? Y me apetec\u00eda hacer algo, pero no casarme con nadie que me acabo de divorciar jajaja.<\/p>\t\t\t\t\t\t\t\t<\/div>\n\t\t\t\t<\/div>\n\t\t\t\t\t<\/div>\n\t\t<\/div>\n\t\t\t\t\t<\/div>\n\t\t<\/section>\n\t\t\t\t<section class=\"elementor-section elementor-top-section elementor-element elementor-element-7cc8a6b elementor-section-boxed elementor-section-height-default elementor-section-height-default\" data-id=\"7cc8a6b\" data-element_type=\"section\" data-e-type=\"section\">\n\t\t\t\t\t\t<div class=\"elementor-container elementor-column-gap-default\">\n\t\t\t\t\t<div class=\"elementor-column elementor-col-100 elementor-top-column elementor-element elementor-element-ac15686\" data-id=\"ac15686\" data-element_type=\"column\" data-e-type=\"column\">\n\t\t\t<div class=\"elementor-widget-wrap elementor-element-populated\">\n\t\t\t\t\t\t<div class=\"elementor-element elementor-element-01b6cbc elementor-widget elementor-widget-video\" data-id=\"01b6cbc\" data-element_type=\"widget\" data-e-type=\"widget\" data-settings=\"{&quot;youtube_url&quot;:&quot;https:\\\/\\\/www.youtube.com\\\/watch?v=bnV5y6OUzWs&amp;ab_channel=TonyGrox&quot;,&quot;video_type&quot;:&quot;youtube&quot;,&quot;controls&quot;:&quot;yes&quot;}\" data-widget_type=\"video.default\">\n\t\t\t\t<div class=\"elementor-widget-container\">\n\t\t\t\t\t\t\t<div class=\"elementor-wrapper elementor-open-inline\">\n\t\t\t<div class=\"elementor-video\"><\/div>\t\t<\/div>\n\t\t\t\t\t\t<\/div>\n\t\t\t\t<\/div>\n\t\t\t\t\t<\/div>\n\t\t<\/div>\n\t\t\t\t\t<\/div>\n\t\t<\/section>\n\t\t\t\t<section class=\"elementor-section elementor-top-section elementor-element elementor-element-d90d98b elementor-section-boxed elementor-section-height-default elementor-section-height-default\" data-id=\"d90d98b\" data-element_type=\"section\" data-e-type=\"section\">\n\t\t\t\t\t\t<div class=\"elementor-container elementor-column-gap-default\">\n\t\t\t\t\t<div class=\"elementor-column elementor-col-100 elementor-top-column elementor-element elementor-element-84351fe\" data-id=\"84351fe\" data-element_type=\"column\" data-e-type=\"column\">\n\t\t\t<div class=\"elementor-widget-wrap elementor-element-populated\">\n\t\t\t\t\t\t<div class=\"elementor-element elementor-element-409d210 elementor-widget elementor-widget-text-editor\" data-id=\"409d210\" data-element_type=\"widget\" data-e-type=\"widget\" data-widget_type=\"text-editor.default\">\n\t\t\t\t<div class=\"elementor-widget-container\">\n\t\t\t\t\t\t\t\t\t<p>Entonces empec\u00e9 a darme amor propio y a decir \u201cvoy a darle ca\u00f1a a lo m\u00edo que s\u00e9 que vale\u201d. Y sali\u00f3 as\u00ed. Me junt\u00e9 con gente que me quiso ayudar con el proyecto audiovisual porque estaba claro que, si quer\u00eda hacer algo que tuviese valor, a parte de la m\u00fasica, ten\u00eda que ser una propuesta audiovisual potente. As\u00ed empez\u00f3 la idea del 360, los ra\u00edles y cambiar los escenarios. Luego fuimos centrando el tiro e hicimos la esquinita esta que tenemos que se ve en casi todos los v\u00eddeos. Con el tiempo las colaboraciones se fueron dando. Empec\u00e9 con mis amigos a nivel musical y fue todo una apuesta desde cero. DalePlay me dio la oportunidad de continuar y seguir construyendo con ellos.<\/p><p><strong><em>\u00bfQu\u00e9 crees que es lo m\u00e1s importante que te han aportado a ti las Tony G Tapes?<br \/><\/em><\/strong>Tantas cosas que no s\u00e9 qu\u00e9 decirte. Es todo para m\u00ed. Es el proyecto que mueve mi d\u00eda a d\u00eda. Yo me levanto y digo \u201cvenga, \u00bfqu\u00e9? Vamos a esto\u201d. Obviamente tengo m\u00e1s proyectos en mente porque no me gusta cerrarme solo en una cosa, pero\u2026<\/p><p>He conocido a gente nueva, gente incre\u00edble, hacer m\u00fasica y te lleva al siguiente nivel. Al final piensa que casi todos venimos de nuestra movida. Yo soy de C\u00e1diz y de repente te juntas con alguien que es de Canarias, el otro que es de no s\u00e9 d\u00f3nde. Est\u00e1s conociendo a gente que en su d\u00eda comenz\u00f3 como t\u00fa y alg\u00fan d\u00eda tambi\u00e9n fue un rarito.<\/p><p>Nos pas\u00f3 una cosa en Argentina que decimos mucho. Nos fuimos de camp muchos chavales y dec\u00edamos \u201cparece que somos los raros de la clase todos juntos\u201d porque hac\u00edamos quedadas entre m\u00e1s chavales, con Selecta, Reality\u2026 y \u00e9ramos como el grupo de diversificaci\u00f3n jajaja. Nos me\u00e1bamos de la risa al decir \u201cque guay conectar con gente as\u00ed de la m\u00fasica pero que cada uno viene de sus cosas\u201d. Es bonito la verdad.<\/p>\t\t\t\t\t\t\t\t<\/div>\n\t\t\t\t<\/div>\n\t\t\t\t\t<\/div>\n\t\t<\/div>\n\t\t\t\t\t<\/div>\n\t\t<\/section>\n\t\t\t\t<section class=\"elementor-section elementor-top-section elementor-element elementor-element-bc7efac elementor-section-boxed elementor-section-height-default elementor-section-height-default\" data-id=\"bc7efac\" data-element_type=\"section\" data-e-type=\"section\">\n\t\t\t\t\t\t<div class=\"elementor-container elementor-column-gap-default\">\n\t\t\t\t\t<div class=\"elementor-column elementor-col-50 elementor-top-column elementor-element elementor-element-e2335e1\" data-id=\"e2335e1\" data-element_type=\"column\" data-e-type=\"column\">\n\t\t\t<div class=\"elementor-widget-wrap elementor-element-populated\">\n\t\t\t\t\t\t<div class=\"elementor-element elementor-element-678cfbb elementor-widget elementor-widget-image\" data-id=\"678cfbb\" data-element_type=\"widget\" data-e-type=\"widget\" data-widget_type=\"image.default\">\n\t\t\t\t<div class=\"elementor-widget-container\">\n\t\t\t\t\t\t\t\t\t\t\t\t\t\t\t<img decoding=\"async\" width=\"640\" height=\"800\" src=\"https:\/\/unaymilletras.com\/wp-content\/uploads\/2024\/01\/407911143_18399924259036486_6755540172461180081_n-819x1024.jpg\" class=\"attachment-large size-large wp-image-1983\" alt=\"Tony Grox\" srcset=\"https:\/\/unaymilletras.com\/wp-content\/uploads\/2024\/01\/407911143_18399924259036486_6755540172461180081_n-819x1024.jpg 819w, https:\/\/unaymilletras.com\/wp-content\/uploads\/2024\/01\/407911143_18399924259036486_6755540172461180081_n-240x300.jpg 240w, https:\/\/unaymilletras.com\/wp-content\/uploads\/2024\/01\/407911143_18399924259036486_6755540172461180081_n-768x960.jpg 768w, https:\/\/unaymilletras.com\/wp-content\/uploads\/2024\/01\/407911143_18399924259036486_6755540172461180081_n-1024x1280.jpg 1024w, https:\/\/unaymilletras.com\/wp-content\/uploads\/2024\/01\/407911143_18399924259036486_6755540172461180081_n-e1706286911574.jpg 600w\" sizes=\"(max-width: 640px) 100vw, 640px\" \/>\t\t\t\t\t\t\t\t\t\t\t\t\t\t\t<\/div>\n\t\t\t\t<\/div>\n\t\t\t\t\t<\/div>\n\t\t<\/div>\n\t\t\t\t<div class=\"elementor-column elementor-col-50 elementor-top-column elementor-element elementor-element-fa5d3ed\" data-id=\"fa5d3ed\" data-element_type=\"column\" data-e-type=\"column\">\n\t\t\t<div class=\"elementor-widget-wrap elementor-element-populated\">\n\t\t\t\t\t\t<div class=\"elementor-element elementor-element-8a8426e elementor-widget elementor-widget-image\" data-id=\"8a8426e\" data-element_type=\"widget\" data-e-type=\"widget\" data-widget_type=\"image.default\">\n\t\t\t\t<div class=\"elementor-widget-container\">\n\t\t\t\t\t\t\t\t\t\t\t\t\t\t\t<img loading=\"lazy\" decoding=\"async\" width=\"640\" height=\"799\" src=\"https:\/\/unaymilletras.com\/wp-content\/uploads\/2024\/01\/409370909_401550502293415_4486149651032002812_n-820x1024.jpg\" class=\"attachment-large size-large wp-image-1984\" alt=\"Tony Grox\" srcset=\"https:\/\/unaymilletras.com\/wp-content\/uploads\/2024\/01\/409370909_401550502293415_4486149651032002812_n-820x1024.jpg 820w, https:\/\/unaymilletras.com\/wp-content\/uploads\/2024\/01\/409370909_401550502293415_4486149651032002812_n-240x300.jpg 240w, https:\/\/unaymilletras.com\/wp-content\/uploads\/2024\/01\/409370909_401550502293415_4486149651032002812_n-768x959.jpg 768w, https:\/\/unaymilletras.com\/wp-content\/uploads\/2024\/01\/409370909_401550502293415_4486149651032002812_n-1024x1279.jpg 1024w, https:\/\/unaymilletras.com\/wp-content\/uploads\/2024\/01\/409370909_401550502293415_4486149651032002812_n-e1706286934342.jpg 600w\" sizes=\"(max-width: 640px) 100vw, 640px\" \/>\t\t\t\t\t\t\t\t\t\t\t\t\t\t\t<\/div>\n\t\t\t\t<\/div>\n\t\t\t\t\t<\/div>\n\t\t<\/div>\n\t\t\t\t\t<\/div>\n\t\t<\/section>\n\t\t\t\t<section class=\"elementor-section elementor-top-section elementor-element elementor-element-a4311e2 elementor-section-boxed elementor-section-height-default elementor-section-height-default\" data-id=\"a4311e2\" data-element_type=\"section\" data-e-type=\"section\">\n\t\t\t\t\t\t<div class=\"elementor-container elementor-column-gap-default\">\n\t\t\t\t\t<div class=\"elementor-column elementor-col-100 elementor-top-column elementor-element elementor-element-2b7aa1a\" data-id=\"2b7aa1a\" data-element_type=\"column\" data-e-type=\"column\">\n\t\t\t<div class=\"elementor-widget-wrap elementor-element-populated\">\n\t\t\t\t\t\t<div class=\"elementor-element elementor-element-2cc84b4 elementor-widget elementor-widget-text-editor\" data-id=\"2cc84b4\" data-element_type=\"widget\" data-e-type=\"widget\" data-widget_type=\"text-editor.default\">\n\t\t\t\t<div class=\"elementor-widget-container\">\n\t\t\t\t\t\t\t\t\t<p><span style=\"color: #808080;\"><strong><em>Ahora que lo mencionas, \u00bfc\u00f3mo surgi\u00f3 el camp en Argentina?<br \/><\/em><\/strong>El camp viene porque el sello de Argentina tiene mucha fuerza all\u00ed en el sentido de que manejan muchos artistas. Quer\u00edan potenciar el producto espa\u00f1ol all\u00ed, abrir nuevas fronteras y conocer aquello. Aqu\u00ed en Espa\u00f1a pensamos que la cosa est\u00e1 guay, pero all\u00ed es incre\u00edble. La gente tiene una mentalidad a la hora de hacer m\u00fasica que todav\u00eda no se est\u00e1 viendo aqu\u00ed. No nos podemos hacer una idea de lo que es aquello.<\/span><\/p><p><span style=\"color: #808080;\">El camp ha sido todo un acierto por parte de DalePlay y todo lo que nos hemos llevado ha sido incre\u00edble. Adem\u00e1s de mucha m\u00fasica, buenos amigos y buenos momentos.<\/span><\/p><p><span style=\"color: #808080;\"><strong><em>Veo que en <a style=\"color: #808080;\" href=\"https:\/\/unaymilletras.com\/en\/lautaro-lopez-la-promesa-argentina\/\">Argentina<\/a> hay mucho compa\u00f1erismo. \u00bfCrees que hay mucha diferencia con la situaci\u00f3n en Espa\u00f1a?<br \/><\/em><\/strong>Eso es algo s\u00faper claro. Yo lo veo all\u00ed, te sientas con un artista que est\u00e1 s\u00faper pegado y si le mola tu movida le da, sin importarle los n\u00fameros. Aqu\u00ed hasta el que menos te esperas te saca el tema de los n\u00fameros. Est\u00e1 bien, es l\u00edcito, pero all\u00ed la gente se centra en hacer buena m\u00fasica, en juntarse entre todos y saben que si a todos les va bien van a hacer una buena industria. El problema es que aqu\u00ed si a uno le va bien solo busca lo suyo. Aqu\u00ed son m\u00e1s grupitos de chavales, no es un conjunto de Espa\u00f1a. All\u00ed es pum, Argentina.<\/span><\/p><p><span style=\"color: #808080;\">Tambi\u00e9n tienes que verlo a nivel sociocultural, los de Argentina son hermanos, da igual de donde sean. Espa\u00f1a es un pa\u00eds muy peque\u00f1o, muy diferente en muchos sentidos. No hay un sentimiento de unidad en lo musical. All\u00ed es el movimiento argentino. Aqu\u00ed el movimiento espa\u00f1ol suena hasta raro, puede llegar a saltar algo incluso pol\u00edtico. Es m\u00e1s complejo, creo que tambi\u00e9n viene un poco de ah\u00ed.<\/span><\/p>\t\t\t\t\t\t\t\t<\/div>\n\t\t\t\t<\/div>\n\t\t\t\t\t<\/div>\n\t\t<\/div>\n\t\t\t\t\t<\/div>\n\t\t<\/section>\n\t\t\t\t<section class=\"elementor-section elementor-top-section elementor-element elementor-element-5e87a6a elementor-section-boxed elementor-section-height-default elementor-section-height-default\" data-id=\"5e87a6a\" data-element_type=\"section\" data-e-type=\"section\">\n\t\t\t\t\t\t<div class=\"elementor-container elementor-column-gap-default\">\n\t\t\t\t\t<div class=\"elementor-column elementor-col-100 elementor-top-column elementor-element elementor-element-afd9c82\" data-id=\"afd9c82\" data-element_type=\"column\" data-e-type=\"column\">\n\t\t\t<div class=\"elementor-widget-wrap elementor-element-populated\">\n\t\t\t\t\t\t<div class=\"elementor-element elementor-element-65ec9d7 elementor-widget elementor-widget-video\" data-id=\"65ec9d7\" data-element_type=\"widget\" data-e-type=\"widget\" data-settings=\"{&quot;youtube_url&quot;:&quot;https:\\\/\\\/www.youtube.com\\\/watch?v=7VGnrS7Nals&amp;ab_channel=TonyGrox&quot;,&quot;video_type&quot;:&quot;youtube&quot;,&quot;controls&quot;:&quot;yes&quot;}\" data-widget_type=\"video.default\">\n\t\t\t\t<div class=\"elementor-widget-container\">\n\t\t\t\t\t\t\t<div class=\"elementor-wrapper elementor-open-inline\">\n\t\t\t<div class=\"elementor-video\"><\/div>\t\t<\/div>\n\t\t\t\t\t\t<\/div>\n\t\t\t\t<\/div>\n\t\t\t\t\t<\/div>\n\t\t<\/div>\n\t\t\t\t\t<\/div>\n\t\t<\/section>\n\t\t\t\t<section class=\"elementor-section elementor-top-section elementor-element elementor-element-863c76c elementor-section-boxed elementor-section-height-default elementor-section-height-default\" data-id=\"863c76c\" data-element_type=\"section\" data-e-type=\"section\">\n\t\t\t\t\t\t<div class=\"elementor-container elementor-column-gap-default\">\n\t\t\t\t\t<div class=\"elementor-column elementor-col-100 elementor-top-column elementor-element elementor-element-378e485\" data-id=\"378e485\" data-element_type=\"column\" data-e-type=\"column\">\n\t\t\t<div class=\"elementor-widget-wrap elementor-element-populated\">\n\t\t\t\t\t\t<div class=\"elementor-element elementor-element-c28f16e elementor-widget elementor-widget-text-editor\" data-id=\"c28f16e\" data-element_type=\"widget\" data-e-type=\"widget\" data-widget_type=\"text-editor.default\">\n\t\t\t\t<div class=\"elementor-widget-container\">\n\t\t\t\t\t\t\t\t\t<p>Pero creo que con el tiempo se nos ir\u00e1 quitando ese miedo y nos daremos cuenta de que, si al de al lado le va bien, a ti te va a ir bien. De eso va la industria. All\u00ed yo estaba con Neff en el estudio y estuvimos dos horas hablando de lo que era Argentina, reflexionando de la locura que es. Imagina lo que puede ser Puerto Rico o M\u00e9xico. Nos queda mucho que aprender de esos pa\u00edses porque tienen la mentalidad clara. S\u00e9 que aqu\u00ed se est\u00e1n empezando a hacer las cosas bien, est\u00e1n saliendo nuevos chavales, se est\u00e1n juntando y se est\u00e1 quitando ese miedo a colaborar. As\u00ed que vamos para adelante porque este 2024 va a ser incre\u00edble.<\/p><p><strong><em>Eres productor, compositor y DJ pero, \u00bfqu\u00e9 te gusta m\u00e1s de las tres cosas?<br \/><\/em><\/strong>Hacer m\u00fasica. Es verdad que el tema DJ lo tengo un poco m\u00e1s aparcado y que tampoco le echo tanto tiempo como me gustar\u00eda porque es cierto que la creaci\u00f3n musical ocupa mucho tiempo. Al final, intentar innovar est\u00e1 un poco vanguardista, tampoco seguir modas. Estar en tus movidas cuesta y requiere muchas horas y comerte la cabeza. Si que es cierto que lo que me gustar\u00eda hacer de por vida es m\u00fasica.<\/p><p>Entiendo que la etapa DJ es una fase que volver\u00e9 a tocar y llegar\u00e1 a pasar, me encanta. Pero con 60\/70 a\u00f1os ya no te ves pegando saltos en un escenario, fiestas y aviones. Al final hay que saber que eso tiene una fecha de caducidad y la m\u00fasica no. La inspiraci\u00f3n de la m\u00fasica es sentarte delante de un piano, una guitarra, lo que sea y hacerla. Hacer m\u00fasica, fluir y que hable por si sola.<\/p>\t\t\t\t\t\t\t\t<\/div>\n\t\t\t\t<\/div>\n\t\t\t\t\t<\/div>\n\t\t<\/div>\n\t\t\t\t\t<\/div>\n\t\t<\/section>\n\t\t\t\t<section class=\"elementor-section elementor-top-section elementor-element elementor-element-c5c09f6 elementor-section-boxed elementor-section-height-default elementor-section-height-default\" data-id=\"c5c09f6\" data-element_type=\"section\" data-e-type=\"section\">\n\t\t\t\t\t\t<div class=\"elementor-container elementor-column-gap-default\">\n\t\t\t\t\t<div class=\"elementor-column elementor-col-50 elementor-top-column elementor-element elementor-element-2aaec9e\" data-id=\"2aaec9e\" data-element_type=\"column\" data-e-type=\"column\">\n\t\t\t<div class=\"elementor-widget-wrap elementor-element-populated\">\n\t\t\t\t\t\t<div class=\"elementor-element elementor-element-f0080fd elementor-widget elementor-widget-image\" data-id=\"f0080fd\" data-element_type=\"widget\" data-e-type=\"widget\" data-widget_type=\"image.default\">\n\t\t\t\t<div class=\"elementor-widget-container\">\n\t\t\t\t\t\t\t\t\t\t\t\t\t\t\t<img loading=\"lazy\" decoding=\"async\" width=\"640\" height=\"321\" src=\"https:\/\/unaymilletras.com\/wp-content\/uploads\/2024\/01\/Captura-de-pantalla-2024-01-26-a-las-17.40.03-1024x514.png\" class=\"attachment-large size-large wp-image-1986\" alt=\"\" srcset=\"https:\/\/unaymilletras.com\/wp-content\/uploads\/2024\/01\/Captura-de-pantalla-2024-01-26-a-las-17.40.03-1024x514.png 1024w, https:\/\/unaymilletras.com\/wp-content\/uploads\/2024\/01\/Captura-de-pantalla-2024-01-26-a-las-17.40.03-300x151.png 300w, https:\/\/unaymilletras.com\/wp-content\/uploads\/2024\/01\/Captura-de-pantalla-2024-01-26-a-las-17.40.03-768x386.png 768w, https:\/\/unaymilletras.com\/wp-content\/uploads\/2024\/01\/Captura-de-pantalla-2024-01-26-a-las-17.40.03-e1706287245693.png 600w\" sizes=\"(max-width: 640px) 100vw, 640px\" \/>\t\t\t\t\t\t\t\t\t\t\t\t\t\t\t<\/div>\n\t\t\t\t<\/div>\n\t\t\t\t\t<\/div>\n\t\t<\/div>\n\t\t\t\t<div class=\"elementor-column elementor-col-50 elementor-top-column elementor-element elementor-element-79a83c2\" data-id=\"79a83c2\" data-element_type=\"column\" data-e-type=\"column\">\n\t\t\t<div class=\"elementor-widget-wrap elementor-element-populated\">\n\t\t\t\t\t\t<div class=\"elementor-element elementor-element-99e9956 elementor-widget elementor-widget-image\" data-id=\"99e9956\" data-element_type=\"widget\" data-e-type=\"widget\" data-widget_type=\"image.default\">\n\t\t\t\t<div class=\"elementor-widget-container\">\n\t\t\t\t\t\t\t\t\t\t\t\t\t\t\t<img loading=\"lazy\" decoding=\"async\" width=\"640\" height=\"634\" src=\"https:\/\/unaymilletras.com\/wp-content\/uploads\/2024\/01\/Captura-de-pantalla-2024-01-26-a-las-17.39.34-1024x1015.png\" class=\"attachment-large size-large wp-image-1985\" alt=\"\" srcset=\"https:\/\/unaymilletras.com\/wp-content\/uploads\/2024\/01\/Captura-de-pantalla-2024-01-26-a-las-17.39.34-1024x1015.png 1024w, https:\/\/unaymilletras.com\/wp-content\/uploads\/2024\/01\/Captura-de-pantalla-2024-01-26-a-las-17.39.34-300x297.png 300w, https:\/\/unaymilletras.com\/wp-content\/uploads\/2024\/01\/Captura-de-pantalla-2024-01-26-a-las-17.39.34-150x150.png 150w, https:\/\/unaymilletras.com\/wp-content\/uploads\/2024\/01\/Captura-de-pantalla-2024-01-26-a-las-17.39.34-768x761.png 768w, https:\/\/unaymilletras.com\/wp-content\/uploads\/2024\/01\/Captura-de-pantalla-2024-01-26-a-las-17.39.34-e1706287237973.png 600w\" sizes=\"(max-width: 640px) 100vw, 640px\" \/>\t\t\t\t\t\t\t\t\t\t\t\t\t\t\t<\/div>\n\t\t\t\t<\/div>\n\t\t\t\t\t<\/div>\n\t\t<\/div>\n\t\t\t\t\t<\/div>\n\t\t<\/section>\n\t\t\t\t<section class=\"elementor-section elementor-top-section elementor-element elementor-element-84d4ae1 elementor-section-boxed elementor-section-height-default elementor-section-height-default\" data-id=\"84d4ae1\" data-element_type=\"section\" data-e-type=\"section\">\n\t\t\t\t\t\t<div class=\"elementor-container elementor-column-gap-default\">\n\t\t\t\t\t<div class=\"elementor-column elementor-col-100 elementor-top-column elementor-element elementor-element-d5b7d0e\" data-id=\"d5b7d0e\" data-element_type=\"column\" data-e-type=\"column\">\n\t\t\t<div class=\"elementor-widget-wrap elementor-element-populated\">\n\t\t\t\t\t\t<div class=\"elementor-element elementor-element-aa873d3 elementor-widget elementor-widget-text-editor\" data-id=\"aa873d3\" data-element_type=\"widget\" data-e-type=\"widget\" data-widget_type=\"text-editor.default\">\n\t\t\t\t<div class=\"elementor-widget-container\">\n\t\t\t\t\t\t\t\t\t<p><strong><em>Hay una cosa que me llam\u00f3 mucho la atenci\u00f3n y es que en tu biograf\u00eda de Spotify tienes \u201cDe la isla pal\u2019 mucho\u201d, pero eres de C\u00e1diz. \u00bfDe d\u00f3nde viene?<br \/><\/em><\/strong>Claro, porque San Fernando es la isla de Le\u00f3n. Lo que pasa es que Rels viene de una isla, o los canarios, entonces cuando escuchas la isla piensas \u201c\u00bfpero este t\u00edo es canario, mallorqu\u00edn o de d\u00f3nde es?\u201d De hecho, San Fernando es la isla. Aqu\u00ed en C\u00e1diz dices \u201cvoy a la isla\u201d y saben que vas a San Fernando. Se conoce tambi\u00e9n como La Isla de Camar\u00f3n. Por eso digo de la isla pal\u2019 mundo, es un poco como la broma. All\u00ed en San Fernando se dice mucho que somos de la isla, somos isle\u00f1os y viene un poco de ah\u00ed. Abraham Mateo tambi\u00e9n lo ha dicho alguna vez porque tambi\u00e9n es de ah\u00ed. La gente se pensar\u00e1 que es canario o que es mallorqu\u00edn jajaja, pero no, es de San Fernando.<\/p><p><strong><em>Si ahora volvemos la vista atr\u00e1s, \u00bfqu\u00e9 objetivos has logrado o qu\u00e9 has cumplido que no te habr\u00edas imaginado nunca?<br \/><\/em><\/strong>Antes de que acabase el a\u00f1o me hice una lista y es una locura. Estaba hablando con mi novia y vi que 2023 hab\u00eda sido como tres a\u00f1os de avance. No tiene ning\u00fan sentido. Lo primero el poder firmar un contrato discogr\u00e1fico con una compa\u00f1\u00eda tan grande como DalePlay. Me siento s\u00faper agradecido de poder estar con ellos y que me acompa\u00f1an. El equipo humano que hay es una locura, es una familia. Tengo una familia que me entiende, que me cuida y que est\u00e1 ah\u00ed.<\/p><p>A nivel musical trabajar con Dellafuente en los remixes. No mano a mano con \u00e9l, pero el que Antonio Narv\u00e1ez me diera la oportunidad de trabajar eso es incre\u00edble. El tema con Delaossa fue brutal. El hecho de que las <em>Tony G Tapes<\/em> arranquen y todos los temas que hemos sacado. Para mi <em>Aire Fresco<\/em> ha sido un tema que ha sido un punto de inflexi\u00f3n en mi carrera porque es el sonido con el que m\u00e1s identificado me siento. Al final el nombre del tema ya te va diciendo. Es fresquito, es el sonido que me gusta. Tiene house, tiene un poco de flamenco, suena andaluz. Encima con el Anthony, que es incre\u00edble como compone y como canta. O sea que este a\u00f1o est\u00e1 siendo una locura.<\/p>\t\t\t\t\t\t\t\t<\/div>\n\t\t\t\t<\/div>\n\t\t\t\t\t<\/div>\n\t\t<\/div>\n\t\t\t\t\t<\/div>\n\t\t<\/section>\n\t\t\t\t<section class=\"elementor-section elementor-top-section elementor-element elementor-element-e813065 elementor-section-boxed elementor-section-height-default elementor-section-height-default\" data-id=\"e813065\" data-element_type=\"section\" data-e-type=\"section\">\n\t\t\t\t\t\t<div class=\"elementor-container elementor-column-gap-default\">\n\t\t\t\t\t<div class=\"elementor-column elementor-col-100 elementor-top-column elementor-element elementor-element-77b3e99\" data-id=\"77b3e99\" data-element_type=\"column\" data-e-type=\"column\">\n\t\t\t<div class=\"elementor-widget-wrap elementor-element-populated\">\n\t\t\t\t\t\t<div class=\"elementor-element elementor-element-9411e9d elementor-widget elementor-widget-video\" data-id=\"9411e9d\" data-element_type=\"widget\" data-e-type=\"widget\" data-settings=\"{&quot;youtube_url&quot;:&quot;https:\\\/\\\/www.youtube.com\\\/watch?v=S1YQL8qQCEg&amp;ab_channel=TonyGrox&quot;,&quot;video_type&quot;:&quot;youtube&quot;,&quot;controls&quot;:&quot;yes&quot;}\" data-widget_type=\"video.default\">\n\t\t\t\t<div class=\"elementor-widget-container\">\n\t\t\t\t\t\t\t<div class=\"elementor-wrapper elementor-open-inline\">\n\t\t\t<div class=\"elementor-video\"><\/div>\t\t<\/div>\n\t\t\t\t\t\t<\/div>\n\t\t\t\t<\/div>\n\t\t\t\t\t<\/div>\n\t\t<\/div>\n\t\t\t\t\t<\/div>\n\t\t<\/section>\n\t\t\t\t<section class=\"elementor-section elementor-top-section elementor-element elementor-element-32af946 elementor-section-boxed elementor-section-height-default elementor-section-height-default\" data-id=\"32af946\" data-element_type=\"section\" data-e-type=\"section\">\n\t\t\t\t\t\t<div class=\"elementor-container elementor-column-gap-default\">\n\t\t\t\t\t<div class=\"elementor-column elementor-col-100 elementor-top-column elementor-element elementor-element-b39385a\" data-id=\"b39385a\" data-element_type=\"column\" data-e-type=\"column\">\n\t\t\t<div class=\"elementor-widget-wrap elementor-element-populated\">\n\t\t\t\t\t\t<div class=\"elementor-element elementor-element-06bc649 elementor-widget elementor-widget-text-editor\" data-id=\"06bc649\" data-element_type=\"widget\" data-e-type=\"widget\" data-widget_type=\"text-editor.default\">\n\t\t\t\t<div class=\"elementor-widget-container\">\n\t\t\t\t\t\t\t\t\t<p>Luego, hitos como productor en mi carrera, ha sonado mi primera canci\u00f3n en Los40 Principales, n\u00famero 10, <em>Lagunas<\/em> con Hilario. Porque que de repente sea una canci\u00f3n que le gusta hasta a mi abuela pues es guay. O a gente que no va a escuchar <em>La Tostada<\/em>, escuchen esa canci\u00f3n en la radio y cuando digo que es m\u00eda flipan. Ah\u00ed ya parece que la cosa va en serio y va cambiando.<\/p>\n<p><strong><em>\u00bfSueles ense\u00f1arle a tu familia en lo que est\u00e1s trabajando o lo que vas a sacar?<br><\/em><\/strong>Muy poco, casi nada. Lo primero porque vivimos lejos. Ellos viven en Andaluc\u00eda y yo en Madrid. Si paso fechas importantes con ellos y hacemos un viaje en coche igual se lo pongo a mi madre o a mi padre para que lo escuchen y les gusta. Pero ellos van viendo cuando lo saco y se lo env\u00edo o por redes. Al final es la forma m\u00e1s clara. A veces haces una demo y te llama tu padre para decirle que no le gusta tanto, entonces te rayas y empieza un debate. No le ense\u00f1o mis cosas a mucha gente, menos a mi c\u00edrculo que tiene un criterio claro porque saben c\u00f3mo va mi estilo. Yo hago m\u00fasica, la disfruto y si el mundo quiere escucharla que lo haga y si no pues ya est\u00e1. No vamos a parar de hacer m\u00fasica, pegue o no pegue vamos a seguir.<\/p>\n<p><strong><em>Por redes has soltado un mensaje de que te apetece hacer un disco. \u00bfEs una idea que se te pas\u00f3 por la cabeza o es una pista importante? <br><\/em><\/strong>Es medio pista, medio spoiler\u2026 Hay ideas para un \u00e1lbum. <em>Aire Fresco <\/em>es un puno de inflexi\u00f3n en mi carrera y creo que va un poco por ah\u00ed. Estoy buscando el sonido, los artistas, el concepto, etc. Tengo ideas, pero hay que seguir trabaj\u00e1ndolo. No es para ma\u00f1ana, no voy a aparecer ma\u00f1ana con un \u00e1lbum. Trabajar\u00e9 el \u00e1lbum, me encantar\u00eda, pero 2024 viene fuerte. Por ahora estoy centrado en las <em>Tony G Tapes<\/em>.<\/p>\t\t\t\t\t\t\t\t<\/div>\n\t\t\t\t<\/div>\n\t\t\t\t\t<\/div>\n\t\t<\/div>\n\t\t\t\t\t<\/div>\n\t\t<\/section>\n\t\t\t\t<section class=\"elementor-section elementor-top-section elementor-element elementor-element-7e0c1ce elementor-section-boxed elementor-section-height-default elementor-section-height-default\" data-id=\"7e0c1ce\" data-element_type=\"section\" data-e-type=\"section\">\n\t\t\t\t\t\t<div class=\"elementor-container elementor-column-gap-default\">\n\t\t\t\t\t<div class=\"elementor-column elementor-col-50 elementor-top-column elementor-element elementor-element-fe2c591\" data-id=\"fe2c591\" data-element_type=\"column\" data-e-type=\"column\">\n\t\t\t<div class=\"elementor-widget-wrap elementor-element-populated\">\n\t\t\t\t\t\t<div class=\"elementor-element elementor-element-2dce133 elementor-widget elementor-widget-image\" data-id=\"2dce133\" data-element_type=\"widget\" data-e-type=\"widget\" data-widget_type=\"image.default\">\n\t\t\t\t<div class=\"elementor-widget-container\">\n\t\t\t\t\t\t\t\t\t\t\t\t\t\t\t<img loading=\"lazy\" decoding=\"async\" width=\"640\" height=\"745\" src=\"https:\/\/unaymilletras.com\/wp-content\/uploads\/2024\/01\/Copia-de-GENERAL-2-880x1024.jpg\" class=\"attachment-large size-large wp-image-1988\" alt=\"\" srcset=\"https:\/\/unaymilletras.com\/wp-content\/uploads\/2024\/01\/Copia-de-GENERAL-2-880x1024.jpg 880w, https:\/\/unaymilletras.com\/wp-content\/uploads\/2024\/01\/Copia-de-GENERAL-2-258x300.jpg 258w, https:\/\/unaymilletras.com\/wp-content\/uploads\/2024\/01\/Copia-de-GENERAL-2-768x893.jpg 768w, https:\/\/unaymilletras.com\/wp-content\/uploads\/2024\/01\/Copia-de-GENERAL-2-1321x1536.jpg 1321w, https:\/\/unaymilletras.com\/wp-content\/uploads\/2024\/01\/Copia-de-GENERAL-2-1761x2048.jpg 1761w, https:\/\/unaymilletras.com\/wp-content\/uploads\/2024\/01\/Copia-de-GENERAL-2-1024x1191.jpg 1024w\" sizes=\"(max-width: 640px) 100vw, 640px\" \/>\t\t\t\t\t\t\t\t\t\t\t\t\t\t\t<\/div>\n\t\t\t\t<\/div>\n\t\t\t\t\t<\/div>\n\t\t<\/div>\n\t\t\t\t<div class=\"elementor-column elementor-col-50 elementor-top-column elementor-element elementor-element-8e447a5\" data-id=\"8e447a5\" data-element_type=\"column\" data-e-type=\"column\">\n\t\t\t<div class=\"elementor-widget-wrap elementor-element-populated\">\n\t\t\t\t\t\t<div class=\"elementor-element elementor-element-546f03c elementor-widget elementor-widget-image\" data-id=\"546f03c\" data-element_type=\"widget\" data-e-type=\"widget\" data-widget_type=\"image.default\">\n\t\t\t\t<div class=\"elementor-widget-container\">\n\t\t\t\t\t\t\t\t\t\t\t\t\t\t\t<img loading=\"lazy\" decoding=\"async\" width=\"640\" height=\"796\" src=\"https:\/\/unaymilletras.com\/wp-content\/uploads\/2024\/01\/Copia-de-GENERAL-1-823x1024.jpg\" class=\"attachment-large size-large wp-image-1987\" alt=\"\" srcset=\"https:\/\/unaymilletras.com\/wp-content\/uploads\/2024\/01\/Copia-de-GENERAL-1-823x1024.jpg 823w, https:\/\/unaymilletras.com\/wp-content\/uploads\/2024\/01\/Copia-de-GENERAL-1-241x300.jpg 241w, https:\/\/unaymilletras.com\/wp-content\/uploads\/2024\/01\/Copia-de-GENERAL-1-768x955.jpg 768w, https:\/\/unaymilletras.com\/wp-content\/uploads\/2024\/01\/Copia-de-GENERAL-1-1235x1536.jpg 1235w, https:\/\/unaymilletras.com\/wp-content\/uploads\/2024\/01\/Copia-de-GENERAL-1-1646x2048.jpg 1646w, https:\/\/unaymilletras.com\/wp-content\/uploads\/2024\/01\/Copia-de-GENERAL-1-1024x1274.jpg 1024w\" sizes=\"(max-width: 640px) 100vw, 640px\" \/>\t\t\t\t\t\t\t\t\t\t\t\t\t\t\t<\/div>\n\t\t\t\t<\/div>\n\t\t\t\t\t<\/div>\n\t\t<\/div>\n\t\t\t\t\t<\/div>\n\t\t<\/section>\n\t\t\t\t<section class=\"elementor-section elementor-top-section elementor-element elementor-element-3ceb069 elementor-section-boxed elementor-section-height-default elementor-section-height-default\" data-id=\"3ceb069\" data-element_type=\"section\" data-e-type=\"section\">\n\t\t\t\t\t\t<div class=\"elementor-container elementor-column-gap-default\">\n\t\t\t\t\t<div class=\"elementor-column elementor-col-100 elementor-top-column elementor-element elementor-element-25cf59c\" data-id=\"25cf59c\" data-element_type=\"column\" data-e-type=\"column\">\n\t\t\t<div class=\"elementor-widget-wrap elementor-element-populated\">\n\t\t\t\t\t\t<div class=\"elementor-element elementor-element-98b695b elementor-widget elementor-widget-text-editor\" data-id=\"98b695b\" data-element_type=\"widget\" data-e-type=\"widget\" data-widget_type=\"text-editor.default\">\n\t\t\t\t<div class=\"elementor-widget-container\">\n\t\t\t\t\t\t\t\t\t<p><strong><em>Has dicho que el a\u00f1o pasado ten\u00edas una lista. \u00bfPara 2024 tambi\u00e9n hay?<br \/><\/em><\/strong>Realmente no son prop\u00f3sitos como tal. M\u00e1s bien son cosas que he conseguido. Yo digo, este a\u00f1o ha pasado esto, esto y esto. Son cosas que uno va proyectando. Para este si que, obviamente, hay una lista de prop\u00f3sitos, pero no me ci\u00f1o a ella porque creo que puede generar frustraci\u00f3n y condiciona mucho a la hora de crear. Ahora simplemente estoy fluyendo y ve c\u00f3mo van sucediendo las cosas.<\/p><p><strong><em>Ahora que acabas de sacar un tema nuevo, aunque es reciente, \u00bftienes algo ya pensado para lanzar pr\u00f3ximamente?<br \/><\/em><\/strong>Si, ya tenemos las tres siguientes. Ya est\u00e1n claras, sabemos cu\u00e1les son, los artistas y van a ser Tapes. As\u00ed que estamos listos para 2024.<\/p>\t\t\t\t\t\t\t\t<\/div>\n\t\t\t\t<\/div>\n\t\t\t\t\t<\/div>\n\t\t<\/div>\n\t\t\t\t\t<\/div>\n\t\t<\/section>\n\t\t\t\t<\/div>","protected":false},"excerpt":{"rendered":"<p>Productor, compositor y DJ. Tony Grox est\u00e1 dispuesto a conquistar el panorama musical este 2024 Tony Grox es un productor, compositor y DJ gaditano. Comenz\u00f3 en la m\u00fasica a los 17 a\u00f1os y ha pisado el escenario de festivales, no solo en Espa\u00f1a, sino tambi\u00e9n en Inglaterra, Luxemburgo y Holanda. Destac\u00f3 como DJ compartiendo escenario [&hellip;]<\/p>\n","protected":false},"author":1,"featured_media":1981,"comment_status":"open","ping_status":"open","sticky":false,"template":"","format":"standard","meta":{"footnotes":""},"categories":[112,4],"tags":[],"class_list":["post-1978","post","type-post","status-publish","format-standard","has-post-thumbnail","hentry","category-entrevistas","category-musica"],"yoast_head":"<!-- This site is optimized with the Yoast SEO plugin v27.4 - https:\/\/yoast.com\/product\/yoast-seo-wordpress\/ -->\n<title>Tony Grox: &quot;Pegue o no pegue vamos a seguir haciendo m\u00fasica&quot;<\/title>\n<meta name=\"description\" content=\"El productor, compositor y DJ gaditano Tony Grox est\u00e1 dispuesto a conquistar el panorama musical este 2024\" \/>\n<meta name=\"robots\" content=\"index, follow, max-snippet:-1, max-image-preview:large, max-video-preview:-1\" \/>\n<link rel=\"canonical\" href=\"https:\/\/unaymilletras.com\/en\/tony-grox-pegue-o-no-pegue-vamos-a-seguir-haciendo-musica\/\" \/>\n<meta property=\"og:locale\" content=\"en_GB\" \/>\n<meta property=\"og:type\" content=\"article\" \/>\n<meta property=\"og:title\" content=\"Tony Grox: &quot;Pegue o no pegue vamos a seguir haciendo m\u00fasica&quot;\" \/>\n<meta property=\"og:description\" content=\"El productor, compositor y DJ gaditano Tony Grox est\u00e1 dispuesto a conquistar el panorama musical este 2024\" \/>\n<meta property=\"og:url\" content=\"https:\/\/unaymilletras.com\/en\/tony-grox-pegue-o-no-pegue-vamos-a-seguir-haciendo-musica\/\" \/>\n<meta property=\"og:site_name\" content=\"Una y Mil Letras\" \/>\n<meta property=\"article:published_time\" content=\"2024-01-26T17:00:00+00:00\" \/>\n<meta property=\"og:image\" content=\"https:\/\/unaymilletras.com\/wp-content\/uploads\/2024\/01\/Tony-Grox-scaled-e1706286275796.jpg\" \/>\n\t<meta property=\"og:image:width\" content=\"600\" \/>\n\t<meta property=\"og:image:height\" content=\"900\" \/>\n\t<meta property=\"og:image:type\" content=\"image\/jpeg\" \/>\n<meta name=\"author\" content=\"Maria Gil Robledo\" \/>\n<meta name=\"twitter:card\" content=\"summary_large_image\" \/>\n<meta name=\"twitter:creator\" content=\"@UnaYMilLetras\" \/>\n<meta name=\"twitter:site\" content=\"@UnaYMilLetras\" \/>\n<meta name=\"twitter:label1\" content=\"Written by\" \/>\n\t<meta name=\"twitter:data1\" content=\"Maria Gil Robledo\" \/>\n\t<meta name=\"twitter:label2\" content=\"Estimated reading time\" \/>\n\t<meta name=\"twitter:data2\" content=\"16 minutes\" \/>\n<script type=\"application\/ld+json\" class=\"yoast-schema-graph\">{\"@context\":\"https:\\\/\\\/schema.org\",\"@graph\":[{\"@type\":\"Article\",\"@id\":\"https:\\\/\\\/unaymilletras.com\\\/tony-grox-pegue-o-no-pegue-vamos-a-seguir-haciendo-musica\\\/#article\",\"isPartOf\":{\"@id\":\"https:\\\/\\\/unaymilletras.com\\\/tony-grox-pegue-o-no-pegue-vamos-a-seguir-haciendo-musica\\\/\"},\"author\":{\"name\":\"Maria Gil Robledo\",\"@id\":\"http:\\\/\\\/unaymilletras.com\\\/#\\\/schema\\\/person\\\/d55ba681b8a4e463d8982dbe36a5dc94\"},\"headline\":\"Tony Grox: \u00abPegue o no pegue vamos a seguir haciendo m\u00fasica\u00bb\",\"datePublished\":\"2024-01-26T17:00:00+00:00\",\"mainEntityOfPage\":{\"@id\":\"https:\\\/\\\/unaymilletras.com\\\/tony-grox-pegue-o-no-pegue-vamos-a-seguir-haciendo-musica\\\/\"},\"wordCount\":3170,\"commentCount\":0,\"publisher\":{\"@id\":\"http:\\\/\\\/unaymilletras.com\\\/#organization\"},\"image\":{\"@id\":\"https:\\\/\\\/unaymilletras.com\\\/tony-grox-pegue-o-no-pegue-vamos-a-seguir-haciendo-musica\\\/#primaryimage\"},\"thumbnailUrl\":\"https:\\\/\\\/unaymilletras.com\\\/wp-content\\\/uploads\\\/2024\\\/01\\\/Tony-Grox-scaled-e1706286275796.jpg\",\"articleSection\":[\"Entrevistas\",\"M\u00fasica\"],\"inLanguage\":\"en-GB\",\"potentialAction\":[{\"@type\":\"CommentAction\",\"name\":\"Comment\",\"target\":[\"https:\\\/\\\/unaymilletras.com\\\/tony-grox-pegue-o-no-pegue-vamos-a-seguir-haciendo-musica\\\/#respond\"]}]},{\"@type\":\"WebPage\",\"@id\":\"https:\\\/\\\/unaymilletras.com\\\/tony-grox-pegue-o-no-pegue-vamos-a-seguir-haciendo-musica\\\/\",\"url\":\"https:\\\/\\\/unaymilletras.com\\\/tony-grox-pegue-o-no-pegue-vamos-a-seguir-haciendo-musica\\\/\",\"name\":\"Tony Grox: \\\"Pegue o no pegue vamos a seguir haciendo m\u00fasica\\\"\",\"isPartOf\":{\"@id\":\"http:\\\/\\\/unaymilletras.com\\\/#website\"},\"primaryImageOfPage\":{\"@id\":\"https:\\\/\\\/unaymilletras.com\\\/tony-grox-pegue-o-no-pegue-vamos-a-seguir-haciendo-musica\\\/#primaryimage\"},\"image\":{\"@id\":\"https:\\\/\\\/unaymilletras.com\\\/tony-grox-pegue-o-no-pegue-vamos-a-seguir-haciendo-musica\\\/#primaryimage\"},\"thumbnailUrl\":\"https:\\\/\\\/unaymilletras.com\\\/wp-content\\\/uploads\\\/2024\\\/01\\\/Tony-Grox-scaled-e1706286275796.jpg\",\"datePublished\":\"2024-01-26T17:00:00+00:00\",\"description\":\"El productor, compositor y DJ gaditano Tony Grox est\u00e1 dispuesto a conquistar el panorama musical este 2024\",\"breadcrumb\":{\"@id\":\"https:\\\/\\\/unaymilletras.com\\\/tony-grox-pegue-o-no-pegue-vamos-a-seguir-haciendo-musica\\\/#breadcrumb\"},\"inLanguage\":\"en-GB\",\"potentialAction\":[{\"@type\":\"ReadAction\",\"target\":[\"https:\\\/\\\/unaymilletras.com\\\/tony-grox-pegue-o-no-pegue-vamos-a-seguir-haciendo-musica\\\/\"]}]},{\"@type\":\"ImageObject\",\"inLanguage\":\"en-GB\",\"@id\":\"https:\\\/\\\/unaymilletras.com\\\/tony-grox-pegue-o-no-pegue-vamos-a-seguir-haciendo-musica\\\/#primaryimage\",\"url\":\"https:\\\/\\\/unaymilletras.com\\\/wp-content\\\/uploads\\\/2024\\\/01\\\/Tony-Grox-scaled-e1706286275796.jpg\",\"contentUrl\":\"https:\\\/\\\/unaymilletras.com\\\/wp-content\\\/uploads\\\/2024\\\/01\\\/Tony-Grox-scaled-e1706286275796.jpg\",\"width\":600,\"height\":900,\"caption\":\"Tony Grox\"},{\"@type\":\"BreadcrumbList\",\"@id\":\"https:\\\/\\\/unaymilletras.com\\\/tony-grox-pegue-o-no-pegue-vamos-a-seguir-haciendo-musica\\\/#breadcrumb\",\"itemListElement\":[{\"@type\":\"ListItem\",\"position\":1,\"name\":\"Home\",\"item\":\"http:\\\/\\\/unaymilletras.com\\\/\"},{\"@type\":\"ListItem\",\"position\":2,\"name\":\"Tony Grox: \u00abPegue o no pegue vamos a seguir haciendo m\u00fasica\u00bb\"}]},{\"@type\":\"WebSite\",\"@id\":\"http:\\\/\\\/unaymilletras.com\\\/#website\",\"url\":\"http:\\\/\\\/unaymilletras.com\\\/\",\"name\":\"Una y Mil Letras\",\"description\":\"\",\"publisher\":{\"@id\":\"http:\\\/\\\/unaymilletras.com\\\/#organization\"},\"potentialAction\":[{\"@type\":\"SearchAction\",\"target\":{\"@type\":\"EntryPoint\",\"urlTemplate\":\"http:\\\/\\\/unaymilletras.com\\\/?s={search_term_string}\"},\"query-input\":{\"@type\":\"PropertyValueSpecification\",\"valueRequired\":true,\"valueName\":\"search_term_string\"}}],\"inLanguage\":\"en-GB\"},{\"@type\":\"Organization\",\"@id\":\"http:\\\/\\\/unaymilletras.com\\\/#organization\",\"name\":\"Una y Mil Letras\",\"url\":\"http:\\\/\\\/unaymilletras.com\\\/\",\"logo\":{\"@type\":\"ImageObject\",\"inLanguage\":\"en-GB\",\"@id\":\"http:\\\/\\\/unaymilletras.com\\\/#\\\/schema\\\/logo\\\/image\\\/\",\"url\":\"https:\\\/\\\/unaymilletras.com\\\/wp-content\\\/uploads\\\/2024\\\/06\\\/cropped-Logo-removebg-preview.png\",\"contentUrl\":\"https:\\\/\\\/unaymilletras.com\\\/wp-content\\\/uploads\\\/2024\\\/06\\\/cropped-Logo-removebg-preview.png\",\"width\":512,\"height\":512,\"caption\":\"Una y Mil Letras\"},\"image\":{\"@id\":\"http:\\\/\\\/unaymilletras.com\\\/#\\\/schema\\\/logo\\\/image\\\/\"},\"sameAs\":[\"https:\\\/\\\/x.com\\\/UnaYMilLetras\",\"https:\\\/\\\/instagram.com\\\/UnaYMilLetras\"]},{\"@type\":\"Person\",\"@id\":\"http:\\\/\\\/unaymilletras.com\\\/#\\\/schema\\\/person\\\/d55ba681b8a4e463d8982dbe36a5dc94\",\"name\":\"Maria Gil Robledo\",\"image\":{\"@type\":\"ImageObject\",\"inLanguage\":\"en-GB\",\"@id\":\"https:\\\/\\\/secure.gravatar.com\\\/avatar\\\/4b8e5102e0015789407eb4870b12f0f2857952d83ca124058f92b764bd1840c3?s=96&d=mm&r=g\",\"url\":\"https:\\\/\\\/secure.gravatar.com\\\/avatar\\\/4b8e5102e0015789407eb4870b12f0f2857952d83ca124058f92b764bd1840c3?s=96&d=mm&r=g\",\"contentUrl\":\"https:\\\/\\\/secure.gravatar.com\\\/avatar\\\/4b8e5102e0015789407eb4870b12f0f2857952d83ca124058f92b764bd1840c3?s=96&d=mm&r=g\",\"caption\":\"Maria Gil Robledo\"},\"sameAs\":[\"http:\\\/\\\/unaymilletras.com\"],\"url\":\"https:\\\/\\\/unaymilletras.com\\\/en\\\/author\\\/mariiagiil02_\\\/\"}]}<\/script>\n<!-- \/ Yoast SEO plugin. -->","yoast_head_json":{"title":"Tony Grox: \"Pegue o no pegue vamos a seguir haciendo m\u00fasica\"","description":"El productor, compositor y DJ gaditano Tony Grox est\u00e1 dispuesto a conquistar el panorama musical este 2024","robots":{"index":"index","follow":"follow","max-snippet":"max-snippet:-1","max-image-preview":"max-image-preview:large","max-video-preview":"max-video-preview:-1"},"canonical":"https:\/\/unaymilletras.com\/en\/tony-grox-pegue-o-no-pegue-vamos-a-seguir-haciendo-musica\/","og_locale":"en_GB","og_type":"article","og_title":"Tony Grox: \"Pegue o no pegue vamos a seguir haciendo m\u00fasica\"","og_description":"El productor, compositor y DJ gaditano Tony Grox est\u00e1 dispuesto a conquistar el panorama musical este 2024","og_url":"https:\/\/unaymilletras.com\/en\/tony-grox-pegue-o-no-pegue-vamos-a-seguir-haciendo-musica\/","og_site_name":"Una y Mil Letras","article_published_time":"2024-01-26T17:00:00+00:00","og_image":[{"width":600,"height":900,"url":"https:\/\/unaymilletras.com\/wp-content\/uploads\/2024\/01\/Tony-Grox-scaled-e1706286275796.jpg","type":"image\/jpeg"}],"author":"Maria Gil Robledo","twitter_card":"summary_large_image","twitter_creator":"@UnaYMilLetras","twitter_site":"@UnaYMilLetras","twitter_misc":{"Written by":"Maria Gil Robledo","Estimated reading time":"16 minutes"},"schema":{"@context":"https:\/\/schema.org","@graph":[{"@type":"Article","@id":"https:\/\/unaymilletras.com\/tony-grox-pegue-o-no-pegue-vamos-a-seguir-haciendo-musica\/#article","isPartOf":{"@id":"https:\/\/unaymilletras.com\/tony-grox-pegue-o-no-pegue-vamos-a-seguir-haciendo-musica\/"},"author":{"name":"Maria Gil Robledo","@id":"http:\/\/unaymilletras.com\/#\/schema\/person\/d55ba681b8a4e463d8982dbe36a5dc94"},"headline":"Tony Grox: \u00abPegue o no pegue vamos a seguir haciendo m\u00fasica\u00bb","datePublished":"2024-01-26T17:00:00+00:00","mainEntityOfPage":{"@id":"https:\/\/unaymilletras.com\/tony-grox-pegue-o-no-pegue-vamos-a-seguir-haciendo-musica\/"},"wordCount":3170,"commentCount":0,"publisher":{"@id":"http:\/\/unaymilletras.com\/#organization"},"image":{"@id":"https:\/\/unaymilletras.com\/tony-grox-pegue-o-no-pegue-vamos-a-seguir-haciendo-musica\/#primaryimage"},"thumbnailUrl":"https:\/\/unaymilletras.com\/wp-content\/uploads\/2024\/01\/Tony-Grox-scaled-e1706286275796.jpg","articleSection":["Entrevistas","M\u00fasica"],"inLanguage":"en-GB","potentialAction":[{"@type":"CommentAction","name":"Comment","target":["https:\/\/unaymilletras.com\/tony-grox-pegue-o-no-pegue-vamos-a-seguir-haciendo-musica\/#respond"]}]},{"@type":"WebPage","@id":"https:\/\/unaymilletras.com\/tony-grox-pegue-o-no-pegue-vamos-a-seguir-haciendo-musica\/","url":"https:\/\/unaymilletras.com\/tony-grox-pegue-o-no-pegue-vamos-a-seguir-haciendo-musica\/","name":"Tony Grox: \"Pegue o no pegue vamos a seguir haciendo m\u00fasica\"","isPartOf":{"@id":"http:\/\/unaymilletras.com\/#website"},"primaryImageOfPage":{"@id":"https:\/\/unaymilletras.com\/tony-grox-pegue-o-no-pegue-vamos-a-seguir-haciendo-musica\/#primaryimage"},"image":{"@id":"https:\/\/unaymilletras.com\/tony-grox-pegue-o-no-pegue-vamos-a-seguir-haciendo-musica\/#primaryimage"},"thumbnailUrl":"https:\/\/unaymilletras.com\/wp-content\/uploads\/2024\/01\/Tony-Grox-scaled-e1706286275796.jpg","datePublished":"2024-01-26T17:00:00+00:00","description":"El productor, compositor y DJ gaditano Tony Grox est\u00e1 dispuesto a conquistar el panorama musical este 2024","breadcrumb":{"@id":"https:\/\/unaymilletras.com\/tony-grox-pegue-o-no-pegue-vamos-a-seguir-haciendo-musica\/#breadcrumb"},"inLanguage":"en-GB","potentialAction":[{"@type":"ReadAction","target":["https:\/\/unaymilletras.com\/tony-grox-pegue-o-no-pegue-vamos-a-seguir-haciendo-musica\/"]}]},{"@type":"ImageObject","inLanguage":"en-GB","@id":"https:\/\/unaymilletras.com\/tony-grox-pegue-o-no-pegue-vamos-a-seguir-haciendo-musica\/#primaryimage","url":"https:\/\/unaymilletras.com\/wp-content\/uploads\/2024\/01\/Tony-Grox-scaled-e1706286275796.jpg","contentUrl":"https:\/\/unaymilletras.com\/wp-content\/uploads\/2024\/01\/Tony-Grox-scaled-e1706286275796.jpg","width":600,"height":900,"caption":"Tony Grox"},{"@type":"BreadcrumbList","@id":"https:\/\/unaymilletras.com\/tony-grox-pegue-o-no-pegue-vamos-a-seguir-haciendo-musica\/#breadcrumb","itemListElement":[{"@type":"ListItem","position":1,"name":"Home","item":"http:\/\/unaymilletras.com\/"},{"@type":"ListItem","position":2,"name":"Tony Grox: \u00abPegue o no pegue vamos a seguir haciendo m\u00fasica\u00bb"}]},{"@type":"WebSite","@id":"http:\/\/unaymilletras.com\/#website","url":"http:\/\/unaymilletras.com\/","name":"Una y Mil Letras","description":"","publisher":{"@id":"http:\/\/unaymilletras.com\/#organization"},"potentialAction":[{"@type":"SearchAction","target":{"@type":"EntryPoint","urlTemplate":"http:\/\/unaymilletras.com\/?s={search_term_string}"},"query-input":{"@type":"PropertyValueSpecification","valueRequired":true,"valueName":"search_term_string"}}],"inLanguage":"en-GB"},{"@type":"Organization","@id":"http:\/\/unaymilletras.com\/#organization","name":"Una y Mil Letras","url":"http:\/\/unaymilletras.com\/","logo":{"@type":"ImageObject","inLanguage":"en-GB","@id":"http:\/\/unaymilletras.com\/#\/schema\/logo\/image\/","url":"https:\/\/unaymilletras.com\/wp-content\/uploads\/2024\/06\/cropped-Logo-removebg-preview.png","contentUrl":"https:\/\/unaymilletras.com\/wp-content\/uploads\/2024\/06\/cropped-Logo-removebg-preview.png","width":512,"height":512,"caption":"Una y Mil Letras"},"image":{"@id":"http:\/\/unaymilletras.com\/#\/schema\/logo\/image\/"},"sameAs":["https:\/\/x.com\/UnaYMilLetras","https:\/\/instagram.com\/UnaYMilLetras"]},{"@type":"Person","@id":"http:\/\/unaymilletras.com\/#\/schema\/person\/d55ba681b8a4e463d8982dbe36a5dc94","name":"Maria Gil Robledo","image":{"@type":"ImageObject","inLanguage":"en-GB","@id":"https:\/\/secure.gravatar.com\/avatar\/4b8e5102e0015789407eb4870b12f0f2857952d83ca124058f92b764bd1840c3?s=96&d=mm&r=g","url":"https:\/\/secure.gravatar.com\/avatar\/4b8e5102e0015789407eb4870b12f0f2857952d83ca124058f92b764bd1840c3?s=96&d=mm&r=g","contentUrl":"https:\/\/secure.gravatar.com\/avatar\/4b8e5102e0015789407eb4870b12f0f2857952d83ca124058f92b764bd1840c3?s=96&d=mm&r=g","caption":"Maria Gil Robledo"},"sameAs":["http:\/\/unaymilletras.com"],"url":"https:\/\/unaymilletras.com\/en\/author\/mariiagiil02_\/"}]}},"_links":{"self":[{"href":"https:\/\/unaymilletras.com\/en\/wp-json\/wp\/v2\/posts\/1978","targetHints":{"allow":["GET"]}}],"collection":[{"href":"https:\/\/unaymilletras.com\/en\/wp-json\/wp\/v2\/posts"}],"about":[{"href":"https:\/\/unaymilletras.com\/en\/wp-json\/wp\/v2\/types\/post"}],"author":[{"embeddable":true,"href":"https:\/\/unaymilletras.com\/en\/wp-json\/wp\/v2\/users\/1"}],"replies":[{"embeddable":true,"href":"https:\/\/unaymilletras.com\/en\/wp-json\/wp\/v2\/comments?post=1978"}],"version-history":[{"count":5,"href":"https:\/\/unaymilletras.com\/en\/wp-json\/wp\/v2\/posts\/1978\/revisions"}],"predecessor-version":[{"id":1991,"href":"https:\/\/unaymilletras.com\/en\/wp-json\/wp\/v2\/posts\/1978\/revisions\/1991"}],"wp:featuredmedia":[{"embeddable":true,"href":"https:\/\/unaymilletras.com\/en\/wp-json\/wp\/v2\/media\/1981"}],"wp:attachment":[{"href":"https:\/\/unaymilletras.com\/en\/wp-json\/wp\/v2\/media?parent=1978"}],"wp:term":[{"taxonomy":"category","embeddable":true,"href":"https:\/\/unaymilletras.com\/en\/wp-json\/wp\/v2\/categories?post=1978"},{"taxonomy":"post_tag","embeddable":true,"href":"https:\/\/unaymilletras.com\/en\/wp-json\/wp\/v2\/tags?post=1978"}],"curies":[{"name":"wp","href":"https:\/\/api.w.org\/{rel}","templated":true}]}}