{"id":2000,"date":"2024-01-30T02:09:31","date_gmt":"2024-01-30T01:09:31","guid":{"rendered":"https:\/\/unaymilletras.com\/?p=2000"},"modified":"2024-01-30T02:09:33","modified_gmt":"2024-01-30T01:09:33","slug":"gala-9-ot-decimos-adios-a-alvaro-mayo-y-lucas-y-chiara-puestos-en-nominacion","status":"publish","type":"post","link":"https:\/\/unaymilletras.com\/en\/gala-9-ot-decimos-adios-a-alvaro-mayo-y-lucas-y-chiara-puestos-en-nominacion\/","title":{"rendered":"Gala 9 OT: \u00c1lvaro Mayo se va y Lucas y Chiara nominados"},"content":{"rendered":"<div data-elementor-type=\"wp-post\" data-elementor-id=\"2000\" class=\"elementor elementor-2000\">\n\t\t\t\t\t\t<section class=\"elementor-section elementor-top-section elementor-element elementor-element-7846a21 elementor-section-boxed elementor-section-height-default elementor-section-height-default\" data-id=\"7846a21\" data-element_type=\"section\" data-e-type=\"section\">\n\t\t\t\t\t\t<div class=\"elementor-container elementor-column-gap-default\">\n\t\t\t\t\t<div class=\"elementor-column elementor-col-100 elementor-top-column elementor-element elementor-element-0663535\" data-id=\"0663535\" data-element_type=\"column\" data-e-type=\"column\">\n\t\t\t<div class=\"elementor-widget-wrap elementor-element-populated\">\n\t\t\t\t\t\t<div class=\"elementor-element elementor-element-811f678 elementor-widget elementor-widget-text-editor\" data-id=\"811f678\" data-element_type=\"widget\" data-e-type=\"widget\" data-widget_type=\"text-editor.default\">\n\t\t\t\t<div class=\"elementor-widget-container\">\n\t\t\t\t\t\t\t\t\t<h2 style=\"text-align: center;\"><span style=\"color: #808080;\">Abraham Mateo se une al jurado y protagoniza junto a Omar Montes la bachata de la noche en OT<\/span><\/h2>\t\t\t\t\t\t\t\t<\/div>\n\t\t\t\t<\/div>\n\t\t\t\t\t<\/div>\n\t\t<\/div>\n\t\t\t\t\t<\/div>\n\t\t<\/section>\n\t\t\t\t<section class=\"elementor-section elementor-top-section elementor-element elementor-element-a7f5215 elementor-section-boxed elementor-section-height-default elementor-section-height-default\" data-id=\"a7f5215\" data-element_type=\"section\" data-e-type=\"section\">\n\t\t\t\t\t\t<div class=\"elementor-container elementor-column-gap-default\">\n\t\t\t\t\t<div class=\"elementor-column elementor-col-100 elementor-top-column elementor-element elementor-element-fc032fb\" data-id=\"fc032fb\" data-element_type=\"column\" data-e-type=\"column\">\n\t\t\t<div class=\"elementor-widget-wrap elementor-element-populated\">\n\t\t\t\t\t\t<div class=\"elementor-element elementor-element-44fbcbc elementor-widget elementor-widget-text-editor\" data-id=\"44fbcbc\" data-element_type=\"widget\" data-e-type=\"widget\" data-widget_type=\"text-editor.default\">\n\t\t\t\t<div class=\"elementor-widget-container\">\n\t\t\t\t\t\t\t\t\t<p>En la emociona<span style=\"color: #808080;\">nte<a style=\"color: #808080;\" href=\"https:\/\/unaymilletras.com\/en\/gala-7-de-operacion-triunfo-violeta-se-despide-y-bea-y-cris-enfrentan-la-nominacion\/\"> <strong>Gala 9<\/strong><\/a> <\/span>de OT, <strong>\u00c1lvaro Mayo<\/strong> se despide como el octavo expulsado de la edici\u00f3n. Mientras, <strong>Lucas<\/strong> y <strong>Chiara<\/strong> son nominados para la siguiente semana. Adem\u00e1s,\u00a0 <strong>Abraham Mateo<\/strong> se incorpor\u00f3 como el cuarto miembro del jurado y cautiv\u00f3 al p\u00fablico junto a <strong>Omar Montes<\/strong> con la interpretaci\u00f3n de <em><strong>Falsos Recuerdos<\/strong>.<\/em><\/p>\t\t\t\t\t\t\t\t<\/div>\n\t\t\t\t<\/div>\n\t\t\t\t\t<\/div>\n\t\t<\/div>\n\t\t\t\t\t<\/div>\n\t\t<\/section>\n\t\t\t\t<section class=\"elementor-section elementor-top-section elementor-element elementor-element-ab92d34 elementor-section-boxed elementor-section-height-default elementor-section-height-default\" data-id=\"ab92d34\" data-element_type=\"section\" data-e-type=\"section\">\n\t\t\t\t\t\t<div class=\"elementor-container elementor-column-gap-default\">\n\t\t\t\t\t<div class=\"elementor-column elementor-col-50 elementor-top-column elementor-element elementor-element-0a286a1\" data-id=\"0a286a1\" data-element_type=\"column\" data-e-type=\"column\">\n\t\t\t<div class=\"elementor-widget-wrap elementor-element-populated\">\n\t\t\t\t\t\t<div class=\"elementor-element elementor-element-f5effdc elementor-widget elementor-widget-image\" data-id=\"f5effdc\" data-element_type=\"widget\" data-e-type=\"widget\" data-widget_type=\"image.default\">\n\t\t\t\t<div class=\"elementor-widget-container\">\n\t\t\t\t\t\t\t\t\t\t\t\t\t\t\t<img fetchpriority=\"high\" decoding=\"async\" width=\"640\" height=\"427\" src=\"https:\/\/unaymilletras.com\/wp-content\/uploads\/2024\/01\/Operacion_Triunfo_Gala_9_Nominados_Alvaro_Mayo_y_Paul_Thin_3_3000-1024x683.jpg\" class=\"attachment-large size-large wp-image-2005\" alt=\"\" srcset=\"https:\/\/unaymilletras.com\/wp-content\/uploads\/2024\/01\/Operacion_Triunfo_Gala_9_Nominados_Alvaro_Mayo_y_Paul_Thin_3_3000-1024x683.jpg 1024w, https:\/\/unaymilletras.com\/wp-content\/uploads\/2024\/01\/Operacion_Triunfo_Gala_9_Nominados_Alvaro_Mayo_y_Paul_Thin_3_3000-300x200.jpg 300w, https:\/\/unaymilletras.com\/wp-content\/uploads\/2024\/01\/Operacion_Triunfo_Gala_9_Nominados_Alvaro_Mayo_y_Paul_Thin_3_3000-768x512.jpg 768w, https:\/\/unaymilletras.com\/wp-content\/uploads\/2024\/01\/Operacion_Triunfo_Gala_9_Nominados_Alvaro_Mayo_y_Paul_Thin_3_3000-1536x1024.jpg 1536w, https:\/\/unaymilletras.com\/wp-content\/uploads\/2024\/01\/Operacion_Triunfo_Gala_9_Nominados_Alvaro_Mayo_y_Paul_Thin_3_3000-2048x1365.jpg 2048w, https:\/\/unaymilletras.com\/wp-content\/uploads\/2024\/01\/Operacion_Triunfo_Gala_9_Nominados_Alvaro_Mayo_y_Paul_Thin_3_3000-scaled-e1706576533436.jpg 600w\" sizes=\"(max-width: 640px) 100vw, 640px\" \/>\t\t\t\t\t\t\t\t\t\t\t\t\t\t\t<\/div>\n\t\t\t\t<\/div>\n\t\t\t\t\t<\/div>\n\t\t<\/div>\n\t\t\t\t<div class=\"elementor-column elementor-col-50 elementor-top-column elementor-element elementor-element-e6adb75\" data-id=\"e6adb75\" data-element_type=\"column\" data-e-type=\"column\">\n\t\t\t<div class=\"elementor-widget-wrap elementor-element-populated\">\n\t\t\t\t\t\t<div class=\"elementor-element elementor-element-7cb5e54 elementor-widget elementor-widget-image\" data-id=\"7cb5e54\" data-element_type=\"widget\" data-e-type=\"widget\" data-widget_type=\"image.default\">\n\t\t\t\t<div class=\"elementor-widget-container\">\n\t\t\t\t\t\t\t\t\t\t\t\t\t\t\t<img decoding=\"async\" width=\"640\" height=\"427\" src=\"https:\/\/unaymilletras.com\/wp-content\/uploads\/2024\/01\/Operacion_Triunfo_Gala_9_Grupal_3_3000-1024x683.jpg\" class=\"attachment-large size-large wp-image-2006\" alt=\"\" srcset=\"https:\/\/unaymilletras.com\/wp-content\/uploads\/2024\/01\/Operacion_Triunfo_Gala_9_Grupal_3_3000-1024x683.jpg 1024w, https:\/\/unaymilletras.com\/wp-content\/uploads\/2024\/01\/Operacion_Triunfo_Gala_9_Grupal_3_3000-300x200.jpg 300w, https:\/\/unaymilletras.com\/wp-content\/uploads\/2024\/01\/Operacion_Triunfo_Gala_9_Grupal_3_3000-768x512.jpg 768w, https:\/\/unaymilletras.com\/wp-content\/uploads\/2024\/01\/Operacion_Triunfo_Gala_9_Grupal_3_3000-1536x1024.jpg 1536w, https:\/\/unaymilletras.com\/wp-content\/uploads\/2024\/01\/Operacion_Triunfo_Gala_9_Grupal_3_3000-2048x1365.jpg 2048w, https:\/\/unaymilletras.com\/wp-content\/uploads\/2024\/01\/Operacion_Triunfo_Gala_9_Grupal_3_3000-scaled-e1706576547588.jpg 600w\" sizes=\"(max-width: 640px) 100vw, 640px\" \/>\t\t\t\t\t\t\t\t\t\t\t\t\t\t\t<\/div>\n\t\t\t\t<\/div>\n\t\t\t\t\t<\/div>\n\t\t<\/div>\n\t\t\t\t\t<\/div>\n\t\t<\/section>\n\t\t\t\t<section class=\"elementor-section elementor-top-section elementor-element elementor-element-4b6bb76 elementor-section-boxed elementor-section-height-default elementor-section-height-default\" data-id=\"4b6bb76\" data-element_type=\"section\" data-e-type=\"section\">\n\t\t\t\t\t\t<div class=\"elementor-container elementor-column-gap-default\">\n\t\t\t\t\t<div class=\"elementor-column elementor-col-100 elementor-top-column elementor-element elementor-element-c37d062\" data-id=\"c37d062\" data-element_type=\"column\" data-e-type=\"column\">\n\t\t\t<div class=\"elementor-widget-wrap elementor-element-populated\">\n\t\t\t\t\t\t<div class=\"elementor-element elementor-element-9c737fd elementor-widget elementor-widget-text-editor\" data-id=\"9c737fd\" data-element_type=\"widget\" data-e-type=\"widget\" data-widget_type=\"text-editor.default\">\n\t\t\t\t<div class=\"elementor-widget-container\">\n\t\t\t\t\t\t\t\t\t<p>La noche comenz\u00f3 con la interpretaci\u00f3n grupal, seguida de las actuaciones individuales de los nominados. Tras una nueva expulsi\u00f3n, con Paul Thin siendo salvado por el p\u00fablico, \u00c1lvaro Mayo dej\u00f3 la Academia. La actuaci\u00f3n especial de Omar Montes y Abraham Mateo, quien tambi\u00e9n fungi\u00f3 como jurado, destac\u00f3 la velada.<\/p>\t\t\t\t\t\t\t\t<\/div>\n\t\t\t\t<\/div>\n\t\t\t\t\t<\/div>\n\t\t<\/div>\n\t\t\t\t\t<\/div>\n\t\t<\/section>\n\t\t\t\t<section class=\"elementor-section elementor-top-section elementor-element elementor-element-c5a02e8 elementor-section-boxed elementor-section-height-default elementor-section-height-default\" data-id=\"c5a02e8\" data-element_type=\"section\" data-e-type=\"section\">\n\t\t\t\t\t\t<div class=\"elementor-container elementor-column-gap-default\">\n\t\t\t\t\t<div class=\"elementor-column elementor-col-100 elementor-top-column elementor-element elementor-element-71c9817\" data-id=\"71c9817\" data-element_type=\"column\" data-e-type=\"column\">\n\t\t\t<div class=\"elementor-widget-wrap elementor-element-populated\">\n\t\t\t\t\t\t<div class=\"elementor-element elementor-element-e7a9394 elementor-widget elementor-widget-image\" data-id=\"e7a9394\" data-element_type=\"widget\" data-e-type=\"widget\" data-widget_type=\"image.default\">\n\t\t\t\t<div class=\"elementor-widget-container\">\n\t\t\t\t\t\t\t\t\t\t\t\t\t\t\t<img decoding=\"async\" width=\"640\" height=\"427\" src=\"https:\/\/unaymilletras.com\/wp-content\/uploads\/2024\/01\/Operacion_Triunfo_Gala_9_Abraham_y_Omar_1_3000-1024x683.jpg\" class=\"attachment-large size-large wp-image-2004\" alt=\"OT\" srcset=\"https:\/\/unaymilletras.com\/wp-content\/uploads\/2024\/01\/Operacion_Triunfo_Gala_9_Abraham_y_Omar_1_3000-1024x683.jpg 1024w, https:\/\/unaymilletras.com\/wp-content\/uploads\/2024\/01\/Operacion_Triunfo_Gala_9_Abraham_y_Omar_1_3000-300x200.jpg 300w, https:\/\/unaymilletras.com\/wp-content\/uploads\/2024\/01\/Operacion_Triunfo_Gala_9_Abraham_y_Omar_1_3000-768x512.jpg 768w, https:\/\/unaymilletras.com\/wp-content\/uploads\/2024\/01\/Operacion_Triunfo_Gala_9_Abraham_y_Omar_1_3000-1536x1024.jpg 1536w, https:\/\/unaymilletras.com\/wp-content\/uploads\/2024\/01\/Operacion_Triunfo_Gala_9_Abraham_y_Omar_1_3000-2048x1365.jpg 2048w, https:\/\/unaymilletras.com\/wp-content\/uploads\/2024\/01\/Operacion_Triunfo_Gala_9_Abraham_y_Omar_1_3000-scaled-e1706576511443.jpg 600w\" sizes=\"(max-width: 640px) 100vw, 640px\" \/>\t\t\t\t\t\t\t\t\t\t\t\t\t\t\t<\/div>\n\t\t\t\t<\/div>\n\t\t\t\t\t<\/div>\n\t\t<\/div>\n\t\t\t\t\t<\/div>\n\t\t<\/section>\n\t\t\t\t<section class=\"elementor-section elementor-top-section elementor-element elementor-element-389b216 elementor-section-boxed elementor-section-height-default elementor-section-height-default\" data-id=\"389b216\" data-element_type=\"section\" data-e-type=\"section\">\n\t\t\t\t\t\t<div class=\"elementor-container elementor-column-gap-default\">\n\t\t\t\t\t<div class=\"elementor-column elementor-col-100 elementor-top-column elementor-element elementor-element-a7a1419\" data-id=\"a7a1419\" data-element_type=\"column\" data-e-type=\"column\">\n\t\t\t<div class=\"elementor-widget-wrap elementor-element-populated\">\n\t\t\t\t\t\t<div class=\"elementor-element elementor-element-6076a55 elementor-widget elementor-widget-text-editor\" data-id=\"6076a55\" data-element_type=\"widget\" data-e-type=\"widget\" data-widget_type=\"text-editor.default\">\n\t\t\t\t<div class=\"elementor-widget-container\">\n\t\t\t\t\t\t\t\t\t<p>Adem\u00e1s, se revelaron las primeras fechas de la <b>Gira de Operaci\u00f3n Triunfo 2023<\/b>: el<b> 1 de junio<\/b> en el <b>Palau Sant Jordi<\/b>, <b>Barcelona<\/b>, y el<b> 27 de junio<\/b> en el <b>WiZink<\/b> <b>Center<\/b>, <b>Madrid<\/b>. La preventa de <a href=\"http:\/\/www.otenconcierto.com\">entradas<\/a> comenzar\u00e1 el 30 de enero a las 12h y la venta general el d\u00eda 31 a las 12h.<\/p>\t\t\t\t\t\t\t\t<\/div>\n\t\t\t\t<\/div>\n\t\t\t\t\t<\/div>\n\t\t<\/div>\n\t\t\t\t\t<\/div>\n\t\t<\/section>\n\t\t\t\t<section class=\"elementor-section elementor-top-section elementor-element elementor-element-609c148 elementor-section-boxed elementor-section-height-default elementor-section-height-default\" data-id=\"609c148\" data-element_type=\"section\" data-e-type=\"section\">\n\t\t\t\t\t\t<div class=\"elementor-container elementor-column-gap-default\">\n\t\t\t\t\t<div class=\"elementor-column elementor-col-100 elementor-top-column elementor-element elementor-element-aa456cd\" data-id=\"aa456cd\" data-element_type=\"column\" data-e-type=\"column\">\n\t\t\t<div class=\"elementor-widget-wrap elementor-element-populated\">\n\t\t\t\t\t\t<div class=\"elementor-element elementor-element-86f4a82 elementor-widget elementor-widget-image\" data-id=\"86f4a82\" data-element_type=\"widget\" data-e-type=\"widget\" data-widget_type=\"image.default\">\n\t\t\t\t<div class=\"elementor-widget-container\">\n\t\t\t\t\t\t\t\t\t\t\t\t\t\t\t<img loading=\"lazy\" decoding=\"async\" width=\"640\" height=\"640\" src=\"https:\/\/unaymilletras.com\/wp-content\/uploads\/2024\/01\/gira-OT-1024x1024.jpeg\" class=\"attachment-large size-large wp-image-2003\" alt=\"OT\" srcset=\"https:\/\/unaymilletras.com\/wp-content\/uploads\/2024\/01\/gira-OT-1024x1024.jpeg 1024w, https:\/\/unaymilletras.com\/wp-content\/uploads\/2024\/01\/gira-OT-300x300.jpeg 300w, https:\/\/unaymilletras.com\/wp-content\/uploads\/2024\/01\/gira-OT-150x150.jpeg 150w, https:\/\/unaymilletras.com\/wp-content\/uploads\/2024\/01\/gira-OT-768x768.jpeg 768w, https:\/\/unaymilletras.com\/wp-content\/uploads\/2024\/01\/gira-OT-1536x1536.jpeg 1536w, https:\/\/unaymilletras.com\/wp-content\/uploads\/2024\/01\/gira-OT-e1706576466681.jpeg 600w\" sizes=\"(max-width: 640px) 100vw, 640px\" \/>\t\t\t\t\t\t\t\t\t\t\t\t\t\t\t<\/div>\n\t\t\t\t<\/div>\n\t\t\t\t\t<\/div>\n\t\t<\/div>\n\t\t\t\t\t<\/div>\n\t\t<\/section>\n\t\t\t\t<\/div>","protected":false},"excerpt":{"rendered":"<p>Abraham Mateo se une al jurado y protagoniza junto a Omar Montes la bachata de la noche en OT En la emocionante Gala 9 de OT, \u00c1lvaro Mayo se despide como el octavo expulsado de la edici\u00f3n. Mientras, Lucas y Chiara son nominados para la siguiente semana. Adem\u00e1s,\u00a0 Abraham Mateo se incorpor\u00f3 como el cuarto [&hellip;]<\/p>\n","protected":false},"author":1,"featured_media":2005,"comment_status":"open","ping_status":"open","sticky":false,"template":"","format":"standard","meta":{"footnotes":""},"categories":[4],"tags":[],"class_list":["post-2000","post","type-post","status-publish","format-standard","has-post-thumbnail","hentry","category-musica"],"yoast_head":"<!-- This site is optimized with the Yoast SEO plugin v27.4 - https:\/\/yoast.com\/product\/yoast-seo-wordpress\/ -->\n<title>Gala 9 OT: \u00c1lvaro Mayo se va y Lucas y Chiara nominados<\/title>\n<meta name=\"description\" content=\"Abraham Mateo se une al jurado y protagoniza junto a Omar Montes la bachata de la noche en OT en la Gala 9\" \/>\n<meta name=\"robots\" content=\"index, follow, max-snippet:-1, max-image-preview:large, max-video-preview:-1\" \/>\n<link rel=\"canonical\" href=\"https:\/\/unaymilletras.com\/en\/gala-9-ot-decimos-adios-a-alvaro-mayo-y-lucas-y-chiara-puestos-en-nominacion\/\" \/>\n<meta property=\"og:locale\" content=\"en_GB\" \/>\n<meta property=\"og:type\" content=\"article\" \/>\n<meta property=\"og:title\" content=\"Gala 9 OT: \u00c1lvaro Mayo se va y Lucas y Chiara nominados\" \/>\n<meta property=\"og:description\" content=\"Abraham Mateo se une al jurado y protagoniza junto a Omar Montes la bachata de la noche en OT en la Gala 9\" \/>\n<meta property=\"og:url\" content=\"https:\/\/unaymilletras.com\/en\/gala-9-ot-decimos-adios-a-alvaro-mayo-y-lucas-y-chiara-puestos-en-nominacion\/\" \/>\n<meta property=\"og:site_name\" content=\"Una y Mil Letras\" \/>\n<meta property=\"article:published_time\" content=\"2024-01-30T01:09:31+00:00\" \/>\n<meta property=\"article:modified_time\" content=\"2024-01-30T01:09:33+00:00\" \/>\n<meta property=\"og:image\" content=\"http:\/\/unaymilletras.com\/wp-content\/uploads\/2024\/01\/Operacion_Triunfo_Gala_9_Nominados_Alvaro_Mayo_y_Paul_Thin_3_3000-scaled-e1706576533436.jpg\" \/>\n\t<meta property=\"og:image:width\" content=\"600\" \/>\n\t<meta property=\"og:image:height\" content=\"400\" \/>\n\t<meta property=\"og:image:type\" content=\"image\/jpeg\" \/>\n<meta name=\"author\" content=\"Maria Gil Robledo\" \/>\n<meta name=\"twitter:card\" content=\"summary_large_image\" \/>\n<meta name=\"twitter:creator\" content=\"@UnaYMilLetras\" \/>\n<meta name=\"twitter:site\" content=\"@UnaYMilLetras\" \/>\n<meta name=\"twitter:label1\" content=\"Written by\" \/>\n\t<meta name=\"twitter:data1\" content=\"Maria Gil Robledo\" \/>\n\t<meta name=\"twitter:label2\" content=\"Estimated reading time\" \/>\n\t<meta name=\"twitter:data2\" content=\"2 minutes\" \/>\n<script type=\"application\/ld+json\" class=\"yoast-schema-graph\">{\"@context\":\"https:\\\/\\\/schema.org\",\"@graph\":[{\"@type\":\"Article\",\"@id\":\"https:\\\/\\\/unaymilletras.com\\\/gala-9-ot-decimos-adios-a-alvaro-mayo-y-lucas-y-chiara-puestos-en-nominacion\\\/#article\",\"isPartOf\":{\"@id\":\"https:\\\/\\\/unaymilletras.com\\\/gala-9-ot-decimos-adios-a-alvaro-mayo-y-lucas-y-chiara-puestos-en-nominacion\\\/\"},\"author\":{\"name\":\"Maria Gil Robledo\",\"@id\":\"http:\\\/\\\/unaymilletras.com\\\/#\\\/schema\\\/person\\\/d55ba681b8a4e463d8982dbe36a5dc94\"},\"headline\":\"Gala 9 OT: \u00c1lvaro Mayo se va y Lucas y Chiara nominados\",\"datePublished\":\"2024-01-30T01:09:31+00:00\",\"dateModified\":\"2024-01-30T01:09:33+00:00\",\"mainEntityOfPage\":{\"@id\":\"https:\\\/\\\/unaymilletras.com\\\/gala-9-ot-decimos-adios-a-alvaro-mayo-y-lucas-y-chiara-puestos-en-nominacion\\\/\"},\"wordCount\":193,\"commentCount\":0,\"publisher\":{\"@id\":\"http:\\\/\\\/unaymilletras.com\\\/#organization\"},\"image\":{\"@id\":\"https:\\\/\\\/unaymilletras.com\\\/gala-9-ot-decimos-adios-a-alvaro-mayo-y-lucas-y-chiara-puestos-en-nominacion\\\/#primaryimage\"},\"thumbnailUrl\":\"https:\\\/\\\/unaymilletras.com\\\/wp-content\\\/uploads\\\/2024\\\/01\\\/Operacion_Triunfo_Gala_9_Nominados_Alvaro_Mayo_y_Paul_Thin_3_3000-scaled-e1706576533436.jpg\",\"articleSection\":[\"M\u00fasica\"],\"inLanguage\":\"en-GB\",\"potentialAction\":[{\"@type\":\"CommentAction\",\"name\":\"Comment\",\"target\":[\"https:\\\/\\\/unaymilletras.com\\\/gala-9-ot-decimos-adios-a-alvaro-mayo-y-lucas-y-chiara-puestos-en-nominacion\\\/#respond\"]}]},{\"@type\":\"WebPage\",\"@id\":\"https:\\\/\\\/unaymilletras.com\\\/gala-9-ot-decimos-adios-a-alvaro-mayo-y-lucas-y-chiara-puestos-en-nominacion\\\/\",\"url\":\"https:\\\/\\\/unaymilletras.com\\\/gala-9-ot-decimos-adios-a-alvaro-mayo-y-lucas-y-chiara-puestos-en-nominacion\\\/\",\"name\":\"Gala 9 OT: \u00c1lvaro Mayo se va y Lucas y Chiara nominados\",\"isPartOf\":{\"@id\":\"http:\\\/\\\/unaymilletras.com\\\/#website\"},\"primaryImageOfPage\":{\"@id\":\"https:\\\/\\\/unaymilletras.com\\\/gala-9-ot-decimos-adios-a-alvaro-mayo-y-lucas-y-chiara-puestos-en-nominacion\\\/#primaryimage\"},\"image\":{\"@id\":\"https:\\\/\\\/unaymilletras.com\\\/gala-9-ot-decimos-adios-a-alvaro-mayo-y-lucas-y-chiara-puestos-en-nominacion\\\/#primaryimage\"},\"thumbnailUrl\":\"https:\\\/\\\/unaymilletras.com\\\/wp-content\\\/uploads\\\/2024\\\/01\\\/Operacion_Triunfo_Gala_9_Nominados_Alvaro_Mayo_y_Paul_Thin_3_3000-scaled-e1706576533436.jpg\",\"datePublished\":\"2024-01-30T01:09:31+00:00\",\"dateModified\":\"2024-01-30T01:09:33+00:00\",\"description\":\"Abraham Mateo se une al jurado y protagoniza junto a Omar Montes la bachata de la noche en OT en la Gala 9\",\"breadcrumb\":{\"@id\":\"https:\\\/\\\/unaymilletras.com\\\/gala-9-ot-decimos-adios-a-alvaro-mayo-y-lucas-y-chiara-puestos-en-nominacion\\\/#breadcrumb\"},\"inLanguage\":\"en-GB\",\"potentialAction\":[{\"@type\":\"ReadAction\",\"target\":[\"https:\\\/\\\/unaymilletras.com\\\/gala-9-ot-decimos-adios-a-alvaro-mayo-y-lucas-y-chiara-puestos-en-nominacion\\\/\"]}]},{\"@type\":\"ImageObject\",\"inLanguage\":\"en-GB\",\"@id\":\"https:\\\/\\\/unaymilletras.com\\\/gala-9-ot-decimos-adios-a-alvaro-mayo-y-lucas-y-chiara-puestos-en-nominacion\\\/#primaryimage\",\"url\":\"https:\\\/\\\/unaymilletras.com\\\/wp-content\\\/uploads\\\/2024\\\/01\\\/Operacion_Triunfo_Gala_9_Nominados_Alvaro_Mayo_y_Paul_Thin_3_3000-scaled-e1706576533436.jpg\",\"contentUrl\":\"https:\\\/\\\/unaymilletras.com\\\/wp-content\\\/uploads\\\/2024\\\/01\\\/Operacion_Triunfo_Gala_9_Nominados_Alvaro_Mayo_y_Paul_Thin_3_3000-scaled-e1706576533436.jpg\",\"width\":600,\"height\":400},{\"@type\":\"BreadcrumbList\",\"@id\":\"https:\\\/\\\/unaymilletras.com\\\/gala-9-ot-decimos-adios-a-alvaro-mayo-y-lucas-y-chiara-puestos-en-nominacion\\\/#breadcrumb\",\"itemListElement\":[{\"@type\":\"ListItem\",\"position\":1,\"name\":\"Home\",\"item\":\"http:\\\/\\\/unaymilletras.com\\\/\"},{\"@type\":\"ListItem\",\"position\":2,\"name\":\"Gala 9 OT: \u00c1lvaro Mayo se va y Lucas y Chiara nominados\"}]},{\"@type\":\"WebSite\",\"@id\":\"http:\\\/\\\/unaymilletras.com\\\/#website\",\"url\":\"http:\\\/\\\/unaymilletras.com\\\/\",\"name\":\"Una y Mil Letras\",\"description\":\"\",\"publisher\":{\"@id\":\"http:\\\/\\\/unaymilletras.com\\\/#organization\"},\"potentialAction\":[{\"@type\":\"SearchAction\",\"target\":{\"@type\":\"EntryPoint\",\"urlTemplate\":\"http:\\\/\\\/unaymilletras.com\\\/?s={search_term_string}\"},\"query-input\":{\"@type\":\"PropertyValueSpecification\",\"valueRequired\":true,\"valueName\":\"search_term_string\"}}],\"inLanguage\":\"en-GB\"},{\"@type\":\"Organization\",\"@id\":\"http:\\\/\\\/unaymilletras.com\\\/#organization\",\"name\":\"Una y Mil Letras\",\"url\":\"http:\\\/\\\/unaymilletras.com\\\/\",\"logo\":{\"@type\":\"ImageObject\",\"inLanguage\":\"en-GB\",\"@id\":\"http:\\\/\\\/unaymilletras.com\\\/#\\\/schema\\\/logo\\\/image\\\/\",\"url\":\"https:\\\/\\\/unaymilletras.com\\\/wp-content\\\/uploads\\\/2024\\\/06\\\/cropped-Logo-removebg-preview.png\",\"contentUrl\":\"https:\\\/\\\/unaymilletras.com\\\/wp-content\\\/uploads\\\/2024\\\/06\\\/cropped-Logo-removebg-preview.png\",\"width\":512,\"height\":512,\"caption\":\"Una y Mil Letras\"},\"image\":{\"@id\":\"http:\\\/\\\/unaymilletras.com\\\/#\\\/schema\\\/logo\\\/image\\\/\"},\"sameAs\":[\"https:\\\/\\\/x.com\\\/UnaYMilLetras\",\"https:\\\/\\\/instagram.com\\\/UnaYMilLetras\"]},{\"@type\":\"Person\",\"@id\":\"http:\\\/\\\/unaymilletras.com\\\/#\\\/schema\\\/person\\\/d55ba681b8a4e463d8982dbe36a5dc94\",\"name\":\"Maria Gil Robledo\",\"image\":{\"@type\":\"ImageObject\",\"inLanguage\":\"en-GB\",\"@id\":\"https:\\\/\\\/secure.gravatar.com\\\/avatar\\\/4b8e5102e0015789407eb4870b12f0f2857952d83ca124058f92b764bd1840c3?s=96&d=mm&r=g\",\"url\":\"https:\\\/\\\/secure.gravatar.com\\\/avatar\\\/4b8e5102e0015789407eb4870b12f0f2857952d83ca124058f92b764bd1840c3?s=96&d=mm&r=g\",\"contentUrl\":\"https:\\\/\\\/secure.gravatar.com\\\/avatar\\\/4b8e5102e0015789407eb4870b12f0f2857952d83ca124058f92b764bd1840c3?s=96&d=mm&r=g\",\"caption\":\"Maria Gil Robledo\"},\"sameAs\":[\"http:\\\/\\\/unaymilletras.com\"],\"url\":\"https:\\\/\\\/unaymilletras.com\\\/en\\\/author\\\/mariiagiil02_\\\/\"}]}<\/script>\n<!-- \/ Yoast SEO plugin. -->","yoast_head_json":{"title":"Gala 9 OT: \u00c1lvaro Mayo se va y Lucas y Chiara nominados","description":"Abraham Mateo se une al jurado y protagoniza junto a Omar Montes la bachata de la noche en OT en la Gala 9","robots":{"index":"index","follow":"follow","max-snippet":"max-snippet:-1","max-image-preview":"max-image-preview:large","max-video-preview":"max-video-preview:-1"},"canonical":"https:\/\/unaymilletras.com\/en\/gala-9-ot-decimos-adios-a-alvaro-mayo-y-lucas-y-chiara-puestos-en-nominacion\/","og_locale":"en_GB","og_type":"article","og_title":"Gala 9 OT: \u00c1lvaro Mayo se va y Lucas y Chiara nominados","og_description":"Abraham Mateo se une al jurado y protagoniza junto a Omar Montes la bachata de la noche en OT en la Gala 9","og_url":"https:\/\/unaymilletras.com\/en\/gala-9-ot-decimos-adios-a-alvaro-mayo-y-lucas-y-chiara-puestos-en-nominacion\/","og_site_name":"Una y Mil Letras","article_published_time":"2024-01-30T01:09:31+00:00","article_modified_time":"2024-01-30T01:09:33+00:00","og_image":[{"width":600,"height":400,"url":"http:\/\/unaymilletras.com\/wp-content\/uploads\/2024\/01\/Operacion_Triunfo_Gala_9_Nominados_Alvaro_Mayo_y_Paul_Thin_3_3000-scaled-e1706576533436.jpg","type":"image\/jpeg"}],"author":"Maria Gil Robledo","twitter_card":"summary_large_image","twitter_creator":"@UnaYMilLetras","twitter_site":"@UnaYMilLetras","twitter_misc":{"Written by":"Maria Gil Robledo","Estimated reading time":"2 minutes"},"schema":{"@context":"https:\/\/schema.org","@graph":[{"@type":"Article","@id":"https:\/\/unaymilletras.com\/gala-9-ot-decimos-adios-a-alvaro-mayo-y-lucas-y-chiara-puestos-en-nominacion\/#article","isPartOf":{"@id":"https:\/\/unaymilletras.com\/gala-9-ot-decimos-adios-a-alvaro-mayo-y-lucas-y-chiara-puestos-en-nominacion\/"},"author":{"name":"Maria Gil Robledo","@id":"http:\/\/unaymilletras.com\/#\/schema\/person\/d55ba681b8a4e463d8982dbe36a5dc94"},"headline":"Gala 9 OT: \u00c1lvaro Mayo se va y Lucas y Chiara nominados","datePublished":"2024-01-30T01:09:31+00:00","dateModified":"2024-01-30T01:09:33+00:00","mainEntityOfPage":{"@id":"https:\/\/unaymilletras.com\/gala-9-ot-decimos-adios-a-alvaro-mayo-y-lucas-y-chiara-puestos-en-nominacion\/"},"wordCount":193,"commentCount":0,"publisher":{"@id":"http:\/\/unaymilletras.com\/#organization"},"image":{"@id":"https:\/\/unaymilletras.com\/gala-9-ot-decimos-adios-a-alvaro-mayo-y-lucas-y-chiara-puestos-en-nominacion\/#primaryimage"},"thumbnailUrl":"https:\/\/unaymilletras.com\/wp-content\/uploads\/2024\/01\/Operacion_Triunfo_Gala_9_Nominados_Alvaro_Mayo_y_Paul_Thin_3_3000-scaled-e1706576533436.jpg","articleSection":["M\u00fasica"],"inLanguage":"en-GB","potentialAction":[{"@type":"CommentAction","name":"Comment","target":["https:\/\/unaymilletras.com\/gala-9-ot-decimos-adios-a-alvaro-mayo-y-lucas-y-chiara-puestos-en-nominacion\/#respond"]}]},{"@type":"WebPage","@id":"https:\/\/unaymilletras.com\/gala-9-ot-decimos-adios-a-alvaro-mayo-y-lucas-y-chiara-puestos-en-nominacion\/","url":"https:\/\/unaymilletras.com\/gala-9-ot-decimos-adios-a-alvaro-mayo-y-lucas-y-chiara-puestos-en-nominacion\/","name":"Gala 9 OT: \u00c1lvaro Mayo se va y Lucas y Chiara nominados","isPartOf":{"@id":"http:\/\/unaymilletras.com\/#website"},"primaryImageOfPage":{"@id":"https:\/\/unaymilletras.com\/gala-9-ot-decimos-adios-a-alvaro-mayo-y-lucas-y-chiara-puestos-en-nominacion\/#primaryimage"},"image":{"@id":"https:\/\/unaymilletras.com\/gala-9-ot-decimos-adios-a-alvaro-mayo-y-lucas-y-chiara-puestos-en-nominacion\/#primaryimage"},"thumbnailUrl":"https:\/\/unaymilletras.com\/wp-content\/uploads\/2024\/01\/Operacion_Triunfo_Gala_9_Nominados_Alvaro_Mayo_y_Paul_Thin_3_3000-scaled-e1706576533436.jpg","datePublished":"2024-01-30T01:09:31+00:00","dateModified":"2024-01-30T01:09:33+00:00","description":"Abraham Mateo se une al jurado y protagoniza junto a Omar Montes la bachata de la noche en OT en la Gala 9","breadcrumb":{"@id":"https:\/\/unaymilletras.com\/gala-9-ot-decimos-adios-a-alvaro-mayo-y-lucas-y-chiara-puestos-en-nominacion\/#breadcrumb"},"inLanguage":"en-GB","potentialAction":[{"@type":"ReadAction","target":["https:\/\/unaymilletras.com\/gala-9-ot-decimos-adios-a-alvaro-mayo-y-lucas-y-chiara-puestos-en-nominacion\/"]}]},{"@type":"ImageObject","inLanguage":"en-GB","@id":"https:\/\/unaymilletras.com\/gala-9-ot-decimos-adios-a-alvaro-mayo-y-lucas-y-chiara-puestos-en-nominacion\/#primaryimage","url":"https:\/\/unaymilletras.com\/wp-content\/uploads\/2024\/01\/Operacion_Triunfo_Gala_9_Nominados_Alvaro_Mayo_y_Paul_Thin_3_3000-scaled-e1706576533436.jpg","contentUrl":"https:\/\/unaymilletras.com\/wp-content\/uploads\/2024\/01\/Operacion_Triunfo_Gala_9_Nominados_Alvaro_Mayo_y_Paul_Thin_3_3000-scaled-e1706576533436.jpg","width":600,"height":400},{"@type":"BreadcrumbList","@id":"https:\/\/unaymilletras.com\/gala-9-ot-decimos-adios-a-alvaro-mayo-y-lucas-y-chiara-puestos-en-nominacion\/#breadcrumb","itemListElement":[{"@type":"ListItem","position":1,"name":"Home","item":"http:\/\/unaymilletras.com\/"},{"@type":"ListItem","position":2,"name":"Gala 9 OT: \u00c1lvaro Mayo se va y Lucas y Chiara nominados"}]},{"@type":"WebSite","@id":"http:\/\/unaymilletras.com\/#website","url":"http:\/\/unaymilletras.com\/","name":"Una y Mil Letras","description":"","publisher":{"@id":"http:\/\/unaymilletras.com\/#organization"},"potentialAction":[{"@type":"SearchAction","target":{"@type":"EntryPoint","urlTemplate":"http:\/\/unaymilletras.com\/?s={search_term_string}"},"query-input":{"@type":"PropertyValueSpecification","valueRequired":true,"valueName":"search_term_string"}}],"inLanguage":"en-GB"},{"@type":"Organization","@id":"http:\/\/unaymilletras.com\/#organization","name":"Una y Mil Letras","url":"http:\/\/unaymilletras.com\/","logo":{"@type":"ImageObject","inLanguage":"en-GB","@id":"http:\/\/unaymilletras.com\/#\/schema\/logo\/image\/","url":"https:\/\/unaymilletras.com\/wp-content\/uploads\/2024\/06\/cropped-Logo-removebg-preview.png","contentUrl":"https:\/\/unaymilletras.com\/wp-content\/uploads\/2024\/06\/cropped-Logo-removebg-preview.png","width":512,"height":512,"caption":"Una y Mil Letras"},"image":{"@id":"http:\/\/unaymilletras.com\/#\/schema\/logo\/image\/"},"sameAs":["https:\/\/x.com\/UnaYMilLetras","https:\/\/instagram.com\/UnaYMilLetras"]},{"@type":"Person","@id":"http:\/\/unaymilletras.com\/#\/schema\/person\/d55ba681b8a4e463d8982dbe36a5dc94","name":"Maria Gil Robledo","image":{"@type":"ImageObject","inLanguage":"en-GB","@id":"https:\/\/secure.gravatar.com\/avatar\/4b8e5102e0015789407eb4870b12f0f2857952d83ca124058f92b764bd1840c3?s=96&d=mm&r=g","url":"https:\/\/secure.gravatar.com\/avatar\/4b8e5102e0015789407eb4870b12f0f2857952d83ca124058f92b764bd1840c3?s=96&d=mm&r=g","contentUrl":"https:\/\/secure.gravatar.com\/avatar\/4b8e5102e0015789407eb4870b12f0f2857952d83ca124058f92b764bd1840c3?s=96&d=mm&r=g","caption":"Maria Gil Robledo"},"sameAs":["http:\/\/unaymilletras.com"],"url":"https:\/\/unaymilletras.com\/en\/author\/mariiagiil02_\/"}]}},"_links":{"self":[{"href":"https:\/\/unaymilletras.com\/en\/wp-json\/wp\/v2\/posts\/2000","targetHints":{"allow":["GET"]}}],"collection":[{"href":"https:\/\/unaymilletras.com\/en\/wp-json\/wp\/v2\/posts"}],"about":[{"href":"https:\/\/unaymilletras.com\/en\/wp-json\/wp\/v2\/types\/post"}],"author":[{"embeddable":true,"href":"https:\/\/unaymilletras.com\/en\/wp-json\/wp\/v2\/users\/1"}],"replies":[{"embeddable":true,"href":"https:\/\/unaymilletras.com\/en\/wp-json\/wp\/v2\/comments?post=2000"}],"version-history":[{"count":7,"href":"https:\/\/unaymilletras.com\/en\/wp-json\/wp\/v2\/posts\/2000\/revisions"}],"predecessor-version":[{"id":2011,"href":"https:\/\/unaymilletras.com\/en\/wp-json\/wp\/v2\/posts\/2000\/revisions\/2011"}],"wp:featuredmedia":[{"embeddable":true,"href":"https:\/\/unaymilletras.com\/en\/wp-json\/wp\/v2\/media\/2005"}],"wp:attachment":[{"href":"https:\/\/unaymilletras.com\/en\/wp-json\/wp\/v2\/media?parent=2000"}],"wp:term":[{"taxonomy":"category","embeddable":true,"href":"https:\/\/unaymilletras.com\/en\/wp-json\/wp\/v2\/categories?post=2000"},{"taxonomy":"post_tag","embeddable":true,"href":"https:\/\/unaymilletras.com\/en\/wp-json\/wp\/v2\/tags?post=2000"}],"curies":[{"name":"wp","href":"https:\/\/api.w.org\/{rel}","templated":true}]}}