{"id":2012,"date":"2024-01-31T13:58:59","date_gmt":"2024-01-31T12:58:59","guid":{"rendered":"https:\/\/unaymilletras.com\/?p=2012"},"modified":"2024-01-31T14:05:23","modified_gmt":"2024-01-31T13:05:23","slug":"duki-deja-al-bernabeu-sin-entradas-y-sigue-sumando-hitos","status":"publish","type":"post","link":"https:\/\/unaymilletras.com\/en\/duki-deja-al-bernabeu-sin-entradas-y-sigue-sumando-hitos\/","title":{"rendered":"Duki deja al Bernab\u00e9u sin entradas y sigue sumando hitos"},"content":{"rendered":"<div data-elementor-type=\"wp-post\" data-elementor-id=\"2012\" class=\"elementor elementor-2012\">\n\t\t\t\t\t\t<section class=\"elementor-section elementor-top-section elementor-element elementor-element-cd2e3c0 elementor-section-boxed elementor-section-height-default elementor-section-height-default\" data-id=\"cd2e3c0\" data-element_type=\"section\" data-e-type=\"section\">\n\t\t\t\t\t\t<div class=\"elementor-container elementor-column-gap-default\">\n\t\t\t\t\t<div class=\"elementor-column elementor-col-100 elementor-top-column elementor-element elementor-element-205ae33\" data-id=\"205ae33\" data-element_type=\"column\" data-e-type=\"column\">\n\t\t\t<div class=\"elementor-widget-wrap elementor-element-populated\">\n\t\t\t\t\t\t<div class=\"elementor-element elementor-element-291517f elementor-widget elementor-widget-text-editor\" data-id=\"291517f\" data-element_type=\"widget\" data-e-type=\"widget\" data-widget_type=\"text-editor.default\">\n\t\t\t\t<div class=\"elementor-widget-container\">\n\t\t\t\t\t\t\t\t\t<h2 style=\"text-align: center;\"><span style=\"color: #808080;\"><em>Un nuevo hecho historio para Duki tras haber actuado en dos estadios River con sold out<\/em><\/span><\/h2>\t\t\t\t\t\t\t\t<\/div>\n\t\t\t\t<\/div>\n\t\t\t\t\t<\/div>\n\t\t<\/div>\n\t\t\t\t\t<\/div>\n\t\t<\/section>\n\t\t\t\t<section class=\"elementor-section elementor-top-section elementor-element elementor-element-2e7d8a1 elementor-section-boxed elementor-section-height-default elementor-section-height-default\" data-id=\"2e7d8a1\" data-element_type=\"section\" data-e-type=\"section\">\n\t\t\t\t\t\t<div class=\"elementor-container elementor-column-gap-default\">\n\t\t\t\t\t<div class=\"elementor-column elementor-col-50 elementor-top-column elementor-element elementor-element-bbbba00\" data-id=\"bbbba00\" data-element_type=\"column\" data-e-type=\"column\">\n\t\t\t<div class=\"elementor-widget-wrap elementor-element-populated\">\n\t\t\t\t\t\t<div class=\"elementor-element elementor-element-6650e89 elementor-widget elementor-widget-image\" data-id=\"6650e89\" data-element_type=\"widget\" data-e-type=\"widget\" data-widget_type=\"image.default\">\n\t\t\t\t<div class=\"elementor-widget-container\">\n\t\t\t\t\t\t\t\t\t\t\t\t\t\t\t<img fetchpriority=\"high\" decoding=\"async\" width=\"640\" height=\"640\" src=\"https:\/\/unaymilletras.com\/wp-content\/uploads\/2024\/01\/DUKI-1024x1024.jpeg\" class=\"attachment-large size-large wp-image-2014\" alt=\"Duki\" srcset=\"https:\/\/unaymilletras.com\/wp-content\/uploads\/2024\/01\/DUKI-1024x1024.jpeg 1024w, https:\/\/unaymilletras.com\/wp-content\/uploads\/2024\/01\/DUKI-300x300.jpeg 300w, https:\/\/unaymilletras.com\/wp-content\/uploads\/2024\/01\/DUKI-150x150.jpeg 150w, https:\/\/unaymilletras.com\/wp-content\/uploads\/2024\/01\/DUKI-768x768.jpeg 768w, https:\/\/unaymilletras.com\/wp-content\/uploads\/2024\/01\/DUKI-1536x1536.jpeg 1536w, https:\/\/unaymilletras.com\/wp-content\/uploads\/2024\/01\/DUKI-e1706706084542.jpeg 600w\" sizes=\"(max-width: 640px) 100vw, 640px\" \/>\t\t\t\t\t\t\t\t\t\t\t\t\t\t\t<\/div>\n\t\t\t\t<\/div>\n\t\t\t\t\t<\/div>\n\t\t<\/div>\n\t\t\t\t<div class=\"elementor-column elementor-col-50 elementor-top-column elementor-element elementor-element-0b26e02\" data-id=\"0b26e02\" data-element_type=\"column\" data-e-type=\"column\">\n\t\t\t<div class=\"elementor-widget-wrap elementor-element-populated\">\n\t\t\t\t\t\t<div class=\"elementor-element elementor-element-a7ba720 elementor-widget elementor-widget-text-editor\" data-id=\"a7ba720\" data-element_type=\"widget\" data-e-type=\"widget\" data-widget_type=\"text-editor.default\">\n\t\t\t\t<div class=\"elementor-widget-container\">\n\t\t\t\t\t\t\t\t\t<p>A cuatro meses de que <b>Duki<\/b> se convierta en el primer argentino en actuar en el <b>Santiago<\/b> <b>Bernab\u00e9u<\/b> logra un nuevo hito. Entradas agotadas para el concierto tan esperado. Un evento que quedar\u00e1 marcado en la historia del movimiento argentino gracias a su m\u00e1ximo exponente en el mundo entero.<\/p>\t\t\t\t\t\t\t\t<\/div>\n\t\t\t\t<\/div>\n\t\t\t\t\t<\/div>\n\t\t<\/div>\n\t\t\t\t\t<\/div>\n\t\t<\/section>\n\t\t\t\t<section class=\"elementor-section elementor-top-section elementor-element elementor-element-2a7882c elementor-section-boxed elementor-section-height-default elementor-section-height-default\" data-id=\"2a7882c\" data-element_type=\"section\" data-e-type=\"section\">\n\t\t\t\t\t\t<div class=\"elementor-container elementor-column-gap-default\">\n\t\t\t\t\t<div class=\"elementor-column elementor-col-100 elementor-top-column elementor-element elementor-element-18faabd\" data-id=\"18faabd\" data-element_type=\"column\" data-e-type=\"column\">\n\t\t\t<div class=\"elementor-widget-wrap elementor-element-populated\">\n\t\t\t\t\t\t<div class=\"elementor-element elementor-element-fc96b62 elementor-widget elementor-widget-text-editor\" data-id=\"fc96b62\" data-element_type=\"widget\" data-e-type=\"widget\" data-widget_type=\"text-editor.default\">\n\t\t\t\t<div class=\"elementor-widget-container\">\n\t\t\t\t\t\t\t\t\t<p><span style=\"color: #808080;\">Hace menos de dos meses Duki actuaba en dos noches inolvidables con el <b>Estadio <a style=\"color: #808080;\" href=\"https:\/\/unaymilletras.com\/en\/duki-arrasa-en-dos-noches-inolvidables-en-river\/\">River<\/a><\/b> repleto. Dos actuaciones en las que estuvo acompa\u00f1ado de sus amigos, cantando temas m\u00edticos, pero tambi\u00e9n nuevos. Dos espect\u00e1culos que conquistaron a los asistentes y no dej\u00f3 indiferente a nadie.<\/span><\/p><p><span style=\"color: #808080;\">Ahora, el <a style=\"color: #808080;\" href=\"https:\/\/open.spotify.com\/intl-es\/artist\/1bAftSH8umNcGZ0uyV7LMg?si=97a36362860042d4\">argentino<\/a> prepara su show en su pr\u00f3ximo estadio. Esta vez ser\u00e1 en <b>Madrid<\/b>, reafirmando as\u00ed el compromiso que tienen sus fans espa\u00f1oles con \u00e9l. Sin duda, es el l\u00edder de un movimiento que comenz\u00f3 hace a\u00f1os y ya no para de romper r\u00e9cords, sin fronteras.<\/span><\/p>\t\t\t\t\t\t\t\t<\/div>\n\t\t\t\t<\/div>\n\t\t\t\t\t<\/div>\n\t\t<\/div>\n\t\t\t\t\t<\/div>\n\t\t<\/section>\n\t\t\t\t<section class=\"elementor-section elementor-top-section elementor-element elementor-element-52e56c9 elementor-section-boxed elementor-section-height-default elementor-section-height-default\" data-id=\"52e56c9\" data-element_type=\"section\" data-e-type=\"section\">\n\t\t\t\t\t\t<div class=\"elementor-container elementor-column-gap-default\">\n\t\t\t\t\t<div class=\"elementor-column elementor-col-100 elementor-top-column elementor-element elementor-element-47241c0\" data-id=\"47241c0\" data-element_type=\"column\" data-e-type=\"column\">\n\t\t\t<div class=\"elementor-widget-wrap elementor-element-populated\">\n\t\t\t\t\t\t<div class=\"elementor-element elementor-element-0c3bf9d elementor-widget elementor-widget-image\" data-id=\"0c3bf9d\" data-element_type=\"widget\" data-e-type=\"widget\" data-widget_type=\"image.default\">\n\t\t\t\t<div class=\"elementor-widget-container\">\n\t\t\t\t\t\t\t\t\t\t\t\t<figure class=\"wp-caption\">\n\t\t\t\t\t\t\t\t\t\t<img decoding=\"async\" width=\"640\" height=\"358\" src=\"https:\/\/unaymilletras.com\/wp-content\/uploads\/2024\/01\/Duuki-1024x573.jpeg\" class=\"attachment-large size-large wp-image-2015\" alt=\"\" srcset=\"https:\/\/unaymilletras.com\/wp-content\/uploads\/2024\/01\/Duuki-1024x573.jpeg 1024w, https:\/\/unaymilletras.com\/wp-content\/uploads\/2024\/01\/Duuki-300x168.jpeg 300w, https:\/\/unaymilletras.com\/wp-content\/uploads\/2024\/01\/Duuki-768x430.jpeg 768w, https:\/\/unaymilletras.com\/wp-content\/uploads\/2024\/01\/Duuki-1536x860.jpeg 1536w, https:\/\/unaymilletras.com\/wp-content\/uploads\/2024\/01\/Duuki-e1706706165106.jpeg 600w\" sizes=\"(max-width: 640px) 100vw, 640px\" \/>\t\t\t\t\t\t\t\t\t\t\t<figcaption class=\"widget-image-caption wp-caption-text\">Fotograf\u00eda: Cortes\u00eda de DalePlay<\/figcaption>\n\t\t\t\t\t\t\t\t\t\t<\/figure>\n\t\t\t\t\t\t\t\t\t<\/div>\n\t\t\t\t<\/div>\n\t\t\t\t\t<\/div>\n\t\t<\/div>\n\t\t\t\t\t<\/div>\n\t\t<\/section>\n\t\t\t\t<section class=\"elementor-section elementor-top-section elementor-element elementor-element-06bc98b elementor-section-boxed elementor-section-height-default elementor-section-height-default\" data-id=\"06bc98b\" data-element_type=\"section\" data-e-type=\"section\">\n\t\t\t\t\t\t<div class=\"elementor-container elementor-column-gap-default\">\n\t\t\t\t\t<div class=\"elementor-column elementor-col-100 elementor-top-column elementor-element elementor-element-c8be8b1\" data-id=\"c8be8b1\" data-element_type=\"column\" data-e-type=\"column\">\n\t\t\t<div class=\"elementor-widget-wrap elementor-element-populated\">\n\t\t\t\t\t\t<div class=\"elementor-element elementor-element-da18843 elementor-widget elementor-widget-text-editor\" data-id=\"da18843\" data-element_type=\"widget\" data-e-type=\"widget\" data-widget_type=\"text-editor.default\">\n\t\t\t\t<div class=\"elementor-widget-container\">\n\t\t\t\t\t\t\t\t\t<p>El <b>8 de junio<\/b> Duki presentar\u00e1 su nuevo disco <em>Antes de Ameri<\/em>. Aunque todos aquellos que hayan comprado la entrada podr\u00e1n disfrutar de sus temas m\u00e1s ic\u00f3nicos y los no tan nuevos. El a\u00f1o solo acaba de empezar y a\u00fan faltan muchos anuncios y sorpresas que el artista tiene preparados para sus seguidores.<\/p>\t\t\t\t\t\t\t\t<\/div>\n\t\t\t\t<\/div>\n\t\t\t\t\t<\/div>\n\t\t<\/div>\n\t\t\t\t\t<\/div>\n\t\t<\/section>\n\t\t\t\t<\/div>","protected":false},"excerpt":{"rendered":"<p>Un nuevo hecho historio para Duki tras haber actuado en dos estadios River con sold out A cuatro meses de que Duki se convierta en el primer argentino en actuar en el Santiago Bernab\u00e9u logra un nuevo hito. Entradas agotadas para el concierto tan esperado. Un evento que quedar\u00e1 marcado en la historia del movimiento [&hellip;]<\/p>\n","protected":false},"author":1,"featured_media":2014,"comment_status":"open","ping_status":"open","sticky":false,"template":"","format":"standard","meta":{"footnotes":""},"categories":[4],"tags":[],"class_list":["post-2012","post","type-post","status-publish","format-standard","has-post-thumbnail","hentry","category-musica"],"yoast_head":"<!-- This site is optimized with the Yoast SEO plugin v27.4 - https:\/\/yoast.com\/product\/yoast-seo-wordpress\/ -->\n<title>Duki deja al Bernab\u00e9u sin entradas y sigue sumando hitos<\/title>\n<meta name=\"description\" content=\"Un nuevo hecho historio para la carrera musical de Duki tras haber actuado en dos estadios River con sold out\" \/>\n<meta name=\"robots\" content=\"index, follow, max-snippet:-1, max-image-preview:large, max-video-preview:-1\" \/>\n<link rel=\"canonical\" href=\"https:\/\/unaymilletras.com\/en\/duki-deja-al-bernabeu-sin-entradas-y-sigue-sumando-hitos\/\" \/>\n<meta property=\"og:locale\" content=\"en_GB\" \/>\n<meta property=\"og:type\" content=\"article\" \/>\n<meta property=\"og:title\" content=\"Duki deja al Bernab\u00e9u sin entradas y sigue sumando hitos\" \/>\n<meta property=\"og:description\" content=\"Un nuevo hecho historio para la carrera musical de Duki tras haber actuado en dos estadios River con sold out\" \/>\n<meta property=\"og:url\" content=\"https:\/\/unaymilletras.com\/en\/duki-deja-al-bernabeu-sin-entradas-y-sigue-sumando-hitos\/\" \/>\n<meta property=\"og:site_name\" content=\"Una y Mil Letras\" \/>\n<meta property=\"article:published_time\" content=\"2024-01-31T12:58:59+00:00\" \/>\n<meta property=\"article:modified_time\" content=\"2024-01-31T13:05:23+00:00\" \/>\n<meta property=\"og:image\" content=\"http:\/\/unaymilletras.com\/wp-content\/uploads\/2024\/01\/DUKI-e1706706084542.jpeg\" \/>\n\t<meta property=\"og:image:width\" content=\"600\" \/>\n\t<meta property=\"og:image:height\" content=\"600\" \/>\n\t<meta property=\"og:image:type\" content=\"image\/jpeg\" \/>\n<meta name=\"author\" content=\"Maria Gil Robledo\" \/>\n<meta name=\"twitter:card\" content=\"summary_large_image\" \/>\n<meta name=\"twitter:creator\" content=\"@UnaYMilLetras\" \/>\n<meta name=\"twitter:site\" content=\"@UnaYMilLetras\" \/>\n<meta name=\"twitter:label1\" content=\"Written by\" \/>\n\t<meta name=\"twitter:data1\" content=\"Maria Gil Robledo\" \/>\n\t<meta name=\"twitter:label2\" content=\"Estimated reading time\" \/>\n\t<meta name=\"twitter:data2\" content=\"2 minutes\" \/>\n<script type=\"application\/ld+json\" class=\"yoast-schema-graph\">{\"@context\":\"https:\\\/\\\/schema.org\",\"@graph\":[{\"@type\":\"Article\",\"@id\":\"https:\\\/\\\/unaymilletras.com\\\/duki-deja-al-bernabeu-sin-entradas-y-sigue-sumando-hitos\\\/#article\",\"isPartOf\":{\"@id\":\"https:\\\/\\\/unaymilletras.com\\\/duki-deja-al-bernabeu-sin-entradas-y-sigue-sumando-hitos\\\/\"},\"author\":{\"name\":\"Maria Gil Robledo\",\"@id\":\"http:\\\/\\\/unaymilletras.com\\\/#\\\/schema\\\/person\\\/d55ba681b8a4e463d8982dbe36a5dc94\"},\"headline\":\"Duki deja al Bernab\u00e9u sin entradas y sigue sumando hitos\",\"datePublished\":\"2024-01-31T12:58:59+00:00\",\"dateModified\":\"2024-01-31T13:05:23+00:00\",\"mainEntityOfPage\":{\"@id\":\"https:\\\/\\\/unaymilletras.com\\\/duki-deja-al-bernabeu-sin-entradas-y-sigue-sumando-hitos\\\/\"},\"wordCount\":242,\"commentCount\":0,\"publisher\":{\"@id\":\"http:\\\/\\\/unaymilletras.com\\\/#organization\"},\"image\":{\"@id\":\"https:\\\/\\\/unaymilletras.com\\\/duki-deja-al-bernabeu-sin-entradas-y-sigue-sumando-hitos\\\/#primaryimage\"},\"thumbnailUrl\":\"https:\\\/\\\/unaymilletras.com\\\/wp-content\\\/uploads\\\/2024\\\/01\\\/DUKI-e1706706084542.jpeg\",\"articleSection\":[\"M\u00fasica\"],\"inLanguage\":\"en-GB\",\"potentialAction\":[{\"@type\":\"CommentAction\",\"name\":\"Comment\",\"target\":[\"https:\\\/\\\/unaymilletras.com\\\/duki-deja-al-bernabeu-sin-entradas-y-sigue-sumando-hitos\\\/#respond\"]}]},{\"@type\":\"WebPage\",\"@id\":\"https:\\\/\\\/unaymilletras.com\\\/duki-deja-al-bernabeu-sin-entradas-y-sigue-sumando-hitos\\\/\",\"url\":\"https:\\\/\\\/unaymilletras.com\\\/duki-deja-al-bernabeu-sin-entradas-y-sigue-sumando-hitos\\\/\",\"name\":\"Duki deja al Bernab\u00e9u sin entradas y sigue sumando hitos\",\"isPartOf\":{\"@id\":\"http:\\\/\\\/unaymilletras.com\\\/#website\"},\"primaryImageOfPage\":{\"@id\":\"https:\\\/\\\/unaymilletras.com\\\/duki-deja-al-bernabeu-sin-entradas-y-sigue-sumando-hitos\\\/#primaryimage\"},\"image\":{\"@id\":\"https:\\\/\\\/unaymilletras.com\\\/duki-deja-al-bernabeu-sin-entradas-y-sigue-sumando-hitos\\\/#primaryimage\"},\"thumbnailUrl\":\"https:\\\/\\\/unaymilletras.com\\\/wp-content\\\/uploads\\\/2024\\\/01\\\/DUKI-e1706706084542.jpeg\",\"datePublished\":\"2024-01-31T12:58:59+00:00\",\"dateModified\":\"2024-01-31T13:05:23+00:00\",\"description\":\"Un nuevo hecho historio para la carrera musical de Duki tras haber actuado en dos estadios River con sold out\",\"breadcrumb\":{\"@id\":\"https:\\\/\\\/unaymilletras.com\\\/duki-deja-al-bernabeu-sin-entradas-y-sigue-sumando-hitos\\\/#breadcrumb\"},\"inLanguage\":\"en-GB\",\"potentialAction\":[{\"@type\":\"ReadAction\",\"target\":[\"https:\\\/\\\/unaymilletras.com\\\/duki-deja-al-bernabeu-sin-entradas-y-sigue-sumando-hitos\\\/\"]}]},{\"@type\":\"ImageObject\",\"inLanguage\":\"en-GB\",\"@id\":\"https:\\\/\\\/unaymilletras.com\\\/duki-deja-al-bernabeu-sin-entradas-y-sigue-sumando-hitos\\\/#primaryimage\",\"url\":\"https:\\\/\\\/unaymilletras.com\\\/wp-content\\\/uploads\\\/2024\\\/01\\\/DUKI-e1706706084542.jpeg\",\"contentUrl\":\"https:\\\/\\\/unaymilletras.com\\\/wp-content\\\/uploads\\\/2024\\\/01\\\/DUKI-e1706706084542.jpeg\",\"width\":600,\"height\":600,\"caption\":\"Duki\"},{\"@type\":\"BreadcrumbList\",\"@id\":\"https:\\\/\\\/unaymilletras.com\\\/duki-deja-al-bernabeu-sin-entradas-y-sigue-sumando-hitos\\\/#breadcrumb\",\"itemListElement\":[{\"@type\":\"ListItem\",\"position\":1,\"name\":\"Home\",\"item\":\"http:\\\/\\\/unaymilletras.com\\\/\"},{\"@type\":\"ListItem\",\"position\":2,\"name\":\"Duki deja al Bernab\u00e9u sin entradas y sigue sumando hitos\"}]},{\"@type\":\"WebSite\",\"@id\":\"http:\\\/\\\/unaymilletras.com\\\/#website\",\"url\":\"http:\\\/\\\/unaymilletras.com\\\/\",\"name\":\"Una y Mil Letras\",\"description\":\"\",\"publisher\":{\"@id\":\"http:\\\/\\\/unaymilletras.com\\\/#organization\"},\"potentialAction\":[{\"@type\":\"SearchAction\",\"target\":{\"@type\":\"EntryPoint\",\"urlTemplate\":\"http:\\\/\\\/unaymilletras.com\\\/?s={search_term_string}\"},\"query-input\":{\"@type\":\"PropertyValueSpecification\",\"valueRequired\":true,\"valueName\":\"search_term_string\"}}],\"inLanguage\":\"en-GB\"},{\"@type\":\"Organization\",\"@id\":\"http:\\\/\\\/unaymilletras.com\\\/#organization\",\"name\":\"Una y Mil Letras\",\"url\":\"http:\\\/\\\/unaymilletras.com\\\/\",\"logo\":{\"@type\":\"ImageObject\",\"inLanguage\":\"en-GB\",\"@id\":\"http:\\\/\\\/unaymilletras.com\\\/#\\\/schema\\\/logo\\\/image\\\/\",\"url\":\"https:\\\/\\\/unaymilletras.com\\\/wp-content\\\/uploads\\\/2024\\\/06\\\/cropped-Logo-removebg-preview.png\",\"contentUrl\":\"https:\\\/\\\/unaymilletras.com\\\/wp-content\\\/uploads\\\/2024\\\/06\\\/cropped-Logo-removebg-preview.png\",\"width\":512,\"height\":512,\"caption\":\"Una y Mil Letras\"},\"image\":{\"@id\":\"http:\\\/\\\/unaymilletras.com\\\/#\\\/schema\\\/logo\\\/image\\\/\"},\"sameAs\":[\"https:\\\/\\\/x.com\\\/UnaYMilLetras\",\"https:\\\/\\\/instagram.com\\\/UnaYMilLetras\"]},{\"@type\":\"Person\",\"@id\":\"http:\\\/\\\/unaymilletras.com\\\/#\\\/schema\\\/person\\\/d55ba681b8a4e463d8982dbe36a5dc94\",\"name\":\"Maria Gil Robledo\",\"image\":{\"@type\":\"ImageObject\",\"inLanguage\":\"en-GB\",\"@id\":\"https:\\\/\\\/secure.gravatar.com\\\/avatar\\\/4b8e5102e0015789407eb4870b12f0f2857952d83ca124058f92b764bd1840c3?s=96&d=mm&r=g\",\"url\":\"https:\\\/\\\/secure.gravatar.com\\\/avatar\\\/4b8e5102e0015789407eb4870b12f0f2857952d83ca124058f92b764bd1840c3?s=96&d=mm&r=g\",\"contentUrl\":\"https:\\\/\\\/secure.gravatar.com\\\/avatar\\\/4b8e5102e0015789407eb4870b12f0f2857952d83ca124058f92b764bd1840c3?s=96&d=mm&r=g\",\"caption\":\"Maria Gil Robledo\"},\"sameAs\":[\"http:\\\/\\\/unaymilletras.com\"],\"url\":\"https:\\\/\\\/unaymilletras.com\\\/en\\\/author\\\/mariiagiil02_\\\/\"}]}<\/script>\n<!-- \/ Yoast SEO plugin. -->","yoast_head_json":{"title":"Duki deja al Bernab\u00e9u sin entradas y sigue sumando hitos","description":"Un nuevo hecho historio para la carrera musical de Duki tras haber actuado en dos estadios River con sold out","robots":{"index":"index","follow":"follow","max-snippet":"max-snippet:-1","max-image-preview":"max-image-preview:large","max-video-preview":"max-video-preview:-1"},"canonical":"https:\/\/unaymilletras.com\/en\/duki-deja-al-bernabeu-sin-entradas-y-sigue-sumando-hitos\/","og_locale":"en_GB","og_type":"article","og_title":"Duki deja al Bernab\u00e9u sin entradas y sigue sumando hitos","og_description":"Un nuevo hecho historio para la carrera musical de Duki tras haber actuado en dos estadios River con sold out","og_url":"https:\/\/unaymilletras.com\/en\/duki-deja-al-bernabeu-sin-entradas-y-sigue-sumando-hitos\/","og_site_name":"Una y Mil Letras","article_published_time":"2024-01-31T12:58:59+00:00","article_modified_time":"2024-01-31T13:05:23+00:00","og_image":[{"width":600,"height":600,"url":"http:\/\/unaymilletras.com\/wp-content\/uploads\/2024\/01\/DUKI-e1706706084542.jpeg","type":"image\/jpeg"}],"author":"Maria Gil Robledo","twitter_card":"summary_large_image","twitter_creator":"@UnaYMilLetras","twitter_site":"@UnaYMilLetras","twitter_misc":{"Written by":"Maria Gil Robledo","Estimated reading time":"2 minutes"},"schema":{"@context":"https:\/\/schema.org","@graph":[{"@type":"Article","@id":"https:\/\/unaymilletras.com\/duki-deja-al-bernabeu-sin-entradas-y-sigue-sumando-hitos\/#article","isPartOf":{"@id":"https:\/\/unaymilletras.com\/duki-deja-al-bernabeu-sin-entradas-y-sigue-sumando-hitos\/"},"author":{"name":"Maria Gil Robledo","@id":"http:\/\/unaymilletras.com\/#\/schema\/person\/d55ba681b8a4e463d8982dbe36a5dc94"},"headline":"Duki deja al Bernab\u00e9u sin entradas y sigue sumando hitos","datePublished":"2024-01-31T12:58:59+00:00","dateModified":"2024-01-31T13:05:23+00:00","mainEntityOfPage":{"@id":"https:\/\/unaymilletras.com\/duki-deja-al-bernabeu-sin-entradas-y-sigue-sumando-hitos\/"},"wordCount":242,"commentCount":0,"publisher":{"@id":"http:\/\/unaymilletras.com\/#organization"},"image":{"@id":"https:\/\/unaymilletras.com\/duki-deja-al-bernabeu-sin-entradas-y-sigue-sumando-hitos\/#primaryimage"},"thumbnailUrl":"https:\/\/unaymilletras.com\/wp-content\/uploads\/2024\/01\/DUKI-e1706706084542.jpeg","articleSection":["M\u00fasica"],"inLanguage":"en-GB","potentialAction":[{"@type":"CommentAction","name":"Comment","target":["https:\/\/unaymilletras.com\/duki-deja-al-bernabeu-sin-entradas-y-sigue-sumando-hitos\/#respond"]}]},{"@type":"WebPage","@id":"https:\/\/unaymilletras.com\/duki-deja-al-bernabeu-sin-entradas-y-sigue-sumando-hitos\/","url":"https:\/\/unaymilletras.com\/duki-deja-al-bernabeu-sin-entradas-y-sigue-sumando-hitos\/","name":"Duki deja al Bernab\u00e9u sin entradas y sigue sumando hitos","isPartOf":{"@id":"http:\/\/unaymilletras.com\/#website"},"primaryImageOfPage":{"@id":"https:\/\/unaymilletras.com\/duki-deja-al-bernabeu-sin-entradas-y-sigue-sumando-hitos\/#primaryimage"},"image":{"@id":"https:\/\/unaymilletras.com\/duki-deja-al-bernabeu-sin-entradas-y-sigue-sumando-hitos\/#primaryimage"},"thumbnailUrl":"https:\/\/unaymilletras.com\/wp-content\/uploads\/2024\/01\/DUKI-e1706706084542.jpeg","datePublished":"2024-01-31T12:58:59+00:00","dateModified":"2024-01-31T13:05:23+00:00","description":"Un nuevo hecho historio para la carrera musical de Duki tras haber actuado en dos estadios River con sold out","breadcrumb":{"@id":"https:\/\/unaymilletras.com\/duki-deja-al-bernabeu-sin-entradas-y-sigue-sumando-hitos\/#breadcrumb"},"inLanguage":"en-GB","potentialAction":[{"@type":"ReadAction","target":["https:\/\/unaymilletras.com\/duki-deja-al-bernabeu-sin-entradas-y-sigue-sumando-hitos\/"]}]},{"@type":"ImageObject","inLanguage":"en-GB","@id":"https:\/\/unaymilletras.com\/duki-deja-al-bernabeu-sin-entradas-y-sigue-sumando-hitos\/#primaryimage","url":"https:\/\/unaymilletras.com\/wp-content\/uploads\/2024\/01\/DUKI-e1706706084542.jpeg","contentUrl":"https:\/\/unaymilletras.com\/wp-content\/uploads\/2024\/01\/DUKI-e1706706084542.jpeg","width":600,"height":600,"caption":"Duki"},{"@type":"BreadcrumbList","@id":"https:\/\/unaymilletras.com\/duki-deja-al-bernabeu-sin-entradas-y-sigue-sumando-hitos\/#breadcrumb","itemListElement":[{"@type":"ListItem","position":1,"name":"Home","item":"http:\/\/unaymilletras.com\/"},{"@type":"ListItem","position":2,"name":"Duki deja al Bernab\u00e9u sin entradas y sigue sumando hitos"}]},{"@type":"WebSite","@id":"http:\/\/unaymilletras.com\/#website","url":"http:\/\/unaymilletras.com\/","name":"Una y Mil Letras","description":"","publisher":{"@id":"http:\/\/unaymilletras.com\/#organization"},"potentialAction":[{"@type":"SearchAction","target":{"@type":"EntryPoint","urlTemplate":"http:\/\/unaymilletras.com\/?s={search_term_string}"},"query-input":{"@type":"PropertyValueSpecification","valueRequired":true,"valueName":"search_term_string"}}],"inLanguage":"en-GB"},{"@type":"Organization","@id":"http:\/\/unaymilletras.com\/#organization","name":"Una y Mil Letras","url":"http:\/\/unaymilletras.com\/","logo":{"@type":"ImageObject","inLanguage":"en-GB","@id":"http:\/\/unaymilletras.com\/#\/schema\/logo\/image\/","url":"https:\/\/unaymilletras.com\/wp-content\/uploads\/2024\/06\/cropped-Logo-removebg-preview.png","contentUrl":"https:\/\/unaymilletras.com\/wp-content\/uploads\/2024\/06\/cropped-Logo-removebg-preview.png","width":512,"height":512,"caption":"Una y Mil Letras"},"image":{"@id":"http:\/\/unaymilletras.com\/#\/schema\/logo\/image\/"},"sameAs":["https:\/\/x.com\/UnaYMilLetras","https:\/\/instagram.com\/UnaYMilLetras"]},{"@type":"Person","@id":"http:\/\/unaymilletras.com\/#\/schema\/person\/d55ba681b8a4e463d8982dbe36a5dc94","name":"Maria Gil Robledo","image":{"@type":"ImageObject","inLanguage":"en-GB","@id":"https:\/\/secure.gravatar.com\/avatar\/4b8e5102e0015789407eb4870b12f0f2857952d83ca124058f92b764bd1840c3?s=96&d=mm&r=g","url":"https:\/\/secure.gravatar.com\/avatar\/4b8e5102e0015789407eb4870b12f0f2857952d83ca124058f92b764bd1840c3?s=96&d=mm&r=g","contentUrl":"https:\/\/secure.gravatar.com\/avatar\/4b8e5102e0015789407eb4870b12f0f2857952d83ca124058f92b764bd1840c3?s=96&d=mm&r=g","caption":"Maria Gil Robledo"},"sameAs":["http:\/\/unaymilletras.com"],"url":"https:\/\/unaymilletras.com\/en\/author\/mariiagiil02_\/"}]}},"_links":{"self":[{"href":"https:\/\/unaymilletras.com\/en\/wp-json\/wp\/v2\/posts\/2012","targetHints":{"allow":["GET"]}}],"collection":[{"href":"https:\/\/unaymilletras.com\/en\/wp-json\/wp\/v2\/posts"}],"about":[{"href":"https:\/\/unaymilletras.com\/en\/wp-json\/wp\/v2\/types\/post"}],"author":[{"embeddable":true,"href":"https:\/\/unaymilletras.com\/en\/wp-json\/wp\/v2\/users\/1"}],"replies":[{"embeddable":true,"href":"https:\/\/unaymilletras.com\/en\/wp-json\/wp\/v2\/comments?post=2012"}],"version-history":[{"count":4,"href":"https:\/\/unaymilletras.com\/en\/wp-json\/wp\/v2\/posts\/2012\/revisions"}],"predecessor-version":[{"id":2018,"href":"https:\/\/unaymilletras.com\/en\/wp-json\/wp\/v2\/posts\/2012\/revisions\/2018"}],"wp:featuredmedia":[{"embeddable":true,"href":"https:\/\/unaymilletras.com\/en\/wp-json\/wp\/v2\/media\/2014"}],"wp:attachment":[{"href":"https:\/\/unaymilletras.com\/en\/wp-json\/wp\/v2\/media?parent=2012"}],"wp:term":[{"taxonomy":"category","embeddable":true,"href":"https:\/\/unaymilletras.com\/en\/wp-json\/wp\/v2\/categories?post=2012"},{"taxonomy":"post_tag","embeddable":true,"href":"https:\/\/unaymilletras.com\/en\/wp-json\/wp\/v2\/tags?post=2012"}],"curies":[{"name":"wp","href":"https:\/\/api.w.org\/{rel}","templated":true}]}}