{"id":2019,"date":"2024-02-01T10:31:06","date_gmt":"2024-02-01T09:31:06","guid":{"rendered":"https:\/\/unaymilletras.com\/?p=2019"},"modified":"2024-02-01T10:31:09","modified_gmt":"2024-02-01T09:31:09","slug":"selecta-y-recycled-j-unidos-de-nuevo-en-la-motoseries07","status":"publish","type":"post","link":"https:\/\/unaymilletras.com\/en\/selecta-y-recycled-j-unidos-de-nuevo-en-la-motoseries07\/","title":{"rendered":"Selecta y Recycled J, unidos de nuevo en la Motoseries#07"},"content":{"rendered":"<div data-elementor-type=\"wp-post\" data-elementor-id=\"2019\" class=\"elementor elementor-2019\">\n\t\t\t\t\t\t<section class=\"elementor-section elementor-top-section elementor-element elementor-element-f70172a elementor-section-boxed elementor-section-height-default elementor-section-height-default\" data-id=\"f70172a\" data-element_type=\"section\" data-e-type=\"section\">\n\t\t\t\t\t\t<div class=\"elementor-container elementor-column-gap-default\">\n\t\t\t\t\t<div class=\"elementor-column elementor-col-100 elementor-top-column elementor-element elementor-element-8f09bc3\" data-id=\"8f09bc3\" data-element_type=\"column\" data-e-type=\"column\">\n\t\t\t<div class=\"elementor-widget-wrap elementor-element-populated\">\n\t\t\t\t\t\t<div class=\"elementor-element elementor-element-530ce0c elementor-widget elementor-widget-text-editor\" data-id=\"530ce0c\" data-element_type=\"widget\" data-e-type=\"widget\" data-widget_type=\"text-editor.default\">\n\t\t\t\t<div class=\"elementor-widget-container\">\n\t\t\t\t\t\t\t\t\t<h3 style=\"text-align: center;\"><span style=\"color: #808080;\"><em>Un a\u00f1o despu\u00e9s de 150 canciones, se vuelve a hacer realidad la esperada colaboraci\u00f3n entre Selecta y Recycled J<\/em><\/span><\/h3>\t\t\t\t\t\t\t\t<\/div>\n\t\t\t\t<\/div>\n\t\t\t\t\t<\/div>\n\t\t<\/div>\n\t\t\t\t\t<\/div>\n\t\t<\/section>\n\t\t\t\t<section class=\"elementor-section elementor-top-section elementor-element elementor-element-48ccbbf elementor-section-boxed elementor-section-height-default elementor-section-height-default\" data-id=\"48ccbbf\" data-element_type=\"section\" data-e-type=\"section\">\n\t\t\t\t\t\t<div class=\"elementor-container elementor-column-gap-default\">\n\t\t\t\t\t<div class=\"elementor-column elementor-col-100 elementor-top-column elementor-element elementor-element-4f92923\" data-id=\"4f92923\" data-element_type=\"column\" data-e-type=\"column\">\n\t\t\t<div class=\"elementor-widget-wrap elementor-element-populated\">\n\t\t\t\t\t\t<div class=\"elementor-element elementor-element-96a8765 elementor-widget elementor-widget-text-editor\" data-id=\"96a8765\" data-element_type=\"widget\" data-e-type=\"widget\" data-widget_type=\"text-editor.default\">\n\t\t\t\t<div class=\"elementor-widget-container\">\n\t\t\t\t\t\t\t\t\t<p><span style=\"color: #808080;\">En 2023, <b>Selecta<\/b> cre\u00f3 <b>Las Motoseries<\/b>. Hoy, gracias a ellas se vuelve a unir con <b>Recycled J<\/b>. Ambos son compa\u00f1eros desde hace tiempo y tienen una larga trayectoria juntos. Por eso, esta era una de las colaboraciones m\u00e1s esperadas por los seguidores de los dos artistas. Adem\u00e1s, llega justo un a\u00f1o despu\u00e9s que su anterior himno, <i><a style=\"color: #808080;\" href=\"https:\/\/open.spotify.com\/intl-es\/track\/7B8Oux2lcjPTfInXAbabbx?si=2eb2ffb87b654c25\">150 canciones<\/a><\/i>.<\/span><\/p>\t\t\t\t\t\t\t\t<\/div>\n\t\t\t\t<\/div>\n\t\t\t\t\t<\/div>\n\t\t<\/div>\n\t\t\t\t\t<\/div>\n\t\t<\/section>\n\t\t\t\t<section class=\"elementor-section elementor-top-section elementor-element elementor-element-c63a956 elementor-section-boxed elementor-section-height-default elementor-section-height-default\" data-id=\"c63a956\" data-element_type=\"section\" data-e-type=\"section\">\n\t\t\t\t\t\t<div class=\"elementor-container elementor-column-gap-default\">\n\t\t\t\t\t<div class=\"elementor-column elementor-col-50 elementor-top-column elementor-element elementor-element-7e9f01e\" data-id=\"7e9f01e\" data-element_type=\"column\" data-e-type=\"column\">\n\t\t\t<div class=\"elementor-widget-wrap elementor-element-populated\">\n\t\t\t\t\t\t<div class=\"elementor-element elementor-element-5ffddd9 elementor-widget elementor-widget-image\" data-id=\"5ffddd9\" data-element_type=\"widget\" data-e-type=\"widget\" data-widget_type=\"image.default\">\n\t\t\t\t<div class=\"elementor-widget-container\">\n\t\t\t\t\t\t\t\t\t\t\t\t\t\t\t<img fetchpriority=\"high\" decoding=\"async\" width=\"640\" height=\"640\" src=\"https:\/\/unaymilletras.com\/wp-content\/uploads\/2024\/02\/PORTADA-1024x1024.jpg\" class=\"attachment-large size-large wp-image-2022\" alt=\"Selecta\" srcset=\"https:\/\/unaymilletras.com\/wp-content\/uploads\/2024\/02\/PORTADA-1024x1024.jpg 1024w, https:\/\/unaymilletras.com\/wp-content\/uploads\/2024\/02\/PORTADA-300x300.jpg 300w, https:\/\/unaymilletras.com\/wp-content\/uploads\/2024\/02\/PORTADA-150x150.jpg 150w, https:\/\/unaymilletras.com\/wp-content\/uploads\/2024\/02\/PORTADA-768x768.jpg 768w, https:\/\/unaymilletras.com\/wp-content\/uploads\/2024\/02\/PORTADA-1536x1536.jpg 1536w, https:\/\/unaymilletras.com\/wp-content\/uploads\/2024\/02\/PORTADA-2048x2048.jpg 2048w, https:\/\/unaymilletras.com\/wp-content\/uploads\/2024\/02\/PORTADA-scaled-e1706779642438.jpg 600w\" sizes=\"(max-width: 640px) 100vw, 640px\" \/>\t\t\t\t\t\t\t\t\t\t\t\t\t\t\t<\/div>\n\t\t\t\t<\/div>\n\t\t\t\t\t<\/div>\n\t\t<\/div>\n\t\t\t\t<div class=\"elementor-column elementor-col-50 elementor-top-column elementor-element elementor-element-5f49ea5\" data-id=\"5f49ea5\" data-element_type=\"column\" data-e-type=\"column\">\n\t\t\t<div class=\"elementor-widget-wrap elementor-element-populated\">\n\t\t\t\t\t\t<div class=\"elementor-element elementor-element-40838f4 elementor-widget elementor-widget-image\" data-id=\"40838f4\" data-element_type=\"widget\" data-e-type=\"widget\" data-widget_type=\"image.default\">\n\t\t\t\t<div class=\"elementor-widget-container\">\n\t\t\t\t\t\t\t\t\t\t\t\t\t\t\t<img decoding=\"async\" width=\"640\" height=\"427\" src=\"https:\/\/unaymilletras.com\/wp-content\/uploads\/2024\/02\/GENERICA2-1024x683.jpg\" class=\"attachment-large size-large wp-image-2023\" alt=\"Selecta\" srcset=\"https:\/\/unaymilletras.com\/wp-content\/uploads\/2024\/02\/GENERICA2-1024x683.jpg 1024w, https:\/\/unaymilletras.com\/wp-content\/uploads\/2024\/02\/GENERICA2-300x200.jpg 300w, https:\/\/unaymilletras.com\/wp-content\/uploads\/2024\/02\/GENERICA2-768x512.jpg 768w, https:\/\/unaymilletras.com\/wp-content\/uploads\/2024\/02\/GENERICA2-1536x1024.jpg 1536w, https:\/\/unaymilletras.com\/wp-content\/uploads\/2024\/02\/GENERICA2-2048x1365.jpg 2048w, https:\/\/unaymilletras.com\/wp-content\/uploads\/2024\/02\/GENERICA2-scaled-e1706779657576.jpg 600w\" sizes=\"(max-width: 640px) 100vw, 640px\" \/>\t\t\t\t\t\t\t\t\t\t\t\t\t\t\t<\/div>\n\t\t\t\t<\/div>\n\t\t\t\t\t<\/div>\n\t\t<\/div>\n\t\t\t\t\t<\/div>\n\t\t<\/section>\n\t\t\t\t<section class=\"elementor-section elementor-top-section elementor-element elementor-element-82252e7 elementor-section-boxed elementor-section-height-default elementor-section-height-default\" data-id=\"82252e7\" data-element_type=\"section\" data-e-type=\"section\">\n\t\t\t\t\t\t<div class=\"elementor-container elementor-column-gap-default\">\n\t\t\t\t\t<div class=\"elementor-column elementor-col-100 elementor-top-column elementor-element elementor-element-0a164b5\" data-id=\"0a164b5\" data-element_type=\"column\" data-e-type=\"column\">\n\t\t\t<div class=\"elementor-widget-wrap elementor-element-populated\">\n\t\t\t\t\t\t<div class=\"elementor-element elementor-element-01701a6 elementor-widget elementor-widget-text-editor\" data-id=\"01701a6\" data-element_type=\"widget\" data-e-type=\"widget\" data-widget_type=\"text-editor.default\">\n\t\t\t\t<div class=\"elementor-widget-container\">\n\t\t\t\t\t\t\t\t\t<p><span style=\"color: #808080;\">La <b><i>Motoserie#7<\/i> <\/b>est\u00e1 llena de fuerza. Un estribillo pegadizo que refleja el estilo de <a style=\"color: #808080;\" href=\"https:\/\/unaymilletras.com\/en\/boombastic-portaventura-world-lanza-el-primer-avance-de-cartel\/\">Recycled J<\/a> unido a la perfecci\u00f3n con el de Selecta. Adem\u00e1s, viene acompa\u00f1ado de un videoclip que acompa\u00f1a y continua con la personalidad de las Motoseries. Este junte se traduce en un \u00e9xito asegurado en una mezcla de energ\u00eda y barras.<\/span><\/p><p>Despu\u00e9s de haber producido muchos de los \u00e9xitos del panorama urbano nacional, Selecta decidi\u00f3 comenzar Las Motoseries. Son su proyecto m\u00e1s personal y ha colaborado con artistas como Natos, WE$T Dubai o Easy-S entre otros.<\/p>\t\t\t\t\t\t\t\t<\/div>\n\t\t\t\t<\/div>\n\t\t\t\t\t<\/div>\n\t\t<\/div>\n\t\t\t\t\t<\/div>\n\t\t<\/section>\n\t\t\t\t<\/div>","protected":false},"excerpt":{"rendered":"<p>Un a\u00f1o despu\u00e9s de 150 canciones, se vuelve a hacer realidad la esperada colaboraci\u00f3n entre Selecta y Recycled J En 2023, Selecta cre\u00f3 Las Motoseries. Hoy, gracias a ellas se vuelve a unir con Recycled J. Ambos son compa\u00f1eros desde hace tiempo y tienen una larga trayectoria juntos. Por eso, esta era una de las [&hellip;]<\/p>\n","protected":false},"author":1,"featured_media":2022,"comment_status":"open","ping_status":"open","sticky":false,"template":"","format":"standard","meta":{"footnotes":""},"categories":[4],"tags":[],"class_list":["post-2019","post","type-post","status-publish","format-standard","has-post-thumbnail","hentry","category-musica"],"yoast_head":"<!-- This site is optimized with the Yoast SEO plugin v27.4 - https:\/\/yoast.com\/product\/yoast-seo-wordpress\/ -->\n<title>Selecta y Recycled J, unidos de nuevo en la Motoseries#07<\/title>\n<meta name=\"description\" content=\"Un a\u00f1o despu\u00e9s de 150 canciones, se vuelve a hacer realidad la esperada colaboraci\u00f3n entre Selecta y Recycled J\" \/>\n<meta name=\"robots\" content=\"index, follow, max-snippet:-1, max-image-preview:large, max-video-preview:-1\" \/>\n<link rel=\"canonical\" href=\"https:\/\/unaymilletras.com\/en\/selecta-y-recycled-j-unidos-de-nuevo-en-la-motoseries07\/\" \/>\n<meta property=\"og:locale\" content=\"en_GB\" \/>\n<meta property=\"og:type\" content=\"article\" \/>\n<meta property=\"og:title\" content=\"Selecta y Recycled J, unidos de nuevo en la Motoseries#07\" \/>\n<meta property=\"og:description\" content=\"Un a\u00f1o despu\u00e9s de 150 canciones, se vuelve a hacer realidad la esperada colaboraci\u00f3n entre Selecta y Recycled J\" \/>\n<meta property=\"og:url\" content=\"https:\/\/unaymilletras.com\/en\/selecta-y-recycled-j-unidos-de-nuevo-en-la-motoseries07\/\" \/>\n<meta property=\"og:site_name\" content=\"Una y Mil Letras\" \/>\n<meta property=\"article:published_time\" content=\"2024-02-01T09:31:06+00:00\" \/>\n<meta property=\"article:modified_time\" content=\"2024-02-01T09:31:09+00:00\" \/>\n<meta property=\"og:image\" content=\"http:\/\/unaymilletras.com\/wp-content\/uploads\/2024\/02\/PORTADA-scaled-e1706779642438.jpg\" \/>\n\t<meta property=\"og:image:width\" content=\"600\" \/>\n\t<meta property=\"og:image:height\" content=\"600\" \/>\n\t<meta property=\"og:image:type\" content=\"image\/jpeg\" \/>\n<meta name=\"author\" content=\"Maria Gil Robledo\" \/>\n<meta name=\"twitter:card\" content=\"summary_large_image\" \/>\n<meta name=\"twitter:creator\" content=\"@UnaYMilLetras\" \/>\n<meta name=\"twitter:site\" content=\"@UnaYMilLetras\" \/>\n<meta name=\"twitter:label1\" content=\"Written by\" \/>\n\t<meta name=\"twitter:data1\" content=\"Maria Gil Robledo\" \/>\n\t<meta name=\"twitter:label2\" content=\"Estimated reading time\" \/>\n\t<meta name=\"twitter:data2\" content=\"2 minutes\" \/>\n<script type=\"application\/ld+json\" class=\"yoast-schema-graph\">{\"@context\":\"https:\\\/\\\/schema.org\",\"@graph\":[{\"@type\":\"Article\",\"@id\":\"https:\\\/\\\/unaymilletras.com\\\/selecta-y-recycled-j-unidos-de-nuevo-en-la-motoseries07\\\/#article\",\"isPartOf\":{\"@id\":\"https:\\\/\\\/unaymilletras.com\\\/selecta-y-recycled-j-unidos-de-nuevo-en-la-motoseries07\\\/\"},\"author\":{\"name\":\"Maria Gil Robledo\",\"@id\":\"http:\\\/\\\/unaymilletras.com\\\/#\\\/schema\\\/person\\\/d55ba681b8a4e463d8982dbe36a5dc94\"},\"headline\":\"Selecta y Recycled J, unidos de nuevo en la Motoseries#07\",\"datePublished\":\"2024-02-01T09:31:06+00:00\",\"dateModified\":\"2024-02-01T09:31:09+00:00\",\"mainEntityOfPage\":{\"@id\":\"https:\\\/\\\/unaymilletras.com\\\/selecta-y-recycled-j-unidos-de-nuevo-en-la-motoseries07\\\/\"},\"wordCount\":190,\"commentCount\":0,\"publisher\":{\"@id\":\"http:\\\/\\\/unaymilletras.com\\\/#organization\"},\"image\":{\"@id\":\"https:\\\/\\\/unaymilletras.com\\\/selecta-y-recycled-j-unidos-de-nuevo-en-la-motoseries07\\\/#primaryimage\"},\"thumbnailUrl\":\"https:\\\/\\\/unaymilletras.com\\\/wp-content\\\/uploads\\\/2024\\\/02\\\/PORTADA-scaled-e1706779642438.jpg\",\"articleSection\":[\"M\u00fasica\"],\"inLanguage\":\"en-GB\",\"potentialAction\":[{\"@type\":\"CommentAction\",\"name\":\"Comment\",\"target\":[\"https:\\\/\\\/unaymilletras.com\\\/selecta-y-recycled-j-unidos-de-nuevo-en-la-motoseries07\\\/#respond\"]}]},{\"@type\":\"WebPage\",\"@id\":\"https:\\\/\\\/unaymilletras.com\\\/selecta-y-recycled-j-unidos-de-nuevo-en-la-motoseries07\\\/\",\"url\":\"https:\\\/\\\/unaymilletras.com\\\/selecta-y-recycled-j-unidos-de-nuevo-en-la-motoseries07\\\/\",\"name\":\"Selecta y Recycled J, unidos de nuevo en la Motoseries#07\",\"isPartOf\":{\"@id\":\"http:\\\/\\\/unaymilletras.com\\\/#website\"},\"primaryImageOfPage\":{\"@id\":\"https:\\\/\\\/unaymilletras.com\\\/selecta-y-recycled-j-unidos-de-nuevo-en-la-motoseries07\\\/#primaryimage\"},\"image\":{\"@id\":\"https:\\\/\\\/unaymilletras.com\\\/selecta-y-recycled-j-unidos-de-nuevo-en-la-motoseries07\\\/#primaryimage\"},\"thumbnailUrl\":\"https:\\\/\\\/unaymilletras.com\\\/wp-content\\\/uploads\\\/2024\\\/02\\\/PORTADA-scaled-e1706779642438.jpg\",\"datePublished\":\"2024-02-01T09:31:06+00:00\",\"dateModified\":\"2024-02-01T09:31:09+00:00\",\"description\":\"Un a\u00f1o despu\u00e9s de 150 canciones, se vuelve a hacer realidad la esperada colaboraci\u00f3n entre Selecta y Recycled J\",\"breadcrumb\":{\"@id\":\"https:\\\/\\\/unaymilletras.com\\\/selecta-y-recycled-j-unidos-de-nuevo-en-la-motoseries07\\\/#breadcrumb\"},\"inLanguage\":\"en-GB\",\"potentialAction\":[{\"@type\":\"ReadAction\",\"target\":[\"https:\\\/\\\/unaymilletras.com\\\/selecta-y-recycled-j-unidos-de-nuevo-en-la-motoseries07\\\/\"]}]},{\"@type\":\"ImageObject\",\"inLanguage\":\"en-GB\",\"@id\":\"https:\\\/\\\/unaymilletras.com\\\/selecta-y-recycled-j-unidos-de-nuevo-en-la-motoseries07\\\/#primaryimage\",\"url\":\"https:\\\/\\\/unaymilletras.com\\\/wp-content\\\/uploads\\\/2024\\\/02\\\/PORTADA-scaled-e1706779642438.jpg\",\"contentUrl\":\"https:\\\/\\\/unaymilletras.com\\\/wp-content\\\/uploads\\\/2024\\\/02\\\/PORTADA-scaled-e1706779642438.jpg\",\"width\":600,\"height\":600,\"caption\":\"Selecta\"},{\"@type\":\"BreadcrumbList\",\"@id\":\"https:\\\/\\\/unaymilletras.com\\\/selecta-y-recycled-j-unidos-de-nuevo-en-la-motoseries07\\\/#breadcrumb\",\"itemListElement\":[{\"@type\":\"ListItem\",\"position\":1,\"name\":\"Home\",\"item\":\"http:\\\/\\\/unaymilletras.com\\\/\"},{\"@type\":\"ListItem\",\"position\":2,\"name\":\"Selecta y Recycled J, unidos de nuevo en la Motoseries#07\"}]},{\"@type\":\"WebSite\",\"@id\":\"http:\\\/\\\/unaymilletras.com\\\/#website\",\"url\":\"http:\\\/\\\/unaymilletras.com\\\/\",\"name\":\"Una y Mil Letras\",\"description\":\"\",\"publisher\":{\"@id\":\"http:\\\/\\\/unaymilletras.com\\\/#organization\"},\"potentialAction\":[{\"@type\":\"SearchAction\",\"target\":{\"@type\":\"EntryPoint\",\"urlTemplate\":\"http:\\\/\\\/unaymilletras.com\\\/?s={search_term_string}\"},\"query-input\":{\"@type\":\"PropertyValueSpecification\",\"valueRequired\":true,\"valueName\":\"search_term_string\"}}],\"inLanguage\":\"en-GB\"},{\"@type\":\"Organization\",\"@id\":\"http:\\\/\\\/unaymilletras.com\\\/#organization\",\"name\":\"Una y Mil Letras\",\"url\":\"http:\\\/\\\/unaymilletras.com\\\/\",\"logo\":{\"@type\":\"ImageObject\",\"inLanguage\":\"en-GB\",\"@id\":\"http:\\\/\\\/unaymilletras.com\\\/#\\\/schema\\\/logo\\\/image\\\/\",\"url\":\"https:\\\/\\\/unaymilletras.com\\\/wp-content\\\/uploads\\\/2024\\\/06\\\/cropped-Logo-removebg-preview.png\",\"contentUrl\":\"https:\\\/\\\/unaymilletras.com\\\/wp-content\\\/uploads\\\/2024\\\/06\\\/cropped-Logo-removebg-preview.png\",\"width\":512,\"height\":512,\"caption\":\"Una y Mil Letras\"},\"image\":{\"@id\":\"http:\\\/\\\/unaymilletras.com\\\/#\\\/schema\\\/logo\\\/image\\\/\"},\"sameAs\":[\"https:\\\/\\\/x.com\\\/UnaYMilLetras\",\"https:\\\/\\\/instagram.com\\\/UnaYMilLetras\"]},{\"@type\":\"Person\",\"@id\":\"http:\\\/\\\/unaymilletras.com\\\/#\\\/schema\\\/person\\\/d55ba681b8a4e463d8982dbe36a5dc94\",\"name\":\"Maria Gil Robledo\",\"image\":{\"@type\":\"ImageObject\",\"inLanguage\":\"en-GB\",\"@id\":\"https:\\\/\\\/secure.gravatar.com\\\/avatar\\\/4b8e5102e0015789407eb4870b12f0f2857952d83ca124058f92b764bd1840c3?s=96&d=mm&r=g\",\"url\":\"https:\\\/\\\/secure.gravatar.com\\\/avatar\\\/4b8e5102e0015789407eb4870b12f0f2857952d83ca124058f92b764bd1840c3?s=96&d=mm&r=g\",\"contentUrl\":\"https:\\\/\\\/secure.gravatar.com\\\/avatar\\\/4b8e5102e0015789407eb4870b12f0f2857952d83ca124058f92b764bd1840c3?s=96&d=mm&r=g\",\"caption\":\"Maria Gil Robledo\"},\"sameAs\":[\"http:\\\/\\\/unaymilletras.com\"],\"url\":\"https:\\\/\\\/unaymilletras.com\\\/en\\\/author\\\/mariiagiil02_\\\/\"}]}<\/script>\n<!-- \/ Yoast SEO plugin. -->","yoast_head_json":{"title":"Selecta y Recycled J, unidos de nuevo en la Motoseries#07","description":"Un a\u00f1o despu\u00e9s de 150 canciones, se vuelve a hacer realidad la esperada colaboraci\u00f3n entre Selecta y Recycled J","robots":{"index":"index","follow":"follow","max-snippet":"max-snippet:-1","max-image-preview":"max-image-preview:large","max-video-preview":"max-video-preview:-1"},"canonical":"https:\/\/unaymilletras.com\/en\/selecta-y-recycled-j-unidos-de-nuevo-en-la-motoseries07\/","og_locale":"en_GB","og_type":"article","og_title":"Selecta y Recycled J, unidos de nuevo en la Motoseries#07","og_description":"Un a\u00f1o despu\u00e9s de 150 canciones, se vuelve a hacer realidad la esperada colaboraci\u00f3n entre Selecta y Recycled J","og_url":"https:\/\/unaymilletras.com\/en\/selecta-y-recycled-j-unidos-de-nuevo-en-la-motoseries07\/","og_site_name":"Una y Mil Letras","article_published_time":"2024-02-01T09:31:06+00:00","article_modified_time":"2024-02-01T09:31:09+00:00","og_image":[{"width":600,"height":600,"url":"http:\/\/unaymilletras.com\/wp-content\/uploads\/2024\/02\/PORTADA-scaled-e1706779642438.jpg","type":"image\/jpeg"}],"author":"Maria Gil Robledo","twitter_card":"summary_large_image","twitter_creator":"@UnaYMilLetras","twitter_site":"@UnaYMilLetras","twitter_misc":{"Written by":"Maria Gil Robledo","Estimated reading time":"2 minutes"},"schema":{"@context":"https:\/\/schema.org","@graph":[{"@type":"Article","@id":"https:\/\/unaymilletras.com\/selecta-y-recycled-j-unidos-de-nuevo-en-la-motoseries07\/#article","isPartOf":{"@id":"https:\/\/unaymilletras.com\/selecta-y-recycled-j-unidos-de-nuevo-en-la-motoseries07\/"},"author":{"name":"Maria Gil Robledo","@id":"http:\/\/unaymilletras.com\/#\/schema\/person\/d55ba681b8a4e463d8982dbe36a5dc94"},"headline":"Selecta y Recycled J, unidos de nuevo en la Motoseries#07","datePublished":"2024-02-01T09:31:06+00:00","dateModified":"2024-02-01T09:31:09+00:00","mainEntityOfPage":{"@id":"https:\/\/unaymilletras.com\/selecta-y-recycled-j-unidos-de-nuevo-en-la-motoseries07\/"},"wordCount":190,"commentCount":0,"publisher":{"@id":"http:\/\/unaymilletras.com\/#organization"},"image":{"@id":"https:\/\/unaymilletras.com\/selecta-y-recycled-j-unidos-de-nuevo-en-la-motoseries07\/#primaryimage"},"thumbnailUrl":"https:\/\/unaymilletras.com\/wp-content\/uploads\/2024\/02\/PORTADA-scaled-e1706779642438.jpg","articleSection":["M\u00fasica"],"inLanguage":"en-GB","potentialAction":[{"@type":"CommentAction","name":"Comment","target":["https:\/\/unaymilletras.com\/selecta-y-recycled-j-unidos-de-nuevo-en-la-motoseries07\/#respond"]}]},{"@type":"WebPage","@id":"https:\/\/unaymilletras.com\/selecta-y-recycled-j-unidos-de-nuevo-en-la-motoseries07\/","url":"https:\/\/unaymilletras.com\/selecta-y-recycled-j-unidos-de-nuevo-en-la-motoseries07\/","name":"Selecta y Recycled J, unidos de nuevo en la Motoseries#07","isPartOf":{"@id":"http:\/\/unaymilletras.com\/#website"},"primaryImageOfPage":{"@id":"https:\/\/unaymilletras.com\/selecta-y-recycled-j-unidos-de-nuevo-en-la-motoseries07\/#primaryimage"},"image":{"@id":"https:\/\/unaymilletras.com\/selecta-y-recycled-j-unidos-de-nuevo-en-la-motoseries07\/#primaryimage"},"thumbnailUrl":"https:\/\/unaymilletras.com\/wp-content\/uploads\/2024\/02\/PORTADA-scaled-e1706779642438.jpg","datePublished":"2024-02-01T09:31:06+00:00","dateModified":"2024-02-01T09:31:09+00:00","description":"Un a\u00f1o despu\u00e9s de 150 canciones, se vuelve a hacer realidad la esperada colaboraci\u00f3n entre Selecta y Recycled J","breadcrumb":{"@id":"https:\/\/unaymilletras.com\/selecta-y-recycled-j-unidos-de-nuevo-en-la-motoseries07\/#breadcrumb"},"inLanguage":"en-GB","potentialAction":[{"@type":"ReadAction","target":["https:\/\/unaymilletras.com\/selecta-y-recycled-j-unidos-de-nuevo-en-la-motoseries07\/"]}]},{"@type":"ImageObject","inLanguage":"en-GB","@id":"https:\/\/unaymilletras.com\/selecta-y-recycled-j-unidos-de-nuevo-en-la-motoseries07\/#primaryimage","url":"https:\/\/unaymilletras.com\/wp-content\/uploads\/2024\/02\/PORTADA-scaled-e1706779642438.jpg","contentUrl":"https:\/\/unaymilletras.com\/wp-content\/uploads\/2024\/02\/PORTADA-scaled-e1706779642438.jpg","width":600,"height":600,"caption":"Selecta"},{"@type":"BreadcrumbList","@id":"https:\/\/unaymilletras.com\/selecta-y-recycled-j-unidos-de-nuevo-en-la-motoseries07\/#breadcrumb","itemListElement":[{"@type":"ListItem","position":1,"name":"Home","item":"http:\/\/unaymilletras.com\/"},{"@type":"ListItem","position":2,"name":"Selecta y Recycled J, unidos de nuevo en la Motoseries#07"}]},{"@type":"WebSite","@id":"http:\/\/unaymilletras.com\/#website","url":"http:\/\/unaymilletras.com\/","name":"Una y Mil Letras","description":"","publisher":{"@id":"http:\/\/unaymilletras.com\/#organization"},"potentialAction":[{"@type":"SearchAction","target":{"@type":"EntryPoint","urlTemplate":"http:\/\/unaymilletras.com\/?s={search_term_string}"},"query-input":{"@type":"PropertyValueSpecification","valueRequired":true,"valueName":"search_term_string"}}],"inLanguage":"en-GB"},{"@type":"Organization","@id":"http:\/\/unaymilletras.com\/#organization","name":"Una y Mil Letras","url":"http:\/\/unaymilletras.com\/","logo":{"@type":"ImageObject","inLanguage":"en-GB","@id":"http:\/\/unaymilletras.com\/#\/schema\/logo\/image\/","url":"https:\/\/unaymilletras.com\/wp-content\/uploads\/2024\/06\/cropped-Logo-removebg-preview.png","contentUrl":"https:\/\/unaymilletras.com\/wp-content\/uploads\/2024\/06\/cropped-Logo-removebg-preview.png","width":512,"height":512,"caption":"Una y Mil Letras"},"image":{"@id":"http:\/\/unaymilletras.com\/#\/schema\/logo\/image\/"},"sameAs":["https:\/\/x.com\/UnaYMilLetras","https:\/\/instagram.com\/UnaYMilLetras"]},{"@type":"Person","@id":"http:\/\/unaymilletras.com\/#\/schema\/person\/d55ba681b8a4e463d8982dbe36a5dc94","name":"Maria Gil Robledo","image":{"@type":"ImageObject","inLanguage":"en-GB","@id":"https:\/\/secure.gravatar.com\/avatar\/4b8e5102e0015789407eb4870b12f0f2857952d83ca124058f92b764bd1840c3?s=96&d=mm&r=g","url":"https:\/\/secure.gravatar.com\/avatar\/4b8e5102e0015789407eb4870b12f0f2857952d83ca124058f92b764bd1840c3?s=96&d=mm&r=g","contentUrl":"https:\/\/secure.gravatar.com\/avatar\/4b8e5102e0015789407eb4870b12f0f2857952d83ca124058f92b764bd1840c3?s=96&d=mm&r=g","caption":"Maria Gil Robledo"},"sameAs":["http:\/\/unaymilletras.com"],"url":"https:\/\/unaymilletras.com\/en\/author\/mariiagiil02_\/"}]}},"_links":{"self":[{"href":"https:\/\/unaymilletras.com\/en\/wp-json\/wp\/v2\/posts\/2019","targetHints":{"allow":["GET"]}}],"collection":[{"href":"https:\/\/unaymilletras.com\/en\/wp-json\/wp\/v2\/posts"}],"about":[{"href":"https:\/\/unaymilletras.com\/en\/wp-json\/wp\/v2\/types\/post"}],"author":[{"embeddable":true,"href":"https:\/\/unaymilletras.com\/en\/wp-json\/wp\/v2\/users\/1"}],"replies":[{"embeddable":true,"href":"https:\/\/unaymilletras.com\/en\/wp-json\/wp\/v2\/comments?post=2019"}],"version-history":[{"count":5,"href":"https:\/\/unaymilletras.com\/en\/wp-json\/wp\/v2\/posts\/2019\/revisions"}],"predecessor-version":[{"id":2027,"href":"https:\/\/unaymilletras.com\/en\/wp-json\/wp\/v2\/posts\/2019\/revisions\/2027"}],"wp:featuredmedia":[{"embeddable":true,"href":"https:\/\/unaymilletras.com\/en\/wp-json\/wp\/v2\/media\/2022"}],"wp:attachment":[{"href":"https:\/\/unaymilletras.com\/en\/wp-json\/wp\/v2\/media?parent=2019"}],"wp:term":[{"taxonomy":"category","embeddable":true,"href":"https:\/\/unaymilletras.com\/en\/wp-json\/wp\/v2\/categories?post=2019"},{"taxonomy":"post_tag","embeddable":true,"href":"https:\/\/unaymilletras.com\/en\/wp-json\/wp\/v2\/tags?post=2019"}],"curies":[{"name":"wp","href":"https:\/\/api.w.org\/{rel}","templated":true}]}}