{"id":2069,"date":"2024-02-08T12:45:00","date_gmt":"2024-02-08T11:45:00","guid":{"rendered":"https:\/\/unaymilletras.com\/?p=2069"},"modified":"2024-02-08T12:54:47","modified_gmt":"2024-02-08T11:54:47","slug":"pole-vuelve-a-unirse-a-mafalda-cardenal-en-rotos","status":"publish","type":"post","link":"https:\/\/unaymilletras.com\/en\/pole-vuelve-a-unirse-a-mafalda-cardenal-en-rotos\/","title":{"rendered":"Pole. vuelve a unirse a Mafalda Cardenal en \u201cRotos\u201d"},"content":{"rendered":"<div data-elementor-type=\"wp-post\" data-elementor-id=\"2069\" class=\"elementor elementor-2069\">\n\t\t\t\t\t\t<section class=\"elementor-section elementor-top-section elementor-element elementor-element-1b18f5c elementor-section-boxed elementor-section-height-default elementor-section-height-default\" data-id=\"1b18f5c\" data-element_type=\"section\" data-e-type=\"section\">\n\t\t\t\t\t\t<div class=\"elementor-container elementor-column-gap-default\">\n\t\t\t\t\t<div class=\"elementor-column elementor-col-100 elementor-top-column elementor-element elementor-element-477a74f\" data-id=\"477a74f\" data-element_type=\"column\" data-e-type=\"column\">\n\t\t\t<div class=\"elementor-widget-wrap elementor-element-populated\">\n\t\t\t\t\t\t<div class=\"elementor-element elementor-element-e690ebc elementor-widget elementor-widget-text-editor\" data-id=\"e690ebc\" data-element_type=\"widget\" data-e-type=\"widget\" data-widget_type=\"text-editor.default\">\n\t\t\t\t<div class=\"elementor-widget-container\">\n\t\t\t\t\t\t\t\t\t<h2 style=\"text-align: center;\"><span style=\"color: #808080;\"><em>\u201cRotos\u201d es el nuevo single de Pole. en colaboraci\u00f3n con Mafalda Cardenal con la que contin\u00faa en el ritmo popular espa\u00f1ol<\/em><\/span><\/h2>\t\t\t\t\t\t\t\t<\/div>\n\t\t\t\t<\/div>\n\t\t\t\t\t<\/div>\n\t\t<\/div>\n\t\t\t\t\t<\/div>\n\t\t<\/section>\n\t\t\t\t<section class=\"elementor-section elementor-top-section elementor-element elementor-element-edd62ef elementor-section-boxed elementor-section-height-default elementor-section-height-default\" data-id=\"edd62ef\" data-element_type=\"section\" data-e-type=\"section\">\n\t\t\t\t\t\t<div class=\"elementor-container elementor-column-gap-default\">\n\t\t\t\t\t<div class=\"elementor-column elementor-col-100 elementor-top-column elementor-element elementor-element-1cedce2\" data-id=\"1cedce2\" data-element_type=\"column\" data-e-type=\"column\">\n\t\t\t<div class=\"elementor-widget-wrap elementor-element-populated\">\n\t\t\t\t\t\t<div class=\"elementor-element elementor-element-b47ad93 elementor-widget elementor-widget-text-editor\" data-id=\"b47ad93\" data-element_type=\"widget\" data-e-type=\"widget\" data-widget_type=\"text-editor.default\">\n\t\t\t\t<div class=\"elementor-widget-container\">\n\t\t\t\t\t\t\t\t\t<p>Despu\u00e9s del \u00e9xito de <em><b>Madrid<\/b><\/em>, <b>Pole.<\/b> y <b>Mafalda Cardenal <\/b>se vuelven a juntar en <em><b>Rotos<\/b><\/em>. En este nuevo single el toledano sigue reivindicando la canci\u00f3n popular espa\u00f1ola. Una balada rom\u00e1ntica que re\u00fane las mejores cualidades de estas canciones que han conquistado a distintas generaciones. Las voces de ambos se complementan para contar una historia de reproches por falta de cari\u00f1o y desesperanza.<\/p>\t\t\t\t\t\t\t\t<\/div>\n\t\t\t\t<\/div>\n\t\t\t\t\t<\/div>\n\t\t<\/div>\n\t\t\t\t\t<\/div>\n\t\t<\/section>\n\t\t\t\t<section class=\"elementor-section elementor-top-section elementor-element elementor-element-39e8a3b elementor-section-boxed elementor-section-height-default elementor-section-height-default\" data-id=\"39e8a3b\" data-element_type=\"section\" data-e-type=\"section\">\n\t\t\t\t\t\t<div class=\"elementor-container elementor-column-gap-default\">\n\t\t\t\t\t<div class=\"elementor-column elementor-col-100 elementor-top-column elementor-element elementor-element-c77a5bf\" data-id=\"c77a5bf\" data-element_type=\"column\" data-e-type=\"column\">\n\t\t\t<div class=\"elementor-widget-wrap elementor-element-populated\">\n\t\t\t\t\t\t<div class=\"elementor-element elementor-element-de0b006 elementor-widget elementor-widget-image\" data-id=\"de0b006\" data-element_type=\"widget\" data-e-type=\"widget\" data-widget_type=\"image.default\">\n\t\t\t\t<div class=\"elementor-widget-container\">\n\t\t\t\t\t\t\t\t\t\t\t\t\t\t\t<img fetchpriority=\"high\" decoding=\"async\" width=\"640\" height=\"640\" src=\"https:\/\/unaymilletras.com\/wp-content\/uploads\/2024\/02\/ROTOS-ft.-Mafalda-cardenal.jpg\" class=\"attachment-large size-large wp-image-2072\" alt=\"pole.\" srcset=\"https:\/\/unaymilletras.com\/wp-content\/uploads\/2024\/02\/ROTOS-ft.-Mafalda-cardenal.jpg 900w, https:\/\/unaymilletras.com\/wp-content\/uploads\/2024\/02\/ROTOS-ft.-Mafalda-cardenal-300x300.jpg 300w, https:\/\/unaymilletras.com\/wp-content\/uploads\/2024\/02\/ROTOS-ft.-Mafalda-cardenal-150x150.jpg 150w, https:\/\/unaymilletras.com\/wp-content\/uploads\/2024\/02\/ROTOS-ft.-Mafalda-cardenal-768x768.jpg 768w\" sizes=\"(max-width: 640px) 100vw, 640px\" \/>\t\t\t\t\t\t\t\t\t\t\t\t\t\t\t<\/div>\n\t\t\t\t<\/div>\n\t\t\t\t\t<\/div>\n\t\t<\/div>\n\t\t\t\t\t<\/div>\n\t\t<\/section>\n\t\t\t\t<section class=\"elementor-section elementor-top-section elementor-element elementor-element-561d0fb elementor-section-boxed elementor-section-height-default elementor-section-height-default\" data-id=\"561d0fb\" data-element_type=\"section\" data-e-type=\"section\">\n\t\t\t\t\t\t<div class=\"elementor-container elementor-column-gap-default\">\n\t\t\t\t\t<div class=\"elementor-column elementor-col-100 elementor-top-column elementor-element elementor-element-30e1573\" data-id=\"30e1573\" data-element_type=\"column\" data-e-type=\"column\">\n\t\t\t<div class=\"elementor-widget-wrap elementor-element-populated\">\n\t\t\t\t\t\t<div class=\"elementor-element elementor-element-bed0705 elementor-widget elementor-widget-text-editor\" data-id=\"bed0705\" data-element_type=\"widget\" data-e-type=\"widget\" data-widget_type=\"text-editor.default\">\n\t\t\t\t<div class=\"elementor-widget-container\">\n\t\t\t\t\t\t\t\t\t<p>Pole. se encuentra en uno de sus mejores momentos art\u00edsticos, en el que se junta con grandes compositores del pop espa\u00f1ol. Asimismo, durante su carrera ha colaborado con varios artistas nacionales de renombre como Melendi, Pablo Albor\u00e1n o Estopa entre otros. Tambi\u00e9n ha conseguido discos de Oro y Platino con sus canciones creadas en estilos muy distintos, desde el rap hasta el pop.<\/p>\t\t\t\t\t\t\t\t<\/div>\n\t\t\t\t<\/div>\n\t\t\t\t\t<\/div>\n\t\t<\/div>\n\t\t\t\t\t<\/div>\n\t\t<\/section>\n\t\t\t\t<section class=\"elementor-section elementor-top-section elementor-element elementor-element-8647bb8 elementor-section-boxed elementor-section-height-default elementor-section-height-default\" data-id=\"8647bb8\" data-element_type=\"section\" data-e-type=\"section\">\n\t\t\t\t\t\t<div class=\"elementor-container elementor-column-gap-default\">\n\t\t\t\t\t<div class=\"elementor-column elementor-col-50 elementor-top-column elementor-element elementor-element-c44c90f\" data-id=\"c44c90f\" data-element_type=\"column\" data-e-type=\"column\">\n\t\t\t<div class=\"elementor-widget-wrap elementor-element-populated\">\n\t\t\t\t\t\t<div class=\"elementor-element elementor-element-0d14ff6 elementor-widget elementor-widget-image\" data-id=\"0d14ff6\" data-element_type=\"widget\" data-e-type=\"widget\" data-widget_type=\"image.default\">\n\t\t\t\t<div class=\"elementor-widget-container\">\n\t\t\t\t\t\t\t\t\t\t\t\t\t\t\t<img decoding=\"async\" width=\"640\" height=\"906\" src=\"https:\/\/unaymilletras.com\/wp-content\/uploads\/2024\/02\/WiZink-Pole-723x1024.jpeg\" class=\"attachment-large size-large wp-image-2073\" alt=\"\" srcset=\"https:\/\/unaymilletras.com\/wp-content\/uploads\/2024\/02\/WiZink-Pole-723x1024.jpeg 723w, https:\/\/unaymilletras.com\/wp-content\/uploads\/2024\/02\/WiZink-Pole-212x300.jpeg 212w, https:\/\/unaymilletras.com\/wp-content\/uploads\/2024\/02\/WiZink-Pole-768x1087.jpeg 768w, https:\/\/unaymilletras.com\/wp-content\/uploads\/2024\/02\/WiZink-Pole-1085x1536.jpeg 1085w, https:\/\/unaymilletras.com\/wp-content\/uploads\/2024\/02\/WiZink-Pole-1447x2048.jpeg 1447w, https:\/\/unaymilletras.com\/wp-content\/uploads\/2024\/02\/WiZink-Pole-1024x1449.jpeg 1024w, https:\/\/unaymilletras.com\/wp-content\/uploads\/2024\/02\/WiZink-Pole-scaled-e1707392798467.jpeg 600w\" sizes=\"(max-width: 640px) 100vw, 640px\" \/>\t\t\t\t\t\t\t\t\t\t\t\t\t\t\t<\/div>\n\t\t\t\t<\/div>\n\t\t\t\t\t<\/div>\n\t\t<\/div>\n\t\t\t\t<div class=\"elementor-column elementor-col-50 elementor-top-column elementor-element elementor-element-622c45d\" data-id=\"622c45d\" data-element_type=\"column\" data-e-type=\"column\">\n\t\t\t<div class=\"elementor-widget-wrap elementor-element-populated\">\n\t\t\t\t\t\t<div class=\"elementor-element elementor-element-93b4c50 elementor-widget elementor-widget-text-editor\" data-id=\"93b4c50\" data-element_type=\"widget\" data-e-type=\"widget\" data-widget_type=\"text-editor.default\">\n\t\t\t\t<div class=\"elementor-widget-container\">\n\t\t\t\t\t\t\t\t\t<p><span style=\"color: #808080;\">Ahora, lanza su primera canci\u00f3n de este 2024 y se prepara para uno de los shows m\u00e1s importantes de su carrera: su primer <a style=\"color: #808080;\" href=\"https:\/\/unaymilletras.com\/en\/pole-llega-al-wizink-center\/\">WiZink Center<\/a>. En noviembre anunciaba que tocar\u00e1 por primera vez en un concierto propio en el Palacio de los Deportes de Madrid. Durante su actuaci\u00f3n, Pole. interpretar\u00e1 <em>Rotos<\/em> adem\u00e1s de algunas de sus canciones m\u00e1s ic\u00f3nicas y otras que est\u00e1n por venir.<\/span><\/p><p>A\u00fan quedan entradas a la venta, aunque las gradas estar\u00e1n completas. Te puedes hacer con ellas <a href=\"https:\/\/baila.fm\/eventos\/concierto-pole-madrid-wizink-center-2024\/\">aqu\u00ed<\/a>.<\/p>\t\t\t\t\t\t\t\t<\/div>\n\t\t\t\t<\/div>\n\t\t\t\t\t<\/div>\n\t\t<\/div>\n\t\t\t\t\t<\/div>\n\t\t<\/section>\n\t\t\t\t<\/div>","protected":false},"excerpt":{"rendered":"<p>\u201cRotos\u201d es el nuevo single de Pole. en colaboraci\u00f3n con Mafalda Cardenal con la que contin\u00faa en el ritmo popular espa\u00f1ol Despu\u00e9s del \u00e9xito de Madrid, Pole. y Mafalda Cardenal se vuelven a juntar en Rotos. En este nuevo single el toledano sigue reivindicando la canci\u00f3n popular espa\u00f1ola. Una balada rom\u00e1ntica que re\u00fane las mejores [&hellip;]<\/p>\n","protected":false},"author":1,"featured_media":2072,"comment_status":"open","ping_status":"open","sticky":false,"template":"","format":"standard","meta":{"footnotes":""},"categories":[4],"tags":[],"class_list":["post-2069","post","type-post","status-publish","format-standard","has-post-thumbnail","hentry","category-musica"],"yoast_head":"<!-- This site is optimized with the Yoast SEO plugin v27.4 - https:\/\/yoast.com\/product\/yoast-seo-wordpress\/ -->\n<title>Pole. vuelve a unirse a Mafalda Cardenal en \u201cRotos\u201d<\/title>\n<meta name=\"description\" content=\"\u201cRotos\u201d es el nuevo single de Pole. en colaboraci\u00f3n con Mafalda Cardenal con la que contin\u00faa en el ritmo popular espa\u00f1ol\" \/>\n<meta name=\"robots\" content=\"index, follow, max-snippet:-1, max-image-preview:large, max-video-preview:-1\" \/>\n<link rel=\"canonical\" href=\"https:\/\/unaymilletras.com\/en\/pole-vuelve-a-unirse-a-mafalda-cardenal-en-rotos\/\" \/>\n<meta property=\"og:locale\" content=\"en_GB\" \/>\n<meta property=\"og:type\" content=\"article\" \/>\n<meta property=\"og:title\" content=\"Pole. vuelve a unirse a Mafalda Cardenal en \u201cRotos\u201d\" \/>\n<meta property=\"og:description\" content=\"\u201cRotos\u201d es el nuevo single de Pole. en colaboraci\u00f3n con Mafalda Cardenal con la que contin\u00faa en el ritmo popular espa\u00f1ol\" \/>\n<meta property=\"og:url\" content=\"https:\/\/unaymilletras.com\/en\/pole-vuelve-a-unirse-a-mafalda-cardenal-en-rotos\/\" \/>\n<meta property=\"og:site_name\" content=\"Una y Mil Letras\" \/>\n<meta property=\"article:published_time\" content=\"2024-02-08T11:45:00+00:00\" \/>\n<meta property=\"article:modified_time\" content=\"2024-02-08T11:54:47+00:00\" \/>\n<meta property=\"og:image\" content=\"http:\/\/unaymilletras.com\/wp-content\/uploads\/2024\/02\/ROTOS-ft.-Mafalda-cardenal.jpg\" \/>\n\t<meta property=\"og:image:width\" content=\"900\" \/>\n\t<meta property=\"og:image:height\" content=\"900\" \/>\n\t<meta property=\"og:image:type\" content=\"image\/jpeg\" \/>\n<meta name=\"author\" content=\"Maria Gil Robledo\" \/>\n<meta name=\"twitter:card\" content=\"summary_large_image\" \/>\n<meta name=\"twitter:creator\" content=\"@UnaYMilLetras\" \/>\n<meta name=\"twitter:site\" content=\"@UnaYMilLetras\" \/>\n<meta name=\"twitter:label1\" content=\"Written by\" \/>\n\t<meta name=\"twitter:data1\" content=\"Maria Gil Robledo\" \/>\n\t<meta name=\"twitter:label2\" content=\"Estimated reading time\" \/>\n\t<meta name=\"twitter:data2\" content=\"2 minutes\" \/>\n<script type=\"application\/ld+json\" class=\"yoast-schema-graph\">{\"@context\":\"https:\\\/\\\/schema.org\",\"@graph\":[{\"@type\":\"Article\",\"@id\":\"https:\\\/\\\/unaymilletras.com\\\/pole-vuelve-a-unirse-a-mafalda-cardenal-en-rotos\\\/#article\",\"isPartOf\":{\"@id\":\"https:\\\/\\\/unaymilletras.com\\\/pole-vuelve-a-unirse-a-mafalda-cardenal-en-rotos\\\/\"},\"author\":{\"name\":\"Maria Gil Robledo\",\"@id\":\"http:\\\/\\\/unaymilletras.com\\\/#\\\/schema\\\/person\\\/d55ba681b8a4e463d8982dbe36a5dc94\"},\"headline\":\"Pole. vuelve a unirse a Mafalda Cardenal en \u201cRotos\u201d\",\"datePublished\":\"2024-02-08T11:45:00+00:00\",\"dateModified\":\"2024-02-08T11:54:47+00:00\",\"mainEntityOfPage\":{\"@id\":\"https:\\\/\\\/unaymilletras.com\\\/pole-vuelve-a-unirse-a-mafalda-cardenal-en-rotos\\\/\"},\"wordCount\":258,\"commentCount\":0,\"publisher\":{\"@id\":\"http:\\\/\\\/unaymilletras.com\\\/#organization\"},\"image\":{\"@id\":\"https:\\\/\\\/unaymilletras.com\\\/pole-vuelve-a-unirse-a-mafalda-cardenal-en-rotos\\\/#primaryimage\"},\"thumbnailUrl\":\"https:\\\/\\\/unaymilletras.com\\\/wp-content\\\/uploads\\\/2024\\\/02\\\/ROTOS-ft.-Mafalda-cardenal.jpg\",\"articleSection\":[\"M\u00fasica\"],\"inLanguage\":\"en-GB\",\"potentialAction\":[{\"@type\":\"CommentAction\",\"name\":\"Comment\",\"target\":[\"https:\\\/\\\/unaymilletras.com\\\/pole-vuelve-a-unirse-a-mafalda-cardenal-en-rotos\\\/#respond\"]}]},{\"@type\":\"WebPage\",\"@id\":\"https:\\\/\\\/unaymilletras.com\\\/pole-vuelve-a-unirse-a-mafalda-cardenal-en-rotos\\\/\",\"url\":\"https:\\\/\\\/unaymilletras.com\\\/pole-vuelve-a-unirse-a-mafalda-cardenal-en-rotos\\\/\",\"name\":\"Pole. vuelve a unirse a Mafalda Cardenal en \u201cRotos\u201d\",\"isPartOf\":{\"@id\":\"http:\\\/\\\/unaymilletras.com\\\/#website\"},\"primaryImageOfPage\":{\"@id\":\"https:\\\/\\\/unaymilletras.com\\\/pole-vuelve-a-unirse-a-mafalda-cardenal-en-rotos\\\/#primaryimage\"},\"image\":{\"@id\":\"https:\\\/\\\/unaymilletras.com\\\/pole-vuelve-a-unirse-a-mafalda-cardenal-en-rotos\\\/#primaryimage\"},\"thumbnailUrl\":\"https:\\\/\\\/unaymilletras.com\\\/wp-content\\\/uploads\\\/2024\\\/02\\\/ROTOS-ft.-Mafalda-cardenal.jpg\",\"datePublished\":\"2024-02-08T11:45:00+00:00\",\"dateModified\":\"2024-02-08T11:54:47+00:00\",\"description\":\"\u201cRotos\u201d es el nuevo single de Pole. en colaboraci\u00f3n con Mafalda Cardenal con la que contin\u00faa en el ritmo popular espa\u00f1ol\",\"breadcrumb\":{\"@id\":\"https:\\\/\\\/unaymilletras.com\\\/pole-vuelve-a-unirse-a-mafalda-cardenal-en-rotos\\\/#breadcrumb\"},\"inLanguage\":\"en-GB\",\"potentialAction\":[{\"@type\":\"ReadAction\",\"target\":[\"https:\\\/\\\/unaymilletras.com\\\/pole-vuelve-a-unirse-a-mafalda-cardenal-en-rotos\\\/\"]}]},{\"@type\":\"ImageObject\",\"inLanguage\":\"en-GB\",\"@id\":\"https:\\\/\\\/unaymilletras.com\\\/pole-vuelve-a-unirse-a-mafalda-cardenal-en-rotos\\\/#primaryimage\",\"url\":\"https:\\\/\\\/unaymilletras.com\\\/wp-content\\\/uploads\\\/2024\\\/02\\\/ROTOS-ft.-Mafalda-cardenal.jpg\",\"contentUrl\":\"https:\\\/\\\/unaymilletras.com\\\/wp-content\\\/uploads\\\/2024\\\/02\\\/ROTOS-ft.-Mafalda-cardenal.jpg\",\"width\":900,\"height\":900,\"caption\":\"pole.\"},{\"@type\":\"BreadcrumbList\",\"@id\":\"https:\\\/\\\/unaymilletras.com\\\/pole-vuelve-a-unirse-a-mafalda-cardenal-en-rotos\\\/#breadcrumb\",\"itemListElement\":[{\"@type\":\"ListItem\",\"position\":1,\"name\":\"Home\",\"item\":\"http:\\\/\\\/unaymilletras.com\\\/\"},{\"@type\":\"ListItem\",\"position\":2,\"name\":\"Pole. vuelve a unirse a Mafalda Cardenal en \u201cRotos\u201d\"}]},{\"@type\":\"WebSite\",\"@id\":\"http:\\\/\\\/unaymilletras.com\\\/#website\",\"url\":\"http:\\\/\\\/unaymilletras.com\\\/\",\"name\":\"Una y Mil Letras\",\"description\":\"\",\"publisher\":{\"@id\":\"http:\\\/\\\/unaymilletras.com\\\/#organization\"},\"potentialAction\":[{\"@type\":\"SearchAction\",\"target\":{\"@type\":\"EntryPoint\",\"urlTemplate\":\"http:\\\/\\\/unaymilletras.com\\\/?s={search_term_string}\"},\"query-input\":{\"@type\":\"PropertyValueSpecification\",\"valueRequired\":true,\"valueName\":\"search_term_string\"}}],\"inLanguage\":\"en-GB\"},{\"@type\":\"Organization\",\"@id\":\"http:\\\/\\\/unaymilletras.com\\\/#organization\",\"name\":\"Una y Mil Letras\",\"url\":\"http:\\\/\\\/unaymilletras.com\\\/\",\"logo\":{\"@type\":\"ImageObject\",\"inLanguage\":\"en-GB\",\"@id\":\"http:\\\/\\\/unaymilletras.com\\\/#\\\/schema\\\/logo\\\/image\\\/\",\"url\":\"https:\\\/\\\/unaymilletras.com\\\/wp-content\\\/uploads\\\/2024\\\/06\\\/cropped-Logo-removebg-preview.png\",\"contentUrl\":\"https:\\\/\\\/unaymilletras.com\\\/wp-content\\\/uploads\\\/2024\\\/06\\\/cropped-Logo-removebg-preview.png\",\"width\":512,\"height\":512,\"caption\":\"Una y Mil Letras\"},\"image\":{\"@id\":\"http:\\\/\\\/unaymilletras.com\\\/#\\\/schema\\\/logo\\\/image\\\/\"},\"sameAs\":[\"https:\\\/\\\/x.com\\\/UnaYMilLetras\",\"https:\\\/\\\/instagram.com\\\/UnaYMilLetras\"]},{\"@type\":\"Person\",\"@id\":\"http:\\\/\\\/unaymilletras.com\\\/#\\\/schema\\\/person\\\/d55ba681b8a4e463d8982dbe36a5dc94\",\"name\":\"Maria Gil Robledo\",\"image\":{\"@type\":\"ImageObject\",\"inLanguage\":\"en-GB\",\"@id\":\"https:\\\/\\\/secure.gravatar.com\\\/avatar\\\/4b8e5102e0015789407eb4870b12f0f2857952d83ca124058f92b764bd1840c3?s=96&d=mm&r=g\",\"url\":\"https:\\\/\\\/secure.gravatar.com\\\/avatar\\\/4b8e5102e0015789407eb4870b12f0f2857952d83ca124058f92b764bd1840c3?s=96&d=mm&r=g\",\"contentUrl\":\"https:\\\/\\\/secure.gravatar.com\\\/avatar\\\/4b8e5102e0015789407eb4870b12f0f2857952d83ca124058f92b764bd1840c3?s=96&d=mm&r=g\",\"caption\":\"Maria Gil Robledo\"},\"sameAs\":[\"http:\\\/\\\/unaymilletras.com\"],\"url\":\"https:\\\/\\\/unaymilletras.com\\\/en\\\/author\\\/mariiagiil02_\\\/\"}]}<\/script>\n<!-- \/ Yoast SEO plugin. -->","yoast_head_json":{"title":"Pole. vuelve a unirse a Mafalda Cardenal en \u201cRotos\u201d","description":"\u201cRotos\u201d es el nuevo single de Pole. en colaboraci\u00f3n con Mafalda Cardenal con la que contin\u00faa en el ritmo popular espa\u00f1ol","robots":{"index":"index","follow":"follow","max-snippet":"max-snippet:-1","max-image-preview":"max-image-preview:large","max-video-preview":"max-video-preview:-1"},"canonical":"https:\/\/unaymilletras.com\/en\/pole-vuelve-a-unirse-a-mafalda-cardenal-en-rotos\/","og_locale":"en_GB","og_type":"article","og_title":"Pole. vuelve a unirse a Mafalda Cardenal en \u201cRotos\u201d","og_description":"\u201cRotos\u201d es el nuevo single de Pole. en colaboraci\u00f3n con Mafalda Cardenal con la que contin\u00faa en el ritmo popular espa\u00f1ol","og_url":"https:\/\/unaymilletras.com\/en\/pole-vuelve-a-unirse-a-mafalda-cardenal-en-rotos\/","og_site_name":"Una y Mil Letras","article_published_time":"2024-02-08T11:45:00+00:00","article_modified_time":"2024-02-08T11:54:47+00:00","og_image":[{"width":900,"height":900,"url":"http:\/\/unaymilletras.com\/wp-content\/uploads\/2024\/02\/ROTOS-ft.-Mafalda-cardenal.jpg","type":"image\/jpeg"}],"author":"Maria Gil Robledo","twitter_card":"summary_large_image","twitter_creator":"@UnaYMilLetras","twitter_site":"@UnaYMilLetras","twitter_misc":{"Written by":"Maria Gil Robledo","Estimated reading time":"2 minutes"},"schema":{"@context":"https:\/\/schema.org","@graph":[{"@type":"Article","@id":"https:\/\/unaymilletras.com\/pole-vuelve-a-unirse-a-mafalda-cardenal-en-rotos\/#article","isPartOf":{"@id":"https:\/\/unaymilletras.com\/pole-vuelve-a-unirse-a-mafalda-cardenal-en-rotos\/"},"author":{"name":"Maria Gil Robledo","@id":"http:\/\/unaymilletras.com\/#\/schema\/person\/d55ba681b8a4e463d8982dbe36a5dc94"},"headline":"Pole. vuelve a unirse a Mafalda Cardenal en \u201cRotos\u201d","datePublished":"2024-02-08T11:45:00+00:00","dateModified":"2024-02-08T11:54:47+00:00","mainEntityOfPage":{"@id":"https:\/\/unaymilletras.com\/pole-vuelve-a-unirse-a-mafalda-cardenal-en-rotos\/"},"wordCount":258,"commentCount":0,"publisher":{"@id":"http:\/\/unaymilletras.com\/#organization"},"image":{"@id":"https:\/\/unaymilletras.com\/pole-vuelve-a-unirse-a-mafalda-cardenal-en-rotos\/#primaryimage"},"thumbnailUrl":"https:\/\/unaymilletras.com\/wp-content\/uploads\/2024\/02\/ROTOS-ft.-Mafalda-cardenal.jpg","articleSection":["M\u00fasica"],"inLanguage":"en-GB","potentialAction":[{"@type":"CommentAction","name":"Comment","target":["https:\/\/unaymilletras.com\/pole-vuelve-a-unirse-a-mafalda-cardenal-en-rotos\/#respond"]}]},{"@type":"WebPage","@id":"https:\/\/unaymilletras.com\/pole-vuelve-a-unirse-a-mafalda-cardenal-en-rotos\/","url":"https:\/\/unaymilletras.com\/pole-vuelve-a-unirse-a-mafalda-cardenal-en-rotos\/","name":"Pole. vuelve a unirse a Mafalda Cardenal en \u201cRotos\u201d","isPartOf":{"@id":"http:\/\/unaymilletras.com\/#website"},"primaryImageOfPage":{"@id":"https:\/\/unaymilletras.com\/pole-vuelve-a-unirse-a-mafalda-cardenal-en-rotos\/#primaryimage"},"image":{"@id":"https:\/\/unaymilletras.com\/pole-vuelve-a-unirse-a-mafalda-cardenal-en-rotos\/#primaryimage"},"thumbnailUrl":"https:\/\/unaymilletras.com\/wp-content\/uploads\/2024\/02\/ROTOS-ft.-Mafalda-cardenal.jpg","datePublished":"2024-02-08T11:45:00+00:00","dateModified":"2024-02-08T11:54:47+00:00","description":"\u201cRotos\u201d es el nuevo single de Pole. en colaboraci\u00f3n con Mafalda Cardenal con la que contin\u00faa en el ritmo popular espa\u00f1ol","breadcrumb":{"@id":"https:\/\/unaymilletras.com\/pole-vuelve-a-unirse-a-mafalda-cardenal-en-rotos\/#breadcrumb"},"inLanguage":"en-GB","potentialAction":[{"@type":"ReadAction","target":["https:\/\/unaymilletras.com\/pole-vuelve-a-unirse-a-mafalda-cardenal-en-rotos\/"]}]},{"@type":"ImageObject","inLanguage":"en-GB","@id":"https:\/\/unaymilletras.com\/pole-vuelve-a-unirse-a-mafalda-cardenal-en-rotos\/#primaryimage","url":"https:\/\/unaymilletras.com\/wp-content\/uploads\/2024\/02\/ROTOS-ft.-Mafalda-cardenal.jpg","contentUrl":"https:\/\/unaymilletras.com\/wp-content\/uploads\/2024\/02\/ROTOS-ft.-Mafalda-cardenal.jpg","width":900,"height":900,"caption":"pole."},{"@type":"BreadcrumbList","@id":"https:\/\/unaymilletras.com\/pole-vuelve-a-unirse-a-mafalda-cardenal-en-rotos\/#breadcrumb","itemListElement":[{"@type":"ListItem","position":1,"name":"Home","item":"http:\/\/unaymilletras.com\/"},{"@type":"ListItem","position":2,"name":"Pole. vuelve a unirse a Mafalda Cardenal en \u201cRotos\u201d"}]},{"@type":"WebSite","@id":"http:\/\/unaymilletras.com\/#website","url":"http:\/\/unaymilletras.com\/","name":"Una y Mil Letras","description":"","publisher":{"@id":"http:\/\/unaymilletras.com\/#organization"},"potentialAction":[{"@type":"SearchAction","target":{"@type":"EntryPoint","urlTemplate":"http:\/\/unaymilletras.com\/?s={search_term_string}"},"query-input":{"@type":"PropertyValueSpecification","valueRequired":true,"valueName":"search_term_string"}}],"inLanguage":"en-GB"},{"@type":"Organization","@id":"http:\/\/unaymilletras.com\/#organization","name":"Una y Mil Letras","url":"http:\/\/unaymilletras.com\/","logo":{"@type":"ImageObject","inLanguage":"en-GB","@id":"http:\/\/unaymilletras.com\/#\/schema\/logo\/image\/","url":"https:\/\/unaymilletras.com\/wp-content\/uploads\/2024\/06\/cropped-Logo-removebg-preview.png","contentUrl":"https:\/\/unaymilletras.com\/wp-content\/uploads\/2024\/06\/cropped-Logo-removebg-preview.png","width":512,"height":512,"caption":"Una y Mil Letras"},"image":{"@id":"http:\/\/unaymilletras.com\/#\/schema\/logo\/image\/"},"sameAs":["https:\/\/x.com\/UnaYMilLetras","https:\/\/instagram.com\/UnaYMilLetras"]},{"@type":"Person","@id":"http:\/\/unaymilletras.com\/#\/schema\/person\/d55ba681b8a4e463d8982dbe36a5dc94","name":"Maria Gil Robledo","image":{"@type":"ImageObject","inLanguage":"en-GB","@id":"https:\/\/secure.gravatar.com\/avatar\/4b8e5102e0015789407eb4870b12f0f2857952d83ca124058f92b764bd1840c3?s=96&d=mm&r=g","url":"https:\/\/secure.gravatar.com\/avatar\/4b8e5102e0015789407eb4870b12f0f2857952d83ca124058f92b764bd1840c3?s=96&d=mm&r=g","contentUrl":"https:\/\/secure.gravatar.com\/avatar\/4b8e5102e0015789407eb4870b12f0f2857952d83ca124058f92b764bd1840c3?s=96&d=mm&r=g","caption":"Maria Gil Robledo"},"sameAs":["http:\/\/unaymilletras.com"],"url":"https:\/\/unaymilletras.com\/en\/author\/mariiagiil02_\/"}]}},"_links":{"self":[{"href":"https:\/\/unaymilletras.com\/en\/wp-json\/wp\/v2\/posts\/2069","targetHints":{"allow":["GET"]}}],"collection":[{"href":"https:\/\/unaymilletras.com\/en\/wp-json\/wp\/v2\/posts"}],"about":[{"href":"https:\/\/unaymilletras.com\/en\/wp-json\/wp\/v2\/types\/post"}],"author":[{"embeddable":true,"href":"https:\/\/unaymilletras.com\/en\/wp-json\/wp\/v2\/users\/1"}],"replies":[{"embeddable":true,"href":"https:\/\/unaymilletras.com\/en\/wp-json\/wp\/v2\/comments?post=2069"}],"version-history":[{"count":6,"href":"https:\/\/unaymilletras.com\/en\/wp-json\/wp\/v2\/posts\/2069\/revisions"}],"predecessor-version":[{"id":2077,"href":"https:\/\/unaymilletras.com\/en\/wp-json\/wp\/v2\/posts\/2069\/revisions\/2077"}],"wp:featuredmedia":[{"embeddable":true,"href":"https:\/\/unaymilletras.com\/en\/wp-json\/wp\/v2\/media\/2072"}],"wp:attachment":[{"href":"https:\/\/unaymilletras.com\/en\/wp-json\/wp\/v2\/media?parent=2069"}],"wp:term":[{"taxonomy":"category","embeddable":true,"href":"https:\/\/unaymilletras.com\/en\/wp-json\/wp\/v2\/categories?post=2069"},{"taxonomy":"post_tag","embeddable":true,"href":"https:\/\/unaymilletras.com\/en\/wp-json\/wp\/v2\/tags?post=2069"}],"curies":[{"name":"wp","href":"https:\/\/api.w.org\/{rel}","templated":true}]}}