{"id":2078,"date":"2024-02-08T22:03:01","date_gmt":"2024-02-08T21:03:01","guid":{"rendered":"https:\/\/unaymilletras.com\/?p=2078"},"modified":"2024-02-08T22:05:59","modified_gmt":"2024-02-08T21:05:59","slug":"omar-samba-confiaba-en-que-la-cancion-iba-a-gustar-porque-a-mi-me-gustaba-mucho","status":"publish","type":"post","link":"https:\/\/unaymilletras.com\/en\/omar-samba-confiaba-en-que-la-cancion-iba-a-gustar-porque-a-mi-me-gustaba-mucho\/","title":{"rendered":"Omar Samba: \u00abConfiaba en que la canci\u00f3n iba a gustar porque a m\u00ed me gustaba mucho\u00bb"},"content":{"rendered":"<div data-elementor-type=\"wp-post\" data-elementor-id=\"2078\" class=\"elementor elementor-2078\">\n\t\t\t\t\t\t<section class=\"elementor-section elementor-top-section elementor-element elementor-element-1c8936f elementor-section-boxed elementor-section-height-default elementor-section-height-default\" data-id=\"1c8936f\" data-element_type=\"section\" data-e-type=\"section\">\n\t\t\t\t\t\t<div class=\"elementor-container elementor-column-gap-default\">\n\t\t\t\t\t<div class=\"elementor-column elementor-col-100 elementor-top-column elementor-element elementor-element-98b0bdc\" data-id=\"98b0bdc\" data-element_type=\"column\" data-e-type=\"column\">\n\t\t\t<div class=\"elementor-widget-wrap elementor-element-populated\">\n\t\t\t\t\t\t<div class=\"elementor-element elementor-element-12e23ab elementor-widget elementor-widget-text-editor\" data-id=\"12e23ab\" data-element_type=\"widget\" data-e-type=\"widget\" data-widget_type=\"text-editor.default\">\n\t\t\t\t<div class=\"elementor-widget-container\">\n\t\t\t\t\t\t\t\t\t<h2 style=\"text-align: center;\"><em><span style=\"color: #808080;\">\u00abTengo que parar\u00bb es el primer sencillo de Omar, un tema que encantar\u00e1 a todos los p\u00fablicos<\/span><\/em><\/h2>\t\t\t\t\t\t\t\t<\/div>\n\t\t\t\t<\/div>\n\t\t\t\t\t<\/div>\n\t\t<\/div>\n\t\t\t\t\t<\/div>\n\t\t<\/section>\n\t\t\t\t<section class=\"elementor-section elementor-top-section elementor-element elementor-element-a53c093 elementor-section-boxed elementor-section-height-default elementor-section-height-default\" data-id=\"a53c093\" data-element_type=\"section\" data-e-type=\"section\">\n\t\t\t\t\t\t<div class=\"elementor-container elementor-column-gap-default\">\n\t\t\t\t\t<div class=\"elementor-column elementor-col-100 elementor-top-column elementor-element elementor-element-14ee18d\" data-id=\"14ee18d\" data-element_type=\"column\" data-e-type=\"column\">\n\t\t\t<div class=\"elementor-widget-wrap elementor-element-populated\">\n\t\t\t\t\t\t<div class=\"elementor-element elementor-element-a7c10be elementor-widget elementor-widget-text-editor\" data-id=\"a7c10be\" data-element_type=\"widget\" data-e-type=\"widget\" data-widget_type=\"text-editor.default\">\n\t\t\t\t<div class=\"elementor-widget-container\">\n\t\t\t\t\t\t\t\t\t<p><span style=\"color: #808080;\">Omar Samba (<a style=\"color: #808080;\" href=\"https:\/\/unaymilletras.com\/en\/denna-en-que-momento-la-gente-se-sabe-mis-canciones\/\">OT 2023<\/a>) ha estrenado su primera canci\u00f3n. Un tema en el que mezcla una letra cruda de cantautor con sonidos m\u00e1s modernos. Ahora el artista contin\u00faa haciendo m\u00fasica y, aunque no cierra puertas, tiene claro que <span style=\"font-weight: 400;\">el pop rock es la l\u00ednea que quiere seguir.<\/span><\/span><\/p>\t\t\t\t\t\t\t\t<\/div>\n\t\t\t\t<\/div>\n\t\t\t\t\t<\/div>\n\t\t<\/div>\n\t\t\t\t\t<\/div>\n\t\t<\/section>\n\t\t\t\t<section class=\"elementor-section elementor-top-section elementor-element elementor-element-e1de710 elementor-section-boxed elementor-section-height-default elementor-section-height-default\" data-id=\"e1de710\" data-element_type=\"section\" data-e-type=\"section\">\n\t\t\t\t\t\t<div class=\"elementor-container elementor-column-gap-default\">\n\t\t\t\t\t<div class=\"elementor-column elementor-col-100 elementor-top-column elementor-element elementor-element-ee57f19\" data-id=\"ee57f19\" data-element_type=\"column\" data-e-type=\"column\">\n\t\t\t<div class=\"elementor-widget-wrap elementor-element-populated\">\n\t\t\t\t\t\t<div class=\"elementor-element elementor-element-e60d548 elementor-widget elementor-widget-video\" data-id=\"e60d548\" data-element_type=\"widget\" data-e-type=\"widget\" data-settings=\"{&quot;youtube_url&quot;:&quot;https:\\\/\\\/www.youtube.com\\\/watch?v=yWQUYpnCRpY&amp;ab_channel=UnayMilLetras&quot;,&quot;video_type&quot;:&quot;youtube&quot;,&quot;controls&quot;:&quot;yes&quot;}\" data-widget_type=\"video.default\">\n\t\t\t\t<div class=\"elementor-widget-container\">\n\t\t\t\t\t\t\t<div class=\"elementor-wrapper elementor-open-inline\">\n\t\t\t<div class=\"elementor-video\"><\/div>\t\t<\/div>\n\t\t\t\t\t\t<\/div>\n\t\t\t\t<\/div>\n\t\t\t\t\t<\/div>\n\t\t<\/div>\n\t\t\t\t\t<\/div>\n\t\t<\/section>\n\t\t\t\t<section class=\"elementor-section elementor-top-section elementor-element elementor-element-7dce0da elementor-section-boxed elementor-section-height-default elementor-section-height-default\" data-id=\"7dce0da\" data-element_type=\"section\" data-e-type=\"section\">\n\t\t\t\t\t\t<div class=\"elementor-container elementor-column-gap-default\">\n\t\t\t\t\t<div class=\"elementor-column elementor-col-100 elementor-top-column elementor-element elementor-element-b83fa20\" data-id=\"b83fa20\" data-element_type=\"column\" data-e-type=\"column\">\n\t\t\t<div class=\"elementor-widget-wrap elementor-element-populated\">\n\t\t\t\t\t\t<div class=\"elementor-element elementor-element-aef0a36 elementor-widget elementor-widget-text-editor\" data-id=\"aef0a36\" data-element_type=\"widget\" data-e-type=\"widget\" data-widget_type=\"text-editor.default\">\n\t\t\t\t<div class=\"elementor-widget-container\">\n\t\t\t\t\t\t\t\t\t<p><b>\u00bfQu\u00e9 tal la experiencia en Operaci\u00f3n Triunfo?<br \/><\/b><span style=\"font-weight: 400;\">Buah, una experiencia incre\u00edble la verdad. Me llevo much\u00edsimas, much\u00edsimas cosas positivas muy pocas negativas, y las positivas la verdad es que son muy positivas.<\/span><\/p><p><b>\u00bfSe puede preguntar por esas negativas? Se suele hablar m\u00e1s de las buenas pues por saber un poco tambi\u00e9n el lado malo.<br \/><\/b><span style=\"font-weight: 400;\">A m\u00ed me pas\u00f3 por ejemplo que all\u00ed dentro tiendes a compararte. Que es depende como lo quieras enfocar eh. Lo decimos como algo malo, pero tambi\u00e9n puede ser positivo si le das la vuelta. Pero te empiezas a dar un poco cuenta de tus carencias, empiezas a ver que hay gente muy buena que son tus compa\u00f1eros. Entonces es dif\u00edcil. Pero claro, si eso lo coges y dices \u201cvale pues ahora s\u00e9 que tengo esto y hay que trabajar ah\u00ed\u201d. Eso es una de las cosas negativas que me llevo porque como que me dio una hostia as\u00ed de \u201cb\u00e1jate que no\u201d.\u00a0<\/span><\/p><p><b>Ya has visto que fuera tienes apoyo tambi\u00e9n y has gustado.<br \/><\/b><span style=\"font-weight: 400;\">S\u00ed. Es verdad que esto me dur\u00f3 poco. Luego ya dije \u201cVale, fuera esto\u201d. A m\u00ed me chupaba mucho la energ\u00eda el pensar en cosas negativas y digo vale qu\u00edtate esto y valora las cosas buenas que tienes. Entonces s\u00ed que me dur\u00f3 poco y fue cosa de poco.\u00a0<\/span><\/p>\t\t\t\t\t\t\t\t<\/div>\n\t\t\t\t<\/div>\n\t\t\t\t\t<\/div>\n\t\t<\/div>\n\t\t\t\t\t<\/div>\n\t\t<\/section>\n\t\t\t\t<section class=\"elementor-section elementor-top-section elementor-element elementor-element-4e3c9b6 elementor-section-boxed elementor-section-height-default elementor-section-height-default\" data-id=\"4e3c9b6\" data-element_type=\"section\" data-e-type=\"section\">\n\t\t\t\t\t\t<div class=\"elementor-container elementor-column-gap-default\">\n\t\t\t\t\t<div class=\"elementor-column elementor-col-100 elementor-top-column elementor-element elementor-element-0349dc3\" data-id=\"0349dc3\" data-element_type=\"column\" data-e-type=\"column\">\n\t\t\t<div class=\"elementor-widget-wrap elementor-element-populated\">\n\t\t\t\t\t\t<div class=\"elementor-element elementor-element-8bbcb29 elementor-widget elementor-widget-image\" data-id=\"8bbcb29\" data-element_type=\"widget\" data-e-type=\"widget\" data-widget_type=\"image.default\">\n\t\t\t\t<div class=\"elementor-widget-container\">\n\t\t\t\t\t\t\t\t\t\t\t\t\t\t\t<img fetchpriority=\"high\" decoding=\"async\" width=\"640\" height=\"427\" src=\"https:\/\/unaymilletras.com\/wp-content\/uploads\/2024\/02\/Operacion_Triunfo_Gala_3_Expulsado_Omar_3000-1024x683.jpg\" class=\"attachment-large size-large wp-image-2081\" alt=\"Omar\" srcset=\"https:\/\/unaymilletras.com\/wp-content\/uploads\/2024\/02\/Operacion_Triunfo_Gala_3_Expulsado_Omar_3000-1024x683.jpg 1024w, https:\/\/unaymilletras.com\/wp-content\/uploads\/2024\/02\/Operacion_Triunfo_Gala_3_Expulsado_Omar_3000-300x200.jpg 300w, https:\/\/unaymilletras.com\/wp-content\/uploads\/2024\/02\/Operacion_Triunfo_Gala_3_Expulsado_Omar_3000-768x512.jpg 768w, https:\/\/unaymilletras.com\/wp-content\/uploads\/2024\/02\/Operacion_Triunfo_Gala_3_Expulsado_Omar_3000-1536x1024.jpg 1536w, https:\/\/unaymilletras.com\/wp-content\/uploads\/2024\/02\/Operacion_Triunfo_Gala_3_Expulsado_Omar_3000-2048x1365.jpg 2048w, https:\/\/unaymilletras.com\/wp-content\/uploads\/2024\/02\/Operacion_Triunfo_Gala_3_Expulsado_Omar_3000-scaled-e1707424146107.jpg 600w\" sizes=\"(max-width: 640px) 100vw, 640px\" \/>\t\t\t\t\t\t\t\t\t\t\t\t\t\t\t<\/div>\n\t\t\t\t<\/div>\n\t\t\t\t\t<\/div>\n\t\t<\/div>\n\t\t\t\t\t<\/div>\n\t\t<\/section>\n\t\t\t\t<section class=\"elementor-section elementor-top-section elementor-element elementor-element-900f006 elementor-section-boxed elementor-section-height-default elementor-section-height-default\" data-id=\"900f006\" data-element_type=\"section\" data-e-type=\"section\">\n\t\t\t\t\t\t<div class=\"elementor-container elementor-column-gap-default\">\n\t\t\t\t\t<div class=\"elementor-column elementor-col-100 elementor-top-column elementor-element elementor-element-c7e8283\" data-id=\"c7e8283\" data-element_type=\"column\" data-e-type=\"column\">\n\t\t\t<div class=\"elementor-widget-wrap elementor-element-populated\">\n\t\t\t\t\t\t<div class=\"elementor-element elementor-element-7b3d891 elementor-widget elementor-widget-text-editor\" data-id=\"7b3d891\" data-element_type=\"widget\" data-e-type=\"widget\" data-widget_type=\"text-editor.default\">\n\t\t\t\t<div class=\"elementor-widget-container\">\n\t\t\t\t\t\t\t\t\t<p><b>Ahora, lo primero es preguntarte por tu single. \u00bfC\u00f3mo est\u00e1s viviendo el lanzamiento?<br \/><\/b><span style=\"font-weight: 400;\">Incre\u00edble. Es algo incre\u00edble. Es la primera canci\u00f3n que saco yo, que ve la luz y que la conoce el mundo. Entonces me hizo much\u00edsima ilusi\u00f3n. El primer d\u00eda, el jueves la noche que ya sal\u00eda, me qued\u00e9 hasta las cinco y pico de la ma\u00f1ana leyendo mensajes, viendo Twitter, \u00bfsabes? La gente se involucr\u00f3 much\u00edsimo, empezaron a mandar much\u00edsimos mensajes de apoyo, diciendo que les gustaba mucho. No pod\u00eda parar, era adictivo ver mensajes buenos.<\/span><\/p><p><b>\u00bfTe esperabas tan buena acogida?<br \/><\/b><span style=\"font-weight: 400;\">A ver, no era muy objetivo porque es mi canci\u00f3n. Pero yo confiaba mucho en que la canci\u00f3n iba a gustar porque a m\u00ed me gustaba mucho. Y yo sab\u00eda que mucha gente se pod\u00eda sentir representada, sab\u00eda que le hab\u00edamos hecho un estribillo bastante pegadizo. Entonces cre\u00eda que se pod\u00eda pegar. Pero de repente wow. La acogida ha sido incre\u00edble, no me esperaba tanto.<\/span><\/p><p><b>A m\u00ed me gust\u00f3 mucho tu canci\u00f3n porque no sab\u00eda muy bien por qu\u00e9 g\u00e9nero ibas a tirar pero ayer escuch\u00e1ndola tira un poco m\u00e1s al pop espa\u00f1ol. Me son\u00f3 a m\u00fasica de toda la vida.\u00a0<br \/><\/b><span style=\"font-weight: 400;\">Era un poco lo que quer\u00eda. Yo quer\u00eda darle una vuelta de tuerca. Al final siempre que me pon\u00eda a componer, como compon\u00eda con la guitarra, y yo con la guitarra siempre he tocado El Kanka, Joaqu\u00edn Sabina o El Ni\u00f1o de la Hipoteca. Cosas m\u00e1s tranquilitas. Siempre que compon\u00eda me sal\u00edan cosas as\u00ed, claro, yo por una parte, a la hora de las letras siempre me han gustado este tipo de letras m\u00e1s crudas, m\u00e1s de cantautor. Yo quer\u00eda mantener un poco eso, pero darle una musicalidad m\u00e1s moderna, m\u00e1s actual. Y claro, el pop rock es la l\u00ednea que me gustar\u00eda seguir y quer\u00eda que fuera por ah\u00ed. Es verdad que se ha quedado una canci\u00f3n bastante popera y que a m\u00ed me gusta mucho.<\/span><\/p>\t\t\t\t\t\t\t\t<\/div>\n\t\t\t\t<\/div>\n\t\t\t\t\t<\/div>\n\t\t<\/div>\n\t\t\t\t\t<\/div>\n\t\t<\/section>\n\t\t\t\t<section class=\"elementor-section elementor-top-section elementor-element elementor-element-b75f6f5 elementor-section-boxed elementor-section-height-default elementor-section-height-default\" data-id=\"b75f6f5\" data-element_type=\"section\" data-e-type=\"section\">\n\t\t\t\t\t\t<div class=\"elementor-container elementor-column-gap-default\">\n\t\t\t\t\t<div class=\"elementor-column elementor-col-100 elementor-top-column elementor-element elementor-element-786f188\" data-id=\"786f188\" data-element_type=\"column\" data-e-type=\"column\">\n\t\t\t<div class=\"elementor-widget-wrap elementor-element-populated\">\n\t\t\t\t\t\t<div class=\"elementor-element elementor-element-ff09baf elementor-widget elementor-widget-video\" data-id=\"ff09baf\" data-element_type=\"widget\" data-e-type=\"widget\" data-settings=\"{&quot;youtube_url&quot;:&quot;https:\\\/\\\/www.youtube.com\\\/watch?v=oS2QxDrl1Ao&amp;ab_channel=Operaci%C3%B3nTriunfoOficial&quot;,&quot;video_type&quot;:&quot;youtube&quot;,&quot;controls&quot;:&quot;yes&quot;}\" data-widget_type=\"video.default\">\n\t\t\t\t<div class=\"elementor-widget-container\">\n\t\t\t\t\t\t\t<div class=\"elementor-wrapper elementor-open-inline\">\n\t\t\t<div class=\"elementor-video\"><\/div>\t\t<\/div>\n\t\t\t\t\t\t<\/div>\n\t\t\t\t<\/div>\n\t\t\t\t\t<\/div>\n\t\t<\/div>\n\t\t\t\t\t<\/div>\n\t\t<\/section>\n\t\t\t\t<section class=\"elementor-section elementor-top-section elementor-element elementor-element-1c90716 elementor-section-boxed elementor-section-height-default elementor-section-height-default\" data-id=\"1c90716\" data-element_type=\"section\" data-e-type=\"section\">\n\t\t\t\t\t\t<div class=\"elementor-container elementor-column-gap-default\">\n\t\t\t\t\t<div class=\"elementor-column elementor-col-100 elementor-top-column elementor-element elementor-element-8eb2804\" data-id=\"8eb2804\" data-element_type=\"column\" data-e-type=\"column\">\n\t\t\t<div class=\"elementor-widget-wrap elementor-element-populated\">\n\t\t\t\t\t\t<div class=\"elementor-element elementor-element-bf3c1d2 elementor-widget elementor-widget-text-editor\" data-id=\"bf3c1d2\" data-element_type=\"widget\" data-e-type=\"widget\" data-widget_type=\"text-editor.default\">\n\t\t\t\t<div class=\"elementor-widget-container\">\n\t\t\t\t\t\t\t\t\t<p><b>Tambi\u00e9n he escuchado que cuando saliste de OT dec\u00edas que estabas empezando a trabajar con Universal y ve\u00edas que iba a salir algo que iba a ser verdad. Ahora que ya se ha estrenado, \u00bfc\u00f3mo te sientes?\u00a0<br \/><\/b><span style=\"font-weight: 400;\">Verlo hecho realidad y que sea algo tangible es como wow. Me hace mucha ilusi\u00f3n. El single, ver la canci\u00f3n y la repercusi\u00f3n de la gente s\u00faper guay. Pero a mi me gusta tambi\u00e9n que he disfrutado mucho el proceso. Desde el primer momento ha sido genial. Me he dado cuenta tambi\u00e9n de mis capacidades. De repente he ido cogiendo h\u00e1bito y ya ves que las cosas flu\u00edan mucho m\u00e1s.<\/span><\/p><p><span style=\"font-weight: 400;\">Luego, juntarse en estudio con Alex y Chen, una maravilla. Trabajar con ellos ha sido incre\u00edble. Hicimos muy buen equipo. Lo que uno no pon\u00eda lo pon\u00eda el otro. Ha sido un buen t\u00e1ndem y creo que eso es de las mejores cosas que me llevo de haber hecho el single.<\/span><\/p><p><b>Imagino que t\u00fa tendr\u00edas tu idea de canci\u00f3n m\u00e1s o menos. \u00bfC\u00f3mo haces para exteriorizar tus ideas y que un productor las pueda entender y poder hacer lo que quieres?\u00a0<br \/><\/b><span style=\"font-weight: 400;\">Pues a ver, tambi\u00e9n est\u00e1 la figura de AR, que es Andrea. Siempre ha estado s\u00faper pendiente y siempre ha estado pendiente de echar una mano cuando lo he necesitado. Pero en parte ha sido causa del destino porque nos \u00edbamos a juntar a grabar el single a la semana despu\u00e9s de salir de la Academia, por lo que iba a ser muy r\u00e1pido. A m\u00ed me hac\u00eda mucha ilusi\u00f3n, pero por causas del destino Chen se puso malo, luego ya vinieron las navidades. Al final, hasta el 16 de enero no nos juntamos. Todo ese tiempo lo he usado y lo he empleado en madurar el tema, darle vueltas y vueltas. Tambi\u00e9n me sent\u00e9 con mi primo que me ech\u00f3 una mano porque estudi\u00f3 producci\u00f3n musical. Comentaba con mi gente, les ense\u00f1aba el single a ver qu\u00e9 les parec\u00eda.\u00a0<\/span><\/p><p><span style=\"font-weight: 400;\">De hecho la evoluci\u00f3n ha sido real. Si escucharas la primera maqueta de c\u00f3mo empez\u00f3 a la de ahora\u2026 no tiene nada que ver, el estribillo, por ejemplo. La letra la hemos mirado al cent\u00edmetro. Yo lo que hice fue escribir propuestas de letra, hay much\u00edsimas frases aparte que no han entrado. Yo ten\u00eda todo escrito y se lo llev\u00e9 a Chen. Tambi\u00e9n ten\u00eda mis ideas de que el estribillo me gustar\u00eda que rompiera un poco m\u00e1s, en otro sitio quer\u00eda meter otra cosa. Entonces llegu\u00e9 all\u00ed, se lo traslad\u00e9 a ellos y ellos, que son unos profesionales estupendos, sab\u00edan un poco lo que yo quer\u00eda. Supieron ver en su mente lo que yo les estaba diciendo. Fue poner la letra, que ella la tra\u00eda yo un poco hecha, cambiamos varias cosas, buscamos alguna frase nueva para el nuevo estribillo y ya \u00c1lex se puso con la guitarra, Chen al teclado haciendo sus cosas y maravilloso.<\/span><\/p>\t\t\t\t\t\t\t\t<\/div>\n\t\t\t\t<\/div>\n\t\t\t\t\t<\/div>\n\t\t<\/div>\n\t\t\t\t\t<\/div>\n\t\t<\/section>\n\t\t\t\t<section class=\"elementor-section elementor-top-section elementor-element elementor-element-256e3e5 elementor-section-boxed elementor-section-height-default elementor-section-height-default\" data-id=\"256e3e5\" data-element_type=\"section\" data-e-type=\"section\">\n\t\t\t\t\t\t<div class=\"elementor-container elementor-column-gap-default\">\n\t\t\t\t\t<div class=\"elementor-column elementor-col-33 elementor-top-column elementor-element elementor-element-30dc72f\" data-id=\"30dc72f\" data-element_type=\"column\" data-e-type=\"column\">\n\t\t\t<div class=\"elementor-widget-wrap elementor-element-populated\">\n\t\t\t\t\t\t<div class=\"elementor-element elementor-element-5368027 elementor-widget elementor-widget-image\" data-id=\"5368027\" data-element_type=\"widget\" data-e-type=\"widget\" data-widget_type=\"image.default\">\n\t\t\t\t<div class=\"elementor-widget-container\">\n\t\t\t\t\t\t\t\t\t\t\t\t\t\t\t<img decoding=\"async\" width=\"640\" height=\"800\" src=\"https:\/\/unaymilletras.com\/wp-content\/uploads\/2024\/02\/LasemanapasadagrabamosmisingleyelpasarporelestudioconpersonastanincreiblesmeencantoLehemospuestomuchoempenoymuchoamorycreoquenoshaquedadoalgochulisimoymemuerodeganasdeensenaroslo.Prontitosabr-819x1024.jpg\" class=\"attachment-large size-large wp-image-2082\" alt=\"Omar\" srcset=\"https:\/\/unaymilletras.com\/wp-content\/uploads\/2024\/02\/LasemanapasadagrabamosmisingleyelpasarporelestudioconpersonastanincreiblesmeencantoLehemospuestomuchoempenoymuchoamorycreoquenoshaquedadoalgochulisimoymemuerodeganasdeensenaroslo.Prontitosabr-819x1024.jpg 819w, https:\/\/unaymilletras.com\/wp-content\/uploads\/2024\/02\/LasemanapasadagrabamosmisingleyelpasarporelestudioconpersonastanincreiblesmeencantoLehemospuestomuchoempenoymuchoamorycreoquenoshaquedadoalgochulisimoymemuerodeganasdeensenaroslo.Prontitosabr-240x300.jpg 240w, https:\/\/unaymilletras.com\/wp-content\/uploads\/2024\/02\/LasemanapasadagrabamosmisingleyelpasarporelestudioconpersonastanincreiblesmeencantoLehemospuestomuchoempenoymuchoamorycreoquenoshaquedadoalgochulisimoymemuerodeganasdeensenaroslo.Prontitosabr-768x960.jpg 768w, https:\/\/unaymilletras.com\/wp-content\/uploads\/2024\/02\/LasemanapasadagrabamosmisingleyelpasarporelestudioconpersonastanincreiblesmeencantoLehemospuestomuchoempenoymuchoamorycreoquenoshaquedadoalgochulisimoymemuerodeganasdeensenaroslo.Prontitosabr-1024x1280.jpg 1024w, https:\/\/unaymilletras.com\/wp-content\/uploads\/2024\/02\/LasemanapasadagrabamosmisingleyelpasarporelestudioconpersonastanincreiblesmeencantoLehemospuestomuchoempenoymuchoamorycreoquenoshaquedadoalgochulisimoymemuerodeganasdeensenaroslo.Prontitosabr-e1707425517432.jpg 600w\" sizes=\"(max-width: 640px) 100vw, 640px\" \/>\t\t\t\t\t\t\t\t\t\t\t\t\t\t\t<\/div>\n\t\t\t\t<\/div>\n\t\t\t\t\t<\/div>\n\t\t<\/div>\n\t\t\t\t<div class=\"elementor-column elementor-col-33 elementor-top-column elementor-element elementor-element-f34e2d5\" data-id=\"f34e2d5\" data-element_type=\"column\" data-e-type=\"column\">\n\t\t\t<div class=\"elementor-widget-wrap elementor-element-populated\">\n\t\t\t\t\t\t<div class=\"elementor-element elementor-element-73f5515 elementor-widget elementor-widget-image\" data-id=\"73f5515\" data-element_type=\"widget\" data-e-type=\"widget\" data-widget_type=\"image.default\">\n\t\t\t\t<div class=\"elementor-widget-container\">\n\t\t\t\t\t\t\t\t\t\t\t\t\t\t\t<img decoding=\"async\" width=\"640\" height=\"800\" src=\"https:\/\/unaymilletras.com\/wp-content\/uploads\/2024\/02\/LasemanapasadagrabamosmisingleyelpasarporelestudioconpersonastanincreiblesmeencantoLehemospuestomuchoempenoymuchoamorycreoquenoshaquedadoalgochulisimoymemuerodeganasdeensenaroslo.Prontito-1-819x1024.jpg\" class=\"attachment-large size-large wp-image-2083\" alt=\"\" srcset=\"https:\/\/unaymilletras.com\/wp-content\/uploads\/2024\/02\/LasemanapasadagrabamosmisingleyelpasarporelestudioconpersonastanincreiblesmeencantoLehemospuestomuchoempenoymuchoamorycreoquenoshaquedadoalgochulisimoymemuerodeganasdeensenaroslo.Prontito-1-819x1024.jpg 819w, https:\/\/unaymilletras.com\/wp-content\/uploads\/2024\/02\/LasemanapasadagrabamosmisingleyelpasarporelestudioconpersonastanincreiblesmeencantoLehemospuestomuchoempenoymuchoamorycreoquenoshaquedadoalgochulisimoymemuerodeganasdeensenaroslo.Prontito-1-240x300.jpg 240w, https:\/\/unaymilletras.com\/wp-content\/uploads\/2024\/02\/LasemanapasadagrabamosmisingleyelpasarporelestudioconpersonastanincreiblesmeencantoLehemospuestomuchoempenoymuchoamorycreoquenoshaquedadoalgochulisimoymemuerodeganasdeensenaroslo.Prontito-1-768x960.jpg 768w, https:\/\/unaymilletras.com\/wp-content\/uploads\/2024\/02\/LasemanapasadagrabamosmisingleyelpasarporelestudioconpersonastanincreiblesmeencantoLehemospuestomuchoempenoymuchoamorycreoquenoshaquedadoalgochulisimoymemuerodeganasdeensenaroslo.Prontito-1-1024x1280.jpg 1024w, https:\/\/unaymilletras.com\/wp-content\/uploads\/2024\/02\/LasemanapasadagrabamosmisingleyelpasarporelestudioconpersonastanincreiblesmeencantoLehemospuestomuchoempenoymuchoamorycreoquenoshaquedadoalgochulisimoymemuerodeganasdeensenaroslo.Prontito-1-e1707425534228.jpg 600w\" sizes=\"(max-width: 640px) 100vw, 640px\" \/>\t\t\t\t\t\t\t\t\t\t\t\t\t\t\t<\/div>\n\t\t\t\t<\/div>\n\t\t\t\t\t<\/div>\n\t\t<\/div>\n\t\t\t\t<div class=\"elementor-column elementor-col-33 elementor-top-column elementor-element elementor-element-8caf767\" data-id=\"8caf767\" data-element_type=\"column\" data-e-type=\"column\">\n\t\t\t<div class=\"elementor-widget-wrap elementor-element-populated\">\n\t\t\t\t\t\t<div class=\"elementor-element elementor-element-ea9ab77 elementor-widget elementor-widget-image\" data-id=\"ea9ab77\" data-element_type=\"widget\" data-e-type=\"widget\" data-widget_type=\"image.default\">\n\t\t\t\t<div class=\"elementor-widget-container\">\n\t\t\t\t\t\t\t\t\t\t\t\t\t\t\t<img loading=\"lazy\" decoding=\"async\" width=\"640\" height=\"800\" src=\"https:\/\/unaymilletras.com\/wp-content\/uploads\/2024\/02\/LasemanapasadagrabamosmisingleyelpasarporelestudioconpersonastanincreiblesmeencantoLehemospuestomuchoempenoymuchoamorycreoquenoshaquedadoalgochulisimoymemuerodeganasdeensenaroslo.Prontito-2-819x1024.jpg\" class=\"attachment-large size-large wp-image-2084\" alt=\"Omar\" srcset=\"https:\/\/unaymilletras.com\/wp-content\/uploads\/2024\/02\/LasemanapasadagrabamosmisingleyelpasarporelestudioconpersonastanincreiblesmeencantoLehemospuestomuchoempenoymuchoamorycreoquenoshaquedadoalgochulisimoymemuerodeganasdeensenaroslo.Prontito-2-819x1024.jpg 819w, https:\/\/unaymilletras.com\/wp-content\/uploads\/2024\/02\/LasemanapasadagrabamosmisingleyelpasarporelestudioconpersonastanincreiblesmeencantoLehemospuestomuchoempenoymuchoamorycreoquenoshaquedadoalgochulisimoymemuerodeganasdeensenaroslo.Prontito-2-240x300.jpg 240w, https:\/\/unaymilletras.com\/wp-content\/uploads\/2024\/02\/LasemanapasadagrabamosmisingleyelpasarporelestudioconpersonastanincreiblesmeencantoLehemospuestomuchoempenoymuchoamorycreoquenoshaquedadoalgochulisimoymemuerodeganasdeensenaroslo.Prontito-2-768x960.jpg 768w, https:\/\/unaymilletras.com\/wp-content\/uploads\/2024\/02\/LasemanapasadagrabamosmisingleyelpasarporelestudioconpersonastanincreiblesmeencantoLehemospuestomuchoempenoymuchoamorycreoquenoshaquedadoalgochulisimoymemuerodeganasdeensenaroslo.Prontito-2-1024x1280.jpg 1024w, https:\/\/unaymilletras.com\/wp-content\/uploads\/2024\/02\/LasemanapasadagrabamosmisingleyelpasarporelestudioconpersonastanincreiblesmeencantoLehemospuestomuchoempenoymuchoamorycreoquenoshaquedadoalgochulisimoymemuerodeganasdeensenaroslo.Prontito-2-e1707425549175.jpg 600w\" sizes=\"(max-width: 640px) 100vw, 640px\" \/>\t\t\t\t\t\t\t\t\t\t\t\t\t\t\t<\/div>\n\t\t\t\t<\/div>\n\t\t\t\t\t<\/div>\n\t\t<\/div>\n\t\t\t\t\t<\/div>\n\t\t<\/section>\n\t\t\t\t<section class=\"elementor-section elementor-top-section elementor-element elementor-element-7b32ea2 elementor-section-boxed elementor-section-height-default elementor-section-height-default\" data-id=\"7b32ea2\" data-element_type=\"section\" data-e-type=\"section\">\n\t\t\t\t\t\t<div class=\"elementor-container elementor-column-gap-default\">\n\t\t\t\t\t<div class=\"elementor-column elementor-col-100 elementor-top-column elementor-element elementor-element-1c162e9\" data-id=\"1c162e9\" data-element_type=\"column\" data-e-type=\"column\">\n\t\t\t<div class=\"elementor-widget-wrap elementor-element-populated\">\n\t\t\t\t\t\t<div class=\"elementor-element elementor-element-9b55db9 elementor-widget elementor-widget-text-editor\" data-id=\"9b55db9\" data-element_type=\"widget\" data-e-type=\"widget\" data-widget_type=\"text-editor.default\">\n\t\t\t\t<div class=\"elementor-widget-container\">\n\t\t\t\t\t\t\t\t\t<p><b>\u00bfSabes ya c\u00f3mo quieres enfocar m\u00e1s o menos tu carrera?\u00a0<br \/><\/b><span style=\"font-weight: 400;\">No cierro puertas a nada. Mi libro est\u00e1 en blanco y tengo muchas cosas que me gustar\u00eda hacer en proyectos m\u00e1s grandes. Pero a corto plazo, estas directrices de pop rock o darle un toque m\u00e1s indie s\u00ed es lo que quiero. Es lo que me veo haciendo.\u00a0<\/span><\/p><p><b>\u00bfTienes pensado ponerte alg\u00fan nombre art\u00edstico o te vas a quedar con Omar?\u00a0<br \/><\/b><span style=\"font-weight: 400;\">Omar Samba va a ser mi nombre art\u00edstico yo creo. Soy s\u00faper poco original para esas cosas y tampoco creo que sea necesario. O sea mi apellido es Samba y Samba es ya en s\u00ed bastante original para ser un apellido.\u00a0<\/span><\/p><p><b>Si hablamos ahora de OT, \u00bfte volver\u00edas a presentar?\u00a0<br \/><\/b><span style=\"font-weight: 400;\">S\u00ed. S\u00ed, s\u00ed, s\u00ed. Sin duda. De hecho ya me hab\u00eda presentado otras dos veces antes. Cada vez que me present\u00e9 saqu\u00e9 cosas muy positivas. Esta vez, l\u00f3gicamente, han sido much\u00edsimas m\u00e1s. Pero si tuviera la oportunidad de presentarme otra vez lo har\u00eda.<\/span><\/p><p><b>\u00bfC\u00f3mo definir\u00edas tu paso por la Academia en tres palabras?\u00a0<br \/><\/b><span style=\"font-weight: 400;\">\u00bfEn tres palabras? Wow, esa es una buena pregunta. Intensidad, cari\u00f1o y cambio.\u00a0<\/span><\/p>\t\t\t\t\t\t\t\t<\/div>\n\t\t\t\t<\/div>\n\t\t\t\t\t<\/div>\n\t\t<\/div>\n\t\t\t\t\t<\/div>\n\t\t<\/section>\n\t\t\t\t<section class=\"elementor-section elementor-top-section elementor-element elementor-element-c7f36ca elementor-section-boxed elementor-section-height-default elementor-section-height-default\" data-id=\"c7f36ca\" data-element_type=\"section\" data-e-type=\"section\">\n\t\t\t\t\t\t<div class=\"elementor-container elementor-column-gap-default\">\n\t\t\t\t\t<div class=\"elementor-column elementor-col-50 elementor-top-column elementor-element elementor-element-392c265\" data-id=\"392c265\" data-element_type=\"column\" data-e-type=\"column\">\n\t\t\t<div class=\"elementor-widget-wrap elementor-element-populated\">\n\t\t\t\t\t\t<div class=\"elementor-element elementor-element-85c76fc elementor-widget elementor-widget-image\" data-id=\"85c76fc\" data-element_type=\"widget\" data-e-type=\"widget\" data-widget_type=\"image.default\">\n\t\t\t\t<div class=\"elementor-widget-container\">\n\t\t\t\t\t\t\t\t\t\t\t\t\t\t\t<img loading=\"lazy\" decoding=\"async\" width=\"640\" height=\"800\" src=\"https:\/\/unaymilletras.com\/wp-content\/uploads\/2024\/02\/Primerasemanacongentepreciosa-819x1024.jpg\" class=\"attachment-large size-large wp-image-2085\" alt=\"Omar\" srcset=\"https:\/\/unaymilletras.com\/wp-content\/uploads\/2024\/02\/Primerasemanacongentepreciosa-819x1024.jpg 819w, https:\/\/unaymilletras.com\/wp-content\/uploads\/2024\/02\/Primerasemanacongentepreciosa-240x300.jpg 240w, https:\/\/unaymilletras.com\/wp-content\/uploads\/2024\/02\/Primerasemanacongentepreciosa-768x960.jpg 768w, https:\/\/unaymilletras.com\/wp-content\/uploads\/2024\/02\/Primerasemanacongentepreciosa-1024x1280.jpg 1024w, https:\/\/unaymilletras.com\/wp-content\/uploads\/2024\/02\/Primerasemanacongentepreciosa-e1707425704779.jpg 600w\" sizes=\"(max-width: 640px) 100vw, 640px\" \/>\t\t\t\t\t\t\t\t\t\t\t\t\t\t\t<\/div>\n\t\t\t\t<\/div>\n\t\t\t\t\t<\/div>\n\t\t<\/div>\n\t\t\t\t<div class=\"elementor-column elementor-col-50 elementor-top-column elementor-element elementor-element-46a0323\" data-id=\"46a0323\" data-element_type=\"column\" data-e-type=\"column\">\n\t\t\t<div class=\"elementor-widget-wrap elementor-element-populated\">\n\t\t\t\t\t\t<div class=\"elementor-element elementor-element-2a83716 elementor-widget elementor-widget-image\" data-id=\"2a83716\" data-element_type=\"widget\" data-e-type=\"widget\" data-widget_type=\"image.default\">\n\t\t\t\t<div class=\"elementor-widget-container\">\n\t\t\t\t\t\t\t\t\t\t\t\t\t\t\t<img loading=\"lazy\" decoding=\"async\" width=\"640\" height=\"798\" src=\"https:\/\/unaymilletras.com\/wp-content\/uploads\/2024\/02\/Primerasemanacongentepreciosa-1-821x1024.jpg\" class=\"attachment-large size-large wp-image-2086\" alt=\"\" srcset=\"https:\/\/unaymilletras.com\/wp-content\/uploads\/2024\/02\/Primerasemanacongentepreciosa-1-821x1024.jpg 821w, https:\/\/unaymilletras.com\/wp-content\/uploads\/2024\/02\/Primerasemanacongentepreciosa-1-241x300.jpg 241w, https:\/\/unaymilletras.com\/wp-content\/uploads\/2024\/02\/Primerasemanacongentepreciosa-1-768x958.jpg 768w, https:\/\/unaymilletras.com\/wp-content\/uploads\/2024\/02\/Primerasemanacongentepreciosa-1-1024x1277.jpg 1024w, https:\/\/unaymilletras.com\/wp-content\/uploads\/2024\/02\/Primerasemanacongentepreciosa-1-e1707425715114.jpg 600w\" sizes=\"(max-width: 640px) 100vw, 640px\" \/>\t\t\t\t\t\t\t\t\t\t\t\t\t\t\t<\/div>\n\t\t\t\t<\/div>\n\t\t\t\t\t<\/div>\n\t\t<\/div>\n\t\t\t\t\t<\/div>\n\t\t<\/section>\n\t\t\t\t<section class=\"elementor-section elementor-top-section elementor-element elementor-element-fc40b04 elementor-section-boxed elementor-section-height-default elementor-section-height-default\" data-id=\"fc40b04\" data-element_type=\"section\" data-e-type=\"section\">\n\t\t\t\t\t\t<div class=\"elementor-container elementor-column-gap-default\">\n\t\t\t\t\t<div class=\"elementor-column elementor-col-100 elementor-top-column elementor-element elementor-element-a1a44a4\" data-id=\"a1a44a4\" data-element_type=\"column\" data-e-type=\"column\">\n\t\t\t<div class=\"elementor-widget-wrap elementor-element-populated\">\n\t\t\t\t\t\t<div class=\"elementor-element elementor-element-e2610be elementor-widget elementor-widget-text-editor\" data-id=\"e2610be\" data-element_type=\"widget\" data-e-type=\"widget\" data-widget_type=\"text-editor.default\">\n\t\t\t\t<div class=\"elementor-widget-container\">\n\t\t\t\t\t\t\t\t\t<p><b>Cambio \u00bfen qu\u00e9 sentido?<br \/><\/b><span style=\"font-weight: 400;\">En todos. Creo que ha habido un cambio en m\u00ed profesionalmente como es obvio ya que est\u00e1s en una academia formante. Personalmente, mi vida ha cambiado, \u00bfsabes? A nivel de nuevas amistades. Han cambiado much\u00edsimas cosas y es s\u00faper guay. Tengo cambios positivos.\u00a0<\/span><\/p><p><b>\u00bfQu\u00e9 es lo primero que hiciste al salir de la Academia?\u00a0<br \/><\/b><span style=\"font-weight: 400;\">Pues como estaba mi hermana nos fuimos al hotel y nos sentamos ah\u00ed a hablar. Me empez\u00f3 a poner al d\u00eda de las cosas que hab\u00edan pasado fuera, en mi familia. Tambi\u00e9n el c\u00f3mo lo hab\u00eda visto. Eso fue un poco lo que hice. Adem\u00e1s le cont\u00e9 mi experiencia, c\u00f3mo lo hab\u00eda vivido dentro.<\/span><\/p><p><b>Alguna vez has dicho que como que dentro ten\u00e9is un lenguaje que puede dar lugar a que interpreten cosas fuera. Ahora que lo ves desde fuera, \u00bfpuedes entender el c\u00f3mo la gente lo ve?\u00a0<br \/><\/b><span style=\"font-weight: 400;\">Claro. Si es verdad que yo lo entiendo y lo he entendido siempre. Al final para nosotros es una realidad, pero luego desde fuera es otra realidad que puede ser igual, parecida o diferente totalmente. S\u00ed lo entiendo porque han habido cosas que yo he visto desde fuera que, a\u00fan sabiendo que no era as\u00ed, como que dices \u00bfuh? \u00bfY estas cosas? Entonces s\u00ed que s\u00ed que entiendo que la gente pueda malinterpretarlo. Pero tambi\u00e9n se ha dicho muchas veces y creo que es verdad, que a veces hay que saber escuchar y decir, vale, y plante\u00e1rselo. Hay cosas m\u00e1s irrelevantes, como los shippeos por ejemplo, pero ya cuando estamos hablando de de que empieza a caer un odio hacia una persona por cosas que no sabes ni siquiera si es as\u00ed o no a ciencia cierta\u2026 Lo puedes ver t\u00fa desde tu casa, pero a lo mejor lo que ves no es lo correcto. Entonces cuando entramos en esos temas de que est\u00e1s insultando a gente, incluso a sus familias, a m\u00ed eso no me mola nada. Si lo supieras a ciencia cierta entiendo que juzgues, pero que lo hagas sin saber no no mola.<\/span><\/p>\t\t\t\t\t\t\t\t<\/div>\n\t\t\t\t<\/div>\n\t\t\t\t\t<\/div>\n\t\t<\/div>\n\t\t\t\t\t<\/div>\n\t\t<\/section>\n\t\t\t\t<section class=\"elementor-section elementor-top-section elementor-element elementor-element-fcb9c84 elementor-section-boxed elementor-section-height-default elementor-section-height-default\" data-id=\"fcb9c84\" data-element_type=\"section\" data-e-type=\"section\">\n\t\t\t\t\t\t<div class=\"elementor-container elementor-column-gap-default\">\n\t\t\t\t\t<div class=\"elementor-column elementor-col-33 elementor-top-column elementor-element elementor-element-2b37c2b\" data-id=\"2b37c2b\" data-element_type=\"column\" data-e-type=\"column\">\n\t\t\t<div class=\"elementor-widget-wrap elementor-element-populated\">\n\t\t\t\t\t\t<div class=\"elementor-element elementor-element-af00931 elementor-widget elementor-widget-image\" data-id=\"af00931\" data-element_type=\"widget\" data-e-type=\"widget\" data-widget_type=\"image.default\">\n\t\t\t\t<div class=\"elementor-widget-container\">\n\t\t\t\t\t\t\t\t\t\t\t\t\t\t\t<img loading=\"lazy\" decoding=\"async\" width=\"640\" height=\"800\" src=\"https:\/\/unaymilletras.com\/wp-content\/uploads\/2024\/02\/Primerasemanacongentepreciosa-4-819x1024.jpg\" class=\"attachment-large size-large wp-image-2089\" alt=\"\" srcset=\"https:\/\/unaymilletras.com\/wp-content\/uploads\/2024\/02\/Primerasemanacongentepreciosa-4-819x1024.jpg 819w, https:\/\/unaymilletras.com\/wp-content\/uploads\/2024\/02\/Primerasemanacongentepreciosa-4-240x300.jpg 240w, https:\/\/unaymilletras.com\/wp-content\/uploads\/2024\/02\/Primerasemanacongentepreciosa-4-768x960.jpg 768w, https:\/\/unaymilletras.com\/wp-content\/uploads\/2024\/02\/Primerasemanacongentepreciosa-4-1024x1280.jpg 1024w, https:\/\/unaymilletras.com\/wp-content\/uploads\/2024\/02\/Primerasemanacongentepreciosa-4-e1707425885768.jpg 600w\" sizes=\"(max-width: 640px) 100vw, 640px\" \/>\t\t\t\t\t\t\t\t\t\t\t\t\t\t\t<\/div>\n\t\t\t\t<\/div>\n\t\t\t\t\t<\/div>\n\t\t<\/div>\n\t\t\t\t<div class=\"elementor-column elementor-col-33 elementor-top-column elementor-element elementor-element-b69bfcb\" data-id=\"b69bfcb\" data-element_type=\"column\" data-e-type=\"column\">\n\t\t\t<div class=\"elementor-widget-wrap elementor-element-populated\">\n\t\t\t\t\t\t<div class=\"elementor-element elementor-element-24d5807 elementor-widget elementor-widget-image\" data-id=\"24d5807\" data-element_type=\"widget\" data-e-type=\"widget\" data-widget_type=\"image.default\">\n\t\t\t\t<div class=\"elementor-widget-container\">\n\t\t\t\t\t\t\t\t\t\t\t\t\t\t\t<img loading=\"lazy\" decoding=\"async\" width=\"640\" height=\"798\" src=\"https:\/\/unaymilletras.com\/wp-content\/uploads\/2024\/02\/Primerasemanacongentepreciosa-3-821x1024.jpg\" class=\"attachment-large size-large wp-image-2088\" alt=\"Omar\" srcset=\"https:\/\/unaymilletras.com\/wp-content\/uploads\/2024\/02\/Primerasemanacongentepreciosa-3-821x1024.jpg 821w, https:\/\/unaymilletras.com\/wp-content\/uploads\/2024\/02\/Primerasemanacongentepreciosa-3-241x300.jpg 241w, https:\/\/unaymilletras.com\/wp-content\/uploads\/2024\/02\/Primerasemanacongentepreciosa-3-768x958.jpg 768w, https:\/\/unaymilletras.com\/wp-content\/uploads\/2024\/02\/Primerasemanacongentepreciosa-3-1024x1277.jpg 1024w, https:\/\/unaymilletras.com\/wp-content\/uploads\/2024\/02\/Primerasemanacongentepreciosa-3-e1707425897631.jpg 600w\" sizes=\"(max-width: 640px) 100vw, 640px\" \/>\t\t\t\t\t\t\t\t\t\t\t\t\t\t\t<\/div>\n\t\t\t\t<\/div>\n\t\t\t\t\t<\/div>\n\t\t<\/div>\n\t\t\t\t<div class=\"elementor-column elementor-col-33 elementor-top-column elementor-element elementor-element-ba27fac\" data-id=\"ba27fac\" data-element_type=\"column\" data-e-type=\"column\">\n\t\t\t<div class=\"elementor-widget-wrap elementor-element-populated\">\n\t\t\t\t\t\t<div class=\"elementor-element elementor-element-c436ef4 elementor-widget elementor-widget-image\" data-id=\"c436ef4\" data-element_type=\"widget\" data-e-type=\"widget\" data-widget_type=\"image.default\">\n\t\t\t\t<div class=\"elementor-widget-container\">\n\t\t\t\t\t\t\t\t\t\t\t\t\t\t\t<img loading=\"lazy\" decoding=\"async\" width=\"640\" height=\"800\" src=\"https:\/\/unaymilletras.com\/wp-content\/uploads\/2024\/02\/Primerasemanacongentepreciosa-2-819x1024.jpg\" class=\"attachment-large size-large wp-image-2087\" alt=\"\" srcset=\"https:\/\/unaymilletras.com\/wp-content\/uploads\/2024\/02\/Primerasemanacongentepreciosa-2-819x1024.jpg 819w, https:\/\/unaymilletras.com\/wp-content\/uploads\/2024\/02\/Primerasemanacongentepreciosa-2-240x300.jpg 240w, https:\/\/unaymilletras.com\/wp-content\/uploads\/2024\/02\/Primerasemanacongentepreciosa-2-768x960.jpg 768w, https:\/\/unaymilletras.com\/wp-content\/uploads\/2024\/02\/Primerasemanacongentepreciosa-2-1024x1280.jpg 1024w, https:\/\/unaymilletras.com\/wp-content\/uploads\/2024\/02\/Primerasemanacongentepreciosa-2-e1707425867312.jpg 600w\" sizes=\"(max-width: 640px) 100vw, 640px\" \/>\t\t\t\t\t\t\t\t\t\t\t\t\t\t\t<\/div>\n\t\t\t\t<\/div>\n\t\t\t\t\t<\/div>\n\t\t<\/div>\n\t\t\t\t\t<\/div>\n\t\t<\/section>\n\t\t\t\t<section class=\"elementor-section elementor-top-section elementor-element elementor-element-36bf8d0 elementor-section-boxed elementor-section-height-default elementor-section-height-default\" data-id=\"36bf8d0\" data-element_type=\"section\" data-e-type=\"section\">\n\t\t\t\t\t\t<div class=\"elementor-container elementor-column-gap-default\">\n\t\t\t\t\t<div class=\"elementor-column elementor-col-100 elementor-top-column elementor-element elementor-element-9a57f50\" data-id=\"9a57f50\" data-element_type=\"column\" data-e-type=\"column\">\n\t\t\t<div class=\"elementor-widget-wrap elementor-element-populated\">\n\t\t\t\t\t\t<div class=\"elementor-element elementor-element-710ba73 elementor-widget elementor-widget-text-editor\" data-id=\"710ba73\" data-element_type=\"widget\" data-e-type=\"widget\" data-widget_type=\"text-editor.default\">\n\t\t\t\t<div class=\"elementor-widget-container\">\n\t\t\t\t\t\t\t\t\t<p><b>\u00bfQu\u00e9 es lo m\u00e1s te sorprendi\u00f3 que se dijese fuera?<br \/><\/b><span style=\"font-weight: 400;\">Han habido otras pol\u00e9micas, pero como a m\u00ed no me me han tocado muy de lleno voy a hablar de las m\u00edas. Por ejemplo, me sorprendi\u00f3 mucho lo de la salvaci\u00f3n de Lucas, la pol\u00e9mica de la ley no escrita de que tienes que salvar al compa\u00f1ero de canci\u00f3n. Yo sab\u00eda que eso exist\u00eda y sab\u00eda que habr\u00eda mucha gente a la que no le gustara pero es algo que desde fuera se vio como que me llevaba mal con Lucas. No era as\u00ed. Nosotros lo hab\u00edamos hablado d\u00edas antes, dijimos \u201coye mira, es la primera semana, todav\u00eda no hemos empezado a convivir, a relacionarnos entre nosotros\u201d. Entonces nos guiamos por la relaci\u00f3n que ten\u00edamos anteriormente. La realidad es que yo con Lucas, por ejemplo, le amo con locura. En en su d\u00eda hicimos muy buenas migas y hemos hecho muy buena migas. Pero Denna era la primera persona que yo conoc\u00ed en el casting . Desde el casting 1 llev\u00e1bamos juntos. Cuando est\u00e1s en esa tesitura, despu\u00e9s de haberlo hablado, sabemos que todos nos queremos entre nosotros y sabes que nadie se va a molestar.Luego, cuando sal\u00ed y lo vi fue como \u201cmadre m\u00eda\u201d. Me choc\u00f3 un poco porque la realidad es que yo con Lucas tan ricamente.<\/span><\/p><p><b>\u00bfTe esperabas que la vida fuera fuese as\u00ed?<br \/><\/b><span style=\"font-weight: 400;\">S\u00ed esperaba un cambio grande, pero estamos descubriendo cosas que no sab\u00edamos que iban a venir. Al final es un mundo nuevo para m\u00ed, es un mundo que que desconoc\u00eda y que desconozco a d\u00eda de hoy. Lo vas conociendo progresivamente y cada cosa tiene su tiempo. A veces se hace raro porque es un cambio heavy.<\/span><\/p>\t\t\t\t\t\t\t\t<\/div>\n\t\t\t\t<\/div>\n\t\t\t\t\t<\/div>\n\t\t<\/div>\n\t\t\t\t\t<\/div>\n\t\t<\/section>\n\t\t\t\t<section class=\"elementor-section elementor-top-section elementor-element elementor-element-ffe0c96 elementor-section-boxed elementor-section-height-default elementor-section-height-default\" data-id=\"ffe0c96\" data-element_type=\"section\" data-e-type=\"section\">\n\t\t\t\t\t\t<div class=\"elementor-container elementor-column-gap-default\">\n\t\t\t\t\t<div class=\"elementor-column elementor-col-100 elementor-top-column elementor-element elementor-element-71a4ca2\" data-id=\"71a4ca2\" data-element_type=\"column\" data-e-type=\"column\">\n\t\t\t<div class=\"elementor-widget-wrap elementor-element-populated\">\n\t\t\t\t\t\t<div class=\"elementor-element elementor-element-4fc8368 elementor-widget elementor-widget-image\" data-id=\"4fc8368\" data-element_type=\"widget\" data-e-type=\"widget\" data-widget_type=\"image.default\">\n\t\t\t\t<div class=\"elementor-widget-container\">\n\t\t\t\t\t\t\t\t\t\t\t\t<figure class=\"wp-caption\">\n\t\t\t\t\t\t\t\t\t\t<img loading=\"lazy\" decoding=\"async\" width=\"640\" height=\"426\" src=\"https:\/\/unaymilletras.com\/wp-content\/uploads\/2024\/02\/firma-1024x681.jpg\" class=\"attachment-large size-large wp-image-2091\" alt=\"\" srcset=\"https:\/\/unaymilletras.com\/wp-content\/uploads\/2024\/02\/firma-1024x681.jpg 1024w, https:\/\/unaymilletras.com\/wp-content\/uploads\/2024\/02\/firma-300x199.jpg 300w, https:\/\/unaymilletras.com\/wp-content\/uploads\/2024\/02\/firma-768x511.jpg 768w, https:\/\/unaymilletras.com\/wp-content\/uploads\/2024\/02\/firma-e1707426207228.jpg 600w\" sizes=\"(max-width: 640px) 100vw, 640px\" \/>\t\t\t\t\t\t\t\t\t\t\t<figcaption class=\"widget-image-caption wp-caption-text\">Foto: @picsmfont<\/figcaption>\n\t\t\t\t\t\t\t\t\t\t<\/figure>\n\t\t\t\t\t\t\t\t\t<\/div>\n\t\t\t\t<\/div>\n\t\t\t\t\t<\/div>\n\t\t<\/div>\n\t\t\t\t\t<\/div>\n\t\t<\/section>\n\t\t\t\t<section class=\"elementor-section elementor-top-section elementor-element elementor-element-edebe39 elementor-section-boxed elementor-section-height-default elementor-section-height-default\" data-id=\"edebe39\" data-element_type=\"section\" data-e-type=\"section\">\n\t\t\t\t\t\t<div class=\"elementor-container elementor-column-gap-default\">\n\t\t\t\t\t<div class=\"elementor-column elementor-col-100 elementor-top-column elementor-element elementor-element-3aeec4f\" data-id=\"3aeec4f\" data-element_type=\"column\" data-e-type=\"column\">\n\t\t\t<div class=\"elementor-widget-wrap elementor-element-populated\">\n\t\t\t\t\t\t<div class=\"elementor-element elementor-element-083b898 elementor-widget elementor-widget-text-editor\" data-id=\"083b898\" data-element_type=\"widget\" data-e-type=\"widget\" data-widget_type=\"text-editor.default\">\n\t\t\t\t<div class=\"elementor-widget-container\">\n\t\t\t\t\t\t\t\t\t<p><b>\u00bfQu\u00e9 crees que es lo que te ha faltado vivir en OT?<br \/><\/b><span style=\"font-weight: 400;\">Hay muchas cosas que me hubiera gustado vivir. Por ejemplo, el d\u00eda de Navidad que pusieron los adornos llor\u00e9 much\u00edsimo. Les vi y dije wow. Es un momentazo que me hubiera encantado vivir.<\/span><\/p><p><span style=\"font-weight: 400;\">A nivel de concurso me habr\u00eda gustado hacer muchos tr\u00edos y d\u00faos con mis compa\u00f1eros. Me hubiera encantado cantar con mucha gente. A nivel individual tambi\u00e9n me hubiera gustado cantar muchas canciones que no he podido. Es como que hay muchas cosas ah\u00ed que me hubiera encantado, claro.\u00a0<\/span><\/p><p><b>A nivel profesional, \u00bfcu\u00e1l es el siguiente paso que tienes pensado dar?<br \/><\/b><span style=\"font-weight: 400;\">Un poco lo que vaya viniendo. Yo ahora estoy trabajando en que mi destino sea el que quiero y estoy haciendo mucha m\u00fasica. Estoy modo creativo a veces no lo consigo pero lo intento por lo menos.\u00a0<\/span><\/p>\t\t\t\t\t\t\t\t<\/div>\n\t\t\t\t<\/div>\n\t\t\t\t\t<\/div>\n\t\t<\/div>\n\t\t\t\t\t<\/div>\n\t\t<\/section>\n\t\t\t\t<\/div>","protected":false},"excerpt":{"rendered":"<p>\u00abTengo que parar\u00bb es el primer sencillo de Omar, un tema que encantar\u00e1 a todos los p\u00fablicos Omar Samba (OT 2023) ha estrenado su primera canci\u00f3n. Un tema en el que mezcla una letra cruda de cantautor con sonidos m\u00e1s modernos. Ahora el artista contin\u00faa haciendo m\u00fasica y, aunque no cierra puertas, tiene claro que [&hellip;]<\/p>\n","protected":false},"author":1,"featured_media":2082,"comment_status":"open","ping_status":"open","sticky":false,"template":"","format":"standard","meta":{"footnotes":""},"categories":[112,4],"tags":[],"class_list":["post-2078","post","type-post","status-publish","format-standard","has-post-thumbnail","hentry","category-entrevistas","category-musica"],"yoast_head":"<!-- This site is optimized with the Yoast SEO plugin v27.4 - https:\/\/yoast.com\/product\/yoast-seo-wordpress\/ -->\n<title>Omar Samba: &quot;Confiaba en que la canci\u00f3n iba a gustar porque a m\u00ed me gustaba mucho&quot;<\/title>\n<meta name=\"description\" content=\"&quot;Tengo que parar&quot; es el primer sencillo que estrena de Omar (OT 2023), un tema que encantar\u00e1 a todos los p\u00fablicos\" \/>\n<meta name=\"robots\" content=\"index, follow, max-snippet:-1, max-image-preview:large, max-video-preview:-1\" \/>\n<link rel=\"canonical\" href=\"https:\/\/unaymilletras.com\/en\/omar-samba-confiaba-en-que-la-cancion-iba-a-gustar-porque-a-mi-me-gustaba-mucho\/\" \/>\n<meta property=\"og:locale\" content=\"en_GB\" \/>\n<meta property=\"og:type\" content=\"article\" \/>\n<meta property=\"og:title\" content=\"Omar Samba: &quot;Confiaba en que la canci\u00f3n iba a gustar porque a m\u00ed me gustaba mucho&quot;\" \/>\n<meta property=\"og:description\" content=\"&quot;Tengo que parar&quot; es el primer sencillo que estrena de Omar (OT 2023), un tema que encantar\u00e1 a todos los p\u00fablicos\" \/>\n<meta property=\"og:url\" content=\"https:\/\/unaymilletras.com\/en\/omar-samba-confiaba-en-que-la-cancion-iba-a-gustar-porque-a-mi-me-gustaba-mucho\/\" \/>\n<meta property=\"og:site_name\" content=\"Una y Mil Letras\" \/>\n<meta property=\"article:published_time\" content=\"2024-02-08T21:03:01+00:00\" \/>\n<meta property=\"article:modified_time\" content=\"2024-02-08T21:05:59+00:00\" \/>\n<meta property=\"og:image\" content=\"http:\/\/unaymilletras.com\/wp-content\/uploads\/2024\/02\/LasemanapasadagrabamosmisingleyelpasarporelestudioconpersonastanincreiblesmeencantoLehemospuestomuchoempenoymuchoamorycreoquenoshaquedadoalgochulisimoymemuerodeganasdeensenaroslo.Prontitosabr-e1707425517432.jpg\" \/>\n\t<meta property=\"og:image:width\" content=\"600\" \/>\n\t<meta property=\"og:image:height\" content=\"750\" \/>\n\t<meta property=\"og:image:type\" content=\"image\/jpeg\" \/>\n<meta name=\"author\" content=\"Maria Gil Robledo\" \/>\n<meta name=\"twitter:card\" content=\"summary_large_image\" \/>\n<meta name=\"twitter:creator\" content=\"@UnaYMilLetras\" \/>\n<meta name=\"twitter:site\" content=\"@UnaYMilLetras\" \/>\n<meta name=\"twitter:label1\" content=\"Written by\" \/>\n\t<meta name=\"twitter:data1\" content=\"Maria Gil Robledo\" \/>\n\t<meta name=\"twitter:label2\" content=\"Estimated reading time\" \/>\n\t<meta name=\"twitter:data2\" content=\"12 minutes\" \/>\n<script type=\"application\/ld+json\" class=\"yoast-schema-graph\">{\"@context\":\"https:\\\/\\\/schema.org\",\"@graph\":[{\"@type\":\"Article\",\"@id\":\"https:\\\/\\\/unaymilletras.com\\\/omar-samba-confiaba-en-que-la-cancion-iba-a-gustar-porque-a-mi-me-gustaba-mucho\\\/#article\",\"isPartOf\":{\"@id\":\"https:\\\/\\\/unaymilletras.com\\\/omar-samba-confiaba-en-que-la-cancion-iba-a-gustar-porque-a-mi-me-gustaba-mucho\\\/\"},\"author\":{\"name\":\"Maria Gil Robledo\",\"@id\":\"http:\\\/\\\/unaymilletras.com\\\/#\\\/schema\\\/person\\\/d55ba681b8a4e463d8982dbe36a5dc94\"},\"headline\":\"Omar Samba: \u00abConfiaba en que la canci\u00f3n iba a gustar porque a m\u00ed me gustaba mucho\u00bb\",\"datePublished\":\"2024-02-08T21:03:01+00:00\",\"dateModified\":\"2024-02-08T21:05:59+00:00\",\"mainEntityOfPage\":{\"@id\":\"https:\\\/\\\/unaymilletras.com\\\/omar-samba-confiaba-en-que-la-cancion-iba-a-gustar-porque-a-mi-me-gustaba-mucho\\\/\"},\"wordCount\":2262,\"commentCount\":0,\"publisher\":{\"@id\":\"http:\\\/\\\/unaymilletras.com\\\/#organization\"},\"image\":{\"@id\":\"https:\\\/\\\/unaymilletras.com\\\/omar-samba-confiaba-en-que-la-cancion-iba-a-gustar-porque-a-mi-me-gustaba-mucho\\\/#primaryimage\"},\"thumbnailUrl\":\"https:\\\/\\\/unaymilletras.com\\\/wp-content\\\/uploads\\\/2024\\\/02\\\/LasemanapasadagrabamosmisingleyelpasarporelestudioconpersonastanincreiblesmeencantoLehemospuestomuchoempenoymuchoamorycreoquenoshaquedadoalgochulisimoymemuerodeganasdeensenaroslo.Prontitosabr-e1707425517432.jpg\",\"articleSection\":[\"Entrevistas\",\"M\u00fasica\"],\"inLanguage\":\"en-GB\",\"potentialAction\":[{\"@type\":\"CommentAction\",\"name\":\"Comment\",\"target\":[\"https:\\\/\\\/unaymilletras.com\\\/omar-samba-confiaba-en-que-la-cancion-iba-a-gustar-porque-a-mi-me-gustaba-mucho\\\/#respond\"]}]},{\"@type\":\"WebPage\",\"@id\":\"https:\\\/\\\/unaymilletras.com\\\/omar-samba-confiaba-en-que-la-cancion-iba-a-gustar-porque-a-mi-me-gustaba-mucho\\\/\",\"url\":\"https:\\\/\\\/unaymilletras.com\\\/omar-samba-confiaba-en-que-la-cancion-iba-a-gustar-porque-a-mi-me-gustaba-mucho\\\/\",\"name\":\"Omar Samba: \\\"Confiaba en que la canci\u00f3n iba a gustar porque a m\u00ed me gustaba mucho\\\"\",\"isPartOf\":{\"@id\":\"http:\\\/\\\/unaymilletras.com\\\/#website\"},\"primaryImageOfPage\":{\"@id\":\"https:\\\/\\\/unaymilletras.com\\\/omar-samba-confiaba-en-que-la-cancion-iba-a-gustar-porque-a-mi-me-gustaba-mucho\\\/#primaryimage\"},\"image\":{\"@id\":\"https:\\\/\\\/unaymilletras.com\\\/omar-samba-confiaba-en-que-la-cancion-iba-a-gustar-porque-a-mi-me-gustaba-mucho\\\/#primaryimage\"},\"thumbnailUrl\":\"https:\\\/\\\/unaymilletras.com\\\/wp-content\\\/uploads\\\/2024\\\/02\\\/LasemanapasadagrabamosmisingleyelpasarporelestudioconpersonastanincreiblesmeencantoLehemospuestomuchoempenoymuchoamorycreoquenoshaquedadoalgochulisimoymemuerodeganasdeensenaroslo.Prontitosabr-e1707425517432.jpg\",\"datePublished\":\"2024-02-08T21:03:01+00:00\",\"dateModified\":\"2024-02-08T21:05:59+00:00\",\"description\":\"\\\"Tengo que parar\\\" es el primer sencillo que estrena de Omar (OT 2023), un tema que encantar\u00e1 a todos los p\u00fablicos\",\"breadcrumb\":{\"@id\":\"https:\\\/\\\/unaymilletras.com\\\/omar-samba-confiaba-en-que-la-cancion-iba-a-gustar-porque-a-mi-me-gustaba-mucho\\\/#breadcrumb\"},\"inLanguage\":\"en-GB\",\"potentialAction\":[{\"@type\":\"ReadAction\",\"target\":[\"https:\\\/\\\/unaymilletras.com\\\/omar-samba-confiaba-en-que-la-cancion-iba-a-gustar-porque-a-mi-me-gustaba-mucho\\\/\"]}]},{\"@type\":\"ImageObject\",\"inLanguage\":\"en-GB\",\"@id\":\"https:\\\/\\\/unaymilletras.com\\\/omar-samba-confiaba-en-que-la-cancion-iba-a-gustar-porque-a-mi-me-gustaba-mucho\\\/#primaryimage\",\"url\":\"https:\\\/\\\/unaymilletras.com\\\/wp-content\\\/uploads\\\/2024\\\/02\\\/LasemanapasadagrabamosmisingleyelpasarporelestudioconpersonastanincreiblesmeencantoLehemospuestomuchoempenoymuchoamorycreoquenoshaquedadoalgochulisimoymemuerodeganasdeensenaroslo.Prontitosabr-e1707425517432.jpg\",\"contentUrl\":\"https:\\\/\\\/unaymilletras.com\\\/wp-content\\\/uploads\\\/2024\\\/02\\\/LasemanapasadagrabamosmisingleyelpasarporelestudioconpersonastanincreiblesmeencantoLehemospuestomuchoempenoymuchoamorycreoquenoshaquedadoalgochulisimoymemuerodeganasdeensenaroslo.Prontitosabr-e1707425517432.jpg\",\"width\":600,\"height\":750,\"caption\":\"Omar\"},{\"@type\":\"BreadcrumbList\",\"@id\":\"https:\\\/\\\/unaymilletras.com\\\/omar-samba-confiaba-en-que-la-cancion-iba-a-gustar-porque-a-mi-me-gustaba-mucho\\\/#breadcrumb\",\"itemListElement\":[{\"@type\":\"ListItem\",\"position\":1,\"name\":\"Home\",\"item\":\"http:\\\/\\\/unaymilletras.com\\\/\"},{\"@type\":\"ListItem\",\"position\":2,\"name\":\"Omar Samba: \u00abConfiaba en que la canci\u00f3n iba a gustar porque a m\u00ed me gustaba mucho\u00bb\"}]},{\"@type\":\"WebSite\",\"@id\":\"http:\\\/\\\/unaymilletras.com\\\/#website\",\"url\":\"http:\\\/\\\/unaymilletras.com\\\/\",\"name\":\"Una y Mil Letras\",\"description\":\"\",\"publisher\":{\"@id\":\"http:\\\/\\\/unaymilletras.com\\\/#organization\"},\"potentialAction\":[{\"@type\":\"SearchAction\",\"target\":{\"@type\":\"EntryPoint\",\"urlTemplate\":\"http:\\\/\\\/unaymilletras.com\\\/?s={search_term_string}\"},\"query-input\":{\"@type\":\"PropertyValueSpecification\",\"valueRequired\":true,\"valueName\":\"search_term_string\"}}],\"inLanguage\":\"en-GB\"},{\"@type\":\"Organization\",\"@id\":\"http:\\\/\\\/unaymilletras.com\\\/#organization\",\"name\":\"Una y Mil Letras\",\"url\":\"http:\\\/\\\/unaymilletras.com\\\/\",\"logo\":{\"@type\":\"ImageObject\",\"inLanguage\":\"en-GB\",\"@id\":\"http:\\\/\\\/unaymilletras.com\\\/#\\\/schema\\\/logo\\\/image\\\/\",\"url\":\"https:\\\/\\\/unaymilletras.com\\\/wp-content\\\/uploads\\\/2024\\\/06\\\/cropped-Logo-removebg-preview.png\",\"contentUrl\":\"https:\\\/\\\/unaymilletras.com\\\/wp-content\\\/uploads\\\/2024\\\/06\\\/cropped-Logo-removebg-preview.png\",\"width\":512,\"height\":512,\"caption\":\"Una y Mil Letras\"},\"image\":{\"@id\":\"http:\\\/\\\/unaymilletras.com\\\/#\\\/schema\\\/logo\\\/image\\\/\"},\"sameAs\":[\"https:\\\/\\\/x.com\\\/UnaYMilLetras\",\"https:\\\/\\\/instagram.com\\\/UnaYMilLetras\"]},{\"@type\":\"Person\",\"@id\":\"http:\\\/\\\/unaymilletras.com\\\/#\\\/schema\\\/person\\\/d55ba681b8a4e463d8982dbe36a5dc94\",\"name\":\"Maria Gil Robledo\",\"image\":{\"@type\":\"ImageObject\",\"inLanguage\":\"en-GB\",\"@id\":\"https:\\\/\\\/secure.gravatar.com\\\/avatar\\\/4b8e5102e0015789407eb4870b12f0f2857952d83ca124058f92b764bd1840c3?s=96&d=mm&r=g\",\"url\":\"https:\\\/\\\/secure.gravatar.com\\\/avatar\\\/4b8e5102e0015789407eb4870b12f0f2857952d83ca124058f92b764bd1840c3?s=96&d=mm&r=g\",\"contentUrl\":\"https:\\\/\\\/secure.gravatar.com\\\/avatar\\\/4b8e5102e0015789407eb4870b12f0f2857952d83ca124058f92b764bd1840c3?s=96&d=mm&r=g\",\"caption\":\"Maria Gil Robledo\"},\"sameAs\":[\"http:\\\/\\\/unaymilletras.com\"],\"url\":\"https:\\\/\\\/unaymilletras.com\\\/en\\\/author\\\/mariiagiil02_\\\/\"}]}<\/script>\n<!-- \/ Yoast SEO plugin. -->","yoast_head_json":{"title":"Omar Samba: \"Confiaba en que la canci\u00f3n iba a gustar porque a m\u00ed me gustaba mucho\"","description":"\"Tengo que parar\" es el primer sencillo que estrena de Omar (OT 2023), un tema que encantar\u00e1 a todos los p\u00fablicos","robots":{"index":"index","follow":"follow","max-snippet":"max-snippet:-1","max-image-preview":"max-image-preview:large","max-video-preview":"max-video-preview:-1"},"canonical":"https:\/\/unaymilletras.com\/en\/omar-samba-confiaba-en-que-la-cancion-iba-a-gustar-porque-a-mi-me-gustaba-mucho\/","og_locale":"en_GB","og_type":"article","og_title":"Omar Samba: \"Confiaba en que la canci\u00f3n iba a gustar porque a m\u00ed me gustaba mucho\"","og_description":"\"Tengo que parar\" es el primer sencillo que estrena de Omar (OT 2023), un tema que encantar\u00e1 a todos los p\u00fablicos","og_url":"https:\/\/unaymilletras.com\/en\/omar-samba-confiaba-en-que-la-cancion-iba-a-gustar-porque-a-mi-me-gustaba-mucho\/","og_site_name":"Una y Mil Letras","article_published_time":"2024-02-08T21:03:01+00:00","article_modified_time":"2024-02-08T21:05:59+00:00","og_image":[{"width":600,"height":750,"url":"http:\/\/unaymilletras.com\/wp-content\/uploads\/2024\/02\/LasemanapasadagrabamosmisingleyelpasarporelestudioconpersonastanincreiblesmeencantoLehemospuestomuchoempenoymuchoamorycreoquenoshaquedadoalgochulisimoymemuerodeganasdeensenaroslo.Prontitosabr-e1707425517432.jpg","type":"image\/jpeg"}],"author":"Maria Gil Robledo","twitter_card":"summary_large_image","twitter_creator":"@UnaYMilLetras","twitter_site":"@UnaYMilLetras","twitter_misc":{"Written by":"Maria Gil Robledo","Estimated reading time":"12 minutes"},"schema":{"@context":"https:\/\/schema.org","@graph":[{"@type":"Article","@id":"https:\/\/unaymilletras.com\/omar-samba-confiaba-en-que-la-cancion-iba-a-gustar-porque-a-mi-me-gustaba-mucho\/#article","isPartOf":{"@id":"https:\/\/unaymilletras.com\/omar-samba-confiaba-en-que-la-cancion-iba-a-gustar-porque-a-mi-me-gustaba-mucho\/"},"author":{"name":"Maria Gil Robledo","@id":"http:\/\/unaymilletras.com\/#\/schema\/person\/d55ba681b8a4e463d8982dbe36a5dc94"},"headline":"Omar Samba: \u00abConfiaba en que la canci\u00f3n iba a gustar porque a m\u00ed me gustaba mucho\u00bb","datePublished":"2024-02-08T21:03:01+00:00","dateModified":"2024-02-08T21:05:59+00:00","mainEntityOfPage":{"@id":"https:\/\/unaymilletras.com\/omar-samba-confiaba-en-que-la-cancion-iba-a-gustar-porque-a-mi-me-gustaba-mucho\/"},"wordCount":2262,"commentCount":0,"publisher":{"@id":"http:\/\/unaymilletras.com\/#organization"},"image":{"@id":"https:\/\/unaymilletras.com\/omar-samba-confiaba-en-que-la-cancion-iba-a-gustar-porque-a-mi-me-gustaba-mucho\/#primaryimage"},"thumbnailUrl":"https:\/\/unaymilletras.com\/wp-content\/uploads\/2024\/02\/LasemanapasadagrabamosmisingleyelpasarporelestudioconpersonastanincreiblesmeencantoLehemospuestomuchoempenoymuchoamorycreoquenoshaquedadoalgochulisimoymemuerodeganasdeensenaroslo.Prontitosabr-e1707425517432.jpg","articleSection":["Entrevistas","M\u00fasica"],"inLanguage":"en-GB","potentialAction":[{"@type":"CommentAction","name":"Comment","target":["https:\/\/unaymilletras.com\/omar-samba-confiaba-en-que-la-cancion-iba-a-gustar-porque-a-mi-me-gustaba-mucho\/#respond"]}]},{"@type":"WebPage","@id":"https:\/\/unaymilletras.com\/omar-samba-confiaba-en-que-la-cancion-iba-a-gustar-porque-a-mi-me-gustaba-mucho\/","url":"https:\/\/unaymilletras.com\/omar-samba-confiaba-en-que-la-cancion-iba-a-gustar-porque-a-mi-me-gustaba-mucho\/","name":"Omar Samba: \"Confiaba en que la canci\u00f3n iba a gustar porque a m\u00ed me gustaba mucho\"","isPartOf":{"@id":"http:\/\/unaymilletras.com\/#website"},"primaryImageOfPage":{"@id":"https:\/\/unaymilletras.com\/omar-samba-confiaba-en-que-la-cancion-iba-a-gustar-porque-a-mi-me-gustaba-mucho\/#primaryimage"},"image":{"@id":"https:\/\/unaymilletras.com\/omar-samba-confiaba-en-que-la-cancion-iba-a-gustar-porque-a-mi-me-gustaba-mucho\/#primaryimage"},"thumbnailUrl":"https:\/\/unaymilletras.com\/wp-content\/uploads\/2024\/02\/LasemanapasadagrabamosmisingleyelpasarporelestudioconpersonastanincreiblesmeencantoLehemospuestomuchoempenoymuchoamorycreoquenoshaquedadoalgochulisimoymemuerodeganasdeensenaroslo.Prontitosabr-e1707425517432.jpg","datePublished":"2024-02-08T21:03:01+00:00","dateModified":"2024-02-08T21:05:59+00:00","description":"\"Tengo que parar\" es el primer sencillo que estrena de Omar (OT 2023), un tema que encantar\u00e1 a todos los p\u00fablicos","breadcrumb":{"@id":"https:\/\/unaymilletras.com\/omar-samba-confiaba-en-que-la-cancion-iba-a-gustar-porque-a-mi-me-gustaba-mucho\/#breadcrumb"},"inLanguage":"en-GB","potentialAction":[{"@type":"ReadAction","target":["https:\/\/unaymilletras.com\/omar-samba-confiaba-en-que-la-cancion-iba-a-gustar-porque-a-mi-me-gustaba-mucho\/"]}]},{"@type":"ImageObject","inLanguage":"en-GB","@id":"https:\/\/unaymilletras.com\/omar-samba-confiaba-en-que-la-cancion-iba-a-gustar-porque-a-mi-me-gustaba-mucho\/#primaryimage","url":"https:\/\/unaymilletras.com\/wp-content\/uploads\/2024\/02\/LasemanapasadagrabamosmisingleyelpasarporelestudioconpersonastanincreiblesmeencantoLehemospuestomuchoempenoymuchoamorycreoquenoshaquedadoalgochulisimoymemuerodeganasdeensenaroslo.Prontitosabr-e1707425517432.jpg","contentUrl":"https:\/\/unaymilletras.com\/wp-content\/uploads\/2024\/02\/LasemanapasadagrabamosmisingleyelpasarporelestudioconpersonastanincreiblesmeencantoLehemospuestomuchoempenoymuchoamorycreoquenoshaquedadoalgochulisimoymemuerodeganasdeensenaroslo.Prontitosabr-e1707425517432.jpg","width":600,"height":750,"caption":"Omar"},{"@type":"BreadcrumbList","@id":"https:\/\/unaymilletras.com\/omar-samba-confiaba-en-que-la-cancion-iba-a-gustar-porque-a-mi-me-gustaba-mucho\/#breadcrumb","itemListElement":[{"@type":"ListItem","position":1,"name":"Home","item":"http:\/\/unaymilletras.com\/"},{"@type":"ListItem","position":2,"name":"Omar Samba: \u00abConfiaba en que la canci\u00f3n iba a gustar porque a m\u00ed me gustaba mucho\u00bb"}]},{"@type":"WebSite","@id":"http:\/\/unaymilletras.com\/#website","url":"http:\/\/unaymilletras.com\/","name":"Una y Mil Letras","description":"","publisher":{"@id":"http:\/\/unaymilletras.com\/#organization"},"potentialAction":[{"@type":"SearchAction","target":{"@type":"EntryPoint","urlTemplate":"http:\/\/unaymilletras.com\/?s={search_term_string}"},"query-input":{"@type":"PropertyValueSpecification","valueRequired":true,"valueName":"search_term_string"}}],"inLanguage":"en-GB"},{"@type":"Organization","@id":"http:\/\/unaymilletras.com\/#organization","name":"Una y Mil Letras","url":"http:\/\/unaymilletras.com\/","logo":{"@type":"ImageObject","inLanguage":"en-GB","@id":"http:\/\/unaymilletras.com\/#\/schema\/logo\/image\/","url":"https:\/\/unaymilletras.com\/wp-content\/uploads\/2024\/06\/cropped-Logo-removebg-preview.png","contentUrl":"https:\/\/unaymilletras.com\/wp-content\/uploads\/2024\/06\/cropped-Logo-removebg-preview.png","width":512,"height":512,"caption":"Una y Mil Letras"},"image":{"@id":"http:\/\/unaymilletras.com\/#\/schema\/logo\/image\/"},"sameAs":["https:\/\/x.com\/UnaYMilLetras","https:\/\/instagram.com\/UnaYMilLetras"]},{"@type":"Person","@id":"http:\/\/unaymilletras.com\/#\/schema\/person\/d55ba681b8a4e463d8982dbe36a5dc94","name":"Maria Gil Robledo","image":{"@type":"ImageObject","inLanguage":"en-GB","@id":"https:\/\/secure.gravatar.com\/avatar\/4b8e5102e0015789407eb4870b12f0f2857952d83ca124058f92b764bd1840c3?s=96&d=mm&r=g","url":"https:\/\/secure.gravatar.com\/avatar\/4b8e5102e0015789407eb4870b12f0f2857952d83ca124058f92b764bd1840c3?s=96&d=mm&r=g","contentUrl":"https:\/\/secure.gravatar.com\/avatar\/4b8e5102e0015789407eb4870b12f0f2857952d83ca124058f92b764bd1840c3?s=96&d=mm&r=g","caption":"Maria Gil Robledo"},"sameAs":["http:\/\/unaymilletras.com"],"url":"https:\/\/unaymilletras.com\/en\/author\/mariiagiil02_\/"}]}},"_links":{"self":[{"href":"https:\/\/unaymilletras.com\/en\/wp-json\/wp\/v2\/posts\/2078","targetHints":{"allow":["GET"]}}],"collection":[{"href":"https:\/\/unaymilletras.com\/en\/wp-json\/wp\/v2\/posts"}],"about":[{"href":"https:\/\/unaymilletras.com\/en\/wp-json\/wp\/v2\/types\/post"}],"author":[{"embeddable":true,"href":"https:\/\/unaymilletras.com\/en\/wp-json\/wp\/v2\/users\/1"}],"replies":[{"embeddable":true,"href":"https:\/\/unaymilletras.com\/en\/wp-json\/wp\/v2\/comments?post=2078"}],"version-history":[{"count":5,"href":"https:\/\/unaymilletras.com\/en\/wp-json\/wp\/v2\/posts\/2078\/revisions"}],"predecessor-version":[{"id":2094,"href":"https:\/\/unaymilletras.com\/en\/wp-json\/wp\/v2\/posts\/2078\/revisions\/2094"}],"wp:featuredmedia":[{"embeddable":true,"href":"https:\/\/unaymilletras.com\/en\/wp-json\/wp\/v2\/media\/2082"}],"wp:attachment":[{"href":"https:\/\/unaymilletras.com\/en\/wp-json\/wp\/v2\/media?parent=2078"}],"wp:term":[{"taxonomy":"category","embeddable":true,"href":"https:\/\/unaymilletras.com\/en\/wp-json\/wp\/v2\/categories?post=2078"},{"taxonomy":"post_tag","embeddable":true,"href":"https:\/\/unaymilletras.com\/en\/wp-json\/wp\/v2\/tags?post=2078"}],"curies":[{"name":"wp","href":"https:\/\/api.w.org\/{rel}","templated":true}]}}