{"id":2110,"date":"2024-02-12T14:16:02","date_gmt":"2024-02-12T13:16:02","guid":{"rendered":"https:\/\/unaymilletras.com\/?p=2110"},"modified":"2024-02-12T17:55:52","modified_gmt":"2024-02-12T16:55:52","slug":"maga-cordova-da-mil-gracias","status":"publish","type":"post","link":"https:\/\/unaymilletras.com\/en\/maga-cordova-da-mil-gracias\/","title":{"rendered":"Maga C\u00f3rdova da Mil Gracias"},"content":{"rendered":"<div data-elementor-type=\"wp-post\" data-elementor-id=\"2110\" class=\"elementor elementor-2110\">\n\t\t\t\t\t\t<section class=\"elementor-section elementor-top-section elementor-element elementor-element-a2d1762 elementor-section-boxed elementor-section-height-default elementor-section-height-default\" data-id=\"a2d1762\" data-element_type=\"section\" data-e-type=\"section\">\n\t\t\t\t\t\t<div class=\"elementor-container elementor-column-gap-default\">\n\t\t\t\t\t<div class=\"elementor-column elementor-col-100 elementor-top-column elementor-element elementor-element-953ae4a\" data-id=\"953ae4a\" data-element_type=\"column\" data-e-type=\"column\">\n\t\t\t<div class=\"elementor-widget-wrap elementor-element-populated\">\n\t\t\t\t\t\t<div class=\"elementor-element elementor-element-3306efd elementor-widget elementor-widget-text-editor\" data-id=\"3306efd\" data-element_type=\"widget\" data-e-type=\"widget\" data-widget_type=\"text-editor.default\">\n\t\t\t\t<div class=\"elementor-widget-container\">\n\t\t\t\t\t\t\t\t\t<h2 style=\"text-align: center;\"><span style=\"color: #808080;\"><em>La ecuatoriana Maga C\u00f3rdova ha juntado el pop con influencias electr\u00f3nicas en su single que es el primero de su nueva era musical<\/em><\/span><\/h2>\t\t\t\t\t\t\t\t<\/div>\n\t\t\t\t<\/div>\n\t\t\t\t\t<\/div>\n\t\t<\/div>\n\t\t\t\t\t<\/div>\n\t\t<\/section>\n\t\t\t\t<section class=\"elementor-section elementor-top-section elementor-element elementor-element-db7c167 elementor-section-boxed elementor-section-height-default elementor-section-height-default\" data-id=\"db7c167\" data-element_type=\"section\" data-e-type=\"section\">\n\t\t\t\t\t\t<div class=\"elementor-container elementor-column-gap-default\">\n\t\t\t\t\t<div class=\"elementor-column elementor-col-100 elementor-top-column elementor-element elementor-element-a8e279a\" data-id=\"a8e279a\" data-element_type=\"column\" data-e-type=\"column\">\n\t\t\t<div class=\"elementor-widget-wrap elementor-element-populated\">\n\t\t\t\t\t\t<div class=\"elementor-element elementor-element-1c61db4 elementor-widget elementor-widget-text-editor\" data-id=\"1c61db4\" data-element_type=\"widget\" data-e-type=\"widget\" data-widget_type=\"text-editor.default\">\n\t\t\t\t<div class=\"elementor-widget-container\">\n\t\t\t\t\t\t\t\t\t<p><span style=\"color: #808080;\"><em><b><a style=\"color: #808080;\" href=\"https:\/\/www.youtube.com\/watch?v=adlfuBESqCg&amp;ab_channel=MagaC%C3%B3rdova\">Mil Gracias (KARMA)<\/a><\/b> <\/em>es el nuevo sencillo de <b>Maga C\u00f3rdova<\/b>. Se trata de la primera canci\u00f3n que formar\u00e1 parte de la nueva era musical de la ecuatoriana. En ella, la artista ha querido mezclar el pop con influencias electr\u00f3nicas.<\/span><\/p>\t\t\t\t\t\t\t\t<\/div>\n\t\t\t\t<\/div>\n\t\t\t\t\t<\/div>\n\t\t<\/div>\n\t\t\t\t\t<\/div>\n\t\t<\/section>\n\t\t\t\t<section class=\"elementor-section elementor-top-section elementor-element elementor-element-e10e641 elementor-section-boxed elementor-section-height-default elementor-section-height-default\" data-id=\"e10e641\" data-element_type=\"section\" data-e-type=\"section\">\n\t\t\t\t\t\t<div class=\"elementor-container elementor-column-gap-default\">\n\t\t\t\t\t<div class=\"elementor-column elementor-col-100 elementor-top-column elementor-element elementor-element-e0abe9f\" data-id=\"e0abe9f\" data-element_type=\"column\" data-e-type=\"column\">\n\t\t\t<div class=\"elementor-widget-wrap elementor-element-populated\">\n\t\t\t\t\t\t<div class=\"elementor-element elementor-element-7600796 elementor-widget elementor-widget-video\" data-id=\"7600796\" data-element_type=\"widget\" data-e-type=\"widget\" data-settings=\"{&quot;youtube_url&quot;:&quot;https:\\\/\\\/www.youtube.com\\\/watch?v=adlfuBESqCg&amp;ab_channel=MagaC%C3%B3rdova&quot;,&quot;video_type&quot;:&quot;youtube&quot;,&quot;controls&quot;:&quot;yes&quot;}\" data-widget_type=\"video.default\">\n\t\t\t\t<div class=\"elementor-widget-container\">\n\t\t\t\t\t\t\t<div class=\"elementor-wrapper elementor-open-inline\">\n\t\t\t<div class=\"elementor-video\"><\/div>\t\t<\/div>\n\t\t\t\t\t\t<\/div>\n\t\t\t\t<\/div>\n\t\t\t\t\t<\/div>\n\t\t<\/div>\n\t\t\t\t\t<\/div>\n\t\t<\/section>\n\t\t\t\t<section class=\"elementor-section elementor-top-section elementor-element elementor-element-ec980e0 elementor-section-boxed elementor-section-height-default elementor-section-height-default\" data-id=\"ec980e0\" data-element_type=\"section\" data-e-type=\"section\">\n\t\t\t\t\t\t<div class=\"elementor-container elementor-column-gap-default\">\n\t\t\t\t\t<div class=\"elementor-column elementor-col-100 elementor-top-column elementor-element elementor-element-1c2cf59\" data-id=\"1c2cf59\" data-element_type=\"column\" data-e-type=\"column\">\n\t\t\t<div class=\"elementor-widget-wrap elementor-element-populated\">\n\t\t\t\t\t\t<div class=\"elementor-element elementor-element-858fd80 elementor-widget elementor-widget-text-editor\" data-id=\"858fd80\" data-element_type=\"widget\" data-e-type=\"widget\" data-widget_type=\"text-editor.default\">\n\t\t\t\t<div class=\"elementor-widget-container\">\n\t\t\t\t\t\t\t\t\t<p>En la canci\u00f3n, Maga C\u00f3rdova busca el empoderamiento femenino, la sensualidad y mucha feminidad. Conecta la energ\u00eda vital femenina, pero desde un dolor nost\u00e1lgico. \u201c\u00bfQui\u00e9n no quiere gritar sus penas mientras baila y olvida?\u201d.<\/p><p><em>Mil Gracias (KARMA)<\/em> ha estado producido y compuesto por Maria Elisa Ayerbe, junto a Jorge Nehme, Edgar Perez, Jaime Velazquez y la propia Maga C\u00f3rdova. Recuerda la atm\u00f3sfera del verano en Ecuador. Inspirada en la animada escena de un bar de playa, la canci\u00f3n fusiona la voz potente de Maga con una producci\u00f3n musical que destaca por su expresividad art\u00edstica. Bajo la direcci\u00f3n de Gabo Bucheli, el videoclip se sumerge en una experiencia sensorial vinculada al arte conceptual, explorando un viaje de duelo y autoencuentro.<\/p>\t\t\t\t\t\t\t\t<\/div>\n\t\t\t\t<\/div>\n\t\t\t\t\t<\/div>\n\t\t<\/div>\n\t\t\t\t\t<\/div>\n\t\t<\/section>\n\t\t\t\t<section class=\"elementor-section elementor-top-section elementor-element elementor-element-2572f96 elementor-section-boxed elementor-section-height-default elementor-section-height-default\" data-id=\"2572f96\" data-element_type=\"section\" data-e-type=\"section\">\n\t\t\t\t\t\t<div class=\"elementor-container elementor-column-gap-default\">\n\t\t\t\t\t<div class=\"elementor-column elementor-col-50 elementor-top-column elementor-element elementor-element-c616836\" data-id=\"c616836\" data-element_type=\"column\" data-e-type=\"column\">\n\t\t\t<div class=\"elementor-widget-wrap elementor-element-populated\">\n\t\t\t\t\t\t<div class=\"elementor-element elementor-element-c32063c elementor-widget elementor-widget-image\" data-id=\"c32063c\" data-element_type=\"widget\" data-e-type=\"widget\" data-widget_type=\"image.default\">\n\t\t\t\t<div class=\"elementor-widget-container\">\n\t\t\t\t\t\t\t\t\t\t\t\t\t\t\t<img fetchpriority=\"high\" decoding=\"async\" width=\"640\" height=\"960\" src=\"https:\/\/unaymilletras.com\/wp-content\/uploads\/2024\/02\/MagaCordovaII-683x1024.jpg\" class=\"attachment-large size-large wp-image-2112\" alt=\"Maga C\u00f3rdova\" srcset=\"https:\/\/unaymilletras.com\/wp-content\/uploads\/2024\/02\/MagaCordovaII-683x1024.jpg 683w, https:\/\/unaymilletras.com\/wp-content\/uploads\/2024\/02\/MagaCordovaII-200x300.jpg 200w, https:\/\/unaymilletras.com\/wp-content\/uploads\/2024\/02\/MagaCordovaII-768x1152.jpg 768w, https:\/\/unaymilletras.com\/wp-content\/uploads\/2024\/02\/MagaCordovaII-1024x1536.jpg 1024w, https:\/\/unaymilletras.com\/wp-content\/uploads\/2024\/02\/MagaCordovaII-1365x2048.jpg 1365w, https:\/\/unaymilletras.com\/wp-content\/uploads\/2024\/02\/MagaCordovaII-scaled-e1707743688400.jpg 600w\" sizes=\"(max-width: 640px) 100vw, 640px\" \/>\t\t\t\t\t\t\t\t\t\t\t\t\t\t\t<\/div>\n\t\t\t\t<\/div>\n\t\t\t\t\t<\/div>\n\t\t<\/div>\n\t\t\t\t<div class=\"elementor-column elementor-col-50 elementor-top-column elementor-element elementor-element-854de5b\" data-id=\"854de5b\" data-element_type=\"column\" data-e-type=\"column\">\n\t\t\t<div class=\"elementor-widget-wrap elementor-element-populated\">\n\t\t\t\t\t\t<div class=\"elementor-element elementor-element-73d4659 elementor-widget elementor-widget-image\" data-id=\"73d4659\" data-element_type=\"widget\" data-e-type=\"widget\" data-widget_type=\"image.default\">\n\t\t\t\t<div class=\"elementor-widget-container\">\n\t\t\t\t\t\t\t\t\t\t\t\t\t\t\t<img decoding=\"async\" width=\"640\" height=\"960\" src=\"https:\/\/unaymilletras.com\/wp-content\/uploads\/2024\/02\/MagaIII-683x1024.jpg\" class=\"attachment-large size-large wp-image-2114\" alt=\"\" srcset=\"https:\/\/unaymilletras.com\/wp-content\/uploads\/2024\/02\/MagaIII-683x1024.jpg 683w, https:\/\/unaymilletras.com\/wp-content\/uploads\/2024\/02\/MagaIII-200x300.jpg 200w, https:\/\/unaymilletras.com\/wp-content\/uploads\/2024\/02\/MagaIII-768x1152.jpg 768w, https:\/\/unaymilletras.com\/wp-content\/uploads\/2024\/02\/MagaIII-1024x1536.jpg 1024w, https:\/\/unaymilletras.com\/wp-content\/uploads\/2024\/02\/MagaIII-1365x2048.jpg 1365w, https:\/\/unaymilletras.com\/wp-content\/uploads\/2024\/02\/MagaIII-scaled-e1707743702961.jpg 600w\" sizes=\"(max-width: 640px) 100vw, 640px\" \/>\t\t\t\t\t\t\t\t\t\t\t\t\t\t\t<\/div>\n\t\t\t\t<\/div>\n\t\t\t\t\t<\/div>\n\t\t<\/div>\n\t\t\t\t\t<\/div>\n\t\t<\/section>\n\t\t\t\t<section class=\"elementor-section elementor-top-section elementor-element elementor-element-0e4305a elementor-section-boxed elementor-section-height-default elementor-section-height-default\" data-id=\"0e4305a\" data-element_type=\"section\" data-e-type=\"section\">\n\t\t\t\t\t\t<div class=\"elementor-container elementor-column-gap-default\">\n\t\t\t\t\t<div class=\"elementor-column elementor-col-100 elementor-top-column elementor-element elementor-element-dcbef37\" data-id=\"dcbef37\" data-element_type=\"column\" data-e-type=\"column\">\n\t\t\t<div class=\"elementor-widget-wrap elementor-element-populated\">\n\t\t\t\t\t\t<div class=\"elementor-element elementor-element-bcef494 elementor-widget elementor-widget-text-editor\" data-id=\"bcef494\" data-element_type=\"widget\" data-e-type=\"widget\" data-widget_type=\"text-editor.default\">\n\t\t\t\t<div class=\"elementor-widget-container\">\n\t\t\t\t\t\t\t\t\t<p>Maga C\u00f3rdova, quien ha compartido escenario con artistas como Luis Miguel, Sebasti\u00e1n Yatra o Morat, entre otros, se ha convertido en una figura destacada en la escena musical ecuatoriana. Su debut en La Voz Ecuador en 2016 marc\u00f3 el inicio de una carrera ascendente, consolidada con \u00e9xitos como <em>No me dejes sola<\/em> y <em>Cuando Nos Encontremos<\/em>.<\/p><p>A pesar de enfrentar desaf\u00edos personales, Maga regres\u00f3 con fuerza el verano pasado con <em>Reloj De Arena<\/em>, mostrando una nueva etapa art\u00edstica. Con una creciente influencia en las redes sociales y millones de visitas en YouTube, Maga se destaca como un ejemplo de empoderamiento y conexi\u00f3n, inspirando a aquellos que buscan fortalecer su autoestima y valor. Su impacto en la escena musical ecuatoriana y global contin\u00faa creciendo.<\/p>\t\t\t\t\t\t\t\t<\/div>\n\t\t\t\t<\/div>\n\t\t\t\t\t<\/div>\n\t\t<\/div>\n\t\t\t\t\t<\/div>\n\t\t<\/section>\n\t\t\t\t<\/div>","protected":false},"excerpt":{"rendered":"<p>La ecuatoriana Maga C\u00f3rdova ha juntado el pop con influencias electr\u00f3nicas en su single que es el primero de su nueva era musical Mil Gracias (KARMA) es el nuevo sencillo de Maga C\u00f3rdova. Se trata de la primera canci\u00f3n que formar\u00e1 parte de la nueva era musical de la ecuatoriana. En ella, la artista ha [&hellip;]<\/p>\n","protected":false},"author":1,"featured_media":2114,"comment_status":"open","ping_status":"open","sticky":false,"template":"","format":"standard","meta":{"footnotes":""},"categories":[4],"tags":[],"class_list":["post-2110","post","type-post","status-publish","format-standard","has-post-thumbnail","hentry","category-musica"],"yoast_head":"<!-- This site is optimized with the Yoast SEO plugin v27.4 - https:\/\/yoast.com\/product\/yoast-seo-wordpress\/ -->\n<title>Maga C\u00f3rdova da Mil Gracias &#8902; Una y Mil Letras<\/title>\n<meta name=\"description\" content=\"La ecuatoriana Maga Cordova ha juntado el pop con influencias electr\u00f3nicas en su single que es el primero de su nueva era musical\" \/>\n<meta name=\"robots\" content=\"index, follow, max-snippet:-1, max-image-preview:large, max-video-preview:-1\" \/>\n<link rel=\"canonical\" href=\"https:\/\/unaymilletras.com\/en\/maga-cordova-da-mil-gracias\/\" \/>\n<meta property=\"og:locale\" content=\"en_GB\" \/>\n<meta property=\"og:type\" content=\"article\" \/>\n<meta property=\"og:title\" content=\"Maga C\u00f3rdova da Mil Gracias &#8902; Una y Mil Letras\" \/>\n<meta property=\"og:description\" content=\"La ecuatoriana Maga Cordova ha juntado el pop con influencias electr\u00f3nicas en su single que es el primero de su nueva era musical\" \/>\n<meta property=\"og:url\" content=\"https:\/\/unaymilletras.com\/en\/maga-cordova-da-mil-gracias\/\" \/>\n<meta property=\"og:site_name\" content=\"Una y Mil Letras\" \/>\n<meta property=\"article:published_time\" content=\"2024-02-12T13:16:02+00:00\" \/>\n<meta property=\"article:modified_time\" content=\"2024-02-12T16:55:52+00:00\" \/>\n<meta property=\"og:image\" content=\"http:\/\/unaymilletras.com\/wp-content\/uploads\/2024\/02\/MagaIII-scaled-e1707743702961.jpg\" \/>\n\t<meta property=\"og:image:width\" content=\"600\" \/>\n\t<meta property=\"og:image:height\" content=\"900\" \/>\n\t<meta property=\"og:image:type\" content=\"image\/jpeg\" \/>\n<meta name=\"author\" content=\"Maria Gil Robledo\" \/>\n<meta name=\"twitter:card\" content=\"summary_large_image\" \/>\n<meta name=\"twitter:creator\" content=\"@UnaYMilLetras\" \/>\n<meta name=\"twitter:site\" content=\"@UnaYMilLetras\" \/>\n<meta name=\"twitter:label1\" content=\"Written by\" \/>\n\t<meta name=\"twitter:data1\" content=\"Maria Gil Robledo\" \/>\n\t<meta name=\"twitter:label2\" content=\"Estimated reading time\" \/>\n\t<meta name=\"twitter:data2\" content=\"2 minutes\" \/>\n<script type=\"application\/ld+json\" class=\"yoast-schema-graph\">{\"@context\":\"https:\\\/\\\/schema.org\",\"@graph\":[{\"@type\":\"Article\",\"@id\":\"https:\\\/\\\/unaymilletras.com\\\/maga-cordova-da-mil-gracias\\\/#article\",\"isPartOf\":{\"@id\":\"https:\\\/\\\/unaymilletras.com\\\/maga-cordova-da-mil-gracias\\\/\"},\"author\":{\"name\":\"Maria Gil Robledo\",\"@id\":\"http:\\\/\\\/unaymilletras.com\\\/#\\\/schema\\\/person\\\/d55ba681b8a4e463d8982dbe36a5dc94\"},\"headline\":\"Maga C\u00f3rdova da Mil Gracias\",\"datePublished\":\"2024-02-12T13:16:02+00:00\",\"dateModified\":\"2024-02-12T16:55:52+00:00\",\"mainEntityOfPage\":{\"@id\":\"https:\\\/\\\/unaymilletras.com\\\/maga-cordova-da-mil-gracias\\\/\"},\"wordCount\":343,\"commentCount\":0,\"publisher\":{\"@id\":\"http:\\\/\\\/unaymilletras.com\\\/#organization\"},\"image\":{\"@id\":\"https:\\\/\\\/unaymilletras.com\\\/maga-cordova-da-mil-gracias\\\/#primaryimage\"},\"thumbnailUrl\":\"https:\\\/\\\/unaymilletras.com\\\/wp-content\\\/uploads\\\/2024\\\/02\\\/MagaIII-scaled-e1707743702961.jpg\",\"articleSection\":[\"M\u00fasica\"],\"inLanguage\":\"en-GB\",\"potentialAction\":[{\"@type\":\"CommentAction\",\"name\":\"Comment\",\"target\":[\"https:\\\/\\\/unaymilletras.com\\\/maga-cordova-da-mil-gracias\\\/#respond\"]}]},{\"@type\":\"WebPage\",\"@id\":\"https:\\\/\\\/unaymilletras.com\\\/maga-cordova-da-mil-gracias\\\/\",\"url\":\"https:\\\/\\\/unaymilletras.com\\\/maga-cordova-da-mil-gracias\\\/\",\"name\":\"Maga C\u00f3rdova da Mil Gracias &#8902; Una y Mil Letras\",\"isPartOf\":{\"@id\":\"http:\\\/\\\/unaymilletras.com\\\/#website\"},\"primaryImageOfPage\":{\"@id\":\"https:\\\/\\\/unaymilletras.com\\\/maga-cordova-da-mil-gracias\\\/#primaryimage\"},\"image\":{\"@id\":\"https:\\\/\\\/unaymilletras.com\\\/maga-cordova-da-mil-gracias\\\/#primaryimage\"},\"thumbnailUrl\":\"https:\\\/\\\/unaymilletras.com\\\/wp-content\\\/uploads\\\/2024\\\/02\\\/MagaIII-scaled-e1707743702961.jpg\",\"datePublished\":\"2024-02-12T13:16:02+00:00\",\"dateModified\":\"2024-02-12T16:55:52+00:00\",\"description\":\"La ecuatoriana Maga Cordova ha juntado el pop con influencias electr\u00f3nicas en su single que es el primero de su nueva era musical\",\"breadcrumb\":{\"@id\":\"https:\\\/\\\/unaymilletras.com\\\/maga-cordova-da-mil-gracias\\\/#breadcrumb\"},\"inLanguage\":\"en-GB\",\"potentialAction\":[{\"@type\":\"ReadAction\",\"target\":[\"https:\\\/\\\/unaymilletras.com\\\/maga-cordova-da-mil-gracias\\\/\"]}]},{\"@type\":\"ImageObject\",\"inLanguage\":\"en-GB\",\"@id\":\"https:\\\/\\\/unaymilletras.com\\\/maga-cordova-da-mil-gracias\\\/#primaryimage\",\"url\":\"https:\\\/\\\/unaymilletras.com\\\/wp-content\\\/uploads\\\/2024\\\/02\\\/MagaIII-scaled-e1707743702961.jpg\",\"contentUrl\":\"https:\\\/\\\/unaymilletras.com\\\/wp-content\\\/uploads\\\/2024\\\/02\\\/MagaIII-scaled-e1707743702961.jpg\",\"width\":600,\"height\":900},{\"@type\":\"BreadcrumbList\",\"@id\":\"https:\\\/\\\/unaymilletras.com\\\/maga-cordova-da-mil-gracias\\\/#breadcrumb\",\"itemListElement\":[{\"@type\":\"ListItem\",\"position\":1,\"name\":\"Home\",\"item\":\"http:\\\/\\\/unaymilletras.com\\\/\"},{\"@type\":\"ListItem\",\"position\":2,\"name\":\"Maga C\u00f3rdova da Mil Gracias\"}]},{\"@type\":\"WebSite\",\"@id\":\"http:\\\/\\\/unaymilletras.com\\\/#website\",\"url\":\"http:\\\/\\\/unaymilletras.com\\\/\",\"name\":\"Una y Mil Letras\",\"description\":\"\",\"publisher\":{\"@id\":\"http:\\\/\\\/unaymilletras.com\\\/#organization\"},\"potentialAction\":[{\"@type\":\"SearchAction\",\"target\":{\"@type\":\"EntryPoint\",\"urlTemplate\":\"http:\\\/\\\/unaymilletras.com\\\/?s={search_term_string}\"},\"query-input\":{\"@type\":\"PropertyValueSpecification\",\"valueRequired\":true,\"valueName\":\"search_term_string\"}}],\"inLanguage\":\"en-GB\"},{\"@type\":\"Organization\",\"@id\":\"http:\\\/\\\/unaymilletras.com\\\/#organization\",\"name\":\"Una y Mil Letras\",\"url\":\"http:\\\/\\\/unaymilletras.com\\\/\",\"logo\":{\"@type\":\"ImageObject\",\"inLanguage\":\"en-GB\",\"@id\":\"http:\\\/\\\/unaymilletras.com\\\/#\\\/schema\\\/logo\\\/image\\\/\",\"url\":\"https:\\\/\\\/unaymilletras.com\\\/wp-content\\\/uploads\\\/2024\\\/06\\\/cropped-Logo-removebg-preview.png\",\"contentUrl\":\"https:\\\/\\\/unaymilletras.com\\\/wp-content\\\/uploads\\\/2024\\\/06\\\/cropped-Logo-removebg-preview.png\",\"width\":512,\"height\":512,\"caption\":\"Una y Mil Letras\"},\"image\":{\"@id\":\"http:\\\/\\\/unaymilletras.com\\\/#\\\/schema\\\/logo\\\/image\\\/\"},\"sameAs\":[\"https:\\\/\\\/x.com\\\/UnaYMilLetras\",\"https:\\\/\\\/instagram.com\\\/UnaYMilLetras\"]},{\"@type\":\"Person\",\"@id\":\"http:\\\/\\\/unaymilletras.com\\\/#\\\/schema\\\/person\\\/d55ba681b8a4e463d8982dbe36a5dc94\",\"name\":\"Maria Gil Robledo\",\"image\":{\"@type\":\"ImageObject\",\"inLanguage\":\"en-GB\",\"@id\":\"https:\\\/\\\/secure.gravatar.com\\\/avatar\\\/4b8e5102e0015789407eb4870b12f0f2857952d83ca124058f92b764bd1840c3?s=96&d=mm&r=g\",\"url\":\"https:\\\/\\\/secure.gravatar.com\\\/avatar\\\/4b8e5102e0015789407eb4870b12f0f2857952d83ca124058f92b764bd1840c3?s=96&d=mm&r=g\",\"contentUrl\":\"https:\\\/\\\/secure.gravatar.com\\\/avatar\\\/4b8e5102e0015789407eb4870b12f0f2857952d83ca124058f92b764bd1840c3?s=96&d=mm&r=g\",\"caption\":\"Maria Gil Robledo\"},\"sameAs\":[\"http:\\\/\\\/unaymilletras.com\"],\"url\":\"https:\\\/\\\/unaymilletras.com\\\/en\\\/author\\\/mariiagiil02_\\\/\"}]}<\/script>\n<!-- \/ Yoast SEO plugin. -->","yoast_head_json":{"title":"Maga C\u00f3rdova da Mil Gracias &#8902; Una y Mil Letras","description":"La ecuatoriana Maga Cordova ha juntado el pop con influencias electr\u00f3nicas en su single que es el primero de su nueva era musical","robots":{"index":"index","follow":"follow","max-snippet":"max-snippet:-1","max-image-preview":"max-image-preview:large","max-video-preview":"max-video-preview:-1"},"canonical":"https:\/\/unaymilletras.com\/en\/maga-cordova-da-mil-gracias\/","og_locale":"en_GB","og_type":"article","og_title":"Maga C\u00f3rdova da Mil Gracias &#8902; Una y Mil Letras","og_description":"La ecuatoriana Maga Cordova ha juntado el pop con influencias electr\u00f3nicas en su single que es el primero de su nueva era musical","og_url":"https:\/\/unaymilletras.com\/en\/maga-cordova-da-mil-gracias\/","og_site_name":"Una y Mil Letras","article_published_time":"2024-02-12T13:16:02+00:00","article_modified_time":"2024-02-12T16:55:52+00:00","og_image":[{"width":600,"height":900,"url":"http:\/\/unaymilletras.com\/wp-content\/uploads\/2024\/02\/MagaIII-scaled-e1707743702961.jpg","type":"image\/jpeg"}],"author":"Maria Gil Robledo","twitter_card":"summary_large_image","twitter_creator":"@UnaYMilLetras","twitter_site":"@UnaYMilLetras","twitter_misc":{"Written by":"Maria Gil Robledo","Estimated reading time":"2 minutes"},"schema":{"@context":"https:\/\/schema.org","@graph":[{"@type":"Article","@id":"https:\/\/unaymilletras.com\/maga-cordova-da-mil-gracias\/#article","isPartOf":{"@id":"https:\/\/unaymilletras.com\/maga-cordova-da-mil-gracias\/"},"author":{"name":"Maria Gil Robledo","@id":"http:\/\/unaymilletras.com\/#\/schema\/person\/d55ba681b8a4e463d8982dbe36a5dc94"},"headline":"Maga C\u00f3rdova da Mil Gracias","datePublished":"2024-02-12T13:16:02+00:00","dateModified":"2024-02-12T16:55:52+00:00","mainEntityOfPage":{"@id":"https:\/\/unaymilletras.com\/maga-cordova-da-mil-gracias\/"},"wordCount":343,"commentCount":0,"publisher":{"@id":"http:\/\/unaymilletras.com\/#organization"},"image":{"@id":"https:\/\/unaymilletras.com\/maga-cordova-da-mil-gracias\/#primaryimage"},"thumbnailUrl":"https:\/\/unaymilletras.com\/wp-content\/uploads\/2024\/02\/MagaIII-scaled-e1707743702961.jpg","articleSection":["M\u00fasica"],"inLanguage":"en-GB","potentialAction":[{"@type":"CommentAction","name":"Comment","target":["https:\/\/unaymilletras.com\/maga-cordova-da-mil-gracias\/#respond"]}]},{"@type":"WebPage","@id":"https:\/\/unaymilletras.com\/maga-cordova-da-mil-gracias\/","url":"https:\/\/unaymilletras.com\/maga-cordova-da-mil-gracias\/","name":"Maga C\u00f3rdova da Mil Gracias &#8902; Una y Mil Letras","isPartOf":{"@id":"http:\/\/unaymilletras.com\/#website"},"primaryImageOfPage":{"@id":"https:\/\/unaymilletras.com\/maga-cordova-da-mil-gracias\/#primaryimage"},"image":{"@id":"https:\/\/unaymilletras.com\/maga-cordova-da-mil-gracias\/#primaryimage"},"thumbnailUrl":"https:\/\/unaymilletras.com\/wp-content\/uploads\/2024\/02\/MagaIII-scaled-e1707743702961.jpg","datePublished":"2024-02-12T13:16:02+00:00","dateModified":"2024-02-12T16:55:52+00:00","description":"La ecuatoriana Maga Cordova ha juntado el pop con influencias electr\u00f3nicas en su single que es el primero de su nueva era musical","breadcrumb":{"@id":"https:\/\/unaymilletras.com\/maga-cordova-da-mil-gracias\/#breadcrumb"},"inLanguage":"en-GB","potentialAction":[{"@type":"ReadAction","target":["https:\/\/unaymilletras.com\/maga-cordova-da-mil-gracias\/"]}]},{"@type":"ImageObject","inLanguage":"en-GB","@id":"https:\/\/unaymilletras.com\/maga-cordova-da-mil-gracias\/#primaryimage","url":"https:\/\/unaymilletras.com\/wp-content\/uploads\/2024\/02\/MagaIII-scaled-e1707743702961.jpg","contentUrl":"https:\/\/unaymilletras.com\/wp-content\/uploads\/2024\/02\/MagaIII-scaled-e1707743702961.jpg","width":600,"height":900},{"@type":"BreadcrumbList","@id":"https:\/\/unaymilletras.com\/maga-cordova-da-mil-gracias\/#breadcrumb","itemListElement":[{"@type":"ListItem","position":1,"name":"Home","item":"http:\/\/unaymilletras.com\/"},{"@type":"ListItem","position":2,"name":"Maga C\u00f3rdova da Mil Gracias"}]},{"@type":"WebSite","@id":"http:\/\/unaymilletras.com\/#website","url":"http:\/\/unaymilletras.com\/","name":"Una y Mil Letras","description":"","publisher":{"@id":"http:\/\/unaymilletras.com\/#organization"},"potentialAction":[{"@type":"SearchAction","target":{"@type":"EntryPoint","urlTemplate":"http:\/\/unaymilletras.com\/?s={search_term_string}"},"query-input":{"@type":"PropertyValueSpecification","valueRequired":true,"valueName":"search_term_string"}}],"inLanguage":"en-GB"},{"@type":"Organization","@id":"http:\/\/unaymilletras.com\/#organization","name":"Una y Mil Letras","url":"http:\/\/unaymilletras.com\/","logo":{"@type":"ImageObject","inLanguage":"en-GB","@id":"http:\/\/unaymilletras.com\/#\/schema\/logo\/image\/","url":"https:\/\/unaymilletras.com\/wp-content\/uploads\/2024\/06\/cropped-Logo-removebg-preview.png","contentUrl":"https:\/\/unaymilletras.com\/wp-content\/uploads\/2024\/06\/cropped-Logo-removebg-preview.png","width":512,"height":512,"caption":"Una y Mil Letras"},"image":{"@id":"http:\/\/unaymilletras.com\/#\/schema\/logo\/image\/"},"sameAs":["https:\/\/x.com\/UnaYMilLetras","https:\/\/instagram.com\/UnaYMilLetras"]},{"@type":"Person","@id":"http:\/\/unaymilletras.com\/#\/schema\/person\/d55ba681b8a4e463d8982dbe36a5dc94","name":"Maria Gil Robledo","image":{"@type":"ImageObject","inLanguage":"en-GB","@id":"https:\/\/secure.gravatar.com\/avatar\/4b8e5102e0015789407eb4870b12f0f2857952d83ca124058f92b764bd1840c3?s=96&d=mm&r=g","url":"https:\/\/secure.gravatar.com\/avatar\/4b8e5102e0015789407eb4870b12f0f2857952d83ca124058f92b764bd1840c3?s=96&d=mm&r=g","contentUrl":"https:\/\/secure.gravatar.com\/avatar\/4b8e5102e0015789407eb4870b12f0f2857952d83ca124058f92b764bd1840c3?s=96&d=mm&r=g","caption":"Maria Gil Robledo"},"sameAs":["http:\/\/unaymilletras.com"],"url":"https:\/\/unaymilletras.com\/en\/author\/mariiagiil02_\/"}]}},"_links":{"self":[{"href":"https:\/\/unaymilletras.com\/en\/wp-json\/wp\/v2\/posts\/2110","targetHints":{"allow":["GET"]}}],"collection":[{"href":"https:\/\/unaymilletras.com\/en\/wp-json\/wp\/v2\/posts"}],"about":[{"href":"https:\/\/unaymilletras.com\/en\/wp-json\/wp\/v2\/types\/post"}],"author":[{"embeddable":true,"href":"https:\/\/unaymilletras.com\/en\/wp-json\/wp\/v2\/users\/1"}],"replies":[{"embeddable":true,"href":"https:\/\/unaymilletras.com\/en\/wp-json\/wp\/v2\/comments?post=2110"}],"version-history":[{"count":15,"href":"https:\/\/unaymilletras.com\/en\/wp-json\/wp\/v2\/posts\/2110\/revisions"}],"predecessor-version":[{"id":2127,"href":"https:\/\/unaymilletras.com\/en\/wp-json\/wp\/v2\/posts\/2110\/revisions\/2127"}],"wp:featuredmedia":[{"embeddable":true,"href":"https:\/\/unaymilletras.com\/en\/wp-json\/wp\/v2\/media\/2114"}],"wp:attachment":[{"href":"https:\/\/unaymilletras.com\/en\/wp-json\/wp\/v2\/media?parent=2110"}],"wp:term":[{"taxonomy":"category","embeddable":true,"href":"https:\/\/unaymilletras.com\/en\/wp-json\/wp\/v2\/categories?post=2110"},{"taxonomy":"post_tag","embeddable":true,"href":"https:\/\/unaymilletras.com\/en\/wp-json\/wp\/v2\/tags?post=2110"}],"curies":[{"name":"wp","href":"https:\/\/api.w.org\/{rel}","templated":true}]}}