{"id":2128,"date":"2024-02-13T22:36:41","date_gmt":"2024-02-13T21:36:41","guid":{"rendered":"https:\/\/unaymilletras.com\/?p=2128"},"modified":"2024-02-13T22:41:37","modified_gmt":"2024-02-13T21:41:37","slug":"lola-indigo-marca-mas-que-un-triple-en-malaga","status":"publish","type":"post","link":"https:\/\/unaymilletras.com\/en\/lola-indigo-marca-mas-que-un-triple-en-malaga\/","title":{"rendered":"Lola \u00cdndigo marca m\u00e1s que un triple en M\u00e1laga"},"content":{"rendered":"<div data-elementor-type=\"wp-post\" data-elementor-id=\"2128\" class=\"elementor elementor-2128\">\n\t\t\t\t\t\t<section class=\"elementor-section elementor-top-section elementor-element elementor-element-b0896fa elementor-section-boxed elementor-section-height-default elementor-section-height-default\" data-id=\"b0896fa\" data-element_type=\"section\" data-e-type=\"section\">\n\t\t\t\t\t\t<div class=\"elementor-container elementor-column-gap-default\">\n\t\t\t\t\t<div class=\"elementor-column elementor-col-100 elementor-top-column elementor-element elementor-element-37784c9\" data-id=\"37784c9\" data-element_type=\"column\" data-e-type=\"column\">\n\t\t\t<div class=\"elementor-widget-wrap elementor-element-populated\">\n\t\t\t\t\t\t<div class=\"elementor-element elementor-element-7e8e308 elementor-widget elementor-widget-text-editor\" data-id=\"7e8e308\" data-element_type=\"widget\" data-e-type=\"widget\" data-widget_type=\"text-editor.default\">\n\t\t\t\t<div class=\"elementor-widget-container\">\n\t\t\t\t\t\t\t\t\t<h2 style=\"text-align: center;\"><span style=\"color: #808080;\">Lola \u00cdndigo vuelve a M\u00e1laga para arrancar la Copa del Rey<\/span><\/h2>\t\t\t\t\t\t\t\t<\/div>\n\t\t\t\t<\/div>\n\t\t\t\t\t<\/div>\n\t\t<\/div>\n\t\t\t\t\t<\/div>\n\t\t<\/section>\n\t\t\t\t<section class=\"elementor-section elementor-top-section elementor-element elementor-element-10d16c8 elementor-section-boxed elementor-section-height-default elementor-section-height-default\" data-id=\"10d16c8\" data-element_type=\"section\" data-e-type=\"section\">\n\t\t\t\t\t\t<div class=\"elementor-container elementor-column-gap-default\">\n\t\t\t\t\t<div class=\"elementor-column elementor-col-100 elementor-top-column elementor-element elementor-element-b9b5ac4\" data-id=\"b9b5ac4\" data-element_type=\"column\" data-e-type=\"column\">\n\t\t\t<div class=\"elementor-widget-wrap elementor-element-populated\">\n\t\t\t\t\t\t<div class=\"elementor-element elementor-element-2d21d8e elementor-widget elementor-widget-text-editor\" data-id=\"2d21d8e\" data-element_type=\"widget\" data-e-type=\"widget\" data-widget_type=\"text-editor.default\">\n\t\t\t\t<div class=\"elementor-widget-container\">\n\t\t\t\t\t\t\t\t\t<div class=\"page\" title=\"Page 1\">\n<div class=\"section\">\n<div class=\"layoutArea\">\n<div class=\"column\">\n<p>Desde por la man\u0303ana hay dos colas en la calle: una para el acceso de la rampa 1 y otra para la rampa 2. La mayori\u0301a de personas visten de colores verdes o plateados, o del u\u0301ltimo merch que saco\u0301 Lola I\u0301ndigo por su u\u0301ltimo EP, <i><b>GRX<\/b><\/i>. Se ve mucha juventud, pero tambie\u0301n nin\u0303as con sus madres o padres. Una de las madres asegura no ser fan de la artista, solo que viene a acompan\u0303ar a su hija de siete an\u0303os para que disfrute. Cerca de las cuatro de la tarde, se oye la prueba de sonido. Momento en el que muchas y muchos fans se asoman por los sucios cristales y ven a Mimi con un cha\u0301ndal blanco y una gorra blanca ensayando en el escenario. Adema\u0301s, averiguan la sorpresa de la tarde: va a cantar con Salma de Operacio\u0301n Triunfo 2023. Algo que mucha gente esperaba.<\/p>\n<\/div>\n<\/div>\n<\/div>\n<\/div>\t\t\t\t\t\t\t\t<\/div>\n\t\t\t\t<\/div>\n\t\t\t\t\t<\/div>\n\t\t<\/div>\n\t\t\t\t\t<\/div>\n\t\t<\/section>\n\t\t\t\t<section class=\"elementor-section elementor-top-section elementor-element elementor-element-cfd45c2 elementor-section-boxed elementor-section-height-default elementor-section-height-default\" data-id=\"cfd45c2\" data-element_type=\"section\" data-e-type=\"section\">\n\t\t\t\t\t\t<div class=\"elementor-container elementor-column-gap-default\">\n\t\t\t\t\t<div class=\"elementor-column elementor-col-100 elementor-top-column elementor-element elementor-element-eb3a98f\" data-id=\"eb3a98f\" data-element_type=\"column\" data-e-type=\"column\">\n\t\t\t<div class=\"elementor-widget-wrap elementor-element-populated\">\n\t\t\t\t\t\t<div class=\"elementor-element elementor-element-eeaa3a4 elementor-widget elementor-widget-image\" data-id=\"eeaa3a4\" data-element_type=\"widget\" data-e-type=\"widget\" data-widget_type=\"image.default\">\n\t\t\t\t<div class=\"elementor-widget-container\">\n\t\t\t\t\t\t\t\t\t\t\t\t<figure class=\"wp-caption\">\n\t\t\t\t\t\t\t\t\t\t<img fetchpriority=\"high\" decoding=\"async\" width=\"640\" height=\"427\" src=\"https:\/\/unaymilletras.com\/wp-content\/uploads\/2024\/02\/DSC_0060-1024x683.jpg\" class=\"attachment-large size-large wp-image-2131\" alt=\"Lola \u00cdndigo\" srcset=\"https:\/\/unaymilletras.com\/wp-content\/uploads\/2024\/02\/DSC_0060-1024x683.jpg 1024w, https:\/\/unaymilletras.com\/wp-content\/uploads\/2024\/02\/DSC_0060-300x200.jpg 300w, https:\/\/unaymilletras.com\/wp-content\/uploads\/2024\/02\/DSC_0060-768x512.jpg 768w, https:\/\/unaymilletras.com\/wp-content\/uploads\/2024\/02\/DSC_0060-1536x1024.jpg 1536w, https:\/\/unaymilletras.com\/wp-content\/uploads\/2024\/02\/DSC_0060-2048x1365.jpg 2048w, https:\/\/unaymilletras.com\/wp-content\/uploads\/2024\/02\/DSC_0060-scaled-e1707859036370.jpg 600w\" sizes=\"(max-width: 640px) 100vw, 640px\" \/>\t\t\t\t\t\t\t\t\t\t\t<figcaption class=\"widget-image-caption wp-caption-text\">Fotograf\u00eda: Laura Ruiz @artviewslau<\/figcaption>\n\t\t\t\t\t\t\t\t\t\t<\/figure>\n\t\t\t\t\t\t\t\t\t<\/div>\n\t\t\t\t<\/div>\n\t\t\t\t\t<\/div>\n\t\t<\/div>\n\t\t\t\t\t<\/div>\n\t\t<\/section>\n\t\t\t\t<section class=\"elementor-section elementor-top-section elementor-element elementor-element-d388bf8 elementor-section-boxed elementor-section-height-default elementor-section-height-default\" data-id=\"d388bf8\" data-element_type=\"section\" data-e-type=\"section\">\n\t\t\t\t\t\t<div class=\"elementor-container elementor-column-gap-default\">\n\t\t\t\t\t<div class=\"elementor-column elementor-col-100 elementor-top-column elementor-element elementor-element-cf4e357\" data-id=\"cf4e357\" data-element_type=\"column\" data-e-type=\"column\">\n\t\t\t<div class=\"elementor-widget-wrap elementor-element-populated\">\n\t\t\t\t\t\t<div class=\"elementor-element elementor-element-641c07d elementor-widget elementor-widget-text-editor\" data-id=\"641c07d\" data-element_type=\"widget\" data-e-type=\"widget\" data-widget_type=\"text-editor.default\">\n\t\t\t\t<div class=\"elementor-widget-container\">\n\t\t\t\t\t\t\t\t\t<div class=\"page\" title=\"Page 1\"><div class=\"section\"><div class=\"layoutArea\"><div class=\"column\"><p>La apertura de puertas estaba programada para las cinco y media. Pero parece que no. El pu\u0301blico accede al centro a las seis y poco. Dentro del Palacio de Deportes Marti\u0301n Carpena, la pista se encuentra dividida en dos: la VIP y la general. Hasta que empieza el concierto, los asistentes se divierten con la mu\u0301sica del DJ. El reloj indica las ocho menos veinte. El huevo que estaba tapado en la esquina derecha del escenario se desplaza al centro ya visible. Las nin\u0303as gritan \u201cque apaguen las luces\u201d repetidamente adema\u0301s de gritar el nombre de Lola. A los pocos minutos, todo se apaga y todo esta\u0301 en silencio. El huevo enorme se ilumina con la pantalla de fondo. Se abre y de ahi\u0301 sale una Mimi de OT 2017 evolucionada. Ahora se trata de la poderosa Lola I\u0301ndigo. Nada ma\u0301s poner una cara de \u201caqui\u0301 estoy, Ma\u0301laga\u201d, convierte a la ciudad en una dragona como ella misma.<\/p><\/div><\/div><\/div><\/div>\t\t\t\t\t\t\t\t<\/div>\n\t\t\t\t<\/div>\n\t\t\t\t\t<\/div>\n\t\t<\/div>\n\t\t\t\t\t<\/div>\n\t\t<\/section>\n\t\t\t\t<section class=\"elementor-section elementor-top-section elementor-element elementor-element-842284e elementor-section-boxed elementor-section-height-default elementor-section-height-default\" data-id=\"842284e\" data-element_type=\"section\" data-e-type=\"section\">\n\t\t\t\t\t\t<div class=\"elementor-container elementor-column-gap-default\">\n\t\t\t\t\t<div class=\"elementor-column elementor-col-50 elementor-top-column elementor-element elementor-element-904526a\" data-id=\"904526a\" data-element_type=\"column\" data-e-type=\"column\">\n\t\t\t<div class=\"elementor-widget-wrap elementor-element-populated\">\n\t\t\t\t\t\t<div class=\"elementor-element elementor-element-1f4dd0e elementor-widget elementor-widget-image\" data-id=\"1f4dd0e\" data-element_type=\"widget\" data-e-type=\"widget\" data-widget_type=\"image.default\">\n\t\t\t\t<div class=\"elementor-widget-container\">\n\t\t\t\t\t\t\t\t\t\t\t\t<figure class=\"wp-caption\">\n\t\t\t\t\t\t\t\t\t\t<img decoding=\"async\" width=\"640\" height=\"800\" src=\"https:\/\/unaymilletras.com\/wp-content\/uploads\/2024\/02\/DSC_0081-819x1024.jpg\" class=\"attachment-large size-large wp-image-2133\" alt=\"Lola \u00cdndigo\" srcset=\"https:\/\/unaymilletras.com\/wp-content\/uploads\/2024\/02\/DSC_0081-819x1024.jpg 819w, https:\/\/unaymilletras.com\/wp-content\/uploads\/2024\/02\/DSC_0081-240x300.jpg 240w, https:\/\/unaymilletras.com\/wp-content\/uploads\/2024\/02\/DSC_0081-768x960.jpg 768w, https:\/\/unaymilletras.com\/wp-content\/uploads\/2024\/02\/DSC_0081-1229x1536.jpg 1229w, https:\/\/unaymilletras.com\/wp-content\/uploads\/2024\/02\/DSC_0081-1639x2048.jpg 1639w, https:\/\/unaymilletras.com\/wp-content\/uploads\/2024\/02\/DSC_0081-1024x1280.jpg 1024w, https:\/\/unaymilletras.com\/wp-content\/uploads\/2024\/02\/DSC_0081-scaled-e1707859221215.jpg 600w\" sizes=\"(max-width: 640px) 100vw, 640px\" \/>\t\t\t\t\t\t\t\t\t\t\t<figcaption class=\"widget-image-caption wp-caption-text\">Fotograf\u00eda: Laura Ruiz @artviewslau<\/figcaption>\n\t\t\t\t\t\t\t\t\t\t<\/figure>\n\t\t\t\t\t\t\t\t\t<\/div>\n\t\t\t\t<\/div>\n\t\t\t\t\t<\/div>\n\t\t<\/div>\n\t\t\t\t<div class=\"elementor-column elementor-col-50 elementor-top-column elementor-element elementor-element-a90dd37\" data-id=\"a90dd37\" data-element_type=\"column\" data-e-type=\"column\">\n\t\t\t<div class=\"elementor-widget-wrap elementor-element-populated\">\n\t\t\t\t\t\t<div class=\"elementor-element elementor-element-fcaa07b elementor-widget elementor-widget-image\" data-id=\"fcaa07b\" data-element_type=\"widget\" data-e-type=\"widget\" data-widget_type=\"image.default\">\n\t\t\t\t<div class=\"elementor-widget-container\">\n\t\t\t\t\t\t\t\t\t\t\t\t<figure class=\"wp-caption\">\n\t\t\t\t\t\t\t\t\t\t<img decoding=\"async\" width=\"640\" height=\"800\" src=\"https:\/\/unaymilletras.com\/wp-content\/uploads\/2024\/02\/DSC_0022-819x1024.jpg\" class=\"attachment-large size-large wp-image-2132\" alt=\"Lola \u00cdndigo\" srcset=\"https:\/\/unaymilletras.com\/wp-content\/uploads\/2024\/02\/DSC_0022-819x1024.jpg 819w, https:\/\/unaymilletras.com\/wp-content\/uploads\/2024\/02\/DSC_0022-240x300.jpg 240w, https:\/\/unaymilletras.com\/wp-content\/uploads\/2024\/02\/DSC_0022-768x960.jpg 768w, https:\/\/unaymilletras.com\/wp-content\/uploads\/2024\/02\/DSC_0022-1229x1536.jpg 1229w, https:\/\/unaymilletras.com\/wp-content\/uploads\/2024\/02\/DSC_0022-1638x2048.jpg 1638w, https:\/\/unaymilletras.com\/wp-content\/uploads\/2024\/02\/DSC_0022-1024x1280.jpg 1024w, https:\/\/unaymilletras.com\/wp-content\/uploads\/2024\/02\/DSC_0022-scaled-e1707859208216.jpg 600w\" sizes=\"(max-width: 640px) 100vw, 640px\" \/>\t\t\t\t\t\t\t\t\t\t\t<figcaption class=\"widget-image-caption wp-caption-text\">Fotograf\u00eda: Laura Ruiz @artviewslau<\/figcaption>\n\t\t\t\t\t\t\t\t\t\t<\/figure>\n\t\t\t\t\t\t\t\t\t<\/div>\n\t\t\t\t<\/div>\n\t\t\t\t\t<\/div>\n\t\t<\/div>\n\t\t\t\t\t<\/div>\n\t\t<\/section>\n\t\t\t\t<section class=\"elementor-section elementor-top-section elementor-element elementor-element-fac00df elementor-section-boxed elementor-section-height-default elementor-section-height-default\" data-id=\"fac00df\" data-element_type=\"section\" data-e-type=\"section\">\n\t\t\t\t\t\t<div class=\"elementor-container elementor-column-gap-default\">\n\t\t\t\t\t<div class=\"elementor-column elementor-col-100 elementor-top-column elementor-element elementor-element-982d077\" data-id=\"982d077\" data-element_type=\"column\" data-e-type=\"column\">\n\t\t\t<div class=\"elementor-widget-wrap elementor-element-populated\">\n\t\t\t\t\t\t<div class=\"elementor-element elementor-element-038de66 elementor-widget elementor-widget-text-editor\" data-id=\"038de66\" data-element_type=\"widget\" data-e-type=\"widget\" data-widget_type=\"text-editor.default\">\n\t\t\t\t<div class=\"elementor-widget-container\">\n\t\t\t\t\t\t\t\t\t<div class=\"page\" title=\"Page 1\">\n<div class=\"section\">\n<div class=\"layoutArea\">\n<div class=\"column\">\n<p><em>AN1MAL<\/em> es el tema que da por comenzado el especta\u0301culo. Y tan especta\u0301culo. Junto a ocho bailarinas y bailarines plateados, baila la cantante. La siguiente, sigue los pasos de <i>El Drago\u0301n<\/i>, su tercer a\u0301lbum. <em>Para olvidarme de ti<\/em>&nbsp;es el siguiente escalo\u0301n. Luego el grupo realiza un remix de <em>Papi chulo<\/em>&nbsp;y <em>Donde esta\u0301n las gatas<\/em>, originando el turno de <em>Discoteka<\/em>. De esta manera, recuerdan la mejor e\u0301poca del reggaeto\u0301n. Sigue con <em>Turismo<\/em>, donde la vocalista y bailarina le hace un examen sorpresa a su pu\u0301blico. Su lado derecho tiene que cantar \u201ceeh, eeh, eeh, eeh\u201d y por su izquierda lo mismo pero con la \u201co\u201d. Sale como si se hubiera practicado. Luego, <em>La tirita<\/em> y <em>Toy Story<\/em>. En la segunda, se saca un break para bailar junto a cuatro bailarines. Otro de tantos.<\/p>\n<\/div>\n<\/div>\n<\/div>\n<\/div>\t\t\t\t\t\t\t\t<\/div>\n\t\t\t\t<\/div>\n\t\t\t\t\t<\/div>\n\t\t<\/div>\n\t\t\t\t\t<\/div>\n\t\t<\/section>\n\t\t\t\t<section class=\"elementor-section elementor-top-section elementor-element elementor-element-ecd705a elementor-section-boxed elementor-section-height-default elementor-section-height-default\" data-id=\"ecd705a\" data-element_type=\"section\" data-e-type=\"section\">\n\t\t\t\t\t\t<div class=\"elementor-container elementor-column-gap-default\">\n\t\t\t\t\t<div class=\"elementor-column elementor-col-100 elementor-top-column elementor-element elementor-element-1b5de10\" data-id=\"1b5de10\" data-element_type=\"column\" data-e-type=\"column\">\n\t\t\t<div class=\"elementor-widget-wrap elementor-element-populated\">\n\t\t\t\t\t\t<div class=\"elementor-element elementor-element-8486952 elementor-widget elementor-widget-image\" data-id=\"8486952\" data-element_type=\"widget\" data-e-type=\"widget\" data-widget_type=\"image.default\">\n\t\t\t\t<div class=\"elementor-widget-container\">\n\t\t\t\t\t\t\t\t\t\t\t\t<figure class=\"wp-caption\">\n\t\t\t\t\t\t\t\t\t\t<img loading=\"lazy\" decoding=\"async\" width=\"640\" height=\"427\" src=\"https:\/\/unaymilletras.com\/wp-content\/uploads\/2024\/02\/DSC_0100-1024x683.jpg\" class=\"attachment-large size-large wp-image-2134\" alt=\"Lola \u00cdndigo\" srcset=\"https:\/\/unaymilletras.com\/wp-content\/uploads\/2024\/02\/DSC_0100-1024x683.jpg 1024w, https:\/\/unaymilletras.com\/wp-content\/uploads\/2024\/02\/DSC_0100-300x200.jpg 300w, https:\/\/unaymilletras.com\/wp-content\/uploads\/2024\/02\/DSC_0100-768x512.jpg 768w, https:\/\/unaymilletras.com\/wp-content\/uploads\/2024\/02\/DSC_0100-1536x1024.jpg 1536w, https:\/\/unaymilletras.com\/wp-content\/uploads\/2024\/02\/DSC_0100-2048x1365.jpg 2048w, https:\/\/unaymilletras.com\/wp-content\/uploads\/2024\/02\/DSC_0100-scaled-e1707859429704.jpg 600w\" sizes=\"(max-width: 640px) 100vw, 640px\" \/>\t\t\t\t\t\t\t\t\t\t\t<figcaption class=\"widget-image-caption wp-caption-text\">Fotograf\u00eda: Laura Ruiz @artviewslau<\/figcaption>\n\t\t\t\t\t\t\t\t\t\t<\/figure>\n\t\t\t\t\t\t\t\t\t<\/div>\n\t\t\t\t<\/div>\n\t\t\t\t\t<\/div>\n\t\t<\/div>\n\t\t\t\t\t<\/div>\n\t\t<\/section>\n\t\t\t\t<section class=\"elementor-section elementor-top-section elementor-element elementor-element-1383cdc elementor-section-boxed elementor-section-height-default elementor-section-height-default\" data-id=\"1383cdc\" data-element_type=\"section\" data-e-type=\"section\">\n\t\t\t\t\t\t<div class=\"elementor-container elementor-column-gap-default\">\n\t\t\t\t\t<div class=\"elementor-column elementor-col-100 elementor-top-column elementor-element elementor-element-6ff4ed8\" data-id=\"6ff4ed8\" data-element_type=\"column\" data-e-type=\"column\">\n\t\t\t<div class=\"elementor-widget-wrap elementor-element-populated\">\n\t\t\t\t\t\t<div class=\"elementor-element elementor-element-6955509 elementor-widget elementor-widget-text-editor\" data-id=\"6955509\" data-element_type=\"widget\" data-e-type=\"widget\" data-widget_type=\"text-editor.default\">\n\t\t\t\t<div class=\"elementor-widget-container\">\n\t\t\t\t\t\t\t\t\t<div class=\"page\" title=\"Page 1\"><div class=\"section\"><div class=\"layoutArea\"><div class=\"column\"><p>No se olvida de <em>La nin\u0303a de la escuela<\/em> ni de <em>4 besos<\/em>. El Marti\u0301n Carpena se transforma en TikTok con <em>Tiki Tiki<\/em>, ya que en el estribillo se hace la coreografi\u0301a de dicha red social. Mimi sale por detra\u0301s del escenario para cambiarse de ropa. Mientras, un monigote de ella, que se muestra en la pantalla, acaba llorando. Acto seguido, <em>El drago\u0301n<\/em> con hojas oton\u0303ales volando en la pantalla de atra\u0301s. La artista lleva una capucha blanca de donde le cuelga una capa blanca. \u201cQuiero ver esas luces arriba\u201d, ordena Mimi. Las linternas de miles de mo\u0301viles iluminan el palacio. Despue\u0301s suena <i>Corazones rotos<\/i>. Ahora recuerda su primer disco, <em>Akelarre<\/em>, arrancando con <em>Mujer bruja<\/em>. Le siguen <em>Maldicio\u0301n<\/em>\u00a0y <em>Santeri\u0301a<\/em>. La gente que la sigue desde sus inicios se la sabe como el primer di\u0301a.<\/p><p>El \u2018show\u2019 de esta tarde noche va a durar ma\u0301s de lo habitual. La cantante saca un abanico negro y unas gafas de sol negras y se dedica a hablar con su queridas seguidoras de Ma\u0301laga. Toca la etapa <em>GRX<\/em> con la colaboracio\u0301n de Salma de OT. Interpretan <em>De plastilina<\/em> sentadas en unas sillas de madera. La triunfita canta <em>Cuando zarpa el amor<\/em> de Camela en versio\u0301n flamenco tocando una guitarra. Mimi se queda sola de nuevo, vuelve a protagonizar su especta\u0301culo con <em>El condenao<\/em>, <em>Si te vas<\/em> y <em>La primavera<\/em>. La gente pide <em>Yo tengo un novio<\/em>. A lo que ella responde que son unos guarros y unas guarras, que esa ya saldra\u0301. Continua con <em>Ultravioleta<\/em>, donde los bailarines se quitan la parte de arriba en medio del escenario. Casi se olvida de <em>Una bachata<\/em>, u\u0301ltimo sencillo publicado.<\/p><\/div><\/div><\/div><\/div>\t\t\t\t\t\t\t\t<\/div>\n\t\t\t\t<\/div>\n\t\t\t\t\t<\/div>\n\t\t<\/div>\n\t\t\t\t\t<\/div>\n\t\t<\/section>\n\t\t\t\t<section class=\"elementor-section elementor-top-section elementor-element elementor-element-a05c6cb elementor-section-boxed elementor-section-height-default elementor-section-height-default\" data-id=\"a05c6cb\" data-element_type=\"section\" data-e-type=\"section\">\n\t\t\t\t\t\t<div class=\"elementor-container elementor-column-gap-default\">\n\t\t\t\t\t<div class=\"elementor-column elementor-col-100 elementor-top-column elementor-element elementor-element-502c8eb\" data-id=\"502c8eb\" data-element_type=\"column\" data-e-type=\"column\">\n\t\t\t<div class=\"elementor-widget-wrap elementor-element-populated\">\n\t\t\t\t\t\t<div class=\"elementor-element elementor-element-ba37178 elementor-widget elementor-widget-image\" data-id=\"ba37178\" data-element_type=\"widget\" data-e-type=\"widget\" data-widget_type=\"image.default\">\n\t\t\t\t<div class=\"elementor-widget-container\">\n\t\t\t\t\t\t\t\t\t\t\t\t<figure class=\"wp-caption\">\n\t\t\t\t\t\t\t\t\t\t<img loading=\"lazy\" decoding=\"async\" width=\"640\" height=\"427\" src=\"https:\/\/unaymilletras.com\/wp-content\/uploads\/2024\/02\/DSC_0185-1024x683.jpg\" class=\"attachment-large size-large wp-image-2135\" alt=\"Lola \u00cdndigo\" srcset=\"https:\/\/unaymilletras.com\/wp-content\/uploads\/2024\/02\/DSC_0185-1024x683.jpg 1024w, https:\/\/unaymilletras.com\/wp-content\/uploads\/2024\/02\/DSC_0185-300x200.jpg 300w, https:\/\/unaymilletras.com\/wp-content\/uploads\/2024\/02\/DSC_0185-768x512.jpg 768w, https:\/\/unaymilletras.com\/wp-content\/uploads\/2024\/02\/DSC_0185-1536x1024.jpg 1536w, https:\/\/unaymilletras.com\/wp-content\/uploads\/2024\/02\/DSC_0185-2048x1365.jpg 2048w, https:\/\/unaymilletras.com\/wp-content\/uploads\/2024\/02\/DSC_0185-scaled-e1707859668701.jpg 600w\" sizes=\"(max-width: 640px) 100vw, 640px\" \/>\t\t\t\t\t\t\t\t\t\t\t<figcaption class=\"widget-image-caption wp-caption-text\">Fotograf\u00eda: Laura Ruiz @artviewslau<\/figcaption>\n\t\t\t\t\t\t\t\t\t\t<\/figure>\n\t\t\t\t\t\t\t\t\t<\/div>\n\t\t\t\t<\/div>\n\t\t\t\t\t<\/div>\n\t\t<\/div>\n\t\t\t\t\t<\/div>\n\t\t<\/section>\n\t\t\t\t<section class=\"elementor-section elementor-top-section elementor-element elementor-element-43515aa elementor-section-boxed elementor-section-height-default elementor-section-height-default\" data-id=\"43515aa\" data-element_type=\"section\" data-e-type=\"section\">\n\t\t\t\t\t\t<div class=\"elementor-container elementor-column-gap-default\">\n\t\t\t\t\t<div class=\"elementor-column elementor-col-100 elementor-top-column elementor-element elementor-element-136d154\" data-id=\"136d154\" data-element_type=\"column\" data-e-type=\"column\">\n\t\t\t<div class=\"elementor-widget-wrap elementor-element-populated\">\n\t\t\t\t\t\t<div class=\"elementor-element elementor-element-de0bdef elementor-widget elementor-widget-text-editor\" data-id=\"de0bdef\" data-element_type=\"widget\" data-e-type=\"widget\" data-widget_type=\"text-editor.default\">\n\t\t\t\t<div class=\"elementor-widget-container\">\n\t\t\t\t\t\t\t\t\t<div class=\"page\" title=\"Page 2\"><div class=\"section\"><div class=\"layoutArea\"><div class=\"column\"><p>Vuelve con <em>Las solteras<\/em>, sentada y de pie en una especie de sofa\u0301 acompan\u0303ada de sus bailarines y bailarinas. La pen\u0303a lo da todo y ma\u0301s con <em>Casanova Remix<\/em>. Y llega el momentazo ma\u0301s esperado: <em>Yo tengo un novio<\/em>. Se li\u0301a una&#8230; En el escenario y fuera. Al parecer muchos padres y madres no han escuchado la letra de esta cancio\u0301n, porque se miran entre ellos como pregunta\u0301ndose por que\u0301 han trai\u0301do a sus hijas pequen\u0303as. \u201c\u00bfAlguien ha visto a mi amiga?\u201d. \u201c\u00bfEsta\u0301 por ahi\u0301?\u201d, pregunta Mimi sen\u0303alando a la pista y a las gradas. Si\u0301, es la hora de <em>La santa<\/em>. Despue\u0301s suena una fusio\u0301n entre <em>Trendy<\/em>\u00a0y <em>Romeo y Julieta<\/em>. Las ochos bailarinas y bailarines junto con Mimi se parten el cuerpo.<\/p><\/div><\/div><\/div><\/div>\t\t\t\t\t\t\t\t<\/div>\n\t\t\t\t<\/div>\n\t\t\t\t\t<\/div>\n\t\t<\/div>\n\t\t\t\t\t<\/div>\n\t\t<\/section>\n\t\t\t\t<section class=\"elementor-section elementor-top-section elementor-element elementor-element-6666eb0 elementor-section-boxed elementor-section-height-default elementor-section-height-default\" data-id=\"6666eb0\" data-element_type=\"section\" data-e-type=\"section\">\n\t\t\t\t\t\t<div class=\"elementor-container elementor-column-gap-default\">\n\t\t\t\t\t<div class=\"elementor-column elementor-col-100 elementor-top-column elementor-element elementor-element-4355d6d\" data-id=\"4355d6d\" data-element_type=\"column\" data-e-type=\"column\">\n\t\t\t<div class=\"elementor-widget-wrap elementor-element-populated\">\n\t\t\t\t\t\t<div class=\"elementor-element elementor-element-fba563e elementor-widget elementor-widget-image\" data-id=\"fba563e\" data-element_type=\"widget\" data-e-type=\"widget\" data-widget_type=\"image.default\">\n\t\t\t\t<div class=\"elementor-widget-container\">\n\t\t\t\t\t\t\t\t\t\t\t\t<figure class=\"wp-caption\">\n\t\t\t\t\t\t\t\t\t\t<img loading=\"lazy\" decoding=\"async\" width=\"640\" height=\"427\" src=\"https:\/\/unaymilletras.com\/wp-content\/uploads\/2024\/02\/DSC_0172-1024x683.jpg\" class=\"attachment-large size-large wp-image-2136\" alt=\"Lola \u00cdndigo\" srcset=\"https:\/\/unaymilletras.com\/wp-content\/uploads\/2024\/02\/DSC_0172-1024x683.jpg 1024w, https:\/\/unaymilletras.com\/wp-content\/uploads\/2024\/02\/DSC_0172-300x200.jpg 300w, https:\/\/unaymilletras.com\/wp-content\/uploads\/2024\/02\/DSC_0172-768x512.jpg 768w, https:\/\/unaymilletras.com\/wp-content\/uploads\/2024\/02\/DSC_0172-1536x1024.jpg 1536w, https:\/\/unaymilletras.com\/wp-content\/uploads\/2024\/02\/DSC_0172-2048x1365.jpg 2048w, https:\/\/unaymilletras.com\/wp-content\/uploads\/2024\/02\/DSC_0172-scaled-e1707859785359.jpg 600w\" sizes=\"(max-width: 640px) 100vw, 640px\" \/>\t\t\t\t\t\t\t\t\t\t\t<figcaption class=\"widget-image-caption wp-caption-text\">Fotograf\u00eda: Laura Ruiz @artviewslau<\/figcaption>\n\t\t\t\t\t\t\t\t\t\t<\/figure>\n\t\t\t\t\t\t\t\t\t<\/div>\n\t\t\t\t<\/div>\n\t\t\t\t\t<\/div>\n\t\t<\/div>\n\t\t\t\t\t<\/div>\n\t\t<\/section>\n\t\t\t\t<section class=\"elementor-section elementor-top-section elementor-element elementor-element-a996647 elementor-section-boxed elementor-section-height-default elementor-section-height-default\" data-id=\"a996647\" data-element_type=\"section\" data-e-type=\"section\">\n\t\t\t\t\t\t<div class=\"elementor-container elementor-column-gap-default\">\n\t\t\t\t\t<div class=\"elementor-column elementor-col-100 elementor-top-column elementor-element elementor-element-d594690\" data-id=\"d594690\" data-element_type=\"column\" data-e-type=\"column\">\n\t\t\t<div class=\"elementor-widget-wrap elementor-element-populated\">\n\t\t\t\t\t\t<div class=\"elementor-element elementor-element-d3b2984 elementor-widget elementor-widget-text-editor\" data-id=\"d3b2984\" data-element_type=\"widget\" data-e-type=\"widget\" data-widget_type=\"text-editor.default\">\n\t\t\t\t<div class=\"elementor-widget-container\">\n\t\t\t\t\t\t\t\t\t<div class=\"page\" title=\"Page 2\"><div class=\"section\"><div class=\"layoutArea\"><div class=\"column\"><p><span style=\"color: #808080;\">Suena <em>Mala suerte<\/em>. Se observa una luna en la pantalla del fondo que va pasando por cada fase. Aterriza <em>El drago\u0301n<\/em> con las alas en llamas en la pantalla y se disfruta de la cancio\u0301n. Por u\u0301ltimo, <em><a style=\"color: #808080;\" href=\"https:\/\/open.spotify.com\/intl-es\/track\/2A2Q4CYBcVvBF2OqgJ3OWX?si=0ca32bf916d94239\">Ya no quiero na\u0301<\/a><\/em>. La pista salta y vibra con el mi\u0301tico tema. Fue la salida de Lola I\u0301ndigo. El <a style=\"color: #808080;\" href=\"https:\/\/unaymilletras.com\/en\/lola-indigo-cierra-su-gira-con-un-concierto-inigualable\/\">concierto<\/a> termina con humo, un pun\u0303o al aire y el drago\u0301n plateado detra\u0301s, en la pantalla, aunque realmente se despide con el tema famoso de baloncesto. Lola I\u0301ndigo lanza el balo\u0301n a la pista marca\u0301ndose ma\u0301s que un triple en esta actuacio\u0301n de dos horas y veinte.<\/span><\/p><\/div><\/div><\/div><\/div>\t\t\t\t\t\t\t\t<\/div>\n\t\t\t\t<\/div>\n\t\t\t\t\t<\/div>\n\t\t<\/div>\n\t\t\t\t\t<\/div>\n\t\t<\/section>\n\t\t\t\t<\/div>","protected":false},"excerpt":{"rendered":"<p>Lola \u00cdndigo vuelve a M\u00e1laga para arrancar la Copa del Rey Desde por la man\u0303ana hay dos colas en la calle: una para el acceso de la rampa 1 y otra para la rampa 2. La mayori\u0301a de personas visten de colores verdes o plateados, o del u\u0301ltimo merch que saco\u0301 Lola I\u0301ndigo por su [&hellip;]<\/p>\n","protected":false},"author":4,"featured_media":2132,"comment_status":"open","ping_status":"open","sticky":false,"template":"","format":"standard","meta":{"footnotes":""},"categories":[1],"tags":[],"class_list":["post-2128","post","type-post","status-publish","format-standard","has-post-thumbnail","hentry","category-uncategorized"],"yoast_head":"<!-- This site is optimized with the Yoast SEO plugin v27.4 - https:\/\/yoast.com\/product\/yoast-seo-wordpress\/ -->\n<title>Lola \u00cdndigo marca m\u00e1s que un triple en M\u00e1laga &#8902; Una y Mil Letras<\/title>\n<meta name=\"description\" content=\"Lola \u00cdndigo vuelve a M\u00e1laga para arrancar la Copa del Rey con un show \u00fanico, que no dej\u00f3 indiferente a nadie\" \/>\n<meta name=\"robots\" content=\"index, follow, max-snippet:-1, max-image-preview:large, max-video-preview:-1\" \/>\n<link rel=\"canonical\" href=\"https:\/\/unaymilletras.com\/en\/lola-indigo-marca-mas-que-un-triple-en-malaga\/\" \/>\n<meta property=\"og:locale\" content=\"en_GB\" \/>\n<meta property=\"og:type\" content=\"article\" \/>\n<meta property=\"og:title\" content=\"Lola \u00cdndigo marca m\u00e1s que un triple en M\u00e1laga &#8902; Una y Mil Letras\" \/>\n<meta property=\"og:description\" content=\"Lola \u00cdndigo vuelve a M\u00e1laga para arrancar la Copa del Rey con un show \u00fanico, que no dej\u00f3 indiferente a nadie\" \/>\n<meta property=\"og:url\" content=\"https:\/\/unaymilletras.com\/en\/lola-indigo-marca-mas-que-un-triple-en-malaga\/\" \/>\n<meta property=\"og:site_name\" content=\"Una y Mil Letras\" \/>\n<meta property=\"article:published_time\" content=\"2024-02-13T21:36:41+00:00\" \/>\n<meta property=\"article:modified_time\" content=\"2024-02-13T21:41:37+00:00\" \/>\n<meta property=\"og:image\" content=\"http:\/\/unaymilletras.com\/wp-content\/uploads\/2024\/02\/DSC_0022-scaled-e1707859208216.jpg\" \/>\n\t<meta property=\"og:image:width\" content=\"600\" \/>\n\t<meta property=\"og:image:height\" content=\"750\" \/>\n\t<meta property=\"og:image:type\" content=\"image\/jpeg\" \/>\n<meta name=\"author\" content=\"Ana Casta\u00f1o\" \/>\n<meta name=\"twitter:card\" content=\"summary_large_image\" \/>\n<meta name=\"twitter:creator\" content=\"@UnaYMilLetras\" \/>\n<meta name=\"twitter:site\" content=\"@UnaYMilLetras\" \/>\n<meta name=\"twitter:label1\" content=\"Written by\" \/>\n\t<meta name=\"twitter:data1\" content=\"Ana Casta\u00f1o\" \/>\n\t<meta name=\"twitter:label2\" content=\"Estimated reading time\" \/>\n\t<meta name=\"twitter:data2\" content=\"6 minutes\" \/>\n<script type=\"application\/ld+json\" class=\"yoast-schema-graph\">{\"@context\":\"https:\\\/\\\/schema.org\",\"@graph\":[{\"@type\":\"Article\",\"@id\":\"https:\\\/\\\/unaymilletras.com\\\/lola-indigo-marca-mas-que-un-triple-en-malaga\\\/#article\",\"isPartOf\":{\"@id\":\"https:\\\/\\\/unaymilletras.com\\\/lola-indigo-marca-mas-que-un-triple-en-malaga\\\/\"},\"author\":{\"name\":\"Ana Casta\u00f1o\",\"@id\":\"http:\\\/\\\/unaymilletras.com\\\/#\\\/schema\\\/person\\\/e34f9f08bde671c8f68775a3f62c4103\"},\"headline\":\"Lola \u00cdndigo marca m\u00e1s que un triple en M\u00e1laga\",\"datePublished\":\"2024-02-13T21:36:41+00:00\",\"dateModified\":\"2024-02-13T21:41:37+00:00\",\"mainEntityOfPage\":{\"@id\":\"https:\\\/\\\/unaymilletras.com\\\/lola-indigo-marca-mas-que-un-triple-en-malaga\\\/\"},\"wordCount\":1065,\"commentCount\":0,\"publisher\":{\"@id\":\"http:\\\/\\\/unaymilletras.com\\\/#organization\"},\"image\":{\"@id\":\"https:\\\/\\\/unaymilletras.com\\\/lola-indigo-marca-mas-que-un-triple-en-malaga\\\/#primaryimage\"},\"thumbnailUrl\":\"https:\\\/\\\/unaymilletras.com\\\/wp-content\\\/uploads\\\/2024\\\/02\\\/DSC_0022-scaled-e1707859208216.jpg\",\"articleSection\":[\"Uncategorized\"],\"inLanguage\":\"en-GB\",\"potentialAction\":[{\"@type\":\"CommentAction\",\"name\":\"Comment\",\"target\":[\"https:\\\/\\\/unaymilletras.com\\\/lola-indigo-marca-mas-que-un-triple-en-malaga\\\/#respond\"]}]},{\"@type\":\"WebPage\",\"@id\":\"https:\\\/\\\/unaymilletras.com\\\/lola-indigo-marca-mas-que-un-triple-en-malaga\\\/\",\"url\":\"https:\\\/\\\/unaymilletras.com\\\/lola-indigo-marca-mas-que-un-triple-en-malaga\\\/\",\"name\":\"Lola \u00cdndigo marca m\u00e1s que un triple en M\u00e1laga &#8902; Una y Mil Letras\",\"isPartOf\":{\"@id\":\"http:\\\/\\\/unaymilletras.com\\\/#website\"},\"primaryImageOfPage\":{\"@id\":\"https:\\\/\\\/unaymilletras.com\\\/lola-indigo-marca-mas-que-un-triple-en-malaga\\\/#primaryimage\"},\"image\":{\"@id\":\"https:\\\/\\\/unaymilletras.com\\\/lola-indigo-marca-mas-que-un-triple-en-malaga\\\/#primaryimage\"},\"thumbnailUrl\":\"https:\\\/\\\/unaymilletras.com\\\/wp-content\\\/uploads\\\/2024\\\/02\\\/DSC_0022-scaled-e1707859208216.jpg\",\"datePublished\":\"2024-02-13T21:36:41+00:00\",\"dateModified\":\"2024-02-13T21:41:37+00:00\",\"description\":\"Lola \u00cdndigo vuelve a M\u00e1laga para arrancar la Copa del Rey con un show \u00fanico, que no dej\u00f3 indiferente a nadie\",\"breadcrumb\":{\"@id\":\"https:\\\/\\\/unaymilletras.com\\\/lola-indigo-marca-mas-que-un-triple-en-malaga\\\/#breadcrumb\"},\"inLanguage\":\"en-GB\",\"potentialAction\":[{\"@type\":\"ReadAction\",\"target\":[\"https:\\\/\\\/unaymilletras.com\\\/lola-indigo-marca-mas-que-un-triple-en-malaga\\\/\"]}]},{\"@type\":\"ImageObject\",\"inLanguage\":\"en-GB\",\"@id\":\"https:\\\/\\\/unaymilletras.com\\\/lola-indigo-marca-mas-que-un-triple-en-malaga\\\/#primaryimage\",\"url\":\"https:\\\/\\\/unaymilletras.com\\\/wp-content\\\/uploads\\\/2024\\\/02\\\/DSC_0022-scaled-e1707859208216.jpg\",\"contentUrl\":\"https:\\\/\\\/unaymilletras.com\\\/wp-content\\\/uploads\\\/2024\\\/02\\\/DSC_0022-scaled-e1707859208216.jpg\",\"width\":600,\"height\":750,\"caption\":\"Fotograf\u00eda: Laura Ruiz @artviewslau\"},{\"@type\":\"BreadcrumbList\",\"@id\":\"https:\\\/\\\/unaymilletras.com\\\/lola-indigo-marca-mas-que-un-triple-en-malaga\\\/#breadcrumb\",\"itemListElement\":[{\"@type\":\"ListItem\",\"position\":1,\"name\":\"Home\",\"item\":\"http:\\\/\\\/unaymilletras.com\\\/\"},{\"@type\":\"ListItem\",\"position\":2,\"name\":\"Lola \u00cdndigo marca m\u00e1s que un triple en M\u00e1laga\"}]},{\"@type\":\"WebSite\",\"@id\":\"http:\\\/\\\/unaymilletras.com\\\/#website\",\"url\":\"http:\\\/\\\/unaymilletras.com\\\/\",\"name\":\"Una y Mil Letras\",\"description\":\"\",\"publisher\":{\"@id\":\"http:\\\/\\\/unaymilletras.com\\\/#organization\"},\"potentialAction\":[{\"@type\":\"SearchAction\",\"target\":{\"@type\":\"EntryPoint\",\"urlTemplate\":\"http:\\\/\\\/unaymilletras.com\\\/?s={search_term_string}\"},\"query-input\":{\"@type\":\"PropertyValueSpecification\",\"valueRequired\":true,\"valueName\":\"search_term_string\"}}],\"inLanguage\":\"en-GB\"},{\"@type\":\"Organization\",\"@id\":\"http:\\\/\\\/unaymilletras.com\\\/#organization\",\"name\":\"Una y Mil Letras\",\"url\":\"http:\\\/\\\/unaymilletras.com\\\/\",\"logo\":{\"@type\":\"ImageObject\",\"inLanguage\":\"en-GB\",\"@id\":\"http:\\\/\\\/unaymilletras.com\\\/#\\\/schema\\\/logo\\\/image\\\/\",\"url\":\"https:\\\/\\\/unaymilletras.com\\\/wp-content\\\/uploads\\\/2024\\\/06\\\/cropped-Logo-removebg-preview.png\",\"contentUrl\":\"https:\\\/\\\/unaymilletras.com\\\/wp-content\\\/uploads\\\/2024\\\/06\\\/cropped-Logo-removebg-preview.png\",\"width\":512,\"height\":512,\"caption\":\"Una y Mil Letras\"},\"image\":{\"@id\":\"http:\\\/\\\/unaymilletras.com\\\/#\\\/schema\\\/logo\\\/image\\\/\"},\"sameAs\":[\"https:\\\/\\\/x.com\\\/UnaYMilLetras\",\"https:\\\/\\\/instagram.com\\\/UnaYMilLetras\"]},{\"@type\":\"Person\",\"@id\":\"http:\\\/\\\/unaymilletras.com\\\/#\\\/schema\\\/person\\\/e34f9f08bde671c8f68775a3f62c4103\",\"name\":\"Ana Casta\u00f1o\",\"image\":{\"@type\":\"ImageObject\",\"inLanguage\":\"en-GB\",\"@id\":\"https:\\\/\\\/secure.gravatar.com\\\/avatar\\\/6d2c02712e12188d9a28fed476ff6cb643ef24d0d83b0aa29ecfcaee266909e2?s=96&d=mm&r=g\",\"url\":\"https:\\\/\\\/secure.gravatar.com\\\/avatar\\\/6d2c02712e12188d9a28fed476ff6cb643ef24d0d83b0aa29ecfcaee266909e2?s=96&d=mm&r=g\",\"contentUrl\":\"https:\\\/\\\/secure.gravatar.com\\\/avatar\\\/6d2c02712e12188d9a28fed476ff6cb643ef24d0d83b0aa29ecfcaee266909e2?s=96&d=mm&r=g\",\"caption\":\"Ana Casta\u00f1o\"},\"url\":\"https:\\\/\\\/unaymilletras.com\\\/en\\\/author\\\/anacatano\\\/\"}]}<\/script>\n<!-- \/ Yoast SEO plugin. -->","yoast_head_json":{"title":"Lola \u00cdndigo marca m\u00e1s que un triple en M\u00e1laga &#8902; Una y Mil Letras","description":"Lola \u00cdndigo vuelve a M\u00e1laga para arrancar la Copa del Rey con un show \u00fanico, que no dej\u00f3 indiferente a nadie","robots":{"index":"index","follow":"follow","max-snippet":"max-snippet:-1","max-image-preview":"max-image-preview:large","max-video-preview":"max-video-preview:-1"},"canonical":"https:\/\/unaymilletras.com\/en\/lola-indigo-marca-mas-que-un-triple-en-malaga\/","og_locale":"en_GB","og_type":"article","og_title":"Lola \u00cdndigo marca m\u00e1s que un triple en M\u00e1laga &#8902; Una y Mil Letras","og_description":"Lola \u00cdndigo vuelve a M\u00e1laga para arrancar la Copa del Rey con un show \u00fanico, que no dej\u00f3 indiferente a nadie","og_url":"https:\/\/unaymilletras.com\/en\/lola-indigo-marca-mas-que-un-triple-en-malaga\/","og_site_name":"Una y Mil Letras","article_published_time":"2024-02-13T21:36:41+00:00","article_modified_time":"2024-02-13T21:41:37+00:00","og_image":[{"width":600,"height":750,"url":"http:\/\/unaymilletras.com\/wp-content\/uploads\/2024\/02\/DSC_0022-scaled-e1707859208216.jpg","type":"image\/jpeg"}],"author":"Ana Casta\u00f1o","twitter_card":"summary_large_image","twitter_creator":"@UnaYMilLetras","twitter_site":"@UnaYMilLetras","twitter_misc":{"Written by":"Ana Casta\u00f1o","Estimated reading time":"6 minutes"},"schema":{"@context":"https:\/\/schema.org","@graph":[{"@type":"Article","@id":"https:\/\/unaymilletras.com\/lola-indigo-marca-mas-que-un-triple-en-malaga\/#article","isPartOf":{"@id":"https:\/\/unaymilletras.com\/lola-indigo-marca-mas-que-un-triple-en-malaga\/"},"author":{"name":"Ana Casta\u00f1o","@id":"http:\/\/unaymilletras.com\/#\/schema\/person\/e34f9f08bde671c8f68775a3f62c4103"},"headline":"Lola \u00cdndigo marca m\u00e1s que un triple en M\u00e1laga","datePublished":"2024-02-13T21:36:41+00:00","dateModified":"2024-02-13T21:41:37+00:00","mainEntityOfPage":{"@id":"https:\/\/unaymilletras.com\/lola-indigo-marca-mas-que-un-triple-en-malaga\/"},"wordCount":1065,"commentCount":0,"publisher":{"@id":"http:\/\/unaymilletras.com\/#organization"},"image":{"@id":"https:\/\/unaymilletras.com\/lola-indigo-marca-mas-que-un-triple-en-malaga\/#primaryimage"},"thumbnailUrl":"https:\/\/unaymilletras.com\/wp-content\/uploads\/2024\/02\/DSC_0022-scaled-e1707859208216.jpg","articleSection":["Uncategorized"],"inLanguage":"en-GB","potentialAction":[{"@type":"CommentAction","name":"Comment","target":["https:\/\/unaymilletras.com\/lola-indigo-marca-mas-que-un-triple-en-malaga\/#respond"]}]},{"@type":"WebPage","@id":"https:\/\/unaymilletras.com\/lola-indigo-marca-mas-que-un-triple-en-malaga\/","url":"https:\/\/unaymilletras.com\/lola-indigo-marca-mas-que-un-triple-en-malaga\/","name":"Lola \u00cdndigo marca m\u00e1s que un triple en M\u00e1laga &#8902; Una y Mil Letras","isPartOf":{"@id":"http:\/\/unaymilletras.com\/#website"},"primaryImageOfPage":{"@id":"https:\/\/unaymilletras.com\/lola-indigo-marca-mas-que-un-triple-en-malaga\/#primaryimage"},"image":{"@id":"https:\/\/unaymilletras.com\/lola-indigo-marca-mas-que-un-triple-en-malaga\/#primaryimage"},"thumbnailUrl":"https:\/\/unaymilletras.com\/wp-content\/uploads\/2024\/02\/DSC_0022-scaled-e1707859208216.jpg","datePublished":"2024-02-13T21:36:41+00:00","dateModified":"2024-02-13T21:41:37+00:00","description":"Lola \u00cdndigo vuelve a M\u00e1laga para arrancar la Copa del Rey con un show \u00fanico, que no dej\u00f3 indiferente a nadie","breadcrumb":{"@id":"https:\/\/unaymilletras.com\/lola-indigo-marca-mas-que-un-triple-en-malaga\/#breadcrumb"},"inLanguage":"en-GB","potentialAction":[{"@type":"ReadAction","target":["https:\/\/unaymilletras.com\/lola-indigo-marca-mas-que-un-triple-en-malaga\/"]}]},{"@type":"ImageObject","inLanguage":"en-GB","@id":"https:\/\/unaymilletras.com\/lola-indigo-marca-mas-que-un-triple-en-malaga\/#primaryimage","url":"https:\/\/unaymilletras.com\/wp-content\/uploads\/2024\/02\/DSC_0022-scaled-e1707859208216.jpg","contentUrl":"https:\/\/unaymilletras.com\/wp-content\/uploads\/2024\/02\/DSC_0022-scaled-e1707859208216.jpg","width":600,"height":750,"caption":"Fotograf\u00eda: Laura Ruiz @artviewslau"},{"@type":"BreadcrumbList","@id":"https:\/\/unaymilletras.com\/lola-indigo-marca-mas-que-un-triple-en-malaga\/#breadcrumb","itemListElement":[{"@type":"ListItem","position":1,"name":"Home","item":"http:\/\/unaymilletras.com\/"},{"@type":"ListItem","position":2,"name":"Lola \u00cdndigo marca m\u00e1s que un triple en M\u00e1laga"}]},{"@type":"WebSite","@id":"http:\/\/unaymilletras.com\/#website","url":"http:\/\/unaymilletras.com\/","name":"Una y Mil Letras","description":"","publisher":{"@id":"http:\/\/unaymilletras.com\/#organization"},"potentialAction":[{"@type":"SearchAction","target":{"@type":"EntryPoint","urlTemplate":"http:\/\/unaymilletras.com\/?s={search_term_string}"},"query-input":{"@type":"PropertyValueSpecification","valueRequired":true,"valueName":"search_term_string"}}],"inLanguage":"en-GB"},{"@type":"Organization","@id":"http:\/\/unaymilletras.com\/#organization","name":"Una y Mil Letras","url":"http:\/\/unaymilletras.com\/","logo":{"@type":"ImageObject","inLanguage":"en-GB","@id":"http:\/\/unaymilletras.com\/#\/schema\/logo\/image\/","url":"https:\/\/unaymilletras.com\/wp-content\/uploads\/2024\/06\/cropped-Logo-removebg-preview.png","contentUrl":"https:\/\/unaymilletras.com\/wp-content\/uploads\/2024\/06\/cropped-Logo-removebg-preview.png","width":512,"height":512,"caption":"Una y Mil Letras"},"image":{"@id":"http:\/\/unaymilletras.com\/#\/schema\/logo\/image\/"},"sameAs":["https:\/\/x.com\/UnaYMilLetras","https:\/\/instagram.com\/UnaYMilLetras"]},{"@type":"Person","@id":"http:\/\/unaymilletras.com\/#\/schema\/person\/e34f9f08bde671c8f68775a3f62c4103","name":"Ana Casta\u00f1o","image":{"@type":"ImageObject","inLanguage":"en-GB","@id":"https:\/\/secure.gravatar.com\/avatar\/6d2c02712e12188d9a28fed476ff6cb643ef24d0d83b0aa29ecfcaee266909e2?s=96&d=mm&r=g","url":"https:\/\/secure.gravatar.com\/avatar\/6d2c02712e12188d9a28fed476ff6cb643ef24d0d83b0aa29ecfcaee266909e2?s=96&d=mm&r=g","contentUrl":"https:\/\/secure.gravatar.com\/avatar\/6d2c02712e12188d9a28fed476ff6cb643ef24d0d83b0aa29ecfcaee266909e2?s=96&d=mm&r=g","caption":"Ana Casta\u00f1o"},"url":"https:\/\/unaymilletras.com\/en\/author\/anacatano\/"}]}},"_links":{"self":[{"href":"https:\/\/unaymilletras.com\/en\/wp-json\/wp\/v2\/posts\/2128","targetHints":{"allow":["GET"]}}],"collection":[{"href":"https:\/\/unaymilletras.com\/en\/wp-json\/wp\/v2\/posts"}],"about":[{"href":"https:\/\/unaymilletras.com\/en\/wp-json\/wp\/v2\/types\/post"}],"author":[{"embeddable":true,"href":"https:\/\/unaymilletras.com\/en\/wp-json\/wp\/v2\/users\/4"}],"replies":[{"embeddable":true,"href":"https:\/\/unaymilletras.com\/en\/wp-json\/wp\/v2\/comments?post=2128"}],"version-history":[{"count":11,"href":"https:\/\/unaymilletras.com\/en\/wp-json\/wp\/v2\/posts\/2128\/revisions"}],"predecessor-version":[{"id":2145,"href":"https:\/\/unaymilletras.com\/en\/wp-json\/wp\/v2\/posts\/2128\/revisions\/2145"}],"wp:featuredmedia":[{"embeddable":true,"href":"https:\/\/unaymilletras.com\/en\/wp-json\/wp\/v2\/media\/2132"}],"wp:attachment":[{"href":"https:\/\/unaymilletras.com\/en\/wp-json\/wp\/v2\/media?parent=2128"}],"wp:term":[{"taxonomy":"category","embeddable":true,"href":"https:\/\/unaymilletras.com\/en\/wp-json\/wp\/v2\/categories?post=2128"},{"taxonomy":"post_tag","embeddable":true,"href":"https:\/\/unaymilletras.com\/en\/wp-json\/wp\/v2\/tags?post=2128"}],"curies":[{"name":"wp","href":"https:\/\/api.w.org\/{rel}","templated":true}]}}