{"id":214,"date":"2023-03-03T20:11:31","date_gmt":"2023-03-03T19:11:31","guid":{"rendered":"https:\/\/unaymilletras.wordpress.com\/?p=214"},"modified":"2023-03-03T20:11:31","modified_gmt":"2023-03-03T19:11:31","slug":"lautaro-lopez-la-promesa-argentina","status":"publish","type":"post","link":"https:\/\/unaymilletras.com\/en\/lautaro-lopez-la-promesa-argentina\/","title":{"rendered":"Lautaro L\u00f3pez, la promesa argentina"},"content":{"rendered":"<p class=\"has-text-align-center has-large-font-size\"><em>El artista que, con ganas y perseverancia, ha conseguido conquistar el coraz\u00f3n de m\u00e1s de 135.000 personas, convirti\u00e9ndose en toda una promesa del g\u00e9nero<\/em><\/p>\n\n\n\n<p class=\"has-text-align-justify has-small-font-size\">En esta ocasi\u00f3n he tenido la oportunidad de entrevistar a Lautaro L\u00f3pez. El joven argentino que en 2018 comenz\u00f3 en el mundo de la m\u00fasica y que a los 20 a\u00f1os ya cuenta con 140.000 suscriptores en su canal de YouTube y 102.000 seguidores en Instagram. Nacido en Buenos Aires el 24 de abril, el cantante y compositor siempre se sinti\u00f3 atra\u00eddo por el mundo de la m\u00fasica. Durante su infancia tuvo que trasladarse a Paraguay debido al trabajo de su padre, pero m\u00e1s adelante regres\u00f3 a Argentina.<\/p>\n\n\n\n<div class=\"wp-block-columns is-layout-flex wp-container-core-columns-is-layout-28f84493 wp-block-columns-is-layout-flex\">\n<div class=\"wp-block-column is-layout-flow wp-block-column-is-layout-flow\">\n<figure class=\"wp-block-image size-large is-resized\"><img decoding=\"async\" src=\"http:\/\/unaymilletras.com\/wp-content\/uploads\/2023\/03\/captura-de-pantalla-2023-03-02-a-las-10.56.13.png?w=790\" alt=\"\" class=\"wp-image-224\" width=\"378\" height=\"128\" srcset=\"https:\/\/unaymilletras.com\/wp-content\/uploads\/2023\/03\/captura-de-pantalla-2023-03-02-a-las-10.56.13.png 790w, https:\/\/unaymilletras.com\/wp-content\/uploads\/2023\/03\/captura-de-pantalla-2023-03-02-a-las-10.56.13-300x102.png 300w, https:\/\/unaymilletras.com\/wp-content\/uploads\/2023\/03\/captura-de-pantalla-2023-03-02-a-las-10.56.13-768x262.png 768w\" sizes=\"(max-width: 378px) 100vw, 378px\" \/><\/figure>\n<\/div>\n\n\n\n<div class=\"wp-block-column is-layout-flow wp-block-column-is-layout-flow\">\n<figure class=\"wp-block-image size-large is-resized\"><img decoding=\"async\" src=\"http:\/\/unaymilletras.com\/wp-content\/uploads\/2023\/03\/captura-de-pantalla-2023-03-02-a-las-10.56.58.png?w=607\" alt=\"\" class=\"wp-image-225\" width=\"388\" height=\"105\" srcset=\"https:\/\/unaymilletras.com\/wp-content\/uploads\/2023\/03\/captura-de-pantalla-2023-03-02-a-las-10.56.58.png 607w, https:\/\/unaymilletras.com\/wp-content\/uploads\/2023\/03\/captura-de-pantalla-2023-03-02-a-las-10.56.58-300x81.png 300w\" sizes=\"(max-width: 388px) 100vw, 388px\" \/><\/figure>\n<\/div>\n<\/div>\n\n\n\n<p class=\"has-text-align-justify has-small-font-size\">En el a\u00f1o 2018 public\u00f3 su primer sencillo: <em>Te perd\u00ed<\/em>, el cual cuenta con casi 2 millones de visitas en YouTube. Ahora, cuenta con 28 temas propios, 36 si contamos las colaboraciones y los remixes en los que ha participado. Con su primer lanzamiento consigui\u00f3 captar la atenci\u00f3n de la discogr\u00e1fica con la que sigue hoy en d\u00eda, FIM Records, por la cual han pasado artistas de la talla de Lit Killah o Paulo Londra.<\/p>\n\n\n\n<p class=\"has-text-align-justify has-small-font-size\">Actualmente, el cantautor est\u00e1 trabajando en la composici\u00f3n y grabaci\u00f3n de su primer \u00e1lbum, que ver\u00e1 la luz este a\u00f1o. Asimismo, ya planea c\u00f3mo ser\u00e1n sus pr\u00f3ximos shows que por ahora solo ser\u00e1n en Argentina.<\/p>\n\n\n\n<blockquote class=\"wp-block-quote is-layout-flow wp-block-quote-is-layout-flow\">\n<p>\u00ab<em>TENGO PENSADO HACER UNOS PARES DE<\/em> <em>TRAPS PARA LOS FANS DE ANTES<\/em>\u00ab<\/p>\n<cite>Lautaro L\u00f3pez<\/cite><\/blockquote>\n\n\n\n<figure class=\"wp-block-embed is-type-rich is-provider-twitter wp-block-embed-twitter\"><div class=\"wp-block-embed__wrapper\">\n<blockquote class=\"twitter-tweet\" data-width=\"550\" data-dnt=\"true\"><p lang=\"qme\" dir=\"ltr\">\ud83c\udde6\ud83c\uddf7\ud83d\udda4 <a href=\"https:\/\/t.co\/SS2Y86goOX\">pic.twitter.com\/SS2Y86goOX<\/a><\/p>&mdash; Lautaro Lopez (@lautarolpz) <a href=\"https:\/\/twitter.com\/lautarolpz\/status\/1611396817736040449?ref_src=twsrc%5Etfw\">January 6, 2023<\/a><\/blockquote><script async src=\"https:\/\/platform.twitter.com\/widgets.js\" charset=\"utf-8\"><\/script>\n<\/div><\/figure>\n\n\n\n<p class=\"has-text-align-justify has-small-font-size\"><strong>\u00bfPor qu\u00e9 decidiste empezar en la m\u00fasica? \u00bfC\u00f3mo es empezar una carrera musical en Argentina?<\/strong><br>Desde que tengo consciencia que siempre tuve una inclinaci\u00f3n muy fuerte por la m\u00fasica, me apasionaba demasiado y en 2017 cuando empez\u00f3 a surgir la movida en Argentina me di cuenta que era mi oportunidad de arrancar.<\/p>\n\n\n\n<p class=\"has-text-align-justify has-small-font-size\"><strong>\u00bfHay m\u00e1s oportunidades ahora que hace unos a\u00f1os en el mundo de la m\u00fasica en Argentina?<\/strong><br>Yo creo que s\u00ed. Veo mucha m\u00e1s uni\u00f3n y ganas de ayudar entre todos. Es todo m\u00e1s humano estos \u00faltimos a\u00f1os.<\/p>\n\n\n\n<p class=\"has-text-align-justify has-small-font-size\"><strong>Hay en ocasiones que artistas m\u00e1s veteranos comparten temas de otros no tan conocidos. Por ejemplo, recientemente Tiago PZK comparti\u00f3 tu perfil en su cuenta como descubrimiento \u00bfcrees que en Argentina hay m\u00e1s apoyo en el mundo de la m\u00fasica comparado con otros pa\u00edses?<\/strong> <br>Totalmente, el apoyo que hay ac\u00e1 no lo veo en ninguna otra parte del mundo. Como dije antes, esta todo mucho m\u00e1s humano que en cualquier otra parte.<\/p>\n\n\n\n<p class=\"has-text-align-justify has-small-font-size\"><strong>\u00bfQu\u00e9 consejo le dar\u00edas a una persona que quiere empezar en la m\u00fasica?<\/strong><br>Que no tenga miedo. Puede salir mal como puede salir bien, lo importante es no quedarse con las ganas y, sobre todo, no darle bola a la gente que tira la mala con mala intenci\u00f3n. Al final ellos no te aportan nada.<\/p>\n\n\n\n<p class=\"has-text-align-justify has-small-font-size\"><strong>\u00bfSueles escribir canciones que se basen en experiencias que te hayan pasado?<\/strong><br>Todas mis canciones son basadas en mi vida, pensamientos o sentimientos que tuve. A veces suelo revivir cosas en mi mente y me pongo a escribir sobre eso.<\/p>\n\n\n\n<p class=\"has-text-align-justify has-small-font-size\"><strong>En el caso de que no sea as\u00ed, \u00bfc\u00f3mo haces para escribir sobre algo que no te est\u00e1 ocurriendo? Por ejemplo, \u00bfc\u00f3mo haces una canci\u00f3n de desamor cu\u00e1ndo est\u00e1s enamorado de alguien?<\/strong><br>Normalmente me preguntan, \u201c\u00bfc\u00f3mo escrib\u00eds canciones de desamor si estas de novio?\u201d Pero es como dije antes, muchas veces me vienen recuerdos de cosas de antes y me gusta ponerme en ese papel de, por as\u00ed decirlo, un \u201cactor\u201d de mi propia vida y escribir de cosas que me pasaron antes.<\/p>\n\n\n\n<blockquote class=\"wp-block-quote is-layout-flow wp-block-quote-is-layout-flow\">\n<p><em>\u201cLO IMPORTANTE ES NO QUEDARSE CON<\/em> <em>LAS GANAS Y NO DARLE BOLA A LA GENTE<\/em> <em>CON MALA INTENCI\u00d3N\u201d<\/em><\/p>\n<cite>Lautaro L\u00f3pez<\/cite><\/blockquote>\n\n\n\n<p class=\"has-text-align-justify has-small-font-size\"><strong>Muchos de los artistas m\u00e1s importantes de la escena argentina nacieron en el Quinto Escal\u00f3n, \u00bfc\u00f3mo viviste t\u00fa esos eventos?<\/strong><br>Yo en la \u00e9poca del Quinto Escal\u00f3n viv\u00eda en Paraguay por cuestiones de laburo de mi viejo y all\u00e1. Lastimosamente el <em>freestyle<\/em> no estaba casi nada desarrollado. Me acuerdo ser fan del Quinto Escal\u00f3n y estar todo el d\u00eda viendo batallas y tirando <em>freestyle<\/em> solo en mi pieza, pero lastimosamente nunca pude ir a verla ni a competir.<\/p>\n\n\n\n<p class=\"has-text-align-justify has-small-font-size\"><strong>En argentina, \u00bfhay alg\u00fan artista que sea el Messi de la m\u00fasica? \u00bfQui\u00e9n es tu mayor inspiraci\u00f3n dentro de la m\u00fasica?<\/strong><br>Yo creo que esto va por opini\u00f3n personal m\u00e1s de uno, pero para m\u00ed el Messi de la m\u00fasica es Duko, ese chab\u00f3n creo todo, sin el ninguno estar\u00eda hoy en donde estamos. Mi mayor inspiraci\u00f3n de la m\u00fasica argentina hoy en d\u00eda creo que es Khea, lo admiro desde el primer tema, hoy no esta tan activo, pero yo sigo ah\u00ed esperando alg\u00fan tema para cantarlo a gritos jajajaja.<\/p>\n\n\n\n<div class=\"wp-block-columns is-layout-flex wp-container-core-columns-is-layout-28f84493 wp-block-columns-is-layout-flex\">\n<div class=\"wp-block-column is-layout-flow wp-block-column-is-layout-flow\">\n<p class=\"has-text-align-justify has-small-font-size\"><br>D<strong>e todos los artistas con los que has colaborado o has conocido, \u00bfcu\u00e1l es el que m\u00e1s te ha aportado? \u00bfQu\u00e9 ense\u00f1anzas te llevas?<\/strong><br>Siempre aprend\u00ed algo de todos, desde cosas sobre la m\u00fasica hasta cosas de la vida, pero creo que la persona de la que m\u00e1s aprend\u00ed y que m\u00e1s me acompa\u00f1o en esto es Seven Kayne. Desde que estaba en el colegio escuchaba la m\u00fasica de Seven y hoy poder compartir con \u00e9l y aprender es incre\u00edble. Tuve la posibilidad de abrir varios shows de \u00e9l y en cada show me bajaba una data nueva.<\/p>\n<\/div>\n\n\n\n<div class=\"wp-block-column is-layout-flow wp-block-column-is-layout-flow\">\n<figure class=\"wp-block-image size-large\"><img fetchpriority=\"high\" decoding=\"async\" width=\"1440\" height=\"1440\" src=\"http:\/\/unaymilletras.com\/wp-content\/uploads\/2023\/03\/fjtqkbaxgaerb_q.jpeg?w=1024\" alt=\"\" class=\"wp-image-236\" srcset=\"https:\/\/unaymilletras.com\/wp-content\/uploads\/2023\/03\/fjtqkbaxgaerb_q.jpeg 1440w, https:\/\/unaymilletras.com\/wp-content\/uploads\/2023\/03\/fjtqkbaxgaerb_q-300x300.jpeg 300w, https:\/\/unaymilletras.com\/wp-content\/uploads\/2023\/03\/fjtqkbaxgaerb_q-1024x1024.jpeg 1024w, https:\/\/unaymilletras.com\/wp-content\/uploads\/2023\/03\/fjtqkbaxgaerb_q-150x150.jpeg 150w, https:\/\/unaymilletras.com\/wp-content\/uploads\/2023\/03\/fjtqkbaxgaerb_q-768x768.jpeg 768w\" sizes=\"(max-width: 1440px) 100vw, 1440px\" \/><figcaption class=\"wp-element-caption\">Lautaro acompa\u00f1ando a Seven Kayne en su show<\/figcaption><\/figure>\n<\/div>\n<\/div>\n\n\n\n<p class=\"has-text-align-justify has-small-font-size\"><strong>El boom de la m\u00fasica argentina comenz\u00f3 con el trap, \u00bfsacar\u00e1s alguna canci\u00f3n de este g\u00e9nero?<\/strong><br>Tengo varias canciones de trap que hice en mis inicios, muchas las borre y otras est\u00e1n ah\u00ed pero este a\u00f1o que arranque a hacer mi disco tengo pensado hacer unos pares de traps para los fans de antes.<\/p>\n\n\n\n<p class=\"has-text-align-justify has-small-font-size\"><strong>\u00bfQu\u00e9 objetivo te gustar\u00eda cumplir este 2023?<\/strong><br>Me gustar\u00eda sacar mi disco, en el que ya estoy trabajando, y hacer un show ido con banda completa y la gente recebada, llevando compa\u00f1eros muy especiales.<\/p>","protected":false},"excerpt":{"rendered":"<p>El artista que, con ganas y perseverancia, ha conseguido conquistar el coraz\u00f3n de m\u00e1s de 135.000 personas, convirti\u00e9ndose en toda una promesa del g\u00e9nero En esta ocasi\u00f3n he tenido la oportunidad de entrevistar a Lautaro L\u00f3pez. El joven argentino que en 2018 comenz\u00f3 en el mundo de la m\u00fasica y que a los 20 a\u00f1os [&hellip;]<\/p>\n","protected":false},"author":1,"featured_media":221,"comment_status":"open","ping_status":"open","sticky":false,"template":"","format":"standard","meta":{"footnotes":""},"categories":[4],"tags":[],"class_list":["post-214","post","type-post","status-publish","format-standard","has-post-thumbnail","hentry","category-musica"],"yoast_head":"<!-- This site is optimized with the Yoast SEO plugin v27.4 - https:\/\/yoast.com\/product\/yoast-seo-wordpress\/ -->\n<title>Lautaro L\u00f3pez, la promesa argentina &#8902; Una y Mil Letras<\/title>\n<meta name=\"robots\" content=\"index, follow, max-snippet:-1, max-image-preview:large, max-video-preview:-1\" \/>\n<link rel=\"canonical\" href=\"https:\/\/unaymilletras.com\/en\/lautaro-lopez-la-promesa-argentina\/\" \/>\n<meta property=\"og:locale\" content=\"en_GB\" \/>\n<meta property=\"og:type\" content=\"article\" \/>\n<meta property=\"og:title\" content=\"Lautaro L\u00f3pez, la promesa argentina &#8902; Una y Mil Letras\" \/>\n<meta property=\"og:description\" content=\"El artista que, con ganas y perseverancia, ha conseguido conquistar el coraz\u00f3n de m\u00e1s de 135.000 personas, convirti\u00e9ndose en toda una promesa del g\u00e9nero En esta ocasi\u00f3n he tenido la oportunidad de entrevistar a Lautaro L\u00f3pez. El joven argentino que en 2018 comenz\u00f3 en el mundo de la m\u00fasica y que a los 20 a\u00f1os [&hellip;]\" \/>\n<meta property=\"og:url\" content=\"https:\/\/unaymilletras.com\/en\/lautaro-lopez-la-promesa-argentina\/\" \/>\n<meta property=\"og:site_name\" content=\"Una y Mil Letras\" \/>\n<meta property=\"article:published_time\" content=\"2023-03-03T19:11:31+00:00\" \/>\n<meta property=\"og:image\" content=\"https:\/\/unaymilletras.com\/wp-content\/uploads\/2023\/03\/ftzvpw-wqaarwkn.jpeg\" \/>\n\t<meta property=\"og:image:width\" content=\"1440\" \/>\n\t<meta property=\"og:image:height\" content=\"1440\" \/>\n\t<meta property=\"og:image:type\" content=\"image\/jpeg\" \/>\n<meta name=\"author\" content=\"Maria Gil Robledo\" \/>\n<meta name=\"twitter:card\" content=\"summary_large_image\" \/>\n<meta name=\"twitter:creator\" content=\"@UnaYMilLetras\" \/>\n<meta name=\"twitter:site\" content=\"@UnaYMilLetras\" \/>\n<meta name=\"twitter:label1\" content=\"Written by\" \/>\n\t<meta name=\"twitter:data1\" content=\"Maria Gil Robledo\" \/>\n\t<meta name=\"twitter:label2\" content=\"Estimated reading time\" \/>\n\t<meta name=\"twitter:data2\" content=\"5 minutes\" \/>\n<script type=\"application\/ld+json\" class=\"yoast-schema-graph\">{\"@context\":\"https:\\\/\\\/schema.org\",\"@graph\":[{\"@type\":\"Article\",\"@id\":\"https:\\\/\\\/unaymilletras.com\\\/lautaro-lopez-la-promesa-argentina\\\/#article\",\"isPartOf\":{\"@id\":\"https:\\\/\\\/unaymilletras.com\\\/lautaro-lopez-la-promesa-argentina\\\/\"},\"author\":{\"name\":\"Maria Gil Robledo\",\"@id\":\"http:\\\/\\\/unaymilletras.com\\\/#\\\/schema\\\/person\\\/d55ba681b8a4e463d8982dbe36a5dc94\"},\"headline\":\"Lautaro L\u00f3pez, la promesa argentina\",\"datePublished\":\"2023-03-03T19:11:31+00:00\",\"mainEntityOfPage\":{\"@id\":\"https:\\\/\\\/unaymilletras.com\\\/lautaro-lopez-la-promesa-argentina\\\/\"},\"wordCount\":1049,\"commentCount\":1,\"publisher\":{\"@id\":\"http:\\\/\\\/unaymilletras.com\\\/#organization\"},\"image\":{\"@id\":\"https:\\\/\\\/unaymilletras.com\\\/lautaro-lopez-la-promesa-argentina\\\/#primaryimage\"},\"thumbnailUrl\":\"https:\\\/\\\/unaymilletras.com\\\/wp-content\\\/uploads\\\/2023\\\/03\\\/ftzvpw-wqaarwkn.jpeg\",\"articleSection\":[\"M\u00fasica\"],\"inLanguage\":\"en-GB\",\"potentialAction\":[{\"@type\":\"CommentAction\",\"name\":\"Comment\",\"target\":[\"https:\\\/\\\/unaymilletras.com\\\/lautaro-lopez-la-promesa-argentina\\\/#respond\"]}]},{\"@type\":\"WebPage\",\"@id\":\"https:\\\/\\\/unaymilletras.com\\\/lautaro-lopez-la-promesa-argentina\\\/\",\"url\":\"https:\\\/\\\/unaymilletras.com\\\/lautaro-lopez-la-promesa-argentina\\\/\",\"name\":\"Lautaro L\u00f3pez, la promesa argentina &#8902; Una y Mil Letras\",\"isPartOf\":{\"@id\":\"http:\\\/\\\/unaymilletras.com\\\/#website\"},\"primaryImageOfPage\":{\"@id\":\"https:\\\/\\\/unaymilletras.com\\\/lautaro-lopez-la-promesa-argentina\\\/#primaryimage\"},\"image\":{\"@id\":\"https:\\\/\\\/unaymilletras.com\\\/lautaro-lopez-la-promesa-argentina\\\/#primaryimage\"},\"thumbnailUrl\":\"https:\\\/\\\/unaymilletras.com\\\/wp-content\\\/uploads\\\/2023\\\/03\\\/ftzvpw-wqaarwkn.jpeg\",\"datePublished\":\"2023-03-03T19:11:31+00:00\",\"breadcrumb\":{\"@id\":\"https:\\\/\\\/unaymilletras.com\\\/lautaro-lopez-la-promesa-argentina\\\/#breadcrumb\"},\"inLanguage\":\"en-GB\",\"potentialAction\":[{\"@type\":\"ReadAction\",\"target\":[\"https:\\\/\\\/unaymilletras.com\\\/lautaro-lopez-la-promesa-argentina\\\/\"]}]},{\"@type\":\"ImageObject\",\"inLanguage\":\"en-GB\",\"@id\":\"https:\\\/\\\/unaymilletras.com\\\/lautaro-lopez-la-promesa-argentina\\\/#primaryimage\",\"url\":\"https:\\\/\\\/unaymilletras.com\\\/wp-content\\\/uploads\\\/2023\\\/03\\\/ftzvpw-wqaarwkn.jpeg\",\"contentUrl\":\"https:\\\/\\\/unaymilletras.com\\\/wp-content\\\/uploads\\\/2023\\\/03\\\/ftzvpw-wqaarwkn.jpeg\",\"width\":1440,\"height\":1440},{\"@type\":\"BreadcrumbList\",\"@id\":\"https:\\\/\\\/unaymilletras.com\\\/lautaro-lopez-la-promesa-argentina\\\/#breadcrumb\",\"itemListElement\":[{\"@type\":\"ListItem\",\"position\":1,\"name\":\"Home\",\"item\":\"http:\\\/\\\/unaymilletras.com\\\/\"},{\"@type\":\"ListItem\",\"position\":2,\"name\":\"Lautaro L\u00f3pez, la promesa argentina\"}]},{\"@type\":\"WebSite\",\"@id\":\"http:\\\/\\\/unaymilletras.com\\\/#website\",\"url\":\"http:\\\/\\\/unaymilletras.com\\\/\",\"name\":\"Una y Mil Letras\",\"description\":\"\",\"publisher\":{\"@id\":\"http:\\\/\\\/unaymilletras.com\\\/#organization\"},\"potentialAction\":[{\"@type\":\"SearchAction\",\"target\":{\"@type\":\"EntryPoint\",\"urlTemplate\":\"http:\\\/\\\/unaymilletras.com\\\/?s={search_term_string}\"},\"query-input\":{\"@type\":\"PropertyValueSpecification\",\"valueRequired\":true,\"valueName\":\"search_term_string\"}}],\"inLanguage\":\"en-GB\"},{\"@type\":\"Organization\",\"@id\":\"http:\\\/\\\/unaymilletras.com\\\/#organization\",\"name\":\"Una y Mil Letras\",\"url\":\"http:\\\/\\\/unaymilletras.com\\\/\",\"logo\":{\"@type\":\"ImageObject\",\"inLanguage\":\"en-GB\",\"@id\":\"http:\\\/\\\/unaymilletras.com\\\/#\\\/schema\\\/logo\\\/image\\\/\",\"url\":\"https:\\\/\\\/unaymilletras.com\\\/wp-content\\\/uploads\\\/2024\\\/06\\\/cropped-Logo-removebg-preview.png\",\"contentUrl\":\"https:\\\/\\\/unaymilletras.com\\\/wp-content\\\/uploads\\\/2024\\\/06\\\/cropped-Logo-removebg-preview.png\",\"width\":512,\"height\":512,\"caption\":\"Una y Mil Letras\"},\"image\":{\"@id\":\"http:\\\/\\\/unaymilletras.com\\\/#\\\/schema\\\/logo\\\/image\\\/\"},\"sameAs\":[\"https:\\\/\\\/x.com\\\/UnaYMilLetras\",\"https:\\\/\\\/instagram.com\\\/UnaYMilLetras\"]},{\"@type\":\"Person\",\"@id\":\"http:\\\/\\\/unaymilletras.com\\\/#\\\/schema\\\/person\\\/d55ba681b8a4e463d8982dbe36a5dc94\",\"name\":\"Maria Gil Robledo\",\"image\":{\"@type\":\"ImageObject\",\"inLanguage\":\"en-GB\",\"@id\":\"https:\\\/\\\/secure.gravatar.com\\\/avatar\\\/4b8e5102e0015789407eb4870b12f0f2857952d83ca124058f92b764bd1840c3?s=96&d=mm&r=g\",\"url\":\"https:\\\/\\\/secure.gravatar.com\\\/avatar\\\/4b8e5102e0015789407eb4870b12f0f2857952d83ca124058f92b764bd1840c3?s=96&d=mm&r=g\",\"contentUrl\":\"https:\\\/\\\/secure.gravatar.com\\\/avatar\\\/4b8e5102e0015789407eb4870b12f0f2857952d83ca124058f92b764bd1840c3?s=96&d=mm&r=g\",\"caption\":\"Maria Gil Robledo\"},\"sameAs\":[\"http:\\\/\\\/unaymilletras.com\"],\"url\":\"https:\\\/\\\/unaymilletras.com\\\/en\\\/author\\\/mariiagiil02_\\\/\"}]}<\/script>\n<!-- \/ Yoast SEO plugin. -->","yoast_head_json":{"title":"Lautaro L\u00f3pez, la promesa argentina &#8902; Una y Mil Letras","robots":{"index":"index","follow":"follow","max-snippet":"max-snippet:-1","max-image-preview":"max-image-preview:large","max-video-preview":"max-video-preview:-1"},"canonical":"https:\/\/unaymilletras.com\/en\/lautaro-lopez-la-promesa-argentina\/","og_locale":"en_GB","og_type":"article","og_title":"Lautaro L\u00f3pez, la promesa argentina &#8902; Una y Mil Letras","og_description":"El artista que, con ganas y perseverancia, ha conseguido conquistar el coraz\u00f3n de m\u00e1s de 135.000 personas, convirti\u00e9ndose en toda una promesa del g\u00e9nero En esta ocasi\u00f3n he tenido la oportunidad de entrevistar a Lautaro L\u00f3pez. El joven argentino que en 2018 comenz\u00f3 en el mundo de la m\u00fasica y que a los 20 a\u00f1os [&hellip;]","og_url":"https:\/\/unaymilletras.com\/en\/lautaro-lopez-la-promesa-argentina\/","og_site_name":"Una y Mil Letras","article_published_time":"2023-03-03T19:11:31+00:00","og_image":[{"width":1440,"height":1440,"url":"https:\/\/unaymilletras.com\/wp-content\/uploads\/2023\/03\/ftzvpw-wqaarwkn.jpeg","type":"image\/jpeg"}],"author":"Maria Gil Robledo","twitter_card":"summary_large_image","twitter_creator":"@UnaYMilLetras","twitter_site":"@UnaYMilLetras","twitter_misc":{"Written by":"Maria Gil Robledo","Estimated reading time":"5 minutes"},"schema":{"@context":"https:\/\/schema.org","@graph":[{"@type":"Article","@id":"https:\/\/unaymilletras.com\/lautaro-lopez-la-promesa-argentina\/#article","isPartOf":{"@id":"https:\/\/unaymilletras.com\/lautaro-lopez-la-promesa-argentina\/"},"author":{"name":"Maria Gil Robledo","@id":"http:\/\/unaymilletras.com\/#\/schema\/person\/d55ba681b8a4e463d8982dbe36a5dc94"},"headline":"Lautaro L\u00f3pez, la promesa argentina","datePublished":"2023-03-03T19:11:31+00:00","mainEntityOfPage":{"@id":"https:\/\/unaymilletras.com\/lautaro-lopez-la-promesa-argentina\/"},"wordCount":1049,"commentCount":1,"publisher":{"@id":"http:\/\/unaymilletras.com\/#organization"},"image":{"@id":"https:\/\/unaymilletras.com\/lautaro-lopez-la-promesa-argentina\/#primaryimage"},"thumbnailUrl":"https:\/\/unaymilletras.com\/wp-content\/uploads\/2023\/03\/ftzvpw-wqaarwkn.jpeg","articleSection":["M\u00fasica"],"inLanguage":"en-GB","potentialAction":[{"@type":"CommentAction","name":"Comment","target":["https:\/\/unaymilletras.com\/lautaro-lopez-la-promesa-argentina\/#respond"]}]},{"@type":"WebPage","@id":"https:\/\/unaymilletras.com\/lautaro-lopez-la-promesa-argentina\/","url":"https:\/\/unaymilletras.com\/lautaro-lopez-la-promesa-argentina\/","name":"Lautaro L\u00f3pez, la promesa argentina &#8902; Una y Mil Letras","isPartOf":{"@id":"http:\/\/unaymilletras.com\/#website"},"primaryImageOfPage":{"@id":"https:\/\/unaymilletras.com\/lautaro-lopez-la-promesa-argentina\/#primaryimage"},"image":{"@id":"https:\/\/unaymilletras.com\/lautaro-lopez-la-promesa-argentina\/#primaryimage"},"thumbnailUrl":"https:\/\/unaymilletras.com\/wp-content\/uploads\/2023\/03\/ftzvpw-wqaarwkn.jpeg","datePublished":"2023-03-03T19:11:31+00:00","breadcrumb":{"@id":"https:\/\/unaymilletras.com\/lautaro-lopez-la-promesa-argentina\/#breadcrumb"},"inLanguage":"en-GB","potentialAction":[{"@type":"ReadAction","target":["https:\/\/unaymilletras.com\/lautaro-lopez-la-promesa-argentina\/"]}]},{"@type":"ImageObject","inLanguage":"en-GB","@id":"https:\/\/unaymilletras.com\/lautaro-lopez-la-promesa-argentina\/#primaryimage","url":"https:\/\/unaymilletras.com\/wp-content\/uploads\/2023\/03\/ftzvpw-wqaarwkn.jpeg","contentUrl":"https:\/\/unaymilletras.com\/wp-content\/uploads\/2023\/03\/ftzvpw-wqaarwkn.jpeg","width":1440,"height":1440},{"@type":"BreadcrumbList","@id":"https:\/\/unaymilletras.com\/lautaro-lopez-la-promesa-argentina\/#breadcrumb","itemListElement":[{"@type":"ListItem","position":1,"name":"Home","item":"http:\/\/unaymilletras.com\/"},{"@type":"ListItem","position":2,"name":"Lautaro L\u00f3pez, la promesa argentina"}]},{"@type":"WebSite","@id":"http:\/\/unaymilletras.com\/#website","url":"http:\/\/unaymilletras.com\/","name":"Una y Mil Letras","description":"","publisher":{"@id":"http:\/\/unaymilletras.com\/#organization"},"potentialAction":[{"@type":"SearchAction","target":{"@type":"EntryPoint","urlTemplate":"http:\/\/unaymilletras.com\/?s={search_term_string}"},"query-input":{"@type":"PropertyValueSpecification","valueRequired":true,"valueName":"search_term_string"}}],"inLanguage":"en-GB"},{"@type":"Organization","@id":"http:\/\/unaymilletras.com\/#organization","name":"Una y Mil Letras","url":"http:\/\/unaymilletras.com\/","logo":{"@type":"ImageObject","inLanguage":"en-GB","@id":"http:\/\/unaymilletras.com\/#\/schema\/logo\/image\/","url":"https:\/\/unaymilletras.com\/wp-content\/uploads\/2024\/06\/cropped-Logo-removebg-preview.png","contentUrl":"https:\/\/unaymilletras.com\/wp-content\/uploads\/2024\/06\/cropped-Logo-removebg-preview.png","width":512,"height":512,"caption":"Una y Mil Letras"},"image":{"@id":"http:\/\/unaymilletras.com\/#\/schema\/logo\/image\/"},"sameAs":["https:\/\/x.com\/UnaYMilLetras","https:\/\/instagram.com\/UnaYMilLetras"]},{"@type":"Person","@id":"http:\/\/unaymilletras.com\/#\/schema\/person\/d55ba681b8a4e463d8982dbe36a5dc94","name":"Maria Gil Robledo","image":{"@type":"ImageObject","inLanguage":"en-GB","@id":"https:\/\/secure.gravatar.com\/avatar\/4b8e5102e0015789407eb4870b12f0f2857952d83ca124058f92b764bd1840c3?s=96&d=mm&r=g","url":"https:\/\/secure.gravatar.com\/avatar\/4b8e5102e0015789407eb4870b12f0f2857952d83ca124058f92b764bd1840c3?s=96&d=mm&r=g","contentUrl":"https:\/\/secure.gravatar.com\/avatar\/4b8e5102e0015789407eb4870b12f0f2857952d83ca124058f92b764bd1840c3?s=96&d=mm&r=g","caption":"Maria Gil Robledo"},"sameAs":["http:\/\/unaymilletras.com"],"url":"https:\/\/unaymilletras.com\/en\/author\/mariiagiil02_\/"}]}},"_links":{"self":[{"href":"https:\/\/unaymilletras.com\/en\/wp-json\/wp\/v2\/posts\/214","targetHints":{"allow":["GET"]}}],"collection":[{"href":"https:\/\/unaymilletras.com\/en\/wp-json\/wp\/v2\/posts"}],"about":[{"href":"https:\/\/unaymilletras.com\/en\/wp-json\/wp\/v2\/types\/post"}],"author":[{"embeddable":true,"href":"https:\/\/unaymilletras.com\/en\/wp-json\/wp\/v2\/users\/1"}],"replies":[{"embeddable":true,"href":"https:\/\/unaymilletras.com\/en\/wp-json\/wp\/v2\/comments?post=214"}],"version-history":[{"count":0,"href":"https:\/\/unaymilletras.com\/en\/wp-json\/wp\/v2\/posts\/214\/revisions"}],"wp:featuredmedia":[{"embeddable":true,"href":"https:\/\/unaymilletras.com\/en\/wp-json\/wp\/v2\/media\/221"}],"wp:attachment":[{"href":"https:\/\/unaymilletras.com\/en\/wp-json\/wp\/v2\/media?parent=214"}],"wp:term":[{"taxonomy":"category","embeddable":true,"href":"https:\/\/unaymilletras.com\/en\/wp-json\/wp\/v2\/categories?post=214"},{"taxonomy":"post_tag","embeddable":true,"href":"https:\/\/unaymilletras.com\/en\/wp-json\/wp\/v2\/tags?post=214"}],"curies":[{"name":"wp","href":"https:\/\/api.w.org\/{rel}","templated":true}]}}