{"id":2153,"date":"2024-02-14T13:18:08","date_gmt":"2024-02-14T12:18:08","guid":{"rendered":"https:\/\/unaymilletras.com\/?p=2153"},"modified":"2024-02-14T13:24:40","modified_gmt":"2024-02-14T12:24:40","slug":"milo-j-imparable-en-espana","status":"publish","type":"post","link":"https:\/\/unaymilletras.com\/en\/milo-j-imparable-en-espana\/","title":{"rendered":"Milo J imparable en Espa\u00f1a"},"content":{"rendered":"<div data-elementor-type=\"wp-post\" data-elementor-id=\"2153\" class=\"elementor elementor-2153\">\n\t\t\t\t\t\t<section class=\"elementor-section elementor-top-section elementor-element elementor-element-b65bf63 elementor-section-boxed elementor-section-height-default elementor-section-height-default\" data-id=\"b65bf63\" data-element_type=\"section\" data-e-type=\"section\">\n\t\t\t\t\t\t<div class=\"elementor-container elementor-column-gap-default\">\n\t\t\t\t\t<div class=\"elementor-column elementor-col-100 elementor-top-column elementor-element elementor-element-83446b6\" data-id=\"83446b6\" data-element_type=\"column\" data-e-type=\"column\">\n\t\t\t<div class=\"elementor-widget-wrap elementor-element-populated\">\n\t\t\t\t\t\t<div class=\"elementor-element elementor-element-f690b4e elementor-widget elementor-widget-text-editor\" data-id=\"f690b4e\" data-element_type=\"widget\" data-e-type=\"widget\" data-widget_type=\"text-editor.default\">\n\t\t\t\t<div class=\"elementor-widget-container\">\n\t\t\t\t\t\t\t\t\t<h2 style=\"text-align: center;\"><span style=\"color: #808080;\"><em>La joven promesa argentina, Milo J, agota las entradas para todas las fechas de su gira por Espa\u00f1a<\/em><\/span><\/h2>\t\t\t\t\t\t\t\t<\/div>\n\t\t\t\t<\/div>\n\t\t\t\t\t<\/div>\n\t\t<\/div>\n\t\t\t\t\t<\/div>\n\t\t<\/section>\n\t\t\t\t<section class=\"elementor-section elementor-top-section elementor-element elementor-element-9c40752 elementor-section-boxed elementor-section-height-default elementor-section-height-default\" data-id=\"9c40752\" data-element_type=\"section\" data-e-type=\"section\">\n\t\t\t\t\t\t<div class=\"elementor-container elementor-column-gap-default\">\n\t\t\t\t\t<div class=\"elementor-column elementor-col-33 elementor-top-column elementor-element elementor-element-6d31f3e\" data-id=\"6d31f3e\" data-element_type=\"column\" data-e-type=\"column\">\n\t\t\t<div class=\"elementor-widget-wrap elementor-element-populated\">\n\t\t\t\t\t\t<div class=\"elementor-element elementor-element-aadfd1b elementor-widget elementor-widget-image\" data-id=\"aadfd1b\" data-element_type=\"widget\" data-e-type=\"widget\" data-widget_type=\"image.default\">\n\t\t\t\t<div class=\"elementor-widget-container\">\n\t\t\t\t\t\t\t\t\t\t\t\t\t\t\t<img fetchpriority=\"high\" decoding=\"async\" width=\"640\" height=\"640\" src=\"https:\/\/unaymilletras.com\/wp-content\/uploads\/2024\/02\/Milo-sold-out-1024x1024.jpeg\" class=\"attachment-large size-large wp-image-2155\" alt=\"Milo J\" srcset=\"https:\/\/unaymilletras.com\/wp-content\/uploads\/2024\/02\/Milo-sold-out-1024x1024.jpeg 1024w, https:\/\/unaymilletras.com\/wp-content\/uploads\/2024\/02\/Milo-sold-out-300x300.jpeg 300w, https:\/\/unaymilletras.com\/wp-content\/uploads\/2024\/02\/Milo-sold-out-150x150.jpeg 150w, https:\/\/unaymilletras.com\/wp-content\/uploads\/2024\/02\/Milo-sold-out-768x768.jpeg 768w, https:\/\/unaymilletras.com\/wp-content\/uploads\/2024\/02\/Milo-sold-out-1536x1536.jpeg 1536w, https:\/\/unaymilletras.com\/wp-content\/uploads\/2024\/02\/Milo-sold-out-e1707913168293.jpeg 600w\" sizes=\"(max-width: 640px) 100vw, 640px\" \/>\t\t\t\t\t\t\t\t\t\t\t\t\t\t\t<\/div>\n\t\t\t\t<\/div>\n\t\t\t\t\t<\/div>\n\t\t<\/div>\n\t\t\t\t<div class=\"elementor-column elementor-col-66 elementor-top-column elementor-element elementor-element-6406116\" data-id=\"6406116\" data-element_type=\"column\" data-e-type=\"column\">\n\t\t\t<div class=\"elementor-widget-wrap elementor-element-populated\">\n\t\t\t\t\t\t<div class=\"elementor-element elementor-element-71d336a elementor-widget elementor-widget-text-editor\" data-id=\"71d336a\" data-element_type=\"widget\" data-e-type=\"widget\" data-widget_type=\"text-editor.default\">\n\t\t\t\t<div class=\"elementor-widget-container\">\n\t\t\t\t\t\t\t\t\t<p>El a\u00f1o pasado <b>Milo J<\/b> anunciaba su esperada gira por Espa\u00f1a. Con ella, pasar\u00eda por seis de las ciudades m\u00e1s importantes del pa\u00eds. Hoy, la promesa argentina cuelga el cartel de <b>\u201centradas agotadas\u201d<\/b> en todos sus conciertos. Con esto, demuestra una vez m\u00e1s la gran relevancia que tiene dentro de la industria musical.<\/p>\t\t\t\t\t\t\t\t<\/div>\n\t\t\t\t<\/div>\n\t\t\t\t\t<\/div>\n\t\t<\/div>\n\t\t\t\t\t<\/div>\n\t\t<\/section>\n\t\t\t\t<section class=\"elementor-section elementor-top-section elementor-element elementor-element-666e223 elementor-section-boxed elementor-section-height-default elementor-section-height-default\" data-id=\"666e223\" data-element_type=\"section\" data-e-type=\"section\">\n\t\t\t\t\t\t<div class=\"elementor-container elementor-column-gap-default\">\n\t\t\t\t\t<div class=\"elementor-column elementor-col-100 elementor-top-column elementor-element elementor-element-c285c56\" data-id=\"c285c56\" data-element_type=\"column\" data-e-type=\"column\">\n\t\t\t<div class=\"elementor-widget-wrap elementor-element-populated\">\n\t\t\t\t\t\t<div class=\"elementor-element elementor-element-42788cc elementor-widget elementor-widget-text-editor\" data-id=\"42788cc\" data-element_type=\"widget\" data-e-type=\"widget\" data-widget_type=\"text-editor.default\">\n\t\t\t\t<div class=\"elementor-widget-container\">\n\t\t\t\t\t\t\t\t\t<p>Esta no es la primera vez que act\u00faa en Espa\u00f1a, pero s\u00ed la primera que su gira cuenta con tantas fechas. La primera vez que vino, tan solo visit\u00f3 Madrid y Barcelona en salas m\u00e1s peque\u00f1as. Esta fue la primera vez que demostr\u00f3 que ven\u00eda dispuesto a conquistar el pa\u00eds pues tambi\u00e9n agot\u00f3 todas las entradas.<\/p>\t\t\t\t\t\t\t\t<\/div>\n\t\t\t\t<\/div>\n\t\t\t\t\t<\/div>\n\t\t<\/div>\n\t\t\t\t\t<\/div>\n\t\t<\/section>\n\t\t\t\t<section class=\"elementor-section elementor-top-section elementor-element elementor-element-eb4f6e2 elementor-section-boxed elementor-section-height-default elementor-section-height-default\" data-id=\"eb4f6e2\" data-element_type=\"section\" data-e-type=\"section\">\n\t\t\t\t\t\t<div class=\"elementor-container elementor-column-gap-default\">\n\t\t\t\t\t<div class=\"elementor-column elementor-col-50 elementor-top-column elementor-element elementor-element-fb465ae\" data-id=\"fb465ae\" data-element_type=\"column\" data-e-type=\"column\">\n\t\t\t<div class=\"elementor-widget-wrap elementor-element-populated\">\n\t\t\t\t\t\t<div class=\"elementor-element elementor-element-d12f045 elementor-widget elementor-widget-image\" data-id=\"d12f045\" data-element_type=\"widget\" data-e-type=\"widget\" data-widget_type=\"image.default\">\n\t\t\t\t<div class=\"elementor-widget-container\">\n\t\t\t\t\t\t\t\t\t\t\t\t\t\t\t<img decoding=\"async\" width=\"640\" height=\"628\" src=\"https:\/\/unaymilletras.com\/wp-content\/uploads\/2023\/06\/md.jpeg\" class=\"attachment-large size-large wp-image-858\" alt=\"Milo J\" srcset=\"https:\/\/unaymilletras.com\/wp-content\/uploads\/2023\/06\/md.jpeg 720w, https:\/\/unaymilletras.com\/wp-content\/uploads\/2023\/06\/md-300x294.jpeg 300w\" sizes=\"(max-width: 640px) 100vw, 640px\" \/>\t\t\t\t\t\t\t\t\t\t\t\t\t\t\t<\/div>\n\t\t\t\t<\/div>\n\t\t\t\t\t<\/div>\n\t\t<\/div>\n\t\t\t\t<div class=\"elementor-column elementor-col-50 elementor-top-column elementor-element elementor-element-3e8077e\" data-id=\"3e8077e\" data-element_type=\"column\" data-e-type=\"column\">\n\t\t\t<div class=\"elementor-widget-wrap elementor-element-populated\">\n\t\t\t\t\t\t<div class=\"elementor-element elementor-element-5c40e3e elementor-widget elementor-widget-image\" data-id=\"5c40e3e\" data-element_type=\"widget\" data-e-type=\"widget\" data-widget_type=\"image.default\">\n\t\t\t\t<div class=\"elementor-widget-container\">\n\t\t\t\t\t\t\t\t\t\t\t\t\t\t\t<img decoding=\"async\" width=\"640\" height=\"628\" src=\"https:\/\/unaymilletras.com\/wp-content\/uploads\/2023\/06\/bcn.jpeg\" class=\"attachment-large size-large wp-image-856\" alt=\"Milo J\" srcset=\"https:\/\/unaymilletras.com\/wp-content\/uploads\/2023\/06\/bcn.jpeg 720w, https:\/\/unaymilletras.com\/wp-content\/uploads\/2023\/06\/bcn-300x295.jpeg 300w\" sizes=\"(max-width: 640px) 100vw, 640px\" \/>\t\t\t\t\t\t\t\t\t\t\t\t\t\t\t<\/div>\n\t\t\t\t<\/div>\n\t\t\t\t\t<\/div>\n\t\t<\/div>\n\t\t\t\t\t<\/div>\n\t\t<\/section>\n\t\t\t\t<section class=\"elementor-section elementor-top-section elementor-element elementor-element-3b91670 elementor-section-boxed elementor-section-height-default elementor-section-height-default\" data-id=\"3b91670\" data-element_type=\"section\" data-e-type=\"section\">\n\t\t\t\t\t\t<div class=\"elementor-container elementor-column-gap-default\">\n\t\t\t\t\t<div class=\"elementor-column elementor-col-100 elementor-top-column elementor-element elementor-element-1a9c3b2\" data-id=\"1a9c3b2\" data-element_type=\"column\" data-e-type=\"column\">\n\t\t\t<div class=\"elementor-widget-wrap elementor-element-populated\">\n\t\t\t\t\t\t<div class=\"elementor-element elementor-element-b84d422 elementor-widget elementor-widget-text-editor\" data-id=\"b84d422\" data-element_type=\"widget\" data-e-type=\"widget\" data-widget_type=\"text-editor.default\">\n\t\t\t\t<div class=\"elementor-widget-container\">\n\t\t\t\t\t\t\t\t\t<p>Con tan solo 17 a\u00f1os, Milo J se ha convertido en uno de los artistas argentinos m\u00e1s escuchados. Sus temas han entrado en las listas de canciones m\u00e1s escuchadas de todo el mundo. Adem\u00e1s, tambi\u00e9n ha empezado a viajar conquistando diversos pa\u00edses con su m\u00fasica. Ya acumula m\u00e1s de 19 yentes mensuales en Spotify, juntando m\u00e1s de mil millones de reproducciones en total.<\/p><p>Su gira por Espa\u00f1a comenzar\u00e1 en menos de un mes. La sala Pel\u00edcano de Coru\u00f1a ser\u00e1 su primera parada el 1 de marzo para continuar en Pamplona, en la Sala Zentral (3 de marzo); Valencia en la Sala Repvblica (7 de marzo); el Sant Jordi Club de Barcelona (8 de marzo); Sevilla, Sala Pandora (14 de marzo); y terminar\u00e1 en Madrid el 15 de marzo en el Palacio Vistalegre. <\/p>\t\t\t\t\t\t\t\t<\/div>\n\t\t\t\t<\/div>\n\t\t\t\t\t<\/div>\n\t\t<\/div>\n\t\t\t\t\t<\/div>\n\t\t<\/section>\n\t\t\t\t<section class=\"elementor-section elementor-top-section elementor-element elementor-element-d3cf8d0 elementor-section-boxed elementor-section-height-default elementor-section-height-default\" data-id=\"d3cf8d0\" data-element_type=\"section\" data-e-type=\"section\">\n\t\t\t\t\t\t<div class=\"elementor-container elementor-column-gap-default\">\n\t\t\t\t\t<div class=\"elementor-column elementor-col-100 elementor-top-column elementor-element elementor-element-ca23933\" data-id=\"ca23933\" data-element_type=\"column\" data-e-type=\"column\">\n\t\t\t<div class=\"elementor-widget-wrap elementor-element-populated\">\n\t\t\t\t\t\t<div class=\"elementor-element elementor-element-fe7c784 elementor-widget elementor-widget-video\" data-id=\"fe7c784\" data-element_type=\"widget\" data-e-type=\"widget\" data-settings=\"{&quot;youtube_url&quot;:&quot;https:\\\/\\\/www.youtube.com\\\/watch?v=JE6hsBsH5Sg&quot;,&quot;video_type&quot;:&quot;youtube&quot;,&quot;controls&quot;:&quot;yes&quot;}\" data-widget_type=\"video.default\">\n\t\t\t\t<div class=\"elementor-widget-container\">\n\t\t\t\t\t\t\t<div class=\"elementor-wrapper elementor-open-inline\">\n\t\t\t<div class=\"elementor-video\"><\/div>\t\t<\/div>\n\t\t\t\t\t\t<\/div>\n\t\t\t\t<\/div>\n\t\t\t\t\t<\/div>\n\t\t<\/div>\n\t\t\t\t\t<\/div>\n\t\t<\/section>\n\t\t\t\t<section class=\"elementor-section elementor-top-section elementor-element elementor-element-c71a6be elementor-section-boxed elementor-section-height-default elementor-section-height-default\" data-id=\"c71a6be\" data-element_type=\"section\" data-e-type=\"section\">\n\t\t\t\t\t\t<div class=\"elementor-container elementor-column-gap-default\">\n\t\t\t\t\t<div class=\"elementor-column elementor-col-100 elementor-top-column elementor-element elementor-element-e6fc2a5\" data-id=\"e6fc2a5\" data-element_type=\"column\" data-e-type=\"column\">\n\t\t\t<div class=\"elementor-widget-wrap elementor-element-populated\">\n\t\t\t\t\t\t<div class=\"elementor-element elementor-element-33a3c8b elementor-widget elementor-widget-text-editor\" data-id=\"33a3c8b\" data-element_type=\"widget\" data-e-type=\"widget\" data-widget_type=\"text-editor.default\">\n\t\t\t\t<div class=\"elementor-widget-container\">\n\t\t\t\t\t\t\t\t\t<p><span style=\"color: #808080;\">Una gira que promete ser la primera de muchas y en la que Milo J cantar\u00e1 sus temas ic\u00f3nicos, su \u00e1lbum\u00a0<em><b><a style=\"color: #808080;\" href=\"https:\/\/unaymilletras.com\/en\/milo-j-completa-su-album-1-1-1-con-el-estreno-de-dom1ngo\/\">1 1 1<\/a><\/b><\/em> o sus canciones m\u00e1s recientes entre otras cosas. Los fans que hayan comprado sus entradas podr\u00e1n disfrutar de canciones como <em><b>Rara Vez<\/b><\/em>, <em><b>Fruto<\/b><\/em> o <em><b><a style=\"color: #808080;\" href=\"https:\/\/open.spotify.com\/intl-es\/track\/35ttE4t8lQZA2vuCYDg4G7?autoplay=true\">M.A.I<\/a><\/b>.<\/em> entre otras.<\/span><\/p>\t\t\t\t\t\t\t\t<\/div>\n\t\t\t\t<\/div>\n\t\t\t\t\t<\/div>\n\t\t<\/div>\n\t\t\t\t\t<\/div>\n\t\t<\/section>\n\t\t\t\t<\/div>","protected":false},"excerpt":{"rendered":"<p>La joven promesa argentina, Milo J, agota las entradas para todas las fechas de su gira por Espa\u00f1a El a\u00f1o pasado Milo J anunciaba su esperada gira por Espa\u00f1a. Con ella, pasar\u00eda por seis de las ciudades m\u00e1s importantes del pa\u00eds. Hoy, la promesa argentina cuelga el cartel de \u201centradas agotadas\u201d en todos sus conciertos. [&hellip;]<\/p>\n","protected":false},"author":1,"featured_media":2155,"comment_status":"open","ping_status":"open","sticky":false,"template":"","format":"standard","meta":{"footnotes":""},"categories":[4],"tags":[],"class_list":["post-2153","post","type-post","status-publish","format-standard","has-post-thumbnail","hentry","category-musica"],"yoast_head":"<!-- This site is optimized with the Yoast SEO plugin v27.4 - https:\/\/yoast.com\/product\/yoast-seo-wordpress\/ -->\n<title>Milo J imparable en Espa\u00f1a &#8902; Una y Mil Letras<\/title>\n<meta name=\"description\" content=\"La joven promesa argentina, Milo J, agota las entradas para todas las fechas que componen su gira por Espa\u00f1a\" \/>\n<meta name=\"robots\" content=\"index, follow, max-snippet:-1, max-image-preview:large, max-video-preview:-1\" \/>\n<link rel=\"canonical\" href=\"https:\/\/unaymilletras.com\/en\/milo-j-imparable-en-espana\/\" \/>\n<meta property=\"og:locale\" content=\"en_GB\" \/>\n<meta property=\"og:type\" content=\"article\" \/>\n<meta property=\"og:title\" content=\"Milo J imparable en Espa\u00f1a &#8902; Una y Mil Letras\" \/>\n<meta property=\"og:description\" content=\"La joven promesa argentina, Milo J, agota las entradas para todas las fechas que componen su gira por Espa\u00f1a\" \/>\n<meta property=\"og:url\" content=\"https:\/\/unaymilletras.com\/en\/milo-j-imparable-en-espana\/\" \/>\n<meta property=\"og:site_name\" content=\"Una y Mil Letras\" \/>\n<meta property=\"article:published_time\" content=\"2024-02-14T12:18:08+00:00\" \/>\n<meta property=\"article:modified_time\" content=\"2024-02-14T12:24:40+00:00\" \/>\n<meta property=\"og:image\" content=\"http:\/\/unaymilletras.com\/wp-content\/uploads\/2024\/02\/Milo-sold-out-e1707913168293.jpeg\" \/>\n\t<meta property=\"og:image:width\" content=\"600\" \/>\n\t<meta property=\"og:image:height\" content=\"600\" \/>\n\t<meta property=\"og:image:type\" content=\"image\/jpeg\" \/>\n<meta name=\"author\" content=\"Maria Gil Robledo\" \/>\n<meta name=\"twitter:card\" content=\"summary_large_image\" \/>\n<meta name=\"twitter:creator\" content=\"@UnaYMilLetras\" \/>\n<meta name=\"twitter:site\" content=\"@UnaYMilLetras\" \/>\n<meta name=\"twitter:label1\" content=\"Written by\" \/>\n\t<meta name=\"twitter:data1\" content=\"Maria Gil Robledo\" \/>\n\t<meta name=\"twitter:label2\" content=\"Estimated reading time\" \/>\n\t<meta name=\"twitter:data2\" content=\"3 minutes\" \/>\n<script type=\"application\/ld+json\" class=\"yoast-schema-graph\">{\"@context\":\"https:\\\/\\\/schema.org\",\"@graph\":[{\"@type\":\"Article\",\"@id\":\"https:\\\/\\\/unaymilletras.com\\\/milo-j-imparable-en-espana\\\/#article\",\"isPartOf\":{\"@id\":\"https:\\\/\\\/unaymilletras.com\\\/milo-j-imparable-en-espana\\\/\"},\"author\":{\"name\":\"Maria Gil Robledo\",\"@id\":\"http:\\\/\\\/unaymilletras.com\\\/#\\\/schema\\\/person\\\/d55ba681b8a4e463d8982dbe36a5dc94\"},\"headline\":\"Milo J imparable en Espa\u00f1a\",\"datePublished\":\"2024-02-14T12:18:08+00:00\",\"dateModified\":\"2024-02-14T12:24:40+00:00\",\"mainEntityOfPage\":{\"@id\":\"https:\\\/\\\/unaymilletras.com\\\/milo-j-imparable-en-espana\\\/\"},\"wordCount\":344,\"commentCount\":0,\"publisher\":{\"@id\":\"http:\\\/\\\/unaymilletras.com\\\/#organization\"},\"image\":{\"@id\":\"https:\\\/\\\/unaymilletras.com\\\/milo-j-imparable-en-espana\\\/#primaryimage\"},\"thumbnailUrl\":\"https:\\\/\\\/unaymilletras.com\\\/wp-content\\\/uploads\\\/2024\\\/02\\\/Milo-sold-out-e1707913168293.jpeg\",\"articleSection\":[\"M\u00fasica\"],\"inLanguage\":\"en-GB\",\"potentialAction\":[{\"@type\":\"CommentAction\",\"name\":\"Comment\",\"target\":[\"https:\\\/\\\/unaymilletras.com\\\/milo-j-imparable-en-espana\\\/#respond\"]}]},{\"@type\":\"WebPage\",\"@id\":\"https:\\\/\\\/unaymilletras.com\\\/milo-j-imparable-en-espana\\\/\",\"url\":\"https:\\\/\\\/unaymilletras.com\\\/milo-j-imparable-en-espana\\\/\",\"name\":\"Milo J imparable en Espa\u00f1a &#8902; Una y Mil Letras\",\"isPartOf\":{\"@id\":\"http:\\\/\\\/unaymilletras.com\\\/#website\"},\"primaryImageOfPage\":{\"@id\":\"https:\\\/\\\/unaymilletras.com\\\/milo-j-imparable-en-espana\\\/#primaryimage\"},\"image\":{\"@id\":\"https:\\\/\\\/unaymilletras.com\\\/milo-j-imparable-en-espana\\\/#primaryimage\"},\"thumbnailUrl\":\"https:\\\/\\\/unaymilletras.com\\\/wp-content\\\/uploads\\\/2024\\\/02\\\/Milo-sold-out-e1707913168293.jpeg\",\"datePublished\":\"2024-02-14T12:18:08+00:00\",\"dateModified\":\"2024-02-14T12:24:40+00:00\",\"description\":\"La joven promesa argentina, Milo J, agota las entradas para todas las fechas que componen su gira por Espa\u00f1a\",\"breadcrumb\":{\"@id\":\"https:\\\/\\\/unaymilletras.com\\\/milo-j-imparable-en-espana\\\/#breadcrumb\"},\"inLanguage\":\"en-GB\",\"potentialAction\":[{\"@type\":\"ReadAction\",\"target\":[\"https:\\\/\\\/unaymilletras.com\\\/milo-j-imparable-en-espana\\\/\"]}]},{\"@type\":\"ImageObject\",\"inLanguage\":\"en-GB\",\"@id\":\"https:\\\/\\\/unaymilletras.com\\\/milo-j-imparable-en-espana\\\/#primaryimage\",\"url\":\"https:\\\/\\\/unaymilletras.com\\\/wp-content\\\/uploads\\\/2024\\\/02\\\/Milo-sold-out-e1707913168293.jpeg\",\"contentUrl\":\"https:\\\/\\\/unaymilletras.com\\\/wp-content\\\/uploads\\\/2024\\\/02\\\/Milo-sold-out-e1707913168293.jpeg\",\"width\":600,\"height\":600,\"caption\":\"Milo J\"},{\"@type\":\"BreadcrumbList\",\"@id\":\"https:\\\/\\\/unaymilletras.com\\\/milo-j-imparable-en-espana\\\/#breadcrumb\",\"itemListElement\":[{\"@type\":\"ListItem\",\"position\":1,\"name\":\"Home\",\"item\":\"http:\\\/\\\/unaymilletras.com\\\/\"},{\"@type\":\"ListItem\",\"position\":2,\"name\":\"Milo J imparable en Espa\u00f1a\"}]},{\"@type\":\"WebSite\",\"@id\":\"http:\\\/\\\/unaymilletras.com\\\/#website\",\"url\":\"http:\\\/\\\/unaymilletras.com\\\/\",\"name\":\"Una y Mil Letras\",\"description\":\"\",\"publisher\":{\"@id\":\"http:\\\/\\\/unaymilletras.com\\\/#organization\"},\"potentialAction\":[{\"@type\":\"SearchAction\",\"target\":{\"@type\":\"EntryPoint\",\"urlTemplate\":\"http:\\\/\\\/unaymilletras.com\\\/?s={search_term_string}\"},\"query-input\":{\"@type\":\"PropertyValueSpecification\",\"valueRequired\":true,\"valueName\":\"search_term_string\"}}],\"inLanguage\":\"en-GB\"},{\"@type\":\"Organization\",\"@id\":\"http:\\\/\\\/unaymilletras.com\\\/#organization\",\"name\":\"Una y Mil Letras\",\"url\":\"http:\\\/\\\/unaymilletras.com\\\/\",\"logo\":{\"@type\":\"ImageObject\",\"inLanguage\":\"en-GB\",\"@id\":\"http:\\\/\\\/unaymilletras.com\\\/#\\\/schema\\\/logo\\\/image\\\/\",\"url\":\"https:\\\/\\\/unaymilletras.com\\\/wp-content\\\/uploads\\\/2024\\\/06\\\/cropped-Logo-removebg-preview.png\",\"contentUrl\":\"https:\\\/\\\/unaymilletras.com\\\/wp-content\\\/uploads\\\/2024\\\/06\\\/cropped-Logo-removebg-preview.png\",\"width\":512,\"height\":512,\"caption\":\"Una y Mil Letras\"},\"image\":{\"@id\":\"http:\\\/\\\/unaymilletras.com\\\/#\\\/schema\\\/logo\\\/image\\\/\"},\"sameAs\":[\"https:\\\/\\\/x.com\\\/UnaYMilLetras\",\"https:\\\/\\\/instagram.com\\\/UnaYMilLetras\"]},{\"@type\":\"Person\",\"@id\":\"http:\\\/\\\/unaymilletras.com\\\/#\\\/schema\\\/person\\\/d55ba681b8a4e463d8982dbe36a5dc94\",\"name\":\"Maria Gil Robledo\",\"image\":{\"@type\":\"ImageObject\",\"inLanguage\":\"en-GB\",\"@id\":\"https:\\\/\\\/secure.gravatar.com\\\/avatar\\\/4b8e5102e0015789407eb4870b12f0f2857952d83ca124058f92b764bd1840c3?s=96&d=mm&r=g\",\"url\":\"https:\\\/\\\/secure.gravatar.com\\\/avatar\\\/4b8e5102e0015789407eb4870b12f0f2857952d83ca124058f92b764bd1840c3?s=96&d=mm&r=g\",\"contentUrl\":\"https:\\\/\\\/secure.gravatar.com\\\/avatar\\\/4b8e5102e0015789407eb4870b12f0f2857952d83ca124058f92b764bd1840c3?s=96&d=mm&r=g\",\"caption\":\"Maria Gil Robledo\"},\"sameAs\":[\"http:\\\/\\\/unaymilletras.com\"],\"url\":\"https:\\\/\\\/unaymilletras.com\\\/en\\\/author\\\/mariiagiil02_\\\/\"}]}<\/script>\n<!-- \/ Yoast SEO plugin. -->","yoast_head_json":{"title":"Milo J imparable en Espa\u00f1a &#8902; Una y Mil Letras","description":"La joven promesa argentina, Milo J, agota las entradas para todas las fechas que componen su gira por Espa\u00f1a","robots":{"index":"index","follow":"follow","max-snippet":"max-snippet:-1","max-image-preview":"max-image-preview:large","max-video-preview":"max-video-preview:-1"},"canonical":"https:\/\/unaymilletras.com\/en\/milo-j-imparable-en-espana\/","og_locale":"en_GB","og_type":"article","og_title":"Milo J imparable en Espa\u00f1a &#8902; Una y Mil Letras","og_description":"La joven promesa argentina, Milo J, agota las entradas para todas las fechas que componen su gira por Espa\u00f1a","og_url":"https:\/\/unaymilletras.com\/en\/milo-j-imparable-en-espana\/","og_site_name":"Una y Mil Letras","article_published_time":"2024-02-14T12:18:08+00:00","article_modified_time":"2024-02-14T12:24:40+00:00","og_image":[{"width":600,"height":600,"url":"http:\/\/unaymilletras.com\/wp-content\/uploads\/2024\/02\/Milo-sold-out-e1707913168293.jpeg","type":"image\/jpeg"}],"author":"Maria Gil Robledo","twitter_card":"summary_large_image","twitter_creator":"@UnaYMilLetras","twitter_site":"@UnaYMilLetras","twitter_misc":{"Written by":"Maria Gil Robledo","Estimated reading time":"3 minutes"},"schema":{"@context":"https:\/\/schema.org","@graph":[{"@type":"Article","@id":"https:\/\/unaymilletras.com\/milo-j-imparable-en-espana\/#article","isPartOf":{"@id":"https:\/\/unaymilletras.com\/milo-j-imparable-en-espana\/"},"author":{"name":"Maria Gil Robledo","@id":"http:\/\/unaymilletras.com\/#\/schema\/person\/d55ba681b8a4e463d8982dbe36a5dc94"},"headline":"Milo J imparable en Espa\u00f1a","datePublished":"2024-02-14T12:18:08+00:00","dateModified":"2024-02-14T12:24:40+00:00","mainEntityOfPage":{"@id":"https:\/\/unaymilletras.com\/milo-j-imparable-en-espana\/"},"wordCount":344,"commentCount":0,"publisher":{"@id":"http:\/\/unaymilletras.com\/#organization"},"image":{"@id":"https:\/\/unaymilletras.com\/milo-j-imparable-en-espana\/#primaryimage"},"thumbnailUrl":"https:\/\/unaymilletras.com\/wp-content\/uploads\/2024\/02\/Milo-sold-out-e1707913168293.jpeg","articleSection":["M\u00fasica"],"inLanguage":"en-GB","potentialAction":[{"@type":"CommentAction","name":"Comment","target":["https:\/\/unaymilletras.com\/milo-j-imparable-en-espana\/#respond"]}]},{"@type":"WebPage","@id":"https:\/\/unaymilletras.com\/milo-j-imparable-en-espana\/","url":"https:\/\/unaymilletras.com\/milo-j-imparable-en-espana\/","name":"Milo J imparable en Espa\u00f1a &#8902; Una y Mil Letras","isPartOf":{"@id":"http:\/\/unaymilletras.com\/#website"},"primaryImageOfPage":{"@id":"https:\/\/unaymilletras.com\/milo-j-imparable-en-espana\/#primaryimage"},"image":{"@id":"https:\/\/unaymilletras.com\/milo-j-imparable-en-espana\/#primaryimage"},"thumbnailUrl":"https:\/\/unaymilletras.com\/wp-content\/uploads\/2024\/02\/Milo-sold-out-e1707913168293.jpeg","datePublished":"2024-02-14T12:18:08+00:00","dateModified":"2024-02-14T12:24:40+00:00","description":"La joven promesa argentina, Milo J, agota las entradas para todas las fechas que componen su gira por Espa\u00f1a","breadcrumb":{"@id":"https:\/\/unaymilletras.com\/milo-j-imparable-en-espana\/#breadcrumb"},"inLanguage":"en-GB","potentialAction":[{"@type":"ReadAction","target":["https:\/\/unaymilletras.com\/milo-j-imparable-en-espana\/"]}]},{"@type":"ImageObject","inLanguage":"en-GB","@id":"https:\/\/unaymilletras.com\/milo-j-imparable-en-espana\/#primaryimage","url":"https:\/\/unaymilletras.com\/wp-content\/uploads\/2024\/02\/Milo-sold-out-e1707913168293.jpeg","contentUrl":"https:\/\/unaymilletras.com\/wp-content\/uploads\/2024\/02\/Milo-sold-out-e1707913168293.jpeg","width":600,"height":600,"caption":"Milo J"},{"@type":"BreadcrumbList","@id":"https:\/\/unaymilletras.com\/milo-j-imparable-en-espana\/#breadcrumb","itemListElement":[{"@type":"ListItem","position":1,"name":"Home","item":"http:\/\/unaymilletras.com\/"},{"@type":"ListItem","position":2,"name":"Milo J imparable en Espa\u00f1a"}]},{"@type":"WebSite","@id":"http:\/\/unaymilletras.com\/#website","url":"http:\/\/unaymilletras.com\/","name":"Una y Mil Letras","description":"","publisher":{"@id":"http:\/\/unaymilletras.com\/#organization"},"potentialAction":[{"@type":"SearchAction","target":{"@type":"EntryPoint","urlTemplate":"http:\/\/unaymilletras.com\/?s={search_term_string}"},"query-input":{"@type":"PropertyValueSpecification","valueRequired":true,"valueName":"search_term_string"}}],"inLanguage":"en-GB"},{"@type":"Organization","@id":"http:\/\/unaymilletras.com\/#organization","name":"Una y Mil Letras","url":"http:\/\/unaymilletras.com\/","logo":{"@type":"ImageObject","inLanguage":"en-GB","@id":"http:\/\/unaymilletras.com\/#\/schema\/logo\/image\/","url":"https:\/\/unaymilletras.com\/wp-content\/uploads\/2024\/06\/cropped-Logo-removebg-preview.png","contentUrl":"https:\/\/unaymilletras.com\/wp-content\/uploads\/2024\/06\/cropped-Logo-removebg-preview.png","width":512,"height":512,"caption":"Una y Mil Letras"},"image":{"@id":"http:\/\/unaymilletras.com\/#\/schema\/logo\/image\/"},"sameAs":["https:\/\/x.com\/UnaYMilLetras","https:\/\/instagram.com\/UnaYMilLetras"]},{"@type":"Person","@id":"http:\/\/unaymilletras.com\/#\/schema\/person\/d55ba681b8a4e463d8982dbe36a5dc94","name":"Maria Gil Robledo","image":{"@type":"ImageObject","inLanguage":"en-GB","@id":"https:\/\/secure.gravatar.com\/avatar\/4b8e5102e0015789407eb4870b12f0f2857952d83ca124058f92b764bd1840c3?s=96&d=mm&r=g","url":"https:\/\/secure.gravatar.com\/avatar\/4b8e5102e0015789407eb4870b12f0f2857952d83ca124058f92b764bd1840c3?s=96&d=mm&r=g","contentUrl":"https:\/\/secure.gravatar.com\/avatar\/4b8e5102e0015789407eb4870b12f0f2857952d83ca124058f92b764bd1840c3?s=96&d=mm&r=g","caption":"Maria Gil Robledo"},"sameAs":["http:\/\/unaymilletras.com"],"url":"https:\/\/unaymilletras.com\/en\/author\/mariiagiil02_\/"}]}},"_links":{"self":[{"href":"https:\/\/unaymilletras.com\/en\/wp-json\/wp\/v2\/posts\/2153","targetHints":{"allow":["GET"]}}],"collection":[{"href":"https:\/\/unaymilletras.com\/en\/wp-json\/wp\/v2\/posts"}],"about":[{"href":"https:\/\/unaymilletras.com\/en\/wp-json\/wp\/v2\/types\/post"}],"author":[{"embeddable":true,"href":"https:\/\/unaymilletras.com\/en\/wp-json\/wp\/v2\/users\/1"}],"replies":[{"embeddable":true,"href":"https:\/\/unaymilletras.com\/en\/wp-json\/wp\/v2\/comments?post=2153"}],"version-history":[{"count":4,"href":"https:\/\/unaymilletras.com\/en\/wp-json\/wp\/v2\/posts\/2153\/revisions"}],"predecessor-version":[{"id":2158,"href":"https:\/\/unaymilletras.com\/en\/wp-json\/wp\/v2\/posts\/2153\/revisions\/2158"}],"wp:featuredmedia":[{"embeddable":true,"href":"https:\/\/unaymilletras.com\/en\/wp-json\/wp\/v2\/media\/2155"}],"wp:attachment":[{"href":"https:\/\/unaymilletras.com\/en\/wp-json\/wp\/v2\/media?parent=2153"}],"wp:term":[{"taxonomy":"category","embeddable":true,"href":"https:\/\/unaymilletras.com\/en\/wp-json\/wp\/v2\/categories?post=2153"},{"taxonomy":"post_tag","embeddable":true,"href":"https:\/\/unaymilletras.com\/en\/wp-json\/wp\/v2\/tags?post=2153"}],"curies":[{"name":"wp","href":"https:\/\/api.w.org\/{rel}","templated":true}]}}