{"id":2159,"date":"2024-02-14T20:40:23","date_gmt":"2024-02-14T19:40:23","guid":{"rendered":"https:\/\/unaymilletras.com\/?p=2159"},"modified":"2024-02-14T20:40:26","modified_gmt":"2024-02-14T19:40:26","slug":"la-gira-ot-2023-ya-tiene-nuevas-fechas","status":"publish","type":"post","link":"https:\/\/unaymilletras.com\/en\/la-gira-ot-2023-ya-tiene-nuevas-fechas\/","title":{"rendered":"La Gira OT 2023 ya tiene nuevas fechas"},"content":{"rendered":"<div data-elementor-type=\"wp-post\" data-elementor-id=\"2159\" class=\"elementor elementor-2159\">\n\t\t\t\t\t\t<section class=\"elementor-section elementor-top-section elementor-element elementor-element-a18dade elementor-section-boxed elementor-section-height-default elementor-section-height-default\" data-id=\"a18dade\" data-element_type=\"section\" data-e-type=\"section\">\n\t\t\t\t\t\t<div class=\"elementor-container elementor-column-gap-default\">\n\t\t\t\t\t<div class=\"elementor-column elementor-col-100 elementor-top-column elementor-element elementor-element-e01b5d6\" data-id=\"e01b5d6\" data-element_type=\"column\" data-e-type=\"column\">\n\t\t\t<div class=\"elementor-widget-wrap elementor-element-populated\">\n\t\t\t\t\t\t<div class=\"elementor-element elementor-element-e109656 elementor-widget elementor-widget-text-editor\" data-id=\"e109656\" data-element_type=\"widget\" data-e-type=\"widget\" data-widget_type=\"text-editor.default\">\n\t\t\t\t<div class=\"elementor-widget-container\">\n\t\t\t\t\t\t\t\t\t<h2 style=\"text-align: center;\"><span style=\"color: #808080;\">Bilbao, Fuengirola, Murcia, Sevilla, Granada, Zaragoza, El Puerto de Santa Mar\u00eda y Valencia se suman a la Gira OT 2023<\/span><\/h2>\t\t\t\t\t\t\t\t<\/div>\n\t\t\t\t<\/div>\n\t\t\t\t\t<\/div>\n\t\t<\/div>\n\t\t\t\t\t<\/div>\n\t\t<\/section>\n\t\t\t\t<section class=\"elementor-section elementor-top-section elementor-element elementor-element-32bb50b elementor-section-boxed elementor-section-height-default elementor-section-height-default\" data-id=\"32bb50b\" data-element_type=\"section\" data-e-type=\"section\">\n\t\t\t\t\t\t<div class=\"elementor-container elementor-column-gap-default\">\n\t\t\t\t\t<div class=\"elementor-column elementor-col-100 elementor-top-column elementor-element elementor-element-4f9ebf6\" data-id=\"4f9ebf6\" data-element_type=\"column\" data-e-type=\"column\">\n\t\t\t<div class=\"elementor-widget-wrap elementor-element-populated\">\n\t\t\t\t\t\t<div class=\"elementor-element elementor-element-3e139b8 elementor-widget elementor-widget-text-editor\" data-id=\"3e139b8\" data-element_type=\"widget\" data-e-type=\"widget\" data-widget_type=\"text-editor.default\">\n\t\t\t\t<div class=\"elementor-widget-container\">\n\t\t\t\t\t\t\t\t\t<p><b>La Gira OT 2023<\/b>, la m\u00e1s esperada del a\u00f1o, llevar\u00e1 la m\u00fasica en vivo de Operaci\u00f3n Triunfo 2023 a varias ciudades de Espa\u00f1a. Despu\u00e9s del agotamiento de entradas para los conciertos en Barcelona (1 y 2 de junio &#8211; Palau Sant Jordi) y Madrid (27 y 28 de junio &#8211; WiZink Center), Bilbao, Fuengirola, Murcia, Sevilla, Granada, Zaragoza, El Puerto de Santa Mar\u00eda y Valencia se suman a la lista de destinos.<\/p>\t\t\t\t\t\t\t\t<\/div>\n\t\t\t\t<\/div>\n\t\t\t\t\t<\/div>\n\t\t<\/div>\n\t\t\t\t\t<\/div>\n\t\t<\/section>\n\t\t\t\t<section class=\"elementor-section elementor-top-section elementor-element elementor-element-8ce31da elementor-section-boxed elementor-section-height-default elementor-section-height-default\" data-id=\"8ce31da\" data-element_type=\"section\" data-e-type=\"section\">\n\t\t\t\t\t\t<div class=\"elementor-container elementor-column-gap-default\">\n\t\t\t\t\t<div class=\"elementor-column elementor-col-100 elementor-top-column elementor-element elementor-element-eeb3b91\" data-id=\"eeb3b91\" data-element_type=\"column\" data-e-type=\"column\">\n\t\t\t<div class=\"elementor-widget-wrap elementor-element-populated\">\n\t\t\t\t\t\t<div class=\"elementor-element elementor-element-3e330ff elementor-widget elementor-widget-image\" data-id=\"3e330ff\" data-element_type=\"widget\" data-e-type=\"widget\" data-widget_type=\"image.default\">\n\t\t\t\t<div class=\"elementor-widget-container\">\n\t\t\t\t\t\t\t\t\t\t\t\t\t\t\t<img fetchpriority=\"high\" decoding=\"async\" width=\"640\" height=\"436\" src=\"https:\/\/unaymilletras.com\/wp-content\/uploads\/2024\/02\/GirOT-1024x698.jpeg\" class=\"attachment-large size-large wp-image-2162\" alt=\"Gira OT\" srcset=\"https:\/\/unaymilletras.com\/wp-content\/uploads\/2024\/02\/GirOT-1024x698.jpeg 1024w, https:\/\/unaymilletras.com\/wp-content\/uploads\/2024\/02\/GirOT-300x205.jpeg 300w, https:\/\/unaymilletras.com\/wp-content\/uploads\/2024\/02\/GirOT-768x524.jpeg 768w, https:\/\/unaymilletras.com\/wp-content\/uploads\/2024\/02\/GirOT-1536x1047.jpeg 1536w, https:\/\/unaymilletras.com\/wp-content\/uploads\/2024\/02\/GirOT-e1707939385994.jpeg 600w\" sizes=\"(max-width: 640px) 100vw, 640px\" \/>\t\t\t\t\t\t\t\t\t\t\t\t\t\t\t<\/div>\n\t\t\t\t<\/div>\n\t\t\t\t\t<\/div>\n\t\t<\/div>\n\t\t\t\t\t<\/div>\n\t\t<\/section>\n\t\t\t\t<section class=\"elementor-section elementor-top-section elementor-element elementor-element-28c61dd elementor-section-boxed elementor-section-height-default elementor-section-height-default\" data-id=\"28c61dd\" data-element_type=\"section\" data-e-type=\"section\">\n\t\t\t\t\t\t<div class=\"elementor-container elementor-column-gap-default\">\n\t\t\t\t\t<div class=\"elementor-column elementor-col-100 elementor-top-column elementor-element elementor-element-e1a35f9\" data-id=\"e1a35f9\" data-element_type=\"column\" data-e-type=\"column\">\n\t\t\t<div class=\"elementor-widget-wrap elementor-element-populated\">\n\t\t\t\t\t\t<div class=\"elementor-element elementor-element-04fe08a elementor-widget elementor-widget-text-editor\" data-id=\"04fe08a\" data-element_type=\"widget\" data-e-type=\"widget\" data-widget_type=\"text-editor.default\">\n\t\t\t\t<div class=\"elementor-widget-container\">\n\t\t\t\t\t\t\t\t\t<p>Operaci\u00f3n Triunfo 2023 sigue batiendo r\u00e9cords de popularidad. El estreno m\u00e1s visto de la historia de Prime Video en Espa\u00f1a y el liderazgo semanal en redes sociales lo consolidan como el mayor \u00e9xito televisivo del a\u00f1o. La gira se convierte en un nuevo hito al agotar las entradas para conciertos en grandes recintos. Entre ellos, el Palau Sant Jordi de Barcelona y el WiZink Center de Madrid.<\/p>\n<p>Fechas de la Gira OT:<\/p>\n<ul>\n<li><strong>27\/04 &#8211; Bilbao:<\/strong> Bizkaia Arena BEC!<\/li>\n<li><strong>18\/05 &#8211; Fuengirola:<\/strong> Marenostrum Fuengirola<\/li>\n<li><strong>24\/05 &#8211; Murcia:<\/strong> Plaza de Toros<\/li>\n<li><strong>01\/06 &#8211; Barcelona:<\/strong> Palau Sant Jordi &#8211; \u00a1AGOTADO!<\/li>\n<li><strong>02\/06 &#8211; Barcelona:<\/strong> Palau Sant Jordi &#8211; \u00a1\u00daLTIMAS ENTRADAS!<\/li>\n<li><strong>13\/06 &#8211; Sevilla:<\/strong> Estadio La Cartuja<\/li>\n<li><strong>15\/06 &#8211; Granada:<\/strong> El Cortijo del Conde<\/li>\n<li><strong>21\/06 &#8211; Zaragoza:<\/strong> Espacio Expo<\/li>\n<li><strong>27\/06 &#8211; Madrid:<\/strong> WiZink Center &#8211; \u00a1AGOTADO!<\/li>\n<li><strong>28\/06 &#8211; Madrid:<\/strong> WiZink Center &#8211; \u00a1\u00daLTIMAS ENTRADAS!<\/li>\n<li><strong>06\/07 &#8211; El Puerto de Santa Mar\u00eda:<\/strong> Plaza de Toros<\/li>\n<li><strong>13\/07 &#8211; Valencia:<\/strong> Estadio Ciutat de Val\u00e8ncia<\/li>\n<\/ul>\n<p>La venta privada para fans registrados comienza el jueves 15 de febrero a las 12:00 y la venta general abre el viernes 16 a la misma hora.<\/p>\t\t\t\t\t\t\t\t<\/div>\n\t\t\t\t<\/div>\n\t\t\t\t\t<\/div>\n\t\t<\/div>\n\t\t\t\t\t<\/div>\n\t\t<\/section>\n\t\t\t\t<\/div>","protected":false},"excerpt":{"rendered":"<p>Bilbao, Fuengirola, Murcia, Sevilla, Granada, Zaragoza, El Puerto de Santa Mar\u00eda y Valencia se suman a la Gira OT 2023 La Gira OT 2023, la m\u00e1s esperada del a\u00f1o, llevar\u00e1 la m\u00fasica en vivo de Operaci\u00f3n Triunfo 2023 a varias ciudades de Espa\u00f1a. Despu\u00e9s del agotamiento de entradas para los conciertos en Barcelona (1 y [&hellip;]<\/p>\n","protected":false},"author":1,"featured_media":2162,"comment_status":"open","ping_status":"open","sticky":false,"template":"","format":"standard","meta":{"footnotes":""},"categories":[119,4],"tags":[],"class_list":["post-2159","post","type-post","status-publish","format-standard","has-post-thumbnail","hentry","category-eventos","category-musica"],"yoast_head":"<!-- This site is optimized with the Yoast SEO plugin v27.4 - https:\/\/yoast.com\/product\/yoast-seo-wordpress\/ -->\n<title>La Gira OT 2023 ya tiene nuevas fechas<\/title>\n<meta name=\"description\" content=\"Bilbao, Fuengirola, Murcia, Sevilla, Granada, Zaragoza, El Puerto de Santa Mar\u00eda y Valencia se suman a la Gira OT 23\" \/>\n<meta name=\"robots\" content=\"index, follow, max-snippet:-1, max-image-preview:large, max-video-preview:-1\" \/>\n<link rel=\"canonical\" href=\"https:\/\/unaymilletras.com\/en\/la-gira-ot-2023-ya-tiene-nuevas-fechas\/\" \/>\n<meta property=\"og:locale\" content=\"en_GB\" \/>\n<meta property=\"og:type\" content=\"article\" \/>\n<meta property=\"og:title\" content=\"La Gira OT 2023 ya tiene nuevas fechas\" \/>\n<meta property=\"og:description\" content=\"Bilbao, Fuengirola, Murcia, Sevilla, Granada, Zaragoza, El Puerto de Santa Mar\u00eda y Valencia se suman a la Gira OT 23\" \/>\n<meta property=\"og:url\" content=\"https:\/\/unaymilletras.com\/en\/la-gira-ot-2023-ya-tiene-nuevas-fechas\/\" \/>\n<meta property=\"og:site_name\" content=\"Una y Mil Letras\" \/>\n<meta property=\"article:published_time\" content=\"2024-02-14T19:40:23+00:00\" \/>\n<meta property=\"article:modified_time\" content=\"2024-02-14T19:40:26+00:00\" \/>\n<meta property=\"og:image\" content=\"http:\/\/unaymilletras.com\/wp-content\/uploads\/2024\/02\/GirOT-e1707939385994.jpeg\" \/>\n\t<meta property=\"og:image:width\" content=\"600\" \/>\n\t<meta property=\"og:image:height\" content=\"409\" \/>\n\t<meta property=\"og:image:type\" content=\"image\/jpeg\" \/>\n<meta name=\"author\" content=\"Maria Gil Robledo\" \/>\n<meta name=\"twitter:card\" content=\"summary_large_image\" \/>\n<meta name=\"twitter:creator\" content=\"@UnaYMilLetras\" \/>\n<meta name=\"twitter:site\" content=\"@UnaYMilLetras\" \/>\n<meta name=\"twitter:label1\" content=\"Written by\" \/>\n\t<meta name=\"twitter:data1\" content=\"Maria Gil Robledo\" \/>\n\t<meta name=\"twitter:label2\" content=\"Estimated reading time\" \/>\n\t<meta name=\"twitter:data2\" content=\"2 minutes\" \/>\n<script type=\"application\/ld+json\" class=\"yoast-schema-graph\">{\"@context\":\"https:\\\/\\\/schema.org\",\"@graph\":[{\"@type\":\"Article\",\"@id\":\"https:\\\/\\\/unaymilletras.com\\\/la-gira-ot-2023-ya-tiene-nuevas-fechas\\\/#article\",\"isPartOf\":{\"@id\":\"https:\\\/\\\/unaymilletras.com\\\/la-gira-ot-2023-ya-tiene-nuevas-fechas\\\/\"},\"author\":{\"name\":\"Maria Gil Robledo\",\"@id\":\"http:\\\/\\\/unaymilletras.com\\\/#\\\/schema\\\/person\\\/d55ba681b8a4e463d8982dbe36a5dc94\"},\"headline\":\"La Gira OT 2023 ya tiene nuevas fechas\",\"datePublished\":\"2024-02-14T19:40:23+00:00\",\"dateModified\":\"2024-02-14T19:40:26+00:00\",\"mainEntityOfPage\":{\"@id\":\"https:\\\/\\\/unaymilletras.com\\\/la-gira-ot-2023-ya-tiene-nuevas-fechas\\\/\"},\"wordCount\":274,\"commentCount\":0,\"publisher\":{\"@id\":\"http:\\\/\\\/unaymilletras.com\\\/#organization\"},\"image\":{\"@id\":\"https:\\\/\\\/unaymilletras.com\\\/la-gira-ot-2023-ya-tiene-nuevas-fechas\\\/#primaryimage\"},\"thumbnailUrl\":\"https:\\\/\\\/unaymilletras.com\\\/wp-content\\\/uploads\\\/2024\\\/02\\\/GirOT-e1707939385994.jpeg\",\"articleSection\":[\"Eventos\",\"M\u00fasica\"],\"inLanguage\":\"en-GB\",\"potentialAction\":[{\"@type\":\"CommentAction\",\"name\":\"Comment\",\"target\":[\"https:\\\/\\\/unaymilletras.com\\\/la-gira-ot-2023-ya-tiene-nuevas-fechas\\\/#respond\"]}]},{\"@type\":\"WebPage\",\"@id\":\"https:\\\/\\\/unaymilletras.com\\\/la-gira-ot-2023-ya-tiene-nuevas-fechas\\\/\",\"url\":\"https:\\\/\\\/unaymilletras.com\\\/la-gira-ot-2023-ya-tiene-nuevas-fechas\\\/\",\"name\":\"La Gira OT 2023 ya tiene nuevas fechas\",\"isPartOf\":{\"@id\":\"http:\\\/\\\/unaymilletras.com\\\/#website\"},\"primaryImageOfPage\":{\"@id\":\"https:\\\/\\\/unaymilletras.com\\\/la-gira-ot-2023-ya-tiene-nuevas-fechas\\\/#primaryimage\"},\"image\":{\"@id\":\"https:\\\/\\\/unaymilletras.com\\\/la-gira-ot-2023-ya-tiene-nuevas-fechas\\\/#primaryimage\"},\"thumbnailUrl\":\"https:\\\/\\\/unaymilletras.com\\\/wp-content\\\/uploads\\\/2024\\\/02\\\/GirOT-e1707939385994.jpeg\",\"datePublished\":\"2024-02-14T19:40:23+00:00\",\"dateModified\":\"2024-02-14T19:40:26+00:00\",\"description\":\"Bilbao, Fuengirola, Murcia, Sevilla, Granada, Zaragoza, El Puerto de Santa Mar\u00eda y Valencia se suman a la Gira OT 23\",\"breadcrumb\":{\"@id\":\"https:\\\/\\\/unaymilletras.com\\\/la-gira-ot-2023-ya-tiene-nuevas-fechas\\\/#breadcrumb\"},\"inLanguage\":\"en-GB\",\"potentialAction\":[{\"@type\":\"ReadAction\",\"target\":[\"https:\\\/\\\/unaymilletras.com\\\/la-gira-ot-2023-ya-tiene-nuevas-fechas\\\/\"]}]},{\"@type\":\"ImageObject\",\"inLanguage\":\"en-GB\",\"@id\":\"https:\\\/\\\/unaymilletras.com\\\/la-gira-ot-2023-ya-tiene-nuevas-fechas\\\/#primaryimage\",\"url\":\"https:\\\/\\\/unaymilletras.com\\\/wp-content\\\/uploads\\\/2024\\\/02\\\/GirOT-e1707939385994.jpeg\",\"contentUrl\":\"https:\\\/\\\/unaymilletras.com\\\/wp-content\\\/uploads\\\/2024\\\/02\\\/GirOT-e1707939385994.jpeg\",\"width\":600,\"height\":409,\"caption\":\"Gira OT\"},{\"@type\":\"BreadcrumbList\",\"@id\":\"https:\\\/\\\/unaymilletras.com\\\/la-gira-ot-2023-ya-tiene-nuevas-fechas\\\/#breadcrumb\",\"itemListElement\":[{\"@type\":\"ListItem\",\"position\":1,\"name\":\"Home\",\"item\":\"http:\\\/\\\/unaymilletras.com\\\/\"},{\"@type\":\"ListItem\",\"position\":2,\"name\":\"La Gira OT 2023 ya tiene nuevas fechas\"}]},{\"@type\":\"WebSite\",\"@id\":\"http:\\\/\\\/unaymilletras.com\\\/#website\",\"url\":\"http:\\\/\\\/unaymilletras.com\\\/\",\"name\":\"Una y Mil Letras\",\"description\":\"\",\"publisher\":{\"@id\":\"http:\\\/\\\/unaymilletras.com\\\/#organization\"},\"potentialAction\":[{\"@type\":\"SearchAction\",\"target\":{\"@type\":\"EntryPoint\",\"urlTemplate\":\"http:\\\/\\\/unaymilletras.com\\\/?s={search_term_string}\"},\"query-input\":{\"@type\":\"PropertyValueSpecification\",\"valueRequired\":true,\"valueName\":\"search_term_string\"}}],\"inLanguage\":\"en-GB\"},{\"@type\":\"Organization\",\"@id\":\"http:\\\/\\\/unaymilletras.com\\\/#organization\",\"name\":\"Una y Mil Letras\",\"url\":\"http:\\\/\\\/unaymilletras.com\\\/\",\"logo\":{\"@type\":\"ImageObject\",\"inLanguage\":\"en-GB\",\"@id\":\"http:\\\/\\\/unaymilletras.com\\\/#\\\/schema\\\/logo\\\/image\\\/\",\"url\":\"https:\\\/\\\/unaymilletras.com\\\/wp-content\\\/uploads\\\/2024\\\/06\\\/cropped-Logo-removebg-preview.png\",\"contentUrl\":\"https:\\\/\\\/unaymilletras.com\\\/wp-content\\\/uploads\\\/2024\\\/06\\\/cropped-Logo-removebg-preview.png\",\"width\":512,\"height\":512,\"caption\":\"Una y Mil Letras\"},\"image\":{\"@id\":\"http:\\\/\\\/unaymilletras.com\\\/#\\\/schema\\\/logo\\\/image\\\/\"},\"sameAs\":[\"https:\\\/\\\/x.com\\\/UnaYMilLetras\",\"https:\\\/\\\/instagram.com\\\/UnaYMilLetras\"]},{\"@type\":\"Person\",\"@id\":\"http:\\\/\\\/unaymilletras.com\\\/#\\\/schema\\\/person\\\/d55ba681b8a4e463d8982dbe36a5dc94\",\"name\":\"Maria Gil Robledo\",\"image\":{\"@type\":\"ImageObject\",\"inLanguage\":\"en-GB\",\"@id\":\"https:\\\/\\\/secure.gravatar.com\\\/avatar\\\/4b8e5102e0015789407eb4870b12f0f2857952d83ca124058f92b764bd1840c3?s=96&d=mm&r=g\",\"url\":\"https:\\\/\\\/secure.gravatar.com\\\/avatar\\\/4b8e5102e0015789407eb4870b12f0f2857952d83ca124058f92b764bd1840c3?s=96&d=mm&r=g\",\"contentUrl\":\"https:\\\/\\\/secure.gravatar.com\\\/avatar\\\/4b8e5102e0015789407eb4870b12f0f2857952d83ca124058f92b764bd1840c3?s=96&d=mm&r=g\",\"caption\":\"Maria Gil Robledo\"},\"sameAs\":[\"http:\\\/\\\/unaymilletras.com\"],\"url\":\"https:\\\/\\\/unaymilletras.com\\\/en\\\/author\\\/mariiagiil02_\\\/\"}]}<\/script>\n<!-- \/ Yoast SEO plugin. -->","yoast_head_json":{"title":"La Gira OT 2023 ya tiene nuevas fechas","description":"Bilbao, Fuengirola, Murcia, Sevilla, Granada, Zaragoza, El Puerto de Santa Mar\u00eda y Valencia se suman a la Gira OT 23","robots":{"index":"index","follow":"follow","max-snippet":"max-snippet:-1","max-image-preview":"max-image-preview:large","max-video-preview":"max-video-preview:-1"},"canonical":"https:\/\/unaymilletras.com\/en\/la-gira-ot-2023-ya-tiene-nuevas-fechas\/","og_locale":"en_GB","og_type":"article","og_title":"La Gira OT 2023 ya tiene nuevas fechas","og_description":"Bilbao, Fuengirola, Murcia, Sevilla, Granada, Zaragoza, El Puerto de Santa Mar\u00eda y Valencia se suman a la Gira OT 23","og_url":"https:\/\/unaymilletras.com\/en\/la-gira-ot-2023-ya-tiene-nuevas-fechas\/","og_site_name":"Una y Mil Letras","article_published_time":"2024-02-14T19:40:23+00:00","article_modified_time":"2024-02-14T19:40:26+00:00","og_image":[{"width":600,"height":409,"url":"http:\/\/unaymilletras.com\/wp-content\/uploads\/2024\/02\/GirOT-e1707939385994.jpeg","type":"image\/jpeg"}],"author":"Maria Gil Robledo","twitter_card":"summary_large_image","twitter_creator":"@UnaYMilLetras","twitter_site":"@UnaYMilLetras","twitter_misc":{"Written by":"Maria Gil Robledo","Estimated reading time":"2 minutes"},"schema":{"@context":"https:\/\/schema.org","@graph":[{"@type":"Article","@id":"https:\/\/unaymilletras.com\/la-gira-ot-2023-ya-tiene-nuevas-fechas\/#article","isPartOf":{"@id":"https:\/\/unaymilletras.com\/la-gira-ot-2023-ya-tiene-nuevas-fechas\/"},"author":{"name":"Maria Gil Robledo","@id":"http:\/\/unaymilletras.com\/#\/schema\/person\/d55ba681b8a4e463d8982dbe36a5dc94"},"headline":"La Gira OT 2023 ya tiene nuevas fechas","datePublished":"2024-02-14T19:40:23+00:00","dateModified":"2024-02-14T19:40:26+00:00","mainEntityOfPage":{"@id":"https:\/\/unaymilletras.com\/la-gira-ot-2023-ya-tiene-nuevas-fechas\/"},"wordCount":274,"commentCount":0,"publisher":{"@id":"http:\/\/unaymilletras.com\/#organization"},"image":{"@id":"https:\/\/unaymilletras.com\/la-gira-ot-2023-ya-tiene-nuevas-fechas\/#primaryimage"},"thumbnailUrl":"https:\/\/unaymilletras.com\/wp-content\/uploads\/2024\/02\/GirOT-e1707939385994.jpeg","articleSection":["Eventos","M\u00fasica"],"inLanguage":"en-GB","potentialAction":[{"@type":"CommentAction","name":"Comment","target":["https:\/\/unaymilletras.com\/la-gira-ot-2023-ya-tiene-nuevas-fechas\/#respond"]}]},{"@type":"WebPage","@id":"https:\/\/unaymilletras.com\/la-gira-ot-2023-ya-tiene-nuevas-fechas\/","url":"https:\/\/unaymilletras.com\/la-gira-ot-2023-ya-tiene-nuevas-fechas\/","name":"La Gira OT 2023 ya tiene nuevas fechas","isPartOf":{"@id":"http:\/\/unaymilletras.com\/#website"},"primaryImageOfPage":{"@id":"https:\/\/unaymilletras.com\/la-gira-ot-2023-ya-tiene-nuevas-fechas\/#primaryimage"},"image":{"@id":"https:\/\/unaymilletras.com\/la-gira-ot-2023-ya-tiene-nuevas-fechas\/#primaryimage"},"thumbnailUrl":"https:\/\/unaymilletras.com\/wp-content\/uploads\/2024\/02\/GirOT-e1707939385994.jpeg","datePublished":"2024-02-14T19:40:23+00:00","dateModified":"2024-02-14T19:40:26+00:00","description":"Bilbao, Fuengirola, Murcia, Sevilla, Granada, Zaragoza, El Puerto de Santa Mar\u00eda y Valencia se suman a la Gira OT 23","breadcrumb":{"@id":"https:\/\/unaymilletras.com\/la-gira-ot-2023-ya-tiene-nuevas-fechas\/#breadcrumb"},"inLanguage":"en-GB","potentialAction":[{"@type":"ReadAction","target":["https:\/\/unaymilletras.com\/la-gira-ot-2023-ya-tiene-nuevas-fechas\/"]}]},{"@type":"ImageObject","inLanguage":"en-GB","@id":"https:\/\/unaymilletras.com\/la-gira-ot-2023-ya-tiene-nuevas-fechas\/#primaryimage","url":"https:\/\/unaymilletras.com\/wp-content\/uploads\/2024\/02\/GirOT-e1707939385994.jpeg","contentUrl":"https:\/\/unaymilletras.com\/wp-content\/uploads\/2024\/02\/GirOT-e1707939385994.jpeg","width":600,"height":409,"caption":"Gira OT"},{"@type":"BreadcrumbList","@id":"https:\/\/unaymilletras.com\/la-gira-ot-2023-ya-tiene-nuevas-fechas\/#breadcrumb","itemListElement":[{"@type":"ListItem","position":1,"name":"Home","item":"http:\/\/unaymilletras.com\/"},{"@type":"ListItem","position":2,"name":"La Gira OT 2023 ya tiene nuevas fechas"}]},{"@type":"WebSite","@id":"http:\/\/unaymilletras.com\/#website","url":"http:\/\/unaymilletras.com\/","name":"Una y Mil Letras","description":"","publisher":{"@id":"http:\/\/unaymilletras.com\/#organization"},"potentialAction":[{"@type":"SearchAction","target":{"@type":"EntryPoint","urlTemplate":"http:\/\/unaymilletras.com\/?s={search_term_string}"},"query-input":{"@type":"PropertyValueSpecification","valueRequired":true,"valueName":"search_term_string"}}],"inLanguage":"en-GB"},{"@type":"Organization","@id":"http:\/\/unaymilletras.com\/#organization","name":"Una y Mil Letras","url":"http:\/\/unaymilletras.com\/","logo":{"@type":"ImageObject","inLanguage":"en-GB","@id":"http:\/\/unaymilletras.com\/#\/schema\/logo\/image\/","url":"https:\/\/unaymilletras.com\/wp-content\/uploads\/2024\/06\/cropped-Logo-removebg-preview.png","contentUrl":"https:\/\/unaymilletras.com\/wp-content\/uploads\/2024\/06\/cropped-Logo-removebg-preview.png","width":512,"height":512,"caption":"Una y Mil Letras"},"image":{"@id":"http:\/\/unaymilletras.com\/#\/schema\/logo\/image\/"},"sameAs":["https:\/\/x.com\/UnaYMilLetras","https:\/\/instagram.com\/UnaYMilLetras"]},{"@type":"Person","@id":"http:\/\/unaymilletras.com\/#\/schema\/person\/d55ba681b8a4e463d8982dbe36a5dc94","name":"Maria Gil Robledo","image":{"@type":"ImageObject","inLanguage":"en-GB","@id":"https:\/\/secure.gravatar.com\/avatar\/4b8e5102e0015789407eb4870b12f0f2857952d83ca124058f92b764bd1840c3?s=96&d=mm&r=g","url":"https:\/\/secure.gravatar.com\/avatar\/4b8e5102e0015789407eb4870b12f0f2857952d83ca124058f92b764bd1840c3?s=96&d=mm&r=g","contentUrl":"https:\/\/secure.gravatar.com\/avatar\/4b8e5102e0015789407eb4870b12f0f2857952d83ca124058f92b764bd1840c3?s=96&d=mm&r=g","caption":"Maria Gil Robledo"},"sameAs":["http:\/\/unaymilletras.com"],"url":"https:\/\/unaymilletras.com\/en\/author\/mariiagiil02_\/"}]}},"_links":{"self":[{"href":"https:\/\/unaymilletras.com\/en\/wp-json\/wp\/v2\/posts\/2159","targetHints":{"allow":["GET"]}}],"collection":[{"href":"https:\/\/unaymilletras.com\/en\/wp-json\/wp\/v2\/posts"}],"about":[{"href":"https:\/\/unaymilletras.com\/en\/wp-json\/wp\/v2\/types\/post"}],"author":[{"embeddable":true,"href":"https:\/\/unaymilletras.com\/en\/wp-json\/wp\/v2\/users\/1"}],"replies":[{"embeddable":true,"href":"https:\/\/unaymilletras.com\/en\/wp-json\/wp\/v2\/comments?post=2159"}],"version-history":[{"count":5,"href":"https:\/\/unaymilletras.com\/en\/wp-json\/wp\/v2\/posts\/2159\/revisions"}],"predecessor-version":[{"id":2165,"href":"https:\/\/unaymilletras.com\/en\/wp-json\/wp\/v2\/posts\/2159\/revisions\/2165"}],"wp:featuredmedia":[{"embeddable":true,"href":"https:\/\/unaymilletras.com\/en\/wp-json\/wp\/v2\/media\/2162"}],"wp:attachment":[{"href":"https:\/\/unaymilletras.com\/en\/wp-json\/wp\/v2\/media?parent=2159"}],"wp:term":[{"taxonomy":"category","embeddable":true,"href":"https:\/\/unaymilletras.com\/en\/wp-json\/wp\/v2\/categories?post=2159"},{"taxonomy":"post_tag","embeddable":true,"href":"https:\/\/unaymilletras.com\/en\/wp-json\/wp\/v2\/tags?post=2159"}],"curies":[{"name":"wp","href":"https:\/\/api.w.org\/{rel}","templated":true}]}}