{"id":2174,"date":"2024-02-16T18:46:25","date_gmt":"2024-02-16T17:46:25","guid":{"rendered":"https:\/\/unaymilletras.com\/?p=2174"},"modified":"2024-02-16T18:51:40","modified_gmt":"2024-02-16T17:51:40","slug":"el-album-de-despedida-de-funzo-y-baby-loud-ya-esta-disponible","status":"publish","type":"post","link":"https:\/\/unaymilletras.com\/en\/el-album-de-despedida-de-funzo-y-baby-loud-ya-esta-disponible\/","title":{"rendered":"El \u00e1lbum de despedida de Funzo y Baby Loud ya est\u00e1 disponible"},"content":{"rendered":"<div data-elementor-type=\"wp-post\" data-elementor-id=\"2174\" class=\"elementor elementor-2174\">\n\t\t\t\t\t\t<section class=\"elementor-section elementor-top-section elementor-element elementor-element-e6cbfe5 elementor-section-boxed elementor-section-height-default elementor-section-height-default\" data-id=\"e6cbfe5\" data-element_type=\"section\" data-e-type=\"section\">\n\t\t\t\t\t\t<div class=\"elementor-container elementor-column-gap-default\">\n\t\t\t\t\t<div class=\"elementor-column elementor-col-100 elementor-top-column elementor-element elementor-element-5e9b326\" data-id=\"5e9b326\" data-element_type=\"column\" data-e-type=\"column\">\n\t\t\t<div class=\"elementor-widget-wrap elementor-element-populated\">\n\t\t\t\t\t\t<div class=\"elementor-element elementor-element-31899c5 elementor-widget elementor-widget-text-editor\" data-id=\"31899c5\" data-element_type=\"widget\" data-e-type=\"widget\" data-widget_type=\"text-editor.default\">\n\t\t\t\t<div class=\"elementor-widget-container\">\n\t\t\t\t\t\t\t\t\t<h2 style=\"text-align: center;\"><span style=\"color: #808080;\"><em>Funzo y Baby Loud acaban de estrenar su nuevo disco con 14 canciones que pondr\u00e1n punto final a su carrera musical<\/em><\/span><\/h2>\t\t\t\t\t\t\t\t<\/div>\n\t\t\t\t<\/div>\n\t\t\t\t\t<\/div>\n\t\t<\/div>\n\t\t\t\t\t<\/div>\n\t\t<\/section>\n\t\t\t\t<section class=\"elementor-section elementor-top-section elementor-element elementor-element-43836ac elementor-section-boxed elementor-section-height-default elementor-section-height-default\" data-id=\"43836ac\" data-element_type=\"section\" data-e-type=\"section\">\n\t\t\t\t\t\t<div class=\"elementor-container elementor-column-gap-default\">\n\t\t\t\t\t<div class=\"elementor-column elementor-col-100 elementor-top-column elementor-element elementor-element-31f1390\" data-id=\"31f1390\" data-element_type=\"column\" data-e-type=\"column\">\n\t\t\t<div class=\"elementor-widget-wrap elementor-element-populated\">\n\t\t\t\t\t\t<div class=\"elementor-element elementor-element-5a44a15 elementor-widget elementor-widget-text-editor\" data-id=\"5a44a15\" data-element_type=\"widget\" data-e-type=\"widget\" data-widget_type=\"text-editor.default\">\n\t\t\t\t<div class=\"elementor-widget-container\">\n\t\t\t\t\t\t\t\t\t<p><strong><em>PALANTE<\/em><\/strong> es el nuevo y \u00faltimo \u00e1lbum de <strong>Funzo y Baby Loud<\/strong>. Dentro de \u00e9l hay 14 de temas, de los cuales ya se conoc\u00edan tres de ellos. <em>PALANTE<\/em>, <em>ALICANTINA<\/em> y <em>PELO RIZAO<\/em>. Cada tema se acompa\u00f1a de un videoclip que quiere hacer la experiencia de los fans lo m\u00e1s visible posible.<\/p><p>Los distintos temas que forman este nuevo \u00e1lbum mezclan una amplia variedad de g\u00e9neros musicales. En \u00e9l se pueden encontrar desde ritmos latinos hasta algunas influencias hip-hop. Todas las pistas que componen <em>Palante<\/em> describen a la perfecci\u00f3n a Funzo y Baby Loud como artistas. Reflejan tanto sus inquietudes musicales como personales que nacen de ellos.<\/p>\t\t\t\t\t\t\t\t<\/div>\n\t\t\t\t<\/div>\n\t\t\t\t\t<\/div>\n\t\t<\/div>\n\t\t\t\t\t<\/div>\n\t\t<\/section>\n\t\t\t\t<section class=\"elementor-section elementor-top-section elementor-element elementor-element-1ede7ef elementor-section-boxed elementor-section-height-default elementor-section-height-default\" data-id=\"1ede7ef\" data-element_type=\"section\" data-e-type=\"section\">\n\t\t\t\t\t\t<div class=\"elementor-container elementor-column-gap-default\">\n\t\t\t\t\t<div class=\"elementor-column elementor-col-100 elementor-top-column elementor-element elementor-element-eb1c560\" data-id=\"eb1c560\" data-element_type=\"column\" data-e-type=\"column\">\n\t\t\t<div class=\"elementor-widget-wrap elementor-element-populated\">\n\t\t\t\t\t\t<div class=\"elementor-element elementor-element-df809c1 elementor-widget elementor-widget-video\" data-id=\"df809c1\" data-element_type=\"widget\" data-e-type=\"widget\" data-settings=\"{&quot;youtube_url&quot;:&quot;https:\\\/\\\/www.youtube.com\\\/watch?v=uwkLi85NzAo&amp;ab_channel=NegativeCloudVEVO&quot;,&quot;video_type&quot;:&quot;youtube&quot;,&quot;controls&quot;:&quot;yes&quot;}\" data-widget_type=\"video.default\">\n\t\t\t\t<div class=\"elementor-widget-container\">\n\t\t\t\t\t\t\t<div class=\"elementor-wrapper elementor-open-inline\">\n\t\t\t<div class=\"elementor-video\"><\/div>\t\t<\/div>\n\t\t\t\t\t\t<\/div>\n\t\t\t\t<\/div>\n\t\t\t\t\t<\/div>\n\t\t<\/div>\n\t\t\t\t\t<\/div>\n\t\t<\/section>\n\t\t\t\t<section class=\"elementor-section elementor-top-section elementor-element elementor-element-0377be2 elementor-section-boxed elementor-section-height-default elementor-section-height-default\" data-id=\"0377be2\" data-element_type=\"section\" data-e-type=\"section\">\n\t\t\t\t\t\t<div class=\"elementor-container elementor-column-gap-default\">\n\t\t\t\t\t<div class=\"elementor-column elementor-col-100 elementor-top-column elementor-element elementor-element-88e8526\" data-id=\"88e8526\" data-element_type=\"column\" data-e-type=\"column\">\n\t\t\t<div class=\"elementor-widget-wrap elementor-element-populated\">\n\t\t\t\t\t\t<div class=\"elementor-element elementor-element-5f91898 elementor-widget elementor-widget-text-editor\" data-id=\"5f91898\" data-element_type=\"widget\" data-e-type=\"widget\" data-widget_type=\"text-editor.default\">\n\t\t\t\t<div class=\"elementor-widget-container\">\n\t\t\t\t\t\t\t\t\t<p><em>PRESS BANCA<\/em> tiene una \u00e9pica ambiciosa y descomunal y promete ser una de las canciones m\u00e1s coreadas en el directo. Por su parte, <em>BLACK OPIUM<\/em> o <em>CRUCES<\/em> tienen un ritmo urbano-latino envuelto en oscuridad y chuler\u00eda que poseen los elementos necesarios para convertirse en dos de los grandes rompepistas de este a\u00f1o. <em>LA PIBA DEL GYM<\/em> bebe de <em>ALICANTINA<\/em> o <span style=\"color: #808080;\"><a style=\"color: #808080;\" href=\"https:\/\/open.spotify.com\/intl-es\/track\/47csYgBczYT8ZmX7nkOsWo?si=4568d3f75e0a4ba2\"><em>PELO RIZAO<\/em><\/a><\/span> convirti\u00e9ndose en uno de los temas m\u00e1s interesantes de este \u00e1lbum.<\/p><p>Ah\u00ed est\u00e1 la gran fortaleza de <em>PALANTE<\/em>: haber encontrado el equilibrio perfecto en una gran variedad de sonidos gracias a la versatilidad y talento de Funzo y Baby Loud. Temas como <em>INTERESTELAR<\/em>, <em>HURAC\u00c1N<\/em> o <em>GRAFFITI<\/em> demuestran, por en\u00e9sima vez, que nadie hace himnos generacionales como el d\u00fao alicantino.<\/p>\t\t\t\t\t\t\t\t<\/div>\n\t\t\t\t<\/div>\n\t\t\t\t\t<\/div>\n\t\t<\/div>\n\t\t\t\t\t<\/div>\n\t\t<\/section>\n\t\t\t\t<section class=\"elementor-section elementor-top-section elementor-element elementor-element-593b6d8 elementor-section-boxed elementor-section-height-default elementor-section-height-default\" data-id=\"593b6d8\" data-element_type=\"section\" data-e-type=\"section\">\n\t\t\t\t\t\t<div class=\"elementor-container elementor-column-gap-default\">\n\t\t\t\t\t<div class=\"elementor-column elementor-col-100 elementor-top-column elementor-element elementor-element-4b41383\" data-id=\"4b41383\" data-element_type=\"column\" data-e-type=\"column\">\n\t\t\t<div class=\"elementor-widget-wrap elementor-element-populated\">\n\t\t\t\t\t\t<div class=\"elementor-element elementor-element-3f55287 elementor-widget elementor-widget-image\" data-id=\"3f55287\" data-element_type=\"widget\" data-e-type=\"widget\" data-widget_type=\"image.default\">\n\t\t\t\t<div class=\"elementor-widget-container\">\n\t\t\t\t\t\t\t\t\t\t\t\t\t\t\t<img fetchpriority=\"high\" decoding=\"async\" width=\"640\" height=\"640\" src=\"https:\/\/unaymilletras.com\/wp-content\/uploads\/2024\/02\/fybl-1024x1024.jpeg\" class=\"attachment-large size-large wp-image-2176\" alt=\"Funzo y Baby Loud\" srcset=\"https:\/\/unaymilletras.com\/wp-content\/uploads\/2024\/02\/fybl-1024x1023.jpeg 1024w, https:\/\/unaymilletras.com\/wp-content\/uploads\/2024\/02\/fybl-300x300.jpeg 300w, https:\/\/unaymilletras.com\/wp-content\/uploads\/2024\/02\/fybl-150x150.jpeg 150w, https:\/\/unaymilletras.com\/wp-content\/uploads\/2024\/02\/fybl-768x767.jpeg 768w, https:\/\/unaymilletras.com\/wp-content\/uploads\/2024\/02\/fybl-e1708105756376.jpeg 600w\" sizes=\"(max-width: 640px) 100vw, 640px\" \/>\t\t\t\t\t\t\t\t\t\t\t\t\t\t\t<\/div>\n\t\t\t\t<\/div>\n\t\t\t\t\t<\/div>\n\t\t<\/div>\n\t\t\t\t\t<\/div>\n\t\t<\/section>\n\t\t\t\t<section class=\"elementor-section elementor-top-section elementor-element elementor-element-0bd7259 elementor-section-boxed elementor-section-height-default elementor-section-height-default\" data-id=\"0bd7259\" data-element_type=\"section\" data-e-type=\"section\">\n\t\t\t\t\t\t<div class=\"elementor-container elementor-column-gap-default\">\n\t\t\t\t\t<div class=\"elementor-column elementor-col-100 elementor-top-column elementor-element elementor-element-074dea4\" data-id=\"074dea4\" data-element_type=\"column\" data-e-type=\"column\">\n\t\t\t<div class=\"elementor-widget-wrap elementor-element-populated\">\n\t\t\t\t\t\t<div class=\"elementor-element elementor-element-2220b54 elementor-widget elementor-widget-text-editor\" data-id=\"2220b54\" data-element_type=\"widget\" data-e-type=\"widget\" data-widget_type=\"text-editor.default\">\n\t\t\t\t<div class=\"elementor-widget-container\">\n\t\t\t\t\t\t\t\t\t<p>Funzo y Baby Loud se han consolidado como dos de los artistas m\u00e1s representativos de su generaci\u00f3n. Pioneros en la nueva ola del pop espa\u00f1ol, los hermanos pon\u00edan a la venta el pasado 17 de diciembre las entradas para los conciertos de su gira de despedida.<span style=\"color: #808080;\"><a style=\"color: #808080;\" href=\"https:\/\/unaymilletras.com\/en\/funzo-y-baby-loud-anuncian-su-gira-de-despedida\/\"> <strong><em>Negative Cloud Pa\u2019 Siempre Tour<\/em><\/strong><\/a><\/span> ser\u00e1 la \u00faltima oportunidad de verlos en directo. El tour cuenta con 19 fechas repartidas por toda Espa\u00f1a y de las cuales muchas ya han agotado sus entradas.<\/p>\t\t\t\t\t\t\t\t<\/div>\n\t\t\t\t<\/div>\n\t\t\t\t\t<\/div>\n\t\t<\/div>\n\t\t\t\t\t<\/div>\n\t\t<\/section>\n\t\t\t\t<\/div>","protected":false},"excerpt":{"rendered":"<p>Funzo y Baby Loud acaban de estrenar su nuevo disco con 14 canciones que pondr\u00e1n punto final a su carrera musical PALANTE es el nuevo y \u00faltimo \u00e1lbum de Funzo y Baby Loud. Dentro de \u00e9l hay 14 de temas, de los cuales ya se conoc\u00edan tres de ellos. PALANTE, ALICANTINA y PELO RIZAO. Cada [&hellip;]<\/p>\n","protected":false},"author":1,"featured_media":2176,"comment_status":"open","ping_status":"open","sticky":false,"template":"","format":"standard","meta":{"footnotes":""},"categories":[4],"tags":[],"class_list":["post-2174","post","type-post","status-publish","format-standard","has-post-thumbnail","hentry","category-musica"],"yoast_head":"<!-- This site is optimized with the Yoast SEO plugin v27.4 - https:\/\/yoast.com\/product\/yoast-seo-wordpress\/ -->\n<title>El \u00e1lbum de despedida de Funzo y Baby Loud ya est\u00e1 disponible<\/title>\n<meta name=\"description\" content=\"Funzo y Baby Loud acaban de estrenar su nuevo disco con 14 canciones que pondr\u00e1n punto final a su carrera musical\" \/>\n<meta name=\"robots\" content=\"index, follow, max-snippet:-1, max-image-preview:large, max-video-preview:-1\" \/>\n<link rel=\"canonical\" href=\"https:\/\/unaymilletras.com\/en\/el-album-de-despedida-de-funzo-y-baby-loud-ya-esta-disponible\/\" \/>\n<meta property=\"og:locale\" content=\"en_GB\" \/>\n<meta property=\"og:type\" content=\"article\" \/>\n<meta property=\"og:title\" content=\"El \u00e1lbum de despedida de Funzo y Baby Loud ya est\u00e1 disponible\" \/>\n<meta property=\"og:description\" content=\"Funzo y Baby Loud acaban de estrenar su nuevo disco con 14 canciones que pondr\u00e1n punto final a su carrera musical\" \/>\n<meta property=\"og:url\" content=\"https:\/\/unaymilletras.com\/en\/el-album-de-despedida-de-funzo-y-baby-loud-ya-esta-disponible\/\" \/>\n<meta property=\"og:site_name\" content=\"Una y Mil Letras\" \/>\n<meta property=\"article:published_time\" content=\"2024-02-16T17:46:25+00:00\" \/>\n<meta property=\"article:modified_time\" content=\"2024-02-16T17:51:40+00:00\" \/>\n<meta property=\"og:image\" content=\"http:\/\/unaymilletras.com\/wp-content\/uploads\/2024\/02\/fybl-e1708105756376.jpeg\" \/>\n\t<meta property=\"og:image:width\" content=\"600\" \/>\n\t<meta property=\"og:image:height\" content=\"599\" \/>\n\t<meta property=\"og:image:type\" content=\"image\/jpeg\" \/>\n<meta name=\"author\" content=\"Maria Gil Robledo\" \/>\n<meta name=\"twitter:card\" content=\"summary_large_image\" \/>\n<meta name=\"twitter:creator\" content=\"@UnaYMilLetras\" \/>\n<meta name=\"twitter:site\" content=\"@UnaYMilLetras\" \/>\n<meta name=\"twitter:label1\" content=\"Written by\" \/>\n\t<meta name=\"twitter:data1\" content=\"Maria Gil Robledo\" \/>\n\t<meta name=\"twitter:label2\" content=\"Estimated reading time\" \/>\n\t<meta name=\"twitter:data2\" content=\"2 minutes\" \/>\n<script type=\"application\/ld+json\" class=\"yoast-schema-graph\">{\"@context\":\"https:\\\/\\\/schema.org\",\"@graph\":[{\"@type\":\"Article\",\"@id\":\"https:\\\/\\\/unaymilletras.com\\\/el-album-de-despedida-de-funzo-y-baby-loud-ya-esta-disponible\\\/#article\",\"isPartOf\":{\"@id\":\"https:\\\/\\\/unaymilletras.com\\\/el-album-de-despedida-de-funzo-y-baby-loud-ya-esta-disponible\\\/\"},\"author\":{\"name\":\"Maria Gil Robledo\",\"@id\":\"http:\\\/\\\/unaymilletras.com\\\/#\\\/schema\\\/person\\\/d55ba681b8a4e463d8982dbe36a5dc94\"},\"headline\":\"El \u00e1lbum de despedida de Funzo y Baby Loud ya est\u00e1 disponible\",\"datePublished\":\"2024-02-16T17:46:25+00:00\",\"dateModified\":\"2024-02-16T17:51:40+00:00\",\"mainEntityOfPage\":{\"@id\":\"https:\\\/\\\/unaymilletras.com\\\/el-album-de-despedida-de-funzo-y-baby-loud-ya-esta-disponible\\\/\"},\"wordCount\":366,\"commentCount\":0,\"publisher\":{\"@id\":\"http:\\\/\\\/unaymilletras.com\\\/#organization\"},\"image\":{\"@id\":\"https:\\\/\\\/unaymilletras.com\\\/el-album-de-despedida-de-funzo-y-baby-loud-ya-esta-disponible\\\/#primaryimage\"},\"thumbnailUrl\":\"https:\\\/\\\/unaymilletras.com\\\/wp-content\\\/uploads\\\/2024\\\/02\\\/fybl-e1708105756376.jpeg\",\"articleSection\":[\"M\u00fasica\"],\"inLanguage\":\"en-GB\",\"potentialAction\":[{\"@type\":\"CommentAction\",\"name\":\"Comment\",\"target\":[\"https:\\\/\\\/unaymilletras.com\\\/el-album-de-despedida-de-funzo-y-baby-loud-ya-esta-disponible\\\/#respond\"]}]},{\"@type\":\"WebPage\",\"@id\":\"https:\\\/\\\/unaymilletras.com\\\/el-album-de-despedida-de-funzo-y-baby-loud-ya-esta-disponible\\\/\",\"url\":\"https:\\\/\\\/unaymilletras.com\\\/el-album-de-despedida-de-funzo-y-baby-loud-ya-esta-disponible\\\/\",\"name\":\"El \u00e1lbum de despedida de Funzo y Baby Loud ya est\u00e1 disponible\",\"isPartOf\":{\"@id\":\"http:\\\/\\\/unaymilletras.com\\\/#website\"},\"primaryImageOfPage\":{\"@id\":\"https:\\\/\\\/unaymilletras.com\\\/el-album-de-despedida-de-funzo-y-baby-loud-ya-esta-disponible\\\/#primaryimage\"},\"image\":{\"@id\":\"https:\\\/\\\/unaymilletras.com\\\/el-album-de-despedida-de-funzo-y-baby-loud-ya-esta-disponible\\\/#primaryimage\"},\"thumbnailUrl\":\"https:\\\/\\\/unaymilletras.com\\\/wp-content\\\/uploads\\\/2024\\\/02\\\/fybl-e1708105756376.jpeg\",\"datePublished\":\"2024-02-16T17:46:25+00:00\",\"dateModified\":\"2024-02-16T17:51:40+00:00\",\"description\":\"Funzo y Baby Loud acaban de estrenar su nuevo disco con 14 canciones que pondr\u00e1n punto final a su carrera musical\",\"breadcrumb\":{\"@id\":\"https:\\\/\\\/unaymilletras.com\\\/el-album-de-despedida-de-funzo-y-baby-loud-ya-esta-disponible\\\/#breadcrumb\"},\"inLanguage\":\"en-GB\",\"potentialAction\":[{\"@type\":\"ReadAction\",\"target\":[\"https:\\\/\\\/unaymilletras.com\\\/el-album-de-despedida-de-funzo-y-baby-loud-ya-esta-disponible\\\/\"]}]},{\"@type\":\"ImageObject\",\"inLanguage\":\"en-GB\",\"@id\":\"https:\\\/\\\/unaymilletras.com\\\/el-album-de-despedida-de-funzo-y-baby-loud-ya-esta-disponible\\\/#primaryimage\",\"url\":\"https:\\\/\\\/unaymilletras.com\\\/wp-content\\\/uploads\\\/2024\\\/02\\\/fybl-e1708105756376.jpeg\",\"contentUrl\":\"https:\\\/\\\/unaymilletras.com\\\/wp-content\\\/uploads\\\/2024\\\/02\\\/fybl-e1708105756376.jpeg\",\"width\":600,\"height\":599,\"caption\":\"Funzo y Baby Loud\"},{\"@type\":\"BreadcrumbList\",\"@id\":\"https:\\\/\\\/unaymilletras.com\\\/el-album-de-despedida-de-funzo-y-baby-loud-ya-esta-disponible\\\/#breadcrumb\",\"itemListElement\":[{\"@type\":\"ListItem\",\"position\":1,\"name\":\"Home\",\"item\":\"http:\\\/\\\/unaymilletras.com\\\/\"},{\"@type\":\"ListItem\",\"position\":2,\"name\":\"El \u00e1lbum de despedida de Funzo y Baby Loud ya est\u00e1 disponible\"}]},{\"@type\":\"WebSite\",\"@id\":\"http:\\\/\\\/unaymilletras.com\\\/#website\",\"url\":\"http:\\\/\\\/unaymilletras.com\\\/\",\"name\":\"Una y Mil Letras\",\"description\":\"\",\"publisher\":{\"@id\":\"http:\\\/\\\/unaymilletras.com\\\/#organization\"},\"potentialAction\":[{\"@type\":\"SearchAction\",\"target\":{\"@type\":\"EntryPoint\",\"urlTemplate\":\"http:\\\/\\\/unaymilletras.com\\\/?s={search_term_string}\"},\"query-input\":{\"@type\":\"PropertyValueSpecification\",\"valueRequired\":true,\"valueName\":\"search_term_string\"}}],\"inLanguage\":\"en-GB\"},{\"@type\":\"Organization\",\"@id\":\"http:\\\/\\\/unaymilletras.com\\\/#organization\",\"name\":\"Una y Mil Letras\",\"url\":\"http:\\\/\\\/unaymilletras.com\\\/\",\"logo\":{\"@type\":\"ImageObject\",\"inLanguage\":\"en-GB\",\"@id\":\"http:\\\/\\\/unaymilletras.com\\\/#\\\/schema\\\/logo\\\/image\\\/\",\"url\":\"https:\\\/\\\/unaymilletras.com\\\/wp-content\\\/uploads\\\/2024\\\/06\\\/cropped-Logo-removebg-preview.png\",\"contentUrl\":\"https:\\\/\\\/unaymilletras.com\\\/wp-content\\\/uploads\\\/2024\\\/06\\\/cropped-Logo-removebg-preview.png\",\"width\":512,\"height\":512,\"caption\":\"Una y Mil Letras\"},\"image\":{\"@id\":\"http:\\\/\\\/unaymilletras.com\\\/#\\\/schema\\\/logo\\\/image\\\/\"},\"sameAs\":[\"https:\\\/\\\/x.com\\\/UnaYMilLetras\",\"https:\\\/\\\/instagram.com\\\/UnaYMilLetras\"]},{\"@type\":\"Person\",\"@id\":\"http:\\\/\\\/unaymilletras.com\\\/#\\\/schema\\\/person\\\/d55ba681b8a4e463d8982dbe36a5dc94\",\"name\":\"Maria Gil Robledo\",\"image\":{\"@type\":\"ImageObject\",\"inLanguage\":\"en-GB\",\"@id\":\"https:\\\/\\\/secure.gravatar.com\\\/avatar\\\/4b8e5102e0015789407eb4870b12f0f2857952d83ca124058f92b764bd1840c3?s=96&d=mm&r=g\",\"url\":\"https:\\\/\\\/secure.gravatar.com\\\/avatar\\\/4b8e5102e0015789407eb4870b12f0f2857952d83ca124058f92b764bd1840c3?s=96&d=mm&r=g\",\"contentUrl\":\"https:\\\/\\\/secure.gravatar.com\\\/avatar\\\/4b8e5102e0015789407eb4870b12f0f2857952d83ca124058f92b764bd1840c3?s=96&d=mm&r=g\",\"caption\":\"Maria Gil Robledo\"},\"sameAs\":[\"http:\\\/\\\/unaymilletras.com\"],\"url\":\"https:\\\/\\\/unaymilletras.com\\\/en\\\/author\\\/mariiagiil02_\\\/\"}]}<\/script>\n<!-- \/ Yoast SEO plugin. -->","yoast_head_json":{"title":"El \u00e1lbum de despedida de Funzo y Baby Loud ya est\u00e1 disponible","description":"Funzo y Baby Loud acaban de estrenar su nuevo disco con 14 canciones que pondr\u00e1n punto final a su carrera musical","robots":{"index":"index","follow":"follow","max-snippet":"max-snippet:-1","max-image-preview":"max-image-preview:large","max-video-preview":"max-video-preview:-1"},"canonical":"https:\/\/unaymilletras.com\/en\/el-album-de-despedida-de-funzo-y-baby-loud-ya-esta-disponible\/","og_locale":"en_GB","og_type":"article","og_title":"El \u00e1lbum de despedida de Funzo y Baby Loud ya est\u00e1 disponible","og_description":"Funzo y Baby Loud acaban de estrenar su nuevo disco con 14 canciones que pondr\u00e1n punto final a su carrera musical","og_url":"https:\/\/unaymilletras.com\/en\/el-album-de-despedida-de-funzo-y-baby-loud-ya-esta-disponible\/","og_site_name":"Una y Mil Letras","article_published_time":"2024-02-16T17:46:25+00:00","article_modified_time":"2024-02-16T17:51:40+00:00","og_image":[{"width":600,"height":599,"url":"http:\/\/unaymilletras.com\/wp-content\/uploads\/2024\/02\/fybl-e1708105756376.jpeg","type":"image\/jpeg"}],"author":"Maria Gil Robledo","twitter_card":"summary_large_image","twitter_creator":"@UnaYMilLetras","twitter_site":"@UnaYMilLetras","twitter_misc":{"Written by":"Maria Gil Robledo","Estimated reading time":"2 minutes"},"schema":{"@context":"https:\/\/schema.org","@graph":[{"@type":"Article","@id":"https:\/\/unaymilletras.com\/el-album-de-despedida-de-funzo-y-baby-loud-ya-esta-disponible\/#article","isPartOf":{"@id":"https:\/\/unaymilletras.com\/el-album-de-despedida-de-funzo-y-baby-loud-ya-esta-disponible\/"},"author":{"name":"Maria Gil Robledo","@id":"http:\/\/unaymilletras.com\/#\/schema\/person\/d55ba681b8a4e463d8982dbe36a5dc94"},"headline":"El \u00e1lbum de despedida de Funzo y Baby Loud ya est\u00e1 disponible","datePublished":"2024-02-16T17:46:25+00:00","dateModified":"2024-02-16T17:51:40+00:00","mainEntityOfPage":{"@id":"https:\/\/unaymilletras.com\/el-album-de-despedida-de-funzo-y-baby-loud-ya-esta-disponible\/"},"wordCount":366,"commentCount":0,"publisher":{"@id":"http:\/\/unaymilletras.com\/#organization"},"image":{"@id":"https:\/\/unaymilletras.com\/el-album-de-despedida-de-funzo-y-baby-loud-ya-esta-disponible\/#primaryimage"},"thumbnailUrl":"https:\/\/unaymilletras.com\/wp-content\/uploads\/2024\/02\/fybl-e1708105756376.jpeg","articleSection":["M\u00fasica"],"inLanguage":"en-GB","potentialAction":[{"@type":"CommentAction","name":"Comment","target":["https:\/\/unaymilletras.com\/el-album-de-despedida-de-funzo-y-baby-loud-ya-esta-disponible\/#respond"]}]},{"@type":"WebPage","@id":"https:\/\/unaymilletras.com\/el-album-de-despedida-de-funzo-y-baby-loud-ya-esta-disponible\/","url":"https:\/\/unaymilletras.com\/el-album-de-despedida-de-funzo-y-baby-loud-ya-esta-disponible\/","name":"El \u00e1lbum de despedida de Funzo y Baby Loud ya est\u00e1 disponible","isPartOf":{"@id":"http:\/\/unaymilletras.com\/#website"},"primaryImageOfPage":{"@id":"https:\/\/unaymilletras.com\/el-album-de-despedida-de-funzo-y-baby-loud-ya-esta-disponible\/#primaryimage"},"image":{"@id":"https:\/\/unaymilletras.com\/el-album-de-despedida-de-funzo-y-baby-loud-ya-esta-disponible\/#primaryimage"},"thumbnailUrl":"https:\/\/unaymilletras.com\/wp-content\/uploads\/2024\/02\/fybl-e1708105756376.jpeg","datePublished":"2024-02-16T17:46:25+00:00","dateModified":"2024-02-16T17:51:40+00:00","description":"Funzo y Baby Loud acaban de estrenar su nuevo disco con 14 canciones que pondr\u00e1n punto final a su carrera musical","breadcrumb":{"@id":"https:\/\/unaymilletras.com\/el-album-de-despedida-de-funzo-y-baby-loud-ya-esta-disponible\/#breadcrumb"},"inLanguage":"en-GB","potentialAction":[{"@type":"ReadAction","target":["https:\/\/unaymilletras.com\/el-album-de-despedida-de-funzo-y-baby-loud-ya-esta-disponible\/"]}]},{"@type":"ImageObject","inLanguage":"en-GB","@id":"https:\/\/unaymilletras.com\/el-album-de-despedida-de-funzo-y-baby-loud-ya-esta-disponible\/#primaryimage","url":"https:\/\/unaymilletras.com\/wp-content\/uploads\/2024\/02\/fybl-e1708105756376.jpeg","contentUrl":"https:\/\/unaymilletras.com\/wp-content\/uploads\/2024\/02\/fybl-e1708105756376.jpeg","width":600,"height":599,"caption":"Funzo y Baby Loud"},{"@type":"BreadcrumbList","@id":"https:\/\/unaymilletras.com\/el-album-de-despedida-de-funzo-y-baby-loud-ya-esta-disponible\/#breadcrumb","itemListElement":[{"@type":"ListItem","position":1,"name":"Home","item":"http:\/\/unaymilletras.com\/"},{"@type":"ListItem","position":2,"name":"El \u00e1lbum de despedida de Funzo y Baby Loud ya est\u00e1 disponible"}]},{"@type":"WebSite","@id":"http:\/\/unaymilletras.com\/#website","url":"http:\/\/unaymilletras.com\/","name":"Una y Mil Letras","description":"","publisher":{"@id":"http:\/\/unaymilletras.com\/#organization"},"potentialAction":[{"@type":"SearchAction","target":{"@type":"EntryPoint","urlTemplate":"http:\/\/unaymilletras.com\/?s={search_term_string}"},"query-input":{"@type":"PropertyValueSpecification","valueRequired":true,"valueName":"search_term_string"}}],"inLanguage":"en-GB"},{"@type":"Organization","@id":"http:\/\/unaymilletras.com\/#organization","name":"Una y Mil Letras","url":"http:\/\/unaymilletras.com\/","logo":{"@type":"ImageObject","inLanguage":"en-GB","@id":"http:\/\/unaymilletras.com\/#\/schema\/logo\/image\/","url":"https:\/\/unaymilletras.com\/wp-content\/uploads\/2024\/06\/cropped-Logo-removebg-preview.png","contentUrl":"https:\/\/unaymilletras.com\/wp-content\/uploads\/2024\/06\/cropped-Logo-removebg-preview.png","width":512,"height":512,"caption":"Una y Mil Letras"},"image":{"@id":"http:\/\/unaymilletras.com\/#\/schema\/logo\/image\/"},"sameAs":["https:\/\/x.com\/UnaYMilLetras","https:\/\/instagram.com\/UnaYMilLetras"]},{"@type":"Person","@id":"http:\/\/unaymilletras.com\/#\/schema\/person\/d55ba681b8a4e463d8982dbe36a5dc94","name":"Maria Gil Robledo","image":{"@type":"ImageObject","inLanguage":"en-GB","@id":"https:\/\/secure.gravatar.com\/avatar\/4b8e5102e0015789407eb4870b12f0f2857952d83ca124058f92b764bd1840c3?s=96&d=mm&r=g","url":"https:\/\/secure.gravatar.com\/avatar\/4b8e5102e0015789407eb4870b12f0f2857952d83ca124058f92b764bd1840c3?s=96&d=mm&r=g","contentUrl":"https:\/\/secure.gravatar.com\/avatar\/4b8e5102e0015789407eb4870b12f0f2857952d83ca124058f92b764bd1840c3?s=96&d=mm&r=g","caption":"Maria Gil Robledo"},"sameAs":["http:\/\/unaymilletras.com"],"url":"https:\/\/unaymilletras.com\/en\/author\/mariiagiil02_\/"}]}},"_links":{"self":[{"href":"https:\/\/unaymilletras.com\/en\/wp-json\/wp\/v2\/posts\/2174","targetHints":{"allow":["GET"]}}],"collection":[{"href":"https:\/\/unaymilletras.com\/en\/wp-json\/wp\/v2\/posts"}],"about":[{"href":"https:\/\/unaymilletras.com\/en\/wp-json\/wp\/v2\/types\/post"}],"author":[{"embeddable":true,"href":"https:\/\/unaymilletras.com\/en\/wp-json\/wp\/v2\/users\/1"}],"replies":[{"embeddable":true,"href":"https:\/\/unaymilletras.com\/en\/wp-json\/wp\/v2\/comments?post=2174"}],"version-history":[{"count":4,"href":"https:\/\/unaymilletras.com\/en\/wp-json\/wp\/v2\/posts\/2174\/revisions"}],"predecessor-version":[{"id":2179,"href":"https:\/\/unaymilletras.com\/en\/wp-json\/wp\/v2\/posts\/2174\/revisions\/2179"}],"wp:featuredmedia":[{"embeddable":true,"href":"https:\/\/unaymilletras.com\/en\/wp-json\/wp\/v2\/media\/2176"}],"wp:attachment":[{"href":"https:\/\/unaymilletras.com\/en\/wp-json\/wp\/v2\/media?parent=2174"}],"wp:term":[{"taxonomy":"category","embeddable":true,"href":"https:\/\/unaymilletras.com\/en\/wp-json\/wp\/v2\/categories?post=2174"},{"taxonomy":"post_tag","embeddable":true,"href":"https:\/\/unaymilletras.com\/en\/wp-json\/wp\/v2\/tags?post=2174"}],"curies":[{"name":"wp","href":"https:\/\/api.w.org\/{rel}","templated":true}]}}