{"id":2180,"date":"2024-02-20T00:51:21","date_gmt":"2024-02-19T23:51:21","guid":{"rendered":"https:\/\/unaymilletras.com\/?p=2180"},"modified":"2024-02-22T23:27:49","modified_gmt":"2024-02-22T22:27:49","slug":"lola-indigo-aterrizara-en-el-santiago-bernabeu-en-2025","status":"publish","type":"post","link":"https:\/\/unaymilletras.com\/en\/lola-indigo-aterrizara-en-el-santiago-bernabeu-en-2025\/","title":{"rendered":"Lola \u00cdndigo aterrizar\u00e1 en el Santiago Bernab\u00e9u en 2025"},"content":{"rendered":"<div data-elementor-type=\"wp-post\" data-elementor-id=\"2180\" class=\"elementor elementor-2180\">\n\t\t\t\t\t\t<section class=\"elementor-section elementor-top-section elementor-element elementor-element-9064161 elementor-section-boxed elementor-section-height-default elementor-section-height-default\" data-id=\"9064161\" data-element_type=\"section\" data-e-type=\"section\">\n\t\t\t\t\t\t<div class=\"elementor-container elementor-column-gap-default\">\n\t\t\t\t\t<div class=\"elementor-column elementor-col-100 elementor-top-column elementor-element elementor-element-b069f48\" data-id=\"b069f48\" data-element_type=\"column\" data-e-type=\"column\">\n\t\t\t<div class=\"elementor-widget-wrap elementor-element-populated\">\n\t\t\t\t\t\t<div class=\"elementor-element elementor-element-d3d4abe elementor-widget elementor-widget-text-editor\" data-id=\"d3d4abe\" data-element_type=\"widget\" data-e-type=\"widget\" data-widget_type=\"text-editor.default\">\n\t\t\t\t<div class=\"elementor-widget-container\">\n\t\t\t\t\t\t\t\t\t<h2 style=\"text-align: center;\"><span style=\"color: #808080;\"><em>Tras su actuaci\u00f3n en la gala Operaci\u00f3n Triunfo, Lola \u00cdndigo anuncia que en 2025 dar\u00e1 un concierto en el Santiago Bernab\u00e9u<\/em><\/span><\/h2>\t\t\t\t\t\t\t\t<\/div>\n\t\t\t\t<\/div>\n\t\t\t\t\t<\/div>\n\t\t<\/div>\n\t\t\t\t\t<\/div>\n\t\t<\/section>\n\t\t\t\t<section class=\"elementor-section elementor-top-section elementor-element elementor-element-0dced89 elementor-section-boxed elementor-section-height-default elementor-section-height-default\" data-id=\"0dced89\" data-element_type=\"section\" data-e-type=\"section\">\n\t\t\t\t\t\t<div class=\"elementor-container elementor-column-gap-default\">\n\t\t\t\t\t<div class=\"elementor-column elementor-col-100 elementor-top-column elementor-element elementor-element-9629434\" data-id=\"9629434\" data-element_type=\"column\" data-e-type=\"column\">\n\t\t\t<div class=\"elementor-widget-wrap elementor-element-populated\">\n\t\t\t\t\t\t<div class=\"elementor-element elementor-element-002f761 elementor-widget elementor-widget-text-editor\" data-id=\"002f761\" data-element_type=\"widget\" data-e-type=\"widget\" data-widget_type=\"text-editor.default\">\n\t\t\t\t<div class=\"elementor-widget-container\">\n\t\t\t\t\t\t\t\t\t<p><b>Lola \u00cdndigo<\/b> ya es una de las artistas espa\u00f1olas m\u00e1s importantes a nivel internacional. Despu\u00e9s de terminar su gira <strong><em>El Drag\u00f3n<\/em><\/strong>, que pas\u00f3 por m\u00e1s de 40 ciudades, anuncia su proyecto m\u00e1s ambicioso. En <b>2025<\/b> har\u00e1 su propio concierto en el <b>Estadio Santiago Bernab\u00e9u<\/b>. A\u00fan no se sabe la fecha exacta pero todos aquellos que est\u00e9n interesados pueden inscribirse <a href=\"https:\/\/es.umusic-online.com\/t\/c\/AQiUkg4Qr84cGPm77ZkBII-XsAcA5y94W_vm7qxN3pFNTz8RZwR2rBdRNUVoFXN8bnfm2Q\"><b>AQU\u00cd<\/b><\/a> para ser los primeros en conocer el d\u00eda exacto y tener acceso a beneficios exclusivos.<\/p>\t\t\t\t\t\t\t\t<\/div>\n\t\t\t\t<\/div>\n\t\t\t\t\t<\/div>\n\t\t<\/div>\n\t\t\t\t\t<\/div>\n\t\t<\/section>\n\t\t\t\t<section class=\"elementor-section elementor-top-section elementor-element elementor-element-fd5f10a elementor-section-boxed elementor-section-height-default elementor-section-height-default\" data-id=\"fd5f10a\" data-element_type=\"section\" data-e-type=\"section\">\n\t\t\t\t\t\t<div class=\"elementor-container elementor-column-gap-default\">\n\t\t\t\t\t<div class=\"elementor-column elementor-col-100 elementor-top-column elementor-element elementor-element-9a976db\" data-id=\"9a976db\" data-element_type=\"column\" data-e-type=\"column\">\n\t\t\t<div class=\"elementor-widget-wrap elementor-element-populated\">\n\t\t\t\t\t\t<div class=\"elementor-element elementor-element-254b03d elementor-widget elementor-widget-image\" data-id=\"254b03d\" data-element_type=\"widget\" data-e-type=\"widget\" data-widget_type=\"image.default\">\n\t\t\t\t<div class=\"elementor-widget-container\">\n\t\t\t\t\t\t\t\t\t\t\t\t\t\t\t<img fetchpriority=\"high\" decoding=\"async\" width=\"640\" height=\"640\" src=\"https:\/\/unaymilletras.com\/wp-content\/uploads\/2024\/02\/bernabeu.jpeg\" class=\"attachment-large size-large wp-image-2182\" alt=\"Lola \u00cdndigo\" srcset=\"https:\/\/unaymilletras.com\/wp-content\/uploads\/2024\/02\/bernabeu.jpeg 660w, https:\/\/unaymilletras.com\/wp-content\/uploads\/2024\/02\/bernabeu-300x300.jpeg 300w, https:\/\/unaymilletras.com\/wp-content\/uploads\/2024\/02\/bernabeu-150x150.jpeg 150w\" sizes=\"(max-width: 640px) 100vw, 640px\" \/>\t\t\t\t\t\t\t\t\t\t\t\t\t\t\t<\/div>\n\t\t\t\t<\/div>\n\t\t\t\t\t<\/div>\n\t\t<\/div>\n\t\t\t\t\t<\/div>\n\t\t<\/section>\n\t\t\t\t<section class=\"elementor-section elementor-top-section elementor-element elementor-element-4fda3cb elementor-section-boxed elementor-section-height-default elementor-section-height-default\" data-id=\"4fda3cb\" data-element_type=\"section\" data-e-type=\"section\">\n\t\t\t\t\t\t<div class=\"elementor-container elementor-column-gap-default\">\n\t\t\t\t\t<div class=\"elementor-column elementor-col-100 elementor-top-column elementor-element elementor-element-56c0795\" data-id=\"56c0795\" data-element_type=\"column\" data-e-type=\"column\">\n\t\t\t<div class=\"elementor-widget-wrap elementor-element-populated\">\n\t\t\t\t\t\t<div class=\"elementor-element elementor-element-02c5fa4 elementor-widget elementor-widget-text-editor\" data-id=\"02c5fa4\" data-element_type=\"widget\" data-e-type=\"widget\" data-widget_type=\"text-editor.default\">\n\t\t\t\t<div class=\"elementor-widget-container\">\n\t\t\t\t\t\t\t\t\t<p><span style=\"color: #808080;\">Hoy ha sorprendido con esta noticia en el plat\u00f3 en el que se dio a conocer hace 7 a\u00f1os. En este nuevo <a style=\"color: #808080;\" href=\"https:\/\/unaymilletras.com\/en\/lola-indigo-cierra-su-gira-con-un-concierto-inigualable\/\">show<\/a> har\u00e1 un recorrido por todos sus \u00e9xitos, que no son pocos, y situar\u00e1 en lo m\u00e1s alto la sinergia de todas las etapas que ha vivido hasta hoy en el \u00e1mbito profesional.<\/span><\/p><p><span style=\"color: #808080;\">Desde su paso por OT ha demostrado su versatilidad y no ha parado de conquistar a miles de fans. M\u00e1s de 300.000 personas acudieron a su anterior gira para poder ver un show \u00fanico. Ahora, la artista se prepara para enfrentarse a uno de los recintos m\u00e1s importantes del pa\u00eds. Ya ha alcanzado varios n\u00fameros 1, tanto con canciones como con su \u00e1lbum <em>El Drag\u00f3n<\/em> y ha colaborado con todo tipo de artistas. Lola \u00edndigo no se cansa de batir r\u00e9cords y lo demuestra aceptando este nuevo reto. El drag\u00f3n llega al Bernab\u00e9u<\/span><\/p>\t\t\t\t\t\t\t\t<\/div>\n\t\t\t\t<\/div>\n\t\t\t\t\t<\/div>\n\t\t<\/div>\n\t\t\t\t\t<\/div>\n\t\t<\/section>\n\t\t\t\t<\/div>","protected":false},"excerpt":{"rendered":"<p>Tras su actuaci\u00f3n en la gala Operaci\u00f3n Triunfo, Lola \u00cdndigo anuncia que en 2025 dar\u00e1 un concierto en el Santiago Bernab\u00e9u Lola \u00cdndigo ya es una de las artistas espa\u00f1olas m\u00e1s importantes a nivel internacional. Despu\u00e9s de terminar su gira El Drag\u00f3n, que pas\u00f3 por m\u00e1s de 40 ciudades, anuncia su proyecto m\u00e1s ambicioso. En [&hellip;]<\/p>\n","protected":false},"author":1,"featured_media":2182,"comment_status":"open","ping_status":"open","sticky":false,"template":"","format":"standard","meta":{"footnotes":""},"categories":[119,4],"tags":[],"class_list":["post-2180","post","type-post","status-publish","format-standard","has-post-thumbnail","hentry","category-eventos","category-musica"],"yoast_head":"<!-- This site is optimized with the Yoast SEO plugin v27.4 - https:\/\/yoast.com\/product\/yoast-seo-wordpress\/ -->\n<title>Lola \u00cdndigo aterrizar\u00e1 en el Santiago Bernab\u00e9u en 2025<\/title>\n<meta name=\"description\" content=\"Tras su actuaci\u00f3n en la gala Operaci\u00f3n Triunfo, Lola \u00cdndigo anuncia que en 2025 dar\u00e1 un concierto en el Santiago Bernab\u00e9u\" \/>\n<meta name=\"robots\" content=\"index, follow, max-snippet:-1, max-image-preview:large, max-video-preview:-1\" \/>\n<link rel=\"canonical\" href=\"https:\/\/unaymilletras.com\/en\/lola-indigo-aterrizara-en-el-santiago-bernabeu-en-2025\/\" \/>\n<meta property=\"og:locale\" content=\"en_GB\" \/>\n<meta property=\"og:type\" content=\"article\" \/>\n<meta property=\"og:title\" content=\"Lola \u00cdndigo aterrizar\u00e1 en el Santiago Bernab\u00e9u en 2025\" \/>\n<meta property=\"og:description\" content=\"Tras su actuaci\u00f3n en la gala Operaci\u00f3n Triunfo, Lola \u00cdndigo anuncia que en 2025 dar\u00e1 un concierto en el Santiago Bernab\u00e9u\" \/>\n<meta property=\"og:url\" content=\"https:\/\/unaymilletras.com\/en\/lola-indigo-aterrizara-en-el-santiago-bernabeu-en-2025\/\" \/>\n<meta property=\"og:site_name\" content=\"Una y Mil Letras\" \/>\n<meta property=\"article:published_time\" content=\"2024-02-19T23:51:21+00:00\" \/>\n<meta property=\"article:modified_time\" content=\"2024-02-22T22:27:49+00:00\" \/>\n<meta property=\"og:image\" content=\"http:\/\/unaymilletras.com\/wp-content\/uploads\/2024\/02\/bernabeu.jpeg\" \/>\n\t<meta property=\"og:image:width\" content=\"660\" \/>\n\t<meta property=\"og:image:height\" content=\"660\" \/>\n\t<meta property=\"og:image:type\" content=\"image\/jpeg\" \/>\n<meta name=\"author\" content=\"Maria Gil Robledo\" \/>\n<meta name=\"twitter:card\" content=\"summary_large_image\" \/>\n<meta name=\"twitter:creator\" content=\"@UnaYMilLetras\" \/>\n<meta name=\"twitter:site\" content=\"@UnaYMilLetras\" \/>\n<meta name=\"twitter:label1\" content=\"Written by\" \/>\n\t<meta name=\"twitter:data1\" content=\"Maria Gil Robledo\" \/>\n\t<meta name=\"twitter:label2\" content=\"Estimated reading time\" \/>\n\t<meta name=\"twitter:data2\" content=\"2 minutes\" \/>\n<script type=\"application\/ld+json\" class=\"yoast-schema-graph\">{\"@context\":\"https:\\\/\\\/schema.org\",\"@graph\":[{\"@type\":\"Article\",\"@id\":\"https:\\\/\\\/unaymilletras.com\\\/lola-indigo-aterrizara-en-el-santiago-bernabeu-en-2025\\\/#article\",\"isPartOf\":{\"@id\":\"https:\\\/\\\/unaymilletras.com\\\/lola-indigo-aterrizara-en-el-santiago-bernabeu-en-2025\\\/\"},\"author\":{\"name\":\"Maria Gil Robledo\",\"@id\":\"http:\\\/\\\/unaymilletras.com\\\/#\\\/schema\\\/person\\\/d55ba681b8a4e463d8982dbe36a5dc94\"},\"headline\":\"Lola \u00cdndigo aterrizar\u00e1 en el Santiago Bernab\u00e9u en 2025\",\"datePublished\":\"2024-02-19T23:51:21+00:00\",\"dateModified\":\"2024-02-22T22:27:49+00:00\",\"mainEntityOfPage\":{\"@id\":\"https:\\\/\\\/unaymilletras.com\\\/lola-indigo-aterrizara-en-el-santiago-bernabeu-en-2025\\\/\"},\"wordCount\":270,\"commentCount\":1,\"publisher\":{\"@id\":\"http:\\\/\\\/unaymilletras.com\\\/#organization\"},\"image\":{\"@id\":\"https:\\\/\\\/unaymilletras.com\\\/lola-indigo-aterrizara-en-el-santiago-bernabeu-en-2025\\\/#primaryimage\"},\"thumbnailUrl\":\"https:\\\/\\\/unaymilletras.com\\\/wp-content\\\/uploads\\\/2024\\\/02\\\/bernabeu.jpeg\",\"articleSection\":[\"Eventos\",\"M\u00fasica\"],\"inLanguage\":\"en-GB\",\"potentialAction\":[{\"@type\":\"CommentAction\",\"name\":\"Comment\",\"target\":[\"https:\\\/\\\/unaymilletras.com\\\/lola-indigo-aterrizara-en-el-santiago-bernabeu-en-2025\\\/#respond\"]}]},{\"@type\":\"WebPage\",\"@id\":\"https:\\\/\\\/unaymilletras.com\\\/lola-indigo-aterrizara-en-el-santiago-bernabeu-en-2025\\\/\",\"url\":\"https:\\\/\\\/unaymilletras.com\\\/lola-indigo-aterrizara-en-el-santiago-bernabeu-en-2025\\\/\",\"name\":\"Lola \u00cdndigo aterrizar\u00e1 en el Santiago Bernab\u00e9u en 2025\",\"isPartOf\":{\"@id\":\"http:\\\/\\\/unaymilletras.com\\\/#website\"},\"primaryImageOfPage\":{\"@id\":\"https:\\\/\\\/unaymilletras.com\\\/lola-indigo-aterrizara-en-el-santiago-bernabeu-en-2025\\\/#primaryimage\"},\"image\":{\"@id\":\"https:\\\/\\\/unaymilletras.com\\\/lola-indigo-aterrizara-en-el-santiago-bernabeu-en-2025\\\/#primaryimage\"},\"thumbnailUrl\":\"https:\\\/\\\/unaymilletras.com\\\/wp-content\\\/uploads\\\/2024\\\/02\\\/bernabeu.jpeg\",\"datePublished\":\"2024-02-19T23:51:21+00:00\",\"dateModified\":\"2024-02-22T22:27:49+00:00\",\"description\":\"Tras su actuaci\u00f3n en la gala Operaci\u00f3n Triunfo, Lola \u00cdndigo anuncia que en 2025 dar\u00e1 un concierto en el Santiago Bernab\u00e9u\",\"breadcrumb\":{\"@id\":\"https:\\\/\\\/unaymilletras.com\\\/lola-indigo-aterrizara-en-el-santiago-bernabeu-en-2025\\\/#breadcrumb\"},\"inLanguage\":\"en-GB\",\"potentialAction\":[{\"@type\":\"ReadAction\",\"target\":[\"https:\\\/\\\/unaymilletras.com\\\/lola-indigo-aterrizara-en-el-santiago-bernabeu-en-2025\\\/\"]}]},{\"@type\":\"ImageObject\",\"inLanguage\":\"en-GB\",\"@id\":\"https:\\\/\\\/unaymilletras.com\\\/lola-indigo-aterrizara-en-el-santiago-bernabeu-en-2025\\\/#primaryimage\",\"url\":\"https:\\\/\\\/unaymilletras.com\\\/wp-content\\\/uploads\\\/2024\\\/02\\\/bernabeu.jpeg\",\"contentUrl\":\"https:\\\/\\\/unaymilletras.com\\\/wp-content\\\/uploads\\\/2024\\\/02\\\/bernabeu.jpeg\",\"width\":660,\"height\":660,\"caption\":\"Lola \u00cdndigo\"},{\"@type\":\"BreadcrumbList\",\"@id\":\"https:\\\/\\\/unaymilletras.com\\\/lola-indigo-aterrizara-en-el-santiago-bernabeu-en-2025\\\/#breadcrumb\",\"itemListElement\":[{\"@type\":\"ListItem\",\"position\":1,\"name\":\"Home\",\"item\":\"http:\\\/\\\/unaymilletras.com\\\/\"},{\"@type\":\"ListItem\",\"position\":2,\"name\":\"Lola \u00cdndigo aterrizar\u00e1 en el Santiago Bernab\u00e9u en 2025\"}]},{\"@type\":\"WebSite\",\"@id\":\"http:\\\/\\\/unaymilletras.com\\\/#website\",\"url\":\"http:\\\/\\\/unaymilletras.com\\\/\",\"name\":\"Una y Mil Letras\",\"description\":\"\",\"publisher\":{\"@id\":\"http:\\\/\\\/unaymilletras.com\\\/#organization\"},\"potentialAction\":[{\"@type\":\"SearchAction\",\"target\":{\"@type\":\"EntryPoint\",\"urlTemplate\":\"http:\\\/\\\/unaymilletras.com\\\/?s={search_term_string}\"},\"query-input\":{\"@type\":\"PropertyValueSpecification\",\"valueRequired\":true,\"valueName\":\"search_term_string\"}}],\"inLanguage\":\"en-GB\"},{\"@type\":\"Organization\",\"@id\":\"http:\\\/\\\/unaymilletras.com\\\/#organization\",\"name\":\"Una y Mil Letras\",\"url\":\"http:\\\/\\\/unaymilletras.com\\\/\",\"logo\":{\"@type\":\"ImageObject\",\"inLanguage\":\"en-GB\",\"@id\":\"http:\\\/\\\/unaymilletras.com\\\/#\\\/schema\\\/logo\\\/image\\\/\",\"url\":\"https:\\\/\\\/unaymilletras.com\\\/wp-content\\\/uploads\\\/2024\\\/06\\\/cropped-Logo-removebg-preview.png\",\"contentUrl\":\"https:\\\/\\\/unaymilletras.com\\\/wp-content\\\/uploads\\\/2024\\\/06\\\/cropped-Logo-removebg-preview.png\",\"width\":512,\"height\":512,\"caption\":\"Una y Mil Letras\"},\"image\":{\"@id\":\"http:\\\/\\\/unaymilletras.com\\\/#\\\/schema\\\/logo\\\/image\\\/\"},\"sameAs\":[\"https:\\\/\\\/x.com\\\/UnaYMilLetras\",\"https:\\\/\\\/instagram.com\\\/UnaYMilLetras\"]},{\"@type\":\"Person\",\"@id\":\"http:\\\/\\\/unaymilletras.com\\\/#\\\/schema\\\/person\\\/d55ba681b8a4e463d8982dbe36a5dc94\",\"name\":\"Maria Gil Robledo\",\"image\":{\"@type\":\"ImageObject\",\"inLanguage\":\"en-GB\",\"@id\":\"https:\\\/\\\/secure.gravatar.com\\\/avatar\\\/4b8e5102e0015789407eb4870b12f0f2857952d83ca124058f92b764bd1840c3?s=96&d=mm&r=g\",\"url\":\"https:\\\/\\\/secure.gravatar.com\\\/avatar\\\/4b8e5102e0015789407eb4870b12f0f2857952d83ca124058f92b764bd1840c3?s=96&d=mm&r=g\",\"contentUrl\":\"https:\\\/\\\/secure.gravatar.com\\\/avatar\\\/4b8e5102e0015789407eb4870b12f0f2857952d83ca124058f92b764bd1840c3?s=96&d=mm&r=g\",\"caption\":\"Maria Gil Robledo\"},\"sameAs\":[\"http:\\\/\\\/unaymilletras.com\"],\"url\":\"https:\\\/\\\/unaymilletras.com\\\/en\\\/author\\\/mariiagiil02_\\\/\"}]}<\/script>\n<!-- \/ Yoast SEO plugin. -->","yoast_head_json":{"title":"Lola \u00cdndigo aterrizar\u00e1 en el Santiago Bernab\u00e9u en 2025","description":"Tras su actuaci\u00f3n en la gala Operaci\u00f3n Triunfo, Lola \u00cdndigo anuncia que en 2025 dar\u00e1 un concierto en el Santiago Bernab\u00e9u","robots":{"index":"index","follow":"follow","max-snippet":"max-snippet:-1","max-image-preview":"max-image-preview:large","max-video-preview":"max-video-preview:-1"},"canonical":"https:\/\/unaymilletras.com\/en\/lola-indigo-aterrizara-en-el-santiago-bernabeu-en-2025\/","og_locale":"en_GB","og_type":"article","og_title":"Lola \u00cdndigo aterrizar\u00e1 en el Santiago Bernab\u00e9u en 2025","og_description":"Tras su actuaci\u00f3n en la gala Operaci\u00f3n Triunfo, Lola \u00cdndigo anuncia que en 2025 dar\u00e1 un concierto en el Santiago Bernab\u00e9u","og_url":"https:\/\/unaymilletras.com\/en\/lola-indigo-aterrizara-en-el-santiago-bernabeu-en-2025\/","og_site_name":"Una y Mil Letras","article_published_time":"2024-02-19T23:51:21+00:00","article_modified_time":"2024-02-22T22:27:49+00:00","og_image":[{"width":660,"height":660,"url":"http:\/\/unaymilletras.com\/wp-content\/uploads\/2024\/02\/bernabeu.jpeg","type":"image\/jpeg"}],"author":"Maria Gil Robledo","twitter_card":"summary_large_image","twitter_creator":"@UnaYMilLetras","twitter_site":"@UnaYMilLetras","twitter_misc":{"Written by":"Maria Gil Robledo","Estimated reading time":"2 minutes"},"schema":{"@context":"https:\/\/schema.org","@graph":[{"@type":"Article","@id":"https:\/\/unaymilletras.com\/lola-indigo-aterrizara-en-el-santiago-bernabeu-en-2025\/#article","isPartOf":{"@id":"https:\/\/unaymilletras.com\/lola-indigo-aterrizara-en-el-santiago-bernabeu-en-2025\/"},"author":{"name":"Maria Gil Robledo","@id":"http:\/\/unaymilletras.com\/#\/schema\/person\/d55ba681b8a4e463d8982dbe36a5dc94"},"headline":"Lola \u00cdndigo aterrizar\u00e1 en el Santiago Bernab\u00e9u en 2025","datePublished":"2024-02-19T23:51:21+00:00","dateModified":"2024-02-22T22:27:49+00:00","mainEntityOfPage":{"@id":"https:\/\/unaymilletras.com\/lola-indigo-aterrizara-en-el-santiago-bernabeu-en-2025\/"},"wordCount":270,"commentCount":1,"publisher":{"@id":"http:\/\/unaymilletras.com\/#organization"},"image":{"@id":"https:\/\/unaymilletras.com\/lola-indigo-aterrizara-en-el-santiago-bernabeu-en-2025\/#primaryimage"},"thumbnailUrl":"https:\/\/unaymilletras.com\/wp-content\/uploads\/2024\/02\/bernabeu.jpeg","articleSection":["Eventos","M\u00fasica"],"inLanguage":"en-GB","potentialAction":[{"@type":"CommentAction","name":"Comment","target":["https:\/\/unaymilletras.com\/lola-indigo-aterrizara-en-el-santiago-bernabeu-en-2025\/#respond"]}]},{"@type":"WebPage","@id":"https:\/\/unaymilletras.com\/lola-indigo-aterrizara-en-el-santiago-bernabeu-en-2025\/","url":"https:\/\/unaymilletras.com\/lola-indigo-aterrizara-en-el-santiago-bernabeu-en-2025\/","name":"Lola \u00cdndigo aterrizar\u00e1 en el Santiago Bernab\u00e9u en 2025","isPartOf":{"@id":"http:\/\/unaymilletras.com\/#website"},"primaryImageOfPage":{"@id":"https:\/\/unaymilletras.com\/lola-indigo-aterrizara-en-el-santiago-bernabeu-en-2025\/#primaryimage"},"image":{"@id":"https:\/\/unaymilletras.com\/lola-indigo-aterrizara-en-el-santiago-bernabeu-en-2025\/#primaryimage"},"thumbnailUrl":"https:\/\/unaymilletras.com\/wp-content\/uploads\/2024\/02\/bernabeu.jpeg","datePublished":"2024-02-19T23:51:21+00:00","dateModified":"2024-02-22T22:27:49+00:00","description":"Tras su actuaci\u00f3n en la gala Operaci\u00f3n Triunfo, Lola \u00cdndigo anuncia que en 2025 dar\u00e1 un concierto en el Santiago Bernab\u00e9u","breadcrumb":{"@id":"https:\/\/unaymilletras.com\/lola-indigo-aterrizara-en-el-santiago-bernabeu-en-2025\/#breadcrumb"},"inLanguage":"en-GB","potentialAction":[{"@type":"ReadAction","target":["https:\/\/unaymilletras.com\/lola-indigo-aterrizara-en-el-santiago-bernabeu-en-2025\/"]}]},{"@type":"ImageObject","inLanguage":"en-GB","@id":"https:\/\/unaymilletras.com\/lola-indigo-aterrizara-en-el-santiago-bernabeu-en-2025\/#primaryimage","url":"https:\/\/unaymilletras.com\/wp-content\/uploads\/2024\/02\/bernabeu.jpeg","contentUrl":"https:\/\/unaymilletras.com\/wp-content\/uploads\/2024\/02\/bernabeu.jpeg","width":660,"height":660,"caption":"Lola \u00cdndigo"},{"@type":"BreadcrumbList","@id":"https:\/\/unaymilletras.com\/lola-indigo-aterrizara-en-el-santiago-bernabeu-en-2025\/#breadcrumb","itemListElement":[{"@type":"ListItem","position":1,"name":"Home","item":"http:\/\/unaymilletras.com\/"},{"@type":"ListItem","position":2,"name":"Lola \u00cdndigo aterrizar\u00e1 en el Santiago Bernab\u00e9u en 2025"}]},{"@type":"WebSite","@id":"http:\/\/unaymilletras.com\/#website","url":"http:\/\/unaymilletras.com\/","name":"Una y Mil Letras","description":"","publisher":{"@id":"http:\/\/unaymilletras.com\/#organization"},"potentialAction":[{"@type":"SearchAction","target":{"@type":"EntryPoint","urlTemplate":"http:\/\/unaymilletras.com\/?s={search_term_string}"},"query-input":{"@type":"PropertyValueSpecification","valueRequired":true,"valueName":"search_term_string"}}],"inLanguage":"en-GB"},{"@type":"Organization","@id":"http:\/\/unaymilletras.com\/#organization","name":"Una y Mil Letras","url":"http:\/\/unaymilletras.com\/","logo":{"@type":"ImageObject","inLanguage":"en-GB","@id":"http:\/\/unaymilletras.com\/#\/schema\/logo\/image\/","url":"https:\/\/unaymilletras.com\/wp-content\/uploads\/2024\/06\/cropped-Logo-removebg-preview.png","contentUrl":"https:\/\/unaymilletras.com\/wp-content\/uploads\/2024\/06\/cropped-Logo-removebg-preview.png","width":512,"height":512,"caption":"Una y Mil Letras"},"image":{"@id":"http:\/\/unaymilletras.com\/#\/schema\/logo\/image\/"},"sameAs":["https:\/\/x.com\/UnaYMilLetras","https:\/\/instagram.com\/UnaYMilLetras"]},{"@type":"Person","@id":"http:\/\/unaymilletras.com\/#\/schema\/person\/d55ba681b8a4e463d8982dbe36a5dc94","name":"Maria Gil Robledo","image":{"@type":"ImageObject","inLanguage":"en-GB","@id":"https:\/\/secure.gravatar.com\/avatar\/4b8e5102e0015789407eb4870b12f0f2857952d83ca124058f92b764bd1840c3?s=96&d=mm&r=g","url":"https:\/\/secure.gravatar.com\/avatar\/4b8e5102e0015789407eb4870b12f0f2857952d83ca124058f92b764bd1840c3?s=96&d=mm&r=g","contentUrl":"https:\/\/secure.gravatar.com\/avatar\/4b8e5102e0015789407eb4870b12f0f2857952d83ca124058f92b764bd1840c3?s=96&d=mm&r=g","caption":"Maria Gil Robledo"},"sameAs":["http:\/\/unaymilletras.com"],"url":"https:\/\/unaymilletras.com\/en\/author\/mariiagiil02_\/"}]}},"_links":{"self":[{"href":"https:\/\/unaymilletras.com\/en\/wp-json\/wp\/v2\/posts\/2180","targetHints":{"allow":["GET"]}}],"collection":[{"href":"https:\/\/unaymilletras.com\/en\/wp-json\/wp\/v2\/posts"}],"about":[{"href":"https:\/\/unaymilletras.com\/en\/wp-json\/wp\/v2\/types\/post"}],"author":[{"embeddable":true,"href":"https:\/\/unaymilletras.com\/en\/wp-json\/wp\/v2\/users\/1"}],"replies":[{"embeddable":true,"href":"https:\/\/unaymilletras.com\/en\/wp-json\/wp\/v2\/comments?post=2180"}],"version-history":[{"count":4,"href":"https:\/\/unaymilletras.com\/en\/wp-json\/wp\/v2\/posts\/2180\/revisions"}],"predecessor-version":[{"id":2185,"href":"https:\/\/unaymilletras.com\/en\/wp-json\/wp\/v2\/posts\/2180\/revisions\/2185"}],"wp:featuredmedia":[{"embeddable":true,"href":"https:\/\/unaymilletras.com\/en\/wp-json\/wp\/v2\/media\/2182"}],"wp:attachment":[{"href":"https:\/\/unaymilletras.com\/en\/wp-json\/wp\/v2\/media?parent=2180"}],"wp:term":[{"taxonomy":"category","embeddable":true,"href":"https:\/\/unaymilletras.com\/en\/wp-json\/wp\/v2\/categories?post=2180"},{"taxonomy":"post_tag","embeddable":true,"href":"https:\/\/unaymilletras.com\/en\/wp-json\/wp\/v2\/tags?post=2180"}],"curies":[{"name":"wp","href":"https:\/\/api.w.org\/{rel}","templated":true}]}}