{"id":2251,"date":"2024-03-04T14:20:12","date_gmt":"2024-03-04T13:20:12","guid":{"rendered":"https:\/\/unaymilletras.com\/?p=2251"},"modified":"2024-03-04T14:25:20","modified_gmt":"2024-03-04T13:25:20","slug":"eladio-carrion-va-a-por-el-triplete-en-madrid","status":"publish","type":"post","link":"https:\/\/unaymilletras.com\/en\/eladio-carrion-va-a-por-el-triplete-en-madrid\/","title":{"rendered":"Eladio Carri\u00f3n va a por el triplete en Madrid"},"content":{"rendered":"<div data-elementor-type=\"wp-post\" data-elementor-id=\"2251\" class=\"elementor elementor-2251\">\n\t\t\t\t\t\t<section class=\"elementor-section elementor-top-section elementor-element elementor-element-7e22ee9 elementor-section-boxed elementor-section-height-default elementor-section-height-default\" data-id=\"7e22ee9\" data-element_type=\"section\" data-e-type=\"section\">\n\t\t\t\t\t\t<div class=\"elementor-container elementor-column-gap-default\">\n\t\t\t\t\t<div class=\"elementor-column elementor-col-100 elementor-top-column elementor-element elementor-element-0a8d34b\" data-id=\"0a8d34b\" data-element_type=\"column\" data-e-type=\"column\">\n\t\t\t<div class=\"elementor-widget-wrap elementor-element-populated\">\n\t\t\t\t\t\t<div class=\"elementor-element elementor-element-be42642 elementor-widget elementor-widget-text-editor\" data-id=\"be42642\" data-element_type=\"widget\" data-e-type=\"widget\" data-widget_type=\"text-editor.default\">\n\t\t\t\t<div class=\"elementor-widget-container\">\n\t\t\t\t\t\t\t\t\t<h2 style=\"text-align: center;\"><span style=\"color: #808080;\"><em>El 5 de mayo se pondr\u00e1n las entradas a la venta para el tercer concierto de Eladio Carri\u00f3n en Madrid, el 26 de mayo<\/em><\/span><\/h2>\t\t\t\t\t\t\t\t<\/div>\n\t\t\t\t<\/div>\n\t\t\t\t\t<\/div>\n\t\t<\/div>\n\t\t\t\t\t<\/div>\n\t\t<\/section>\n\t\t\t\t<section class=\"elementor-section elementor-top-section elementor-element elementor-element-edbc25f elementor-section-boxed elementor-section-height-default elementor-section-height-default\" data-id=\"edbc25f\" data-element_type=\"section\" data-e-type=\"section\">\n\t\t\t\t\t\t<div class=\"elementor-container elementor-column-gap-default\">\n\t\t\t\t\t<div class=\"elementor-column elementor-col-100 elementor-top-column elementor-element elementor-element-0873e74\" data-id=\"0873e74\" data-element_type=\"column\" data-e-type=\"column\">\n\t\t\t<div class=\"elementor-widget-wrap elementor-element-populated\">\n\t\t\t\t\t\t<div class=\"elementor-element elementor-element-69558ac elementor-widget elementor-widget-text-editor\" data-id=\"69558ac\" data-element_type=\"widget\" data-e-type=\"widget\" data-widget_type=\"text-editor.default\">\n\t\t\t\t<div class=\"elementor-widget-container\">\n\t\t\t\t\t\t\t\t\t<p>Despu\u00e9s de anunciar un doble sold out los d\u00edas 24 y 25 de mayo, <b>Eladio Carri\u00f3n<\/b> a\u00f1ade un tercer concierto en <b>Madrid<\/b>. El <b>26 de mayo<\/b> tambi\u00e9n se podr\u00e1 disfrutar de su show. Las entradas se pondr\u00e1n a la venta ma\u00f1ana, <b>5 de mayo<\/b> a las <b>16h<\/b>. a trav\u00e9s de la <a href=\"https:\/\/sfx-events.com\/evento\/eladio-2\/\">web oficial de SFX<\/a> o en el canal de venta oficial del recinto, <a href=\"http:\/\/baila.fm\">baila.fm<\/a>. Este es un anuncio que pilla por sorpresa a todos sus fans espa\u00f1oles y supone una alegr\u00eda para ellos.<\/p>\t\t\t\t\t\t\t\t<\/div>\n\t\t\t\t<\/div>\n\t\t\t\t\t<\/div>\n\t\t<\/div>\n\t\t\t\t\t<\/div>\n\t\t<\/section>\n\t\t\t\t<section class=\"elementor-section elementor-top-section elementor-element elementor-element-66ec093 elementor-section-boxed elementor-section-height-default elementor-section-height-default\" data-id=\"66ec093\" data-element_type=\"section\" data-e-type=\"section\">\n\t\t\t\t\t\t<div class=\"elementor-container elementor-column-gap-default\">\n\t\t\t\t\t<div class=\"elementor-column elementor-col-100 elementor-top-column elementor-element elementor-element-db1efce\" data-id=\"db1efce\" data-element_type=\"column\" data-e-type=\"column\">\n\t\t\t<div class=\"elementor-widget-wrap elementor-element-populated\">\n\t\t\t\t\t\t<div class=\"elementor-element elementor-element-354ee2b elementor-widget elementor-widget-image\" data-id=\"354ee2b\" data-element_type=\"widget\" data-e-type=\"widget\" data-widget_type=\"image.default\">\n\t\t\t\t<div class=\"elementor-widget-container\">\n\t\t\t\t\t\t\t\t\t\t\t\t\t\t\t<img fetchpriority=\"high\" decoding=\"async\" width=\"640\" height=\"640\" src=\"https:\/\/unaymilletras.com\/wp-content\/uploads\/2024\/03\/eladio-1024x1024.jpeg\" class=\"attachment-large size-large wp-image-2254\" alt=\"Eladio Carri\u00f3n\" srcset=\"https:\/\/unaymilletras.com\/wp-content\/uploads\/2024\/03\/eladio-1024x1024.jpeg 1024w, https:\/\/unaymilletras.com\/wp-content\/uploads\/2024\/03\/eladio-300x300.jpeg 300w, https:\/\/unaymilletras.com\/wp-content\/uploads\/2024\/03\/eladio-150x150.jpeg 150w, https:\/\/unaymilletras.com\/wp-content\/uploads\/2024\/03\/eladio-768x768.jpeg 768w, https:\/\/unaymilletras.com\/wp-content\/uploads\/2024\/03\/eladio-e1709558550923.jpeg 600w\" sizes=\"(max-width: 640px) 100vw, 640px\" \/>\t\t\t\t\t\t\t\t\t\t\t\t\t\t\t<\/div>\n\t\t\t\t<\/div>\n\t\t\t\t\t<\/div>\n\t\t<\/div>\n\t\t\t\t\t<\/div>\n\t\t<\/section>\n\t\t\t\t<section class=\"elementor-section elementor-top-section elementor-element elementor-element-de7b846 elementor-section-boxed elementor-section-height-default elementor-section-height-default\" data-id=\"de7b846\" data-element_type=\"section\" data-e-type=\"section\">\n\t\t\t\t\t\t<div class=\"elementor-container elementor-column-gap-default\">\n\t\t\t\t\t<div class=\"elementor-column elementor-col-100 elementor-top-column elementor-element elementor-element-50162cf\" data-id=\"50162cf\" data-element_type=\"column\" data-e-type=\"column\">\n\t\t\t<div class=\"elementor-widget-wrap elementor-element-populated\">\n\t\t\t\t\t\t<div class=\"elementor-element elementor-element-a166b48 elementor-widget elementor-widget-text-editor\" data-id=\"a166b48\" data-element_type=\"widget\" data-e-type=\"widget\" data-widget_type=\"text-editor.default\">\n\t\t\t\t<div class=\"elementor-widget-container\">\n\t\t\t\t\t\t\t\t\t<p><span style=\"color: #808080;\">Es la tercera fecha en el WiZink Center de Madrid durante su <em><b><a style=\"color: #808080;\" href=\"https:\/\/unaymilletras.com\/en\/eladio-carrion-traera-su-gira-sol-maria-hasta-espana\/\">Sol Mar\u00eda Tour<\/a><\/b><\/em>. Las dos fechas anteriores agotaron las entradas en muy poco tiempo, por lo que muchos seguidores de Eladio Carri\u00f3n se quedaron sin la posibilidad de verle en directo. Por todo ello, se ha tomado la decisi\u00f3n de ofrecerles una nueva oportunidad.<\/span><\/p><p><span style=\"color: #808080;\">Pero el \u00e9xito de Eladio Carri\u00f3n no llega solo hasta Madrid. Tambi\u00e9n ha logrado <em>sold out <\/em>en Barcelona y en otras ciudades quedan muy pocas entradas. Esto reafirma nuevamente la conexi\u00f3n que tiene el artista con sus seguidores y su importancia dentro de la escena urbana.<\/span><\/p><p><span style=\"color: #808080;\">Madrid ya se prepara para tres noches inolvidables en las que bailar\u00e1 al ritmo de Eladio Carri\u00f3n. El ritmo y la energ\u00eda del cantante llenar\u00e1n el Palacio de los Deportes para conquistar a todos los asistentes. El Sen2 Kbrn llegar\u00e1 a Espa\u00f1a para ense\u00f1arnos a todos como se vive el trap desde dentro.<\/span><\/p>\t\t\t\t\t\t\t\t<\/div>\n\t\t\t\t<\/div>\n\t\t\t\t\t<\/div>\n\t\t<\/div>\n\t\t\t\t\t<\/div>\n\t\t<\/section>\n\t\t\t\t<\/div>","protected":false},"excerpt":{"rendered":"<p>El 5 de mayo se pondr\u00e1n las entradas a la venta para el tercer concierto de Eladio Carri\u00f3n en Madrid, el 26 de mayo Despu\u00e9s de anunciar un doble sold out los d\u00edas 24 y 25 de mayo, Eladio Carri\u00f3n a\u00f1ade un tercer concierto en Madrid. El 26 de mayo tambi\u00e9n se podr\u00e1 disfrutar de [&hellip;]<\/p>\n","protected":false},"author":1,"featured_media":2254,"comment_status":"open","ping_status":"open","sticky":false,"template":"","format":"standard","meta":{"footnotes":""},"categories":[119,4],"tags":[],"class_list":["post-2251","post","type-post","status-publish","format-standard","has-post-thumbnail","hentry","category-eventos","category-musica"],"yoast_head":"<!-- This site is optimized with the Yoast SEO plugin v27.4 - https:\/\/yoast.com\/product\/yoast-seo-wordpress\/ -->\n<title>Eladio Carri\u00f3n va a por el triplete en Madrid<\/title>\n<meta name=\"description\" content=\"El 5 de mayo se pondr\u00e1n las entradas a la venta para el tercer concierto de Eladio Carri\u00f3n en Madrid, el 26 de mayo\" \/>\n<meta name=\"robots\" content=\"index, follow, max-snippet:-1, max-image-preview:large, max-video-preview:-1\" \/>\n<link rel=\"canonical\" href=\"https:\/\/unaymilletras.com\/en\/eladio-carrion-va-a-por-el-triplete-en-madrid\/\" \/>\n<meta property=\"og:locale\" content=\"en_GB\" \/>\n<meta property=\"og:type\" content=\"article\" \/>\n<meta property=\"og:title\" content=\"Eladio Carri\u00f3n va a por el triplete en Madrid\" \/>\n<meta property=\"og:description\" content=\"El 5 de mayo se pondr\u00e1n las entradas a la venta para el tercer concierto de Eladio Carri\u00f3n en Madrid, el 26 de mayo\" \/>\n<meta property=\"og:url\" content=\"https:\/\/unaymilletras.com\/en\/eladio-carrion-va-a-por-el-triplete-en-madrid\/\" \/>\n<meta property=\"og:site_name\" content=\"Una y Mil Letras\" \/>\n<meta property=\"article:published_time\" content=\"2024-03-04T13:20:12+00:00\" \/>\n<meta property=\"article:modified_time\" content=\"2024-03-04T13:25:20+00:00\" \/>\n<meta property=\"og:image\" content=\"http:\/\/unaymilletras.com\/wp-content\/uploads\/2024\/03\/eladio-e1709558550923.jpeg\" \/>\n\t<meta property=\"og:image:width\" content=\"600\" \/>\n\t<meta property=\"og:image:height\" content=\"600\" \/>\n\t<meta property=\"og:image:type\" content=\"image\/jpeg\" \/>\n<meta name=\"author\" content=\"Maria Gil Robledo\" \/>\n<meta name=\"twitter:card\" content=\"summary_large_image\" \/>\n<meta name=\"twitter:creator\" content=\"@UnaYMilLetras\" \/>\n<meta name=\"twitter:site\" content=\"@UnaYMilLetras\" \/>\n<meta name=\"twitter:label1\" content=\"Written by\" \/>\n\t<meta name=\"twitter:data1\" content=\"Maria Gil Robledo\" \/>\n\t<meta name=\"twitter:label2\" content=\"Estimated reading time\" \/>\n\t<meta name=\"twitter:data2\" content=\"2 minutes\" \/>\n<script type=\"application\/ld+json\" class=\"yoast-schema-graph\">{\"@context\":\"https:\\\/\\\/schema.org\",\"@graph\":[{\"@type\":\"Article\",\"@id\":\"https:\\\/\\\/unaymilletras.com\\\/eladio-carrion-va-a-por-el-triplete-en-madrid\\\/#article\",\"isPartOf\":{\"@id\":\"https:\\\/\\\/unaymilletras.com\\\/eladio-carrion-va-a-por-el-triplete-en-madrid\\\/\"},\"author\":{\"name\":\"Maria Gil Robledo\",\"@id\":\"http:\\\/\\\/unaymilletras.com\\\/#\\\/schema\\\/person\\\/d55ba681b8a4e463d8982dbe36a5dc94\"},\"headline\":\"Eladio Carri\u00f3n va a por el triplete en Madrid\",\"datePublished\":\"2024-03-04T13:20:12+00:00\",\"dateModified\":\"2024-03-04T13:25:20+00:00\",\"mainEntityOfPage\":{\"@id\":\"https:\\\/\\\/unaymilletras.com\\\/eladio-carrion-va-a-por-el-triplete-en-madrid\\\/\"},\"wordCount\":291,\"commentCount\":0,\"publisher\":{\"@id\":\"http:\\\/\\\/unaymilletras.com\\\/#organization\"},\"image\":{\"@id\":\"https:\\\/\\\/unaymilletras.com\\\/eladio-carrion-va-a-por-el-triplete-en-madrid\\\/#primaryimage\"},\"thumbnailUrl\":\"https:\\\/\\\/unaymilletras.com\\\/wp-content\\\/uploads\\\/2024\\\/03\\\/eladio-e1709558550923.jpeg\",\"articleSection\":[\"Eventos\",\"M\u00fasica\"],\"inLanguage\":\"en-GB\",\"potentialAction\":[{\"@type\":\"CommentAction\",\"name\":\"Comment\",\"target\":[\"https:\\\/\\\/unaymilletras.com\\\/eladio-carrion-va-a-por-el-triplete-en-madrid\\\/#respond\"]}]},{\"@type\":\"WebPage\",\"@id\":\"https:\\\/\\\/unaymilletras.com\\\/eladio-carrion-va-a-por-el-triplete-en-madrid\\\/\",\"url\":\"https:\\\/\\\/unaymilletras.com\\\/eladio-carrion-va-a-por-el-triplete-en-madrid\\\/\",\"name\":\"Eladio Carri\u00f3n va a por el triplete en Madrid\",\"isPartOf\":{\"@id\":\"http:\\\/\\\/unaymilletras.com\\\/#website\"},\"primaryImageOfPage\":{\"@id\":\"https:\\\/\\\/unaymilletras.com\\\/eladio-carrion-va-a-por-el-triplete-en-madrid\\\/#primaryimage\"},\"image\":{\"@id\":\"https:\\\/\\\/unaymilletras.com\\\/eladio-carrion-va-a-por-el-triplete-en-madrid\\\/#primaryimage\"},\"thumbnailUrl\":\"https:\\\/\\\/unaymilletras.com\\\/wp-content\\\/uploads\\\/2024\\\/03\\\/eladio-e1709558550923.jpeg\",\"datePublished\":\"2024-03-04T13:20:12+00:00\",\"dateModified\":\"2024-03-04T13:25:20+00:00\",\"description\":\"El 5 de mayo se pondr\u00e1n las entradas a la venta para el tercer concierto de Eladio Carri\u00f3n en Madrid, el 26 de mayo\",\"breadcrumb\":{\"@id\":\"https:\\\/\\\/unaymilletras.com\\\/eladio-carrion-va-a-por-el-triplete-en-madrid\\\/#breadcrumb\"},\"inLanguage\":\"en-GB\",\"potentialAction\":[{\"@type\":\"ReadAction\",\"target\":[\"https:\\\/\\\/unaymilletras.com\\\/eladio-carrion-va-a-por-el-triplete-en-madrid\\\/\"]}]},{\"@type\":\"ImageObject\",\"inLanguage\":\"en-GB\",\"@id\":\"https:\\\/\\\/unaymilletras.com\\\/eladio-carrion-va-a-por-el-triplete-en-madrid\\\/#primaryimage\",\"url\":\"https:\\\/\\\/unaymilletras.com\\\/wp-content\\\/uploads\\\/2024\\\/03\\\/eladio-e1709558550923.jpeg\",\"contentUrl\":\"https:\\\/\\\/unaymilletras.com\\\/wp-content\\\/uploads\\\/2024\\\/03\\\/eladio-e1709558550923.jpeg\",\"width\":600,\"height\":600,\"caption\":\"Eladio Carri\u00f3n\"},{\"@type\":\"BreadcrumbList\",\"@id\":\"https:\\\/\\\/unaymilletras.com\\\/eladio-carrion-va-a-por-el-triplete-en-madrid\\\/#breadcrumb\",\"itemListElement\":[{\"@type\":\"ListItem\",\"position\":1,\"name\":\"Home\",\"item\":\"http:\\\/\\\/unaymilletras.com\\\/\"},{\"@type\":\"ListItem\",\"position\":2,\"name\":\"Eladio Carri\u00f3n va a por el triplete en Madrid\"}]},{\"@type\":\"WebSite\",\"@id\":\"http:\\\/\\\/unaymilletras.com\\\/#website\",\"url\":\"http:\\\/\\\/unaymilletras.com\\\/\",\"name\":\"Una y Mil Letras\",\"description\":\"\",\"publisher\":{\"@id\":\"http:\\\/\\\/unaymilletras.com\\\/#organization\"},\"potentialAction\":[{\"@type\":\"SearchAction\",\"target\":{\"@type\":\"EntryPoint\",\"urlTemplate\":\"http:\\\/\\\/unaymilletras.com\\\/?s={search_term_string}\"},\"query-input\":{\"@type\":\"PropertyValueSpecification\",\"valueRequired\":true,\"valueName\":\"search_term_string\"}}],\"inLanguage\":\"en-GB\"},{\"@type\":\"Organization\",\"@id\":\"http:\\\/\\\/unaymilletras.com\\\/#organization\",\"name\":\"Una y Mil Letras\",\"url\":\"http:\\\/\\\/unaymilletras.com\\\/\",\"logo\":{\"@type\":\"ImageObject\",\"inLanguage\":\"en-GB\",\"@id\":\"http:\\\/\\\/unaymilletras.com\\\/#\\\/schema\\\/logo\\\/image\\\/\",\"url\":\"https:\\\/\\\/unaymilletras.com\\\/wp-content\\\/uploads\\\/2024\\\/06\\\/cropped-Logo-removebg-preview.png\",\"contentUrl\":\"https:\\\/\\\/unaymilletras.com\\\/wp-content\\\/uploads\\\/2024\\\/06\\\/cropped-Logo-removebg-preview.png\",\"width\":512,\"height\":512,\"caption\":\"Una y Mil Letras\"},\"image\":{\"@id\":\"http:\\\/\\\/unaymilletras.com\\\/#\\\/schema\\\/logo\\\/image\\\/\"},\"sameAs\":[\"https:\\\/\\\/x.com\\\/UnaYMilLetras\",\"https:\\\/\\\/instagram.com\\\/UnaYMilLetras\"]},{\"@type\":\"Person\",\"@id\":\"http:\\\/\\\/unaymilletras.com\\\/#\\\/schema\\\/person\\\/d55ba681b8a4e463d8982dbe36a5dc94\",\"name\":\"Maria Gil Robledo\",\"image\":{\"@type\":\"ImageObject\",\"inLanguage\":\"en-GB\",\"@id\":\"https:\\\/\\\/secure.gravatar.com\\\/avatar\\\/4b8e5102e0015789407eb4870b12f0f2857952d83ca124058f92b764bd1840c3?s=96&d=mm&r=g\",\"url\":\"https:\\\/\\\/secure.gravatar.com\\\/avatar\\\/4b8e5102e0015789407eb4870b12f0f2857952d83ca124058f92b764bd1840c3?s=96&d=mm&r=g\",\"contentUrl\":\"https:\\\/\\\/secure.gravatar.com\\\/avatar\\\/4b8e5102e0015789407eb4870b12f0f2857952d83ca124058f92b764bd1840c3?s=96&d=mm&r=g\",\"caption\":\"Maria Gil Robledo\"},\"sameAs\":[\"http:\\\/\\\/unaymilletras.com\"],\"url\":\"https:\\\/\\\/unaymilletras.com\\\/en\\\/author\\\/mariiagiil02_\\\/\"}]}<\/script>\n<!-- \/ Yoast SEO plugin. -->","yoast_head_json":{"title":"Eladio Carri\u00f3n va a por el triplete en Madrid","description":"El 5 de mayo se pondr\u00e1n las entradas a la venta para el tercer concierto de Eladio Carri\u00f3n en Madrid, el 26 de mayo","robots":{"index":"index","follow":"follow","max-snippet":"max-snippet:-1","max-image-preview":"max-image-preview:large","max-video-preview":"max-video-preview:-1"},"canonical":"https:\/\/unaymilletras.com\/en\/eladio-carrion-va-a-por-el-triplete-en-madrid\/","og_locale":"en_GB","og_type":"article","og_title":"Eladio Carri\u00f3n va a por el triplete en Madrid","og_description":"El 5 de mayo se pondr\u00e1n las entradas a la venta para el tercer concierto de Eladio Carri\u00f3n en Madrid, el 26 de mayo","og_url":"https:\/\/unaymilletras.com\/en\/eladio-carrion-va-a-por-el-triplete-en-madrid\/","og_site_name":"Una y Mil Letras","article_published_time":"2024-03-04T13:20:12+00:00","article_modified_time":"2024-03-04T13:25:20+00:00","og_image":[{"width":600,"height":600,"url":"http:\/\/unaymilletras.com\/wp-content\/uploads\/2024\/03\/eladio-e1709558550923.jpeg","type":"image\/jpeg"}],"author":"Maria Gil Robledo","twitter_card":"summary_large_image","twitter_creator":"@UnaYMilLetras","twitter_site":"@UnaYMilLetras","twitter_misc":{"Written by":"Maria Gil Robledo","Estimated reading time":"2 minutes"},"schema":{"@context":"https:\/\/schema.org","@graph":[{"@type":"Article","@id":"https:\/\/unaymilletras.com\/eladio-carrion-va-a-por-el-triplete-en-madrid\/#article","isPartOf":{"@id":"https:\/\/unaymilletras.com\/eladio-carrion-va-a-por-el-triplete-en-madrid\/"},"author":{"name":"Maria Gil Robledo","@id":"http:\/\/unaymilletras.com\/#\/schema\/person\/d55ba681b8a4e463d8982dbe36a5dc94"},"headline":"Eladio Carri\u00f3n va a por el triplete en Madrid","datePublished":"2024-03-04T13:20:12+00:00","dateModified":"2024-03-04T13:25:20+00:00","mainEntityOfPage":{"@id":"https:\/\/unaymilletras.com\/eladio-carrion-va-a-por-el-triplete-en-madrid\/"},"wordCount":291,"commentCount":0,"publisher":{"@id":"http:\/\/unaymilletras.com\/#organization"},"image":{"@id":"https:\/\/unaymilletras.com\/eladio-carrion-va-a-por-el-triplete-en-madrid\/#primaryimage"},"thumbnailUrl":"https:\/\/unaymilletras.com\/wp-content\/uploads\/2024\/03\/eladio-e1709558550923.jpeg","articleSection":["Eventos","M\u00fasica"],"inLanguage":"en-GB","potentialAction":[{"@type":"CommentAction","name":"Comment","target":["https:\/\/unaymilletras.com\/eladio-carrion-va-a-por-el-triplete-en-madrid\/#respond"]}]},{"@type":"WebPage","@id":"https:\/\/unaymilletras.com\/eladio-carrion-va-a-por-el-triplete-en-madrid\/","url":"https:\/\/unaymilletras.com\/eladio-carrion-va-a-por-el-triplete-en-madrid\/","name":"Eladio Carri\u00f3n va a por el triplete en Madrid","isPartOf":{"@id":"http:\/\/unaymilletras.com\/#website"},"primaryImageOfPage":{"@id":"https:\/\/unaymilletras.com\/eladio-carrion-va-a-por-el-triplete-en-madrid\/#primaryimage"},"image":{"@id":"https:\/\/unaymilletras.com\/eladio-carrion-va-a-por-el-triplete-en-madrid\/#primaryimage"},"thumbnailUrl":"https:\/\/unaymilletras.com\/wp-content\/uploads\/2024\/03\/eladio-e1709558550923.jpeg","datePublished":"2024-03-04T13:20:12+00:00","dateModified":"2024-03-04T13:25:20+00:00","description":"El 5 de mayo se pondr\u00e1n las entradas a la venta para el tercer concierto de Eladio Carri\u00f3n en Madrid, el 26 de mayo","breadcrumb":{"@id":"https:\/\/unaymilletras.com\/eladio-carrion-va-a-por-el-triplete-en-madrid\/#breadcrumb"},"inLanguage":"en-GB","potentialAction":[{"@type":"ReadAction","target":["https:\/\/unaymilletras.com\/eladio-carrion-va-a-por-el-triplete-en-madrid\/"]}]},{"@type":"ImageObject","inLanguage":"en-GB","@id":"https:\/\/unaymilletras.com\/eladio-carrion-va-a-por-el-triplete-en-madrid\/#primaryimage","url":"https:\/\/unaymilletras.com\/wp-content\/uploads\/2024\/03\/eladio-e1709558550923.jpeg","contentUrl":"https:\/\/unaymilletras.com\/wp-content\/uploads\/2024\/03\/eladio-e1709558550923.jpeg","width":600,"height":600,"caption":"Eladio Carri\u00f3n"},{"@type":"BreadcrumbList","@id":"https:\/\/unaymilletras.com\/eladio-carrion-va-a-por-el-triplete-en-madrid\/#breadcrumb","itemListElement":[{"@type":"ListItem","position":1,"name":"Home","item":"http:\/\/unaymilletras.com\/"},{"@type":"ListItem","position":2,"name":"Eladio Carri\u00f3n va a por el triplete en Madrid"}]},{"@type":"WebSite","@id":"http:\/\/unaymilletras.com\/#website","url":"http:\/\/unaymilletras.com\/","name":"Una y Mil Letras","description":"","publisher":{"@id":"http:\/\/unaymilletras.com\/#organization"},"potentialAction":[{"@type":"SearchAction","target":{"@type":"EntryPoint","urlTemplate":"http:\/\/unaymilletras.com\/?s={search_term_string}"},"query-input":{"@type":"PropertyValueSpecification","valueRequired":true,"valueName":"search_term_string"}}],"inLanguage":"en-GB"},{"@type":"Organization","@id":"http:\/\/unaymilletras.com\/#organization","name":"Una y Mil Letras","url":"http:\/\/unaymilletras.com\/","logo":{"@type":"ImageObject","inLanguage":"en-GB","@id":"http:\/\/unaymilletras.com\/#\/schema\/logo\/image\/","url":"https:\/\/unaymilletras.com\/wp-content\/uploads\/2024\/06\/cropped-Logo-removebg-preview.png","contentUrl":"https:\/\/unaymilletras.com\/wp-content\/uploads\/2024\/06\/cropped-Logo-removebg-preview.png","width":512,"height":512,"caption":"Una y Mil Letras"},"image":{"@id":"http:\/\/unaymilletras.com\/#\/schema\/logo\/image\/"},"sameAs":["https:\/\/x.com\/UnaYMilLetras","https:\/\/instagram.com\/UnaYMilLetras"]},{"@type":"Person","@id":"http:\/\/unaymilletras.com\/#\/schema\/person\/d55ba681b8a4e463d8982dbe36a5dc94","name":"Maria Gil Robledo","image":{"@type":"ImageObject","inLanguage":"en-GB","@id":"https:\/\/secure.gravatar.com\/avatar\/4b8e5102e0015789407eb4870b12f0f2857952d83ca124058f92b764bd1840c3?s=96&d=mm&r=g","url":"https:\/\/secure.gravatar.com\/avatar\/4b8e5102e0015789407eb4870b12f0f2857952d83ca124058f92b764bd1840c3?s=96&d=mm&r=g","contentUrl":"https:\/\/secure.gravatar.com\/avatar\/4b8e5102e0015789407eb4870b12f0f2857952d83ca124058f92b764bd1840c3?s=96&d=mm&r=g","caption":"Maria Gil Robledo"},"sameAs":["http:\/\/unaymilletras.com"],"url":"https:\/\/unaymilletras.com\/en\/author\/mariiagiil02_\/"}]}},"_links":{"self":[{"href":"https:\/\/unaymilletras.com\/en\/wp-json\/wp\/v2\/posts\/2251","targetHints":{"allow":["GET"]}}],"collection":[{"href":"https:\/\/unaymilletras.com\/en\/wp-json\/wp\/v2\/posts"}],"about":[{"href":"https:\/\/unaymilletras.com\/en\/wp-json\/wp\/v2\/types\/post"}],"author":[{"embeddable":true,"href":"https:\/\/unaymilletras.com\/en\/wp-json\/wp\/v2\/users\/1"}],"replies":[{"embeddable":true,"href":"https:\/\/unaymilletras.com\/en\/wp-json\/wp\/v2\/comments?post=2251"}],"version-history":[{"count":5,"href":"https:\/\/unaymilletras.com\/en\/wp-json\/wp\/v2\/posts\/2251\/revisions"}],"predecessor-version":[{"id":2257,"href":"https:\/\/unaymilletras.com\/en\/wp-json\/wp\/v2\/posts\/2251\/revisions\/2257"}],"wp:featuredmedia":[{"embeddable":true,"href":"https:\/\/unaymilletras.com\/en\/wp-json\/wp\/v2\/media\/2254"}],"wp:attachment":[{"href":"https:\/\/unaymilletras.com\/en\/wp-json\/wp\/v2\/media?parent=2251"}],"wp:term":[{"taxonomy":"category","embeddable":true,"href":"https:\/\/unaymilletras.com\/en\/wp-json\/wp\/v2\/categories?post=2251"},{"taxonomy":"post_tag","embeddable":true,"href":"https:\/\/unaymilletras.com\/en\/wp-json\/wp\/v2\/tags?post=2251"}],"curies":[{"name":"wp","href":"https:\/\/api.w.org\/{rel}","templated":true}]}}