{"id":2268,"date":"2024-03-04T23:07:37","date_gmt":"2024-03-04T22:07:37","guid":{"rendered":"https:\/\/unaymilletras.com\/?p=2268"},"modified":"2024-03-04T23:13:15","modified_gmt":"2024-03-04T22:13:15","slug":"la-velada-iv-fecha-lugar-y-combates","status":"publish","type":"post","link":"https:\/\/unaymilletras.com\/en\/la-velada-iv-fecha-lugar-y-combates\/","title":{"rendered":"La Velada IV: Fecha, lugar y combates"},"content":{"rendered":"<div data-elementor-type=\"wp-post\" data-elementor-id=\"2268\" class=\"elementor elementor-2268\">\n\t\t\t\t\t\t<section class=\"elementor-section elementor-top-section elementor-element elementor-element-dace754 elementor-section-boxed elementor-section-height-default elementor-section-height-default\" data-id=\"dace754\" data-element_type=\"section\" data-e-type=\"section\">\n\t\t\t\t\t\t<div class=\"elementor-container elementor-column-gap-default\">\n\t\t\t\t\t<div class=\"elementor-column elementor-col-100 elementor-top-column elementor-element elementor-element-bd65ca6\" data-id=\"bd65ca6\" data-element_type=\"column\" data-e-type=\"column\">\n\t\t\t<div class=\"elementor-widget-wrap elementor-element-populated\">\n\t\t\t\t\t\t<div class=\"elementor-element elementor-element-2e52982 elementor-widget elementor-widget-text-editor\" data-id=\"2e52982\" data-element_type=\"widget\" data-e-type=\"widget\" data-widget_type=\"text-editor.default\">\n\t\t\t\t<div class=\"elementor-widget-container\">\n\t\t\t\t\t\t\t\t\t<h2 style=\"text-align: center;\"><span style=\"color: #808080;\"><em>El 13 de julio tendr\u00e1 lugar La Velada IV en el Santiago Bernab\u00e9u seg\u00fan ha anunciado Ibai en Twitch junto a los seis combates<\/em><\/span><\/h2>\t\t\t\t\t\t\t\t<\/div>\n\t\t\t\t<\/div>\n\t\t\t\t\t<\/div>\n\t\t<\/div>\n\t\t\t\t\t<\/div>\n\t\t<\/section>\n\t\t\t\t<section class=\"elementor-section elementor-top-section elementor-element elementor-element-05d78e7 elementor-section-boxed elementor-section-height-default elementor-section-height-default\" data-id=\"05d78e7\" data-element_type=\"section\" data-e-type=\"section\">\n\t\t\t\t\t\t<div class=\"elementor-container elementor-column-gap-default\">\n\t\t\t\t\t<div class=\"elementor-column elementor-col-100 elementor-top-column elementor-element elementor-element-f867a9e\" data-id=\"f867a9e\" data-element_type=\"column\" data-e-type=\"column\">\n\t\t\t<div class=\"elementor-widget-wrap elementor-element-populated\">\n\t\t\t\t\t\t<div class=\"elementor-element elementor-element-5fe4310 elementor-widget elementor-widget-text-editor\" data-id=\"5fe4310\" data-element_type=\"widget\" data-e-type=\"widget\" data-widget_type=\"text-editor.default\">\n\t\t\t\t<div class=\"elementor-widget-container\">\n\t\t\t\t\t\t\t\t\t<p><span style=\"color: #808080;\">La <strong>Velada IV<\/strong> promete ser el evento m\u00e1s importante del a\u00f1o y ya conocemos gran parte de los detalles. Ser\u00e1 el d\u00eda <strong>13 de julio<\/strong> en el <strong>Estadio Santiago Bernab\u00e9u<\/strong> y contar\u00e1 con seis combates muy variados. Las entradas a\u00fan no est\u00e1n a la venta, aunque s\u00ed se han sorteado algunas en el canal de <a style=\"color: #808080;\" href=\"https:\/\/www.twitch.tv\/ibai\">Twitch<\/a> de <strong>Ibai<\/strong> durante el evento de presentaci\u00f3n en el <strong>Teatro Victoria<\/strong> de <strong>Barcelona<\/strong>.<\/span><\/p>\t\t\t\t\t\t\t\t<\/div>\n\t\t\t\t<\/div>\n\t\t\t\t\t<\/div>\n\t\t<\/div>\n\t\t\t\t\t<\/div>\n\t\t<\/section>\n\t\t\t\t<section class=\"elementor-section elementor-top-section elementor-element elementor-element-acd5b79 elementor-section-boxed elementor-section-height-default elementor-section-height-default\" data-id=\"acd5b79\" data-element_type=\"section\" data-e-type=\"section\">\n\t\t\t\t\t\t<div class=\"elementor-container elementor-column-gap-default\">\n\t\t\t\t\t<div class=\"elementor-column elementor-col-100 elementor-top-column elementor-element elementor-element-4b81e3f\" data-id=\"4b81e3f\" data-element_type=\"column\" data-e-type=\"column\">\n\t\t\t<div class=\"elementor-widget-wrap elementor-element-populated\">\n\t\t\t\t\t\t<div class=\"elementor-element elementor-element-3fc59a9 elementor-widget elementor-widget-image\" data-id=\"3fc59a9\" data-element_type=\"widget\" data-e-type=\"widget\" data-widget_type=\"image.default\">\n\t\t\t\t<div class=\"elementor-widget-container\">\n\t\t\t\t\t\t\t\t\t\t\t\t\t\t\t<img fetchpriority=\"high\" decoding=\"async\" width=\"640\" height=\"360\" src=\"https:\/\/unaymilletras.com\/wp-content\/uploads\/2024\/03\/La-velada-1024x576.jpeg\" class=\"attachment-large size-large wp-image-2270\" alt=\"La Velada IV\" srcset=\"https:\/\/unaymilletras.com\/wp-content\/uploads\/2024\/03\/La-velada-1024x576.jpeg 1024w, https:\/\/unaymilletras.com\/wp-content\/uploads\/2024\/03\/La-velada-300x169.jpeg 300w, https:\/\/unaymilletras.com\/wp-content\/uploads\/2024\/03\/La-velada-768x432.jpeg 768w, https:\/\/unaymilletras.com\/wp-content\/uploads\/2024\/03\/La-velada-1536x864.jpeg 1536w, https:\/\/unaymilletras.com\/wp-content\/uploads\/2024\/03\/La-velada-1280x720.jpeg 1280w, https:\/\/unaymilletras.com\/wp-content\/uploads\/2024\/03\/La-velada-e1709590029338.jpeg 600w\" sizes=\"(max-width: 640px) 100vw, 640px\" \/>\t\t\t\t\t\t\t\t\t\t\t\t\t\t\t<\/div>\n\t\t\t\t<\/div>\n\t\t\t\t\t<\/div>\n\t\t<\/div>\n\t\t\t\t\t<\/div>\n\t\t<\/section>\n\t\t\t\t<section class=\"elementor-section elementor-top-section elementor-element elementor-element-1abafee elementor-section-boxed elementor-section-height-default elementor-section-height-default\" data-id=\"1abafee\" data-element_type=\"section\" data-e-type=\"section\">\n\t\t\t\t\t\t<div class=\"elementor-container elementor-column-gap-default\">\n\t\t\t\t\t<div class=\"elementor-column elementor-col-100 elementor-top-column elementor-element elementor-element-9ca97b5\" data-id=\"9ca97b5\" data-element_type=\"column\" data-e-type=\"column\">\n\t\t\t<div class=\"elementor-widget-wrap elementor-element-populated\">\n\t\t\t\t\t\t<div class=\"elementor-element elementor-element-5debd4e elementor-widget elementor-widget-text-editor\" data-id=\"5debd4e\" data-element_type=\"widget\" data-e-type=\"widget\" data-widget_type=\"text-editor.default\">\n\t\t\t\t<div class=\"elementor-widget-container\">\n\t\t\t\t\t\t\t\t\t<p><strong>Carreraaa VS Agustin51<br \/><\/strong>El argentino y el espa\u00f1ol han sido los primeros participantes anunciados. Ambos han sido protagonistas de varios clips virales, cada uno con su propia esencia y ahora se subir\u00e1n al ring a enfrentarse. Dos streamers referentes en su sector que est\u00e1n dispuesto a ganar la pelea.<\/p>\t\t\t\t\t\t\t\t<\/div>\n\t\t\t\t<\/div>\n\t\t\t\t\t<\/div>\n\t\t<\/div>\n\t\t\t\t\t<\/div>\n\t\t<\/section>\n\t\t\t\t<section class=\"elementor-section elementor-top-section elementor-element elementor-element-a1ddfcb elementor-section-boxed elementor-section-height-default elementor-section-height-default\" data-id=\"a1ddfcb\" data-element_type=\"section\" data-e-type=\"section\">\n\t\t\t\t\t\t<div class=\"elementor-container elementor-column-gap-default\">\n\t\t\t\t\t<div class=\"elementor-column elementor-col-100 elementor-top-column elementor-element elementor-element-8363ba5\" data-id=\"8363ba5\" data-element_type=\"column\" data-e-type=\"column\">\n\t\t\t<div class=\"elementor-widget-wrap elementor-element-populated\">\n\t\t\t\t\t\t<div class=\"elementor-element elementor-element-4d185d6 elementor-widget elementor-widget-image\" data-id=\"4d185d6\" data-element_type=\"widget\" data-e-type=\"widget\" data-widget_type=\"image.default\">\n\t\t\t\t<div class=\"elementor-widget-container\">\n\t\t\t\t\t\t\t\t\t\t\t\t\t\t\t<img decoding=\"async\" width=\"640\" height=\"360\" src=\"https:\/\/unaymilletras.com\/wp-content\/uploads\/2024\/03\/Combate-1-1024x576.jpeg\" class=\"attachment-large size-large wp-image-2271\" alt=\"La Velada IV\" srcset=\"https:\/\/unaymilletras.com\/wp-content\/uploads\/2024\/03\/Combate-1-1024x576.jpeg 1024w, https:\/\/unaymilletras.com\/wp-content\/uploads\/2024\/03\/Combate-1-300x169.jpeg 300w, https:\/\/unaymilletras.com\/wp-content\/uploads\/2024\/03\/Combate-1-768x432.jpeg 768w, https:\/\/unaymilletras.com\/wp-content\/uploads\/2024\/03\/Combate-1-1536x864.jpeg 1536w, https:\/\/unaymilletras.com\/wp-content\/uploads\/2024\/03\/Combate-1-1280x720.jpeg 1280w, https:\/\/unaymilletras.com\/wp-content\/uploads\/2024\/03\/Combate-1-e1709590042464.jpeg 600w\" sizes=\"(max-width: 640px) 100vw, 640px\" \/>\t\t\t\t\t\t\t\t\t\t\t\t\t\t\t<\/div>\n\t\t\t\t<\/div>\n\t\t\t\t\t<\/div>\n\t\t<\/div>\n\t\t\t\t\t<\/div>\n\t\t<\/section>\n\t\t\t\t<section class=\"elementor-section elementor-top-section elementor-element elementor-element-f9f616d elementor-section-boxed elementor-section-height-default elementor-section-height-default\" data-id=\"f9f616d\" data-element_type=\"section\" data-e-type=\"section\">\n\t\t\t\t\t\t<div class=\"elementor-container elementor-column-gap-default\">\n\t\t\t\t\t<div class=\"elementor-column elementor-col-100 elementor-top-column elementor-element elementor-element-70efa33\" data-id=\"70efa33\" data-element_type=\"column\" data-e-type=\"column\">\n\t\t\t<div class=\"elementor-widget-wrap elementor-element-populated\">\n\t\t\t\t\t\t<div class=\"elementor-element elementor-element-2aaaa86 elementor-widget elementor-widget-text-editor\" data-id=\"2aaaa86\" data-element_type=\"widget\" data-e-type=\"widget\" data-widget_type=\"text-editor.default\">\n\t\t\t\t<div class=\"elementor-widget-container\">\n\t\t\t\t\t\t\t\t\t<p><strong>Guanyar VS La Cobra<br \/><\/strong>Dos genios de Internet que se enfrentar\u00e1n en uno de los estadios m\u00e1s importantes de Madrid. Una vez m\u00e1s, Argentina contra Espa\u00f1a en La Velada IV, donde se pegar\u00e1n para ver qui\u00e9n es el mejor en el boxeo, una disciplina que nunca antes hab\u00edan probado.<\/p>\t\t\t\t\t\t\t\t<\/div>\n\t\t\t\t<\/div>\n\t\t\t\t\t<\/div>\n\t\t<\/div>\n\t\t\t\t\t<\/div>\n\t\t<\/section>\n\t\t\t\t<section class=\"elementor-section elementor-top-section elementor-element elementor-element-f8a6626 elementor-section-boxed elementor-section-height-default elementor-section-height-default\" data-id=\"f8a6626\" data-element_type=\"section\" data-e-type=\"section\">\n\t\t\t\t\t\t<div class=\"elementor-container elementor-column-gap-default\">\n\t\t\t\t\t<div class=\"elementor-column elementor-col-100 elementor-top-column elementor-element elementor-element-fa389b7\" data-id=\"fa389b7\" data-element_type=\"column\" data-e-type=\"column\">\n\t\t\t<div class=\"elementor-widget-wrap elementor-element-populated\">\n\t\t\t\t\t\t<div class=\"elementor-element elementor-element-6d6500e elementor-widget elementor-widget-image\" data-id=\"6d6500e\" data-element_type=\"widget\" data-e-type=\"widget\" data-widget_type=\"image.default\">\n\t\t\t\t<div class=\"elementor-widget-container\">\n\t\t\t\t\t\t\t\t\t\t\t\t\t\t\t<img decoding=\"async\" width=\"640\" height=\"360\" src=\"https:\/\/unaymilletras.com\/wp-content\/uploads\/2024\/03\/Combate-2-1024x576.jpeg\" class=\"attachment-large size-large wp-image-2272\" alt=\"La Velada IV\" srcset=\"https:\/\/unaymilletras.com\/wp-content\/uploads\/2024\/03\/Combate-2-1024x576.jpeg 1024w, https:\/\/unaymilletras.com\/wp-content\/uploads\/2024\/03\/Combate-2-300x169.jpeg 300w, https:\/\/unaymilletras.com\/wp-content\/uploads\/2024\/03\/Combate-2-768x432.jpeg 768w, https:\/\/unaymilletras.com\/wp-content\/uploads\/2024\/03\/Combate-2-e1709590050412.jpeg 600w\" sizes=\"(max-width: 640px) 100vw, 640px\" \/>\t\t\t\t\t\t\t\t\t\t\t\t\t\t\t<\/div>\n\t\t\t\t<\/div>\n\t\t\t\t\t<\/div>\n\t\t<\/div>\n\t\t\t\t\t<\/div>\n\t\t<\/section>\n\t\t\t\t<section class=\"elementor-section elementor-top-section elementor-element elementor-element-b75f44e elementor-section-boxed elementor-section-height-default elementor-section-height-default\" data-id=\"b75f44e\" data-element_type=\"section\" data-e-type=\"section\">\n\t\t\t\t\t\t<div class=\"elementor-container elementor-column-gap-default\">\n\t\t\t\t\t<div class=\"elementor-column elementor-col-100 elementor-top-column elementor-element elementor-element-d8ecdb5\" data-id=\"d8ecdb5\" data-element_type=\"column\" data-e-type=\"column\">\n\t\t\t<div class=\"elementor-widget-wrap elementor-element-populated\">\n\t\t\t\t\t\t<div class=\"elementor-element elementor-element-17af282 elementor-widget elementor-widget-text-editor\" data-id=\"17af282\" data-element_type=\"widget\" data-e-type=\"widget\" data-widget_type=\"text-editor.default\">\n\t\t\t\t<div class=\"elementor-widget-container\">\n\t\t\t\t\t\t\t\t\t<p><strong>Zeling \/ Nissaxter vs Alana \/ AmaBlitz<br \/><\/strong><span style=\"color: #808080;\">El primer combate doble de la historia del <a style=\"color: #808080;\" href=\"https:\/\/unaymilletras.com\/en\/la-velada-del-ano-iii-ya-esta-aqui\/\">evento<\/a>. Este es el primero de los cambios que Ibai ha implementado en La Velada IV y enfrentar\u00e1 a Espa\u00f1a contra M\u00e9xico. Un enfrentamiento que ya en la presentaci\u00f3n ha mostrado las ganas que se tiene un equipo a otro y que promete dar un gran show. Una gran variedad de caracteres y tama\u00f1os reflejada en las cuatro participantes.<\/span><\/p>\t\t\t\t\t\t\t\t<\/div>\n\t\t\t\t<\/div>\n\t\t\t\t\t<\/div>\n\t\t<\/div>\n\t\t\t\t\t<\/div>\n\t\t<\/section>\n\t\t\t\t<section class=\"elementor-section elementor-top-section elementor-element elementor-element-9ed2429 elementor-section-boxed elementor-section-height-default elementor-section-height-default\" data-id=\"9ed2429\" data-element_type=\"section\" data-e-type=\"section\">\n\t\t\t\t\t\t<div class=\"elementor-container elementor-column-gap-default\">\n\t\t\t\t\t<div class=\"elementor-column elementor-col-100 elementor-top-column elementor-element elementor-element-8572ccc\" data-id=\"8572ccc\" data-element_type=\"column\" data-e-type=\"column\">\n\t\t\t<div class=\"elementor-widget-wrap elementor-element-populated\">\n\t\t\t\t\t\t<div class=\"elementor-element elementor-element-56efeec elementor-widget elementor-widget-image\" data-id=\"56efeec\" data-element_type=\"widget\" data-e-type=\"widget\" data-widget_type=\"image.default\">\n\t\t\t\t<div class=\"elementor-widget-container\">\n\t\t\t\t\t\t\t\t\t\t\t\t\t\t\t<img loading=\"lazy\" decoding=\"async\" width=\"640\" height=\"360\" src=\"https:\/\/unaymilletras.com\/wp-content\/uploads\/2024\/03\/Combate-3-1024x576.jpeg\" class=\"attachment-large size-large wp-image-2273\" alt=\"La Velada IV\" srcset=\"https:\/\/unaymilletras.com\/wp-content\/uploads\/2024\/03\/Combate-3-1024x576.jpeg 1024w, https:\/\/unaymilletras.com\/wp-content\/uploads\/2024\/03\/Combate-3-300x169.jpeg 300w, https:\/\/unaymilletras.com\/wp-content\/uploads\/2024\/03\/Combate-3-768x432.jpeg 768w, https:\/\/unaymilletras.com\/wp-content\/uploads\/2024\/03\/Combate-3-e1709590064712.jpeg 600w\" sizes=\"(max-width: 640px) 100vw, 640px\" \/>\t\t\t\t\t\t\t\t\t\t\t\t\t\t\t<\/div>\n\t\t\t\t<\/div>\n\t\t\t\t\t<\/div>\n\t\t<\/div>\n\t\t\t\t\t<\/div>\n\t\t<\/section>\n\t\t\t\t<section class=\"elementor-section elementor-top-section elementor-element elementor-element-26a3978 elementor-section-boxed elementor-section-height-default elementor-section-height-default\" data-id=\"26a3978\" data-element_type=\"section\" data-e-type=\"section\">\n\t\t\t\t\t\t<div class=\"elementor-container elementor-column-gap-default\">\n\t\t\t\t\t<div class=\"elementor-column elementor-col-100 elementor-top-column elementor-element elementor-element-ced4e8a\" data-id=\"ced4e8a\" data-element_type=\"column\" data-e-type=\"column\">\n\t\t\t<div class=\"elementor-widget-wrap elementor-element-populated\">\n\t\t\t\t\t\t<div class=\"elementor-element elementor-element-1831ae3 elementor-widget elementor-widget-text-editor\" data-id=\"1831ae3\" data-element_type=\"widget\" data-e-type=\"widget\" data-widget_type=\"text-editor.default\">\n\t\t\t\t<div class=\"elementor-widget-container\">\n\t\t\t\t\t\t\t\t\t<p><strong>Viruzz VS Shelao<br \/><\/strong>Dos creadores que no se enfrentan por primera vez al ring y que le aportan un toque m\u00e1s profesional a La Velada IV. Un combate que el a\u00f1o pasado qued\u00f3 pendiente por las pruebas m\u00e9dicas del espa\u00f1ol y la lesi\u00f3n de Misho que impidi\u00f3 que Shelao pudiese pelear. Una pelea que se pillar\u00e1 con muchas ganas tanto por parte de los boxeadores como del p\u00fablico en general y que ya ha dejado ver los primeros encontronazos en la presentaci\u00f3n.<\/p>\t\t\t\t\t\t\t\t<\/div>\n\t\t\t\t<\/div>\n\t\t\t\t\t<\/div>\n\t\t<\/div>\n\t\t\t\t\t<\/div>\n\t\t<\/section>\n\t\t\t\t<section class=\"elementor-section elementor-top-section elementor-element elementor-element-7910d2f elementor-section-boxed elementor-section-height-default elementor-section-height-default\" data-id=\"7910d2f\" data-element_type=\"section\" data-e-type=\"section\">\n\t\t\t\t\t\t<div class=\"elementor-container elementor-column-gap-default\">\n\t\t\t\t\t<div class=\"elementor-column elementor-col-100 elementor-top-column elementor-element elementor-element-1b93687\" data-id=\"1b93687\" data-element_type=\"column\" data-e-type=\"column\">\n\t\t\t<div class=\"elementor-widget-wrap elementor-element-populated\">\n\t\t\t\t\t\t<div class=\"elementor-element elementor-element-85ce27c elementor-widget elementor-widget-image\" data-id=\"85ce27c\" data-element_type=\"widget\" data-e-type=\"widget\" data-widget_type=\"image.default\">\n\t\t\t\t<div class=\"elementor-widget-container\">\n\t\t\t\t\t\t\t\t\t\t\t\t\t\t\t<img loading=\"lazy\" decoding=\"async\" width=\"640\" height=\"360\" src=\"https:\/\/unaymilletras.com\/wp-content\/uploads\/2024\/03\/Combate-4-1024x576.jpeg\" class=\"attachment-large size-large wp-image-2274\" alt=\"La Velada IV\" srcset=\"https:\/\/unaymilletras.com\/wp-content\/uploads\/2024\/03\/Combate-4-1024x576.jpeg 1024w, https:\/\/unaymilletras.com\/wp-content\/uploads\/2024\/03\/Combate-4-300x169.jpeg 300w, https:\/\/unaymilletras.com\/wp-content\/uploads\/2024\/03\/Combate-4-768x432.jpeg 768w, https:\/\/unaymilletras.com\/wp-content\/uploads\/2024\/03\/Combate-4-e1709590075870.jpeg 600w\" sizes=\"(max-width: 640px) 100vw, 640px\" \/>\t\t\t\t\t\t\t\t\t\t\t\t\t\t\t<\/div>\n\t\t\t\t<\/div>\n\t\t\t\t\t<\/div>\n\t\t<\/div>\n\t\t\t\t\t<\/div>\n\t\t<\/section>\n\t\t\t\t<section class=\"elementor-section elementor-top-section elementor-element elementor-element-6c45a8e elementor-section-boxed elementor-section-height-default elementor-section-height-default\" data-id=\"6c45a8e\" data-element_type=\"section\" data-e-type=\"section\">\n\t\t\t\t\t\t<div class=\"elementor-container elementor-column-gap-default\">\n\t\t\t\t\t<div class=\"elementor-column elementor-col-100 elementor-top-column elementor-element elementor-element-e13ea7f\" data-id=\"e13ea7f\" data-element_type=\"column\" data-e-type=\"column\">\n\t\t\t<div class=\"elementor-widget-wrap elementor-element-populated\">\n\t\t\t\t\t\t<div class=\"elementor-element elementor-element-2eec5ea elementor-widget elementor-widget-text-editor\" data-id=\"2eec5ea\" data-element_type=\"widget\" data-e-type=\"widget\" data-widget_type=\"text-editor.default\">\n\t\t\t\t<div class=\"elementor-widget-container\">\n\t\t\t\t\t\t\t\t\t<p><strong>Rey de la pista: Roberto Cein, Aldo Geo, Folagor, Karchez, Pelicanger, Peldanyos, Unicornio, Skain, Sezar y Will<br \/><\/strong>Un mix de perfiles que protagonizar\u00e1n la segunda de las novedades de La Velada IV: el rey de la pista. Tiktokers, youtubers y streamers se enfrentar\u00e1n para ver qui\u00e9n es el mejor de todos y poder quedar entre los tres mejores. Combates que durar\u00e1n un minuto y no tendr\u00e1n descanso entre si hasta ser vencidos, a no ser que alguien logre el K.O. Un formato completamente nuevo y que contar\u00e1 con 10 boxeadores por primera vez en la historia del evento.<\/p>\t\t\t\t\t\t\t\t<\/div>\n\t\t\t\t<\/div>\n\t\t\t\t\t<\/div>\n\t\t<\/div>\n\t\t\t\t\t<\/div>\n\t\t<\/section>\n\t\t\t\t<section class=\"elementor-section elementor-top-section elementor-element elementor-element-ae0ca23 elementor-section-boxed elementor-section-height-default elementor-section-height-default\" data-id=\"ae0ca23\" data-element_type=\"section\" data-e-type=\"section\">\n\t\t\t\t\t\t<div class=\"elementor-container elementor-column-gap-default\">\n\t\t\t\t\t<div class=\"elementor-column elementor-col-100 elementor-top-column elementor-element elementor-element-87c6d97\" data-id=\"87c6d97\" data-element_type=\"column\" data-e-type=\"column\">\n\t\t\t<div class=\"elementor-widget-wrap elementor-element-populated\">\n\t\t\t\t\t\t<div class=\"elementor-element elementor-element-3fbf6ef elementor-widget elementor-widget-image\" data-id=\"3fbf6ef\" data-element_type=\"widget\" data-e-type=\"widget\" data-widget_type=\"image.default\">\n\t\t\t\t<div class=\"elementor-widget-container\">\n\t\t\t\t\t\t\t\t\t\t\t\t\t\t\t<img loading=\"lazy\" decoding=\"async\" width=\"640\" height=\"360\" src=\"https:\/\/unaymilletras.com\/wp-content\/uploads\/2024\/03\/Combate-5-1024x576.jpeg\" class=\"attachment-large size-large wp-image-2275\" alt=\"La Velada IV\" srcset=\"https:\/\/unaymilletras.com\/wp-content\/uploads\/2024\/03\/Combate-5-1024x576.jpeg 1024w, https:\/\/unaymilletras.com\/wp-content\/uploads\/2024\/03\/Combate-5-300x169.jpeg 300w, https:\/\/unaymilletras.com\/wp-content\/uploads\/2024\/03\/Combate-5-768x432.jpeg 768w, https:\/\/unaymilletras.com\/wp-content\/uploads\/2024\/03\/Combate-5-e1709590084826.jpeg 600w\" sizes=\"(max-width: 640px) 100vw, 640px\" \/>\t\t\t\t\t\t\t\t\t\t\t\t\t\t\t<\/div>\n\t\t\t\t<\/div>\n\t\t\t\t\t<\/div>\n\t\t<\/div>\n\t\t\t\t\t<\/div>\n\t\t<\/section>\n\t\t\t\t<section class=\"elementor-section elementor-top-section elementor-element elementor-element-25aabb3 elementor-section-boxed elementor-section-height-default elementor-section-height-default\" data-id=\"25aabb3\" data-element_type=\"section\" data-e-type=\"section\">\n\t\t\t\t\t\t<div class=\"elementor-container elementor-column-gap-default\">\n\t\t\t\t\t<div class=\"elementor-column elementor-col-100 elementor-top-column elementor-element elementor-element-17a2034\" data-id=\"17a2034\" data-element_type=\"column\" data-e-type=\"column\">\n\t\t\t<div class=\"elementor-widget-wrap elementor-element-populated\">\n\t\t\t\t\t\t<div class=\"elementor-element elementor-element-237b37e elementor-widget elementor-widget-text-editor\" data-id=\"237b37e\" data-element_type=\"widget\" data-e-type=\"widget\" data-widget_type=\"text-editor.default\">\n\t\t\t\t<div class=\"elementor-widget-container\">\n\t\t\t\t\t\t\t\t\t<p><strong>YoSoyPlex VS El Mariana<br \/><\/strong>El main evento de La Velada IV. Un duelo tan inesperado como impredecible que vuelve a enfrentar a Espa\u00f1a y Latinoam\u00e9rica. Dos creadores de contenido que nada tienen que ver. Tras dar la vuelta al mundo por segunda vez, Plex tiene que empezar a entrenar para enfrentarse al Mariana, quien ha confesado que con quien realmente le habr\u00eda gustado pelearse es con ElXokas.<\/p>\t\t\t\t\t\t\t\t<\/div>\n\t\t\t\t<\/div>\n\t\t\t\t\t<\/div>\n\t\t<\/div>\n\t\t\t\t\t<\/div>\n\t\t<\/section>\n\t\t\t\t<section class=\"elementor-section elementor-top-section elementor-element elementor-element-72e3198 elementor-section-boxed elementor-section-height-default elementor-section-height-default\" data-id=\"72e3198\" data-element_type=\"section\" data-e-type=\"section\">\n\t\t\t\t\t\t<div class=\"elementor-container elementor-column-gap-default\">\n\t\t\t\t\t<div class=\"elementor-column elementor-col-100 elementor-top-column elementor-element elementor-element-603bedc\" data-id=\"603bedc\" data-element_type=\"column\" data-e-type=\"column\">\n\t\t\t<div class=\"elementor-widget-wrap elementor-element-populated\">\n\t\t\t\t\t\t<div class=\"elementor-element elementor-element-1329013 elementor-widget elementor-widget-image\" data-id=\"1329013\" data-element_type=\"widget\" data-e-type=\"widget\" data-widget_type=\"image.default\">\n\t\t\t\t<div class=\"elementor-widget-container\">\n\t\t\t\t\t\t\t\t\t\t\t\t\t\t\t<img loading=\"lazy\" decoding=\"async\" width=\"640\" height=\"360\" src=\"https:\/\/unaymilletras.com\/wp-content\/uploads\/2024\/03\/Combate-6-1024x576.jpeg\" class=\"attachment-large size-large wp-image-2276\" alt=\"La Velada IV\" srcset=\"https:\/\/unaymilletras.com\/wp-content\/uploads\/2024\/03\/Combate-6-1024x576.jpeg 1024w, https:\/\/unaymilletras.com\/wp-content\/uploads\/2024\/03\/Combate-6-300x169.jpeg 300w, https:\/\/unaymilletras.com\/wp-content\/uploads\/2024\/03\/Combate-6-768x432.jpeg 768w, https:\/\/unaymilletras.com\/wp-content\/uploads\/2024\/03\/Combate-6-e1709590102594.jpeg 600w\" sizes=\"(max-width: 640px) 100vw, 640px\" \/>\t\t\t\t\t\t\t\t\t\t\t\t\t\t\t<\/div>\n\t\t\t\t<\/div>\n\t\t\t\t\t<\/div>\n\t\t<\/div>\n\t\t\t\t\t<\/div>\n\t\t<\/section>\n\t\t\t\t<section class=\"elementor-section elementor-top-section elementor-element elementor-element-9f8cbe6 elementor-section-boxed elementor-section-height-default elementor-section-height-default\" data-id=\"9f8cbe6\" data-element_type=\"section\" data-e-type=\"section\">\n\t\t\t\t\t\t<div class=\"elementor-container elementor-column-gap-default\">\n\t\t\t\t\t<div class=\"elementor-column elementor-col-100 elementor-top-column elementor-element elementor-element-c8cc7cc\" data-id=\"c8cc7cc\" data-element_type=\"column\" data-e-type=\"column\">\n\t\t\t<div class=\"elementor-widget-wrap elementor-element-populated\">\n\t\t\t\t\t\t<div class=\"elementor-element elementor-element-2dde32d elementor-widget elementor-widget-text-editor\" data-id=\"2dde32d\" data-element_type=\"widget\" data-e-type=\"widget\" data-widget_type=\"text-editor.default\">\n\t\t\t\t<div class=\"elementor-widget-container\">\n\t\t\t\t\t\t\t\t\t<p>Un evento que obligar\u00e1 a los creadores participantes a dejar a un lado su rutina para entrenar de forma constante. Se enfrentar\u00e1n as\u00ed a un deporte que, en la mayor\u00eda de los casos nunca hab\u00edan practicado, para el 13 de julio subirse al ring del Santiago Bernab\u00e9u y darlo todo contra su rival. Un evento al que podr\u00e1n asistir 80.000 personas, 20.000 m\u00e1s que el a\u00f1o anterior, y que pretende batir r\u00e9cord nuevamente. La Velada IV: el evento del a\u00f1o.<\/p>\t\t\t\t\t\t\t\t<\/div>\n\t\t\t\t<\/div>\n\t\t\t\t\t<\/div>\n\t\t<\/div>\n\t\t\t\t\t<\/div>\n\t\t<\/section>\n\t\t\t\t<\/div>","protected":false},"excerpt":{"rendered":"<p>El 13 de julio tendr\u00e1 lugar La Velada IV en el Santiago Bernab\u00e9u seg\u00fan ha anunciado Ibai en Twitch junto a los seis combates Lorem fistrum por la gloria de mi madre esse jarl aliqua llevame al sircoo. De la pradera ullamco qu\u00e9 dise usteer est\u00e1 la cosa muy malar.<\/p>","protected":false},"author":1,"featured_media":2270,"comment_status":"open","ping_status":"open","sticky":false,"template":"","format":"standard","meta":{"footnotes":""},"categories":[119,7],"tags":[],"class_list":["post-2268","post","type-post","status-publish","format-standard","has-post-thumbnail","hentry","category-eventos","category-streamers"],"yoast_head":"<!-- This site is optimized with the Yoast SEO plugin v27.4 - https:\/\/yoast.com\/product\/yoast-seo-wordpress\/ -->\n<title>La Velada IV: Fecha, lugar y combates<\/title>\n<meta name=\"description\" content=\"El 13 de julio tendr\u00e1 lugar La Velada IV en el Santiago Bernab\u00e9u seg\u00fan ha anunciado Ibai en Twitch junto a los seis combates\" \/>\n<meta name=\"robots\" content=\"index, follow, max-snippet:-1, max-image-preview:large, max-video-preview:-1\" \/>\n<link rel=\"canonical\" href=\"https:\/\/unaymilletras.com\/en\/la-velada-iv-fecha-lugar-y-combates\/\" \/>\n<meta property=\"og:locale\" content=\"en_GB\" \/>\n<meta property=\"og:type\" content=\"article\" \/>\n<meta property=\"og:title\" content=\"La Velada IV: Fecha, lugar y combates\" \/>\n<meta property=\"og:description\" content=\"El 13 de julio tendr\u00e1 lugar La Velada IV en el Santiago Bernab\u00e9u seg\u00fan ha anunciado Ibai en Twitch junto a los seis combates\" \/>\n<meta property=\"og:url\" content=\"https:\/\/unaymilletras.com\/en\/la-velada-iv-fecha-lugar-y-combates\/\" \/>\n<meta property=\"og:site_name\" content=\"Una y Mil Letras\" \/>\n<meta property=\"article:published_time\" content=\"2024-03-04T22:07:37+00:00\" \/>\n<meta property=\"article:modified_time\" content=\"2024-03-04T22:13:15+00:00\" \/>\n<meta property=\"og:image\" content=\"http:\/\/unaymilletras.com\/wp-content\/uploads\/2024\/03\/La-velada-e1709590029338.jpeg\" \/>\n\t<meta property=\"og:image:width\" content=\"600\" \/>\n\t<meta property=\"og:image:height\" content=\"338\" \/>\n\t<meta property=\"og:image:type\" content=\"image\/jpeg\" \/>\n<meta name=\"author\" content=\"Maria Gil Robledo\" \/>\n<meta name=\"twitter:card\" content=\"summary_large_image\" \/>\n<meta name=\"twitter:creator\" content=\"@UnaYMilLetras\" \/>\n<meta name=\"twitter:site\" content=\"@UnaYMilLetras\" \/>\n<meta name=\"twitter:label1\" content=\"Written by\" \/>\n\t<meta name=\"twitter:data1\" content=\"Maria Gil Robledo\" \/>\n\t<meta name=\"twitter:label2\" content=\"Estimated reading time\" \/>\n\t<meta name=\"twitter:data2\" content=\"5 minutes\" \/>\n<script type=\"application\/ld+json\" class=\"yoast-schema-graph\">{\"@context\":\"https:\\\/\\\/schema.org\",\"@graph\":[{\"@type\":\"Article\",\"@id\":\"https:\\\/\\\/unaymilletras.com\\\/la-velada-iv-fecha-lugar-y-combates\\\/#article\",\"isPartOf\":{\"@id\":\"https:\\\/\\\/unaymilletras.com\\\/la-velada-iv-fecha-lugar-y-combates\\\/\"},\"author\":{\"name\":\"Maria Gil Robledo\",\"@id\":\"http:\\\/\\\/unaymilletras.com\\\/#\\\/schema\\\/person\\\/d55ba681b8a4e463d8982dbe36a5dc94\"},\"headline\":\"La Velada IV: Fecha, lugar y combates\",\"datePublished\":\"2024-03-04T22:07:37+00:00\",\"dateModified\":\"2024-03-04T22:13:15+00:00\",\"mainEntityOfPage\":{\"@id\":\"https:\\\/\\\/unaymilletras.com\\\/la-velada-iv-fecha-lugar-y-combates\\\/\"},\"wordCount\":58,\"commentCount\":0,\"publisher\":{\"@id\":\"http:\\\/\\\/unaymilletras.com\\\/#organization\"},\"image\":{\"@id\":\"https:\\\/\\\/unaymilletras.com\\\/la-velada-iv-fecha-lugar-y-combates\\\/#primaryimage\"},\"thumbnailUrl\":\"https:\\\/\\\/unaymilletras.com\\\/wp-content\\\/uploads\\\/2024\\\/03\\\/La-velada-e1709590029338.jpeg\",\"articleSection\":[\"Eventos\",\"Streamers\"],\"inLanguage\":\"en-GB\",\"potentialAction\":[{\"@type\":\"CommentAction\",\"name\":\"Comment\",\"target\":[\"https:\\\/\\\/unaymilletras.com\\\/la-velada-iv-fecha-lugar-y-combates\\\/#respond\"]}]},{\"@type\":\"WebPage\",\"@id\":\"https:\\\/\\\/unaymilletras.com\\\/la-velada-iv-fecha-lugar-y-combates\\\/\",\"url\":\"https:\\\/\\\/unaymilletras.com\\\/la-velada-iv-fecha-lugar-y-combates\\\/\",\"name\":\"La Velada IV: Fecha, lugar y combates\",\"isPartOf\":{\"@id\":\"http:\\\/\\\/unaymilletras.com\\\/#website\"},\"primaryImageOfPage\":{\"@id\":\"https:\\\/\\\/unaymilletras.com\\\/la-velada-iv-fecha-lugar-y-combates\\\/#primaryimage\"},\"image\":{\"@id\":\"https:\\\/\\\/unaymilletras.com\\\/la-velada-iv-fecha-lugar-y-combates\\\/#primaryimage\"},\"thumbnailUrl\":\"https:\\\/\\\/unaymilletras.com\\\/wp-content\\\/uploads\\\/2024\\\/03\\\/La-velada-e1709590029338.jpeg\",\"datePublished\":\"2024-03-04T22:07:37+00:00\",\"dateModified\":\"2024-03-04T22:13:15+00:00\",\"description\":\"El 13 de julio tendr\u00e1 lugar La Velada IV en el Santiago Bernab\u00e9u seg\u00fan ha anunciado Ibai en Twitch junto a los seis combates\",\"breadcrumb\":{\"@id\":\"https:\\\/\\\/unaymilletras.com\\\/la-velada-iv-fecha-lugar-y-combates\\\/#breadcrumb\"},\"inLanguage\":\"en-GB\",\"potentialAction\":[{\"@type\":\"ReadAction\",\"target\":[\"https:\\\/\\\/unaymilletras.com\\\/la-velada-iv-fecha-lugar-y-combates\\\/\"]}]},{\"@type\":\"ImageObject\",\"inLanguage\":\"en-GB\",\"@id\":\"https:\\\/\\\/unaymilletras.com\\\/la-velada-iv-fecha-lugar-y-combates\\\/#primaryimage\",\"url\":\"https:\\\/\\\/unaymilletras.com\\\/wp-content\\\/uploads\\\/2024\\\/03\\\/La-velada-e1709590029338.jpeg\",\"contentUrl\":\"https:\\\/\\\/unaymilletras.com\\\/wp-content\\\/uploads\\\/2024\\\/03\\\/La-velada-e1709590029338.jpeg\",\"width\":600,\"height\":338,\"caption\":\"La Velada IV\"},{\"@type\":\"BreadcrumbList\",\"@id\":\"https:\\\/\\\/unaymilletras.com\\\/la-velada-iv-fecha-lugar-y-combates\\\/#breadcrumb\",\"itemListElement\":[{\"@type\":\"ListItem\",\"position\":1,\"name\":\"Home\",\"item\":\"http:\\\/\\\/unaymilletras.com\\\/\"},{\"@type\":\"ListItem\",\"position\":2,\"name\":\"La Velada IV: Fecha, lugar y combates\"}]},{\"@type\":\"WebSite\",\"@id\":\"http:\\\/\\\/unaymilletras.com\\\/#website\",\"url\":\"http:\\\/\\\/unaymilletras.com\\\/\",\"name\":\"Una y Mil Letras\",\"description\":\"\",\"publisher\":{\"@id\":\"http:\\\/\\\/unaymilletras.com\\\/#organization\"},\"potentialAction\":[{\"@type\":\"SearchAction\",\"target\":{\"@type\":\"EntryPoint\",\"urlTemplate\":\"http:\\\/\\\/unaymilletras.com\\\/?s={search_term_string}\"},\"query-input\":{\"@type\":\"PropertyValueSpecification\",\"valueRequired\":true,\"valueName\":\"search_term_string\"}}],\"inLanguage\":\"en-GB\"},{\"@type\":\"Organization\",\"@id\":\"http:\\\/\\\/unaymilletras.com\\\/#organization\",\"name\":\"Una y Mil Letras\",\"url\":\"http:\\\/\\\/unaymilletras.com\\\/\",\"logo\":{\"@type\":\"ImageObject\",\"inLanguage\":\"en-GB\",\"@id\":\"http:\\\/\\\/unaymilletras.com\\\/#\\\/schema\\\/logo\\\/image\\\/\",\"url\":\"https:\\\/\\\/unaymilletras.com\\\/wp-content\\\/uploads\\\/2024\\\/06\\\/cropped-Logo-removebg-preview.png\",\"contentUrl\":\"https:\\\/\\\/unaymilletras.com\\\/wp-content\\\/uploads\\\/2024\\\/06\\\/cropped-Logo-removebg-preview.png\",\"width\":512,\"height\":512,\"caption\":\"Una y Mil Letras\"},\"image\":{\"@id\":\"http:\\\/\\\/unaymilletras.com\\\/#\\\/schema\\\/logo\\\/image\\\/\"},\"sameAs\":[\"https:\\\/\\\/x.com\\\/UnaYMilLetras\",\"https:\\\/\\\/instagram.com\\\/UnaYMilLetras\"]},{\"@type\":\"Person\",\"@id\":\"http:\\\/\\\/unaymilletras.com\\\/#\\\/schema\\\/person\\\/d55ba681b8a4e463d8982dbe36a5dc94\",\"name\":\"Maria Gil Robledo\",\"image\":{\"@type\":\"ImageObject\",\"inLanguage\":\"en-GB\",\"@id\":\"https:\\\/\\\/secure.gravatar.com\\\/avatar\\\/4b8e5102e0015789407eb4870b12f0f2857952d83ca124058f92b764bd1840c3?s=96&d=mm&r=g\",\"url\":\"https:\\\/\\\/secure.gravatar.com\\\/avatar\\\/4b8e5102e0015789407eb4870b12f0f2857952d83ca124058f92b764bd1840c3?s=96&d=mm&r=g\",\"contentUrl\":\"https:\\\/\\\/secure.gravatar.com\\\/avatar\\\/4b8e5102e0015789407eb4870b12f0f2857952d83ca124058f92b764bd1840c3?s=96&d=mm&r=g\",\"caption\":\"Maria Gil Robledo\"},\"sameAs\":[\"http:\\\/\\\/unaymilletras.com\"],\"url\":\"https:\\\/\\\/unaymilletras.com\\\/en\\\/author\\\/mariiagiil02_\\\/\"}]}<\/script>\n<!-- \/ Yoast SEO plugin. -->","yoast_head_json":{"title":"La Velada IV: Fecha, lugar y combates","description":"El 13 de julio tendr\u00e1 lugar La Velada IV en el Santiago Bernab\u00e9u seg\u00fan ha anunciado Ibai en Twitch junto a los seis combates","robots":{"index":"index","follow":"follow","max-snippet":"max-snippet:-1","max-image-preview":"max-image-preview:large","max-video-preview":"max-video-preview:-1"},"canonical":"https:\/\/unaymilletras.com\/en\/la-velada-iv-fecha-lugar-y-combates\/","og_locale":"en_GB","og_type":"article","og_title":"La Velada IV: Fecha, lugar y combates","og_description":"El 13 de julio tendr\u00e1 lugar La Velada IV en el Santiago Bernab\u00e9u seg\u00fan ha anunciado Ibai en Twitch junto a los seis combates","og_url":"https:\/\/unaymilletras.com\/en\/la-velada-iv-fecha-lugar-y-combates\/","og_site_name":"Una y Mil Letras","article_published_time":"2024-03-04T22:07:37+00:00","article_modified_time":"2024-03-04T22:13:15+00:00","og_image":[{"width":600,"height":338,"url":"http:\/\/unaymilletras.com\/wp-content\/uploads\/2024\/03\/La-velada-e1709590029338.jpeg","type":"image\/jpeg"}],"author":"Maria Gil Robledo","twitter_card":"summary_large_image","twitter_creator":"@UnaYMilLetras","twitter_site":"@UnaYMilLetras","twitter_misc":{"Written by":"Maria Gil Robledo","Estimated reading time":"5 minutes"},"schema":{"@context":"https:\/\/schema.org","@graph":[{"@type":"Article","@id":"https:\/\/unaymilletras.com\/la-velada-iv-fecha-lugar-y-combates\/#article","isPartOf":{"@id":"https:\/\/unaymilletras.com\/la-velada-iv-fecha-lugar-y-combates\/"},"author":{"name":"Maria Gil Robledo","@id":"http:\/\/unaymilletras.com\/#\/schema\/person\/d55ba681b8a4e463d8982dbe36a5dc94"},"headline":"La Velada IV: Fecha, lugar y combates","datePublished":"2024-03-04T22:07:37+00:00","dateModified":"2024-03-04T22:13:15+00:00","mainEntityOfPage":{"@id":"https:\/\/unaymilletras.com\/la-velada-iv-fecha-lugar-y-combates\/"},"wordCount":58,"commentCount":0,"publisher":{"@id":"http:\/\/unaymilletras.com\/#organization"},"image":{"@id":"https:\/\/unaymilletras.com\/la-velada-iv-fecha-lugar-y-combates\/#primaryimage"},"thumbnailUrl":"https:\/\/unaymilletras.com\/wp-content\/uploads\/2024\/03\/La-velada-e1709590029338.jpeg","articleSection":["Eventos","Streamers"],"inLanguage":"en-GB","potentialAction":[{"@type":"CommentAction","name":"Comment","target":["https:\/\/unaymilletras.com\/la-velada-iv-fecha-lugar-y-combates\/#respond"]}]},{"@type":"WebPage","@id":"https:\/\/unaymilletras.com\/la-velada-iv-fecha-lugar-y-combates\/","url":"https:\/\/unaymilletras.com\/la-velada-iv-fecha-lugar-y-combates\/","name":"La Velada IV: Fecha, lugar y combates","isPartOf":{"@id":"http:\/\/unaymilletras.com\/#website"},"primaryImageOfPage":{"@id":"https:\/\/unaymilletras.com\/la-velada-iv-fecha-lugar-y-combates\/#primaryimage"},"image":{"@id":"https:\/\/unaymilletras.com\/la-velada-iv-fecha-lugar-y-combates\/#primaryimage"},"thumbnailUrl":"https:\/\/unaymilletras.com\/wp-content\/uploads\/2024\/03\/La-velada-e1709590029338.jpeg","datePublished":"2024-03-04T22:07:37+00:00","dateModified":"2024-03-04T22:13:15+00:00","description":"El 13 de julio tendr\u00e1 lugar La Velada IV en el Santiago Bernab\u00e9u seg\u00fan ha anunciado Ibai en Twitch junto a los seis combates","breadcrumb":{"@id":"https:\/\/unaymilletras.com\/la-velada-iv-fecha-lugar-y-combates\/#breadcrumb"},"inLanguage":"en-GB","potentialAction":[{"@type":"ReadAction","target":["https:\/\/unaymilletras.com\/la-velada-iv-fecha-lugar-y-combates\/"]}]},{"@type":"ImageObject","inLanguage":"en-GB","@id":"https:\/\/unaymilletras.com\/la-velada-iv-fecha-lugar-y-combates\/#primaryimage","url":"https:\/\/unaymilletras.com\/wp-content\/uploads\/2024\/03\/La-velada-e1709590029338.jpeg","contentUrl":"https:\/\/unaymilletras.com\/wp-content\/uploads\/2024\/03\/La-velada-e1709590029338.jpeg","width":600,"height":338,"caption":"La Velada IV"},{"@type":"BreadcrumbList","@id":"https:\/\/unaymilletras.com\/la-velada-iv-fecha-lugar-y-combates\/#breadcrumb","itemListElement":[{"@type":"ListItem","position":1,"name":"Home","item":"http:\/\/unaymilletras.com\/"},{"@type":"ListItem","position":2,"name":"La Velada IV: Fecha, lugar y combates"}]},{"@type":"WebSite","@id":"http:\/\/unaymilletras.com\/#website","url":"http:\/\/unaymilletras.com\/","name":"Una y Mil Letras","description":"","publisher":{"@id":"http:\/\/unaymilletras.com\/#organization"},"potentialAction":[{"@type":"SearchAction","target":{"@type":"EntryPoint","urlTemplate":"http:\/\/unaymilletras.com\/?s={search_term_string}"},"query-input":{"@type":"PropertyValueSpecification","valueRequired":true,"valueName":"search_term_string"}}],"inLanguage":"en-GB"},{"@type":"Organization","@id":"http:\/\/unaymilletras.com\/#organization","name":"Una y Mil Letras","url":"http:\/\/unaymilletras.com\/","logo":{"@type":"ImageObject","inLanguage":"en-GB","@id":"http:\/\/unaymilletras.com\/#\/schema\/logo\/image\/","url":"https:\/\/unaymilletras.com\/wp-content\/uploads\/2024\/06\/cropped-Logo-removebg-preview.png","contentUrl":"https:\/\/unaymilletras.com\/wp-content\/uploads\/2024\/06\/cropped-Logo-removebg-preview.png","width":512,"height":512,"caption":"Una y Mil Letras"},"image":{"@id":"http:\/\/unaymilletras.com\/#\/schema\/logo\/image\/"},"sameAs":["https:\/\/x.com\/UnaYMilLetras","https:\/\/instagram.com\/UnaYMilLetras"]},{"@type":"Person","@id":"http:\/\/unaymilletras.com\/#\/schema\/person\/d55ba681b8a4e463d8982dbe36a5dc94","name":"Maria Gil Robledo","image":{"@type":"ImageObject","inLanguage":"en-GB","@id":"https:\/\/secure.gravatar.com\/avatar\/4b8e5102e0015789407eb4870b12f0f2857952d83ca124058f92b764bd1840c3?s=96&d=mm&r=g","url":"https:\/\/secure.gravatar.com\/avatar\/4b8e5102e0015789407eb4870b12f0f2857952d83ca124058f92b764bd1840c3?s=96&d=mm&r=g","contentUrl":"https:\/\/secure.gravatar.com\/avatar\/4b8e5102e0015789407eb4870b12f0f2857952d83ca124058f92b764bd1840c3?s=96&d=mm&r=g","caption":"Maria Gil Robledo"},"sameAs":["http:\/\/unaymilletras.com"],"url":"https:\/\/unaymilletras.com\/en\/author\/mariiagiil02_\/"}]}},"_links":{"self":[{"href":"https:\/\/unaymilletras.com\/en\/wp-json\/wp\/v2\/posts\/2268","targetHints":{"allow":["GET"]}}],"collection":[{"href":"https:\/\/unaymilletras.com\/en\/wp-json\/wp\/v2\/posts"}],"about":[{"href":"https:\/\/unaymilletras.com\/en\/wp-json\/wp\/v2\/types\/post"}],"author":[{"embeddable":true,"href":"https:\/\/unaymilletras.com\/en\/wp-json\/wp\/v2\/users\/1"}],"replies":[{"embeddable":true,"href":"https:\/\/unaymilletras.com\/en\/wp-json\/wp\/v2\/comments?post=2268"}],"version-history":[{"count":5,"href":"https:\/\/unaymilletras.com\/en\/wp-json\/wp\/v2\/posts\/2268\/revisions"}],"predecessor-version":[{"id":2280,"href":"https:\/\/unaymilletras.com\/en\/wp-json\/wp\/v2\/posts\/2268\/revisions\/2280"}],"wp:featuredmedia":[{"embeddable":true,"href":"https:\/\/unaymilletras.com\/en\/wp-json\/wp\/v2\/media\/2270"}],"wp:attachment":[{"href":"https:\/\/unaymilletras.com\/en\/wp-json\/wp\/v2\/media?parent=2268"}],"wp:term":[{"taxonomy":"category","embeddable":true,"href":"https:\/\/unaymilletras.com\/en\/wp-json\/wp\/v2\/categories?post=2268"},{"taxonomy":"post_tag","embeddable":true,"href":"https:\/\/unaymilletras.com\/en\/wp-json\/wp\/v2\/tags?post=2268"}],"curies":[{"name":"wp","href":"https:\/\/api.w.org\/{rel}","templated":true}]}}