{"id":2281,"date":"2024-03-05T22:02:46","date_gmt":"2024-03-05T21:02:46","guid":{"rendered":"https:\/\/unaymilletras.com\/?p=2281"},"modified":"2024-03-06T08:33:18","modified_gmt":"2024-03-06T07:33:18","slug":"pelicanos-ya-tiene-su-primer-album","status":"publish","type":"post","link":"https:\/\/unaymilletras.com\/en\/pelicanos-ya-tiene-su-primer-album\/","title":{"rendered":"Pel\u00edcanos ya tiene su primer \u00e1lbum"},"content":{"rendered":"<div data-elementor-type=\"wp-post\" data-elementor-id=\"2281\" class=\"elementor elementor-2281\">\n\t\t\t\t\t\t<section class=\"elementor-section elementor-top-section elementor-element elementor-element-5171d6f elementor-section-boxed elementor-section-height-default elementor-section-height-default\" data-id=\"5171d6f\" data-element_type=\"section\" data-e-type=\"section\">\n\t\t\t\t\t\t<div class=\"elementor-container elementor-column-gap-default\">\n\t\t\t\t\t<div class=\"elementor-column elementor-col-100 elementor-top-column elementor-element elementor-element-3b2e1d2\" data-id=\"3b2e1d2\" data-element_type=\"column\" data-e-type=\"column\">\n\t\t\t<div class=\"elementor-widget-wrap elementor-element-populated\">\n\t\t\t\t\t\t<div class=\"elementor-element elementor-element-dc59407 elementor-widget elementor-widget-text-editor\" data-id=\"dc59407\" data-element_type=\"widget\" data-e-type=\"widget\" data-widget_type=\"text-editor.default\">\n\t\t\t\t<div class=\"elementor-widget-container\">\n\t\t\t\t\t\t\t\t\t<h2 style=\"text-align: center;\"><span style=\"color: #808080;\"><em>\u201cPel\u00edcanos\u201d naci\u00f3 en Etxebarri y llevar\u00e1 al grupo a demostrar su arte en varias ciudades espa\u00f1olas<\/em><\/span><\/h2>\t\t\t\t\t\t\t\t<\/div>\n\t\t\t\t<\/div>\n\t\t\t\t\t<\/div>\n\t\t<\/div>\n\t\t\t\t\t<\/div>\n\t\t<\/section>\n\t\t\t\t<section class=\"elementor-section elementor-top-section elementor-element elementor-element-ab5b62d elementor-section-boxed elementor-section-height-default elementor-section-height-default\" data-id=\"ab5b62d\" data-element_type=\"section\" data-e-type=\"section\">\n\t\t\t\t\t\t<div class=\"elementor-container elementor-column-gap-default\">\n\t\t\t\t\t<div class=\"elementor-column elementor-col-100 elementor-top-column elementor-element elementor-element-ba1d830\" data-id=\"ba1d830\" data-element_type=\"column\" data-e-type=\"column\">\n\t\t\t<div class=\"elementor-widget-wrap elementor-element-populated\">\n\t\t\t\t\t\t<div class=\"elementor-element elementor-element-c3f669a elementor-widget elementor-widget-text-editor\" data-id=\"c3f669a\" data-element_type=\"widget\" data-e-type=\"widget\" data-widget_type=\"text-editor.default\">\n\t\t\t\t<div class=\"elementor-widget-container\">\n\t\t\t\t\t\t\t\t\t<p><span style=\"color: #808080;\">Tras un a\u00f1o lleno de ensayos, bolos y mucho esfuerzo por fin <b>Pel\u00edcanos<\/b> ya estrena su primer disco, que comparte nombre con el grupo. Adem\u00e1s, tambi\u00e9n dar\u00e1n varios conciertos por el norte de Espa\u00f1a. Por ahora estar\u00e1n el <b>30 de marzo<\/b> en la <b>Sala N\u00e1gara<\/b> en <b>Santander<\/b> y el <b>29 de junio<\/b> en la <b>Sala Azkena<\/b> en <b><a style=\"color: #808080;\" href=\"https:\/\/unaymilletras.com\/en\/la-gira-ot-2023-ya-tiene-nuevas-fechas\/\">Bilbao<\/a><\/b>. Pero hay buenas noticias, a\u00fan se anunciar\u00e1n m\u00e1s fechas.<\/span><\/p>\t\t\t\t\t\t\t\t<\/div>\n\t\t\t\t<\/div>\n\t\t\t\t\t<\/div>\n\t\t<\/div>\n\t\t\t\t\t<\/div>\n\t\t<\/section>\n\t\t\t\t<section class=\"elementor-section elementor-top-section elementor-element elementor-element-d991b95 elementor-section-boxed elementor-section-height-default elementor-section-height-default\" data-id=\"d991b95\" data-element_type=\"section\" data-e-type=\"section\">\n\t\t\t\t\t\t<div class=\"elementor-container elementor-column-gap-default\">\n\t\t\t\t\t<div class=\"elementor-column elementor-col-100 elementor-top-column elementor-element elementor-element-41009e9\" data-id=\"41009e9\" data-element_type=\"column\" data-e-type=\"column\">\n\t\t\t<div class=\"elementor-widget-wrap elementor-element-populated\">\n\t\t\t\t\t\t<div class=\"elementor-element elementor-element-6bb50f4 elementor-widget elementor-widget-image\" data-id=\"6bb50f4\" data-element_type=\"widget\" data-e-type=\"widget\" data-widget_type=\"image.default\">\n\t\t\t\t<div class=\"elementor-widget-container\">\n\t\t\t\t\t\t\t\t\t\t\t\t\t\t\t<img fetchpriority=\"high\" decoding=\"async\" width=\"640\" height=\"480\" src=\"https:\/\/unaymilletras.com\/wp-content\/uploads\/2024\/03\/IMG_0740-1024x768.jpeg\" class=\"attachment-large size-large wp-image-2284\" alt=\"Pel\u00edcanos\" srcset=\"https:\/\/unaymilletras.com\/wp-content\/uploads\/2024\/03\/IMG_0740-1024x768.jpeg 1024w, https:\/\/unaymilletras.com\/wp-content\/uploads\/2024\/03\/IMG_0740-300x225.jpeg 300w, https:\/\/unaymilletras.com\/wp-content\/uploads\/2024\/03\/IMG_0740-768x576.jpeg 768w, https:\/\/unaymilletras.com\/wp-content\/uploads\/2024\/03\/IMG_0740-1536x1152.jpeg 1536w, https:\/\/unaymilletras.com\/wp-content\/uploads\/2024\/03\/IMG_0740-2048x1536.jpeg 2048w, https:\/\/unaymilletras.com\/wp-content\/uploads\/2024\/03\/IMG_0740-scaled-e1709672475662.jpeg 600w\" sizes=\"(max-width: 640px) 100vw, 640px\" \/>\t\t\t\t\t\t\t\t\t\t\t\t\t\t\t<\/div>\n\t\t\t\t<\/div>\n\t\t\t\t\t<\/div>\n\t\t<\/div>\n\t\t\t\t\t<\/div>\n\t\t<\/section>\n\t\t\t\t<section class=\"elementor-section elementor-top-section elementor-element elementor-element-b75aee8 elementor-section-boxed elementor-section-height-default elementor-section-height-default\" data-id=\"b75aee8\" data-element_type=\"section\" data-e-type=\"section\">\n\t\t\t\t\t\t<div class=\"elementor-container elementor-column-gap-default\">\n\t\t\t\t\t<div class=\"elementor-column elementor-col-100 elementor-top-column elementor-element elementor-element-6384262\" data-id=\"6384262\" data-element_type=\"column\" data-e-type=\"column\">\n\t\t\t<div class=\"elementor-widget-wrap elementor-element-populated\">\n\t\t\t\t\t\t<div class=\"elementor-element elementor-element-3765fa8 elementor-widget elementor-widget-text-editor\" data-id=\"3765fa8\" data-element_type=\"widget\" data-e-type=\"widget\" data-widget_type=\"text-editor.default\">\n\t\t\t\t<div class=\"elementor-widget-container\">\n\t\t\t\t\t\t\t\t\t<p><span style=\"color: #808080;\">En 2020 Mikel Moreno, Daniel Bahillo, I\u00f1igo Obes y Asier Dur\u00e1n formaron Pel\u00edcanos en Basauri, aunque se complet\u00f3 en 2022. Ahora quieren que les conozca el mundo entero. A trav\u00e9s de sentimientos, emociones y ritmos pegadizos de pop mestizo quieren cumplir su objetivo.<\/span><\/p><p><span style=\"color: #808080;\">Ocho temas forman <em>Pel\u00edcanos<\/em>, 31 minutos con los que quieren conquistar al p\u00fablico y que ya est\u00e1n disponibles en todas las <a style=\"color: #808080;\" href=\"https:\/\/open.spotify.com\/intl-es\/artist\/53PLkDiwybCPR7f4SIrYj3?si=SwJiaPUMQBiZWanGICm6Pg\">plataformas<\/a>. Adem\u00e1s, para todos aquellos que est\u00e9n interesados, los podr\u00e1n comprar de forma f\u00edsica en los bolos del grupo y a trav\u00e9s de redes sociales.<\/span><\/p><p><span style=\"color: #808080;\">Un grupo que promete mucho y al que no hay que quitarle el ojo.<\/span><\/p>\t\t\t\t\t\t\t\t<\/div>\n\t\t\t\t<\/div>\n\t\t\t\t\t<\/div>\n\t\t<\/div>\n\t\t\t\t\t<\/div>\n\t\t<\/section>\n\t\t\t\t<\/div>","protected":false},"excerpt":{"rendered":"<p>\u201cPel\u00edcanos\u201d naci\u00f3 en Etxebarri y llevar\u00e1 al grupo a demostrar su arte en varias ciudades espa\u00f1olas Tras un a\u00f1o lleno de ensayos, bolos y mucho esfuerzo por fin Pel\u00edcanos ya estrena su primer disco, que comparte nombre con el grupo. Adem\u00e1s, tambi\u00e9n dar\u00e1n varios conciertos por el norte de Espa\u00f1a. Por ahora estar\u00e1n el 30 [&hellip;]<\/p>\n","protected":false},"author":1,"featured_media":2284,"comment_status":"open","ping_status":"open","sticky":false,"template":"","format":"standard","meta":{"footnotes":""},"categories":[4],"tags":[],"class_list":["post-2281","post","type-post","status-publish","format-standard","has-post-thumbnail","hentry","category-musica"],"yoast_head":"<!-- This site is optimized with the Yoast SEO plugin v27.4 - https:\/\/yoast.com\/product\/yoast-seo-wordpress\/ -->\n<title>Pel\u00edcanos ya tiene su primer \u00e1lbum<\/title>\n<meta name=\"description\" content=\"\u201cPel\u00edcanos\u201d naci\u00f3 en Etxebarri y llevar\u00e1 al grupo a demostrar su arte en varias ciudades del norte de Espa\u00f1a\" \/>\n<meta name=\"robots\" content=\"index, follow, max-snippet:-1, max-image-preview:large, max-video-preview:-1\" \/>\n<link rel=\"canonical\" href=\"https:\/\/unaymilletras.com\/en\/pelicanos-ya-tiene-su-primer-album\/\" \/>\n<meta property=\"og:locale\" content=\"en_GB\" \/>\n<meta property=\"og:type\" content=\"article\" \/>\n<meta property=\"og:title\" content=\"Pel\u00edcanos ya tiene su primer \u00e1lbum\" \/>\n<meta property=\"og:description\" content=\"\u201cPel\u00edcanos\u201d naci\u00f3 en Etxebarri y llevar\u00e1 al grupo a demostrar su arte en varias ciudades del norte de Espa\u00f1a\" \/>\n<meta property=\"og:url\" content=\"https:\/\/unaymilletras.com\/en\/pelicanos-ya-tiene-su-primer-album\/\" \/>\n<meta property=\"og:site_name\" content=\"Una y Mil Letras\" \/>\n<meta property=\"article:published_time\" content=\"2024-03-05T21:02:46+00:00\" \/>\n<meta property=\"article:modified_time\" content=\"2024-03-06T07:33:18+00:00\" \/>\n<meta property=\"og:image\" content=\"http:\/\/unaymilletras.com\/wp-content\/uploads\/2024\/03\/IMG_0740-scaled-e1709672475662.jpeg\" \/>\n\t<meta property=\"og:image:width\" content=\"600\" \/>\n\t<meta property=\"og:image:height\" content=\"450\" \/>\n\t<meta property=\"og:image:type\" content=\"image\/jpeg\" \/>\n<meta name=\"author\" content=\"Maria Gil Robledo\" \/>\n<meta name=\"twitter:card\" content=\"summary_large_image\" \/>\n<meta name=\"twitter:creator\" content=\"@UnaYMilLetras\" \/>\n<meta name=\"twitter:site\" content=\"@UnaYMilLetras\" \/>\n<meta name=\"twitter:label1\" content=\"Written by\" \/>\n\t<meta name=\"twitter:data1\" content=\"Maria Gil Robledo\" \/>\n\t<meta name=\"twitter:label2\" content=\"Estimated reading time\" \/>\n\t<meta name=\"twitter:data2\" content=\"2 minutes\" \/>\n<script type=\"application\/ld+json\" class=\"yoast-schema-graph\">{\"@context\":\"https:\\\/\\\/schema.org\",\"@graph\":[{\"@type\":\"Article\",\"@id\":\"https:\\\/\\\/unaymilletras.com\\\/pelicanos-ya-tiene-su-primer-album\\\/#article\",\"isPartOf\":{\"@id\":\"https:\\\/\\\/unaymilletras.com\\\/pelicanos-ya-tiene-su-primer-album\\\/\"},\"author\":{\"name\":\"Maria Gil Robledo\",\"@id\":\"http:\\\/\\\/unaymilletras.com\\\/#\\\/schema\\\/person\\\/d55ba681b8a4e463d8982dbe36a5dc94\"},\"headline\":\"Pel\u00edcanos ya tiene su primer \u00e1lbum\",\"datePublished\":\"2024-03-05T21:02:46+00:00\",\"dateModified\":\"2024-03-06T07:33:18+00:00\",\"mainEntityOfPage\":{\"@id\":\"https:\\\/\\\/unaymilletras.com\\\/pelicanos-ya-tiene-su-primer-album\\\/\"},\"wordCount\":213,\"commentCount\":1,\"publisher\":{\"@id\":\"http:\\\/\\\/unaymilletras.com\\\/#organization\"},\"image\":{\"@id\":\"https:\\\/\\\/unaymilletras.com\\\/pelicanos-ya-tiene-su-primer-album\\\/#primaryimage\"},\"thumbnailUrl\":\"https:\\\/\\\/unaymilletras.com\\\/wp-content\\\/uploads\\\/2024\\\/03\\\/IMG_0740-scaled-e1709672475662.jpeg\",\"articleSection\":[\"M\u00fasica\"],\"inLanguage\":\"en-GB\",\"potentialAction\":[{\"@type\":\"CommentAction\",\"name\":\"Comment\",\"target\":[\"https:\\\/\\\/unaymilletras.com\\\/pelicanos-ya-tiene-su-primer-album\\\/#respond\"]}]},{\"@type\":\"WebPage\",\"@id\":\"https:\\\/\\\/unaymilletras.com\\\/pelicanos-ya-tiene-su-primer-album\\\/\",\"url\":\"https:\\\/\\\/unaymilletras.com\\\/pelicanos-ya-tiene-su-primer-album\\\/\",\"name\":\"Pel\u00edcanos ya tiene su primer \u00e1lbum\",\"isPartOf\":{\"@id\":\"http:\\\/\\\/unaymilletras.com\\\/#website\"},\"primaryImageOfPage\":{\"@id\":\"https:\\\/\\\/unaymilletras.com\\\/pelicanos-ya-tiene-su-primer-album\\\/#primaryimage\"},\"image\":{\"@id\":\"https:\\\/\\\/unaymilletras.com\\\/pelicanos-ya-tiene-su-primer-album\\\/#primaryimage\"},\"thumbnailUrl\":\"https:\\\/\\\/unaymilletras.com\\\/wp-content\\\/uploads\\\/2024\\\/03\\\/IMG_0740-scaled-e1709672475662.jpeg\",\"datePublished\":\"2024-03-05T21:02:46+00:00\",\"dateModified\":\"2024-03-06T07:33:18+00:00\",\"description\":\"\u201cPel\u00edcanos\u201d naci\u00f3 en Etxebarri y llevar\u00e1 al grupo a demostrar su arte en varias ciudades del norte de Espa\u00f1a\",\"breadcrumb\":{\"@id\":\"https:\\\/\\\/unaymilletras.com\\\/pelicanos-ya-tiene-su-primer-album\\\/#breadcrumb\"},\"inLanguage\":\"en-GB\",\"potentialAction\":[{\"@type\":\"ReadAction\",\"target\":[\"https:\\\/\\\/unaymilletras.com\\\/pelicanos-ya-tiene-su-primer-album\\\/\"]}]},{\"@type\":\"ImageObject\",\"inLanguage\":\"en-GB\",\"@id\":\"https:\\\/\\\/unaymilletras.com\\\/pelicanos-ya-tiene-su-primer-album\\\/#primaryimage\",\"url\":\"https:\\\/\\\/unaymilletras.com\\\/wp-content\\\/uploads\\\/2024\\\/03\\\/IMG_0740-scaled-e1709672475662.jpeg\",\"contentUrl\":\"https:\\\/\\\/unaymilletras.com\\\/wp-content\\\/uploads\\\/2024\\\/03\\\/IMG_0740-scaled-e1709672475662.jpeg\",\"width\":600,\"height\":450,\"caption\":\"Pel\u00edcanos\"},{\"@type\":\"BreadcrumbList\",\"@id\":\"https:\\\/\\\/unaymilletras.com\\\/pelicanos-ya-tiene-su-primer-album\\\/#breadcrumb\",\"itemListElement\":[{\"@type\":\"ListItem\",\"position\":1,\"name\":\"Home\",\"item\":\"http:\\\/\\\/unaymilletras.com\\\/\"},{\"@type\":\"ListItem\",\"position\":2,\"name\":\"Pel\u00edcanos ya tiene su primer \u00e1lbum\"}]},{\"@type\":\"WebSite\",\"@id\":\"http:\\\/\\\/unaymilletras.com\\\/#website\",\"url\":\"http:\\\/\\\/unaymilletras.com\\\/\",\"name\":\"Una y Mil Letras\",\"description\":\"\",\"publisher\":{\"@id\":\"http:\\\/\\\/unaymilletras.com\\\/#organization\"},\"potentialAction\":[{\"@type\":\"SearchAction\",\"target\":{\"@type\":\"EntryPoint\",\"urlTemplate\":\"http:\\\/\\\/unaymilletras.com\\\/?s={search_term_string}\"},\"query-input\":{\"@type\":\"PropertyValueSpecification\",\"valueRequired\":true,\"valueName\":\"search_term_string\"}}],\"inLanguage\":\"en-GB\"},{\"@type\":\"Organization\",\"@id\":\"http:\\\/\\\/unaymilletras.com\\\/#organization\",\"name\":\"Una y Mil Letras\",\"url\":\"http:\\\/\\\/unaymilletras.com\\\/\",\"logo\":{\"@type\":\"ImageObject\",\"inLanguage\":\"en-GB\",\"@id\":\"http:\\\/\\\/unaymilletras.com\\\/#\\\/schema\\\/logo\\\/image\\\/\",\"url\":\"https:\\\/\\\/unaymilletras.com\\\/wp-content\\\/uploads\\\/2024\\\/06\\\/cropped-Logo-removebg-preview.png\",\"contentUrl\":\"https:\\\/\\\/unaymilletras.com\\\/wp-content\\\/uploads\\\/2024\\\/06\\\/cropped-Logo-removebg-preview.png\",\"width\":512,\"height\":512,\"caption\":\"Una y Mil Letras\"},\"image\":{\"@id\":\"http:\\\/\\\/unaymilletras.com\\\/#\\\/schema\\\/logo\\\/image\\\/\"},\"sameAs\":[\"https:\\\/\\\/x.com\\\/UnaYMilLetras\",\"https:\\\/\\\/instagram.com\\\/UnaYMilLetras\"]},{\"@type\":\"Person\",\"@id\":\"http:\\\/\\\/unaymilletras.com\\\/#\\\/schema\\\/person\\\/d55ba681b8a4e463d8982dbe36a5dc94\",\"name\":\"Maria Gil Robledo\",\"image\":{\"@type\":\"ImageObject\",\"inLanguage\":\"en-GB\",\"@id\":\"https:\\\/\\\/secure.gravatar.com\\\/avatar\\\/4b8e5102e0015789407eb4870b12f0f2857952d83ca124058f92b764bd1840c3?s=96&d=mm&r=g\",\"url\":\"https:\\\/\\\/secure.gravatar.com\\\/avatar\\\/4b8e5102e0015789407eb4870b12f0f2857952d83ca124058f92b764bd1840c3?s=96&d=mm&r=g\",\"contentUrl\":\"https:\\\/\\\/secure.gravatar.com\\\/avatar\\\/4b8e5102e0015789407eb4870b12f0f2857952d83ca124058f92b764bd1840c3?s=96&d=mm&r=g\",\"caption\":\"Maria Gil Robledo\"},\"sameAs\":[\"http:\\\/\\\/unaymilletras.com\"],\"url\":\"https:\\\/\\\/unaymilletras.com\\\/en\\\/author\\\/mariiagiil02_\\\/\"}]}<\/script>\n<!-- \/ Yoast SEO plugin. -->","yoast_head_json":{"title":"Pel\u00edcanos ya tiene su primer \u00e1lbum","description":"\u201cPel\u00edcanos\u201d naci\u00f3 en Etxebarri y llevar\u00e1 al grupo a demostrar su arte en varias ciudades del norte de Espa\u00f1a","robots":{"index":"index","follow":"follow","max-snippet":"max-snippet:-1","max-image-preview":"max-image-preview:large","max-video-preview":"max-video-preview:-1"},"canonical":"https:\/\/unaymilletras.com\/en\/pelicanos-ya-tiene-su-primer-album\/","og_locale":"en_GB","og_type":"article","og_title":"Pel\u00edcanos ya tiene su primer \u00e1lbum","og_description":"\u201cPel\u00edcanos\u201d naci\u00f3 en Etxebarri y llevar\u00e1 al grupo a demostrar su arte en varias ciudades del norte de Espa\u00f1a","og_url":"https:\/\/unaymilletras.com\/en\/pelicanos-ya-tiene-su-primer-album\/","og_site_name":"Una y Mil Letras","article_published_time":"2024-03-05T21:02:46+00:00","article_modified_time":"2024-03-06T07:33:18+00:00","og_image":[{"width":600,"height":450,"url":"http:\/\/unaymilletras.com\/wp-content\/uploads\/2024\/03\/IMG_0740-scaled-e1709672475662.jpeg","type":"image\/jpeg"}],"author":"Maria Gil Robledo","twitter_card":"summary_large_image","twitter_creator":"@UnaYMilLetras","twitter_site":"@UnaYMilLetras","twitter_misc":{"Written by":"Maria Gil Robledo","Estimated reading time":"2 minutes"},"schema":{"@context":"https:\/\/schema.org","@graph":[{"@type":"Article","@id":"https:\/\/unaymilletras.com\/pelicanos-ya-tiene-su-primer-album\/#article","isPartOf":{"@id":"https:\/\/unaymilletras.com\/pelicanos-ya-tiene-su-primer-album\/"},"author":{"name":"Maria Gil Robledo","@id":"http:\/\/unaymilletras.com\/#\/schema\/person\/d55ba681b8a4e463d8982dbe36a5dc94"},"headline":"Pel\u00edcanos ya tiene su primer \u00e1lbum","datePublished":"2024-03-05T21:02:46+00:00","dateModified":"2024-03-06T07:33:18+00:00","mainEntityOfPage":{"@id":"https:\/\/unaymilletras.com\/pelicanos-ya-tiene-su-primer-album\/"},"wordCount":213,"commentCount":1,"publisher":{"@id":"http:\/\/unaymilletras.com\/#organization"},"image":{"@id":"https:\/\/unaymilletras.com\/pelicanos-ya-tiene-su-primer-album\/#primaryimage"},"thumbnailUrl":"https:\/\/unaymilletras.com\/wp-content\/uploads\/2024\/03\/IMG_0740-scaled-e1709672475662.jpeg","articleSection":["M\u00fasica"],"inLanguage":"en-GB","potentialAction":[{"@type":"CommentAction","name":"Comment","target":["https:\/\/unaymilletras.com\/pelicanos-ya-tiene-su-primer-album\/#respond"]}]},{"@type":"WebPage","@id":"https:\/\/unaymilletras.com\/pelicanos-ya-tiene-su-primer-album\/","url":"https:\/\/unaymilletras.com\/pelicanos-ya-tiene-su-primer-album\/","name":"Pel\u00edcanos ya tiene su primer \u00e1lbum","isPartOf":{"@id":"http:\/\/unaymilletras.com\/#website"},"primaryImageOfPage":{"@id":"https:\/\/unaymilletras.com\/pelicanos-ya-tiene-su-primer-album\/#primaryimage"},"image":{"@id":"https:\/\/unaymilletras.com\/pelicanos-ya-tiene-su-primer-album\/#primaryimage"},"thumbnailUrl":"https:\/\/unaymilletras.com\/wp-content\/uploads\/2024\/03\/IMG_0740-scaled-e1709672475662.jpeg","datePublished":"2024-03-05T21:02:46+00:00","dateModified":"2024-03-06T07:33:18+00:00","description":"\u201cPel\u00edcanos\u201d naci\u00f3 en Etxebarri y llevar\u00e1 al grupo a demostrar su arte en varias ciudades del norte de Espa\u00f1a","breadcrumb":{"@id":"https:\/\/unaymilletras.com\/pelicanos-ya-tiene-su-primer-album\/#breadcrumb"},"inLanguage":"en-GB","potentialAction":[{"@type":"ReadAction","target":["https:\/\/unaymilletras.com\/pelicanos-ya-tiene-su-primer-album\/"]}]},{"@type":"ImageObject","inLanguage":"en-GB","@id":"https:\/\/unaymilletras.com\/pelicanos-ya-tiene-su-primer-album\/#primaryimage","url":"https:\/\/unaymilletras.com\/wp-content\/uploads\/2024\/03\/IMG_0740-scaled-e1709672475662.jpeg","contentUrl":"https:\/\/unaymilletras.com\/wp-content\/uploads\/2024\/03\/IMG_0740-scaled-e1709672475662.jpeg","width":600,"height":450,"caption":"Pel\u00edcanos"},{"@type":"BreadcrumbList","@id":"https:\/\/unaymilletras.com\/pelicanos-ya-tiene-su-primer-album\/#breadcrumb","itemListElement":[{"@type":"ListItem","position":1,"name":"Home","item":"http:\/\/unaymilletras.com\/"},{"@type":"ListItem","position":2,"name":"Pel\u00edcanos ya tiene su primer \u00e1lbum"}]},{"@type":"WebSite","@id":"http:\/\/unaymilletras.com\/#website","url":"http:\/\/unaymilletras.com\/","name":"Una y Mil Letras","description":"","publisher":{"@id":"http:\/\/unaymilletras.com\/#organization"},"potentialAction":[{"@type":"SearchAction","target":{"@type":"EntryPoint","urlTemplate":"http:\/\/unaymilletras.com\/?s={search_term_string}"},"query-input":{"@type":"PropertyValueSpecification","valueRequired":true,"valueName":"search_term_string"}}],"inLanguage":"en-GB"},{"@type":"Organization","@id":"http:\/\/unaymilletras.com\/#organization","name":"Una y Mil Letras","url":"http:\/\/unaymilletras.com\/","logo":{"@type":"ImageObject","inLanguage":"en-GB","@id":"http:\/\/unaymilletras.com\/#\/schema\/logo\/image\/","url":"https:\/\/unaymilletras.com\/wp-content\/uploads\/2024\/06\/cropped-Logo-removebg-preview.png","contentUrl":"https:\/\/unaymilletras.com\/wp-content\/uploads\/2024\/06\/cropped-Logo-removebg-preview.png","width":512,"height":512,"caption":"Una y Mil Letras"},"image":{"@id":"http:\/\/unaymilletras.com\/#\/schema\/logo\/image\/"},"sameAs":["https:\/\/x.com\/UnaYMilLetras","https:\/\/instagram.com\/UnaYMilLetras"]},{"@type":"Person","@id":"http:\/\/unaymilletras.com\/#\/schema\/person\/d55ba681b8a4e463d8982dbe36a5dc94","name":"Maria Gil Robledo","image":{"@type":"ImageObject","inLanguage":"en-GB","@id":"https:\/\/secure.gravatar.com\/avatar\/4b8e5102e0015789407eb4870b12f0f2857952d83ca124058f92b764bd1840c3?s=96&d=mm&r=g","url":"https:\/\/secure.gravatar.com\/avatar\/4b8e5102e0015789407eb4870b12f0f2857952d83ca124058f92b764bd1840c3?s=96&d=mm&r=g","contentUrl":"https:\/\/secure.gravatar.com\/avatar\/4b8e5102e0015789407eb4870b12f0f2857952d83ca124058f92b764bd1840c3?s=96&d=mm&r=g","caption":"Maria Gil Robledo"},"sameAs":["http:\/\/unaymilletras.com"],"url":"https:\/\/unaymilletras.com\/en\/author\/mariiagiil02_\/"}]}},"_links":{"self":[{"href":"https:\/\/unaymilletras.com\/en\/wp-json\/wp\/v2\/posts\/2281","targetHints":{"allow":["GET"]}}],"collection":[{"href":"https:\/\/unaymilletras.com\/en\/wp-json\/wp\/v2\/posts"}],"about":[{"href":"https:\/\/unaymilletras.com\/en\/wp-json\/wp\/v2\/types\/post"}],"author":[{"embeddable":true,"href":"https:\/\/unaymilletras.com\/en\/wp-json\/wp\/v2\/users\/1"}],"replies":[{"embeddable":true,"href":"https:\/\/unaymilletras.com\/en\/wp-json\/wp\/v2\/comments?post=2281"}],"version-history":[{"count":11,"href":"https:\/\/unaymilletras.com\/en\/wp-json\/wp\/v2\/posts\/2281\/revisions"}],"predecessor-version":[{"id":2293,"href":"https:\/\/unaymilletras.com\/en\/wp-json\/wp\/v2\/posts\/2281\/revisions\/2293"}],"wp:featuredmedia":[{"embeddable":true,"href":"https:\/\/unaymilletras.com\/en\/wp-json\/wp\/v2\/media\/2284"}],"wp:attachment":[{"href":"https:\/\/unaymilletras.com\/en\/wp-json\/wp\/v2\/media?parent=2281"}],"wp:term":[{"taxonomy":"category","embeddable":true,"href":"https:\/\/unaymilletras.com\/en\/wp-json\/wp\/v2\/categories?post=2281"},{"taxonomy":"post_tag","embeddable":true,"href":"https:\/\/unaymilletras.com\/en\/wp-json\/wp\/v2\/tags?post=2281"}],"curies":[{"name":"wp","href":"https:\/\/api.w.org\/{rel}","templated":true}]}}