{"id":2294,"date":"2024-03-06T16:00:47","date_gmt":"2024-03-06T15:00:47","guid":{"rendered":"https:\/\/unaymilletras.com\/?p=2294"},"modified":"2024-03-06T20:29:27","modified_gmt":"2024-03-06T19:29:27","slug":"entrevista-raquel-lamb","status":"publish","type":"post","link":"https:\/\/unaymilletras.com\/en\/entrevista-raquel-lamb\/","title":{"rendered":"Raquel Lamb: \u00abEstaba desnudando mi alma de una forma distinta\u00bb"},"content":{"rendered":"<div data-elementor-type=\"wp-post\" data-elementor-id=\"2294\" class=\"elementor elementor-2294\">\n\t\t\t\t\t\t<section class=\"elementor-section elementor-top-section elementor-element elementor-element-462c24e elementor-section-boxed elementor-section-height-default elementor-section-height-default\" data-id=\"462c24e\" data-element_type=\"section\" data-e-type=\"section\">\n\t\t\t\t\t\t<div class=\"elementor-container elementor-column-gap-default\">\n\t\t\t\t\t<div class=\"elementor-column elementor-col-100 elementor-top-column elementor-element elementor-element-1fcb719\" data-id=\"1fcb719\" data-element_type=\"column\" data-e-type=\"column\">\n\t\t\t<div class=\"elementor-widget-wrap elementor-element-populated\">\n\t\t\t\t\t\t<div class=\"elementor-element elementor-element-933f5bb elementor-widget elementor-widget-text-editor\" data-id=\"933f5bb\" data-element_type=\"widget\" data-e-type=\"widget\" data-widget_type=\"text-editor.default\">\n\t\t\t\t<div class=\"elementor-widget-container\">\n\t\t\t\t\t\t\t\t\t<h2 style=\"text-align: center;\"><em><span style=\"color: #808080;\">El nuevo EP de Raquel Lamb est\u00e1 disponible en todas las plataformas y quiere conquistar el o\u00eddo\u00a0 de quien la escuche<\/span><\/em><\/h2>\t\t\t\t\t\t\t\t<\/div>\n\t\t\t\t<\/div>\n\t\t\t\t\t<\/div>\n\t\t<\/div>\n\t\t\t\t\t<\/div>\n\t\t<\/section>\n\t\t\t\t<section class=\"elementor-section elementor-top-section elementor-element elementor-element-ea36f2c elementor-section-boxed elementor-section-height-default elementor-section-height-default\" data-id=\"ea36f2c\" data-element_type=\"section\" data-e-type=\"section\">\n\t\t\t\t\t\t<div class=\"elementor-container elementor-column-gap-default\">\n\t\t\t\t\t<div class=\"elementor-column elementor-col-100 elementor-top-column elementor-element elementor-element-691926b\" data-id=\"691926b\" data-element_type=\"column\" data-e-type=\"column\">\n\t\t\t<div class=\"elementor-widget-wrap elementor-element-populated\">\n\t\t\t\t\t\t<div class=\"elementor-element elementor-element-af518c7 elementor-widget elementor-widget-text-editor\" data-id=\"af518c7\" data-element_type=\"widget\" data-e-type=\"widget\" data-widget_type=\"text-editor.default\">\n\t\t\t\t<div class=\"elementor-widget-container\">\n\t\t\t\t\t\t\t\t\t<p><span style=\"color: #808080;\"><b>Raquel Lamb<\/b> es una j\u00f3ven <a style=\"color: #808080;\" href=\"https:\/\/open.spotify.com\/intl-es\/artist\/3bv7T6nfASUHUUr3rqp3wi\">artista<\/a> emergente espa\u00f1ola y norteamericana. Recientemente ha estrenado su EP, aunque no es la primera vez que estrena su propia m\u00fasica. Antes hab\u00eda trabajado en varios musicales de <a style=\"color: #808080;\" href=\"https:\/\/unaymilletras.com\/en\/eladio-carrion-va-a-por-el-triplete-en-madrid\/\">Madrid<\/a>, y volver a ellos no es una opci\u00f3n que descarte.<\/span><\/p><p>Ahora est\u00e1 centrada en la promoci\u00f3n de su nuevo trabajo con el que siente que se deja conocer de una forma distinta a c\u00f3mo lo ha hecho otras veces. Un EP con el que no busca la aprobaci\u00f3n de nadie, sino que quiere sentirse orgullosa de cada paso que da.\u00a0<\/p>\t\t\t\t\t\t\t\t<\/div>\n\t\t\t\t<\/div>\n\t\t\t\t\t<\/div>\n\t\t<\/div>\n\t\t\t\t\t<\/div>\n\t\t<\/section>\n\t\t\t\t<section class=\"elementor-section elementor-top-section elementor-element elementor-element-4628c1b elementor-section-boxed elementor-section-height-default elementor-section-height-default\" data-id=\"4628c1b\" data-element_type=\"section\" data-e-type=\"section\">\n\t\t\t\t\t\t<div class=\"elementor-container elementor-column-gap-default\">\n\t\t\t\t\t<div class=\"elementor-column elementor-col-100 elementor-top-column elementor-element elementor-element-dcbd328\" data-id=\"dcbd328\" data-element_type=\"column\" data-e-type=\"column\">\n\t\t\t<div class=\"elementor-widget-wrap elementor-element-populated\">\n\t\t\t\t\t\t<div class=\"elementor-element elementor-element-c414360 elementor-widget elementor-widget-video\" data-id=\"c414360\" data-element_type=\"widget\" data-e-type=\"widget\" data-settings=\"{&quot;youtube_url&quot;:&quot;https:\\\/\\\/www.youtube.com\\\/watch?v=pd7uo1AuVHo&amp;ab_channel=RaquelLamb&quot;,&quot;video_type&quot;:&quot;youtube&quot;,&quot;controls&quot;:&quot;yes&quot;}\" data-widget_type=\"video.default\">\n\t\t\t\t<div class=\"elementor-widget-container\">\n\t\t\t\t\t\t\t<div class=\"elementor-wrapper elementor-open-inline\">\n\t\t\t<div class=\"elementor-video\"><\/div>\t\t<\/div>\n\t\t\t\t\t\t<\/div>\n\t\t\t\t<\/div>\n\t\t\t\t\t<\/div>\n\t\t<\/div>\n\t\t\t\t\t<\/div>\n\t\t<\/section>\n\t\t\t\t<section class=\"elementor-section elementor-top-section elementor-element elementor-element-050e210 elementor-section-boxed elementor-section-height-default elementor-section-height-default\" data-id=\"050e210\" data-element_type=\"section\" data-e-type=\"section\">\n\t\t\t\t\t\t<div class=\"elementor-container elementor-column-gap-default\">\n\t\t\t\t\t<div class=\"elementor-column elementor-col-100 elementor-top-column elementor-element elementor-element-0d880ff\" data-id=\"0d880ff\" data-element_type=\"column\" data-e-type=\"column\">\n\t\t\t<div class=\"elementor-widget-wrap elementor-element-populated\">\n\t\t\t\t\t\t<div class=\"elementor-element elementor-element-9b2060c elementor-widget elementor-widget-text-editor\" data-id=\"9b2060c\" data-element_type=\"widget\" data-e-type=\"widget\" data-widget_type=\"text-editor.default\">\n\t\t\t\t<div class=\"elementor-widget-container\">\n\t\t\t\t\t\t\t\t\t<p><strong><em>\u00bfC\u00f3mo has vivido el primer lanzamiento de tu primer EP?<br \/><\/em><\/strong>Ya hab\u00eda sacado un par de singles antes de sacar mi primer ep as\u00ed que por una parte sent\u00eda mucha ilusi\u00f3n, pero a la vez sent\u00eda miedo, supongo que eso nos pasa a todos. Estaba desnudando mi alma por primera vez de una forma distinta a otras veces.<\/p><p>Ese a\u00f1o viv\u00ed muchas experiencias con sus pros y sus contras, pero sent\u00eda que por primera vez pod\u00eda cantar siendo yo misma sin juzgarme. No buscaba la aprobaci\u00f3n de nadie sino sentirme orgullosa de cada paso y sobre todo no quedarme con la sensaci\u00f3n de que habr\u00eda pasado si&#8230; sacar este EP para m\u00ed ha sido una terapia.<\/p><p><strong><em>De las canciones que tiene, \u00bfcu\u00e1l es las que m\u00e1s te define?<br \/><\/em><\/strong>Cada canci\u00f3n cuenta una historia y cada canci\u00f3n es una parte de m\u00ed, pero <em>Confusi\u00f3n<\/em> en ac\u00fastico me permiti\u00f3 mostrar la cara que casi nunca muestro, pero es la que en realidad soy. Me cuesta mucho expresar lo que siento y poder hacerlo escribiendo y cantando para m\u00ed es un regalo y que le vamos a hacer soy muy sentimental.<\/p><p><strong><em>De todas las canciones, \u00bfcu\u00e1l es tu favorita?<br \/><\/em><\/strong>jaja Eso es como preguntarle a tus padres cu\u00e1l es tu hijo favorito. Con cada canci\u00f3n se siente algo diferente es dif\u00edcil elegir, pero\u00a0<em>Sin<\/em>\u00a0<em>prisa<\/em>\u00a0la escrib\u00ed en un momento muy feliz a alguien muy especial y siempre tendr\u00e1 ese significado para m\u00ed.<\/p>\t\t\t\t\t\t\t\t<\/div>\n\t\t\t\t<\/div>\n\t\t\t\t\t<\/div>\n\t\t<\/div>\n\t\t\t\t\t<\/div>\n\t\t<\/section>\n\t\t\t\t<section class=\"elementor-section elementor-top-section elementor-element elementor-element-3407fd7 elementor-section-boxed elementor-section-height-default elementor-section-height-default\" data-id=\"3407fd7\" data-element_type=\"section\" data-e-type=\"section\">\n\t\t\t\t\t\t<div class=\"elementor-container elementor-column-gap-default\">\n\t\t\t\t\t<div class=\"elementor-column elementor-col-100 elementor-top-column elementor-element elementor-element-fd6864c\" data-id=\"fd6864c\" data-element_type=\"column\" data-e-type=\"column\">\n\t\t\t<div class=\"elementor-widget-wrap elementor-element-populated\">\n\t\t\t\t\t\t<div class=\"elementor-element elementor-element-b43ce9e elementor-widget elementor-widget-video\" data-id=\"b43ce9e\" data-element_type=\"widget\" data-e-type=\"widget\" data-settings=\"{&quot;youtube_url&quot;:&quot;https:\\\/\\\/www.youtube.com\\\/watch?v=NLgXm6Dt4qE&amp;ab_channel=RaquelLamb&quot;,&quot;video_type&quot;:&quot;youtube&quot;,&quot;controls&quot;:&quot;yes&quot;}\" data-widget_type=\"video.default\">\n\t\t\t\t<div class=\"elementor-widget-container\">\n\t\t\t\t\t\t\t<div class=\"elementor-wrapper elementor-open-inline\">\n\t\t\t<div class=\"elementor-video\"><\/div>\t\t<\/div>\n\t\t\t\t\t\t<\/div>\n\t\t\t\t<\/div>\n\t\t\t\t\t<\/div>\n\t\t<\/div>\n\t\t\t\t\t<\/div>\n\t\t<\/section>\n\t\t\t\t<section class=\"elementor-section elementor-top-section elementor-element elementor-element-7c9ac05 elementor-section-boxed elementor-section-height-default elementor-section-height-default\" data-id=\"7c9ac05\" data-element_type=\"section\" data-e-type=\"section\">\n\t\t\t\t\t\t<div class=\"elementor-container elementor-column-gap-default\">\n\t\t\t\t\t<div class=\"elementor-column elementor-col-100 elementor-top-column elementor-element elementor-element-b61a735\" data-id=\"b61a735\" data-element_type=\"column\" data-e-type=\"column\">\n\t\t\t<div class=\"elementor-widget-wrap elementor-element-populated\">\n\t\t\t\t\t\t<div class=\"elementor-element elementor-element-a2da4ae elementor-widget elementor-widget-text-editor\" data-id=\"a2da4ae\" data-element_type=\"widget\" data-e-type=\"widget\" data-widget_type=\"text-editor.default\">\n\t\t\t\t<div class=\"elementor-widget-container\">\n\t\t\t\t\t\t\t\t\t<p><strong><em>\u00bfC\u00f3mo evolucion\u00f3 el proyecto?<br \/><\/em><\/strong>El proyecto comenz\u00f3 con voz y guitarra, algunas canciones se transformaron y se modificaron a medida que iba pasando el tiempo. \u00a1Me encanta estar en el estudio creando! Las horas pasan y ni me doy cuenta.<\/p><p>Trabajar con un equipo con el que te sientes c\u00f3modo y puedes ser t\u00fa mismo y que se suman a tus locuras es incre\u00edble. Aunque tambi\u00e9n hay que saber escuchar y confiar en tu equipo. Algunas cosas las ten\u00edamos claras, pero otras las \u00edbamos creando en el momento<\/p><p><strong><em>\u00bfCu\u00e1les han sido tus inspiraciones?<br \/><\/em><\/strong>Varios artistas son los que me han inspirado, tanto artistas conocidos como artistas emergentes. He tenido la suerte de conocer a muchos m\u00fasicos y los admiro. Tengo muchos referentes y ejemplos a seguir. Supongo que eso me ha ayudado a seguir adelante siempre a pesar de las dificultades.<\/p><p><strong><em>\u00bfTe esperabas que sacar un EP fuese as\u00ed?<br \/><\/em><\/strong>Era consciente del trabajo y el esfuerzo que supone un proyecto as\u00ed. Estaba preparada f\u00edsicamente, pero en el terreno emocional era y es necesario buscar apoyo para los altibajos que puede suponer sacar m\u00fasica bueno en realidad para cualquier profesi\u00f3n.<\/p><p>En este caso no es solo sacar tus canciones, que ya es un trabajo enorme el que hay detr\u00e1s como el proceso de creaci\u00f3n, grabaci\u00f3n, maquetar, producci\u00f3n, mezcla etc, sino todo el trabajo que hay despu\u00e9s para promocionar y que las expectativas puedan o no ser las que esperas.<\/p><p>Uno debe estar preparado para todo, es una inversi\u00f3n en el que tienes que confiar en ti sabiendo que el resultado puede ser tanto bueno como malo, pero pase lo que pase, seguir.<\/p>\t\t\t\t\t\t\t\t<\/div>\n\t\t\t\t<\/div>\n\t\t\t\t\t<\/div>\n\t\t<\/div>\n\t\t\t\t\t<\/div>\n\t\t<\/section>\n\t\t\t\t<section class=\"elementor-section elementor-top-section elementor-element elementor-element-fefc31e elementor-section-boxed elementor-section-height-default elementor-section-height-default\" data-id=\"fefc31e\" data-element_type=\"section\" data-e-type=\"section\">\n\t\t\t\t\t\t<div class=\"elementor-container elementor-column-gap-default\">\n\t\t\t\t\t<div class=\"elementor-column elementor-col-100 elementor-top-column elementor-element elementor-element-117f0a2\" data-id=\"117f0a2\" data-element_type=\"column\" data-e-type=\"column\">\n\t\t\t<div class=\"elementor-widget-wrap elementor-element-populated\">\n\t\t\t\t\t\t<div class=\"elementor-element elementor-element-4c4aecf elementor-widget elementor-widget-image\" data-id=\"4c4aecf\" data-element_type=\"widget\" data-e-type=\"widget\" data-widget_type=\"image.default\">\n\t\t\t\t<div class=\"elementor-widget-container\">\n\t\t\t\t\t\t\t\t\t\t\t\t<figure class=\"wp-caption\">\n\t\t\t\t\t\t\t\t\t\t<img fetchpriority=\"high\" decoding=\"async\" width=\"640\" height=\"427\" src=\"https:\/\/unaymilletras.com\/wp-content\/uploads\/2024\/03\/WhatsApp-Image-2024-03-05-at-23.22.42-1024x683.jpeg\" class=\"attachment-large size-large wp-image-2297\" alt=\"Raquel Lamb\" srcset=\"https:\/\/unaymilletras.com\/wp-content\/uploads\/2024\/03\/WhatsApp-Image-2024-03-05-at-23.22.42-1024x683.jpeg 1024w, https:\/\/unaymilletras.com\/wp-content\/uploads\/2024\/03\/WhatsApp-Image-2024-03-05-at-23.22.42-300x200.jpeg 300w, https:\/\/unaymilletras.com\/wp-content\/uploads\/2024\/03\/WhatsApp-Image-2024-03-05-at-23.22.42-768x512.jpeg 768w, https:\/\/unaymilletras.com\/wp-content\/uploads\/2024\/03\/WhatsApp-Image-2024-03-05-at-23.22.42-1536x1024.jpeg 1536w, https:\/\/unaymilletras.com\/wp-content\/uploads\/2024\/03\/WhatsApp-Image-2024-03-05-at-23.22.42-2048x1365.jpeg 2048w, https:\/\/unaymilletras.com\/wp-content\/uploads\/2024\/03\/WhatsApp-Image-2024-03-05-at-23.22.42-scaled-e1709736835116.jpeg 600w\" sizes=\"(max-width: 640px) 100vw, 640px\" \/>\t\t\t\t\t\t\t\t\t\t\t<figcaption class=\"widget-image-caption wp-caption-text\">Fotograf\u00eda: Cecilia Malo<\/figcaption>\n\t\t\t\t\t\t\t\t\t\t<\/figure>\n\t\t\t\t\t\t\t\t\t<\/div>\n\t\t\t\t<\/div>\n\t\t\t\t\t<\/div>\n\t\t<\/div>\n\t\t\t\t\t<\/div>\n\t\t<\/section>\n\t\t\t\t<section class=\"elementor-section elementor-top-section elementor-element elementor-element-d6295ed elementor-section-boxed elementor-section-height-default elementor-section-height-default\" data-id=\"d6295ed\" data-element_type=\"section\" data-e-type=\"section\">\n\t\t\t\t\t\t<div class=\"elementor-container elementor-column-gap-default\">\n\t\t\t\t\t<div class=\"elementor-column elementor-col-100 elementor-top-column elementor-element elementor-element-4083f4c\" data-id=\"4083f4c\" data-element_type=\"column\" data-e-type=\"column\">\n\t\t\t<div class=\"elementor-widget-wrap elementor-element-populated\">\n\t\t\t\t\t\t<div class=\"elementor-element elementor-element-3e87047 elementor-widget elementor-widget-text-editor\" data-id=\"3e87047\" data-element_type=\"widget\" data-e-type=\"widget\" data-widget_type=\"text-editor.default\">\n\t\t\t\t<div class=\"elementor-widget-container\">\n\t\t\t\t\t\t\t\t\t<p><strong><em>\u00bfCu\u00e1l ha sido el mayor reto al que te has enfrentado?<br \/><\/em><\/strong>Hacer cosas que nunca hab\u00eda hecho y sola. Siempre hab\u00eda sido t\u00edmida e insegura y sent\u00eda que sola ser\u00eda incapaz. Me daba miedo tirarme al vac\u00edo porque eso supon\u00eda confiar en m\u00ed. As\u00ed que el mayor reto ha sido sin duda enfrentarme a mis miedos y confiar.<\/p><p><strong><em>Antes trabajabas en musicales, \u00bfqu\u00e9 crees que le ha aportado esto a la creaci\u00f3n de este EP?<br \/><\/em><\/strong>Los musicales para m\u00ed fue todo un reto. No solo ten\u00eda que cantar que para m\u00ed era la parte f\u00e1cil, sino que tambi\u00e9n ten\u00eda que entender e interpretar a varios personajes, cantar y bailar a la vez en un tiempo r\u00e9cord.<\/p><p>La parte de la interpretaci\u00f3n me ayud\u00f3 a buscar la ra\u00edz y entender porque lo quer\u00eda cantar as\u00ed y eso ayud\u00f3 a que el proceso de grabaci\u00f3n de voces definitivas fuera m\u00e1s f\u00e1cil. Luego cada uno lo interpreta seg\u00fan su estado de \u00e1nimo esa es la parte m\u00e1gica de la m\u00fasica, no todos interpretamos la misma canci\u00f3n o la sentimos de la misma forma. Pero en ese aspecto me ayud\u00f3 a tener claro que historia estaba contando y como la quer\u00eda contar.<\/p><p><strong><em>\u00bfTe gustar\u00eda volver a los musicales?<br \/><\/em><\/strong>Por supuesto, me encanta explorar partes de m\u00ed que a\u00fan desconozco. Cada musical, cada concierto, cada proceso es \u00fanico y quiero disfrutar de lo que cada experiencia me ofrece, aunque a veces sea muy estresante.<\/p><p><strong><em>\u00bfQu\u00e9 futuras metas tienes?<br \/><\/em><\/strong>\u2060Sin duda quiero seguir sacando m\u00fasica, espero que pronto otro EP. Me encantar\u00eda explorar m\u00e1s el <em>acting<\/em>. Objetivos peque\u00f1os que, con esfuerzo, trabajo y un poco de suerte se vean resultados grandes.<\/p>\t\t\t\t\t\t\t\t<\/div>\n\t\t\t\t<\/div>\n\t\t\t\t\t<\/div>\n\t\t<\/div>\n\t\t\t\t\t<\/div>\n\t\t<\/section>\n\t\t\t\t<section class=\"elementor-section elementor-top-section elementor-element elementor-element-4dc9753 elementor-section-boxed elementor-section-height-default elementor-section-height-default\" data-id=\"4dc9753\" data-element_type=\"section\" data-e-type=\"section\">\n\t\t\t\t\t\t<div class=\"elementor-container elementor-column-gap-default\">\n\t\t\t\t\t<div class=\"elementor-column elementor-col-100 elementor-top-column elementor-element elementor-element-cca06cc\" data-id=\"cca06cc\" data-element_type=\"column\" data-e-type=\"column\">\n\t\t\t<div class=\"elementor-widget-wrap elementor-element-populated\">\n\t\t\t\t\t\t<div class=\"elementor-element elementor-element-26a665c elementor-widget elementor-widget-text-editor\" data-id=\"26a665c\" data-element_type=\"widget\" data-e-type=\"widget\" data-widget_type=\"text-editor.default\">\n\t\t\t\t<div class=\"elementor-widget-container\">\n\t\t\t\t\t\t\t\t\t<h3 style=\"text-align: center;\"><span style=\"color: #993300;\"><em>\u00abSin prisa\u00bb pero sin pausa.<\/em><\/span><\/h3>\t\t\t\t\t\t\t\t<\/div>\n\t\t\t\t<\/div>\n\t\t\t\t\t<\/div>\n\t\t<\/div>\n\t\t\t\t\t<\/div>\n\t\t<\/section>\n\t\t\t\t<\/div>","protected":false},"excerpt":{"rendered":"<p>El nuevo EP de Raquel Lamb est\u00e1 disponible en todas las plataformas y quiere conquistar el o\u00eddo\u00a0 de quien la escuche Raquel Lamb es una j\u00f3ven artista emergente espa\u00f1ola y norteamericana. Recientemente ha estrenado su EP, aunque no es la primera vez que estrena su propia m\u00fasica. Antes hab\u00eda trabajado en varios musicales de Madrid, [&hellip;]<\/p>\n","protected":false},"author":1,"featured_media":2297,"comment_status":"open","ping_status":"open","sticky":false,"template":"","format":"standard","meta":{"footnotes":""},"categories":[112,4],"tags":[],"class_list":["post-2294","post","type-post","status-publish","format-standard","has-post-thumbnail","hentry","category-entrevistas","category-musica"],"yoast_head":"<!-- This site is optimized with the Yoast SEO plugin v27.4 - https:\/\/yoast.com\/product\/yoast-seo-wordpress\/ -->\n<title>Raquel Lamb: &quot;Estaba desnudando mi alma de una forma distinta&quot;<\/title>\n<meta name=\"description\" content=\"El nuevo EP de Raquel Lamb est\u00e1 disponible en todas las plataformas y quiere conquistar el o\u00eddo de quien la escuche\" \/>\n<meta name=\"robots\" content=\"index, follow, max-snippet:-1, max-image-preview:large, max-video-preview:-1\" \/>\n<link rel=\"canonical\" href=\"https:\/\/unaymilletras.com\/en\/entrevista-raquel-lamb\/\" \/>\n<meta property=\"og:locale\" content=\"en_GB\" \/>\n<meta property=\"og:type\" content=\"article\" \/>\n<meta property=\"og:title\" content=\"Raquel Lamb: &quot;Estaba desnudando mi alma de una forma distinta&quot;\" \/>\n<meta property=\"og:description\" content=\"El nuevo EP de Raquel Lamb est\u00e1 disponible en todas las plataformas y quiere conquistar el o\u00eddo de quien la escuche\" \/>\n<meta property=\"og:url\" content=\"https:\/\/unaymilletras.com\/en\/entrevista-raquel-lamb\/\" \/>\n<meta property=\"og:site_name\" content=\"Una y Mil Letras\" \/>\n<meta property=\"article:published_time\" content=\"2024-03-06T15:00:47+00:00\" \/>\n<meta property=\"article:modified_time\" content=\"2024-03-06T19:29:27+00:00\" \/>\n<meta property=\"og:image\" content=\"http:\/\/unaymilletras.com\/wp-content\/uploads\/2024\/03\/WhatsApp-Image-2024-03-05-at-23.22.42-scaled-e1709736835116.jpeg\" \/>\n\t<meta property=\"og:image:width\" content=\"600\" \/>\n\t<meta property=\"og:image:height\" content=\"400\" \/>\n\t<meta property=\"og:image:type\" content=\"image\/jpeg\" \/>\n<meta name=\"author\" content=\"Maria Gil Robledo\" \/>\n<meta name=\"twitter:card\" content=\"summary_large_image\" \/>\n<meta name=\"twitter:creator\" content=\"@UnaYMilLetras\" \/>\n<meta name=\"twitter:site\" content=\"@UnaYMilLetras\" \/>\n<meta name=\"twitter:label1\" content=\"Written by\" \/>\n\t<meta name=\"twitter:data1\" content=\"Maria Gil Robledo\" \/>\n\t<meta name=\"twitter:label2\" content=\"Estimated reading time\" \/>\n\t<meta name=\"twitter:data2\" content=\"5 minutes\" \/>\n<script type=\"application\/ld+json\" class=\"yoast-schema-graph\">{\"@context\":\"https:\\\/\\\/schema.org\",\"@graph\":[{\"@type\":\"Article\",\"@id\":\"https:\\\/\\\/unaymilletras.com\\\/entrevista-raquel-lamb\\\/#article\",\"isPartOf\":{\"@id\":\"https:\\\/\\\/unaymilletras.com\\\/entrevista-raquel-lamb\\\/\"},\"author\":{\"name\":\"Maria Gil Robledo\",\"@id\":\"http:\\\/\\\/unaymilletras.com\\\/#\\\/schema\\\/person\\\/d55ba681b8a4e463d8982dbe36a5dc94\"},\"headline\":\"Raquel Lamb: \u00abEstaba desnudando mi alma de una forma distinta\u00bb\",\"datePublished\":\"2024-03-06T15:00:47+00:00\",\"dateModified\":\"2024-03-06T19:29:27+00:00\",\"mainEntityOfPage\":{\"@id\":\"https:\\\/\\\/unaymilletras.com\\\/entrevista-raquel-lamb\\\/\"},\"wordCount\":1021,\"commentCount\":0,\"publisher\":{\"@id\":\"http:\\\/\\\/unaymilletras.com\\\/#organization\"},\"image\":{\"@id\":\"https:\\\/\\\/unaymilletras.com\\\/entrevista-raquel-lamb\\\/#primaryimage\"},\"thumbnailUrl\":\"https:\\\/\\\/unaymilletras.com\\\/wp-content\\\/uploads\\\/2024\\\/03\\\/WhatsApp-Image-2024-03-05-at-23.22.42-scaled-e1709736835116.jpeg\",\"articleSection\":[\"Entrevistas\",\"M\u00fasica\"],\"inLanguage\":\"en-GB\",\"potentialAction\":[{\"@type\":\"CommentAction\",\"name\":\"Comment\",\"target\":[\"https:\\\/\\\/unaymilletras.com\\\/entrevista-raquel-lamb\\\/#respond\"]}]},{\"@type\":\"WebPage\",\"@id\":\"https:\\\/\\\/unaymilletras.com\\\/entrevista-raquel-lamb\\\/\",\"url\":\"https:\\\/\\\/unaymilletras.com\\\/entrevista-raquel-lamb\\\/\",\"name\":\"Raquel Lamb: \\\"Estaba desnudando mi alma de una forma distinta\\\"\",\"isPartOf\":{\"@id\":\"http:\\\/\\\/unaymilletras.com\\\/#website\"},\"primaryImageOfPage\":{\"@id\":\"https:\\\/\\\/unaymilletras.com\\\/entrevista-raquel-lamb\\\/#primaryimage\"},\"image\":{\"@id\":\"https:\\\/\\\/unaymilletras.com\\\/entrevista-raquel-lamb\\\/#primaryimage\"},\"thumbnailUrl\":\"https:\\\/\\\/unaymilletras.com\\\/wp-content\\\/uploads\\\/2024\\\/03\\\/WhatsApp-Image-2024-03-05-at-23.22.42-scaled-e1709736835116.jpeg\",\"datePublished\":\"2024-03-06T15:00:47+00:00\",\"dateModified\":\"2024-03-06T19:29:27+00:00\",\"description\":\"El nuevo EP de Raquel Lamb est\u00e1 disponible en todas las plataformas y quiere conquistar el o\u00eddo de quien la escuche\",\"breadcrumb\":{\"@id\":\"https:\\\/\\\/unaymilletras.com\\\/entrevista-raquel-lamb\\\/#breadcrumb\"},\"inLanguage\":\"en-GB\",\"potentialAction\":[{\"@type\":\"ReadAction\",\"target\":[\"https:\\\/\\\/unaymilletras.com\\\/entrevista-raquel-lamb\\\/\"]}]},{\"@type\":\"ImageObject\",\"inLanguage\":\"en-GB\",\"@id\":\"https:\\\/\\\/unaymilletras.com\\\/entrevista-raquel-lamb\\\/#primaryimage\",\"url\":\"https:\\\/\\\/unaymilletras.com\\\/wp-content\\\/uploads\\\/2024\\\/03\\\/WhatsApp-Image-2024-03-05-at-23.22.42-scaled-e1709736835116.jpeg\",\"contentUrl\":\"https:\\\/\\\/unaymilletras.com\\\/wp-content\\\/uploads\\\/2024\\\/03\\\/WhatsApp-Image-2024-03-05-at-23.22.42-scaled-e1709736835116.jpeg\",\"width\":600,\"height\":400,\"caption\":\"Fotograf\u00eda: Cecilia Malo\"},{\"@type\":\"BreadcrumbList\",\"@id\":\"https:\\\/\\\/unaymilletras.com\\\/entrevista-raquel-lamb\\\/#breadcrumb\",\"itemListElement\":[{\"@type\":\"ListItem\",\"position\":1,\"name\":\"Home\",\"item\":\"http:\\\/\\\/unaymilletras.com\\\/\"},{\"@type\":\"ListItem\",\"position\":2,\"name\":\"Raquel Lamb: \u00abEstaba desnudando mi alma de una forma distinta\u00bb\"}]},{\"@type\":\"WebSite\",\"@id\":\"http:\\\/\\\/unaymilletras.com\\\/#website\",\"url\":\"http:\\\/\\\/unaymilletras.com\\\/\",\"name\":\"Una y Mil Letras\",\"description\":\"\",\"publisher\":{\"@id\":\"http:\\\/\\\/unaymilletras.com\\\/#organization\"},\"potentialAction\":[{\"@type\":\"SearchAction\",\"target\":{\"@type\":\"EntryPoint\",\"urlTemplate\":\"http:\\\/\\\/unaymilletras.com\\\/?s={search_term_string}\"},\"query-input\":{\"@type\":\"PropertyValueSpecification\",\"valueRequired\":true,\"valueName\":\"search_term_string\"}}],\"inLanguage\":\"en-GB\"},{\"@type\":\"Organization\",\"@id\":\"http:\\\/\\\/unaymilletras.com\\\/#organization\",\"name\":\"Una y Mil Letras\",\"url\":\"http:\\\/\\\/unaymilletras.com\\\/\",\"logo\":{\"@type\":\"ImageObject\",\"inLanguage\":\"en-GB\",\"@id\":\"http:\\\/\\\/unaymilletras.com\\\/#\\\/schema\\\/logo\\\/image\\\/\",\"url\":\"https:\\\/\\\/unaymilletras.com\\\/wp-content\\\/uploads\\\/2024\\\/06\\\/cropped-Logo-removebg-preview.png\",\"contentUrl\":\"https:\\\/\\\/unaymilletras.com\\\/wp-content\\\/uploads\\\/2024\\\/06\\\/cropped-Logo-removebg-preview.png\",\"width\":512,\"height\":512,\"caption\":\"Una y Mil Letras\"},\"image\":{\"@id\":\"http:\\\/\\\/unaymilletras.com\\\/#\\\/schema\\\/logo\\\/image\\\/\"},\"sameAs\":[\"https:\\\/\\\/x.com\\\/UnaYMilLetras\",\"https:\\\/\\\/instagram.com\\\/UnaYMilLetras\"]},{\"@type\":\"Person\",\"@id\":\"http:\\\/\\\/unaymilletras.com\\\/#\\\/schema\\\/person\\\/d55ba681b8a4e463d8982dbe36a5dc94\",\"name\":\"Maria Gil Robledo\",\"image\":{\"@type\":\"ImageObject\",\"inLanguage\":\"en-GB\",\"@id\":\"https:\\\/\\\/secure.gravatar.com\\\/avatar\\\/4b8e5102e0015789407eb4870b12f0f2857952d83ca124058f92b764bd1840c3?s=96&d=mm&r=g\",\"url\":\"https:\\\/\\\/secure.gravatar.com\\\/avatar\\\/4b8e5102e0015789407eb4870b12f0f2857952d83ca124058f92b764bd1840c3?s=96&d=mm&r=g\",\"contentUrl\":\"https:\\\/\\\/secure.gravatar.com\\\/avatar\\\/4b8e5102e0015789407eb4870b12f0f2857952d83ca124058f92b764bd1840c3?s=96&d=mm&r=g\",\"caption\":\"Maria Gil Robledo\"},\"sameAs\":[\"http:\\\/\\\/unaymilletras.com\"],\"url\":\"https:\\\/\\\/unaymilletras.com\\\/en\\\/author\\\/mariiagiil02_\\\/\"}]}<\/script>\n<!-- \/ Yoast SEO plugin. -->","yoast_head_json":{"title":"Raquel Lamb: \"Estaba desnudando mi alma de una forma distinta\"","description":"El nuevo EP de Raquel Lamb est\u00e1 disponible en todas las plataformas y quiere conquistar el o\u00eddo de quien la escuche","robots":{"index":"index","follow":"follow","max-snippet":"max-snippet:-1","max-image-preview":"max-image-preview:large","max-video-preview":"max-video-preview:-1"},"canonical":"https:\/\/unaymilletras.com\/en\/entrevista-raquel-lamb\/","og_locale":"en_GB","og_type":"article","og_title":"Raquel Lamb: \"Estaba desnudando mi alma de una forma distinta\"","og_description":"El nuevo EP de Raquel Lamb est\u00e1 disponible en todas las plataformas y quiere conquistar el o\u00eddo de quien la escuche","og_url":"https:\/\/unaymilletras.com\/en\/entrevista-raquel-lamb\/","og_site_name":"Una y Mil Letras","article_published_time":"2024-03-06T15:00:47+00:00","article_modified_time":"2024-03-06T19:29:27+00:00","og_image":[{"width":600,"height":400,"url":"http:\/\/unaymilletras.com\/wp-content\/uploads\/2024\/03\/WhatsApp-Image-2024-03-05-at-23.22.42-scaled-e1709736835116.jpeg","type":"image\/jpeg"}],"author":"Maria Gil Robledo","twitter_card":"summary_large_image","twitter_creator":"@UnaYMilLetras","twitter_site":"@UnaYMilLetras","twitter_misc":{"Written by":"Maria Gil Robledo","Estimated reading time":"5 minutes"},"schema":{"@context":"https:\/\/schema.org","@graph":[{"@type":"Article","@id":"https:\/\/unaymilletras.com\/entrevista-raquel-lamb\/#article","isPartOf":{"@id":"https:\/\/unaymilletras.com\/entrevista-raquel-lamb\/"},"author":{"name":"Maria Gil Robledo","@id":"http:\/\/unaymilletras.com\/#\/schema\/person\/d55ba681b8a4e463d8982dbe36a5dc94"},"headline":"Raquel Lamb: \u00abEstaba desnudando mi alma de una forma distinta\u00bb","datePublished":"2024-03-06T15:00:47+00:00","dateModified":"2024-03-06T19:29:27+00:00","mainEntityOfPage":{"@id":"https:\/\/unaymilletras.com\/entrevista-raquel-lamb\/"},"wordCount":1021,"commentCount":0,"publisher":{"@id":"http:\/\/unaymilletras.com\/#organization"},"image":{"@id":"https:\/\/unaymilletras.com\/entrevista-raquel-lamb\/#primaryimage"},"thumbnailUrl":"https:\/\/unaymilletras.com\/wp-content\/uploads\/2024\/03\/WhatsApp-Image-2024-03-05-at-23.22.42-scaled-e1709736835116.jpeg","articleSection":["Entrevistas","M\u00fasica"],"inLanguage":"en-GB","potentialAction":[{"@type":"CommentAction","name":"Comment","target":["https:\/\/unaymilletras.com\/entrevista-raquel-lamb\/#respond"]}]},{"@type":"WebPage","@id":"https:\/\/unaymilletras.com\/entrevista-raquel-lamb\/","url":"https:\/\/unaymilletras.com\/entrevista-raquel-lamb\/","name":"Raquel Lamb: \"Estaba desnudando mi alma de una forma distinta\"","isPartOf":{"@id":"http:\/\/unaymilletras.com\/#website"},"primaryImageOfPage":{"@id":"https:\/\/unaymilletras.com\/entrevista-raquel-lamb\/#primaryimage"},"image":{"@id":"https:\/\/unaymilletras.com\/entrevista-raquel-lamb\/#primaryimage"},"thumbnailUrl":"https:\/\/unaymilletras.com\/wp-content\/uploads\/2024\/03\/WhatsApp-Image-2024-03-05-at-23.22.42-scaled-e1709736835116.jpeg","datePublished":"2024-03-06T15:00:47+00:00","dateModified":"2024-03-06T19:29:27+00:00","description":"El nuevo EP de Raquel Lamb est\u00e1 disponible en todas las plataformas y quiere conquistar el o\u00eddo de quien la escuche","breadcrumb":{"@id":"https:\/\/unaymilletras.com\/entrevista-raquel-lamb\/#breadcrumb"},"inLanguage":"en-GB","potentialAction":[{"@type":"ReadAction","target":["https:\/\/unaymilletras.com\/entrevista-raquel-lamb\/"]}]},{"@type":"ImageObject","inLanguage":"en-GB","@id":"https:\/\/unaymilletras.com\/entrevista-raquel-lamb\/#primaryimage","url":"https:\/\/unaymilletras.com\/wp-content\/uploads\/2024\/03\/WhatsApp-Image-2024-03-05-at-23.22.42-scaled-e1709736835116.jpeg","contentUrl":"https:\/\/unaymilletras.com\/wp-content\/uploads\/2024\/03\/WhatsApp-Image-2024-03-05-at-23.22.42-scaled-e1709736835116.jpeg","width":600,"height":400,"caption":"Fotograf\u00eda: Cecilia Malo"},{"@type":"BreadcrumbList","@id":"https:\/\/unaymilletras.com\/entrevista-raquel-lamb\/#breadcrumb","itemListElement":[{"@type":"ListItem","position":1,"name":"Home","item":"http:\/\/unaymilletras.com\/"},{"@type":"ListItem","position":2,"name":"Raquel Lamb: \u00abEstaba desnudando mi alma de una forma distinta\u00bb"}]},{"@type":"WebSite","@id":"http:\/\/unaymilletras.com\/#website","url":"http:\/\/unaymilletras.com\/","name":"Una y Mil Letras","description":"","publisher":{"@id":"http:\/\/unaymilletras.com\/#organization"},"potentialAction":[{"@type":"SearchAction","target":{"@type":"EntryPoint","urlTemplate":"http:\/\/unaymilletras.com\/?s={search_term_string}"},"query-input":{"@type":"PropertyValueSpecification","valueRequired":true,"valueName":"search_term_string"}}],"inLanguage":"en-GB"},{"@type":"Organization","@id":"http:\/\/unaymilletras.com\/#organization","name":"Una y Mil Letras","url":"http:\/\/unaymilletras.com\/","logo":{"@type":"ImageObject","inLanguage":"en-GB","@id":"http:\/\/unaymilletras.com\/#\/schema\/logo\/image\/","url":"https:\/\/unaymilletras.com\/wp-content\/uploads\/2024\/06\/cropped-Logo-removebg-preview.png","contentUrl":"https:\/\/unaymilletras.com\/wp-content\/uploads\/2024\/06\/cropped-Logo-removebg-preview.png","width":512,"height":512,"caption":"Una y Mil Letras"},"image":{"@id":"http:\/\/unaymilletras.com\/#\/schema\/logo\/image\/"},"sameAs":["https:\/\/x.com\/UnaYMilLetras","https:\/\/instagram.com\/UnaYMilLetras"]},{"@type":"Person","@id":"http:\/\/unaymilletras.com\/#\/schema\/person\/d55ba681b8a4e463d8982dbe36a5dc94","name":"Maria Gil Robledo","image":{"@type":"ImageObject","inLanguage":"en-GB","@id":"https:\/\/secure.gravatar.com\/avatar\/4b8e5102e0015789407eb4870b12f0f2857952d83ca124058f92b764bd1840c3?s=96&d=mm&r=g","url":"https:\/\/secure.gravatar.com\/avatar\/4b8e5102e0015789407eb4870b12f0f2857952d83ca124058f92b764bd1840c3?s=96&d=mm&r=g","contentUrl":"https:\/\/secure.gravatar.com\/avatar\/4b8e5102e0015789407eb4870b12f0f2857952d83ca124058f92b764bd1840c3?s=96&d=mm&r=g","caption":"Maria Gil Robledo"},"sameAs":["http:\/\/unaymilletras.com"],"url":"https:\/\/unaymilletras.com\/en\/author\/mariiagiil02_\/"}]}},"_links":{"self":[{"href":"https:\/\/unaymilletras.com\/en\/wp-json\/wp\/v2\/posts\/2294","targetHints":{"allow":["GET"]}}],"collection":[{"href":"https:\/\/unaymilletras.com\/en\/wp-json\/wp\/v2\/posts"}],"about":[{"href":"https:\/\/unaymilletras.com\/en\/wp-json\/wp\/v2\/types\/post"}],"author":[{"embeddable":true,"href":"https:\/\/unaymilletras.com\/en\/wp-json\/wp\/v2\/users\/1"}],"replies":[{"embeddable":true,"href":"https:\/\/unaymilletras.com\/en\/wp-json\/wp\/v2\/comments?post=2294"}],"version-history":[{"count":18,"href":"https:\/\/unaymilletras.com\/en\/wp-json\/wp\/v2\/posts\/2294\/revisions"}],"predecessor-version":[{"id":2313,"href":"https:\/\/unaymilletras.com\/en\/wp-json\/wp\/v2\/posts\/2294\/revisions\/2313"}],"wp:featuredmedia":[{"embeddable":true,"href":"https:\/\/unaymilletras.com\/en\/wp-json\/wp\/v2\/media\/2297"}],"wp:attachment":[{"href":"https:\/\/unaymilletras.com\/en\/wp-json\/wp\/v2\/media?parent=2294"}],"wp:term":[{"taxonomy":"category","embeddable":true,"href":"https:\/\/unaymilletras.com\/en\/wp-json\/wp\/v2\/categories?post=2294"},{"taxonomy":"post_tag","embeddable":true,"href":"https:\/\/unaymilletras.com\/en\/wp-json\/wp\/v2\/tags?post=2294"}],"curies":[{"name":"wp","href":"https:\/\/api.w.org\/{rel}","templated":true}]}}