{"id":2314,"date":"2024-03-07T12:52:37","date_gmt":"2024-03-07T11:52:37","guid":{"rendered":"https:\/\/unaymilletras.com\/?p=2314"},"modified":"2024-03-07T12:53:23","modified_gmt":"2024-03-07T11:53:23","slug":"morad-en-arenas-por-primera-vez-valencia-bilbao-madrid-y-barcelona","status":"publish","type":"post","link":"https:\/\/unaymilletras.com\/en\/morad-en-arenas-por-primera-vez-valencia-bilbao-madrid-y-barcelona\/","title":{"rendered":"Morad en arenas por primera vez: Valencia, Bilbao, Madrid y Barcelona"},"content":{"rendered":"<div data-elementor-type=\"wp-post\" data-elementor-id=\"2314\" class=\"elementor elementor-2314\">\n\t\t\t\t\t\t<section class=\"elementor-section elementor-top-section elementor-element elementor-element-98cac07 elementor-section-boxed elementor-section-height-default elementor-section-height-default\" data-id=\"98cac07\" data-element_type=\"section\" data-e-type=\"section\">\n\t\t\t\t\t\t<div class=\"elementor-container elementor-column-gap-default\">\n\t\t\t\t\t<div class=\"elementor-column elementor-col-100 elementor-top-column elementor-element elementor-element-4168076\" data-id=\"4168076\" data-element_type=\"column\" data-e-type=\"column\">\n\t\t\t<div class=\"elementor-widget-wrap elementor-element-populated\">\n\t\t\t\t\t\t<div class=\"elementor-element elementor-element-5b0c16b elementor-widget elementor-widget-text-editor\" data-id=\"5b0c16b\" data-element_type=\"widget\" data-e-type=\"widget\" data-widget_type=\"text-editor.default\">\n\t\t\t\t<div class=\"elementor-widget-container\">\n\t\t\t\t\t\t\t\t\t<h2 style=\"text-align: center;\"><span style=\"color: #808080;\"><em>El artista urbano Morad llevar\u00e1 su mezcla de drill, trap y rap a cuatro ciudades clave en su esperada primera gira de arenas<\/em><\/span><\/h2>\t\t\t\t\t\t\t\t<\/div>\n\t\t\t\t<\/div>\n\t\t\t\t\t<\/div>\n\t\t<\/div>\n\t\t\t\t\t<\/div>\n\t\t<\/section>\n\t\t\t\t<section class=\"elementor-section elementor-top-section elementor-element elementor-element-d71adf7 elementor-section-boxed elementor-section-height-default elementor-section-height-default\" data-id=\"d71adf7\" data-element_type=\"section\" data-e-type=\"section\">\n\t\t\t\t\t\t<div class=\"elementor-container elementor-column-gap-default\">\n\t\t\t\t\t<div class=\"elementor-column elementor-col-100 elementor-top-column elementor-element elementor-element-f9479d9\" data-id=\"f9479d9\" data-element_type=\"column\" data-e-type=\"column\">\n\t\t\t<div class=\"elementor-widget-wrap elementor-element-populated\">\n\t\t\t\t\t\t<div class=\"elementor-element elementor-element-06b798b elementor-widget elementor-widget-text-editor\" data-id=\"06b798b\" data-element_type=\"widget\" data-e-type=\"widget\" data-widget_type=\"text-editor.default\">\n\t\t\t\t<div class=\"elementor-widget-container\">\n\t\t\t\t\t\t\t\t\t<p><span style=\"color: #808080;\"><b>Morad<\/b> revela su primera gira de arenas, que arrancar\u00e1 el 8 de septiembre en la Marina Norte de Valencia y concluir\u00e1 el 3 de enero de 2025 en el <a style=\"color: #808080;\" href=\"https:\/\/unaymilletras.com\/en\/la-gira-ot-2023-ya-tiene-nuevas-fechas\/\">Palau<\/a> Sant Jordi de Barcelona. Con \u00e9xitos consolidados como <i><b>Motorola<\/b><\/i>\u00a0y <i><b><a style=\"color: #808080;\" href=\"https:\/\/open.spotify.com\/intl-es\/track\/5h5TUj8pU2WhdSeJx9BnX2?si=80bffa02cf604495\">Pelele<\/a><\/b><\/i>, Morad se ha posicionado como uno de los artistas m\u00e1s escuchados y apreciados en la escena urbana espa\u00f1ola.<\/span><\/p>\t\t\t\t\t\t\t\t<\/div>\n\t\t\t\t<\/div>\n\t\t\t\t\t<\/div>\n\t\t<\/div>\n\t\t\t\t\t<\/div>\n\t\t<\/section>\n\t\t\t\t<section class=\"elementor-section elementor-top-section elementor-element elementor-element-8916816 elementor-section-boxed elementor-section-height-default elementor-section-height-default\" data-id=\"8916816\" data-element_type=\"section\" data-e-type=\"section\">\n\t\t\t\t\t\t<div class=\"elementor-container elementor-column-gap-default\">\n\t\t\t\t\t<div class=\"elementor-column elementor-col-100 elementor-top-column elementor-element elementor-element-e9e29f8\" data-id=\"e9e29f8\" data-element_type=\"column\" data-e-type=\"column\">\n\t\t\t<div class=\"elementor-widget-wrap elementor-element-populated\">\n\t\t\t\t\t\t<div class=\"elementor-element elementor-element-8172688 elementor-widget elementor-widget-image\" data-id=\"8172688\" data-element_type=\"widget\" data-e-type=\"widget\" data-widget_type=\"image.default\">\n\t\t\t\t<div class=\"elementor-widget-container\">\n\t\t\t\t\t\t\t\t\t\t\t\t\t\t\t<img fetchpriority=\"high\" decoding=\"async\" width=\"640\" height=\"845\" src=\"https:\/\/unaymilletras.com\/wp-content\/uploads\/2024\/03\/Morad-776x1024.jpeg\" class=\"attachment-large size-large wp-image-2316\" alt=\"Morad\" srcset=\"https:\/\/unaymilletras.com\/wp-content\/uploads\/2024\/03\/Morad-776x1024.jpeg 776w, https:\/\/unaymilletras.com\/wp-content\/uploads\/2024\/03\/Morad-227x300.jpeg 227w, https:\/\/unaymilletras.com\/wp-content\/uploads\/2024\/03\/Morad-768x1013.jpeg 768w, https:\/\/unaymilletras.com\/wp-content\/uploads\/2024\/03\/Morad-1165x1536.jpeg 1165w, https:\/\/unaymilletras.com\/wp-content\/uploads\/2024\/03\/Morad-1553x2048.jpeg 1553w, https:\/\/unaymilletras.com\/wp-content\/uploads\/2024\/03\/Morad-1024x1351.jpeg 1024w, https:\/\/unaymilletras.com\/wp-content\/uploads\/2024\/03\/Morad-scaled-e1709812132547.jpeg 600w\" sizes=\"(max-width: 640px) 100vw, 640px\" \/>\t\t\t\t\t\t\t\t\t\t\t\t\t\t\t<\/div>\n\t\t\t\t<\/div>\n\t\t\t\t\t<\/div>\n\t\t<\/div>\n\t\t\t\t\t<\/div>\n\t\t<\/section>\n\t\t\t\t<section class=\"elementor-section elementor-top-section elementor-element elementor-element-ddb37c1 elementor-section-boxed elementor-section-height-default elementor-section-height-default\" data-id=\"ddb37c1\" data-element_type=\"section\" data-e-type=\"section\">\n\t\t\t\t\t\t<div class=\"elementor-container elementor-column-gap-default\">\n\t\t\t\t\t<div class=\"elementor-column elementor-col-100 elementor-top-column elementor-element elementor-element-32d9ed6\" data-id=\"32d9ed6\" data-element_type=\"column\" data-e-type=\"column\">\n\t\t\t<div class=\"elementor-widget-wrap elementor-element-populated\">\n\t\t\t\t\t\t<div class=\"elementor-element elementor-element-9e345ad elementor-widget elementor-widget-text-editor\" data-id=\"9e345ad\" data-element_type=\"widget\" data-e-type=\"widget\" data-widget_type=\"text-editor.default\">\n\t\t\t\t<div class=\"elementor-widget-container\">\n\t\t\t\t\t\t\t\t\t<p>Su trayectoria incluye la obtenci\u00f3n de discos de oro, la creaci\u00f3n de hits virales y reconocimientos hist\u00f3ricos en la industria. Morad ha trascendido fronteras, realizando exitosas giras europeas, llenando recintos ic\u00f3nicos como el WiZink Center y colgando el cartel de sold out en cada presentaci\u00f3n. Su m\u00fasica, cargada de autenticidad, resuena no solo en las listas de reproducci\u00f3n, sino tambi\u00e9n en los parques, calles y escuelas de secundaria, conectando de manera \u00fanica con la juventud.<\/p><p>Las entradas ya est\u00e1n disponibles a trav\u00e9s de la preventa para los clientes del Banco Santander. Ma\u00f1ana, viernes 8 de marzo, se abrir\u00e1 la venta general en livenation.es y ticketmaster.es. Morad promete llevar su energ\u00eda \u00fanica a cada escenario, consolidando su estatus como un referente indiscutible del g\u00e9nero urbano.<\/p>\t\t\t\t\t\t\t\t<\/div>\n\t\t\t\t<\/div>\n\t\t\t\t\t<\/div>\n\t\t<\/div>\n\t\t\t\t\t<\/div>\n\t\t<\/section>\n\t\t\t\t<\/div>","protected":false},"excerpt":{"rendered":"<p>El artista urbano Morad llevar\u00e1 su mezcla de drill, trap y rap a cuatro ciudades clave en su esperada primera gira de arenas Morad revela su primera gira de arenas, que arrancar\u00e1 el 8 de septiembre en la Marina Norte de Valencia y concluir\u00e1 el 3 de enero de 2025 en el Palau Sant Jordi [&hellip;]<\/p>\n","protected":false},"author":1,"featured_media":2316,"comment_status":"open","ping_status":"open","sticky":false,"template":"","format":"standard","meta":{"footnotes":""},"categories":[119,4],"tags":[],"class_list":["post-2314","post","type-post","status-publish","format-standard","has-post-thumbnail","hentry","category-eventos","category-musica"],"yoast_head":"<!-- This site is optimized with the Yoast SEO plugin v27.4 - https:\/\/yoast.com\/product\/yoast-seo-wordpress\/ -->\n<title>Morad en arenas por primera vez: Valencia, Bilbao, Madrid y Barcelona<\/title>\n<meta name=\"description\" content=\"El artista urbano Morad llevar\u00e1 su mezcla de drill, trap y rap a cuatro ciudades clave en su esperada primera gira de arenas\" \/>\n<meta name=\"robots\" content=\"index, follow, max-snippet:-1, max-image-preview:large, max-video-preview:-1\" \/>\n<link rel=\"canonical\" href=\"https:\/\/unaymilletras.com\/en\/morad-en-arenas-por-primera-vez-valencia-bilbao-madrid-y-barcelona\/\" \/>\n<meta property=\"og:locale\" content=\"en_GB\" \/>\n<meta property=\"og:type\" content=\"article\" \/>\n<meta property=\"og:title\" content=\"Morad en arenas por primera vez: Valencia, Bilbao, Madrid y Barcelona\" \/>\n<meta property=\"og:description\" content=\"El artista urbano Morad llevar\u00e1 su mezcla de drill, trap y rap a cuatro ciudades clave en su esperada primera gira de arenas\" \/>\n<meta property=\"og:url\" content=\"https:\/\/unaymilletras.com\/en\/morad-en-arenas-por-primera-vez-valencia-bilbao-madrid-y-barcelona\/\" \/>\n<meta property=\"og:site_name\" content=\"Una y Mil Letras\" \/>\n<meta property=\"article:published_time\" content=\"2024-03-07T11:52:37+00:00\" \/>\n<meta property=\"article:modified_time\" content=\"2024-03-07T11:53:23+00:00\" \/>\n<meta property=\"og:image\" content=\"http:\/\/unaymilletras.com\/wp-content\/uploads\/2024\/03\/Morad-scaled-e1709812132547.jpeg\" \/>\n\t<meta property=\"og:image:width\" content=\"600\" \/>\n\t<meta property=\"og:image:height\" content=\"791\" \/>\n\t<meta property=\"og:image:type\" content=\"image\/jpeg\" \/>\n<meta name=\"author\" content=\"Maria Gil Robledo\" \/>\n<meta name=\"twitter:card\" content=\"summary_large_image\" \/>\n<meta name=\"twitter:creator\" content=\"@UnaYMilLetras\" \/>\n<meta name=\"twitter:site\" content=\"@UnaYMilLetras\" \/>\n<meta name=\"twitter:label1\" content=\"Written by\" \/>\n\t<meta name=\"twitter:data1\" content=\"Maria Gil Robledo\" \/>\n\t<meta name=\"twitter:label2\" content=\"Estimated reading time\" \/>\n\t<meta name=\"twitter:data2\" content=\"2 minutes\" \/>\n<script type=\"application\/ld+json\" class=\"yoast-schema-graph\">{\"@context\":\"https:\\\/\\\/schema.org\",\"@graph\":[{\"@type\":\"Article\",\"@id\":\"https:\\\/\\\/unaymilletras.com\\\/morad-en-arenas-por-primera-vez-valencia-bilbao-madrid-y-barcelona\\\/#article\",\"isPartOf\":{\"@id\":\"https:\\\/\\\/unaymilletras.com\\\/morad-en-arenas-por-primera-vez-valencia-bilbao-madrid-y-barcelona\\\/\"},\"author\":{\"name\":\"Maria Gil Robledo\",\"@id\":\"http:\\\/\\\/unaymilletras.com\\\/#\\\/schema\\\/person\\\/d55ba681b8a4e463d8982dbe36a5dc94\"},\"headline\":\"Morad en arenas por primera vez: Valencia, Bilbao, Madrid y Barcelona\",\"datePublished\":\"2024-03-07T11:52:37+00:00\",\"dateModified\":\"2024-03-07T11:53:23+00:00\",\"mainEntityOfPage\":{\"@id\":\"https:\\\/\\\/unaymilletras.com\\\/morad-en-arenas-por-primera-vez-valencia-bilbao-madrid-y-barcelona\\\/\"},\"wordCount\":230,\"commentCount\":0,\"publisher\":{\"@id\":\"http:\\\/\\\/unaymilletras.com\\\/#organization\"},\"image\":{\"@id\":\"https:\\\/\\\/unaymilletras.com\\\/morad-en-arenas-por-primera-vez-valencia-bilbao-madrid-y-barcelona\\\/#primaryimage\"},\"thumbnailUrl\":\"https:\\\/\\\/unaymilletras.com\\\/wp-content\\\/uploads\\\/2024\\\/03\\\/Morad-scaled-e1709812132547.jpeg\",\"articleSection\":[\"Eventos\",\"M\u00fasica\"],\"inLanguage\":\"en-GB\",\"potentialAction\":[{\"@type\":\"CommentAction\",\"name\":\"Comment\",\"target\":[\"https:\\\/\\\/unaymilletras.com\\\/morad-en-arenas-por-primera-vez-valencia-bilbao-madrid-y-barcelona\\\/#respond\"]}]},{\"@type\":\"WebPage\",\"@id\":\"https:\\\/\\\/unaymilletras.com\\\/morad-en-arenas-por-primera-vez-valencia-bilbao-madrid-y-barcelona\\\/\",\"url\":\"https:\\\/\\\/unaymilletras.com\\\/morad-en-arenas-por-primera-vez-valencia-bilbao-madrid-y-barcelona\\\/\",\"name\":\"Morad en arenas por primera vez: Valencia, Bilbao, Madrid y Barcelona\",\"isPartOf\":{\"@id\":\"http:\\\/\\\/unaymilletras.com\\\/#website\"},\"primaryImageOfPage\":{\"@id\":\"https:\\\/\\\/unaymilletras.com\\\/morad-en-arenas-por-primera-vez-valencia-bilbao-madrid-y-barcelona\\\/#primaryimage\"},\"image\":{\"@id\":\"https:\\\/\\\/unaymilletras.com\\\/morad-en-arenas-por-primera-vez-valencia-bilbao-madrid-y-barcelona\\\/#primaryimage\"},\"thumbnailUrl\":\"https:\\\/\\\/unaymilletras.com\\\/wp-content\\\/uploads\\\/2024\\\/03\\\/Morad-scaled-e1709812132547.jpeg\",\"datePublished\":\"2024-03-07T11:52:37+00:00\",\"dateModified\":\"2024-03-07T11:53:23+00:00\",\"description\":\"El artista urbano Morad llevar\u00e1 su mezcla de drill, trap y rap a cuatro ciudades clave en su esperada primera gira de arenas\",\"breadcrumb\":{\"@id\":\"https:\\\/\\\/unaymilletras.com\\\/morad-en-arenas-por-primera-vez-valencia-bilbao-madrid-y-barcelona\\\/#breadcrumb\"},\"inLanguage\":\"en-GB\",\"potentialAction\":[{\"@type\":\"ReadAction\",\"target\":[\"https:\\\/\\\/unaymilletras.com\\\/morad-en-arenas-por-primera-vez-valencia-bilbao-madrid-y-barcelona\\\/\"]}]},{\"@type\":\"ImageObject\",\"inLanguage\":\"en-GB\",\"@id\":\"https:\\\/\\\/unaymilletras.com\\\/morad-en-arenas-por-primera-vez-valencia-bilbao-madrid-y-barcelona\\\/#primaryimage\",\"url\":\"https:\\\/\\\/unaymilletras.com\\\/wp-content\\\/uploads\\\/2024\\\/03\\\/Morad-scaled-e1709812132547.jpeg\",\"contentUrl\":\"https:\\\/\\\/unaymilletras.com\\\/wp-content\\\/uploads\\\/2024\\\/03\\\/Morad-scaled-e1709812132547.jpeg\",\"width\":600,\"height\":791,\"caption\":\"Morad\"},{\"@type\":\"BreadcrumbList\",\"@id\":\"https:\\\/\\\/unaymilletras.com\\\/morad-en-arenas-por-primera-vez-valencia-bilbao-madrid-y-barcelona\\\/#breadcrumb\",\"itemListElement\":[{\"@type\":\"ListItem\",\"position\":1,\"name\":\"Home\",\"item\":\"http:\\\/\\\/unaymilletras.com\\\/\"},{\"@type\":\"ListItem\",\"position\":2,\"name\":\"Morad en arenas por primera vez: Valencia, Bilbao, Madrid y Barcelona\"}]},{\"@type\":\"WebSite\",\"@id\":\"http:\\\/\\\/unaymilletras.com\\\/#website\",\"url\":\"http:\\\/\\\/unaymilletras.com\\\/\",\"name\":\"Una y Mil Letras\",\"description\":\"\",\"publisher\":{\"@id\":\"http:\\\/\\\/unaymilletras.com\\\/#organization\"},\"potentialAction\":[{\"@type\":\"SearchAction\",\"target\":{\"@type\":\"EntryPoint\",\"urlTemplate\":\"http:\\\/\\\/unaymilletras.com\\\/?s={search_term_string}\"},\"query-input\":{\"@type\":\"PropertyValueSpecification\",\"valueRequired\":true,\"valueName\":\"search_term_string\"}}],\"inLanguage\":\"en-GB\"},{\"@type\":\"Organization\",\"@id\":\"http:\\\/\\\/unaymilletras.com\\\/#organization\",\"name\":\"Una y Mil Letras\",\"url\":\"http:\\\/\\\/unaymilletras.com\\\/\",\"logo\":{\"@type\":\"ImageObject\",\"inLanguage\":\"en-GB\",\"@id\":\"http:\\\/\\\/unaymilletras.com\\\/#\\\/schema\\\/logo\\\/image\\\/\",\"url\":\"https:\\\/\\\/unaymilletras.com\\\/wp-content\\\/uploads\\\/2024\\\/06\\\/cropped-Logo-removebg-preview.png\",\"contentUrl\":\"https:\\\/\\\/unaymilletras.com\\\/wp-content\\\/uploads\\\/2024\\\/06\\\/cropped-Logo-removebg-preview.png\",\"width\":512,\"height\":512,\"caption\":\"Una y Mil Letras\"},\"image\":{\"@id\":\"http:\\\/\\\/unaymilletras.com\\\/#\\\/schema\\\/logo\\\/image\\\/\"},\"sameAs\":[\"https:\\\/\\\/x.com\\\/UnaYMilLetras\",\"https:\\\/\\\/instagram.com\\\/UnaYMilLetras\"]},{\"@type\":\"Person\",\"@id\":\"http:\\\/\\\/unaymilletras.com\\\/#\\\/schema\\\/person\\\/d55ba681b8a4e463d8982dbe36a5dc94\",\"name\":\"Maria Gil Robledo\",\"image\":{\"@type\":\"ImageObject\",\"inLanguage\":\"en-GB\",\"@id\":\"https:\\\/\\\/secure.gravatar.com\\\/avatar\\\/4b8e5102e0015789407eb4870b12f0f2857952d83ca124058f92b764bd1840c3?s=96&d=mm&r=g\",\"url\":\"https:\\\/\\\/secure.gravatar.com\\\/avatar\\\/4b8e5102e0015789407eb4870b12f0f2857952d83ca124058f92b764bd1840c3?s=96&d=mm&r=g\",\"contentUrl\":\"https:\\\/\\\/secure.gravatar.com\\\/avatar\\\/4b8e5102e0015789407eb4870b12f0f2857952d83ca124058f92b764bd1840c3?s=96&d=mm&r=g\",\"caption\":\"Maria Gil Robledo\"},\"sameAs\":[\"http:\\\/\\\/unaymilletras.com\"],\"url\":\"https:\\\/\\\/unaymilletras.com\\\/en\\\/author\\\/mariiagiil02_\\\/\"}]}<\/script>\n<!-- \/ Yoast SEO plugin. -->","yoast_head_json":{"title":"Morad en arenas por primera vez: Valencia, Bilbao, Madrid y Barcelona","description":"El artista urbano Morad llevar\u00e1 su mezcla de drill, trap y rap a cuatro ciudades clave en su esperada primera gira de arenas","robots":{"index":"index","follow":"follow","max-snippet":"max-snippet:-1","max-image-preview":"max-image-preview:large","max-video-preview":"max-video-preview:-1"},"canonical":"https:\/\/unaymilletras.com\/en\/morad-en-arenas-por-primera-vez-valencia-bilbao-madrid-y-barcelona\/","og_locale":"en_GB","og_type":"article","og_title":"Morad en arenas por primera vez: Valencia, Bilbao, Madrid y Barcelona","og_description":"El artista urbano Morad llevar\u00e1 su mezcla de drill, trap y rap a cuatro ciudades clave en su esperada primera gira de arenas","og_url":"https:\/\/unaymilletras.com\/en\/morad-en-arenas-por-primera-vez-valencia-bilbao-madrid-y-barcelona\/","og_site_name":"Una y Mil Letras","article_published_time":"2024-03-07T11:52:37+00:00","article_modified_time":"2024-03-07T11:53:23+00:00","og_image":[{"width":600,"height":791,"url":"http:\/\/unaymilletras.com\/wp-content\/uploads\/2024\/03\/Morad-scaled-e1709812132547.jpeg","type":"image\/jpeg"}],"author":"Maria Gil Robledo","twitter_card":"summary_large_image","twitter_creator":"@UnaYMilLetras","twitter_site":"@UnaYMilLetras","twitter_misc":{"Written by":"Maria Gil Robledo","Estimated reading time":"2 minutes"},"schema":{"@context":"https:\/\/schema.org","@graph":[{"@type":"Article","@id":"https:\/\/unaymilletras.com\/morad-en-arenas-por-primera-vez-valencia-bilbao-madrid-y-barcelona\/#article","isPartOf":{"@id":"https:\/\/unaymilletras.com\/morad-en-arenas-por-primera-vez-valencia-bilbao-madrid-y-barcelona\/"},"author":{"name":"Maria Gil Robledo","@id":"http:\/\/unaymilletras.com\/#\/schema\/person\/d55ba681b8a4e463d8982dbe36a5dc94"},"headline":"Morad en arenas por primera vez: Valencia, Bilbao, Madrid y Barcelona","datePublished":"2024-03-07T11:52:37+00:00","dateModified":"2024-03-07T11:53:23+00:00","mainEntityOfPage":{"@id":"https:\/\/unaymilletras.com\/morad-en-arenas-por-primera-vez-valencia-bilbao-madrid-y-barcelona\/"},"wordCount":230,"commentCount":0,"publisher":{"@id":"http:\/\/unaymilletras.com\/#organization"},"image":{"@id":"https:\/\/unaymilletras.com\/morad-en-arenas-por-primera-vez-valencia-bilbao-madrid-y-barcelona\/#primaryimage"},"thumbnailUrl":"https:\/\/unaymilletras.com\/wp-content\/uploads\/2024\/03\/Morad-scaled-e1709812132547.jpeg","articleSection":["Eventos","M\u00fasica"],"inLanguage":"en-GB","potentialAction":[{"@type":"CommentAction","name":"Comment","target":["https:\/\/unaymilletras.com\/morad-en-arenas-por-primera-vez-valencia-bilbao-madrid-y-barcelona\/#respond"]}]},{"@type":"WebPage","@id":"https:\/\/unaymilletras.com\/morad-en-arenas-por-primera-vez-valencia-bilbao-madrid-y-barcelona\/","url":"https:\/\/unaymilletras.com\/morad-en-arenas-por-primera-vez-valencia-bilbao-madrid-y-barcelona\/","name":"Morad en arenas por primera vez: Valencia, Bilbao, Madrid y Barcelona","isPartOf":{"@id":"http:\/\/unaymilletras.com\/#website"},"primaryImageOfPage":{"@id":"https:\/\/unaymilletras.com\/morad-en-arenas-por-primera-vez-valencia-bilbao-madrid-y-barcelona\/#primaryimage"},"image":{"@id":"https:\/\/unaymilletras.com\/morad-en-arenas-por-primera-vez-valencia-bilbao-madrid-y-barcelona\/#primaryimage"},"thumbnailUrl":"https:\/\/unaymilletras.com\/wp-content\/uploads\/2024\/03\/Morad-scaled-e1709812132547.jpeg","datePublished":"2024-03-07T11:52:37+00:00","dateModified":"2024-03-07T11:53:23+00:00","description":"El artista urbano Morad llevar\u00e1 su mezcla de drill, trap y rap a cuatro ciudades clave en su esperada primera gira de arenas","breadcrumb":{"@id":"https:\/\/unaymilletras.com\/morad-en-arenas-por-primera-vez-valencia-bilbao-madrid-y-barcelona\/#breadcrumb"},"inLanguage":"en-GB","potentialAction":[{"@type":"ReadAction","target":["https:\/\/unaymilletras.com\/morad-en-arenas-por-primera-vez-valencia-bilbao-madrid-y-barcelona\/"]}]},{"@type":"ImageObject","inLanguage":"en-GB","@id":"https:\/\/unaymilletras.com\/morad-en-arenas-por-primera-vez-valencia-bilbao-madrid-y-barcelona\/#primaryimage","url":"https:\/\/unaymilletras.com\/wp-content\/uploads\/2024\/03\/Morad-scaled-e1709812132547.jpeg","contentUrl":"https:\/\/unaymilletras.com\/wp-content\/uploads\/2024\/03\/Morad-scaled-e1709812132547.jpeg","width":600,"height":791,"caption":"Morad"},{"@type":"BreadcrumbList","@id":"https:\/\/unaymilletras.com\/morad-en-arenas-por-primera-vez-valencia-bilbao-madrid-y-barcelona\/#breadcrumb","itemListElement":[{"@type":"ListItem","position":1,"name":"Home","item":"http:\/\/unaymilletras.com\/"},{"@type":"ListItem","position":2,"name":"Morad en arenas por primera vez: Valencia, Bilbao, Madrid y Barcelona"}]},{"@type":"WebSite","@id":"http:\/\/unaymilletras.com\/#website","url":"http:\/\/unaymilletras.com\/","name":"Una y Mil Letras","description":"","publisher":{"@id":"http:\/\/unaymilletras.com\/#organization"},"potentialAction":[{"@type":"SearchAction","target":{"@type":"EntryPoint","urlTemplate":"http:\/\/unaymilletras.com\/?s={search_term_string}"},"query-input":{"@type":"PropertyValueSpecification","valueRequired":true,"valueName":"search_term_string"}}],"inLanguage":"en-GB"},{"@type":"Organization","@id":"http:\/\/unaymilletras.com\/#organization","name":"Una y Mil Letras","url":"http:\/\/unaymilletras.com\/","logo":{"@type":"ImageObject","inLanguage":"en-GB","@id":"http:\/\/unaymilletras.com\/#\/schema\/logo\/image\/","url":"https:\/\/unaymilletras.com\/wp-content\/uploads\/2024\/06\/cropped-Logo-removebg-preview.png","contentUrl":"https:\/\/unaymilletras.com\/wp-content\/uploads\/2024\/06\/cropped-Logo-removebg-preview.png","width":512,"height":512,"caption":"Una y Mil Letras"},"image":{"@id":"http:\/\/unaymilletras.com\/#\/schema\/logo\/image\/"},"sameAs":["https:\/\/x.com\/UnaYMilLetras","https:\/\/instagram.com\/UnaYMilLetras"]},{"@type":"Person","@id":"http:\/\/unaymilletras.com\/#\/schema\/person\/d55ba681b8a4e463d8982dbe36a5dc94","name":"Maria Gil Robledo","image":{"@type":"ImageObject","inLanguage":"en-GB","@id":"https:\/\/secure.gravatar.com\/avatar\/4b8e5102e0015789407eb4870b12f0f2857952d83ca124058f92b764bd1840c3?s=96&d=mm&r=g","url":"https:\/\/secure.gravatar.com\/avatar\/4b8e5102e0015789407eb4870b12f0f2857952d83ca124058f92b764bd1840c3?s=96&d=mm&r=g","contentUrl":"https:\/\/secure.gravatar.com\/avatar\/4b8e5102e0015789407eb4870b12f0f2857952d83ca124058f92b764bd1840c3?s=96&d=mm&r=g","caption":"Maria Gil Robledo"},"sameAs":["http:\/\/unaymilletras.com"],"url":"https:\/\/unaymilletras.com\/en\/author\/mariiagiil02_\/"}]}},"_links":{"self":[{"href":"https:\/\/unaymilletras.com\/en\/wp-json\/wp\/v2\/posts\/2314","targetHints":{"allow":["GET"]}}],"collection":[{"href":"https:\/\/unaymilletras.com\/en\/wp-json\/wp\/v2\/posts"}],"about":[{"href":"https:\/\/unaymilletras.com\/en\/wp-json\/wp\/v2\/types\/post"}],"author":[{"embeddable":true,"href":"https:\/\/unaymilletras.com\/en\/wp-json\/wp\/v2\/users\/1"}],"replies":[{"embeddable":true,"href":"https:\/\/unaymilletras.com\/en\/wp-json\/wp\/v2\/comments?post=2314"}],"version-history":[{"count":5,"href":"https:\/\/unaymilletras.com\/en\/wp-json\/wp\/v2\/posts\/2314\/revisions"}],"predecessor-version":[{"id":2320,"href":"https:\/\/unaymilletras.com\/en\/wp-json\/wp\/v2\/posts\/2314\/revisions\/2320"}],"wp:featuredmedia":[{"embeddable":true,"href":"https:\/\/unaymilletras.com\/en\/wp-json\/wp\/v2\/media\/2316"}],"wp:attachment":[{"href":"https:\/\/unaymilletras.com\/en\/wp-json\/wp\/v2\/media?parent=2314"}],"wp:term":[{"taxonomy":"category","embeddable":true,"href":"https:\/\/unaymilletras.com\/en\/wp-json\/wp\/v2\/categories?post=2314"},{"taxonomy":"post_tag","embeddable":true,"href":"https:\/\/unaymilletras.com\/en\/wp-json\/wp\/v2\/tags?post=2314"}],"curies":[{"name":"wp","href":"https:\/\/api.w.org\/{rel}","templated":true}]}}