{"id":2328,"date":"2024-03-08T22:39:15","date_gmt":"2024-03-08T21:39:15","guid":{"rendered":"https:\/\/unaymilletras.com\/?p=2328"},"modified":"2024-03-08T22:39:40","modified_gmt":"2024-03-08T21:39:40","slug":"lola-indigo-estrena-cancion-y-desvela-la-fecha-del-bernabeu","status":"publish","type":"post","link":"https:\/\/unaymilletras.com\/en\/lola-indigo-estrena-cancion-y-desvela-la-fecha-del-bernabeu\/","title":{"rendered":"Lola \u00edndigo estrena canci\u00f3n y desvela la fecha del  Bernab\u00e9u"},"content":{"rendered":"<div data-elementor-type=\"wp-post\" data-elementor-id=\"2328\" class=\"elementor elementor-2328\">\n\t\t\t\t\t\t<section class=\"elementor-section elementor-top-section elementor-element elementor-element-2be3c64 elementor-section-boxed elementor-section-height-default elementor-section-height-default\" data-id=\"2be3c64\" data-element_type=\"section\" data-e-type=\"section\">\n\t\t\t\t\t\t<div class=\"elementor-container elementor-column-gap-default\">\n\t\t\t\t\t<div class=\"elementor-column elementor-col-100 elementor-top-column elementor-element elementor-element-b5f087d\" data-id=\"b5f087d\" data-element_type=\"column\" data-e-type=\"column\">\n\t\t\t<div class=\"elementor-widget-wrap elementor-element-populated\">\n\t\t\t\t\t\t<div class=\"elementor-element elementor-element-d515b85 elementor-widget elementor-widget-text-editor\" data-id=\"d515b85\" data-element_type=\"widget\" data-e-type=\"widget\" data-widget_type=\"text-editor.default\">\n\t\t\t\t<div class=\"elementor-widget-container\">\n\t\t\t\t\t\t\t\t\t<h2 style=\"text-align: center;\"><span style=\"color: #808080;\"><em>El 22 de marzo Lola \u00cdndigo actuar\u00e1 en el Santiago Bernab\u00e9u y lo anuncia a la vez que estrena su colaboraci\u00f3n con Manuel Turizo<\/em><\/span><\/h2>\t\t\t\t\t\t\t\t<\/div>\n\t\t\t\t<\/div>\n\t\t\t\t\t<\/div>\n\t\t<\/div>\n\t\t\t\t\t<\/div>\n\t\t<\/section>\n\t\t\t\t<section class=\"elementor-section elementor-top-section elementor-element elementor-element-648d465 elementor-section-boxed elementor-section-height-default elementor-section-height-default\" data-id=\"648d465\" data-element_type=\"section\" data-e-type=\"section\">\n\t\t\t\t\t\t<div class=\"elementor-container elementor-column-gap-default\">\n\t\t\t\t\t<div class=\"elementor-column elementor-col-100 elementor-top-column elementor-element elementor-element-6bee25c\" data-id=\"6bee25c\" data-element_type=\"column\" data-e-type=\"column\">\n\t\t\t<div class=\"elementor-widget-wrap elementor-element-populated\">\n\t\t\t\t\t\t<div class=\"elementor-element elementor-element-1edba1b elementor-widget elementor-widget-text-editor\" data-id=\"1edba1b\" data-element_type=\"widget\" data-e-type=\"widget\" data-widget_type=\"text-editor.default\">\n\t\t\t\t<div class=\"elementor-widget-container\">\n\t\t\t\t\t\t\t\t\t<p><span style=\"color: #808080;\">El d\u00eda en el que Lola \u00cdndigo anunci\u00f3 que iba a actuar por primera vez en el Estadio <a style=\"color: #808080;\" href=\"https:\/\/unaymilletras.com\/en\/lola-indigo-aterrizara-en-el-santiago-bernabeu-en-2025\/\">Santiago Bernab\u00e9u<\/a> desped\u00eda su \u00e9poca GRX. Una noticia que la daba a medias, pero hoy se ha completado. El 22 de marzo de 2025 ser\u00e1 el d\u00eda en el que tendr\u00e1 lugar el esperado concierto. Asimismo, esta fecha llegaba el mismo d\u00eda que <em>1000cosas,<\/em> su colaboraci\u00f3n con Manuel Turizo.<\/span><\/p>\t\t\t\t\t\t\t\t<\/div>\n\t\t\t\t<\/div>\n\t\t\t\t\t<\/div>\n\t\t<\/div>\n\t\t\t\t\t<\/div>\n\t\t<\/section>\n\t\t\t\t<section class=\"elementor-section elementor-top-section elementor-element elementor-element-25d86dc elementor-section-boxed elementor-section-height-default elementor-section-height-default\" data-id=\"25d86dc\" data-element_type=\"section\" data-e-type=\"section\">\n\t\t\t\t\t\t<div class=\"elementor-container elementor-column-gap-default\">\n\t\t\t\t\t<div class=\"elementor-column elementor-col-100 elementor-top-column elementor-element elementor-element-9fdf8a4\" data-id=\"9fdf8a4\" data-element_type=\"column\" data-e-type=\"column\">\n\t\t\t<div class=\"elementor-widget-wrap elementor-element-populated\">\n\t\t\t\t\t\t<div class=\"elementor-element elementor-element-5135f75 elementor-widget elementor-widget-image\" data-id=\"5135f75\" data-element_type=\"widget\" data-e-type=\"widget\" data-widget_type=\"image.default\">\n\t\t\t\t<div class=\"elementor-widget-container\">\n\t\t\t\t\t\t\t\t\t\t\t\t\t\t\t<img fetchpriority=\"high\" decoding=\"async\" width=\"640\" height=\"640\" src=\"https:\/\/unaymilletras.com\/wp-content\/uploads\/2024\/03\/w660_955037_lolaindigo1000cosas.png\" class=\"attachment-large size-large wp-image-2331\" alt=\"Lola \u00cdndigo\" srcset=\"https:\/\/unaymilletras.com\/wp-content\/uploads\/2024\/03\/w660_955037_lolaindigo1000cosas.png 660w, https:\/\/unaymilletras.com\/wp-content\/uploads\/2024\/03\/w660_955037_lolaindigo1000cosas-300x300.png 300w, https:\/\/unaymilletras.com\/wp-content\/uploads\/2024\/03\/w660_955037_lolaindigo1000cosas-150x150.png 150w\" sizes=\"(max-width: 640px) 100vw, 640px\" \/>\t\t\t\t\t\t\t\t\t\t\t\t\t\t\t<\/div>\n\t\t\t\t<\/div>\n\t\t\t\t\t<\/div>\n\t\t<\/div>\n\t\t\t\t\t<\/div>\n\t\t<\/section>\n\t\t\t\t<section class=\"elementor-section elementor-top-section elementor-element elementor-element-de52559 elementor-section-boxed elementor-section-height-default elementor-section-height-default\" data-id=\"de52559\" data-element_type=\"section\" data-e-type=\"section\">\n\t\t\t\t\t\t<div class=\"elementor-container elementor-column-gap-default\">\n\t\t\t\t\t<div class=\"elementor-column elementor-col-100 elementor-top-column elementor-element elementor-element-34db9f0\" data-id=\"34db9f0\" data-element_type=\"column\" data-e-type=\"column\">\n\t\t\t<div class=\"elementor-widget-wrap elementor-element-populated\">\n\t\t\t\t\t\t<div class=\"elementor-element elementor-element-da47e49 elementor-widget elementor-widget-text-editor\" data-id=\"da47e49\" data-element_type=\"widget\" data-e-type=\"widget\" data-widget_type=\"text-editor.default\">\n\t\t\t\t<div class=\"elementor-widget-container\">\n\t\t\t\t\t\t\t\t\t<p>Este anuncio da paso a una etapa llena de explosividad, adrenalina y calor por parte de Lola \u00cdndigo. Esta nueva fase empieza con <em>1000cosas<\/em> junto a Manuel Turizo y una canci\u00f3n urbana con pinceladas electr\u00f3nicas.<\/p><p>Al mismo tiempo, Lola \u00cdndigo empieza uno de sus proyectos m\u00e1s ambiciosos en toda su carrera. Gracias a la gira <em>El Drag\u00f3n<\/em>, ha actuado antes m\u00e1s de 300.000 personas. Ahora, se enfrenta a uno de los estadios m\u00e1s importantes del pa\u00eds. Este nuevo concierto promete ser uno de los mayores espect\u00e1culos hasta la fecha. Aqu\u00ed, har\u00e1 un repaso por toda su carrera y traer\u00e1 de vuelta a <em>La Bruja<\/em>, <em>La Ni\u00f1a<\/em> y <em>El Drag\u00f3n<\/em>.<\/p>\t\t\t\t\t\t\t\t<\/div>\n\t\t\t\t<\/div>\n\t\t\t\t\t<\/div>\n\t\t<\/div>\n\t\t\t\t\t<\/div>\n\t\t<\/section>\n\t\t\t\t<section class=\"elementor-section elementor-top-section elementor-element elementor-element-bdab755 elementor-section-boxed elementor-section-height-default elementor-section-height-default\" data-id=\"bdab755\" data-element_type=\"section\" data-e-type=\"section\">\n\t\t\t\t\t\t<div class=\"elementor-container elementor-column-gap-default\">\n\t\t\t\t\t<div class=\"elementor-column elementor-col-100 elementor-top-column elementor-element elementor-element-19adecd\" data-id=\"19adecd\" data-element_type=\"column\" data-e-type=\"column\">\n\t\t\t<div class=\"elementor-widget-wrap elementor-element-populated\">\n\t\t\t\t\t\t<div class=\"elementor-element elementor-element-b8c5a81 elementor-widget elementor-widget-video\" data-id=\"b8c5a81\" data-element_type=\"widget\" data-e-type=\"widget\" data-settings=\"{&quot;youtube_url&quot;:&quot;https:\\\/\\\/www.youtube.com\\\/watch?v=gsmQyPsx-Ho&amp;ab_channel=LolaIndigo&quot;,&quot;video_type&quot;:&quot;youtube&quot;,&quot;controls&quot;:&quot;yes&quot;}\" data-widget_type=\"video.default\">\n\t\t\t\t<div class=\"elementor-widget-container\">\n\t\t\t\t\t\t\t<div class=\"elementor-wrapper elementor-open-inline\">\n\t\t\t<div class=\"elementor-video\"><\/div>\t\t<\/div>\n\t\t\t\t\t\t<\/div>\n\t\t\t\t<\/div>\n\t\t\t\t\t<\/div>\n\t\t<\/div>\n\t\t\t\t\t<\/div>\n\t\t<\/section>\n\t\t\t\t<section class=\"elementor-section elementor-top-section elementor-element elementor-element-82f63c2 elementor-section-boxed elementor-section-height-default elementor-section-height-default\" data-id=\"82f63c2\" data-element_type=\"section\" data-e-type=\"section\">\n\t\t\t\t\t\t<div class=\"elementor-container elementor-column-gap-default\">\n\t\t\t\t\t<div class=\"elementor-column elementor-col-100 elementor-top-column elementor-element elementor-element-7dc0394\" data-id=\"7dc0394\" data-element_type=\"column\" data-e-type=\"column\">\n\t\t\t<div class=\"elementor-widget-wrap elementor-element-populated\">\n\t\t\t\t\t\t<div class=\"elementor-element elementor-element-4dff044 elementor-widget elementor-widget-text-editor\" data-id=\"4dff044\" data-element_type=\"widget\" data-e-type=\"widget\" data-widget_type=\"text-editor.default\">\n\t\t\t\t<div class=\"elementor-widget-container\">\n\t\t\t\t\t\t\t\t\t<p>Las entradas estar\u00e1n disponibles primeramente en una preventa el lunes, 11 de marzo a las 10h, para Clientes Santander. La venta general se abrir\u00e1 tres d\u00edas despu\u00e9s, el 14 de marzo a las 13h a trav\u00e9s de la <a href=\"http:\/\/tienda.lolaindigomusic.com\">web de Lola \u00cdndigo<\/a>.<\/p>\n<p>Lola \u00cdndigo no se cansa de superarse a s\u00ed misma y sigue asumiendo retos. Una de las artistas m\u00e1s importantes de Espa\u00f1a a nivel mundial. Siempre presente entra las canciones m\u00e1s virales gracias a sus \u00e9xitos constantes. Su \u00faltima canci\u00f3n junto a Soolking y RVFV ya acumula m\u00e1s de 40 millones de escuchas en Spotify.<\/p>\n<p>Pr\u00f3xima parada: completar el Santiago Bernab\u00e9u.<\/p>\t\t\t\t\t\t\t\t<\/div>\n\t\t\t\t<\/div>\n\t\t\t\t\t<\/div>\n\t\t<\/div>\n\t\t\t\t\t<\/div>\n\t\t<\/section>\n\t\t\t\t<\/div>","protected":false},"excerpt":{"rendered":"<p>El 22 de marzo Lola \u00cdndigo actuar\u00e1 en el Santiago Bernab\u00e9u y lo anuncia a la vez que estrena su colaboraci\u00f3n con Manuel Turizo El d\u00eda en el que Lola \u00cdndigo anunci\u00f3 que iba a actuar por primera vez en el Estadio Santiago Bernab\u00e9u desped\u00eda su \u00e9poca GRX. Una noticia que la daba a medias, [&hellip;]<\/p>\n","protected":false},"author":1,"featured_media":2331,"comment_status":"open","ping_status":"open","sticky":false,"template":"","format":"standard","meta":{"footnotes":""},"categories":[119,4],"tags":[],"class_list":["post-2328","post","type-post","status-publish","format-standard","has-post-thumbnail","hentry","category-eventos","category-musica"],"yoast_head":"<!-- This site is optimized with the Yoast SEO plugin v27.4 - https:\/\/yoast.com\/product\/yoast-seo-wordpress\/ -->\n<title>Lola \u00edndigo estrena canci\u00f3n y desvela la fecha del Bernab\u00e9u<\/title>\n<meta name=\"description\" content=\"El 22 de marzo Lola \u00cdndigo actuar\u00e1 en el Santiago Bernab\u00e9u y lo anuncia a la vez que estrena su colaboraci\u00f3n con Manuel Turizo\" \/>\n<meta name=\"robots\" content=\"index, follow, max-snippet:-1, max-image-preview:large, max-video-preview:-1\" \/>\n<link rel=\"canonical\" href=\"https:\/\/unaymilletras.com\/en\/lola-indigo-estrena-cancion-y-desvela-la-fecha-del-bernabeu\/\" \/>\n<meta property=\"og:locale\" content=\"en_GB\" \/>\n<meta property=\"og:type\" content=\"article\" \/>\n<meta property=\"og:title\" content=\"Lola \u00edndigo estrena canci\u00f3n y desvela la fecha del Bernab\u00e9u\" \/>\n<meta property=\"og:description\" content=\"El 22 de marzo Lola \u00cdndigo actuar\u00e1 en el Santiago Bernab\u00e9u y lo anuncia a la vez que estrena su colaboraci\u00f3n con Manuel Turizo\" \/>\n<meta property=\"og:url\" content=\"https:\/\/unaymilletras.com\/en\/lola-indigo-estrena-cancion-y-desvela-la-fecha-del-bernabeu\/\" \/>\n<meta property=\"og:site_name\" content=\"Una y Mil Letras\" \/>\n<meta property=\"article:published_time\" content=\"2024-03-08T21:39:15+00:00\" \/>\n<meta property=\"article:modified_time\" content=\"2024-03-08T21:39:40+00:00\" \/>\n<meta property=\"og:image\" content=\"http:\/\/unaymilletras.com\/wp-content\/uploads\/2024\/03\/w660_955037_lolaindigo1000cosas.png\" \/>\n\t<meta property=\"og:image:width\" content=\"660\" \/>\n\t<meta property=\"og:image:height\" content=\"660\" \/>\n\t<meta property=\"og:image:type\" content=\"image\/png\" \/>\n<meta name=\"author\" content=\"Maria Gil Robledo\" \/>\n<meta name=\"twitter:card\" content=\"summary_large_image\" \/>\n<meta name=\"twitter:creator\" content=\"@UnaYMilLetras\" \/>\n<meta name=\"twitter:site\" content=\"@UnaYMilLetras\" \/>\n<meta name=\"twitter:label1\" content=\"Written by\" \/>\n\t<meta name=\"twitter:data1\" content=\"Maria Gil Robledo\" \/>\n\t<meta name=\"twitter:label2\" content=\"Estimated reading time\" \/>\n\t<meta name=\"twitter:data2\" content=\"2 minutes\" \/>\n<script type=\"application\/ld+json\" class=\"yoast-schema-graph\">{\"@context\":\"https:\\\/\\\/schema.org\",\"@graph\":[{\"@type\":\"Article\",\"@id\":\"https:\\\/\\\/unaymilletras.com\\\/lola-indigo-estrena-cancion-y-desvela-la-fecha-del-bernabeu\\\/#article\",\"isPartOf\":{\"@id\":\"https:\\\/\\\/unaymilletras.com\\\/lola-indigo-estrena-cancion-y-desvela-la-fecha-del-bernabeu\\\/\"},\"author\":{\"name\":\"Maria Gil Robledo\",\"@id\":\"http:\\\/\\\/unaymilletras.com\\\/#\\\/schema\\\/person\\\/d55ba681b8a4e463d8982dbe36a5dc94\"},\"headline\":\"Lola \u00edndigo estrena canci\u00f3n y desvela la fecha del Bernab\u00e9u\",\"datePublished\":\"2024-03-08T21:39:15+00:00\",\"dateModified\":\"2024-03-08T21:39:40+00:00\",\"mainEntityOfPage\":{\"@id\":\"https:\\\/\\\/unaymilletras.com\\\/lola-indigo-estrena-cancion-y-desvela-la-fecha-del-bernabeu\\\/\"},\"wordCount\":346,\"commentCount\":0,\"publisher\":{\"@id\":\"http:\\\/\\\/unaymilletras.com\\\/#organization\"},\"image\":{\"@id\":\"https:\\\/\\\/unaymilletras.com\\\/lola-indigo-estrena-cancion-y-desvela-la-fecha-del-bernabeu\\\/#primaryimage\"},\"thumbnailUrl\":\"https:\\\/\\\/unaymilletras.com\\\/wp-content\\\/uploads\\\/2024\\\/03\\\/w660_955037_lolaindigo1000cosas.png\",\"articleSection\":[\"Eventos\",\"M\u00fasica\"],\"inLanguage\":\"en-GB\",\"potentialAction\":[{\"@type\":\"CommentAction\",\"name\":\"Comment\",\"target\":[\"https:\\\/\\\/unaymilletras.com\\\/lola-indigo-estrena-cancion-y-desvela-la-fecha-del-bernabeu\\\/#respond\"]}]},{\"@type\":\"WebPage\",\"@id\":\"https:\\\/\\\/unaymilletras.com\\\/lola-indigo-estrena-cancion-y-desvela-la-fecha-del-bernabeu\\\/\",\"url\":\"https:\\\/\\\/unaymilletras.com\\\/lola-indigo-estrena-cancion-y-desvela-la-fecha-del-bernabeu\\\/\",\"name\":\"Lola \u00edndigo estrena canci\u00f3n y desvela la fecha del Bernab\u00e9u\",\"isPartOf\":{\"@id\":\"http:\\\/\\\/unaymilletras.com\\\/#website\"},\"primaryImageOfPage\":{\"@id\":\"https:\\\/\\\/unaymilletras.com\\\/lola-indigo-estrena-cancion-y-desvela-la-fecha-del-bernabeu\\\/#primaryimage\"},\"image\":{\"@id\":\"https:\\\/\\\/unaymilletras.com\\\/lola-indigo-estrena-cancion-y-desvela-la-fecha-del-bernabeu\\\/#primaryimage\"},\"thumbnailUrl\":\"https:\\\/\\\/unaymilletras.com\\\/wp-content\\\/uploads\\\/2024\\\/03\\\/w660_955037_lolaindigo1000cosas.png\",\"datePublished\":\"2024-03-08T21:39:15+00:00\",\"dateModified\":\"2024-03-08T21:39:40+00:00\",\"description\":\"El 22 de marzo Lola \u00cdndigo actuar\u00e1 en el Santiago Bernab\u00e9u y lo anuncia a la vez que estrena su colaboraci\u00f3n con Manuel Turizo\",\"breadcrumb\":{\"@id\":\"https:\\\/\\\/unaymilletras.com\\\/lola-indigo-estrena-cancion-y-desvela-la-fecha-del-bernabeu\\\/#breadcrumb\"},\"inLanguage\":\"en-GB\",\"potentialAction\":[{\"@type\":\"ReadAction\",\"target\":[\"https:\\\/\\\/unaymilletras.com\\\/lola-indigo-estrena-cancion-y-desvela-la-fecha-del-bernabeu\\\/\"]}]},{\"@type\":\"ImageObject\",\"inLanguage\":\"en-GB\",\"@id\":\"https:\\\/\\\/unaymilletras.com\\\/lola-indigo-estrena-cancion-y-desvela-la-fecha-del-bernabeu\\\/#primaryimage\",\"url\":\"https:\\\/\\\/unaymilletras.com\\\/wp-content\\\/uploads\\\/2024\\\/03\\\/w660_955037_lolaindigo1000cosas.png\",\"contentUrl\":\"https:\\\/\\\/unaymilletras.com\\\/wp-content\\\/uploads\\\/2024\\\/03\\\/w660_955037_lolaindigo1000cosas.png\",\"width\":660,\"height\":660,\"caption\":\"Lola \u00cdndigo\"},{\"@type\":\"BreadcrumbList\",\"@id\":\"https:\\\/\\\/unaymilletras.com\\\/lola-indigo-estrena-cancion-y-desvela-la-fecha-del-bernabeu\\\/#breadcrumb\",\"itemListElement\":[{\"@type\":\"ListItem\",\"position\":1,\"name\":\"Home\",\"item\":\"http:\\\/\\\/unaymilletras.com\\\/\"},{\"@type\":\"ListItem\",\"position\":2,\"name\":\"Lola \u00edndigo estrena canci\u00f3n y desvela la fecha del Bernab\u00e9u\"}]},{\"@type\":\"WebSite\",\"@id\":\"http:\\\/\\\/unaymilletras.com\\\/#website\",\"url\":\"http:\\\/\\\/unaymilletras.com\\\/\",\"name\":\"Una y Mil Letras\",\"description\":\"\",\"publisher\":{\"@id\":\"http:\\\/\\\/unaymilletras.com\\\/#organization\"},\"potentialAction\":[{\"@type\":\"SearchAction\",\"target\":{\"@type\":\"EntryPoint\",\"urlTemplate\":\"http:\\\/\\\/unaymilletras.com\\\/?s={search_term_string}\"},\"query-input\":{\"@type\":\"PropertyValueSpecification\",\"valueRequired\":true,\"valueName\":\"search_term_string\"}}],\"inLanguage\":\"en-GB\"},{\"@type\":\"Organization\",\"@id\":\"http:\\\/\\\/unaymilletras.com\\\/#organization\",\"name\":\"Una y Mil Letras\",\"url\":\"http:\\\/\\\/unaymilletras.com\\\/\",\"logo\":{\"@type\":\"ImageObject\",\"inLanguage\":\"en-GB\",\"@id\":\"http:\\\/\\\/unaymilletras.com\\\/#\\\/schema\\\/logo\\\/image\\\/\",\"url\":\"https:\\\/\\\/unaymilletras.com\\\/wp-content\\\/uploads\\\/2024\\\/06\\\/cropped-Logo-removebg-preview.png\",\"contentUrl\":\"https:\\\/\\\/unaymilletras.com\\\/wp-content\\\/uploads\\\/2024\\\/06\\\/cropped-Logo-removebg-preview.png\",\"width\":512,\"height\":512,\"caption\":\"Una y Mil Letras\"},\"image\":{\"@id\":\"http:\\\/\\\/unaymilletras.com\\\/#\\\/schema\\\/logo\\\/image\\\/\"},\"sameAs\":[\"https:\\\/\\\/x.com\\\/UnaYMilLetras\",\"https:\\\/\\\/instagram.com\\\/UnaYMilLetras\"]},{\"@type\":\"Person\",\"@id\":\"http:\\\/\\\/unaymilletras.com\\\/#\\\/schema\\\/person\\\/d55ba681b8a4e463d8982dbe36a5dc94\",\"name\":\"Maria Gil Robledo\",\"image\":{\"@type\":\"ImageObject\",\"inLanguage\":\"en-GB\",\"@id\":\"https:\\\/\\\/secure.gravatar.com\\\/avatar\\\/4b8e5102e0015789407eb4870b12f0f2857952d83ca124058f92b764bd1840c3?s=96&d=mm&r=g\",\"url\":\"https:\\\/\\\/secure.gravatar.com\\\/avatar\\\/4b8e5102e0015789407eb4870b12f0f2857952d83ca124058f92b764bd1840c3?s=96&d=mm&r=g\",\"contentUrl\":\"https:\\\/\\\/secure.gravatar.com\\\/avatar\\\/4b8e5102e0015789407eb4870b12f0f2857952d83ca124058f92b764bd1840c3?s=96&d=mm&r=g\",\"caption\":\"Maria Gil Robledo\"},\"sameAs\":[\"http:\\\/\\\/unaymilletras.com\"],\"url\":\"https:\\\/\\\/unaymilletras.com\\\/en\\\/author\\\/mariiagiil02_\\\/\"}]}<\/script>\n<!-- \/ Yoast SEO plugin. -->","yoast_head_json":{"title":"Lola \u00edndigo estrena canci\u00f3n y desvela la fecha del Bernab\u00e9u","description":"El 22 de marzo Lola \u00cdndigo actuar\u00e1 en el Santiago Bernab\u00e9u y lo anuncia a la vez que estrena su colaboraci\u00f3n con Manuel Turizo","robots":{"index":"index","follow":"follow","max-snippet":"max-snippet:-1","max-image-preview":"max-image-preview:large","max-video-preview":"max-video-preview:-1"},"canonical":"https:\/\/unaymilletras.com\/en\/lola-indigo-estrena-cancion-y-desvela-la-fecha-del-bernabeu\/","og_locale":"en_GB","og_type":"article","og_title":"Lola \u00edndigo estrena canci\u00f3n y desvela la fecha del Bernab\u00e9u","og_description":"El 22 de marzo Lola \u00cdndigo actuar\u00e1 en el Santiago Bernab\u00e9u y lo anuncia a la vez que estrena su colaboraci\u00f3n con Manuel Turizo","og_url":"https:\/\/unaymilletras.com\/en\/lola-indigo-estrena-cancion-y-desvela-la-fecha-del-bernabeu\/","og_site_name":"Una y Mil Letras","article_published_time":"2024-03-08T21:39:15+00:00","article_modified_time":"2024-03-08T21:39:40+00:00","og_image":[{"width":660,"height":660,"url":"http:\/\/unaymilletras.com\/wp-content\/uploads\/2024\/03\/w660_955037_lolaindigo1000cosas.png","type":"image\/png"}],"author":"Maria Gil Robledo","twitter_card":"summary_large_image","twitter_creator":"@UnaYMilLetras","twitter_site":"@UnaYMilLetras","twitter_misc":{"Written by":"Maria Gil Robledo","Estimated reading time":"2 minutes"},"schema":{"@context":"https:\/\/schema.org","@graph":[{"@type":"Article","@id":"https:\/\/unaymilletras.com\/lola-indigo-estrena-cancion-y-desvela-la-fecha-del-bernabeu\/#article","isPartOf":{"@id":"https:\/\/unaymilletras.com\/lola-indigo-estrena-cancion-y-desvela-la-fecha-del-bernabeu\/"},"author":{"name":"Maria Gil Robledo","@id":"http:\/\/unaymilletras.com\/#\/schema\/person\/d55ba681b8a4e463d8982dbe36a5dc94"},"headline":"Lola \u00edndigo estrena canci\u00f3n y desvela la fecha del Bernab\u00e9u","datePublished":"2024-03-08T21:39:15+00:00","dateModified":"2024-03-08T21:39:40+00:00","mainEntityOfPage":{"@id":"https:\/\/unaymilletras.com\/lola-indigo-estrena-cancion-y-desvela-la-fecha-del-bernabeu\/"},"wordCount":346,"commentCount":0,"publisher":{"@id":"http:\/\/unaymilletras.com\/#organization"},"image":{"@id":"https:\/\/unaymilletras.com\/lola-indigo-estrena-cancion-y-desvela-la-fecha-del-bernabeu\/#primaryimage"},"thumbnailUrl":"https:\/\/unaymilletras.com\/wp-content\/uploads\/2024\/03\/w660_955037_lolaindigo1000cosas.png","articleSection":["Eventos","M\u00fasica"],"inLanguage":"en-GB","potentialAction":[{"@type":"CommentAction","name":"Comment","target":["https:\/\/unaymilletras.com\/lola-indigo-estrena-cancion-y-desvela-la-fecha-del-bernabeu\/#respond"]}]},{"@type":"WebPage","@id":"https:\/\/unaymilletras.com\/lola-indigo-estrena-cancion-y-desvela-la-fecha-del-bernabeu\/","url":"https:\/\/unaymilletras.com\/lola-indigo-estrena-cancion-y-desvela-la-fecha-del-bernabeu\/","name":"Lola \u00edndigo estrena canci\u00f3n y desvela la fecha del Bernab\u00e9u","isPartOf":{"@id":"http:\/\/unaymilletras.com\/#website"},"primaryImageOfPage":{"@id":"https:\/\/unaymilletras.com\/lola-indigo-estrena-cancion-y-desvela-la-fecha-del-bernabeu\/#primaryimage"},"image":{"@id":"https:\/\/unaymilletras.com\/lola-indigo-estrena-cancion-y-desvela-la-fecha-del-bernabeu\/#primaryimage"},"thumbnailUrl":"https:\/\/unaymilletras.com\/wp-content\/uploads\/2024\/03\/w660_955037_lolaindigo1000cosas.png","datePublished":"2024-03-08T21:39:15+00:00","dateModified":"2024-03-08T21:39:40+00:00","description":"El 22 de marzo Lola \u00cdndigo actuar\u00e1 en el Santiago Bernab\u00e9u y lo anuncia a la vez que estrena su colaboraci\u00f3n con Manuel Turizo","breadcrumb":{"@id":"https:\/\/unaymilletras.com\/lola-indigo-estrena-cancion-y-desvela-la-fecha-del-bernabeu\/#breadcrumb"},"inLanguage":"en-GB","potentialAction":[{"@type":"ReadAction","target":["https:\/\/unaymilletras.com\/lola-indigo-estrena-cancion-y-desvela-la-fecha-del-bernabeu\/"]}]},{"@type":"ImageObject","inLanguage":"en-GB","@id":"https:\/\/unaymilletras.com\/lola-indigo-estrena-cancion-y-desvela-la-fecha-del-bernabeu\/#primaryimage","url":"https:\/\/unaymilletras.com\/wp-content\/uploads\/2024\/03\/w660_955037_lolaindigo1000cosas.png","contentUrl":"https:\/\/unaymilletras.com\/wp-content\/uploads\/2024\/03\/w660_955037_lolaindigo1000cosas.png","width":660,"height":660,"caption":"Lola \u00cdndigo"},{"@type":"BreadcrumbList","@id":"https:\/\/unaymilletras.com\/lola-indigo-estrena-cancion-y-desvela-la-fecha-del-bernabeu\/#breadcrumb","itemListElement":[{"@type":"ListItem","position":1,"name":"Home","item":"http:\/\/unaymilletras.com\/"},{"@type":"ListItem","position":2,"name":"Lola \u00edndigo estrena canci\u00f3n y desvela la fecha del Bernab\u00e9u"}]},{"@type":"WebSite","@id":"http:\/\/unaymilletras.com\/#website","url":"http:\/\/unaymilletras.com\/","name":"Una y Mil Letras","description":"","publisher":{"@id":"http:\/\/unaymilletras.com\/#organization"},"potentialAction":[{"@type":"SearchAction","target":{"@type":"EntryPoint","urlTemplate":"http:\/\/unaymilletras.com\/?s={search_term_string}"},"query-input":{"@type":"PropertyValueSpecification","valueRequired":true,"valueName":"search_term_string"}}],"inLanguage":"en-GB"},{"@type":"Organization","@id":"http:\/\/unaymilletras.com\/#organization","name":"Una y Mil Letras","url":"http:\/\/unaymilletras.com\/","logo":{"@type":"ImageObject","inLanguage":"en-GB","@id":"http:\/\/unaymilletras.com\/#\/schema\/logo\/image\/","url":"https:\/\/unaymilletras.com\/wp-content\/uploads\/2024\/06\/cropped-Logo-removebg-preview.png","contentUrl":"https:\/\/unaymilletras.com\/wp-content\/uploads\/2024\/06\/cropped-Logo-removebg-preview.png","width":512,"height":512,"caption":"Una y Mil Letras"},"image":{"@id":"http:\/\/unaymilletras.com\/#\/schema\/logo\/image\/"},"sameAs":["https:\/\/x.com\/UnaYMilLetras","https:\/\/instagram.com\/UnaYMilLetras"]},{"@type":"Person","@id":"http:\/\/unaymilletras.com\/#\/schema\/person\/d55ba681b8a4e463d8982dbe36a5dc94","name":"Maria Gil Robledo","image":{"@type":"ImageObject","inLanguage":"en-GB","@id":"https:\/\/secure.gravatar.com\/avatar\/4b8e5102e0015789407eb4870b12f0f2857952d83ca124058f92b764bd1840c3?s=96&d=mm&r=g","url":"https:\/\/secure.gravatar.com\/avatar\/4b8e5102e0015789407eb4870b12f0f2857952d83ca124058f92b764bd1840c3?s=96&d=mm&r=g","contentUrl":"https:\/\/secure.gravatar.com\/avatar\/4b8e5102e0015789407eb4870b12f0f2857952d83ca124058f92b764bd1840c3?s=96&d=mm&r=g","caption":"Maria Gil Robledo"},"sameAs":["http:\/\/unaymilletras.com"],"url":"https:\/\/unaymilletras.com\/en\/author\/mariiagiil02_\/"}]}},"_links":{"self":[{"href":"https:\/\/unaymilletras.com\/en\/wp-json\/wp\/v2\/posts\/2328","targetHints":{"allow":["GET"]}}],"collection":[{"href":"https:\/\/unaymilletras.com\/en\/wp-json\/wp\/v2\/posts"}],"about":[{"href":"https:\/\/unaymilletras.com\/en\/wp-json\/wp\/v2\/types\/post"}],"author":[{"embeddable":true,"href":"https:\/\/unaymilletras.com\/en\/wp-json\/wp\/v2\/users\/1"}],"replies":[{"embeddable":true,"href":"https:\/\/unaymilletras.com\/en\/wp-json\/wp\/v2\/comments?post=2328"}],"version-history":[{"count":5,"href":"https:\/\/unaymilletras.com\/en\/wp-json\/wp\/v2\/posts\/2328\/revisions"}],"predecessor-version":[{"id":2334,"href":"https:\/\/unaymilletras.com\/en\/wp-json\/wp\/v2\/posts\/2328\/revisions\/2334"}],"wp:featuredmedia":[{"embeddable":true,"href":"https:\/\/unaymilletras.com\/en\/wp-json\/wp\/v2\/media\/2331"}],"wp:attachment":[{"href":"https:\/\/unaymilletras.com\/en\/wp-json\/wp\/v2\/media?parent=2328"}],"wp:term":[{"taxonomy":"category","embeddable":true,"href":"https:\/\/unaymilletras.com\/en\/wp-json\/wp\/v2\/categories?post=2328"},{"taxonomy":"post_tag","embeddable":true,"href":"https:\/\/unaymilletras.com\/en\/wp-json\/wp\/v2\/tags?post=2328"}],"curies":[{"name":"wp","href":"https:\/\/api.w.org\/{rel}","templated":true}]}}