{"id":2335,"date":"2024-03-10T21:58:41","date_gmt":"2024-03-10T20:58:41","guid":{"rendered":"https:\/\/unaymilletras.com\/?p=2335"},"modified":"2024-03-10T22:05:09","modified_gmt":"2024-03-10T21:05:09","slug":"dani-fernandez-anuncia-segunda-fecha-en-el-wizink-center","status":"publish","type":"post","link":"https:\/\/unaymilletras.com\/en\/dani-fernandez-anuncia-segunda-fecha-en-el-wizink-center\/","title":{"rendered":"Dani Fern\u00e1ndez anuncia segunda fecha en el WiZink Center"},"content":{"rendered":"<div data-elementor-type=\"wp-post\" data-elementor-id=\"2335\" class=\"elementor elementor-2335\">\n\t\t\t\t\t\t<section class=\"elementor-section elementor-top-section elementor-element elementor-element-257239e elementor-section-boxed elementor-section-height-default elementor-section-height-default\" data-id=\"257239e\" data-element_type=\"section\" data-e-type=\"section\">\n\t\t\t\t\t\t<div class=\"elementor-container elementor-column-gap-default\">\n\t\t\t\t\t<div class=\"elementor-column elementor-col-100 elementor-top-column elementor-element elementor-element-dcff116\" data-id=\"dcff116\" data-element_type=\"column\" data-e-type=\"column\">\n\t\t\t<div class=\"elementor-widget-wrap elementor-element-populated\">\n\t\t\t\t\t\t<div class=\"elementor-element elementor-element-565dce2 elementor-widget elementor-widget-text-editor\" data-id=\"565dce2\" data-element_type=\"widget\" data-e-type=\"widget\" data-widget_type=\"text-editor.default\">\n\t\t\t\t<div class=\"elementor-widget-container\">\n\t\t\t\t\t\t\t\t\t<h2 style=\"text-align: center;\"><span style=\"color: #808080;\"><em>El 8 de marzo de 2025 es la fecha donde Dani Fern\u00e1ndez dar\u00e1 un segundo concierto en Madrid tras el sold out en la primera fecha<\/em><\/span><\/h2>\t\t\t\t\t\t\t\t<\/div>\n\t\t\t\t<\/div>\n\t\t\t\t\t<\/div>\n\t\t<\/div>\n\t\t\t\t\t<\/div>\n\t\t<\/section>\n\t\t\t\t<section class=\"elementor-section elementor-top-section elementor-element elementor-element-4974d34 elementor-section-boxed elementor-section-height-default elementor-section-height-default\" data-id=\"4974d34\" data-element_type=\"section\" data-e-type=\"section\">\n\t\t\t\t\t\t<div class=\"elementor-container elementor-column-gap-default\">\n\t\t\t\t\t<div class=\"elementor-column elementor-col-50 elementor-top-column elementor-element elementor-element-8a9fa85\" data-id=\"8a9fa85\" data-element_type=\"column\" data-e-type=\"column\">\n\t\t\t<div class=\"elementor-widget-wrap elementor-element-populated\">\n\t\t\t\t\t\t<div class=\"elementor-element elementor-element-dec1d3d elementor-widget elementor-widget-image\" data-id=\"dec1d3d\" data-element_type=\"widget\" data-e-type=\"widget\" data-widget_type=\"image.default\">\n\t\t\t\t<div class=\"elementor-widget-container\">\n\t\t\t\t\t\t\t\t\t\t\t\t\t\t\t<img fetchpriority=\"high\" decoding=\"async\" width=\"640\" height=\"905\" src=\"https:\/\/unaymilletras.com\/wp-content\/uploads\/2024\/03\/Tamanoposter-724x1024.jpg\" class=\"attachment-large size-large wp-image-2337\" alt=\"Dani Fern\u00e1ndez\" srcset=\"https:\/\/unaymilletras.com\/wp-content\/uploads\/2024\/03\/Tamanoposter-724x1024.jpg 724w, https:\/\/unaymilletras.com\/wp-content\/uploads\/2024\/03\/Tamanoposter-212x300.jpg 212w, https:\/\/unaymilletras.com\/wp-content\/uploads\/2024\/03\/Tamanoposter-768x1086.jpg 768w, https:\/\/unaymilletras.com\/wp-content\/uploads\/2024\/03\/Tamanoposter-1086x1536.jpg 1086w, https:\/\/unaymilletras.com\/wp-content\/uploads\/2024\/03\/Tamanoposter-1448x2048.jpg 1448w, https:\/\/unaymilletras.com\/wp-content\/uploads\/2024\/03\/Tamanoposter-1024x1448.jpg 1024w, https:\/\/unaymilletras.com\/wp-content\/uploads\/2024\/03\/Tamanoposter-scaled-e1710104503188.jpg 600w\" sizes=\"(max-width: 640px) 100vw, 640px\" \/>\t\t\t\t\t\t\t\t\t\t\t\t\t\t\t<\/div>\n\t\t\t\t<\/div>\n\t\t\t\t\t<\/div>\n\t\t<\/div>\n\t\t\t\t<div class=\"elementor-column elementor-col-50 elementor-top-column elementor-element elementor-element-de8145c\" data-id=\"de8145c\" data-element_type=\"column\" data-e-type=\"column\">\n\t\t\t<div class=\"elementor-widget-wrap elementor-element-populated\">\n\t\t\t\t\t\t<div class=\"elementor-element elementor-element-3b8fc71 elementor-widget elementor-widget-text-editor\" data-id=\"3b8fc71\" data-element_type=\"widget\" data-e-type=\"widget\" data-widget_type=\"text-editor.default\">\n\t\t\t\t<div class=\"elementor-widget-container\">\n\t\t\t\t\t\t\t\t\t<p>Recientemente, <b>Dani Fern\u00e1ndez<\/b> estrenaba su nuevo single <em><b>Todo Cambia<\/b><\/em> junto al anuncio de un concierto en el <b>WiZink<\/b> Center el <b>26 de diciembre de 2024<\/b>. Tras agotar todas las entradas, ha podido darle una segunda oportunidad a sus fans que no pudieron comprar entradas para verle en directo el <b>8 de marzo de 2025<\/b>.<\/p><p>Durante las primeras semanas tras la salida de su nuevo sencillo, Dani Fern\u00e1ndez ha estado entre los artistas m\u00e1s escuchados de Espa\u00f1a.\u00a0<\/p>\t\t\t\t\t\t\t\t<\/div>\n\t\t\t\t<\/div>\n\t\t\t\t\t<\/div>\n\t\t<\/div>\n\t\t\t\t\t<\/div>\n\t\t<\/section>\n\t\t\t\t<section class=\"elementor-section elementor-top-section elementor-element elementor-element-1dd7488 elementor-section-boxed elementor-section-height-default elementor-section-height-default\" data-id=\"1dd7488\" data-element_type=\"section\" data-e-type=\"section\">\n\t\t\t\t\t\t<div class=\"elementor-container elementor-column-gap-default\">\n\t\t\t\t\t<div class=\"elementor-column elementor-col-100 elementor-top-column elementor-element elementor-element-a400474\" data-id=\"a400474\" data-element_type=\"column\" data-e-type=\"column\">\n\t\t\t<div class=\"elementor-widget-wrap elementor-element-populated\">\n\t\t\t\t\t\t<div class=\"elementor-element elementor-element-2162aca elementor-widget elementor-widget-text-editor\" data-id=\"2162aca\" data-element_type=\"widget\" data-e-type=\"widget\" data-widget_type=\"text-editor.default\">\n\t\t\t\t<div class=\"elementor-widget-container\">\n\t\t\t\t\t\t\t\t\t<p><span style=\"color: #808080;\">Adem\u00e1s, fue una de las canciones m\u00e1s virales y que m\u00e1s sonaba en las radios. Gracias a ello, el artista contin\u00faa siendo un <a style=\"color: #808080;\" href=\"https:\/\/unaymilletras.com\/en\/plan-fatal-la-gira-de-dani-fernandez-llega-a-su-fin\/\">referente<\/a> en su g\u00e9nero.<\/span><\/p><p><span style=\"color: #808080;\"><em><a style=\"color: #808080;\" href=\"https:\/\/open.spotify.com\/intl-es\/track\/0uOxKY91hTmnJOxGPGpJtd?si=ec72e9c3146e4a56\">Todo cambia<\/a><\/em> ha sido el primer adelanto de su pr\u00f3ximo \u00e1lbum que ha llegado en un momento muy importante de su carrera y que tiene un mensaje contundente. El tema refleja a la perfecci\u00f3n el rumbo que va a tener este nuevo disco. Las melod\u00edas y las letras caracter\u00edsticas del artista evolucionan hasta llegar a un sonido m\u00e1s moderno.<\/span><\/p><p><span style=\"color: #808080;\">Adem\u00e1s, en las \u00faltimas semanas ha presentado este nuevo sencillo en una gala de Operaci\u00f3n Triunfo tras visitar a los triunfitos. Asimismo, Cadena Dial ha reconocido su carrera al entregarle el Premio Dial 2024.<\/span><\/p>\t\t\t\t\t\t\t\t<\/div>\n\t\t\t\t<\/div>\n\t\t\t\t\t<\/div>\n\t\t<\/div>\n\t\t\t\t\t<\/div>\n\t\t<\/section>\n\t\t\t\t<\/div>","protected":false},"excerpt":{"rendered":"<p>El 8 de marzo de 2025 es la fecha donde Dani Fern\u00e1ndez dar\u00e1 un segundo concierto en Madrid tras el sold out en la primera fecha Recientemente, Dani Fern\u00e1ndez estrenaba su nuevo single Todo Cambia junto al anuncio de un concierto en el WiZink Center el 26 de diciembre de 2024. Tras agotar todas las [&hellip;]<\/p>\n","protected":false},"author":1,"featured_media":2337,"comment_status":"open","ping_status":"open","sticky":false,"template":"","format":"standard","meta":{"footnotes":""},"categories":[119,4],"tags":[],"class_list":["post-2335","post","type-post","status-publish","format-standard","has-post-thumbnail","hentry","category-eventos","category-musica"],"yoast_head":"<!-- This site is optimized with the Yoast SEO plugin v27.4 - https:\/\/yoast.com\/product\/yoast-seo-wordpress\/ -->\n<title>Dani Fern\u00e1ndez anuncia segunda fecha en el WiZink Center<\/title>\n<meta name=\"description\" content=\"El 8 de marzo de 2025 es la fecha donde Dani Fern\u00e1ndez dar\u00e1 un segundo concierto en Madrid tras el sold out en la primera fecha\" \/>\n<meta name=\"robots\" content=\"index, follow, max-snippet:-1, max-image-preview:large, max-video-preview:-1\" \/>\n<link rel=\"canonical\" href=\"https:\/\/unaymilletras.com\/en\/dani-fernandez-anuncia-segunda-fecha-en-el-wizink-center\/\" \/>\n<meta property=\"og:locale\" content=\"en_GB\" \/>\n<meta property=\"og:type\" content=\"article\" \/>\n<meta property=\"og:title\" content=\"Dani Fern\u00e1ndez anuncia segunda fecha en el WiZink Center\" \/>\n<meta property=\"og:description\" content=\"El 8 de marzo de 2025 es la fecha donde Dani Fern\u00e1ndez dar\u00e1 un segundo concierto en Madrid tras el sold out en la primera fecha\" \/>\n<meta property=\"og:url\" content=\"https:\/\/unaymilletras.com\/en\/dani-fernandez-anuncia-segunda-fecha-en-el-wizink-center\/\" \/>\n<meta property=\"og:site_name\" content=\"Una y Mil Letras\" \/>\n<meta property=\"article:published_time\" content=\"2024-03-10T20:58:41+00:00\" \/>\n<meta property=\"article:modified_time\" content=\"2024-03-10T21:05:09+00:00\" \/>\n<meta property=\"og:image\" content=\"http:\/\/unaymilletras.com\/wp-content\/uploads\/2024\/03\/Tamanoposter-scaled-e1710104503188.jpg\" \/>\n\t<meta property=\"og:image:width\" content=\"600\" \/>\n\t<meta property=\"og:image:height\" content=\"849\" \/>\n\t<meta property=\"og:image:type\" content=\"image\/jpeg\" \/>\n<meta name=\"author\" content=\"Maria Gil Robledo\" \/>\n<meta name=\"twitter:card\" content=\"summary_large_image\" \/>\n<meta name=\"twitter:creator\" content=\"@UnaYMilLetras\" \/>\n<meta name=\"twitter:site\" content=\"@UnaYMilLetras\" \/>\n<meta name=\"twitter:label1\" content=\"Written by\" \/>\n\t<meta name=\"twitter:data1\" content=\"Maria Gil Robledo\" \/>\n\t<meta name=\"twitter:label2\" content=\"Estimated reading time\" \/>\n\t<meta name=\"twitter:data2\" content=\"2 minutes\" \/>\n<script type=\"application\/ld+json\" class=\"yoast-schema-graph\">{\"@context\":\"https:\\\/\\\/schema.org\",\"@graph\":[{\"@type\":\"Article\",\"@id\":\"https:\\\/\\\/unaymilletras.com\\\/dani-fernandez-anuncia-segunda-fecha-en-el-wizink-center\\\/#article\",\"isPartOf\":{\"@id\":\"https:\\\/\\\/unaymilletras.com\\\/dani-fernandez-anuncia-segunda-fecha-en-el-wizink-center\\\/\"},\"author\":{\"name\":\"Maria Gil Robledo\",\"@id\":\"http:\\\/\\\/unaymilletras.com\\\/#\\\/schema\\\/person\\\/d55ba681b8a4e463d8982dbe36a5dc94\"},\"headline\":\"Dani Fern\u00e1ndez anuncia segunda fecha en el WiZink Center\",\"datePublished\":\"2024-03-10T20:58:41+00:00\",\"dateModified\":\"2024-03-10T21:05:09+00:00\",\"mainEntityOfPage\":{\"@id\":\"https:\\\/\\\/unaymilletras.com\\\/dani-fernandez-anuncia-segunda-fecha-en-el-wizink-center\\\/\"},\"wordCount\":242,\"commentCount\":2,\"publisher\":{\"@id\":\"http:\\\/\\\/unaymilletras.com\\\/#organization\"},\"image\":{\"@id\":\"https:\\\/\\\/unaymilletras.com\\\/dani-fernandez-anuncia-segunda-fecha-en-el-wizink-center\\\/#primaryimage\"},\"thumbnailUrl\":\"https:\\\/\\\/unaymilletras.com\\\/wp-content\\\/uploads\\\/2024\\\/03\\\/Tamanoposter-scaled-e1710104503188.jpg\",\"articleSection\":[\"Eventos\",\"M\u00fasica\"],\"inLanguage\":\"en-GB\",\"potentialAction\":[{\"@type\":\"CommentAction\",\"name\":\"Comment\",\"target\":[\"https:\\\/\\\/unaymilletras.com\\\/dani-fernandez-anuncia-segunda-fecha-en-el-wizink-center\\\/#respond\"]}]},{\"@type\":\"WebPage\",\"@id\":\"https:\\\/\\\/unaymilletras.com\\\/dani-fernandez-anuncia-segunda-fecha-en-el-wizink-center\\\/\",\"url\":\"https:\\\/\\\/unaymilletras.com\\\/dani-fernandez-anuncia-segunda-fecha-en-el-wizink-center\\\/\",\"name\":\"Dani Fern\u00e1ndez anuncia segunda fecha en el WiZink Center\",\"isPartOf\":{\"@id\":\"http:\\\/\\\/unaymilletras.com\\\/#website\"},\"primaryImageOfPage\":{\"@id\":\"https:\\\/\\\/unaymilletras.com\\\/dani-fernandez-anuncia-segunda-fecha-en-el-wizink-center\\\/#primaryimage\"},\"image\":{\"@id\":\"https:\\\/\\\/unaymilletras.com\\\/dani-fernandez-anuncia-segunda-fecha-en-el-wizink-center\\\/#primaryimage\"},\"thumbnailUrl\":\"https:\\\/\\\/unaymilletras.com\\\/wp-content\\\/uploads\\\/2024\\\/03\\\/Tamanoposter-scaled-e1710104503188.jpg\",\"datePublished\":\"2024-03-10T20:58:41+00:00\",\"dateModified\":\"2024-03-10T21:05:09+00:00\",\"description\":\"El 8 de marzo de 2025 es la fecha donde Dani Fern\u00e1ndez dar\u00e1 un segundo concierto en Madrid tras el sold out en la primera fecha\",\"breadcrumb\":{\"@id\":\"https:\\\/\\\/unaymilletras.com\\\/dani-fernandez-anuncia-segunda-fecha-en-el-wizink-center\\\/#breadcrumb\"},\"inLanguage\":\"en-GB\",\"potentialAction\":[{\"@type\":\"ReadAction\",\"target\":[\"https:\\\/\\\/unaymilletras.com\\\/dani-fernandez-anuncia-segunda-fecha-en-el-wizink-center\\\/\"]}]},{\"@type\":\"ImageObject\",\"inLanguage\":\"en-GB\",\"@id\":\"https:\\\/\\\/unaymilletras.com\\\/dani-fernandez-anuncia-segunda-fecha-en-el-wizink-center\\\/#primaryimage\",\"url\":\"https:\\\/\\\/unaymilletras.com\\\/wp-content\\\/uploads\\\/2024\\\/03\\\/Tamanoposter-scaled-e1710104503188.jpg\",\"contentUrl\":\"https:\\\/\\\/unaymilletras.com\\\/wp-content\\\/uploads\\\/2024\\\/03\\\/Tamanoposter-scaled-e1710104503188.jpg\",\"width\":600,\"height\":849,\"caption\":\"Dani Fern\u00e1ndez\"},{\"@type\":\"BreadcrumbList\",\"@id\":\"https:\\\/\\\/unaymilletras.com\\\/dani-fernandez-anuncia-segunda-fecha-en-el-wizink-center\\\/#breadcrumb\",\"itemListElement\":[{\"@type\":\"ListItem\",\"position\":1,\"name\":\"Home\",\"item\":\"http:\\\/\\\/unaymilletras.com\\\/\"},{\"@type\":\"ListItem\",\"position\":2,\"name\":\"Dani Fern\u00e1ndez anuncia segunda fecha en el WiZink Center\"}]},{\"@type\":\"WebSite\",\"@id\":\"http:\\\/\\\/unaymilletras.com\\\/#website\",\"url\":\"http:\\\/\\\/unaymilletras.com\\\/\",\"name\":\"Una y Mil Letras\",\"description\":\"\",\"publisher\":{\"@id\":\"http:\\\/\\\/unaymilletras.com\\\/#organization\"},\"potentialAction\":[{\"@type\":\"SearchAction\",\"target\":{\"@type\":\"EntryPoint\",\"urlTemplate\":\"http:\\\/\\\/unaymilletras.com\\\/?s={search_term_string}\"},\"query-input\":{\"@type\":\"PropertyValueSpecification\",\"valueRequired\":true,\"valueName\":\"search_term_string\"}}],\"inLanguage\":\"en-GB\"},{\"@type\":\"Organization\",\"@id\":\"http:\\\/\\\/unaymilletras.com\\\/#organization\",\"name\":\"Una y Mil Letras\",\"url\":\"http:\\\/\\\/unaymilletras.com\\\/\",\"logo\":{\"@type\":\"ImageObject\",\"inLanguage\":\"en-GB\",\"@id\":\"http:\\\/\\\/unaymilletras.com\\\/#\\\/schema\\\/logo\\\/image\\\/\",\"url\":\"https:\\\/\\\/unaymilletras.com\\\/wp-content\\\/uploads\\\/2024\\\/06\\\/cropped-Logo-removebg-preview.png\",\"contentUrl\":\"https:\\\/\\\/unaymilletras.com\\\/wp-content\\\/uploads\\\/2024\\\/06\\\/cropped-Logo-removebg-preview.png\",\"width\":512,\"height\":512,\"caption\":\"Una y Mil Letras\"},\"image\":{\"@id\":\"http:\\\/\\\/unaymilletras.com\\\/#\\\/schema\\\/logo\\\/image\\\/\"},\"sameAs\":[\"https:\\\/\\\/x.com\\\/UnaYMilLetras\",\"https:\\\/\\\/instagram.com\\\/UnaYMilLetras\"]},{\"@type\":\"Person\",\"@id\":\"http:\\\/\\\/unaymilletras.com\\\/#\\\/schema\\\/person\\\/d55ba681b8a4e463d8982dbe36a5dc94\",\"name\":\"Maria Gil Robledo\",\"image\":{\"@type\":\"ImageObject\",\"inLanguage\":\"en-GB\",\"@id\":\"https:\\\/\\\/secure.gravatar.com\\\/avatar\\\/4b8e5102e0015789407eb4870b12f0f2857952d83ca124058f92b764bd1840c3?s=96&d=mm&r=g\",\"url\":\"https:\\\/\\\/secure.gravatar.com\\\/avatar\\\/4b8e5102e0015789407eb4870b12f0f2857952d83ca124058f92b764bd1840c3?s=96&d=mm&r=g\",\"contentUrl\":\"https:\\\/\\\/secure.gravatar.com\\\/avatar\\\/4b8e5102e0015789407eb4870b12f0f2857952d83ca124058f92b764bd1840c3?s=96&d=mm&r=g\",\"caption\":\"Maria Gil Robledo\"},\"sameAs\":[\"http:\\\/\\\/unaymilletras.com\"],\"url\":\"https:\\\/\\\/unaymilletras.com\\\/en\\\/author\\\/mariiagiil02_\\\/\"}]}<\/script>\n<!-- \/ Yoast SEO plugin. -->","yoast_head_json":{"title":"Dani Fern\u00e1ndez anuncia segunda fecha en el WiZink Center","description":"El 8 de marzo de 2025 es la fecha donde Dani Fern\u00e1ndez dar\u00e1 un segundo concierto en Madrid tras el sold out en la primera fecha","robots":{"index":"index","follow":"follow","max-snippet":"max-snippet:-1","max-image-preview":"max-image-preview:large","max-video-preview":"max-video-preview:-1"},"canonical":"https:\/\/unaymilletras.com\/en\/dani-fernandez-anuncia-segunda-fecha-en-el-wizink-center\/","og_locale":"en_GB","og_type":"article","og_title":"Dani Fern\u00e1ndez anuncia segunda fecha en el WiZink Center","og_description":"El 8 de marzo de 2025 es la fecha donde Dani Fern\u00e1ndez dar\u00e1 un segundo concierto en Madrid tras el sold out en la primera fecha","og_url":"https:\/\/unaymilletras.com\/en\/dani-fernandez-anuncia-segunda-fecha-en-el-wizink-center\/","og_site_name":"Una y Mil Letras","article_published_time":"2024-03-10T20:58:41+00:00","article_modified_time":"2024-03-10T21:05:09+00:00","og_image":[{"width":600,"height":849,"url":"http:\/\/unaymilletras.com\/wp-content\/uploads\/2024\/03\/Tamanoposter-scaled-e1710104503188.jpg","type":"image\/jpeg"}],"author":"Maria Gil Robledo","twitter_card":"summary_large_image","twitter_creator":"@UnaYMilLetras","twitter_site":"@UnaYMilLetras","twitter_misc":{"Written by":"Maria Gil Robledo","Estimated reading time":"2 minutes"},"schema":{"@context":"https:\/\/schema.org","@graph":[{"@type":"Article","@id":"https:\/\/unaymilletras.com\/dani-fernandez-anuncia-segunda-fecha-en-el-wizink-center\/#article","isPartOf":{"@id":"https:\/\/unaymilletras.com\/dani-fernandez-anuncia-segunda-fecha-en-el-wizink-center\/"},"author":{"name":"Maria Gil Robledo","@id":"http:\/\/unaymilletras.com\/#\/schema\/person\/d55ba681b8a4e463d8982dbe36a5dc94"},"headline":"Dani Fern\u00e1ndez anuncia segunda fecha en el WiZink Center","datePublished":"2024-03-10T20:58:41+00:00","dateModified":"2024-03-10T21:05:09+00:00","mainEntityOfPage":{"@id":"https:\/\/unaymilletras.com\/dani-fernandez-anuncia-segunda-fecha-en-el-wizink-center\/"},"wordCount":242,"commentCount":2,"publisher":{"@id":"http:\/\/unaymilletras.com\/#organization"},"image":{"@id":"https:\/\/unaymilletras.com\/dani-fernandez-anuncia-segunda-fecha-en-el-wizink-center\/#primaryimage"},"thumbnailUrl":"https:\/\/unaymilletras.com\/wp-content\/uploads\/2024\/03\/Tamanoposter-scaled-e1710104503188.jpg","articleSection":["Eventos","M\u00fasica"],"inLanguage":"en-GB","potentialAction":[{"@type":"CommentAction","name":"Comment","target":["https:\/\/unaymilletras.com\/dani-fernandez-anuncia-segunda-fecha-en-el-wizink-center\/#respond"]}]},{"@type":"WebPage","@id":"https:\/\/unaymilletras.com\/dani-fernandez-anuncia-segunda-fecha-en-el-wizink-center\/","url":"https:\/\/unaymilletras.com\/dani-fernandez-anuncia-segunda-fecha-en-el-wizink-center\/","name":"Dani Fern\u00e1ndez anuncia segunda fecha en el WiZink Center","isPartOf":{"@id":"http:\/\/unaymilletras.com\/#website"},"primaryImageOfPage":{"@id":"https:\/\/unaymilletras.com\/dani-fernandez-anuncia-segunda-fecha-en-el-wizink-center\/#primaryimage"},"image":{"@id":"https:\/\/unaymilletras.com\/dani-fernandez-anuncia-segunda-fecha-en-el-wizink-center\/#primaryimage"},"thumbnailUrl":"https:\/\/unaymilletras.com\/wp-content\/uploads\/2024\/03\/Tamanoposter-scaled-e1710104503188.jpg","datePublished":"2024-03-10T20:58:41+00:00","dateModified":"2024-03-10T21:05:09+00:00","description":"El 8 de marzo de 2025 es la fecha donde Dani Fern\u00e1ndez dar\u00e1 un segundo concierto en Madrid tras el sold out en la primera fecha","breadcrumb":{"@id":"https:\/\/unaymilletras.com\/dani-fernandez-anuncia-segunda-fecha-en-el-wizink-center\/#breadcrumb"},"inLanguage":"en-GB","potentialAction":[{"@type":"ReadAction","target":["https:\/\/unaymilletras.com\/dani-fernandez-anuncia-segunda-fecha-en-el-wizink-center\/"]}]},{"@type":"ImageObject","inLanguage":"en-GB","@id":"https:\/\/unaymilletras.com\/dani-fernandez-anuncia-segunda-fecha-en-el-wizink-center\/#primaryimage","url":"https:\/\/unaymilletras.com\/wp-content\/uploads\/2024\/03\/Tamanoposter-scaled-e1710104503188.jpg","contentUrl":"https:\/\/unaymilletras.com\/wp-content\/uploads\/2024\/03\/Tamanoposter-scaled-e1710104503188.jpg","width":600,"height":849,"caption":"Dani Fern\u00e1ndez"},{"@type":"BreadcrumbList","@id":"https:\/\/unaymilletras.com\/dani-fernandez-anuncia-segunda-fecha-en-el-wizink-center\/#breadcrumb","itemListElement":[{"@type":"ListItem","position":1,"name":"Home","item":"http:\/\/unaymilletras.com\/"},{"@type":"ListItem","position":2,"name":"Dani Fern\u00e1ndez anuncia segunda fecha en el WiZink Center"}]},{"@type":"WebSite","@id":"http:\/\/unaymilletras.com\/#website","url":"http:\/\/unaymilletras.com\/","name":"Una y Mil Letras","description":"","publisher":{"@id":"http:\/\/unaymilletras.com\/#organization"},"potentialAction":[{"@type":"SearchAction","target":{"@type":"EntryPoint","urlTemplate":"http:\/\/unaymilletras.com\/?s={search_term_string}"},"query-input":{"@type":"PropertyValueSpecification","valueRequired":true,"valueName":"search_term_string"}}],"inLanguage":"en-GB"},{"@type":"Organization","@id":"http:\/\/unaymilletras.com\/#organization","name":"Una y Mil Letras","url":"http:\/\/unaymilletras.com\/","logo":{"@type":"ImageObject","inLanguage":"en-GB","@id":"http:\/\/unaymilletras.com\/#\/schema\/logo\/image\/","url":"https:\/\/unaymilletras.com\/wp-content\/uploads\/2024\/06\/cropped-Logo-removebg-preview.png","contentUrl":"https:\/\/unaymilletras.com\/wp-content\/uploads\/2024\/06\/cropped-Logo-removebg-preview.png","width":512,"height":512,"caption":"Una y Mil Letras"},"image":{"@id":"http:\/\/unaymilletras.com\/#\/schema\/logo\/image\/"},"sameAs":["https:\/\/x.com\/UnaYMilLetras","https:\/\/instagram.com\/UnaYMilLetras"]},{"@type":"Person","@id":"http:\/\/unaymilletras.com\/#\/schema\/person\/d55ba681b8a4e463d8982dbe36a5dc94","name":"Maria Gil Robledo","image":{"@type":"ImageObject","inLanguage":"en-GB","@id":"https:\/\/secure.gravatar.com\/avatar\/4b8e5102e0015789407eb4870b12f0f2857952d83ca124058f92b764bd1840c3?s=96&d=mm&r=g","url":"https:\/\/secure.gravatar.com\/avatar\/4b8e5102e0015789407eb4870b12f0f2857952d83ca124058f92b764bd1840c3?s=96&d=mm&r=g","contentUrl":"https:\/\/secure.gravatar.com\/avatar\/4b8e5102e0015789407eb4870b12f0f2857952d83ca124058f92b764bd1840c3?s=96&d=mm&r=g","caption":"Maria Gil Robledo"},"sameAs":["http:\/\/unaymilletras.com"],"url":"https:\/\/unaymilletras.com\/en\/author\/mariiagiil02_\/"}]}},"_links":{"self":[{"href":"https:\/\/unaymilletras.com\/en\/wp-json\/wp\/v2\/posts\/2335","targetHints":{"allow":["GET"]}}],"collection":[{"href":"https:\/\/unaymilletras.com\/en\/wp-json\/wp\/v2\/posts"}],"about":[{"href":"https:\/\/unaymilletras.com\/en\/wp-json\/wp\/v2\/types\/post"}],"author":[{"embeddable":true,"href":"https:\/\/unaymilletras.com\/en\/wp-json\/wp\/v2\/users\/1"}],"replies":[{"embeddable":true,"href":"https:\/\/unaymilletras.com\/en\/wp-json\/wp\/v2\/comments?post=2335"}],"version-history":[{"count":4,"href":"https:\/\/unaymilletras.com\/en\/wp-json\/wp\/v2\/posts\/2335\/revisions"}],"predecessor-version":[{"id":2340,"href":"https:\/\/unaymilletras.com\/en\/wp-json\/wp\/v2\/posts\/2335\/revisions\/2340"}],"wp:featuredmedia":[{"embeddable":true,"href":"https:\/\/unaymilletras.com\/en\/wp-json\/wp\/v2\/media\/2337"}],"wp:attachment":[{"href":"https:\/\/unaymilletras.com\/en\/wp-json\/wp\/v2\/media?parent=2335"}],"wp:term":[{"taxonomy":"category","embeddable":true,"href":"https:\/\/unaymilletras.com\/en\/wp-json\/wp\/v2\/categories?post=2335"},{"taxonomy":"post_tag","embeddable":true,"href":"https:\/\/unaymilletras.com\/en\/wp-json\/wp\/v2\/tags?post=2335"}],"curies":[{"name":"wp","href":"https:\/\/api.w.org\/{rel}","templated":true}]}}