{"id":2348,"date":"2024-03-13T15:00:00","date_gmt":"2024-03-13T14:00:00","guid":{"rendered":"https:\/\/unaymilletras.com\/?p=2348"},"modified":"2024-03-13T16:20:03","modified_gmt":"2024-03-13T15:20:03","slug":"maga-cordova-mil-gracias-karma-representa-lo-que-soy-hoy","status":"publish","type":"post","link":"https:\/\/unaymilletras.com\/en\/maga-cordova-mil-gracias-karma-representa-lo-que-soy-hoy\/","title":{"rendered":"Maga C\u00f3rdova: \u201cMil Gracias (KARMA) representa lo que soy hoy\u00bb"},"content":{"rendered":"<div data-elementor-type=\"wp-post\" data-elementor-id=\"2348\" class=\"elementor elementor-2348\">\n\t\t\t\t\t\t<section class=\"elementor-section elementor-top-section elementor-element elementor-element-8844c0c elementor-section-boxed elementor-section-height-default elementor-section-height-default\" data-id=\"8844c0c\" data-element_type=\"section\" data-e-type=\"section\">\n\t\t\t\t\t\t<div class=\"elementor-container elementor-column-gap-default\">\n\t\t\t\t\t<div class=\"elementor-column elementor-col-100 elementor-top-column elementor-element elementor-element-6260219\" data-id=\"6260219\" data-element_type=\"column\" data-e-type=\"column\">\n\t\t\t<div class=\"elementor-widget-wrap elementor-element-populated\">\n\t\t\t\t\t\t<div class=\"elementor-element elementor-element-c9beef9 elementor-widget elementor-widget-text-editor\" data-id=\"c9beef9\" data-element_type=\"widget\" data-e-type=\"widget\" data-widget_type=\"text-editor.default\">\n\t\t\t\t<div class=\"elementor-widget-container\">\n\t\t\t\t\t\t\t\t\t<h2 style=\"text-align: center;\"><span style=\"color: #808080;\">Maga C\u00f3rdova presenta su nueva canci\u00f3n,\u00a0<em>Mil Gracias (KARMA), con la cual comienza una nueva etapa de su vida<\/em><\/span><\/h2>\t\t\t\t\t\t\t\t<\/div>\n\t\t\t\t<\/div>\n\t\t\t\t\t<\/div>\n\t\t<\/div>\n\t\t\t\t\t<\/div>\n\t\t<\/section>\n\t\t\t\t<section class=\"elementor-section elementor-top-section elementor-element elementor-element-fc9d55b elementor-section-boxed elementor-section-height-default elementor-section-height-default\" data-id=\"fc9d55b\" data-element_type=\"section\" data-e-type=\"section\">\n\t\t\t\t\t\t<div class=\"elementor-container elementor-column-gap-default\">\n\t\t\t\t\t<div class=\"elementor-column elementor-col-100 elementor-top-column elementor-element elementor-element-8057d83\" data-id=\"8057d83\" data-element_type=\"column\" data-e-type=\"column\">\n\t\t\t<div class=\"elementor-widget-wrap elementor-element-populated\">\n\t\t\t\t\t\t<div class=\"elementor-element elementor-element-6e51169 elementor-widget elementor-widget-video\" data-id=\"6e51169\" data-element_type=\"widget\" data-e-type=\"widget\" data-settings=\"{&quot;youtube_url&quot;:&quot;https:\\\/\\\/youtu.be\\\/wTQ9GKGvxac&quot;,&quot;video_type&quot;:&quot;youtube&quot;,&quot;controls&quot;:&quot;yes&quot;}\" data-widget_type=\"video.default\">\n\t\t\t\t<div class=\"elementor-widget-container\">\n\t\t\t\t\t\t\t<div class=\"elementor-wrapper elementor-open-inline\">\n\t\t\t<div class=\"elementor-video\"><\/div>\t\t<\/div>\n\t\t\t\t\t\t<\/div>\n\t\t\t\t<\/div>\n\t\t\t\t\t<\/div>\n\t\t<\/div>\n\t\t\t\t\t<\/div>\n\t\t<\/section>\n\t\t\t\t<section class=\"elementor-section elementor-top-section elementor-element elementor-element-5f56da9 elementor-section-boxed elementor-section-height-default elementor-section-height-default\" data-id=\"5f56da9\" data-element_type=\"section\" data-e-type=\"section\">\n\t\t\t\t\t\t<div class=\"elementor-container elementor-column-gap-default\">\n\t\t\t\t\t<div class=\"elementor-column elementor-col-100 elementor-top-column elementor-element elementor-element-817333d\" data-id=\"817333d\" data-element_type=\"column\" data-e-type=\"column\">\n\t\t\t<div class=\"elementor-widget-wrap elementor-element-populated\">\n\t\t\t\t\t\t<div class=\"elementor-element elementor-element-95c756f elementor-widget elementor-widget-text-editor\" data-id=\"95c756f\" data-element_type=\"widget\" data-e-type=\"widget\" data-widget_type=\"text-editor.default\">\n\t\t\t\t<div class=\"elementor-widget-container\">\n\t\t\t\t\t\t\t\t\t<p><span style=\"color: #808080;\">\u201cSoy Maga C\u00f3rdova. Soy ecuatoriana y acabo de sacar mi canci\u00f3n que se llama <em><a style=\"color: #808080;\" href=\"https:\/\/open.spotify.com\/intl-es\/track\/6sqlLAreM0Ezqq6TVemfJ7?si=babcc695cc604daa\">Mil Gracias (KARMA)<\/a>. <\/em>Habla mucho sobre tomar responsabilidad en la parte emocional y afectiva. Tambi\u00e9n de la idealizaci\u00f3n y de c\u00f3mo nosotros vivimos y nos rompemos el coraz\u00f3n al esperar algo del otro que al final nunca iba a llegar. De permanecer en un lugar que no era para ti y de ver como no somos v\u00edctimas, ni el otro es el malo, simplemente cada quien act\u00faa seg\u00fan su grado de conciencia. Y si en alg\u00fan momento te lastim\u00f3 el otro, despedirte y agradecer, por muy terrible que sea la situaci\u00f3n, que tuviste un aprendizaje y dejar que el karma se encargue. T\u00fa seguir haciendo el bien.<\/span><\/p><p>Grabamos el v\u00eddeo que para m\u00ed fue todo un reto. Te pongo en contexto. Yo tengo 27 a\u00f1os actualmente y empec\u00e9 mi carrera a los 19 p\u00fablicamente aqu\u00ed en Ecuador. En 2020 me retiro por pandemia que afect\u00f3 mucho a mi salud mental. Adem\u00e1s, me qued\u00e9 embarazada, tuve una relaci\u00f3n abusiva, baj\u00f3 much\u00edsimo mi autoestima. Mi vida cambi\u00f3 much\u00edsimo tanto en mi vida personal como en mi vida profesional, al final van de la mano.<\/p><p>Entonces yo me retir\u00e9 por completo. No sab\u00eda nada de la m\u00fasica, no quer\u00eda. Estuve con un resentimiento impresionante hacia toda la parte medi\u00e1tica, la parte musical. Poco a poco fui sanando en mi proceso personal. Y faltaba esa parte profesional, por supuesto como humanos la necesitamos.<\/p>\t\t\t\t\t\t\t\t<\/div>\n\t\t\t\t<\/div>\n\t\t\t\t\t<\/div>\n\t\t<\/div>\n\t\t\t\t\t<\/div>\n\t\t<\/section>\n\t\t\t\t<section class=\"elementor-section elementor-top-section elementor-element elementor-element-72ff15f elementor-section-boxed elementor-section-height-default elementor-section-height-default\" data-id=\"72ff15f\" data-element_type=\"section\" data-e-type=\"section\">\n\t\t\t\t\t\t<div class=\"elementor-container elementor-column-gap-default\">\n\t\t\t\t\t<div class=\"elementor-column elementor-col-50 elementor-top-column elementor-element elementor-element-1e2ea77\" data-id=\"1e2ea77\" data-element_type=\"column\" data-e-type=\"column\">\n\t\t\t<div class=\"elementor-widget-wrap elementor-element-populated\">\n\t\t\t\t\t\t<div class=\"elementor-element elementor-element-de16c60 elementor-widget elementor-widget-image\" data-id=\"de16c60\" data-element_type=\"widget\" data-e-type=\"widget\" data-widget_type=\"image.default\">\n\t\t\t\t<div class=\"elementor-widget-container\">\n\t\t\t\t\t\t\t\t\t\t\t\t\t\t\t<img fetchpriority=\"high\" decoding=\"async\" width=\"640\" height=\"960\" src=\"https:\/\/unaymilletras.com\/wp-content\/uploads\/2024\/03\/MagaIV-683x1024.jpg\" class=\"attachment-large size-large wp-image-2351\" alt=\"Maga C\u00f3rdova\" srcset=\"https:\/\/unaymilletras.com\/wp-content\/uploads\/2024\/03\/MagaIV-683x1024.jpg 683w, https:\/\/unaymilletras.com\/wp-content\/uploads\/2024\/03\/MagaIV-200x300.jpg 200w, https:\/\/unaymilletras.com\/wp-content\/uploads\/2024\/03\/MagaIV-768x1152.jpg 768w, https:\/\/unaymilletras.com\/wp-content\/uploads\/2024\/03\/MagaIV-1024x1536.jpg 1024w, https:\/\/unaymilletras.com\/wp-content\/uploads\/2024\/03\/MagaIV-1365x2048.jpg 1365w, https:\/\/unaymilletras.com\/wp-content\/uploads\/2024\/03\/MagaIV-scaled-e1710317222192.jpg 600w\" sizes=\"(max-width: 640px) 100vw, 640px\" \/>\t\t\t\t\t\t\t\t\t\t\t\t\t\t\t<\/div>\n\t\t\t\t<\/div>\n\t\t\t\t\t<\/div>\n\t\t<\/div>\n\t\t\t\t<div class=\"elementor-column elementor-col-50 elementor-top-column elementor-element elementor-element-d039c9c\" data-id=\"d039c9c\" data-element_type=\"column\" data-e-type=\"column\">\n\t\t\t<div class=\"elementor-widget-wrap elementor-element-populated\">\n\t\t\t\t\t\t<div class=\"elementor-element elementor-element-f0cd411 elementor-widget elementor-widget-text-editor\" data-id=\"f0cd411\" data-element_type=\"widget\" data-e-type=\"widget\" data-widget_type=\"text-editor.default\">\n\t\t\t\t<div class=\"elementor-widget-container\">\n\t\t\t\t\t\t\t\t\t<p>Entonces, una vez, no s\u00e9 por qu\u00e9, porque la vida es loca la verdad, fui a un evento de una marca en Guayaquil y me topo con mis productores con los que grab\u00e9 una canci\u00f3n hace mucho, mucho tiempo,\u00a0<em>Reloj de arena<\/em>. Una canci\u00f3n que saqu\u00e9 el a\u00f1o pasado. Y la canci\u00f3n habla del anhelo de cuando vuelvas a ver al otro. Cuando escuch\u00e9 esta canci\u00f3n sent\u00ed que hablaba la Maga del pasado con la Maga del presente. Como diciendo \u201c\u00bfcu\u00e1ndo te vuelvo a ver en el escenario?, \u00bfcu\u00e1ndo te vuelvo a ver con tus pasiones, con tu autoestima de vuelta?\u201d.<\/p>\t\t\t\t\t\t\t\t<\/div>\n\t\t\t\t<\/div>\n\t\t\t\t\t<\/div>\n\t\t<\/div>\n\t\t\t\t\t<\/div>\n\t\t<\/section>\n\t\t\t\t<section class=\"elementor-section elementor-top-section elementor-element elementor-element-9d6d15a elementor-section-boxed elementor-section-height-default elementor-section-height-default\" data-id=\"9d6d15a\" data-element_type=\"section\" data-e-type=\"section\">\n\t\t\t\t\t\t<div class=\"elementor-container elementor-column-gap-default\">\n\t\t\t\t\t<div class=\"elementor-column elementor-col-100 elementor-top-column elementor-element elementor-element-66bb7a2\" data-id=\"66bb7a2\" data-element_type=\"column\" data-e-type=\"column\">\n\t\t\t<div class=\"elementor-widget-wrap elementor-element-populated\">\n\t\t\t\t\t\t<div class=\"elementor-element elementor-element-39a926c elementor-widget elementor-widget-text-editor\" data-id=\"39a926c\" data-element_type=\"widget\" data-e-type=\"widget\" data-widget_type=\"text-editor.default\">\n\t\t\t\t<div class=\"elementor-widget-container\">\n\t\t\t\t\t\t\t\t\t<p><span style=\"color: var( --e-global-color-text ); font-family: var( --e-global-typography-text-font-family ), Sans-serif; font-weight: var( --e-global-typography-text-font-weight );\">Sent\u00ed como una llamada espiritual, del universo. Ah\u00ed vi que ya hab\u00eda pasado suficiente tiempo, he sanado mucho y si no he hecho m\u00fasica ha sido por mi comodidad. No quer\u00eda afrontar eso que me doli\u00f3 en cierto momento dejar y volverlo a intentar con mi vida distinta, con mi hija. Tambi\u00e9n por miedo al fracaso y esas cosas del ego. Es la trampa del ego. Y dije: no, tengo que ser m\u00e1s fuerte que esto, tengo que hacer las cosas con amor y no desde el ego; si es algo que yo amo hay que meterle.<\/span><\/p><p>Entonces volv\u00ed con <em>Reloj de Arena<\/em>, la canci\u00f3n que fue como mi se\u00f1al y sali\u00f3 en septiembre de 2023. Ahora sacamos la primera canci\u00f3n del a\u00f1o: <em>Mil Gracias (KARMA)<\/em>. Siento que esta canci\u00f3n representa qui\u00e9n soy yo en este momento. No me puede describir mejor. Con las influencias mel\u00f3dicas, toda la parte musical, canci\u00f3n bailable, pero con una letra consciente. <em>Reloj de Arena <\/em>me encanta tambi\u00e9n, pero es una versi\u00f3n muy antigua. Para m\u00ed, <em>Mil Gracias (KARMA) <\/em>representa todo ese proceso del d\u00eda en el que estoy hoy.<\/p><p>Me llena de mucha ilusi\u00f3n el v\u00eddeo tambi\u00e9n. Fue un reto y fue incre\u00edble porque yo nunca hab\u00eda grabado con coreograf\u00eda. Siempre hac\u00eda los videoclips de mis canciones siendo protagonista, haciendo <em>lipsync<\/em>. Y me dio mucho miedo, \u00bfsabes? Soy muy perfeccionista y me siento segura en las partes que domino al 100% y no hab\u00eda bailado hace mucho. Entonces mi manager, que es maravillosa y que tambi\u00e9n lleg\u00f3 en el momento en el que ten\u00eda que llegar me dijo: \u201cSi puedes, hazlo\u201d. Estuvimos trabajando durante dos semanas intensas. Yo la noche antes de la grabaci\u00f3n me dorm\u00eda pensando \u201cy cinco, seis, siete y\u2026\u201d. Me levantaba cada dos horas pensando en la coreograf\u00eda jajaja.<\/p>\t\t\t\t\t\t\t\t<\/div>\n\t\t\t\t<\/div>\n\t\t\t\t\t<\/div>\n\t\t<\/div>\n\t\t\t\t\t<\/div>\n\t\t<\/section>\n\t\t\t\t<section class=\"elementor-section elementor-top-section elementor-element elementor-element-d15beec elementor-section-boxed elementor-section-height-default elementor-section-height-default\" data-id=\"d15beec\" data-element_type=\"section\" data-e-type=\"section\">\n\t\t\t\t\t\t<div class=\"elementor-container elementor-column-gap-default\">\n\t\t\t\t\t<div class=\"elementor-column elementor-col-100 elementor-top-column elementor-element elementor-element-2227533\" data-id=\"2227533\" data-element_type=\"column\" data-e-type=\"column\">\n\t\t\t<div class=\"elementor-widget-wrap elementor-element-populated\">\n\t\t\t\t\t\t<div class=\"elementor-element elementor-element-52a48b3 elementor-widget elementor-widget-video\" data-id=\"52a48b3\" data-element_type=\"widget\" data-e-type=\"widget\" data-settings=\"{&quot;youtube_url&quot;:&quot;https:\\\/\\\/www.youtube.com\\\/watch?v=adlfuBESqCg&amp;ab_channel=MagaC%C3%B3rdova&quot;,&quot;video_type&quot;:&quot;youtube&quot;,&quot;controls&quot;:&quot;yes&quot;}\" data-widget_type=\"video.default\">\n\t\t\t\t<div class=\"elementor-widget-container\">\n\t\t\t\t\t\t\t<div class=\"elementor-wrapper elementor-open-inline\">\n\t\t\t<div class=\"elementor-video\"><\/div>\t\t<\/div>\n\t\t\t\t\t\t<\/div>\n\t\t\t\t<\/div>\n\t\t\t\t\t<\/div>\n\t\t<\/div>\n\t\t\t\t\t<\/div>\n\t\t<\/section>\n\t\t\t\t<section class=\"elementor-section elementor-top-section elementor-element elementor-element-6845e5c elementor-section-boxed elementor-section-height-default elementor-section-height-default\" data-id=\"6845e5c\" data-element_type=\"section\" data-e-type=\"section\">\n\t\t\t\t\t\t<div class=\"elementor-container elementor-column-gap-default\">\n\t\t\t\t\t<div class=\"elementor-column elementor-col-100 elementor-top-column elementor-element elementor-element-010a956\" data-id=\"010a956\" data-element_type=\"column\" data-e-type=\"column\">\n\t\t\t<div class=\"elementor-widget-wrap elementor-element-populated\">\n\t\t\t\t\t\t<div class=\"elementor-element elementor-element-fef816d elementor-widget elementor-widget-text-editor\" data-id=\"fef816d\" data-element_type=\"widget\" data-e-type=\"widget\" data-widget_type=\"text-editor.default\">\n\t\t\t\t<div class=\"elementor-widget-container\">\n\t\t\t\t\t\t\t\t\t<p>Estaba nerviosa, ansiosa, me acuerdo. Al d\u00eda siguiente nos levantamos temprano, grabamos todo. Hubo un par de complicaciones tambi\u00e9n, pero todo sali\u00f3 maravilloso al final. Te juro que cuando acab\u00f3 el d\u00eda fue, m\u00e1s que la satisfacci\u00f3n profesional, personalmente fue como: no hay nada en este mundo que no pueda hacer si me lo propongo, si me esfuerzo. Estaba tan aterrada y nerviosa cuando solo ten\u00eda que confiar en mi porque lo trabaj\u00e9, porque me esforc\u00e9. Porque fue muy intenso el trabajo que hicimos y me demostr\u00f3 que el esfuerzo a veces vence al talento. Es como una demostraci\u00f3n para m\u00ed misma que si te propones algo todo va a salir bien. Y para mi sirve para todas las personas. El esfuerzo trae una recompensa. Esa noche me fui a dormir con el coraz\u00f3n lleno\u201d.<\/p><p><strong><em>Entiendo entonces que volver\u00edas a hacer otro videoclip con baile.<br \/><\/em><\/strong>S\u00ed. Me encantar\u00eda. Ya desbloque\u00e9 ese miedo.<\/p><p><strong><em>\u00bfC\u00f3mo fue el crear la coreograf\u00eda para que estuvieses c\u00f3moda?<br \/><\/em><\/strong>Mi core\u00f3grafo, es un genio maravilloso. Le encanta montar shows. Adapta las coreograf\u00edas seg\u00fan el artista dependiendo de sus capacidades, sus necesidades, su energ\u00eda\u2026 \u00c9l se encarga de eso y con su grupo de baile me guiaron y fue incre\u00edble. Al principio fue duro, pero fue totalmente por mi bien. Yo dec\u00eda que no sab\u00edan bailar y ellos insist\u00edan en que s\u00ed. realmente la mente tiene poder. T\u00fa tienes que cre\u00e9rtelo y simplemente hacerlo. T\u00fa controlas tu realidad.<\/p>\t\t\t\t\t\t\t\t<\/div>\n\t\t\t\t<\/div>\n\t\t\t\t\t<\/div>\n\t\t<\/div>\n\t\t\t\t\t<\/div>\n\t\t<\/section>\n\t\t\t\t<section class=\"elementor-section elementor-top-section elementor-element elementor-element-8ec7b7f elementor-section-boxed elementor-section-height-default elementor-section-height-default\" data-id=\"8ec7b7f\" data-element_type=\"section\" data-e-type=\"section\">\n\t\t\t\t\t\t<div class=\"elementor-container elementor-column-gap-default\">\n\t\t\t\t\t<div class=\"elementor-column elementor-col-50 elementor-top-column elementor-element elementor-element-5d331e2\" data-id=\"5d331e2\" data-element_type=\"column\" data-e-type=\"column\">\n\t\t\t<div class=\"elementor-widget-wrap elementor-element-populated\">\n\t\t\t\t\t\t<div class=\"elementor-element elementor-element-747b2d4 elementor-widget elementor-widget-text-editor\" data-id=\"747b2d4\" data-element_type=\"widget\" data-e-type=\"widget\" data-widget_type=\"text-editor.default\">\n\t\t\t\t<div class=\"elementor-widget-container\">\n\t\t\t\t\t\t\t\t\t<p><strong><em>\u00bfC\u00f3mo decidiste contar una historia tan seria en un ritmo tan alegre y bailable?<br \/><\/em><\/strong>Siento que la vida es un juego. Hay cosas serias, pero \u00bfhasta qu\u00e9 punto lo son? No hay nada mejor que bailar tus penas. \u00bfA qui\u00e9n no le gusta ese sentimiento del desahogo mientras que est\u00e1s feliz al mismo tiempo? Al final no todo es tan serio, \u00bfme explico? Al final todo se va a acabar en alg\u00fan momento entonces hay que vivir de la mejor forma y con la mejor de las energ\u00edas porque todo va a pasar.<\/p>\t\t\t\t\t\t\t\t<\/div>\n\t\t\t\t<\/div>\n\t\t\t\t\t<\/div>\n\t\t<\/div>\n\t\t\t\t<div class=\"elementor-column elementor-col-50 elementor-top-column elementor-element elementor-element-dd0b70b\" data-id=\"dd0b70b\" data-element_type=\"column\" data-e-type=\"column\">\n\t\t\t<div class=\"elementor-widget-wrap elementor-element-populated\">\n\t\t\t\t\t\t<div class=\"elementor-element elementor-element-595b9c4 elementor-widget elementor-widget-image\" data-id=\"595b9c4\" data-element_type=\"widget\" data-e-type=\"widget\" data-widget_type=\"image.default\">\n\t\t\t\t<div class=\"elementor-widget-container\">\n\t\t\t\t\t\t\t\t\t\t\t\t\t\t\t<img decoding=\"async\" width=\"640\" height=\"960\" src=\"https:\/\/unaymilletras.com\/wp-content\/uploads\/2024\/03\/MagaVI-683x1024.jpg\" class=\"attachment-large size-large wp-image-2352\" alt=\"\" srcset=\"https:\/\/unaymilletras.com\/wp-content\/uploads\/2024\/03\/MagaVI-683x1024.jpg 683w, https:\/\/unaymilletras.com\/wp-content\/uploads\/2024\/03\/MagaVI-200x300.jpg 200w, https:\/\/unaymilletras.com\/wp-content\/uploads\/2024\/03\/MagaVI-768x1152.jpg 768w, https:\/\/unaymilletras.com\/wp-content\/uploads\/2024\/03\/MagaVI-1024x1536.jpg 1024w, https:\/\/unaymilletras.com\/wp-content\/uploads\/2024\/03\/MagaVI-1365x2048.jpg 1365w, https:\/\/unaymilletras.com\/wp-content\/uploads\/2024\/03\/MagaVI-scaled-e1710317701104.jpg 600w\" sizes=\"(max-width: 640px) 100vw, 640px\" \/>\t\t\t\t\t\t\t\t\t\t\t\t\t\t\t<\/div>\n\t\t\t\t<\/div>\n\t\t\t\t\t<\/div>\n\t\t<\/div>\n\t\t\t\t\t<\/div>\n\t\t<\/section>\n\t\t\t\t<section class=\"elementor-section elementor-top-section elementor-element elementor-element-d34d0fa elementor-section-boxed elementor-section-height-default elementor-section-height-default\" data-id=\"d34d0fa\" data-element_type=\"section\" data-e-type=\"section\">\n\t\t\t\t\t\t<div class=\"elementor-container elementor-column-gap-default\">\n\t\t\t\t\t<div class=\"elementor-column elementor-col-100 elementor-top-column elementor-element elementor-element-8550f86\" data-id=\"8550f86\" data-element_type=\"column\" data-e-type=\"column\">\n\t\t\t<div class=\"elementor-widget-wrap elementor-element-populated\">\n\t\t\t\t\t\t<div class=\"elementor-element elementor-element-a2c7fd1 elementor-widget elementor-widget-text-editor\" data-id=\"a2c7fd1\" data-element_type=\"widget\" data-e-type=\"widget\" data-widget_type=\"text-editor.default\">\n\t\t\t\t<div class=\"elementor-widget-container\">\n\t\t\t\t\t\t\t\t\t<p><strong><em>\u00bfQu\u00e9 consejo le dar\u00edas a una persona que est\u00e9 pasando por una ruptura, pero a\u00fan tiene idealizada a la otra persona?<br \/><\/em><\/strong>Entender que tienes idealizada a la otra persona es el paso n\u00famero uno. Aceptar que cada persona que est\u00e1 en tu vida entra por algo y con una funci\u00f3n espec\u00edfica, que tu pareja es tu mayor maestro, dure lo que dure en tu vida. Agradece la experiencia. Conf\u00eda y sigue adelante. Si esa persona realmente es para ti la vida se encargar\u00e1 de que os volv\u00e1is a juntar. Si no es que ya cumpli\u00f3 su funci\u00f3n.<\/p><p>Est\u00e1 bien estar mal. Llora. Atraviesa ese sentimiento, ese duelo, que alg\u00fan d\u00eda te vas a cansar y te vas a levantar y todo va a estar bien. Todo pasa, conf\u00eda. Dir\u00eda eso.<\/p><p><strong><em>Esta canci\u00f3n pertenece a tu nueva era. \u00bfPor qu\u00e9 nace esta etapa?<br \/><\/em><\/strong>Supongo que, por mi crecimiento personal, por mi forma de ver las cosas hoy en d\u00eda. Tambi\u00e9n por las influencias musicales que tengo. Por la seguridad que tengo hoy como artista. A lo mejor antes quer\u00eda hacer algo que fuese m\u00e1s acorde a lo que pegaba en ese entonces, en ese contexto. Hoy quiero hacer lo que me apetezca a m\u00ed, lo que suena dentro de m\u00ed, \u00bfsabes? Es una era de seguridad, de empoderamiento, de madurez, de aceptaci\u00f3n. De todo este empoderamiento femenino digamos. Para m\u00ed es incre\u00edble.<\/p><p>Mi primera canci\u00f3n se llama <em>No me dejes sola<\/em>, refiri\u00e9ndose a que si se va con otra me vuelvo loca. En el v\u00eddeo, el personaje (yo) estoy en un manicomio, con una camisa de fuerza agarrada. Como paranoica. Es una s\u00e1tira hacia esa oscuridad y esa dependencia y toxicidad que todos llegamos a tener en alg\u00fan momento por nuestras propias inseguridades. Ten\u00eda 19 a\u00f1os. Y vas viendo la evoluci\u00f3n.<\/p><p>Hoy, cantando esta canci\u00f3n y mirando hacia atr\u00e1s digo \u201cno lo pude hacer mejor\u201d. En ese momento no lo pude hacer mejor, y lo acepto tambi\u00e9n. Pero se nota que hay un crecimiento. Imag\u00ednate seguir cantando lo mismo despu\u00e9s de seis a\u00f1os. Hay algo que hay que hacer. Creo que se trata mucho de eso, del viaje y del <em>soundtrack<\/em> de tu vida. Va cambiando, dependiendo del contexto en el que est\u00e9s.<\/p><p>S\u00ed, es una nueva era definitivamente.<\/p>\t\t\t\t\t\t\t\t<\/div>\n\t\t\t\t<\/div>\n\t\t\t\t\t<\/div>\n\t\t<\/div>\n\t\t\t\t\t<\/div>\n\t\t<\/section>\n\t\t\t\t<section class=\"elementor-section elementor-top-section elementor-element elementor-element-3213752 elementor-section-boxed elementor-section-height-default elementor-section-height-default\" data-id=\"3213752\" data-element_type=\"section\" data-e-type=\"section\">\n\t\t\t\t\t\t<div class=\"elementor-container elementor-column-gap-default\">\n\t\t\t\t\t<div class=\"elementor-column elementor-col-100 elementor-top-column elementor-element elementor-element-4be680d\" data-id=\"4be680d\" data-element_type=\"column\" data-e-type=\"column\">\n\t\t\t<div class=\"elementor-widget-wrap elementor-element-populated\">\n\t\t\t\t\t\t<div class=\"elementor-element elementor-element-6601d75 elementor-widget elementor-widget-image\" data-id=\"6601d75\" data-element_type=\"widget\" data-e-type=\"widget\" data-widget_type=\"image.default\">\n\t\t\t\t<div class=\"elementor-widget-container\">\n\t\t\t\t\t\t\t\t\t\t\t\t\t\t\t<img decoding=\"async\" width=\"640\" height=\"427\" src=\"https:\/\/unaymilletras.com\/wp-content\/uploads\/2024\/03\/MagaI-1024x683.jpg\" class=\"attachment-large size-large wp-image-2354\" alt=\"\" srcset=\"https:\/\/unaymilletras.com\/wp-content\/uploads\/2024\/03\/MagaI-1024x683.jpg 1024w, https:\/\/unaymilletras.com\/wp-content\/uploads\/2024\/03\/MagaI-300x200.jpg 300w, https:\/\/unaymilletras.com\/wp-content\/uploads\/2024\/03\/MagaI-768x512.jpg 768w, https:\/\/unaymilletras.com\/wp-content\/uploads\/2024\/03\/MagaI-1536x1024.jpg 1536w, https:\/\/unaymilletras.com\/wp-content\/uploads\/2024\/03\/MagaI-2048x1365.jpg 2048w, https:\/\/unaymilletras.com\/wp-content\/uploads\/2024\/03\/MagaI-scaled-e1710319035125.jpg 600w\" sizes=\"(max-width: 640px) 100vw, 640px\" \/>\t\t\t\t\t\t\t\t\t\t\t\t\t\t\t<\/div>\n\t\t\t\t<\/div>\n\t\t\t\t\t<\/div>\n\t\t<\/div>\n\t\t\t\t\t<\/div>\n\t\t<\/section>\n\t\t\t\t<section class=\"elementor-section elementor-top-section elementor-element elementor-element-02077fa elementor-section-boxed elementor-section-height-default elementor-section-height-default\" data-id=\"02077fa\" data-element_type=\"section\" data-e-type=\"section\">\n\t\t\t\t\t\t<div class=\"elementor-container elementor-column-gap-default\">\n\t\t\t\t\t<div class=\"elementor-column elementor-col-100 elementor-top-column elementor-element elementor-element-78cd193\" data-id=\"78cd193\" data-element_type=\"column\" data-e-type=\"column\">\n\t\t\t<div class=\"elementor-widget-wrap elementor-element-populated\">\n\t\t\t\t\t\t<div class=\"elementor-element elementor-element-06c698d elementor-widget elementor-widget-text-editor\" data-id=\"06c698d\" data-element_type=\"widget\" data-e-type=\"widget\" data-widget_type=\"text-editor.default\">\n\t\t\t\t<div class=\"elementor-widget-container\">\n\t\t\t\t\t\t\t\t\t<p><strong><em>\u00bfQu\u00e9 es en lo que m\u00e1s crees que has cambiado o evolucionado desde que empezaste?<br \/><\/em><\/strong>En mi seguridad. En establecer l\u00edmites. En sentir que si valgo y el sentirme completa por lo que yo crea de m\u00ed misma. Antes me importaba mucho lo que dijesen las personas, inconscientemente. Hace mucho tiempo una profesora me dijo que en el momento en el que te paras en el escenario y sientes nervios se convierte en ego, ya no es arte. Porque est\u00e1s esperando la reacci\u00f3n del otro. Estas nerviosa porque quieres gustarle al otro.<\/p><p>Desde ah\u00ed nunca m\u00e1s, no m\u00e1s nervios. Yo voy a hacer lo que s\u00e9 hacer. Voy a grabar el videoclip, voy a grabar la canci\u00f3n en el estudio. Yo hago arte y ya. Habr\u00e1 gente a la que le guste y con eso es suficiente. No tengo que agradarle a todo el mundo.<\/p><p><strong><em>Al hablar de empoderamiento femenino, \u00bfcu\u00e1l crees que es tu papel para contribuir a ello?<br \/><\/em><\/strong>Soy mam\u00e1 y no me dejo de sentir sexy. No me dejo de sentir valiosa. No me dejo de poner primero. Lo digo cada vez que puedo, en entrevistas, en redes sociales, siempre lo estoy hablando: no hay que dejar de ser mujeres. Pase lo que pas\u00e9, estemos viudas, divorciadas, casadas, separadas, lo que sea que estemos. Sigan siendo madres, abuelas, no importa. Somos mujeres y est\u00e1 bien querernos, cuidarnos, sentirnos sensuales, porque eso es algo caracter\u00edstico de la mujer. Somos fuego al final. Entonces, la seducci\u00f3n siempre lo vamos a hacer, no importa el estado en el que nos encontremos. Y si uno est\u00e1 bien y est\u00e1 completo, los suyos tambi\u00e9n lo van a estar. Por eso es tan importante.<\/p><p>No es el hecho de ponerse primero, olvidarse de todo y dejar abandonado a los hijos. No digo eso. Pero si t\u00fa te amas, amas al otro. Entonces, darte todo eso y no ser tan dura contigo misma. No pienses que eres personaje secundario porque ahora tu hijo es el protagonista. T\u00fa siempre vas a ser protagonista, pero tu hijo es el personaje principal tambi\u00e9n, y eso no significa que t\u00fa pases al secundario. Va mucho por ah\u00ed.<\/p>\t\t\t\t\t\t\t\t<\/div>\n\t\t\t\t<\/div>\n\t\t\t\t\t<\/div>\n\t\t<\/div>\n\t\t\t\t\t<\/div>\n\t\t<\/section>\n\t\t\t\t<section class=\"elementor-section elementor-top-section elementor-element elementor-element-7922907 elementor-section-boxed elementor-section-height-default elementor-section-height-default\" data-id=\"7922907\" data-element_type=\"section\" data-e-type=\"section\">\n\t\t\t\t\t\t<div class=\"elementor-container elementor-column-gap-default\">\n\t\t\t\t\t<div class=\"elementor-column elementor-col-50 elementor-top-column elementor-element elementor-element-cea0591\" data-id=\"cea0591\" data-element_type=\"column\" data-e-type=\"column\">\n\t\t\t<div class=\"elementor-widget-wrap elementor-element-populated\">\n\t\t\t\t\t\t<div class=\"elementor-element elementor-element-42a7494 elementor-widget elementor-widget-text-editor\" data-id=\"42a7494\" data-element_type=\"widget\" data-e-type=\"widget\" data-widget_type=\"text-editor.default\">\n\t\t\t\t<div class=\"elementor-widget-container\">\n\t\t\t\t\t\t\t\t\t<p><strong><em>Ahora que mencionas a tu hija, \u00bfc\u00f3mo es compaginar la maternidad con tu trabajo?<br \/><\/em><\/strong>Es complicado para todos los cat\u00f3licos que pensamos que la familia debe ser de un formato y de una forma, para la sociedad que la familia tiene que ser de una estructura espec\u00edfica. Todo depende de la perspectiva y yo creo fielmente en que todo pasa por algo y la familia que a Emma le toc\u00f3 es de este formato. Somos cuatro, que somos mis pap\u00e1s, Emma y yo. Y creo que no puede haber mejor lugar para que ella venga y sea la persona que es y donde crezca.<\/p><p>Mis padres son un matrimonio maravilloso que me apoyan en todo y me traen esa filosof\u00eda de que, si t\u00fa est\u00e1s bien, Emma va a estar bien. Y ella se merece una mam\u00e1 realizada, satisfecha, contenta y que luche, porque es lo mismo que yo habr\u00eda querido para mi hija si tuviese la misma situaci\u00f3n. La amo tanto que la voy a cuidar hasta el final, en todo lo que necesite, y es lo que mis padres hacen conmigo. Si tengo que viajar por temporadas yo s\u00e9 que ella est\u00e1 bien porque est\u00e1 en mi casa, est\u00e1 en mi cuarto, \u00bfsabes? Es como que cuando vuelva s\u00e9 que todo va a estar igual y va a estar bien. Emma va a seguir en casa. No conf\u00edo en nadie m\u00e1s que en mis pap\u00e1s.<\/p>\t\t\t\t\t\t\t\t<\/div>\n\t\t\t\t<\/div>\n\t\t\t\t\t<\/div>\n\t\t<\/div>\n\t\t\t\t<div class=\"elementor-column elementor-col-50 elementor-top-column elementor-element elementor-element-5021408\" data-id=\"5021408\" data-element_type=\"column\" data-e-type=\"column\">\n\t\t\t<div class=\"elementor-widget-wrap elementor-element-populated\">\n\t\t\t\t\t\t<div class=\"elementor-element elementor-element-d29000b elementor-widget elementor-widget-html\" data-id=\"d29000b\" data-element_type=\"widget\" data-e-type=\"widget\" data-widget_type=\"html.default\">\n\t\t\t\t<div class=\"elementor-widget-container\">\n\t\t\t\t\t<blockquote class=\"instagram-media\" data-instgrm-captioned data-instgrm-permalink=\"https:\/\/www.instagram.com\/reel\/Cs-JtAGMexX\/?utm_source=ig_embed&amp;utm_campaign=loading\" data-instgrm-version=\"14\" style=\" background:#FFF; border:0; border-radius:3px; box-shadow:0 0 1px 0 rgba(0,0,0,0.5),0 1px 10px 0 rgba(0,0,0,0.15); margin: 1px; max-width:540px; min-width:326px; padding:0; width:99.375%; width:-webkit-calc(100% - 2px); width:calc(100% - 2px);\"><div style=\"padding:16px;\"> <a href=\"https:\/\/www.instagram.com\/reel\/Cs-JtAGMexX\/?utm_source=ig_embed&amp;utm_campaign=loading\" style=\" background:#FFFFFF; line-height:0; padding:0 0; text-align:center; text-decoration:none; width:100%;\" target=\"_blank\"> <div style=\" display: flex; flex-direction: row; align-items: center;\"> <div style=\"background-color: #F4F4F4; border-radius: 50%; flex-grow: 0; height: 40px; margin-right: 14px; width: 40px;\"><\/div> <div style=\"display: flex; flex-direction: column; flex-grow: 1; justify-content: center;\"> <div style=\" background-color: #F4F4F4; border-radius: 4px; flex-grow: 0; height: 14px; margin-bottom: 6px; width: 100px;\"><\/div> <div style=\" background-color: #F4F4F4; border-radius: 4px; flex-grow: 0; height: 14px; width: 60px;\"><\/div><\/div><\/div><div style=\"padding: 19% 0;\"><\/div> <div style=\"display:block; height:50px; margin:0 auto 12px; width:50px;\"><svg width=\"50px\" height=\"50px\" viewbox=\"0 0 60 60\" version=\"1.1\" xmlns=\"https:\/\/www.w3.org\/2000\/svg\" xmlns:xlink=\"https:\/\/www.w3.org\/1999\/xlink\"><g stroke=\"none\" stroke-width=\"1\" fill=\"none\" fill-rule=\"evenodd\"><g transform=\"translate(-511.000000, -20.000000)\" fill=\"#000000\"><g><path d=\"M556.869,30.41 C554.814,30.41 553.148,32.076 553.148,34.131 C553.148,36.186 554.814,37.852 556.869,37.852 C558.924,37.852 560.59,36.186 560.59,34.131 C560.59,32.076 558.924,30.41 556.869,30.41 M541,60.657 C535.114,60.657 530.342,55.887 530.342,50 C530.342,44.114 535.114,39.342 541,39.342 C546.887,39.342 551.658,44.114 551.658,50 C551.658,55.887 546.887,60.657 541,60.657 M541,33.886 C532.1,33.886 524.886,41.1 524.886,50 C524.886,58.899 532.1,66.113 541,66.113 C549.9,66.113 557.115,58.899 557.115,50 C557.115,41.1 549.9,33.886 541,33.886 M565.378,62.101 C565.244,65.022 564.756,66.606 564.346,67.663 C563.803,69.06 563.154,70.057 562.106,71.106 C561.058,72.155 560.06,72.803 558.662,73.347 C557.607,73.757 556.021,74.244 553.102,74.378 C549.944,74.521 548.997,74.552 541,74.552 C533.003,74.552 532.056,74.521 528.898,74.378 C525.979,74.244 524.393,73.757 523.338,73.347 C521.94,72.803 520.942,72.155 519.894,71.106 C518.846,70.057 518.197,69.06 517.654,67.663 C517.244,66.606 516.755,65.022 516.623,62.101 C516.479,58.943 516.448,57.996 516.448,50 C516.448,42.003 516.479,41.056 516.623,37.899 C516.755,34.978 517.244,33.391 517.654,32.338 C518.197,30.938 518.846,29.942 519.894,28.894 C520.942,27.846 521.94,27.196 523.338,26.654 C524.393,26.244 525.979,25.756 528.898,25.623 C532.057,25.479 533.004,25.448 541,25.448 C548.997,25.448 549.943,25.479 553.102,25.623 C556.021,25.756 557.607,26.244 558.662,26.654 C560.06,27.196 561.058,27.846 562.106,28.894 C563.154,29.942 563.803,30.938 564.346,32.338 C564.756,33.391 565.244,34.978 565.378,37.899 C565.522,41.056 565.552,42.003 565.552,50 C565.552,57.996 565.522,58.943 565.378,62.101 M570.82,37.631 C570.674,34.438 570.167,32.258 569.425,30.349 C568.659,28.377 567.633,26.702 565.965,25.035 C564.297,23.368 562.623,22.342 560.652,21.575 C558.743,20.834 556.562,20.326 553.369,20.18 C550.169,20.033 549.148,20 541,20 C532.853,20 531.831,20.033 528.631,20.18 C525.438,20.326 523.257,20.834 521.349,21.575 C519.376,22.342 517.703,23.368 516.035,25.035 C514.368,26.702 513.342,28.377 512.574,30.349 C511.834,32.258 511.326,34.438 511.181,37.631 C511.035,40.831 511,41.851 511,50 C511,58.147 511.035,59.17 511.181,62.369 C511.326,65.562 511.834,67.743 512.574,69.651 C513.342,71.625 514.368,73.296 516.035,74.965 C517.703,76.634 519.376,77.658 521.349,78.425 C523.257,79.167 525.438,79.673 528.631,79.82 C531.831,79.965 532.853,80.001 541,80.001 C549.148,80.001 550.169,79.965 553.369,79.82 C556.562,79.673 558.743,79.167 560.652,78.425 C562.623,77.658 564.297,76.634 565.965,74.965 C567.633,73.296 568.659,71.625 569.425,69.651 C570.167,67.743 570.674,65.562 570.82,62.369 C570.966,59.17 571,58.147 571,50 C571,41.851 570.966,40.831 570.82,37.631\"><\/path><\/g><\/g><\/g><\/svg><\/div><div style=\"padding-top: 8px;\"> <div style=\" color:#3897f0; font-family:Arial,sans-serif; font-size:14px; font-style:normal; font-weight:550; line-height:18px;\">Ver esta publicaci\u00f3n en Instagram<\/div><\/div><div style=\"padding: 12.5% 0;\"><\/div> <div style=\"display: flex; flex-direction: row; margin-bottom: 14px; align-items: center;\"><div> <div style=\"background-color: #F4F4F4; border-radius: 50%; height: 12.5px; width: 12.5px; transform: translateX(0px) translateY(7px);\"><\/div> <div style=\"background-color: #F4F4F4; height: 12.5px; transform: rotate(-45deg) translateX(3px) translateY(1px); width: 12.5px; flex-grow: 0; margin-right: 14px; margin-left: 2px;\"><\/div> <div style=\"background-color: #F4F4F4; border-radius: 50%; height: 12.5px; width: 12.5px; transform: translateX(9px) translateY(-18px);\"><\/div><\/div><div style=\"margin-left: 8px;\"> <div style=\" background-color: #F4F4F4; border-radius: 50%; flex-grow: 0; height: 20px; width: 20px;\"><\/div> <div style=\" width: 0; height: 0; border-top: 2px solid transparent; border-left: 6px solid #f4f4f4; border-bottom: 2px solid transparent; transform: translateX(16px) translateY(-4px) rotate(30deg)\"><\/div><\/div><div style=\"margin-left: auto;\"> <div style=\" width: 0px; border-top: 8px solid #F4F4F4; border-right: 8px solid transparent; transform: translateY(16px);\"><\/div> <div style=\" background-color: #F4F4F4; flex-grow: 0; height: 12px; width: 16px; transform: translateY(-4px);\"><\/div> <div style=\" width: 0; height: 0; border-top: 8px solid #F4F4F4; border-left: 8px solid transparent; transform: translateY(-4px) translateX(8px);\"><\/div><\/div><\/div> <div style=\"display: flex; flex-direction: column; flex-grow: 1; justify-content: center; margin-bottom: 24px;\"> <div style=\" background-color: #F4F4F4; border-radius: 4px; flex-grow: 0; height: 14px; margin-bottom: 6px; width: 224px;\"><\/div> <div style=\" background-color: #F4F4F4; border-radius: 4px; flex-grow: 0; height: 14px; width: 144px;\"><\/div><\/div><\/a><p style=\" color:#c9c8cd; font-family:Arial,sans-serif; font-size:14px; line-height:17px; margin-bottom:0; margin-top:8px; overflow:hidden; padding:8px 0 7px; text-align:center; text-overflow:ellipsis; white-space:nowrap;\"><a href=\"https:\/\/www.instagram.com\/reel\/Cs-JtAGMexX\/?utm_source=ig_embed&amp;utm_campaign=loading\" style=\" color:#c9c8cd; font-family:Arial,sans-serif; font-size:14px; font-style:normal; font-weight:normal; line-height:17px; text-decoration:none;\" target=\"_blank\">Una publicaci\u00f3n compartida por MAGA (@magacordova)<\/a><\/p><\/div><\/blockquote> <script async src=\"\/\/www.instagram.com\/embed.js\"><\/script>\t\t\t\t<\/div>\n\t\t\t\t<\/div>\n\t\t\t\t\t<\/div>\n\t\t<\/div>\n\t\t\t\t\t<\/div>\n\t\t<\/section>\n\t\t\t\t<section class=\"elementor-section elementor-top-section elementor-element elementor-element-57c3275 elementor-section-boxed elementor-section-height-default elementor-section-height-default\" data-id=\"57c3275\" data-element_type=\"section\" data-e-type=\"section\">\n\t\t\t\t\t\t<div class=\"elementor-container elementor-column-gap-default\">\n\t\t\t\t\t<div class=\"elementor-column elementor-col-100 elementor-top-column elementor-element elementor-element-a16b3bd\" data-id=\"a16b3bd\" data-element_type=\"column\" data-e-type=\"column\">\n\t\t\t<div class=\"elementor-widget-wrap elementor-element-populated\">\n\t\t\t\t\t\t<div class=\"elementor-element elementor-element-88084b8 elementor-widget elementor-widget-text-editor\" data-id=\"88084b8\" data-element_type=\"widget\" data-e-type=\"widget\" data-widget_type=\"text-editor.default\">\n\t\t\t\t<div class=\"elementor-widget-container\">\n\t\t\t\t\t\t\t\t\t<p>Entonces, s\u00ed que tengo que ausentarme, es la realidad, no me hace mejor o peor madre. Simplemente es la mam\u00e1 que le toc\u00f3. Y ah\u00ed vamos. Tiene tres a\u00f1itos pero ella lo entiende, sabe que su mam\u00e1 est\u00e1 grabando, que est\u00e1 en el avi\u00f3n de Pep\u00edn, que es una canci\u00f3n de ni\u00f1os que le cantamos todo el tiempo. Y ella lo sabe, hablamos por FaceTime, lo entiende y es la vida a la que est\u00e1 acostumbrada. Entonces no le choca.<\/p><p>Adem\u00e1s, mis pap\u00e1s siempre est\u00e1n para ella, los adora y se siente c\u00f3moda. Porque t\u00fa conf\u00edas en el adulto, en que la va a cuidar bien, pero a lo mejor ese beb\u00e9 no se siente c\u00f3moda con ellos, \u00bfme explico? Pero Emma se siente bien, es como si estuviera yo. Entonces yo me quedo tranquila por c\u00f3mo se siente ella m\u00e1s que por los cuidados del adulto, que s\u00e9 que son excelentes.<\/p><p>Entonces todo eso me ayuda much\u00edsimo para poder hacer mi carrera. Es algo que agradezco todos los d\u00edas de mi vida. Soy hija \u00fanica, entonces no ven un beb\u00e9 desde hace unos 25 a\u00f1os, entonces entender\u00e1s la felicidad que ellos sienten y la reprocidad. As\u00ed que, s\u00ed, lo agradezco todo el tiempo.<\/p>\t\t\t\t\t\t\t\t<\/div>\n\t\t\t\t<\/div>\n\t\t\t\t\t<\/div>\n\t\t<\/div>\n\t\t\t\t\t<\/div>\n\t\t<\/section>\n\t\t\t\t<section class=\"elementor-section elementor-top-section elementor-element elementor-element-863ae32 elementor-section-boxed elementor-section-height-default elementor-section-height-default\" data-id=\"863ae32\" data-element_type=\"section\" data-e-type=\"section\">\n\t\t\t\t\t\t<div class=\"elementor-container elementor-column-gap-default\">\n\t\t\t\t\t<div class=\"elementor-column elementor-col-50 elementor-top-column elementor-element elementor-element-4f73d41\" data-id=\"4f73d41\" data-element_type=\"column\" data-e-type=\"column\">\n\t\t\t<div class=\"elementor-widget-wrap elementor-element-populated\">\n\t\t\t\t\t\t<div class=\"elementor-element elementor-element-73d1c5d elementor-widget elementor-widget-image\" data-id=\"73d1c5d\" data-element_type=\"widget\" data-e-type=\"widget\" data-widget_type=\"image.default\">\n\t\t\t\t<div class=\"elementor-widget-container\">\n\t\t\t\t\t\t\t\t\t\t\t\t\t\t\t<img loading=\"lazy\" decoding=\"async\" width=\"640\" height=\"960\" src=\"https:\/\/unaymilletras.com\/wp-content\/uploads\/2024\/03\/MagaCordovaII-683x1024.jpg\" class=\"attachment-large size-large wp-image-2353\" alt=\"Maga C\u00f3rdova\" srcset=\"https:\/\/unaymilletras.com\/wp-content\/uploads\/2024\/03\/MagaCordovaII-683x1024.jpg 683w, https:\/\/unaymilletras.com\/wp-content\/uploads\/2024\/03\/MagaCordovaII-200x300.jpg 200w, https:\/\/unaymilletras.com\/wp-content\/uploads\/2024\/03\/MagaCordovaII-768x1152.jpg 768w, https:\/\/unaymilletras.com\/wp-content\/uploads\/2024\/03\/MagaCordovaII-1024x1536.jpg 1024w, https:\/\/unaymilletras.com\/wp-content\/uploads\/2024\/03\/MagaCordovaII-1365x2048.jpg 1365w, https:\/\/unaymilletras.com\/wp-content\/uploads\/2024\/03\/MagaCordovaII-scaled-e1710318536331.jpg 600w\" sizes=\"(max-width: 640px) 100vw, 640px\" \/>\t\t\t\t\t\t\t\t\t\t\t\t\t\t\t<\/div>\n\t\t\t\t<\/div>\n\t\t\t\t\t<\/div>\n\t\t<\/div>\n\t\t\t\t<div class=\"elementor-column elementor-col-50 elementor-top-column elementor-element elementor-element-fc70126\" data-id=\"fc70126\" data-element_type=\"column\" data-e-type=\"column\">\n\t\t\t<div class=\"elementor-widget-wrap elementor-element-populated\">\n\t\t\t\t\t\t<div class=\"elementor-element elementor-element-d37fc30 elementor-widget elementor-widget-text-editor\" data-id=\"d37fc30\" data-element_type=\"widget\" data-e-type=\"widget\" data-widget_type=\"text-editor.default\">\n\t\t\t\t<div class=\"elementor-widget-container\">\n\t\t\t\t\t\t\t\t\t<p><strong><em>Tu canci\u00f3n se llama \u201cMil Gracias (KARMA)\u201d por lo que entiendo que crees en el karma. <br \/><\/em><\/strong>S\u00ed, creo en energ\u00edas. Creo en que todo se regresa. Entonces, si t\u00fa obras bien, te retiras de una relaci\u00f3n sin vengarte, sin cambiar tu coraz\u00f3n ni qui\u00e9n eres, te va a seguir yendo de la forma en la que te va y te va a llegar una persona (si es que te interesa que te llegue alguien), te va a llegar de la misma frecuencia que t\u00fa. Y al otro le pasar\u00e1 lo que est\u00e1 creando.<\/p><p>Es b\u00e1sicamente eso. Creo fielmente en el karma.<\/p>\t\t\t\t\t\t\t\t<\/div>\n\t\t\t\t<\/div>\n\t\t\t\t\t<\/div>\n\t\t<\/div>\n\t\t\t\t\t<\/div>\n\t\t<\/section>\n\t\t\t\t<section class=\"elementor-section elementor-top-section elementor-element elementor-element-e4c5a50 elementor-section-boxed elementor-section-height-default elementor-section-height-default\" data-id=\"e4c5a50\" data-element_type=\"section\" data-e-type=\"section\">\n\t\t\t\t\t\t<div class=\"elementor-container elementor-column-gap-default\">\n\t\t\t\t\t<div class=\"elementor-column elementor-col-100 elementor-top-column elementor-element elementor-element-e57c83f\" data-id=\"e57c83f\" data-element_type=\"column\" data-e-type=\"column\">\n\t\t\t<div class=\"elementor-widget-wrap elementor-element-populated\">\n\t\t\t\t\t\t<div class=\"elementor-element elementor-element-d6e34b9 elementor-widget elementor-widget-text-editor\" data-id=\"d6e34b9\" data-element_type=\"widget\" data-e-type=\"widget\" data-widget_type=\"text-editor.default\">\n\t\t\t\t<div class=\"elementor-widget-container\">\n\t\t\t\t\t\t\t\t\t<p><strong><em>He visto tambi\u00e9n crees en el hor\u00f3scopo porque tienes puesto en Instagram que eres Sagitario. <br \/><\/em><\/strong>S\u00ed. No creo que eso me condene y me sentencie a ser de una forma, pero s\u00ed ciertos rasgos. S\u00ed soy muy fuego, s\u00ed soy muy libre\u2026 No soy de leerte el tarot, no s\u00e9 hacerlo, pero s\u00ed creo mucho en la parte energ\u00e9tica. Creo mucho en el universo, al final somo aparte de ello. Y tambi\u00e9n creo en el poder que tiene cada persona como ser humano.<\/p><p><strong><em>Cambiando de tema, has compartido escenario con muchos artistas. \u00bfCon cu\u00e1l te quedar\u00edas para hacer una colaboraci\u00f3n?<br \/><\/em><\/strong>Wow. Me encantar\u00eda con Greicy. Es preciosa, maravillosa y fue hermoso haberle podido abrir su presentaci\u00f3n. Me gusta mucho su personaje de artista, y ella tambi\u00e9n. Me encanta su voz, su baile, su feminidad, tambi\u00e9n es mam\u00e1\u2026 Va mucho por ah\u00ed.<\/p><p><strong><em>\u00bfY para colaborar con un artista espa\u00f1ol?<br \/><\/em><\/strong><span style=\"color: #808080;\">Wow. Me encanta <a style=\"color: #808080;\" href=\"https:\/\/unaymilletras.com\/en\/lola-indigo-estrena-cancion-y-desvela-la-fecha-del-bernabeu\/\">Lola \u00cdndigo<\/a>, me encanta Aitana, me encanta Zzoilo, C. Tangana, Rosal\u00eda\u2026 \u00a1Me encantan todos! \u00a1Los amo! Son incre\u00edbles.<\/span><\/p>\t\t\t\t\t\t\t\t<\/div>\n\t\t\t\t<\/div>\n\t\t\t\t\t<\/div>\n\t\t<\/div>\n\t\t\t\t\t<\/div>\n\t\t<\/section>\n\t\t\t\t<\/div>","protected":false},"excerpt":{"rendered":"<p>Maga C\u00f3rdova presenta su nueva canci\u00f3n,\u00a0Mil Gracias (KARMA), con la cual comienza una nueva etapa de su vida https:\/\/www.youtube.com\/watch?v=XHOmBV4js_E \u201cSoy Maga C\u00f3rdova. Soy ecuatoriana y acabo de sacar mi canci\u00f3n que se llama Mil Gracias (KARMA). Habla mucho sobre tomar responsabilidad en la parte emocional y afectiva. Tambi\u00e9n de la idealizaci\u00f3n y de c\u00f3mo nosotros [&hellip;]<\/p>\n","protected":false},"author":1,"featured_media":2352,"comment_status":"open","ping_status":"open","sticky":false,"template":"","format":"standard","meta":{"footnotes":""},"categories":[112,4],"tags":[],"class_list":["post-2348","post","type-post","status-publish","format-standard","has-post-thumbnail","hentry","category-entrevistas","category-musica"],"yoast_head":"<!-- This site is optimized with the Yoast SEO plugin v27.4 - https:\/\/yoast.com\/product\/yoast-seo-wordpress\/ -->\n<title>Maga C\u00f3rdova: \u201cMil Gracias (KARMA) representa lo que soy hoy&quot; &#8902; Una y Mil Letras<\/title>\n<meta name=\"description\" content=\"Maga C\u00f3rdova presenta su nueva canci\u00f3n, Mil Gracias (KARMA), con la cual comienza una nueva etapa de su vida\" \/>\n<meta name=\"robots\" content=\"index, follow, max-snippet:-1, max-image-preview:large, max-video-preview:-1\" \/>\n<link rel=\"canonical\" href=\"https:\/\/unaymilletras.com\/en\/maga-cordova-mil-gracias-karma-representa-lo-que-soy-hoy\/\" \/>\n<meta property=\"og:locale\" content=\"en_GB\" \/>\n<meta property=\"og:type\" content=\"article\" \/>\n<meta property=\"og:title\" content=\"Maga C\u00f3rdova: \u201cMil Gracias (KARMA) representa lo que soy hoy&quot; &#8902; Una y Mil Letras\" \/>\n<meta property=\"og:description\" content=\"Maga C\u00f3rdova presenta su nueva canci\u00f3n, Mil Gracias (KARMA), con la cual comienza una nueva etapa de su vida\" \/>\n<meta property=\"og:url\" content=\"https:\/\/unaymilletras.com\/en\/maga-cordova-mil-gracias-karma-representa-lo-que-soy-hoy\/\" \/>\n<meta property=\"og:site_name\" content=\"Una y Mil Letras\" \/>\n<meta property=\"article:published_time\" content=\"2024-03-13T14:00:00+00:00\" \/>\n<meta property=\"article:modified_time\" content=\"2024-03-13T15:20:03+00:00\" \/>\n<meta property=\"og:image\" content=\"http:\/\/unaymilletras.com\/wp-content\/uploads\/2024\/03\/MagaVI-scaled-e1710317701104.jpg\" \/>\n\t<meta property=\"og:image:width\" content=\"600\" \/>\n\t<meta property=\"og:image:height\" content=\"900\" \/>\n\t<meta property=\"og:image:type\" content=\"image\/jpeg\" \/>\n<meta name=\"author\" content=\"Maria Gil Robledo\" \/>\n<meta name=\"twitter:card\" content=\"summary_large_image\" \/>\n<meta name=\"twitter:creator\" content=\"@UnaYMilLetras\" \/>\n<meta name=\"twitter:site\" content=\"@UnaYMilLetras\" \/>\n<meta name=\"twitter:label1\" content=\"Written by\" \/>\n\t<meta name=\"twitter:data1\" content=\"Maria Gil Robledo\" \/>\n\t<meta name=\"twitter:label2\" content=\"Estimated reading time\" \/>\n\t<meta name=\"twitter:data2\" content=\"13 minutes\" \/>\n<script type=\"application\/ld+json\" class=\"yoast-schema-graph\">{\"@context\":\"https:\\\/\\\/schema.org\",\"@graph\":[{\"@type\":\"Article\",\"@id\":\"https:\\\/\\\/unaymilletras.com\\\/maga-cordova-mil-gracias-karma-representa-lo-que-soy-hoy\\\/#article\",\"isPartOf\":{\"@id\":\"https:\\\/\\\/unaymilletras.com\\\/maga-cordova-mil-gracias-karma-representa-lo-que-soy-hoy\\\/\"},\"author\":{\"name\":\"Maria Gil Robledo\",\"@id\":\"http:\\\/\\\/unaymilletras.com\\\/#\\\/schema\\\/person\\\/d55ba681b8a4e463d8982dbe36a5dc94\"},\"headline\":\"Maga C\u00f3rdova: \u201cMil Gracias (KARMA) representa lo que soy hoy\u00bb\",\"datePublished\":\"2024-03-13T14:00:00+00:00\",\"dateModified\":\"2024-03-13T15:20:03+00:00\",\"mainEntityOfPage\":{\"@id\":\"https:\\\/\\\/unaymilletras.com\\\/maga-cordova-mil-gracias-karma-representa-lo-que-soy-hoy\\\/\"},\"wordCount\":2661,\"commentCount\":0,\"publisher\":{\"@id\":\"http:\\\/\\\/unaymilletras.com\\\/#organization\"},\"image\":{\"@id\":\"https:\\\/\\\/unaymilletras.com\\\/maga-cordova-mil-gracias-karma-representa-lo-que-soy-hoy\\\/#primaryimage\"},\"thumbnailUrl\":\"https:\\\/\\\/unaymilletras.com\\\/wp-content\\\/uploads\\\/2024\\\/03\\\/MagaVI-scaled-e1710317701104.jpg\",\"articleSection\":[\"Entrevistas\",\"M\u00fasica\"],\"inLanguage\":\"en-GB\",\"potentialAction\":[{\"@type\":\"CommentAction\",\"name\":\"Comment\",\"target\":[\"https:\\\/\\\/unaymilletras.com\\\/maga-cordova-mil-gracias-karma-representa-lo-que-soy-hoy\\\/#respond\"]}]},{\"@type\":\"WebPage\",\"@id\":\"https:\\\/\\\/unaymilletras.com\\\/maga-cordova-mil-gracias-karma-representa-lo-que-soy-hoy\\\/\",\"url\":\"https:\\\/\\\/unaymilletras.com\\\/maga-cordova-mil-gracias-karma-representa-lo-que-soy-hoy\\\/\",\"name\":\"Maga C\u00f3rdova: \u201cMil Gracias (KARMA) representa lo que soy hoy\\\" &#8902; Una y Mil Letras\",\"isPartOf\":{\"@id\":\"http:\\\/\\\/unaymilletras.com\\\/#website\"},\"primaryImageOfPage\":{\"@id\":\"https:\\\/\\\/unaymilletras.com\\\/maga-cordova-mil-gracias-karma-representa-lo-que-soy-hoy\\\/#primaryimage\"},\"image\":{\"@id\":\"https:\\\/\\\/unaymilletras.com\\\/maga-cordova-mil-gracias-karma-representa-lo-que-soy-hoy\\\/#primaryimage\"},\"thumbnailUrl\":\"https:\\\/\\\/unaymilletras.com\\\/wp-content\\\/uploads\\\/2024\\\/03\\\/MagaVI-scaled-e1710317701104.jpg\",\"datePublished\":\"2024-03-13T14:00:00+00:00\",\"dateModified\":\"2024-03-13T15:20:03+00:00\",\"description\":\"Maga C\u00f3rdova presenta su nueva canci\u00f3n, Mil Gracias (KARMA), con la cual comienza una nueva etapa de su vida\",\"breadcrumb\":{\"@id\":\"https:\\\/\\\/unaymilletras.com\\\/maga-cordova-mil-gracias-karma-representa-lo-que-soy-hoy\\\/#breadcrumb\"},\"inLanguage\":\"en-GB\",\"potentialAction\":[{\"@type\":\"ReadAction\",\"target\":[\"https:\\\/\\\/unaymilletras.com\\\/maga-cordova-mil-gracias-karma-representa-lo-que-soy-hoy\\\/\"]}]},{\"@type\":\"ImageObject\",\"inLanguage\":\"en-GB\",\"@id\":\"https:\\\/\\\/unaymilletras.com\\\/maga-cordova-mil-gracias-karma-representa-lo-que-soy-hoy\\\/#primaryimage\",\"url\":\"https:\\\/\\\/unaymilletras.com\\\/wp-content\\\/uploads\\\/2024\\\/03\\\/MagaVI-scaled-e1710317701104.jpg\",\"contentUrl\":\"https:\\\/\\\/unaymilletras.com\\\/wp-content\\\/uploads\\\/2024\\\/03\\\/MagaVI-scaled-e1710317701104.jpg\",\"width\":600,\"height\":900},{\"@type\":\"BreadcrumbList\",\"@id\":\"https:\\\/\\\/unaymilletras.com\\\/maga-cordova-mil-gracias-karma-representa-lo-que-soy-hoy\\\/#breadcrumb\",\"itemListElement\":[{\"@type\":\"ListItem\",\"position\":1,\"name\":\"Home\",\"item\":\"http:\\\/\\\/unaymilletras.com\\\/\"},{\"@type\":\"ListItem\",\"position\":2,\"name\":\"Maga C\u00f3rdova: \u201cMil Gracias (KARMA) representa lo que soy hoy\u00bb\"}]},{\"@type\":\"WebSite\",\"@id\":\"http:\\\/\\\/unaymilletras.com\\\/#website\",\"url\":\"http:\\\/\\\/unaymilletras.com\\\/\",\"name\":\"Una y Mil Letras\",\"description\":\"\",\"publisher\":{\"@id\":\"http:\\\/\\\/unaymilletras.com\\\/#organization\"},\"potentialAction\":[{\"@type\":\"SearchAction\",\"target\":{\"@type\":\"EntryPoint\",\"urlTemplate\":\"http:\\\/\\\/unaymilletras.com\\\/?s={search_term_string}\"},\"query-input\":{\"@type\":\"PropertyValueSpecification\",\"valueRequired\":true,\"valueName\":\"search_term_string\"}}],\"inLanguage\":\"en-GB\"},{\"@type\":\"Organization\",\"@id\":\"http:\\\/\\\/unaymilletras.com\\\/#organization\",\"name\":\"Una y Mil Letras\",\"url\":\"http:\\\/\\\/unaymilletras.com\\\/\",\"logo\":{\"@type\":\"ImageObject\",\"inLanguage\":\"en-GB\",\"@id\":\"http:\\\/\\\/unaymilletras.com\\\/#\\\/schema\\\/logo\\\/image\\\/\",\"url\":\"https:\\\/\\\/unaymilletras.com\\\/wp-content\\\/uploads\\\/2024\\\/06\\\/cropped-Logo-removebg-preview.png\",\"contentUrl\":\"https:\\\/\\\/unaymilletras.com\\\/wp-content\\\/uploads\\\/2024\\\/06\\\/cropped-Logo-removebg-preview.png\",\"width\":512,\"height\":512,\"caption\":\"Una y Mil Letras\"},\"image\":{\"@id\":\"http:\\\/\\\/unaymilletras.com\\\/#\\\/schema\\\/logo\\\/image\\\/\"},\"sameAs\":[\"https:\\\/\\\/x.com\\\/UnaYMilLetras\",\"https:\\\/\\\/instagram.com\\\/UnaYMilLetras\"]},{\"@type\":\"Person\",\"@id\":\"http:\\\/\\\/unaymilletras.com\\\/#\\\/schema\\\/person\\\/d55ba681b8a4e463d8982dbe36a5dc94\",\"name\":\"Maria Gil Robledo\",\"image\":{\"@type\":\"ImageObject\",\"inLanguage\":\"en-GB\",\"@id\":\"https:\\\/\\\/secure.gravatar.com\\\/avatar\\\/4b8e5102e0015789407eb4870b12f0f2857952d83ca124058f92b764bd1840c3?s=96&d=mm&r=g\",\"url\":\"https:\\\/\\\/secure.gravatar.com\\\/avatar\\\/4b8e5102e0015789407eb4870b12f0f2857952d83ca124058f92b764bd1840c3?s=96&d=mm&r=g\",\"contentUrl\":\"https:\\\/\\\/secure.gravatar.com\\\/avatar\\\/4b8e5102e0015789407eb4870b12f0f2857952d83ca124058f92b764bd1840c3?s=96&d=mm&r=g\",\"caption\":\"Maria Gil Robledo\"},\"sameAs\":[\"http:\\\/\\\/unaymilletras.com\"],\"url\":\"https:\\\/\\\/unaymilletras.com\\\/en\\\/author\\\/mariiagiil02_\\\/\"}]}<\/script>\n<!-- \/ Yoast SEO plugin. -->","yoast_head_json":{"title":"Maga C\u00f3rdova: \u201cMil Gracias (KARMA) representa lo que soy hoy\" &#8902; Una y Mil Letras","description":"Maga C\u00f3rdova presenta su nueva canci\u00f3n, Mil Gracias (KARMA), con la cual comienza una nueva etapa de su vida","robots":{"index":"index","follow":"follow","max-snippet":"max-snippet:-1","max-image-preview":"max-image-preview:large","max-video-preview":"max-video-preview:-1"},"canonical":"https:\/\/unaymilletras.com\/en\/maga-cordova-mil-gracias-karma-representa-lo-que-soy-hoy\/","og_locale":"en_GB","og_type":"article","og_title":"Maga C\u00f3rdova: \u201cMil Gracias (KARMA) representa lo que soy hoy\" &#8902; Una y Mil Letras","og_description":"Maga C\u00f3rdova presenta su nueva canci\u00f3n, Mil Gracias (KARMA), con la cual comienza una nueva etapa de su vida","og_url":"https:\/\/unaymilletras.com\/en\/maga-cordova-mil-gracias-karma-representa-lo-que-soy-hoy\/","og_site_name":"Una y Mil Letras","article_published_time":"2024-03-13T14:00:00+00:00","article_modified_time":"2024-03-13T15:20:03+00:00","og_image":[{"width":600,"height":900,"url":"http:\/\/unaymilletras.com\/wp-content\/uploads\/2024\/03\/MagaVI-scaled-e1710317701104.jpg","type":"image\/jpeg"}],"author":"Maria Gil Robledo","twitter_card":"summary_large_image","twitter_creator":"@UnaYMilLetras","twitter_site":"@UnaYMilLetras","twitter_misc":{"Written by":"Maria Gil Robledo","Estimated reading time":"13 minutes"},"schema":{"@context":"https:\/\/schema.org","@graph":[{"@type":"Article","@id":"https:\/\/unaymilletras.com\/maga-cordova-mil-gracias-karma-representa-lo-que-soy-hoy\/#article","isPartOf":{"@id":"https:\/\/unaymilletras.com\/maga-cordova-mil-gracias-karma-representa-lo-que-soy-hoy\/"},"author":{"name":"Maria Gil Robledo","@id":"http:\/\/unaymilletras.com\/#\/schema\/person\/d55ba681b8a4e463d8982dbe36a5dc94"},"headline":"Maga C\u00f3rdova: \u201cMil Gracias (KARMA) representa lo que soy hoy\u00bb","datePublished":"2024-03-13T14:00:00+00:00","dateModified":"2024-03-13T15:20:03+00:00","mainEntityOfPage":{"@id":"https:\/\/unaymilletras.com\/maga-cordova-mil-gracias-karma-representa-lo-que-soy-hoy\/"},"wordCount":2661,"commentCount":0,"publisher":{"@id":"http:\/\/unaymilletras.com\/#organization"},"image":{"@id":"https:\/\/unaymilletras.com\/maga-cordova-mil-gracias-karma-representa-lo-que-soy-hoy\/#primaryimage"},"thumbnailUrl":"https:\/\/unaymilletras.com\/wp-content\/uploads\/2024\/03\/MagaVI-scaled-e1710317701104.jpg","articleSection":["Entrevistas","M\u00fasica"],"inLanguage":"en-GB","potentialAction":[{"@type":"CommentAction","name":"Comment","target":["https:\/\/unaymilletras.com\/maga-cordova-mil-gracias-karma-representa-lo-que-soy-hoy\/#respond"]}]},{"@type":"WebPage","@id":"https:\/\/unaymilletras.com\/maga-cordova-mil-gracias-karma-representa-lo-que-soy-hoy\/","url":"https:\/\/unaymilletras.com\/maga-cordova-mil-gracias-karma-representa-lo-que-soy-hoy\/","name":"Maga C\u00f3rdova: \u201cMil Gracias (KARMA) representa lo que soy hoy\" &#8902; Una y Mil Letras","isPartOf":{"@id":"http:\/\/unaymilletras.com\/#website"},"primaryImageOfPage":{"@id":"https:\/\/unaymilletras.com\/maga-cordova-mil-gracias-karma-representa-lo-que-soy-hoy\/#primaryimage"},"image":{"@id":"https:\/\/unaymilletras.com\/maga-cordova-mil-gracias-karma-representa-lo-que-soy-hoy\/#primaryimage"},"thumbnailUrl":"https:\/\/unaymilletras.com\/wp-content\/uploads\/2024\/03\/MagaVI-scaled-e1710317701104.jpg","datePublished":"2024-03-13T14:00:00+00:00","dateModified":"2024-03-13T15:20:03+00:00","description":"Maga C\u00f3rdova presenta su nueva canci\u00f3n, Mil Gracias (KARMA), con la cual comienza una nueva etapa de su vida","breadcrumb":{"@id":"https:\/\/unaymilletras.com\/maga-cordova-mil-gracias-karma-representa-lo-que-soy-hoy\/#breadcrumb"},"inLanguage":"en-GB","potentialAction":[{"@type":"ReadAction","target":["https:\/\/unaymilletras.com\/maga-cordova-mil-gracias-karma-representa-lo-que-soy-hoy\/"]}]},{"@type":"ImageObject","inLanguage":"en-GB","@id":"https:\/\/unaymilletras.com\/maga-cordova-mil-gracias-karma-representa-lo-que-soy-hoy\/#primaryimage","url":"https:\/\/unaymilletras.com\/wp-content\/uploads\/2024\/03\/MagaVI-scaled-e1710317701104.jpg","contentUrl":"https:\/\/unaymilletras.com\/wp-content\/uploads\/2024\/03\/MagaVI-scaled-e1710317701104.jpg","width":600,"height":900},{"@type":"BreadcrumbList","@id":"https:\/\/unaymilletras.com\/maga-cordova-mil-gracias-karma-representa-lo-que-soy-hoy\/#breadcrumb","itemListElement":[{"@type":"ListItem","position":1,"name":"Home","item":"http:\/\/unaymilletras.com\/"},{"@type":"ListItem","position":2,"name":"Maga C\u00f3rdova: \u201cMil Gracias (KARMA) representa lo que soy hoy\u00bb"}]},{"@type":"WebSite","@id":"http:\/\/unaymilletras.com\/#website","url":"http:\/\/unaymilletras.com\/","name":"Una y Mil Letras","description":"","publisher":{"@id":"http:\/\/unaymilletras.com\/#organization"},"potentialAction":[{"@type":"SearchAction","target":{"@type":"EntryPoint","urlTemplate":"http:\/\/unaymilletras.com\/?s={search_term_string}"},"query-input":{"@type":"PropertyValueSpecification","valueRequired":true,"valueName":"search_term_string"}}],"inLanguage":"en-GB"},{"@type":"Organization","@id":"http:\/\/unaymilletras.com\/#organization","name":"Una y Mil Letras","url":"http:\/\/unaymilletras.com\/","logo":{"@type":"ImageObject","inLanguage":"en-GB","@id":"http:\/\/unaymilletras.com\/#\/schema\/logo\/image\/","url":"https:\/\/unaymilletras.com\/wp-content\/uploads\/2024\/06\/cropped-Logo-removebg-preview.png","contentUrl":"https:\/\/unaymilletras.com\/wp-content\/uploads\/2024\/06\/cropped-Logo-removebg-preview.png","width":512,"height":512,"caption":"Una y Mil Letras"},"image":{"@id":"http:\/\/unaymilletras.com\/#\/schema\/logo\/image\/"},"sameAs":["https:\/\/x.com\/UnaYMilLetras","https:\/\/instagram.com\/UnaYMilLetras"]},{"@type":"Person","@id":"http:\/\/unaymilletras.com\/#\/schema\/person\/d55ba681b8a4e463d8982dbe36a5dc94","name":"Maria Gil Robledo","image":{"@type":"ImageObject","inLanguage":"en-GB","@id":"https:\/\/secure.gravatar.com\/avatar\/4b8e5102e0015789407eb4870b12f0f2857952d83ca124058f92b764bd1840c3?s=96&d=mm&r=g","url":"https:\/\/secure.gravatar.com\/avatar\/4b8e5102e0015789407eb4870b12f0f2857952d83ca124058f92b764bd1840c3?s=96&d=mm&r=g","contentUrl":"https:\/\/secure.gravatar.com\/avatar\/4b8e5102e0015789407eb4870b12f0f2857952d83ca124058f92b764bd1840c3?s=96&d=mm&r=g","caption":"Maria Gil Robledo"},"sameAs":["http:\/\/unaymilletras.com"],"url":"https:\/\/unaymilletras.com\/en\/author\/mariiagiil02_\/"}]}},"_links":{"self":[{"href":"https:\/\/unaymilletras.com\/en\/wp-json\/wp\/v2\/posts\/2348","targetHints":{"allow":["GET"]}}],"collection":[{"href":"https:\/\/unaymilletras.com\/en\/wp-json\/wp\/v2\/posts"}],"about":[{"href":"https:\/\/unaymilletras.com\/en\/wp-json\/wp\/v2\/types\/post"}],"author":[{"embeddable":true,"href":"https:\/\/unaymilletras.com\/en\/wp-json\/wp\/v2\/users\/1"}],"replies":[{"embeddable":true,"href":"https:\/\/unaymilletras.com\/en\/wp-json\/wp\/v2\/comments?post=2348"}],"version-history":[{"count":9,"href":"https:\/\/unaymilletras.com\/en\/wp-json\/wp\/v2\/posts\/2348\/revisions"}],"predecessor-version":[{"id":2361,"href":"https:\/\/unaymilletras.com\/en\/wp-json\/wp\/v2\/posts\/2348\/revisions\/2361"}],"wp:featuredmedia":[{"embeddable":true,"href":"https:\/\/unaymilletras.com\/en\/wp-json\/wp\/v2\/media\/2352"}],"wp:attachment":[{"href":"https:\/\/unaymilletras.com\/en\/wp-json\/wp\/v2\/media?parent=2348"}],"wp:term":[{"taxonomy":"category","embeddable":true,"href":"https:\/\/unaymilletras.com\/en\/wp-json\/wp\/v2\/categories?post=2348"},{"taxonomy":"post_tag","embeddable":true,"href":"https:\/\/unaymilletras.com\/en\/wp-json\/wp\/v2\/tags?post=2348"}],"curies":[{"name":"wp","href":"https:\/\/api.w.org\/{rel}","templated":true}]}}