{"id":2362,"date":"2024-03-19T00:06:32","date_gmt":"2024-03-18T23:06:32","guid":{"rendered":"https:\/\/unaymilletras.com\/?p=2362"},"modified":"2024-03-19T00:13:39","modified_gmt":"2024-03-18T23:13:39","slug":"milo-j-termina-su-gira-en-madrid-tras-emocionar-a-6-ciudades-espanolas","status":"publish","type":"post","link":"https:\/\/unaymilletras.com\/en\/milo-j-termina-su-gira-en-madrid-tras-emocionar-a-6-ciudades-espanolas\/","title":{"rendered":"Milo J termina su gira en Madrid tras emocionar a 6 ciudades espa\u00f1olas"},"content":{"rendered":"<div data-elementor-type=\"wp-post\" data-elementor-id=\"2362\" class=\"elementor elementor-2362\">\n\t\t\t\t\t\t<section class=\"elementor-section elementor-top-section elementor-element elementor-element-7ee7a6d elementor-section-boxed elementor-section-height-default elementor-section-height-default\" data-id=\"7ee7a6d\" data-element_type=\"section\" data-e-type=\"section\">\n\t\t\t\t\t\t<div class=\"elementor-container elementor-column-gap-default\">\n\t\t\t\t\t<div class=\"elementor-column elementor-col-100 elementor-top-column elementor-element elementor-element-3a75bbf\" data-id=\"3a75bbf\" data-element_type=\"column\" data-e-type=\"column\">\n\t\t\t<div class=\"elementor-widget-wrap elementor-element-populated\">\n\t\t\t\t\t\t<div class=\"elementor-element elementor-element-bae2dbe elementor-widget elementor-widget-text-editor\" data-id=\"bae2dbe\" data-element_type=\"widget\" data-e-type=\"widget\" data-widget_type=\"text-editor.default\">\n\t\t\t\t<div class=\"elementor-widget-container\">\n\t\t\t\t\t\t\t\t\t<h2 style=\"text-align: center;\"><span style=\"color: #808080;\"><em>Con tan solo 17 a\u00f1os, Milo J, ha conseguido vender todas las entradas de su primera gira por Espa\u00f1a para presentar su \u00e1lbum \u201c111\u201d<\/em><\/span><\/h2>\t\t\t\t\t\t\t\t<\/div>\n\t\t\t\t<\/div>\n\t\t\t\t\t<\/div>\n\t\t<\/div>\n\t\t\t\t\t<\/div>\n\t\t<\/section>\n\t\t\t\t<section class=\"elementor-section elementor-top-section elementor-element elementor-element-f87fdfe elementor-section-boxed elementor-section-height-default elementor-section-height-default\" data-id=\"f87fdfe\" data-element_type=\"section\" data-e-type=\"section\">\n\t\t\t\t\t\t<div class=\"elementor-container elementor-column-gap-default\">\n\t\t\t\t\t<div class=\"elementor-column elementor-col-100 elementor-top-column elementor-element elementor-element-82943ea\" data-id=\"82943ea\" data-element_type=\"column\" data-e-type=\"column\">\n\t\t\t<div class=\"elementor-widget-wrap elementor-element-populated\">\n\t\t\t\t\t\t<div class=\"elementor-element elementor-element-fffb50e elementor-widget elementor-widget-text-editor\" data-id=\"fffb50e\" data-element_type=\"widget\" data-e-type=\"widget\" data-widget_type=\"text-editor.default\">\n\t\t\t\t<div class=\"elementor-widget-container\">\n\t\t\t\t\t\t\t\t\t<p><span style=\"color: #808080;\">El 1 de marzo daba comienzo en A Coru\u00f1a la primera <a style=\"color: #808080;\" href=\"https:\/\/unaymilletras.com\/en\/milo-j-imparable-en-espana\/\">gira<\/a> de <strong>Milo J<\/strong> en Espa\u00f1a. Aunque anteriormente ya hab\u00eda ofrecido dos conciertos en Madrid y Barcelona, esta vez ha cruzado el charco para presentar <strong><em><a style=\"color: #808080;\" href=\"https:\/\/open.spotify.com\/intl-es\/album\/338cbfABt3duRORfvNeqLT?si=FD8VDRdYSE6eg6qdCzx4vA\">111<\/a><\/em><\/strong> e incluir muchas fechas m\u00e1s adem\u00e1s de actuar en recintos m\u00e1s grandes. En las seis fechas que compon\u00edan la gira ha conseguido colgar el cartel de \u201centradas agotadas\u201d, demostrando as\u00ed la buena acogida del artista argentino en Espa\u00f1a.<\/span><\/p>\t\t\t\t\t\t\t\t<\/div>\n\t\t\t\t<\/div>\n\t\t\t\t\t<\/div>\n\t\t<\/div>\n\t\t\t\t\t<\/div>\n\t\t<\/section>\n\t\t\t\t<section class=\"elementor-section elementor-top-section elementor-element elementor-element-a915929 elementor-section-boxed elementor-section-height-default elementor-section-height-default\" data-id=\"a915929\" data-element_type=\"section\" data-e-type=\"section\">\n\t\t\t\t\t\t<div class=\"elementor-container elementor-column-gap-default\">\n\t\t\t\t\t<div class=\"elementor-column elementor-col-100 elementor-top-column elementor-element elementor-element-58e5ddb\" data-id=\"58e5ddb\" data-element_type=\"column\" data-e-type=\"column\">\n\t\t\t<div class=\"elementor-widget-wrap elementor-element-populated\">\n\t\t\t\t\t\t<div class=\"elementor-element elementor-element-e220868 elementor-widget elementor-widget-image\" data-id=\"e220868\" data-element_type=\"widget\" data-e-type=\"widget\" data-widget_type=\"image.default\">\n\t\t\t\t<div class=\"elementor-widget-container\">\n\t\t\t\t\t\t\t\t\t\t\t\t\t\t\t<img fetchpriority=\"high\" decoding=\"async\" width=\"640\" height=\"427\" src=\"https:\/\/unaymilletras.com\/wp-content\/uploads\/2024\/03\/HorsProducciones-42-1024x683.jpg\" class=\"attachment-large size-large wp-image-2365\" alt=\"Milo J\" srcset=\"https:\/\/unaymilletras.com\/wp-content\/uploads\/2024\/03\/HorsProducciones-42-1024x683.jpg 1024w, https:\/\/unaymilletras.com\/wp-content\/uploads\/2024\/03\/HorsProducciones-42-300x200.jpg 300w, https:\/\/unaymilletras.com\/wp-content\/uploads\/2024\/03\/HorsProducciones-42-768x512.jpg 768w, https:\/\/unaymilletras.com\/wp-content\/uploads\/2024\/03\/HorsProducciones-42-1536x1024.jpg 1536w, https:\/\/unaymilletras.com\/wp-content\/uploads\/2024\/03\/HorsProducciones-42-2048x1365.jpg 2048w, https:\/\/unaymilletras.com\/wp-content\/uploads\/2024\/03\/HorsProducciones-42-scaled-e1710802251834.jpg 600w\" sizes=\"(max-width: 640px) 100vw, 640px\" \/>\t\t\t\t\t\t\t\t\t\t\t\t\t\t\t<\/div>\n\t\t\t\t<\/div>\n\t\t\t\t\t<\/div>\n\t\t<\/div>\n\t\t\t\t\t<\/div>\n\t\t<\/section>\n\t\t\t\t<section class=\"elementor-section elementor-top-section elementor-element elementor-element-e5b36c8 elementor-section-boxed elementor-section-height-default elementor-section-height-default\" data-id=\"e5b36c8\" data-element_type=\"section\" data-e-type=\"section\">\n\t\t\t\t\t\t<div class=\"elementor-container elementor-column-gap-default\">\n\t\t\t\t\t<div class=\"elementor-column elementor-col-100 elementor-top-column elementor-element elementor-element-e269b61\" data-id=\"e269b61\" data-element_type=\"column\" data-e-type=\"column\">\n\t\t\t<div class=\"elementor-widget-wrap elementor-element-populated\">\n\t\t\t\t\t\t<div class=\"elementor-element elementor-element-f2f19a7 elementor-widget elementor-widget-text-editor\" data-id=\"f2f19a7\" data-element_type=\"widget\" data-e-type=\"widget\" data-widget_type=\"text-editor.default\">\n\t\t\t\t<div class=\"elementor-widget-container\">\n\t\t\t\t\t\t\t\t\t<p>Desde que sonaba la intro ya se pod\u00eda apreciar ese ambiente m\u00e1gico que se iba a disfrutar durante todo el concierto. Con l\u00e1grimas en los ojos cantaban <strong><em>SINCERA TE<\/em><\/strong>, <strong><em>DOM1NGO<\/em><\/strong>,<strong><em> TU MANTA <\/em><\/strong>o<b style=\"font-style: italic;\"> Rinc\u00f3n, <\/b>pero tambi\u00e9n hubo tiempo para bailar con canciones como <strong><em>UNA BALA&nbsp;<\/em><\/strong>o hacer pogos con <strong><em>Fruto <\/em><\/strong>o la<strong><em> Bzrp Session Vol. 57<\/em><\/strong>. Asimismo, tambi\u00e9n cant\u00f3 \u00e9xitos como <strong><em>M.A.I<\/em><\/strong> o su colaboraci\u00f3n con Nicki Nicole, quien tendr\u00e1 su propio concierto este jueves en Madrid.<\/p>\n<p style=\"text-align: center;\"><strong>SET LIST<br><\/strong><em>INTRO <\/em><br><em>1708<\/em><br><em>MORNING <\/em><br><em>FLA<\/em><br><em>TOI EN EL MIC<\/em><br><em>NO SOY ETERNO<\/em><br><em>MOROCHA<\/em><br><em>TU MANTA<\/em><br><em>TUS VUELTAS<\/em><br><em>CARENCIAS<\/em><br><em>SINCERATE<\/em><br><em>ALUMBRE<\/em><br><em>A1RE<\/em><br><em>DISPARA<\/em><br><em>NO ESTOY<\/em><br><em>MI ULTIMO PESO<\/em><br><em>VALORES DEL WEST <\/em><br><em>AL BORDE<\/em><br><em>VITALICIO<\/em><br><em>PENAS DE ANTA\u00d1O<\/em><br><em> RINCON<\/em><br><em>DOMINGO<\/em><br><em>M.A.I<\/em><\/p>\n<p>A sus 17 a\u00f1os, Milo J ya se ha consolidado como uno de los artistas argentinos m\u00e1s importantes, gan\u00e1ndose un gran hueco dentro del g\u00e9nero urbano. En <em>111<\/em> se ha abierto con su p\u00fablico a trav\u00e9s de sus letras y en cada uno de los conciertos han cogido un significado mayor al emocionar a los asistentes tras escucharlas en directo<\/p>\t\t\t\t\t\t\t\t<\/div>\n\t\t\t\t<\/div>\n\t\t\t\t\t<\/div>\n\t\t<\/div>\n\t\t\t\t\t<\/div>\n\t\t<\/section>\n\t\t\t\t<section class=\"elementor-section elementor-top-section elementor-element elementor-element-55c1ae4 elementor-section-boxed elementor-section-height-default elementor-section-height-default\" data-id=\"55c1ae4\" data-element_type=\"section\" data-e-type=\"section\">\n\t\t\t\t\t\t<div class=\"elementor-container elementor-column-gap-default\">\n\t\t\t\t\t<div class=\"elementor-column elementor-col-50 elementor-top-column elementor-element elementor-element-fcab9d3\" data-id=\"fcab9d3\" data-element_type=\"column\" data-e-type=\"column\">\n\t\t\t<div class=\"elementor-widget-wrap elementor-element-populated\">\n\t\t\t\t\t\t<div class=\"elementor-element elementor-element-a3cdbe0 elementor-widget elementor-widget-image\" data-id=\"a3cdbe0\" data-element_type=\"widget\" data-e-type=\"widget\" data-widget_type=\"image.default\">\n\t\t\t\t<div class=\"elementor-widget-container\">\n\t\t\t\t\t\t\t\t\t\t\t\t\t\t\t<img decoding=\"async\" width=\"640\" height=\"960\" src=\"https:\/\/unaymilletras.com\/wp-content\/uploads\/2024\/03\/HorsProducciones-94-683x1024.jpg\" class=\"attachment-large size-large wp-image-2368\" alt=\"\" srcset=\"https:\/\/unaymilletras.com\/wp-content\/uploads\/2024\/03\/HorsProducciones-94-683x1024.jpg 683w, https:\/\/unaymilletras.com\/wp-content\/uploads\/2024\/03\/HorsProducciones-94-200x300.jpg 200w, https:\/\/unaymilletras.com\/wp-content\/uploads\/2024\/03\/HorsProducciones-94-768x1152.jpg 768w, https:\/\/unaymilletras.com\/wp-content\/uploads\/2024\/03\/HorsProducciones-94-1024x1536.jpg 1024w, https:\/\/unaymilletras.com\/wp-content\/uploads\/2024\/03\/HorsProducciones-94-1365x2048.jpg 1365w, https:\/\/unaymilletras.com\/wp-content\/uploads\/2024\/03\/HorsProducciones-94-scaled-e1710802403965.jpg 600w\" sizes=\"(max-width: 640px) 100vw, 640px\" \/>\t\t\t\t\t\t\t\t\t\t\t\t\t\t\t<\/div>\n\t\t\t\t<\/div>\n\t\t\t\t\t<\/div>\n\t\t<\/div>\n\t\t\t\t<div class=\"elementor-column elementor-col-50 elementor-top-column elementor-element elementor-element-14a9649\" data-id=\"14a9649\" data-element_type=\"column\" data-e-type=\"column\">\n\t\t\t<div class=\"elementor-widget-wrap elementor-element-populated\">\n\t\t\t\t\t\t<div class=\"elementor-element elementor-element-6ac2d44 elementor-widget elementor-widget-image\" data-id=\"6ac2d44\" data-element_type=\"widget\" data-e-type=\"widget\" data-widget_type=\"image.default\">\n\t\t\t\t<div class=\"elementor-widget-container\">\n\t\t\t\t\t\t\t\t\t\t\t\t\t\t\t<img decoding=\"async\" width=\"640\" height=\"960\" src=\"https:\/\/unaymilletras.com\/wp-content\/uploads\/2024\/03\/HorsProducciones-14-683x1024.jpg\" class=\"attachment-large size-large wp-image-2367\" alt=\"Milo J\" srcset=\"https:\/\/unaymilletras.com\/wp-content\/uploads\/2024\/03\/HorsProducciones-14-683x1024.jpg 683w, https:\/\/unaymilletras.com\/wp-content\/uploads\/2024\/03\/HorsProducciones-14-200x300.jpg 200w, https:\/\/unaymilletras.com\/wp-content\/uploads\/2024\/03\/HorsProducciones-14-768x1152.jpg 768w, https:\/\/unaymilletras.com\/wp-content\/uploads\/2024\/03\/HorsProducciones-14-1024x1536.jpg 1024w, https:\/\/unaymilletras.com\/wp-content\/uploads\/2024\/03\/HorsProducciones-14-1365x2048.jpg 1365w, https:\/\/unaymilletras.com\/wp-content\/uploads\/2024\/03\/HorsProducciones-14-scaled-e1710802422950.jpg 600w\" sizes=\"(max-width: 640px) 100vw, 640px\" \/>\t\t\t\t\t\t\t\t\t\t\t\t\t\t\t<\/div>\n\t\t\t\t<\/div>\n\t\t\t\t\t<\/div>\n\t\t<\/div>\n\t\t\t\t\t<\/div>\n\t\t<\/section>\n\t\t\t\t<section class=\"elementor-section elementor-top-section elementor-element elementor-element-9d6bab8 elementor-section-boxed elementor-section-height-default elementor-section-height-default\" data-id=\"9d6bab8\" data-element_type=\"section\" data-e-type=\"section\">\n\t\t\t\t\t\t<div class=\"elementor-container elementor-column-gap-default\">\n\t\t\t\t\t<div class=\"elementor-column elementor-col-100 elementor-top-column elementor-element elementor-element-8d14b2c\" data-id=\"8d14b2c\" data-element_type=\"column\" data-e-type=\"column\">\n\t\t\t<div class=\"elementor-widget-wrap elementor-element-populated\">\n\t\t\t\t\t\t<div class=\"elementor-element elementor-element-e6a1960 elementor-widget elementor-widget-text-editor\" data-id=\"e6a1960\" data-element_type=\"widget\" data-e-type=\"widget\" data-widget_type=\"text-editor.default\">\n\t\t\t\t<div class=\"elementor-widget-container\">\n\t\t\t\t\t\t\t\t\t<p>El argentino ha logrado conectar con todos sus fans de Coru\u00f1a, Pamplona, Valencia, Barcelona, Sevilla y Madrid durante este mes de marzo. Tres fines de semana en los que los asistentes a los shows han cantado, gritado y llorando con la m\u00fasica de Milo J. Un espect\u00e1culo \u00fanico y especial que deja a todos con ganas de repetir.<\/p>\t\t\t\t\t\t\t\t<\/div>\n\t\t\t\t<\/div>\n\t\t\t\t\t<\/div>\n\t\t<\/div>\n\t\t\t\t\t<\/div>\n\t\t<\/section>\n\t\t\t\t<\/div>","protected":false},"excerpt":{"rendered":"<p>Con tan solo 17 a\u00f1os, Milo J, ha conseguido vender todas las entradas de su primera gira por Espa\u00f1a para presentar su \u00e1lbum \u201c111\u201d El 1 de marzo daba comienzo en A Coru\u00f1a la primera gira de Milo J en Espa\u00f1a. Aunque anteriormente ya hab\u00eda ofrecido dos conciertos en Madrid y Barcelona, esta vez ha [&hellip;]<\/p>\n","protected":false},"author":1,"featured_media":2367,"comment_status":"open","ping_status":"open","sticky":false,"template":"","format":"standard","meta":{"footnotes":""},"categories":[4],"tags":[],"class_list":["post-2362","post","type-post","status-publish","format-standard","has-post-thumbnail","hentry","category-musica"],"yoast_head":"<!-- This site is optimized with the Yoast SEO plugin v27.4 - https:\/\/yoast.com\/product\/yoast-seo-wordpress\/ -->\n<title>Milo J termina su gira en Madrid tras emocionar a 6 ciudades espa\u00f1olas<\/title>\n<meta name=\"description\" content=\"Con tan solo 17 a\u00f1os, Milo J, ha conseguido vender todas las entradas de su primera gira por Espa\u00f1a para presentar su \u00e1lbum \u201c111\u201d\" \/>\n<meta name=\"robots\" content=\"index, follow, max-snippet:-1, max-image-preview:large, max-video-preview:-1\" \/>\n<link rel=\"canonical\" href=\"https:\/\/unaymilletras.com\/en\/milo-j-termina-su-gira-en-madrid-tras-emocionar-a-6-ciudades-espanolas\/\" \/>\n<meta property=\"og:locale\" content=\"en_GB\" \/>\n<meta property=\"og:type\" content=\"article\" \/>\n<meta property=\"og:title\" content=\"Milo J termina su gira en Madrid tras emocionar a 6 ciudades espa\u00f1olas\" \/>\n<meta property=\"og:description\" content=\"Con tan solo 17 a\u00f1os, Milo J, ha conseguido vender todas las entradas de su primera gira por Espa\u00f1a para presentar su \u00e1lbum \u201c111\u201d\" \/>\n<meta property=\"og:url\" content=\"https:\/\/unaymilletras.com\/en\/milo-j-termina-su-gira-en-madrid-tras-emocionar-a-6-ciudades-espanolas\/\" \/>\n<meta property=\"og:site_name\" content=\"Una y Mil Letras\" \/>\n<meta property=\"article:published_time\" content=\"2024-03-18T23:06:32+00:00\" \/>\n<meta property=\"article:modified_time\" content=\"2024-03-18T23:13:39+00:00\" \/>\n<meta property=\"og:image\" content=\"http:\/\/unaymilletras.com\/wp-content\/uploads\/2024\/03\/HorsProducciones-14-scaled-e1710802422950.jpg\" \/>\n\t<meta property=\"og:image:width\" content=\"600\" \/>\n\t<meta property=\"og:image:height\" content=\"900\" \/>\n\t<meta property=\"og:image:type\" content=\"image\/jpeg\" \/>\n<meta name=\"author\" content=\"Maria Gil Robledo\" \/>\n<meta name=\"twitter:card\" content=\"summary_large_image\" \/>\n<meta name=\"twitter:creator\" content=\"@UnaYMilLetras\" \/>\n<meta name=\"twitter:site\" content=\"@UnaYMilLetras\" \/>\n<meta name=\"twitter:label1\" content=\"Written by\" \/>\n\t<meta name=\"twitter:data1\" content=\"Maria Gil Robledo\" \/>\n\t<meta name=\"twitter:label2\" content=\"Estimated reading time\" \/>\n\t<meta name=\"twitter:data2\" content=\"3 minutes\" \/>\n<script type=\"application\/ld+json\" class=\"yoast-schema-graph\">{\"@context\":\"https:\\\/\\\/schema.org\",\"@graph\":[{\"@type\":\"Article\",\"@id\":\"https:\\\/\\\/unaymilletras.com\\\/milo-j-termina-su-gira-en-madrid-tras-emocionar-a-6-ciudades-espanolas\\\/#article\",\"isPartOf\":{\"@id\":\"https:\\\/\\\/unaymilletras.com\\\/milo-j-termina-su-gira-en-madrid-tras-emocionar-a-6-ciudades-espanolas\\\/\"},\"author\":{\"name\":\"Maria Gil Robledo\",\"@id\":\"http:\\\/\\\/unaymilletras.com\\\/#\\\/schema\\\/person\\\/d55ba681b8a4e463d8982dbe36a5dc94\"},\"headline\":\"Milo J termina su gira en Madrid tras emocionar a 6 ciudades espa\u00f1olas\",\"datePublished\":\"2024-03-18T23:06:32+00:00\",\"dateModified\":\"2024-03-18T23:13:39+00:00\",\"mainEntityOfPage\":{\"@id\":\"https:\\\/\\\/unaymilletras.com\\\/milo-j-termina-su-gira-en-madrid-tras-emocionar-a-6-ciudades-espanolas\\\/\"},\"wordCount\":373,\"commentCount\":0,\"publisher\":{\"@id\":\"http:\\\/\\\/unaymilletras.com\\\/#organization\"},\"image\":{\"@id\":\"https:\\\/\\\/unaymilletras.com\\\/milo-j-termina-su-gira-en-madrid-tras-emocionar-a-6-ciudades-espanolas\\\/#primaryimage\"},\"thumbnailUrl\":\"https:\\\/\\\/unaymilletras.com\\\/wp-content\\\/uploads\\\/2024\\\/03\\\/HorsProducciones-14-scaled-e1710802422950.jpg\",\"articleSection\":[\"M\u00fasica\"],\"inLanguage\":\"en-GB\",\"potentialAction\":[{\"@type\":\"CommentAction\",\"name\":\"Comment\",\"target\":[\"https:\\\/\\\/unaymilletras.com\\\/milo-j-termina-su-gira-en-madrid-tras-emocionar-a-6-ciudades-espanolas\\\/#respond\"]}]},{\"@type\":\"WebPage\",\"@id\":\"https:\\\/\\\/unaymilletras.com\\\/milo-j-termina-su-gira-en-madrid-tras-emocionar-a-6-ciudades-espanolas\\\/\",\"url\":\"https:\\\/\\\/unaymilletras.com\\\/milo-j-termina-su-gira-en-madrid-tras-emocionar-a-6-ciudades-espanolas\\\/\",\"name\":\"Milo J termina su gira en Madrid tras emocionar a 6 ciudades espa\u00f1olas\",\"isPartOf\":{\"@id\":\"http:\\\/\\\/unaymilletras.com\\\/#website\"},\"primaryImageOfPage\":{\"@id\":\"https:\\\/\\\/unaymilletras.com\\\/milo-j-termina-su-gira-en-madrid-tras-emocionar-a-6-ciudades-espanolas\\\/#primaryimage\"},\"image\":{\"@id\":\"https:\\\/\\\/unaymilletras.com\\\/milo-j-termina-su-gira-en-madrid-tras-emocionar-a-6-ciudades-espanolas\\\/#primaryimage\"},\"thumbnailUrl\":\"https:\\\/\\\/unaymilletras.com\\\/wp-content\\\/uploads\\\/2024\\\/03\\\/HorsProducciones-14-scaled-e1710802422950.jpg\",\"datePublished\":\"2024-03-18T23:06:32+00:00\",\"dateModified\":\"2024-03-18T23:13:39+00:00\",\"description\":\"Con tan solo 17 a\u00f1os, Milo J, ha conseguido vender todas las entradas de su primera gira por Espa\u00f1a para presentar su \u00e1lbum \u201c111\u201d\",\"breadcrumb\":{\"@id\":\"https:\\\/\\\/unaymilletras.com\\\/milo-j-termina-su-gira-en-madrid-tras-emocionar-a-6-ciudades-espanolas\\\/#breadcrumb\"},\"inLanguage\":\"en-GB\",\"potentialAction\":[{\"@type\":\"ReadAction\",\"target\":[\"https:\\\/\\\/unaymilletras.com\\\/milo-j-termina-su-gira-en-madrid-tras-emocionar-a-6-ciudades-espanolas\\\/\"]}]},{\"@type\":\"ImageObject\",\"inLanguage\":\"en-GB\",\"@id\":\"https:\\\/\\\/unaymilletras.com\\\/milo-j-termina-su-gira-en-madrid-tras-emocionar-a-6-ciudades-espanolas\\\/#primaryimage\",\"url\":\"https:\\\/\\\/unaymilletras.com\\\/wp-content\\\/uploads\\\/2024\\\/03\\\/HorsProducciones-14-scaled-e1710802422950.jpg\",\"contentUrl\":\"https:\\\/\\\/unaymilletras.com\\\/wp-content\\\/uploads\\\/2024\\\/03\\\/HorsProducciones-14-scaled-e1710802422950.jpg\",\"width\":600,\"height\":900,\"caption\":\"Milo J\"},{\"@type\":\"BreadcrumbList\",\"@id\":\"https:\\\/\\\/unaymilletras.com\\\/milo-j-termina-su-gira-en-madrid-tras-emocionar-a-6-ciudades-espanolas\\\/#breadcrumb\",\"itemListElement\":[{\"@type\":\"ListItem\",\"position\":1,\"name\":\"Home\",\"item\":\"http:\\\/\\\/unaymilletras.com\\\/\"},{\"@type\":\"ListItem\",\"position\":2,\"name\":\"Milo J termina su gira en Madrid tras emocionar a 6 ciudades espa\u00f1olas\"}]},{\"@type\":\"WebSite\",\"@id\":\"http:\\\/\\\/unaymilletras.com\\\/#website\",\"url\":\"http:\\\/\\\/unaymilletras.com\\\/\",\"name\":\"Una y Mil Letras\",\"description\":\"\",\"publisher\":{\"@id\":\"http:\\\/\\\/unaymilletras.com\\\/#organization\"},\"potentialAction\":[{\"@type\":\"SearchAction\",\"target\":{\"@type\":\"EntryPoint\",\"urlTemplate\":\"http:\\\/\\\/unaymilletras.com\\\/?s={search_term_string}\"},\"query-input\":{\"@type\":\"PropertyValueSpecification\",\"valueRequired\":true,\"valueName\":\"search_term_string\"}}],\"inLanguage\":\"en-GB\"},{\"@type\":\"Organization\",\"@id\":\"http:\\\/\\\/unaymilletras.com\\\/#organization\",\"name\":\"Una y Mil Letras\",\"url\":\"http:\\\/\\\/unaymilletras.com\\\/\",\"logo\":{\"@type\":\"ImageObject\",\"inLanguage\":\"en-GB\",\"@id\":\"http:\\\/\\\/unaymilletras.com\\\/#\\\/schema\\\/logo\\\/image\\\/\",\"url\":\"https:\\\/\\\/unaymilletras.com\\\/wp-content\\\/uploads\\\/2024\\\/06\\\/cropped-Logo-removebg-preview.png\",\"contentUrl\":\"https:\\\/\\\/unaymilletras.com\\\/wp-content\\\/uploads\\\/2024\\\/06\\\/cropped-Logo-removebg-preview.png\",\"width\":512,\"height\":512,\"caption\":\"Una y Mil Letras\"},\"image\":{\"@id\":\"http:\\\/\\\/unaymilletras.com\\\/#\\\/schema\\\/logo\\\/image\\\/\"},\"sameAs\":[\"https:\\\/\\\/x.com\\\/UnaYMilLetras\",\"https:\\\/\\\/instagram.com\\\/UnaYMilLetras\"]},{\"@type\":\"Person\",\"@id\":\"http:\\\/\\\/unaymilletras.com\\\/#\\\/schema\\\/person\\\/d55ba681b8a4e463d8982dbe36a5dc94\",\"name\":\"Maria Gil Robledo\",\"image\":{\"@type\":\"ImageObject\",\"inLanguage\":\"en-GB\",\"@id\":\"https:\\\/\\\/secure.gravatar.com\\\/avatar\\\/4b8e5102e0015789407eb4870b12f0f2857952d83ca124058f92b764bd1840c3?s=96&d=mm&r=g\",\"url\":\"https:\\\/\\\/secure.gravatar.com\\\/avatar\\\/4b8e5102e0015789407eb4870b12f0f2857952d83ca124058f92b764bd1840c3?s=96&d=mm&r=g\",\"contentUrl\":\"https:\\\/\\\/secure.gravatar.com\\\/avatar\\\/4b8e5102e0015789407eb4870b12f0f2857952d83ca124058f92b764bd1840c3?s=96&d=mm&r=g\",\"caption\":\"Maria Gil Robledo\"},\"sameAs\":[\"http:\\\/\\\/unaymilletras.com\"],\"url\":\"https:\\\/\\\/unaymilletras.com\\\/en\\\/author\\\/mariiagiil02_\\\/\"}]}<\/script>\n<!-- \/ Yoast SEO plugin. -->","yoast_head_json":{"title":"Milo J termina su gira en Madrid tras emocionar a 6 ciudades espa\u00f1olas","description":"Con tan solo 17 a\u00f1os, Milo J, ha conseguido vender todas las entradas de su primera gira por Espa\u00f1a para presentar su \u00e1lbum \u201c111\u201d","robots":{"index":"index","follow":"follow","max-snippet":"max-snippet:-1","max-image-preview":"max-image-preview:large","max-video-preview":"max-video-preview:-1"},"canonical":"https:\/\/unaymilletras.com\/en\/milo-j-termina-su-gira-en-madrid-tras-emocionar-a-6-ciudades-espanolas\/","og_locale":"en_GB","og_type":"article","og_title":"Milo J termina su gira en Madrid tras emocionar a 6 ciudades espa\u00f1olas","og_description":"Con tan solo 17 a\u00f1os, Milo J, ha conseguido vender todas las entradas de su primera gira por Espa\u00f1a para presentar su \u00e1lbum \u201c111\u201d","og_url":"https:\/\/unaymilletras.com\/en\/milo-j-termina-su-gira-en-madrid-tras-emocionar-a-6-ciudades-espanolas\/","og_site_name":"Una y Mil Letras","article_published_time":"2024-03-18T23:06:32+00:00","article_modified_time":"2024-03-18T23:13:39+00:00","og_image":[{"width":600,"height":900,"url":"http:\/\/unaymilletras.com\/wp-content\/uploads\/2024\/03\/HorsProducciones-14-scaled-e1710802422950.jpg","type":"image\/jpeg"}],"author":"Maria Gil Robledo","twitter_card":"summary_large_image","twitter_creator":"@UnaYMilLetras","twitter_site":"@UnaYMilLetras","twitter_misc":{"Written by":"Maria Gil Robledo","Estimated reading time":"3 minutes"},"schema":{"@context":"https:\/\/schema.org","@graph":[{"@type":"Article","@id":"https:\/\/unaymilletras.com\/milo-j-termina-su-gira-en-madrid-tras-emocionar-a-6-ciudades-espanolas\/#article","isPartOf":{"@id":"https:\/\/unaymilletras.com\/milo-j-termina-su-gira-en-madrid-tras-emocionar-a-6-ciudades-espanolas\/"},"author":{"name":"Maria Gil Robledo","@id":"http:\/\/unaymilletras.com\/#\/schema\/person\/d55ba681b8a4e463d8982dbe36a5dc94"},"headline":"Milo J termina su gira en Madrid tras emocionar a 6 ciudades espa\u00f1olas","datePublished":"2024-03-18T23:06:32+00:00","dateModified":"2024-03-18T23:13:39+00:00","mainEntityOfPage":{"@id":"https:\/\/unaymilletras.com\/milo-j-termina-su-gira-en-madrid-tras-emocionar-a-6-ciudades-espanolas\/"},"wordCount":373,"commentCount":0,"publisher":{"@id":"http:\/\/unaymilletras.com\/#organization"},"image":{"@id":"https:\/\/unaymilletras.com\/milo-j-termina-su-gira-en-madrid-tras-emocionar-a-6-ciudades-espanolas\/#primaryimage"},"thumbnailUrl":"https:\/\/unaymilletras.com\/wp-content\/uploads\/2024\/03\/HorsProducciones-14-scaled-e1710802422950.jpg","articleSection":["M\u00fasica"],"inLanguage":"en-GB","potentialAction":[{"@type":"CommentAction","name":"Comment","target":["https:\/\/unaymilletras.com\/milo-j-termina-su-gira-en-madrid-tras-emocionar-a-6-ciudades-espanolas\/#respond"]}]},{"@type":"WebPage","@id":"https:\/\/unaymilletras.com\/milo-j-termina-su-gira-en-madrid-tras-emocionar-a-6-ciudades-espanolas\/","url":"https:\/\/unaymilletras.com\/milo-j-termina-su-gira-en-madrid-tras-emocionar-a-6-ciudades-espanolas\/","name":"Milo J termina su gira en Madrid tras emocionar a 6 ciudades espa\u00f1olas","isPartOf":{"@id":"http:\/\/unaymilletras.com\/#website"},"primaryImageOfPage":{"@id":"https:\/\/unaymilletras.com\/milo-j-termina-su-gira-en-madrid-tras-emocionar-a-6-ciudades-espanolas\/#primaryimage"},"image":{"@id":"https:\/\/unaymilletras.com\/milo-j-termina-su-gira-en-madrid-tras-emocionar-a-6-ciudades-espanolas\/#primaryimage"},"thumbnailUrl":"https:\/\/unaymilletras.com\/wp-content\/uploads\/2024\/03\/HorsProducciones-14-scaled-e1710802422950.jpg","datePublished":"2024-03-18T23:06:32+00:00","dateModified":"2024-03-18T23:13:39+00:00","description":"Con tan solo 17 a\u00f1os, Milo J, ha conseguido vender todas las entradas de su primera gira por Espa\u00f1a para presentar su \u00e1lbum \u201c111\u201d","breadcrumb":{"@id":"https:\/\/unaymilletras.com\/milo-j-termina-su-gira-en-madrid-tras-emocionar-a-6-ciudades-espanolas\/#breadcrumb"},"inLanguage":"en-GB","potentialAction":[{"@type":"ReadAction","target":["https:\/\/unaymilletras.com\/milo-j-termina-su-gira-en-madrid-tras-emocionar-a-6-ciudades-espanolas\/"]}]},{"@type":"ImageObject","inLanguage":"en-GB","@id":"https:\/\/unaymilletras.com\/milo-j-termina-su-gira-en-madrid-tras-emocionar-a-6-ciudades-espanolas\/#primaryimage","url":"https:\/\/unaymilletras.com\/wp-content\/uploads\/2024\/03\/HorsProducciones-14-scaled-e1710802422950.jpg","contentUrl":"https:\/\/unaymilletras.com\/wp-content\/uploads\/2024\/03\/HorsProducciones-14-scaled-e1710802422950.jpg","width":600,"height":900,"caption":"Milo J"},{"@type":"BreadcrumbList","@id":"https:\/\/unaymilletras.com\/milo-j-termina-su-gira-en-madrid-tras-emocionar-a-6-ciudades-espanolas\/#breadcrumb","itemListElement":[{"@type":"ListItem","position":1,"name":"Home","item":"http:\/\/unaymilletras.com\/"},{"@type":"ListItem","position":2,"name":"Milo J termina su gira en Madrid tras emocionar a 6 ciudades espa\u00f1olas"}]},{"@type":"WebSite","@id":"http:\/\/unaymilletras.com\/#website","url":"http:\/\/unaymilletras.com\/","name":"Una y Mil Letras","description":"","publisher":{"@id":"http:\/\/unaymilletras.com\/#organization"},"potentialAction":[{"@type":"SearchAction","target":{"@type":"EntryPoint","urlTemplate":"http:\/\/unaymilletras.com\/?s={search_term_string}"},"query-input":{"@type":"PropertyValueSpecification","valueRequired":true,"valueName":"search_term_string"}}],"inLanguage":"en-GB"},{"@type":"Organization","@id":"http:\/\/unaymilletras.com\/#organization","name":"Una y Mil Letras","url":"http:\/\/unaymilletras.com\/","logo":{"@type":"ImageObject","inLanguage":"en-GB","@id":"http:\/\/unaymilletras.com\/#\/schema\/logo\/image\/","url":"https:\/\/unaymilletras.com\/wp-content\/uploads\/2024\/06\/cropped-Logo-removebg-preview.png","contentUrl":"https:\/\/unaymilletras.com\/wp-content\/uploads\/2024\/06\/cropped-Logo-removebg-preview.png","width":512,"height":512,"caption":"Una y Mil Letras"},"image":{"@id":"http:\/\/unaymilletras.com\/#\/schema\/logo\/image\/"},"sameAs":["https:\/\/x.com\/UnaYMilLetras","https:\/\/instagram.com\/UnaYMilLetras"]},{"@type":"Person","@id":"http:\/\/unaymilletras.com\/#\/schema\/person\/d55ba681b8a4e463d8982dbe36a5dc94","name":"Maria Gil Robledo","image":{"@type":"ImageObject","inLanguage":"en-GB","@id":"https:\/\/secure.gravatar.com\/avatar\/4b8e5102e0015789407eb4870b12f0f2857952d83ca124058f92b764bd1840c3?s=96&d=mm&r=g","url":"https:\/\/secure.gravatar.com\/avatar\/4b8e5102e0015789407eb4870b12f0f2857952d83ca124058f92b764bd1840c3?s=96&d=mm&r=g","contentUrl":"https:\/\/secure.gravatar.com\/avatar\/4b8e5102e0015789407eb4870b12f0f2857952d83ca124058f92b764bd1840c3?s=96&d=mm&r=g","caption":"Maria Gil Robledo"},"sameAs":["http:\/\/unaymilletras.com"],"url":"https:\/\/unaymilletras.com\/en\/author\/mariiagiil02_\/"}]}},"_links":{"self":[{"href":"https:\/\/unaymilletras.com\/en\/wp-json\/wp\/v2\/posts\/2362","targetHints":{"allow":["GET"]}}],"collection":[{"href":"https:\/\/unaymilletras.com\/en\/wp-json\/wp\/v2\/posts"}],"about":[{"href":"https:\/\/unaymilletras.com\/en\/wp-json\/wp\/v2\/types\/post"}],"author":[{"embeddable":true,"href":"https:\/\/unaymilletras.com\/en\/wp-json\/wp\/v2\/users\/1"}],"replies":[{"embeddable":true,"href":"https:\/\/unaymilletras.com\/en\/wp-json\/wp\/v2\/comments?post=2362"}],"version-history":[{"count":8,"href":"https:\/\/unaymilletras.com\/en\/wp-json\/wp\/v2\/posts\/2362\/revisions"}],"predecessor-version":[{"id":2374,"href":"https:\/\/unaymilletras.com\/en\/wp-json\/wp\/v2\/posts\/2362\/revisions\/2374"}],"wp:featuredmedia":[{"embeddable":true,"href":"https:\/\/unaymilletras.com\/en\/wp-json\/wp\/v2\/media\/2367"}],"wp:attachment":[{"href":"https:\/\/unaymilletras.com\/en\/wp-json\/wp\/v2\/media?parent=2362"}],"wp:term":[{"taxonomy":"category","embeddable":true,"href":"https:\/\/unaymilletras.com\/en\/wp-json\/wp\/v2\/categories?post=2362"},{"taxonomy":"post_tag","embeddable":true,"href":"https:\/\/unaymilletras.com\/en\/wp-json\/wp\/v2\/tags?post=2362"}],"curies":[{"name":"wp","href":"https:\/\/api.w.org\/{rel}","templated":true}]}}