{"id":2375,"date":"2024-03-22T01:04:46","date_gmt":"2024-03-22T00:04:46","guid":{"rendered":"https:\/\/unaymilletras.com\/?p=2375"},"modified":"2024-03-22T01:18:24","modified_gmt":"2024-03-22T00:18:24","slug":"lina-la-serie-documental-en-homenaje-a-lina-morgan-de-movistar-plus","status":"publish","type":"post","link":"https:\/\/unaymilletras.com\/en\/lina-la-serie-documental-en-homenaje-a-lina-morgan-de-movistar-plus\/","title":{"rendered":"Lina: la serie documental en homenaje a Lina Morgan de Movistar Plus+"},"content":{"rendered":"<div data-elementor-type=\"wp-post\" data-elementor-id=\"2375\" class=\"elementor elementor-2375\">\n\t\t\t\t\t\t<section class=\"elementor-section elementor-top-section elementor-element elementor-element-f6587d9 elementor-section-boxed elementor-section-height-default elementor-section-height-default\" data-id=\"f6587d9\" data-element_type=\"section\" data-e-type=\"section\">\n\t\t\t\t\t\t<div class=\"elementor-container elementor-column-gap-default\">\n\t\t\t\t\t<div class=\"elementor-column elementor-col-100 elementor-top-column elementor-element elementor-element-d39bcfa\" data-id=\"d39bcfa\" data-element_type=\"column\" data-e-type=\"column\">\n\t\t\t<div class=\"elementor-widget-wrap elementor-element-populated\">\n\t\t\t\t\t\t<div class=\"elementor-element elementor-element-8cbc56f elementor-widget elementor-widget-text-editor\" data-id=\"8cbc56f\" data-element_type=\"widget\" data-e-type=\"widget\" data-widget_type=\"text-editor.default\">\n\t\t\t\t<div class=\"elementor-widget-container\">\n\t\t\t\t\t\t\t\t\t<h2 style=\"text-align: center;\"><em><span style=\"color: #808080;\">La producci\u00f3n, dirigida por Israel del Santo, hablar\u00e1 sobre la vida y el impacto de Lina Morgan<\/span><\/em><\/h2>\t\t\t\t\t\t\t\t<\/div>\n\t\t\t\t<\/div>\n\t\t\t\t\t<\/div>\n\t\t<\/div>\n\t\t\t\t\t<\/div>\n\t\t<\/section>\n\t\t\t\t<section class=\"elementor-section elementor-top-section elementor-element elementor-element-eff8659 elementor-section-boxed elementor-section-height-default elementor-section-height-default\" data-id=\"eff8659\" data-element_type=\"section\" data-e-type=\"section\">\n\t\t\t\t\t\t<div class=\"elementor-container elementor-column-gap-default\">\n\t\t\t\t\t<div class=\"elementor-column elementor-col-100 elementor-top-column elementor-element elementor-element-f1240d8\" data-id=\"f1240d8\" data-element_type=\"column\" data-e-type=\"column\">\n\t\t\t<div class=\"elementor-widget-wrap elementor-element-populated\">\n\t\t\t\t\t\t<div class=\"elementor-element elementor-element-171d884 elementor-widget elementor-widget-text-editor\" data-id=\"171d884\" data-element_type=\"widget\" data-e-type=\"widget\" data-widget_type=\"text-editor.default\">\n\t\t\t\t<div class=\"elementor-widget-container\">\n\t\t\t\t\t\t\t\t\t<p><span style=\"color: #808080;\">Pr\u00f3ximamente, <b><a style=\"color: #808080;\" href=\"https:\/\/ver.movistarplus.es\/login?r=%2F\">Movistar Plus+<\/a><\/b> lanzar\u00e1 <i><b>Lina<\/b><\/i>, una serie documental que profundiza en la vida y el legado de <b>Lina Morgan<\/b>. Dirigida por Israel del Santo, la serie constar\u00e1 de tres episodios que explorar\u00e1n los logros y el impacto de la renombrada actriz espa\u00f1ola en el mundo del entretenimiento. Desde sus comienzos en la actuaci\u00f3n hasta su papel como empresaria teatral, <i>Lina<\/i>\u00a0ofrecer\u00e1 una mirada completa a la vida de una de las figuras m\u00e1s influyentes de la comedia en <a style=\"color: #808080;\" href=\"https:\/\/unaymilletras.com\/en\/milo-j-imparable-en-espana\/\">Espa\u00f1a<\/a>.<\/span><\/p>\t\t\t\t\t\t\t\t<\/div>\n\t\t\t\t<\/div>\n\t\t\t\t\t<\/div>\n\t\t<\/div>\n\t\t\t\t\t<\/div>\n\t\t<\/section>\n\t\t\t\t<section class=\"elementor-section elementor-top-section elementor-element elementor-element-bf86482 elementor-section-boxed elementor-section-height-default elementor-section-height-default\" data-id=\"bf86482\" data-element_type=\"section\" data-e-type=\"section\">\n\t\t\t\t\t\t<div class=\"elementor-container elementor-column-gap-default\">\n\t\t\t\t\t<div class=\"elementor-column elementor-col-100 elementor-top-column elementor-element elementor-element-17e6ba9\" data-id=\"17e6ba9\" data-element_type=\"column\" data-e-type=\"column\">\n\t\t\t<div class=\"elementor-widget-wrap elementor-element-populated\">\n\t\t\t\t\t\t<div class=\"elementor-element elementor-element-c564088 elementor-widget elementor-widget-image\" data-id=\"c564088\" data-element_type=\"widget\" data-e-type=\"widget\" data-widget_type=\"image.default\">\n\t\t\t\t<div class=\"elementor-widget-container\">\n\t\t\t\t\t\t\t\t\t\t\t\t\t\t\t<img fetchpriority=\"high\" decoding=\"async\" width=\"640\" height=\"360\" src=\"https:\/\/unaymilletras.com\/wp-content\/uploads\/2024\/03\/files_2024-03-21_23_44_43-1024x576.jpg\" class=\"attachment-large size-large wp-image-2381\" alt=\"Lina Morgan\" srcset=\"https:\/\/unaymilletras.com\/wp-content\/uploads\/2024\/03\/files_2024-03-21_23_44_43-1024x576.jpg 1024w, https:\/\/unaymilletras.com\/wp-content\/uploads\/2024\/03\/files_2024-03-21_23_44_43-300x169.jpg 300w, https:\/\/unaymilletras.com\/wp-content\/uploads\/2024\/03\/files_2024-03-21_23_44_43-768x432.jpg 768w, https:\/\/unaymilletras.com\/wp-content\/uploads\/2024\/03\/files_2024-03-21_23_44_43-1536x864.jpg 1536w, https:\/\/unaymilletras.com\/wp-content\/uploads\/2024\/03\/files_2024-03-21_23_44_43-2048x1152.jpg 2048w, https:\/\/unaymilletras.com\/wp-content\/uploads\/2024\/03\/files_2024-03-21_23_44_43-1280x720.jpg 1280w, https:\/\/unaymilletras.com\/wp-content\/uploads\/2024\/03\/files_2024-03-21_23_44_43-e1711064701452.jpg 600w\" sizes=\"(max-width: 640px) 100vw, 640px\" \/>\t\t\t\t\t\t\t\t\t\t\t\t\t\t\t<\/div>\n\t\t\t\t<\/div>\n\t\t\t\t\t<\/div>\n\t\t<\/div>\n\t\t\t\t\t<\/div>\n\t\t<\/section>\n\t\t\t\t<section class=\"elementor-section elementor-top-section elementor-element elementor-element-e6ebce8 elementor-section-boxed elementor-section-height-default elementor-section-height-default\" data-id=\"e6ebce8\" data-element_type=\"section\" data-e-type=\"section\">\n\t\t\t\t\t\t<div class=\"elementor-container elementor-column-gap-default\">\n\t\t\t\t\t<div class=\"elementor-column elementor-col-100 elementor-top-column elementor-element elementor-element-ca60f48\" data-id=\"ca60f48\" data-element_type=\"column\" data-e-type=\"column\">\n\t\t\t<div class=\"elementor-widget-wrap elementor-element-populated\">\n\t\t\t\t\t\t<div class=\"elementor-element elementor-element-27666a0 elementor-widget elementor-widget-text-editor\" data-id=\"27666a0\" data-element_type=\"widget\" data-e-type=\"widget\" data-widget_type=\"text-editor.default\">\n\t\t\t\t<div class=\"elementor-widget-container\">\n\t\t\t\t\t\t\t\t\t<p>Adem\u00e1s, la serie incluir\u00e1 recreaciones de escenas memorables protagonizadas por Lina Morgan, interpretadas por reconocidos c\u00f3micos y artistas contempor\u00e1neos. Entre ellos est\u00e1n: Silvia Abril, Pablo Chiapella, Jos\u00e9 Mota, Pepa Rus, Manuela Velasco, Samantha Hudson y Joaqu\u00edn Reyes, entre otros. <i>Lina<\/i>&nbsp;promete ofrecer una visi\u00f3n enriquecedora y celebratoria de la vida y el legado de esta querida figura del entretenimiento espa\u00f1ol.<\/p>\n<p>La serie tambi\u00e9n contar\u00e1 con entrevistas exclusivas y reveladoras. En ellas profundizar\u00e1n en la personalidad y las motivaciones detr\u00e1s del \u00e9xito de Lina Morgan. Con una duraci\u00f3n total de tres episodios, <i>Lina<\/i>&nbsp;llevar\u00e1 a los espectadores a un viaje a trav\u00e9s de la vida de la legendaria actriz: desde sus humildes comienzos hasta su consagraci\u00f3n como una de las estrellas m\u00e1s queridas de Espa\u00f1a.&nbsp;<\/p>\t\t\t\t\t\t\t\t<\/div>\n\t\t\t\t<\/div>\n\t\t\t\t\t<\/div>\n\t\t<\/div>\n\t\t\t\t\t<\/div>\n\t\t<\/section>\n\t\t\t\t<\/div>","protected":false},"excerpt":{"rendered":"<p>La producci\u00f3n, dirigida por Israel del Santo, hablar\u00e1 sobre la vida y el impacto de Lina Morgan Pr\u00f3ximamente, Movistar Plus+ lanzar\u00e1 Lina, una serie documental que profundiza en la vida y el legado de Lina Morgan. Dirigida por Israel del Santo, la serie constar\u00e1 de tres episodios que explorar\u00e1n los logros y el impacto de [&hellip;]<\/p>\n","protected":false},"author":1,"featured_media":2381,"comment_status":"open","ping_status":"open","sticky":false,"template":"","format":"standard","meta":{"footnotes":""},"categories":[117],"tags":[],"class_list":["post-2375","post","type-post","status-publish","format-standard","has-post-thumbnail","hentry","category-peliculas-y-series"],"yoast_head":"<!-- This site is optimized with the Yoast SEO plugin v27.4 - https:\/\/yoast.com\/product\/yoast-seo-wordpress\/ -->\n<title>Lina: la serie documental en homenaje a Lina Morgan de Movistar Plus+ &#8902; Una y Mil Letras<\/title>\n<meta name=\"description\" content=\"La producci\u00f3n, dirigida por Israel del Santo, hablar\u00e1 sobre la vida y el impacto de Lina Morgan en el mundo\" \/>\n<meta name=\"robots\" content=\"index, follow, max-snippet:-1, max-image-preview:large, max-video-preview:-1\" \/>\n<link rel=\"canonical\" href=\"https:\/\/unaymilletras.com\/en\/lina-la-serie-documental-en-homenaje-a-lina-morgan-de-movistar-plus\/\" \/>\n<meta property=\"og:locale\" content=\"en_GB\" \/>\n<meta property=\"og:type\" content=\"article\" \/>\n<meta property=\"og:title\" content=\"Lina: la serie documental en homenaje a Lina Morgan de Movistar Plus+ &#8902; Una y Mil Letras\" \/>\n<meta property=\"og:description\" content=\"La producci\u00f3n, dirigida por Israel del Santo, hablar\u00e1 sobre la vida y el impacto de Lina Morgan en el mundo\" \/>\n<meta property=\"og:url\" content=\"https:\/\/unaymilletras.com\/en\/lina-la-serie-documental-en-homenaje-a-lina-morgan-de-movistar-plus\/\" \/>\n<meta property=\"og:site_name\" content=\"Una y Mil Letras\" \/>\n<meta property=\"article:published_time\" content=\"2024-03-22T00:04:46+00:00\" \/>\n<meta property=\"article:modified_time\" content=\"2024-03-22T00:18:24+00:00\" \/>\n<meta property=\"og:image\" content=\"http:\/\/unaymilletras.com\/wp-content\/uploads\/2024\/03\/files_2024-03-21_23_44_43-e1711064701452.jpg\" \/>\n\t<meta property=\"og:image:width\" content=\"600\" \/>\n\t<meta property=\"og:image:height\" content=\"338\" \/>\n\t<meta property=\"og:image:type\" content=\"image\/jpeg\" \/>\n<meta name=\"author\" content=\"Maria Gil Robledo\" \/>\n<meta name=\"twitter:card\" content=\"summary_large_image\" \/>\n<meta name=\"twitter:creator\" content=\"@UnaYMilLetras\" \/>\n<meta name=\"twitter:site\" content=\"@UnaYMilLetras\" \/>\n<meta name=\"twitter:label1\" content=\"Written by\" \/>\n\t<meta name=\"twitter:data1\" content=\"Maria Gil Robledo\" \/>\n\t<meta name=\"twitter:label2\" content=\"Estimated reading time\" \/>\n\t<meta name=\"twitter:data2\" content=\"2 minutes\" \/>\n<script type=\"application\/ld+json\" class=\"yoast-schema-graph\">{\"@context\":\"https:\\\/\\\/schema.org\",\"@graph\":[{\"@type\":\"Article\",\"@id\":\"https:\\\/\\\/unaymilletras.com\\\/lina-la-serie-documental-en-homenaje-a-lina-morgan-de-movistar-plus\\\/#article\",\"isPartOf\":{\"@id\":\"https:\\\/\\\/unaymilletras.com\\\/lina-la-serie-documental-en-homenaje-a-lina-morgan-de-movistar-plus\\\/\"},\"author\":{\"name\":\"Maria Gil Robledo\",\"@id\":\"http:\\\/\\\/unaymilletras.com\\\/#\\\/schema\\\/person\\\/d55ba681b8a4e463d8982dbe36a5dc94\"},\"headline\":\"Lina: la serie documental en homenaje a Lina Morgan de Movistar Plus+\",\"datePublished\":\"2024-03-22T00:04:46+00:00\",\"dateModified\":\"2024-03-22T00:18:24+00:00\",\"mainEntityOfPage\":{\"@id\":\"https:\\\/\\\/unaymilletras.com\\\/lina-la-serie-documental-en-homenaje-a-lina-morgan-de-movistar-plus\\\/\"},\"wordCount\":257,\"commentCount\":0,\"publisher\":{\"@id\":\"http:\\\/\\\/unaymilletras.com\\\/#organization\"},\"image\":{\"@id\":\"https:\\\/\\\/unaymilletras.com\\\/lina-la-serie-documental-en-homenaje-a-lina-morgan-de-movistar-plus\\\/#primaryimage\"},\"thumbnailUrl\":\"https:\\\/\\\/unaymilletras.com\\\/wp-content\\\/uploads\\\/2024\\\/03\\\/files_2024-03-21_23_44_43-e1711064701452.jpg\",\"articleSection\":[\"Pel\u00edculas y Series\"],\"inLanguage\":\"en-GB\",\"potentialAction\":[{\"@type\":\"CommentAction\",\"name\":\"Comment\",\"target\":[\"https:\\\/\\\/unaymilletras.com\\\/lina-la-serie-documental-en-homenaje-a-lina-morgan-de-movistar-plus\\\/#respond\"]}]},{\"@type\":\"WebPage\",\"@id\":\"https:\\\/\\\/unaymilletras.com\\\/lina-la-serie-documental-en-homenaje-a-lina-morgan-de-movistar-plus\\\/\",\"url\":\"https:\\\/\\\/unaymilletras.com\\\/lina-la-serie-documental-en-homenaje-a-lina-morgan-de-movistar-plus\\\/\",\"name\":\"Lina: la serie documental en homenaje a Lina Morgan de Movistar Plus+ &#8902; Una y Mil Letras\",\"isPartOf\":{\"@id\":\"http:\\\/\\\/unaymilletras.com\\\/#website\"},\"primaryImageOfPage\":{\"@id\":\"https:\\\/\\\/unaymilletras.com\\\/lina-la-serie-documental-en-homenaje-a-lina-morgan-de-movistar-plus\\\/#primaryimage\"},\"image\":{\"@id\":\"https:\\\/\\\/unaymilletras.com\\\/lina-la-serie-documental-en-homenaje-a-lina-morgan-de-movistar-plus\\\/#primaryimage\"},\"thumbnailUrl\":\"https:\\\/\\\/unaymilletras.com\\\/wp-content\\\/uploads\\\/2024\\\/03\\\/files_2024-03-21_23_44_43-e1711064701452.jpg\",\"datePublished\":\"2024-03-22T00:04:46+00:00\",\"dateModified\":\"2024-03-22T00:18:24+00:00\",\"description\":\"La producci\u00f3n, dirigida por Israel del Santo, hablar\u00e1 sobre la vida y el impacto de Lina Morgan en el mundo\",\"breadcrumb\":{\"@id\":\"https:\\\/\\\/unaymilletras.com\\\/lina-la-serie-documental-en-homenaje-a-lina-morgan-de-movistar-plus\\\/#breadcrumb\"},\"inLanguage\":\"en-GB\",\"potentialAction\":[{\"@type\":\"ReadAction\",\"target\":[\"https:\\\/\\\/unaymilletras.com\\\/lina-la-serie-documental-en-homenaje-a-lina-morgan-de-movistar-plus\\\/\"]}]},{\"@type\":\"ImageObject\",\"inLanguage\":\"en-GB\",\"@id\":\"https:\\\/\\\/unaymilletras.com\\\/lina-la-serie-documental-en-homenaje-a-lina-morgan-de-movistar-plus\\\/#primaryimage\",\"url\":\"https:\\\/\\\/unaymilletras.com\\\/wp-content\\\/uploads\\\/2024\\\/03\\\/files_2024-03-21_23_44_43-e1711064701452.jpg\",\"contentUrl\":\"https:\\\/\\\/unaymilletras.com\\\/wp-content\\\/uploads\\\/2024\\\/03\\\/files_2024-03-21_23_44_43-e1711064701452.jpg\",\"width\":600,\"height\":338,\"caption\":\"Lina Morgan\"},{\"@type\":\"BreadcrumbList\",\"@id\":\"https:\\\/\\\/unaymilletras.com\\\/lina-la-serie-documental-en-homenaje-a-lina-morgan-de-movistar-plus\\\/#breadcrumb\",\"itemListElement\":[{\"@type\":\"ListItem\",\"position\":1,\"name\":\"Home\",\"item\":\"http:\\\/\\\/unaymilletras.com\\\/\"},{\"@type\":\"ListItem\",\"position\":2,\"name\":\"Lina: la serie documental en homenaje a Lina Morgan de Movistar Plus+\"}]},{\"@type\":\"WebSite\",\"@id\":\"http:\\\/\\\/unaymilletras.com\\\/#website\",\"url\":\"http:\\\/\\\/unaymilletras.com\\\/\",\"name\":\"Una y Mil Letras\",\"description\":\"\",\"publisher\":{\"@id\":\"http:\\\/\\\/unaymilletras.com\\\/#organization\"},\"potentialAction\":[{\"@type\":\"SearchAction\",\"target\":{\"@type\":\"EntryPoint\",\"urlTemplate\":\"http:\\\/\\\/unaymilletras.com\\\/?s={search_term_string}\"},\"query-input\":{\"@type\":\"PropertyValueSpecification\",\"valueRequired\":true,\"valueName\":\"search_term_string\"}}],\"inLanguage\":\"en-GB\"},{\"@type\":\"Organization\",\"@id\":\"http:\\\/\\\/unaymilletras.com\\\/#organization\",\"name\":\"Una y Mil Letras\",\"url\":\"http:\\\/\\\/unaymilletras.com\\\/\",\"logo\":{\"@type\":\"ImageObject\",\"inLanguage\":\"en-GB\",\"@id\":\"http:\\\/\\\/unaymilletras.com\\\/#\\\/schema\\\/logo\\\/image\\\/\",\"url\":\"https:\\\/\\\/unaymilletras.com\\\/wp-content\\\/uploads\\\/2024\\\/06\\\/cropped-Logo-removebg-preview.png\",\"contentUrl\":\"https:\\\/\\\/unaymilletras.com\\\/wp-content\\\/uploads\\\/2024\\\/06\\\/cropped-Logo-removebg-preview.png\",\"width\":512,\"height\":512,\"caption\":\"Una y Mil Letras\"},\"image\":{\"@id\":\"http:\\\/\\\/unaymilletras.com\\\/#\\\/schema\\\/logo\\\/image\\\/\"},\"sameAs\":[\"https:\\\/\\\/x.com\\\/UnaYMilLetras\",\"https:\\\/\\\/instagram.com\\\/UnaYMilLetras\"]},{\"@type\":\"Person\",\"@id\":\"http:\\\/\\\/unaymilletras.com\\\/#\\\/schema\\\/person\\\/d55ba681b8a4e463d8982dbe36a5dc94\",\"name\":\"Maria Gil Robledo\",\"image\":{\"@type\":\"ImageObject\",\"inLanguage\":\"en-GB\",\"@id\":\"https:\\\/\\\/secure.gravatar.com\\\/avatar\\\/4b8e5102e0015789407eb4870b12f0f2857952d83ca124058f92b764bd1840c3?s=96&d=mm&r=g\",\"url\":\"https:\\\/\\\/secure.gravatar.com\\\/avatar\\\/4b8e5102e0015789407eb4870b12f0f2857952d83ca124058f92b764bd1840c3?s=96&d=mm&r=g\",\"contentUrl\":\"https:\\\/\\\/secure.gravatar.com\\\/avatar\\\/4b8e5102e0015789407eb4870b12f0f2857952d83ca124058f92b764bd1840c3?s=96&d=mm&r=g\",\"caption\":\"Maria Gil Robledo\"},\"sameAs\":[\"http:\\\/\\\/unaymilletras.com\"],\"url\":\"https:\\\/\\\/unaymilletras.com\\\/en\\\/author\\\/mariiagiil02_\\\/\"}]}<\/script>\n<!-- \/ Yoast SEO plugin. -->","yoast_head_json":{"title":"Lina: la serie documental en homenaje a Lina Morgan de Movistar Plus+ &#8902; Una y Mil Letras","description":"La producci\u00f3n, dirigida por Israel del Santo, hablar\u00e1 sobre la vida y el impacto de Lina Morgan en el mundo","robots":{"index":"index","follow":"follow","max-snippet":"max-snippet:-1","max-image-preview":"max-image-preview:large","max-video-preview":"max-video-preview:-1"},"canonical":"https:\/\/unaymilletras.com\/en\/lina-la-serie-documental-en-homenaje-a-lina-morgan-de-movistar-plus\/","og_locale":"en_GB","og_type":"article","og_title":"Lina: la serie documental en homenaje a Lina Morgan de Movistar Plus+ &#8902; Una y Mil Letras","og_description":"La producci\u00f3n, dirigida por Israel del Santo, hablar\u00e1 sobre la vida y el impacto de Lina Morgan en el mundo","og_url":"https:\/\/unaymilletras.com\/en\/lina-la-serie-documental-en-homenaje-a-lina-morgan-de-movistar-plus\/","og_site_name":"Una y Mil Letras","article_published_time":"2024-03-22T00:04:46+00:00","article_modified_time":"2024-03-22T00:18:24+00:00","og_image":[{"width":600,"height":338,"url":"http:\/\/unaymilletras.com\/wp-content\/uploads\/2024\/03\/files_2024-03-21_23_44_43-e1711064701452.jpg","type":"image\/jpeg"}],"author":"Maria Gil Robledo","twitter_card":"summary_large_image","twitter_creator":"@UnaYMilLetras","twitter_site":"@UnaYMilLetras","twitter_misc":{"Written by":"Maria Gil Robledo","Estimated reading time":"2 minutes"},"schema":{"@context":"https:\/\/schema.org","@graph":[{"@type":"Article","@id":"https:\/\/unaymilletras.com\/lina-la-serie-documental-en-homenaje-a-lina-morgan-de-movistar-plus\/#article","isPartOf":{"@id":"https:\/\/unaymilletras.com\/lina-la-serie-documental-en-homenaje-a-lina-morgan-de-movistar-plus\/"},"author":{"name":"Maria Gil Robledo","@id":"http:\/\/unaymilletras.com\/#\/schema\/person\/d55ba681b8a4e463d8982dbe36a5dc94"},"headline":"Lina: la serie documental en homenaje a Lina Morgan de Movistar Plus+","datePublished":"2024-03-22T00:04:46+00:00","dateModified":"2024-03-22T00:18:24+00:00","mainEntityOfPage":{"@id":"https:\/\/unaymilletras.com\/lina-la-serie-documental-en-homenaje-a-lina-morgan-de-movistar-plus\/"},"wordCount":257,"commentCount":0,"publisher":{"@id":"http:\/\/unaymilletras.com\/#organization"},"image":{"@id":"https:\/\/unaymilletras.com\/lina-la-serie-documental-en-homenaje-a-lina-morgan-de-movistar-plus\/#primaryimage"},"thumbnailUrl":"https:\/\/unaymilletras.com\/wp-content\/uploads\/2024\/03\/files_2024-03-21_23_44_43-e1711064701452.jpg","articleSection":["Pel\u00edculas y Series"],"inLanguage":"en-GB","potentialAction":[{"@type":"CommentAction","name":"Comment","target":["https:\/\/unaymilletras.com\/lina-la-serie-documental-en-homenaje-a-lina-morgan-de-movistar-plus\/#respond"]}]},{"@type":"WebPage","@id":"https:\/\/unaymilletras.com\/lina-la-serie-documental-en-homenaje-a-lina-morgan-de-movistar-plus\/","url":"https:\/\/unaymilletras.com\/lina-la-serie-documental-en-homenaje-a-lina-morgan-de-movistar-plus\/","name":"Lina: la serie documental en homenaje a Lina Morgan de Movistar Plus+ &#8902; Una y Mil Letras","isPartOf":{"@id":"http:\/\/unaymilletras.com\/#website"},"primaryImageOfPage":{"@id":"https:\/\/unaymilletras.com\/lina-la-serie-documental-en-homenaje-a-lina-morgan-de-movistar-plus\/#primaryimage"},"image":{"@id":"https:\/\/unaymilletras.com\/lina-la-serie-documental-en-homenaje-a-lina-morgan-de-movistar-plus\/#primaryimage"},"thumbnailUrl":"https:\/\/unaymilletras.com\/wp-content\/uploads\/2024\/03\/files_2024-03-21_23_44_43-e1711064701452.jpg","datePublished":"2024-03-22T00:04:46+00:00","dateModified":"2024-03-22T00:18:24+00:00","description":"La producci\u00f3n, dirigida por Israel del Santo, hablar\u00e1 sobre la vida y el impacto de Lina Morgan en el mundo","breadcrumb":{"@id":"https:\/\/unaymilletras.com\/lina-la-serie-documental-en-homenaje-a-lina-morgan-de-movistar-plus\/#breadcrumb"},"inLanguage":"en-GB","potentialAction":[{"@type":"ReadAction","target":["https:\/\/unaymilletras.com\/lina-la-serie-documental-en-homenaje-a-lina-morgan-de-movistar-plus\/"]}]},{"@type":"ImageObject","inLanguage":"en-GB","@id":"https:\/\/unaymilletras.com\/lina-la-serie-documental-en-homenaje-a-lina-morgan-de-movistar-plus\/#primaryimage","url":"https:\/\/unaymilletras.com\/wp-content\/uploads\/2024\/03\/files_2024-03-21_23_44_43-e1711064701452.jpg","contentUrl":"https:\/\/unaymilletras.com\/wp-content\/uploads\/2024\/03\/files_2024-03-21_23_44_43-e1711064701452.jpg","width":600,"height":338,"caption":"Lina Morgan"},{"@type":"BreadcrumbList","@id":"https:\/\/unaymilletras.com\/lina-la-serie-documental-en-homenaje-a-lina-morgan-de-movistar-plus\/#breadcrumb","itemListElement":[{"@type":"ListItem","position":1,"name":"Home","item":"http:\/\/unaymilletras.com\/"},{"@type":"ListItem","position":2,"name":"Lina: la serie documental en homenaje a Lina Morgan de Movistar Plus+"}]},{"@type":"WebSite","@id":"http:\/\/unaymilletras.com\/#website","url":"http:\/\/unaymilletras.com\/","name":"Una y Mil Letras","description":"","publisher":{"@id":"http:\/\/unaymilletras.com\/#organization"},"potentialAction":[{"@type":"SearchAction","target":{"@type":"EntryPoint","urlTemplate":"http:\/\/unaymilletras.com\/?s={search_term_string}"},"query-input":{"@type":"PropertyValueSpecification","valueRequired":true,"valueName":"search_term_string"}}],"inLanguage":"en-GB"},{"@type":"Organization","@id":"http:\/\/unaymilletras.com\/#organization","name":"Una y Mil Letras","url":"http:\/\/unaymilletras.com\/","logo":{"@type":"ImageObject","inLanguage":"en-GB","@id":"http:\/\/unaymilletras.com\/#\/schema\/logo\/image\/","url":"https:\/\/unaymilletras.com\/wp-content\/uploads\/2024\/06\/cropped-Logo-removebg-preview.png","contentUrl":"https:\/\/unaymilletras.com\/wp-content\/uploads\/2024\/06\/cropped-Logo-removebg-preview.png","width":512,"height":512,"caption":"Una y Mil Letras"},"image":{"@id":"http:\/\/unaymilletras.com\/#\/schema\/logo\/image\/"},"sameAs":["https:\/\/x.com\/UnaYMilLetras","https:\/\/instagram.com\/UnaYMilLetras"]},{"@type":"Person","@id":"http:\/\/unaymilletras.com\/#\/schema\/person\/d55ba681b8a4e463d8982dbe36a5dc94","name":"Maria Gil Robledo","image":{"@type":"ImageObject","inLanguage":"en-GB","@id":"https:\/\/secure.gravatar.com\/avatar\/4b8e5102e0015789407eb4870b12f0f2857952d83ca124058f92b764bd1840c3?s=96&d=mm&r=g","url":"https:\/\/secure.gravatar.com\/avatar\/4b8e5102e0015789407eb4870b12f0f2857952d83ca124058f92b764bd1840c3?s=96&d=mm&r=g","contentUrl":"https:\/\/secure.gravatar.com\/avatar\/4b8e5102e0015789407eb4870b12f0f2857952d83ca124058f92b764bd1840c3?s=96&d=mm&r=g","caption":"Maria Gil Robledo"},"sameAs":["http:\/\/unaymilletras.com"],"url":"https:\/\/unaymilletras.com\/en\/author\/mariiagiil02_\/"}]}},"_links":{"self":[{"href":"https:\/\/unaymilletras.com\/en\/wp-json\/wp\/v2\/posts\/2375","targetHints":{"allow":["GET"]}}],"collection":[{"href":"https:\/\/unaymilletras.com\/en\/wp-json\/wp\/v2\/posts"}],"about":[{"href":"https:\/\/unaymilletras.com\/en\/wp-json\/wp\/v2\/types\/post"}],"author":[{"embeddable":true,"href":"https:\/\/unaymilletras.com\/en\/wp-json\/wp\/v2\/users\/1"}],"replies":[{"embeddable":true,"href":"https:\/\/unaymilletras.com\/en\/wp-json\/wp\/v2\/comments?post=2375"}],"version-history":[{"count":8,"href":"https:\/\/unaymilletras.com\/en\/wp-json\/wp\/v2\/posts\/2375\/revisions"}],"predecessor-version":[{"id":2387,"href":"https:\/\/unaymilletras.com\/en\/wp-json\/wp\/v2\/posts\/2375\/revisions\/2387"}],"wp:featuredmedia":[{"embeddable":true,"href":"https:\/\/unaymilletras.com\/en\/wp-json\/wp\/v2\/media\/2381"}],"wp:attachment":[{"href":"https:\/\/unaymilletras.com\/en\/wp-json\/wp\/v2\/media?parent=2375"}],"wp:term":[{"taxonomy":"category","embeddable":true,"href":"https:\/\/unaymilletras.com\/en\/wp-json\/wp\/v2\/categories?post=2375"},{"taxonomy":"post_tag","embeddable":true,"href":"https:\/\/unaymilletras.com\/en\/wp-json\/wp\/v2\/tags?post=2375"}],"curies":[{"name":"wp","href":"https:\/\/api.w.org\/{rel}","templated":true}]}}