{"id":2388,"date":"2024-03-22T23:07:54","date_gmt":"2024-03-22T22:07:54","guid":{"rendered":"https:\/\/unaymilletras.com\/?p=2388"},"modified":"2024-03-22T23:14:29","modified_gmt":"2024-03-22T22:14:29","slug":"boombastic-costa-de-sol-cambia-su-ubicacion","status":"publish","type":"post","link":"https:\/\/unaymilletras.com\/en\/boombastic-costa-de-sol-cambia-su-ubicacion\/","title":{"rendered":"Boombastic Costa de Sol cambia su ubicaci\u00f3n"},"content":{"rendered":"<div data-elementor-type=\"wp-post\" data-elementor-id=\"2388\" class=\"elementor elementor-2388\">\n\t\t\t\t\t\t<section class=\"elementor-section elementor-top-section elementor-element elementor-element-bffabe7 elementor-section-boxed elementor-section-height-default elementor-section-height-default\" data-id=\"bffabe7\" data-element_type=\"section\" data-e-type=\"section\">\n\t\t\t\t\t\t<div class=\"elementor-container elementor-column-gap-default\">\n\t\t\t\t\t<div class=\"elementor-column elementor-col-100 elementor-top-column elementor-element elementor-element-fefecbd\" data-id=\"fefecbd\" data-element_type=\"column\" data-e-type=\"column\">\n\t\t\t<div class=\"elementor-widget-wrap elementor-element-populated\">\n\t\t\t\t\t\t<div class=\"elementor-element elementor-element-0bd0380 elementor-widget elementor-widget-text-editor\" data-id=\"0bd0380\" data-element_type=\"widget\" data-e-type=\"widget\" data-widget_type=\"text-editor.default\">\n\t\t\t\t<div class=\"elementor-widget-container\">\n\t\t\t\t\t\t\t\t\t<h2 class=\"p1\" style=\"text-align: center;\"><span style=\"color: #808080;\"><i>El 26 y 27 de julio tendr\u00e1 lugar el Boombastic costa de Sol en el M\u00e1laga Forum al que podr\u00e1n asistir 10.000 personas<\/i><\/span><\/h2>\t\t\t\t\t\t\t\t<\/div>\n\t\t\t\t<\/div>\n\t\t\t\t\t<\/div>\n\t\t<\/div>\n\t\t\t\t\t<\/div>\n\t\t<\/section>\n\t\t\t\t<section class=\"elementor-section elementor-top-section elementor-element elementor-element-f05759d elementor-section-boxed elementor-section-height-default elementor-section-height-default\" data-id=\"f05759d\" data-element_type=\"section\" data-e-type=\"section\">\n\t\t\t\t\t\t<div class=\"elementor-container elementor-column-gap-default\">\n\t\t\t\t\t<div class=\"elementor-column elementor-col-100 elementor-top-column elementor-element elementor-element-ed7e052\" data-id=\"ed7e052\" data-element_type=\"column\" data-e-type=\"column\">\n\t\t\t<div class=\"elementor-widget-wrap elementor-element-populated\">\n\t\t\t\t\t\t<div class=\"elementor-element elementor-element-ce5dc0a elementor-widget elementor-widget-text-editor\" data-id=\"ce5dc0a\" data-element_type=\"widget\" data-e-type=\"widget\" data-widget_type=\"text-editor.default\">\n\t\t\t\t<div class=\"elementor-widget-container\">\n\t\t\t\t\t\t\t\t\t<p><b>Boombastic Costa de Sol<\/b> se traslada al <b>M\u00e1laga Forum<\/b>. Gracias a este cambio, se ha podido ampliar el tiempo de festival, el aforo y los artistas del cartel. Los d\u00edas <b>26 y 27 de julio<\/b> la m\u00fasica inundar\u00e1 la ciudad andaluza. Las entradas se pondr\u00e1n a la venta el pr\u00f3ximo domingo, <b>24 de marzo a las 12h<\/b> a trav\u00e9s de la <a href=\"https:\/\/enterticket.net\/boombasticcostadelsol2024\/\">p\u00e1gina web del festival<\/a>.<\/p><p><span style=\"color: #808080;\">Hasta 10.000 personas podr\u00e1n acudir al <a style=\"color: #808080;\" href=\"https:\/\/unaymilletras.com\/en\/boombastic-asturias-segundo-avance-y-revelacion-de-dias\/\">evento<\/a> gracias a este cambio de recinto. Todos ellos, vivir\u00e1n dos d\u00edas llenos de emociones y crear\u00e1n recuerdos \u00fanicos. Esto en parte ser\u00e1 gracias a los m\u00e1s de 15 artistas que pasar\u00e1n por el escenario de Boombastic Costa de Sol.<\/span><\/p>\t\t\t\t\t\t\t\t<\/div>\n\t\t\t\t<\/div>\n\t\t\t\t\t<\/div>\n\t\t<\/div>\n\t\t\t\t\t<\/div>\n\t\t<\/section>\n\t\t\t\t<section class=\"elementor-section elementor-top-section elementor-element elementor-element-90e7ca0 elementor-section-boxed elementor-section-height-default elementor-section-height-default\" data-id=\"90e7ca0\" data-element_type=\"section\" data-e-type=\"section\">\n\t\t\t\t\t\t<div class=\"elementor-container elementor-column-gap-default\">\n\t\t\t\t\t<div class=\"elementor-column elementor-col-50 elementor-top-column elementor-element elementor-element-dd096e5\" data-id=\"dd096e5\" data-element_type=\"column\" data-e-type=\"column\">\n\t\t\t<div class=\"elementor-widget-wrap elementor-element-populated\">\n\t\t\t\t\t\t<div class=\"elementor-element elementor-element-d73d847 elementor-widget elementor-widget-image\" data-id=\"d73d847\" data-element_type=\"widget\" data-e-type=\"widget\" data-widget_type=\"image.default\">\n\t\t\t\t<div class=\"elementor-widget-container\">\n\t\t\t\t\t\t\t\t\t\t\t\t\t\t\t<img fetchpriority=\"high\" decoding=\"async\" width=\"640\" height=\"800\" src=\"https:\/\/unaymilletras.com\/wp-content\/uploads\/2024\/03\/CARTEL-BOOM-CDS-24_-100-819x1024.jpg\" class=\"attachment-large size-large wp-image-2390\" alt=\"Boombastic Costa de Sol\" srcset=\"https:\/\/unaymilletras.com\/wp-content\/uploads\/2024\/03\/CARTEL-BOOM-CDS-24_-100-819x1024.jpg 819w, https:\/\/unaymilletras.com\/wp-content\/uploads\/2024\/03\/CARTEL-BOOM-CDS-24_-100-240x300.jpg 240w, https:\/\/unaymilletras.com\/wp-content\/uploads\/2024\/03\/CARTEL-BOOM-CDS-24_-100-768x960.jpg 768w, https:\/\/unaymilletras.com\/wp-content\/uploads\/2024\/03\/CARTEL-BOOM-CDS-24_-100-1024x1280.jpg 1024w, https:\/\/unaymilletras.com\/wp-content\/uploads\/2024\/03\/CARTEL-BOOM-CDS-24_-100-e1711145387272.jpg 600w\" sizes=\"(max-width: 640px) 100vw, 640px\" \/>\t\t\t\t\t\t\t\t\t\t\t\t\t\t\t<\/div>\n\t\t\t\t<\/div>\n\t\t\t\t\t<\/div>\n\t\t<\/div>\n\t\t\t\t<div class=\"elementor-column elementor-col-50 elementor-top-column elementor-element elementor-element-59e1078\" data-id=\"59e1078\" data-element_type=\"column\" data-e-type=\"column\">\n\t\t\t<div class=\"elementor-widget-wrap elementor-element-populated\">\n\t\t\t\t\t\t<div class=\"elementor-element elementor-element-3a49662 elementor-widget elementor-widget-text-editor\" data-id=\"3a49662\" data-element_type=\"widget\" data-e-type=\"widget\" data-widget_type=\"text-editor.default\">\n\t\t\t\t<div class=\"elementor-widget-container\">\n\t\t\t\t\t\t\t\t\t<p class=\"p1\"><b>Arcangel<\/b> y <b>Rels B <\/b>son quienes encabezan el cartel este a\u00f1o. Un artista internacional y uno de los mayores referentes de la industria musical. Por otro lado, el mallorqu\u00edn que se ha convertido en un artista del momento y que no para de arrasar all\u00e1 donde va. Pero tambi\u00e9n habr\u00e1 otros nombres relevantes como <b>Cruz Cafun\u00e9<\/b> u <b>Ovy on the Drums<\/b>. A ellos se unen m\u00e1s artistas espa\u00f1oles como <b>Funzo &amp; Baby Loud<\/b>, <b>Reality<\/b>, <b>Dudi<\/b> o <b>Nano Mz<\/b>.<\/p>\t\t\t\t\t\t\t\t<\/div>\n\t\t\t\t<\/div>\n\t\t\t\t\t<\/div>\n\t\t<\/div>\n\t\t\t\t\t<\/div>\n\t\t<\/section>\n\t\t\t\t<section class=\"elementor-section elementor-top-section elementor-element elementor-element-64744fa elementor-section-boxed elementor-section-height-default elementor-section-height-default\" data-id=\"64744fa\" data-element_type=\"section\" data-e-type=\"section\">\n\t\t\t\t\t\t<div class=\"elementor-container elementor-column-gap-default\">\n\t\t\t\t\t<div class=\"elementor-column elementor-col-100 elementor-top-column elementor-element elementor-element-16cb8d2\" data-id=\"16cb8d2\" data-element_type=\"column\" data-e-type=\"column\">\n\t\t\t<div class=\"elementor-widget-wrap elementor-element-populated\">\n\t\t\t\t\t\t<div class=\"elementor-element elementor-element-df9538f elementor-widget elementor-widget-text-editor\" data-id=\"df9538f\" data-element_type=\"widget\" data-e-type=\"widget\" data-widget_type=\"text-editor.default\">\n\t\t\t\t<div class=\"elementor-widget-container\">\n\t\t\t\t\t\t\t\t\t<p class=\"p1\"><span style=\"color: var( --e-global-color-text ); font-family: var( --e-global-typography-text-font-family ), Sans-serif; font-weight: var( --e-global-typography-text-font-weight );\">Argentina tambi\u00e9n tendr\u00e1 una gran presencia dentro del festival gracias a <\/span><span style=\"color: var( --e-global-color-text ); font-family: var( --e-global-typography-text-font-family ), Sans-serif;\"><b>Lit <\/b><strong>Killa<\/strong><\/span><span style=\"color: var( --e-global-color-text ); font-family: var( --e-global-typography-text-font-family ), Sans-serif; font-weight: var( --e-global-typography-text-font-weight );\"><strong>h<\/strong>, <strong>Luck Ra<\/strong> y <strong>C.R.O<\/strong>. Todos ellos vienen dispuestos a su dejar a su pa\u00eds por todo lo alto y hacer vibrar al p\u00fablico como nunca antes. Aunque los dos primeros nunca antes hab\u00edan formado parte de Boombastic Costa de Sol prometen no defraudar y dar unos shows \u00fanicos e inolvidables.<\/span><\/p><p class=\"p1\">Desde la organizaci\u00f3n del festival, resaltan \u2018el cari\u00f1o recibido estos a\u00f1os por Marenostrum Fuengirola\u2019 y est\u00e1n seguros de que volver\u00e1n a encontrarse con la que ha sido \u2018su primera casa en Andaluc\u00eda\u2019. Esta nueva etapa viene cargada de sorpresas por descubrir para seguir viviendo la experiencia Boombastic al cien por cien.<\/p>\t\t\t\t\t\t\t\t<\/div>\n\t\t\t\t<\/div>\n\t\t\t\t\t<\/div>\n\t\t<\/div>\n\t\t\t\t\t<\/div>\n\t\t<\/section>\n\t\t\t\t<\/div>","protected":false},"excerpt":{"rendered":"<p>El 26 y 27 de julio tendr\u00e1 lugar el Boombastic costa de Sol en el M\u00e1laga Forum al que podr\u00e1n asistir 10.000 personas Boombastic Costa de Sol se traslada al M\u00e1laga Forum. Gracias a este cambio, se ha podido ampliar el tiempo de festival, el aforo y los artistas del cartel. Los d\u00edas 26 y [&hellip;]<\/p>\n","protected":false},"author":1,"featured_media":2390,"comment_status":"open","ping_status":"open","sticky":false,"template":"","format":"standard","meta":{"footnotes":""},"categories":[4],"tags":[],"class_list":["post-2388","post","type-post","status-publish","format-standard","has-post-thumbnail","hentry","category-musica"],"yoast_head":"<!-- This site is optimized with the Yoast SEO plugin v27.4 - https:\/\/yoast.com\/product\/yoast-seo-wordpress\/ -->\n<title>Boombastic Costa de Sol cambia su ubicaci\u00f3n<\/title>\n<meta name=\"description\" content=\"El 26 y 27 de julio tendr\u00e1 lugar el Boombastic costa de Sol en el M\u00e1laga Forum al que podr\u00e1n asistir 10.000 personas\" \/>\n<meta name=\"robots\" content=\"index, follow, max-snippet:-1, max-image-preview:large, max-video-preview:-1\" \/>\n<link rel=\"canonical\" href=\"https:\/\/unaymilletras.com\/en\/boombastic-costa-de-sol-cambia-su-ubicacion\/\" \/>\n<meta property=\"og:locale\" content=\"en_GB\" \/>\n<meta property=\"og:type\" content=\"article\" \/>\n<meta property=\"og:title\" content=\"Boombastic Costa de Sol cambia su ubicaci\u00f3n\" \/>\n<meta property=\"og:description\" content=\"El 26 y 27 de julio tendr\u00e1 lugar el Boombastic costa de Sol en el M\u00e1laga Forum al que podr\u00e1n asistir 10.000 personas\" \/>\n<meta property=\"og:url\" content=\"https:\/\/unaymilletras.com\/en\/boombastic-costa-de-sol-cambia-su-ubicacion\/\" \/>\n<meta property=\"og:site_name\" content=\"Una y Mil Letras\" \/>\n<meta property=\"article:published_time\" content=\"2024-03-22T22:07:54+00:00\" \/>\n<meta property=\"article:modified_time\" content=\"2024-03-22T22:14:29+00:00\" \/>\n<meta property=\"og:image\" content=\"http:\/\/unaymilletras.com\/wp-content\/uploads\/2024\/03\/CARTEL-BOOM-CDS-24_-100-e1711145387272.jpg\" \/>\n\t<meta property=\"og:image:width\" content=\"600\" \/>\n\t<meta property=\"og:image:height\" content=\"750\" \/>\n\t<meta property=\"og:image:type\" content=\"image\/jpeg\" \/>\n<meta name=\"author\" content=\"Maria Gil Robledo\" \/>\n<meta name=\"twitter:card\" content=\"summary_large_image\" \/>\n<meta name=\"twitter:creator\" content=\"@UnaYMilLetras\" \/>\n<meta name=\"twitter:site\" content=\"@UnaYMilLetras\" \/>\n<meta name=\"twitter:label1\" content=\"Written by\" \/>\n\t<meta name=\"twitter:data1\" content=\"Maria Gil Robledo\" \/>\n\t<meta name=\"twitter:label2\" content=\"Estimated reading time\" \/>\n\t<meta name=\"twitter:data2\" content=\"2 minutes\" \/>\n<script type=\"application\/ld+json\" class=\"yoast-schema-graph\">{\"@context\":\"https:\\\/\\\/schema.org\",\"@graph\":[{\"@type\":\"Article\",\"@id\":\"https:\\\/\\\/unaymilletras.com\\\/boombastic-costa-de-sol-cambia-su-ubicacion\\\/#article\",\"isPartOf\":{\"@id\":\"https:\\\/\\\/unaymilletras.com\\\/boombastic-costa-de-sol-cambia-su-ubicacion\\\/\"},\"author\":{\"name\":\"Maria Gil Robledo\",\"@id\":\"http:\\\/\\\/unaymilletras.com\\\/#\\\/schema\\\/person\\\/d55ba681b8a4e463d8982dbe36a5dc94\"},\"headline\":\"Boombastic Costa de Sol cambia su ubicaci\u00f3n\",\"datePublished\":\"2024-03-22T22:07:54+00:00\",\"dateModified\":\"2024-03-22T22:14:29+00:00\",\"mainEntityOfPage\":{\"@id\":\"https:\\\/\\\/unaymilletras.com\\\/boombastic-costa-de-sol-cambia-su-ubicacion\\\/\"},\"wordCount\":359,\"commentCount\":0,\"publisher\":{\"@id\":\"http:\\\/\\\/unaymilletras.com\\\/#organization\"},\"image\":{\"@id\":\"https:\\\/\\\/unaymilletras.com\\\/boombastic-costa-de-sol-cambia-su-ubicacion\\\/#primaryimage\"},\"thumbnailUrl\":\"https:\\\/\\\/unaymilletras.com\\\/wp-content\\\/uploads\\\/2024\\\/03\\\/CARTEL-BOOM-CDS-24_-100-e1711145387272.jpg\",\"articleSection\":[\"M\u00fasica\"],\"inLanguage\":\"en-GB\",\"potentialAction\":[{\"@type\":\"CommentAction\",\"name\":\"Comment\",\"target\":[\"https:\\\/\\\/unaymilletras.com\\\/boombastic-costa-de-sol-cambia-su-ubicacion\\\/#respond\"]}]},{\"@type\":\"WebPage\",\"@id\":\"https:\\\/\\\/unaymilletras.com\\\/boombastic-costa-de-sol-cambia-su-ubicacion\\\/\",\"url\":\"https:\\\/\\\/unaymilletras.com\\\/boombastic-costa-de-sol-cambia-su-ubicacion\\\/\",\"name\":\"Boombastic Costa de Sol cambia su ubicaci\u00f3n\",\"isPartOf\":{\"@id\":\"http:\\\/\\\/unaymilletras.com\\\/#website\"},\"primaryImageOfPage\":{\"@id\":\"https:\\\/\\\/unaymilletras.com\\\/boombastic-costa-de-sol-cambia-su-ubicacion\\\/#primaryimage\"},\"image\":{\"@id\":\"https:\\\/\\\/unaymilletras.com\\\/boombastic-costa-de-sol-cambia-su-ubicacion\\\/#primaryimage\"},\"thumbnailUrl\":\"https:\\\/\\\/unaymilletras.com\\\/wp-content\\\/uploads\\\/2024\\\/03\\\/CARTEL-BOOM-CDS-24_-100-e1711145387272.jpg\",\"datePublished\":\"2024-03-22T22:07:54+00:00\",\"dateModified\":\"2024-03-22T22:14:29+00:00\",\"description\":\"El 26 y 27 de julio tendr\u00e1 lugar el Boombastic costa de Sol en el M\u00e1laga Forum al que podr\u00e1n asistir 10.000 personas\",\"breadcrumb\":{\"@id\":\"https:\\\/\\\/unaymilletras.com\\\/boombastic-costa-de-sol-cambia-su-ubicacion\\\/#breadcrumb\"},\"inLanguage\":\"en-GB\",\"potentialAction\":[{\"@type\":\"ReadAction\",\"target\":[\"https:\\\/\\\/unaymilletras.com\\\/boombastic-costa-de-sol-cambia-su-ubicacion\\\/\"]}]},{\"@type\":\"ImageObject\",\"inLanguage\":\"en-GB\",\"@id\":\"https:\\\/\\\/unaymilletras.com\\\/boombastic-costa-de-sol-cambia-su-ubicacion\\\/#primaryimage\",\"url\":\"https:\\\/\\\/unaymilletras.com\\\/wp-content\\\/uploads\\\/2024\\\/03\\\/CARTEL-BOOM-CDS-24_-100-e1711145387272.jpg\",\"contentUrl\":\"https:\\\/\\\/unaymilletras.com\\\/wp-content\\\/uploads\\\/2024\\\/03\\\/CARTEL-BOOM-CDS-24_-100-e1711145387272.jpg\",\"width\":600,\"height\":750,\"caption\":\"Boombastic Costa de Sol\"},{\"@type\":\"BreadcrumbList\",\"@id\":\"https:\\\/\\\/unaymilletras.com\\\/boombastic-costa-de-sol-cambia-su-ubicacion\\\/#breadcrumb\",\"itemListElement\":[{\"@type\":\"ListItem\",\"position\":1,\"name\":\"Home\",\"item\":\"http:\\\/\\\/unaymilletras.com\\\/\"},{\"@type\":\"ListItem\",\"position\":2,\"name\":\"Boombastic Costa de Sol cambia su ubicaci\u00f3n\"}]},{\"@type\":\"WebSite\",\"@id\":\"http:\\\/\\\/unaymilletras.com\\\/#website\",\"url\":\"http:\\\/\\\/unaymilletras.com\\\/\",\"name\":\"Una y Mil Letras\",\"description\":\"\",\"publisher\":{\"@id\":\"http:\\\/\\\/unaymilletras.com\\\/#organization\"},\"potentialAction\":[{\"@type\":\"SearchAction\",\"target\":{\"@type\":\"EntryPoint\",\"urlTemplate\":\"http:\\\/\\\/unaymilletras.com\\\/?s={search_term_string}\"},\"query-input\":{\"@type\":\"PropertyValueSpecification\",\"valueRequired\":true,\"valueName\":\"search_term_string\"}}],\"inLanguage\":\"en-GB\"},{\"@type\":\"Organization\",\"@id\":\"http:\\\/\\\/unaymilletras.com\\\/#organization\",\"name\":\"Una y Mil Letras\",\"url\":\"http:\\\/\\\/unaymilletras.com\\\/\",\"logo\":{\"@type\":\"ImageObject\",\"inLanguage\":\"en-GB\",\"@id\":\"http:\\\/\\\/unaymilletras.com\\\/#\\\/schema\\\/logo\\\/image\\\/\",\"url\":\"https:\\\/\\\/unaymilletras.com\\\/wp-content\\\/uploads\\\/2024\\\/06\\\/cropped-Logo-removebg-preview.png\",\"contentUrl\":\"https:\\\/\\\/unaymilletras.com\\\/wp-content\\\/uploads\\\/2024\\\/06\\\/cropped-Logo-removebg-preview.png\",\"width\":512,\"height\":512,\"caption\":\"Una y Mil Letras\"},\"image\":{\"@id\":\"http:\\\/\\\/unaymilletras.com\\\/#\\\/schema\\\/logo\\\/image\\\/\"},\"sameAs\":[\"https:\\\/\\\/x.com\\\/UnaYMilLetras\",\"https:\\\/\\\/instagram.com\\\/UnaYMilLetras\"]},{\"@type\":\"Person\",\"@id\":\"http:\\\/\\\/unaymilletras.com\\\/#\\\/schema\\\/person\\\/d55ba681b8a4e463d8982dbe36a5dc94\",\"name\":\"Maria Gil Robledo\",\"image\":{\"@type\":\"ImageObject\",\"inLanguage\":\"en-GB\",\"@id\":\"https:\\\/\\\/secure.gravatar.com\\\/avatar\\\/4b8e5102e0015789407eb4870b12f0f2857952d83ca124058f92b764bd1840c3?s=96&d=mm&r=g\",\"url\":\"https:\\\/\\\/secure.gravatar.com\\\/avatar\\\/4b8e5102e0015789407eb4870b12f0f2857952d83ca124058f92b764bd1840c3?s=96&d=mm&r=g\",\"contentUrl\":\"https:\\\/\\\/secure.gravatar.com\\\/avatar\\\/4b8e5102e0015789407eb4870b12f0f2857952d83ca124058f92b764bd1840c3?s=96&d=mm&r=g\",\"caption\":\"Maria Gil Robledo\"},\"sameAs\":[\"http:\\\/\\\/unaymilletras.com\"],\"url\":\"https:\\\/\\\/unaymilletras.com\\\/en\\\/author\\\/mariiagiil02_\\\/\"}]}<\/script>\n<!-- \/ Yoast SEO plugin. -->","yoast_head_json":{"title":"Boombastic Costa de Sol cambia su ubicaci\u00f3n","description":"El 26 y 27 de julio tendr\u00e1 lugar el Boombastic costa de Sol en el M\u00e1laga Forum al que podr\u00e1n asistir 10.000 personas","robots":{"index":"index","follow":"follow","max-snippet":"max-snippet:-1","max-image-preview":"max-image-preview:large","max-video-preview":"max-video-preview:-1"},"canonical":"https:\/\/unaymilletras.com\/en\/boombastic-costa-de-sol-cambia-su-ubicacion\/","og_locale":"en_GB","og_type":"article","og_title":"Boombastic Costa de Sol cambia su ubicaci\u00f3n","og_description":"El 26 y 27 de julio tendr\u00e1 lugar el Boombastic costa de Sol en el M\u00e1laga Forum al que podr\u00e1n asistir 10.000 personas","og_url":"https:\/\/unaymilletras.com\/en\/boombastic-costa-de-sol-cambia-su-ubicacion\/","og_site_name":"Una y Mil Letras","article_published_time":"2024-03-22T22:07:54+00:00","article_modified_time":"2024-03-22T22:14:29+00:00","og_image":[{"width":600,"height":750,"url":"http:\/\/unaymilletras.com\/wp-content\/uploads\/2024\/03\/CARTEL-BOOM-CDS-24_-100-e1711145387272.jpg","type":"image\/jpeg"}],"author":"Maria Gil Robledo","twitter_card":"summary_large_image","twitter_creator":"@UnaYMilLetras","twitter_site":"@UnaYMilLetras","twitter_misc":{"Written by":"Maria Gil Robledo","Estimated reading time":"2 minutes"},"schema":{"@context":"https:\/\/schema.org","@graph":[{"@type":"Article","@id":"https:\/\/unaymilletras.com\/boombastic-costa-de-sol-cambia-su-ubicacion\/#article","isPartOf":{"@id":"https:\/\/unaymilletras.com\/boombastic-costa-de-sol-cambia-su-ubicacion\/"},"author":{"name":"Maria Gil Robledo","@id":"http:\/\/unaymilletras.com\/#\/schema\/person\/d55ba681b8a4e463d8982dbe36a5dc94"},"headline":"Boombastic Costa de Sol cambia su ubicaci\u00f3n","datePublished":"2024-03-22T22:07:54+00:00","dateModified":"2024-03-22T22:14:29+00:00","mainEntityOfPage":{"@id":"https:\/\/unaymilletras.com\/boombastic-costa-de-sol-cambia-su-ubicacion\/"},"wordCount":359,"commentCount":0,"publisher":{"@id":"http:\/\/unaymilletras.com\/#organization"},"image":{"@id":"https:\/\/unaymilletras.com\/boombastic-costa-de-sol-cambia-su-ubicacion\/#primaryimage"},"thumbnailUrl":"https:\/\/unaymilletras.com\/wp-content\/uploads\/2024\/03\/CARTEL-BOOM-CDS-24_-100-e1711145387272.jpg","articleSection":["M\u00fasica"],"inLanguage":"en-GB","potentialAction":[{"@type":"CommentAction","name":"Comment","target":["https:\/\/unaymilletras.com\/boombastic-costa-de-sol-cambia-su-ubicacion\/#respond"]}]},{"@type":"WebPage","@id":"https:\/\/unaymilletras.com\/boombastic-costa-de-sol-cambia-su-ubicacion\/","url":"https:\/\/unaymilletras.com\/boombastic-costa-de-sol-cambia-su-ubicacion\/","name":"Boombastic Costa de Sol cambia su ubicaci\u00f3n","isPartOf":{"@id":"http:\/\/unaymilletras.com\/#website"},"primaryImageOfPage":{"@id":"https:\/\/unaymilletras.com\/boombastic-costa-de-sol-cambia-su-ubicacion\/#primaryimage"},"image":{"@id":"https:\/\/unaymilletras.com\/boombastic-costa-de-sol-cambia-su-ubicacion\/#primaryimage"},"thumbnailUrl":"https:\/\/unaymilletras.com\/wp-content\/uploads\/2024\/03\/CARTEL-BOOM-CDS-24_-100-e1711145387272.jpg","datePublished":"2024-03-22T22:07:54+00:00","dateModified":"2024-03-22T22:14:29+00:00","description":"El 26 y 27 de julio tendr\u00e1 lugar el Boombastic costa de Sol en el M\u00e1laga Forum al que podr\u00e1n asistir 10.000 personas","breadcrumb":{"@id":"https:\/\/unaymilletras.com\/boombastic-costa-de-sol-cambia-su-ubicacion\/#breadcrumb"},"inLanguage":"en-GB","potentialAction":[{"@type":"ReadAction","target":["https:\/\/unaymilletras.com\/boombastic-costa-de-sol-cambia-su-ubicacion\/"]}]},{"@type":"ImageObject","inLanguage":"en-GB","@id":"https:\/\/unaymilletras.com\/boombastic-costa-de-sol-cambia-su-ubicacion\/#primaryimage","url":"https:\/\/unaymilletras.com\/wp-content\/uploads\/2024\/03\/CARTEL-BOOM-CDS-24_-100-e1711145387272.jpg","contentUrl":"https:\/\/unaymilletras.com\/wp-content\/uploads\/2024\/03\/CARTEL-BOOM-CDS-24_-100-e1711145387272.jpg","width":600,"height":750,"caption":"Boombastic Costa de Sol"},{"@type":"BreadcrumbList","@id":"https:\/\/unaymilletras.com\/boombastic-costa-de-sol-cambia-su-ubicacion\/#breadcrumb","itemListElement":[{"@type":"ListItem","position":1,"name":"Home","item":"http:\/\/unaymilletras.com\/"},{"@type":"ListItem","position":2,"name":"Boombastic Costa de Sol cambia su ubicaci\u00f3n"}]},{"@type":"WebSite","@id":"http:\/\/unaymilletras.com\/#website","url":"http:\/\/unaymilletras.com\/","name":"Una y Mil Letras","description":"","publisher":{"@id":"http:\/\/unaymilletras.com\/#organization"},"potentialAction":[{"@type":"SearchAction","target":{"@type":"EntryPoint","urlTemplate":"http:\/\/unaymilletras.com\/?s={search_term_string}"},"query-input":{"@type":"PropertyValueSpecification","valueRequired":true,"valueName":"search_term_string"}}],"inLanguage":"en-GB"},{"@type":"Organization","@id":"http:\/\/unaymilletras.com\/#organization","name":"Una y Mil Letras","url":"http:\/\/unaymilletras.com\/","logo":{"@type":"ImageObject","inLanguage":"en-GB","@id":"http:\/\/unaymilletras.com\/#\/schema\/logo\/image\/","url":"https:\/\/unaymilletras.com\/wp-content\/uploads\/2024\/06\/cropped-Logo-removebg-preview.png","contentUrl":"https:\/\/unaymilletras.com\/wp-content\/uploads\/2024\/06\/cropped-Logo-removebg-preview.png","width":512,"height":512,"caption":"Una y Mil Letras"},"image":{"@id":"http:\/\/unaymilletras.com\/#\/schema\/logo\/image\/"},"sameAs":["https:\/\/x.com\/UnaYMilLetras","https:\/\/instagram.com\/UnaYMilLetras"]},{"@type":"Person","@id":"http:\/\/unaymilletras.com\/#\/schema\/person\/d55ba681b8a4e463d8982dbe36a5dc94","name":"Maria Gil Robledo","image":{"@type":"ImageObject","inLanguage":"en-GB","@id":"https:\/\/secure.gravatar.com\/avatar\/4b8e5102e0015789407eb4870b12f0f2857952d83ca124058f92b764bd1840c3?s=96&d=mm&r=g","url":"https:\/\/secure.gravatar.com\/avatar\/4b8e5102e0015789407eb4870b12f0f2857952d83ca124058f92b764bd1840c3?s=96&d=mm&r=g","contentUrl":"https:\/\/secure.gravatar.com\/avatar\/4b8e5102e0015789407eb4870b12f0f2857952d83ca124058f92b764bd1840c3?s=96&d=mm&r=g","caption":"Maria Gil Robledo"},"sameAs":["http:\/\/unaymilletras.com"],"url":"https:\/\/unaymilletras.com\/en\/author\/mariiagiil02_\/"}]}},"_links":{"self":[{"href":"https:\/\/unaymilletras.com\/en\/wp-json\/wp\/v2\/posts\/2388","targetHints":{"allow":["GET"]}}],"collection":[{"href":"https:\/\/unaymilletras.com\/en\/wp-json\/wp\/v2\/posts"}],"about":[{"href":"https:\/\/unaymilletras.com\/en\/wp-json\/wp\/v2\/types\/post"}],"author":[{"embeddable":true,"href":"https:\/\/unaymilletras.com\/en\/wp-json\/wp\/v2\/users\/1"}],"replies":[{"embeddable":true,"href":"https:\/\/unaymilletras.com\/en\/wp-json\/wp\/v2\/comments?post=2388"}],"version-history":[{"count":4,"href":"https:\/\/unaymilletras.com\/en\/wp-json\/wp\/v2\/posts\/2388\/revisions"}],"predecessor-version":[{"id":2393,"href":"https:\/\/unaymilletras.com\/en\/wp-json\/wp\/v2\/posts\/2388\/revisions\/2393"}],"wp:featuredmedia":[{"embeddable":true,"href":"https:\/\/unaymilletras.com\/en\/wp-json\/wp\/v2\/media\/2390"}],"wp:attachment":[{"href":"https:\/\/unaymilletras.com\/en\/wp-json\/wp\/v2\/media?parent=2388"}],"wp:term":[{"taxonomy":"category","embeddable":true,"href":"https:\/\/unaymilletras.com\/en\/wp-json\/wp\/v2\/categories?post=2388"},{"taxonomy":"post_tag","embeddable":true,"href":"https:\/\/unaymilletras.com\/en\/wp-json\/wp\/v2\/tags?post=2388"}],"curies":[{"name":"wp","href":"https:\/\/api.w.org\/{rel}","templated":true}]}}