{"id":2394,"date":"2024-03-24T15:34:14","date_gmt":"2024-03-24T14:34:14","guid":{"rendered":"https:\/\/unaymilletras.com\/?p=2394"},"modified":"2024-03-24T15:38:46","modified_gmt":"2024-03-24T14:38:46","slug":"los40-primavera-pop-mas-artistas-y-nueva-edicion-en-rubi","status":"publish","type":"post","link":"https:\/\/unaymilletras.com\/en\/los40-primavera-pop-mas-artistas-y-nueva-edicion-en-rubi\/","title":{"rendered":"Los40 Primavera Pop: m\u00e1s artistas y nueva edici\u00f3n en Rub\u00ed\u00a0"},"content":{"rendered":"<div data-elementor-type=\"wp-post\" data-elementor-id=\"2394\" class=\"elementor elementor-2394\">\n\t\t\t\t\t\t<section class=\"elementor-section elementor-top-section elementor-element elementor-element-3fa4b83 elementor-section-boxed elementor-section-height-default elementor-section-height-default\" data-id=\"3fa4b83\" data-element_type=\"section\" data-e-type=\"section\">\n\t\t\t\t\t\t<div class=\"elementor-container elementor-column-gap-default\">\n\t\t\t\t\t<div class=\"elementor-column elementor-col-100 elementor-top-column elementor-element elementor-element-0f92aa7\" data-id=\"0f92aa7\" data-element_type=\"column\" data-e-type=\"column\">\n\t\t\t<div class=\"elementor-widget-wrap elementor-element-populated\">\n\t\t\t\t\t\t<div class=\"elementor-element elementor-element-b571343 elementor-widget elementor-widget-text-editor\" data-id=\"b571343\" data-element_type=\"widget\" data-e-type=\"widget\" data-widget_type=\"text-editor.default\">\n\t\t\t\t<div class=\"elementor-widget-container\">\n\t\t\t\t\t\t\t\t\t<h2 class=\"p1\" style=\"text-align: center;\"><span style=\"color: #808080;\"><i>Ana Mena, Eugenio y Sebastian Esquivel, Vicco, Depol, Naiara, Paul Thin y Ruslana se suman al cartel de Los40 Primavera Pop<\/i><\/span><\/h2>\t\t\t\t\t\t\t\t<\/div>\n\t\t\t\t<\/div>\n\t\t\t\t\t<\/div>\n\t\t<\/div>\n\t\t\t\t\t<\/div>\n\t\t<\/section>\n\t\t\t\t<section class=\"elementor-section elementor-top-section elementor-element elementor-element-f214168 elementor-section-boxed elementor-section-height-default elementor-section-height-default\" data-id=\"f214168\" data-element_type=\"section\" data-e-type=\"section\">\n\t\t\t\t\t\t<div class=\"elementor-container elementor-column-gap-default\">\n\t\t\t\t\t<div class=\"elementor-column elementor-col-100 elementor-top-column elementor-element elementor-element-443a034\" data-id=\"443a034\" data-element_type=\"column\" data-e-type=\"column\">\n\t\t\t<div class=\"elementor-widget-wrap elementor-element-populated\">\n\t\t\t\t\t\t<div class=\"elementor-element elementor-element-e1eb689 elementor-widget elementor-widget-text-editor\" data-id=\"e1eb689\" data-element_type=\"widget\" data-e-type=\"widget\" data-widget_type=\"text-editor.default\">\n\t\t\t\t<div class=\"elementor-widget-container\">\n\t\t\t\t\t\t\t\t\t<p class=\"p1\"><span style=\"color: #808080;\">El <b>12 de abril <\/b>tendr\u00e1 lugar <b>Los40 Primavera Pop<\/b> en el <b>WiZink Center de Madrid<\/b>. Este jueves se han descubierto los nuevos confirmados: <b>Ana Mena, Eugenio y Sebasti\u00e1n Esquivel, Vicco, Depol <\/b>y algunos de los concursantes de <a style=\"color: #808080;\" href=\"https:\/\/unaymilletras.com\/en\/la-gira-ot-2023-ya-tiene-nuevas-fechas\/\">Operaci\u00f3n Triunfo<\/a>. <b>Naiara, <a style=\"color: #808080;\" href=\"https:\/\/open.spotify.com\/intl-es\/artist\/0aA3vWOE6EWwJH8hDImZdv?si=8d3d3c468a1d4db4\">Paul<\/a> y Ruslana<\/b> actuar\u00e1n sobre el escenario del festival donde cantar\u00e1n por primera vez sus siglas. Todos ellos se unen a Ofenbach, Dani Fern\u00e1ndez, \u00c1lvaro de Luna, Abraham Mateo, David Otero, Beret, Walls, Marlon, Bombai, Paula Koops y Alm\u00e1cor, quienes ya se hab\u00edan confirmado con anterioridad.<\/span><\/p>\t\t\t\t\t\t\t\t<\/div>\n\t\t\t\t<\/div>\n\t\t\t\t\t<\/div>\n\t\t<\/div>\n\t\t\t\t\t<\/div>\n\t\t<\/section>\n\t\t\t\t<section class=\"elementor-section elementor-top-section elementor-element elementor-element-a0dfe37 elementor-section-boxed elementor-section-height-default elementor-section-height-default\" data-id=\"a0dfe37\" data-element_type=\"section\" data-e-type=\"section\">\n\t\t\t\t\t\t<div class=\"elementor-container elementor-column-gap-default\">\n\t\t\t\t\t<div class=\"elementor-column elementor-col-50 elementor-top-column elementor-element elementor-element-944dfba\" data-id=\"944dfba\" data-element_type=\"column\" data-e-type=\"column\">\n\t\t\t<div class=\"elementor-widget-wrap elementor-element-populated\">\n\t\t\t\t\t\t<div class=\"elementor-element elementor-element-393a8be elementor-widget elementor-widget-image\" data-id=\"393a8be\" data-element_type=\"widget\" data-e-type=\"widget\" data-widget_type=\"image.default\">\n\t\t\t\t<div class=\"elementor-widget-container\">\n\t\t\t\t\t\t\t\t\t\t\t\t\t\t\t<img fetchpriority=\"high\" decoding=\"async\" width=\"600\" height=\"610\" src=\"https:\/\/unaymilletras.com\/wp-content\/uploads\/2024\/03\/Barcelona-e1711290950138.jpeg\" class=\"attachment-large size-large wp-image-2397\" alt=\"Los40 Primavera Pop\" \/>\t\t\t\t\t\t\t\t\t\t\t\t\t\t\t<\/div>\n\t\t\t\t<\/div>\n\t\t\t\t\t<\/div>\n\t\t<\/div>\n\t\t\t\t<div class=\"elementor-column elementor-col-50 elementor-top-column elementor-element elementor-element-28bf8ba\" data-id=\"28bf8ba\" data-element_type=\"column\" data-e-type=\"column\">\n\t\t\t<div class=\"elementor-widget-wrap elementor-element-populated\">\n\t\t\t\t\t\t<div class=\"elementor-element elementor-element-82fde2f elementor-widget elementor-widget-image\" data-id=\"82fde2f\" data-element_type=\"widget\" data-e-type=\"widget\" data-widget_type=\"image.default\">\n\t\t\t\t<div class=\"elementor-widget-container\">\n\t\t\t\t\t\t\t\t\t\t\t\t\t\t\t<img decoding=\"async\" width=\"640\" height=\"640\" src=\"https:\/\/unaymilletras.com\/wp-content\/uploads\/2024\/03\/Madrid-1024x1024.jpeg\" class=\"attachment-large size-large wp-image-2396\" alt=\"Los40 Primavera Pop\" srcset=\"https:\/\/unaymilletras.com\/wp-content\/uploads\/2024\/03\/Madrid-1024x1024.jpeg 1024w, https:\/\/unaymilletras.com\/wp-content\/uploads\/2024\/03\/Madrid-300x300.jpeg 300w, https:\/\/unaymilletras.com\/wp-content\/uploads\/2024\/03\/Madrid-150x150.jpeg 150w, https:\/\/unaymilletras.com\/wp-content\/uploads\/2024\/03\/Madrid-768x768.jpeg 768w, https:\/\/unaymilletras.com\/wp-content\/uploads\/2024\/03\/Madrid-e1711290940346.jpeg 600w\" sizes=\"(max-width: 640px) 100vw, 640px\" \/>\t\t\t\t\t\t\t\t\t\t\t\t\t\t\t<\/div>\n\t\t\t\t<\/div>\n\t\t\t\t\t<\/div>\n\t\t<\/div>\n\t\t\t\t\t<\/div>\n\t\t<\/section>\n\t\t\t\t<section class=\"elementor-section elementor-top-section elementor-element elementor-element-690a3f2 elementor-section-boxed elementor-section-height-default elementor-section-height-default\" data-id=\"690a3f2\" data-element_type=\"section\" data-e-type=\"section\">\n\t\t\t\t\t\t<div class=\"elementor-container elementor-column-gap-default\">\n\t\t\t\t\t<div class=\"elementor-column elementor-col-100 elementor-top-column elementor-element elementor-element-2a6f475\" data-id=\"2a6f475\" data-element_type=\"column\" data-e-type=\"column\">\n\t\t\t<div class=\"elementor-widget-wrap elementor-element-populated\">\n\t\t\t\t\t\t<div class=\"elementor-element elementor-element-47acd77 elementor-widget elementor-widget-text-editor\" data-id=\"47acd77\" data-element_type=\"widget\" data-e-type=\"widget\" data-widget_type=\"text-editor.default\">\n\t\t\t\t<div class=\"elementor-widget-container\">\n\t\t\t\t\t\t\t\t\t<p class=\"p1\">Adem\u00e1s, se a\u00f1ade una nueva fecha en <b>Rub\u00ed<\/b>, <b>Barcelona<\/b>, el <b>13 de abril<\/b>. Todos los a\u00f1os se celebra Los40 Primavera Pop en la ciudad catalana y 2024 no iba a ser menos. Adem\u00e1s, tambi\u00e9n se ha revelado el cartel completo, muy similar al de Madrid:<b> Ofenbach, Dani Fern\u00e1ndez, \u00c1lvaro de Luna, Abraham Mateo, Eugenio y Sebastian Esquivel, Beret, Vicco, Soge Culebra, Charlie USG, Polo N\u00e1ndez, La Beba, Noan, David Otero, Marlon, Depol, Bombai, Marlena, Scorpio, Cloe, Roger Pedr\u00f3s, Paula Koops, Alm\u00e1cor, Paul Thin y Ruslana.<\/b><\/p>\n<p class=\"p1\">Dos noches consecutivas inolvidables en las que numerosos artistas de renombre y emergentes cautivar\u00e1n al p\u00fablico. Este evento, que ya se ha convertido en uno de las fechas m\u00e1s se\u00f1aladas del a\u00f1o por ser una experiencia inolvidable, estar\u00e1 presentado por los locutores de la radio. <b>Dani Moreno, Cristina Bosc\u00e1, \u00d3scar Mart\u00ednez, David \u00c1lvarez, F\u00e9lix Castillo, Cris Regatero, Karin Herrero y Jes\u00fas Taltavull <\/b>est\u00e1n en Madrid. <b>Adri\u00e0 Soler, Uri Mora, Adri\u00e0 Ortega y Sergi S\u00e1nchez<\/b><span class=\"Apple-converted-space\">&nbsp; <\/span>en Barcelona. El \u00fanico que formar\u00e1 parte de ambas fechas es el ic\u00f3nico<b> Tony Aguilar<\/b>. Un a\u00f1o m\u00e1s, Los40 Primavera Pop se preparan para celebrar el comienzo de la estaci\u00f3n que le da nombre.<\/p>\t\t\t\t\t\t\t\t<\/div>\n\t\t\t\t<\/div>\n\t\t\t\t\t<\/div>\n\t\t<\/div>\n\t\t\t\t\t<\/div>\n\t\t<\/section>\n\t\t\t\t<\/div>","protected":false},"excerpt":{"rendered":"<p>Ana Mena, Eugenio y Sebastian Esquivel, Vicco, Depol, Naiara, Paul Thin y Ruslana se suman al cartel de Los40 Primavera Pop El 12 de abril tendr\u00e1 lugar Los40 Primavera Pop en el WiZink Center de Madrid. Este jueves se han descubierto los nuevos confirmados: Ana Mena, Eugenio y Sebasti\u00e1n Esquivel, Vicco, Depol y algunos de [&hellip;]<\/p>\n","protected":false},"author":1,"featured_media":2396,"comment_status":"open","ping_status":"open","sticky":false,"template":"","format":"standard","meta":{"footnotes":""},"categories":[119,4],"tags":[],"class_list":["post-2394","post","type-post","status-publish","format-standard","has-post-thumbnail","hentry","category-eventos","category-musica"],"yoast_head":"<!-- This site is optimized with the Yoast SEO plugin v27.4 - https:\/\/yoast.com\/product\/yoast-seo-wordpress\/ -->\n<title>Los40 Primavera Pop: m\u00e1s artistas y nueva edici\u00f3n en Rub\u00ed\u00a0<\/title>\n<meta name=\"description\" content=\"Ana Mena, Eugenio y Sebastian Esquivel, Vicco, Depol, Naiara, Paul Thin y Ruslana se suman al cartel de Los40 Primavera Pop\" \/>\n<meta name=\"robots\" content=\"index, follow, max-snippet:-1, max-image-preview:large, max-video-preview:-1\" \/>\n<link rel=\"canonical\" href=\"https:\/\/unaymilletras.com\/en\/los40-primavera-pop-mas-artistas-y-nueva-edicion-en-rubi\/\" \/>\n<meta property=\"og:locale\" content=\"en_GB\" \/>\n<meta property=\"og:type\" content=\"article\" \/>\n<meta property=\"og:title\" content=\"Los40 Primavera Pop: m\u00e1s artistas y nueva edici\u00f3n en Rub\u00ed\u00a0\" \/>\n<meta property=\"og:description\" content=\"Ana Mena, Eugenio y Sebastian Esquivel, Vicco, Depol, Naiara, Paul Thin y Ruslana se suman al cartel de Los40 Primavera Pop\" \/>\n<meta property=\"og:url\" content=\"https:\/\/unaymilletras.com\/en\/los40-primavera-pop-mas-artistas-y-nueva-edicion-en-rubi\/\" \/>\n<meta property=\"og:site_name\" content=\"Una y Mil Letras\" \/>\n<meta property=\"article:published_time\" content=\"2024-03-24T14:34:14+00:00\" \/>\n<meta property=\"article:modified_time\" content=\"2024-03-24T14:38:46+00:00\" \/>\n<meta property=\"og:image\" content=\"http:\/\/unaymilletras.com\/wp-content\/uploads\/2024\/03\/Madrid-e1711290940346.jpeg\" \/>\n\t<meta property=\"og:image:width\" content=\"600\" \/>\n\t<meta property=\"og:image:height\" content=\"600\" \/>\n\t<meta property=\"og:image:type\" content=\"image\/jpeg\" \/>\n<meta name=\"author\" content=\"Maria Gil Robledo\" \/>\n<meta name=\"twitter:card\" content=\"summary_large_image\" \/>\n<meta name=\"twitter:creator\" content=\"@UnaYMilLetras\" \/>\n<meta name=\"twitter:site\" content=\"@UnaYMilLetras\" \/>\n<meta name=\"twitter:label1\" content=\"Written by\" \/>\n\t<meta name=\"twitter:data1\" content=\"Maria Gil Robledo\" \/>\n\t<meta name=\"twitter:label2\" content=\"Estimated reading time\" \/>\n\t<meta name=\"twitter:data2\" content=\"2 minutes\" \/>\n<script type=\"application\/ld+json\" class=\"yoast-schema-graph\">{\"@context\":\"https:\\\/\\\/schema.org\",\"@graph\":[{\"@type\":\"Article\",\"@id\":\"https:\\\/\\\/unaymilletras.com\\\/los40-primavera-pop-mas-artistas-y-nueva-edicion-en-rubi\\\/#article\",\"isPartOf\":{\"@id\":\"https:\\\/\\\/unaymilletras.com\\\/los40-primavera-pop-mas-artistas-y-nueva-edicion-en-rubi\\\/\"},\"author\":{\"name\":\"Maria Gil Robledo\",\"@id\":\"http:\\\/\\\/unaymilletras.com\\\/#\\\/schema\\\/person\\\/d55ba681b8a4e463d8982dbe36a5dc94\"},\"headline\":\"Los40 Primavera Pop: m\u00e1s artistas y nueva edici\u00f3n en Rub\u00ed\u00a0\",\"datePublished\":\"2024-03-24T14:34:14+00:00\",\"dateModified\":\"2024-03-24T14:38:46+00:00\",\"mainEntityOfPage\":{\"@id\":\"https:\\\/\\\/unaymilletras.com\\\/los40-primavera-pop-mas-artistas-y-nueva-edicion-en-rubi\\\/\"},\"wordCount\":340,\"commentCount\":0,\"publisher\":{\"@id\":\"http:\\\/\\\/unaymilletras.com\\\/#organization\"},\"image\":{\"@id\":\"https:\\\/\\\/unaymilletras.com\\\/los40-primavera-pop-mas-artistas-y-nueva-edicion-en-rubi\\\/#primaryimage\"},\"thumbnailUrl\":\"https:\\\/\\\/unaymilletras.com\\\/wp-content\\\/uploads\\\/2024\\\/03\\\/Madrid-e1711290940346.jpeg\",\"articleSection\":[\"Eventos\",\"M\u00fasica\"],\"inLanguage\":\"en-GB\",\"potentialAction\":[{\"@type\":\"CommentAction\",\"name\":\"Comment\",\"target\":[\"https:\\\/\\\/unaymilletras.com\\\/los40-primavera-pop-mas-artistas-y-nueva-edicion-en-rubi\\\/#respond\"]}]},{\"@type\":\"WebPage\",\"@id\":\"https:\\\/\\\/unaymilletras.com\\\/los40-primavera-pop-mas-artistas-y-nueva-edicion-en-rubi\\\/\",\"url\":\"https:\\\/\\\/unaymilletras.com\\\/los40-primavera-pop-mas-artistas-y-nueva-edicion-en-rubi\\\/\",\"name\":\"Los40 Primavera Pop: m\u00e1s artistas y nueva edici\u00f3n en Rub\u00ed\u00a0\",\"isPartOf\":{\"@id\":\"http:\\\/\\\/unaymilletras.com\\\/#website\"},\"primaryImageOfPage\":{\"@id\":\"https:\\\/\\\/unaymilletras.com\\\/los40-primavera-pop-mas-artistas-y-nueva-edicion-en-rubi\\\/#primaryimage\"},\"image\":{\"@id\":\"https:\\\/\\\/unaymilletras.com\\\/los40-primavera-pop-mas-artistas-y-nueva-edicion-en-rubi\\\/#primaryimage\"},\"thumbnailUrl\":\"https:\\\/\\\/unaymilletras.com\\\/wp-content\\\/uploads\\\/2024\\\/03\\\/Madrid-e1711290940346.jpeg\",\"datePublished\":\"2024-03-24T14:34:14+00:00\",\"dateModified\":\"2024-03-24T14:38:46+00:00\",\"description\":\"Ana Mena, Eugenio y Sebastian Esquivel, Vicco, Depol, Naiara, Paul Thin y Ruslana se suman al cartel de Los40 Primavera Pop\",\"breadcrumb\":{\"@id\":\"https:\\\/\\\/unaymilletras.com\\\/los40-primavera-pop-mas-artistas-y-nueva-edicion-en-rubi\\\/#breadcrumb\"},\"inLanguage\":\"en-GB\",\"potentialAction\":[{\"@type\":\"ReadAction\",\"target\":[\"https:\\\/\\\/unaymilletras.com\\\/los40-primavera-pop-mas-artistas-y-nueva-edicion-en-rubi\\\/\"]}]},{\"@type\":\"ImageObject\",\"inLanguage\":\"en-GB\",\"@id\":\"https:\\\/\\\/unaymilletras.com\\\/los40-primavera-pop-mas-artistas-y-nueva-edicion-en-rubi\\\/#primaryimage\",\"url\":\"https:\\\/\\\/unaymilletras.com\\\/wp-content\\\/uploads\\\/2024\\\/03\\\/Madrid-e1711290940346.jpeg\",\"contentUrl\":\"https:\\\/\\\/unaymilletras.com\\\/wp-content\\\/uploads\\\/2024\\\/03\\\/Madrid-e1711290940346.jpeg\",\"width\":600,\"height\":600,\"caption\":\"Los40 Primavera Pop\"},{\"@type\":\"BreadcrumbList\",\"@id\":\"https:\\\/\\\/unaymilletras.com\\\/los40-primavera-pop-mas-artistas-y-nueva-edicion-en-rubi\\\/#breadcrumb\",\"itemListElement\":[{\"@type\":\"ListItem\",\"position\":1,\"name\":\"Home\",\"item\":\"http:\\\/\\\/unaymilletras.com\\\/\"},{\"@type\":\"ListItem\",\"position\":2,\"name\":\"Los40 Primavera Pop: m\u00e1s artistas y nueva edici\u00f3n en Rub\u00ed\u00a0\"}]},{\"@type\":\"WebSite\",\"@id\":\"http:\\\/\\\/unaymilletras.com\\\/#website\",\"url\":\"http:\\\/\\\/unaymilletras.com\\\/\",\"name\":\"Una y Mil Letras\",\"description\":\"\",\"publisher\":{\"@id\":\"http:\\\/\\\/unaymilletras.com\\\/#organization\"},\"potentialAction\":[{\"@type\":\"SearchAction\",\"target\":{\"@type\":\"EntryPoint\",\"urlTemplate\":\"http:\\\/\\\/unaymilletras.com\\\/?s={search_term_string}\"},\"query-input\":{\"@type\":\"PropertyValueSpecification\",\"valueRequired\":true,\"valueName\":\"search_term_string\"}}],\"inLanguage\":\"en-GB\"},{\"@type\":\"Organization\",\"@id\":\"http:\\\/\\\/unaymilletras.com\\\/#organization\",\"name\":\"Una y Mil Letras\",\"url\":\"http:\\\/\\\/unaymilletras.com\\\/\",\"logo\":{\"@type\":\"ImageObject\",\"inLanguage\":\"en-GB\",\"@id\":\"http:\\\/\\\/unaymilletras.com\\\/#\\\/schema\\\/logo\\\/image\\\/\",\"url\":\"https:\\\/\\\/unaymilletras.com\\\/wp-content\\\/uploads\\\/2024\\\/06\\\/cropped-Logo-removebg-preview.png\",\"contentUrl\":\"https:\\\/\\\/unaymilletras.com\\\/wp-content\\\/uploads\\\/2024\\\/06\\\/cropped-Logo-removebg-preview.png\",\"width\":512,\"height\":512,\"caption\":\"Una y Mil Letras\"},\"image\":{\"@id\":\"http:\\\/\\\/unaymilletras.com\\\/#\\\/schema\\\/logo\\\/image\\\/\"},\"sameAs\":[\"https:\\\/\\\/x.com\\\/UnaYMilLetras\",\"https:\\\/\\\/instagram.com\\\/UnaYMilLetras\"]},{\"@type\":\"Person\",\"@id\":\"http:\\\/\\\/unaymilletras.com\\\/#\\\/schema\\\/person\\\/d55ba681b8a4e463d8982dbe36a5dc94\",\"name\":\"Maria Gil Robledo\",\"image\":{\"@type\":\"ImageObject\",\"inLanguage\":\"en-GB\",\"@id\":\"https:\\\/\\\/secure.gravatar.com\\\/avatar\\\/4b8e5102e0015789407eb4870b12f0f2857952d83ca124058f92b764bd1840c3?s=96&d=mm&r=g\",\"url\":\"https:\\\/\\\/secure.gravatar.com\\\/avatar\\\/4b8e5102e0015789407eb4870b12f0f2857952d83ca124058f92b764bd1840c3?s=96&d=mm&r=g\",\"contentUrl\":\"https:\\\/\\\/secure.gravatar.com\\\/avatar\\\/4b8e5102e0015789407eb4870b12f0f2857952d83ca124058f92b764bd1840c3?s=96&d=mm&r=g\",\"caption\":\"Maria Gil Robledo\"},\"sameAs\":[\"http:\\\/\\\/unaymilletras.com\"],\"url\":\"https:\\\/\\\/unaymilletras.com\\\/en\\\/author\\\/mariiagiil02_\\\/\"}]}<\/script>\n<!-- \/ Yoast SEO plugin. -->","yoast_head_json":{"title":"Los40 Primavera Pop: m\u00e1s artistas y nueva edici\u00f3n en Rub\u00ed\u00a0","description":"Ana Mena, Eugenio y Sebastian Esquivel, Vicco, Depol, Naiara, Paul Thin y Ruslana se suman al cartel de Los40 Primavera Pop","robots":{"index":"index","follow":"follow","max-snippet":"max-snippet:-1","max-image-preview":"max-image-preview:large","max-video-preview":"max-video-preview:-1"},"canonical":"https:\/\/unaymilletras.com\/en\/los40-primavera-pop-mas-artistas-y-nueva-edicion-en-rubi\/","og_locale":"en_GB","og_type":"article","og_title":"Los40 Primavera Pop: m\u00e1s artistas y nueva edici\u00f3n en Rub\u00ed\u00a0","og_description":"Ana Mena, Eugenio y Sebastian Esquivel, Vicco, Depol, Naiara, Paul Thin y Ruslana se suman al cartel de Los40 Primavera Pop","og_url":"https:\/\/unaymilletras.com\/en\/los40-primavera-pop-mas-artistas-y-nueva-edicion-en-rubi\/","og_site_name":"Una y Mil Letras","article_published_time":"2024-03-24T14:34:14+00:00","article_modified_time":"2024-03-24T14:38:46+00:00","og_image":[{"width":600,"height":600,"url":"http:\/\/unaymilletras.com\/wp-content\/uploads\/2024\/03\/Madrid-e1711290940346.jpeg","type":"image\/jpeg"}],"author":"Maria Gil Robledo","twitter_card":"summary_large_image","twitter_creator":"@UnaYMilLetras","twitter_site":"@UnaYMilLetras","twitter_misc":{"Written by":"Maria Gil Robledo","Estimated reading time":"2 minutes"},"schema":{"@context":"https:\/\/schema.org","@graph":[{"@type":"Article","@id":"https:\/\/unaymilletras.com\/los40-primavera-pop-mas-artistas-y-nueva-edicion-en-rubi\/#article","isPartOf":{"@id":"https:\/\/unaymilletras.com\/los40-primavera-pop-mas-artistas-y-nueva-edicion-en-rubi\/"},"author":{"name":"Maria Gil Robledo","@id":"http:\/\/unaymilletras.com\/#\/schema\/person\/d55ba681b8a4e463d8982dbe36a5dc94"},"headline":"Los40 Primavera Pop: m\u00e1s artistas y nueva edici\u00f3n en Rub\u00ed\u00a0","datePublished":"2024-03-24T14:34:14+00:00","dateModified":"2024-03-24T14:38:46+00:00","mainEntityOfPage":{"@id":"https:\/\/unaymilletras.com\/los40-primavera-pop-mas-artistas-y-nueva-edicion-en-rubi\/"},"wordCount":340,"commentCount":0,"publisher":{"@id":"http:\/\/unaymilletras.com\/#organization"},"image":{"@id":"https:\/\/unaymilletras.com\/los40-primavera-pop-mas-artistas-y-nueva-edicion-en-rubi\/#primaryimage"},"thumbnailUrl":"https:\/\/unaymilletras.com\/wp-content\/uploads\/2024\/03\/Madrid-e1711290940346.jpeg","articleSection":["Eventos","M\u00fasica"],"inLanguage":"en-GB","potentialAction":[{"@type":"CommentAction","name":"Comment","target":["https:\/\/unaymilletras.com\/los40-primavera-pop-mas-artistas-y-nueva-edicion-en-rubi\/#respond"]}]},{"@type":"WebPage","@id":"https:\/\/unaymilletras.com\/los40-primavera-pop-mas-artistas-y-nueva-edicion-en-rubi\/","url":"https:\/\/unaymilletras.com\/los40-primavera-pop-mas-artistas-y-nueva-edicion-en-rubi\/","name":"Los40 Primavera Pop: m\u00e1s artistas y nueva edici\u00f3n en Rub\u00ed\u00a0","isPartOf":{"@id":"http:\/\/unaymilletras.com\/#website"},"primaryImageOfPage":{"@id":"https:\/\/unaymilletras.com\/los40-primavera-pop-mas-artistas-y-nueva-edicion-en-rubi\/#primaryimage"},"image":{"@id":"https:\/\/unaymilletras.com\/los40-primavera-pop-mas-artistas-y-nueva-edicion-en-rubi\/#primaryimage"},"thumbnailUrl":"https:\/\/unaymilletras.com\/wp-content\/uploads\/2024\/03\/Madrid-e1711290940346.jpeg","datePublished":"2024-03-24T14:34:14+00:00","dateModified":"2024-03-24T14:38:46+00:00","description":"Ana Mena, Eugenio y Sebastian Esquivel, Vicco, Depol, Naiara, Paul Thin y Ruslana se suman al cartel de Los40 Primavera Pop","breadcrumb":{"@id":"https:\/\/unaymilletras.com\/los40-primavera-pop-mas-artistas-y-nueva-edicion-en-rubi\/#breadcrumb"},"inLanguage":"en-GB","potentialAction":[{"@type":"ReadAction","target":["https:\/\/unaymilletras.com\/los40-primavera-pop-mas-artistas-y-nueva-edicion-en-rubi\/"]}]},{"@type":"ImageObject","inLanguage":"en-GB","@id":"https:\/\/unaymilletras.com\/los40-primavera-pop-mas-artistas-y-nueva-edicion-en-rubi\/#primaryimage","url":"https:\/\/unaymilletras.com\/wp-content\/uploads\/2024\/03\/Madrid-e1711290940346.jpeg","contentUrl":"https:\/\/unaymilletras.com\/wp-content\/uploads\/2024\/03\/Madrid-e1711290940346.jpeg","width":600,"height":600,"caption":"Los40 Primavera Pop"},{"@type":"BreadcrumbList","@id":"https:\/\/unaymilletras.com\/los40-primavera-pop-mas-artistas-y-nueva-edicion-en-rubi\/#breadcrumb","itemListElement":[{"@type":"ListItem","position":1,"name":"Home","item":"http:\/\/unaymilletras.com\/"},{"@type":"ListItem","position":2,"name":"Los40 Primavera Pop: m\u00e1s artistas y nueva edici\u00f3n en Rub\u00ed\u00a0"}]},{"@type":"WebSite","@id":"http:\/\/unaymilletras.com\/#website","url":"http:\/\/unaymilletras.com\/","name":"Una y Mil Letras","description":"","publisher":{"@id":"http:\/\/unaymilletras.com\/#organization"},"potentialAction":[{"@type":"SearchAction","target":{"@type":"EntryPoint","urlTemplate":"http:\/\/unaymilletras.com\/?s={search_term_string}"},"query-input":{"@type":"PropertyValueSpecification","valueRequired":true,"valueName":"search_term_string"}}],"inLanguage":"en-GB"},{"@type":"Organization","@id":"http:\/\/unaymilletras.com\/#organization","name":"Una y Mil Letras","url":"http:\/\/unaymilletras.com\/","logo":{"@type":"ImageObject","inLanguage":"en-GB","@id":"http:\/\/unaymilletras.com\/#\/schema\/logo\/image\/","url":"https:\/\/unaymilletras.com\/wp-content\/uploads\/2024\/06\/cropped-Logo-removebg-preview.png","contentUrl":"https:\/\/unaymilletras.com\/wp-content\/uploads\/2024\/06\/cropped-Logo-removebg-preview.png","width":512,"height":512,"caption":"Una y Mil Letras"},"image":{"@id":"http:\/\/unaymilletras.com\/#\/schema\/logo\/image\/"},"sameAs":["https:\/\/x.com\/UnaYMilLetras","https:\/\/instagram.com\/UnaYMilLetras"]},{"@type":"Person","@id":"http:\/\/unaymilletras.com\/#\/schema\/person\/d55ba681b8a4e463d8982dbe36a5dc94","name":"Maria Gil Robledo","image":{"@type":"ImageObject","inLanguage":"en-GB","@id":"https:\/\/secure.gravatar.com\/avatar\/4b8e5102e0015789407eb4870b12f0f2857952d83ca124058f92b764bd1840c3?s=96&d=mm&r=g","url":"https:\/\/secure.gravatar.com\/avatar\/4b8e5102e0015789407eb4870b12f0f2857952d83ca124058f92b764bd1840c3?s=96&d=mm&r=g","contentUrl":"https:\/\/secure.gravatar.com\/avatar\/4b8e5102e0015789407eb4870b12f0f2857952d83ca124058f92b764bd1840c3?s=96&d=mm&r=g","caption":"Maria Gil Robledo"},"sameAs":["http:\/\/unaymilletras.com"],"url":"https:\/\/unaymilletras.com\/en\/author\/mariiagiil02_\/"}]}},"_links":{"self":[{"href":"https:\/\/unaymilletras.com\/en\/wp-json\/wp\/v2\/posts\/2394","targetHints":{"allow":["GET"]}}],"collection":[{"href":"https:\/\/unaymilletras.com\/en\/wp-json\/wp\/v2\/posts"}],"about":[{"href":"https:\/\/unaymilletras.com\/en\/wp-json\/wp\/v2\/types\/post"}],"author":[{"embeddable":true,"href":"https:\/\/unaymilletras.com\/en\/wp-json\/wp\/v2\/users\/1"}],"replies":[{"embeddable":true,"href":"https:\/\/unaymilletras.com\/en\/wp-json\/wp\/v2\/comments?post=2394"}],"version-history":[{"count":4,"href":"https:\/\/unaymilletras.com\/en\/wp-json\/wp\/v2\/posts\/2394\/revisions"}],"predecessor-version":[{"id":2400,"href":"https:\/\/unaymilletras.com\/en\/wp-json\/wp\/v2\/posts\/2394\/revisions\/2400"}],"wp:featuredmedia":[{"embeddable":true,"href":"https:\/\/unaymilletras.com\/en\/wp-json\/wp\/v2\/media\/2396"}],"wp:attachment":[{"href":"https:\/\/unaymilletras.com\/en\/wp-json\/wp\/v2\/media?parent=2394"}],"wp:term":[{"taxonomy":"category","embeddable":true,"href":"https:\/\/unaymilletras.com\/en\/wp-json\/wp\/v2\/categories?post=2394"},{"taxonomy":"post_tag","embeddable":true,"href":"https:\/\/unaymilletras.com\/en\/wp-json\/wp\/v2\/tags?post=2394"}],"curies":[{"name":"wp","href":"https:\/\/api.w.org\/{rel}","templated":true}]}}