{"id":2423,"date":"2024-03-30T15:58:13","date_gmt":"2024-03-30T14:58:13","guid":{"rendered":"https:\/\/unaymilletras.com\/?p=2423"},"modified":"2024-03-30T16:06:59","modified_gmt":"2024-03-30T15:06:59","slug":"enrique-iglesias-pone-fin-a-su-iconica-carrera","status":"publish","type":"post","link":"https:\/\/unaymilletras.com\/en\/enrique-iglesias-pone-fin-a-su-iconica-carrera\/","title":{"rendered":"Enrique Iglesias pone fin a su ic\u00f3nica carrera"},"content":{"rendered":"<div data-elementor-type=\"wp-post\" data-elementor-id=\"2423\" class=\"elementor elementor-2423\">\n\t\t\t\t\t\t<section class=\"elementor-section elementor-top-section elementor-element elementor-element-a687694 elementor-section-boxed elementor-section-height-default elementor-section-height-default\" data-id=\"a687694\" data-element_type=\"section\" data-e-type=\"section\">\n\t\t\t\t\t\t<div class=\"elementor-container elementor-column-gap-default\">\n\t\t\t\t\t<div class=\"elementor-column elementor-col-100 elementor-top-column elementor-element elementor-element-cb140dd\" data-id=\"cb140dd\" data-element_type=\"column\" data-e-type=\"column\">\n\t\t\t<div class=\"elementor-widget-wrap elementor-element-populated\">\n\t\t\t\t\t\t<div class=\"elementor-element elementor-element-0e7649e elementor-widget elementor-widget-text-editor\" data-id=\"0e7649e\" data-element_type=\"widget\" data-e-type=\"widget\" data-widget_type=\"text-editor.default\">\n\t\t\t\t<div class=\"elementor-widget-container\">\n\t\t\t\t\t\t\t\t\t<h2 style=\"text-align: center;\"><em><span style=\"color: #808080;\">\u00abFinal (Vol.2)\u00bb es el disco con el que Enrique Iglesias se despide de su carrera art\u00edstica en 10 canciones<\/span><\/em><\/h2>\t\t\t\t\t\t\t\t<\/div>\n\t\t\t\t<\/div>\n\t\t\t\t\t<\/div>\n\t\t<\/div>\n\t\t\t\t\t<\/div>\n\t\t<\/section>\n\t\t\t\t<section class=\"elementor-section elementor-top-section elementor-element elementor-element-1ed098e elementor-section-boxed elementor-section-height-default elementor-section-height-default\" data-id=\"1ed098e\" data-element_type=\"section\" data-e-type=\"section\">\n\t\t\t\t\t\t<div class=\"elementor-container elementor-column-gap-default\">\n\t\t\t\t\t<div class=\"elementor-column elementor-col-100 elementor-top-column elementor-element elementor-element-c2845ca\" data-id=\"c2845ca\" data-element_type=\"column\" data-e-type=\"column\">\n\t\t\t<div class=\"elementor-widget-wrap elementor-element-populated\">\n\t\t\t\t\t\t<div class=\"elementor-element elementor-element-0641fd0 elementor-widget elementor-widget-text-editor\" data-id=\"0641fd0\" data-element_type=\"widget\" data-e-type=\"widget\" data-widget_type=\"text-editor.default\">\n\t\t\t\t<div class=\"elementor-widget-container\">\n\t\t\t\t\t\t\t\t\t<p>El esperado lanzamiento de<strong> <em>Final (Vol.2)<\/em><\/strong>\u00a0no solo consolida la exitosa carrera de <strong>Enrique<\/strong> <strong>Iglesias<\/strong>, sino que tambi\u00e9n representa el punto \u00e1lgido de una trayectoria marcada por hitos y colaboraciones legendarias. Desde su debut en 1995, el cantante ha cautivado a audiencias globales con su distintivo estilo y su innegable talento.<\/p>\t\t\t\t\t\t\t\t<\/div>\n\t\t\t\t<\/div>\n\t\t\t\t\t<\/div>\n\t\t<\/div>\n\t\t\t\t\t<\/div>\n\t\t<\/section>\n\t\t\t\t<section class=\"elementor-section elementor-top-section elementor-element elementor-element-0d4a283 elementor-section-boxed elementor-section-height-default elementor-section-height-default\" data-id=\"0d4a283\" data-element_type=\"section\" data-e-type=\"section\">\n\t\t\t\t\t\t<div class=\"elementor-container elementor-column-gap-default\">\n\t\t\t\t\t<div class=\"elementor-column elementor-col-50 elementor-top-column elementor-element elementor-element-9b8efda\" data-id=\"9b8efda\" data-element_type=\"column\" data-e-type=\"column\">\n\t\t\t<div class=\"elementor-widget-wrap elementor-element-populated\">\n\t\t\t\t\t\t<div class=\"elementor-element elementor-element-2965390 elementor-widget elementor-widget-text-editor\" data-id=\"2965390\" data-element_type=\"widget\" data-e-type=\"widget\" data-widget_type=\"text-editor.default\">\n\t\t\t\t<div class=\"elementor-widget-container\">\n\t\t\t\t\t\t\t\t\t<p>Con m\u00e1s de tres d\u00e9cadas en la industria, Enrique Iglesias ha dejado una huella imborrable en el panorama musical. Canciones como <em>Bailamos<\/em>, <em>Hero<\/em> y <em>Escape<\/em> han dominado las listas de \u00e9xitos internacionales, convirti\u00e9ndolo en uno de los artistas latinos m\u00e1s influyentes de todos los tiempos. <em>Final (Vol.2)<\/em>\u00a0no solo es un testimonio de su versatilidad como artista, sino tambi\u00e9n un homenaje a su legado duradero.<\/p>\t\t\t\t\t\t\t\t<\/div>\n\t\t\t\t<\/div>\n\t\t\t\t\t<\/div>\n\t\t<\/div>\n\t\t\t\t<div class=\"elementor-column elementor-col-50 elementor-top-column elementor-element elementor-element-adb62e5\" data-id=\"adb62e5\" data-element_type=\"column\" data-e-type=\"column\">\n\t\t\t<div class=\"elementor-widget-wrap elementor-element-populated\">\n\t\t\t\t\t\t<div class=\"elementor-element elementor-element-96a6ab3 elementor-widget elementor-widget-image\" data-id=\"96a6ab3\" data-element_type=\"widget\" data-e-type=\"widget\" data-widget_type=\"image.default\">\n\t\t\t\t<div class=\"elementor-widget-container\">\n\t\t\t\t\t\t\t\t\t\t\t\t\t\t\t<img fetchpriority=\"high\" decoding=\"async\" width=\"490\" height=\"490\" src=\"https:\/\/unaymilletras.com\/wp-content\/uploads\/2024\/03\/enrique-iglesias.jpeg\" class=\"attachment-large size-large wp-image-2425\" alt=\"Enrique Iglesias\" srcset=\"https:\/\/unaymilletras.com\/wp-content\/uploads\/2024\/03\/enrique-iglesias.jpeg 490w, https:\/\/unaymilletras.com\/wp-content\/uploads\/2024\/03\/enrique-iglesias-300x300.jpeg 300w, https:\/\/unaymilletras.com\/wp-content\/uploads\/2024\/03\/enrique-iglesias-150x150.jpeg 150w\" sizes=\"(max-width: 490px) 100vw, 490px\" \/>\t\t\t\t\t\t\t\t\t\t\t\t\t\t\t<\/div>\n\t\t\t\t<\/div>\n\t\t\t\t\t<\/div>\n\t\t<\/div>\n\t\t\t\t\t<\/div>\n\t\t<\/section>\n\t\t\t\t<section class=\"elementor-section elementor-top-section elementor-element elementor-element-54f5e67 elementor-section-boxed elementor-section-height-default elementor-section-height-default\" data-id=\"54f5e67\" data-element_type=\"section\" data-e-type=\"section\">\n\t\t\t\t\t\t<div class=\"elementor-container elementor-column-gap-default\">\n\t\t\t\t\t<div class=\"elementor-column elementor-col-100 elementor-top-column elementor-element elementor-element-530d2d8\" data-id=\"530d2d8\" data-element_type=\"column\" data-e-type=\"column\">\n\t\t\t<div class=\"elementor-widget-wrap elementor-element-populated\">\n\t\t\t\t\t\t<div class=\"elementor-element elementor-element-f1cbf6a elementor-widget elementor-widget-text-editor\" data-id=\"f1cbf6a\" data-element_type=\"widget\" data-e-type=\"widget\" data-widget_type=\"text-editor.default\">\n\t\t\t\t<div class=\"elementor-widget-container\">\n\t\t\t\t\t\t\t\t\t<p><span style=\"color: #808080;\">El nuevo \u00e1lbum presenta una mezcla ecl\u00e9ctica de g\u00e9neros, desde el pop hasta la cumbia y el reguet\u00f3n, con colaboraciones de renombrados artistas como <a style=\"color: #808080;\" href=\"https:\/\/unaymilletras.com\/en\/maria-becerra-actuara-en-las-kings-queens-finals-en-madrid\/\">Mar\u00eda Becerra<\/a>, Miranda Lambert y El Alfa. Esta diversidad musical refleja la capacidad de Enrique Iglesias para reinventarse constantemente y mantenerse relevante en una industria en constante evoluci\u00f3n.<\/span><\/p><p><span style=\"color: #808080;\">A lo largo de su carrera, Enrique Iglesias ha sido galardonado con numerosos premios y reconocimientos, incluidos m\u00faltiples premios Grammy y Billboard. Su impacto cultural trasciende fronteras, convirti\u00e9ndolo en un verdadero \u00edcono de la m\u00fasica latina y un embajador global de la cultura hispana. Con <em><a style=\"color: #808080;\" href=\"https:\/\/enriqueiglesiases.lnk.to\/FinalVol2-Info\">Final (Vol.2)<\/a><\/em>, el cantante contin\u00faa dejando su huella en la historia de la m\u00fasica, asegurando su lugar como una leyenda viviente del pop latino.<\/span><\/p>\t\t\t\t\t\t\t\t<\/div>\n\t\t\t\t<\/div>\n\t\t\t\t\t<\/div>\n\t\t<\/div>\n\t\t\t\t\t<\/div>\n\t\t<\/section>\n\t\t\t\t<\/div>","protected":false},"excerpt":{"rendered":"<p>\u00abFinal (Vol.2)\u00bb es el disco con el que Enrique Iglesias se despide de su carrera art\u00edstica en 10 canciones El esperado lanzamiento de Final (Vol.2)\u00a0no solo consolida la exitosa carrera de Enrique Iglesias, sino que tambi\u00e9n representa el punto \u00e1lgido de una trayectoria marcada por hitos y colaboraciones legendarias. Desde su debut en 1995, el [&hellip;]<\/p>\n","protected":false},"author":1,"featured_media":2425,"comment_status":"open","ping_status":"open","sticky":false,"template":"","format":"standard","meta":{"footnotes":""},"categories":[4,1],"tags":[],"class_list":["post-2423","post","type-post","status-publish","format-standard","has-post-thumbnail","hentry","category-musica","category-uncategorized"],"yoast_head":"<!-- This site is optimized with the Yoast SEO plugin v27.4 - https:\/\/yoast.com\/product\/yoast-seo-wordpress\/ -->\n<title>Enrique Iglesias pone fin a su ic\u00f3nica carrera &#8902; Una y Mil Letras<\/title>\n<meta name=\"description\" content=\"&quot;Final (Vol.2)&quot; es el disco con el que Enrique Iglesias se despide de su carrera art\u00edstica en 10 canciones\" \/>\n<meta name=\"robots\" content=\"index, follow, max-snippet:-1, max-image-preview:large, max-video-preview:-1\" \/>\n<link rel=\"canonical\" href=\"https:\/\/unaymilletras.com\/en\/enrique-iglesias-pone-fin-a-su-iconica-carrera\/\" \/>\n<meta property=\"og:locale\" content=\"en_GB\" \/>\n<meta property=\"og:type\" content=\"article\" \/>\n<meta property=\"og:title\" content=\"Enrique Iglesias pone fin a su ic\u00f3nica carrera &#8902; Una y Mil Letras\" \/>\n<meta property=\"og:description\" content=\"&quot;Final (Vol.2)&quot; es el disco con el que Enrique Iglesias se despide de su carrera art\u00edstica en 10 canciones\" \/>\n<meta property=\"og:url\" content=\"https:\/\/unaymilletras.com\/en\/enrique-iglesias-pone-fin-a-su-iconica-carrera\/\" \/>\n<meta property=\"og:site_name\" content=\"Una y Mil Letras\" \/>\n<meta property=\"article:published_time\" content=\"2024-03-30T14:58:13+00:00\" \/>\n<meta property=\"article:modified_time\" content=\"2024-03-30T15:06:59+00:00\" \/>\n<meta property=\"og:image\" content=\"http:\/\/unaymilletras.com\/wp-content\/uploads\/2024\/03\/enrique-iglesias.jpeg\" \/>\n\t<meta property=\"og:image:width\" content=\"490\" \/>\n\t<meta property=\"og:image:height\" content=\"490\" \/>\n\t<meta property=\"og:image:type\" content=\"image\/jpeg\" \/>\n<meta name=\"author\" content=\"Maria Gil Robledo\" \/>\n<meta name=\"twitter:card\" content=\"summary_large_image\" \/>\n<meta name=\"twitter:creator\" content=\"@UnaYMilLetras\" \/>\n<meta name=\"twitter:site\" content=\"@UnaYMilLetras\" \/>\n<meta name=\"twitter:label1\" content=\"Written by\" \/>\n\t<meta name=\"twitter:data1\" content=\"Maria Gil Robledo\" \/>\n\t<meta name=\"twitter:label2\" content=\"Estimated reading time\" \/>\n\t<meta name=\"twitter:data2\" content=\"2 minutes\" \/>\n<script type=\"application\/ld+json\" class=\"yoast-schema-graph\">{\"@context\":\"https:\\\/\\\/schema.org\",\"@graph\":[{\"@type\":\"Article\",\"@id\":\"https:\\\/\\\/unaymilletras.com\\\/enrique-iglesias-pone-fin-a-su-iconica-carrera\\\/#article\",\"isPartOf\":{\"@id\":\"https:\\\/\\\/unaymilletras.com\\\/enrique-iglesias-pone-fin-a-su-iconica-carrera\\\/\"},\"author\":{\"name\":\"Maria Gil Robledo\",\"@id\":\"http:\\\/\\\/unaymilletras.com\\\/#\\\/schema\\\/person\\\/d55ba681b8a4e463d8982dbe36a5dc94\"},\"headline\":\"Enrique Iglesias pone fin a su ic\u00f3nica carrera\",\"datePublished\":\"2024-03-30T14:58:13+00:00\",\"dateModified\":\"2024-03-30T15:06:59+00:00\",\"mainEntityOfPage\":{\"@id\":\"https:\\\/\\\/unaymilletras.com\\\/enrique-iglesias-pone-fin-a-su-iconica-carrera\\\/\"},\"wordCount\":280,\"commentCount\":0,\"publisher\":{\"@id\":\"http:\\\/\\\/unaymilletras.com\\\/#organization\"},\"image\":{\"@id\":\"https:\\\/\\\/unaymilletras.com\\\/enrique-iglesias-pone-fin-a-su-iconica-carrera\\\/#primaryimage\"},\"thumbnailUrl\":\"https:\\\/\\\/unaymilletras.com\\\/wp-content\\\/uploads\\\/2024\\\/03\\\/enrique-iglesias.jpeg\",\"articleSection\":[\"M\u00fasica\",\"Uncategorized\"],\"inLanguage\":\"en-GB\",\"potentialAction\":[{\"@type\":\"CommentAction\",\"name\":\"Comment\",\"target\":[\"https:\\\/\\\/unaymilletras.com\\\/enrique-iglesias-pone-fin-a-su-iconica-carrera\\\/#respond\"]}]},{\"@type\":\"WebPage\",\"@id\":\"https:\\\/\\\/unaymilletras.com\\\/enrique-iglesias-pone-fin-a-su-iconica-carrera\\\/\",\"url\":\"https:\\\/\\\/unaymilletras.com\\\/enrique-iglesias-pone-fin-a-su-iconica-carrera\\\/\",\"name\":\"Enrique Iglesias pone fin a su ic\u00f3nica carrera &#8902; Una y Mil Letras\",\"isPartOf\":{\"@id\":\"http:\\\/\\\/unaymilletras.com\\\/#website\"},\"primaryImageOfPage\":{\"@id\":\"https:\\\/\\\/unaymilletras.com\\\/enrique-iglesias-pone-fin-a-su-iconica-carrera\\\/#primaryimage\"},\"image\":{\"@id\":\"https:\\\/\\\/unaymilletras.com\\\/enrique-iglesias-pone-fin-a-su-iconica-carrera\\\/#primaryimage\"},\"thumbnailUrl\":\"https:\\\/\\\/unaymilletras.com\\\/wp-content\\\/uploads\\\/2024\\\/03\\\/enrique-iglesias.jpeg\",\"datePublished\":\"2024-03-30T14:58:13+00:00\",\"dateModified\":\"2024-03-30T15:06:59+00:00\",\"description\":\"\\\"Final (Vol.2)\\\" es el disco con el que Enrique Iglesias se despide de su carrera art\u00edstica en 10 canciones\",\"breadcrumb\":{\"@id\":\"https:\\\/\\\/unaymilletras.com\\\/enrique-iglesias-pone-fin-a-su-iconica-carrera\\\/#breadcrumb\"},\"inLanguage\":\"en-GB\",\"potentialAction\":[{\"@type\":\"ReadAction\",\"target\":[\"https:\\\/\\\/unaymilletras.com\\\/enrique-iglesias-pone-fin-a-su-iconica-carrera\\\/\"]}]},{\"@type\":\"ImageObject\",\"inLanguage\":\"en-GB\",\"@id\":\"https:\\\/\\\/unaymilletras.com\\\/enrique-iglesias-pone-fin-a-su-iconica-carrera\\\/#primaryimage\",\"url\":\"https:\\\/\\\/unaymilletras.com\\\/wp-content\\\/uploads\\\/2024\\\/03\\\/enrique-iglesias.jpeg\",\"contentUrl\":\"https:\\\/\\\/unaymilletras.com\\\/wp-content\\\/uploads\\\/2024\\\/03\\\/enrique-iglesias.jpeg\",\"width\":490,\"height\":490,\"caption\":\"Enrique Iglesias\"},{\"@type\":\"BreadcrumbList\",\"@id\":\"https:\\\/\\\/unaymilletras.com\\\/enrique-iglesias-pone-fin-a-su-iconica-carrera\\\/#breadcrumb\",\"itemListElement\":[{\"@type\":\"ListItem\",\"position\":1,\"name\":\"Home\",\"item\":\"http:\\\/\\\/unaymilletras.com\\\/\"},{\"@type\":\"ListItem\",\"position\":2,\"name\":\"Enrique Iglesias pone fin a su ic\u00f3nica carrera\"}]},{\"@type\":\"WebSite\",\"@id\":\"http:\\\/\\\/unaymilletras.com\\\/#website\",\"url\":\"http:\\\/\\\/unaymilletras.com\\\/\",\"name\":\"Una y Mil Letras\",\"description\":\"\",\"publisher\":{\"@id\":\"http:\\\/\\\/unaymilletras.com\\\/#organization\"},\"potentialAction\":[{\"@type\":\"SearchAction\",\"target\":{\"@type\":\"EntryPoint\",\"urlTemplate\":\"http:\\\/\\\/unaymilletras.com\\\/?s={search_term_string}\"},\"query-input\":{\"@type\":\"PropertyValueSpecification\",\"valueRequired\":true,\"valueName\":\"search_term_string\"}}],\"inLanguage\":\"en-GB\"},{\"@type\":\"Organization\",\"@id\":\"http:\\\/\\\/unaymilletras.com\\\/#organization\",\"name\":\"Una y Mil Letras\",\"url\":\"http:\\\/\\\/unaymilletras.com\\\/\",\"logo\":{\"@type\":\"ImageObject\",\"inLanguage\":\"en-GB\",\"@id\":\"http:\\\/\\\/unaymilletras.com\\\/#\\\/schema\\\/logo\\\/image\\\/\",\"url\":\"https:\\\/\\\/unaymilletras.com\\\/wp-content\\\/uploads\\\/2024\\\/06\\\/cropped-Logo-removebg-preview.png\",\"contentUrl\":\"https:\\\/\\\/unaymilletras.com\\\/wp-content\\\/uploads\\\/2024\\\/06\\\/cropped-Logo-removebg-preview.png\",\"width\":512,\"height\":512,\"caption\":\"Una y Mil Letras\"},\"image\":{\"@id\":\"http:\\\/\\\/unaymilletras.com\\\/#\\\/schema\\\/logo\\\/image\\\/\"},\"sameAs\":[\"https:\\\/\\\/x.com\\\/UnaYMilLetras\",\"https:\\\/\\\/instagram.com\\\/UnaYMilLetras\"]},{\"@type\":\"Person\",\"@id\":\"http:\\\/\\\/unaymilletras.com\\\/#\\\/schema\\\/person\\\/d55ba681b8a4e463d8982dbe36a5dc94\",\"name\":\"Maria Gil Robledo\",\"image\":{\"@type\":\"ImageObject\",\"inLanguage\":\"en-GB\",\"@id\":\"https:\\\/\\\/secure.gravatar.com\\\/avatar\\\/4b8e5102e0015789407eb4870b12f0f2857952d83ca124058f92b764bd1840c3?s=96&d=mm&r=g\",\"url\":\"https:\\\/\\\/secure.gravatar.com\\\/avatar\\\/4b8e5102e0015789407eb4870b12f0f2857952d83ca124058f92b764bd1840c3?s=96&d=mm&r=g\",\"contentUrl\":\"https:\\\/\\\/secure.gravatar.com\\\/avatar\\\/4b8e5102e0015789407eb4870b12f0f2857952d83ca124058f92b764bd1840c3?s=96&d=mm&r=g\",\"caption\":\"Maria Gil Robledo\"},\"sameAs\":[\"http:\\\/\\\/unaymilletras.com\"],\"url\":\"https:\\\/\\\/unaymilletras.com\\\/en\\\/author\\\/mariiagiil02_\\\/\"}]}<\/script>\n<!-- \/ Yoast SEO plugin. -->","yoast_head_json":{"title":"Enrique Iglesias pone fin a su ic\u00f3nica carrera &#8902; Una y Mil Letras","description":"\"Final (Vol.2)\" es el disco con el que Enrique Iglesias se despide de su carrera art\u00edstica en 10 canciones","robots":{"index":"index","follow":"follow","max-snippet":"max-snippet:-1","max-image-preview":"max-image-preview:large","max-video-preview":"max-video-preview:-1"},"canonical":"https:\/\/unaymilletras.com\/en\/enrique-iglesias-pone-fin-a-su-iconica-carrera\/","og_locale":"en_GB","og_type":"article","og_title":"Enrique Iglesias pone fin a su ic\u00f3nica carrera &#8902; Una y Mil Letras","og_description":"\"Final (Vol.2)\" es el disco con el que Enrique Iglesias se despide de su carrera art\u00edstica en 10 canciones","og_url":"https:\/\/unaymilletras.com\/en\/enrique-iglesias-pone-fin-a-su-iconica-carrera\/","og_site_name":"Una y Mil Letras","article_published_time":"2024-03-30T14:58:13+00:00","article_modified_time":"2024-03-30T15:06:59+00:00","og_image":[{"width":490,"height":490,"url":"http:\/\/unaymilletras.com\/wp-content\/uploads\/2024\/03\/enrique-iglesias.jpeg","type":"image\/jpeg"}],"author":"Maria Gil Robledo","twitter_card":"summary_large_image","twitter_creator":"@UnaYMilLetras","twitter_site":"@UnaYMilLetras","twitter_misc":{"Written by":"Maria Gil Robledo","Estimated reading time":"2 minutes"},"schema":{"@context":"https:\/\/schema.org","@graph":[{"@type":"Article","@id":"https:\/\/unaymilletras.com\/enrique-iglesias-pone-fin-a-su-iconica-carrera\/#article","isPartOf":{"@id":"https:\/\/unaymilletras.com\/enrique-iglesias-pone-fin-a-su-iconica-carrera\/"},"author":{"name":"Maria Gil Robledo","@id":"http:\/\/unaymilletras.com\/#\/schema\/person\/d55ba681b8a4e463d8982dbe36a5dc94"},"headline":"Enrique Iglesias pone fin a su ic\u00f3nica carrera","datePublished":"2024-03-30T14:58:13+00:00","dateModified":"2024-03-30T15:06:59+00:00","mainEntityOfPage":{"@id":"https:\/\/unaymilletras.com\/enrique-iglesias-pone-fin-a-su-iconica-carrera\/"},"wordCount":280,"commentCount":0,"publisher":{"@id":"http:\/\/unaymilletras.com\/#organization"},"image":{"@id":"https:\/\/unaymilletras.com\/enrique-iglesias-pone-fin-a-su-iconica-carrera\/#primaryimage"},"thumbnailUrl":"https:\/\/unaymilletras.com\/wp-content\/uploads\/2024\/03\/enrique-iglesias.jpeg","articleSection":["M\u00fasica","Uncategorized"],"inLanguage":"en-GB","potentialAction":[{"@type":"CommentAction","name":"Comment","target":["https:\/\/unaymilletras.com\/enrique-iglesias-pone-fin-a-su-iconica-carrera\/#respond"]}]},{"@type":"WebPage","@id":"https:\/\/unaymilletras.com\/enrique-iglesias-pone-fin-a-su-iconica-carrera\/","url":"https:\/\/unaymilletras.com\/enrique-iglesias-pone-fin-a-su-iconica-carrera\/","name":"Enrique Iglesias pone fin a su ic\u00f3nica carrera &#8902; Una y Mil Letras","isPartOf":{"@id":"http:\/\/unaymilletras.com\/#website"},"primaryImageOfPage":{"@id":"https:\/\/unaymilletras.com\/enrique-iglesias-pone-fin-a-su-iconica-carrera\/#primaryimage"},"image":{"@id":"https:\/\/unaymilletras.com\/enrique-iglesias-pone-fin-a-su-iconica-carrera\/#primaryimage"},"thumbnailUrl":"https:\/\/unaymilletras.com\/wp-content\/uploads\/2024\/03\/enrique-iglesias.jpeg","datePublished":"2024-03-30T14:58:13+00:00","dateModified":"2024-03-30T15:06:59+00:00","description":"\"Final (Vol.2)\" es el disco con el que Enrique Iglesias se despide de su carrera art\u00edstica en 10 canciones","breadcrumb":{"@id":"https:\/\/unaymilletras.com\/enrique-iglesias-pone-fin-a-su-iconica-carrera\/#breadcrumb"},"inLanguage":"en-GB","potentialAction":[{"@type":"ReadAction","target":["https:\/\/unaymilletras.com\/enrique-iglesias-pone-fin-a-su-iconica-carrera\/"]}]},{"@type":"ImageObject","inLanguage":"en-GB","@id":"https:\/\/unaymilletras.com\/enrique-iglesias-pone-fin-a-su-iconica-carrera\/#primaryimage","url":"https:\/\/unaymilletras.com\/wp-content\/uploads\/2024\/03\/enrique-iglesias.jpeg","contentUrl":"https:\/\/unaymilletras.com\/wp-content\/uploads\/2024\/03\/enrique-iglesias.jpeg","width":490,"height":490,"caption":"Enrique Iglesias"},{"@type":"BreadcrumbList","@id":"https:\/\/unaymilletras.com\/enrique-iglesias-pone-fin-a-su-iconica-carrera\/#breadcrumb","itemListElement":[{"@type":"ListItem","position":1,"name":"Home","item":"http:\/\/unaymilletras.com\/"},{"@type":"ListItem","position":2,"name":"Enrique Iglesias pone fin a su ic\u00f3nica carrera"}]},{"@type":"WebSite","@id":"http:\/\/unaymilletras.com\/#website","url":"http:\/\/unaymilletras.com\/","name":"Una y Mil Letras","description":"","publisher":{"@id":"http:\/\/unaymilletras.com\/#organization"},"potentialAction":[{"@type":"SearchAction","target":{"@type":"EntryPoint","urlTemplate":"http:\/\/unaymilletras.com\/?s={search_term_string}"},"query-input":{"@type":"PropertyValueSpecification","valueRequired":true,"valueName":"search_term_string"}}],"inLanguage":"en-GB"},{"@type":"Organization","@id":"http:\/\/unaymilletras.com\/#organization","name":"Una y Mil Letras","url":"http:\/\/unaymilletras.com\/","logo":{"@type":"ImageObject","inLanguage":"en-GB","@id":"http:\/\/unaymilletras.com\/#\/schema\/logo\/image\/","url":"https:\/\/unaymilletras.com\/wp-content\/uploads\/2024\/06\/cropped-Logo-removebg-preview.png","contentUrl":"https:\/\/unaymilletras.com\/wp-content\/uploads\/2024\/06\/cropped-Logo-removebg-preview.png","width":512,"height":512,"caption":"Una y Mil Letras"},"image":{"@id":"http:\/\/unaymilletras.com\/#\/schema\/logo\/image\/"},"sameAs":["https:\/\/x.com\/UnaYMilLetras","https:\/\/instagram.com\/UnaYMilLetras"]},{"@type":"Person","@id":"http:\/\/unaymilletras.com\/#\/schema\/person\/d55ba681b8a4e463d8982dbe36a5dc94","name":"Maria Gil Robledo","image":{"@type":"ImageObject","inLanguage":"en-GB","@id":"https:\/\/secure.gravatar.com\/avatar\/4b8e5102e0015789407eb4870b12f0f2857952d83ca124058f92b764bd1840c3?s=96&d=mm&r=g","url":"https:\/\/secure.gravatar.com\/avatar\/4b8e5102e0015789407eb4870b12f0f2857952d83ca124058f92b764bd1840c3?s=96&d=mm&r=g","contentUrl":"https:\/\/secure.gravatar.com\/avatar\/4b8e5102e0015789407eb4870b12f0f2857952d83ca124058f92b764bd1840c3?s=96&d=mm&r=g","caption":"Maria Gil Robledo"},"sameAs":["http:\/\/unaymilletras.com"],"url":"https:\/\/unaymilletras.com\/en\/author\/mariiagiil02_\/"}]}},"_links":{"self":[{"href":"https:\/\/unaymilletras.com\/en\/wp-json\/wp\/v2\/posts\/2423","targetHints":{"allow":["GET"]}}],"collection":[{"href":"https:\/\/unaymilletras.com\/en\/wp-json\/wp\/v2\/posts"}],"about":[{"href":"https:\/\/unaymilletras.com\/en\/wp-json\/wp\/v2\/types\/post"}],"author":[{"embeddable":true,"href":"https:\/\/unaymilletras.com\/en\/wp-json\/wp\/v2\/users\/1"}],"replies":[{"embeddable":true,"href":"https:\/\/unaymilletras.com\/en\/wp-json\/wp\/v2\/comments?post=2423"}],"version-history":[{"count":4,"href":"https:\/\/unaymilletras.com\/en\/wp-json\/wp\/v2\/posts\/2423\/revisions"}],"predecessor-version":[{"id":2428,"href":"https:\/\/unaymilletras.com\/en\/wp-json\/wp\/v2\/posts\/2423\/revisions\/2428"}],"wp:featuredmedia":[{"embeddable":true,"href":"https:\/\/unaymilletras.com\/en\/wp-json\/wp\/v2\/media\/2425"}],"wp:attachment":[{"href":"https:\/\/unaymilletras.com\/en\/wp-json\/wp\/v2\/media?parent=2423"}],"wp:term":[{"taxonomy":"category","embeddable":true,"href":"https:\/\/unaymilletras.com\/en\/wp-json\/wp\/v2\/categories?post=2423"},{"taxonomy":"post_tag","embeddable":true,"href":"https:\/\/unaymilletras.com\/en\/wp-json\/wp\/v2\/tags?post=2423"}],"curies":[{"name":"wp","href":"https:\/\/api.w.org\/{rel}","templated":true}]}}