{"id":2429,"date":"2024-04-02T14:42:46","date_gmt":"2024-04-02T12:42:46","guid":{"rendered":"https:\/\/unaymilletras.com\/?p=2429"},"modified":"2024-04-02T14:47:55","modified_gmt":"2024-04-02T12:47:55","slug":"el-emotivo-homenaje-de-tini-a-su-padre-pa","status":"publish","type":"post","link":"https:\/\/unaymilletras.com\/en\/el-emotivo-homenaje-de-tini-a-su-padre-pa\/","title":{"rendered":"El emotivo homenaje de Tini a su padre: \u201cpa\u2019\u201d"},"content":{"rendered":"<div data-elementor-type=\"wp-post\" data-elementor-id=\"2429\" class=\"elementor elementor-2429\">\n\t\t\t\t\t\t<section class=\"elementor-section elementor-top-section elementor-element elementor-element-2c2c62a elementor-section-boxed elementor-section-height-default elementor-section-height-default\" data-id=\"2c2c62a\" data-element_type=\"section\" data-e-type=\"section\">\n\t\t\t\t\t\t<div class=\"elementor-container elementor-column-gap-default\">\n\t\t\t\t\t<div class=\"elementor-column elementor-col-100 elementor-top-column elementor-element elementor-element-16d20fd\" data-id=\"16d20fd\" data-element_type=\"column\" data-e-type=\"column\">\n\t\t\t<div class=\"elementor-widget-wrap elementor-element-populated\">\n\t\t\t\t\t\t<div class=\"elementor-element elementor-element-6587691 elementor-widget elementor-widget-text-editor\" data-id=\"6587691\" data-element_type=\"widget\" data-e-type=\"widget\" data-widget_type=\"text-editor.default\">\n\t\t\t\t<div class=\"elementor-widget-container\">\n\t\t\t\t\t\t\t\t\t<h2 class=\"p1\" style=\"text-align: center;\"><span style=\"color: #808080;\"><i>Tini se prepara para el estreno de su pr\u00f3ximo \u00e1lbum \u201cun mech\u00f3n de pelo\u201d en el dar\u00e1 visibilidad a la depresi\u00f3n<\/i><\/span><\/h2>\t\t\t\t\t\t\t\t<\/div>\n\t\t\t\t<\/div>\n\t\t\t\t\t<\/div>\n\t\t<\/div>\n\t\t\t\t\t<\/div>\n\t\t<\/section>\n\t\t\t\t<section class=\"elementor-section elementor-top-section elementor-element elementor-element-0ec6bba elementor-section-boxed elementor-section-height-default elementor-section-height-default\" data-id=\"0ec6bba\" data-element_type=\"section\" data-e-type=\"section\">\n\t\t\t\t\t\t<div class=\"elementor-container elementor-column-gap-default\">\n\t\t\t\t\t<div class=\"elementor-column elementor-col-50 elementor-top-column elementor-element elementor-element-819a143\" data-id=\"819a143\" data-element_type=\"column\" data-e-type=\"column\">\n\t\t\t<div class=\"elementor-widget-wrap elementor-element-populated\">\n\t\t\t\t\t\t<div class=\"elementor-element elementor-element-118e32a elementor-widget elementor-widget-image\" data-id=\"118e32a\" data-element_type=\"widget\" data-e-type=\"widget\" data-widget_type=\"image.default\">\n\t\t\t\t<div class=\"elementor-widget-container\">\n\t\t\t\t\t\t\t\t\t\t\t\t\t\t\t<img fetchpriority=\"high\" decoding=\"async\" width=\"640\" height=\"640\" src=\"https:\/\/unaymilletras.com\/wp-content\/uploads\/2024\/04\/pa-1024x1024.jpeg\" class=\"attachment-large size-large wp-image-2431\" alt=\"Tini\" srcset=\"https:\/\/unaymilletras.com\/wp-content\/uploads\/2024\/04\/pa-1024x1024.jpeg 1024w, https:\/\/unaymilletras.com\/wp-content\/uploads\/2024\/04\/pa-300x300.jpeg 300w, https:\/\/unaymilletras.com\/wp-content\/uploads\/2024\/04\/pa-150x150.jpeg 150w, https:\/\/unaymilletras.com\/wp-content\/uploads\/2024\/04\/pa-768x768.jpeg 768w, https:\/\/unaymilletras.com\/wp-content\/uploads\/2024\/04\/pa-1536x1536.jpeg 1536w, https:\/\/unaymilletras.com\/wp-content\/uploads\/2024\/04\/pa-2048x2048.jpeg 2048w, https:\/\/unaymilletras.com\/wp-content\/uploads\/2024\/04\/pa-e1712061647734.jpeg 600w\" sizes=\"(max-width: 640px) 100vw, 640px\" \/>\t\t\t\t\t\t\t\t\t\t\t\t\t\t\t<\/div>\n\t\t\t\t<\/div>\n\t\t\t\t\t<\/div>\n\t\t<\/div>\n\t\t\t\t<div class=\"elementor-column elementor-col-50 elementor-top-column elementor-element elementor-element-515134f\" data-id=\"515134f\" data-element_type=\"column\" data-e-type=\"column\">\n\t\t\t<div class=\"elementor-widget-wrap elementor-element-populated\">\n\t\t\t\t\t\t<div class=\"elementor-element elementor-element-7ac6bc7 elementor-widget__width-initial elementor-widget elementor-widget-text-editor\" data-id=\"7ac6bc7\" data-element_type=\"widget\" data-e-type=\"widget\" data-widget_type=\"text-editor.default\">\n\t\t\t\t<div class=\"elementor-widget-container\">\n\t\t\t\t\t\t\t\t\t<p class=\"p1\"><span style=\"color: #808080;\"><i><b><a style=\"color: #808080;\" href=\"https:\/\/open.spotify.com\/intl-es\/track\/28ZVFl4CQhyRmBFpJXOpUY?si=2dba0347060241ac\">pa<\/a>\u2019<\/b><\/i> e<\/span>s el primer adelanto del pr\u00f3ximo \u00e1lbum de <b>Tini<\/b>: <i><b>un mech\u00f3n de pelo<\/b><\/i>. Se trata de una canci\u00f3n emotiva en la que homenajea a su padre. Est\u00e1 basada en la mala experiencia por la que la artista tuvo que pasar el a\u00f1o pasado justo en estas fechas. Esto tambi\u00e9n ha influido en la elecci\u00f3n de la fecha del lanzamiento del \u00e1lbum,<b> 11 de abril<\/b>.<\/p>\t\t\t\t\t\t\t\t<\/div>\n\t\t\t\t<\/div>\n\t\t\t\t\t<\/div>\n\t\t<\/div>\n\t\t\t\t\t<\/div>\n\t\t<\/section>\n\t\t\t\t<section class=\"elementor-section elementor-top-section elementor-element elementor-element-14cf072 elementor-section-boxed elementor-section-height-default elementor-section-height-default\" data-id=\"14cf072\" data-element_type=\"section\" data-e-type=\"section\">\n\t\t\t\t\t\t<div class=\"elementor-container elementor-column-gap-default\">\n\t\t\t\t\t<div class=\"elementor-column elementor-col-100 elementor-top-column elementor-element elementor-element-b8a585e\" data-id=\"b8a585e\" data-element_type=\"column\" data-e-type=\"column\">\n\t\t\t<div class=\"elementor-widget-wrap elementor-element-populated\">\n\t\t\t\t\t\t<div class=\"elementor-element elementor-element-14aea25 elementor-widget elementor-widget-text-editor\" data-id=\"14aea25\" data-element_type=\"widget\" data-e-type=\"widget\" data-widget_type=\"text-editor.default\">\n\t\t\t\t<div class=\"elementor-widget-container\">\n\t\t\t\t\t\t\t\t\t<p class=\"p1\">A principios de marzo de 2022 se conoc\u00eda la noticia de que, Alejandro Stoessel, padre de Tini, hab\u00eda sido ingresado y operado. Seg\u00fan la propia artista confes\u00f3 en la entrevista realizada para Caja Negra, ambos hab\u00edan estado preparando un proyecto juntos, pero la enfermedad lleg\u00f3 sin esperarlo. \u201cFue de repente, de un d\u00eda para otro, en la mitad de los preparativos\u201d, confesaba la argentina.<\/p><p class=\"p1\">Adem\u00e1s, la gravedad de la situaci\u00f3n por la que estaba pasando, oblig\u00f3 a Tini a posponer parte de sus shows. Los cinco conciertos que ten\u00eda previstos para finales de marzo de 2022 tuvieron que cambiarse de fecha. \u201cTengo que comunicarles con un dolor muy grande que mi pap\u00e1 est\u00e1 internado hace 8 d\u00edas en terapia intensiva, luchando para salir adelante y necesita de la familia m\u00e1s que nunca cerca suyo\u201d, fue lo primero que dijo sobre el tema. \u201cMi cabeza, cuerpo y coraz\u00f3n no pueden concentrarse en m\u00e1s nada que estar ac\u00e1 para \u00e9l. Los\u00a0shows\u00a0del Hip\u00f3dromo los ven\u00edamos so\u00f1ando y preparando juntos hace mucho tiempo. \u00c9l m\u00e1s que nadie quiere que los haga, por eso tomamos la decisi\u00f3n de posponerlos para fines de mayo, del 20 al 28, con la fe de que se recupere y vuelva a estar en primera fila como siempre\u201d.<\/p><p class=\"p1\">Tras casi un mes hospitalizado y poco despu\u00e9s del cumplea\u00f1os de Tini, finalmente Alejandro Stoessel volv\u00eda por fin a casa para alegr\u00eda de todos. A pesar de ello, el productor continuar\u00eda la recuperaci\u00f3n en su casa. \u201cGracias a todos los profesionales del Sanatorio Trinidad Palermo. \u00a1Me acaban de regalar una segunda oportunidad! Eternamente agradecido a mi familia, sin ustedes no lo hubiese logrado. Gracias\u201d, escrib\u00eda el argentino en su cuenta de Twitter.<\/p>\t\t\t\t\t\t\t\t<\/div>\n\t\t\t\t<\/div>\n\t\t\t\t\t<\/div>\n\t\t<\/div>\n\t\t\t\t\t<\/div>\n\t\t<\/section>\n\t\t\t\t<section class=\"elementor-section elementor-top-section elementor-element elementor-element-782dc27 elementor-section-boxed elementor-section-height-default elementor-section-height-default\" data-id=\"782dc27\" data-element_type=\"section\" data-e-type=\"section\">\n\t\t\t\t\t\t<div class=\"elementor-container elementor-column-gap-default\">\n\t\t\t\t\t<div class=\"elementor-column elementor-col-50 elementor-top-column elementor-element elementor-element-062ca85\" data-id=\"062ca85\" data-element_type=\"column\" data-e-type=\"column\">\n\t\t\t<div class=\"elementor-widget-wrap elementor-element-populated\">\n\t\t\t\t\t\t<div class=\"elementor-element elementor-element-0cd78d8 elementor-widget elementor-widget-image\" data-id=\"0cd78d8\" data-element_type=\"widget\" data-e-type=\"widget\" data-widget_type=\"image.default\">\n\t\t\t\t<div class=\"elementor-widget-container\">\n\t\t\t\t\t\t\t\t\t\t\t\t\t\t\t<img decoding=\"async\" width=\"640\" height=\"800\" src=\"https:\/\/unaymilletras.com\/wp-content\/uploads\/2024\/04\/tini.jpeg\" class=\"attachment-large size-large wp-image-2433\" alt=\"Tini\" srcset=\"https:\/\/unaymilletras.com\/wp-content\/uploads\/2024\/04\/tini.jpeg 750w, https:\/\/unaymilletras.com\/wp-content\/uploads\/2024\/04\/tini-240x300.jpeg 240w\" sizes=\"(max-width: 640px) 100vw, 640px\" \/>\t\t\t\t\t\t\t\t\t\t\t\t\t\t\t<\/div>\n\t\t\t\t<\/div>\n\t\t\t\t\t<\/div>\n\t\t<\/div>\n\t\t\t\t<div class=\"elementor-column elementor-col-50 elementor-top-column elementor-element elementor-element-ca89117\" data-id=\"ca89117\" data-element_type=\"column\" data-e-type=\"column\">\n\t\t\t<div class=\"elementor-widget-wrap elementor-element-populated\">\n\t\t\t\t\t\t<div class=\"elementor-element elementor-element-7ab81d8 elementor-widget elementor-widget-image\" data-id=\"7ab81d8\" data-element_type=\"widget\" data-e-type=\"widget\" data-widget_type=\"image.default\">\n\t\t\t\t<div class=\"elementor-widget-container\">\n\t\t\t\t\t\t\t\t\t\t\t\t\t\t\t<img decoding=\"async\" width=\"576\" height=\"1024\" src=\"https:\/\/unaymilletras.com\/wp-content\/uploads\/2024\/04\/vuelta-576x1024.jpeg\" class=\"attachment-large size-large wp-image-2434\" alt=\"Tini\" srcset=\"https:\/\/unaymilletras.com\/wp-content\/uploads\/2024\/04\/vuelta-576x1024.jpeg 576w, https:\/\/unaymilletras.com\/wp-content\/uploads\/2024\/04\/vuelta-169x300.jpeg 169w, https:\/\/unaymilletras.com\/wp-content\/uploads\/2024\/04\/vuelta-768x1365.jpeg 768w, https:\/\/unaymilletras.com\/wp-content\/uploads\/2024\/04\/vuelta-864x1536.jpeg 864w, https:\/\/unaymilletras.com\/wp-content\/uploads\/2024\/04\/vuelta-1152x2048.jpeg 1152w, https:\/\/unaymilletras.com\/wp-content\/uploads\/2024\/04\/vuelta-1024x1820.jpeg 1024w, https:\/\/unaymilletras.com\/wp-content\/uploads\/2024\/04\/vuelta-e1712061793651.jpeg 600w\" sizes=\"(max-width: 576px) 100vw, 576px\" \/>\t\t\t\t\t\t\t\t\t\t\t\t\t\t\t<\/div>\n\t\t\t\t<\/div>\n\t\t\t\t\t<\/div>\n\t\t<\/div>\n\t\t\t\t\t<\/div>\n\t\t<\/section>\n\t\t\t\t<section class=\"elementor-section elementor-top-section elementor-element elementor-element-fdfee84 elementor-section-boxed elementor-section-height-default elementor-section-height-default\" data-id=\"fdfee84\" data-element_type=\"section\" data-e-type=\"section\">\n\t\t\t\t\t\t<div class=\"elementor-container elementor-column-gap-default\">\n\t\t\t\t\t<div class=\"elementor-column elementor-col-100 elementor-top-column elementor-element elementor-element-0ef9fc8\" data-id=\"0ef9fc8\" data-element_type=\"column\" data-e-type=\"column\">\n\t\t\t<div class=\"elementor-widget-wrap elementor-element-populated\">\n\t\t\t\t\t\t<div class=\"elementor-element elementor-element-7a63256 elementor-widget elementor-widget-text-editor\" data-id=\"7a63256\" data-element_type=\"widget\" data-e-type=\"widget\" data-widget_type=\"text-editor.default\">\n\t\t\t\t<div class=\"elementor-widget-container\">\n\t\t\t\t\t\t\t\t\t<p class=\"p1\"><span style=\"color: #808080;\">Ahora, 2 a\u00f1os despu\u00e9s de esto, Tini le regala esta canci\u00f3n, con la cual la artista empieza a abrir su coraz\u00f3n de una forma m\u00e1s \u00edntima.<i> \u00abEn esta etapa de mi vida, encontr\u00e9 una forma de procesar sentimientos muy profundos y verbalizarlos a trav\u00e9s de la m\u00fasica\u00bb<\/i> dijo Tini.<\/span><\/p><p class=\"p1\"><span style=\"color: #808080;\">Adem\u00e1s, el sencillo va acompa\u00f1ado de un videoclip rodado en Madrid y cargado de referencias. Entre ellos, el momento en el que Tini estaba en el hospital esperando y tuvo que posponer los shows en el Hip\u00f3dromo; cuando ella ensayaba para su papel de Violetta junto a su padre; o la escena en la que lleva el look que us\u00f3 en el \u00faltimo <a style=\"color: #808080;\" href=\"https:\/\/unaymilletras.com\/en\/lola-indigo-cierra-su-gira-con-un-concierto-inigualable\/\">show<\/a> antes de de ingresaran a su padre<\/span><\/p>\t\t\t\t\t\t\t\t<\/div>\n\t\t\t\t<\/div>\n\t\t\t\t\t<\/div>\n\t\t<\/div>\n\t\t\t\t\t<\/div>\n\t\t<\/section>\n\t\t\t\t<section class=\"elementor-section elementor-top-section elementor-element elementor-element-85a7795 elementor-section-boxed elementor-section-height-default elementor-section-height-default\" data-id=\"85a7795\" data-element_type=\"section\" data-e-type=\"section\">\n\t\t\t\t\t\t<div class=\"elementor-container elementor-column-gap-default\">\n\t\t\t\t\t<div class=\"elementor-column elementor-col-100 elementor-top-column elementor-element elementor-element-3bfad42\" data-id=\"3bfad42\" data-element_type=\"column\" data-e-type=\"column\">\n\t\t\t<div class=\"elementor-widget-wrap elementor-element-populated\">\n\t\t\t\t\t\t<div class=\"elementor-element elementor-element-02e85b7 elementor-widget elementor-widget-video\" data-id=\"02e85b7\" data-element_type=\"widget\" data-e-type=\"widget\" data-settings=\"{&quot;youtube_url&quot;:&quot;https:\\\/\\\/www.youtube.com\\\/watch?v=FaQiQ3zuzPg&amp;t=1s&amp;ab_channel=TiniVEVO&quot;,&quot;video_type&quot;:&quot;youtube&quot;,&quot;controls&quot;:&quot;yes&quot;}\" data-widget_type=\"video.default\">\n\t\t\t\t<div class=\"elementor-widget-container\">\n\t\t\t\t\t\t\t<div class=\"elementor-wrapper elementor-open-inline\">\n\t\t\t<div class=\"elementor-video\"><\/div>\t\t<\/div>\n\t\t\t\t\t\t<\/div>\n\t\t\t\t<\/div>\n\t\t\t\t\t<\/div>\n\t\t<\/div>\n\t\t\t\t\t<\/div>\n\t\t<\/section>\n\t\t\t\t<section class=\"elementor-section elementor-top-section elementor-element elementor-element-1a4c801 elementor-section-boxed elementor-section-height-default elementor-section-height-default\" data-id=\"1a4c801\" data-element_type=\"section\" data-e-type=\"section\">\n\t\t\t\t\t\t<div class=\"elementor-container elementor-column-gap-default\">\n\t\t\t\t\t<div class=\"elementor-column elementor-col-100 elementor-top-column elementor-element elementor-element-b4cea50\" data-id=\"b4cea50\" data-element_type=\"column\" data-e-type=\"column\">\n\t\t\t<div class=\"elementor-widget-wrap elementor-element-populated\">\n\t\t\t\t\t\t<div class=\"elementor-element elementor-element-2f6400a elementor-widget elementor-widget-text-editor\" data-id=\"2f6400a\" data-element_type=\"widget\" data-e-type=\"widget\" data-widget_type=\"text-editor.default\">\n\t\t\t\t<div class=\"elementor-widget-container\">\n\t\t\t\t\t\t\t\t\t<p class=\"p1\">Sin duda es una canci\u00f3n con mucho sentimiento, que ha conmovido a muchos de sus fans. \u201cTini escribi\u00f3 esta canci\u00f3n sobre el miedo a<span class=\"Apple-converted-space\">\u00a0 <\/span>perder a su pap\u00e1 pero ella no sab\u00eda que nos iba a sanar tanto a las que s\u00ed terminamos perdiendo al nuestro <span class=\"s1\">\u2764\ufe0f\u200d\ud83e\ude79<\/span> :(\u201d, comparte @emilitapuey en TikTok junto a la canci\u00f3n.<\/p><p class=\"p1\">Este es el primer adelanto de <i>un mech\u00f3n de pelo <\/i>(11 abril), \u00e1lbum en el que Tini va a tratar la depresi\u00f3n y del que recientemente comparti\u00f3 su tracklist:<\/p><p class=\"p1\" style=\"text-align: center;\"><strong><em>pa&#8217;<\/em><\/strong><br \/><strong><em>posta<\/em><\/strong><br \/><strong><em>miedo<\/em><\/strong><br \/><strong><em>ni de ti<\/em><\/strong><br \/><strong><em>\u00e1ngel<\/em><\/strong><br \/><strong><em>buenos Aires<\/em><\/strong><br \/><strong><em>tinta 90<\/em><\/strong><br \/><strong><em>ellas<\/em><\/strong><br \/><strong><em>bien<\/em><\/strong><br \/><strong><em>me voy<\/em><\/strong><\/p>\t\t\t\t\t\t\t\t<\/div>\n\t\t\t\t<\/div>\n\t\t\t\t\t<\/div>\n\t\t<\/div>\n\t\t\t\t\t<\/div>\n\t\t<\/section>\n\t\t\t\t<\/div>","protected":false},"excerpt":{"rendered":"<p>Tini se prepara para el estreno de su pr\u00f3ximo \u00e1lbum \u201cun mech\u00f3n de pelo\u201d en el dar\u00e1 visibilidad a la depresi\u00f3n pa\u2019 es el primer adelanto del pr\u00f3ximo \u00e1lbum de Tini: un mech\u00f3n de pelo. Se trata de una canci\u00f3n emotiva en la que homenajea a su padre. Est\u00e1 basada en la mala experiencia por [&hellip;]<\/p>\n","protected":false},"author":1,"featured_media":2431,"comment_status":"open","ping_status":"open","sticky":false,"template":"","format":"standard","meta":{"footnotes":""},"categories":[4,1],"tags":[],"class_list":["post-2429","post","type-post","status-publish","format-standard","has-post-thumbnail","hentry","category-musica","category-uncategorized"],"yoast_head":"<!-- This site is optimized with the Yoast SEO plugin v27.4 - https:\/\/yoast.com\/product\/yoast-seo-wordpress\/ -->\n<title>El emotivo homenaje de Tini a su padre: \u201cpa\u2019\u201d &#8902; Una y Mil Letras<\/title>\n<meta name=\"description\" content=\"Tini se prepara para el estreno de su pr\u00f3ximo \u00e1lbum \u201cun mech\u00f3n de pelo\u201d en el dar\u00e1 visibilidad a la depresi\u00f3n\" \/>\n<meta name=\"robots\" content=\"index, follow, max-snippet:-1, max-image-preview:large, max-video-preview:-1\" \/>\n<link rel=\"canonical\" href=\"https:\/\/unaymilletras.com\/en\/el-emotivo-homenaje-de-tini-a-su-padre-pa\/\" \/>\n<meta property=\"og:locale\" content=\"en_GB\" \/>\n<meta property=\"og:type\" content=\"article\" \/>\n<meta property=\"og:title\" content=\"El emotivo homenaje de Tini a su padre: \u201cpa\u2019\u201d &#8902; Una y Mil Letras\" \/>\n<meta property=\"og:description\" content=\"Tini se prepara para el estreno de su pr\u00f3ximo \u00e1lbum \u201cun mech\u00f3n de pelo\u201d en el dar\u00e1 visibilidad a la depresi\u00f3n\" \/>\n<meta property=\"og:url\" content=\"https:\/\/unaymilletras.com\/en\/el-emotivo-homenaje-de-tini-a-su-padre-pa\/\" \/>\n<meta property=\"og:site_name\" content=\"Una y Mil Letras\" \/>\n<meta property=\"article:published_time\" content=\"2024-04-02T12:42:46+00:00\" \/>\n<meta property=\"article:modified_time\" content=\"2024-04-02T12:47:55+00:00\" \/>\n<meta property=\"og:image\" content=\"http:\/\/unaymilletras.com\/wp-content\/uploads\/2024\/04\/pa-1024x1024.jpeg\" \/>\n\t<meta property=\"og:image:width\" content=\"1024\" \/>\n\t<meta property=\"og:image:height\" content=\"1024\" \/>\n\t<meta property=\"og:image:type\" content=\"image\/jpeg\" \/>\n<meta name=\"author\" content=\"Maria Gil Robledo\" \/>\n<meta name=\"twitter:card\" content=\"summary_large_image\" \/>\n<meta name=\"twitter:creator\" content=\"@UnaYMilLetras\" \/>\n<meta name=\"twitter:site\" content=\"@UnaYMilLetras\" \/>\n<meta name=\"twitter:label1\" content=\"Written by\" \/>\n\t<meta name=\"twitter:data1\" content=\"Maria Gil Robledo\" \/>\n\t<meta name=\"twitter:label2\" content=\"Estimated reading time\" \/>\n\t<meta name=\"twitter:data2\" content=\"4 minutes\" \/>\n<script type=\"application\/ld+json\" class=\"yoast-schema-graph\">{\"@context\":\"https:\\\/\\\/schema.org\",\"@graph\":[{\"@type\":\"Article\",\"@id\":\"https:\\\/\\\/unaymilletras.com\\\/el-emotivo-homenaje-de-tini-a-su-padre-pa\\\/#article\",\"isPartOf\":{\"@id\":\"https:\\\/\\\/unaymilletras.com\\\/el-emotivo-homenaje-de-tini-a-su-padre-pa\\\/\"},\"author\":{\"name\":\"Maria Gil Robledo\",\"@id\":\"http:\\\/\\\/unaymilletras.com\\\/#\\\/schema\\\/person\\\/d55ba681b8a4e463d8982dbe36a5dc94\"},\"headline\":\"El emotivo homenaje de Tini a su padre: \u201cpa\u2019\u201d\",\"datePublished\":\"2024-04-02T12:42:46+00:00\",\"dateModified\":\"2024-04-02T12:47:55+00:00\",\"mainEntityOfPage\":{\"@id\":\"https:\\\/\\\/unaymilletras.com\\\/el-emotivo-homenaje-de-tini-a-su-padre-pa\\\/\"},\"wordCount\":646,\"commentCount\":0,\"publisher\":{\"@id\":\"http:\\\/\\\/unaymilletras.com\\\/#organization\"},\"image\":{\"@id\":\"https:\\\/\\\/unaymilletras.com\\\/el-emotivo-homenaje-de-tini-a-su-padre-pa\\\/#primaryimage\"},\"thumbnailUrl\":\"https:\\\/\\\/unaymilletras.com\\\/wp-content\\\/uploads\\\/2024\\\/04\\\/pa-e1712061647734.jpeg\",\"articleSection\":[\"M\u00fasica\",\"Uncategorized\"],\"inLanguage\":\"en-GB\",\"potentialAction\":[{\"@type\":\"CommentAction\",\"name\":\"Comment\",\"target\":[\"https:\\\/\\\/unaymilletras.com\\\/el-emotivo-homenaje-de-tini-a-su-padre-pa\\\/#respond\"]}]},{\"@type\":\"WebPage\",\"@id\":\"https:\\\/\\\/unaymilletras.com\\\/el-emotivo-homenaje-de-tini-a-su-padre-pa\\\/\",\"url\":\"https:\\\/\\\/unaymilletras.com\\\/el-emotivo-homenaje-de-tini-a-su-padre-pa\\\/\",\"name\":\"El emotivo homenaje de Tini a su padre: \u201cpa\u2019\u201d &#8902; Una y Mil Letras\",\"isPartOf\":{\"@id\":\"http:\\\/\\\/unaymilletras.com\\\/#website\"},\"primaryImageOfPage\":{\"@id\":\"https:\\\/\\\/unaymilletras.com\\\/el-emotivo-homenaje-de-tini-a-su-padre-pa\\\/#primaryimage\"},\"image\":{\"@id\":\"https:\\\/\\\/unaymilletras.com\\\/el-emotivo-homenaje-de-tini-a-su-padre-pa\\\/#primaryimage\"},\"thumbnailUrl\":\"https:\\\/\\\/unaymilletras.com\\\/wp-content\\\/uploads\\\/2024\\\/04\\\/pa-e1712061647734.jpeg\",\"datePublished\":\"2024-04-02T12:42:46+00:00\",\"dateModified\":\"2024-04-02T12:47:55+00:00\",\"description\":\"Tini se prepara para el estreno de su pr\u00f3ximo \u00e1lbum \u201cun mech\u00f3n de pelo\u201d en el dar\u00e1 visibilidad a la depresi\u00f3n\",\"breadcrumb\":{\"@id\":\"https:\\\/\\\/unaymilletras.com\\\/el-emotivo-homenaje-de-tini-a-su-padre-pa\\\/#breadcrumb\"},\"inLanguage\":\"en-GB\",\"potentialAction\":[{\"@type\":\"ReadAction\",\"target\":[\"https:\\\/\\\/unaymilletras.com\\\/el-emotivo-homenaje-de-tini-a-su-padre-pa\\\/\"]}]},{\"@type\":\"ImageObject\",\"inLanguage\":\"en-GB\",\"@id\":\"https:\\\/\\\/unaymilletras.com\\\/el-emotivo-homenaje-de-tini-a-su-padre-pa\\\/#primaryimage\",\"url\":\"https:\\\/\\\/unaymilletras.com\\\/wp-content\\\/uploads\\\/2024\\\/04\\\/pa-e1712061647734.jpeg\",\"contentUrl\":\"https:\\\/\\\/unaymilletras.com\\\/wp-content\\\/uploads\\\/2024\\\/04\\\/pa-e1712061647734.jpeg\",\"width\":600,\"height\":600,\"caption\":\"Tini\"},{\"@type\":\"BreadcrumbList\",\"@id\":\"https:\\\/\\\/unaymilletras.com\\\/el-emotivo-homenaje-de-tini-a-su-padre-pa\\\/#breadcrumb\",\"itemListElement\":[{\"@type\":\"ListItem\",\"position\":1,\"name\":\"Home\",\"item\":\"http:\\\/\\\/unaymilletras.com\\\/\"},{\"@type\":\"ListItem\",\"position\":2,\"name\":\"El emotivo homenaje de Tini a su padre: \u201cpa\u2019\u201d\"}]},{\"@type\":\"WebSite\",\"@id\":\"http:\\\/\\\/unaymilletras.com\\\/#website\",\"url\":\"http:\\\/\\\/unaymilletras.com\\\/\",\"name\":\"Una y Mil Letras\",\"description\":\"\",\"publisher\":{\"@id\":\"http:\\\/\\\/unaymilletras.com\\\/#organization\"},\"potentialAction\":[{\"@type\":\"SearchAction\",\"target\":{\"@type\":\"EntryPoint\",\"urlTemplate\":\"http:\\\/\\\/unaymilletras.com\\\/?s={search_term_string}\"},\"query-input\":{\"@type\":\"PropertyValueSpecification\",\"valueRequired\":true,\"valueName\":\"search_term_string\"}}],\"inLanguage\":\"en-GB\"},{\"@type\":\"Organization\",\"@id\":\"http:\\\/\\\/unaymilletras.com\\\/#organization\",\"name\":\"Una y Mil Letras\",\"url\":\"http:\\\/\\\/unaymilletras.com\\\/\",\"logo\":{\"@type\":\"ImageObject\",\"inLanguage\":\"en-GB\",\"@id\":\"http:\\\/\\\/unaymilletras.com\\\/#\\\/schema\\\/logo\\\/image\\\/\",\"url\":\"https:\\\/\\\/unaymilletras.com\\\/wp-content\\\/uploads\\\/2024\\\/06\\\/cropped-Logo-removebg-preview.png\",\"contentUrl\":\"https:\\\/\\\/unaymilletras.com\\\/wp-content\\\/uploads\\\/2024\\\/06\\\/cropped-Logo-removebg-preview.png\",\"width\":512,\"height\":512,\"caption\":\"Una y Mil Letras\"},\"image\":{\"@id\":\"http:\\\/\\\/unaymilletras.com\\\/#\\\/schema\\\/logo\\\/image\\\/\"},\"sameAs\":[\"https:\\\/\\\/x.com\\\/UnaYMilLetras\",\"https:\\\/\\\/instagram.com\\\/UnaYMilLetras\"]},{\"@type\":\"Person\",\"@id\":\"http:\\\/\\\/unaymilletras.com\\\/#\\\/schema\\\/person\\\/d55ba681b8a4e463d8982dbe36a5dc94\",\"name\":\"Maria Gil Robledo\",\"image\":{\"@type\":\"ImageObject\",\"inLanguage\":\"en-GB\",\"@id\":\"https:\\\/\\\/secure.gravatar.com\\\/avatar\\\/4b8e5102e0015789407eb4870b12f0f2857952d83ca124058f92b764bd1840c3?s=96&d=mm&r=g\",\"url\":\"https:\\\/\\\/secure.gravatar.com\\\/avatar\\\/4b8e5102e0015789407eb4870b12f0f2857952d83ca124058f92b764bd1840c3?s=96&d=mm&r=g\",\"contentUrl\":\"https:\\\/\\\/secure.gravatar.com\\\/avatar\\\/4b8e5102e0015789407eb4870b12f0f2857952d83ca124058f92b764bd1840c3?s=96&d=mm&r=g\",\"caption\":\"Maria Gil Robledo\"},\"sameAs\":[\"http:\\\/\\\/unaymilletras.com\"],\"url\":\"https:\\\/\\\/unaymilletras.com\\\/en\\\/author\\\/mariiagiil02_\\\/\"}]}<\/script>\n<!-- \/ Yoast SEO plugin. -->","yoast_head_json":{"title":"El emotivo homenaje de Tini a su padre: \u201cpa\u2019\u201d &#8902; Una y Mil Letras","description":"Tini se prepara para el estreno de su pr\u00f3ximo \u00e1lbum \u201cun mech\u00f3n de pelo\u201d en el dar\u00e1 visibilidad a la depresi\u00f3n","robots":{"index":"index","follow":"follow","max-snippet":"max-snippet:-1","max-image-preview":"max-image-preview:large","max-video-preview":"max-video-preview:-1"},"canonical":"https:\/\/unaymilletras.com\/en\/el-emotivo-homenaje-de-tini-a-su-padre-pa\/","og_locale":"en_GB","og_type":"article","og_title":"El emotivo homenaje de Tini a su padre: \u201cpa\u2019\u201d &#8902; Una y Mil Letras","og_description":"Tini se prepara para el estreno de su pr\u00f3ximo \u00e1lbum \u201cun mech\u00f3n de pelo\u201d en el dar\u00e1 visibilidad a la depresi\u00f3n","og_url":"https:\/\/unaymilletras.com\/en\/el-emotivo-homenaje-de-tini-a-su-padre-pa\/","og_site_name":"Una y Mil Letras","article_published_time":"2024-04-02T12:42:46+00:00","article_modified_time":"2024-04-02T12:47:55+00:00","og_image":[{"width":1024,"height":1024,"url":"http:\/\/unaymilletras.com\/wp-content\/uploads\/2024\/04\/pa-1024x1024.jpeg","type":"image\/jpeg"}],"author":"Maria Gil Robledo","twitter_card":"summary_large_image","twitter_creator":"@UnaYMilLetras","twitter_site":"@UnaYMilLetras","twitter_misc":{"Written by":"Maria Gil Robledo","Estimated reading time":"4 minutes"},"schema":{"@context":"https:\/\/schema.org","@graph":[{"@type":"Article","@id":"https:\/\/unaymilletras.com\/el-emotivo-homenaje-de-tini-a-su-padre-pa\/#article","isPartOf":{"@id":"https:\/\/unaymilletras.com\/el-emotivo-homenaje-de-tini-a-su-padre-pa\/"},"author":{"name":"Maria Gil Robledo","@id":"http:\/\/unaymilletras.com\/#\/schema\/person\/d55ba681b8a4e463d8982dbe36a5dc94"},"headline":"El emotivo homenaje de Tini a su padre: \u201cpa\u2019\u201d","datePublished":"2024-04-02T12:42:46+00:00","dateModified":"2024-04-02T12:47:55+00:00","mainEntityOfPage":{"@id":"https:\/\/unaymilletras.com\/el-emotivo-homenaje-de-tini-a-su-padre-pa\/"},"wordCount":646,"commentCount":0,"publisher":{"@id":"http:\/\/unaymilletras.com\/#organization"},"image":{"@id":"https:\/\/unaymilletras.com\/el-emotivo-homenaje-de-tini-a-su-padre-pa\/#primaryimage"},"thumbnailUrl":"https:\/\/unaymilletras.com\/wp-content\/uploads\/2024\/04\/pa-e1712061647734.jpeg","articleSection":["M\u00fasica","Uncategorized"],"inLanguage":"en-GB","potentialAction":[{"@type":"CommentAction","name":"Comment","target":["https:\/\/unaymilletras.com\/el-emotivo-homenaje-de-tini-a-su-padre-pa\/#respond"]}]},{"@type":"WebPage","@id":"https:\/\/unaymilletras.com\/el-emotivo-homenaje-de-tini-a-su-padre-pa\/","url":"https:\/\/unaymilletras.com\/el-emotivo-homenaje-de-tini-a-su-padre-pa\/","name":"El emotivo homenaje de Tini a su padre: \u201cpa\u2019\u201d &#8902; Una y Mil Letras","isPartOf":{"@id":"http:\/\/unaymilletras.com\/#website"},"primaryImageOfPage":{"@id":"https:\/\/unaymilletras.com\/el-emotivo-homenaje-de-tini-a-su-padre-pa\/#primaryimage"},"image":{"@id":"https:\/\/unaymilletras.com\/el-emotivo-homenaje-de-tini-a-su-padre-pa\/#primaryimage"},"thumbnailUrl":"https:\/\/unaymilletras.com\/wp-content\/uploads\/2024\/04\/pa-e1712061647734.jpeg","datePublished":"2024-04-02T12:42:46+00:00","dateModified":"2024-04-02T12:47:55+00:00","description":"Tini se prepara para el estreno de su pr\u00f3ximo \u00e1lbum \u201cun mech\u00f3n de pelo\u201d en el dar\u00e1 visibilidad a la depresi\u00f3n","breadcrumb":{"@id":"https:\/\/unaymilletras.com\/el-emotivo-homenaje-de-tini-a-su-padre-pa\/#breadcrumb"},"inLanguage":"en-GB","potentialAction":[{"@type":"ReadAction","target":["https:\/\/unaymilletras.com\/el-emotivo-homenaje-de-tini-a-su-padre-pa\/"]}]},{"@type":"ImageObject","inLanguage":"en-GB","@id":"https:\/\/unaymilletras.com\/el-emotivo-homenaje-de-tini-a-su-padre-pa\/#primaryimage","url":"https:\/\/unaymilletras.com\/wp-content\/uploads\/2024\/04\/pa-e1712061647734.jpeg","contentUrl":"https:\/\/unaymilletras.com\/wp-content\/uploads\/2024\/04\/pa-e1712061647734.jpeg","width":600,"height":600,"caption":"Tini"},{"@type":"BreadcrumbList","@id":"https:\/\/unaymilletras.com\/el-emotivo-homenaje-de-tini-a-su-padre-pa\/#breadcrumb","itemListElement":[{"@type":"ListItem","position":1,"name":"Home","item":"http:\/\/unaymilletras.com\/"},{"@type":"ListItem","position":2,"name":"El emotivo homenaje de Tini a su padre: \u201cpa\u2019\u201d"}]},{"@type":"WebSite","@id":"http:\/\/unaymilletras.com\/#website","url":"http:\/\/unaymilletras.com\/","name":"Una y Mil Letras","description":"","publisher":{"@id":"http:\/\/unaymilletras.com\/#organization"},"potentialAction":[{"@type":"SearchAction","target":{"@type":"EntryPoint","urlTemplate":"http:\/\/unaymilletras.com\/?s={search_term_string}"},"query-input":{"@type":"PropertyValueSpecification","valueRequired":true,"valueName":"search_term_string"}}],"inLanguage":"en-GB"},{"@type":"Organization","@id":"http:\/\/unaymilletras.com\/#organization","name":"Una y Mil Letras","url":"http:\/\/unaymilletras.com\/","logo":{"@type":"ImageObject","inLanguage":"en-GB","@id":"http:\/\/unaymilletras.com\/#\/schema\/logo\/image\/","url":"https:\/\/unaymilletras.com\/wp-content\/uploads\/2024\/06\/cropped-Logo-removebg-preview.png","contentUrl":"https:\/\/unaymilletras.com\/wp-content\/uploads\/2024\/06\/cropped-Logo-removebg-preview.png","width":512,"height":512,"caption":"Una y Mil Letras"},"image":{"@id":"http:\/\/unaymilletras.com\/#\/schema\/logo\/image\/"},"sameAs":["https:\/\/x.com\/UnaYMilLetras","https:\/\/instagram.com\/UnaYMilLetras"]},{"@type":"Person","@id":"http:\/\/unaymilletras.com\/#\/schema\/person\/d55ba681b8a4e463d8982dbe36a5dc94","name":"Maria Gil Robledo","image":{"@type":"ImageObject","inLanguage":"en-GB","@id":"https:\/\/secure.gravatar.com\/avatar\/4b8e5102e0015789407eb4870b12f0f2857952d83ca124058f92b764bd1840c3?s=96&d=mm&r=g","url":"https:\/\/secure.gravatar.com\/avatar\/4b8e5102e0015789407eb4870b12f0f2857952d83ca124058f92b764bd1840c3?s=96&d=mm&r=g","contentUrl":"https:\/\/secure.gravatar.com\/avatar\/4b8e5102e0015789407eb4870b12f0f2857952d83ca124058f92b764bd1840c3?s=96&d=mm&r=g","caption":"Maria Gil Robledo"},"sameAs":["http:\/\/unaymilletras.com"],"url":"https:\/\/unaymilletras.com\/en\/author\/mariiagiil02_\/"}]}},"_links":{"self":[{"href":"https:\/\/unaymilletras.com\/en\/wp-json\/wp\/v2\/posts\/2429","targetHints":{"allow":["GET"]}}],"collection":[{"href":"https:\/\/unaymilletras.com\/en\/wp-json\/wp\/v2\/posts"}],"about":[{"href":"https:\/\/unaymilletras.com\/en\/wp-json\/wp\/v2\/types\/post"}],"author":[{"embeddable":true,"href":"https:\/\/unaymilletras.com\/en\/wp-json\/wp\/v2\/users\/1"}],"replies":[{"embeddable":true,"href":"https:\/\/unaymilletras.com\/en\/wp-json\/wp\/v2\/comments?post=2429"}],"version-history":[{"count":5,"href":"https:\/\/unaymilletras.com\/en\/wp-json\/wp\/v2\/posts\/2429\/revisions"}],"predecessor-version":[{"id":2437,"href":"https:\/\/unaymilletras.com\/en\/wp-json\/wp\/v2\/posts\/2429\/revisions\/2437"}],"wp:featuredmedia":[{"embeddable":true,"href":"https:\/\/unaymilletras.com\/en\/wp-json\/wp\/v2\/media\/2431"}],"wp:attachment":[{"href":"https:\/\/unaymilletras.com\/en\/wp-json\/wp\/v2\/media?parent=2429"}],"wp:term":[{"taxonomy":"category","embeddable":true,"href":"https:\/\/unaymilletras.com\/en\/wp-json\/wp\/v2\/categories?post=2429"},{"taxonomy":"post_tag","embeddable":true,"href":"https:\/\/unaymilletras.com\/en\/wp-json\/wp\/v2\/tags?post=2429"}],"curies":[{"name":"wp","href":"https:\/\/api.w.org\/{rel}","templated":true}]}}