{"id":2445,"date":"2024-04-07T12:00:00","date_gmt":"2024-04-07T10:00:00","guid":{"rendered":"https:\/\/unaymilletras.com\/?p=2445"},"modified":"2024-04-07T01:21:51","modified_gmt":"2024-04-06T23:21:51","slug":"neva-solo-quiero-que-la-gente-lo-disfrute-y-yo-tambien","status":"publish","type":"post","link":"https:\/\/unaymilletras.com\/en\/neva-solo-quiero-que-la-gente-lo-disfrute-y-yo-tambien\/","title":{"rendered":"Neva: \u00abSolo quiero que la gente lo disfrute, y yo tambi\u00e9n\u00bb"},"content":{"rendered":"<div data-elementor-type=\"wp-post\" data-elementor-id=\"2445\" class=\"elementor elementor-2445\">\n\t\t\t\t\t\t<section class=\"elementor-section elementor-top-section elementor-element elementor-element-57fa96a elementor-section-boxed elementor-section-height-default elementor-section-height-default\" data-id=\"57fa96a\" data-element_type=\"section\" data-e-type=\"section\">\n\t\t\t\t\t\t<div class=\"elementor-container elementor-column-gap-default\">\n\t\t\t\t\t<div class=\"elementor-column elementor-col-100 elementor-top-column elementor-element elementor-element-c7da0bc\" data-id=\"c7da0bc\" data-element_type=\"column\" data-e-type=\"column\">\n\t\t\t<div class=\"elementor-widget-wrap elementor-element-populated\">\n\t\t\t\t\t\t<div class=\"elementor-element elementor-element-46c1c46 elementor-widget elementor-widget-text-editor\" data-id=\"46c1c46\" data-element_type=\"widget\" data-e-type=\"widget\" data-widget_type=\"text-editor.default\">\n\t\t\t\t<div class=\"elementor-widget-container\">\n\t\t\t\t\t\t\t\t\t<h2 style=\"text-align: center;\"><em><span style=\"color: #808080;\">7 de abril, primer concierto de Neva en Madrid y su EP \u00abMala.Mor\u00bb cada vez m\u00e1s cerca de ver la luz<\/span><\/em><\/h2>\t\t\t\t\t\t\t\t<\/div>\n\t\t\t\t<\/div>\n\t\t\t\t\t<\/div>\n\t\t<\/div>\n\t\t\t\t\t<\/div>\n\t\t<\/section>\n\t\t\t\t<section class=\"elementor-section elementor-top-section elementor-element elementor-element-27a92e9 elementor-section-boxed elementor-section-height-default elementor-section-height-default\" data-id=\"27a92e9\" data-element_type=\"section\" data-e-type=\"section\">\n\t\t\t\t\t\t<div class=\"elementor-container elementor-column-gap-default\">\n\t\t\t\t\t<div class=\"elementor-column elementor-col-100 elementor-top-column elementor-element elementor-element-ceafa5c\" data-id=\"ceafa5c\" data-element_type=\"column\" data-e-type=\"column\">\n\t\t\t<div class=\"elementor-widget-wrap elementor-element-populated\">\n\t\t\t\t\t\t<div class=\"elementor-element elementor-element-517411a elementor-widget elementor-widget-text-editor\" data-id=\"517411a\" data-element_type=\"widget\" data-e-type=\"widget\" data-widget_type=\"text-editor.default\">\n\t\t\t\t<div class=\"elementor-widget-container\">\n\t\t\t\t\t\t\t\t\t<p>Neva, nacida en el Puerto de Santa Mar\u00eda en 1995, narra historias a trav\u00e9s de la m\u00fasica. Estudiante de danza en Madrid, su vida estuvo llena de influencias musicales desde temprana edad. Esto la llev\u00f3 a explorar su pasi\u00f3n por el canto y la composici\u00f3n. Desde que lleg\u00f3 a Madrid, Neva ha creado composiciones memorables, incluyendo su \u00faltimo sencillo <em>D\u00e9jame. <\/em>Con ella, consigui\u00f3 la nominaci\u00f3n como \u00abMejor Artista Revelaci\u00f3n\u00bb en los premios de TikTok.<\/p><p>Adem\u00e1s de su carrera como solista, Neva ha destacado como compositora para varios artistas, consolid\u00e1ndose como una figura prominente en el universo pop espa\u00f1ol. Ahora, est\u00e1 a punto de sacar su primer EP,\u00a0<em>Mala Mor<\/em>, que incluir\u00e1 temas como\u00a0<em>Colorada<\/em>. Este domingo, dar\u00e1 un concierto en Madrid donde cantar\u00e1 en directo las canciones en exclusiva y estar\u00e1 acompa\u00f1ada por grandes profesionales de la m\u00fasica pero, sobre todo, amigos.\u00a0<\/p>\t\t\t\t\t\t\t\t<\/div>\n\t\t\t\t<\/div>\n\t\t\t\t\t<\/div>\n\t\t<\/div>\n\t\t\t\t\t<\/div>\n\t\t<\/section>\n\t\t\t\t<section class=\"elementor-section elementor-top-section elementor-element elementor-element-05979a7 elementor-section-boxed elementor-section-height-default elementor-section-height-default\" data-id=\"05979a7\" data-element_type=\"section\" data-e-type=\"section\">\n\t\t\t\t\t\t<div class=\"elementor-container elementor-column-gap-default\">\n\t\t\t\t\t<div class=\"elementor-column elementor-col-100 elementor-top-column elementor-element elementor-element-0012835\" data-id=\"0012835\" data-element_type=\"column\" data-e-type=\"column\">\n\t\t\t<div class=\"elementor-widget-wrap elementor-element-populated\">\n\t\t\t\t\t\t<div class=\"elementor-element elementor-element-c9b7a82 elementor-widget elementor-widget-video\" data-id=\"c9b7a82\" data-element_type=\"widget\" data-e-type=\"widget\" data-settings=\"{&quot;youtube_url&quot;:&quot;https:\\\/\\\/youtu.be\\\/2z3hc3zIPyo&quot;,&quot;video_type&quot;:&quot;youtube&quot;,&quot;controls&quot;:&quot;yes&quot;}\" data-widget_type=\"video.default\">\n\t\t\t\t<div class=\"elementor-widget-container\">\n\t\t\t\t\t\t\t<div class=\"elementor-wrapper elementor-open-inline\">\n\t\t\t<div class=\"elementor-video\"><\/div>\t\t<\/div>\n\t\t\t\t\t\t<\/div>\n\t\t\t\t<\/div>\n\t\t\t\t\t<\/div>\n\t\t<\/div>\n\t\t\t\t\t<\/div>\n\t\t<\/section>\n\t\t\t\t<section class=\"elementor-section elementor-top-section elementor-element elementor-element-49182b6 elementor-section-boxed elementor-section-height-default elementor-section-height-default\" data-id=\"49182b6\" data-element_type=\"section\" data-e-type=\"section\">\n\t\t\t\t\t\t<div class=\"elementor-container elementor-column-gap-default\">\n\t\t\t\t\t<div class=\"elementor-column elementor-col-100 elementor-top-column elementor-element elementor-element-144e96e\" data-id=\"144e96e\" data-element_type=\"column\" data-e-type=\"column\">\n\t\t\t<div class=\"elementor-widget-wrap elementor-element-populated\">\n\t\t\t\t\t\t<div class=\"elementor-element elementor-element-7f13dc5 elementor-widget elementor-widget-text-editor\" data-id=\"7f13dc5\" data-element_type=\"widget\" data-e-type=\"widget\" data-widget_type=\"text-editor.default\">\n\t\t\t\t<div class=\"elementor-widget-container\">\n\t\t\t\t\t\t\t\t\t<p><strong><em>\u00bfQu\u00e9 tal? \u00bfC\u00f3mo est\u00e1s?<br \/><\/em><\/strong>Pues muy bien la verdad. A tope, preparando el concierto, preparando el single que sale en nada. A mil cosas, pero muy bien.<\/p><p><strong><em>Acabar de estrenar \u201cMala.Mor\u201d, \u00bfqu\u00e9 tal lo ha recibido la gente?<br \/><\/em><\/strong>La verdad que super bien. Siento que <em>Mala.Mor<\/em> es la continuaci\u00f3n del sonido de <em>Colorada<\/em> y creo que, a la gente, si le gustaba ya colorada, con esta nueva canci\u00f3n se ha confirmado ya este sonido. A la gente le ha gustado bastante la verdad. Y yo estoy muy contenta.<\/p><p><strong><em>Este nombre no es s\u00f3lo del single, sino tambi\u00e9n del EP. \u00bfC\u00f3mo te decidiste por \u00e9l?<br \/><\/em><\/strong>S\u00ed. Me gustaba mucho porque a m\u00ed me encanta escribir sobre amor y desamor y siento que el EP en general habla de ese proceso. Bueno, no de un proceso porque no narra una historia en concreto, pero si del sentimiento del desamor, de cuando te rompen el coraz\u00f3n, de salir del pozo. Incluso del momento en el que te pasa, del momento en el que te enamoras, como <em>Colorada<\/em>.<\/p><p>Entonces, al final, cuando escrib\u00ed <em>Mala.Mor<\/em> me encant\u00f3 ese t\u00edtulo porque engloba todas las canciones que es pasar un mal amor.<\/p>\t\t\t\t\t\t\t\t<\/div>\n\t\t\t\t<\/div>\n\t\t\t\t\t<\/div>\n\t\t<\/div>\n\t\t\t\t\t<\/div>\n\t\t<\/section>\n\t\t\t\t<section class=\"elementor-section elementor-top-section elementor-element elementor-element-677a644 elementor-section-boxed elementor-section-height-default elementor-section-height-default\" data-id=\"677a644\" data-element_type=\"section\" data-e-type=\"section\">\n\t\t\t\t\t\t<div class=\"elementor-container elementor-column-gap-default\">\n\t\t\t\t\t<div class=\"elementor-column elementor-col-50 elementor-top-column elementor-element elementor-element-90709bc\" data-id=\"90709bc\" data-element_type=\"column\" data-e-type=\"column\">\n\t\t\t<div class=\"elementor-widget-wrap elementor-element-populated\">\n\t\t\t\t\t\t<div class=\"elementor-element elementor-element-3fb9ce0 elementor-widget elementor-widget-image\" data-id=\"3fb9ce0\" data-element_type=\"widget\" data-e-type=\"widget\" data-widget_type=\"image.default\">\n\t\t\t\t<div class=\"elementor-widget-container\">\n\t\t\t\t\t\t\t\t\t\t\t\t\t\t\t<img fetchpriority=\"high\" decoding=\"async\" width=\"640\" height=\"800\" src=\"https:\/\/unaymilletras.com\/wp-content\/uploads\/2024\/04\/WhatsApp-Image-2024-04-06-at-20.47.04-1-819x1024.jpeg\" class=\"attachment-large size-large wp-image-2447\" alt=\"Neva\" srcset=\"https:\/\/unaymilletras.com\/wp-content\/uploads\/2024\/04\/WhatsApp-Image-2024-04-06-at-20.47.04-1-819x1024.jpeg 819w, https:\/\/unaymilletras.com\/wp-content\/uploads\/2024\/04\/WhatsApp-Image-2024-04-06-at-20.47.04-1-240x300.jpeg 240w, https:\/\/unaymilletras.com\/wp-content\/uploads\/2024\/04\/WhatsApp-Image-2024-04-06-at-20.47.04-1-768x960.jpeg 768w, https:\/\/unaymilletras.com\/wp-content\/uploads\/2024\/04\/WhatsApp-Image-2024-04-06-at-20.47.04-1-1229x1536.jpeg 1229w, https:\/\/unaymilletras.com\/wp-content\/uploads\/2024\/04\/WhatsApp-Image-2024-04-06-at-20.47.04-1-1024x1280.jpeg 1024w, https:\/\/unaymilletras.com\/wp-content\/uploads\/2024\/04\/WhatsApp-Image-2024-04-06-at-20.47.04-1-e1712443728498.jpeg 600w\" sizes=\"(max-width: 640px) 100vw, 640px\" \/>\t\t\t\t\t\t\t\t\t\t\t\t\t\t\t<\/div>\n\t\t\t\t<\/div>\n\t\t\t\t\t<\/div>\n\t\t<\/div>\n\t\t\t\t<div class=\"elementor-column elementor-col-50 elementor-top-column elementor-element elementor-element-4cc96cc\" data-id=\"4cc96cc\" data-element_type=\"column\" data-e-type=\"column\">\n\t\t\t<div class=\"elementor-widget-wrap elementor-element-populated\">\n\t\t\t\t\t\t<div class=\"elementor-element elementor-element-5c5fde8 elementor-widget elementor-widget-text-editor\" data-id=\"5c5fde8\" data-element_type=\"widget\" data-e-type=\"widget\" data-widget_type=\"text-editor.default\">\n\t\t\t\t<div class=\"elementor-widget-container\">\n\t\t\t\t\t\t\t\t\t<p><span style=\"color: #808080;\"><strong><em>Este domingo d\u00eda 7 vas a dar un <a style=\"color: #808080;\" href=\"https:\/\/entradium.com\/es\/events\/neva-concierto-en-madrid\">concierto<\/a> en Madrid. \u00bfQu\u00e9 va a pasar ah\u00ed?<br \/><\/em><\/strong>S\u00ed. Estoy s\u00faper emocionada porque es mi primer concierto. Voy a cantar por primera vez todas mis canciones. Y, a parte, voy a cantar las canciones que saldr\u00e1n en el EP, las que nadie ha escuchado todav\u00eda que son tres las que quedan por salir. Tambi\u00e9n cantar\u00e9 <em>Sombrero y Botas<\/em> que sale este viernes.<\/span><\/p><p><span style=\"color: #808080;\">Entonces estoy s\u00faper emocionada, s\u00faper nerviosa,<\/span><\/p>\t\t\t\t\t\t\t\t<\/div>\n\t\t\t\t<\/div>\n\t\t\t\t\t<\/div>\n\t\t<\/div>\n\t\t\t\t\t<\/div>\n\t\t<\/section>\n\t\t\t\t<section class=\"elementor-section elementor-top-section elementor-element elementor-element-71ea4fb elementor-section-boxed elementor-section-height-default elementor-section-height-default\" data-id=\"71ea4fb\" data-element_type=\"section\" data-e-type=\"section\">\n\t\t\t\t\t\t<div class=\"elementor-container elementor-column-gap-default\">\n\t\t\t\t\t<div class=\"elementor-column elementor-col-100 elementor-top-column elementor-element elementor-element-9f3f5df\" data-id=\"9f3f5df\" data-element_type=\"column\" data-e-type=\"column\">\n\t\t\t<div class=\"elementor-widget-wrap elementor-element-populated\">\n\t\t\t\t\t\t<div class=\"elementor-element elementor-element-6574373 elementor-widget elementor-widget-text-editor\" data-id=\"6574373\" data-element_type=\"widget\" data-e-type=\"widget\" data-widget_type=\"text-editor.default\">\n\t\t\t\t<div class=\"elementor-widget-container\">\n\t\t\t\t\t\t\t\t\t<p>demasiado nerviosa, porque siento que es muy guay el directo que hemos preparado. Solo quiero que salga tal cual lo hemos preparado para que la gente pueda o\u00edrlo tal y como es y lo disfrute mucho. Solo quiero que la gente lo disfrute y yo tambi\u00e9n.<\/p><p><strong><em>Si es tu primer concierto, \u00bfc\u00f3mo lo est\u00e1s afrontando? \u00bfC\u00f3mo lo est\u00e1s preparando?<br \/><\/em><\/strong>Con una banda espectacular, con Jose Roda y Quique. Y al mando de la banda mi compa\u00f1ero de vida, mi director musical y mi futuro marido, mi todo, Jonathan, llevando el barco. Sin \u00e9l no s\u00e9 qu\u00e9 habr\u00eda sido de mi directo, pero se lo ha currado tanto que es espectacular.<\/p><p><strong><em>Ahora que lo mencionas, \u00bfc\u00f3mo es compartir el trabajo con tu vida personal?<br \/><\/em><\/strong>La verdad que muy bien. Al final mis grandes amigos est\u00e1n en la industria de la m\u00fasica tambi\u00e9n, aunque tengo a mis amigas de toda la vida del Puerto, de donde soy, del colegio y todo. Pero es verdad que tengo grandes amigos en la industria de la m\u00fasica. Tengo a mi novio en la industria de la m\u00fasica. Entonces es como que la gente con la que trabajo siempre es buena gente, con quien me llevo incre\u00edble. Y que mi novio sea uno de ellos solo lo hace mejor.<\/p>\t\t\t\t\t\t\t\t<\/div>\n\t\t\t\t<\/div>\n\t\t\t\t\t<\/div>\n\t\t<\/div>\n\t\t\t\t\t<\/div>\n\t\t<\/section>\n\t\t\t\t<section class=\"elementor-section elementor-top-section elementor-element elementor-element-5224307 elementor-section-boxed elementor-section-height-default elementor-section-height-default\" data-id=\"5224307\" data-element_type=\"section\" data-e-type=\"section\">\n\t\t\t\t\t\t<div class=\"elementor-container elementor-column-gap-default\">\n\t\t\t\t\t<div class=\"elementor-column elementor-col-100 elementor-top-column elementor-element elementor-element-d326459\" data-id=\"d326459\" data-element_type=\"column\" data-e-type=\"column\">\n\t\t\t<div class=\"elementor-widget-wrap elementor-element-populated\">\n\t\t\t\t\t\t<div class=\"elementor-element elementor-element-50f5c0f elementor-widget elementor-widget-html\" data-id=\"50f5c0f\" data-element_type=\"widget\" data-e-type=\"widget\" data-widget_type=\"html.default\">\n\t\t\t\t<div class=\"elementor-widget-container\">\n\t\t\t\t\t<blockquote class=\"instagram-media\" data-instgrm-permalink=\"https:\/\/www.instagram.com\/reel\/C2hr6EvMqAs\/?utm_source=ig_embed&amp;utm_campaign=loading\" data-instgrm-version=\"14\" style=\" background:#FFF; border:0; border-radius:3px; box-shadow:0 0 1px 0 rgba(0,0,0,0.5),0 1px 10px 0 rgba(0,0,0,0.15); margin: 1px; max-width:540px; min-width:326px; padding:0; width:99.375%; width:-webkit-calc(100% - 2px); width:calc(100% - 2px);\"><div style=\"padding:16px;\"> <a href=\"https:\/\/www.instagram.com\/reel\/C2hr6EvMqAs\/?utm_source=ig_embed&amp;utm_campaign=loading\" style=\" background:#FFFFFF; line-height:0; padding:0 0; text-align:center; text-decoration:none; width:100%;\" target=\"_blank\"> <div style=\" display: flex; flex-direction: row; align-items: center;\"> <div style=\"background-color: #F4F4F4; border-radius: 50%; flex-grow: 0; height: 40px; margin-right: 14px; width: 40px;\"><\/div> <div style=\"display: flex; flex-direction: column; flex-grow: 1; justify-content: center;\"> <div style=\" background-color: #F4F4F4; border-radius: 4px; flex-grow: 0; height: 14px; margin-bottom: 6px; width: 100px;\"><\/div> <div style=\" background-color: #F4F4F4; border-radius: 4px; flex-grow: 0; height: 14px; width: 60px;\"><\/div><\/div><\/div><div style=\"padding: 19% 0;\"><\/div> <div style=\"display:block; height:50px; margin:0 auto 12px; width:50px;\"><svg width=\"50px\" height=\"50px\" viewbox=\"0 0 60 60\" version=\"1.1\" xmlns=\"https:\/\/www.w3.org\/2000\/svg\" xmlns:xlink=\"https:\/\/www.w3.org\/1999\/xlink\"><g stroke=\"none\" stroke-width=\"1\" fill=\"none\" fill-rule=\"evenodd\"><g transform=\"translate(-511.000000, -20.000000)\" fill=\"#000000\"><g><path d=\"M556.869,30.41 C554.814,30.41 553.148,32.076 553.148,34.131 C553.148,36.186 554.814,37.852 556.869,37.852 C558.924,37.852 560.59,36.186 560.59,34.131 C560.59,32.076 558.924,30.41 556.869,30.41 M541,60.657 C535.114,60.657 530.342,55.887 530.342,50 C530.342,44.114 535.114,39.342 541,39.342 C546.887,39.342 551.658,44.114 551.658,50 C551.658,55.887 546.887,60.657 541,60.657 M541,33.886 C532.1,33.886 524.886,41.1 524.886,50 C524.886,58.899 532.1,66.113 541,66.113 C549.9,66.113 557.115,58.899 557.115,50 C557.115,41.1 549.9,33.886 541,33.886 M565.378,62.101 C565.244,65.022 564.756,66.606 564.346,67.663 C563.803,69.06 563.154,70.057 562.106,71.106 C561.058,72.155 560.06,72.803 558.662,73.347 C557.607,73.757 556.021,74.244 553.102,74.378 C549.944,74.521 548.997,74.552 541,74.552 C533.003,74.552 532.056,74.521 528.898,74.378 C525.979,74.244 524.393,73.757 523.338,73.347 C521.94,72.803 520.942,72.155 519.894,71.106 C518.846,70.057 518.197,69.06 517.654,67.663 C517.244,66.606 516.755,65.022 516.623,62.101 C516.479,58.943 516.448,57.996 516.448,50 C516.448,42.003 516.479,41.056 516.623,37.899 C516.755,34.978 517.244,33.391 517.654,32.338 C518.197,30.938 518.846,29.942 519.894,28.894 C520.942,27.846 521.94,27.196 523.338,26.654 C524.393,26.244 525.979,25.756 528.898,25.623 C532.057,25.479 533.004,25.448 541,25.448 C548.997,25.448 549.943,25.479 553.102,25.623 C556.021,25.756 557.607,26.244 558.662,26.654 C560.06,27.196 561.058,27.846 562.106,28.894 C563.154,29.942 563.803,30.938 564.346,32.338 C564.756,33.391 565.244,34.978 565.378,37.899 C565.522,41.056 565.552,42.003 565.552,50 C565.552,57.996 565.522,58.943 565.378,62.101 M570.82,37.631 C570.674,34.438 570.167,32.258 569.425,30.349 C568.659,28.377 567.633,26.702 565.965,25.035 C564.297,23.368 562.623,22.342 560.652,21.575 C558.743,20.834 556.562,20.326 553.369,20.18 C550.169,20.033 549.148,20 541,20 C532.853,20 531.831,20.033 528.631,20.18 C525.438,20.326 523.257,20.834 521.349,21.575 C519.376,22.342 517.703,23.368 516.035,25.035 C514.368,26.702 513.342,28.377 512.574,30.349 C511.834,32.258 511.326,34.438 511.181,37.631 C511.035,40.831 511,41.851 511,50 C511,58.147 511.035,59.17 511.181,62.369 C511.326,65.562 511.834,67.743 512.574,69.651 C513.342,71.625 514.368,73.296 516.035,74.965 C517.703,76.634 519.376,77.658 521.349,78.425 C523.257,79.167 525.438,79.673 528.631,79.82 C531.831,79.965 532.853,80.001 541,80.001 C549.148,80.001 550.169,79.965 553.369,79.82 C556.562,79.673 558.743,79.167 560.652,78.425 C562.623,77.658 564.297,76.634 565.965,74.965 C567.633,73.296 568.659,71.625 569.425,69.651 C570.167,67.743 570.674,65.562 570.82,62.369 C570.966,59.17 571,58.147 571,50 C571,41.851 570.966,40.831 570.82,37.631\"><\/path><\/g><\/g><\/g><\/svg><\/div><div style=\"padding-top: 8px;\"> <div style=\" color:#3897f0; font-family:Arial,sans-serif; font-size:14px; font-style:normal; font-weight:550; line-height:18px;\">Ver esta publicaci\u00f3n en Instagram<\/div><\/div><div style=\"padding: 12.5% 0;\"><\/div> <div style=\"display: flex; flex-direction: row; margin-bottom: 14px; align-items: center;\"><div> <div style=\"background-color: #F4F4F4; border-radius: 50%; height: 12.5px; width: 12.5px; transform: translateX(0px) translateY(7px);\"><\/div> <div style=\"background-color: #F4F4F4; height: 12.5px; transform: rotate(-45deg) translateX(3px) translateY(1px); width: 12.5px; flex-grow: 0; margin-right: 14px; margin-left: 2px;\"><\/div> <div style=\"background-color: #F4F4F4; border-radius: 50%; height: 12.5px; width: 12.5px; transform: translateX(9px) translateY(-18px);\"><\/div><\/div><div style=\"margin-left: 8px;\"> <div style=\" background-color: #F4F4F4; border-radius: 50%; flex-grow: 0; height: 20px; width: 20px;\"><\/div> <div style=\" width: 0; height: 0; border-top: 2px solid transparent; border-left: 6px solid #f4f4f4; border-bottom: 2px solid transparent; transform: translateX(16px) translateY(-4px) rotate(30deg)\"><\/div><\/div><div style=\"margin-left: auto;\"> <div style=\" width: 0px; border-top: 8px solid #F4F4F4; border-right: 8px solid transparent; transform: translateY(16px);\"><\/div> <div style=\" background-color: #F4F4F4; flex-grow: 0; height: 12px; width: 16px; transform: translateY(-4px);\"><\/div> <div style=\" width: 0; height: 0; border-top: 8px solid #F4F4F4; border-left: 8px solid transparent; transform: translateY(-4px) translateX(8px);\"><\/div><\/div><\/div> <div style=\"display: flex; flex-direction: column; flex-grow: 1; justify-content: center; margin-bottom: 24px;\"> <div style=\" background-color: #F4F4F4; border-radius: 4px; flex-grow: 0; height: 14px; margin-bottom: 6px; width: 224px;\"><\/div> <div style=\" background-color: #F4F4F4; border-radius: 4px; flex-grow: 0; height: 14px; width: 144px;\"><\/div><\/div><\/a><p style=\" color:#c9c8cd; font-family:Arial,sans-serif; font-size:14px; line-height:17px; margin-bottom:0; margin-top:8px; overflow:hidden; padding:8px 0 7px; text-align:center; text-overflow:ellipsis; white-space:nowrap;\"><a href=\"https:\/\/www.instagram.com\/reel\/C2hr6EvMqAs\/?utm_source=ig_embed&amp;utm_campaign=loading\" style=\" color:#c9c8cd; font-family:Arial,sans-serif; font-size:14px; font-style:normal; font-weight:normal; line-height:17px; text-decoration:none;\" target=\"_blank\">Una publicaci\u00f3n compartida por N E V A (@nevaoficial)<\/a><\/p><\/div><\/blockquote> <script async src=\"\/\/www.instagram.com\/embed.js\"><\/script>\t\t\t\t<\/div>\n\t\t\t\t<\/div>\n\t\t\t\t\t<\/div>\n\t\t<\/div>\n\t\t\t\t\t<\/div>\n\t\t<\/section>\n\t\t\t\t<section class=\"elementor-section elementor-top-section elementor-element elementor-element-e70edba elementor-section-boxed elementor-section-height-default elementor-section-height-default\" data-id=\"e70edba\" data-element_type=\"section\" data-e-type=\"section\">\n\t\t\t\t\t\t<div class=\"elementor-container elementor-column-gap-default\">\n\t\t\t\t\t<div class=\"elementor-column elementor-col-100 elementor-top-column elementor-element elementor-element-28cb9fb\" data-id=\"28cb9fb\" data-element_type=\"column\" data-e-type=\"column\">\n\t\t\t<div class=\"elementor-widget-wrap elementor-element-populated\">\n\t\t\t\t\t\t<div class=\"elementor-element elementor-element-4fc7541 elementor-widget elementor-widget-text-editor\" data-id=\"4fc7541\" data-element_type=\"widget\" data-e-type=\"widget\" data-widget_type=\"text-editor.default\">\n\t\t\t\t<div class=\"elementor-widget-container\">\n\t\t\t\t\t\t\t\t\t<p><span style=\"color: #808080;\"><strong><em>Imagino que tambi\u00e9n es m\u00e1s f\u00e1cil de compaginar en el sentido de que entienden c\u00f3mo es tu trabajo.<br \/><\/em><\/strong>Si, y velan por ti al final. Todos pensamos en el de al lado y todo es m\u00e1s f\u00e1cil as\u00ed.<\/span><\/p><p><span style=\"color: #808080;\"><strong><em>He visto que en tu concierto va a haber alguna sorpresa de artistas que te van a acompa\u00f1ar en el escenario, \u00bfc\u00f3mo ha sido trabajar con ellos?<br \/><\/em><\/strong>Bien, como siempre. La mayor\u00eda de las colaboraciones que tengo se dan porque son grandes amigos, tanto Meler como Sof\u00eda Mart\u00edn como Paula Koops como Mar Lucas, Chema Rivas\u2026 Son gente maravillosa con la que me llevo incre\u00edble. Las colaboraciones han surgido todas s\u00faper org\u00e1nicamente. Para m\u00ed es un regalo poder compartir el d\u00eda con ellos y todos lo hacen s\u00faper f\u00e1cil.<\/span><\/p><p><span style=\"color: #808080;\"><strong><em>Te quer\u00eda preguntar tambi\u00e9n por el remix de Colorada que creo que ha sido una de las canciones que m\u00e1s repercusi\u00f3n ha tenido. \u00bfC\u00f3mo naci\u00f3 la colaboraci\u00f3n con Mar Lucas y Chema Rivas?<br \/><\/em><\/strong>Fue s\u00faper org\u00e1nico. Yo sab\u00eda que a <a style=\"color: #808080;\" href=\"https:\/\/unaymilletras.com\/en\/chema-rivas-y-su-coche-envuelto-en-papel-de-regalo\/\">Chema<\/a> le gustaba <em>Colorada<\/em>. Yo la saqu\u00e9 en solitario y ya me hab\u00eda comentado muchas veces que le gustaba. Antes de que saliera, un d\u00eda cenamos juntos y de repente subi\u00f3 a mi casa, se grab\u00f3 literalmente lo que escuch\u00e1is del \u201c\u00bfC\u00f3mo evitar beb\u00e9 esas ganas que t\u00fa y yo nos tenemos?&#8230;\u201d. Ese verso se lo grab\u00f3 improvisando y se qued\u00f3 ah\u00ed guardado.<\/span><\/p><p><span style=\"color: #808080;\">Una vez estaba ah\u00ed grabado yo saqu\u00e9 mi canci\u00f3n en solitario. Se lo ense\u00f1\u00e9 a Pedro Malaver que es el m\u00e1nager de Mar Lucas, le encant\u00f3 y ah\u00ed se sum\u00f3 Mar y y hicimos el remix.<\/span><\/p>\t\t\t\t\t\t\t\t<\/div>\n\t\t\t\t<\/div>\n\t\t\t\t\t<\/div>\n\t\t<\/div>\n\t\t\t\t\t<\/div>\n\t\t<\/section>\n\t\t\t\t<section class=\"elementor-section elementor-top-section elementor-element elementor-element-fd35736 elementor-section-boxed elementor-section-height-default elementor-section-height-default\" data-id=\"fd35736\" data-element_type=\"section\" data-e-type=\"section\">\n\t\t\t\t\t\t<div class=\"elementor-container elementor-column-gap-default\">\n\t\t\t\t\t<div class=\"elementor-column elementor-col-100 elementor-top-column elementor-element elementor-element-32d55f4\" data-id=\"32d55f4\" data-element_type=\"column\" data-e-type=\"column\">\n\t\t\t<div class=\"elementor-widget-wrap elementor-element-populated\">\n\t\t\t\t\t\t<div class=\"elementor-element elementor-element-98d078d elementor-widget elementor-widget-video\" data-id=\"98d078d\" data-element_type=\"widget\" data-e-type=\"widget\" data-settings=\"{&quot;youtube_url&quot;:&quot;https:\\\/\\\/www.youtube.com\\\/watch?v=5RMn8d_hyTY&amp;ab_channel=Neva&quot;,&quot;video_type&quot;:&quot;youtube&quot;,&quot;controls&quot;:&quot;yes&quot;}\" data-widget_type=\"video.default\">\n\t\t\t\t<div class=\"elementor-widget-container\">\n\t\t\t\t\t\t\t<div class=\"elementor-wrapper elementor-open-inline\">\n\t\t\t<div class=\"elementor-video\"><\/div>\t\t<\/div>\n\t\t\t\t\t\t<\/div>\n\t\t\t\t<\/div>\n\t\t\t\t\t<\/div>\n\t\t<\/div>\n\t\t\t\t\t<\/div>\n\t\t<\/section>\n\t\t\t\t<section class=\"elementor-section elementor-top-section elementor-element elementor-element-0736c9c elementor-section-boxed elementor-section-height-default elementor-section-height-default\" data-id=\"0736c9c\" data-element_type=\"section\" data-e-type=\"section\">\n\t\t\t\t\t\t<div class=\"elementor-container elementor-column-gap-default\">\n\t\t\t\t\t<div class=\"elementor-column elementor-col-100 elementor-top-column elementor-element elementor-element-ffd6110\" data-id=\"ffd6110\" data-element_type=\"column\" data-e-type=\"column\">\n\t\t\t<div class=\"elementor-widget-wrap elementor-element-populated\">\n\t\t\t\t\t\t<div class=\"elementor-element elementor-element-ee3b16a elementor-widget elementor-widget-text-editor\" data-id=\"ee3b16a\" data-element_type=\"widget\" data-e-type=\"widget\" data-widget_type=\"text-editor.default\">\n\t\t\t\t<div class=\"elementor-widget-container\">\n\t\t\t\t\t\t\t\t\t<p><strong><em>Para hacer la canci\u00f3n original, \u00bfc\u00f3mo has hecho para coger un verso de una canci\u00f3n de hace 20 a\u00f1os y adaptarlo a la actualidad?<br><\/em><\/strong>Yo me levant\u00e9 con esa canci\u00f3n en la cabeza, aunque parezca mentira, y no paraba de cantarla. Entonces fue como \u201cme encantar\u00eda versionarla\u201d porque probablemente haya mucha gente que ni siquiera la conoce. Aunque no es tan antigua, realmente hay gente que nunca ha escuchado esa canci\u00f3n porque siento que en Andaluc\u00eda s\u00ed que la hemos escuchado m\u00e1s, pero fuera de ah\u00ed no tanto.<\/p>\n<p>Se me ocurri\u00f3 hacerla algo m\u00e1s electr\u00f3nica ya que estaba haciendo un royo m\u00e1s electr\u00f3nico en ese momento, investigando, buscando sonido. Le di una vuelta y, evidentemente, solo us\u00e9 ese trocito porque era una canci\u00f3n m\u00eda y no una cover y cambiarla realmente. Quer\u00eda usar ese motivo para crear una canci\u00f3n para crear un concepto y todo. La verdad es que creo que qued\u00f3 muy bien.<\/p>\n<p><strong><em>Andaluc\u00eda ha formado parte de eso. T\u00fa eres del Puerto de Santamar\u00eda, de C\u00e1diz. \u00bfCrees que tus ra\u00edces se reflejan en tu m\u00fasica?<br><\/em><\/strong>Creo que se notan en todo. Desde el acento en el que digo las cosas, aunque tengo que decir que aqu\u00ed en Madrid se me va un poquito y a veces no se nota. Pero s\u00ed que es verdad que eso est\u00e1 ah\u00ed. En algunos giros que tengo que naturalmente me sale porque al final toda la vida he escuchado <em>Carnaval<\/em>, he escuchado Alejandro Sanz, Mal\u00fa y Merche, y he escuchado lo que se llevaba m\u00e1s en Andaluc\u00eda. Pero siento que al final s\u00ed que lo que hago es pop. Si escuchas un poco te das cuenta de que vengo de Andaluc\u00eda.<\/p>\n<p><strong><em>Ahora me gustar\u00eda hablar de tu faceta de compositora. \u00bfC\u00f3mo ha sido el pasar de componer para otros a cantar las tuyas propias?<br><\/em><\/strong>La verdad es que me apetec\u00eda mucho. Al final, cuando tu compones muchas canciones para otros artistas normalmente, si has nacido para eso, tu faceta como artista se siente satisfecha. Pero en este caso yo ten\u00eda el gusanillo de tener el altavoz de contar lo que a m\u00ed me apetec\u00eda. Incluso de tener el altavoz que los compositores no tienen para defender esas cosas que siento que en el mundo de la composici\u00f3n me encantar\u00eda cambiar. Y siento que eso nunca cambia porque el compositor no tiene ese altavoz que s\u00ed que tiene el artista.<\/p>\n<p>Entonces, aparte de que tengo una parte art\u00edstica que todav\u00eda no se siente satisfecha solo escribiendo en la sombra, siento que tengo bastantes cosas que contar que sin ser artista voy a llegar a menos gente.<\/p><p><span style=\"font-weight: bolder; text-align: start;\"><em>\u00bfCu\u00e1les son esas cosas que crees que deber\u00edan de tener m\u00e1s visibilidad?<br><\/em><\/span><\/p>\t\t\t\t\t\t\t\t<\/div>\n\t\t\t\t<\/div>\n\t\t\t\t\t<\/div>\n\t\t<\/div>\n\t\t\t\t\t<\/div>\n\t\t<\/section>\n\t\t\t\t<section class=\"elementor-section elementor-top-section elementor-element elementor-element-6a1ae74 elementor-section-boxed elementor-section-height-default elementor-section-height-default\" data-id=\"6a1ae74\" data-element_type=\"section\" data-e-type=\"section\">\n\t\t\t\t\t\t<div class=\"elementor-container elementor-column-gap-default\">\n\t\t\t\t\t<div class=\"elementor-column elementor-col-50 elementor-top-column elementor-element elementor-element-7ec9b82\" data-id=\"7ec9b82\" data-element_type=\"column\" data-e-type=\"column\">\n\t\t\t<div class=\"elementor-widget-wrap elementor-element-populated\">\n\t\t\t\t\t\t<div class=\"elementor-element elementor-element-87349c2 elementor-widget elementor-widget-image\" data-id=\"87349c2\" data-element_type=\"widget\" data-e-type=\"widget\" data-widget_type=\"image.default\">\n\t\t\t\t<div class=\"elementor-widget-container\">\n\t\t\t\t\t\t\t\t\t\t\t\t\t\t\t<img decoding=\"async\" width=\"640\" height=\"961\" src=\"https:\/\/unaymilletras.com\/wp-content\/uploads\/2024\/04\/WhatsApp-Image-2024-04-06-at-20.47.04-682x1024.jpeg\" class=\"attachment-large size-large wp-image-2449\" alt=\"Neva\" srcset=\"https:\/\/unaymilletras.com\/wp-content\/uploads\/2024\/04\/WhatsApp-Image-2024-04-06-at-20.47.04-682x1024.jpeg 682w, https:\/\/unaymilletras.com\/wp-content\/uploads\/2024\/04\/WhatsApp-Image-2024-04-06-at-20.47.04-200x300.jpeg 200w, https:\/\/unaymilletras.com\/wp-content\/uploads\/2024\/04\/WhatsApp-Image-2024-04-06-at-20.47.04-768x1152.jpeg 768w, https:\/\/unaymilletras.com\/wp-content\/uploads\/2024\/04\/WhatsApp-Image-2024-04-06-at-20.47.04-1024x1536.jpeg 1024w, https:\/\/unaymilletras.com\/wp-content\/uploads\/2024\/04\/WhatsApp-Image-2024-04-06-at-20.47.04-1365x2048.jpeg 1365w, https:\/\/unaymilletras.com\/wp-content\/uploads\/2024\/04\/WhatsApp-Image-2024-04-06-at-20.47.04-scaled-e1712444306287.jpeg 600w\" sizes=\"(max-width: 640px) 100vw, 640px\" \/>\t\t\t\t\t\t\t\t\t\t\t\t\t\t\t<\/div>\n\t\t\t\t<\/div>\n\t\t\t\t\t<\/div>\n\t\t<\/div>\n\t\t\t\t<div class=\"elementor-column elementor-col-50 elementor-top-column elementor-element elementor-element-ec40160\" data-id=\"ec40160\" data-element_type=\"column\" data-e-type=\"column\">\n\t\t\t<div class=\"elementor-widget-wrap elementor-element-populated\">\n\t\t\t\t\t\t<div class=\"elementor-element elementor-element-0c4523e elementor-widget elementor-widget-text-editor\" data-id=\"0c4523e\" data-element_type=\"widget\" data-e-type=\"widget\" data-widget_type=\"text-editor.default\">\n\t\t\t\t<div class=\"elementor-widget-container\">\n\t\t\t\t\t\t\t\t\t<p>Esto es un tema extenso, pero por ir al grano, siento que al final habr\u00eda que revisar muy bien de d\u00f3nde se cobran los derechos; porqu\u00e9 en unas plataformas se cobran un porcentaje, en otras menos, en otras m\u00e1s; por qu\u00e9 la radio s\u00ed, la tele tambi\u00e9n, pero en otras cosas no; que cada concierto se encarguen de que repertorio se usa\u2026 Miles de cosas. Tambi\u00e9n la visibilidad y el hecho de dejar de mostrar y querer tapar qui\u00e9n ha escrito las canciones y no abanderarte de eso. Decir: s\u00ed, la he escrito con x. Siento que al final eso no resta a nadie y s\u00ed que puede sumar mucho a los compositores.<\/p>\t\t\t\t\t\t\t\t<\/div>\n\t\t\t\t<\/div>\n\t\t\t\t\t<\/div>\n\t\t<\/div>\n\t\t\t\t\t<\/div>\n\t\t<\/section>\n\t\t\t\t<section class=\"elementor-section elementor-top-section elementor-element elementor-element-bf8c172 elementor-section-boxed elementor-section-height-default elementor-section-height-default\" data-id=\"bf8c172\" data-element_type=\"section\" data-e-type=\"section\">\n\t\t\t\t\t\t<div class=\"elementor-container elementor-column-gap-default\">\n\t\t\t\t\t<div class=\"elementor-column elementor-col-100 elementor-top-column elementor-element elementor-element-7410df8\" data-id=\"7410df8\" data-element_type=\"column\" data-e-type=\"column\">\n\t\t\t<div class=\"elementor-widget-wrap elementor-element-populated\">\n\t\t\t\t\t\t<div class=\"elementor-element elementor-element-af6a328 elementor-widget elementor-widget-text-editor\" data-id=\"af6a328\" data-element_type=\"widget\" data-e-type=\"widget\" data-widget_type=\"text-editor.default\">\n\t\t\t\t<div class=\"elementor-widget-container\">\n\t\t\t\t\t\t\t\t\t<p><strong><em>Ahora hay gente tratando de menospreciar canciones diciendo que se ha escrito entre varias personas, \u00bfqu\u00e9 opinas de eso?<br \/><\/em><\/strong>Nada. Yo creo que al final es s\u00faper v\u00e1lido. T\u00fa en una sesi\u00f3n de composici\u00f3n puedes decir una palabra y que eso sea el concepto entero de una canci\u00f3n, aunque otra persona haya hecho el 90%. Si no fuese por esa palabra igual no existir\u00eda.<\/p><p>Yo entiendo que haya mucha gente en los cr\u00e9ditos de composici\u00f3n, entiendo que los arreglos tengan que aparecer, entiendo todo. Si que es verdad que hay veces que te encuentras nombres que a lo mejor no tendr\u00edan que estar en cr\u00e9ditos, que eso tambi\u00e9n me parece mal. Pero, para mi hoy en d\u00eda es s\u00faper normal quedar para componer con m\u00e1s gente y que salga un buen tema. Eso no te quita valor ni mucho menos.<\/p><p>Yo que compongo con mi pareja, por ejemplo, o he compuesto tambi\u00e9n con amigos. Y compongo con \u00e9l porque s\u00e9 que va a ser mejor porque quiz\u00e1 \u00e9l est\u00e1 en la producci\u00f3n y yo puedo estar m\u00e1s metida en la composici\u00f3n. Eso no me da ninguna inseguridad. No creo que la gente al ver los cr\u00e9ditos vaya a pensar que yo no s\u00e9 componer, y si lo piensan est\u00e1n s\u00faper equivocados. Al final podr\u00eda poner mi nombre solo a veces, pero creo que no ser\u00eda justo. Todos aportamos algo para esa canci\u00f3n salga.<\/p><p>Creo que la gente a menudo no se da cuenta de que, si se trabaja en conjunto, hay muchas que puede sumar, que no es negativo.<\/p><p>S\u00ed. A veces es incluso m\u00e1s dif\u00edcil porque tienes que lidiar con el ego, con escuchar a los dem\u00e1s, con no pensar siempre que tu idea va a ser la mejor. No es ni mejor ni peor. Escribir sola es s\u00faper v\u00e1lido y escribir con gente tambi\u00e9n.<\/p><p><strong><em>Ahora quer\u00eda preguntarte, de toda la gente para la que has escrito, \u00bfcu\u00e1l es el trabajo que m\u00e1s ilusi\u00f3n te ha hecho?<br \/><\/em><\/strong>Con mis amigos. Con Meler, con Sof\u00eda Mart\u00edn, con Paula Koops, con Charlie USG, con Nerea Rodr\u00edguez. Al final con ellos me lo paso muy bien porque no hay presi\u00f3n. Quedas para componer y te lo pasas bien.<\/p><p>Luego es verdad que componer para Chanel me hizo mucha ilusi\u00f3n porque al final ella es una artista que tambi\u00e9n es bailarina, yo he bailado mucho tiempo. Me llev\u00e9 muy bien con ela de primeras y me encant\u00f3 la sesi\u00f3n. Me hizo mucha ilusi\u00f3n tambi\u00e9n con Ana Guerra porque la he escuchado mucho, me gusta la m\u00fasica que hace. Blas cant\u00f3 sac\u00f3 un tema que hicimos con Mantra, me emocion\u00f3 escuchar su voz ah\u00ed. Me ha hecho mucha ilusi\u00f3n con L\u00e9rica. Cuando hicimos <em>Alarmas<\/em> con Meler de repente que mandaran su parte.<\/p><p>Realmente, cada canci\u00f3n me hace ilusi\u00f3n. Es como un beb\u00e9.<\/p>\t\t\t\t\t\t\t\t<\/div>\n\t\t\t\t<\/div>\n\t\t\t\t\t<\/div>\n\t\t<\/div>\n\t\t\t\t\t<\/div>\n\t\t<\/section>\n\t\t\t\t<section class=\"elementor-section elementor-top-section elementor-element elementor-element-bbef917 elementor-section-boxed elementor-section-height-default elementor-section-height-default\" data-id=\"bbef917\" data-element_type=\"section\" data-e-type=\"section\">\n\t\t\t\t\t\t<div class=\"elementor-container elementor-column-gap-default\">\n\t\t\t\t\t<div class=\"elementor-column elementor-col-50 elementor-top-column elementor-element elementor-element-b7463e5\" data-id=\"b7463e5\" data-element_type=\"column\" data-e-type=\"column\">\n\t\t\t<div class=\"elementor-widget-wrap elementor-element-populated\">\n\t\t\t\t\t\t<div class=\"elementor-element elementor-element-6a4dde8 elementor-widget elementor-widget-html\" data-id=\"6a4dde8\" data-element_type=\"widget\" data-e-type=\"widget\" data-widget_type=\"html.default\">\n\t\t\t\t<div class=\"elementor-widget-container\">\n\t\t\t\t\t<blockquote class=\"instagram-media\" data-instgrm-permalink=\"https:\/\/www.instagram.com\/reel\/C4GtG2gMsIX\/?utm_source=ig_embed&amp;utm_campaign=loading\" data-instgrm-version=\"14\" style=\" background:#FFF; border:0; border-radius:3px; box-shadow:0 0 1px 0 rgba(0,0,0,0.5),0 1px 10px 0 rgba(0,0,0,0.15); margin: 1px; max-width:540px; min-width:326px; padding:0; width:99.375%; width:-webkit-calc(100% - 2px); width:calc(100% - 2px);\"><div style=\"padding:16px;\"> <a href=\"https:\/\/www.instagram.com\/reel\/C4GtG2gMsIX\/?utm_source=ig_embed&amp;utm_campaign=loading\" style=\" background:#FFFFFF; line-height:0; padding:0 0; text-align:center; text-decoration:none; width:100%;\" target=\"_blank\"> <div style=\" display: flex; flex-direction: row; align-items: center;\"> <div style=\"background-color: #F4F4F4; border-radius: 50%; flex-grow: 0; height: 40px; margin-right: 14px; width: 40px;\"><\/div> <div style=\"display: flex; flex-direction: column; flex-grow: 1; justify-content: center;\"> <div style=\" background-color: #F4F4F4; border-radius: 4px; flex-grow: 0; height: 14px; margin-bottom: 6px; width: 100px;\"><\/div> <div style=\" background-color: #F4F4F4; border-radius: 4px; flex-grow: 0; height: 14px; width: 60px;\"><\/div><\/div><\/div><div style=\"padding: 19% 0;\"><\/div> <div style=\"display:block; height:50px; margin:0 auto 12px; width:50px;\"><svg width=\"50px\" height=\"50px\" viewbox=\"0 0 60 60\" version=\"1.1\" xmlns=\"https:\/\/www.w3.org\/2000\/svg\" xmlns:xlink=\"https:\/\/www.w3.org\/1999\/xlink\"><g stroke=\"none\" stroke-width=\"1\" fill=\"none\" fill-rule=\"evenodd\"><g transform=\"translate(-511.000000, -20.000000)\" fill=\"#000000\"><g><path d=\"M556.869,30.41 C554.814,30.41 553.148,32.076 553.148,34.131 C553.148,36.186 554.814,37.852 556.869,37.852 C558.924,37.852 560.59,36.186 560.59,34.131 C560.59,32.076 558.924,30.41 556.869,30.41 M541,60.657 C535.114,60.657 530.342,55.887 530.342,50 C530.342,44.114 535.114,39.342 541,39.342 C546.887,39.342 551.658,44.114 551.658,50 C551.658,55.887 546.887,60.657 541,60.657 M541,33.886 C532.1,33.886 524.886,41.1 524.886,50 C524.886,58.899 532.1,66.113 541,66.113 C549.9,66.113 557.115,58.899 557.115,50 C557.115,41.1 549.9,33.886 541,33.886 M565.378,62.101 C565.244,65.022 564.756,66.606 564.346,67.663 C563.803,69.06 563.154,70.057 562.106,71.106 C561.058,72.155 560.06,72.803 558.662,73.347 C557.607,73.757 556.021,74.244 553.102,74.378 C549.944,74.521 548.997,74.552 541,74.552 C533.003,74.552 532.056,74.521 528.898,74.378 C525.979,74.244 524.393,73.757 523.338,73.347 C521.94,72.803 520.942,72.155 519.894,71.106 C518.846,70.057 518.197,69.06 517.654,67.663 C517.244,66.606 516.755,65.022 516.623,62.101 C516.479,58.943 516.448,57.996 516.448,50 C516.448,42.003 516.479,41.056 516.623,37.899 C516.755,34.978 517.244,33.391 517.654,32.338 C518.197,30.938 518.846,29.942 519.894,28.894 C520.942,27.846 521.94,27.196 523.338,26.654 C524.393,26.244 525.979,25.756 528.898,25.623 C532.057,25.479 533.004,25.448 541,25.448 C548.997,25.448 549.943,25.479 553.102,25.623 C556.021,25.756 557.607,26.244 558.662,26.654 C560.06,27.196 561.058,27.846 562.106,28.894 C563.154,29.942 563.803,30.938 564.346,32.338 C564.756,33.391 565.244,34.978 565.378,37.899 C565.522,41.056 565.552,42.003 565.552,50 C565.552,57.996 565.522,58.943 565.378,62.101 M570.82,37.631 C570.674,34.438 570.167,32.258 569.425,30.349 C568.659,28.377 567.633,26.702 565.965,25.035 C564.297,23.368 562.623,22.342 560.652,21.575 C558.743,20.834 556.562,20.326 553.369,20.18 C550.169,20.033 549.148,20 541,20 C532.853,20 531.831,20.033 528.631,20.18 C525.438,20.326 523.257,20.834 521.349,21.575 C519.376,22.342 517.703,23.368 516.035,25.035 C514.368,26.702 513.342,28.377 512.574,30.349 C511.834,32.258 511.326,34.438 511.181,37.631 C511.035,40.831 511,41.851 511,50 C511,58.147 511.035,59.17 511.181,62.369 C511.326,65.562 511.834,67.743 512.574,69.651 C513.342,71.625 514.368,73.296 516.035,74.965 C517.703,76.634 519.376,77.658 521.349,78.425 C523.257,79.167 525.438,79.673 528.631,79.82 C531.831,79.965 532.853,80.001 541,80.001 C549.148,80.001 550.169,79.965 553.369,79.82 C556.562,79.673 558.743,79.167 560.652,78.425 C562.623,77.658 564.297,76.634 565.965,74.965 C567.633,73.296 568.659,71.625 569.425,69.651 C570.167,67.743 570.674,65.562 570.82,62.369 C570.966,59.17 571,58.147 571,50 C571,41.851 570.966,40.831 570.82,37.631\"><\/path><\/g><\/g><\/g><\/svg><\/div><div style=\"padding-top: 8px;\"> <div style=\" color:#3897f0; font-family:Arial,sans-serif; font-size:14px; font-style:normal; font-weight:550; line-height:18px;\">Ver esta publicaci\u00f3n en Instagram<\/div><\/div><div style=\"padding: 12.5% 0;\"><\/div> <div style=\"display: flex; flex-direction: row; margin-bottom: 14px; align-items: center;\"><div> <div style=\"background-color: #F4F4F4; border-radius: 50%; height: 12.5px; width: 12.5px; transform: translateX(0px) translateY(7px);\"><\/div> <div style=\"background-color: #F4F4F4; height: 12.5px; transform: rotate(-45deg) translateX(3px) translateY(1px); width: 12.5px; flex-grow: 0; margin-right: 14px; margin-left: 2px;\"><\/div> <div style=\"background-color: #F4F4F4; border-radius: 50%; height: 12.5px; width: 12.5px; transform: translateX(9px) translateY(-18px);\"><\/div><\/div><div style=\"margin-left: 8px;\"> <div style=\" background-color: #F4F4F4; border-radius: 50%; flex-grow: 0; height: 20px; width: 20px;\"><\/div> <div style=\" width: 0; height: 0; border-top: 2px solid transparent; border-left: 6px solid #f4f4f4; border-bottom: 2px solid transparent; transform: translateX(16px) translateY(-4px) rotate(30deg)\"><\/div><\/div><div style=\"margin-left: auto;\"> <div style=\" width: 0px; border-top: 8px solid #F4F4F4; border-right: 8px solid transparent; transform: translateY(16px);\"><\/div> <div style=\" background-color: #F4F4F4; flex-grow: 0; height: 12px; width: 16px; transform: translateY(-4px);\"><\/div> <div style=\" width: 0; height: 0; border-top: 8px solid #F4F4F4; border-left: 8px solid transparent; transform: translateY(-4px) translateX(8px);\"><\/div><\/div><\/div> <div style=\"display: flex; flex-direction: column; flex-grow: 1; justify-content: center; margin-bottom: 24px;\"> <div style=\" background-color: #F4F4F4; border-radius: 4px; flex-grow: 0; height: 14px; margin-bottom: 6px; width: 224px;\"><\/div> <div style=\" background-color: #F4F4F4; border-radius: 4px; flex-grow: 0; height: 14px; width: 144px;\"><\/div><\/div><\/a><p style=\" color:#c9c8cd; font-family:Arial,sans-serif; font-size:14px; line-height:17px; margin-bottom:0; margin-top:8px; overflow:hidden; padding:8px 0 7px; text-align:center; text-overflow:ellipsis; white-space:nowrap;\"><a href=\"https:\/\/www.instagram.com\/reel\/C4GtG2gMsIX\/?utm_source=ig_embed&amp;utm_campaign=loading\" style=\" color:#c9c8cd; font-family:Arial,sans-serif; font-size:14px; font-style:normal; font-weight:normal; line-height:17px; text-decoration:none;\" target=\"_blank\">Una publicaci\u00f3n compartida por N E V A (@nevaoficial)<\/a><\/p><\/div><\/blockquote> <script async src=\"\/\/www.instagram.com\/embed.js\"><\/script>\t\t\t\t<\/div>\n\t\t\t\t<\/div>\n\t\t\t\t\t<\/div>\n\t\t<\/div>\n\t\t\t\t<div class=\"elementor-column elementor-col-50 elementor-top-column elementor-element elementor-element-5b2fd2d\" data-id=\"5b2fd2d\" data-element_type=\"column\" data-e-type=\"column\">\n\t\t\t<div class=\"elementor-widget-wrap elementor-element-populated\">\n\t\t\t\t\t\t<div class=\"elementor-element elementor-element-21369e4 elementor-widget elementor-widget-html\" data-id=\"21369e4\" data-element_type=\"widget\" data-e-type=\"widget\" data-widget_type=\"html.default\">\n\t\t\t\t<div class=\"elementor-widget-container\">\n\t\t\t\t\t<blockquote class=\"instagram-media\" data-instgrm-permalink=\"https:\/\/www.instagram.com\/reel\/C4OVfZ7sxXA\/?utm_source=ig_embed&amp;utm_campaign=loading\" data-instgrm-version=\"14\" style=\" background:#FFF; border:0; border-radius:3px; box-shadow:0 0 1px 0 rgba(0,0,0,0.5),0 1px 10px 0 rgba(0,0,0,0.15); margin: 1px; max-width:540px; min-width:326px; padding:0; width:99.375%; width:-webkit-calc(100% - 2px); width:calc(100% - 2px);\"><div style=\"padding:16px;\"> <a href=\"https:\/\/www.instagram.com\/reel\/C4OVfZ7sxXA\/?utm_source=ig_embed&amp;utm_campaign=loading\" style=\" background:#FFFFFF; line-height:0; padding:0 0; text-align:center; text-decoration:none; width:100%;\" target=\"_blank\"> <div style=\" display: flex; flex-direction: row; align-items: center;\"> <div style=\"background-color: #F4F4F4; border-radius: 50%; flex-grow: 0; height: 40px; margin-right: 14px; width: 40px;\"><\/div> <div style=\"display: flex; flex-direction: column; flex-grow: 1; justify-content: center;\"> <div style=\" background-color: #F4F4F4; border-radius: 4px; flex-grow: 0; height: 14px; margin-bottom: 6px; width: 100px;\"><\/div> <div style=\" background-color: #F4F4F4; border-radius: 4px; flex-grow: 0; height: 14px; width: 60px;\"><\/div><\/div><\/div><div style=\"padding: 19% 0;\"><\/div> <div style=\"display:block; height:50px; margin:0 auto 12px; width:50px;\"><svg width=\"50px\" height=\"50px\" viewbox=\"0 0 60 60\" version=\"1.1\" xmlns=\"https:\/\/www.w3.org\/2000\/svg\" xmlns:xlink=\"https:\/\/www.w3.org\/1999\/xlink\"><g stroke=\"none\" stroke-width=\"1\" fill=\"none\" fill-rule=\"evenodd\"><g transform=\"translate(-511.000000, -20.000000)\" fill=\"#000000\"><g><path d=\"M556.869,30.41 C554.814,30.41 553.148,32.076 553.148,34.131 C553.148,36.186 554.814,37.852 556.869,37.852 C558.924,37.852 560.59,36.186 560.59,34.131 C560.59,32.076 558.924,30.41 556.869,30.41 M541,60.657 C535.114,60.657 530.342,55.887 530.342,50 C530.342,44.114 535.114,39.342 541,39.342 C546.887,39.342 551.658,44.114 551.658,50 C551.658,55.887 546.887,60.657 541,60.657 M541,33.886 C532.1,33.886 524.886,41.1 524.886,50 C524.886,58.899 532.1,66.113 541,66.113 C549.9,66.113 557.115,58.899 557.115,50 C557.115,41.1 549.9,33.886 541,33.886 M565.378,62.101 C565.244,65.022 564.756,66.606 564.346,67.663 C563.803,69.06 563.154,70.057 562.106,71.106 C561.058,72.155 560.06,72.803 558.662,73.347 C557.607,73.757 556.021,74.244 553.102,74.378 C549.944,74.521 548.997,74.552 541,74.552 C533.003,74.552 532.056,74.521 528.898,74.378 C525.979,74.244 524.393,73.757 523.338,73.347 C521.94,72.803 520.942,72.155 519.894,71.106 C518.846,70.057 518.197,69.06 517.654,67.663 C517.244,66.606 516.755,65.022 516.623,62.101 C516.479,58.943 516.448,57.996 516.448,50 C516.448,42.003 516.479,41.056 516.623,37.899 C516.755,34.978 517.244,33.391 517.654,32.338 C518.197,30.938 518.846,29.942 519.894,28.894 C520.942,27.846 521.94,27.196 523.338,26.654 C524.393,26.244 525.979,25.756 528.898,25.623 C532.057,25.479 533.004,25.448 541,25.448 C548.997,25.448 549.943,25.479 553.102,25.623 C556.021,25.756 557.607,26.244 558.662,26.654 C560.06,27.196 561.058,27.846 562.106,28.894 C563.154,29.942 563.803,30.938 564.346,32.338 C564.756,33.391 565.244,34.978 565.378,37.899 C565.522,41.056 565.552,42.003 565.552,50 C565.552,57.996 565.522,58.943 565.378,62.101 M570.82,37.631 C570.674,34.438 570.167,32.258 569.425,30.349 C568.659,28.377 567.633,26.702 565.965,25.035 C564.297,23.368 562.623,22.342 560.652,21.575 C558.743,20.834 556.562,20.326 553.369,20.18 C550.169,20.033 549.148,20 541,20 C532.853,20 531.831,20.033 528.631,20.18 C525.438,20.326 523.257,20.834 521.349,21.575 C519.376,22.342 517.703,23.368 516.035,25.035 C514.368,26.702 513.342,28.377 512.574,30.349 C511.834,32.258 511.326,34.438 511.181,37.631 C511.035,40.831 511,41.851 511,50 C511,58.147 511.035,59.17 511.181,62.369 C511.326,65.562 511.834,67.743 512.574,69.651 C513.342,71.625 514.368,73.296 516.035,74.965 C517.703,76.634 519.376,77.658 521.349,78.425 C523.257,79.167 525.438,79.673 528.631,79.82 C531.831,79.965 532.853,80.001 541,80.001 C549.148,80.001 550.169,79.965 553.369,79.82 C556.562,79.673 558.743,79.167 560.652,78.425 C562.623,77.658 564.297,76.634 565.965,74.965 C567.633,73.296 568.659,71.625 569.425,69.651 C570.167,67.743 570.674,65.562 570.82,62.369 C570.966,59.17 571,58.147 571,50 C571,41.851 570.966,40.831 570.82,37.631\"><\/path><\/g><\/g><\/g><\/svg><\/div><div style=\"padding-top: 8px;\"> <div style=\" color:#3897f0; font-family:Arial,sans-serif; font-size:14px; font-style:normal; font-weight:550; line-height:18px;\">Ver esta publicaci\u00f3n en Instagram<\/div><\/div><div style=\"padding: 12.5% 0;\"><\/div> <div style=\"display: flex; flex-direction: row; margin-bottom: 14px; align-items: center;\"><div> <div style=\"background-color: #F4F4F4; border-radius: 50%; height: 12.5px; width: 12.5px; transform: translateX(0px) translateY(7px);\"><\/div> <div style=\"background-color: #F4F4F4; height: 12.5px; transform: rotate(-45deg) translateX(3px) translateY(1px); width: 12.5px; flex-grow: 0; margin-right: 14px; margin-left: 2px;\"><\/div> <div style=\"background-color: #F4F4F4; border-radius: 50%; height: 12.5px; width: 12.5px; transform: translateX(9px) translateY(-18px);\"><\/div><\/div><div style=\"margin-left: 8px;\"> <div style=\" background-color: #F4F4F4; border-radius: 50%; flex-grow: 0; height: 20px; width: 20px;\"><\/div> <div style=\" width: 0; height: 0; border-top: 2px solid transparent; border-left: 6px solid #f4f4f4; border-bottom: 2px solid transparent; transform: translateX(16px) translateY(-4px) rotate(30deg)\"><\/div><\/div><div style=\"margin-left: auto;\"> <div style=\" width: 0px; border-top: 8px solid #F4F4F4; border-right: 8px solid transparent; transform: translateY(16px);\"><\/div> <div style=\" background-color: #F4F4F4; flex-grow: 0; height: 12px; width: 16px; transform: translateY(-4px);\"><\/div> <div style=\" width: 0; height: 0; border-top: 8px solid #F4F4F4; border-left: 8px solid transparent; transform: translateY(-4px) translateX(8px);\"><\/div><\/div><\/div> <div style=\"display: flex; flex-direction: column; flex-grow: 1; justify-content: center; margin-bottom: 24px;\"> <div style=\" background-color: #F4F4F4; border-radius: 4px; flex-grow: 0; height: 14px; margin-bottom: 6px; width: 224px;\"><\/div> <div style=\" background-color: #F4F4F4; border-radius: 4px; flex-grow: 0; height: 14px; width: 144px;\"><\/div><\/div><\/a><p style=\" color:#c9c8cd; font-family:Arial,sans-serif; font-size:14px; line-height:17px; margin-bottom:0; margin-top:8px; overflow:hidden; padding:8px 0 7px; text-align:center; text-overflow:ellipsis; white-space:nowrap;\"><a href=\"https:\/\/www.instagram.com\/reel\/C4OVfZ7sxXA\/?utm_source=ig_embed&amp;utm_campaign=loading\" style=\" color:#c9c8cd; font-family:Arial,sans-serif; font-size:14px; font-style:normal; font-weight:normal; line-height:17px; text-decoration:none;\" target=\"_blank\">Una publicaci\u00f3n compartida por N E V A (@nevaoficial)<\/a><\/p><\/div><\/blockquote> <script async src=\"\/\/www.instagram.com\/embed.js\"><\/script>\t\t\t\t<\/div>\n\t\t\t\t<\/div>\n\t\t\t\t\t<\/div>\n\t\t<\/div>\n\t\t\t\t\t<\/div>\n\t\t<\/section>\n\t\t\t\t<section class=\"elementor-section elementor-top-section elementor-element elementor-element-eaa1329 elementor-section-boxed elementor-section-height-default elementor-section-height-default\" data-id=\"eaa1329\" data-element_type=\"section\" data-e-type=\"section\">\n\t\t\t\t\t\t<div class=\"elementor-container elementor-column-gap-default\">\n\t\t\t\t\t<div class=\"elementor-column elementor-col-100 elementor-top-column elementor-element elementor-element-3716f4c\" data-id=\"3716f4c\" data-element_type=\"column\" data-e-type=\"column\">\n\t\t\t<div class=\"elementor-widget-wrap elementor-element-populated\">\n\t\t\t\t\t\t<div class=\"elementor-element elementor-element-5b7eef5 elementor-widget elementor-widget-text-editor\" data-id=\"5b7eef5\" data-element_type=\"widget\" data-e-type=\"widget\" data-widget_type=\"text-editor.default\">\n\t\t\t\t<div class=\"elementor-widget-container\">\n\t\t\t\t\t\t\t\t\t<p><strong><em>Cambiando un poco de tema, has crecido un mont\u00f3n en TikTok. \u00bfC\u00f3mo crees que la plataforma ha afectado a tu carrera musical?<br \/><\/em><\/strong>Yo creo que para bien. Al final tengo una plataforma en la que te puede ver m\u00e1s gente, que te da m\u00e1s visibilidad, que puedes llegar a un p\u00fablico que no tenemos los artistas independientes. Te pone en un punto en el que est\u00e1s en las mismas condiciones que cualquiera independientemente de con qui\u00e9n est\u00e9n firmados o no. Entonces siendo artista independiente me parece un must.<\/p><p><strong><em>Vi que estuviste nominada a \u201cMejor Artista Revelaci\u00f3n\u201d en los Premios TikTok, \u00bfc\u00f3mo fue la experiencia?<br \/><\/em><\/strong>No me lo esperaba y me encant\u00f3. Al final hab\u00eda trabajado mucho en la plataforma durante ese a\u00f1o y fue como un regalo, al menos que te reconozcan el m\u00e9rito. Le da sentido a todo el trabajo realizado.<\/p><p><strong><em>Por \u00faltimo, est\u00e1s creciendo mucho en general, \u00bfcu\u00e1les son tus futuras metas?<br \/><\/em><\/strong>Mi futuro objetivo es seguir creciendo, seguir dando conciertos. Este es el primero, pero espero que de muchos. Ir a festivales. Entrar a las playlist que siempre escucho me har\u00eda much\u00edsima ilusi\u00f3n. Colaborar con m\u00e1s amigos, con m\u00e1s artistas. Componer para gente. Seguir con lo que estoy haciendo que estoy feliz y que todo siga creciendo org\u00e1nicamente.<\/p><p><strong><em>\u00bfHay alg\u00fan concierto m\u00e1s pensado en otras ciudades?<br \/><\/em><\/strong>De momento tenemos Madrid, pero hay que esperar para ver el show y ver d\u00f3nde podemos llevarlo.<\/p>\t\t\t\t\t\t\t\t<\/div>\n\t\t\t\t<\/div>\n\t\t\t\t\t<\/div>\n\t\t<\/div>\n\t\t\t\t\t<\/div>\n\t\t<\/section>\n\t\t\t\t<\/div>","protected":false},"excerpt":{"rendered":"<p>7 de abril, primer concierto de Neva en Madrid y su EP \u00abMala.Mor\u00bb cada vez m\u00e1s cerca de ver la luz Neva, nacida en el Puerto de Santa Mar\u00eda en 1995, narra historias a trav\u00e9s de la m\u00fasica. Estudiante de danza en Madrid, su vida estuvo llena de influencias musicales desde temprana edad. Esto la [&hellip;]<\/p>\n","protected":false},"author":1,"featured_media":2449,"comment_status":"open","ping_status":"open","sticky":false,"template":"","format":"standard","meta":{"footnotes":""},"categories":[112,119,4],"tags":[],"class_list":["post-2445","post","type-post","status-publish","format-standard","has-post-thumbnail","hentry","category-entrevistas","category-eventos","category-musica"],"yoast_head":"<!-- This site is optimized with the Yoast SEO plugin v27.4 - https:\/\/yoast.com\/product\/yoast-seo-wordpress\/ -->\n<title>Neva: &quot;Solo quiero que la gente lo disfrute, y yo tambi\u00e9n&quot;<\/title>\n<meta name=\"description\" content=\"7 de abril, primer concierto de Neva en Madrid y su EP &quot;Mala.Mor&quot; cada vez m\u00e1s cerca de ver la luz para todos los fans\" \/>\n<meta name=\"robots\" content=\"index, follow, max-snippet:-1, max-image-preview:large, max-video-preview:-1\" \/>\n<link rel=\"canonical\" href=\"https:\/\/unaymilletras.com\/en\/neva-solo-quiero-que-la-gente-lo-disfrute-y-yo-tambien\/\" \/>\n<meta property=\"og:locale\" content=\"en_GB\" \/>\n<meta property=\"og:type\" content=\"article\" \/>\n<meta property=\"og:title\" content=\"Neva: &quot;Solo quiero que la gente lo disfrute, y yo tambi\u00e9n&quot;\" \/>\n<meta property=\"og:description\" content=\"7 de abril, primer concierto de Neva en Madrid y su EP &quot;Mala.Mor&quot; cada vez m\u00e1s cerca de ver la luz para todos los fans\" \/>\n<meta property=\"og:url\" content=\"https:\/\/unaymilletras.com\/en\/neva-solo-quiero-que-la-gente-lo-disfrute-y-yo-tambien\/\" \/>\n<meta property=\"og:site_name\" content=\"Una y Mil Letras\" \/>\n<meta property=\"article:published_time\" content=\"2024-04-07T10:00:00+00:00\" \/>\n<meta property=\"og:image\" content=\"https:\/\/unaymilletras.com\/wp-content\/uploads\/2024\/04\/WhatsApp-Image-2024-04-06-at-20.47.04-scaled-e1712444306287.jpeg\" \/>\n\t<meta property=\"og:image:width\" content=\"600\" \/>\n\t<meta property=\"og:image:height\" content=\"900\" \/>\n\t<meta property=\"og:image:type\" content=\"image\/jpeg\" \/>\n<meta name=\"author\" content=\"Maria Gil Robledo\" \/>\n<meta name=\"twitter:card\" content=\"summary_large_image\" \/>\n<meta name=\"twitter:creator\" content=\"@UnaYMilLetras\" \/>\n<meta name=\"twitter:site\" content=\"@UnaYMilLetras\" \/>\n<meta name=\"twitter:label1\" content=\"Written by\" \/>\n\t<meta name=\"twitter:data1\" content=\"Maria Gil Robledo\" \/>\n\t<meta name=\"twitter:label2\" content=\"Estimated reading time\" \/>\n\t<meta name=\"twitter:data2\" content=\"11 minutes\" \/>\n<script type=\"application\/ld+json\" class=\"yoast-schema-graph\">{\"@context\":\"https:\\\/\\\/schema.org\",\"@graph\":[{\"@type\":\"Article\",\"@id\":\"https:\\\/\\\/unaymilletras.com\\\/neva-solo-quiero-que-la-gente-lo-disfrute-y-yo-tambien\\\/#article\",\"isPartOf\":{\"@id\":\"https:\\\/\\\/unaymilletras.com\\\/neva-solo-quiero-que-la-gente-lo-disfrute-y-yo-tambien\\\/\"},\"author\":{\"name\":\"Maria Gil Robledo\",\"@id\":\"http:\\\/\\\/unaymilletras.com\\\/#\\\/schema\\\/person\\\/d55ba681b8a4e463d8982dbe36a5dc94\"},\"headline\":\"Neva: \u00abSolo quiero que la gente lo disfrute, y yo tambi\u00e9n\u00bb\",\"datePublished\":\"2024-04-07T10:00:00+00:00\",\"mainEntityOfPage\":{\"@id\":\"https:\\\/\\\/unaymilletras.com\\\/neva-solo-quiero-que-la-gente-lo-disfrute-y-yo-tambien\\\/\"},\"wordCount\":2444,\"commentCount\":0,\"publisher\":{\"@id\":\"http:\\\/\\\/unaymilletras.com\\\/#organization\"},\"image\":{\"@id\":\"https:\\\/\\\/unaymilletras.com\\\/neva-solo-quiero-que-la-gente-lo-disfrute-y-yo-tambien\\\/#primaryimage\"},\"thumbnailUrl\":\"https:\\\/\\\/unaymilletras.com\\\/wp-content\\\/uploads\\\/2024\\\/04\\\/WhatsApp-Image-2024-04-06-at-20.47.04-scaled-e1712444306287.jpeg\",\"articleSection\":[\"Entrevistas\",\"Eventos\",\"M\u00fasica\"],\"inLanguage\":\"en-GB\",\"potentialAction\":[{\"@type\":\"CommentAction\",\"name\":\"Comment\",\"target\":[\"https:\\\/\\\/unaymilletras.com\\\/neva-solo-quiero-que-la-gente-lo-disfrute-y-yo-tambien\\\/#respond\"]}]},{\"@type\":\"WebPage\",\"@id\":\"https:\\\/\\\/unaymilletras.com\\\/neva-solo-quiero-que-la-gente-lo-disfrute-y-yo-tambien\\\/\",\"url\":\"https:\\\/\\\/unaymilletras.com\\\/neva-solo-quiero-que-la-gente-lo-disfrute-y-yo-tambien\\\/\",\"name\":\"Neva: \\\"Solo quiero que la gente lo disfrute, y yo tambi\u00e9n\\\"\",\"isPartOf\":{\"@id\":\"http:\\\/\\\/unaymilletras.com\\\/#website\"},\"primaryImageOfPage\":{\"@id\":\"https:\\\/\\\/unaymilletras.com\\\/neva-solo-quiero-que-la-gente-lo-disfrute-y-yo-tambien\\\/#primaryimage\"},\"image\":{\"@id\":\"https:\\\/\\\/unaymilletras.com\\\/neva-solo-quiero-que-la-gente-lo-disfrute-y-yo-tambien\\\/#primaryimage\"},\"thumbnailUrl\":\"https:\\\/\\\/unaymilletras.com\\\/wp-content\\\/uploads\\\/2024\\\/04\\\/WhatsApp-Image-2024-04-06-at-20.47.04-scaled-e1712444306287.jpeg\",\"datePublished\":\"2024-04-07T10:00:00+00:00\",\"description\":\"7 de abril, primer concierto de Neva en Madrid y su EP \\\"Mala.Mor\\\" cada vez m\u00e1s cerca de ver la luz para todos los fans\",\"breadcrumb\":{\"@id\":\"https:\\\/\\\/unaymilletras.com\\\/neva-solo-quiero-que-la-gente-lo-disfrute-y-yo-tambien\\\/#breadcrumb\"},\"inLanguage\":\"en-GB\",\"potentialAction\":[{\"@type\":\"ReadAction\",\"target\":[\"https:\\\/\\\/unaymilletras.com\\\/neva-solo-quiero-que-la-gente-lo-disfrute-y-yo-tambien\\\/\"]}]},{\"@type\":\"ImageObject\",\"inLanguage\":\"en-GB\",\"@id\":\"https:\\\/\\\/unaymilletras.com\\\/neva-solo-quiero-que-la-gente-lo-disfrute-y-yo-tambien\\\/#primaryimage\",\"url\":\"https:\\\/\\\/unaymilletras.com\\\/wp-content\\\/uploads\\\/2024\\\/04\\\/WhatsApp-Image-2024-04-06-at-20.47.04-scaled-e1712444306287.jpeg\",\"contentUrl\":\"https:\\\/\\\/unaymilletras.com\\\/wp-content\\\/uploads\\\/2024\\\/04\\\/WhatsApp-Image-2024-04-06-at-20.47.04-scaled-e1712444306287.jpeg\",\"width\":600,\"height\":900,\"caption\":\"Neva\"},{\"@type\":\"BreadcrumbList\",\"@id\":\"https:\\\/\\\/unaymilletras.com\\\/neva-solo-quiero-que-la-gente-lo-disfrute-y-yo-tambien\\\/#breadcrumb\",\"itemListElement\":[{\"@type\":\"ListItem\",\"position\":1,\"name\":\"Home\",\"item\":\"http:\\\/\\\/unaymilletras.com\\\/\"},{\"@type\":\"ListItem\",\"position\":2,\"name\":\"Neva: \u00abSolo quiero que la gente lo disfrute, y yo tambi\u00e9n\u00bb\"}]},{\"@type\":\"WebSite\",\"@id\":\"http:\\\/\\\/unaymilletras.com\\\/#website\",\"url\":\"http:\\\/\\\/unaymilletras.com\\\/\",\"name\":\"Una y Mil Letras\",\"description\":\"\",\"publisher\":{\"@id\":\"http:\\\/\\\/unaymilletras.com\\\/#organization\"},\"potentialAction\":[{\"@type\":\"SearchAction\",\"target\":{\"@type\":\"EntryPoint\",\"urlTemplate\":\"http:\\\/\\\/unaymilletras.com\\\/?s={search_term_string}\"},\"query-input\":{\"@type\":\"PropertyValueSpecification\",\"valueRequired\":true,\"valueName\":\"search_term_string\"}}],\"inLanguage\":\"en-GB\"},{\"@type\":\"Organization\",\"@id\":\"http:\\\/\\\/unaymilletras.com\\\/#organization\",\"name\":\"Una y Mil Letras\",\"url\":\"http:\\\/\\\/unaymilletras.com\\\/\",\"logo\":{\"@type\":\"ImageObject\",\"inLanguage\":\"en-GB\",\"@id\":\"http:\\\/\\\/unaymilletras.com\\\/#\\\/schema\\\/logo\\\/image\\\/\",\"url\":\"https:\\\/\\\/unaymilletras.com\\\/wp-content\\\/uploads\\\/2024\\\/06\\\/cropped-Logo-removebg-preview.png\",\"contentUrl\":\"https:\\\/\\\/unaymilletras.com\\\/wp-content\\\/uploads\\\/2024\\\/06\\\/cropped-Logo-removebg-preview.png\",\"width\":512,\"height\":512,\"caption\":\"Una y Mil Letras\"},\"image\":{\"@id\":\"http:\\\/\\\/unaymilletras.com\\\/#\\\/schema\\\/logo\\\/image\\\/\"},\"sameAs\":[\"https:\\\/\\\/x.com\\\/UnaYMilLetras\",\"https:\\\/\\\/instagram.com\\\/UnaYMilLetras\"]},{\"@type\":\"Person\",\"@id\":\"http:\\\/\\\/unaymilletras.com\\\/#\\\/schema\\\/person\\\/d55ba681b8a4e463d8982dbe36a5dc94\",\"name\":\"Maria Gil Robledo\",\"image\":{\"@type\":\"ImageObject\",\"inLanguage\":\"en-GB\",\"@id\":\"https:\\\/\\\/secure.gravatar.com\\\/avatar\\\/4b8e5102e0015789407eb4870b12f0f2857952d83ca124058f92b764bd1840c3?s=96&d=mm&r=g\",\"url\":\"https:\\\/\\\/secure.gravatar.com\\\/avatar\\\/4b8e5102e0015789407eb4870b12f0f2857952d83ca124058f92b764bd1840c3?s=96&d=mm&r=g\",\"contentUrl\":\"https:\\\/\\\/secure.gravatar.com\\\/avatar\\\/4b8e5102e0015789407eb4870b12f0f2857952d83ca124058f92b764bd1840c3?s=96&d=mm&r=g\",\"caption\":\"Maria Gil Robledo\"},\"sameAs\":[\"http:\\\/\\\/unaymilletras.com\"],\"url\":\"https:\\\/\\\/unaymilletras.com\\\/en\\\/author\\\/mariiagiil02_\\\/\"}]}<\/script>\n<!-- \/ Yoast SEO plugin. -->","yoast_head_json":{"title":"Neva: \"Solo quiero que la gente lo disfrute, y yo tambi\u00e9n\"","description":"7 de abril, primer concierto de Neva en Madrid y su EP \"Mala.Mor\" cada vez m\u00e1s cerca de ver la luz para todos los fans","robots":{"index":"index","follow":"follow","max-snippet":"max-snippet:-1","max-image-preview":"max-image-preview:large","max-video-preview":"max-video-preview:-1"},"canonical":"https:\/\/unaymilletras.com\/en\/neva-solo-quiero-que-la-gente-lo-disfrute-y-yo-tambien\/","og_locale":"en_GB","og_type":"article","og_title":"Neva: \"Solo quiero que la gente lo disfrute, y yo tambi\u00e9n\"","og_description":"7 de abril, primer concierto de Neva en Madrid y su EP \"Mala.Mor\" cada vez m\u00e1s cerca de ver la luz para todos los fans","og_url":"https:\/\/unaymilletras.com\/en\/neva-solo-quiero-que-la-gente-lo-disfrute-y-yo-tambien\/","og_site_name":"Una y Mil Letras","article_published_time":"2024-04-07T10:00:00+00:00","og_image":[{"width":600,"height":900,"url":"https:\/\/unaymilletras.com\/wp-content\/uploads\/2024\/04\/WhatsApp-Image-2024-04-06-at-20.47.04-scaled-e1712444306287.jpeg","type":"image\/jpeg"}],"author":"Maria Gil Robledo","twitter_card":"summary_large_image","twitter_creator":"@UnaYMilLetras","twitter_site":"@UnaYMilLetras","twitter_misc":{"Written by":"Maria Gil Robledo","Estimated reading time":"11 minutes"},"schema":{"@context":"https:\/\/schema.org","@graph":[{"@type":"Article","@id":"https:\/\/unaymilletras.com\/neva-solo-quiero-que-la-gente-lo-disfrute-y-yo-tambien\/#article","isPartOf":{"@id":"https:\/\/unaymilletras.com\/neva-solo-quiero-que-la-gente-lo-disfrute-y-yo-tambien\/"},"author":{"name":"Maria Gil Robledo","@id":"http:\/\/unaymilletras.com\/#\/schema\/person\/d55ba681b8a4e463d8982dbe36a5dc94"},"headline":"Neva: \u00abSolo quiero que la gente lo disfrute, y yo tambi\u00e9n\u00bb","datePublished":"2024-04-07T10:00:00+00:00","mainEntityOfPage":{"@id":"https:\/\/unaymilletras.com\/neva-solo-quiero-que-la-gente-lo-disfrute-y-yo-tambien\/"},"wordCount":2444,"commentCount":0,"publisher":{"@id":"http:\/\/unaymilletras.com\/#organization"},"image":{"@id":"https:\/\/unaymilletras.com\/neva-solo-quiero-que-la-gente-lo-disfrute-y-yo-tambien\/#primaryimage"},"thumbnailUrl":"https:\/\/unaymilletras.com\/wp-content\/uploads\/2024\/04\/WhatsApp-Image-2024-04-06-at-20.47.04-scaled-e1712444306287.jpeg","articleSection":["Entrevistas","Eventos","M\u00fasica"],"inLanguage":"en-GB","potentialAction":[{"@type":"CommentAction","name":"Comment","target":["https:\/\/unaymilletras.com\/neva-solo-quiero-que-la-gente-lo-disfrute-y-yo-tambien\/#respond"]}]},{"@type":"WebPage","@id":"https:\/\/unaymilletras.com\/neva-solo-quiero-que-la-gente-lo-disfrute-y-yo-tambien\/","url":"https:\/\/unaymilletras.com\/neva-solo-quiero-que-la-gente-lo-disfrute-y-yo-tambien\/","name":"Neva: \"Solo quiero que la gente lo disfrute, y yo tambi\u00e9n\"","isPartOf":{"@id":"http:\/\/unaymilletras.com\/#website"},"primaryImageOfPage":{"@id":"https:\/\/unaymilletras.com\/neva-solo-quiero-que-la-gente-lo-disfrute-y-yo-tambien\/#primaryimage"},"image":{"@id":"https:\/\/unaymilletras.com\/neva-solo-quiero-que-la-gente-lo-disfrute-y-yo-tambien\/#primaryimage"},"thumbnailUrl":"https:\/\/unaymilletras.com\/wp-content\/uploads\/2024\/04\/WhatsApp-Image-2024-04-06-at-20.47.04-scaled-e1712444306287.jpeg","datePublished":"2024-04-07T10:00:00+00:00","description":"7 de abril, primer concierto de Neva en Madrid y su EP \"Mala.Mor\" cada vez m\u00e1s cerca de ver la luz para todos los fans","breadcrumb":{"@id":"https:\/\/unaymilletras.com\/neva-solo-quiero-que-la-gente-lo-disfrute-y-yo-tambien\/#breadcrumb"},"inLanguage":"en-GB","potentialAction":[{"@type":"ReadAction","target":["https:\/\/unaymilletras.com\/neva-solo-quiero-que-la-gente-lo-disfrute-y-yo-tambien\/"]}]},{"@type":"ImageObject","inLanguage":"en-GB","@id":"https:\/\/unaymilletras.com\/neva-solo-quiero-que-la-gente-lo-disfrute-y-yo-tambien\/#primaryimage","url":"https:\/\/unaymilletras.com\/wp-content\/uploads\/2024\/04\/WhatsApp-Image-2024-04-06-at-20.47.04-scaled-e1712444306287.jpeg","contentUrl":"https:\/\/unaymilletras.com\/wp-content\/uploads\/2024\/04\/WhatsApp-Image-2024-04-06-at-20.47.04-scaled-e1712444306287.jpeg","width":600,"height":900,"caption":"Neva"},{"@type":"BreadcrumbList","@id":"https:\/\/unaymilletras.com\/neva-solo-quiero-que-la-gente-lo-disfrute-y-yo-tambien\/#breadcrumb","itemListElement":[{"@type":"ListItem","position":1,"name":"Home","item":"http:\/\/unaymilletras.com\/"},{"@type":"ListItem","position":2,"name":"Neva: \u00abSolo quiero que la gente lo disfrute, y yo tambi\u00e9n\u00bb"}]},{"@type":"WebSite","@id":"http:\/\/unaymilletras.com\/#website","url":"http:\/\/unaymilletras.com\/","name":"Una y Mil Letras","description":"","publisher":{"@id":"http:\/\/unaymilletras.com\/#organization"},"potentialAction":[{"@type":"SearchAction","target":{"@type":"EntryPoint","urlTemplate":"http:\/\/unaymilletras.com\/?s={search_term_string}"},"query-input":{"@type":"PropertyValueSpecification","valueRequired":true,"valueName":"search_term_string"}}],"inLanguage":"en-GB"},{"@type":"Organization","@id":"http:\/\/unaymilletras.com\/#organization","name":"Una y Mil Letras","url":"http:\/\/unaymilletras.com\/","logo":{"@type":"ImageObject","inLanguage":"en-GB","@id":"http:\/\/unaymilletras.com\/#\/schema\/logo\/image\/","url":"https:\/\/unaymilletras.com\/wp-content\/uploads\/2024\/06\/cropped-Logo-removebg-preview.png","contentUrl":"https:\/\/unaymilletras.com\/wp-content\/uploads\/2024\/06\/cropped-Logo-removebg-preview.png","width":512,"height":512,"caption":"Una y Mil Letras"},"image":{"@id":"http:\/\/unaymilletras.com\/#\/schema\/logo\/image\/"},"sameAs":["https:\/\/x.com\/UnaYMilLetras","https:\/\/instagram.com\/UnaYMilLetras"]},{"@type":"Person","@id":"http:\/\/unaymilletras.com\/#\/schema\/person\/d55ba681b8a4e463d8982dbe36a5dc94","name":"Maria Gil Robledo","image":{"@type":"ImageObject","inLanguage":"en-GB","@id":"https:\/\/secure.gravatar.com\/avatar\/4b8e5102e0015789407eb4870b12f0f2857952d83ca124058f92b764bd1840c3?s=96&d=mm&r=g","url":"https:\/\/secure.gravatar.com\/avatar\/4b8e5102e0015789407eb4870b12f0f2857952d83ca124058f92b764bd1840c3?s=96&d=mm&r=g","contentUrl":"https:\/\/secure.gravatar.com\/avatar\/4b8e5102e0015789407eb4870b12f0f2857952d83ca124058f92b764bd1840c3?s=96&d=mm&r=g","caption":"Maria Gil Robledo"},"sameAs":["http:\/\/unaymilletras.com"],"url":"https:\/\/unaymilletras.com\/en\/author\/mariiagiil02_\/"}]}},"_links":{"self":[{"href":"https:\/\/unaymilletras.com\/en\/wp-json\/wp\/v2\/posts\/2445","targetHints":{"allow":["GET"]}}],"collection":[{"href":"https:\/\/unaymilletras.com\/en\/wp-json\/wp\/v2\/posts"}],"about":[{"href":"https:\/\/unaymilletras.com\/en\/wp-json\/wp\/v2\/types\/post"}],"author":[{"embeddable":true,"href":"https:\/\/unaymilletras.com\/en\/wp-json\/wp\/v2\/users\/1"}],"replies":[{"embeddable":true,"href":"https:\/\/unaymilletras.com\/en\/wp-json\/wp\/v2\/comments?post=2445"}],"version-history":[{"count":5,"href":"https:\/\/unaymilletras.com\/en\/wp-json\/wp\/v2\/posts\/2445\/revisions"}],"predecessor-version":[{"id":2453,"href":"https:\/\/unaymilletras.com\/en\/wp-json\/wp\/v2\/posts\/2445\/revisions\/2453"}],"wp:featuredmedia":[{"embeddable":true,"href":"https:\/\/unaymilletras.com\/en\/wp-json\/wp\/v2\/media\/2449"}],"wp:attachment":[{"href":"https:\/\/unaymilletras.com\/en\/wp-json\/wp\/v2\/media?parent=2445"}],"wp:term":[{"taxonomy":"category","embeddable":true,"href":"https:\/\/unaymilletras.com\/en\/wp-json\/wp\/v2\/categories?post=2445"},{"taxonomy":"post_tag","embeddable":true,"href":"https:\/\/unaymilletras.com\/en\/wp-json\/wp\/v2\/tags?post=2445"}],"curies":[{"name":"wp","href":"https:\/\/api.w.org\/{rel}","templated":true}]}}