{"id":2454,"date":"2024-04-15T19:34:18","date_gmt":"2024-04-15T17:34:18","guid":{"rendered":"https:\/\/unaymilletras.com\/?p=2454"},"modified":"2024-04-15T19:34:21","modified_gmt":"2024-04-15T17:34:21","slug":"joaquina-doble-sold-out-en-madrid-y-barcelona","status":"publish","type":"post","link":"https:\/\/unaymilletras.com\/en\/joaquina-doble-sold-out-en-madrid-y-barcelona\/","title":{"rendered":"Joaquina: doble sold out en Madrid y Barcelona"},"content":{"rendered":"<div data-elementor-type=\"wp-post\" data-elementor-id=\"2454\" class=\"elementor elementor-2454\">\n\t\t\t\t\t\t<section class=\"elementor-section elementor-top-section elementor-element elementor-element-6728568 elementor-section-boxed elementor-section-height-default elementor-section-height-default\" data-id=\"6728568\" data-element_type=\"section\" data-e-type=\"section\">\n\t\t\t\t\t\t<div class=\"elementor-container elementor-column-gap-default\">\n\t\t\t\t\t<div class=\"elementor-column elementor-col-100 elementor-top-column elementor-element elementor-element-2412d24\" data-id=\"2412d24\" data-element_type=\"column\" data-e-type=\"column\">\n\t\t\t<div class=\"elementor-widget-wrap elementor-element-populated\">\n\t\t\t\t\t\t<div class=\"elementor-element elementor-element-4b464b1 elementor-widget elementor-widget-text-editor\" data-id=\"4b464b1\" data-element_type=\"widget\" data-e-type=\"widget\" data-widget_type=\"text-editor.default\">\n\t\t\t\t<div class=\"elementor-widget-container\">\n\t\t\t\t\t\t\t\t\t<h2 style=\"text-align: center;\"><span style=\"color: #808080;\"><em>La cantautora Joaquina dar\u00e1 dos conciertos en cada ciudad donde pretende conquistar al p\u00fablico que no ha dudado en ir a verla<\/em><\/span><\/h2>\t\t\t\t\t\t\t\t<\/div>\n\t\t\t\t<\/div>\n\t\t\t\t\t<\/div>\n\t\t<\/div>\n\t\t\t\t\t<\/div>\n\t\t<\/section>\n\t\t\t\t<section class=\"elementor-section elementor-top-section elementor-element elementor-element-50d7ba5 elementor-section-boxed elementor-section-height-default elementor-section-height-default\" data-id=\"50d7ba5\" data-element_type=\"section\" data-e-type=\"section\">\n\t\t\t\t\t\t<div class=\"elementor-container elementor-column-gap-default\">\n\t\t\t\t\t<div class=\"elementor-column elementor-col-100 elementor-top-column elementor-element elementor-element-bbf8860\" data-id=\"bbf8860\" data-element_type=\"column\" data-e-type=\"column\">\n\t\t\t<div class=\"elementor-widget-wrap elementor-element-populated\">\n\t\t\t\t\t\t<div class=\"elementor-element elementor-element-6b91f7f elementor-widget elementor-widget-text-editor\" data-id=\"6b91f7f\" data-element_type=\"widget\" data-e-type=\"widget\" data-widget_type=\"text-editor.default\">\n\t\t\t\t<div class=\"elementor-widget-container\">\n\t\t\t\t\t\t\t\t\t<p><b>Joaquina<\/b>, con tan solo 19 a\u00f1os, se ha convertido en una de las cantautoras m\u00e1s valoradas en todo el mundo. El talento de la venezolana tambi\u00e9n ha llegado hasta Espa\u00f1a. Aqu\u00ed, ha anunciado cuatro conciertos para los cuales ya se han agotado todas las entradas. Los primeros dos conciertos ser\u00e1n en <b>Barcelona<\/b> el d\u00eda <b>20 de abril<\/b> en dos sesiones distintas: a las <b>18:00 <\/b>y a las<b> 20:30<\/b>. Los otros dos conciertos tendr\u00e1n lugar en la <b>Sala Villanos de Madrid<\/b>, el <b>24 de abril <\/b>a las <b>18:00<\/b> y a las <b>20:30<\/b>.<\/p>\t\t\t\t\t\t\t\t<\/div>\n\t\t\t\t<\/div>\n\t\t\t\t\t<\/div>\n\t\t<\/div>\n\t\t\t\t\t<\/div>\n\t\t<\/section>\n\t\t\t\t<section class=\"elementor-section elementor-top-section elementor-element elementor-element-da87c59 elementor-section-boxed elementor-section-height-default elementor-section-height-default\" data-id=\"da87c59\" data-element_type=\"section\" data-e-type=\"section\">\n\t\t\t\t\t\t<div class=\"elementor-container elementor-column-gap-default\">\n\t\t\t\t\t<div class=\"elementor-column elementor-col-50 elementor-top-column elementor-element elementor-element-49edb45\" data-id=\"49edb45\" data-element_type=\"column\" data-e-type=\"column\">\n\t\t\t<div class=\"elementor-widget-wrap elementor-element-populated\">\n\t\t\t\t\t\t<div class=\"elementor-element elementor-element-7f8aff4 elementor-widget__width-initial elementor-widget elementor-widget-image\" data-id=\"7f8aff4\" data-element_type=\"widget\" data-e-type=\"widget\" data-widget_type=\"image.default\">\n\t\t\t\t<div class=\"elementor-widget-container\">\n\t\t\t\t\t\t\t\t\t\t\t\t\t\t\t<img fetchpriority=\"high\" decoding=\"async\" width=\"640\" height=\"640\" src=\"https:\/\/unaymilletras.com\/wp-content\/uploads\/2024\/04\/984648_joaquinasoldoutabsoluto1-1024x1024.jpg\" class=\"attachment-large size-large wp-image-2455\" alt=\"Joaquina\" srcset=\"https:\/\/unaymilletras.com\/wp-content\/uploads\/2024\/04\/984648_joaquinasoldoutabsoluto1-1024x1024.jpg 1024w, https:\/\/unaymilletras.com\/wp-content\/uploads\/2024\/04\/984648_joaquinasoldoutabsoluto1-300x300.jpg 300w, https:\/\/unaymilletras.com\/wp-content\/uploads\/2024\/04\/984648_joaquinasoldoutabsoluto1-150x150.jpg 150w, https:\/\/unaymilletras.com\/wp-content\/uploads\/2024\/04\/984648_joaquinasoldoutabsoluto1-768x768.jpg 768w, https:\/\/unaymilletras.com\/wp-content\/uploads\/2024\/04\/984648_joaquinasoldoutabsoluto1-1536x1536.jpg 1536w, https:\/\/unaymilletras.com\/wp-content\/uploads\/2024\/04\/984648_joaquinasoldoutabsoluto1-2048x2048.jpg 2048w, https:\/\/unaymilletras.com\/wp-content\/uploads\/2024\/04\/984648_joaquinasoldoutabsoluto1-e1713201831304.jpg 600w\" sizes=\"(max-width: 640px) 100vw, 640px\" \/>\t\t\t\t\t\t\t\t\t\t\t\t\t\t\t<\/div>\n\t\t\t\t<\/div>\n\t\t\t\t\t<\/div>\n\t\t<\/div>\n\t\t\t\t<div class=\"elementor-column elementor-col-50 elementor-top-column elementor-element elementor-element-187f636\" data-id=\"187f636\" data-element_type=\"column\" data-e-type=\"column\">\n\t\t\t<div class=\"elementor-widget-wrap elementor-element-populated\">\n\t\t\t\t\t\t<div class=\"elementor-element elementor-element-44c6ed3 elementor-widget elementor-widget-text-editor\" data-id=\"44c6ed3\" data-element_type=\"widget\" data-e-type=\"widget\" data-widget_type=\"text-editor.default\">\n\t\t\t\t<div class=\"elementor-widget-container\">\n\t\t\t\t\t\t\t\t\t<p><span style=\"color: #808080;\">A pesar de su reciente aparici\u00f3n, Joaquina ya ha logrado tener un p\u00fablico fiel en Espa\u00f1a gracias a su talento para cantar y componer. Esto se ha demostrado con la rapidez con la que ha conseguido agotar sus cuatro primeros conciertos en el pa\u00eds. En todos ellos presentar\u00e1 su EP <em><b>Los Mejores A\u00f1os<\/b><\/em> y su nueva canci\u00f3n <em><b><a style=\"color: #808080;\" href=\"https:\/\/open.spotify.com\/intl-es\/track\/6OdGNXcMemuWdEJIuIoQQV?si=63ccf6d713c64e21\">Escapar De Mi<\/a><\/b><\/em>.<\/span><\/p>\t\t\t\t\t\t\t\t<\/div>\n\t\t\t\t<\/div>\n\t\t\t\t\t<\/div>\n\t\t<\/div>\n\t\t\t\t\t<\/div>\n\t\t<\/section>\n\t\t\t\t<section class=\"elementor-section elementor-top-section elementor-element elementor-element-e03c863 elementor-section-boxed elementor-section-height-default elementor-section-height-default\" data-id=\"e03c863\" data-element_type=\"section\" data-e-type=\"section\">\n\t\t\t\t\t\t<div class=\"elementor-container elementor-column-gap-default\">\n\t\t\t\t\t<div class=\"elementor-column elementor-col-100 elementor-top-column elementor-element elementor-element-1a10535\" data-id=\"1a10535\" data-element_type=\"column\" data-e-type=\"column\">\n\t\t\t<div class=\"elementor-widget-wrap elementor-element-populated\">\n\t\t\t\t\t\t<div class=\"elementor-element elementor-element-b11c893 elementor-widget elementor-widget-text-editor\" data-id=\"b11c893\" data-element_type=\"widget\" data-e-type=\"widget\" data-widget_type=\"text-editor.default\">\n\t\t\t\t<div class=\"elementor-widget-container\">\n\t\t\t\t\t\t\t\t\t<p><span style=\"color: #808080;\">El a\u00f1o pasado, Joaquina consigui\u00f3 el Latin Grammy a Mejor Artista Nueva. Asimismo, la artista tambi\u00e9n ha conseguido otros logros, entre ellos, componer de la mano con <a style=\"color: #808080;\" href=\"https:\/\/unaymilletras.com\/en\/aitana-hace-historia-anunciando-su-concierto-en-el-santiago-bernabeu\/\">Aitana<\/a> o hacer su primera gira por Espa\u00f1a. Su carrera musical solo acaba de empezar.<\/span><\/p>\t\t\t\t\t\t\t\t<\/div>\n\t\t\t\t<\/div>\n\t\t\t\t\t<\/div>\n\t\t<\/div>\n\t\t\t\t\t<\/div>\n\t\t<\/section>\n\t\t\t\t<\/div>","protected":false},"excerpt":{"rendered":"<p>La cantautora Joaquina dar\u00e1 dos conciertos en cada ciudad donde pretende conquistar al p\u00fablico que no ha dudado en ir a verla<\/p>","protected":false},"author":1,"featured_media":2455,"comment_status":"open","ping_status":"open","sticky":false,"template":"","format":"standard","meta":{"footnotes":""},"categories":[4],"tags":[],"class_list":["post-2454","post","type-post","status-publish","format-standard","has-post-thumbnail","hentry","category-musica"],"yoast_head":"<!-- This site is optimized with the Yoast SEO plugin v27.4 - https:\/\/yoast.com\/product\/yoast-seo-wordpress\/ -->\n<title>Joaquina: doble sold out en Madrid y Barcelona &#8902; Una y Mil Letras<\/title>\n<meta name=\"description\" content=\"La cantautora Joaquina dar\u00e1 dos conciertos en cada ciudad donde pretende conquistar al p\u00fablico que no ha dudado en ir a verla\" \/>\n<meta name=\"robots\" content=\"index, follow, max-snippet:-1, max-image-preview:large, max-video-preview:-1\" \/>\n<link rel=\"canonical\" href=\"https:\/\/unaymilletras.com\/en\/joaquina-doble-sold-out-en-madrid-y-barcelona\/\" \/>\n<meta property=\"og:locale\" content=\"en_GB\" \/>\n<meta property=\"og:type\" content=\"article\" \/>\n<meta property=\"og:title\" content=\"Joaquina: doble sold out en Madrid y Barcelona &#8902; Una y Mil Letras\" \/>\n<meta property=\"og:description\" content=\"La cantautora Joaquina dar\u00e1 dos conciertos en cada ciudad donde pretende conquistar al p\u00fablico que no ha dudado en ir a verla\" \/>\n<meta property=\"og:url\" content=\"https:\/\/unaymilletras.com\/en\/joaquina-doble-sold-out-en-madrid-y-barcelona\/\" \/>\n<meta property=\"og:site_name\" content=\"Una y Mil Letras\" \/>\n<meta property=\"article:published_time\" content=\"2024-04-15T17:34:18+00:00\" \/>\n<meta property=\"article:modified_time\" content=\"2024-04-15T17:34:21+00:00\" \/>\n<meta property=\"og:image\" content=\"http:\/\/unaymilletras.com\/wp-content\/uploads\/2024\/04\/984648_joaquinasoldoutabsoluto1-e1713201831304.jpg\" \/>\n\t<meta property=\"og:image:width\" content=\"600\" \/>\n\t<meta property=\"og:image:height\" content=\"600\" \/>\n\t<meta property=\"og:image:type\" content=\"image\/jpeg\" \/>\n<meta name=\"author\" content=\"Maria Gil Robledo\" \/>\n<meta name=\"twitter:card\" content=\"summary_large_image\" \/>\n<meta name=\"twitter:creator\" content=\"@UnaYMilLetras\" \/>\n<meta name=\"twitter:site\" content=\"@UnaYMilLetras\" \/>\n<meta name=\"twitter:label1\" content=\"Written by\" \/>\n\t<meta name=\"twitter:data1\" content=\"Maria Gil Robledo\" \/>\n\t<meta name=\"twitter:label2\" content=\"Estimated reading time\" \/>\n\t<meta name=\"twitter:data2\" content=\"2 minutes\" \/>\n<script type=\"application\/ld+json\" class=\"yoast-schema-graph\">{\"@context\":\"https:\\\/\\\/schema.org\",\"@graph\":[{\"@type\":\"Article\",\"@id\":\"https:\\\/\\\/unaymilletras.com\\\/joaquina-doble-sold-out-en-madrid-y-barcelona\\\/#article\",\"isPartOf\":{\"@id\":\"https:\\\/\\\/unaymilletras.com\\\/joaquina-doble-sold-out-en-madrid-y-barcelona\\\/\"},\"author\":{\"name\":\"Maria Gil Robledo\",\"@id\":\"http:\\\/\\\/unaymilletras.com\\\/#\\\/schema\\\/person\\\/d55ba681b8a4e463d8982dbe36a5dc94\"},\"headline\":\"Joaquina: doble sold out en Madrid y Barcelona\",\"datePublished\":\"2024-04-15T17:34:18+00:00\",\"dateModified\":\"2024-04-15T17:34:21+00:00\",\"mainEntityOfPage\":{\"@id\":\"https:\\\/\\\/unaymilletras.com\\\/joaquina-doble-sold-out-en-madrid-y-barcelona\\\/\"},\"wordCount\":233,\"commentCount\":0,\"publisher\":{\"@id\":\"http:\\\/\\\/unaymilletras.com\\\/#organization\"},\"image\":{\"@id\":\"https:\\\/\\\/unaymilletras.com\\\/joaquina-doble-sold-out-en-madrid-y-barcelona\\\/#primaryimage\"},\"thumbnailUrl\":\"https:\\\/\\\/unaymilletras.com\\\/wp-content\\\/uploads\\\/2024\\\/04\\\/984648_joaquinasoldoutabsoluto1-e1713201831304.jpg\",\"articleSection\":[\"M\u00fasica\"],\"inLanguage\":\"en-GB\",\"potentialAction\":[{\"@type\":\"CommentAction\",\"name\":\"Comment\",\"target\":[\"https:\\\/\\\/unaymilletras.com\\\/joaquina-doble-sold-out-en-madrid-y-barcelona\\\/#respond\"]}]},{\"@type\":\"WebPage\",\"@id\":\"https:\\\/\\\/unaymilletras.com\\\/joaquina-doble-sold-out-en-madrid-y-barcelona\\\/\",\"url\":\"https:\\\/\\\/unaymilletras.com\\\/joaquina-doble-sold-out-en-madrid-y-barcelona\\\/\",\"name\":\"Joaquina: doble sold out en Madrid y Barcelona &#8902; Una y Mil Letras\",\"isPartOf\":{\"@id\":\"http:\\\/\\\/unaymilletras.com\\\/#website\"},\"primaryImageOfPage\":{\"@id\":\"https:\\\/\\\/unaymilletras.com\\\/joaquina-doble-sold-out-en-madrid-y-barcelona\\\/#primaryimage\"},\"image\":{\"@id\":\"https:\\\/\\\/unaymilletras.com\\\/joaquina-doble-sold-out-en-madrid-y-barcelona\\\/#primaryimage\"},\"thumbnailUrl\":\"https:\\\/\\\/unaymilletras.com\\\/wp-content\\\/uploads\\\/2024\\\/04\\\/984648_joaquinasoldoutabsoluto1-e1713201831304.jpg\",\"datePublished\":\"2024-04-15T17:34:18+00:00\",\"dateModified\":\"2024-04-15T17:34:21+00:00\",\"description\":\"La cantautora Joaquina dar\u00e1 dos conciertos en cada ciudad donde pretende conquistar al p\u00fablico que no ha dudado en ir a verla\",\"breadcrumb\":{\"@id\":\"https:\\\/\\\/unaymilletras.com\\\/joaquina-doble-sold-out-en-madrid-y-barcelona\\\/#breadcrumb\"},\"inLanguage\":\"en-GB\",\"potentialAction\":[{\"@type\":\"ReadAction\",\"target\":[\"https:\\\/\\\/unaymilletras.com\\\/joaquina-doble-sold-out-en-madrid-y-barcelona\\\/\"]}]},{\"@type\":\"ImageObject\",\"inLanguage\":\"en-GB\",\"@id\":\"https:\\\/\\\/unaymilletras.com\\\/joaquina-doble-sold-out-en-madrid-y-barcelona\\\/#primaryimage\",\"url\":\"https:\\\/\\\/unaymilletras.com\\\/wp-content\\\/uploads\\\/2024\\\/04\\\/984648_joaquinasoldoutabsoluto1-e1713201831304.jpg\",\"contentUrl\":\"https:\\\/\\\/unaymilletras.com\\\/wp-content\\\/uploads\\\/2024\\\/04\\\/984648_joaquinasoldoutabsoluto1-e1713201831304.jpg\",\"width\":600,\"height\":600,\"caption\":\"Joaquina\"},{\"@type\":\"BreadcrumbList\",\"@id\":\"https:\\\/\\\/unaymilletras.com\\\/joaquina-doble-sold-out-en-madrid-y-barcelona\\\/#breadcrumb\",\"itemListElement\":[{\"@type\":\"ListItem\",\"position\":1,\"name\":\"Home\",\"item\":\"http:\\\/\\\/unaymilletras.com\\\/\"},{\"@type\":\"ListItem\",\"position\":2,\"name\":\"Joaquina: doble sold out en Madrid y Barcelona\"}]},{\"@type\":\"WebSite\",\"@id\":\"http:\\\/\\\/unaymilletras.com\\\/#website\",\"url\":\"http:\\\/\\\/unaymilletras.com\\\/\",\"name\":\"Una y Mil Letras\",\"description\":\"\",\"publisher\":{\"@id\":\"http:\\\/\\\/unaymilletras.com\\\/#organization\"},\"potentialAction\":[{\"@type\":\"SearchAction\",\"target\":{\"@type\":\"EntryPoint\",\"urlTemplate\":\"http:\\\/\\\/unaymilletras.com\\\/?s={search_term_string}\"},\"query-input\":{\"@type\":\"PropertyValueSpecification\",\"valueRequired\":true,\"valueName\":\"search_term_string\"}}],\"inLanguage\":\"en-GB\"},{\"@type\":\"Organization\",\"@id\":\"http:\\\/\\\/unaymilletras.com\\\/#organization\",\"name\":\"Una y Mil Letras\",\"url\":\"http:\\\/\\\/unaymilletras.com\\\/\",\"logo\":{\"@type\":\"ImageObject\",\"inLanguage\":\"en-GB\",\"@id\":\"http:\\\/\\\/unaymilletras.com\\\/#\\\/schema\\\/logo\\\/image\\\/\",\"url\":\"https:\\\/\\\/unaymilletras.com\\\/wp-content\\\/uploads\\\/2024\\\/06\\\/cropped-Logo-removebg-preview.png\",\"contentUrl\":\"https:\\\/\\\/unaymilletras.com\\\/wp-content\\\/uploads\\\/2024\\\/06\\\/cropped-Logo-removebg-preview.png\",\"width\":512,\"height\":512,\"caption\":\"Una y Mil Letras\"},\"image\":{\"@id\":\"http:\\\/\\\/unaymilletras.com\\\/#\\\/schema\\\/logo\\\/image\\\/\"},\"sameAs\":[\"https:\\\/\\\/x.com\\\/UnaYMilLetras\",\"https:\\\/\\\/instagram.com\\\/UnaYMilLetras\"]},{\"@type\":\"Person\",\"@id\":\"http:\\\/\\\/unaymilletras.com\\\/#\\\/schema\\\/person\\\/d55ba681b8a4e463d8982dbe36a5dc94\",\"name\":\"Maria Gil Robledo\",\"image\":{\"@type\":\"ImageObject\",\"inLanguage\":\"en-GB\",\"@id\":\"https:\\\/\\\/secure.gravatar.com\\\/avatar\\\/4b8e5102e0015789407eb4870b12f0f2857952d83ca124058f92b764bd1840c3?s=96&d=mm&r=g\",\"url\":\"https:\\\/\\\/secure.gravatar.com\\\/avatar\\\/4b8e5102e0015789407eb4870b12f0f2857952d83ca124058f92b764bd1840c3?s=96&d=mm&r=g\",\"contentUrl\":\"https:\\\/\\\/secure.gravatar.com\\\/avatar\\\/4b8e5102e0015789407eb4870b12f0f2857952d83ca124058f92b764bd1840c3?s=96&d=mm&r=g\",\"caption\":\"Maria Gil Robledo\"},\"sameAs\":[\"http:\\\/\\\/unaymilletras.com\"],\"url\":\"https:\\\/\\\/unaymilletras.com\\\/en\\\/author\\\/mariiagiil02_\\\/\"}]}<\/script>\n<!-- \/ Yoast SEO plugin. -->","yoast_head_json":{"title":"Joaquina: doble sold out en Madrid y Barcelona &#8902; Una y Mil Letras","description":"La cantautora Joaquina dar\u00e1 dos conciertos en cada ciudad donde pretende conquistar al p\u00fablico que no ha dudado en ir a verla","robots":{"index":"index","follow":"follow","max-snippet":"max-snippet:-1","max-image-preview":"max-image-preview:large","max-video-preview":"max-video-preview:-1"},"canonical":"https:\/\/unaymilletras.com\/en\/joaquina-doble-sold-out-en-madrid-y-barcelona\/","og_locale":"en_GB","og_type":"article","og_title":"Joaquina: doble sold out en Madrid y Barcelona &#8902; Una y Mil Letras","og_description":"La cantautora Joaquina dar\u00e1 dos conciertos en cada ciudad donde pretende conquistar al p\u00fablico que no ha dudado en ir a verla","og_url":"https:\/\/unaymilletras.com\/en\/joaquina-doble-sold-out-en-madrid-y-barcelona\/","og_site_name":"Una y Mil Letras","article_published_time":"2024-04-15T17:34:18+00:00","article_modified_time":"2024-04-15T17:34:21+00:00","og_image":[{"width":600,"height":600,"url":"http:\/\/unaymilletras.com\/wp-content\/uploads\/2024\/04\/984648_joaquinasoldoutabsoluto1-e1713201831304.jpg","type":"image\/jpeg"}],"author":"Maria Gil Robledo","twitter_card":"summary_large_image","twitter_creator":"@UnaYMilLetras","twitter_site":"@UnaYMilLetras","twitter_misc":{"Written by":"Maria Gil Robledo","Estimated reading time":"2 minutes"},"schema":{"@context":"https:\/\/schema.org","@graph":[{"@type":"Article","@id":"https:\/\/unaymilletras.com\/joaquina-doble-sold-out-en-madrid-y-barcelona\/#article","isPartOf":{"@id":"https:\/\/unaymilletras.com\/joaquina-doble-sold-out-en-madrid-y-barcelona\/"},"author":{"name":"Maria Gil Robledo","@id":"http:\/\/unaymilletras.com\/#\/schema\/person\/d55ba681b8a4e463d8982dbe36a5dc94"},"headline":"Joaquina: doble sold out en Madrid y Barcelona","datePublished":"2024-04-15T17:34:18+00:00","dateModified":"2024-04-15T17:34:21+00:00","mainEntityOfPage":{"@id":"https:\/\/unaymilletras.com\/joaquina-doble-sold-out-en-madrid-y-barcelona\/"},"wordCount":233,"commentCount":0,"publisher":{"@id":"http:\/\/unaymilletras.com\/#organization"},"image":{"@id":"https:\/\/unaymilletras.com\/joaquina-doble-sold-out-en-madrid-y-barcelona\/#primaryimage"},"thumbnailUrl":"https:\/\/unaymilletras.com\/wp-content\/uploads\/2024\/04\/984648_joaquinasoldoutabsoluto1-e1713201831304.jpg","articleSection":["M\u00fasica"],"inLanguage":"en-GB","potentialAction":[{"@type":"CommentAction","name":"Comment","target":["https:\/\/unaymilletras.com\/joaquina-doble-sold-out-en-madrid-y-barcelona\/#respond"]}]},{"@type":"WebPage","@id":"https:\/\/unaymilletras.com\/joaquina-doble-sold-out-en-madrid-y-barcelona\/","url":"https:\/\/unaymilletras.com\/joaquina-doble-sold-out-en-madrid-y-barcelona\/","name":"Joaquina: doble sold out en Madrid y Barcelona &#8902; Una y Mil Letras","isPartOf":{"@id":"http:\/\/unaymilletras.com\/#website"},"primaryImageOfPage":{"@id":"https:\/\/unaymilletras.com\/joaquina-doble-sold-out-en-madrid-y-barcelona\/#primaryimage"},"image":{"@id":"https:\/\/unaymilletras.com\/joaquina-doble-sold-out-en-madrid-y-barcelona\/#primaryimage"},"thumbnailUrl":"https:\/\/unaymilletras.com\/wp-content\/uploads\/2024\/04\/984648_joaquinasoldoutabsoluto1-e1713201831304.jpg","datePublished":"2024-04-15T17:34:18+00:00","dateModified":"2024-04-15T17:34:21+00:00","description":"La cantautora Joaquina dar\u00e1 dos conciertos en cada ciudad donde pretende conquistar al p\u00fablico que no ha dudado en ir a verla","breadcrumb":{"@id":"https:\/\/unaymilletras.com\/joaquina-doble-sold-out-en-madrid-y-barcelona\/#breadcrumb"},"inLanguage":"en-GB","potentialAction":[{"@type":"ReadAction","target":["https:\/\/unaymilletras.com\/joaquina-doble-sold-out-en-madrid-y-barcelona\/"]}]},{"@type":"ImageObject","inLanguage":"en-GB","@id":"https:\/\/unaymilletras.com\/joaquina-doble-sold-out-en-madrid-y-barcelona\/#primaryimage","url":"https:\/\/unaymilletras.com\/wp-content\/uploads\/2024\/04\/984648_joaquinasoldoutabsoluto1-e1713201831304.jpg","contentUrl":"https:\/\/unaymilletras.com\/wp-content\/uploads\/2024\/04\/984648_joaquinasoldoutabsoluto1-e1713201831304.jpg","width":600,"height":600,"caption":"Joaquina"},{"@type":"BreadcrumbList","@id":"https:\/\/unaymilletras.com\/joaquina-doble-sold-out-en-madrid-y-barcelona\/#breadcrumb","itemListElement":[{"@type":"ListItem","position":1,"name":"Home","item":"http:\/\/unaymilletras.com\/"},{"@type":"ListItem","position":2,"name":"Joaquina: doble sold out en Madrid y Barcelona"}]},{"@type":"WebSite","@id":"http:\/\/unaymilletras.com\/#website","url":"http:\/\/unaymilletras.com\/","name":"Una y Mil Letras","description":"","publisher":{"@id":"http:\/\/unaymilletras.com\/#organization"},"potentialAction":[{"@type":"SearchAction","target":{"@type":"EntryPoint","urlTemplate":"http:\/\/unaymilletras.com\/?s={search_term_string}"},"query-input":{"@type":"PropertyValueSpecification","valueRequired":true,"valueName":"search_term_string"}}],"inLanguage":"en-GB"},{"@type":"Organization","@id":"http:\/\/unaymilletras.com\/#organization","name":"Una y Mil Letras","url":"http:\/\/unaymilletras.com\/","logo":{"@type":"ImageObject","inLanguage":"en-GB","@id":"http:\/\/unaymilletras.com\/#\/schema\/logo\/image\/","url":"https:\/\/unaymilletras.com\/wp-content\/uploads\/2024\/06\/cropped-Logo-removebg-preview.png","contentUrl":"https:\/\/unaymilletras.com\/wp-content\/uploads\/2024\/06\/cropped-Logo-removebg-preview.png","width":512,"height":512,"caption":"Una y Mil Letras"},"image":{"@id":"http:\/\/unaymilletras.com\/#\/schema\/logo\/image\/"},"sameAs":["https:\/\/x.com\/UnaYMilLetras","https:\/\/instagram.com\/UnaYMilLetras"]},{"@type":"Person","@id":"http:\/\/unaymilletras.com\/#\/schema\/person\/d55ba681b8a4e463d8982dbe36a5dc94","name":"Maria Gil Robledo","image":{"@type":"ImageObject","inLanguage":"en-GB","@id":"https:\/\/secure.gravatar.com\/avatar\/4b8e5102e0015789407eb4870b12f0f2857952d83ca124058f92b764bd1840c3?s=96&d=mm&r=g","url":"https:\/\/secure.gravatar.com\/avatar\/4b8e5102e0015789407eb4870b12f0f2857952d83ca124058f92b764bd1840c3?s=96&d=mm&r=g","contentUrl":"https:\/\/secure.gravatar.com\/avatar\/4b8e5102e0015789407eb4870b12f0f2857952d83ca124058f92b764bd1840c3?s=96&d=mm&r=g","caption":"Maria Gil Robledo"},"sameAs":["http:\/\/unaymilletras.com"],"url":"https:\/\/unaymilletras.com\/en\/author\/mariiagiil02_\/"}]}},"_links":{"self":[{"href":"https:\/\/unaymilletras.com\/en\/wp-json\/wp\/v2\/posts\/2454","targetHints":{"allow":["GET"]}}],"collection":[{"href":"https:\/\/unaymilletras.com\/en\/wp-json\/wp\/v2\/posts"}],"about":[{"href":"https:\/\/unaymilletras.com\/en\/wp-json\/wp\/v2\/types\/post"}],"author":[{"embeddable":true,"href":"https:\/\/unaymilletras.com\/en\/wp-json\/wp\/v2\/users\/1"}],"replies":[{"embeddable":true,"href":"https:\/\/unaymilletras.com\/en\/wp-json\/wp\/v2\/comments?post=2454"}],"version-history":[{"count":11,"href":"https:\/\/unaymilletras.com\/en\/wp-json\/wp\/v2\/posts\/2454\/revisions"}],"predecessor-version":[{"id":2466,"href":"https:\/\/unaymilletras.com\/en\/wp-json\/wp\/v2\/posts\/2454\/revisions\/2466"}],"wp:featuredmedia":[{"embeddable":true,"href":"https:\/\/unaymilletras.com\/en\/wp-json\/wp\/v2\/media\/2455"}],"wp:attachment":[{"href":"https:\/\/unaymilletras.com\/en\/wp-json\/wp\/v2\/media?parent=2454"}],"wp:term":[{"taxonomy":"category","embeddable":true,"href":"https:\/\/unaymilletras.com\/en\/wp-json\/wp\/v2\/categories?post=2454"},{"taxonomy":"post_tag","embeddable":true,"href":"https:\/\/unaymilletras.com\/en\/wp-json\/wp\/v2\/tags?post=2454"}],"curies":[{"name":"wp","href":"https:\/\/api.w.org\/{rel}","templated":true}]}}