{"id":2467,"date":"2024-04-15T22:43:33","date_gmt":"2024-04-15T20:43:33","guid":{"rendered":"https:\/\/unaymilletras.com\/?p=2467"},"modified":"2024-04-15T22:58:14","modified_gmt":"2024-04-15T20:58:14","slug":"polo-nandez","status":"publish","type":"post","link":"https:\/\/unaymilletras.com\/en\/polo-nandez\/","title":{"rendered":"Polo N\u00e1ndez: \u00abLo que canto en un escenario es lo que yo siento\u00bb"},"content":{"rendered":"<div data-elementor-type=\"wp-post\" data-elementor-id=\"2467\" class=\"elementor elementor-2467\">\n\t\t\t\t\t\t<section class=\"elementor-section elementor-top-section elementor-element elementor-element-7de2441 elementor-section-boxed elementor-section-height-default elementor-section-height-default\" data-id=\"7de2441\" data-element_type=\"section\" data-e-type=\"section\">\n\t\t\t\t\t\t<div class=\"elementor-container elementor-column-gap-default\">\n\t\t\t\t\t<div class=\"elementor-column elementor-col-100 elementor-top-column elementor-element elementor-element-9f8dbd8\" data-id=\"9f8dbd8\" data-element_type=\"column\" data-e-type=\"column\">\n\t\t\t<div class=\"elementor-widget-wrap elementor-element-populated\">\n\t\t\t\t\t\t<div class=\"elementor-element elementor-element-80c54a2 elementor-widget elementor-widget-text-editor\" data-id=\"80c54a2\" data-element_type=\"widget\" data-e-type=\"widget\" data-widget_type=\"text-editor.default\">\n\t\t\t\t<div class=\"elementor-widget-container\">\n\t\t\t\t\t\t\t\t\t<h2 style=\"text-align: center;\"><span style=\"color: #808080;\"><em>Polo N\u00e1ndez prepara su primera gira con la que pasar\u00e1 por Madrid, Barcelona y Le\u00f3n, dispuesto a ganarse a las tres ciudades<\/em><\/span><\/h2>\t\t\t\t\t\t\t\t<\/div>\n\t\t\t\t<\/div>\n\t\t\t\t\t<\/div>\n\t\t<\/div>\n\t\t\t\t\t<\/div>\n\t\t<\/section>\n\t\t\t\t<section class=\"elementor-section elementor-top-section elementor-element elementor-element-4e1e0a7 elementor-section-boxed elementor-section-height-default elementor-section-height-default\" data-id=\"4e1e0a7\" data-element_type=\"section\" data-e-type=\"section\">\n\t\t\t\t\t\t<div class=\"elementor-container elementor-column-gap-default\">\n\t\t\t\t\t<div class=\"elementor-column elementor-col-100 elementor-top-column elementor-element elementor-element-13824ba\" data-id=\"13824ba\" data-element_type=\"column\" data-e-type=\"column\">\n\t\t\t<div class=\"elementor-widget-wrap elementor-element-populated\">\n\t\t\t\t\t\t<div class=\"elementor-element elementor-element-b05977e elementor-widget elementor-widget-text-editor\" data-id=\"b05977e\" data-element_type=\"widget\" data-e-type=\"widget\" data-widget_type=\"text-editor.default\">\n\t\t\t\t<div class=\"elementor-widget-container\">\n\t\t\t\t\t\t\t\t\t<p><b>Polo N\u00e1ndez<\/b> acaba de estrenar su \u00faltima canci\u00f3n junto a Mar Lucas: <em>Parte de Mi<\/em>. Con ella, nos sumergen en la dualidad del amor a trav\u00e9s del pop electr\u00f3nico que combina el fresco y distintivo sonido de Polo N\u00e1ndez con la cautivadora voz de Mar Lucas.&nbsp;<\/p>\n<p>Acompa\u00f1ando el lanzamiento de este sencillo, Polo N\u00e1ndez anunci\u00f3 su <b><i>Parte de M\u00ed Tour<\/i><\/b>, que comenzar\u00e1 el 10 de mayo en Le\u00f3n y continuar\u00e1 en Barcelona y Madrid. Esta gira promete ofrecer un espect\u00e1culo \u00fanico show donde el cantante se acercar\u00e1 a su p\u00fablico de una manera aut\u00e9ntica, como es su sello distintivo. Adem\u00e1s, estos conciertos llegar\u00e1n despu\u00e9s de que el leon\u00e9s actuase en Los40 Primavera Pop de Rub\u00ed.&nbsp;<\/p>\t\t\t\t\t\t\t\t<\/div>\n\t\t\t\t<\/div>\n\t\t\t\t\t<\/div>\n\t\t<\/div>\n\t\t\t\t\t<\/div>\n\t\t<\/section>\n\t\t\t\t<section class=\"elementor-section elementor-top-section elementor-element elementor-element-b7a123c elementor-section-boxed elementor-section-height-default elementor-section-height-default\" data-id=\"b7a123c\" data-element_type=\"section\" data-e-type=\"section\">\n\t\t\t\t\t\t<div class=\"elementor-container elementor-column-gap-default\">\n\t\t\t\t\t<div class=\"elementor-column elementor-col-100 elementor-top-column elementor-element elementor-element-1d222af\" data-id=\"1d222af\" data-element_type=\"column\" data-e-type=\"column\">\n\t\t\t<div class=\"elementor-widget-wrap elementor-element-populated\">\n\t\t\t\t\t\t<div class=\"elementor-element elementor-element-e98851d elementor-widget elementor-widget-video\" data-id=\"e98851d\" data-element_type=\"widget\" data-e-type=\"widget\" data-settings=\"{&quot;youtube_url&quot;:&quot;https:\\\/\\\/youtu.be\\\/E4f_NssjeMg?si=RPIAF3JoSIFVgKj8&quot;,&quot;video_type&quot;:&quot;youtube&quot;,&quot;controls&quot;:&quot;yes&quot;}\" data-widget_type=\"video.default\">\n\t\t\t\t<div class=\"elementor-widget-container\">\n\t\t\t\t\t\t\t<div class=\"elementor-wrapper elementor-open-inline\">\n\t\t\t<div class=\"elementor-video\"><\/div>\t\t<\/div>\n\t\t\t\t\t\t<\/div>\n\t\t\t\t<\/div>\n\t\t\t\t\t<\/div>\n\t\t<\/div>\n\t\t\t\t\t<\/div>\n\t\t<\/section>\n\t\t\t\t<section class=\"elementor-section elementor-top-section elementor-element elementor-element-2ac0659 elementor-section-boxed elementor-section-height-default elementor-section-height-default\" data-id=\"2ac0659\" data-element_type=\"section\" data-e-type=\"section\">\n\t\t\t\t\t\t<div class=\"elementor-container elementor-column-gap-default\">\n\t\t\t\t\t<div class=\"elementor-column elementor-col-100 elementor-top-column elementor-element elementor-element-9b25571\" data-id=\"9b25571\" data-element_type=\"column\" data-e-type=\"column\">\n\t\t\t<div class=\"elementor-widget-wrap elementor-element-populated\">\n\t\t\t\t\t\t<div class=\"elementor-element elementor-element-8adf911 elementor-widget elementor-widget-text-editor\" data-id=\"8adf911\" data-element_type=\"widget\" data-e-type=\"widget\" data-widget_type=\"text-editor.default\">\n\t\t\t\t<div class=\"elementor-widget-container\">\n\t\t\t\t\t\t\t\t\t<p><strong><em>Quiero empezar pregunt\u00e1ndote por la \u00faltima canci\u00f3n que has sacado con Mar Lucas. \u00bfC\u00f3mo nace inspirarte en la leyenda del hilo rojo para ambientar la canci\u00f3n?<br \/><\/em><\/strong>La verdad fue que el creativo de todo esto fue el del videoclip. Me dijo: \u201cMira, se me ha ocurrido esto\u201d y a m\u00ed me pareci\u00f3 muy original as\u00ed que decid\u00ed que lo \u00edbamos a meter. Me pareci\u00f3 una cosa muy original, aunque sea algo que todo el mundo sabe, pero como que nunca lo hab\u00eda visto.<\/p><p>Y <em>Parte de Mi<\/em> nace de la relaci\u00f3n que hago de Mar Lucas en la gira de Los40 en verano. Coincidimos ah\u00ed y ella y yo \u00e9ramos los \u00fanicos, no s\u00e9 si esto era por ser Virgo los dos y ser muy perfeccionistas, que calent\u00e1bamos la voz siempre dentro del camerino.<\/p><p><strong><em>Mar Lucas es una chica que viene de ser tiktoker, y eso es algo que puede crear prejuicios en mucha gente. Aun as\u00ed, hay muchos artistas que han colaborado con ella. \u00bfQu\u00e9 crees que tiene de especial para que tanta gente se anime a trabajar con ella?<br \/><\/em><\/strong>A m\u00ed lo que m\u00e1s me gusta y en lo que m\u00e1s me fijo, m\u00e1s all\u00e1 de que canta mucho mejor de lo que ella cree y del hate que le cae, es la energ\u00eda. Me gusta cantar con gente que tenga una energ\u00eda parecida a la m\u00eda. A m\u00ed me suelen decir que soy una persona vitamina porque siempre estoy sonriendo, y en ella vi eso. Una persona muy bonita.<\/p>\t\t\t\t\t\t\t\t<\/div>\n\t\t\t\t<\/div>\n\t\t\t\t\t<\/div>\n\t\t<\/div>\n\t\t\t\t\t<\/div>\n\t\t<\/section>\n\t\t\t\t<section class=\"elementor-section elementor-top-section elementor-element elementor-element-62dbe3a elementor-section-boxed elementor-section-height-default elementor-section-height-default\" data-id=\"62dbe3a\" data-element_type=\"section\" data-e-type=\"section\">\n\t\t\t\t\t\t<div class=\"elementor-container elementor-column-gap-default\">\n\t\t\t\t\t<div class=\"elementor-column elementor-col-100 elementor-top-column elementor-element elementor-element-58f0c72\" data-id=\"58f0c72\" data-element_type=\"column\" data-e-type=\"column\">\n\t\t\t<div class=\"elementor-widget-wrap elementor-element-populated\">\n\t\t\t\t\t\t<div class=\"elementor-element elementor-element-1a77c4b elementor-widget elementor-widget-image\" data-id=\"1a77c4b\" data-element_type=\"widget\" data-e-type=\"widget\" data-widget_type=\"image.default\">\n\t\t\t\t<div class=\"elementor-widget-container\">\n\t\t\t\t\t\t\t\t\t\t\t\t\t\t\t<img fetchpriority=\"high\" decoding=\"async\" width=\"640\" height=\"427\" src=\"https:\/\/unaymilletras.com\/wp-content\/uploads\/2024\/04\/WhatsApp-Image-2024-04-15-at-19.59.26-1024x683.jpeg\" class=\"attachment-large size-large wp-image-2470\" alt=\"Polo N\u00e1ndez\" srcset=\"https:\/\/unaymilletras.com\/wp-content\/uploads\/2024\/04\/WhatsApp-Image-2024-04-15-at-19.59.26-1024x683.jpeg 1024w, https:\/\/unaymilletras.com\/wp-content\/uploads\/2024\/04\/WhatsApp-Image-2024-04-15-at-19.59.26-300x200.jpeg 300w, https:\/\/unaymilletras.com\/wp-content\/uploads\/2024\/04\/WhatsApp-Image-2024-04-15-at-19.59.26-768x512.jpeg 768w, https:\/\/unaymilletras.com\/wp-content\/uploads\/2024\/04\/WhatsApp-Image-2024-04-15-at-19.59.26-1536x1024.jpeg 1536w, https:\/\/unaymilletras.com\/wp-content\/uploads\/2024\/04\/WhatsApp-Image-2024-04-15-at-19.59.26-2048x1366.jpeg 2048w, https:\/\/unaymilletras.com\/wp-content\/uploads\/2024\/04\/WhatsApp-Image-2024-04-15-at-19.59.26-scaled-e1713211858974.jpeg 600w\" sizes=\"(max-width: 640px) 100vw, 640px\" \/>\t\t\t\t\t\t\t\t\t\t\t\t\t\t\t<\/div>\n\t\t\t\t<\/div>\n\t\t\t\t\t<\/div>\n\t\t<\/div>\n\t\t\t\t\t<\/div>\n\t\t<\/section>\n\t\t\t\t<section class=\"elementor-section elementor-top-section elementor-element elementor-element-28e3ffe elementor-section-boxed elementor-section-height-default elementor-section-height-default\" data-id=\"28e3ffe\" data-element_type=\"section\" data-e-type=\"section\">\n\t\t\t\t\t\t<div class=\"elementor-container elementor-column-gap-default\">\n\t\t\t\t\t<div class=\"elementor-column elementor-col-100 elementor-top-column elementor-element elementor-element-fcc5a16\" data-id=\"fcc5a16\" data-element_type=\"column\" data-e-type=\"column\">\n\t\t\t<div class=\"elementor-widget-wrap elementor-element-populated\">\n\t\t\t\t\t\t<div class=\"elementor-element elementor-element-6d120f1 elementor-widget elementor-widget-text-editor\" data-id=\"6d120f1\" data-element_type=\"widget\" data-e-type=\"widget\" data-widget_type=\"text-editor.default\">\n\t\t\t\t<div class=\"elementor-widget-container\">\n\t\t\t\t\t\t\t\t\t<p><strong><em>Luego creo que eso se refleja mucho en la m\u00fasica. Si haces algo con ganas se va a notar.<br \/><\/em><\/strong>S\u00ed y tambi\u00e9n va a ser m\u00e1s f\u00e1cil la comunicaci\u00f3n, hacer acciones como la que vamos a hacer en Barcelona, que vamos a preparar una yincana ma\u00f1ana. Hacer este tipo de cosas guays, sitios secretos donde vamos a cantar la canci\u00f3n en ac\u00fastico. Eso si no hay conexi\u00f3n, si no te has llevado bien o no hay esa energ\u00eda, no funciona. A mi me ha pasado.<\/p><p><strong><em>Hay muchos artistas que colaboran y ni se han visto.<br \/><\/em><\/strong>\u00bfSabes lo que m\u00e1s odio? Que la canci\u00f3n sea m\u00eda, por ejemplo, la cantes con otro artista y te digan \u201ces tu canci\u00f3n\u201d. No, perdona, yo cuando canto una canci\u00f3n, da igual si soy el primero o el segundo, me implico al m\u00e1ximo cuando la canto.<\/p><p><strong><em>Cambiando un poco de tema. Esta canci\u00f3n va a estar dentro de tu repertorio de canciones en tus conciertos, \u00bfqu\u00e9 m\u00e1s vamos a poder escuchar?<br \/><\/em><\/strong>Estoy trabajando mucho para que cada concierto sea \u00fanico. Y si hubiera dos conciertos en Madrid porque lleno dos veces la sala gracias a Dios, imag\u00ednate, que sean totalmente distintos el uno del otro, aunque fueran en Madrid ambos. Eso estoy intentando.<\/p><p>Luego, voy a cantar todas mis canciones adem\u00e1s de algunos covers. Y tambi\u00e9n algunas canciones probablemente que a\u00fan no han salido, que sean in\u00e9ditas, ya sea con el featuring o sin \u00e9l.<\/p><p><em><b>Todos los artistas ten\u00e9is canciones que no hab\u00e9is sacado listas. \u00bfHay alguna que vaya a salir antes de los conciertos?<br \/><\/b><\/em><span style=\"color: var( --e-global-color-text ); font-family: var( --e-global-typography-text-font-family ), Sans-serif; font-weight: var( --e-global-typography-text-font-weight );\">Iba a sacar una canci\u00f3n el 19 de abril, pero la voy a posponer un poco. Es mi canci\u00f3n m\u00e1s especial en cuanto a letra y a composici\u00f3n. Entonces quiero que est\u00e9 todav\u00eda mejor as\u00ed que lo he retrasado un poquito.<\/span><\/p>\t\t\t\t\t\t\t\t<\/div>\n\t\t\t\t<\/div>\n\t\t\t\t\t<\/div>\n\t\t<\/div>\n\t\t\t\t\t<\/div>\n\t\t<\/section>\n\t\t\t\t<section class=\"elementor-section elementor-top-section elementor-element elementor-element-530ed04 elementor-section-boxed elementor-section-height-default elementor-section-height-default\" data-id=\"530ed04\" data-element_type=\"section\" data-e-type=\"section\">\n\t\t\t\t\t\t<div class=\"elementor-container elementor-column-gap-default\">\n\t\t\t\t\t<div class=\"elementor-column elementor-col-50 elementor-top-column elementor-element elementor-element-ca53e54\" data-id=\"ca53e54\" data-element_type=\"column\" data-e-type=\"column\">\n\t\t\t<div class=\"elementor-widget-wrap elementor-element-populated\">\n\t\t\t\t\t\t<div class=\"elementor-element elementor-element-df79e8a elementor-widget elementor-widget-html\" data-id=\"df79e8a\" data-element_type=\"widget\" data-e-type=\"widget\" data-widget_type=\"html.default\">\n\t\t\t\t<div class=\"elementor-widget-container\">\n\t\t\t\t\t<blockquote class=\"instagram-media\" data-instgrm-permalink=\"https:\/\/www.instagram.com\/reel\/Ctw5ckYAaJE\/?utm_source=ig_embed&amp;utm_campaign=loading\" data-instgrm-version=\"14\" style=\" background:#FFF; border:0; border-radius:3px; box-shadow:0 0 1px 0 rgba(0,0,0,0.5),0 1px 10px 0 rgba(0,0,0,0.15); margin: 1px; max-width:540px; min-width:326px; padding:0; width:99.375%; width:-webkit-calc(100% - 2px); width:calc(100% - 2px);\"><div style=\"padding:16px;\"> <a href=\"https:\/\/www.instagram.com\/reel\/Ctw5ckYAaJE\/?utm_source=ig_embed&amp;utm_campaign=loading\" style=\" background:#FFFFFF; line-height:0; padding:0 0; text-align:center; text-decoration:none; width:100%;\" target=\"_blank\"> <div style=\" display: flex; flex-direction: row; align-items: center;\"> <div style=\"background-color: #F4F4F4; border-radius: 50%; flex-grow: 0; height: 40px; margin-right: 14px; width: 40px;\"><\/div> <div style=\"display: flex; flex-direction: column; flex-grow: 1; justify-content: center;\"> <div style=\" background-color: #F4F4F4; border-radius: 4px; flex-grow: 0; height: 14px; margin-bottom: 6px; width: 100px;\"><\/div> <div style=\" background-color: #F4F4F4; border-radius: 4px; flex-grow: 0; height: 14px; width: 60px;\"><\/div><\/div><\/div><div style=\"padding: 19% 0;\"><\/div> <div style=\"display:block; height:50px; margin:0 auto 12px; width:50px;\"><svg width=\"50px\" height=\"50px\" viewbox=\"0 0 60 60\" version=\"1.1\" xmlns=\"https:\/\/www.w3.org\/2000\/svg\" xmlns:xlink=\"https:\/\/www.w3.org\/1999\/xlink\"><g stroke=\"none\" stroke-width=\"1\" fill=\"none\" fill-rule=\"evenodd\"><g transform=\"translate(-511.000000, -20.000000)\" fill=\"#000000\"><g><path d=\"M556.869,30.41 C554.814,30.41 553.148,32.076 553.148,34.131 C553.148,36.186 554.814,37.852 556.869,37.852 C558.924,37.852 560.59,36.186 560.59,34.131 C560.59,32.076 558.924,30.41 556.869,30.41 M541,60.657 C535.114,60.657 530.342,55.887 530.342,50 C530.342,44.114 535.114,39.342 541,39.342 C546.887,39.342 551.658,44.114 551.658,50 C551.658,55.887 546.887,60.657 541,60.657 M541,33.886 C532.1,33.886 524.886,41.1 524.886,50 C524.886,58.899 532.1,66.113 541,66.113 C549.9,66.113 557.115,58.899 557.115,50 C557.115,41.1 549.9,33.886 541,33.886 M565.378,62.101 C565.244,65.022 564.756,66.606 564.346,67.663 C563.803,69.06 563.154,70.057 562.106,71.106 C561.058,72.155 560.06,72.803 558.662,73.347 C557.607,73.757 556.021,74.244 553.102,74.378 C549.944,74.521 548.997,74.552 541,74.552 C533.003,74.552 532.056,74.521 528.898,74.378 C525.979,74.244 524.393,73.757 523.338,73.347 C521.94,72.803 520.942,72.155 519.894,71.106 C518.846,70.057 518.197,69.06 517.654,67.663 C517.244,66.606 516.755,65.022 516.623,62.101 C516.479,58.943 516.448,57.996 516.448,50 C516.448,42.003 516.479,41.056 516.623,37.899 C516.755,34.978 517.244,33.391 517.654,32.338 C518.197,30.938 518.846,29.942 519.894,28.894 C520.942,27.846 521.94,27.196 523.338,26.654 C524.393,26.244 525.979,25.756 528.898,25.623 C532.057,25.479 533.004,25.448 541,25.448 C548.997,25.448 549.943,25.479 553.102,25.623 C556.021,25.756 557.607,26.244 558.662,26.654 C560.06,27.196 561.058,27.846 562.106,28.894 C563.154,29.942 563.803,30.938 564.346,32.338 C564.756,33.391 565.244,34.978 565.378,37.899 C565.522,41.056 565.552,42.003 565.552,50 C565.552,57.996 565.522,58.943 565.378,62.101 M570.82,37.631 C570.674,34.438 570.167,32.258 569.425,30.349 C568.659,28.377 567.633,26.702 565.965,25.035 C564.297,23.368 562.623,22.342 560.652,21.575 C558.743,20.834 556.562,20.326 553.369,20.18 C550.169,20.033 549.148,20 541,20 C532.853,20 531.831,20.033 528.631,20.18 C525.438,20.326 523.257,20.834 521.349,21.575 C519.376,22.342 517.703,23.368 516.035,25.035 C514.368,26.702 513.342,28.377 512.574,30.349 C511.834,32.258 511.326,34.438 511.181,37.631 C511.035,40.831 511,41.851 511,50 C511,58.147 511.035,59.17 511.181,62.369 C511.326,65.562 511.834,67.743 512.574,69.651 C513.342,71.625 514.368,73.296 516.035,74.965 C517.703,76.634 519.376,77.658 521.349,78.425 C523.257,79.167 525.438,79.673 528.631,79.82 C531.831,79.965 532.853,80.001 541,80.001 C549.148,80.001 550.169,79.965 553.369,79.82 C556.562,79.673 558.743,79.167 560.652,78.425 C562.623,77.658 564.297,76.634 565.965,74.965 C567.633,73.296 568.659,71.625 569.425,69.651 C570.167,67.743 570.674,65.562 570.82,62.369 C570.966,59.17 571,58.147 571,50 C571,41.851 570.966,40.831 570.82,37.631\"><\/path><\/g><\/g><\/g><\/svg><\/div><div style=\"padding-top: 8px;\"> <div style=\" color:#3897f0; font-family:Arial,sans-serif; font-size:14px; font-style:normal; font-weight:550; line-height:18px;\">Ver esta publicaci\u00f3n en Instagram<\/div><\/div><div style=\"padding: 12.5% 0;\"><\/div> <div style=\"display: flex; flex-direction: row; margin-bottom: 14px; align-items: center;\"><div> <div style=\"background-color: #F4F4F4; border-radius: 50%; height: 12.5px; width: 12.5px; transform: translateX(0px) translateY(7px);\"><\/div> <div style=\"background-color: #F4F4F4; height: 12.5px; transform: rotate(-45deg) translateX(3px) translateY(1px); width: 12.5px; flex-grow: 0; margin-right: 14px; margin-left: 2px;\"><\/div> <div style=\"background-color: #F4F4F4; border-radius: 50%; height: 12.5px; width: 12.5px; transform: translateX(9px) translateY(-18px);\"><\/div><\/div><div style=\"margin-left: 8px;\"> <div style=\" background-color: #F4F4F4; border-radius: 50%; flex-grow: 0; height: 20px; width: 20px;\"><\/div> <div style=\" width: 0; height: 0; border-top: 2px solid transparent; border-left: 6px solid #f4f4f4; border-bottom: 2px solid transparent; transform: translateX(16px) translateY(-4px) rotate(30deg)\"><\/div><\/div><div style=\"margin-left: auto;\"> <div style=\" width: 0px; border-top: 8px solid #F4F4F4; border-right: 8px solid transparent; transform: translateY(16px);\"><\/div> <div style=\" background-color: #F4F4F4; flex-grow: 0; height: 12px; width: 16px; transform: translateY(-4px);\"><\/div> <div style=\" width: 0; height: 0; border-top: 8px solid #F4F4F4; border-left: 8px solid transparent; transform: translateY(-4px) translateX(8px);\"><\/div><\/div><\/div> <div style=\"display: flex; flex-direction: column; flex-grow: 1; justify-content: center; margin-bottom: 24px;\"> <div style=\" background-color: #F4F4F4; border-radius: 4px; flex-grow: 0; height: 14px; margin-bottom: 6px; width: 224px;\"><\/div> <div style=\" background-color: #F4F4F4; border-radius: 4px; flex-grow: 0; height: 14px; width: 144px;\"><\/div><\/div><\/a><p style=\" color:#c9c8cd; font-family:Arial,sans-serif; font-size:14px; line-height:17px; margin-bottom:0; margin-top:8px; overflow:hidden; padding:8px 0 7px; text-align:center; text-overflow:ellipsis; white-space:nowrap;\"><a href=\"https:\/\/www.instagram.com\/reel\/Ctw5ckYAaJE\/?utm_source=ig_embed&amp;utm_campaign=loading\" style=\" color:#c9c8cd; font-family:Arial,sans-serif; font-size:14px; font-style:normal; font-weight:normal; line-height:17px; text-decoration:none;\" target=\"_blank\">Una publicaci\u00f3n compartida de Polo \ud83e\udd81 (@polo_nandez)<\/a><\/p><\/div><\/blockquote> <script async src=\"\/\/www.instagram.com\/embed.js\"><\/script>\t\t\t\t<\/div>\n\t\t\t\t<\/div>\n\t\t\t\t\t<\/div>\n\t\t<\/div>\n\t\t\t\t<div class=\"elementor-column elementor-col-50 elementor-top-column elementor-element elementor-element-c564933\" data-id=\"c564933\" data-element_type=\"column\" data-e-type=\"column\">\n\t\t\t<div class=\"elementor-widget-wrap elementor-element-populated\">\n\t\t\t\t\t\t<div class=\"elementor-element elementor-element-27f22a2 elementor-widget elementor-widget-text-editor\" data-id=\"27f22a2\" data-element_type=\"widget\" data-e-type=\"widget\" data-widget_type=\"text-editor.default\">\n\t\t\t\t<div class=\"elementor-widget-container\">\n\t\t\t\t\t\t\t\t\t<p><strong style=\"color: var( --e-global-color-text ); font-family: var( --e-global-typography-text-font-family ), Sans-serif;\"><em>\u00bfCu\u00e1l es la canci\u00f3n que m\u00e1s ilusi\u00f3n te hace cantar en directo?<\/em><\/strong><br><\/p><p>De momento, todav\u00eda <em>Latidos. <\/em>Es el recuerdo de la primera vez que entr\u00e9 en Los40. Tambi\u00e9n es una canci\u00f3n compuesta casi \u00edntegramente por m\u00ed y es la primera canci\u00f3n que me da un poco \u201ca conocer\u201d. No s\u00e9, le tengo mucho cari\u00f1o.<\/p>\t\t\t\t\t\t\t\t<\/div>\n\t\t\t\t<\/div>\n\t\t\t\t\t<\/div>\n\t\t<\/div>\n\t\t\t\t\t<\/div>\n\t\t<\/section>\n\t\t\t\t<section class=\"elementor-section elementor-top-section elementor-element elementor-element-2e20e5f elementor-section-boxed elementor-section-height-default elementor-section-height-default\" data-id=\"2e20e5f\" data-element_type=\"section\" data-e-type=\"section\">\n\t\t\t\t\t\t<div class=\"elementor-container elementor-column-gap-default\">\n\t\t\t\t\t<div class=\"elementor-column elementor-col-100 elementor-top-column elementor-element elementor-element-9c754f3\" data-id=\"9c754f3\" data-element_type=\"column\" data-e-type=\"column\">\n\t\t\t<div class=\"elementor-widget-wrap elementor-element-populated\">\n\t\t\t\t\t\t<div class=\"elementor-element elementor-element-be23885 elementor-widget elementor-widget-text-editor\" data-id=\"be23885\" data-element_type=\"widget\" data-e-type=\"widget\" data-widget_type=\"text-editor.default\">\n\t\t\t\t<div class=\"elementor-widget-container\">\n\t\t\t\t\t\t\t\t\t<p><strong><em>\u00bfC\u00f3mo ha sido trabajar con Los40?<br \/><\/em><\/strong>La verdad es que les debo todo. A partir de ellos he empezado mi carrera art\u00edstica. Entonces, ellos te piden que si puedes estar en ciertos sitios, y yo siempre les digo que voy a estar d\u00f3nde me pidan porque les debo todo lo que tengo. Siempre ha sido m\u00e1gico trabajar ah\u00ed.<\/p><p><strong><em>Tambi\u00e9n estuviste nominado a Los40 Music Awards, \u00bfc\u00f3mo fue esa experiencia? \u00bfC\u00f3mo te sentiste?<br \/><\/em><\/strong>Pues mira la primera nominaci\u00f3n fue Artista Revelaci\u00f3n, me hizo mucha ilusi\u00f3n, aunque ya sab\u00eda que iba a suceder. Pero, en concreto la segunda, que fue Mejor Artista Del 40 al 1, fui a la cena y yo no sab\u00eda que estaba nominado. Con lo cual te dir\u00eda que me hizo m\u00e1s ilusi\u00f3n la segunda que la primera.<\/p><p><strong><em>Esas cenas est\u00e1n llenas de artistas. \u00bfHa salido alguna colaboraci\u00f3n o alg\u00fan contacto nuevo de ah\u00ed?<br \/><\/em><\/strong>Siempre es como un reencuentro con todos los artistas con los que has estado en la gira y eso va afianzando las relaciones. Igual s\u00ed que puede suceder algo. Y luego tambi\u00e9n ves otros artistas que no participan en la gira muy grandes, como Yatra, como Aitana y tambi\u00e9n los conoces. Es un poco llevar su camino en cuanto a relaciones. Es como las relaciones humanas, normalmente no conoces a alguien y dices \u201c\u00a1featuring!\u201d jajaja. Pero en base a estar en todos estos sitios vas haciendo m\u00e1s relaci\u00f3n con algunos y con los que tengas m\u00e1s afinidad.<\/p>\t\t\t\t\t\t\t\t<\/div>\n\t\t\t\t<\/div>\n\t\t\t\t\t<\/div>\n\t\t<\/div>\n\t\t\t\t\t<\/div>\n\t\t<\/section>\n\t\t\t\t<section class=\"elementor-section elementor-top-section elementor-element elementor-element-8faeee6 elementor-section-boxed elementor-section-height-default elementor-section-height-default\" data-id=\"8faeee6\" data-element_type=\"section\" data-e-type=\"section\">\n\t\t\t\t\t\t<div class=\"elementor-container elementor-column-gap-default\">\n\t\t\t\t\t<div class=\"elementor-column elementor-col-50 elementor-top-column elementor-element elementor-element-4861056\" data-id=\"4861056\" data-element_type=\"column\" data-e-type=\"column\">\n\t\t\t<div class=\"elementor-widget-wrap elementor-element-populated\">\n\t\t\t\t\t\t<div class=\"elementor-element elementor-element-e2cf6a8 elementor-widget elementor-widget-text-editor\" data-id=\"e2cf6a8\" data-element_type=\"widget\" data-e-type=\"widget\" data-widget_type=\"text-editor.default\">\n\t\t\t\t<div class=\"elementor-widget-container\">\n\t\t\t\t\t\t\t\t\t<p><strong><em>Volviendo a la gira, hay un concierto que puede llamar m\u00e1s la atenci\u00f3n porque no es en una ciudad grande. \u00bfC\u00f3mo te sientes al tocar en Le\u00f3n, en tu tierra natal?<br \/><\/em><\/strong>Pues es un concierto s\u00faper especial. Es mi segundo concierto en Le\u00f3n porque es mi primera gira en solitario desde que entr\u00e9 con <em>Latidos<\/em> en Los40, pero yo ya hab\u00eda hecho uno antes en Le\u00f3n. Pero este es m\u00e1s especial porque ya es con mis canciones, el otro era con muchas m\u00e1s covers.\u00a0<span style=\"text-align: start; color: var( --e-global-color-text ); font-family: var( --e-global-typography-text-font-family ), Sans-serif; font-weight: var( --e-global-typography-text-font-weight );\">As\u00ed que muy contento y con muchas ganas de hacer el concierto de Le\u00f3n. Y est\u00e1 respondiendo muy bien la venta, no me est\u00e1n defraudando.<\/span><\/p>\t\t\t\t\t\t\t\t<\/div>\n\t\t\t\t<\/div>\n\t\t\t\t\t<\/div>\n\t\t<\/div>\n\t\t\t\t<div class=\"elementor-column elementor-col-50 elementor-top-column elementor-element elementor-element-837d20d\" data-id=\"837d20d\" data-element_type=\"column\" data-e-type=\"column\">\n\t\t\t<div class=\"elementor-widget-wrap elementor-element-populated\">\n\t\t\t\t\t\t<div class=\"elementor-element elementor-element-b8eab1a elementor-widget elementor-widget-image\" data-id=\"b8eab1a\" data-element_type=\"widget\" data-e-type=\"widget\" data-widget_type=\"image.default\">\n\t\t\t\t<div class=\"elementor-widget-container\">\n\t\t\t\t\t\t\t\t\t\t\t\t\t\t\t<img decoding=\"async\" width=\"640\" height=\"811\" src=\"https:\/\/unaymilletras.com\/wp-content\/uploads\/2024\/04\/gira-808x1024.jpeg\" class=\"attachment-large size-large wp-image-2471\" alt=\"\" srcset=\"https:\/\/unaymilletras.com\/wp-content\/uploads\/2024\/04\/gira-808x1024.jpeg 808w, https:\/\/unaymilletras.com\/wp-content\/uploads\/2024\/04\/gira-237x300.jpeg 237w, https:\/\/unaymilletras.com\/wp-content\/uploads\/2024\/04\/gira-768x973.jpeg 768w, https:\/\/unaymilletras.com\/wp-content\/uploads\/2024\/04\/gira.jpeg 920w\" sizes=\"(max-width: 640px) 100vw, 640px\" \/>\t\t\t\t\t\t\t\t\t\t\t\t\t\t\t<\/div>\n\t\t\t\t<\/div>\n\t\t\t\t\t<\/div>\n\t\t<\/div>\n\t\t\t\t\t<\/div>\n\t\t<\/section>\n\t\t\t\t<section class=\"elementor-section elementor-top-section elementor-element elementor-element-e533544 elementor-section-boxed elementor-section-height-default elementor-section-height-default\" data-id=\"e533544\" data-element_type=\"section\" data-e-type=\"section\">\n\t\t\t\t\t\t<div class=\"elementor-container elementor-column-gap-default\">\n\t\t\t\t\t<div class=\"elementor-column elementor-col-100 elementor-top-column elementor-element elementor-element-846ec10\" data-id=\"846ec10\" data-element_type=\"column\" data-e-type=\"column\">\n\t\t\t<div class=\"elementor-widget-wrap elementor-element-populated\">\n\t\t\t\t\t\t<div class=\"elementor-element elementor-element-3a59e49 elementor-widget elementor-widget-text-editor\" data-id=\"3a59e49\" data-element_type=\"widget\" data-e-type=\"widget\" data-widget_type=\"text-editor.default\">\n\t\t\t\t<div class=\"elementor-widget-container\">\n\t\t\t\t\t\t\t\t\t<p><strong style=\"color: var( --e-global-color-text ); font-family: var( --e-global-typography-text-font-family ), Sans-serif;\"><em>\u00bfConsideras que cuando un artista hace un concierto en su ciudad tiene m\u00e1s apoyo?<\/em><\/strong><\/p><p>Le\u00f3n es una ciudad s\u00faper especial debo decir. Es como que se cumplir\u00eda tambi\u00e9n lo de: Nadie es predicador en su tierra. A veces, en algunas ciudades, de donde eres es donde m\u00e1s cuesta. Pero a m\u00ed siempre me han dado much\u00edsimo cari\u00f1o en Le\u00f3n. Ya he cantado en las fiestas, en la Plaza Mayor. Siempre llevo Le\u00f3n por bandera, si te fijas en las entrevistas o incluso en mi propio logo en las redes sociales es un le\u00f3n.<\/p>\t\t\t\t\t\t\t\t<\/div>\n\t\t\t\t<\/div>\n\t\t\t\t\t<\/div>\n\t\t<\/div>\n\t\t\t\t\t<\/div>\n\t\t<\/section>\n\t\t\t\t<section class=\"elementor-section elementor-top-section elementor-element elementor-element-a9a368f elementor-section-boxed elementor-section-height-default elementor-section-height-default\" data-id=\"a9a368f\" data-element_type=\"section\" data-e-type=\"section\">\n\t\t\t\t\t\t<div class=\"elementor-container elementor-column-gap-default\">\n\t\t\t\t\t<div class=\"elementor-column elementor-col-50 elementor-top-column elementor-element elementor-element-6ae7441\" data-id=\"6ae7441\" data-element_type=\"column\" data-e-type=\"column\">\n\t\t\t<div class=\"elementor-widget-wrap elementor-element-populated\">\n\t\t\t\t\t\t<div class=\"elementor-element elementor-element-2666971 elementor-widget elementor-widget-html\" data-id=\"2666971\" data-element_type=\"widget\" data-e-type=\"widget\" data-widget_type=\"html.default\">\n\t\t\t\t<div class=\"elementor-widget-container\">\n\t\t\t\t\t<blockquote class=\"instagram-media\" data-instgrm-permalink=\"https:\/\/www.instagram.com\/reel\/Cz9gKPgM5XV\/?utm_source=ig_embed&amp;utm_campaign=loading\" data-instgrm-version=\"14\" style=\" background:#FFF; border:0; border-radius:3px; box-shadow:0 0 1px 0 rgba(0,0,0,0.5),0 1px 10px 0 rgba(0,0,0,0.15); margin: 1px; max-width:540px; min-width:326px; padding:0; width:99.375%; width:-webkit-calc(100% - 2px); width:calc(100% - 2px);\"><div style=\"padding:16px;\"> <a href=\"https:\/\/www.instagram.com\/reel\/Cz9gKPgM5XV\/?utm_source=ig_embed&amp;utm_campaign=loading\" style=\" background:#FFFFFF; line-height:0; padding:0 0; text-align:center; text-decoration:none; width:100%;\" target=\"_blank\"> <div style=\" display: flex; flex-direction: row; align-items: center;\"> <div style=\"background-color: #F4F4F4; border-radius: 50%; flex-grow: 0; height: 40px; margin-right: 14px; width: 40px;\"><\/div> <div style=\"display: flex; flex-direction: column; flex-grow: 1; justify-content: center;\"> <div style=\" background-color: #F4F4F4; border-radius: 4px; flex-grow: 0; height: 14px; margin-bottom: 6px; width: 100px;\"><\/div> <div style=\" background-color: #F4F4F4; border-radius: 4px; flex-grow: 0; height: 14px; width: 60px;\"><\/div><\/div><\/div><div style=\"padding: 19% 0;\"><\/div> <div style=\"display:block; height:50px; margin:0 auto 12px; width:50px;\"><svg width=\"50px\" height=\"50px\" viewbox=\"0 0 60 60\" version=\"1.1\" xmlns=\"https:\/\/www.w3.org\/2000\/svg\" xmlns:xlink=\"https:\/\/www.w3.org\/1999\/xlink\"><g stroke=\"none\" stroke-width=\"1\" fill=\"none\" fill-rule=\"evenodd\"><g transform=\"translate(-511.000000, -20.000000)\" fill=\"#000000\"><g><path d=\"M556.869,30.41 C554.814,30.41 553.148,32.076 553.148,34.131 C553.148,36.186 554.814,37.852 556.869,37.852 C558.924,37.852 560.59,36.186 560.59,34.131 C560.59,32.076 558.924,30.41 556.869,30.41 M541,60.657 C535.114,60.657 530.342,55.887 530.342,50 C530.342,44.114 535.114,39.342 541,39.342 C546.887,39.342 551.658,44.114 551.658,50 C551.658,55.887 546.887,60.657 541,60.657 M541,33.886 C532.1,33.886 524.886,41.1 524.886,50 C524.886,58.899 532.1,66.113 541,66.113 C549.9,66.113 557.115,58.899 557.115,50 C557.115,41.1 549.9,33.886 541,33.886 M565.378,62.101 C565.244,65.022 564.756,66.606 564.346,67.663 C563.803,69.06 563.154,70.057 562.106,71.106 C561.058,72.155 560.06,72.803 558.662,73.347 C557.607,73.757 556.021,74.244 553.102,74.378 C549.944,74.521 548.997,74.552 541,74.552 C533.003,74.552 532.056,74.521 528.898,74.378 C525.979,74.244 524.393,73.757 523.338,73.347 C521.94,72.803 520.942,72.155 519.894,71.106 C518.846,70.057 518.197,69.06 517.654,67.663 C517.244,66.606 516.755,65.022 516.623,62.101 C516.479,58.943 516.448,57.996 516.448,50 C516.448,42.003 516.479,41.056 516.623,37.899 C516.755,34.978 517.244,33.391 517.654,32.338 C518.197,30.938 518.846,29.942 519.894,28.894 C520.942,27.846 521.94,27.196 523.338,26.654 C524.393,26.244 525.979,25.756 528.898,25.623 C532.057,25.479 533.004,25.448 541,25.448 C548.997,25.448 549.943,25.479 553.102,25.623 C556.021,25.756 557.607,26.244 558.662,26.654 C560.06,27.196 561.058,27.846 562.106,28.894 C563.154,29.942 563.803,30.938 564.346,32.338 C564.756,33.391 565.244,34.978 565.378,37.899 C565.522,41.056 565.552,42.003 565.552,50 C565.552,57.996 565.522,58.943 565.378,62.101 M570.82,37.631 C570.674,34.438 570.167,32.258 569.425,30.349 C568.659,28.377 567.633,26.702 565.965,25.035 C564.297,23.368 562.623,22.342 560.652,21.575 C558.743,20.834 556.562,20.326 553.369,20.18 C550.169,20.033 549.148,20 541,20 C532.853,20 531.831,20.033 528.631,20.18 C525.438,20.326 523.257,20.834 521.349,21.575 C519.376,22.342 517.703,23.368 516.035,25.035 C514.368,26.702 513.342,28.377 512.574,30.349 C511.834,32.258 511.326,34.438 511.181,37.631 C511.035,40.831 511,41.851 511,50 C511,58.147 511.035,59.17 511.181,62.369 C511.326,65.562 511.834,67.743 512.574,69.651 C513.342,71.625 514.368,73.296 516.035,74.965 C517.703,76.634 519.376,77.658 521.349,78.425 C523.257,79.167 525.438,79.673 528.631,79.82 C531.831,79.965 532.853,80.001 541,80.001 C549.148,80.001 550.169,79.965 553.369,79.82 C556.562,79.673 558.743,79.167 560.652,78.425 C562.623,77.658 564.297,76.634 565.965,74.965 C567.633,73.296 568.659,71.625 569.425,69.651 C570.167,67.743 570.674,65.562 570.82,62.369 C570.966,59.17 571,58.147 571,50 C571,41.851 570.966,40.831 570.82,37.631\"><\/path><\/g><\/g><\/g><\/svg><\/div><div style=\"padding-top: 8px;\"> <div style=\" color:#3897f0; font-family:Arial,sans-serif; font-size:14px; font-style:normal; font-weight:550; line-height:18px;\">Ver esta publicaci\u00f3n en Instagram<\/div><\/div><div style=\"padding: 12.5% 0;\"><\/div> <div style=\"display: flex; flex-direction: row; margin-bottom: 14px; align-items: center;\"><div> <div style=\"background-color: #F4F4F4; border-radius: 50%; height: 12.5px; width: 12.5px; transform: translateX(0px) translateY(7px);\"><\/div> <div style=\"background-color: #F4F4F4; height: 12.5px; transform: rotate(-45deg) translateX(3px) translateY(1px); width: 12.5px; flex-grow: 0; margin-right: 14px; margin-left: 2px;\"><\/div> <div style=\"background-color: #F4F4F4; border-radius: 50%; height: 12.5px; width: 12.5px; transform: translateX(9px) translateY(-18px);\"><\/div><\/div><div style=\"margin-left: 8px;\"> <div style=\" background-color: #F4F4F4; border-radius: 50%; flex-grow: 0; height: 20px; width: 20px;\"><\/div> <div style=\" width: 0; height: 0; border-top: 2px solid transparent; border-left: 6px solid #f4f4f4; border-bottom: 2px solid transparent; transform: translateX(16px) translateY(-4px) rotate(30deg)\"><\/div><\/div><div style=\"margin-left: auto;\"> <div style=\" width: 0px; border-top: 8px solid #F4F4F4; border-right: 8px solid transparent; transform: translateY(16px);\"><\/div> <div style=\" background-color: #F4F4F4; flex-grow: 0; height: 12px; width: 16px; transform: translateY(-4px);\"><\/div> <div style=\" width: 0; height: 0; border-top: 8px solid #F4F4F4; border-left: 8px solid transparent; transform: translateY(-4px) translateX(8px);\"><\/div><\/div><\/div> <div style=\"display: flex; flex-direction: column; flex-grow: 1; justify-content: center; margin-bottom: 24px;\"> <div style=\" background-color: #F4F4F4; border-radius: 4px; flex-grow: 0; height: 14px; margin-bottom: 6px; width: 224px;\"><\/div> <div style=\" background-color: #F4F4F4; border-radius: 4px; flex-grow: 0; height: 14px; width: 144px;\"><\/div><\/div><\/a><p style=\" color:#c9c8cd; font-family:Arial,sans-serif; font-size:14px; line-height:17px; margin-bottom:0; margin-top:8px; overflow:hidden; padding:8px 0 7px; text-align:center; text-overflow:ellipsis; white-space:nowrap;\"><a href=\"https:\/\/www.instagram.com\/reel\/Cz9gKPgM5XV\/?utm_source=ig_embed&amp;utm_campaign=loading\" style=\" color:#c9c8cd; font-family:Arial,sans-serif; font-size:14px; font-style:normal; font-weight:normal; line-height:17px; text-decoration:none;\" target=\"_blank\">Una publicaci\u00f3n compartida de Polo \ud83e\udd81 (@polo_nandez)<\/a><\/p><\/div><\/blockquote> <script async src=\"\/\/www.instagram.com\/embed.js\"><\/script>\t\t\t\t<\/div>\n\t\t\t\t<\/div>\n\t\t\t\t\t<\/div>\n\t\t<\/div>\n\t\t\t\t<div class=\"elementor-column elementor-col-50 elementor-top-column elementor-element elementor-element-77ea252\" data-id=\"77ea252\" data-element_type=\"column\" data-e-type=\"column\">\n\t\t\t<div class=\"elementor-widget-wrap elementor-element-populated\">\n\t\t\t\t\t\t<div class=\"elementor-element elementor-element-1a8bcce elementor-widget elementor-widget-text-editor\" data-id=\"1a8bcce\" data-element_type=\"widget\" data-e-type=\"widget\" data-widget_type=\"text-editor.default\">\n\t\t\t\t<div class=\"elementor-widget-container\">\n\t\t\t\t\t\t\t\t\t<p><span style=\"font-weight: bolder; text-align: start;\"><em>Siguiendo con la gira. \u00bfC\u00f3mo la est\u00e1s preparando?<br \/><\/em><\/span><\/p><p><span style=\"text-align: start; color: var( --e-global-color-text ); font-family: var( --e-global-typography-text-font-family ), Sans-serif; font-weight: var( --e-global-typography-text-font-weight );\">Estoy con muchas cosas, entonces me cuesta todav\u00eda encontrar el tiempo que le tengo que dedicar, aunque falte poco porque estoy sacando canciones, con Los40 Primavera Pop, acciones en Barcelona\u2026 Entonces es un jaleo.\u00a0<\/span><span style=\"text-align: start; color: var( --e-global-color-text ); font-family: var( --e-global-typography-text-font-family ), Sans-serif; font-weight: var( --e-global-typography-text-font-weight );\">A parte yo sigo siendo dentista dos d\u00edas a la semana as\u00ed que es espectacular la locura.<\/span><\/p><p><strong><em>\u00bfY c\u00f3mo compaginas eso?<br \/><\/em><\/strong>Bueno, yo a los pacientes les digo que me acabar\u00e1n visitando en el psiqui\u00e1trico jajaja. Pero yo creo que como es una cosa que me gusta mucho y es mi sue\u00f1o pues al final siempre saco fuerzas, aunque no las tengas.<\/p>\t\t\t\t\t\t\t\t<\/div>\n\t\t\t\t<\/div>\n\t\t\t\t\t<\/div>\n\t\t<\/div>\n\t\t\t\t\t<\/div>\n\t\t<\/section>\n\t\t\t\t<section class=\"elementor-section elementor-top-section elementor-element elementor-element-ff09c22 elementor-section-boxed elementor-section-height-default elementor-section-height-default\" data-id=\"ff09c22\" data-element_type=\"section\" data-e-type=\"section\">\n\t\t\t\t\t\t<div class=\"elementor-container elementor-column-gap-default\">\n\t\t\t\t\t<div class=\"elementor-column elementor-col-100 elementor-top-column elementor-element elementor-element-908bf1f\" data-id=\"908bf1f\" data-element_type=\"column\" data-e-type=\"column\">\n\t\t\t<div class=\"elementor-widget-wrap elementor-element-populated\">\n\t\t\t\t\t\t<div class=\"elementor-element elementor-element-b73c277 elementor-widget elementor-widget-text-editor\" data-id=\"b73c277\" data-element_type=\"widget\" data-e-type=\"widget\" data-widget_type=\"text-editor.default\">\n\t\t\t\t<div class=\"elementor-widget-container\">\n\t\t\t\t\t\t\t\t\t<p><strong><em>\u00bfCu\u00e1l es el mejor consejo que te han dado dentro del mundo de la m\u00fasica?<br \/><\/em><\/strong>Bueno, lo puedo extender a fuera de la m\u00fasica y no es un consejo, son dos cosas que he aprendido. La primera es que con perseverancia todo se consigue, pero con perseverancia intensa, no peque\u00f1a. Y la segunda es que cuando se cierra una puerta es la primera oportunidad para que otra se abra.<\/p><p><strong><em>Hay una cosa de la que no hemos hablado y creo que da mucha curiosidad. \u00bfC\u00f3mo empezaste en la m\u00fasica?<br \/><\/em><\/strong>Empec\u00e9 en la m\u00fasica porque tuve una lesi\u00f3n en la pierna con ocho a\u00f1os. Yo quer\u00eda ser futbolista como el 90% de los ni\u00f1os y tuve que estar un a\u00f1o con un aparato que ten\u00eda que ir mucho en coche. A mi padre le encanta la m\u00fasica y pon\u00eda canciones de Alejandro Sanz y as\u00ed. Yo cantaba y entonces la gente que montaba en el coche, a parte de mi padre, me dec\u00edan que cantaba bien. Entonces fua as\u00ed m\u00e1s o menos como empec\u00e9. \u00a0<\/p><p><strong><em>Desde tus inicios has experimentado mucho con el sonido, \u00bfcu\u00e1l crees que ha sido tu evoluci\u00f3n?<br \/><\/em><\/strong>Las primeras canciones que hice hace cuatro a\u00f1os ya, eran canciones que, sin tener ni idea, las hac\u00eda para gustar. Por ejemplo, si se llevaba lo latino pues hac\u00eda un reggaet\u00f3n. Luego, cuando las cantaba en el escenario, no lograba llegar tanto al p\u00fablico como pod\u00eda llegar en un concurso de karaoke donde yo cantaba otra canci\u00f3n que yo quer\u00eda de otro artista. \u00bfPor qu\u00e9? Porque estaba cantando un estilo solo para gustar pero que no me representaba. Entonces en estos cuatro a\u00f1os lo que he llegado a conseguir es que lo que canto en un escenario es lo que yo siento. Entonces es muy aut\u00e9ntico y por lo tanto, desde mi punto de vista. Llega m\u00e1s.<\/p>\t\t\t\t\t\t\t\t<\/div>\n\t\t\t\t<\/div>\n\t\t\t\t\t<\/div>\n\t\t<\/div>\n\t\t\t\t\t<\/div>\n\t\t<\/section>\n\t\t\t\t<section class=\"elementor-section elementor-top-section elementor-element elementor-element-84f65ae elementor-section-boxed elementor-section-height-default elementor-section-height-default\" data-id=\"84f65ae\" data-element_type=\"section\" data-e-type=\"section\">\n\t\t\t\t\t\t<div class=\"elementor-container elementor-column-gap-default\">\n\t\t\t\t\t<div class=\"elementor-column elementor-col-100 elementor-top-column elementor-element elementor-element-5752ddf\" data-id=\"5752ddf\" data-element_type=\"column\" data-e-type=\"column\">\n\t\t\t<div class=\"elementor-widget-wrap elementor-element-populated\">\n\t\t\t\t\t\t<div class=\"elementor-element elementor-element-92e6e3c elementor-widget elementor-widget-video\" data-id=\"92e6e3c\" data-element_type=\"widget\" data-e-type=\"widget\" data-settings=\"{&quot;youtube_url&quot;:&quot;https:\\\/\\\/www.youtube.com\\\/watch?v=hGteKyOADNs&amp;ab_channel=PoloNandezVEVO&quot;,&quot;video_type&quot;:&quot;youtube&quot;,&quot;controls&quot;:&quot;yes&quot;}\" data-widget_type=\"video.default\">\n\t\t\t\t<div class=\"elementor-widget-container\">\n\t\t\t\t\t\t\t<div class=\"elementor-wrapper elementor-open-inline\">\n\t\t\t<div class=\"elementor-video\"><\/div>\t\t<\/div>\n\t\t\t\t\t\t<\/div>\n\t\t\t\t<\/div>\n\t\t\t\t\t<\/div>\n\t\t<\/div>\n\t\t\t\t\t<\/div>\n\t\t<\/section>\n\t\t\t\t<section class=\"elementor-section elementor-top-section elementor-element elementor-element-465c88a elementor-section-boxed elementor-section-height-default elementor-section-height-default\" data-id=\"465c88a\" data-element_type=\"section\" data-e-type=\"section\">\n\t\t\t\t\t\t<div class=\"elementor-container elementor-column-gap-default\">\n\t\t\t\t\t<div class=\"elementor-column elementor-col-100 elementor-top-column elementor-element elementor-element-95cbcb5\" data-id=\"95cbcb5\" data-element_type=\"column\" data-e-type=\"column\">\n\t\t\t<div class=\"elementor-widget-wrap elementor-element-populated\">\n\t\t\t\t\t\t<div class=\"elementor-element elementor-element-7276be9 elementor-widget elementor-widget-text-editor\" data-id=\"7276be9\" data-element_type=\"widget\" data-e-type=\"widget\" data-widget_type=\"text-editor.default\">\n\t\t\t\t<div class=\"elementor-widget-container\">\n\t\t\t\t\t\t\t\t\t<p><strong><em>\u00bfC\u00f3mo haces para transmitir al p\u00fablico una canci\u00f3n que est\u00e1 inspirada en una canci\u00f3n que no has vivido realmente?<br \/><\/em><\/strong>Es que, casi todo lo que canto, tiene una parte de realidad m\u00eda porque yo siempre participo en mayor o menor medida en la composici\u00f3n. Otra cosa es que est\u00e9 un poco exagerado o hecho m\u00e1s bonito, m\u00e1s dram\u00e1tico\u2026 pero est\u00e1 basado en la realidad.<\/p><p><strong><em>Una cosa curiosa sobre ti es que tienes sangre mexicana. \u00bfAlguna vez te veremos en un estilo m\u00e1s t\u00edpico de all\u00ed?<br \/><\/em><\/strong>Pues tengo muchas ganas de fusionar lo que hago yo con lo que se hace all\u00ed la verdad. A parte de porque mi padre sea mexicano o no, es un sitio que siempre me ha llamado la atenci\u00f3n. Me gustan much\u00edsimos artistas como Los hermanos Esquivel, Reik, Sof\u00eda Reyes\u2026 te podr\u00eda decir much\u00edsimos artistas mexicanos que me gustan. Entonces s\u00ed que me gustar\u00eda, si no es este a\u00f1o ser\u00e1 el siguiente, por lo menos agrupar los seguidores que yo tenga de all\u00ed de alguna manera y poder acabar haciendo una promo por all\u00ed de alguna canci\u00f3n que tenga m\u00e1s que ver con M\u00e9xico y acabar haciendo un conciertito<\/p><p><strong><em>\u00bfSe podr\u00eda venir alguna colaboraci\u00f3n con alguien de all\u00ed?<br \/><\/em><\/strong>S\u00ed. Yo creo que s\u00ed. S\u00ed, s\u00ed, s\u00ed. Seguro<\/p><p><strong><em>\u00bfCon qui\u00e9n te gustar\u00eda?<br \/><\/em><\/strong>Venga, voy a decir los hermanos Esquivel.<\/p><p><strong><em>Lo \u00faltimo que te quer\u00eda preguntar es \u00bfqu\u00e9 mensaje quieres lanzar a la gente que est\u00e1 esperando m\u00fasica nueva o m\u00e1s fechas para la gira?<br \/><\/em><\/strong>Me gustar\u00eda que la gente que me escuche entre en mis redes, escuche mis canciones, probablemente cuando las escuchen le suenen y no me conoc\u00edan. Puede suceder. Y les animo a que me sigan porque van a entrar en un perfil de alguien que intenta acercarse mucho a si mismo.<\/p>\t\t\t\t\t\t\t\t<\/div>\n\t\t\t\t<\/div>\n\t\t\t\t\t<\/div>\n\t\t<\/div>\n\t\t\t\t\t<\/div>\n\t\t<\/section>\n\t\t\t\t<\/div>","protected":false},"excerpt":{"rendered":"<p>Polo N\u00e1ndez prepara su primera gira con la que pasar\u00e1 por Madrid, Barcelona y Le\u00f3n, dispuesto a ganarse a las tres ciudades Polo N\u00e1ndez acaba de estrenar su \u00faltima canci\u00f3n junto a Mar Lucas: Parte de Mi. Con ella, nos sumergen en la dualidad del amor a trav\u00e9s del pop electr\u00f3nico que combina el fresco [&hellip;]<\/p>\n","protected":false},"author":1,"featured_media":2471,"comment_status":"open","ping_status":"open","sticky":false,"template":"","format":"standard","meta":{"footnotes":""},"categories":[1],"tags":[],"class_list":["post-2467","post","type-post","status-publish","format-standard","has-post-thumbnail","hentry","category-uncategorized"],"yoast_head":"<!-- This site is optimized with the Yoast SEO plugin v27.4 - https:\/\/yoast.com\/product\/yoast-seo-wordpress\/ -->\n<title>Polo N\u00e1ndez: &quot;Lo que canto en un escenario es lo que yo siento&quot; &#8902; Una y Mil Letras<\/title>\n<meta name=\"description\" content=\"Polo N\u00e1ndez prepara su primera gira con la que pasar\u00e1 por Madrid, Barcelona y Le\u00f3n, dispuesto a ganarse a las tres ciudades\" \/>\n<meta name=\"robots\" content=\"index, follow, max-snippet:-1, max-image-preview:large, max-video-preview:-1\" \/>\n<link rel=\"canonical\" href=\"https:\/\/unaymilletras.com\/en\/polo-nandez\/\" \/>\n<meta property=\"og:locale\" content=\"en_GB\" \/>\n<meta property=\"og:type\" content=\"article\" \/>\n<meta property=\"og:title\" content=\"Polo N\u00e1ndez: &quot;Lo que canto en un escenario es lo que yo siento&quot; &#8902; Una y Mil Letras\" \/>\n<meta property=\"og:description\" content=\"Polo N\u00e1ndez prepara su primera gira con la que pasar\u00e1 por Madrid, Barcelona y Le\u00f3n, dispuesto a ganarse a las tres ciudades\" \/>\n<meta property=\"og:url\" content=\"https:\/\/unaymilletras.com\/en\/polo-nandez\/\" \/>\n<meta property=\"og:site_name\" content=\"Una y Mil Letras\" \/>\n<meta property=\"article:published_time\" content=\"2024-04-15T20:43:33+00:00\" \/>\n<meta property=\"article:modified_time\" content=\"2024-04-15T20:58:14+00:00\" \/>\n<meta property=\"og:image\" content=\"http:\/\/unaymilletras.com\/wp-content\/uploads\/2024\/04\/gira.jpeg\" \/>\n\t<meta property=\"og:image:width\" content=\"920\" \/>\n\t<meta property=\"og:image:height\" content=\"1166\" \/>\n\t<meta property=\"og:image:type\" content=\"image\/jpeg\" \/>\n<meta name=\"author\" content=\"Maria Gil Robledo\" \/>\n<meta name=\"twitter:card\" content=\"summary_large_image\" \/>\n<meta name=\"twitter:creator\" content=\"@UnaYMilLetras\" \/>\n<meta name=\"twitter:site\" content=\"@UnaYMilLetras\" \/>\n<meta name=\"twitter:label1\" content=\"Written by\" \/>\n\t<meta name=\"twitter:data1\" content=\"Maria Gil Robledo\" \/>\n\t<meta name=\"twitter:label2\" content=\"Estimated reading time\" \/>\n\t<meta name=\"twitter:data2\" content=\"10 minutes\" \/>\n<script type=\"application\/ld+json\" class=\"yoast-schema-graph\">{\"@context\":\"https:\\\/\\\/schema.org\",\"@graph\":[{\"@type\":\"Article\",\"@id\":\"https:\\\/\\\/unaymilletras.com\\\/polo-nandez\\\/#article\",\"isPartOf\":{\"@id\":\"https:\\\/\\\/unaymilletras.com\\\/polo-nandez\\\/\"},\"author\":{\"name\":\"Maria Gil Robledo\",\"@id\":\"http:\\\/\\\/unaymilletras.com\\\/#\\\/schema\\\/person\\\/d55ba681b8a4e463d8982dbe36a5dc94\"},\"headline\":\"Polo N\u00e1ndez: \u00abLo que canto en un escenario es lo que yo siento\u00bb\",\"datePublished\":\"2024-04-15T20:43:33+00:00\",\"dateModified\":\"2024-04-15T20:58:14+00:00\",\"mainEntityOfPage\":{\"@id\":\"https:\\\/\\\/unaymilletras.com\\\/polo-nandez\\\/\"},\"wordCount\":2137,\"commentCount\":0,\"publisher\":{\"@id\":\"http:\\\/\\\/unaymilletras.com\\\/#organization\"},\"image\":{\"@id\":\"https:\\\/\\\/unaymilletras.com\\\/polo-nandez\\\/#primaryimage\"},\"thumbnailUrl\":\"https:\\\/\\\/unaymilletras.com\\\/wp-content\\\/uploads\\\/2024\\\/04\\\/gira.jpeg\",\"articleSection\":[\"Uncategorized\"],\"inLanguage\":\"en-GB\",\"potentialAction\":[{\"@type\":\"CommentAction\",\"name\":\"Comment\",\"target\":[\"https:\\\/\\\/unaymilletras.com\\\/polo-nandez\\\/#respond\"]}]},{\"@type\":\"WebPage\",\"@id\":\"https:\\\/\\\/unaymilletras.com\\\/polo-nandez\\\/\",\"url\":\"https:\\\/\\\/unaymilletras.com\\\/polo-nandez\\\/\",\"name\":\"Polo N\u00e1ndez: \\\"Lo que canto en un escenario es lo que yo siento\\\" &#8902; Una y Mil Letras\",\"isPartOf\":{\"@id\":\"http:\\\/\\\/unaymilletras.com\\\/#website\"},\"primaryImageOfPage\":{\"@id\":\"https:\\\/\\\/unaymilletras.com\\\/polo-nandez\\\/#primaryimage\"},\"image\":{\"@id\":\"https:\\\/\\\/unaymilletras.com\\\/polo-nandez\\\/#primaryimage\"},\"thumbnailUrl\":\"https:\\\/\\\/unaymilletras.com\\\/wp-content\\\/uploads\\\/2024\\\/04\\\/gira.jpeg\",\"datePublished\":\"2024-04-15T20:43:33+00:00\",\"dateModified\":\"2024-04-15T20:58:14+00:00\",\"description\":\"Polo N\u00e1ndez prepara su primera gira con la que pasar\u00e1 por Madrid, Barcelona y Le\u00f3n, dispuesto a ganarse a las tres ciudades\",\"breadcrumb\":{\"@id\":\"https:\\\/\\\/unaymilletras.com\\\/polo-nandez\\\/#breadcrumb\"},\"inLanguage\":\"en-GB\",\"potentialAction\":[{\"@type\":\"ReadAction\",\"target\":[\"https:\\\/\\\/unaymilletras.com\\\/polo-nandez\\\/\"]}]},{\"@type\":\"ImageObject\",\"inLanguage\":\"en-GB\",\"@id\":\"https:\\\/\\\/unaymilletras.com\\\/polo-nandez\\\/#primaryimage\",\"url\":\"https:\\\/\\\/unaymilletras.com\\\/wp-content\\\/uploads\\\/2024\\\/04\\\/gira.jpeg\",\"contentUrl\":\"https:\\\/\\\/unaymilletras.com\\\/wp-content\\\/uploads\\\/2024\\\/04\\\/gira.jpeg\",\"width\":920,\"height\":1166},{\"@type\":\"BreadcrumbList\",\"@id\":\"https:\\\/\\\/unaymilletras.com\\\/polo-nandez\\\/#breadcrumb\",\"itemListElement\":[{\"@type\":\"ListItem\",\"position\":1,\"name\":\"Home\",\"item\":\"http:\\\/\\\/unaymilletras.com\\\/\"},{\"@type\":\"ListItem\",\"position\":2,\"name\":\"Polo N\u00e1ndez: \u00abLo que canto en un escenario es lo que yo siento\u00bb\"}]},{\"@type\":\"WebSite\",\"@id\":\"http:\\\/\\\/unaymilletras.com\\\/#website\",\"url\":\"http:\\\/\\\/unaymilletras.com\\\/\",\"name\":\"Una y Mil Letras\",\"description\":\"\",\"publisher\":{\"@id\":\"http:\\\/\\\/unaymilletras.com\\\/#organization\"},\"potentialAction\":[{\"@type\":\"SearchAction\",\"target\":{\"@type\":\"EntryPoint\",\"urlTemplate\":\"http:\\\/\\\/unaymilletras.com\\\/?s={search_term_string}\"},\"query-input\":{\"@type\":\"PropertyValueSpecification\",\"valueRequired\":true,\"valueName\":\"search_term_string\"}}],\"inLanguage\":\"en-GB\"},{\"@type\":\"Organization\",\"@id\":\"http:\\\/\\\/unaymilletras.com\\\/#organization\",\"name\":\"Una y Mil Letras\",\"url\":\"http:\\\/\\\/unaymilletras.com\\\/\",\"logo\":{\"@type\":\"ImageObject\",\"inLanguage\":\"en-GB\",\"@id\":\"http:\\\/\\\/unaymilletras.com\\\/#\\\/schema\\\/logo\\\/image\\\/\",\"url\":\"https:\\\/\\\/unaymilletras.com\\\/wp-content\\\/uploads\\\/2024\\\/06\\\/cropped-Logo-removebg-preview.png\",\"contentUrl\":\"https:\\\/\\\/unaymilletras.com\\\/wp-content\\\/uploads\\\/2024\\\/06\\\/cropped-Logo-removebg-preview.png\",\"width\":512,\"height\":512,\"caption\":\"Una y Mil Letras\"},\"image\":{\"@id\":\"http:\\\/\\\/unaymilletras.com\\\/#\\\/schema\\\/logo\\\/image\\\/\"},\"sameAs\":[\"https:\\\/\\\/x.com\\\/UnaYMilLetras\",\"https:\\\/\\\/instagram.com\\\/UnaYMilLetras\"]},{\"@type\":\"Person\",\"@id\":\"http:\\\/\\\/unaymilletras.com\\\/#\\\/schema\\\/person\\\/d55ba681b8a4e463d8982dbe36a5dc94\",\"name\":\"Maria Gil Robledo\",\"image\":{\"@type\":\"ImageObject\",\"inLanguage\":\"en-GB\",\"@id\":\"https:\\\/\\\/secure.gravatar.com\\\/avatar\\\/4b8e5102e0015789407eb4870b12f0f2857952d83ca124058f92b764bd1840c3?s=96&d=mm&r=g\",\"url\":\"https:\\\/\\\/secure.gravatar.com\\\/avatar\\\/4b8e5102e0015789407eb4870b12f0f2857952d83ca124058f92b764bd1840c3?s=96&d=mm&r=g\",\"contentUrl\":\"https:\\\/\\\/secure.gravatar.com\\\/avatar\\\/4b8e5102e0015789407eb4870b12f0f2857952d83ca124058f92b764bd1840c3?s=96&d=mm&r=g\",\"caption\":\"Maria Gil Robledo\"},\"sameAs\":[\"http:\\\/\\\/unaymilletras.com\"],\"url\":\"https:\\\/\\\/unaymilletras.com\\\/en\\\/author\\\/mariiagiil02_\\\/\"}]}<\/script>\n<!-- \/ Yoast SEO plugin. -->","yoast_head_json":{"title":"Polo N\u00e1ndez: \"Lo que canto en un escenario es lo que yo siento\" &#8902; Una y Mil Letras","description":"Polo N\u00e1ndez prepara su primera gira con la que pasar\u00e1 por Madrid, Barcelona y Le\u00f3n, dispuesto a ganarse a las tres ciudades","robots":{"index":"index","follow":"follow","max-snippet":"max-snippet:-1","max-image-preview":"max-image-preview:large","max-video-preview":"max-video-preview:-1"},"canonical":"https:\/\/unaymilletras.com\/en\/polo-nandez\/","og_locale":"en_GB","og_type":"article","og_title":"Polo N\u00e1ndez: \"Lo que canto en un escenario es lo que yo siento\" &#8902; Una y Mil Letras","og_description":"Polo N\u00e1ndez prepara su primera gira con la que pasar\u00e1 por Madrid, Barcelona y Le\u00f3n, dispuesto a ganarse a las tres ciudades","og_url":"https:\/\/unaymilletras.com\/en\/polo-nandez\/","og_site_name":"Una y Mil Letras","article_published_time":"2024-04-15T20:43:33+00:00","article_modified_time":"2024-04-15T20:58:14+00:00","og_image":[{"width":920,"height":1166,"url":"http:\/\/unaymilletras.com\/wp-content\/uploads\/2024\/04\/gira.jpeg","type":"image\/jpeg"}],"author":"Maria Gil Robledo","twitter_card":"summary_large_image","twitter_creator":"@UnaYMilLetras","twitter_site":"@UnaYMilLetras","twitter_misc":{"Written by":"Maria Gil Robledo","Estimated reading time":"10 minutes"},"schema":{"@context":"https:\/\/schema.org","@graph":[{"@type":"Article","@id":"https:\/\/unaymilletras.com\/polo-nandez\/#article","isPartOf":{"@id":"https:\/\/unaymilletras.com\/polo-nandez\/"},"author":{"name":"Maria Gil Robledo","@id":"http:\/\/unaymilletras.com\/#\/schema\/person\/d55ba681b8a4e463d8982dbe36a5dc94"},"headline":"Polo N\u00e1ndez: \u00abLo que canto en un escenario es lo que yo siento\u00bb","datePublished":"2024-04-15T20:43:33+00:00","dateModified":"2024-04-15T20:58:14+00:00","mainEntityOfPage":{"@id":"https:\/\/unaymilletras.com\/polo-nandez\/"},"wordCount":2137,"commentCount":0,"publisher":{"@id":"http:\/\/unaymilletras.com\/#organization"},"image":{"@id":"https:\/\/unaymilletras.com\/polo-nandez\/#primaryimage"},"thumbnailUrl":"https:\/\/unaymilletras.com\/wp-content\/uploads\/2024\/04\/gira.jpeg","articleSection":["Uncategorized"],"inLanguage":"en-GB","potentialAction":[{"@type":"CommentAction","name":"Comment","target":["https:\/\/unaymilletras.com\/polo-nandez\/#respond"]}]},{"@type":"WebPage","@id":"https:\/\/unaymilletras.com\/polo-nandez\/","url":"https:\/\/unaymilletras.com\/polo-nandez\/","name":"Polo N\u00e1ndez: \"Lo que canto en un escenario es lo que yo siento\" &#8902; Una y Mil Letras","isPartOf":{"@id":"http:\/\/unaymilletras.com\/#website"},"primaryImageOfPage":{"@id":"https:\/\/unaymilletras.com\/polo-nandez\/#primaryimage"},"image":{"@id":"https:\/\/unaymilletras.com\/polo-nandez\/#primaryimage"},"thumbnailUrl":"https:\/\/unaymilletras.com\/wp-content\/uploads\/2024\/04\/gira.jpeg","datePublished":"2024-04-15T20:43:33+00:00","dateModified":"2024-04-15T20:58:14+00:00","description":"Polo N\u00e1ndez prepara su primera gira con la que pasar\u00e1 por Madrid, Barcelona y Le\u00f3n, dispuesto a ganarse a las tres ciudades","breadcrumb":{"@id":"https:\/\/unaymilletras.com\/polo-nandez\/#breadcrumb"},"inLanguage":"en-GB","potentialAction":[{"@type":"ReadAction","target":["https:\/\/unaymilletras.com\/polo-nandez\/"]}]},{"@type":"ImageObject","inLanguage":"en-GB","@id":"https:\/\/unaymilletras.com\/polo-nandez\/#primaryimage","url":"https:\/\/unaymilletras.com\/wp-content\/uploads\/2024\/04\/gira.jpeg","contentUrl":"https:\/\/unaymilletras.com\/wp-content\/uploads\/2024\/04\/gira.jpeg","width":920,"height":1166},{"@type":"BreadcrumbList","@id":"https:\/\/unaymilletras.com\/polo-nandez\/#breadcrumb","itemListElement":[{"@type":"ListItem","position":1,"name":"Home","item":"http:\/\/unaymilletras.com\/"},{"@type":"ListItem","position":2,"name":"Polo N\u00e1ndez: \u00abLo que canto en un escenario es lo que yo siento\u00bb"}]},{"@type":"WebSite","@id":"http:\/\/unaymilletras.com\/#website","url":"http:\/\/unaymilletras.com\/","name":"Una y Mil Letras","description":"","publisher":{"@id":"http:\/\/unaymilletras.com\/#organization"},"potentialAction":[{"@type":"SearchAction","target":{"@type":"EntryPoint","urlTemplate":"http:\/\/unaymilletras.com\/?s={search_term_string}"},"query-input":{"@type":"PropertyValueSpecification","valueRequired":true,"valueName":"search_term_string"}}],"inLanguage":"en-GB"},{"@type":"Organization","@id":"http:\/\/unaymilletras.com\/#organization","name":"Una y Mil Letras","url":"http:\/\/unaymilletras.com\/","logo":{"@type":"ImageObject","inLanguage":"en-GB","@id":"http:\/\/unaymilletras.com\/#\/schema\/logo\/image\/","url":"https:\/\/unaymilletras.com\/wp-content\/uploads\/2024\/06\/cropped-Logo-removebg-preview.png","contentUrl":"https:\/\/unaymilletras.com\/wp-content\/uploads\/2024\/06\/cropped-Logo-removebg-preview.png","width":512,"height":512,"caption":"Una y Mil Letras"},"image":{"@id":"http:\/\/unaymilletras.com\/#\/schema\/logo\/image\/"},"sameAs":["https:\/\/x.com\/UnaYMilLetras","https:\/\/instagram.com\/UnaYMilLetras"]},{"@type":"Person","@id":"http:\/\/unaymilletras.com\/#\/schema\/person\/d55ba681b8a4e463d8982dbe36a5dc94","name":"Maria Gil Robledo","image":{"@type":"ImageObject","inLanguage":"en-GB","@id":"https:\/\/secure.gravatar.com\/avatar\/4b8e5102e0015789407eb4870b12f0f2857952d83ca124058f92b764bd1840c3?s=96&d=mm&r=g","url":"https:\/\/secure.gravatar.com\/avatar\/4b8e5102e0015789407eb4870b12f0f2857952d83ca124058f92b764bd1840c3?s=96&d=mm&r=g","contentUrl":"https:\/\/secure.gravatar.com\/avatar\/4b8e5102e0015789407eb4870b12f0f2857952d83ca124058f92b764bd1840c3?s=96&d=mm&r=g","caption":"Maria Gil Robledo"},"sameAs":["http:\/\/unaymilletras.com"],"url":"https:\/\/unaymilletras.com\/en\/author\/mariiagiil02_\/"}]}},"_links":{"self":[{"href":"https:\/\/unaymilletras.com\/en\/wp-json\/wp\/v2\/posts\/2467","targetHints":{"allow":["GET"]}}],"collection":[{"href":"https:\/\/unaymilletras.com\/en\/wp-json\/wp\/v2\/posts"}],"about":[{"href":"https:\/\/unaymilletras.com\/en\/wp-json\/wp\/v2\/types\/post"}],"author":[{"embeddable":true,"href":"https:\/\/unaymilletras.com\/en\/wp-json\/wp\/v2\/users\/1"}],"replies":[{"embeddable":true,"href":"https:\/\/unaymilletras.com\/en\/wp-json\/wp\/v2\/comments?post=2467"}],"version-history":[{"count":21,"href":"https:\/\/unaymilletras.com\/en\/wp-json\/wp\/v2\/posts\/2467\/revisions"}],"predecessor-version":[{"id":2490,"href":"https:\/\/unaymilletras.com\/en\/wp-json\/wp\/v2\/posts\/2467\/revisions\/2490"}],"wp:featuredmedia":[{"embeddable":true,"href":"https:\/\/unaymilletras.com\/en\/wp-json\/wp\/v2\/media\/2471"}],"wp:attachment":[{"href":"https:\/\/unaymilletras.com\/en\/wp-json\/wp\/v2\/media?parent=2467"}],"wp:term":[{"taxonomy":"category","embeddable":true,"href":"https:\/\/unaymilletras.com\/en\/wp-json\/wp\/v2\/categories?post=2467"},{"taxonomy":"post_tag","embeddable":true,"href":"https:\/\/unaymilletras.com\/en\/wp-json\/wp\/v2\/tags?post=2467"}],"curies":[{"name":"wp","href":"https:\/\/api.w.org\/{rel}","templated":true}]}}