{"id":2498,"date":"2024-04-18T22:02:54","date_gmt":"2024-04-18T20:02:54","guid":{"rendered":"https:\/\/unaymilletras.com\/?p=2498"},"modified":"2024-04-18T22:02:58","modified_gmt":"2024-04-18T20:02:58","slug":"craneo-y-lasser-recorreran-espana-y-latinoamerica-con-su-diablos-tour","status":"publish","type":"post","link":"https:\/\/unaymilletras.com\/en\/craneo-y-lasser-recorreran-espana-y-latinoamerica-con-su-diablos-tour\/","title":{"rendered":"Cr\u00e1neo y Lasser recorrer\u00e1n Espa\u00f1a y Latinoam\u00e9rica con su Diablos Tour"},"content":{"rendered":"<div data-elementor-type=\"wp-post\" data-elementor-id=\"2498\" class=\"elementor elementor-2498\">\n\t\t\t\t\t\t<section class=\"elementor-section elementor-top-section elementor-element elementor-element-bc06803 elementor-section-boxed elementor-section-height-default elementor-section-height-default\" data-id=\"bc06803\" data-element_type=\"section\" data-e-type=\"section\">\n\t\t\t\t\t\t<div class=\"elementor-container elementor-column-gap-default\">\n\t\t\t\t\t<div class=\"elementor-column elementor-col-100 elementor-top-column elementor-element elementor-element-0e78390\" data-id=\"0e78390\" data-element_type=\"column\" data-e-type=\"column\">\n\t\t\t<div class=\"elementor-widget-wrap elementor-element-populated\">\n\t\t\t\t\t\t<div class=\"elementor-element elementor-element-6cec6f5 elementor-widget elementor-widget-text-editor\" data-id=\"6cec6f5\" data-element_type=\"widget\" data-e-type=\"widget\" data-widget_type=\"text-editor.default\">\n\t\t\t\t<div class=\"elementor-widget-container\">\n\t\t\t\t\t\t\t\t\t<h2 style=\"text-align: center;\"><span style=\"color: #808080;\"><em>Vivencias, culturas, aviones perdidos y m\u00e1s aventuras resumidas en \u201cDiablos y Bermudas\u201d, nuevo \u00e1lbum de\u00a0<\/em><\/span><span style=\"color: #808080;\"><i>Cr\u00e1neo y Lasser<\/i><\/span><\/h2>\t\t\t\t\t\t\t\t<\/div>\n\t\t\t\t<\/div>\n\t\t\t\t\t<\/div>\n\t\t<\/div>\n\t\t\t\t\t<\/div>\n\t\t<\/section>\n\t\t\t\t<section class=\"elementor-section elementor-top-section elementor-element elementor-element-741a158 elementor-section-boxed elementor-section-height-default elementor-section-height-default\" data-id=\"741a158\" data-element_type=\"section\" data-e-type=\"section\">\n\t\t\t\t\t\t<div class=\"elementor-container elementor-column-gap-default\">\n\t\t\t\t\t<div class=\"elementor-column elementor-col-100 elementor-top-column elementor-element elementor-element-832ae16\" data-id=\"832ae16\" data-element_type=\"column\" data-e-type=\"column\">\n\t\t\t<div class=\"elementor-widget-wrap elementor-element-populated\">\n\t\t\t\t\t\t<div class=\"elementor-element elementor-element-6196aa0 elementor-widget elementor-widget-text-editor\" data-id=\"6196aa0\" data-element_type=\"widget\" data-e-type=\"widget\" data-widget_type=\"text-editor.default\">\n\t\t\t\t<div class=\"elementor-widget-container\">\n\t\t\t\t\t\t\t\t\t<p>Durante dos a\u00f1os, <b>Cr\u00e1neo y Lasser<\/b> han reunido sus vivencias, amores fugaces, aviones perdidos y otras muchas aventuras. Con ellas, han creado un <span style=\"color: #808080;\"><a style=\"color: #808080;\" href=\"https:\/\/open.spotify.com\/intl-es\/album\/0wBdjkN7fzSzXjNYf5AL6m?si=9Z7gTdGTQ7WIaThy7T4QJw\">\u00e1lbum<\/a><\/span> de 19 canciones que se estren\u00f3 el 19 de enero. Ahora, anuncian el <em><b>Diablos Tour<\/b><\/em>.<\/p>\t\t\t\t\t\t\t\t<\/div>\n\t\t\t\t<\/div>\n\t\t\t\t\t<\/div>\n\t\t<\/div>\n\t\t\t\t\t<\/div>\n\t\t<\/section>\n\t\t\t\t<section class=\"elementor-section elementor-top-section elementor-element elementor-element-b51c047 elementor-section-boxed elementor-section-height-default elementor-section-height-default\" data-id=\"b51c047\" data-element_type=\"section\" data-e-type=\"section\">\n\t\t\t\t\t\t<div class=\"elementor-container elementor-column-gap-default\">\n\t\t\t\t\t<div class=\"elementor-column elementor-col-50 elementor-top-column elementor-element elementor-element-219f31a\" data-id=\"219f31a\" data-element_type=\"column\" data-e-type=\"column\">\n\t\t\t<div class=\"elementor-widget-wrap elementor-element-populated\">\n\t\t\t\t\t\t<div class=\"elementor-element elementor-element-998545e elementor-widget elementor-widget-image\" data-id=\"998545e\" data-element_type=\"widget\" data-e-type=\"widget\" data-widget_type=\"image.default\">\n\t\t\t\t<div class=\"elementor-widget-container\">\n\t\t\t\t\t\t\t\t\t\t\t\t\t\t\t<img fetchpriority=\"high\" decoding=\"async\" width=\"576\" height=\"1024\" src=\"https:\/\/unaymilletras.com\/wp-content\/uploads\/2024\/04\/LATAM-stories-576x1024.jpg\" class=\"attachment-large size-large wp-image-2504\" alt=\"Cr\u00e1neo y Lasser\" srcset=\"https:\/\/unaymilletras.com\/wp-content\/uploads\/2024\/04\/LATAM-stories-576x1024.jpg 576w, https:\/\/unaymilletras.com\/wp-content\/uploads\/2024\/04\/LATAM-stories-169x300.jpg 169w, https:\/\/unaymilletras.com\/wp-content\/uploads\/2024\/04\/LATAM-stories-768x1365.jpg 768w, https:\/\/unaymilletras.com\/wp-content\/uploads\/2024\/04\/LATAM-stories-864x1536.jpg 864w, https:\/\/unaymilletras.com\/wp-content\/uploads\/2024\/04\/LATAM-stories-1024x1820.jpg 1024w, https:\/\/unaymilletras.com\/wp-content\/uploads\/2024\/04\/LATAM-stories-e1713470367111.jpg 600w\" sizes=\"(max-width: 576px) 100vw, 576px\" \/>\t\t\t\t\t\t\t\t\t\t\t\t\t\t\t<\/div>\n\t\t\t\t<\/div>\n\t\t\t\t\t<\/div>\n\t\t<\/div>\n\t\t\t\t<div class=\"elementor-column elementor-col-50 elementor-top-column elementor-element elementor-element-bdde3e7\" data-id=\"bdde3e7\" data-element_type=\"column\" data-e-type=\"column\">\n\t\t\t<div class=\"elementor-widget-wrap elementor-element-populated\">\n\t\t\t\t\t\t<div class=\"elementor-element elementor-element-dd72b25 elementor-widget__width-initial elementor-widget elementor-widget-image\" data-id=\"dd72b25\" data-element_type=\"widget\" data-e-type=\"widget\" data-widget_type=\"image.default\">\n\t\t\t\t<div class=\"elementor-widget-container\">\n\t\t\t\t\t\t\t\t\t\t\t\t\t\t\t<img decoding=\"async\" width=\"578\" height=\"1024\" src=\"https:\/\/unaymilletras.com\/wp-content\/uploads\/2024\/04\/GIRA-ESPANA-VERT-sin-bcn-ok-578x1024.jpg\" class=\"attachment-large size-large wp-image-2505\" alt=\"Cr\u00e1neo y Lasser\" srcset=\"https:\/\/unaymilletras.com\/wp-content\/uploads\/2024\/04\/GIRA-ESPANA-VERT-sin-bcn-ok-578x1024.jpg 578w, https:\/\/unaymilletras.com\/wp-content\/uploads\/2024\/04\/GIRA-ESPANA-VERT-sin-bcn-ok-169x300.jpg 169w, https:\/\/unaymilletras.com\/wp-content\/uploads\/2024\/04\/GIRA-ESPANA-VERT-sin-bcn-ok-768x1360.jpg 768w, https:\/\/unaymilletras.com\/wp-content\/uploads\/2024\/04\/GIRA-ESPANA-VERT-sin-bcn-ok-868x1536.jpg 868w, https:\/\/unaymilletras.com\/wp-content\/uploads\/2024\/04\/GIRA-ESPANA-VERT-sin-bcn-ok-1157x2048.jpg 1157w, https:\/\/unaymilletras.com\/wp-content\/uploads\/2024\/04\/GIRA-ESPANA-VERT-sin-bcn-ok-1024x1813.jpg 1024w, https:\/\/unaymilletras.com\/wp-content\/uploads\/2024\/04\/GIRA-ESPANA-VERT-sin-bcn-ok-scaled-e1713470377639.jpg 600w\" sizes=\"(max-width: 578px) 100vw, 578px\" \/>\t\t\t\t\t\t\t\t\t\t\t\t\t\t\t<\/div>\n\t\t\t\t<\/div>\n\t\t\t\t\t<\/div>\n\t\t<\/div>\n\t\t\t\t\t<\/div>\n\t\t<\/section>\n\t\t\t\t<section class=\"elementor-section elementor-top-section elementor-element elementor-element-6dcb417 elementor-section-boxed elementor-section-height-default elementor-section-height-default\" data-id=\"6dcb417\" data-element_type=\"section\" data-e-type=\"section\">\n\t\t\t\t\t\t<div class=\"elementor-container elementor-column-gap-default\">\n\t\t\t\t\t<div class=\"elementor-column elementor-col-100 elementor-top-column elementor-element elementor-element-8b1c8b1\" data-id=\"8b1c8b1\" data-element_type=\"column\" data-e-type=\"column\">\n\t\t\t<div class=\"elementor-widget-wrap elementor-element-populated\">\n\t\t\t\t\t\t<div class=\"elementor-element elementor-element-27c6314 elementor-widget elementor-widget-text-editor\" data-id=\"27c6314\" data-element_type=\"widget\" data-e-type=\"widget\" data-widget_type=\"text-editor.default\">\n\t\t\t\t<div class=\"elementor-widget-container\">\n\t\t\t\t\t\t\t\t\t<p>Esta gira internacional empezar\u00e1 en Latinoam\u00e9rica. El 11 de mayo dar\u00e1 comienzo en Toluca y terminar\u00e1 el 23 de junio en Ciudad de M\u00e9xico. No ser\u00e1 hasta oto\u00f1o-invierno que no llegar\u00e1 a Espa\u00f1a. Del 5 de octubre al 28 de noviembre recorrer\u00e1n el pa\u00eds pasando por Madrid, Sevilla, Granada, Valencia y una \u00faltima parada sorpresa que a\u00fan no se ha anunciado.<\/p><p><em>Diablos y Bermudas<\/em> representa la nueva obra de un d\u00fao conformado por Cr\u00e1neo y Lasser, quienes han logrado destacarse en el panorama musical actual con un estilo \u00fanico. Adem\u00e1s, en este proyecto han trabajado junto al productor GXNZX, creando una musicalidad que destaca en medio de la corriente actual.<\/p><p>La combinaci\u00f3n de perseverancia, experiencia, creatividad y autenticidad ha dado lugar a un \u00e1lbum intemporal, rico en matices y variedad de formatos. Es evidente que han logrado algo excepcional, dif\u00edcil de encontrar en estos tiempos.<\/p>\t\t\t\t\t\t\t\t<\/div>\n\t\t\t\t<\/div>\n\t\t\t\t\t<\/div>\n\t\t<\/div>\n\t\t\t\t\t<\/div>\n\t\t<\/section>\n\t\t\t\t<\/div>","protected":false},"excerpt":{"rendered":"<p>Vivencias, culturas, aviones perdidos y m\u00e1s aventuras resumidas en \u201cDiablos y Bermudas\u201d, nuevo \u00e1lbum de\u00a0Cr\u00e1neo y Lasser Durante dos a\u00f1os, Cr\u00e1neo y Lasser han reunido sus vivencias, amores fugaces, aviones perdidos y otras muchas aventuras. Con ellas, han creado un \u00e1lbum de 19 canciones que se estren\u00f3 el 19 de enero. Ahora, anuncian el Diablos [&hellip;]<\/p>\n","protected":false},"author":1,"featured_media":2505,"comment_status":"open","ping_status":"open","sticky":false,"template":"","format":"standard","meta":{"footnotes":""},"categories":[119,4],"tags":[],"class_list":["post-2498","post","type-post","status-publish","format-standard","has-post-thumbnail","hentry","category-eventos","category-musica"],"yoast_head":"<!-- This site is optimized with the Yoast SEO plugin v27.4 - https:\/\/yoast.com\/product\/yoast-seo-wordpress\/ -->\n<title>Cr\u00e1neo y Lasser recorrer\u00e1n Espa\u00f1a y Latinoam\u00e9rica con su Diablos Tour<\/title>\n<meta name=\"description\" content=\"Vivencias, culturas, aviones perdidos y m\u00e1s aventuras resumidas en \u201cDiablos y Bermudas\u201d, nuevo \u00e1lbum de Cr\u00e1neo y Lasser\" \/>\n<meta name=\"robots\" content=\"index, follow, max-snippet:-1, max-image-preview:large, max-video-preview:-1\" \/>\n<link rel=\"canonical\" href=\"https:\/\/unaymilletras.com\/en\/craneo-y-lasser-recorreran-espana-y-latinoamerica-con-su-diablos-tour\/\" \/>\n<meta property=\"og:locale\" content=\"en_GB\" \/>\n<meta property=\"og:type\" content=\"article\" \/>\n<meta property=\"og:title\" content=\"Cr\u00e1neo y Lasser recorrer\u00e1n Espa\u00f1a y Latinoam\u00e9rica con su Diablos Tour\" \/>\n<meta property=\"og:description\" content=\"Vivencias, culturas, aviones perdidos y m\u00e1s aventuras resumidas en \u201cDiablos y Bermudas\u201d, nuevo \u00e1lbum de Cr\u00e1neo y Lasser\" \/>\n<meta property=\"og:url\" content=\"https:\/\/unaymilletras.com\/en\/craneo-y-lasser-recorreran-espana-y-latinoamerica-con-su-diablos-tour\/\" \/>\n<meta property=\"og:site_name\" content=\"Una y Mil Letras\" \/>\n<meta property=\"article:published_time\" content=\"2024-04-18T20:02:54+00:00\" \/>\n<meta property=\"article:modified_time\" content=\"2024-04-18T20:02:58+00:00\" \/>\n<meta property=\"og:image\" content=\"http:\/\/unaymilletras.com\/wp-content\/uploads\/2024\/04\/GIRA-ESPANA-VERT-sin-bcn-ok-scaled-e1713470377639.jpg\" \/>\n\t<meta property=\"og:image:width\" content=\"600\" \/>\n\t<meta property=\"og:image:height\" content=\"1062\" \/>\n\t<meta property=\"og:image:type\" content=\"image\/jpeg\" \/>\n<meta name=\"author\" content=\"Maria Gil Robledo\" \/>\n<meta name=\"twitter:card\" content=\"summary_large_image\" \/>\n<meta name=\"twitter:creator\" content=\"@UnaYMilLetras\" \/>\n<meta name=\"twitter:site\" content=\"@UnaYMilLetras\" \/>\n<meta name=\"twitter:label1\" content=\"Written by\" \/>\n\t<meta name=\"twitter:data1\" content=\"Maria Gil Robledo\" \/>\n\t<meta name=\"twitter:label2\" content=\"Estimated reading time\" \/>\n\t<meta name=\"twitter:data2\" content=\"2 minutes\" \/>\n<script type=\"application\/ld+json\" class=\"yoast-schema-graph\">{\"@context\":\"https:\\\/\\\/schema.org\",\"@graph\":[{\"@type\":\"Article\",\"@id\":\"https:\\\/\\\/unaymilletras.com\\\/craneo-y-lasser-recorreran-espana-y-latinoamerica-con-su-diablos-tour\\\/#article\",\"isPartOf\":{\"@id\":\"https:\\\/\\\/unaymilletras.com\\\/craneo-y-lasser-recorreran-espana-y-latinoamerica-con-su-diablos-tour\\\/\"},\"author\":{\"name\":\"Maria Gil Robledo\",\"@id\":\"http:\\\/\\\/unaymilletras.com\\\/#\\\/schema\\\/person\\\/d55ba681b8a4e463d8982dbe36a5dc94\"},\"headline\":\"Cr\u00e1neo y Lasser recorrer\u00e1n Espa\u00f1a y Latinoam\u00e9rica con su Diablos Tour\",\"datePublished\":\"2024-04-18T20:02:54+00:00\",\"dateModified\":\"2024-04-18T20:02:58+00:00\",\"mainEntityOfPage\":{\"@id\":\"https:\\\/\\\/unaymilletras.com\\\/craneo-y-lasser-recorreran-espana-y-latinoamerica-con-su-diablos-tour\\\/\"},\"wordCount\":227,\"commentCount\":0,\"publisher\":{\"@id\":\"http:\\\/\\\/unaymilletras.com\\\/#organization\"},\"image\":{\"@id\":\"https:\\\/\\\/unaymilletras.com\\\/craneo-y-lasser-recorreran-espana-y-latinoamerica-con-su-diablos-tour\\\/#primaryimage\"},\"thumbnailUrl\":\"https:\\\/\\\/unaymilletras.com\\\/wp-content\\\/uploads\\\/2024\\\/04\\\/GIRA-ESPANA-VERT-sin-bcn-ok-scaled-e1713470377639.jpg\",\"articleSection\":[\"Eventos\",\"M\u00fasica\"],\"inLanguage\":\"en-GB\",\"potentialAction\":[{\"@type\":\"CommentAction\",\"name\":\"Comment\",\"target\":[\"https:\\\/\\\/unaymilletras.com\\\/craneo-y-lasser-recorreran-espana-y-latinoamerica-con-su-diablos-tour\\\/#respond\"]}]},{\"@type\":\"WebPage\",\"@id\":\"https:\\\/\\\/unaymilletras.com\\\/craneo-y-lasser-recorreran-espana-y-latinoamerica-con-su-diablos-tour\\\/\",\"url\":\"https:\\\/\\\/unaymilletras.com\\\/craneo-y-lasser-recorreran-espana-y-latinoamerica-con-su-diablos-tour\\\/\",\"name\":\"Cr\u00e1neo y Lasser recorrer\u00e1n Espa\u00f1a y Latinoam\u00e9rica con su Diablos Tour\",\"isPartOf\":{\"@id\":\"http:\\\/\\\/unaymilletras.com\\\/#website\"},\"primaryImageOfPage\":{\"@id\":\"https:\\\/\\\/unaymilletras.com\\\/craneo-y-lasser-recorreran-espana-y-latinoamerica-con-su-diablos-tour\\\/#primaryimage\"},\"image\":{\"@id\":\"https:\\\/\\\/unaymilletras.com\\\/craneo-y-lasser-recorreran-espana-y-latinoamerica-con-su-diablos-tour\\\/#primaryimage\"},\"thumbnailUrl\":\"https:\\\/\\\/unaymilletras.com\\\/wp-content\\\/uploads\\\/2024\\\/04\\\/GIRA-ESPANA-VERT-sin-bcn-ok-scaled-e1713470377639.jpg\",\"datePublished\":\"2024-04-18T20:02:54+00:00\",\"dateModified\":\"2024-04-18T20:02:58+00:00\",\"description\":\"Vivencias, culturas, aviones perdidos y m\u00e1s aventuras resumidas en \u201cDiablos y Bermudas\u201d, nuevo \u00e1lbum de Cr\u00e1neo y Lasser\",\"breadcrumb\":{\"@id\":\"https:\\\/\\\/unaymilletras.com\\\/craneo-y-lasser-recorreran-espana-y-latinoamerica-con-su-diablos-tour\\\/#breadcrumb\"},\"inLanguage\":\"en-GB\",\"potentialAction\":[{\"@type\":\"ReadAction\",\"target\":[\"https:\\\/\\\/unaymilletras.com\\\/craneo-y-lasser-recorreran-espana-y-latinoamerica-con-su-diablos-tour\\\/\"]}]},{\"@type\":\"ImageObject\",\"inLanguage\":\"en-GB\",\"@id\":\"https:\\\/\\\/unaymilletras.com\\\/craneo-y-lasser-recorreran-espana-y-latinoamerica-con-su-diablos-tour\\\/#primaryimage\",\"url\":\"https:\\\/\\\/unaymilletras.com\\\/wp-content\\\/uploads\\\/2024\\\/04\\\/GIRA-ESPANA-VERT-sin-bcn-ok-scaled-e1713470377639.jpg\",\"contentUrl\":\"https:\\\/\\\/unaymilletras.com\\\/wp-content\\\/uploads\\\/2024\\\/04\\\/GIRA-ESPANA-VERT-sin-bcn-ok-scaled-e1713470377639.jpg\",\"width\":600,\"height\":1062,\"caption\":\"Cr\u00e1neo y Lasser\"},{\"@type\":\"BreadcrumbList\",\"@id\":\"https:\\\/\\\/unaymilletras.com\\\/craneo-y-lasser-recorreran-espana-y-latinoamerica-con-su-diablos-tour\\\/#breadcrumb\",\"itemListElement\":[{\"@type\":\"ListItem\",\"position\":1,\"name\":\"Home\",\"item\":\"http:\\\/\\\/unaymilletras.com\\\/\"},{\"@type\":\"ListItem\",\"position\":2,\"name\":\"Cr\u00e1neo y Lasser recorrer\u00e1n Espa\u00f1a y Latinoam\u00e9rica con su Diablos Tour\"}]},{\"@type\":\"WebSite\",\"@id\":\"http:\\\/\\\/unaymilletras.com\\\/#website\",\"url\":\"http:\\\/\\\/unaymilletras.com\\\/\",\"name\":\"Una y Mil Letras\",\"description\":\"\",\"publisher\":{\"@id\":\"http:\\\/\\\/unaymilletras.com\\\/#organization\"},\"potentialAction\":[{\"@type\":\"SearchAction\",\"target\":{\"@type\":\"EntryPoint\",\"urlTemplate\":\"http:\\\/\\\/unaymilletras.com\\\/?s={search_term_string}\"},\"query-input\":{\"@type\":\"PropertyValueSpecification\",\"valueRequired\":true,\"valueName\":\"search_term_string\"}}],\"inLanguage\":\"en-GB\"},{\"@type\":\"Organization\",\"@id\":\"http:\\\/\\\/unaymilletras.com\\\/#organization\",\"name\":\"Una y Mil Letras\",\"url\":\"http:\\\/\\\/unaymilletras.com\\\/\",\"logo\":{\"@type\":\"ImageObject\",\"inLanguage\":\"en-GB\",\"@id\":\"http:\\\/\\\/unaymilletras.com\\\/#\\\/schema\\\/logo\\\/image\\\/\",\"url\":\"https:\\\/\\\/unaymilletras.com\\\/wp-content\\\/uploads\\\/2024\\\/06\\\/cropped-Logo-removebg-preview.png\",\"contentUrl\":\"https:\\\/\\\/unaymilletras.com\\\/wp-content\\\/uploads\\\/2024\\\/06\\\/cropped-Logo-removebg-preview.png\",\"width\":512,\"height\":512,\"caption\":\"Una y Mil Letras\"},\"image\":{\"@id\":\"http:\\\/\\\/unaymilletras.com\\\/#\\\/schema\\\/logo\\\/image\\\/\"},\"sameAs\":[\"https:\\\/\\\/x.com\\\/UnaYMilLetras\",\"https:\\\/\\\/instagram.com\\\/UnaYMilLetras\"]},{\"@type\":\"Person\",\"@id\":\"http:\\\/\\\/unaymilletras.com\\\/#\\\/schema\\\/person\\\/d55ba681b8a4e463d8982dbe36a5dc94\",\"name\":\"Maria Gil Robledo\",\"image\":{\"@type\":\"ImageObject\",\"inLanguage\":\"en-GB\",\"@id\":\"https:\\\/\\\/secure.gravatar.com\\\/avatar\\\/4b8e5102e0015789407eb4870b12f0f2857952d83ca124058f92b764bd1840c3?s=96&d=mm&r=g\",\"url\":\"https:\\\/\\\/secure.gravatar.com\\\/avatar\\\/4b8e5102e0015789407eb4870b12f0f2857952d83ca124058f92b764bd1840c3?s=96&d=mm&r=g\",\"contentUrl\":\"https:\\\/\\\/secure.gravatar.com\\\/avatar\\\/4b8e5102e0015789407eb4870b12f0f2857952d83ca124058f92b764bd1840c3?s=96&d=mm&r=g\",\"caption\":\"Maria Gil Robledo\"},\"sameAs\":[\"http:\\\/\\\/unaymilletras.com\"],\"url\":\"https:\\\/\\\/unaymilletras.com\\\/en\\\/author\\\/mariiagiil02_\\\/\"}]}<\/script>\n<!-- \/ Yoast SEO plugin. -->","yoast_head_json":{"title":"Cr\u00e1neo y Lasser recorrer\u00e1n Espa\u00f1a y Latinoam\u00e9rica con su Diablos Tour","description":"Vivencias, culturas, aviones perdidos y m\u00e1s aventuras resumidas en \u201cDiablos y Bermudas\u201d, nuevo \u00e1lbum de Cr\u00e1neo y Lasser","robots":{"index":"index","follow":"follow","max-snippet":"max-snippet:-1","max-image-preview":"max-image-preview:large","max-video-preview":"max-video-preview:-1"},"canonical":"https:\/\/unaymilletras.com\/en\/craneo-y-lasser-recorreran-espana-y-latinoamerica-con-su-diablos-tour\/","og_locale":"en_GB","og_type":"article","og_title":"Cr\u00e1neo y Lasser recorrer\u00e1n Espa\u00f1a y Latinoam\u00e9rica con su Diablos Tour","og_description":"Vivencias, culturas, aviones perdidos y m\u00e1s aventuras resumidas en \u201cDiablos y Bermudas\u201d, nuevo \u00e1lbum de Cr\u00e1neo y Lasser","og_url":"https:\/\/unaymilletras.com\/en\/craneo-y-lasser-recorreran-espana-y-latinoamerica-con-su-diablos-tour\/","og_site_name":"Una y Mil Letras","article_published_time":"2024-04-18T20:02:54+00:00","article_modified_time":"2024-04-18T20:02:58+00:00","og_image":[{"width":600,"height":1062,"url":"http:\/\/unaymilletras.com\/wp-content\/uploads\/2024\/04\/GIRA-ESPANA-VERT-sin-bcn-ok-scaled-e1713470377639.jpg","type":"image\/jpeg"}],"author":"Maria Gil Robledo","twitter_card":"summary_large_image","twitter_creator":"@UnaYMilLetras","twitter_site":"@UnaYMilLetras","twitter_misc":{"Written by":"Maria Gil Robledo","Estimated reading time":"2 minutes"},"schema":{"@context":"https:\/\/schema.org","@graph":[{"@type":"Article","@id":"https:\/\/unaymilletras.com\/craneo-y-lasser-recorreran-espana-y-latinoamerica-con-su-diablos-tour\/#article","isPartOf":{"@id":"https:\/\/unaymilletras.com\/craneo-y-lasser-recorreran-espana-y-latinoamerica-con-su-diablos-tour\/"},"author":{"name":"Maria Gil Robledo","@id":"http:\/\/unaymilletras.com\/#\/schema\/person\/d55ba681b8a4e463d8982dbe36a5dc94"},"headline":"Cr\u00e1neo y Lasser recorrer\u00e1n Espa\u00f1a y Latinoam\u00e9rica con su Diablos Tour","datePublished":"2024-04-18T20:02:54+00:00","dateModified":"2024-04-18T20:02:58+00:00","mainEntityOfPage":{"@id":"https:\/\/unaymilletras.com\/craneo-y-lasser-recorreran-espana-y-latinoamerica-con-su-diablos-tour\/"},"wordCount":227,"commentCount":0,"publisher":{"@id":"http:\/\/unaymilletras.com\/#organization"},"image":{"@id":"https:\/\/unaymilletras.com\/craneo-y-lasser-recorreran-espana-y-latinoamerica-con-su-diablos-tour\/#primaryimage"},"thumbnailUrl":"https:\/\/unaymilletras.com\/wp-content\/uploads\/2024\/04\/GIRA-ESPANA-VERT-sin-bcn-ok-scaled-e1713470377639.jpg","articleSection":["Eventos","M\u00fasica"],"inLanguage":"en-GB","potentialAction":[{"@type":"CommentAction","name":"Comment","target":["https:\/\/unaymilletras.com\/craneo-y-lasser-recorreran-espana-y-latinoamerica-con-su-diablos-tour\/#respond"]}]},{"@type":"WebPage","@id":"https:\/\/unaymilletras.com\/craneo-y-lasser-recorreran-espana-y-latinoamerica-con-su-diablos-tour\/","url":"https:\/\/unaymilletras.com\/craneo-y-lasser-recorreran-espana-y-latinoamerica-con-su-diablos-tour\/","name":"Cr\u00e1neo y Lasser recorrer\u00e1n Espa\u00f1a y Latinoam\u00e9rica con su Diablos Tour","isPartOf":{"@id":"http:\/\/unaymilletras.com\/#website"},"primaryImageOfPage":{"@id":"https:\/\/unaymilletras.com\/craneo-y-lasser-recorreran-espana-y-latinoamerica-con-su-diablos-tour\/#primaryimage"},"image":{"@id":"https:\/\/unaymilletras.com\/craneo-y-lasser-recorreran-espana-y-latinoamerica-con-su-diablos-tour\/#primaryimage"},"thumbnailUrl":"https:\/\/unaymilletras.com\/wp-content\/uploads\/2024\/04\/GIRA-ESPANA-VERT-sin-bcn-ok-scaled-e1713470377639.jpg","datePublished":"2024-04-18T20:02:54+00:00","dateModified":"2024-04-18T20:02:58+00:00","description":"Vivencias, culturas, aviones perdidos y m\u00e1s aventuras resumidas en \u201cDiablos y Bermudas\u201d, nuevo \u00e1lbum de Cr\u00e1neo y Lasser","breadcrumb":{"@id":"https:\/\/unaymilletras.com\/craneo-y-lasser-recorreran-espana-y-latinoamerica-con-su-diablos-tour\/#breadcrumb"},"inLanguage":"en-GB","potentialAction":[{"@type":"ReadAction","target":["https:\/\/unaymilletras.com\/craneo-y-lasser-recorreran-espana-y-latinoamerica-con-su-diablos-tour\/"]}]},{"@type":"ImageObject","inLanguage":"en-GB","@id":"https:\/\/unaymilletras.com\/craneo-y-lasser-recorreran-espana-y-latinoamerica-con-su-diablos-tour\/#primaryimage","url":"https:\/\/unaymilletras.com\/wp-content\/uploads\/2024\/04\/GIRA-ESPANA-VERT-sin-bcn-ok-scaled-e1713470377639.jpg","contentUrl":"https:\/\/unaymilletras.com\/wp-content\/uploads\/2024\/04\/GIRA-ESPANA-VERT-sin-bcn-ok-scaled-e1713470377639.jpg","width":600,"height":1062,"caption":"Cr\u00e1neo y Lasser"},{"@type":"BreadcrumbList","@id":"https:\/\/unaymilletras.com\/craneo-y-lasser-recorreran-espana-y-latinoamerica-con-su-diablos-tour\/#breadcrumb","itemListElement":[{"@type":"ListItem","position":1,"name":"Home","item":"http:\/\/unaymilletras.com\/"},{"@type":"ListItem","position":2,"name":"Cr\u00e1neo y Lasser recorrer\u00e1n Espa\u00f1a y Latinoam\u00e9rica con su Diablos Tour"}]},{"@type":"WebSite","@id":"http:\/\/unaymilletras.com\/#website","url":"http:\/\/unaymilletras.com\/","name":"Una y Mil Letras","description":"","publisher":{"@id":"http:\/\/unaymilletras.com\/#organization"},"potentialAction":[{"@type":"SearchAction","target":{"@type":"EntryPoint","urlTemplate":"http:\/\/unaymilletras.com\/?s={search_term_string}"},"query-input":{"@type":"PropertyValueSpecification","valueRequired":true,"valueName":"search_term_string"}}],"inLanguage":"en-GB"},{"@type":"Organization","@id":"http:\/\/unaymilletras.com\/#organization","name":"Una y Mil Letras","url":"http:\/\/unaymilletras.com\/","logo":{"@type":"ImageObject","inLanguage":"en-GB","@id":"http:\/\/unaymilletras.com\/#\/schema\/logo\/image\/","url":"https:\/\/unaymilletras.com\/wp-content\/uploads\/2024\/06\/cropped-Logo-removebg-preview.png","contentUrl":"https:\/\/unaymilletras.com\/wp-content\/uploads\/2024\/06\/cropped-Logo-removebg-preview.png","width":512,"height":512,"caption":"Una y Mil Letras"},"image":{"@id":"http:\/\/unaymilletras.com\/#\/schema\/logo\/image\/"},"sameAs":["https:\/\/x.com\/UnaYMilLetras","https:\/\/instagram.com\/UnaYMilLetras"]},{"@type":"Person","@id":"http:\/\/unaymilletras.com\/#\/schema\/person\/d55ba681b8a4e463d8982dbe36a5dc94","name":"Maria Gil Robledo","image":{"@type":"ImageObject","inLanguage":"en-GB","@id":"https:\/\/secure.gravatar.com\/avatar\/4b8e5102e0015789407eb4870b12f0f2857952d83ca124058f92b764bd1840c3?s=96&d=mm&r=g","url":"https:\/\/secure.gravatar.com\/avatar\/4b8e5102e0015789407eb4870b12f0f2857952d83ca124058f92b764bd1840c3?s=96&d=mm&r=g","contentUrl":"https:\/\/secure.gravatar.com\/avatar\/4b8e5102e0015789407eb4870b12f0f2857952d83ca124058f92b764bd1840c3?s=96&d=mm&r=g","caption":"Maria Gil Robledo"},"sameAs":["http:\/\/unaymilletras.com"],"url":"https:\/\/unaymilletras.com\/en\/author\/mariiagiil02_\/"}]}},"_links":{"self":[{"href":"https:\/\/unaymilletras.com\/en\/wp-json\/wp\/v2\/posts\/2498","targetHints":{"allow":["GET"]}}],"collection":[{"href":"https:\/\/unaymilletras.com\/en\/wp-json\/wp\/v2\/posts"}],"about":[{"href":"https:\/\/unaymilletras.com\/en\/wp-json\/wp\/v2\/types\/post"}],"author":[{"embeddable":true,"href":"https:\/\/unaymilletras.com\/en\/wp-json\/wp\/v2\/users\/1"}],"replies":[{"embeddable":true,"href":"https:\/\/unaymilletras.com\/en\/wp-json\/wp\/v2\/comments?post=2498"}],"version-history":[{"count":14,"href":"https:\/\/unaymilletras.com\/en\/wp-json\/wp\/v2\/posts\/2498\/revisions"}],"predecessor-version":[{"id":2514,"href":"https:\/\/unaymilletras.com\/en\/wp-json\/wp\/v2\/posts\/2498\/revisions\/2514"}],"wp:featuredmedia":[{"embeddable":true,"href":"https:\/\/unaymilletras.com\/en\/wp-json\/wp\/v2\/media\/2505"}],"wp:attachment":[{"href":"https:\/\/unaymilletras.com\/en\/wp-json\/wp\/v2\/media?parent=2498"}],"wp:term":[{"taxonomy":"category","embeddable":true,"href":"https:\/\/unaymilletras.com\/en\/wp-json\/wp\/v2\/categories?post=2498"},{"taxonomy":"post_tag","embeddable":true,"href":"https:\/\/unaymilletras.com\/en\/wp-json\/wp\/v2\/tags?post=2498"}],"curies":[{"name":"wp","href":"https:\/\/api.w.org\/{rel}","templated":true}]}}