{"id":2515,"date":"2024-04-25T23:33:16","date_gmt":"2024-04-25T21:33:16","guid":{"rendered":"https:\/\/unaymilletras.com\/?p=2515"},"modified":"2024-04-25T23:37:24","modified_gmt":"2024-04-25T21:37:24","slug":"besmaya-tambien-se-une-a-la-gira-vibra-mahou-2024","status":"publish","type":"post","link":"https:\/\/unaymilletras.com\/en\/besmaya-tambien-se-une-a-la-gira-vibra-mahou-2024\/","title":{"rendered":"Besmaya tambi\u00e9n se une a la Gira Vibra Mahou 2024"},"content":{"rendered":"<div data-elementor-type=\"wp-post\" data-elementor-id=\"2515\" class=\"elementor elementor-2515\">\n\t\t\t\t\t\t<section class=\"elementor-section elementor-top-section elementor-element elementor-element-af815e2 elementor-section-boxed elementor-section-height-default elementor-section-height-default\" data-id=\"af815e2\" data-element_type=\"section\" data-e-type=\"section\">\n\t\t\t\t\t\t<div class=\"elementor-container elementor-column-gap-default\">\n\t\t\t\t\t<div class=\"elementor-column elementor-col-100 elementor-top-column elementor-element elementor-element-bb0ea97\" data-id=\"bb0ea97\" data-element_type=\"column\" data-e-type=\"column\">\n\t\t\t<div class=\"elementor-widget-wrap elementor-element-populated\">\n\t\t\t\t\t\t<div class=\"elementor-element elementor-element-f04b4e6 elementor-widget elementor-widget-text-editor\" data-id=\"f04b4e6\" data-element_type=\"widget\" data-e-type=\"widget\" data-widget_type=\"text-editor.default\">\n\t\t\t\t<div class=\"elementor-widget-container\">\n\t\t\t\t\t\t\t\t\t<h2 style=\"text-align: center;\"><span style=\"color: #808080;\"><em>11 fechas repartidas por toda Espa\u00f1a en las que Besmaya interpretar\u00e1n por primera vez su \u00faltimo \u00e1lbum: \u201cNuevos Lemas\u201d<\/em><\/span><\/h2>\t\t\t\t\t\t\t\t<\/div>\n\t\t\t\t<\/div>\n\t\t\t\t\t<\/div>\n\t\t<\/div>\n\t\t\t\t\t<\/div>\n\t\t<\/section>\n\t\t\t\t<section class=\"elementor-section elementor-top-section elementor-element elementor-element-cd32b7e elementor-section-boxed elementor-section-height-default elementor-section-height-default\" data-id=\"cd32b7e\" data-element_type=\"section\" data-e-type=\"section\">\n\t\t\t\t\t\t<div class=\"elementor-container elementor-column-gap-default\">\n\t\t\t\t\t<div class=\"elementor-column elementor-col-100 elementor-top-column elementor-element elementor-element-34fbe2e\" data-id=\"34fbe2e\" data-element_type=\"column\" data-e-type=\"column\">\n\t\t\t<div class=\"elementor-widget-wrap elementor-element-populated\">\n\t\t\t\t\t\t<div class=\"elementor-element elementor-element-9cb8746 elementor-widget elementor-widget-text-editor\" data-id=\"9cb8746\" data-element_type=\"widget\" data-e-type=\"widget\" data-widget_type=\"text-editor.default\">\n\t\t\t\t<div class=\"elementor-widget-container\">\n\t\t\t\t\t\t\t\t\t<p>Durante los tres meses Besmaya visitar\u00e1 11 ciudades a las que llevar\u00e1n su m\u00fasica y en las que, por primera vez, interpretar\u00e1n su nuevo \u00e1lbum.<\/p><p><span style=\"color: #808080;\">El pasado 1 de marzo Besmaya lanzaba este nuevo disco, <em><a style=\"color: #808080;\" href=\"https:\/\/open.spotify.com\/intl-es\/album\/0f4weFEnA91MfjYF61UfOU?si=msAxBpeLQS-dpVUKPK-GWw\">Nuevos Lemas<\/a><\/em>. 11 canciones con una misma narrativa y sonoridad y unidas por un hilo musical. Seg\u00fan asegura el d\u00fao, es \u201cun \u00e1lbum conceptual cuyo concepto no es otro que Besmaya\u201d.<\/span><\/p>\t\t\t\t\t\t\t\t<\/div>\n\t\t\t\t<\/div>\n\t\t\t\t\t<\/div>\n\t\t<\/div>\n\t\t\t\t\t<\/div>\n\t\t<\/section>\n\t\t\t\t<section class=\"elementor-section elementor-top-section elementor-element elementor-element-fdf35c5 elementor-section-boxed elementor-section-height-default elementor-section-height-default\" data-id=\"fdf35c5\" data-element_type=\"section\" data-e-type=\"section\">\n\t\t\t\t\t\t<div class=\"elementor-container elementor-column-gap-default\">\n\t\t\t\t\t<div class=\"elementor-column elementor-col-50 elementor-top-column elementor-element elementor-element-5c574b5\" data-id=\"5c574b5\" data-element_type=\"column\" data-e-type=\"column\">\n\t\t\t<div class=\"elementor-widget-wrap elementor-element-populated\">\n\t\t\t\t\t\t<div class=\"elementor-element elementor-element-158b33d elementor-widget elementor-widget-image\" data-id=\"158b33d\" data-element_type=\"widget\" data-e-type=\"widget\" data-widget_type=\"image.default\">\n\t\t\t\t<div class=\"elementor-widget-container\">\n\t\t\t\t\t\t\t\t\t\t\t\t\t\t\t<img fetchpriority=\"high\" decoding=\"async\" width=\"640\" height=\"904\" src=\"https:\/\/unaymilletras.com\/wp-content\/uploads\/2024\/04\/Imagen-1-725x1024.png\" class=\"attachment-large size-large wp-image-2518\" alt=\"Besmaya\" srcset=\"https:\/\/unaymilletras.com\/wp-content\/uploads\/2024\/04\/Imagen-1-725x1024.png 725w, https:\/\/unaymilletras.com\/wp-content\/uploads\/2024\/04\/Imagen-1-213x300.png 213w, https:\/\/unaymilletras.com\/wp-content\/uploads\/2024\/04\/Imagen-1-768x1084.png 768w, https:\/\/unaymilletras.com\/wp-content\/uploads\/2024\/04\/Imagen-1.png 950w\" sizes=\"(max-width: 640px) 100vw, 640px\" \/>\t\t\t\t\t\t\t\t\t\t\t\t\t\t\t<\/div>\n\t\t\t\t<\/div>\n\t\t\t\t\t<\/div>\n\t\t<\/div>\n\t\t\t\t<div class=\"elementor-column elementor-col-50 elementor-top-column elementor-element elementor-element-bd7f2a7\" data-id=\"bd7f2a7\" data-element_type=\"column\" data-e-type=\"column\">\n\t\t\t<div class=\"elementor-widget-wrap elementor-element-populated\">\n\t\t\t\t\t\t<div class=\"elementor-element elementor-element-a4e963c elementor-widget elementor-widget-text-editor\" data-id=\"a4e963c\" data-element_type=\"widget\" data-e-type=\"widget\" data-widget_type=\"text-editor.default\">\n\t\t\t\t<div class=\"elementor-widget-container\">\n\t\t\t\t\t\t\t\t\t<p><span style=\"color: #808080;\">El tour dar\u00e1 comienzo en Salamanca, el d\u00eda 18 de octubre. De ah\u00ed, viajar\u00e1n al d\u00eda siguiente hasta Valladolid. Una semana despu\u00e9s llegar\u00e1n hasta Gij\u00f3n (25 de octubre) y Oviedo (26 de octubre), donde terminar\u00e1n el mes. Ya en noviembre actuar\u00e1n en A Coru\u00f1a el d\u00eda 8 y, un d\u00eda despu\u00e9s, en Pontevedra. Bajar\u00e1n hasta Cuenca, Valencia y Alicante el 14, 15 y 16 de noviembre respectivamente. La <a style=\"color: #808080;\" href=\"https:\/\/unaymilletras.com\/en\/marlena-proxima-parada-agotada-la-riviera\/\">capital<\/a> podr\u00e1 disfrutar de Besmaya el 28 de noviembre y terminar\u00e1n la gira el 14 de diciembre en la Sala \u00d3xido de Guadalajara.<\/span><\/p>\t\t\t\t\t\t\t\t<\/div>\n\t\t\t\t<\/div>\n\t\t\t\t\t<\/div>\n\t\t<\/div>\n\t\t\t\t\t<\/div>\n\t\t<\/section>\n\t\t\t\t<section class=\"elementor-section elementor-top-section elementor-element elementor-element-604ef15 elementor-section-boxed elementor-section-height-default elementor-section-height-default\" data-id=\"604ef15\" data-element_type=\"section\" data-e-type=\"section\">\n\t\t\t\t\t\t<div class=\"elementor-container elementor-column-gap-default\">\n\t\t\t\t\t<div class=\"elementor-column elementor-col-100 elementor-top-column elementor-element elementor-element-0945f63\" data-id=\"0945f63\" data-element_type=\"column\" data-e-type=\"column\">\n\t\t\t<div class=\"elementor-widget-wrap elementor-element-populated\">\n\t\t\t\t\t\t<div class=\"elementor-element elementor-element-7c0f765 elementor-widget elementor-widget-text-editor\" data-id=\"7c0f765\" data-element_type=\"widget\" data-e-type=\"widget\" data-widget_type=\"text-editor.default\">\n\t\t\t\t<div class=\"elementor-widget-container\">\n\t\t\t\t\t\t\t\t\t<p>En 2020 nac\u00eda Besmaya. En cuatro a\u00f1os, Javier Ech\u00e1varri y Javier Ojanguren, sus integrantes, han logrado alcanzar los m\u00e1s de 500.000 oyentes mensuales en Spotify. Miles de personas se han enganchado a ellos gracias a su forma de abrazar el pop consiguiendo mezclarlo con la electr\u00f3nica y lo urbano. Gracias a ello, tienen un sonido caracter\u00edstico que se ha convertido en su sello de identidad.<\/p><p>Con esta iniciativa, Mahou quiere impulsar el directo de artistas espa\u00f1oles por las distintas salas del pa\u00eds. Esta es la tercera que hacen en este a\u00f1o, coron\u00e1ndose con el a\u00f1o en el que m\u00e1s tours han hecho. Gracias a estos eventos, se conecta a los artistas con el p\u00fablico en un entorno \u00fanico e \u00edntimo.<\/p>\t\t\t\t\t\t\t\t<\/div>\n\t\t\t\t<\/div>\n\t\t\t\t\t<\/div>\n\t\t<\/div>\n\t\t\t\t\t<\/div>\n\t\t<\/section>\n\t\t\t\t<\/div>","protected":false},"excerpt":{"rendered":"<p>11 fechas repartidas por toda Espa\u00f1a en las que Besmaya interpretar\u00e1n por primera vez su \u00faltimo \u00e1lbum: \u201cNuevos Lemas\u201d Durante los tres meses Besmaya visitar\u00e1 11 ciudades a las que llevar\u00e1n su m\u00fasica y en las que, por primera vez, interpretar\u00e1n su nuevo \u00e1lbum. El pasado 1 de marzo Besmaya lanzaba este nuevo disco, Nuevos [&hellip;]<\/p>\n","protected":false},"author":1,"featured_media":2518,"comment_status":"open","ping_status":"open","sticky":false,"template":"","format":"standard","meta":{"footnotes":""},"categories":[119,4],"tags":[],"class_list":["post-2515","post","type-post","status-publish","format-standard","has-post-thumbnail","hentry","category-eventos","category-musica"],"yoast_head":"<!-- This site is optimized with the Yoast SEO plugin v27.4 - https:\/\/yoast.com\/product\/yoast-seo-wordpress\/ -->\n<title>Besmaya tambi\u00e9n se une a la Gira Vibra Mahou 2024 &#8902; Una y Mil Letras<\/title>\n<meta name=\"description\" content=\"11 fechas repartidas por toda Espa\u00f1a en las que Besmaya interpretar\u00e1n por primera vez su \u00faltimo \u00e1lbum: \u201cNuevos Lemas\u201d\" \/>\n<meta name=\"robots\" content=\"index, follow, max-snippet:-1, max-image-preview:large, max-video-preview:-1\" \/>\n<link rel=\"canonical\" href=\"https:\/\/unaymilletras.com\/en\/besmaya-tambien-se-une-a-la-gira-vibra-mahou-2024\/\" \/>\n<meta property=\"og:locale\" content=\"en_GB\" \/>\n<meta property=\"og:type\" content=\"article\" \/>\n<meta property=\"og:title\" content=\"Besmaya tambi\u00e9n se une a la Gira Vibra Mahou 2024 &#8902; Una y Mil Letras\" \/>\n<meta property=\"og:description\" content=\"11 fechas repartidas por toda Espa\u00f1a en las que Besmaya interpretar\u00e1n por primera vez su \u00faltimo \u00e1lbum: \u201cNuevos Lemas\u201d\" \/>\n<meta property=\"og:url\" content=\"https:\/\/unaymilletras.com\/en\/besmaya-tambien-se-une-a-la-gira-vibra-mahou-2024\/\" \/>\n<meta property=\"og:site_name\" content=\"Una y Mil Letras\" \/>\n<meta property=\"article:published_time\" content=\"2024-04-25T21:33:16+00:00\" \/>\n<meta property=\"article:modified_time\" content=\"2024-04-25T21:37:24+00:00\" \/>\n<meta property=\"og:image\" content=\"http:\/\/unaymilletras.com\/wp-content\/uploads\/2024\/04\/Imagen-1.png\" \/>\n\t<meta property=\"og:image:width\" content=\"950\" \/>\n\t<meta property=\"og:image:height\" content=\"1341\" \/>\n\t<meta property=\"og:image:type\" content=\"image\/png\" \/>\n<meta name=\"author\" content=\"Maria Gil Robledo\" \/>\n<meta name=\"twitter:card\" content=\"summary_large_image\" \/>\n<meta name=\"twitter:creator\" content=\"@UnaYMilLetras\" \/>\n<meta name=\"twitter:site\" content=\"@UnaYMilLetras\" \/>\n<meta name=\"twitter:label1\" content=\"Written by\" \/>\n\t<meta name=\"twitter:data1\" content=\"Maria Gil Robledo\" \/>\n\t<meta name=\"twitter:label2\" content=\"Estimated reading time\" \/>\n\t<meta name=\"twitter:data2\" content=\"2 minutes\" \/>\n<script type=\"application\/ld+json\" class=\"yoast-schema-graph\">{\"@context\":\"https:\\\/\\\/schema.org\",\"@graph\":[{\"@type\":\"Article\",\"@id\":\"https:\\\/\\\/unaymilletras.com\\\/besmaya-tambien-se-une-a-la-gira-vibra-mahou-2024\\\/#article\",\"isPartOf\":{\"@id\":\"https:\\\/\\\/unaymilletras.com\\\/besmaya-tambien-se-une-a-la-gira-vibra-mahou-2024\\\/\"},\"author\":{\"name\":\"Maria Gil Robledo\",\"@id\":\"http:\\\/\\\/unaymilletras.com\\\/#\\\/schema\\\/person\\\/d55ba681b8a4e463d8982dbe36a5dc94\"},\"headline\":\"Besmaya tambi\u00e9n se une a la Gira Vibra Mahou 2024\",\"datePublished\":\"2024-04-25T21:33:16+00:00\",\"dateModified\":\"2024-04-25T21:37:24+00:00\",\"mainEntityOfPage\":{\"@id\":\"https:\\\/\\\/unaymilletras.com\\\/besmaya-tambien-se-une-a-la-gira-vibra-mahou-2024\\\/\"},\"wordCount\":325,\"commentCount\":0,\"publisher\":{\"@id\":\"http:\\\/\\\/unaymilletras.com\\\/#organization\"},\"image\":{\"@id\":\"https:\\\/\\\/unaymilletras.com\\\/besmaya-tambien-se-une-a-la-gira-vibra-mahou-2024\\\/#primaryimage\"},\"thumbnailUrl\":\"https:\\\/\\\/unaymilletras.com\\\/wp-content\\\/uploads\\\/2024\\\/04\\\/Imagen-1.png\",\"articleSection\":[\"Eventos\",\"M\u00fasica\"],\"inLanguage\":\"en-GB\",\"potentialAction\":[{\"@type\":\"CommentAction\",\"name\":\"Comment\",\"target\":[\"https:\\\/\\\/unaymilletras.com\\\/besmaya-tambien-se-une-a-la-gira-vibra-mahou-2024\\\/#respond\"]}]},{\"@type\":\"WebPage\",\"@id\":\"https:\\\/\\\/unaymilletras.com\\\/besmaya-tambien-se-une-a-la-gira-vibra-mahou-2024\\\/\",\"url\":\"https:\\\/\\\/unaymilletras.com\\\/besmaya-tambien-se-une-a-la-gira-vibra-mahou-2024\\\/\",\"name\":\"Besmaya tambi\u00e9n se une a la Gira Vibra Mahou 2024 &#8902; Una y Mil Letras\",\"isPartOf\":{\"@id\":\"http:\\\/\\\/unaymilletras.com\\\/#website\"},\"primaryImageOfPage\":{\"@id\":\"https:\\\/\\\/unaymilletras.com\\\/besmaya-tambien-se-une-a-la-gira-vibra-mahou-2024\\\/#primaryimage\"},\"image\":{\"@id\":\"https:\\\/\\\/unaymilletras.com\\\/besmaya-tambien-se-une-a-la-gira-vibra-mahou-2024\\\/#primaryimage\"},\"thumbnailUrl\":\"https:\\\/\\\/unaymilletras.com\\\/wp-content\\\/uploads\\\/2024\\\/04\\\/Imagen-1.png\",\"datePublished\":\"2024-04-25T21:33:16+00:00\",\"dateModified\":\"2024-04-25T21:37:24+00:00\",\"description\":\"11 fechas repartidas por toda Espa\u00f1a en las que Besmaya interpretar\u00e1n por primera vez su \u00faltimo \u00e1lbum: \u201cNuevos Lemas\u201d\",\"breadcrumb\":{\"@id\":\"https:\\\/\\\/unaymilletras.com\\\/besmaya-tambien-se-une-a-la-gira-vibra-mahou-2024\\\/#breadcrumb\"},\"inLanguage\":\"en-GB\",\"potentialAction\":[{\"@type\":\"ReadAction\",\"target\":[\"https:\\\/\\\/unaymilletras.com\\\/besmaya-tambien-se-une-a-la-gira-vibra-mahou-2024\\\/\"]}]},{\"@type\":\"ImageObject\",\"inLanguage\":\"en-GB\",\"@id\":\"https:\\\/\\\/unaymilletras.com\\\/besmaya-tambien-se-une-a-la-gira-vibra-mahou-2024\\\/#primaryimage\",\"url\":\"https:\\\/\\\/unaymilletras.com\\\/wp-content\\\/uploads\\\/2024\\\/04\\\/Imagen-1.png\",\"contentUrl\":\"https:\\\/\\\/unaymilletras.com\\\/wp-content\\\/uploads\\\/2024\\\/04\\\/Imagen-1.png\",\"width\":950,\"height\":1341,\"caption\":\"Besmaya\"},{\"@type\":\"BreadcrumbList\",\"@id\":\"https:\\\/\\\/unaymilletras.com\\\/besmaya-tambien-se-une-a-la-gira-vibra-mahou-2024\\\/#breadcrumb\",\"itemListElement\":[{\"@type\":\"ListItem\",\"position\":1,\"name\":\"Home\",\"item\":\"http:\\\/\\\/unaymilletras.com\\\/\"},{\"@type\":\"ListItem\",\"position\":2,\"name\":\"Besmaya tambi\u00e9n se une a la Gira Vibra Mahou 2024\"}]},{\"@type\":\"WebSite\",\"@id\":\"http:\\\/\\\/unaymilletras.com\\\/#website\",\"url\":\"http:\\\/\\\/unaymilletras.com\\\/\",\"name\":\"Una y Mil Letras\",\"description\":\"\",\"publisher\":{\"@id\":\"http:\\\/\\\/unaymilletras.com\\\/#organization\"},\"potentialAction\":[{\"@type\":\"SearchAction\",\"target\":{\"@type\":\"EntryPoint\",\"urlTemplate\":\"http:\\\/\\\/unaymilletras.com\\\/?s={search_term_string}\"},\"query-input\":{\"@type\":\"PropertyValueSpecification\",\"valueRequired\":true,\"valueName\":\"search_term_string\"}}],\"inLanguage\":\"en-GB\"},{\"@type\":\"Organization\",\"@id\":\"http:\\\/\\\/unaymilletras.com\\\/#organization\",\"name\":\"Una y Mil Letras\",\"url\":\"http:\\\/\\\/unaymilletras.com\\\/\",\"logo\":{\"@type\":\"ImageObject\",\"inLanguage\":\"en-GB\",\"@id\":\"http:\\\/\\\/unaymilletras.com\\\/#\\\/schema\\\/logo\\\/image\\\/\",\"url\":\"https:\\\/\\\/unaymilletras.com\\\/wp-content\\\/uploads\\\/2024\\\/06\\\/cropped-Logo-removebg-preview.png\",\"contentUrl\":\"https:\\\/\\\/unaymilletras.com\\\/wp-content\\\/uploads\\\/2024\\\/06\\\/cropped-Logo-removebg-preview.png\",\"width\":512,\"height\":512,\"caption\":\"Una y Mil Letras\"},\"image\":{\"@id\":\"http:\\\/\\\/unaymilletras.com\\\/#\\\/schema\\\/logo\\\/image\\\/\"},\"sameAs\":[\"https:\\\/\\\/x.com\\\/UnaYMilLetras\",\"https:\\\/\\\/instagram.com\\\/UnaYMilLetras\"]},{\"@type\":\"Person\",\"@id\":\"http:\\\/\\\/unaymilletras.com\\\/#\\\/schema\\\/person\\\/d55ba681b8a4e463d8982dbe36a5dc94\",\"name\":\"Maria Gil Robledo\",\"image\":{\"@type\":\"ImageObject\",\"inLanguage\":\"en-GB\",\"@id\":\"https:\\\/\\\/secure.gravatar.com\\\/avatar\\\/4b8e5102e0015789407eb4870b12f0f2857952d83ca124058f92b764bd1840c3?s=96&d=mm&r=g\",\"url\":\"https:\\\/\\\/secure.gravatar.com\\\/avatar\\\/4b8e5102e0015789407eb4870b12f0f2857952d83ca124058f92b764bd1840c3?s=96&d=mm&r=g\",\"contentUrl\":\"https:\\\/\\\/secure.gravatar.com\\\/avatar\\\/4b8e5102e0015789407eb4870b12f0f2857952d83ca124058f92b764bd1840c3?s=96&d=mm&r=g\",\"caption\":\"Maria Gil Robledo\"},\"sameAs\":[\"http:\\\/\\\/unaymilletras.com\"],\"url\":\"https:\\\/\\\/unaymilletras.com\\\/en\\\/author\\\/mariiagiil02_\\\/\"}]}<\/script>\n<!-- \/ Yoast SEO plugin. -->","yoast_head_json":{"title":"Besmaya tambi\u00e9n se une a la Gira Vibra Mahou 2024 &#8902; Una y Mil Letras","description":"11 fechas repartidas por toda Espa\u00f1a en las que Besmaya interpretar\u00e1n por primera vez su \u00faltimo \u00e1lbum: \u201cNuevos Lemas\u201d","robots":{"index":"index","follow":"follow","max-snippet":"max-snippet:-1","max-image-preview":"max-image-preview:large","max-video-preview":"max-video-preview:-1"},"canonical":"https:\/\/unaymilletras.com\/en\/besmaya-tambien-se-une-a-la-gira-vibra-mahou-2024\/","og_locale":"en_GB","og_type":"article","og_title":"Besmaya tambi\u00e9n se une a la Gira Vibra Mahou 2024 &#8902; Una y Mil Letras","og_description":"11 fechas repartidas por toda Espa\u00f1a en las que Besmaya interpretar\u00e1n por primera vez su \u00faltimo \u00e1lbum: \u201cNuevos Lemas\u201d","og_url":"https:\/\/unaymilletras.com\/en\/besmaya-tambien-se-une-a-la-gira-vibra-mahou-2024\/","og_site_name":"Una y Mil Letras","article_published_time":"2024-04-25T21:33:16+00:00","article_modified_time":"2024-04-25T21:37:24+00:00","og_image":[{"width":950,"height":1341,"url":"http:\/\/unaymilletras.com\/wp-content\/uploads\/2024\/04\/Imagen-1.png","type":"image\/png"}],"author":"Maria Gil Robledo","twitter_card":"summary_large_image","twitter_creator":"@UnaYMilLetras","twitter_site":"@UnaYMilLetras","twitter_misc":{"Written by":"Maria Gil Robledo","Estimated reading time":"2 minutes"},"schema":{"@context":"https:\/\/schema.org","@graph":[{"@type":"Article","@id":"https:\/\/unaymilletras.com\/besmaya-tambien-se-une-a-la-gira-vibra-mahou-2024\/#article","isPartOf":{"@id":"https:\/\/unaymilletras.com\/besmaya-tambien-se-une-a-la-gira-vibra-mahou-2024\/"},"author":{"name":"Maria Gil Robledo","@id":"http:\/\/unaymilletras.com\/#\/schema\/person\/d55ba681b8a4e463d8982dbe36a5dc94"},"headline":"Besmaya tambi\u00e9n se une a la Gira Vibra Mahou 2024","datePublished":"2024-04-25T21:33:16+00:00","dateModified":"2024-04-25T21:37:24+00:00","mainEntityOfPage":{"@id":"https:\/\/unaymilletras.com\/besmaya-tambien-se-une-a-la-gira-vibra-mahou-2024\/"},"wordCount":325,"commentCount":0,"publisher":{"@id":"http:\/\/unaymilletras.com\/#organization"},"image":{"@id":"https:\/\/unaymilletras.com\/besmaya-tambien-se-une-a-la-gira-vibra-mahou-2024\/#primaryimage"},"thumbnailUrl":"https:\/\/unaymilletras.com\/wp-content\/uploads\/2024\/04\/Imagen-1.png","articleSection":["Eventos","M\u00fasica"],"inLanguage":"en-GB","potentialAction":[{"@type":"CommentAction","name":"Comment","target":["https:\/\/unaymilletras.com\/besmaya-tambien-se-une-a-la-gira-vibra-mahou-2024\/#respond"]}]},{"@type":"WebPage","@id":"https:\/\/unaymilletras.com\/besmaya-tambien-se-une-a-la-gira-vibra-mahou-2024\/","url":"https:\/\/unaymilletras.com\/besmaya-tambien-se-une-a-la-gira-vibra-mahou-2024\/","name":"Besmaya tambi\u00e9n se une a la Gira Vibra Mahou 2024 &#8902; Una y Mil Letras","isPartOf":{"@id":"http:\/\/unaymilletras.com\/#website"},"primaryImageOfPage":{"@id":"https:\/\/unaymilletras.com\/besmaya-tambien-se-une-a-la-gira-vibra-mahou-2024\/#primaryimage"},"image":{"@id":"https:\/\/unaymilletras.com\/besmaya-tambien-se-une-a-la-gira-vibra-mahou-2024\/#primaryimage"},"thumbnailUrl":"https:\/\/unaymilletras.com\/wp-content\/uploads\/2024\/04\/Imagen-1.png","datePublished":"2024-04-25T21:33:16+00:00","dateModified":"2024-04-25T21:37:24+00:00","description":"11 fechas repartidas por toda Espa\u00f1a en las que Besmaya interpretar\u00e1n por primera vez su \u00faltimo \u00e1lbum: \u201cNuevos Lemas\u201d","breadcrumb":{"@id":"https:\/\/unaymilletras.com\/besmaya-tambien-se-une-a-la-gira-vibra-mahou-2024\/#breadcrumb"},"inLanguage":"en-GB","potentialAction":[{"@type":"ReadAction","target":["https:\/\/unaymilletras.com\/besmaya-tambien-se-une-a-la-gira-vibra-mahou-2024\/"]}]},{"@type":"ImageObject","inLanguage":"en-GB","@id":"https:\/\/unaymilletras.com\/besmaya-tambien-se-une-a-la-gira-vibra-mahou-2024\/#primaryimage","url":"https:\/\/unaymilletras.com\/wp-content\/uploads\/2024\/04\/Imagen-1.png","contentUrl":"https:\/\/unaymilletras.com\/wp-content\/uploads\/2024\/04\/Imagen-1.png","width":950,"height":1341,"caption":"Besmaya"},{"@type":"BreadcrumbList","@id":"https:\/\/unaymilletras.com\/besmaya-tambien-se-une-a-la-gira-vibra-mahou-2024\/#breadcrumb","itemListElement":[{"@type":"ListItem","position":1,"name":"Home","item":"http:\/\/unaymilletras.com\/"},{"@type":"ListItem","position":2,"name":"Besmaya tambi\u00e9n se une a la Gira Vibra Mahou 2024"}]},{"@type":"WebSite","@id":"http:\/\/unaymilletras.com\/#website","url":"http:\/\/unaymilletras.com\/","name":"Una y Mil Letras","description":"","publisher":{"@id":"http:\/\/unaymilletras.com\/#organization"},"potentialAction":[{"@type":"SearchAction","target":{"@type":"EntryPoint","urlTemplate":"http:\/\/unaymilletras.com\/?s={search_term_string}"},"query-input":{"@type":"PropertyValueSpecification","valueRequired":true,"valueName":"search_term_string"}}],"inLanguage":"en-GB"},{"@type":"Organization","@id":"http:\/\/unaymilletras.com\/#organization","name":"Una y Mil Letras","url":"http:\/\/unaymilletras.com\/","logo":{"@type":"ImageObject","inLanguage":"en-GB","@id":"http:\/\/unaymilletras.com\/#\/schema\/logo\/image\/","url":"https:\/\/unaymilletras.com\/wp-content\/uploads\/2024\/06\/cropped-Logo-removebg-preview.png","contentUrl":"https:\/\/unaymilletras.com\/wp-content\/uploads\/2024\/06\/cropped-Logo-removebg-preview.png","width":512,"height":512,"caption":"Una y Mil Letras"},"image":{"@id":"http:\/\/unaymilletras.com\/#\/schema\/logo\/image\/"},"sameAs":["https:\/\/x.com\/UnaYMilLetras","https:\/\/instagram.com\/UnaYMilLetras"]},{"@type":"Person","@id":"http:\/\/unaymilletras.com\/#\/schema\/person\/d55ba681b8a4e463d8982dbe36a5dc94","name":"Maria Gil Robledo","image":{"@type":"ImageObject","inLanguage":"en-GB","@id":"https:\/\/secure.gravatar.com\/avatar\/4b8e5102e0015789407eb4870b12f0f2857952d83ca124058f92b764bd1840c3?s=96&d=mm&r=g","url":"https:\/\/secure.gravatar.com\/avatar\/4b8e5102e0015789407eb4870b12f0f2857952d83ca124058f92b764bd1840c3?s=96&d=mm&r=g","contentUrl":"https:\/\/secure.gravatar.com\/avatar\/4b8e5102e0015789407eb4870b12f0f2857952d83ca124058f92b764bd1840c3?s=96&d=mm&r=g","caption":"Maria Gil Robledo"},"sameAs":["http:\/\/unaymilletras.com"],"url":"https:\/\/unaymilletras.com\/en\/author\/mariiagiil02_\/"}]}},"_links":{"self":[{"href":"https:\/\/unaymilletras.com\/en\/wp-json\/wp\/v2\/posts\/2515","targetHints":{"allow":["GET"]}}],"collection":[{"href":"https:\/\/unaymilletras.com\/en\/wp-json\/wp\/v2\/posts"}],"about":[{"href":"https:\/\/unaymilletras.com\/en\/wp-json\/wp\/v2\/types\/post"}],"author":[{"embeddable":true,"href":"https:\/\/unaymilletras.com\/en\/wp-json\/wp\/v2\/users\/1"}],"replies":[{"embeddable":true,"href":"https:\/\/unaymilletras.com\/en\/wp-json\/wp\/v2\/comments?post=2515"}],"version-history":[{"count":11,"href":"https:\/\/unaymilletras.com\/en\/wp-json\/wp\/v2\/posts\/2515\/revisions"}],"predecessor-version":[{"id":2527,"href":"https:\/\/unaymilletras.com\/en\/wp-json\/wp\/v2\/posts\/2515\/revisions\/2527"}],"wp:featuredmedia":[{"embeddable":true,"href":"https:\/\/unaymilletras.com\/en\/wp-json\/wp\/v2\/media\/2518"}],"wp:attachment":[{"href":"https:\/\/unaymilletras.com\/en\/wp-json\/wp\/v2\/media?parent=2515"}],"wp:term":[{"taxonomy":"category","embeddable":true,"href":"https:\/\/unaymilletras.com\/en\/wp-json\/wp\/v2\/categories?post=2515"},{"taxonomy":"post_tag","embeddable":true,"href":"https:\/\/unaymilletras.com\/en\/wp-json\/wp\/v2\/tags?post=2515"}],"curies":[{"name":"wp","href":"https:\/\/api.w.org\/{rel}","templated":true}]}}