{"id":252,"date":"2023-03-03T01:15:50","date_gmt":"2023-03-03T00:15:50","guid":{"rendered":"https:\/\/unaymilletras.wordpress.com\/?p=252"},"modified":"2023-03-03T01:15:50","modified_gmt":"2023-03-03T00:15:50","slug":"hens-anuncia-su-primer-wizink-center","status":"publish","type":"post","link":"https:\/\/unaymilletras.com\/en\/hens-anuncia-su-primer-wizink-center\/","title":{"rendered":"Hens anuncia su primer WiZink Center"},"content":{"rendered":"<p class=\"has-text-align-center has-large-font-size\"><em>El primer concierto anunciado del \u00abNo me odio tanto Tour\u00bb tendr\u00e1 lugar el 23 de febrero de 2024 en el Palacio de los Deportes, Madrid<\/em><\/p>\n\n\n\n<p class=\"has-text-align-justify has-small-font-size\">Hace menos de 15 d\u00edas, <strong><a href=\"https:\/\/open.spotify.com\/artist\/3iY9PS7LxPnCVcCP7BjJOK?si=SMEeZYU8SFGsF3wCbmfNmg\">Hens<\/a><\/strong> anunciaba la fecha de lanzamiento de su segundo disco, <em><strong><a href=\"https:\/\/hens.lnk.to\/NoMeOdioTanto-Preventa?fbclid=PAAaY5E8-fNizGL-2GD9Et5Q6WKv4MMWCxFwraH3n_pCgHUbGo4CYHBH0BiDw\">No me odio tanto<\/a><\/strong><\/em>, el 14 de abril. Asimismo, acaba de confirmar su primer concierto en el <strong>WiZink Center<\/strong>. Tendr\u00e1 lugar el <strong>23 de febrero<\/strong> del pr\u00f3ximo a\u00f1o y, a pesar de que el artista ya hab\u00eda actuado en este recinto con anterioridad en otros eventos como en Los40 Primavera Pop, este ser\u00e1 su primer concierto propio en el Palacio de los Deportes. Las <a href=\"https:\/\/linktr.ee\/henswizink\">entradas<\/a> se pondr\u00e1n a la venta ma\u00f1ana a las 12:00 (hora espa\u00f1ola).<\/p>\n\n\n\n<p class=\"has-text-align-justify has-small-font-size\">El joven de tan solo 25 a\u00f1os es uno de los artistas m\u00e1s importantes del panorama espa\u00f1ol, la conocida nueva ola. Hens cuenta con m\u00e1s de 900.000 oyentes mensuales en Spotify y 76.700 seguidores en <a href=\"https:\/\/www.instagram.com\/hensss\/\">Instagram<\/a>. Adem\u00e1s, ha conseguido batir r\u00e9cord con canciones como <em><a href=\"https:\/\/open.spotify.com\/track\/3yOmf3oK10XIVRc99bwSyO?si=a9ad3289e5d1412e\">Batm\u00f3vil (Remix)<\/a><\/em>, junto a <strong>Pole.<\/strong> y <strong>Funzo y BabyLoud<\/strong>; <em><a href=\"https:\/\/open.spotify.com\/track\/4Ws1SBzrc8MgbtxVyXFfyP?si=ba761cf1e89e4047\">Dos d\u00edas al mes<\/a><\/em>, con <strong>Delgao<\/strong>; o <em><a href=\"https:\/\/open.spotify.com\/track\/3S1lg0ytmvtPRV4qv4iWL4?si=d0048d1f18534d6b\">Me encantas<\/a><\/em>, tema en colaboraci\u00f3n con <strong>Walls<\/strong>.<\/p>\n\n\n\n<div class=\"wp-block-columns is-layout-flex wp-container-core-columns-is-layout-28f84493 wp-block-columns-is-layout-flex\">\n<div class=\"wp-block-column is-layout-flow wp-block-column-is-layout-flow\">\n<figure class=\"wp-block-image size-large\"><img fetchpriority=\"high\" decoding=\"async\" width=\"440\" height=\"440\" src=\"http:\/\/unaymilletras.com\/wp-content\/uploads\/2023\/03\/image-10.png?w=440\" alt=\"\" class=\"wp-image-260\" srcset=\"https:\/\/unaymilletras.com\/wp-content\/uploads\/2023\/03\/image-10.png 440w, https:\/\/unaymilletras.com\/wp-content\/uploads\/2023\/03\/image-10-300x300.png 300w, https:\/\/unaymilletras.com\/wp-content\/uploads\/2023\/03\/image-10-150x150.png 150w\" sizes=\"(max-width: 440px) 100vw, 440px\" \/><\/figure>\n<\/div>\n\n\n\n<div class=\"wp-block-column is-layout-flow wp-block-column-is-layout-flow\">\n<figure class=\"wp-block-image size-large\"><img decoding=\"async\" width=\"1600\" height=\"1600\" src=\"http:\/\/unaymilletras.com\/wp-content\/uploads\/2023\/03\/image-11.png?w=1024\" alt=\"\" class=\"wp-image-261\" srcset=\"https:\/\/unaymilletras.com\/wp-content\/uploads\/2023\/03\/image-11.png 1600w, https:\/\/unaymilletras.com\/wp-content\/uploads\/2023\/03\/image-11-300x300.png 300w, https:\/\/unaymilletras.com\/wp-content\/uploads\/2023\/03\/image-11-1024x1024.png 1024w, https:\/\/unaymilletras.com\/wp-content\/uploads\/2023\/03\/image-11-150x150.png 150w, https:\/\/unaymilletras.com\/wp-content\/uploads\/2023\/03\/image-11-768x768.png 768w, https:\/\/unaymilletras.com\/wp-content\/uploads\/2023\/03\/image-11-1536x1536.png 1536w\" sizes=\"(max-width: 1600px) 100vw, 1600px\" \/><\/figure>\n<\/div>\n<\/div>\n\n\n\n<p class=\"has-text-align-justify has-small-font-size\">De este nuevo \u00e1lbum ya se han podido conocer algunas de sus canciones. La primera de ellas fue <em><strong><a href=\"https:\/\/open.spotify.com\/track\/2rqpHIG1Bjx6DBWDA1IX0D?si=e750d6aa0b6b48d0\">Mami<\/a><\/strong><\/em>, que ya acumula m\u00e1s de 1.300.000 reproducciones en Spotify. La siguiente fue <em><strong><a href=\"https:\/\/open.spotify.com\/track\/6Vf9tNL19cia86zyp0oT0V?si=8b04e31e0f494680\">Alguien pa ti<\/a>, <\/strong><\/em>en la que habla sobre situaciones cotidianas y experiencias personales. Por \u00faltimo, lleg\u00f3 Todo cambi\u00f3, la cual tiene casi medio mill\u00f3n de escuchas y, al igual que en la anterior, habla sobre sus vivencias, dejando a sus fans conocer una parte de \u00e9l y su pasado. <\/p>\n\n\n\n<p class=\"has-text-align-justify has-small-font-size\"><em><strong><a href=\"https:\/\/open.spotify.com\/album\/3cheBjM6yhQedJyjGMBGcN?si=NZ7F4SsfQOaPxaX5Na8YSA\">Hensito<\/a><\/strong><\/em>, su anterior \u00e1lbum publicado en 2021, entr\u00f3 en su primera semana entre los 25 discos m\u00e1s escuchados de Espa\u00f1a, alcanzando los cuatro millones de reproducciones. En \u00e9l, se encuentran colaboraciones como <strong>Recycled J<\/strong>, <strong>Walls<\/strong>, <strong>Delgao<\/strong> y <strong>Shoda Monkas<\/strong>. Actualmente, las 10 canciones que componen el \u00e1lbum superan el mill\u00f3n de reproducciones, algunas de ellas llegando incluso a los m\u00e1s de 10 y 20 millones de escuchas. <\/p>\n\n\n\n<p class=\"has-small-font-size\">Tracklist <em>No me odio tanto:<\/em><br>&#8211; Roto<br>&#8211; No me odio tanto<br>&#8211; Mami<br>&#8211; Me has jodido el ciclo del sue\u00f1o<br>&#8211; Me da igual<br>&#8211; Cuenta conmigo<br>&#8211; Todo cambi\u00f3<br>&#8211; Tu lado de la cama<br>&#8211; Alguien pa ti<br>&#8211; Solo me conoces borracho<br>&#8211; Ya no me enamoro<br>&#8211; Aunque estoy mal<\/p>","protected":false},"excerpt":{"rendered":"<p>El primer concierto anunciado del \u00abNo me odio tanto Tour\u00bb tendr\u00e1 lugar el 23 de febrero de 2024 en el Palacio de los Deportes, Madrid Hace menos de 15 d\u00edas, Hens anunciaba la fecha de lanzamiento de su segundo disco, No me odio tanto, el 14 de abril. Asimismo, acaba de confirmar su primer concierto [&hellip;]<\/p>\n","protected":false},"author":1,"featured_media":253,"comment_status":"open","ping_status":"open","sticky":false,"template":"","format":"standard","meta":{"footnotes":""},"categories":[4],"tags":[],"class_list":["post-252","post","type-post","status-publish","format-standard","has-post-thumbnail","hentry","category-musica"],"yoast_head":"<!-- This site is optimized with the Yoast SEO plugin v27.4 - https:\/\/yoast.com\/product\/yoast-seo-wordpress\/ -->\n<title>Hens anuncia su primer WiZink Center &#8902; Una y Mil Letras<\/title>\n<meta name=\"robots\" content=\"index, follow, max-snippet:-1, max-image-preview:large, max-video-preview:-1\" \/>\n<link rel=\"canonical\" href=\"https:\/\/unaymilletras.com\/en\/hens-anuncia-su-primer-wizink-center\/\" \/>\n<meta property=\"og:locale\" content=\"en_GB\" \/>\n<meta property=\"og:type\" content=\"article\" \/>\n<meta property=\"og:title\" content=\"Hens anuncia su primer WiZink Center &#8902; Una y Mil Letras\" \/>\n<meta property=\"og:description\" content=\"El primer concierto anunciado del \u00abNo me odio tanto Tour\u00bb tendr\u00e1 lugar el 23 de febrero de 2024 en el Palacio de los Deportes, Madrid Hace menos de 15 d\u00edas, Hens anunciaba la fecha de lanzamiento de su segundo disco, No me odio tanto, el 14 de abril. Asimismo, acaba de confirmar su primer concierto [&hellip;]\" \/>\n<meta property=\"og:url\" content=\"https:\/\/unaymilletras.com\/en\/hens-anuncia-su-primer-wizink-center\/\" \/>\n<meta property=\"og:site_name\" content=\"Una y Mil Letras\" \/>\n<meta property=\"article:published_time\" content=\"2023-03-03T00:15:50+00:00\" \/>\n<meta property=\"og:image\" content=\"https:\/\/unaymilletras.com\/wp-content\/uploads\/2023\/03\/20230227130136-evento.png\" \/>\n\t<meta property=\"og:image:width\" content=\"940\" \/>\n\t<meta property=\"og:image:height\" content=\"450\" \/>\n\t<meta property=\"og:image:type\" content=\"image\/png\" \/>\n<meta name=\"author\" content=\"Maria Gil Robledo\" \/>\n<meta name=\"twitter:card\" content=\"summary_large_image\" \/>\n<meta name=\"twitter:creator\" content=\"@UnaYMilLetras\" \/>\n<meta name=\"twitter:site\" content=\"@UnaYMilLetras\" \/>\n<meta name=\"twitter:label1\" content=\"Written by\" \/>\n\t<meta name=\"twitter:data1\" content=\"Maria Gil Robledo\" \/>\n\t<meta name=\"twitter:label2\" content=\"Estimated reading time\" \/>\n\t<meta name=\"twitter:data2\" content=\"2 minutes\" \/>\n<script type=\"application\/ld+json\" class=\"yoast-schema-graph\">{\"@context\":\"https:\\\/\\\/schema.org\",\"@graph\":[{\"@type\":\"Article\",\"@id\":\"https:\\\/\\\/unaymilletras.com\\\/hens-anuncia-su-primer-wizink-center\\\/#article\",\"isPartOf\":{\"@id\":\"https:\\\/\\\/unaymilletras.com\\\/hens-anuncia-su-primer-wizink-center\\\/\"},\"author\":{\"name\":\"Maria Gil Robledo\",\"@id\":\"http:\\\/\\\/unaymilletras.com\\\/#\\\/schema\\\/person\\\/d55ba681b8a4e463d8982dbe36a5dc94\"},\"headline\":\"Hens anuncia su primer WiZink Center\",\"datePublished\":\"2023-03-03T00:15:50+00:00\",\"mainEntityOfPage\":{\"@id\":\"https:\\\/\\\/unaymilletras.com\\\/hens-anuncia-su-primer-wizink-center\\\/\"},\"wordCount\":390,\"commentCount\":1,\"publisher\":{\"@id\":\"http:\\\/\\\/unaymilletras.com\\\/#organization\"},\"image\":{\"@id\":\"https:\\\/\\\/unaymilletras.com\\\/hens-anuncia-su-primer-wizink-center\\\/#primaryimage\"},\"thumbnailUrl\":\"https:\\\/\\\/unaymilletras.com\\\/wp-content\\\/uploads\\\/2023\\\/03\\\/20230227130136-evento.png\",\"articleSection\":[\"M\u00fasica\"],\"inLanguage\":\"en-GB\",\"potentialAction\":[{\"@type\":\"CommentAction\",\"name\":\"Comment\",\"target\":[\"https:\\\/\\\/unaymilletras.com\\\/hens-anuncia-su-primer-wizink-center\\\/#respond\"]}]},{\"@type\":\"WebPage\",\"@id\":\"https:\\\/\\\/unaymilletras.com\\\/hens-anuncia-su-primer-wizink-center\\\/\",\"url\":\"https:\\\/\\\/unaymilletras.com\\\/hens-anuncia-su-primer-wizink-center\\\/\",\"name\":\"Hens anuncia su primer WiZink Center &#8902; Una y Mil Letras\",\"isPartOf\":{\"@id\":\"http:\\\/\\\/unaymilletras.com\\\/#website\"},\"primaryImageOfPage\":{\"@id\":\"https:\\\/\\\/unaymilletras.com\\\/hens-anuncia-su-primer-wizink-center\\\/#primaryimage\"},\"image\":{\"@id\":\"https:\\\/\\\/unaymilletras.com\\\/hens-anuncia-su-primer-wizink-center\\\/#primaryimage\"},\"thumbnailUrl\":\"https:\\\/\\\/unaymilletras.com\\\/wp-content\\\/uploads\\\/2023\\\/03\\\/20230227130136-evento.png\",\"datePublished\":\"2023-03-03T00:15:50+00:00\",\"breadcrumb\":{\"@id\":\"https:\\\/\\\/unaymilletras.com\\\/hens-anuncia-su-primer-wizink-center\\\/#breadcrumb\"},\"inLanguage\":\"en-GB\",\"potentialAction\":[{\"@type\":\"ReadAction\",\"target\":[\"https:\\\/\\\/unaymilletras.com\\\/hens-anuncia-su-primer-wizink-center\\\/\"]}]},{\"@type\":\"ImageObject\",\"inLanguage\":\"en-GB\",\"@id\":\"https:\\\/\\\/unaymilletras.com\\\/hens-anuncia-su-primer-wizink-center\\\/#primaryimage\",\"url\":\"https:\\\/\\\/unaymilletras.com\\\/wp-content\\\/uploads\\\/2023\\\/03\\\/20230227130136-evento.png\",\"contentUrl\":\"https:\\\/\\\/unaymilletras.com\\\/wp-content\\\/uploads\\\/2023\\\/03\\\/20230227130136-evento.png\",\"width\":940,\"height\":450},{\"@type\":\"BreadcrumbList\",\"@id\":\"https:\\\/\\\/unaymilletras.com\\\/hens-anuncia-su-primer-wizink-center\\\/#breadcrumb\",\"itemListElement\":[{\"@type\":\"ListItem\",\"position\":1,\"name\":\"Home\",\"item\":\"http:\\\/\\\/unaymilletras.com\\\/\"},{\"@type\":\"ListItem\",\"position\":2,\"name\":\"Hens anuncia su primer WiZink Center\"}]},{\"@type\":\"WebSite\",\"@id\":\"http:\\\/\\\/unaymilletras.com\\\/#website\",\"url\":\"http:\\\/\\\/unaymilletras.com\\\/\",\"name\":\"Una y Mil Letras\",\"description\":\"\",\"publisher\":{\"@id\":\"http:\\\/\\\/unaymilletras.com\\\/#organization\"},\"potentialAction\":[{\"@type\":\"SearchAction\",\"target\":{\"@type\":\"EntryPoint\",\"urlTemplate\":\"http:\\\/\\\/unaymilletras.com\\\/?s={search_term_string}\"},\"query-input\":{\"@type\":\"PropertyValueSpecification\",\"valueRequired\":true,\"valueName\":\"search_term_string\"}}],\"inLanguage\":\"en-GB\"},{\"@type\":\"Organization\",\"@id\":\"http:\\\/\\\/unaymilletras.com\\\/#organization\",\"name\":\"Una y Mil Letras\",\"url\":\"http:\\\/\\\/unaymilletras.com\\\/\",\"logo\":{\"@type\":\"ImageObject\",\"inLanguage\":\"en-GB\",\"@id\":\"http:\\\/\\\/unaymilletras.com\\\/#\\\/schema\\\/logo\\\/image\\\/\",\"url\":\"https:\\\/\\\/unaymilletras.com\\\/wp-content\\\/uploads\\\/2024\\\/06\\\/cropped-Logo-removebg-preview.png\",\"contentUrl\":\"https:\\\/\\\/unaymilletras.com\\\/wp-content\\\/uploads\\\/2024\\\/06\\\/cropped-Logo-removebg-preview.png\",\"width\":512,\"height\":512,\"caption\":\"Una y Mil Letras\"},\"image\":{\"@id\":\"http:\\\/\\\/unaymilletras.com\\\/#\\\/schema\\\/logo\\\/image\\\/\"},\"sameAs\":[\"https:\\\/\\\/x.com\\\/UnaYMilLetras\",\"https:\\\/\\\/instagram.com\\\/UnaYMilLetras\"]},{\"@type\":\"Person\",\"@id\":\"http:\\\/\\\/unaymilletras.com\\\/#\\\/schema\\\/person\\\/d55ba681b8a4e463d8982dbe36a5dc94\",\"name\":\"Maria Gil Robledo\",\"image\":{\"@type\":\"ImageObject\",\"inLanguage\":\"en-GB\",\"@id\":\"https:\\\/\\\/secure.gravatar.com\\\/avatar\\\/4b8e5102e0015789407eb4870b12f0f2857952d83ca124058f92b764bd1840c3?s=96&d=mm&r=g\",\"url\":\"https:\\\/\\\/secure.gravatar.com\\\/avatar\\\/4b8e5102e0015789407eb4870b12f0f2857952d83ca124058f92b764bd1840c3?s=96&d=mm&r=g\",\"contentUrl\":\"https:\\\/\\\/secure.gravatar.com\\\/avatar\\\/4b8e5102e0015789407eb4870b12f0f2857952d83ca124058f92b764bd1840c3?s=96&d=mm&r=g\",\"caption\":\"Maria Gil Robledo\"},\"sameAs\":[\"http:\\\/\\\/unaymilletras.com\"],\"url\":\"https:\\\/\\\/unaymilletras.com\\\/en\\\/author\\\/mariiagiil02_\\\/\"}]}<\/script>\n<!-- \/ Yoast SEO plugin. -->","yoast_head_json":{"title":"Hens anuncia su primer WiZink Center &#8902; Una y Mil Letras","robots":{"index":"index","follow":"follow","max-snippet":"max-snippet:-1","max-image-preview":"max-image-preview:large","max-video-preview":"max-video-preview:-1"},"canonical":"https:\/\/unaymilletras.com\/en\/hens-anuncia-su-primer-wizink-center\/","og_locale":"en_GB","og_type":"article","og_title":"Hens anuncia su primer WiZink Center &#8902; Una y Mil Letras","og_description":"El primer concierto anunciado del \u00abNo me odio tanto Tour\u00bb tendr\u00e1 lugar el 23 de febrero de 2024 en el Palacio de los Deportes, Madrid Hace menos de 15 d\u00edas, Hens anunciaba la fecha de lanzamiento de su segundo disco, No me odio tanto, el 14 de abril. Asimismo, acaba de confirmar su primer concierto [&hellip;]","og_url":"https:\/\/unaymilletras.com\/en\/hens-anuncia-su-primer-wizink-center\/","og_site_name":"Una y Mil Letras","article_published_time":"2023-03-03T00:15:50+00:00","og_image":[{"width":940,"height":450,"url":"https:\/\/unaymilletras.com\/wp-content\/uploads\/2023\/03\/20230227130136-evento.png","type":"image\/png"}],"author":"Maria Gil Robledo","twitter_card":"summary_large_image","twitter_creator":"@UnaYMilLetras","twitter_site":"@UnaYMilLetras","twitter_misc":{"Written by":"Maria Gil Robledo","Estimated reading time":"2 minutes"},"schema":{"@context":"https:\/\/schema.org","@graph":[{"@type":"Article","@id":"https:\/\/unaymilletras.com\/hens-anuncia-su-primer-wizink-center\/#article","isPartOf":{"@id":"https:\/\/unaymilletras.com\/hens-anuncia-su-primer-wizink-center\/"},"author":{"name":"Maria Gil Robledo","@id":"http:\/\/unaymilletras.com\/#\/schema\/person\/d55ba681b8a4e463d8982dbe36a5dc94"},"headline":"Hens anuncia su primer WiZink Center","datePublished":"2023-03-03T00:15:50+00:00","mainEntityOfPage":{"@id":"https:\/\/unaymilletras.com\/hens-anuncia-su-primer-wizink-center\/"},"wordCount":390,"commentCount":1,"publisher":{"@id":"http:\/\/unaymilletras.com\/#organization"},"image":{"@id":"https:\/\/unaymilletras.com\/hens-anuncia-su-primer-wizink-center\/#primaryimage"},"thumbnailUrl":"https:\/\/unaymilletras.com\/wp-content\/uploads\/2023\/03\/20230227130136-evento.png","articleSection":["M\u00fasica"],"inLanguage":"en-GB","potentialAction":[{"@type":"CommentAction","name":"Comment","target":["https:\/\/unaymilletras.com\/hens-anuncia-su-primer-wizink-center\/#respond"]}]},{"@type":"WebPage","@id":"https:\/\/unaymilletras.com\/hens-anuncia-su-primer-wizink-center\/","url":"https:\/\/unaymilletras.com\/hens-anuncia-su-primer-wizink-center\/","name":"Hens anuncia su primer WiZink Center &#8902; Una y Mil Letras","isPartOf":{"@id":"http:\/\/unaymilletras.com\/#website"},"primaryImageOfPage":{"@id":"https:\/\/unaymilletras.com\/hens-anuncia-su-primer-wizink-center\/#primaryimage"},"image":{"@id":"https:\/\/unaymilletras.com\/hens-anuncia-su-primer-wizink-center\/#primaryimage"},"thumbnailUrl":"https:\/\/unaymilletras.com\/wp-content\/uploads\/2023\/03\/20230227130136-evento.png","datePublished":"2023-03-03T00:15:50+00:00","breadcrumb":{"@id":"https:\/\/unaymilletras.com\/hens-anuncia-su-primer-wizink-center\/#breadcrumb"},"inLanguage":"en-GB","potentialAction":[{"@type":"ReadAction","target":["https:\/\/unaymilletras.com\/hens-anuncia-su-primer-wizink-center\/"]}]},{"@type":"ImageObject","inLanguage":"en-GB","@id":"https:\/\/unaymilletras.com\/hens-anuncia-su-primer-wizink-center\/#primaryimage","url":"https:\/\/unaymilletras.com\/wp-content\/uploads\/2023\/03\/20230227130136-evento.png","contentUrl":"https:\/\/unaymilletras.com\/wp-content\/uploads\/2023\/03\/20230227130136-evento.png","width":940,"height":450},{"@type":"BreadcrumbList","@id":"https:\/\/unaymilletras.com\/hens-anuncia-su-primer-wizink-center\/#breadcrumb","itemListElement":[{"@type":"ListItem","position":1,"name":"Home","item":"http:\/\/unaymilletras.com\/"},{"@type":"ListItem","position":2,"name":"Hens anuncia su primer WiZink Center"}]},{"@type":"WebSite","@id":"http:\/\/unaymilletras.com\/#website","url":"http:\/\/unaymilletras.com\/","name":"Una y Mil Letras","description":"","publisher":{"@id":"http:\/\/unaymilletras.com\/#organization"},"potentialAction":[{"@type":"SearchAction","target":{"@type":"EntryPoint","urlTemplate":"http:\/\/unaymilletras.com\/?s={search_term_string}"},"query-input":{"@type":"PropertyValueSpecification","valueRequired":true,"valueName":"search_term_string"}}],"inLanguage":"en-GB"},{"@type":"Organization","@id":"http:\/\/unaymilletras.com\/#organization","name":"Una y Mil Letras","url":"http:\/\/unaymilletras.com\/","logo":{"@type":"ImageObject","inLanguage":"en-GB","@id":"http:\/\/unaymilletras.com\/#\/schema\/logo\/image\/","url":"https:\/\/unaymilletras.com\/wp-content\/uploads\/2024\/06\/cropped-Logo-removebg-preview.png","contentUrl":"https:\/\/unaymilletras.com\/wp-content\/uploads\/2024\/06\/cropped-Logo-removebg-preview.png","width":512,"height":512,"caption":"Una y Mil Letras"},"image":{"@id":"http:\/\/unaymilletras.com\/#\/schema\/logo\/image\/"},"sameAs":["https:\/\/x.com\/UnaYMilLetras","https:\/\/instagram.com\/UnaYMilLetras"]},{"@type":"Person","@id":"http:\/\/unaymilletras.com\/#\/schema\/person\/d55ba681b8a4e463d8982dbe36a5dc94","name":"Maria Gil Robledo","image":{"@type":"ImageObject","inLanguage":"en-GB","@id":"https:\/\/secure.gravatar.com\/avatar\/4b8e5102e0015789407eb4870b12f0f2857952d83ca124058f92b764bd1840c3?s=96&d=mm&r=g","url":"https:\/\/secure.gravatar.com\/avatar\/4b8e5102e0015789407eb4870b12f0f2857952d83ca124058f92b764bd1840c3?s=96&d=mm&r=g","contentUrl":"https:\/\/secure.gravatar.com\/avatar\/4b8e5102e0015789407eb4870b12f0f2857952d83ca124058f92b764bd1840c3?s=96&d=mm&r=g","caption":"Maria Gil Robledo"},"sameAs":["http:\/\/unaymilletras.com"],"url":"https:\/\/unaymilletras.com\/en\/author\/mariiagiil02_\/"}]}},"_links":{"self":[{"href":"https:\/\/unaymilletras.com\/en\/wp-json\/wp\/v2\/posts\/252","targetHints":{"allow":["GET"]}}],"collection":[{"href":"https:\/\/unaymilletras.com\/en\/wp-json\/wp\/v2\/posts"}],"about":[{"href":"https:\/\/unaymilletras.com\/en\/wp-json\/wp\/v2\/types\/post"}],"author":[{"embeddable":true,"href":"https:\/\/unaymilletras.com\/en\/wp-json\/wp\/v2\/users\/1"}],"replies":[{"embeddable":true,"href":"https:\/\/unaymilletras.com\/en\/wp-json\/wp\/v2\/comments?post=252"}],"version-history":[{"count":0,"href":"https:\/\/unaymilletras.com\/en\/wp-json\/wp\/v2\/posts\/252\/revisions"}],"wp:featuredmedia":[{"embeddable":true,"href":"https:\/\/unaymilletras.com\/en\/wp-json\/wp\/v2\/media\/253"}],"wp:attachment":[{"href":"https:\/\/unaymilletras.com\/en\/wp-json\/wp\/v2\/media?parent=252"}],"wp:term":[{"taxonomy":"category","embeddable":true,"href":"https:\/\/unaymilletras.com\/en\/wp-json\/wp\/v2\/categories?post=252"},{"taxonomy":"post_tag","embeddable":true,"href":"https:\/\/unaymilletras.com\/en\/wp-json\/wp\/v2\/tags?post=252"}],"curies":[{"name":"wp","href":"https:\/\/api.w.org\/{rel}","templated":true}]}}