{"id":2543,"date":"2024-04-26T18:25:51","date_gmt":"2024-04-26T16:25:51","guid":{"rendered":"https:\/\/unaymilletras.com\/?p=2543"},"modified":"2024-04-26T18:41:11","modified_gmt":"2024-04-26T16:41:11","slug":"she-sounds-vuelve-el-proximo-29-y-30-de-mayo","status":"publish","type":"post","link":"https:\/\/unaymilletras.com\/en\/she-sounds-vuelve-el-proximo-29-y-30-de-mayo\/","title":{"rendered":"SHE SOUNDS vuelve el pr\u00f3ximo 29 y 30 de mayo"},"content":{"rendered":"<div data-elementor-type=\"wp-post\" data-elementor-id=\"2543\" class=\"elementor elementor-2543\">\n\t\t\t\t\t\t<section class=\"elementor-section elementor-top-section elementor-element elementor-element-097fcd4 elementor-section-boxed elementor-section-height-default elementor-section-height-default\" data-id=\"097fcd4\" data-element_type=\"section\" data-e-type=\"section\">\n\t\t\t\t\t\t<div class=\"elementor-container elementor-column-gap-default\">\n\t\t\t\t\t<div class=\"elementor-column elementor-col-100 elementor-top-column elementor-element elementor-element-2474253\" data-id=\"2474253\" data-element_type=\"column\" data-e-type=\"column\">\n\t\t\t<div class=\"elementor-widget-wrap elementor-element-populated\">\n\t\t\t\t\t\t<div class=\"elementor-element elementor-element-10d650c elementor-widget elementor-widget-text-editor\" data-id=\"10d650c\" data-element_type=\"widget\" data-e-type=\"widget\" data-widget_type=\"text-editor.default\">\n\t\t\t\t<div class=\"elementor-widget-container\">\n\t\t\t\t\t\t\t\t\t<h2 style=\"text-align: center;\"><span style=\"color: #808080;\"><em>Sara Socas, Mafalda Cardenal o Marlena entre otras estar\u00e1n en la nueva edici\u00f3n de SHE SOUNDS<\/em><\/span><\/h2>\t\t\t\t\t\t\t\t<\/div>\n\t\t\t\t<\/div>\n\t\t\t\t\t<\/div>\n\t\t<\/div>\n\t\t\t\t\t<\/div>\n\t\t<\/section>\n\t\t\t\t<section class=\"elementor-section elementor-top-section elementor-element elementor-element-ccdc3bf elementor-section-boxed elementor-section-height-default elementor-section-height-default\" data-id=\"ccdc3bf\" data-element_type=\"section\" data-e-type=\"section\">\n\t\t\t\t\t\t<div class=\"elementor-container elementor-column-gap-default\">\n\t\t\t\t\t<div class=\"elementor-column elementor-col-100 elementor-top-column elementor-element elementor-element-789fbe9\" data-id=\"789fbe9\" data-element_type=\"column\" data-e-type=\"column\">\n\t\t\t<div class=\"elementor-widget-wrap elementor-element-populated\">\n\t\t\t\t\t\t<div class=\"elementor-element elementor-element-025b73c elementor-widget elementor-widget-text-editor\" data-id=\"025b73c\" data-element_type=\"widget\" data-e-type=\"widget\" data-widget_type=\"text-editor.default\">\n\t\t\t\t<div class=\"elementor-widget-container\">\n\t\t\t\t\t\t\t\t\t<p>Un a\u00f1o m\u00e1s, <strong>Warner Music Group<\/strong> impulsa <strong>SHE SOUNDS<\/strong> con el fin de reivindicar el papel de la mujer en la industria musical. El <strong>29 y 30 de mayo<\/strong> tendr\u00e1n lugar en <strong>The<\/strong> <strong>Music Station, Pr\u00edncipe P\u00edo<\/strong>, las distintas sesiones y charlas abiertas al p\u00fablico. Un camp de composici\u00f3n donde compositoras y artistas trabajar\u00e1n de la mano adem\u00e1s de ofrecer conciertos y m\u00fasica en directo.<\/p>\t\t\t\t\t\t\t\t<\/div>\n\t\t\t\t<\/div>\n\t\t\t\t\t<\/div>\n\t\t<\/div>\n\t\t\t\t\t<\/div>\n\t\t<\/section>\n\t\t\t\t<section class=\"elementor-section elementor-top-section elementor-element elementor-element-5afa060 elementor-section-boxed elementor-section-height-default elementor-section-height-default\" data-id=\"5afa060\" data-element_type=\"section\" data-e-type=\"section\">\n\t\t\t\t\t\t<div class=\"elementor-container elementor-column-gap-default\">\n\t\t\t\t\t<div class=\"elementor-column elementor-col-50 elementor-top-column elementor-element elementor-element-ac94cc0\" data-id=\"ac94cc0\" data-element_type=\"column\" data-e-type=\"column\">\n\t\t\t<div class=\"elementor-widget-wrap elementor-element-populated\">\n\t\t\t\t\t\t<div class=\"elementor-element elementor-element-345938a elementor-widget elementor-widget-image\" data-id=\"345938a\" data-element_type=\"widget\" data-e-type=\"widget\" data-widget_type=\"image.default\">\n\t\t\t\t<div class=\"elementor-widget-container\">\n\t\t\t\t\t\t\t\t\t\t\t\t\t\t\t<img fetchpriority=\"high\" decoding=\"async\" width=\"424\" height=\"529\" src=\"https:\/\/unaymilletras.com\/wp-content\/uploads\/2024\/04\/She-sounds.jpeg\" class=\"attachment-large size-large wp-image-2546\" alt=\"SHe sounds\" srcset=\"https:\/\/unaymilletras.com\/wp-content\/uploads\/2024\/04\/She-sounds.jpeg 424w, https:\/\/unaymilletras.com\/wp-content\/uploads\/2024\/04\/She-sounds-240x300.jpeg 240w\" sizes=\"(max-width: 424px) 100vw, 424px\" \/>\t\t\t\t\t\t\t\t\t\t\t\t\t\t\t<\/div>\n\t\t\t\t<\/div>\n\t\t\t\t\t<\/div>\n\t\t<\/div>\n\t\t\t\t<div class=\"elementor-column elementor-col-50 elementor-top-column elementor-element elementor-element-de27085\" data-id=\"de27085\" data-element_type=\"column\" data-e-type=\"column\">\n\t\t\t<div class=\"elementor-widget-wrap elementor-element-populated\">\n\t\t\t\t\t\t<div class=\"elementor-element elementor-element-a530785 elementor-widget elementor-widget-text-editor\" data-id=\"a530785\" data-element_type=\"widget\" data-e-type=\"widget\" data-widget_type=\"text-editor.default\">\n\t\t\t\t<div class=\"elementor-widget-container\">\n\t\t\t\t\t\t\t\t\t<p>Ya se conocen a las primeras confirmadas de este evento: <strong>Sara Socas<\/strong>, <strong>Las Ninyas<\/strong> <strong>del Corro<\/strong>, <strong>Marlena<\/strong>, <strong>Mafalda<\/strong> <strong>Cardenal<\/strong> y <strong>Blackpanda<\/strong>. Esto no es todo ya que en los pr\u00f3ximos d\u00edas se incluir\u00e1n m\u00e1s invitadas a la lista.<\/p>\n<p>En primer lugar, habr\u00e1 una ponencia en la que se profundizar\u00e1 en <strong>el papel de la mujer y su perspectiva en la m\u00fasica urbana<\/strong>. Con ella se la noci\u00f3n de masculinidad que rodea al hip hop. Durante la charla charlar\u00e1n la freestyler Sara Socas, el grupo de rap Las Ninyas del Corro y Sonia Cuevas, fundadora de la discogr\u00e1fica Zona Bruta.<\/p>\t\t\t\t\t\t\t\t<\/div>\n\t\t\t\t<\/div>\n\t\t\t\t\t<\/div>\n\t\t<\/div>\n\t\t\t\t\t<\/div>\n\t\t<\/section>\n\t\t\t\t<section class=\"elementor-section elementor-top-section elementor-element elementor-element-b6c944b elementor-section-boxed elementor-section-height-default elementor-section-height-default\" data-id=\"b6c944b\" data-element_type=\"section\" data-e-type=\"section\">\n\t\t\t\t\t\t<div class=\"elementor-container elementor-column-gap-default\">\n\t\t\t\t\t<div class=\"elementor-column elementor-col-100 elementor-top-column elementor-element elementor-element-4e6e3ec\" data-id=\"4e6e3ec\" data-element_type=\"column\" data-e-type=\"column\">\n\t\t\t<div class=\"elementor-widget-wrap elementor-element-populated\">\n\t\t\t\t\t\t<div class=\"elementor-element elementor-element-cbabd6c elementor-widget elementor-widget-text-editor\" data-id=\"cbabd6c\" data-element_type=\"widget\" data-e-type=\"widget\" data-widget_type=\"text-editor.default\">\n\t\t\t\t<div class=\"elementor-widget-container\">\n\t\t\t\t\t\t\t\t\t<p>Por otro lado, El d\u00fao Blackpanda, Mafalda Cardenal y Marlena participar\u00e1n en las sesiones de m\u00fasica en directo. Ser\u00e1n unos conciertos que tendr\u00e1n lugar en. El lugar durante el evento. Pero, a\u00fan faltan artistas por confirmar.<\/p><p>Durante el mes de mayo esta iniciativa reunir\u00e1 a mujeres de todo el sector, como artistas, productoras y compositoras de varios sellos discogr\u00e1ficos. Con ello se pretende que compartan sinergias, puntos de vista, experiencia y talento todo ello en un mismo lugar.<\/p><p><strong>Diana Izaguille<\/strong>, A&amp;R Manager de Warner Music Group insiste en que es importante crear espacios de encuentro donde se muestre el trabajo de las mujeres:<\/p><p style=\"text-align: center;\"><em>\u00abS<\/em><em>HE SOUNDS<\/em><em>\u00a0nace con el prop\u00f3sito fundamental de subrayar e impulsar el papel de la mujer en la m\u00fasica. A pesar de los \u00faltimos progresos en materia de igualdad, se trata de una industria en la que a\u00fan queda mucho por conseguir. Para Warner Music Group es esencial llevar a cabo este tipo de iniciativas que ayuden a promover y visibilizar el enorme talento femenino que nos rodea. Es algo en lo que todo el sector coincide. Por eso queremos mostrar la m\u00fasica compuesta, interpretada y producida por mujeres, de todos los sellos discogr\u00e1ficos.\u00bb<\/em><\/p>\t\t\t\t\t\t\t\t<\/div>\n\t\t\t\t<\/div>\n\t\t\t\t\t<\/div>\n\t\t<\/div>\n\t\t\t\t\t<\/div>\n\t\t<\/section>\n\t\t\t\t<\/div>","protected":false},"excerpt":{"rendered":"<p>Sara Socas, Mafalda Cardenal o Marlena entre otras estar\u00e1n en la nueva edici\u00f3n de SHE SOUNDS Un a\u00f1o m\u00e1s, Warner Music Group impulsa SHE SOUNDS con el fin de reivindicar el papel de la mujer en la industria musical. El 29 y 30 de mayo tendr\u00e1n lugar en The Music Station, Pr\u00edncipe P\u00edo, las distintas [&hellip;]<\/p>\n","protected":false},"author":1,"featured_media":2546,"comment_status":"open","ping_status":"open","sticky":false,"template":"","format":"standard","meta":{"footnotes":""},"categories":[4],"tags":[],"class_list":["post-2543","post","type-post","status-publish","format-standard","has-post-thumbnail","hentry","category-musica"],"yoast_head":"<!-- This site is optimized with the Yoast SEO plugin v27.4 - https:\/\/yoast.com\/product\/yoast-seo-wordpress\/ -->\n<title>SHE SOUNDS vuelve el pr\u00f3ximo 29 y 30 de mayo &#8902; Una y Mil Letras<\/title>\n<meta name=\"description\" content=\"Sara Socas, Mafalda Cardenal o Marlena entre otras estar\u00e1n en la nueva edici\u00f3n de SHE SOUNDS, impulsada por Warner Music Group\" \/>\n<meta name=\"robots\" content=\"index, follow, max-snippet:-1, max-image-preview:large, max-video-preview:-1\" \/>\n<link rel=\"canonical\" href=\"https:\/\/unaymilletras.com\/en\/she-sounds-vuelve-el-proximo-29-y-30-de-mayo\/\" \/>\n<meta property=\"og:locale\" content=\"en_GB\" \/>\n<meta property=\"og:type\" content=\"article\" \/>\n<meta property=\"og:title\" content=\"SHE SOUNDS vuelve el pr\u00f3ximo 29 y 30 de mayo &#8902; Una y Mil Letras\" \/>\n<meta property=\"og:description\" content=\"Sara Socas, Mafalda Cardenal o Marlena entre otras estar\u00e1n en la nueva edici\u00f3n de SHE SOUNDS, impulsada por Warner Music Group\" \/>\n<meta property=\"og:url\" content=\"https:\/\/unaymilletras.com\/en\/she-sounds-vuelve-el-proximo-29-y-30-de-mayo\/\" \/>\n<meta property=\"og:site_name\" content=\"Una y Mil Letras\" \/>\n<meta property=\"article:published_time\" content=\"2024-04-26T16:25:51+00:00\" \/>\n<meta property=\"article:modified_time\" content=\"2024-04-26T16:41:11+00:00\" \/>\n<meta property=\"og:image\" content=\"http:\/\/unaymilletras.com\/wp-content\/uploads\/2024\/04\/She-sounds.jpeg\" \/>\n\t<meta property=\"og:image:width\" content=\"424\" \/>\n\t<meta property=\"og:image:height\" content=\"529\" \/>\n\t<meta property=\"og:image:type\" content=\"image\/jpeg\" \/>\n<meta name=\"author\" content=\"Maria Gil Robledo\" \/>\n<meta name=\"twitter:card\" content=\"summary_large_image\" \/>\n<meta name=\"twitter:creator\" content=\"@UnaYMilLetras\" \/>\n<meta name=\"twitter:site\" content=\"@UnaYMilLetras\" \/>\n<meta name=\"twitter:label1\" content=\"Written by\" \/>\n\t<meta name=\"twitter:data1\" content=\"Maria Gil Robledo\" \/>\n\t<meta name=\"twitter:label2\" content=\"Estimated reading time\" \/>\n\t<meta name=\"twitter:data2\" content=\"2 minutes\" \/>\n<script type=\"application\/ld+json\" class=\"yoast-schema-graph\">{\"@context\":\"https:\\\/\\\/schema.org\",\"@graph\":[{\"@type\":\"Article\",\"@id\":\"https:\\\/\\\/unaymilletras.com\\\/she-sounds-vuelve-el-proximo-29-y-30-de-mayo\\\/#article\",\"isPartOf\":{\"@id\":\"https:\\\/\\\/unaymilletras.com\\\/she-sounds-vuelve-el-proximo-29-y-30-de-mayo\\\/\"},\"author\":{\"name\":\"Maria Gil Robledo\",\"@id\":\"http:\\\/\\\/unaymilletras.com\\\/#\\\/schema\\\/person\\\/d55ba681b8a4e463d8982dbe36a5dc94\"},\"headline\":\"SHE SOUNDS vuelve el pr\u00f3ximo 29 y 30 de mayo\",\"datePublished\":\"2024-04-26T16:25:51+00:00\",\"dateModified\":\"2024-04-26T16:41:11+00:00\",\"mainEntityOfPage\":{\"@id\":\"https:\\\/\\\/unaymilletras.com\\\/she-sounds-vuelve-el-proximo-29-y-30-de-mayo\\\/\"},\"wordCount\":419,\"commentCount\":0,\"publisher\":{\"@id\":\"http:\\\/\\\/unaymilletras.com\\\/#organization\"},\"image\":{\"@id\":\"https:\\\/\\\/unaymilletras.com\\\/she-sounds-vuelve-el-proximo-29-y-30-de-mayo\\\/#primaryimage\"},\"thumbnailUrl\":\"https:\\\/\\\/unaymilletras.com\\\/wp-content\\\/uploads\\\/2024\\\/04\\\/She-sounds.jpeg\",\"articleSection\":[\"M\u00fasica\"],\"inLanguage\":\"en-GB\",\"potentialAction\":[{\"@type\":\"CommentAction\",\"name\":\"Comment\",\"target\":[\"https:\\\/\\\/unaymilletras.com\\\/she-sounds-vuelve-el-proximo-29-y-30-de-mayo\\\/#respond\"]}]},{\"@type\":\"WebPage\",\"@id\":\"https:\\\/\\\/unaymilletras.com\\\/she-sounds-vuelve-el-proximo-29-y-30-de-mayo\\\/\",\"url\":\"https:\\\/\\\/unaymilletras.com\\\/she-sounds-vuelve-el-proximo-29-y-30-de-mayo\\\/\",\"name\":\"SHE SOUNDS vuelve el pr\u00f3ximo 29 y 30 de mayo &#8902; Una y Mil Letras\",\"isPartOf\":{\"@id\":\"http:\\\/\\\/unaymilletras.com\\\/#website\"},\"primaryImageOfPage\":{\"@id\":\"https:\\\/\\\/unaymilletras.com\\\/she-sounds-vuelve-el-proximo-29-y-30-de-mayo\\\/#primaryimage\"},\"image\":{\"@id\":\"https:\\\/\\\/unaymilletras.com\\\/she-sounds-vuelve-el-proximo-29-y-30-de-mayo\\\/#primaryimage\"},\"thumbnailUrl\":\"https:\\\/\\\/unaymilletras.com\\\/wp-content\\\/uploads\\\/2024\\\/04\\\/She-sounds.jpeg\",\"datePublished\":\"2024-04-26T16:25:51+00:00\",\"dateModified\":\"2024-04-26T16:41:11+00:00\",\"description\":\"Sara Socas, Mafalda Cardenal o Marlena entre otras estar\u00e1n en la nueva edici\u00f3n de SHE SOUNDS, impulsada por Warner Music Group\",\"breadcrumb\":{\"@id\":\"https:\\\/\\\/unaymilletras.com\\\/she-sounds-vuelve-el-proximo-29-y-30-de-mayo\\\/#breadcrumb\"},\"inLanguage\":\"en-GB\",\"potentialAction\":[{\"@type\":\"ReadAction\",\"target\":[\"https:\\\/\\\/unaymilletras.com\\\/she-sounds-vuelve-el-proximo-29-y-30-de-mayo\\\/\"]}]},{\"@type\":\"ImageObject\",\"inLanguage\":\"en-GB\",\"@id\":\"https:\\\/\\\/unaymilletras.com\\\/she-sounds-vuelve-el-proximo-29-y-30-de-mayo\\\/#primaryimage\",\"url\":\"https:\\\/\\\/unaymilletras.com\\\/wp-content\\\/uploads\\\/2024\\\/04\\\/She-sounds.jpeg\",\"contentUrl\":\"https:\\\/\\\/unaymilletras.com\\\/wp-content\\\/uploads\\\/2024\\\/04\\\/She-sounds.jpeg\",\"width\":424,\"height\":529,\"caption\":\"SHe sounds\"},{\"@type\":\"BreadcrumbList\",\"@id\":\"https:\\\/\\\/unaymilletras.com\\\/she-sounds-vuelve-el-proximo-29-y-30-de-mayo\\\/#breadcrumb\",\"itemListElement\":[{\"@type\":\"ListItem\",\"position\":1,\"name\":\"Home\",\"item\":\"http:\\\/\\\/unaymilletras.com\\\/\"},{\"@type\":\"ListItem\",\"position\":2,\"name\":\"SHE SOUNDS vuelve el pr\u00f3ximo 29 y 30 de mayo\"}]},{\"@type\":\"WebSite\",\"@id\":\"http:\\\/\\\/unaymilletras.com\\\/#website\",\"url\":\"http:\\\/\\\/unaymilletras.com\\\/\",\"name\":\"Una y Mil Letras\",\"description\":\"\",\"publisher\":{\"@id\":\"http:\\\/\\\/unaymilletras.com\\\/#organization\"},\"potentialAction\":[{\"@type\":\"SearchAction\",\"target\":{\"@type\":\"EntryPoint\",\"urlTemplate\":\"http:\\\/\\\/unaymilletras.com\\\/?s={search_term_string}\"},\"query-input\":{\"@type\":\"PropertyValueSpecification\",\"valueRequired\":true,\"valueName\":\"search_term_string\"}}],\"inLanguage\":\"en-GB\"},{\"@type\":\"Organization\",\"@id\":\"http:\\\/\\\/unaymilletras.com\\\/#organization\",\"name\":\"Una y Mil Letras\",\"url\":\"http:\\\/\\\/unaymilletras.com\\\/\",\"logo\":{\"@type\":\"ImageObject\",\"inLanguage\":\"en-GB\",\"@id\":\"http:\\\/\\\/unaymilletras.com\\\/#\\\/schema\\\/logo\\\/image\\\/\",\"url\":\"https:\\\/\\\/unaymilletras.com\\\/wp-content\\\/uploads\\\/2024\\\/06\\\/cropped-Logo-removebg-preview.png\",\"contentUrl\":\"https:\\\/\\\/unaymilletras.com\\\/wp-content\\\/uploads\\\/2024\\\/06\\\/cropped-Logo-removebg-preview.png\",\"width\":512,\"height\":512,\"caption\":\"Una y Mil Letras\"},\"image\":{\"@id\":\"http:\\\/\\\/unaymilletras.com\\\/#\\\/schema\\\/logo\\\/image\\\/\"},\"sameAs\":[\"https:\\\/\\\/x.com\\\/UnaYMilLetras\",\"https:\\\/\\\/instagram.com\\\/UnaYMilLetras\"]},{\"@type\":\"Person\",\"@id\":\"http:\\\/\\\/unaymilletras.com\\\/#\\\/schema\\\/person\\\/d55ba681b8a4e463d8982dbe36a5dc94\",\"name\":\"Maria Gil Robledo\",\"image\":{\"@type\":\"ImageObject\",\"inLanguage\":\"en-GB\",\"@id\":\"https:\\\/\\\/secure.gravatar.com\\\/avatar\\\/4b8e5102e0015789407eb4870b12f0f2857952d83ca124058f92b764bd1840c3?s=96&d=mm&r=g\",\"url\":\"https:\\\/\\\/secure.gravatar.com\\\/avatar\\\/4b8e5102e0015789407eb4870b12f0f2857952d83ca124058f92b764bd1840c3?s=96&d=mm&r=g\",\"contentUrl\":\"https:\\\/\\\/secure.gravatar.com\\\/avatar\\\/4b8e5102e0015789407eb4870b12f0f2857952d83ca124058f92b764bd1840c3?s=96&d=mm&r=g\",\"caption\":\"Maria Gil Robledo\"},\"sameAs\":[\"http:\\\/\\\/unaymilletras.com\"],\"url\":\"https:\\\/\\\/unaymilletras.com\\\/en\\\/author\\\/mariiagiil02_\\\/\"}]}<\/script>\n<!-- \/ Yoast SEO plugin. -->","yoast_head_json":{"title":"SHE SOUNDS vuelve el pr\u00f3ximo 29 y 30 de mayo &#8902; Una y Mil Letras","description":"Sara Socas, Mafalda Cardenal o Marlena entre otras estar\u00e1n en la nueva edici\u00f3n de SHE SOUNDS, impulsada por Warner Music Group","robots":{"index":"index","follow":"follow","max-snippet":"max-snippet:-1","max-image-preview":"max-image-preview:large","max-video-preview":"max-video-preview:-1"},"canonical":"https:\/\/unaymilletras.com\/en\/she-sounds-vuelve-el-proximo-29-y-30-de-mayo\/","og_locale":"en_GB","og_type":"article","og_title":"SHE SOUNDS vuelve el pr\u00f3ximo 29 y 30 de mayo &#8902; Una y Mil Letras","og_description":"Sara Socas, Mafalda Cardenal o Marlena entre otras estar\u00e1n en la nueva edici\u00f3n de SHE SOUNDS, impulsada por Warner Music Group","og_url":"https:\/\/unaymilletras.com\/en\/she-sounds-vuelve-el-proximo-29-y-30-de-mayo\/","og_site_name":"Una y Mil Letras","article_published_time":"2024-04-26T16:25:51+00:00","article_modified_time":"2024-04-26T16:41:11+00:00","og_image":[{"width":424,"height":529,"url":"http:\/\/unaymilletras.com\/wp-content\/uploads\/2024\/04\/She-sounds.jpeg","type":"image\/jpeg"}],"author":"Maria Gil Robledo","twitter_card":"summary_large_image","twitter_creator":"@UnaYMilLetras","twitter_site":"@UnaYMilLetras","twitter_misc":{"Written by":"Maria Gil Robledo","Estimated reading time":"2 minutes"},"schema":{"@context":"https:\/\/schema.org","@graph":[{"@type":"Article","@id":"https:\/\/unaymilletras.com\/she-sounds-vuelve-el-proximo-29-y-30-de-mayo\/#article","isPartOf":{"@id":"https:\/\/unaymilletras.com\/she-sounds-vuelve-el-proximo-29-y-30-de-mayo\/"},"author":{"name":"Maria Gil Robledo","@id":"http:\/\/unaymilletras.com\/#\/schema\/person\/d55ba681b8a4e463d8982dbe36a5dc94"},"headline":"SHE SOUNDS vuelve el pr\u00f3ximo 29 y 30 de mayo","datePublished":"2024-04-26T16:25:51+00:00","dateModified":"2024-04-26T16:41:11+00:00","mainEntityOfPage":{"@id":"https:\/\/unaymilletras.com\/she-sounds-vuelve-el-proximo-29-y-30-de-mayo\/"},"wordCount":419,"commentCount":0,"publisher":{"@id":"http:\/\/unaymilletras.com\/#organization"},"image":{"@id":"https:\/\/unaymilletras.com\/she-sounds-vuelve-el-proximo-29-y-30-de-mayo\/#primaryimage"},"thumbnailUrl":"https:\/\/unaymilletras.com\/wp-content\/uploads\/2024\/04\/She-sounds.jpeg","articleSection":["M\u00fasica"],"inLanguage":"en-GB","potentialAction":[{"@type":"CommentAction","name":"Comment","target":["https:\/\/unaymilletras.com\/she-sounds-vuelve-el-proximo-29-y-30-de-mayo\/#respond"]}]},{"@type":"WebPage","@id":"https:\/\/unaymilletras.com\/she-sounds-vuelve-el-proximo-29-y-30-de-mayo\/","url":"https:\/\/unaymilletras.com\/she-sounds-vuelve-el-proximo-29-y-30-de-mayo\/","name":"SHE SOUNDS vuelve el pr\u00f3ximo 29 y 30 de mayo &#8902; Una y Mil Letras","isPartOf":{"@id":"http:\/\/unaymilletras.com\/#website"},"primaryImageOfPage":{"@id":"https:\/\/unaymilletras.com\/she-sounds-vuelve-el-proximo-29-y-30-de-mayo\/#primaryimage"},"image":{"@id":"https:\/\/unaymilletras.com\/she-sounds-vuelve-el-proximo-29-y-30-de-mayo\/#primaryimage"},"thumbnailUrl":"https:\/\/unaymilletras.com\/wp-content\/uploads\/2024\/04\/She-sounds.jpeg","datePublished":"2024-04-26T16:25:51+00:00","dateModified":"2024-04-26T16:41:11+00:00","description":"Sara Socas, Mafalda Cardenal o Marlena entre otras estar\u00e1n en la nueva edici\u00f3n de SHE SOUNDS, impulsada por Warner Music Group","breadcrumb":{"@id":"https:\/\/unaymilletras.com\/she-sounds-vuelve-el-proximo-29-y-30-de-mayo\/#breadcrumb"},"inLanguage":"en-GB","potentialAction":[{"@type":"ReadAction","target":["https:\/\/unaymilletras.com\/she-sounds-vuelve-el-proximo-29-y-30-de-mayo\/"]}]},{"@type":"ImageObject","inLanguage":"en-GB","@id":"https:\/\/unaymilletras.com\/she-sounds-vuelve-el-proximo-29-y-30-de-mayo\/#primaryimage","url":"https:\/\/unaymilletras.com\/wp-content\/uploads\/2024\/04\/She-sounds.jpeg","contentUrl":"https:\/\/unaymilletras.com\/wp-content\/uploads\/2024\/04\/She-sounds.jpeg","width":424,"height":529,"caption":"SHe sounds"},{"@type":"BreadcrumbList","@id":"https:\/\/unaymilletras.com\/she-sounds-vuelve-el-proximo-29-y-30-de-mayo\/#breadcrumb","itemListElement":[{"@type":"ListItem","position":1,"name":"Home","item":"http:\/\/unaymilletras.com\/"},{"@type":"ListItem","position":2,"name":"SHE SOUNDS vuelve el pr\u00f3ximo 29 y 30 de mayo"}]},{"@type":"WebSite","@id":"http:\/\/unaymilletras.com\/#website","url":"http:\/\/unaymilletras.com\/","name":"Una y Mil Letras","description":"","publisher":{"@id":"http:\/\/unaymilletras.com\/#organization"},"potentialAction":[{"@type":"SearchAction","target":{"@type":"EntryPoint","urlTemplate":"http:\/\/unaymilletras.com\/?s={search_term_string}"},"query-input":{"@type":"PropertyValueSpecification","valueRequired":true,"valueName":"search_term_string"}}],"inLanguage":"en-GB"},{"@type":"Organization","@id":"http:\/\/unaymilletras.com\/#organization","name":"Una y Mil Letras","url":"http:\/\/unaymilletras.com\/","logo":{"@type":"ImageObject","inLanguage":"en-GB","@id":"http:\/\/unaymilletras.com\/#\/schema\/logo\/image\/","url":"https:\/\/unaymilletras.com\/wp-content\/uploads\/2024\/06\/cropped-Logo-removebg-preview.png","contentUrl":"https:\/\/unaymilletras.com\/wp-content\/uploads\/2024\/06\/cropped-Logo-removebg-preview.png","width":512,"height":512,"caption":"Una y Mil Letras"},"image":{"@id":"http:\/\/unaymilletras.com\/#\/schema\/logo\/image\/"},"sameAs":["https:\/\/x.com\/UnaYMilLetras","https:\/\/instagram.com\/UnaYMilLetras"]},{"@type":"Person","@id":"http:\/\/unaymilletras.com\/#\/schema\/person\/d55ba681b8a4e463d8982dbe36a5dc94","name":"Maria Gil Robledo","image":{"@type":"ImageObject","inLanguage":"en-GB","@id":"https:\/\/secure.gravatar.com\/avatar\/4b8e5102e0015789407eb4870b12f0f2857952d83ca124058f92b764bd1840c3?s=96&d=mm&r=g","url":"https:\/\/secure.gravatar.com\/avatar\/4b8e5102e0015789407eb4870b12f0f2857952d83ca124058f92b764bd1840c3?s=96&d=mm&r=g","contentUrl":"https:\/\/secure.gravatar.com\/avatar\/4b8e5102e0015789407eb4870b12f0f2857952d83ca124058f92b764bd1840c3?s=96&d=mm&r=g","caption":"Maria Gil Robledo"},"sameAs":["http:\/\/unaymilletras.com"],"url":"https:\/\/unaymilletras.com\/en\/author\/mariiagiil02_\/"}]}},"_links":{"self":[{"href":"https:\/\/unaymilletras.com\/en\/wp-json\/wp\/v2\/posts\/2543","targetHints":{"allow":["GET"]}}],"collection":[{"href":"https:\/\/unaymilletras.com\/en\/wp-json\/wp\/v2\/posts"}],"about":[{"href":"https:\/\/unaymilletras.com\/en\/wp-json\/wp\/v2\/types\/post"}],"author":[{"embeddable":true,"href":"https:\/\/unaymilletras.com\/en\/wp-json\/wp\/v2\/users\/1"}],"replies":[{"embeddable":true,"href":"https:\/\/unaymilletras.com\/en\/wp-json\/wp\/v2\/comments?post=2543"}],"version-history":[{"count":5,"href":"https:\/\/unaymilletras.com\/en\/wp-json\/wp\/v2\/posts\/2543\/revisions"}],"predecessor-version":[{"id":2549,"href":"https:\/\/unaymilletras.com\/en\/wp-json\/wp\/v2\/posts\/2543\/revisions\/2549"}],"wp:featuredmedia":[{"embeddable":true,"href":"https:\/\/unaymilletras.com\/en\/wp-json\/wp\/v2\/media\/2546"}],"wp:attachment":[{"href":"https:\/\/unaymilletras.com\/en\/wp-json\/wp\/v2\/media?parent=2543"}],"wp:term":[{"taxonomy":"category","embeddable":true,"href":"https:\/\/unaymilletras.com\/en\/wp-json\/wp\/v2\/categories?post=2543"},{"taxonomy":"post_tag","embeddable":true,"href":"https:\/\/unaymilletras.com\/en\/wp-json\/wp\/v2\/tags?post=2543"}],"curies":[{"name":"wp","href":"https:\/\/api.w.org\/{rel}","templated":true}]}}