{"id":2572,"date":"2024-05-10T19:35:04","date_gmt":"2024-05-10T17:35:04","guid":{"rendered":"https:\/\/unaymilletras.com\/?p=2572"},"modified":"2024-05-12T11:40:00","modified_gmt":"2024-05-12T09:40:00","slug":"mery-myles-es-un-viaje-a-los-extremos-sobre-todo-de-mis-emociones","status":"publish","type":"post","link":"https:\/\/unaymilletras.com\/en\/mery-myles-es-un-viaje-a-los-extremos-sobre-todo-de-mis-emociones\/","title":{"rendered":"Mery Myles: \u00abEs un viaje a los extremos, sobre todo de mis emociones\u00bb"},"content":{"rendered":"<div data-elementor-type=\"wp-post\" data-elementor-id=\"2572\" class=\"elementor elementor-2572\">\n\t\t\t\t\t\t<section class=\"elementor-section elementor-top-section elementor-element elementor-element-416843e elementor-section-boxed elementor-section-height-default elementor-section-height-default\" data-id=\"416843e\" data-element_type=\"section\" data-e-type=\"section\">\n\t\t\t\t\t\t<div class=\"elementor-container elementor-column-gap-default\">\n\t\t\t\t\t<div class=\"elementor-column elementor-col-100 elementor-top-column elementor-element elementor-element-d5b8719\" data-id=\"d5b8719\" data-element_type=\"column\" data-e-type=\"column\">\n\t\t\t<div class=\"elementor-widget-wrap elementor-element-populated\">\n\t\t\t\t\t\t<div class=\"elementor-element elementor-element-27d313f elementor-widget elementor-widget-text-editor\" data-id=\"27d313f\" data-element_type=\"widget\" data-e-type=\"widget\" data-widget_type=\"text-editor.default\">\n\t\t\t\t<div class=\"elementor-widget-container\">\n\t\t\t\t\t\t\t\t\t<h2 style=\"text-align: center;\"><em><span style=\"color: #808080;\">Cada vez est\u00e1 m\u00e1s cerca el segundo \u00e1lbum de Mery Myles, esta vez hecho en espa\u00f1ol, a\u00f1os despu\u00e9s de su primer lanzamiento<\/span><\/em><\/h2>\t\t\t\t\t\t\t\t<\/div>\n\t\t\t\t<\/div>\n\t\t\t\t\t<\/div>\n\t\t<\/div>\n\t\t\t\t\t<\/div>\n\t\t<\/section>\n\t\t\t\t<section class=\"elementor-section elementor-top-section elementor-element elementor-element-13caabd elementor-section-boxed elementor-section-height-default elementor-section-height-default\" data-id=\"13caabd\" data-element_type=\"section\" data-e-type=\"section\">\n\t\t\t\t\t\t<div class=\"elementor-container elementor-column-gap-default\">\n\t\t\t\t\t<div class=\"elementor-column elementor-col-100 elementor-top-column elementor-element elementor-element-ac31465\" data-id=\"ac31465\" data-element_type=\"column\" data-e-type=\"column\">\n\t\t\t<div class=\"elementor-widget-wrap elementor-element-populated\">\n\t\t\t\t\t\t<div class=\"elementor-element elementor-element-3ed721e elementor-widget elementor-widget-text-editor\" data-id=\"3ed721e\" data-element_type=\"widget\" data-e-type=\"widget\" data-widget_type=\"text-editor.default\">\n\t\t\t\t<div class=\"elementor-widget-container\">\n\t\t\t\t\t\t\t\t\t<p><b>Mery Myles<\/b>, una artista originaria de Ibiza, ha destacado en la escena musical desde el lanzamiento de su primer proyecto en 2019. Con un \u00e1lbum experimental en ingl\u00e9s, logr\u00f3 su primer \u00e9xito con <i><b>Watch a Movie<\/b><\/i>, acumulando m\u00e1s de 100 mil vistas en YouTube. Ha actuado en diversos escenarios y colaborado con reconocidos productores como Carlos Jean y Blackthoven.&nbsp;<\/p><p>Actualmente, se prepara para el lanzamiento de su pr\u00f3ximo \u00e1lbum <b><i>MM<\/i><\/b>, del cual ya ha adelantado cuatro temas en plataformas digitales, incluyendo colaboraciones con Samuel Nagati y Mario Los C\u00f3digos.<\/p>\t\t\t\t\t\t\t\t<\/div>\n\t\t\t\t<\/div>\n\t\t\t\t\t<\/div>\n\t\t<\/div>\n\t\t\t\t\t<\/div>\n\t\t<\/section>\n\t\t\t\t<section class=\"elementor-section elementor-top-section elementor-element elementor-element-e9a5545 elementor-section-boxed elementor-section-height-default elementor-section-height-default\" data-id=\"e9a5545\" data-element_type=\"section\" data-e-type=\"section\">\n\t\t\t\t\t\t<div class=\"elementor-container elementor-column-gap-default\">\n\t\t\t\t\t<div class=\"elementor-column elementor-col-100 elementor-top-column elementor-element elementor-element-ab2d634\" data-id=\"ab2d634\" data-element_type=\"column\" data-e-type=\"column\">\n\t\t\t<div class=\"elementor-widget-wrap elementor-element-populated\">\n\t\t\t\t\t\t<div class=\"elementor-element elementor-element-e50c64b elementor-widget elementor-widget-video\" data-id=\"e50c64b\" data-element_type=\"widget\" data-e-type=\"widget\" data-settings=\"{&quot;youtube_url&quot;:&quot;https:\\\/\\\/youtu.be\\\/gvFxoJ5vyXo&quot;,&quot;video_type&quot;:&quot;youtube&quot;,&quot;controls&quot;:&quot;yes&quot;}\" data-widget_type=\"video.default\">\n\t\t\t\t<div class=\"elementor-widget-container\">\n\t\t\t\t\t\t\t<div class=\"elementor-wrapper elementor-open-inline\">\n\t\t\t<div class=\"elementor-video\"><\/div>\t\t<\/div>\n\t\t\t\t\t\t<\/div>\n\t\t\t\t<\/div>\n\t\t\t\t\t<\/div>\n\t\t<\/div>\n\t\t\t\t\t<\/div>\n\t\t<\/section>\n\t\t\t\t<section class=\"elementor-section elementor-top-section elementor-element elementor-element-de1f66f elementor-section-boxed elementor-section-height-default elementor-section-height-default\" data-id=\"de1f66f\" data-element_type=\"section\" data-e-type=\"section\">\n\t\t\t\t\t\t<div class=\"elementor-container elementor-column-gap-default\">\n\t\t\t\t\t<div class=\"elementor-column elementor-col-100 elementor-top-column elementor-element elementor-element-e39a609\" data-id=\"e39a609\" data-element_type=\"column\" data-e-type=\"column\">\n\t\t\t<div class=\"elementor-widget-wrap elementor-element-populated\">\n\t\t\t\t\t\t<div class=\"elementor-element elementor-element-695b968 elementor-widget elementor-widget-text-editor\" data-id=\"695b968\" data-element_type=\"widget\" data-e-type=\"widget\" data-widget_type=\"text-editor.default\">\n\t\t\t\t<div class=\"elementor-widget-container\">\n\t\t\t\t\t\t\t\t\t<p class=\"Script\" style=\"text-align: justify;\"><b><i>Eres cantante compositora. Adem\u00e1s, pianista, \u00bfTe atrever\u00edas a empezar con alg\u00fan otro instrumento? <br \/><\/i><\/b>Pues s\u00ed, en realidad, hay instrumentos que tengo a medias. Entonces, antes que empezar otro nuevo invertir\u00eda m\u00e1s tiempo en la guitarra que, s\u00e9 tocar, s\u00e9 los acordes, pero a\u00fan no tengo guitarra, solo toco cuando he ido a clases y nunca me llegado a comprar una.<b><i> <\/i><\/b>Entonces creo que me falta eso.<\/p><p class=\"Script\" style=\"text-align: justify;\">Seguir\u00eda con la guitarra.<b><i><\/i><\/b><\/p><p class=\"Script\" style=\"text-align: justify;\"><b><i>\u00bfSe ha notado que eres pianista en alguna de las canciones del disco que vas a sacar? <\/i><span style=\"color: #6600cc;\"><br \/><\/span><\/b>Realmente en todas porque incluso en los temas de trap, todos los simples est\u00e1n hechos de teclado. Entonces, aunque suenen un bajo, un s\u00ednte, incluso alguna percusi\u00f3n, la he tocado con un teclado.<\/p><p class=\"Script\" style=\"text-align: justify;\">As\u00ed que s\u00ed, hago ayudado.<\/p><p class=\"Script\" style=\"text-align: justify;\"><span style=\"font-weight: bold;\"><i>\u00bfQu\u00e9 g\u00e9neros vamos a poder ver en este nuevo \u00e1lbum?<br \/><\/i><\/span><i>Pues mira, trap y pop experimental. Luego hay un alg\u00fan tema de afrobeat. Los temas de trap uno est\u00e1n mezclados con dril\u2026 Para m\u00ed, es una mezcla entre urbano y pop.<\/i><\/p>\t\t\t\t\t\t\t\t<\/div>\n\t\t\t\t<\/div>\n\t\t\t\t\t<\/div>\n\t\t<\/div>\n\t\t\t\t\t<\/div>\n\t\t<\/section>\n\t\t\t\t<section class=\"elementor-section elementor-top-section elementor-element elementor-element-d716301 elementor-section-boxed elementor-section-height-default elementor-section-height-default\" data-id=\"d716301\" data-element_type=\"section\" data-e-type=\"section\">\n\t\t\t\t\t\t<div class=\"elementor-container elementor-column-gap-default\">\n\t\t\t\t\t<div class=\"elementor-column elementor-col-50 elementor-top-column elementor-element elementor-element-7582351\" data-id=\"7582351\" data-element_type=\"column\" data-e-type=\"column\">\n\t\t\t<div class=\"elementor-widget-wrap elementor-element-populated\">\n\t\t\t\t\t\t<div class=\"elementor-element elementor-element-ff93218 elementor-widget elementor-widget-text-editor\" data-id=\"ff93218\" data-element_type=\"widget\" data-e-type=\"widget\" data-widget_type=\"text-editor.default\">\n\t\t\t\t<div class=\"elementor-widget-container\">\n\t\t\t\t\t\t\t\t\t<p class=\"Script\" style=\"text-align: justify;\"><b style=\"color: var( --e-global-color-text ); font-family: var( --e-global-typography-text-font-family ), Sans-serif;\"><i>\u00bfC\u00f3mo se hace para estos g\u00e9neros?<br \/><\/i><\/b>Yo creo que, sobre todo con como con referencias, especialmente de <i>feeling<\/i> de la canci\u00f3n. Yo voy con temas y digo: vale, ese tema se trap pero los bombos suenan mucho m\u00e1s oscuro, por ejemplo. Entonces de ah\u00ed me surge la idea de hacer primero solo un tema trap y luego a la mitad m\u00e1s o menos, cuando la est\u00e1s produciendo piensas \u201caqu\u00ed podemos meter otro ritmo\u201d. Solemos empezar con un g\u00e9nero y luego pensamos c\u00f3mo lo podemos llevar una vez que suena m\u00e1s o menos.<\/p><p><b><i>MM es un \u00e1lbum que se empez\u00f3 a hacer en 2021si no me equivoco.<\/i><\/b><br \/>S\u00ed, total<\/p>\t\t\t\t\t\t\t\t<\/div>\n\t\t\t\t<\/div>\n\t\t\t\t\t<\/div>\n\t\t<\/div>\n\t\t\t\t<div class=\"elementor-column elementor-col-50 elementor-top-column elementor-element elementor-element-721b9ba\" data-id=\"721b9ba\" data-element_type=\"column\" data-e-type=\"column\">\n\t\t\t<div class=\"elementor-widget-wrap elementor-element-populated\">\n\t\t\t\t\t\t<div class=\"elementor-element elementor-element-59ffc88 elementor-widget__width-initial elementor-widget elementor-widget-image\" data-id=\"59ffc88\" data-element_type=\"widget\" data-e-type=\"widget\" data-widget_type=\"image.default\">\n\t\t\t\t<div class=\"elementor-widget-container\">\n\t\t\t\t\t\t\t\t\t\t\t\t\t\t\t<img fetchpriority=\"high\" decoding=\"async\" width=\"640\" height=\"865\" src=\"https:\/\/unaymilletras.com\/wp-content\/uploads\/2024\/05\/image00008-758x1024.jpeg\" class=\"attachment-large size-large wp-image-2575\" alt=\"Mery Myles\" srcset=\"https:\/\/unaymilletras.com\/wp-content\/uploads\/2024\/05\/image00008-758x1024.jpeg 758w, https:\/\/unaymilletras.com\/wp-content\/uploads\/2024\/05\/image00008-222x300.jpeg 222w, https:\/\/unaymilletras.com\/wp-content\/uploads\/2024\/05\/image00008-768x1037.jpeg 768w, https:\/\/unaymilletras.com\/wp-content\/uploads\/2024\/05\/image00008-1137x1536.jpeg 1137w, https:\/\/unaymilletras.com\/wp-content\/uploads\/2024\/05\/image00008-1517x2048.jpeg 1517w, https:\/\/unaymilletras.com\/wp-content\/uploads\/2024\/05\/image00008-1024x1383.jpeg 1024w, https:\/\/unaymilletras.com\/wp-content\/uploads\/2024\/05\/image00008-scaled-e1715361482994.jpeg 600w\" sizes=\"(max-width: 640px) 100vw, 640px\" \/>\t\t\t\t\t\t\t\t\t\t\t\t\t\t\t<\/div>\n\t\t\t\t<\/div>\n\t\t\t\t\t<\/div>\n\t\t<\/div>\n\t\t\t\t\t<\/div>\n\t\t<\/section>\n\t\t\t\t<section class=\"elementor-section elementor-top-section elementor-element elementor-element-98dfb78 elementor-section-boxed elementor-section-height-default elementor-section-height-default\" data-id=\"98dfb78\" data-element_type=\"section\" data-e-type=\"section\">\n\t\t\t\t\t\t<div class=\"elementor-container elementor-column-gap-default\">\n\t\t\t\t\t<div class=\"elementor-column elementor-col-100 elementor-top-column elementor-element elementor-element-6e9e413\" data-id=\"6e9e413\" data-element_type=\"column\" data-e-type=\"column\">\n\t\t\t<div class=\"elementor-widget-wrap elementor-element-populated\">\n\t\t\t\t\t\t<div class=\"elementor-element elementor-element-46753ae elementor-widget elementor-widget-text-editor\" data-id=\"46753ae\" data-element_type=\"widget\" data-e-type=\"widget\" data-widget_type=\"text-editor.default\">\n\t\t\t\t<div class=\"elementor-widget-container\">\n\t\t\t\t\t\t\t\t\t<p class=\"Script\" style=\"text-align: justify;\"><b style=\"color: var( --e-global-color-text ); font-family: var( --e-global-typography-text-font-family ), Sans-serif;\"><i>Y va a salir en mayo de 2024. \u00bfC\u00f3mo es que ha tardado tanto en ver la luz?<br \/><\/i><\/b>Por varios procesos. Primero, el proceso del \u00e1lbum de la m\u00fasica. \u00bfPodr\u00edamos haber terminado la m\u00fasica hace un a\u00f1o?<b><i> <\/i><\/b>S\u00ed, pero como entre que hemos grabado luego los 11 videoclips porque los 11 temas salen con videoclip. Bueno, son tres videoclips y lo dem\u00e1s son visualizers, pero para m\u00ed son videoclips igual porque est\u00e1 s\u00faper currado, pero es en la misma localizaci\u00f3n.<\/p><p class=\"Script\" style=\"text-align: justify;\">Y luego las colaboraciones.<b><i> <\/i><\/b>Como ha habido varios cambios. Muchos temas se han quedado fuera. Tampoco ten\u00eda ninguna prisa, la verdad. Si lo hubiera hecho con otro planteamiento, como con una fecha, s\u00ed que a lo mejor hubiera dicho \u201chay que sacarlo ya\u201d. Al ser artista independiente quer\u00eda tener tiempo de buscar una distribuidora. Ya que es mi segundo \u00e1lbum en espa\u00f1ol, pues quer\u00eda intentarlo tener un poco m\u00e1s agarrado. Decir, mientras termino el \u00e1lbum y voy sacando los singles, puedo ir cerrando un poquito todo para cuando salga tener todo un poco m\u00e1s gestionado <b><i><\/i><\/b><\/p>\t\t\t\t\t\t\t\t<\/div>\n\t\t\t\t<\/div>\n\t\t\t\t\t<\/div>\n\t\t<\/div>\n\t\t\t\t\t<\/div>\n\t\t<\/section>\n\t\t\t\t<section class=\"elementor-section elementor-top-section elementor-element elementor-element-a2f361d elementor-section-boxed elementor-section-height-default elementor-section-height-default\" data-id=\"a2f361d\" data-element_type=\"section\" data-e-type=\"section\">\n\t\t\t\t\t\t<div class=\"elementor-container elementor-column-gap-default\">\n\t\t\t\t\t<div class=\"elementor-column elementor-col-50 elementor-top-column elementor-element elementor-element-783bf62\" data-id=\"783bf62\" data-element_type=\"column\" data-e-type=\"column\">\n\t\t\t<div class=\"elementor-widget-wrap elementor-element-populated\">\n\t\t\t\t\t\t<div class=\"elementor-element elementor-element-feb5980 elementor-widget elementor-widget-image\" data-id=\"feb5980\" data-element_type=\"widget\" data-e-type=\"widget\" data-widget_type=\"image.default\">\n\t\t\t\t<div class=\"elementor-widget-container\">\n\t\t\t\t\t\t\t\t\t\t\t\t\t\t\t<img decoding=\"async\" width=\"640\" height=\"927\" src=\"https:\/\/unaymilletras.com\/wp-content\/uploads\/2024\/05\/image00018-707x1024.jpeg\" class=\"attachment-large size-large wp-image-2578\" alt=\"\" srcset=\"https:\/\/unaymilletras.com\/wp-content\/uploads\/2024\/05\/image00018-707x1024.jpeg 707w, https:\/\/unaymilletras.com\/wp-content\/uploads\/2024\/05\/image00018-207x300.jpeg 207w, https:\/\/unaymilletras.com\/wp-content\/uploads\/2024\/05\/image00018-768x1113.jpeg 768w, https:\/\/unaymilletras.com\/wp-content\/uploads\/2024\/05\/image00018-1060x1536.jpeg 1060w, https:\/\/unaymilletras.com\/wp-content\/uploads\/2024\/05\/image00018-1413x2048.jpeg 1413w, https:\/\/unaymilletras.com\/wp-content\/uploads\/2024\/05\/image00018-1024x1484.jpeg 1024w, https:\/\/unaymilletras.com\/wp-content\/uploads\/2024\/05\/image00018-scaled-e1715361875898.jpeg 600w\" sizes=\"(max-width: 640px) 100vw, 640px\" \/>\t\t\t\t\t\t\t\t\t\t\t\t\t\t\t<\/div>\n\t\t\t\t<\/div>\n\t\t\t\t\t<\/div>\n\t\t<\/div>\n\t\t\t\t<div class=\"elementor-column elementor-col-50 elementor-top-column elementor-element elementor-element-9c72e7c\" data-id=\"9c72e7c\" data-element_type=\"column\" data-e-type=\"column\">\n\t\t\t<div class=\"elementor-widget-wrap elementor-element-populated\">\n\t\t\t\t\t\t<div class=\"elementor-element elementor-element-d8aad00 elementor-widget elementor-widget-text-editor\" data-id=\"d8aad00\" data-element_type=\"widget\" data-e-type=\"widget\" data-widget_type=\"text-editor.default\">\n\t\t\t\t<div class=\"elementor-widget-container\">\n\t\t\t\t\t\t\t\t\t<p class=\"Script\" style=\"text-align: justify;\"><b><i>Me imagino que pasar tanto tiempo ha habido alg\u00fan cambio el proyecto. \u00bfCu\u00e1l ha sido el m\u00e1s llamativo? <br \/><\/i><\/b>En <i>Mucha diversi\u00f3n<\/i> se ha grabado la voz siete veces. Es decir, no es que he grabado cosas de la voz, sino que la he grabado entera porque hemos cambiado tambi\u00e9n cosas de la producci\u00f3n. Adem\u00e1s, es la canci\u00f3n m\u00e1s pop, m\u00e1s family friendly. No hago mucha m\u00fasica as\u00ed, pero quer\u00eda hacerla.<\/p><p class=\"Script\" style=\"text-align: justify;\">Aunque lleva un poco de autotune, la proyecci\u00f3n de cantarla era m\u00e1s lo que regrab\u00e9. Ncesitaba sentir que estoy sintiendo la canci\u00f3n y que va unido con todo, que no la estoy cantando as\u00ed porque es un tema. No perder mi esencia.<\/p>\t\t\t\t\t\t\t\t<\/div>\n\t\t\t\t<\/div>\n\t\t\t\t\t<\/div>\n\t\t<\/div>\n\t\t\t\t\t<\/div>\n\t\t<\/section>\n\t\t\t\t<section class=\"elementor-section elementor-top-section elementor-element elementor-element-56f365c elementor-section-boxed elementor-section-height-default elementor-section-height-default\" data-id=\"56f365c\" data-element_type=\"section\" data-e-type=\"section\">\n\t\t\t\t\t\t<div class=\"elementor-container elementor-column-gap-default\">\n\t\t\t\t\t<div class=\"elementor-column elementor-col-100 elementor-top-column elementor-element elementor-element-d24e96b\" data-id=\"d24e96b\" data-element_type=\"column\" data-e-type=\"column\">\n\t\t\t<div class=\"elementor-widget-wrap elementor-element-populated\">\n\t\t\t\t\t\t<div class=\"elementor-element elementor-element-7517eb9 elementor-widget elementor-widget-text-editor\" data-id=\"7517eb9\" data-element_type=\"widget\" data-e-type=\"widget\" data-widget_type=\"text-editor.default\">\n\t\t\t\t<div class=\"elementor-widget-container\">\n\t\t\t\t\t\t\t\t\t<p><b style=\"text-align: justify; color: var( --e-global-color-text ); font-family: var( --e-global-typography-text-font-family ), Sans-serif;\"><i>Has mencionado tu primer \u00e1lbum que sali\u00f3 en 2019, \u00bfqu\u00e9 diferencias ves con este que va a salir ahora?<br \/><\/i><\/b>Sobre todo, una Mery mucho m\u00e1s madura y m\u00e1s atrevida. Tambi\u00e9n hay mucha madurez en el primer \u00e1lbum en cuanto a sonido. Lo escucho hoy en d\u00eda, y estoy super contenta de haberlo sacado. Pero ahora escucho m\u00e1s a esa Mery conectada consigo misma. Tambi\u00e9n hablo m\u00e1s directa, no solo con temas sexuales, sino cuando hablo de trauma de break up, todos los temas que trato en el \u00e1lbum.<\/p><p class=\"Script\" style=\"text-align: justify;\">Siento que no le doy tanta bola al tema, sino que simplemente he escrito lo que siento. A veces m\u00e1s po\u00e9ticamente, pero me ha salido m\u00e1s natural, no ha habido tanta conversaci\u00f3n para sacarlo.<\/p><p>Pero claro, cuando haces tantos g\u00e9neros hay veces es que es como, vale, esp\u00e9rate un segundo que hago otro g\u00e9nero, pero no pierdas lo tuyo. Entonces, s\u00ed, dir\u00eda que este es el tema que m\u00e1s trabajo te de todo el \u00e1lbum.<\/p>\t\t\t\t\t\t\t\t<\/div>\n\t\t\t\t<\/div>\n\t\t\t\t\t<\/div>\n\t\t<\/div>\n\t\t\t\t\t<\/div>\n\t\t<\/section>\n\t\t\t\t<section class=\"elementor-section elementor-top-section elementor-element elementor-element-b317d28 elementor-section-boxed elementor-section-height-default elementor-section-height-default\" data-id=\"b317d28\" data-element_type=\"section\" data-e-type=\"section\">\n\t\t\t\t\t\t<div class=\"elementor-container elementor-column-gap-default\">\n\t\t\t\t\t<div class=\"elementor-column elementor-col-100 elementor-top-column elementor-element elementor-element-dc0180f\" data-id=\"dc0180f\" data-element_type=\"column\" data-e-type=\"column\">\n\t\t\t<div class=\"elementor-widget-wrap elementor-element-populated\">\n\t\t\t\t\t\t<div class=\"elementor-element elementor-element-958a247 elementor-widget elementor-widget-video\" data-id=\"958a247\" data-element_type=\"widget\" data-e-type=\"widget\" data-settings=\"{&quot;youtube_url&quot;:&quot;https:\\\/\\\/www.youtube.com\\\/watch?v=GSchKuh4zLQ&amp;ab_channel=MeryMyles&quot;,&quot;video_type&quot;:&quot;youtube&quot;,&quot;controls&quot;:&quot;yes&quot;}\" data-widget_type=\"video.default\">\n\t\t\t\t<div class=\"elementor-widget-container\">\n\t\t\t\t\t\t\t<div class=\"elementor-wrapper elementor-open-inline\">\n\t\t\t<div class=\"elementor-video\"><\/div>\t\t<\/div>\n\t\t\t\t\t\t<\/div>\n\t\t\t\t<\/div>\n\t\t\t\t\t<\/div>\n\t\t<\/div>\n\t\t\t\t\t<\/div>\n\t\t<\/section>\n\t\t\t\t<section class=\"elementor-section elementor-top-section elementor-element elementor-element-1c61671 elementor-section-boxed elementor-section-height-default elementor-section-height-default\" data-id=\"1c61671\" data-element_type=\"section\" data-e-type=\"section\">\n\t\t\t\t\t\t<div class=\"elementor-container elementor-column-gap-default\">\n\t\t\t\t\t<div class=\"elementor-column elementor-col-100 elementor-top-column elementor-element elementor-element-a4f13f2\" data-id=\"a4f13f2\" data-element_type=\"column\" data-e-type=\"column\">\n\t\t\t<div class=\"elementor-widget-wrap elementor-element-populated\">\n\t\t\t\t\t\t<div class=\"elementor-element elementor-element-7b333da elementor-widget elementor-widget-text-editor\" data-id=\"7b333da\" data-element_type=\"widget\" data-e-type=\"widget\" data-widget_type=\"text-editor.default\">\n\t\t\t\t<div class=\"elementor-widget-container\">\n\t\t\t\t\t\t\t\t\t<p class=\"Script\" style=\"text-align: justify;\"><b><i>\u00bfC\u00f3mo se transforman esos pensamientos, que igual es una conversaci\u00f3n contigo misma y no tiene un lenguaje tan po\u00e9tico, en una canci\u00f3n? <br \/><\/i><\/b>Lo primero es entender cu\u00e1l es tu lenguaje. Saber qu\u00e9 tipo de proyecci\u00f3n vas a tener pronunciando las palabras. Cuando regrababa era m\u00e1s esa parte. Si regrabo un estribillo que lo estoy pronunciando as\u00ed, ya toda la canci\u00f3n la tienes que volver a grabar porque a lo mejor no se nota mucho, pero si se nota. Por ejemplo, si en toda la canci\u00f3n est\u00e1s pronunciando m\u00e1s las \u201cr\u201d.<\/p><p class=\"Script\" style=\"text-align: justify;\">Hay temas que una conversaci\u00f3n contigo misma es m\u00e1s hacerlo y hacerlo hasta que sientes que lo que est\u00e1s cantando suena terminado. Que vibra con el beat. A veces me cuesta y me rayo mucho. Entonces le pregunto mucho a mi productor porque es una cosa que se va trabajando, no sale al momento.<\/p><p class=\"Script\" style=\"text-align: justify;\"><b><i>\u00bfQu\u00e9 mensaje quieres dar con este nuevo \u00e1lbum?<br \/><\/i><\/b>Es un viaje como a los extremos, sobre todo de mis emociones, que pienso que las que las vive much\u00edsima gente. Tampoco es un tema de un \u00e1lbum que es s\u00faper experimental. Creo que he cogido sentimientos y situaciones que las puede vivir much\u00edsima gente.<\/p><p class=\"Script\" style=\"text-align: justify;\">Creo que lo especial que pueden ver en este \u00e1lbum es la manera que tengo yo de contarlo, de expresarme. Y por los extremos que paso mientras estoy sintiendo ese sentimiento. Hay mucho desamor. Pero ese desamor viene de varias personas a la vez y se mezclan los tiempos. Refleja cuando se te junta todo, que se mezclan todos los amores al momento. Tambi\u00e9n est\u00e1s bien, porque te est\u00e1n pasando muchas cosas buenas, pero tambi\u00e9n te pasan cosas malas. Entonces es \u00bfc\u00f3mo meto tantas cosas en algo? Pues en un \u00e1lbum de muchos g\u00e9neros.<\/p><p class=\"Script\" style=\"text-align: justify;\">Pienso que ha sido un recorrido de todo eso, y espero que se refleje bien y se entienda.<\/p>\t\t\t\t\t\t\t\t<\/div>\n\t\t\t\t<\/div>\n\t\t\t\t\t<\/div>\n\t\t<\/div>\n\t\t\t\t\t<\/div>\n\t\t<\/section>\n\t\t\t\t<section class=\"elementor-section elementor-top-section elementor-element elementor-element-5e9a1c7 elementor-section-boxed elementor-section-height-default elementor-section-height-default\" data-id=\"5e9a1c7\" data-element_type=\"section\" data-e-type=\"section\">\n\t\t\t\t\t\t<div class=\"elementor-container elementor-column-gap-default\">\n\t\t\t\t\t<div class=\"elementor-column elementor-col-50 elementor-top-column elementor-element elementor-element-7280bc1\" data-id=\"7280bc1\" data-element_type=\"column\" data-e-type=\"column\">\n\t\t\t<div class=\"elementor-widget-wrap elementor-element-populated\">\n\t\t\t\t\t\t<div class=\"elementor-element elementor-element-96ea160 elementor-widget elementor-widget-text-editor\" data-id=\"96ea160\" data-element_type=\"widget\" data-e-type=\"widget\" data-widget_type=\"text-editor.default\">\n\t\t\t\t<div class=\"elementor-widget-container\">\n\t\t\t\t\t\t\t\t\t<p class=\"Script\" style=\"text-align: justify;\"><b><i>\u00bfQu\u00e9 crees que es lo que m\u00e1s va a sorprender a la gente? <br \/><\/i><\/b>Creo que el momento de que salgan todos los v\u00eddeos, m\u00e1s que nada por el trabajo que se ve. Sacar un \u00e1lbum de 11 temas con todo clips. Creo que ah\u00ed se va a entender un poco m\u00e1s por qu\u00e9 he tardado tanto en sacarlo.<\/p><p class=\"Script\" style=\"text-align: justify;\">Pensaba que tambi\u00e9n lo que iba a sorprender era <i>XX,<\/i> que es el tema m\u00e1s expl\u00edcito. Es un poco m\u00e1s arriesgado.<\/p>\t\t\t\t\t\t\t\t<\/div>\n\t\t\t\t<\/div>\n\t\t\t\t\t<\/div>\n\t\t<\/div>\n\t\t\t\t<div class=\"elementor-column elementor-col-50 elementor-top-column elementor-element elementor-element-fa72b59\" data-id=\"fa72b59\" data-element_type=\"column\" data-e-type=\"column\">\n\t\t\t<div class=\"elementor-widget-wrap elementor-element-populated\">\n\t\t\t\t\t\t<div class=\"elementor-element elementor-element-fa9cbab elementor-widget elementor-widget-image\" data-id=\"fa9cbab\" data-element_type=\"widget\" data-e-type=\"widget\" data-widget_type=\"image.default\">\n\t\t\t\t<div class=\"elementor-widget-container\">\n\t\t\t\t\t\t\t\t\t\t\t\t\t\t\t<img decoding=\"async\" width=\"640\" height=\"858\" src=\"https:\/\/unaymilletras.com\/wp-content\/uploads\/2024\/05\/image00001-764x1024.jpeg\" class=\"attachment-large size-large wp-image-2579\" alt=\"Mery Myles\" srcset=\"https:\/\/unaymilletras.com\/wp-content\/uploads\/2024\/05\/image00001-764x1024.jpeg 764w, https:\/\/unaymilletras.com\/wp-content\/uploads\/2024\/05\/image00001-224x300.jpeg 224w, https:\/\/unaymilletras.com\/wp-content\/uploads\/2024\/05\/image00001-768x1030.jpeg 768w, https:\/\/unaymilletras.com\/wp-content\/uploads\/2024\/05\/image00001-1145x1536.jpeg 1145w, https:\/\/unaymilletras.com\/wp-content\/uploads\/2024\/05\/image00001-1527x2048.jpeg 1527w, https:\/\/unaymilletras.com\/wp-content\/uploads\/2024\/05\/image00001-1024x1373.jpeg 1024w, https:\/\/unaymilletras.com\/wp-content\/uploads\/2024\/05\/image00001-scaled-e1715362299778.jpeg 600w\" sizes=\"(max-width: 640px) 100vw, 640px\" \/>\t\t\t\t\t\t\t\t\t\t\t\t\t\t\t<\/div>\n\t\t\t\t<\/div>\n\t\t\t\t\t<\/div>\n\t\t<\/div>\n\t\t\t\t\t<\/div>\n\t\t<\/section>\n\t\t\t\t<section class=\"elementor-section elementor-top-section elementor-element elementor-element-c7cc7e6 elementor-section-boxed elementor-section-height-default elementor-section-height-default\" data-id=\"c7cc7e6\" data-element_type=\"section\" data-e-type=\"section\">\n\t\t\t\t\t\t<div class=\"elementor-container elementor-column-gap-default\">\n\t\t\t\t\t<div class=\"elementor-column elementor-col-100 elementor-top-column elementor-element elementor-element-91c53a6\" data-id=\"91c53a6\" data-element_type=\"column\" data-e-type=\"column\">\n\t\t\t<div class=\"elementor-widget-wrap elementor-element-populated\">\n\t\t\t\t\t\t<div class=\"elementor-element elementor-element-cf293f0 elementor-widget elementor-widget-text-editor\" data-id=\"cf293f0\" data-element_type=\"widget\" data-e-type=\"widget\" data-widget_type=\"text-editor.default\">\n\t\t\t\t<div class=\"elementor-widget-container\">\n\t\t\t\t\t\t\t\t\t<p class=\"Script\"><b><i>\u00bfCu\u00e1les han sido tus m\u00e1ximos referentes a la hora de hacer el \u00e1lbum?<br \/><\/i><\/b>En cuanto a producci\u00f3n te dir\u00eda que Pharrel Williams. Y Black Eyed Peas a nivel de producci\u00f3n y de proyectar la voz. A nivel de actitud y la forma de cantar, es una mezcla rara, pero Ben Yart, Cardi B, Nicky Minaj.<\/p><p class=\"Script\">Como siempre me he inspirado en artistas de fuera sigue habiendo esa base, pero ahora mezclando con todos los artistas que he ido descubriendo espa\u00f1oles y que hacen m\u00fasica m\u00e1s parecida a lo que estoy empezando a hacer yo.<\/p><p class=\"Script\" style=\"text-align: justify;\"><b><i>Acabas de mencionar a Nicki Minaj y Cardi B que son dos de las artistas que m\u00e1s te han inspirado en \u201cXX\u201d. Si tuvieses que escoger entre una de las dos, \u00bfcon cu\u00e1l te quedar\u00edas?<br \/><\/i><\/b>Siempre me hacen esa pregunta porque la gente las compara mucho y a mi me da mucha rabia porque las dos son diferentes, pero las nombro a las dos porque son de este memento actual, de los \u00faltimos 10 a\u00f1os.<\/p><p class=\"Script\" style=\"text-align: justify;\">No s\u00e9 qu\u00e9 elegir. Dir\u00eda Cardi B daunque me parece raro. Porque cuando sali\u00f3, cuando hizo el boom, estaba m\u00e1s puesta en la industria. Cuando sali\u00f3 Nicki Minaj era m\u00e1s peque\u00f1a y me gustaba, pero no estaba tan puesta. La o\u00eda en la radio. Lo de Cardi B s\u00ed que me enter\u00e9 m\u00e1s o menos de, esta chica de un d\u00eda para el otro, aunque llevaba mucho tiempo sacando m\u00fasica, me flip\u00f3.<\/p><p class=\"Script\" style=\"text-align: justify;\">Me quedar\u00eda ya con ella por como viv\u00ed ese memento de que fuera empezarse a ser conocida.<\/p>\t\t\t\t\t\t\t\t<\/div>\n\t\t\t\t<\/div>\n\t\t\t\t\t<\/div>\n\t\t<\/div>\n\t\t\t\t\t<\/div>\n\t\t<\/section>\n\t\t\t\t<section class=\"elementor-section elementor-top-section elementor-element elementor-element-e38e9f3 elementor-section-boxed elementor-section-height-default elementor-section-height-default\" data-id=\"e38e9f3\" data-element_type=\"section\" data-e-type=\"section\">\n\t\t\t\t\t\t<div class=\"elementor-container elementor-column-gap-default\">\n\t\t\t\t\t<div class=\"elementor-column elementor-col-100 elementor-top-column elementor-element elementor-element-7a55f57\" data-id=\"7a55f57\" data-element_type=\"column\" data-e-type=\"column\">\n\t\t\t<div class=\"elementor-widget-wrap elementor-element-populated\">\n\t\t\t\t\t\t<div class=\"elementor-element elementor-element-4e6d5ef elementor-widget elementor-widget-video\" data-id=\"4e6d5ef\" data-element_type=\"widget\" data-e-type=\"widget\" data-settings=\"{&quot;youtube_url&quot;:&quot;https:\\\/\\\/www.youtube.com\\\/watch?v=7D8inSVNs1A&amp;ab_channel=MeryMyles&quot;,&quot;video_type&quot;:&quot;youtube&quot;,&quot;controls&quot;:&quot;yes&quot;}\" data-widget_type=\"video.default\">\n\t\t\t\t<div class=\"elementor-widget-container\">\n\t\t\t\t\t\t\t<div class=\"elementor-wrapper elementor-open-inline\">\n\t\t\t<div class=\"elementor-video\"><\/div>\t\t<\/div>\n\t\t\t\t\t\t<\/div>\n\t\t\t\t<\/div>\n\t\t\t\t\t<\/div>\n\t\t<\/div>\n\t\t\t\t\t<\/div>\n\t\t<\/section>\n\t\t\t\t<section class=\"elementor-section elementor-top-section elementor-element elementor-element-22a74df elementor-section-boxed elementor-section-height-default elementor-section-height-default\" data-id=\"22a74df\" data-element_type=\"section\" data-e-type=\"section\">\n\t\t\t\t\t\t<div class=\"elementor-container elementor-column-gap-default\">\n\t\t\t\t\t<div class=\"elementor-column elementor-col-100 elementor-top-column elementor-element elementor-element-6451346\" data-id=\"6451346\" data-element_type=\"column\" data-e-type=\"column\">\n\t\t\t<div class=\"elementor-widget-wrap elementor-element-populated\">\n\t\t\t\t\t\t<div class=\"elementor-element elementor-element-029a853 elementor-widget elementor-widget-text-editor\" data-id=\"029a853\" data-element_type=\"widget\" data-e-type=\"widget\" data-widget_type=\"text-editor.default\">\n\t\t\t\t<div class=\"elementor-widget-container\">\n\t\t\t\t\t\t\t\t\t<p class=\"Script\" style=\"text-align: justify;\"><span style=\"color: #808080;\"><b><i>\u00bfLe har\u00edas un remix a \u201cXX\u201d?<br \/><\/i><\/b>Pues, s\u00ed. Alguno de mis amigos artistas ya me ha dicho, ojal\u00e1 hacerse un remix. En verdad me encantar\u00eda hacerle a alguno de los temas del \u00e1lbum, al menos a uno, un remix.<\/span><\/p><p class=\"Script\" style=\"text-align: justify;\"><span style=\"color: #808080;\"><b><i>\u00bfTienes alg\u00fan tema que digas: le pegar\u00eda much\u00edsimo a x artista?<br \/><\/i><\/b>Yo creo que Cardi B, el de <i><a style=\"color: #808080;\" href=\"https:\/\/open.spotify.com\/intl-es\/track\/5CgJ0ixlYhtYeBWZXl7xLY?si=5b3a919ef2684f5e\">XX<\/a><\/i> mismo, m\u00ednimo un versito se har\u00eda. En un multiverso paralelo ojal\u00e1.<\/span><\/p><p class=\"Script\" style=\"text-align: justify;\"><span style=\"color: #808080;\">Te dir\u00eda much\u00edsimas en realidad, pero en ese tema ya que me he inspirado tanto en ella, sobre todo en la actitud.<\/span><\/p><p class=\"Script\" style=\"text-align: justify;\"><span style=\"color: #808080;\"><b><i>Para ti, \u00bfqu\u00e9 es actuar como te d\u00e9 la gana?<br \/><\/i><\/b>Actuar como me d\u00e9 la gana tambi\u00e9n es ir con mucho respeto y con mucho cuidado. Cuando me da la gana, para sacar esa seguridad, es que no lo hac\u00eda.<\/span><\/p><p class=\"Script\" style=\"text-align: justify;\"><span style=\"color: #808080;\">B\u00e1sicamente es pensar que cualquier cosa que pienso no es mala. Hay veces que uno, como es artista, se monta pel\u00edculas y piensa que tiene una mente s\u00faper oscura. No es as\u00ed tampoco. Es una persona normal que tiene pensamientos y t\u00fa al menos, pues puedes escribirlos, puedes sacarlos de otra manera.<\/span><\/p>\t\t\t\t\t\t\t\t<\/div>\n\t\t\t\t<\/div>\n\t\t\t\t\t<\/div>\n\t\t<\/div>\n\t\t\t\t\t<\/div>\n\t\t<\/section>\n\t\t\t\t<section class=\"elementor-section elementor-top-section elementor-element elementor-element-66dafa4 elementor-section-boxed elementor-section-height-default elementor-section-height-default\" data-id=\"66dafa4\" data-element_type=\"section\" data-e-type=\"section\">\n\t\t\t\t\t\t<div class=\"elementor-container elementor-column-gap-default\">\n\t\t\t\t\t<div class=\"elementor-column elementor-col-50 elementor-top-column elementor-element elementor-element-2b2c442\" data-id=\"2b2c442\" data-element_type=\"column\" data-e-type=\"column\">\n\t\t\t<div class=\"elementor-widget-wrap elementor-element-populated\">\n\t\t\t\t\t\t<div class=\"elementor-element elementor-element-0ffc476 elementor-widget elementor-widget-image\" data-id=\"0ffc476\" data-element_type=\"widget\" data-e-type=\"widget\" data-widget_type=\"image.default\">\n\t\t\t\t<div class=\"elementor-widget-container\">\n\t\t\t\t\t\t\t\t\t\t\t\t\t\t\t<img loading=\"lazy\" decoding=\"async\" width=\"640\" height=\"820\" src=\"https:\/\/unaymilletras.com\/wp-content\/uploads\/2024\/05\/image00012-799x1024.jpeg\" class=\"attachment-large size-large wp-image-2581\" alt=\"\" srcset=\"https:\/\/unaymilletras.com\/wp-content\/uploads\/2024\/05\/image00012-799x1024.jpeg 799w, https:\/\/unaymilletras.com\/wp-content\/uploads\/2024\/05\/image00012-234x300.jpeg 234w, https:\/\/unaymilletras.com\/wp-content\/uploads\/2024\/05\/image00012-768x985.jpeg 768w, https:\/\/unaymilletras.com\/wp-content\/uploads\/2024\/05\/image00012-1198x1536.jpeg 1198w, https:\/\/unaymilletras.com\/wp-content\/uploads\/2024\/05\/image00012-1597x2048.jpeg 1597w, https:\/\/unaymilletras.com\/wp-content\/uploads\/2024\/05\/image00012-1024x1313.jpeg 1024w, https:\/\/unaymilletras.com\/wp-content\/uploads\/2024\/05\/image00012-scaled-e1715362285301.jpeg 600w\" sizes=\"(max-width: 640px) 100vw, 640px\" \/>\t\t\t\t\t\t\t\t\t\t\t\t\t\t\t<\/div>\n\t\t\t\t<\/div>\n\t\t\t\t\t<\/div>\n\t\t<\/div>\n\t\t\t\t<div class=\"elementor-column elementor-col-50 elementor-top-column elementor-element elementor-element-cdfd498\" data-id=\"cdfd498\" data-element_type=\"column\" data-e-type=\"column\">\n\t\t\t<div class=\"elementor-widget-wrap elementor-element-populated\">\n\t\t\t\t\t\t<div class=\"elementor-element elementor-element-49dc78d elementor-widget elementor-widget-text-editor\" data-id=\"49dc78d\" data-element_type=\"widget\" data-e-type=\"widget\" data-widget_type=\"text-editor.default\">\n\t\t\t\t<div class=\"elementor-widget-container\">\n\t\t\t\t\t\t\t\t\t<p class=\"Script\" style=\"text-align: justify;\">Expresar lo que te d\u00e9 la gana es m\u00e1s que pensar a veces en mi carrera, por ejemplo, que algo no va a gustar porque est\u00e1s empezando, si pienso que toca hacer un tema de sexo, lo hago. Al final del d\u00eda voy a ser feliz por hacer lo que me gusta, no por hacer m\u00fasica que a la gente le gusta porque as\u00ed triunfar\u00e9 antes. Si lo haga as\u00ed ser\u00eda infeliz porque habr\u00eda triunfado haciendo algo por los dem\u00e1s.<\/p><p class=\"Script\" style=\"text-align: justify;\">Entonces, me aseguro mucho de lo que hago, aunque tarde 10, 20 a\u00f1os. Me da igual. Al conseguirlo, que sea una m\u00fasica que no me aburra, que lo pase s\u00faper bien y que solo tenga ilusi\u00f3n de hacerla y cantarla en el escenario. Para eso hay que expresar lo que uno quiere de verdad, porque si no llegar\u00eda un punto que querr\u00eda hacer otra cosa.<\/p>\t\t\t\t\t\t\t\t<\/div>\n\t\t\t\t<\/div>\n\t\t\t\t\t<\/div>\n\t\t<\/div>\n\t\t\t\t\t<\/div>\n\t\t<\/section>\n\t\t\t\t<section class=\"elementor-section elementor-top-section elementor-element elementor-element-f1d0763 elementor-section-boxed elementor-section-height-default elementor-section-height-default\" data-id=\"f1d0763\" data-element_type=\"section\" data-e-type=\"section\">\n\t\t\t\t\t\t<div class=\"elementor-container elementor-column-gap-default\">\n\t\t\t\t\t<div class=\"elementor-column elementor-col-100 elementor-top-column elementor-element elementor-element-8d98eb5\" data-id=\"8d98eb5\" data-element_type=\"column\" data-e-type=\"column\">\n\t\t\t<div class=\"elementor-widget-wrap elementor-element-populated\">\n\t\t\t\t\t\t<div class=\"elementor-element elementor-element-0d60996 elementor-widget elementor-widget-text-editor\" data-id=\"0d60996\" data-element_type=\"widget\" data-e-type=\"widget\" data-widget_type=\"text-editor.default\">\n\t\t\t\t<div class=\"elementor-widget-container\">\n\t\t\t\t\t\t\t\t\t<p class=\"Script\" style=\"text-align: justify;\"><b><i>\u00bfQu\u00e9 consejo le dar\u00edas a la gente para que se anime a hacer y actuar como le d\u00e9 la gana?<br \/><\/i><\/b>Sobre todo, quitarse el miedo. Hay mucho miedo a ser rechazado o a no encajar. Tambi\u00e9n a expresar lo que uno quiere, pero sutilmente para que no acabe de llegar el mensaje. A veces expresarse no se centra tanto en las palabras, sino incluso en c\u00f3mo lo dices. En realidad, es lo m\u00e1s importante.<\/p><p class=\"Script\" style=\"text-align: justify;\">Es de las cosas que m\u00e1s habla diario con mis amigos, con mi familia, conmigo misma. Como llevo tanto trabajo con esto, con este tema, tambi\u00e9n con psic\u00f3loga. Ha salido casi natural que con el \u00e1lbum sea eso. Ya que est\u00e1s trabajando el expresarte lo m\u00e1s natural posible y de la forma m\u00e1s real que puedas. Todo a la vez, la terapia m\u00e1s hacer la m\u00fasica me ayudaba realmente.<\/p><p class=\"Script\" style=\"text-align: justify;\"><b><i>\u00bfC\u00f3mo te ha ayudado la m\u00fasica?<br \/><\/i><\/b>Muchas veces escribo y no son canciones. A veces es un poema, a veces se queda un escrito random en unas notas. Pero la m\u00fasica es un trabajo que has hecho, a veces en una sesi\u00f3n, a veces en 10, a veces en 20 sesiones. Pero el tiempo que haya tardado se queda guardado de una manera que t\u00fa luego lo escuchas. Con suerte solo escuchas la canci\u00f3n y la disfrutas, pero otras veces tambi\u00e9n te viene todo lo que hay detr\u00e1s del por qu\u00e9 has escrito esas palabras. A m\u00ed me reconforta un mont\u00f3n y me ayuda a ver todos los pasos que estoy dando, ya no solo mi carrera profesional, sino personalmente. Cuando veo todas las cosas que puedo escribir ahora en espa\u00f1ol, que para m\u00ed antes era m\u00e1s complicado. Todo es acercarse, abrirse m\u00e1s, ser m\u00e1s t\u00fa y estar m\u00e1s c\u00f3moda. Todo est\u00e1 en el mismo camino al final.<\/p><p class=\"Script\" style=\"text-align: justify;\">As\u00ed que me ha ayudado un mont\u00f3n.<\/p><p class=\"Script\" style=\"text-align: justify;\"><b><i>\u00bfHabr\u00e1 alguna gira con este nuevo disco? <br \/><\/i><\/b>Pues, ojal\u00e1. Hicimos un concierto de presentaci\u00f3n en Barcelona el 2 de mayo y estamos organizando otro en Madrid. Si le gusta a mucha gente preparamos la gira en un memento.<\/p><p class=\"Script\" style=\"text-align: justify;\">As\u00ed que s\u00ed, ojal\u00e1.<\/p>\t\t\t\t\t\t\t\t<\/div>\n\t\t\t\t<\/div>\n\t\t\t\t\t<\/div>\n\t\t<\/div>\n\t\t\t\t\t<\/div>\n\t\t<\/section>\n\t\t\t\t<\/div>","protected":false},"excerpt":{"rendered":"<p>Cada vez est\u00e1 m\u00e1s cerca el segundo \u00e1lbum de Mery Myles, esta vez hecho en espa\u00f1ol, a\u00f1os despu\u00e9s de su primer lanzamiento Mery Myles, una artista originaria de Ibiza, ha destacado en la escena musical desde el lanzamiento de su primer proyecto en 2019. Con un \u00e1lbum experimental en ingl\u00e9s, logr\u00f3 su primer \u00e9xito con [&hellip;]<\/p>\n","protected":false},"author":1,"featured_media":2581,"comment_status":"open","ping_status":"open","sticky":false,"template":"","format":"standard","meta":{"footnotes":""},"categories":[112,4],"tags":[],"class_list":["post-2572","post","type-post","status-publish","format-standard","has-post-thumbnail","hentry","category-entrevistas","category-musica"],"yoast_head":"<!-- This site is optimized with the Yoast SEO plugin v27.4 - https:\/\/yoast.com\/product\/yoast-seo-wordpress\/ -->\n<title>Mery Myles: &quot;Es un viaje a los extremos, sobre todo de mis emociones&quot;<\/title>\n<meta name=\"description\" content=\"Cada vez est\u00e1 m\u00e1s cerca el segundo \u00e1lbum de Mery Myles, esta vez hecho en espa\u00f1ol, a\u00f1os despu\u00e9s de su primer lanzamiento\" \/>\n<meta name=\"robots\" content=\"index, follow, max-snippet:-1, max-image-preview:large, max-video-preview:-1\" \/>\n<link rel=\"canonical\" href=\"https:\/\/unaymilletras.com\/en\/mery-myles-es-un-viaje-a-los-extremos-sobre-todo-de-mis-emociones\/\" \/>\n<meta property=\"og:locale\" content=\"en_GB\" \/>\n<meta property=\"og:type\" content=\"article\" \/>\n<meta property=\"og:title\" content=\"Mery Myles: &quot;Es un viaje a los extremos, sobre todo de mis emociones&quot;\" \/>\n<meta property=\"og:description\" content=\"Cada vez est\u00e1 m\u00e1s cerca el segundo \u00e1lbum de Mery Myles, esta vez hecho en espa\u00f1ol, a\u00f1os despu\u00e9s de su primer lanzamiento\" \/>\n<meta property=\"og:url\" content=\"https:\/\/unaymilletras.com\/en\/mery-myles-es-un-viaje-a-los-extremos-sobre-todo-de-mis-emociones\/\" \/>\n<meta property=\"og:site_name\" content=\"Una y Mil Letras\" \/>\n<meta property=\"article:published_time\" content=\"2024-05-10T17:35:04+00:00\" \/>\n<meta property=\"article:modified_time\" content=\"2024-05-12T09:40:00+00:00\" \/>\n<meta property=\"og:image\" content=\"http:\/\/unaymilletras.com\/wp-content\/uploads\/2024\/05\/image00012-scaled-e1715362285301.jpeg\" \/>\n\t<meta property=\"og:image:width\" content=\"600\" \/>\n\t<meta property=\"og:image:height\" content=\"770\" \/>\n\t<meta property=\"og:image:type\" content=\"image\/jpeg\" \/>\n<meta name=\"author\" content=\"Maria Gil Robledo\" \/>\n<meta name=\"twitter:card\" content=\"summary_large_image\" \/>\n<meta name=\"twitter:creator\" content=\"@UnaYMilLetras\" \/>\n<meta name=\"twitter:site\" content=\"@UnaYMilLetras\" \/>\n<meta name=\"twitter:label1\" content=\"Written by\" \/>\n\t<meta name=\"twitter:data1\" content=\"Maria Gil Robledo\" \/>\n\t<meta name=\"twitter:label2\" content=\"Estimated reading time\" \/>\n\t<meta name=\"twitter:data2\" content=\"11 minutes\" \/>\n<script type=\"application\/ld+json\" class=\"yoast-schema-graph\">{\"@context\":\"https:\\\/\\\/schema.org\",\"@graph\":[{\"@type\":\"Article\",\"@id\":\"https:\\\/\\\/unaymilletras.com\\\/mery-myles-es-un-viaje-a-los-extremos-sobre-todo-de-mis-emociones\\\/#article\",\"isPartOf\":{\"@id\":\"https:\\\/\\\/unaymilletras.com\\\/mery-myles-es-un-viaje-a-los-extremos-sobre-todo-de-mis-emociones\\\/\"},\"author\":{\"name\":\"Maria Gil Robledo\",\"@id\":\"http:\\\/\\\/unaymilletras.com\\\/#\\\/schema\\\/person\\\/d55ba681b8a4e463d8982dbe36a5dc94\"},\"headline\":\"Mery Myles: \u00abEs un viaje a los extremos, sobre todo de mis emociones\u00bb\",\"datePublished\":\"2024-05-10T17:35:04+00:00\",\"dateModified\":\"2024-05-12T09:40:00+00:00\",\"mainEntityOfPage\":{\"@id\":\"https:\\\/\\\/unaymilletras.com\\\/mery-myles-es-un-viaje-a-los-extremos-sobre-todo-de-mis-emociones\\\/\"},\"wordCount\":2370,\"commentCount\":0,\"publisher\":{\"@id\":\"http:\\\/\\\/unaymilletras.com\\\/#organization\"},\"image\":{\"@id\":\"https:\\\/\\\/unaymilletras.com\\\/mery-myles-es-un-viaje-a-los-extremos-sobre-todo-de-mis-emociones\\\/#primaryimage\"},\"thumbnailUrl\":\"https:\\\/\\\/unaymilletras.com\\\/wp-content\\\/uploads\\\/2024\\\/05\\\/image00012-scaled-e1715362285301.jpeg\",\"articleSection\":[\"Entrevistas\",\"M\u00fasica\"],\"inLanguage\":\"en-GB\",\"potentialAction\":[{\"@type\":\"CommentAction\",\"name\":\"Comment\",\"target\":[\"https:\\\/\\\/unaymilletras.com\\\/mery-myles-es-un-viaje-a-los-extremos-sobre-todo-de-mis-emociones\\\/#respond\"]}]},{\"@type\":\"WebPage\",\"@id\":\"https:\\\/\\\/unaymilletras.com\\\/mery-myles-es-un-viaje-a-los-extremos-sobre-todo-de-mis-emociones\\\/\",\"url\":\"https:\\\/\\\/unaymilletras.com\\\/mery-myles-es-un-viaje-a-los-extremos-sobre-todo-de-mis-emociones\\\/\",\"name\":\"Mery Myles: \\\"Es un viaje a los extremos, sobre todo de mis emociones\\\"\",\"isPartOf\":{\"@id\":\"http:\\\/\\\/unaymilletras.com\\\/#website\"},\"primaryImageOfPage\":{\"@id\":\"https:\\\/\\\/unaymilletras.com\\\/mery-myles-es-un-viaje-a-los-extremos-sobre-todo-de-mis-emociones\\\/#primaryimage\"},\"image\":{\"@id\":\"https:\\\/\\\/unaymilletras.com\\\/mery-myles-es-un-viaje-a-los-extremos-sobre-todo-de-mis-emociones\\\/#primaryimage\"},\"thumbnailUrl\":\"https:\\\/\\\/unaymilletras.com\\\/wp-content\\\/uploads\\\/2024\\\/05\\\/image00012-scaled-e1715362285301.jpeg\",\"datePublished\":\"2024-05-10T17:35:04+00:00\",\"dateModified\":\"2024-05-12T09:40:00+00:00\",\"description\":\"Cada vez est\u00e1 m\u00e1s cerca el segundo \u00e1lbum de Mery Myles, esta vez hecho en espa\u00f1ol, a\u00f1os despu\u00e9s de su primer lanzamiento\",\"breadcrumb\":{\"@id\":\"https:\\\/\\\/unaymilletras.com\\\/mery-myles-es-un-viaje-a-los-extremos-sobre-todo-de-mis-emociones\\\/#breadcrumb\"},\"inLanguage\":\"en-GB\",\"potentialAction\":[{\"@type\":\"ReadAction\",\"target\":[\"https:\\\/\\\/unaymilletras.com\\\/mery-myles-es-un-viaje-a-los-extremos-sobre-todo-de-mis-emociones\\\/\"]}]},{\"@type\":\"ImageObject\",\"inLanguage\":\"en-GB\",\"@id\":\"https:\\\/\\\/unaymilletras.com\\\/mery-myles-es-un-viaje-a-los-extremos-sobre-todo-de-mis-emociones\\\/#primaryimage\",\"url\":\"https:\\\/\\\/unaymilletras.com\\\/wp-content\\\/uploads\\\/2024\\\/05\\\/image00012-scaled-e1715362285301.jpeg\",\"contentUrl\":\"https:\\\/\\\/unaymilletras.com\\\/wp-content\\\/uploads\\\/2024\\\/05\\\/image00012-scaled-e1715362285301.jpeg\",\"width\":600,\"height\":770},{\"@type\":\"BreadcrumbList\",\"@id\":\"https:\\\/\\\/unaymilletras.com\\\/mery-myles-es-un-viaje-a-los-extremos-sobre-todo-de-mis-emociones\\\/#breadcrumb\",\"itemListElement\":[{\"@type\":\"ListItem\",\"position\":1,\"name\":\"Home\",\"item\":\"http:\\\/\\\/unaymilletras.com\\\/\"},{\"@type\":\"ListItem\",\"position\":2,\"name\":\"Mery Myles: \u00abEs un viaje a los extremos, sobre todo de mis emociones\u00bb\"}]},{\"@type\":\"WebSite\",\"@id\":\"http:\\\/\\\/unaymilletras.com\\\/#website\",\"url\":\"http:\\\/\\\/unaymilletras.com\\\/\",\"name\":\"Una y Mil Letras\",\"description\":\"\",\"publisher\":{\"@id\":\"http:\\\/\\\/unaymilletras.com\\\/#organization\"},\"potentialAction\":[{\"@type\":\"SearchAction\",\"target\":{\"@type\":\"EntryPoint\",\"urlTemplate\":\"http:\\\/\\\/unaymilletras.com\\\/?s={search_term_string}\"},\"query-input\":{\"@type\":\"PropertyValueSpecification\",\"valueRequired\":true,\"valueName\":\"search_term_string\"}}],\"inLanguage\":\"en-GB\"},{\"@type\":\"Organization\",\"@id\":\"http:\\\/\\\/unaymilletras.com\\\/#organization\",\"name\":\"Una y Mil Letras\",\"url\":\"http:\\\/\\\/unaymilletras.com\\\/\",\"logo\":{\"@type\":\"ImageObject\",\"inLanguage\":\"en-GB\",\"@id\":\"http:\\\/\\\/unaymilletras.com\\\/#\\\/schema\\\/logo\\\/image\\\/\",\"url\":\"https:\\\/\\\/unaymilletras.com\\\/wp-content\\\/uploads\\\/2024\\\/06\\\/cropped-Logo-removebg-preview.png\",\"contentUrl\":\"https:\\\/\\\/unaymilletras.com\\\/wp-content\\\/uploads\\\/2024\\\/06\\\/cropped-Logo-removebg-preview.png\",\"width\":512,\"height\":512,\"caption\":\"Una y Mil Letras\"},\"image\":{\"@id\":\"http:\\\/\\\/unaymilletras.com\\\/#\\\/schema\\\/logo\\\/image\\\/\"},\"sameAs\":[\"https:\\\/\\\/x.com\\\/UnaYMilLetras\",\"https:\\\/\\\/instagram.com\\\/UnaYMilLetras\"]},{\"@type\":\"Person\",\"@id\":\"http:\\\/\\\/unaymilletras.com\\\/#\\\/schema\\\/person\\\/d55ba681b8a4e463d8982dbe36a5dc94\",\"name\":\"Maria Gil Robledo\",\"image\":{\"@type\":\"ImageObject\",\"inLanguage\":\"en-GB\",\"@id\":\"https:\\\/\\\/secure.gravatar.com\\\/avatar\\\/4b8e5102e0015789407eb4870b12f0f2857952d83ca124058f92b764bd1840c3?s=96&d=mm&r=g\",\"url\":\"https:\\\/\\\/secure.gravatar.com\\\/avatar\\\/4b8e5102e0015789407eb4870b12f0f2857952d83ca124058f92b764bd1840c3?s=96&d=mm&r=g\",\"contentUrl\":\"https:\\\/\\\/secure.gravatar.com\\\/avatar\\\/4b8e5102e0015789407eb4870b12f0f2857952d83ca124058f92b764bd1840c3?s=96&d=mm&r=g\",\"caption\":\"Maria Gil Robledo\"},\"sameAs\":[\"http:\\\/\\\/unaymilletras.com\"],\"url\":\"https:\\\/\\\/unaymilletras.com\\\/en\\\/author\\\/mariiagiil02_\\\/\"}]}<\/script>\n<!-- \/ Yoast SEO plugin. -->","yoast_head_json":{"title":"Mery Myles: \"Es un viaje a los extremos, sobre todo de mis emociones\"","description":"Cada vez est\u00e1 m\u00e1s cerca el segundo \u00e1lbum de Mery Myles, esta vez hecho en espa\u00f1ol, a\u00f1os despu\u00e9s de su primer lanzamiento","robots":{"index":"index","follow":"follow","max-snippet":"max-snippet:-1","max-image-preview":"max-image-preview:large","max-video-preview":"max-video-preview:-1"},"canonical":"https:\/\/unaymilletras.com\/en\/mery-myles-es-un-viaje-a-los-extremos-sobre-todo-de-mis-emociones\/","og_locale":"en_GB","og_type":"article","og_title":"Mery Myles: \"Es un viaje a los extremos, sobre todo de mis emociones\"","og_description":"Cada vez est\u00e1 m\u00e1s cerca el segundo \u00e1lbum de Mery Myles, esta vez hecho en espa\u00f1ol, a\u00f1os despu\u00e9s de su primer lanzamiento","og_url":"https:\/\/unaymilletras.com\/en\/mery-myles-es-un-viaje-a-los-extremos-sobre-todo-de-mis-emociones\/","og_site_name":"Una y Mil Letras","article_published_time":"2024-05-10T17:35:04+00:00","article_modified_time":"2024-05-12T09:40:00+00:00","og_image":[{"width":600,"height":770,"url":"http:\/\/unaymilletras.com\/wp-content\/uploads\/2024\/05\/image00012-scaled-e1715362285301.jpeg","type":"image\/jpeg"}],"author":"Maria Gil Robledo","twitter_card":"summary_large_image","twitter_creator":"@UnaYMilLetras","twitter_site":"@UnaYMilLetras","twitter_misc":{"Written by":"Maria Gil Robledo","Estimated reading time":"11 minutes"},"schema":{"@context":"https:\/\/schema.org","@graph":[{"@type":"Article","@id":"https:\/\/unaymilletras.com\/mery-myles-es-un-viaje-a-los-extremos-sobre-todo-de-mis-emociones\/#article","isPartOf":{"@id":"https:\/\/unaymilletras.com\/mery-myles-es-un-viaje-a-los-extremos-sobre-todo-de-mis-emociones\/"},"author":{"name":"Maria Gil Robledo","@id":"http:\/\/unaymilletras.com\/#\/schema\/person\/d55ba681b8a4e463d8982dbe36a5dc94"},"headline":"Mery Myles: \u00abEs un viaje a los extremos, sobre todo de mis emociones\u00bb","datePublished":"2024-05-10T17:35:04+00:00","dateModified":"2024-05-12T09:40:00+00:00","mainEntityOfPage":{"@id":"https:\/\/unaymilletras.com\/mery-myles-es-un-viaje-a-los-extremos-sobre-todo-de-mis-emociones\/"},"wordCount":2370,"commentCount":0,"publisher":{"@id":"http:\/\/unaymilletras.com\/#organization"},"image":{"@id":"https:\/\/unaymilletras.com\/mery-myles-es-un-viaje-a-los-extremos-sobre-todo-de-mis-emociones\/#primaryimage"},"thumbnailUrl":"https:\/\/unaymilletras.com\/wp-content\/uploads\/2024\/05\/image00012-scaled-e1715362285301.jpeg","articleSection":["Entrevistas","M\u00fasica"],"inLanguage":"en-GB","potentialAction":[{"@type":"CommentAction","name":"Comment","target":["https:\/\/unaymilletras.com\/mery-myles-es-un-viaje-a-los-extremos-sobre-todo-de-mis-emociones\/#respond"]}]},{"@type":"WebPage","@id":"https:\/\/unaymilletras.com\/mery-myles-es-un-viaje-a-los-extremos-sobre-todo-de-mis-emociones\/","url":"https:\/\/unaymilletras.com\/mery-myles-es-un-viaje-a-los-extremos-sobre-todo-de-mis-emociones\/","name":"Mery Myles: \"Es un viaje a los extremos, sobre todo de mis emociones\"","isPartOf":{"@id":"http:\/\/unaymilletras.com\/#website"},"primaryImageOfPage":{"@id":"https:\/\/unaymilletras.com\/mery-myles-es-un-viaje-a-los-extremos-sobre-todo-de-mis-emociones\/#primaryimage"},"image":{"@id":"https:\/\/unaymilletras.com\/mery-myles-es-un-viaje-a-los-extremos-sobre-todo-de-mis-emociones\/#primaryimage"},"thumbnailUrl":"https:\/\/unaymilletras.com\/wp-content\/uploads\/2024\/05\/image00012-scaled-e1715362285301.jpeg","datePublished":"2024-05-10T17:35:04+00:00","dateModified":"2024-05-12T09:40:00+00:00","description":"Cada vez est\u00e1 m\u00e1s cerca el segundo \u00e1lbum de Mery Myles, esta vez hecho en espa\u00f1ol, a\u00f1os despu\u00e9s de su primer lanzamiento","breadcrumb":{"@id":"https:\/\/unaymilletras.com\/mery-myles-es-un-viaje-a-los-extremos-sobre-todo-de-mis-emociones\/#breadcrumb"},"inLanguage":"en-GB","potentialAction":[{"@type":"ReadAction","target":["https:\/\/unaymilletras.com\/mery-myles-es-un-viaje-a-los-extremos-sobre-todo-de-mis-emociones\/"]}]},{"@type":"ImageObject","inLanguage":"en-GB","@id":"https:\/\/unaymilletras.com\/mery-myles-es-un-viaje-a-los-extremos-sobre-todo-de-mis-emociones\/#primaryimage","url":"https:\/\/unaymilletras.com\/wp-content\/uploads\/2024\/05\/image00012-scaled-e1715362285301.jpeg","contentUrl":"https:\/\/unaymilletras.com\/wp-content\/uploads\/2024\/05\/image00012-scaled-e1715362285301.jpeg","width":600,"height":770},{"@type":"BreadcrumbList","@id":"https:\/\/unaymilletras.com\/mery-myles-es-un-viaje-a-los-extremos-sobre-todo-de-mis-emociones\/#breadcrumb","itemListElement":[{"@type":"ListItem","position":1,"name":"Home","item":"http:\/\/unaymilletras.com\/"},{"@type":"ListItem","position":2,"name":"Mery Myles: \u00abEs un viaje a los extremos, sobre todo de mis emociones\u00bb"}]},{"@type":"WebSite","@id":"http:\/\/unaymilletras.com\/#website","url":"http:\/\/unaymilletras.com\/","name":"Una y Mil Letras","description":"","publisher":{"@id":"http:\/\/unaymilletras.com\/#organization"},"potentialAction":[{"@type":"SearchAction","target":{"@type":"EntryPoint","urlTemplate":"http:\/\/unaymilletras.com\/?s={search_term_string}"},"query-input":{"@type":"PropertyValueSpecification","valueRequired":true,"valueName":"search_term_string"}}],"inLanguage":"en-GB"},{"@type":"Organization","@id":"http:\/\/unaymilletras.com\/#organization","name":"Una y Mil Letras","url":"http:\/\/unaymilletras.com\/","logo":{"@type":"ImageObject","inLanguage":"en-GB","@id":"http:\/\/unaymilletras.com\/#\/schema\/logo\/image\/","url":"https:\/\/unaymilletras.com\/wp-content\/uploads\/2024\/06\/cropped-Logo-removebg-preview.png","contentUrl":"https:\/\/unaymilletras.com\/wp-content\/uploads\/2024\/06\/cropped-Logo-removebg-preview.png","width":512,"height":512,"caption":"Una y Mil Letras"},"image":{"@id":"http:\/\/unaymilletras.com\/#\/schema\/logo\/image\/"},"sameAs":["https:\/\/x.com\/UnaYMilLetras","https:\/\/instagram.com\/UnaYMilLetras"]},{"@type":"Person","@id":"http:\/\/unaymilletras.com\/#\/schema\/person\/d55ba681b8a4e463d8982dbe36a5dc94","name":"Maria Gil Robledo","image":{"@type":"ImageObject","inLanguage":"en-GB","@id":"https:\/\/secure.gravatar.com\/avatar\/4b8e5102e0015789407eb4870b12f0f2857952d83ca124058f92b764bd1840c3?s=96&d=mm&r=g","url":"https:\/\/secure.gravatar.com\/avatar\/4b8e5102e0015789407eb4870b12f0f2857952d83ca124058f92b764bd1840c3?s=96&d=mm&r=g","contentUrl":"https:\/\/secure.gravatar.com\/avatar\/4b8e5102e0015789407eb4870b12f0f2857952d83ca124058f92b764bd1840c3?s=96&d=mm&r=g","caption":"Maria Gil Robledo"},"sameAs":["http:\/\/unaymilletras.com"],"url":"https:\/\/unaymilletras.com\/en\/author\/mariiagiil02_\/"}]}},"_links":{"self":[{"href":"https:\/\/unaymilletras.com\/en\/wp-json\/wp\/v2\/posts\/2572","targetHints":{"allow":["GET"]}}],"collection":[{"href":"https:\/\/unaymilletras.com\/en\/wp-json\/wp\/v2\/posts"}],"about":[{"href":"https:\/\/unaymilletras.com\/en\/wp-json\/wp\/v2\/types\/post"}],"author":[{"embeddable":true,"href":"https:\/\/unaymilletras.com\/en\/wp-json\/wp\/v2\/users\/1"}],"replies":[{"embeddable":true,"href":"https:\/\/unaymilletras.com\/en\/wp-json\/wp\/v2\/comments?post=2572"}],"version-history":[{"count":11,"href":"https:\/\/unaymilletras.com\/en\/wp-json\/wp\/v2\/posts\/2572\/revisions"}],"predecessor-version":[{"id":2590,"href":"https:\/\/unaymilletras.com\/en\/wp-json\/wp\/v2\/posts\/2572\/revisions\/2590"}],"wp:featuredmedia":[{"embeddable":true,"href":"https:\/\/unaymilletras.com\/en\/wp-json\/wp\/v2\/media\/2581"}],"wp:attachment":[{"href":"https:\/\/unaymilletras.com\/en\/wp-json\/wp\/v2\/media?parent=2572"}],"wp:term":[{"taxonomy":"category","embeddable":true,"href":"https:\/\/unaymilletras.com\/en\/wp-json\/wp\/v2\/categories?post=2572"},{"taxonomy":"post_tag","embeddable":true,"href":"https:\/\/unaymilletras.com\/en\/wp-json\/wp\/v2\/tags?post=2572"}],"curies":[{"name":"wp","href":"https:\/\/api.w.org\/{rel}","templated":true}]}}