{"id":2598,"date":"2024-05-15T17:36:57","date_gmt":"2024-05-15T15:36:57","guid":{"rendered":"https:\/\/unaymilletras.com\/?p=2598"},"modified":"2024-05-15T17:36:58","modified_gmt":"2024-05-15T15:36:58","slug":"culpa-tuya-se-estrenara-el-proximo-diciembre","status":"publish","type":"post","link":"https:\/\/unaymilletras.com\/en\/culpa-tuya-se-estrenara-el-proximo-diciembre\/","title":{"rendered":"\u00abCulpa Tuya\u00bb se estrenar\u00e1 el pr\u00f3ximo diciembre"},"content":{"rendered":"<div data-elementor-type=\"wp-post\" data-elementor-id=\"2598\" class=\"elementor elementor-2598\">\n\t\t\t\t\t\t<section class=\"elementor-section elementor-top-section elementor-element elementor-element-cd326f5 elementor-section-boxed elementor-section-height-default elementor-section-height-default\" data-id=\"cd326f5\" data-element_type=\"section\" data-e-type=\"section\">\n\t\t\t\t\t\t<div class=\"elementor-container elementor-column-gap-default\">\n\t\t\t\t\t<div class=\"elementor-column elementor-col-100 elementor-top-column elementor-element elementor-element-657eb73\" data-id=\"657eb73\" data-element_type=\"column\" data-e-type=\"column\">\n\t\t\t<div class=\"elementor-widget-wrap elementor-element-populated\">\n\t\t\t\t\t\t<div class=\"elementor-element elementor-element-71d2f69 elementor-widget elementor-widget-text-editor\" data-id=\"71d2f69\" data-element_type=\"widget\" data-e-type=\"widget\" data-widget_type=\"text-editor.default\">\n\t\t\t\t<div class=\"elementor-widget-container\">\n\t\t\t\t\t\t\t\t\t<h2 style=\"text-align: center;\"><span style=\"color: #808080;\"><em>Prime Video acaba de desvelar el mes en el que \u00abCulpa tuya\u00bb ver\u00e1 la luz junto a un peque\u00f1o teaser<\/em><\/span><\/h2>\t\t\t\t\t\t\t\t<\/div>\n\t\t\t\t<\/div>\n\t\t\t\t\t<\/div>\n\t\t<\/div>\n\t\t\t\t\t<\/div>\n\t\t<\/section>\n\t\t\t\t<section class=\"elementor-section elementor-top-section elementor-element elementor-element-7cf07ca elementor-section-boxed elementor-section-height-default elementor-section-height-default\" data-id=\"7cf07ca\" data-element_type=\"section\" data-e-type=\"section\">\n\t\t\t\t\t\t<div class=\"elementor-container elementor-column-gap-default\">\n\t\t\t\t\t<div class=\"elementor-column elementor-col-100 elementor-top-column elementor-element elementor-element-03a4138\" data-id=\"03a4138\" data-element_type=\"column\" data-e-type=\"column\">\n\t\t\t<div class=\"elementor-widget-wrap elementor-element-populated\">\n\t\t\t\t\t\t<div class=\"elementor-element elementor-element-edcf2d2 elementor-widget elementor-widget-text-editor\" data-id=\"edcf2d2\" data-element_type=\"widget\" data-e-type=\"widget\" data-widget_type=\"text-editor.default\">\n\t\t\t\t<div class=\"elementor-widget-container\">\n\t\t\t\t\t\t\t\t\t<p><strong>Prime Video<\/strong> ha confirmado que la segunda parte de la trilog\u00eda <strong>Culpables<\/strong>, titulada <em><strong>Culpa Tuya<\/strong><\/em>, se estrenar\u00e1 en diciembre de 2024. Esta pel\u00edcula sigue el \u00e9xito de <em><strong>Culpa M\u00eda<\/strong><\/em>, que se estren\u00f3 en Prime Video el pasado 8 de junio y se convirti\u00f3 en la pel\u00edcula Original de habla no inglesa m\u00e1s vista en la historia del servicio de streaming. <em>Culpa M\u00eda<\/em>\u00a0logr\u00f3 situarse entre los 10 t\u00edtulos m\u00e1s vistos en m\u00e1s de 190 pa\u00edses<\/p>\t\t\t\t\t\t\t\t<\/div>\n\t\t\t\t<\/div>\n\t\t\t\t\t<\/div>\n\t\t<\/div>\n\t\t\t\t\t<\/div>\n\t\t<\/section>\n\t\t\t\t<section class=\"elementor-section elementor-top-section elementor-element elementor-element-e76461d elementor-section-boxed elementor-section-height-default elementor-section-height-default\" data-id=\"e76461d\" data-element_type=\"section\" data-e-type=\"section\">\n\t\t\t\t\t\t<div class=\"elementor-container elementor-column-gap-default\">\n\t\t\t\t\t<div class=\"elementor-column elementor-col-100 elementor-top-column elementor-element elementor-element-dc64439\" data-id=\"dc64439\" data-element_type=\"column\" data-e-type=\"column\">\n\t\t\t<div class=\"elementor-widget-wrap elementor-element-populated\">\n\t\t\t\t\t\t<div class=\"elementor-element elementor-element-e1c5c7a elementor-widget elementor-widget-video\" data-id=\"e1c5c7a\" data-element_type=\"widget\" data-e-type=\"widget\" data-settings=\"{&quot;youtube_url&quot;:&quot;https:\\\/\\\/www.youtube.com\\\/watch?v=bpLuis6k51w&amp;ab_channel=AmazonPrimeVideoEspa%C3%B1a&quot;,&quot;video_type&quot;:&quot;youtube&quot;,&quot;controls&quot;:&quot;yes&quot;}\" data-widget_type=\"video.default\">\n\t\t\t\t<div class=\"elementor-widget-container\">\n\t\t\t\t\t\t\t<div class=\"elementor-wrapper elementor-open-inline\">\n\t\t\t<div class=\"elementor-video\"><\/div>\t\t<\/div>\n\t\t\t\t\t\t<\/div>\n\t\t\t\t<\/div>\n\t\t\t\t\t<\/div>\n\t\t<\/div>\n\t\t\t\t\t<\/div>\n\t\t<\/section>\n\t\t\t\t<section class=\"elementor-section elementor-top-section elementor-element elementor-element-92a9b77 elementor-section-boxed elementor-section-height-default elementor-section-height-default\" data-id=\"92a9b77\" data-element_type=\"section\" data-e-type=\"section\">\n\t\t\t\t\t\t<div class=\"elementor-container elementor-column-gap-default\">\n\t\t\t\t\t<div class=\"elementor-column elementor-col-100 elementor-top-column elementor-element elementor-element-3c67e7f\" data-id=\"3c67e7f\" data-element_type=\"column\" data-e-type=\"column\">\n\t\t\t<div class=\"elementor-widget-wrap elementor-element-populated\">\n\t\t\t\t\t\t<div class=\"elementor-element elementor-element-bf71927 elementor-widget elementor-widget-text-editor\" data-id=\"bf71927\" data-element_type=\"widget\" data-e-type=\"widget\" data-widget_type=\"text-editor.default\">\n\t\t\t\t<div class=\"elementor-widget-container\">\n\t\t\t\t\t\t\t\t\t<p>La trilog\u00eda <span style=\"color: #808080;\"><a style=\"color: #808080;\" href=\"https:\/\/unaymilletras.com\/en\/mercedes-ron-conquista-estados-unidos-con-culpables\/\">Culpables<\/a><\/span>, basada en los libros de <strong>Mercedes Ron<\/strong>, ha capturado la atenci\u00f3n de una audiencia global. <em>Culpa M\u00eda<\/em> no solo alcanz\u00f3 un \u00e9xito sin precedentes en Prime Video, sino que tambi\u00e9n estableci\u00f3 un est\u00e1ndar elevado para las producciones de habla no inglesa en la plataforma. Con el lanzamiento de <em>Culpa Tuya<\/em>\u00a0en diciembre de 2024, Prime Video aspira a replicar este \u00e9xito.\u00a0<\/p><p>En <em>Culpa Tuya<\/em>, el amor entre Noah y Nick se enfrenta a nuevos desaf\u00edos. A pesar de los intentos de sus padres por separarlos, el trabajo de Nick y la entrada de Noah a la universidad abren sus vidas a nuevas relaciones y conflictos. La aparici\u00f3n de una exnovia vengativa y la madre de Nick, con intenciones poco claras, ponen a prueba su relaci\u00f3n y la estabilidad de la familia Leister. La pel\u00edcula explora si su amor puede sobrevivir a estas adversidades y mantenerse firme contra todos los obst\u00e1culos.<\/p>\t\t\t\t\t\t\t\t<\/div>\n\t\t\t\t<\/div>\n\t\t\t\t\t<\/div>\n\t\t<\/div>\n\t\t\t\t\t<\/div>\n\t\t<\/section>\n\t\t\t\t<section class=\"elementor-section elementor-top-section elementor-element elementor-element-ecdde68 elementor-section-boxed elementor-section-height-default elementor-section-height-default\" data-id=\"ecdde68\" data-element_type=\"section\" data-e-type=\"section\">\n\t\t\t\t\t\t<div class=\"elementor-container elementor-column-gap-default\">\n\t\t\t\t\t<div class=\"elementor-column elementor-col-50 elementor-top-column elementor-element elementor-element-e70841c\" data-id=\"e70841c\" data-element_type=\"column\" data-e-type=\"column\">\n\t\t\t<div class=\"elementor-widget-wrap elementor-element-populated\">\n\t\t\t\t\t\t<div class=\"elementor-element elementor-element-bdd5ce5 elementor-widget elementor-widget-image\" data-id=\"bdd5ce5\" data-element_type=\"widget\" data-e-type=\"widget\" data-widget_type=\"image.default\">\n\t\t\t\t<div class=\"elementor-widget-container\">\n\t\t\t\t\t\t\t\t\t\t\t\t\t\t\t<img fetchpriority=\"high\" decoding=\"async\" width=\"640\" height=\"360\" src=\"https:\/\/unaymilletras.com\/wp-content\/uploads\/2024\/05\/DIA34_231102_CUTU_14752_2304_3000-1024x576.jpg\" class=\"attachment-large size-large wp-image-2603\" alt=\"Culpa Tuya\" srcset=\"https:\/\/unaymilletras.com\/wp-content\/uploads\/2024\/05\/DIA34_231102_CUTU_14752_2304_3000-1024x576.jpg 1024w, https:\/\/unaymilletras.com\/wp-content\/uploads\/2024\/05\/DIA34_231102_CUTU_14752_2304_3000-300x169.jpg 300w, https:\/\/unaymilletras.com\/wp-content\/uploads\/2024\/05\/DIA34_231102_CUTU_14752_2304_3000-768x432.jpg 768w, https:\/\/unaymilletras.com\/wp-content\/uploads\/2024\/05\/DIA34_231102_CUTU_14752_2304_3000-1536x865.jpg 1536w, https:\/\/unaymilletras.com\/wp-content\/uploads\/2024\/05\/DIA34_231102_CUTU_14752_2304_3000-2048x1153.jpg 2048w, https:\/\/unaymilletras.com\/wp-content\/uploads\/2024\/05\/DIA34_231102_CUTU_14752_2304_3000-1280x720.jpg 1280w, https:\/\/unaymilletras.com\/wp-content\/uploads\/2024\/05\/DIA34_231102_CUTU_14752_2304_3000-scaled-e1715787067579.jpg 600w\" sizes=\"(max-width: 640px) 100vw, 640px\" \/>\t\t\t\t\t\t\t\t\t\t\t\t\t\t\t<\/div>\n\t\t\t\t<\/div>\n\t\t\t\t\t<\/div>\n\t\t<\/div>\n\t\t\t\t<div class=\"elementor-column elementor-col-50 elementor-top-column elementor-element elementor-element-7026d15\" data-id=\"7026d15\" data-element_type=\"column\" data-e-type=\"column\">\n\t\t\t<div class=\"elementor-widget-wrap elementor-element-populated\">\n\t\t\t\t\t\t<div class=\"elementor-element elementor-element-156e0ab elementor-widget elementor-widget-image\" data-id=\"156e0ab\" data-element_type=\"widget\" data-e-type=\"widget\" data-widget_type=\"image.default\">\n\t\t\t\t<div class=\"elementor-widget-container\">\n\t\t\t\t\t\t\t\t\t\t\t\t\t\t\t<img decoding=\"async\" width=\"640\" height=\"360\" src=\"https:\/\/unaymilletras.com\/wp-content\/uploads\/2024\/05\/DIA27_231024_CUTU_12512_2304_3000-1024x576.jpg\" class=\"attachment-large size-large wp-image-2602\" alt=\"Culpa Tuya\" srcset=\"https:\/\/unaymilletras.com\/wp-content\/uploads\/2024\/05\/DIA27_231024_CUTU_12512_2304_3000-1024x576.jpg 1024w, https:\/\/unaymilletras.com\/wp-content\/uploads\/2024\/05\/DIA27_231024_CUTU_12512_2304_3000-300x169.jpg 300w, https:\/\/unaymilletras.com\/wp-content\/uploads\/2024\/05\/DIA27_231024_CUTU_12512_2304_3000-768x432.jpg 768w, https:\/\/unaymilletras.com\/wp-content\/uploads\/2024\/05\/DIA27_231024_CUTU_12512_2304_3000-1536x864.jpg 1536w, https:\/\/unaymilletras.com\/wp-content\/uploads\/2024\/05\/DIA27_231024_CUTU_12512_2304_3000-2048x1152.jpg 2048w, https:\/\/unaymilletras.com\/wp-content\/uploads\/2024\/05\/DIA27_231024_CUTU_12512_2304_3000-1280x720.jpg 1280w, https:\/\/unaymilletras.com\/wp-content\/uploads\/2024\/05\/DIA27_231024_CUTU_12512_2304_3000-scaled-e1715787057606.jpg 600w\" sizes=\"(max-width: 640px) 100vw, 640px\" \/>\t\t\t\t\t\t\t\t\t\t\t\t\t\t\t<\/div>\n\t\t\t\t<\/div>\n\t\t\t\t\t<\/div>\n\t\t<\/div>\n\t\t\t\t\t<\/div>\n\t\t<\/section>\n\t\t\t\t<section class=\"elementor-section elementor-top-section elementor-element elementor-element-cc261a7 elementor-section-boxed elementor-section-height-default elementor-section-height-default\" data-id=\"cc261a7\" data-element_type=\"section\" data-e-type=\"section\">\n\t\t\t\t\t\t<div class=\"elementor-container elementor-column-gap-default\">\n\t\t\t\t\t<div class=\"elementor-column elementor-col-100 elementor-top-column elementor-element elementor-element-e0fbe6d\" data-id=\"e0fbe6d\" data-element_type=\"column\" data-e-type=\"column\">\n\t\t\t<div class=\"elementor-widget-wrap elementor-element-populated\">\n\t\t\t\t\t\t<div class=\"elementor-element elementor-element-6e5ffe8 elementor-widget elementor-widget-text-editor\" data-id=\"6e5ffe8\" data-element_type=\"widget\" data-e-type=\"widget\" data-widget_type=\"text-editor.default\">\n\t\t\t\t<div class=\"elementor-widget-container\">\n\t\t\t\t\t\t\t\t\t<p><strong>Reparto de <em>Culpa Tuya<\/em><br \/><\/strong><em>Culpa Tuya<\/em>\u00a0trae de vuelta a Nicole Wallace y Gabriel Guevara en los papeles de Noah y Nick. Tambi\u00e9n regresan Marta Hazas, Iv\u00e1n S\u00e1nchez, Victor Varona y Eva Ruiz. La secuela cuenta con nuevos miembros en el reparto. Entre ellos: Goya Toledo, Gabriela Andrada, \u00c1lex B\u00e9jar, Javier Morgade, Felipe Londo\u00f1o y Fran Morcillo.<\/p><p>Dirigida por Domingo Gonz\u00e1lez, quien tambi\u00e9n repite como guionista junto a Sof\u00eda Cuenca.\u00a0<em>Culpa Tuya<\/em> es una producci\u00f3n de Pokeepsie Films (Banijay Iberia), con \u00c1lex de la Iglesia y Carolina Bang como productores. La historia promete mantener a los espectadores al borde de sus asientos con giros inesperados y una trama cargada de drama y emoci\u00f3n.<\/p>\t\t\t\t\t\t\t\t<\/div>\n\t\t\t\t<\/div>\n\t\t\t\t\t<\/div>\n\t\t<\/div>\n\t\t\t\t\t<\/div>\n\t\t<\/section>\n\t\t\t\t<\/div>","protected":false},"excerpt":{"rendered":"<p>Prime Video acaba de desvelar el mes en el que \u00abCulpa tuya\u00bb ver\u00e1 la luz junto a un peque\u00f1o teaser Prime Video ha confirmado que la segunda parte de la trilog\u00eda Culpables, titulada Culpa Tuya, se estrenar\u00e1 en diciembre de 2024. Esta pel\u00edcula sigue el \u00e9xito de Culpa M\u00eda, que se estren\u00f3 en Prime Video [&hellip;]<\/p>\n","protected":false},"author":1,"featured_media":2601,"comment_status":"open","ping_status":"open","sticky":false,"template":"","format":"standard","meta":{"footnotes":""},"categories":[117],"tags":[],"class_list":["post-2598","post","type-post","status-publish","format-standard","has-post-thumbnail","hentry","category-peliculas-y-series"],"yoast_head":"<!-- This site is optimized with the Yoast SEO plugin v27.4 - https:\/\/yoast.com\/product\/yoast-seo-wordpress\/ -->\n<title>&quot;Culpa Tuya&quot; se estrenar\u00e1 el pr\u00f3ximo diciembre<\/title>\n<meta name=\"description\" content=\"Prime Video acaba de desvelar que diciembre ser\u00e1 el mes en el que &quot;Culpa tuya&quot; ver\u00e1 la luz junto a un peque\u00f1o teaser\" \/>\n<meta name=\"robots\" content=\"index, follow, max-snippet:-1, max-image-preview:large, max-video-preview:-1\" \/>\n<link rel=\"canonical\" href=\"https:\/\/unaymilletras.com\/en\/culpa-tuya-se-estrenara-el-proximo-diciembre\/\" \/>\n<meta property=\"og:locale\" content=\"en_GB\" \/>\n<meta property=\"og:type\" content=\"article\" \/>\n<meta property=\"og:title\" content=\"&quot;Culpa Tuya&quot; se estrenar\u00e1 el pr\u00f3ximo diciembre\" \/>\n<meta property=\"og:description\" content=\"Prime Video acaba de desvelar que diciembre ser\u00e1 el mes en el que &quot;Culpa tuya&quot; ver\u00e1 la luz junto a un peque\u00f1o teaser\" \/>\n<meta property=\"og:url\" content=\"https:\/\/unaymilletras.com\/en\/culpa-tuya-se-estrenara-el-proximo-diciembre\/\" \/>\n<meta property=\"og:site_name\" content=\"Una y Mil Letras\" \/>\n<meta property=\"article:published_time\" content=\"2024-05-15T15:36:57+00:00\" \/>\n<meta property=\"article:modified_time\" content=\"2024-05-15T15:36:58+00:00\" \/>\n<meta property=\"og:image\" content=\"http:\/\/unaymilletras.com\/wp-content\/uploads\/2024\/05\/CULPATUYA_4X5_1080x1350_ES-e1715787043550.jpg\" \/>\n\t<meta property=\"og:image:width\" content=\"600\" \/>\n\t<meta property=\"og:image:height\" content=\"750\" \/>\n\t<meta property=\"og:image:type\" content=\"image\/jpeg\" \/>\n<meta name=\"author\" content=\"Maria Gil Robledo\" \/>\n<meta name=\"twitter:card\" content=\"summary_large_image\" \/>\n<meta name=\"twitter:creator\" content=\"@UnaYMilLetras\" \/>\n<meta name=\"twitter:site\" content=\"@UnaYMilLetras\" \/>\n<meta name=\"twitter:label1\" content=\"Written by\" \/>\n\t<meta name=\"twitter:data1\" content=\"Maria Gil Robledo\" \/>\n\t<meta name=\"twitter:label2\" content=\"Estimated reading time\" \/>\n\t<meta name=\"twitter:data2\" content=\"3 minutes\" \/>\n<script type=\"application\/ld+json\" class=\"yoast-schema-graph\">{\"@context\":\"https:\\\/\\\/schema.org\",\"@graph\":[{\"@type\":\"Article\",\"@id\":\"https:\\\/\\\/unaymilletras.com\\\/culpa-tuya-se-estrenara-el-proximo-diciembre\\\/#article\",\"isPartOf\":{\"@id\":\"https:\\\/\\\/unaymilletras.com\\\/culpa-tuya-se-estrenara-el-proximo-diciembre\\\/\"},\"author\":{\"name\":\"Maria Gil Robledo\",\"@id\":\"http:\\\/\\\/unaymilletras.com\\\/#\\\/schema\\\/person\\\/d55ba681b8a4e463d8982dbe36a5dc94\"},\"headline\":\"\u00abCulpa Tuya\u00bb se estrenar\u00e1 el pr\u00f3ximo diciembre\",\"datePublished\":\"2024-05-15T15:36:57+00:00\",\"dateModified\":\"2024-05-15T15:36:58+00:00\",\"mainEntityOfPage\":{\"@id\":\"https:\\\/\\\/unaymilletras.com\\\/culpa-tuya-se-estrenara-el-proximo-diciembre\\\/\"},\"wordCount\":408,\"commentCount\":0,\"publisher\":{\"@id\":\"http:\\\/\\\/unaymilletras.com\\\/#organization\"},\"image\":{\"@id\":\"https:\\\/\\\/unaymilletras.com\\\/culpa-tuya-se-estrenara-el-proximo-diciembre\\\/#primaryimage\"},\"thumbnailUrl\":\"https:\\\/\\\/unaymilletras.com\\\/wp-content\\\/uploads\\\/2024\\\/05\\\/CULPATUYA_4X5_1080x1350_ES-e1715787043550.jpg\",\"articleSection\":[\"Pel\u00edculas y Series\"],\"inLanguage\":\"en-GB\",\"potentialAction\":[{\"@type\":\"CommentAction\",\"name\":\"Comment\",\"target\":[\"https:\\\/\\\/unaymilletras.com\\\/culpa-tuya-se-estrenara-el-proximo-diciembre\\\/#respond\"]}]},{\"@type\":\"WebPage\",\"@id\":\"https:\\\/\\\/unaymilletras.com\\\/culpa-tuya-se-estrenara-el-proximo-diciembre\\\/\",\"url\":\"https:\\\/\\\/unaymilletras.com\\\/culpa-tuya-se-estrenara-el-proximo-diciembre\\\/\",\"name\":\"\\\"Culpa Tuya\\\" se estrenar\u00e1 el pr\u00f3ximo diciembre\",\"isPartOf\":{\"@id\":\"http:\\\/\\\/unaymilletras.com\\\/#website\"},\"primaryImageOfPage\":{\"@id\":\"https:\\\/\\\/unaymilletras.com\\\/culpa-tuya-se-estrenara-el-proximo-diciembre\\\/#primaryimage\"},\"image\":{\"@id\":\"https:\\\/\\\/unaymilletras.com\\\/culpa-tuya-se-estrenara-el-proximo-diciembre\\\/#primaryimage\"},\"thumbnailUrl\":\"https:\\\/\\\/unaymilletras.com\\\/wp-content\\\/uploads\\\/2024\\\/05\\\/CULPATUYA_4X5_1080x1350_ES-e1715787043550.jpg\",\"datePublished\":\"2024-05-15T15:36:57+00:00\",\"dateModified\":\"2024-05-15T15:36:58+00:00\",\"description\":\"Prime Video acaba de desvelar que diciembre ser\u00e1 el mes en el que \\\"Culpa tuya\\\" ver\u00e1 la luz junto a un peque\u00f1o teaser\",\"breadcrumb\":{\"@id\":\"https:\\\/\\\/unaymilletras.com\\\/culpa-tuya-se-estrenara-el-proximo-diciembre\\\/#breadcrumb\"},\"inLanguage\":\"en-GB\",\"potentialAction\":[{\"@type\":\"ReadAction\",\"target\":[\"https:\\\/\\\/unaymilletras.com\\\/culpa-tuya-se-estrenara-el-proximo-diciembre\\\/\"]}]},{\"@type\":\"ImageObject\",\"inLanguage\":\"en-GB\",\"@id\":\"https:\\\/\\\/unaymilletras.com\\\/culpa-tuya-se-estrenara-el-proximo-diciembre\\\/#primaryimage\",\"url\":\"https:\\\/\\\/unaymilletras.com\\\/wp-content\\\/uploads\\\/2024\\\/05\\\/CULPATUYA_4X5_1080x1350_ES-e1715787043550.jpg\",\"contentUrl\":\"https:\\\/\\\/unaymilletras.com\\\/wp-content\\\/uploads\\\/2024\\\/05\\\/CULPATUYA_4X5_1080x1350_ES-e1715787043550.jpg\",\"width\":600,\"height\":750,\"caption\":\"Culpa Tuya\"},{\"@type\":\"BreadcrumbList\",\"@id\":\"https:\\\/\\\/unaymilletras.com\\\/culpa-tuya-se-estrenara-el-proximo-diciembre\\\/#breadcrumb\",\"itemListElement\":[{\"@type\":\"ListItem\",\"position\":1,\"name\":\"Home\",\"item\":\"http:\\\/\\\/unaymilletras.com\\\/\"},{\"@type\":\"ListItem\",\"position\":2,\"name\":\"\u00abCulpa Tuya\u00bb se estrenar\u00e1 el pr\u00f3ximo diciembre\"}]},{\"@type\":\"WebSite\",\"@id\":\"http:\\\/\\\/unaymilletras.com\\\/#website\",\"url\":\"http:\\\/\\\/unaymilletras.com\\\/\",\"name\":\"Una y Mil Letras\",\"description\":\"\",\"publisher\":{\"@id\":\"http:\\\/\\\/unaymilletras.com\\\/#organization\"},\"potentialAction\":[{\"@type\":\"SearchAction\",\"target\":{\"@type\":\"EntryPoint\",\"urlTemplate\":\"http:\\\/\\\/unaymilletras.com\\\/?s={search_term_string}\"},\"query-input\":{\"@type\":\"PropertyValueSpecification\",\"valueRequired\":true,\"valueName\":\"search_term_string\"}}],\"inLanguage\":\"en-GB\"},{\"@type\":\"Organization\",\"@id\":\"http:\\\/\\\/unaymilletras.com\\\/#organization\",\"name\":\"Una y Mil Letras\",\"url\":\"http:\\\/\\\/unaymilletras.com\\\/\",\"logo\":{\"@type\":\"ImageObject\",\"inLanguage\":\"en-GB\",\"@id\":\"http:\\\/\\\/unaymilletras.com\\\/#\\\/schema\\\/logo\\\/image\\\/\",\"url\":\"https:\\\/\\\/unaymilletras.com\\\/wp-content\\\/uploads\\\/2024\\\/06\\\/cropped-Logo-removebg-preview.png\",\"contentUrl\":\"https:\\\/\\\/unaymilletras.com\\\/wp-content\\\/uploads\\\/2024\\\/06\\\/cropped-Logo-removebg-preview.png\",\"width\":512,\"height\":512,\"caption\":\"Una y Mil Letras\"},\"image\":{\"@id\":\"http:\\\/\\\/unaymilletras.com\\\/#\\\/schema\\\/logo\\\/image\\\/\"},\"sameAs\":[\"https:\\\/\\\/x.com\\\/UnaYMilLetras\",\"https:\\\/\\\/instagram.com\\\/UnaYMilLetras\"]},{\"@type\":\"Person\",\"@id\":\"http:\\\/\\\/unaymilletras.com\\\/#\\\/schema\\\/person\\\/d55ba681b8a4e463d8982dbe36a5dc94\",\"name\":\"Maria Gil Robledo\",\"image\":{\"@type\":\"ImageObject\",\"inLanguage\":\"en-GB\",\"@id\":\"https:\\\/\\\/secure.gravatar.com\\\/avatar\\\/4b8e5102e0015789407eb4870b12f0f2857952d83ca124058f92b764bd1840c3?s=96&d=mm&r=g\",\"url\":\"https:\\\/\\\/secure.gravatar.com\\\/avatar\\\/4b8e5102e0015789407eb4870b12f0f2857952d83ca124058f92b764bd1840c3?s=96&d=mm&r=g\",\"contentUrl\":\"https:\\\/\\\/secure.gravatar.com\\\/avatar\\\/4b8e5102e0015789407eb4870b12f0f2857952d83ca124058f92b764bd1840c3?s=96&d=mm&r=g\",\"caption\":\"Maria Gil Robledo\"},\"sameAs\":[\"http:\\\/\\\/unaymilletras.com\"],\"url\":\"https:\\\/\\\/unaymilletras.com\\\/en\\\/author\\\/mariiagiil02_\\\/\"}]}<\/script>\n<!-- \/ Yoast SEO plugin. -->","yoast_head_json":{"title":"\"Culpa Tuya\" se estrenar\u00e1 el pr\u00f3ximo diciembre","description":"Prime Video acaba de desvelar que diciembre ser\u00e1 el mes en el que \"Culpa tuya\" ver\u00e1 la luz junto a un peque\u00f1o teaser","robots":{"index":"index","follow":"follow","max-snippet":"max-snippet:-1","max-image-preview":"max-image-preview:large","max-video-preview":"max-video-preview:-1"},"canonical":"https:\/\/unaymilletras.com\/en\/culpa-tuya-se-estrenara-el-proximo-diciembre\/","og_locale":"en_GB","og_type":"article","og_title":"\"Culpa Tuya\" se estrenar\u00e1 el pr\u00f3ximo diciembre","og_description":"Prime Video acaba de desvelar que diciembre ser\u00e1 el mes en el que \"Culpa tuya\" ver\u00e1 la luz junto a un peque\u00f1o teaser","og_url":"https:\/\/unaymilletras.com\/en\/culpa-tuya-se-estrenara-el-proximo-diciembre\/","og_site_name":"Una y Mil Letras","article_published_time":"2024-05-15T15:36:57+00:00","article_modified_time":"2024-05-15T15:36:58+00:00","og_image":[{"width":600,"height":750,"url":"http:\/\/unaymilletras.com\/wp-content\/uploads\/2024\/05\/CULPATUYA_4X5_1080x1350_ES-e1715787043550.jpg","type":"image\/jpeg"}],"author":"Maria Gil Robledo","twitter_card":"summary_large_image","twitter_creator":"@UnaYMilLetras","twitter_site":"@UnaYMilLetras","twitter_misc":{"Written by":"Maria Gil Robledo","Estimated reading time":"3 minutes"},"schema":{"@context":"https:\/\/schema.org","@graph":[{"@type":"Article","@id":"https:\/\/unaymilletras.com\/culpa-tuya-se-estrenara-el-proximo-diciembre\/#article","isPartOf":{"@id":"https:\/\/unaymilletras.com\/culpa-tuya-se-estrenara-el-proximo-diciembre\/"},"author":{"name":"Maria Gil Robledo","@id":"http:\/\/unaymilletras.com\/#\/schema\/person\/d55ba681b8a4e463d8982dbe36a5dc94"},"headline":"\u00abCulpa Tuya\u00bb se estrenar\u00e1 el pr\u00f3ximo diciembre","datePublished":"2024-05-15T15:36:57+00:00","dateModified":"2024-05-15T15:36:58+00:00","mainEntityOfPage":{"@id":"https:\/\/unaymilletras.com\/culpa-tuya-se-estrenara-el-proximo-diciembre\/"},"wordCount":408,"commentCount":0,"publisher":{"@id":"http:\/\/unaymilletras.com\/#organization"},"image":{"@id":"https:\/\/unaymilletras.com\/culpa-tuya-se-estrenara-el-proximo-diciembre\/#primaryimage"},"thumbnailUrl":"https:\/\/unaymilletras.com\/wp-content\/uploads\/2024\/05\/CULPATUYA_4X5_1080x1350_ES-e1715787043550.jpg","articleSection":["Pel\u00edculas y Series"],"inLanguage":"en-GB","potentialAction":[{"@type":"CommentAction","name":"Comment","target":["https:\/\/unaymilletras.com\/culpa-tuya-se-estrenara-el-proximo-diciembre\/#respond"]}]},{"@type":"WebPage","@id":"https:\/\/unaymilletras.com\/culpa-tuya-se-estrenara-el-proximo-diciembre\/","url":"https:\/\/unaymilletras.com\/culpa-tuya-se-estrenara-el-proximo-diciembre\/","name":"\"Culpa Tuya\" se estrenar\u00e1 el pr\u00f3ximo diciembre","isPartOf":{"@id":"http:\/\/unaymilletras.com\/#website"},"primaryImageOfPage":{"@id":"https:\/\/unaymilletras.com\/culpa-tuya-se-estrenara-el-proximo-diciembre\/#primaryimage"},"image":{"@id":"https:\/\/unaymilletras.com\/culpa-tuya-se-estrenara-el-proximo-diciembre\/#primaryimage"},"thumbnailUrl":"https:\/\/unaymilletras.com\/wp-content\/uploads\/2024\/05\/CULPATUYA_4X5_1080x1350_ES-e1715787043550.jpg","datePublished":"2024-05-15T15:36:57+00:00","dateModified":"2024-05-15T15:36:58+00:00","description":"Prime Video acaba de desvelar que diciembre ser\u00e1 el mes en el que \"Culpa tuya\" ver\u00e1 la luz junto a un peque\u00f1o teaser","breadcrumb":{"@id":"https:\/\/unaymilletras.com\/culpa-tuya-se-estrenara-el-proximo-diciembre\/#breadcrumb"},"inLanguage":"en-GB","potentialAction":[{"@type":"ReadAction","target":["https:\/\/unaymilletras.com\/culpa-tuya-se-estrenara-el-proximo-diciembre\/"]}]},{"@type":"ImageObject","inLanguage":"en-GB","@id":"https:\/\/unaymilletras.com\/culpa-tuya-se-estrenara-el-proximo-diciembre\/#primaryimage","url":"https:\/\/unaymilletras.com\/wp-content\/uploads\/2024\/05\/CULPATUYA_4X5_1080x1350_ES-e1715787043550.jpg","contentUrl":"https:\/\/unaymilletras.com\/wp-content\/uploads\/2024\/05\/CULPATUYA_4X5_1080x1350_ES-e1715787043550.jpg","width":600,"height":750,"caption":"Culpa Tuya"},{"@type":"BreadcrumbList","@id":"https:\/\/unaymilletras.com\/culpa-tuya-se-estrenara-el-proximo-diciembre\/#breadcrumb","itemListElement":[{"@type":"ListItem","position":1,"name":"Home","item":"http:\/\/unaymilletras.com\/"},{"@type":"ListItem","position":2,"name":"\u00abCulpa Tuya\u00bb se estrenar\u00e1 el pr\u00f3ximo diciembre"}]},{"@type":"WebSite","@id":"http:\/\/unaymilletras.com\/#website","url":"http:\/\/unaymilletras.com\/","name":"Una y Mil Letras","description":"","publisher":{"@id":"http:\/\/unaymilletras.com\/#organization"},"potentialAction":[{"@type":"SearchAction","target":{"@type":"EntryPoint","urlTemplate":"http:\/\/unaymilletras.com\/?s={search_term_string}"},"query-input":{"@type":"PropertyValueSpecification","valueRequired":true,"valueName":"search_term_string"}}],"inLanguage":"en-GB"},{"@type":"Organization","@id":"http:\/\/unaymilletras.com\/#organization","name":"Una y Mil Letras","url":"http:\/\/unaymilletras.com\/","logo":{"@type":"ImageObject","inLanguage":"en-GB","@id":"http:\/\/unaymilletras.com\/#\/schema\/logo\/image\/","url":"https:\/\/unaymilletras.com\/wp-content\/uploads\/2024\/06\/cropped-Logo-removebg-preview.png","contentUrl":"https:\/\/unaymilletras.com\/wp-content\/uploads\/2024\/06\/cropped-Logo-removebg-preview.png","width":512,"height":512,"caption":"Una y Mil Letras"},"image":{"@id":"http:\/\/unaymilletras.com\/#\/schema\/logo\/image\/"},"sameAs":["https:\/\/x.com\/UnaYMilLetras","https:\/\/instagram.com\/UnaYMilLetras"]},{"@type":"Person","@id":"http:\/\/unaymilletras.com\/#\/schema\/person\/d55ba681b8a4e463d8982dbe36a5dc94","name":"Maria Gil Robledo","image":{"@type":"ImageObject","inLanguage":"en-GB","@id":"https:\/\/secure.gravatar.com\/avatar\/4b8e5102e0015789407eb4870b12f0f2857952d83ca124058f92b764bd1840c3?s=96&d=mm&r=g","url":"https:\/\/secure.gravatar.com\/avatar\/4b8e5102e0015789407eb4870b12f0f2857952d83ca124058f92b764bd1840c3?s=96&d=mm&r=g","contentUrl":"https:\/\/secure.gravatar.com\/avatar\/4b8e5102e0015789407eb4870b12f0f2857952d83ca124058f92b764bd1840c3?s=96&d=mm&r=g","caption":"Maria Gil Robledo"},"sameAs":["http:\/\/unaymilletras.com"],"url":"https:\/\/unaymilletras.com\/en\/author\/mariiagiil02_\/"}]}},"_links":{"self":[{"href":"https:\/\/unaymilletras.com\/en\/wp-json\/wp\/v2\/posts\/2598","targetHints":{"allow":["GET"]}}],"collection":[{"href":"https:\/\/unaymilletras.com\/en\/wp-json\/wp\/v2\/posts"}],"about":[{"href":"https:\/\/unaymilletras.com\/en\/wp-json\/wp\/v2\/types\/post"}],"author":[{"embeddable":true,"href":"https:\/\/unaymilletras.com\/en\/wp-json\/wp\/v2\/users\/1"}],"replies":[{"embeddable":true,"href":"https:\/\/unaymilletras.com\/en\/wp-json\/wp\/v2\/comments?post=2598"}],"version-history":[{"count":5,"href":"https:\/\/unaymilletras.com\/en\/wp-json\/wp\/v2\/posts\/2598\/revisions"}],"predecessor-version":[{"id":2606,"href":"https:\/\/unaymilletras.com\/en\/wp-json\/wp\/v2\/posts\/2598\/revisions\/2606"}],"wp:featuredmedia":[{"embeddable":true,"href":"https:\/\/unaymilletras.com\/en\/wp-json\/wp\/v2\/media\/2601"}],"wp:attachment":[{"href":"https:\/\/unaymilletras.com\/en\/wp-json\/wp\/v2\/media?parent=2598"}],"wp:term":[{"taxonomy":"category","embeddable":true,"href":"https:\/\/unaymilletras.com\/en\/wp-json\/wp\/v2\/categories?post=2598"},{"taxonomy":"post_tag","embeddable":true,"href":"https:\/\/unaymilletras.com\/en\/wp-json\/wp\/v2\/tags?post=2598"}],"curies":[{"name":"wp","href":"https:\/\/api.w.org\/{rel}","templated":true}]}}