{"id":2607,"date":"2024-05-15T21:00:00","date_gmt":"2024-05-15T19:00:00","guid":{"rendered":"https:\/\/unaymilletras.com\/?p=2607"},"modified":"2024-05-15T18:04:34","modified_gmt":"2024-05-15T16:04:34","slug":"luis-cortes-es-un-cumulo-de-emociones-concentrado-en-un-ep","status":"publish","type":"post","link":"https:\/\/unaymilletras.com\/en\/luis-cortes-es-un-cumulo-de-emociones-concentrado-en-un-ep\/","title":{"rendered":"Luis Cort\u00e9s: \u00abEs un c\u00famulo de emociones concentrado en un EP\u00bb"},"content":{"rendered":"<div data-elementor-type=\"wp-post\" data-elementor-id=\"2607\" class=\"elementor elementor-2607\">\n\t\t\t\t\t\t<section class=\"elementor-section elementor-top-section elementor-element elementor-element-e0bd59c elementor-section-boxed elementor-section-height-default elementor-section-height-default\" data-id=\"e0bd59c\" data-element_type=\"section\" data-e-type=\"section\">\n\t\t\t\t\t\t<div class=\"elementor-container elementor-column-gap-default\">\n\t\t\t\t\t<div class=\"elementor-column elementor-col-100 elementor-top-column elementor-element elementor-element-6e1c4a9\" data-id=\"6e1c4a9\" data-element_type=\"column\" data-e-type=\"column\">\n\t\t\t<div class=\"elementor-widget-wrap elementor-element-populated\">\n\t\t\t\t\t\t<div class=\"elementor-element elementor-element-8343925 elementor-widget elementor-widget-text-editor\" data-id=\"8343925\" data-element_type=\"widget\" data-e-type=\"widget\" data-widget_type=\"text-editor.default\">\n\t\t\t\t<div class=\"elementor-widget-container\">\n\t\t\t\t\t\t\t\t\t<h2 style=\"text-align: center;\"><span style=\"color: #808080;\"><em>Luis Cort\u00e9s presenta \u00abDolores\u00bb, su EP debut con el que estar\u00e1 haciendo conciertos por gran parte de Espa\u00f1a<\/em><\/span><\/h2>\t\t\t\t\t\t\t\t<\/div>\n\t\t\t\t<\/div>\n\t\t\t\t\t<\/div>\n\t\t<\/div>\n\t\t\t\t\t<\/div>\n\t\t<\/section>\n\t\t\t\t<section class=\"elementor-section elementor-top-section elementor-element elementor-element-3184e69 elementor-section-boxed elementor-section-height-default elementor-section-height-default\" data-id=\"3184e69\" data-element_type=\"section\" data-e-type=\"section\">\n\t\t\t\t\t\t<div class=\"elementor-container elementor-column-gap-default\">\n\t\t\t\t\t<div class=\"elementor-column elementor-col-100 elementor-top-column elementor-element elementor-element-15ee94d\" data-id=\"15ee94d\" data-element_type=\"column\" data-e-type=\"column\">\n\t\t\t<div class=\"elementor-widget-wrap elementor-element-populated\">\n\t\t\t\t\t\t<div class=\"elementor-element elementor-element-da92e49 elementor-widget elementor-widget-text-editor\" data-id=\"da92e49\" data-element_type=\"widget\" data-e-type=\"widget\" data-widget_type=\"text-editor.default\">\n\t\t\t\t<div class=\"elementor-widget-container\">\n\t\t\t\t\t\t\t\t\t<p><b>Luis Cort\u00e9s<\/b>, con el duende gitano y el calor de \u00c1frica, fusiona flamenco, soul y R&amp;B de manera impecable. A los 18 a\u00f1os, comenz\u00f3 a romper estereotipos del flamenco con su primer sencillo <i>Ojal\u00e1<\/i>, lanzado en noviembre de 2019 bajo el sello Sound Blaster Records. Este lanzamiento despert\u00f3 el inter\u00e9s de discogr\u00e1ficas y promotores, llevando a Luis a actuar en varias ciudades.<\/p>\n<p>Tras varios lanzamientos, Luis public\u00f3 <i>Esa Morena<\/i>&nbsp;a finales de 2020, acumulando m\u00e1s de 4 millones de reproducciones. Su carrera despeg\u00f3 con <i>En Sue\u00f1os<\/i>&nbsp;junto a Zaira, alcanzando casi 12 millones de reproducciones. El remix de <i>Esa Morena<\/i>&nbsp;con Keen Levy tambi\u00e9n se destac\u00f3 en varias playlists digitales. Activo en redes sociales, especialmente en TikTok, uno de sus v\u00eddeos con la canci\u00f3n \u00abHoja en Blanco\u00bb se hizo viral, llevando a su lanzamiento debido al reclamo del p\u00fablico.<\/p>\t\t\t\t\t\t\t\t<\/div>\n\t\t\t\t<\/div>\n\t\t\t\t\t<\/div>\n\t\t<\/div>\n\t\t\t\t\t<\/div>\n\t\t<\/section>\n\t\t\t\t<section class=\"elementor-section elementor-top-section elementor-element elementor-element-c10bd26 elementor-section-boxed elementor-section-height-default elementor-section-height-default\" data-id=\"c10bd26\" data-element_type=\"section\" data-e-type=\"section\">\n\t\t\t\t\t\t<div class=\"elementor-container elementor-column-gap-default\">\n\t\t\t\t\t<div class=\"elementor-column elementor-col-100 elementor-top-column elementor-element elementor-element-094e74e\" data-id=\"094e74e\" data-element_type=\"column\" data-e-type=\"column\">\n\t\t\t<div class=\"elementor-widget-wrap elementor-element-populated\">\n\t\t\t\t\t\t<div class=\"elementor-element elementor-element-c69d3ab elementor-widget elementor-widget-video\" data-id=\"c69d3ab\" data-element_type=\"widget\" data-e-type=\"widget\" data-settings=\"{&quot;youtube_url&quot;:&quot;https:\\\/\\\/www.youtube.com\\\/watch?v=2DAYdmOgFqQ&amp;ab_channel=SoundBlasterRecords&quot;,&quot;video_type&quot;:&quot;youtube&quot;,&quot;controls&quot;:&quot;yes&quot;}\" data-widget_type=\"video.default\">\n\t\t\t\t<div class=\"elementor-widget-container\">\n\t\t\t\t\t\t\t<div class=\"elementor-wrapper elementor-open-inline\">\n\t\t\t<div class=\"elementor-video\"><\/div>\t\t<\/div>\n\t\t\t\t\t\t<\/div>\n\t\t\t\t<\/div>\n\t\t\t\t\t<\/div>\n\t\t<\/div>\n\t\t\t\t\t<\/div>\n\t\t<\/section>\n\t\t\t\t<section class=\"elementor-section elementor-top-section elementor-element elementor-element-9e5b14f elementor-section-boxed elementor-section-height-default elementor-section-height-default\" data-id=\"9e5b14f\" data-element_type=\"section\" data-e-type=\"section\">\n\t\t\t\t\t\t<div class=\"elementor-container elementor-column-gap-default\">\n\t\t\t\t\t<div class=\"elementor-column elementor-col-100 elementor-top-column elementor-element elementor-element-37410ea\" data-id=\"37410ea\" data-element_type=\"column\" data-e-type=\"column\">\n\t\t\t<div class=\"elementor-widget-wrap elementor-element-populated\">\n\t\t\t\t\t\t<div class=\"elementor-element elementor-element-bf923fb elementor-widget elementor-widget-text-editor\" data-id=\"bf923fb\" data-element_type=\"widget\" data-e-type=\"widget\" data-widget_type=\"text-editor.default\">\n\t\t\t\t<div class=\"elementor-widget-container\">\n\t\t\t\t\t\t\t\t\t<p class=\"Script\"><b><i><span style=\"font-size: 12.0pt;\">Eres muy joven, pero ya llevas varios a\u00f1os de carrera. \u00bfC\u00f3mo es eso? \u00bfC\u00f3mo te sientes? <br \/><\/span><\/i><\/b><span style=\"font-size: 12.0pt;\">S\u00faper contento, la verdad. Motivad\u00edsimo porque est\u00e1 teniendo el EP buen recibimiento, buen apoyo y super content\u00edsimo. Con ganas de hacer cosas de hacer m\u00fasica. <\/span><\/p><p class=\"Script\"><b><i><span style=\"font-size: 12.0pt;\">Llevas unos cuatro a\u00f1os y medio m\u00e1s o menos desde que sacaste tu primera canci\u00f3n, pero este es tu EP debut. \u00bfPor qu\u00e9 debut?<br \/><\/span><\/i><\/b><span style=\"font-size: 12.0pt;\">Porque el primero que hago. Es un concepto que ten\u00eda yo ya m\u00e1s o menos miradito despu\u00e9s de hacer la canci\u00f3n de <i>Me Duele Quererte<\/i>. Es el primero de muchos, pienso yo. Espero que hagamos much\u00edsimo EP, much\u00edsimos discos y much\u00edsimos proyectos as\u00ed, tan bonitos como este.<\/span><\/p><p class=\"Script\"><b><i><span style=\"font-size: 12.0pt;\">\u00bfY qu\u00e9 significa para ti? <br \/><\/span><\/i><\/b><span style=\"font-size: 12.0pt;\">Una locura, la verdad. Much\u00edsimos sentimientos y todo mezclado en un EP. Es como much\u00edsimas experiencias, much\u00edsimas emociones, much\u00edsimos amores. Es como un c\u00famulo de emociones, todo concentrado en un EP, o sea que super bien.<\/span><\/p>\t\t\t\t\t\t\t\t<\/div>\n\t\t\t\t<\/div>\n\t\t\t\t\t<\/div>\n\t\t<\/div>\n\t\t\t\t\t<\/div>\n\t\t<\/section>\n\t\t\t\t<section class=\"elementor-section elementor-top-section elementor-element elementor-element-c2c0c19 elementor-section-boxed elementor-section-height-default elementor-section-height-default\" data-id=\"c2c0c19\" data-element_type=\"section\" data-e-type=\"section\">\n\t\t\t\t\t\t<div class=\"elementor-container elementor-column-gap-default\">\n\t\t\t\t\t<div class=\"elementor-column elementor-col-50 elementor-top-column elementor-element elementor-element-ce7b13d\" data-id=\"ce7b13d\" data-element_type=\"column\" data-e-type=\"column\">\n\t\t\t<div class=\"elementor-widget-wrap elementor-element-populated\">\n\t\t\t\t\t\t<div class=\"elementor-element elementor-element-6cc696b elementor-widget elementor-widget-image\" data-id=\"6cc696b\" data-element_type=\"widget\" data-e-type=\"widget\" data-widget_type=\"image.default\">\n\t\t\t\t<div class=\"elementor-widget-container\">\n\t\t\t\t\t\t\t\t\t\t\t\t\t\t\t<img fetchpriority=\"high\" decoding=\"async\" width=\"640\" height=\"960\" src=\"https:\/\/unaymilletras.com\/wp-content\/uploads\/2024\/05\/08C8338-683x1024.jpg\" class=\"attachment-large size-large wp-image-2609\" alt=\"Luis Cort\u00e9s\" srcset=\"https:\/\/unaymilletras.com\/wp-content\/uploads\/2024\/05\/08C8338-683x1024.jpg 683w, https:\/\/unaymilletras.com\/wp-content\/uploads\/2024\/05\/08C8338-200x300.jpg 200w, https:\/\/unaymilletras.com\/wp-content\/uploads\/2024\/05\/08C8338-768x1152.jpg 768w, https:\/\/unaymilletras.com\/wp-content\/uploads\/2024\/05\/08C8338-1024x1536.jpg 1024w, https:\/\/unaymilletras.com\/wp-content\/uploads\/2024\/05\/08C8338-1365x2048.jpg 1365w, https:\/\/unaymilletras.com\/wp-content\/uploads\/2024\/05\/08C8338-scaled-e1715788061743.jpg 600w\" sizes=\"(max-width: 640px) 100vw, 640px\" \/>\t\t\t\t\t\t\t\t\t\t\t\t\t\t\t<\/div>\n\t\t\t\t<\/div>\n\t\t\t\t\t<\/div>\n\t\t<\/div>\n\t\t\t\t<div class=\"elementor-column elementor-col-50 elementor-top-column elementor-element elementor-element-bda4eab\" data-id=\"bda4eab\" data-element_type=\"column\" data-e-type=\"column\">\n\t\t\t<div class=\"elementor-widget-wrap elementor-element-populated\">\n\t\t\t\t\t\t<div class=\"elementor-element elementor-element-30ca8fb elementor-widget elementor-widget-text-editor\" data-id=\"30ca8fb\" data-element_type=\"widget\" data-e-type=\"widget\" data-widget_type=\"text-editor.default\">\n\t\t\t\t<div class=\"elementor-widget-container\">\n\t\t\t\t\t\t\t\t\t<p class=\"Script\"><b><i><span style=\"font-size: 12.0pt;\">Cada canci\u00f3n representa a una musa tuya. \u00bfCu\u00e1les son estas musas y qu\u00e9 significa cada una?<br \/><\/span><\/i><\/b><span style=\"font-size: 12.0pt;\">Mis musas son las mujeres que han marcado mi vida, que me han me han hecho reflexionar y pensar sobre que es el amor. Han marcado un antes y un despu\u00e9s en mi vida. Han sido personas que me han inspirado y que me han hecho hacer este EP tan bonito.<\/span><\/p><p class=\"Script\"><b><i><span style=\"font-size: 12.0pt;\">Mam\u00e1 est\u00e1 dedicada a tu madre, obviamente. Es una canci\u00f3n muy bonita. \u00bfQu\u00e9 ha supuesto ella en tu carrera musical y en tu vida en general?<br \/><\/span><\/i><\/b><span style=\"font-size: 12.0pt;\">Todo. B\u00e1sicamente, todo. Mi madre es todo. Yo, si no tengo a mi madre, siento que morir\u00eda. Es un ser de luz, una persona maravillosa y que siempre est\u00e1. Siempre est\u00e1 en mi vida,<b><i> <\/i><\/b>siempre est\u00e1 apoy\u00e1ndome, siempre est\u00e1 encima. Me transmite buena energ\u00eda y puedo seguir haciendo m\u00fasica. Al fin al cabo, tener alguien que te apoya al 100%, eso es maravilloso. Y tener un pilar fundamental de tu familia que te diga: vete aqu\u00ed, vete all\u00ed, haz lo que quieras, pero s\u00e9 feliz, eso es lo m\u00e1s importante.<b><i><\/i><\/b><\/span><\/p>\t\t\t\t\t\t\t\t<\/div>\n\t\t\t\t<\/div>\n\t\t\t\t\t<\/div>\n\t\t<\/div>\n\t\t\t\t\t<\/div>\n\t\t<\/section>\n\t\t\t\t<section class=\"elementor-section elementor-top-section elementor-element elementor-element-4dd52e8 elementor-section-boxed elementor-section-height-default elementor-section-height-default\" data-id=\"4dd52e8\" data-element_type=\"section\" data-e-type=\"section\">\n\t\t\t\t\t\t<div class=\"elementor-container elementor-column-gap-default\">\n\t\t\t\t\t<div class=\"elementor-column elementor-col-100 elementor-top-column elementor-element elementor-element-9ae999f\" data-id=\"9ae999f\" data-element_type=\"column\" data-e-type=\"column\">\n\t\t\t<div class=\"elementor-widget-wrap elementor-element-populated\">\n\t\t\t\t\t\t<div class=\"elementor-element elementor-element-6d3cd8c elementor-widget elementor-widget-text-editor\" data-id=\"6d3cd8c\" data-element_type=\"widget\" data-e-type=\"widget\" data-widget_type=\"text-editor.default\">\n\t\t\t\t<div class=\"elementor-widget-container\">\n\t\t\t\t\t\t\t\t\t<p class=\"Script\"><b><i><span style=\"font-size: 12.0pt;\">Durante la presentaci\u00f3n del EP, tus productores dijeron que te hab\u00edan fichado pr\u00e1cticamente desde peque\u00f1o, que hab\u00edan visto un ni\u00f1o chiquitito que ten\u00eda un color s\u00faper bonito de voz. \u00bfCu\u00e1ndo supiste t\u00fa que te quer\u00edas dedicar a la m\u00fasica o cuando empieza a ser tu sue\u00f1o?<br \/><\/span><\/i><\/b><span style=\"font-size: 12.0pt;\">A ra\u00edz de la primera canci\u00f3n, <i>Ojal\u00e1. <\/i>En cuanto me firmaron. <\/span><\/p><p class=\"Script\"><span style=\"font-size: 12.0pt;\">Yo no ten\u00eda tenci\u00f3n de ser cantante. Nunca pens\u00e9 serlo. Yo quer\u00eda ser futbolista, no cantante. Pero a trav\u00e9s de la primera canci\u00f3n, de conocerlos a ellos, como que le cog\u00ed much\u00edsimo inter\u00e9s a la m\u00fasica, a cantar. Le cog\u00ed un amor impresionante. Y hasta el d\u00eda de hoy que no puedo vivir sin la m\u00fasica <i><\/i><\/span><\/p><p class=\"Script\"><b><i><span style=\"font-size: 12.0pt;\">\u00bfCu\u00e1l es tu primer recuerdo que tienes en dentro del mundo de la m\u00fasica?<br \/><\/span><\/i><\/b><i><\/i><span style=\"font-size: 12.0pt;\">La primera grabaci\u00f3n con mi colega Miguel. Recuerdo que es como que empez\u00f3 todo ah\u00ed. Fuimos a su estudio aburridos y empezamos a hacer el tema ese que se llama <i>Ojal\u00e1<\/i>. Y tengo ese recuerdo, de estar ah\u00ed los dos tranquilitos con nuestra cervecita. Creo que el primer recuerdo que tengo. <\/span><\/p><p class=\"Script\"><span style=\"font-size: 12.0pt;\">Ese y el primer concierto. Pas\u00f3 un mes o dos meses despu\u00e9s que se estren\u00f3 la canci\u00f3n y me llamaron para Los Palacios, en Villafranca, a siete horas de mi casa. Y yo recuerdo que estaba muy nervioso, que ten\u00eda much\u00edsimo miedo de cantar. No quer\u00eda cantar porque me daba respeto, me daba much\u00edsima verg\u00fcenza. Y tengo ese recuerdo de much\u00edsimos nervios, el gusanillo en el est\u00f3mago. Una locura. <\/span><\/p><p class=\"Script\"><span style=\"font-size: 12.0pt;\">Tengo esos recuerdos. <\/span><\/p>\t\t\t\t\t\t\t\t<\/div>\n\t\t\t\t<\/div>\n\t\t\t\t\t<\/div>\n\t\t<\/div>\n\t\t\t\t\t<\/div>\n\t\t<\/section>\n\t\t\t\t<section class=\"elementor-section elementor-top-section elementor-element elementor-element-e756962 elementor-section-boxed elementor-section-height-default elementor-section-height-default\" data-id=\"e756962\" data-element_type=\"section\" data-e-type=\"section\">\n\t\t\t\t\t\t<div class=\"elementor-container elementor-column-gap-default\">\n\t\t\t\t\t<div class=\"elementor-column elementor-col-100 elementor-top-column elementor-element elementor-element-ddf3e50\" data-id=\"ddf3e50\" data-element_type=\"column\" data-e-type=\"column\">\n\t\t\t<div class=\"elementor-widget-wrap elementor-element-populated\">\n\t\t\t\t\t\t<div class=\"elementor-element elementor-element-4caa124 elementor-widget elementor-widget-video\" data-id=\"4caa124\" data-element_type=\"widget\" data-e-type=\"widget\" data-settings=\"{&quot;youtube_url&quot;:&quot;https:\\\/\\\/www.youtube.com\\\/watch?v=g7qdGx5Qg_o&amp;ab_channel=SoundBlasterRecords&quot;,&quot;video_type&quot;:&quot;youtube&quot;,&quot;controls&quot;:&quot;yes&quot;}\" data-widget_type=\"video.default\">\n\t\t\t\t<div class=\"elementor-widget-container\">\n\t\t\t\t\t\t\t<div class=\"elementor-wrapper elementor-open-inline\">\n\t\t\t<div class=\"elementor-video\"><\/div>\t\t<\/div>\n\t\t\t\t\t\t<\/div>\n\t\t\t\t<\/div>\n\t\t\t\t\t<\/div>\n\t\t<\/div>\n\t\t\t\t\t<\/div>\n\t\t<\/section>\n\t\t\t\t<section class=\"elementor-section elementor-top-section elementor-element elementor-element-d2983be elementor-section-boxed elementor-section-height-default elementor-section-height-default\" data-id=\"d2983be\" data-element_type=\"section\" data-e-type=\"section\">\n\t\t\t\t\t\t<div class=\"elementor-container elementor-column-gap-default\">\n\t\t\t\t\t<div class=\"elementor-column elementor-col-100 elementor-top-column elementor-element elementor-element-9123253\" data-id=\"9123253\" data-element_type=\"column\" data-e-type=\"column\">\n\t\t\t<div class=\"elementor-widget-wrap elementor-element-populated\">\n\t\t\t\t\t\t<div class=\"elementor-element elementor-element-c5f05e8 elementor-widget elementor-widget-text-editor\" data-id=\"c5f05e8\" data-element_type=\"widget\" data-e-type=\"widget\" data-widget_type=\"text-editor.default\">\n\t\t\t\t<div class=\"elementor-widget-container\">\n\t\t\t\t\t\t\t\t\t<p class=\"Script\"><span style=\"color: #808080;\"><b><i><span style=\"font-size: 12.0pt;\">Y \u00bfhas aprendido ya a controlar un poco esos nervios? \u00bfC\u00f3mo te afrontas ahora al escenario comparado con esa primera vez?<br \/><\/span><\/i><\/b><span style=\"font-size: 12.0pt;\">En el escenario muy bien, Me encanta cantar, que la gente responda, los conciertos en general. <\/span><\/span><\/p><p class=\"Script\"><span style=\"font-size: 12pt; color: #808080;\">Lo que m\u00e1s me cuesta mi ahora son las entrevistas. Me pongo un poquito nervioso jajaja. Pero en los conciertos me desenvuelvo, es como que soy yo, me transformo.<\/span><\/p><p class=\"Script\"><span style=\"color: #808080;\"><b><i><span style=\"font-size: 12.0pt;\">De todas las canciones que tienes, \u00bfcu\u00e1l dir\u00edas que es la que m\u00e1s ha marcado tu carrera? <br \/><\/span><\/i><\/b><span style=\"font-size: 12.0pt;\">\u00bfDe todas? No lo s\u00e9.<\/span><\/span><\/p><p class=\"Script\"><span style=\"font-size: 12pt; color: #808080;\">No sabr\u00eda decirte. Quiz\u00e1s <i><a style=\"color: #808080;\" href=\"https:\/\/www.youtube.com\/watch?v=Mr6FX6azSAc&amp;ab_channel=SoundBlasterRecords\">Me Duele Quererte<\/a><\/i> porque ha marcado un antes y un despu\u00e9s tanto en lo personal como a la gente. Ha tenido un buen recibimiento y me ha hecho entender y valorar ciertas cosas de la vida y de la m\u00fasica. Me ha dado un concepto de sacar a la hora de la m\u00fasica.<\/span><\/p><p class=\"Script\"><span style=\"color: #808080;\"><b><i><span style=\"font-size: 12.0pt;\">\u00bfCu\u00e1l dir\u00edas que es tu sello? <br \/><\/span><\/i><\/b><\/span><span style=\"font-size: 12.0pt;\"><span style=\"color: #808080;\">Yo creo que la voz y el c\u00f3mo fusionamos los g\u00e9neros. Pero yo creo que especialmente la voz. La gente que ya me haya escuchado dice vale, ese es Luis. Yo siento que es mi voz, c\u00f3mo canto a la hora de interpretar alguna canci\u00f3n.<\/span> <\/span><\/p>\t\t\t\t\t\t\t\t<\/div>\n\t\t\t\t<\/div>\n\t\t\t\t\t<\/div>\n\t\t<\/div>\n\t\t\t\t\t<\/div>\n\t\t<\/section>\n\t\t\t\t<section class=\"elementor-section elementor-top-section elementor-element elementor-element-e7f1d78 elementor-section-boxed elementor-section-height-default elementor-section-height-default\" data-id=\"e7f1d78\" data-element_type=\"section\" data-e-type=\"section\">\n\t\t\t\t\t\t<div class=\"elementor-container elementor-column-gap-default\">\n\t\t\t\t\t<div class=\"elementor-column elementor-col-50 elementor-top-column elementor-element elementor-element-f5f3497\" data-id=\"f5f3497\" data-element_type=\"column\" data-e-type=\"column\">\n\t\t\t<div class=\"elementor-widget-wrap elementor-element-populated\">\n\t\t\t\t\t\t<div class=\"elementor-element elementor-element-1837fdf elementor-widget elementor-widget-text-editor\" data-id=\"1837fdf\" data-element_type=\"widget\" data-e-type=\"widget\" data-widget_type=\"text-editor.default\">\n\t\t\t\t<div class=\"elementor-widget-container\">\n\t\t\t\t\t\t\t\t\t<p class=\"Script\"><b><i><span style=\"font-size: 12.0pt;\">Claro porque t\u00fa mezclas el flamenco con el soul y con el R&amp;B. \u00bfQu\u00e9 te gusta de cada g\u00e9nero? \u00bfC\u00f3mo has logrado juntarlos todos?<br \/><\/span><\/i><\/b><span style=\"font-size: 12.0pt;\">Por ejemplo, del R&amp;B las melod\u00edas que tiene, los giros que hace, etc. Sobre el pop, ahora hemos sacado <i>Al Alba<\/i>, que as\u00ed pop, con la bater\u00eda, que marca much\u00edsimo. Como que te lleva. Trato de fusionarlo para que todo tenga un sentido y para tratar de sonar diferente tambi\u00e9n.<\/span><\/p><p class=\"Script\"><b><i><span style=\"font-size: 12.0pt;\">Volviendo un poco a los conciertos, has hablado de que es incre\u00edble subirte al escenario y que la gente conozca tus canciones. \u00bfC\u00f3mo se siente? <br \/><\/span><\/i><\/b><span style=\"font-size: 12.0pt;\">Es una locura. Yo creo que es el mayor sentimiento que hay. Que t\u00fa te suba un escenario, la gente se emocione, que canten como locos\u2026 Es un sentimiento que no hay y creo que es el mayor sentimiento, que la gente siente identificada y que canten. Es una locura. <\/span><\/p>\t\t\t\t\t\t\t\t<\/div>\n\t\t\t\t<\/div>\n\t\t\t\t\t<\/div>\n\t\t<\/div>\n\t\t\t\t<div class=\"elementor-column elementor-col-50 elementor-top-column elementor-element elementor-element-997e3c4\" data-id=\"997e3c4\" data-element_type=\"column\" data-e-type=\"column\">\n\t\t\t<div class=\"elementor-widget-wrap elementor-element-populated\">\n\t\t\t\t\t\t<div class=\"elementor-element elementor-element-c4c51e2 elementor-widget elementor-widget-image\" data-id=\"c4c51e2\" data-element_type=\"widget\" data-e-type=\"widget\" data-widget_type=\"image.default\">\n\t\t\t\t<div class=\"elementor-widget-container\">\n\t\t\t\t\t\t\t\t\t\t\t\t\t\t\t<img decoding=\"async\" width=\"640\" height=\"960\" src=\"https:\/\/unaymilletras.com\/wp-content\/uploads\/2024\/05\/08C8350-683x1024.jpg\" class=\"attachment-large size-large wp-image-2610\" alt=\"\" srcset=\"https:\/\/unaymilletras.com\/wp-content\/uploads\/2024\/05\/08C8350-683x1024.jpg 683w, https:\/\/unaymilletras.com\/wp-content\/uploads\/2024\/05\/08C8350-200x300.jpg 200w, https:\/\/unaymilletras.com\/wp-content\/uploads\/2024\/05\/08C8350-768x1152.jpg 768w, https:\/\/unaymilletras.com\/wp-content\/uploads\/2024\/05\/08C8350-1024x1536.jpg 1024w, https:\/\/unaymilletras.com\/wp-content\/uploads\/2024\/05\/08C8350-1365x2048.jpg 1365w, https:\/\/unaymilletras.com\/wp-content\/uploads\/2024\/05\/08C8350-scaled-e1715788264267.jpg 600w\" sizes=\"(max-width: 640px) 100vw, 640px\" \/>\t\t\t\t\t\t\t\t\t\t\t\t\t\t\t<\/div>\n\t\t\t\t<\/div>\n\t\t\t\t\t<\/div>\n\t\t<\/div>\n\t\t\t\t\t<\/div>\n\t\t<\/section>\n\t\t\t\t<section class=\"elementor-section elementor-top-section elementor-element elementor-element-1eeff1f elementor-section-boxed elementor-section-height-default elementor-section-height-default\" data-id=\"1eeff1f\" data-element_type=\"section\" data-e-type=\"section\">\n\t\t\t\t\t\t<div class=\"elementor-container elementor-column-gap-default\">\n\t\t\t\t\t<div class=\"elementor-column elementor-col-100 elementor-top-column elementor-element elementor-element-5f5a6db\" data-id=\"5f5a6db\" data-element_type=\"column\" data-e-type=\"column\">\n\t\t\t<div class=\"elementor-widget-wrap elementor-element-populated\">\n\t\t\t\t\t\t<div class=\"elementor-element elementor-element-15c7f8e elementor-widget elementor-widget-text-editor\" data-id=\"15c7f8e\" data-element_type=\"widget\" data-e-type=\"widget\" data-widget_type=\"text-editor.default\">\n\t\t\t\t<div class=\"elementor-widget-container\">\n\t\t\t\t\t\t\t\t\t<p class=\"Script\"><b><i><span style=\"font-size: 12.0pt;\">De toda la gente que te sigue, te llegar\u00e1n un mont\u00f3n de mensajes. \u00bfCu\u00e1l es el que m\u00e1s te ha marcado a ti? El que m\u00e1s recuerde<br><\/span><\/i><\/b><span style=\"font-size: 12.0pt;\">Uff. Una chica que no escuchaba y me habl\u00f3 gracias a la canci\u00f3n de <i>Hoja en Blanco<\/i>. Fue un tema que hice y le pusimos los subt\u00edtulos. Me dijo que no escuchaba, pero que, como me ve\u00eda a m\u00ed y gracias a los subt\u00edtulos que se notaba que era un tema precioso y que le iba a llegar much\u00edsimo.<\/span><\/p>\n<p class=\"Script\"><span style=\"font-size: 12.0pt;\">Y gracias a esa chica entend\u00ed que, a lo mejor, hay que pone sus t\u00edtulos en todas las canciones, porque hay personas que no escuchan. Entonces, a lo mejor simplemente le sale el tema. Y decid\u00ed poner subt\u00edtulos a todos mis temas, tanto del EP <i>Dolores<\/i> como a los que van a salir.<\/span><\/p>\n<p class=\"Script\"><b><i><span style=\"font-size: 12.0pt;\">Durante toda tu carrera has colaborado con mucha gente. \u00bfCon qu\u00e9 artista te gustar\u00eda volver a reunirte dentro del estudio?<br><\/span><\/i><\/b><span style=\"font-size: 12.0pt;\">La tiene aqu\u00ed delante, con Zaira. Tengo un tema con ella que se llama <i>En sue\u00f1o<\/i>. Fue una bomba. Estuvo chul\u00edsimo el tema y ya estamos viendo, hablando de los jefes, a ver si nos vuelven a juntar. Por ahora est\u00e1n diciendo que nos esperemos, pero yo creo que ya mismo soltamos otra. <\/span><\/p>\t\t\t\t\t\t\t\t<\/div>\n\t\t\t\t<\/div>\n\t\t\t\t\t<\/div>\n\t\t<\/div>\n\t\t\t\t\t<\/div>\n\t\t<\/section>\n\t\t\t\t<section class=\"elementor-section elementor-top-section elementor-element elementor-element-55ab35a elementor-section-boxed elementor-section-height-default elementor-section-height-default\" data-id=\"55ab35a\" data-element_type=\"section\" data-e-type=\"section\">\n\t\t\t\t\t\t<div class=\"elementor-container elementor-column-gap-default\">\n\t\t\t\t\t<div class=\"elementor-column elementor-col-100 elementor-top-column elementor-element elementor-element-42773db\" data-id=\"42773db\" data-element_type=\"column\" data-e-type=\"column\">\n\t\t\t<div class=\"elementor-widget-wrap elementor-element-populated\">\n\t\t\t\t\t\t<div class=\"elementor-element elementor-element-e1bfa43 elementor-widget elementor-widget-video\" data-id=\"e1bfa43\" data-element_type=\"widget\" data-e-type=\"widget\" data-settings=\"{&quot;youtube_url&quot;:&quot;https:\\\/\\\/www.youtube.com\\\/watch?v=uyXHwIWVGCA&amp;ab_channel=SoundBlasterRecords&quot;,&quot;video_type&quot;:&quot;youtube&quot;,&quot;controls&quot;:&quot;yes&quot;}\" data-widget_type=\"video.default\">\n\t\t\t\t<div class=\"elementor-widget-container\">\n\t\t\t\t\t\t\t<div class=\"elementor-wrapper elementor-open-inline\">\n\t\t\t<div class=\"elementor-video\"><\/div>\t\t<\/div>\n\t\t\t\t\t\t<\/div>\n\t\t\t\t<\/div>\n\t\t\t\t\t<\/div>\n\t\t<\/div>\n\t\t\t\t\t<\/div>\n\t\t<\/section>\n\t\t\t\t<section class=\"elementor-section elementor-top-section elementor-element elementor-element-dfa94cb elementor-section-boxed elementor-section-height-default elementor-section-height-default\" data-id=\"dfa94cb\" data-element_type=\"section\" data-e-type=\"section\">\n\t\t\t\t\t\t<div class=\"elementor-container elementor-column-gap-default\">\n\t\t\t\t\t<div class=\"elementor-column elementor-col-100 elementor-top-column elementor-element elementor-element-1d66baa\" data-id=\"1d66baa\" data-element_type=\"column\" data-e-type=\"column\">\n\t\t\t<div class=\"elementor-widget-wrap elementor-element-populated\">\n\t\t\t\t\t\t<div class=\"elementor-element elementor-element-5918f33 elementor-widget elementor-widget-text-editor\" data-id=\"5918f33\" data-element_type=\"widget\" data-e-type=\"widget\" data-widget_type=\"text-editor.default\">\n\t\t\t\t<div class=\"elementor-widget-container\">\n\t\t\t\t\t\t\t\t\t<p class=\"Script\"><b><i><span style=\"font-size: 12.0pt;\">\u00bfA futuro te gustar\u00eda sacar un \u00e1lbum con m\u00e1s canciones? <br \/><\/span><\/i><\/b><span style=\"font-size: 12.0pt;\">S\u00ed, me encantar\u00eda. De hecho, ya estamos trabajando los siguientes. Nosotros no paramos. Tenemos un proyecto y ya estamos trabajando en lo pr\u00f3ximo. <\/span><\/p><p class=\"Script\"><span style=\"font-size: 12.0pt;\">L\u00f3gicamente me encantar\u00eda tener un disco f\u00edsico, que la gente venga a las firmas de discos. Eso ser\u00eda una locura para m\u00ed y un sue\u00f1o. Al fin y al cabo, tratas de mejorar siempre y de ver que puede sacar. Un disco ser\u00eda precios\u00edsimo para m\u00ed.<\/span><\/p><p class=\"Script\"><b><i><span style=\"font-size: 12.0pt;\">Y sobre los shows, \u00bftienes algo pensado?<br \/><\/span><\/i><\/b><span style=\"font-size: 12.0pt;\">S\u00ed. Venimos ya con la gira <i>Dolores<\/i>. Arranca el 19 de mayo en Barcelona, Va a estar flipante. Recomiendo a todo el mundo que venga. Vamos a estar en Barcelona, Valencia, Murcia, Garnada\u2026 Casi por toda Espa\u00f1a.<\/span><\/p><p class=\"Script\"><span style=\"font-size: 12.0pt;\">Nos lo vamos a pasar muy bien. Vamos con banda, unos visuals impresionantes. Una tem\u00e1tica super alucinante y se van a llevar buen sabor de boca a casa. As\u00ed que recomiendo a todo el mundo que venga a la gira <i>Luis Cort\u00e9s: dolores.<\/i> <i><\/i><\/span><\/p>\t\t\t\t\t\t\t\t<\/div>\n\t\t\t\t<\/div>\n\t\t\t\t\t<\/div>\n\t\t<\/div>\n\t\t\t\t\t<\/div>\n\t\t<\/section>\n\t\t\t\t<\/div>","protected":false},"excerpt":{"rendered":"<p>Luis Cort\u00e9s presenta \u00abDolores\u00bb, su EP debut con el que estar\u00e1 haciendo conciertos por gran parte de Espa\u00f1a Luis Cort\u00e9s, con el duende gitano y el calor de \u00c1frica, fusiona flamenco, soul y R&amp;B de manera impecable. A los 18 a\u00f1os, comenz\u00f3 a romper estereotipos del flamenco con su primer sencillo Ojal\u00e1, lanzado en noviembre [&hellip;]<\/p>\n","protected":false},"author":1,"featured_media":2609,"comment_status":"open","ping_status":"open","sticky":false,"template":"","format":"standard","meta":{"footnotes":""},"categories":[4],"tags":[],"class_list":["post-2607","post","type-post","status-publish","format-standard","has-post-thumbnail","hentry","category-musica"],"yoast_head":"<!-- This site is optimized with the Yoast SEO plugin v27.4 - https:\/\/yoast.com\/product\/yoast-seo-wordpress\/ -->\n<title>Luis Cort\u00e9s: &quot;Es un c\u00famulo de emociones concentrado en un EP&quot;<\/title>\n<meta name=\"description\" content=\"Luis Cort\u00e9s presenta &quot;Dolores&quot;, su EP debut con el que estar\u00e1 haciendo conciertos por gran parte de Espa\u00f1a\" \/>\n<meta name=\"robots\" content=\"index, follow, max-snippet:-1, max-image-preview:large, max-video-preview:-1\" \/>\n<link rel=\"canonical\" href=\"https:\/\/unaymilletras.com\/en\/luis-cortes-es-un-cumulo-de-emociones-concentrado-en-un-ep\/\" \/>\n<meta property=\"og:locale\" content=\"en_GB\" \/>\n<meta property=\"og:type\" content=\"article\" \/>\n<meta property=\"og:title\" content=\"Luis Cort\u00e9s: &quot;Es un c\u00famulo de emociones concentrado en un EP&quot;\" \/>\n<meta property=\"og:description\" content=\"Luis Cort\u00e9s presenta &quot;Dolores&quot;, su EP debut con el que estar\u00e1 haciendo conciertos por gran parte de Espa\u00f1a\" \/>\n<meta property=\"og:url\" content=\"https:\/\/unaymilletras.com\/en\/luis-cortes-es-un-cumulo-de-emociones-concentrado-en-un-ep\/\" \/>\n<meta property=\"og:site_name\" content=\"Una y Mil Letras\" \/>\n<meta property=\"article:published_time\" content=\"2024-05-15T19:00:00+00:00\" \/>\n<meta property=\"og:image\" content=\"https:\/\/unaymilletras.com\/wp-content\/uploads\/2024\/05\/08C8338-scaled-e1715788061743.jpg\" \/>\n\t<meta property=\"og:image:width\" content=\"600\" \/>\n\t<meta property=\"og:image:height\" content=\"900\" \/>\n\t<meta property=\"og:image:type\" content=\"image\/jpeg\" \/>\n<meta name=\"author\" content=\"Maria Gil Robledo\" \/>\n<meta name=\"twitter:card\" content=\"summary_large_image\" \/>\n<meta name=\"twitter:creator\" content=\"@UnaYMilLetras\" \/>\n<meta name=\"twitter:site\" content=\"@UnaYMilLetras\" \/>\n<meta name=\"twitter:label1\" content=\"Written by\" \/>\n\t<meta name=\"twitter:data1\" content=\"Maria Gil Robledo\" \/>\n\t<meta name=\"twitter:label2\" content=\"Estimated reading time\" \/>\n\t<meta name=\"twitter:data2\" content=\"8 minutes\" \/>\n<script type=\"application\/ld+json\" class=\"yoast-schema-graph\">{\"@context\":\"https:\\\/\\\/schema.org\",\"@graph\":[{\"@type\":\"Article\",\"@id\":\"https:\\\/\\\/unaymilletras.com\\\/luis-cortes-es-un-cumulo-de-emociones-concentrado-en-un-ep\\\/#article\",\"isPartOf\":{\"@id\":\"https:\\\/\\\/unaymilletras.com\\\/luis-cortes-es-un-cumulo-de-emociones-concentrado-en-un-ep\\\/\"},\"author\":{\"name\":\"Maria Gil Robledo\",\"@id\":\"http:\\\/\\\/unaymilletras.com\\\/#\\\/schema\\\/person\\\/d55ba681b8a4e463d8982dbe36a5dc94\"},\"headline\":\"Luis Cort\u00e9s: \u00abEs un c\u00famulo de emociones concentrado en un EP\u00bb\",\"datePublished\":\"2024-05-15T19:00:00+00:00\",\"mainEntityOfPage\":{\"@id\":\"https:\\\/\\\/unaymilletras.com\\\/luis-cortes-es-un-cumulo-de-emociones-concentrado-en-un-ep\\\/\"},\"wordCount\":1648,\"commentCount\":0,\"publisher\":{\"@id\":\"http:\\\/\\\/unaymilletras.com\\\/#organization\"},\"image\":{\"@id\":\"https:\\\/\\\/unaymilletras.com\\\/luis-cortes-es-un-cumulo-de-emociones-concentrado-en-un-ep\\\/#primaryimage\"},\"thumbnailUrl\":\"https:\\\/\\\/unaymilletras.com\\\/wp-content\\\/uploads\\\/2024\\\/05\\\/08C8338-scaled-e1715788061743.jpg\",\"articleSection\":[\"M\u00fasica\"],\"inLanguage\":\"en-GB\",\"potentialAction\":[{\"@type\":\"CommentAction\",\"name\":\"Comment\",\"target\":[\"https:\\\/\\\/unaymilletras.com\\\/luis-cortes-es-un-cumulo-de-emociones-concentrado-en-un-ep\\\/#respond\"]}]},{\"@type\":\"WebPage\",\"@id\":\"https:\\\/\\\/unaymilletras.com\\\/luis-cortes-es-un-cumulo-de-emociones-concentrado-en-un-ep\\\/\",\"url\":\"https:\\\/\\\/unaymilletras.com\\\/luis-cortes-es-un-cumulo-de-emociones-concentrado-en-un-ep\\\/\",\"name\":\"Luis Cort\u00e9s: \\\"Es un c\u00famulo de emociones concentrado en un EP\\\"\",\"isPartOf\":{\"@id\":\"http:\\\/\\\/unaymilletras.com\\\/#website\"},\"primaryImageOfPage\":{\"@id\":\"https:\\\/\\\/unaymilletras.com\\\/luis-cortes-es-un-cumulo-de-emociones-concentrado-en-un-ep\\\/#primaryimage\"},\"image\":{\"@id\":\"https:\\\/\\\/unaymilletras.com\\\/luis-cortes-es-un-cumulo-de-emociones-concentrado-en-un-ep\\\/#primaryimage\"},\"thumbnailUrl\":\"https:\\\/\\\/unaymilletras.com\\\/wp-content\\\/uploads\\\/2024\\\/05\\\/08C8338-scaled-e1715788061743.jpg\",\"datePublished\":\"2024-05-15T19:00:00+00:00\",\"description\":\"Luis Cort\u00e9s presenta \\\"Dolores\\\", su EP debut con el que estar\u00e1 haciendo conciertos por gran parte de Espa\u00f1a\",\"breadcrumb\":{\"@id\":\"https:\\\/\\\/unaymilletras.com\\\/luis-cortes-es-un-cumulo-de-emociones-concentrado-en-un-ep\\\/#breadcrumb\"},\"inLanguage\":\"en-GB\",\"potentialAction\":[{\"@type\":\"ReadAction\",\"target\":[\"https:\\\/\\\/unaymilletras.com\\\/luis-cortes-es-un-cumulo-de-emociones-concentrado-en-un-ep\\\/\"]}]},{\"@type\":\"ImageObject\",\"inLanguage\":\"en-GB\",\"@id\":\"https:\\\/\\\/unaymilletras.com\\\/luis-cortes-es-un-cumulo-de-emociones-concentrado-en-un-ep\\\/#primaryimage\",\"url\":\"https:\\\/\\\/unaymilletras.com\\\/wp-content\\\/uploads\\\/2024\\\/05\\\/08C8338-scaled-e1715788061743.jpg\",\"contentUrl\":\"https:\\\/\\\/unaymilletras.com\\\/wp-content\\\/uploads\\\/2024\\\/05\\\/08C8338-scaled-e1715788061743.jpg\",\"width\":600,\"height\":900,\"caption\":\"Luis Cort\u00e9s\"},{\"@type\":\"BreadcrumbList\",\"@id\":\"https:\\\/\\\/unaymilletras.com\\\/luis-cortes-es-un-cumulo-de-emociones-concentrado-en-un-ep\\\/#breadcrumb\",\"itemListElement\":[{\"@type\":\"ListItem\",\"position\":1,\"name\":\"Home\",\"item\":\"http:\\\/\\\/unaymilletras.com\\\/\"},{\"@type\":\"ListItem\",\"position\":2,\"name\":\"Luis Cort\u00e9s: \u00abEs un c\u00famulo de emociones concentrado en un EP\u00bb\"}]},{\"@type\":\"WebSite\",\"@id\":\"http:\\\/\\\/unaymilletras.com\\\/#website\",\"url\":\"http:\\\/\\\/unaymilletras.com\\\/\",\"name\":\"Una y Mil Letras\",\"description\":\"\",\"publisher\":{\"@id\":\"http:\\\/\\\/unaymilletras.com\\\/#organization\"},\"potentialAction\":[{\"@type\":\"SearchAction\",\"target\":{\"@type\":\"EntryPoint\",\"urlTemplate\":\"http:\\\/\\\/unaymilletras.com\\\/?s={search_term_string}\"},\"query-input\":{\"@type\":\"PropertyValueSpecification\",\"valueRequired\":true,\"valueName\":\"search_term_string\"}}],\"inLanguage\":\"en-GB\"},{\"@type\":\"Organization\",\"@id\":\"http:\\\/\\\/unaymilletras.com\\\/#organization\",\"name\":\"Una y Mil Letras\",\"url\":\"http:\\\/\\\/unaymilletras.com\\\/\",\"logo\":{\"@type\":\"ImageObject\",\"inLanguage\":\"en-GB\",\"@id\":\"http:\\\/\\\/unaymilletras.com\\\/#\\\/schema\\\/logo\\\/image\\\/\",\"url\":\"https:\\\/\\\/unaymilletras.com\\\/wp-content\\\/uploads\\\/2024\\\/06\\\/cropped-Logo-removebg-preview.png\",\"contentUrl\":\"https:\\\/\\\/unaymilletras.com\\\/wp-content\\\/uploads\\\/2024\\\/06\\\/cropped-Logo-removebg-preview.png\",\"width\":512,\"height\":512,\"caption\":\"Una y Mil Letras\"},\"image\":{\"@id\":\"http:\\\/\\\/unaymilletras.com\\\/#\\\/schema\\\/logo\\\/image\\\/\"},\"sameAs\":[\"https:\\\/\\\/x.com\\\/UnaYMilLetras\",\"https:\\\/\\\/instagram.com\\\/UnaYMilLetras\"]},{\"@type\":\"Person\",\"@id\":\"http:\\\/\\\/unaymilletras.com\\\/#\\\/schema\\\/person\\\/d55ba681b8a4e463d8982dbe36a5dc94\",\"name\":\"Maria Gil Robledo\",\"image\":{\"@type\":\"ImageObject\",\"inLanguage\":\"en-GB\",\"@id\":\"https:\\\/\\\/secure.gravatar.com\\\/avatar\\\/4b8e5102e0015789407eb4870b12f0f2857952d83ca124058f92b764bd1840c3?s=96&d=mm&r=g\",\"url\":\"https:\\\/\\\/secure.gravatar.com\\\/avatar\\\/4b8e5102e0015789407eb4870b12f0f2857952d83ca124058f92b764bd1840c3?s=96&d=mm&r=g\",\"contentUrl\":\"https:\\\/\\\/secure.gravatar.com\\\/avatar\\\/4b8e5102e0015789407eb4870b12f0f2857952d83ca124058f92b764bd1840c3?s=96&d=mm&r=g\",\"caption\":\"Maria Gil Robledo\"},\"sameAs\":[\"http:\\\/\\\/unaymilletras.com\"],\"url\":\"https:\\\/\\\/unaymilletras.com\\\/en\\\/author\\\/mariiagiil02_\\\/\"}]}<\/script>\n<!-- \/ Yoast SEO plugin. -->","yoast_head_json":{"title":"Luis Cort\u00e9s: \"Es un c\u00famulo de emociones concentrado en un EP\"","description":"Luis Cort\u00e9s presenta \"Dolores\", su EP debut con el que estar\u00e1 haciendo conciertos por gran parte de Espa\u00f1a","robots":{"index":"index","follow":"follow","max-snippet":"max-snippet:-1","max-image-preview":"max-image-preview:large","max-video-preview":"max-video-preview:-1"},"canonical":"https:\/\/unaymilletras.com\/en\/luis-cortes-es-un-cumulo-de-emociones-concentrado-en-un-ep\/","og_locale":"en_GB","og_type":"article","og_title":"Luis Cort\u00e9s: \"Es un c\u00famulo de emociones concentrado en un EP\"","og_description":"Luis Cort\u00e9s presenta \"Dolores\", su EP debut con el que estar\u00e1 haciendo conciertos por gran parte de Espa\u00f1a","og_url":"https:\/\/unaymilletras.com\/en\/luis-cortes-es-un-cumulo-de-emociones-concentrado-en-un-ep\/","og_site_name":"Una y Mil Letras","article_published_time":"2024-05-15T19:00:00+00:00","og_image":[{"width":600,"height":900,"url":"https:\/\/unaymilletras.com\/wp-content\/uploads\/2024\/05\/08C8338-scaled-e1715788061743.jpg","type":"image\/jpeg"}],"author":"Maria Gil Robledo","twitter_card":"summary_large_image","twitter_creator":"@UnaYMilLetras","twitter_site":"@UnaYMilLetras","twitter_misc":{"Written by":"Maria Gil Robledo","Estimated reading time":"8 minutes"},"schema":{"@context":"https:\/\/schema.org","@graph":[{"@type":"Article","@id":"https:\/\/unaymilletras.com\/luis-cortes-es-un-cumulo-de-emociones-concentrado-en-un-ep\/#article","isPartOf":{"@id":"https:\/\/unaymilletras.com\/luis-cortes-es-un-cumulo-de-emociones-concentrado-en-un-ep\/"},"author":{"name":"Maria Gil Robledo","@id":"http:\/\/unaymilletras.com\/#\/schema\/person\/d55ba681b8a4e463d8982dbe36a5dc94"},"headline":"Luis Cort\u00e9s: \u00abEs un c\u00famulo de emociones concentrado en un EP\u00bb","datePublished":"2024-05-15T19:00:00+00:00","mainEntityOfPage":{"@id":"https:\/\/unaymilletras.com\/luis-cortes-es-un-cumulo-de-emociones-concentrado-en-un-ep\/"},"wordCount":1648,"commentCount":0,"publisher":{"@id":"http:\/\/unaymilletras.com\/#organization"},"image":{"@id":"https:\/\/unaymilletras.com\/luis-cortes-es-un-cumulo-de-emociones-concentrado-en-un-ep\/#primaryimage"},"thumbnailUrl":"https:\/\/unaymilletras.com\/wp-content\/uploads\/2024\/05\/08C8338-scaled-e1715788061743.jpg","articleSection":["M\u00fasica"],"inLanguage":"en-GB","potentialAction":[{"@type":"CommentAction","name":"Comment","target":["https:\/\/unaymilletras.com\/luis-cortes-es-un-cumulo-de-emociones-concentrado-en-un-ep\/#respond"]}]},{"@type":"WebPage","@id":"https:\/\/unaymilletras.com\/luis-cortes-es-un-cumulo-de-emociones-concentrado-en-un-ep\/","url":"https:\/\/unaymilletras.com\/luis-cortes-es-un-cumulo-de-emociones-concentrado-en-un-ep\/","name":"Luis Cort\u00e9s: \"Es un c\u00famulo de emociones concentrado en un EP\"","isPartOf":{"@id":"http:\/\/unaymilletras.com\/#website"},"primaryImageOfPage":{"@id":"https:\/\/unaymilletras.com\/luis-cortes-es-un-cumulo-de-emociones-concentrado-en-un-ep\/#primaryimage"},"image":{"@id":"https:\/\/unaymilletras.com\/luis-cortes-es-un-cumulo-de-emociones-concentrado-en-un-ep\/#primaryimage"},"thumbnailUrl":"https:\/\/unaymilletras.com\/wp-content\/uploads\/2024\/05\/08C8338-scaled-e1715788061743.jpg","datePublished":"2024-05-15T19:00:00+00:00","description":"Luis Cort\u00e9s presenta \"Dolores\", su EP debut con el que estar\u00e1 haciendo conciertos por gran parte de Espa\u00f1a","breadcrumb":{"@id":"https:\/\/unaymilletras.com\/luis-cortes-es-un-cumulo-de-emociones-concentrado-en-un-ep\/#breadcrumb"},"inLanguage":"en-GB","potentialAction":[{"@type":"ReadAction","target":["https:\/\/unaymilletras.com\/luis-cortes-es-un-cumulo-de-emociones-concentrado-en-un-ep\/"]}]},{"@type":"ImageObject","inLanguage":"en-GB","@id":"https:\/\/unaymilletras.com\/luis-cortes-es-un-cumulo-de-emociones-concentrado-en-un-ep\/#primaryimage","url":"https:\/\/unaymilletras.com\/wp-content\/uploads\/2024\/05\/08C8338-scaled-e1715788061743.jpg","contentUrl":"https:\/\/unaymilletras.com\/wp-content\/uploads\/2024\/05\/08C8338-scaled-e1715788061743.jpg","width":600,"height":900,"caption":"Luis Cort\u00e9s"},{"@type":"BreadcrumbList","@id":"https:\/\/unaymilletras.com\/luis-cortes-es-un-cumulo-de-emociones-concentrado-en-un-ep\/#breadcrumb","itemListElement":[{"@type":"ListItem","position":1,"name":"Home","item":"http:\/\/unaymilletras.com\/"},{"@type":"ListItem","position":2,"name":"Luis Cort\u00e9s: \u00abEs un c\u00famulo de emociones concentrado en un EP\u00bb"}]},{"@type":"WebSite","@id":"http:\/\/unaymilletras.com\/#website","url":"http:\/\/unaymilletras.com\/","name":"Una y Mil Letras","description":"","publisher":{"@id":"http:\/\/unaymilletras.com\/#organization"},"potentialAction":[{"@type":"SearchAction","target":{"@type":"EntryPoint","urlTemplate":"http:\/\/unaymilletras.com\/?s={search_term_string}"},"query-input":{"@type":"PropertyValueSpecification","valueRequired":true,"valueName":"search_term_string"}}],"inLanguage":"en-GB"},{"@type":"Organization","@id":"http:\/\/unaymilletras.com\/#organization","name":"Una y Mil Letras","url":"http:\/\/unaymilletras.com\/","logo":{"@type":"ImageObject","inLanguage":"en-GB","@id":"http:\/\/unaymilletras.com\/#\/schema\/logo\/image\/","url":"https:\/\/unaymilletras.com\/wp-content\/uploads\/2024\/06\/cropped-Logo-removebg-preview.png","contentUrl":"https:\/\/unaymilletras.com\/wp-content\/uploads\/2024\/06\/cropped-Logo-removebg-preview.png","width":512,"height":512,"caption":"Una y Mil Letras"},"image":{"@id":"http:\/\/unaymilletras.com\/#\/schema\/logo\/image\/"},"sameAs":["https:\/\/x.com\/UnaYMilLetras","https:\/\/instagram.com\/UnaYMilLetras"]},{"@type":"Person","@id":"http:\/\/unaymilletras.com\/#\/schema\/person\/d55ba681b8a4e463d8982dbe36a5dc94","name":"Maria Gil Robledo","image":{"@type":"ImageObject","inLanguage":"en-GB","@id":"https:\/\/secure.gravatar.com\/avatar\/4b8e5102e0015789407eb4870b12f0f2857952d83ca124058f92b764bd1840c3?s=96&d=mm&r=g","url":"https:\/\/secure.gravatar.com\/avatar\/4b8e5102e0015789407eb4870b12f0f2857952d83ca124058f92b764bd1840c3?s=96&d=mm&r=g","contentUrl":"https:\/\/secure.gravatar.com\/avatar\/4b8e5102e0015789407eb4870b12f0f2857952d83ca124058f92b764bd1840c3?s=96&d=mm&r=g","caption":"Maria Gil Robledo"},"sameAs":["http:\/\/unaymilletras.com"],"url":"https:\/\/unaymilletras.com\/en\/author\/mariiagiil02_\/"}]}},"_links":{"self":[{"href":"https:\/\/unaymilletras.com\/en\/wp-json\/wp\/v2\/posts\/2607","targetHints":{"allow":["GET"]}}],"collection":[{"href":"https:\/\/unaymilletras.com\/en\/wp-json\/wp\/v2\/posts"}],"about":[{"href":"https:\/\/unaymilletras.com\/en\/wp-json\/wp\/v2\/types\/post"}],"author":[{"embeddable":true,"href":"https:\/\/unaymilletras.com\/en\/wp-json\/wp\/v2\/users\/1"}],"replies":[{"embeddable":true,"href":"https:\/\/unaymilletras.com\/en\/wp-json\/wp\/v2\/comments?post=2607"}],"version-history":[{"count":5,"href":"https:\/\/unaymilletras.com\/en\/wp-json\/wp\/v2\/posts\/2607\/revisions"}],"predecessor-version":[{"id":2614,"href":"https:\/\/unaymilletras.com\/en\/wp-json\/wp\/v2\/posts\/2607\/revisions\/2614"}],"wp:featuredmedia":[{"embeddable":true,"href":"https:\/\/unaymilletras.com\/en\/wp-json\/wp\/v2\/media\/2609"}],"wp:attachment":[{"href":"https:\/\/unaymilletras.com\/en\/wp-json\/wp\/v2\/media?parent=2607"}],"wp:term":[{"taxonomy":"category","embeddable":true,"href":"https:\/\/unaymilletras.com\/en\/wp-json\/wp\/v2\/categories?post=2607"},{"taxonomy":"post_tag","embeddable":true,"href":"https:\/\/unaymilletras.com\/en\/wp-json\/wp\/v2\/tags?post=2607"}],"curies":[{"name":"wp","href":"https:\/\/api.w.org\/{rel}","templated":true}]}}