{"id":2615,"date":"2024-05-16T23:54:51","date_gmt":"2024-05-16T21:54:51","guid":{"rendered":"https:\/\/unaymilletras.com\/?p=2615"},"modified":"2024-05-16T23:55:15","modified_gmt":"2024-05-16T21:55:15","slug":"yami-safdie-trae-a-madrid-un-tour-de-reyes-y-reinas","status":"publish","type":"post","link":"https:\/\/unaymilletras.com\/en\/yami-safdie-trae-a-madrid-un-tour-de-reyes-y-reinas\/","title":{"rendered":"Yami Safdie trae a Madrid un tour de reyes y reinas"},"content":{"rendered":"<div data-elementor-type=\"wp-post\" data-elementor-id=\"2615\" class=\"elementor elementor-2615\">\n\t\t\t\t\t\t<section class=\"elementor-section elementor-top-section elementor-element elementor-element-c73b955 elementor-section-boxed elementor-section-height-default elementor-section-height-default\" data-id=\"c73b955\" data-element_type=\"section\" data-e-type=\"section\">\n\t\t\t\t\t\t<div class=\"elementor-container elementor-column-gap-default\">\n\t\t\t\t\t<div class=\"elementor-column elementor-col-100 elementor-top-column elementor-element elementor-element-c27f592\" data-id=\"c27f592\" data-element_type=\"column\" data-e-type=\"column\">\n\t\t\t<div class=\"elementor-widget-wrap elementor-element-populated\">\n\t\t\t\t\t\t<div class=\"elementor-element elementor-element-0f7edcb elementor-widget elementor-widget-text-editor\" data-id=\"0f7edcb\" data-element_type=\"widget\" data-e-type=\"widget\" data-widget_type=\"text-editor.default\">\n\t\t\t\t<div class=\"elementor-widget-container\">\n\t\t\t\t\t\t\t\t\t<h2 style=\"text-align: center;\"><span style=\"color: #808080;\"><em>Adem\u00e1s de estrenar \u201cGracias\u201d, Yami Safdie anuncia su concierto en Madrid el pr\u00f3ximo 7 de julio con la preventa ya disponible<\/em><\/span><\/h2>\t\t\t\t\t\t\t\t<\/div>\n\t\t\t\t<\/div>\n\t\t\t\t\t<\/div>\n\t\t<\/div>\n\t\t\t\t\t<\/div>\n\t\t<\/section>\n\t\t\t\t<section class=\"elementor-section elementor-top-section elementor-element elementor-element-8c643c3 elementor-section-boxed elementor-section-height-default elementor-section-height-default\" data-id=\"8c643c3\" data-element_type=\"section\" data-e-type=\"section\">\n\t\t\t\t\t\t<div class=\"elementor-container elementor-column-gap-default\">\n\t\t\t\t\t<div class=\"elementor-column elementor-col-50 elementor-top-column elementor-element elementor-element-95c5058\" data-id=\"95c5058\" data-element_type=\"column\" data-e-type=\"column\">\n\t\t\t<div class=\"elementor-widget-wrap elementor-element-populated\">\n\t\t\t\t\t\t<div class=\"elementor-element elementor-element-3de11b9 elementor-widget elementor-widget-text-editor\" data-id=\"3de11b9\" data-element_type=\"widget\" data-e-type=\"widget\" data-widget_type=\"text-editor.default\">\n\t\t\t\t<div class=\"elementor-widget-container\">\n\t\t\t\t\t\t\t\t\t<p>El pr\u00f3ximo<b> 7 de julio<\/b>, la argentina <b>Yami Safdie<\/b> estar\u00e1 actuando en <b>La Sala WiZink<\/b>. No es la primera vez que la cantante y compositora viaja a Espa\u00f1a, pero, esta vez, trae consigo el <em><b>Tour de Reyes y Reinas<\/b><\/em>. Esta gira tambi\u00e9n pasar\u00e1 por otros pa\u00edses de Latinoam\u00e9rica, como Argentina. Con m\u00e1s de tres millones de oyentes mensuales, la artista no para de crecer por todo el mundo.<\/p><p>Las <span style=\"color: #808080;\"><a style=\"color: #808080;\" href=\"https:\/\/www.livenation.es\/artist-yami-safdie-1488226\">entradas<\/a><\/span> ya est\u00e1n en preventa a trav\u00e9s de Live Nation para todos aquellos que est\u00e9n registrados en la web. La venta general ser\u00e1 a partir de ma\u00f1ana, <b>viernes 17 a las 10 de la ma\u00f1ana<\/b>. Las entradas tendr\u00e1n un precio de aproximadamente <b>18\u20ac<\/b> sin contar gastos de gesti\u00f3n.<\/p>\t\t\t\t\t\t\t\t<\/div>\n\t\t\t\t<\/div>\n\t\t\t\t\t<\/div>\n\t\t<\/div>\n\t\t\t\t<div class=\"elementor-column elementor-col-50 elementor-top-column elementor-element elementor-element-3d52203\" data-id=\"3d52203\" data-element_type=\"column\" data-e-type=\"column\">\n\t\t\t<div class=\"elementor-widget-wrap elementor-element-populated\">\n\t\t\t\t\t\t<div class=\"elementor-element elementor-element-c4504e0 elementor-widget elementor-widget-image\" data-id=\"c4504e0\" data-element_type=\"widget\" data-e-type=\"widget\" data-widget_type=\"image.default\">\n\t\t\t\t<div class=\"elementor-widget-container\">\n\t\t\t\t\t\t\t\t\t\t\t\t\t\t\t<img fetchpriority=\"high\" decoding=\"async\" width=\"640\" height=\"908\" src=\"https:\/\/unaymilletras.com\/wp-content\/uploads\/2024\/05\/yami-722x1024.jpeg\" class=\"attachment-large size-large wp-image-2617\" alt=\"Yami Safdie\" srcset=\"https:\/\/unaymilletras.com\/wp-content\/uploads\/2024\/05\/yami-722x1024.jpeg 722w, https:\/\/unaymilletras.com\/wp-content\/uploads\/2024\/05\/yami-212x300.jpeg 212w, https:\/\/unaymilletras.com\/wp-content\/uploads\/2024\/05\/yami-768x1089.jpeg 768w, https:\/\/unaymilletras.com\/wp-content\/uploads\/2024\/05\/yami-e1715896106751.jpeg 600w\" sizes=\"(max-width: 640px) 100vw, 640px\" \/>\t\t\t\t\t\t\t\t\t\t\t\t\t\t\t<\/div>\n\t\t\t\t<\/div>\n\t\t\t\t\t<\/div>\n\t\t<\/div>\n\t\t\t\t\t<\/div>\n\t\t<\/section>\n\t\t\t\t<section class=\"elementor-section elementor-top-section elementor-element elementor-element-c9a0bf8 elementor-section-boxed elementor-section-height-default elementor-section-height-default\" data-id=\"c9a0bf8\" data-element_type=\"section\" data-e-type=\"section\">\n\t\t\t\t\t\t<div class=\"elementor-container elementor-column-gap-default\">\n\t\t\t\t\t<div class=\"elementor-column elementor-col-100 elementor-top-column elementor-element elementor-element-02a9880\" data-id=\"02a9880\" data-element_type=\"column\" data-e-type=\"column\">\n\t\t\t<div class=\"elementor-widget-wrap elementor-element-populated\">\n\t\t\t\t\t\t<div class=\"elementor-element elementor-element-86b79af elementor-widget elementor-widget-text-editor\" data-id=\"86b79af\" data-element_type=\"widget\" data-e-type=\"widget\" data-widget_type=\"text-editor.default\">\n\t\t\t\t<div class=\"elementor-widget-container\">\n\t\t\t\t\t\t\t\t\t<p>Tambi\u00e9n hoy, Yami Safdie ha estrenado <em><b>Gracias<\/b><\/em>, canci\u00f3n que present\u00f3 en el Cosqu\u00edn Rock 2024. Este tema formar\u00e1 parte de su pr\u00f3ximo EP <em><b>Modales<\/b><\/em>. Todas las canciones de este nuevo trabajo han sido escritas de forma \u00edntegra por ella, mostrando una vez m\u00e1s el talento de la argentina.<\/p><p><span style=\"color: #808080;\">Yami Safdie ha sido telonera invitada de artistas como Emilia, Danny Ocean, Pablo Albor\u00e1n o <a style=\"color: #808080;\" href=\"https:\/\/unaymilletras.com\/en\/big-time-rush-traslada-su-show-al-palacio-vistalegre\/\">Big Time Rush<\/a> entre otros. Todos estos artistas no han querido perder la oportunidad de mostrarle a sus fans el talento de la argentina. Tambi\u00e9n ha participado en eventos relevantes de Latinoam\u00e9rica, como <em>GRL Power<\/em>, el <em>Primavera Sound 2023 <\/em>o el <em>Lollapalooza 2024 <\/em>de Chile.<\/span><\/p><p>Millones de personas ya est\u00e1n enganchadas a Yami Safdie. La joven de 26 a\u00f1os tiene un sonido particular que acompa\u00f1as sus letras sinceras. Desde los 19 a\u00f1os que decidi\u00f3 mostrar su voz al mundo a trav\u00e9s de las redes sociales no ha parado de crecer. Ahora, est\u00e1 girando por Latinoam\u00e9rica, interpretando las canciones de sus dos \u00e1lbumes para conquistar a todos los asistentes. En 2024 tiene un pla: seguir creciendo con sus historias.<\/p>\t\t\t\t\t\t\t\t<\/div>\n\t\t\t\t<\/div>\n\t\t\t\t\t<\/div>\n\t\t<\/div>\n\t\t\t\t\t<\/div>\n\t\t<\/section>\n\t\t\t\t<\/div>","protected":false},"excerpt":{"rendered":"<p>Adem\u00e1s de estrenar \u201cGracias\u201d, Yami Safdie anuncia su concierto en Madrid el pr\u00f3ximo 7 de julio con la preventa ya disponible El pr\u00f3ximo 7 de julio, la argentina Yami Safdie estar\u00e1 actuando en La Sala WiZink. No es la primera vez que la cantante y compositora viaja a Espa\u00f1a, pero, esta vez, trae consigo el [&hellip;]<\/p>\n","protected":false},"author":1,"featured_media":2617,"comment_status":"open","ping_status":"open","sticky":false,"template":"","format":"standard","meta":{"footnotes":""},"categories":[119,4],"tags":[],"class_list":["post-2615","post","type-post","status-publish","format-standard","has-post-thumbnail","hentry","category-eventos","category-musica"],"yoast_head":"<!-- This site is optimized with the Yoast SEO plugin v27.4 - https:\/\/yoast.com\/product\/yoast-seo-wordpress\/ -->\n<title>Yami Safdie trae a Madrid un tour de reyes y reinas<\/title>\n<meta name=\"description\" content=\"Adem\u00e1s de estrenar su nuevo single, \u201cGracias\u201d, Yami Safdie anuncia su concierto en Madrid el pr\u00f3ximo 7 de julio con la preventa ya disponible\" \/>\n<meta name=\"robots\" content=\"index, follow, max-snippet:-1, max-image-preview:large, max-video-preview:-1\" \/>\n<link rel=\"canonical\" href=\"https:\/\/unaymilletras.com\/en\/yami-safdie-trae-a-madrid-un-tour-de-reyes-y-reinas\/\" \/>\n<meta property=\"og:locale\" content=\"en_GB\" \/>\n<meta property=\"og:type\" content=\"article\" \/>\n<meta property=\"og:title\" content=\"Yami Safdie trae a Madrid un tour de reyes y reinas\" \/>\n<meta property=\"og:description\" content=\"Adem\u00e1s de estrenar su nuevo single, \u201cGracias\u201d, Yami Safdie anuncia su concierto en Madrid el pr\u00f3ximo 7 de julio con la preventa ya disponible\" \/>\n<meta property=\"og:url\" content=\"https:\/\/unaymilletras.com\/en\/yami-safdie-trae-a-madrid-un-tour-de-reyes-y-reinas\/\" \/>\n<meta property=\"og:site_name\" content=\"Una y Mil Letras\" \/>\n<meta property=\"article:published_time\" content=\"2024-05-16T21:54:51+00:00\" \/>\n<meta property=\"article:modified_time\" content=\"2024-05-16T21:55:15+00:00\" \/>\n<meta property=\"og:image\" content=\"http:\/\/unaymilletras.com\/wp-content\/uploads\/2024\/05\/yami-e1715896106751.jpeg\" \/>\n\t<meta property=\"og:image:width\" content=\"600\" \/>\n\t<meta property=\"og:image:height\" content=\"851\" \/>\n\t<meta property=\"og:image:type\" content=\"image\/jpeg\" \/>\n<meta name=\"author\" content=\"Maria Gil Robledo\" \/>\n<meta name=\"twitter:card\" content=\"summary_large_image\" \/>\n<meta name=\"twitter:creator\" content=\"@UnaYMilLetras\" \/>\n<meta name=\"twitter:site\" content=\"@UnaYMilLetras\" \/>\n<meta name=\"twitter:label1\" content=\"Written by\" \/>\n\t<meta name=\"twitter:data1\" content=\"Maria Gil Robledo\" \/>\n\t<meta name=\"twitter:label2\" content=\"Estimated reading time\" \/>\n\t<meta name=\"twitter:data2\" content=\"2 minutes\" \/>\n<script type=\"application\/ld+json\" class=\"yoast-schema-graph\">{\"@context\":\"https:\\\/\\\/schema.org\",\"@graph\":[{\"@type\":\"Article\",\"@id\":\"https:\\\/\\\/unaymilletras.com\\\/yami-safdie-trae-a-madrid-un-tour-de-reyes-y-reinas\\\/#article\",\"isPartOf\":{\"@id\":\"https:\\\/\\\/unaymilletras.com\\\/yami-safdie-trae-a-madrid-un-tour-de-reyes-y-reinas\\\/\"},\"author\":{\"name\":\"Maria Gil Robledo\",\"@id\":\"http:\\\/\\\/unaymilletras.com\\\/#\\\/schema\\\/person\\\/d55ba681b8a4e463d8982dbe36a5dc94\"},\"headline\":\"Yami Safdie trae a Madrid un tour de reyes y reinas\",\"datePublished\":\"2024-05-16T21:54:51+00:00\",\"dateModified\":\"2024-05-16T21:55:15+00:00\",\"mainEntityOfPage\":{\"@id\":\"https:\\\/\\\/unaymilletras.com\\\/yami-safdie-trae-a-madrid-un-tour-de-reyes-y-reinas\\\/\"},\"wordCount\":348,\"commentCount\":0,\"publisher\":{\"@id\":\"http:\\\/\\\/unaymilletras.com\\\/#organization\"},\"image\":{\"@id\":\"https:\\\/\\\/unaymilletras.com\\\/yami-safdie-trae-a-madrid-un-tour-de-reyes-y-reinas\\\/#primaryimage\"},\"thumbnailUrl\":\"https:\\\/\\\/unaymilletras.com\\\/wp-content\\\/uploads\\\/2024\\\/05\\\/yami-e1715896106751.jpeg\",\"articleSection\":[\"Eventos\",\"M\u00fasica\"],\"inLanguage\":\"en-GB\",\"potentialAction\":[{\"@type\":\"CommentAction\",\"name\":\"Comment\",\"target\":[\"https:\\\/\\\/unaymilletras.com\\\/yami-safdie-trae-a-madrid-un-tour-de-reyes-y-reinas\\\/#respond\"]}]},{\"@type\":\"WebPage\",\"@id\":\"https:\\\/\\\/unaymilletras.com\\\/yami-safdie-trae-a-madrid-un-tour-de-reyes-y-reinas\\\/\",\"url\":\"https:\\\/\\\/unaymilletras.com\\\/yami-safdie-trae-a-madrid-un-tour-de-reyes-y-reinas\\\/\",\"name\":\"Yami Safdie trae a Madrid un tour de reyes y reinas\",\"isPartOf\":{\"@id\":\"http:\\\/\\\/unaymilletras.com\\\/#website\"},\"primaryImageOfPage\":{\"@id\":\"https:\\\/\\\/unaymilletras.com\\\/yami-safdie-trae-a-madrid-un-tour-de-reyes-y-reinas\\\/#primaryimage\"},\"image\":{\"@id\":\"https:\\\/\\\/unaymilletras.com\\\/yami-safdie-trae-a-madrid-un-tour-de-reyes-y-reinas\\\/#primaryimage\"},\"thumbnailUrl\":\"https:\\\/\\\/unaymilletras.com\\\/wp-content\\\/uploads\\\/2024\\\/05\\\/yami-e1715896106751.jpeg\",\"datePublished\":\"2024-05-16T21:54:51+00:00\",\"dateModified\":\"2024-05-16T21:55:15+00:00\",\"description\":\"Adem\u00e1s de estrenar su nuevo single, \u201cGracias\u201d, Yami Safdie anuncia su concierto en Madrid el pr\u00f3ximo 7 de julio con la preventa ya disponible\",\"breadcrumb\":{\"@id\":\"https:\\\/\\\/unaymilletras.com\\\/yami-safdie-trae-a-madrid-un-tour-de-reyes-y-reinas\\\/#breadcrumb\"},\"inLanguage\":\"en-GB\",\"potentialAction\":[{\"@type\":\"ReadAction\",\"target\":[\"https:\\\/\\\/unaymilletras.com\\\/yami-safdie-trae-a-madrid-un-tour-de-reyes-y-reinas\\\/\"]}]},{\"@type\":\"ImageObject\",\"inLanguage\":\"en-GB\",\"@id\":\"https:\\\/\\\/unaymilletras.com\\\/yami-safdie-trae-a-madrid-un-tour-de-reyes-y-reinas\\\/#primaryimage\",\"url\":\"https:\\\/\\\/unaymilletras.com\\\/wp-content\\\/uploads\\\/2024\\\/05\\\/yami-e1715896106751.jpeg\",\"contentUrl\":\"https:\\\/\\\/unaymilletras.com\\\/wp-content\\\/uploads\\\/2024\\\/05\\\/yami-e1715896106751.jpeg\",\"width\":600,\"height\":851,\"caption\":\"Yami Safdie\"},{\"@type\":\"BreadcrumbList\",\"@id\":\"https:\\\/\\\/unaymilletras.com\\\/yami-safdie-trae-a-madrid-un-tour-de-reyes-y-reinas\\\/#breadcrumb\",\"itemListElement\":[{\"@type\":\"ListItem\",\"position\":1,\"name\":\"Home\",\"item\":\"http:\\\/\\\/unaymilletras.com\\\/\"},{\"@type\":\"ListItem\",\"position\":2,\"name\":\"Yami Safdie trae a Madrid un tour de reyes y reinas\"}]},{\"@type\":\"WebSite\",\"@id\":\"http:\\\/\\\/unaymilletras.com\\\/#website\",\"url\":\"http:\\\/\\\/unaymilletras.com\\\/\",\"name\":\"Una y Mil Letras\",\"description\":\"\",\"publisher\":{\"@id\":\"http:\\\/\\\/unaymilletras.com\\\/#organization\"},\"potentialAction\":[{\"@type\":\"SearchAction\",\"target\":{\"@type\":\"EntryPoint\",\"urlTemplate\":\"http:\\\/\\\/unaymilletras.com\\\/?s={search_term_string}\"},\"query-input\":{\"@type\":\"PropertyValueSpecification\",\"valueRequired\":true,\"valueName\":\"search_term_string\"}}],\"inLanguage\":\"en-GB\"},{\"@type\":\"Organization\",\"@id\":\"http:\\\/\\\/unaymilletras.com\\\/#organization\",\"name\":\"Una y Mil Letras\",\"url\":\"http:\\\/\\\/unaymilletras.com\\\/\",\"logo\":{\"@type\":\"ImageObject\",\"inLanguage\":\"en-GB\",\"@id\":\"http:\\\/\\\/unaymilletras.com\\\/#\\\/schema\\\/logo\\\/image\\\/\",\"url\":\"https:\\\/\\\/unaymilletras.com\\\/wp-content\\\/uploads\\\/2024\\\/06\\\/cropped-Logo-removebg-preview.png\",\"contentUrl\":\"https:\\\/\\\/unaymilletras.com\\\/wp-content\\\/uploads\\\/2024\\\/06\\\/cropped-Logo-removebg-preview.png\",\"width\":512,\"height\":512,\"caption\":\"Una y Mil Letras\"},\"image\":{\"@id\":\"http:\\\/\\\/unaymilletras.com\\\/#\\\/schema\\\/logo\\\/image\\\/\"},\"sameAs\":[\"https:\\\/\\\/x.com\\\/UnaYMilLetras\",\"https:\\\/\\\/instagram.com\\\/UnaYMilLetras\"]},{\"@type\":\"Person\",\"@id\":\"http:\\\/\\\/unaymilletras.com\\\/#\\\/schema\\\/person\\\/d55ba681b8a4e463d8982dbe36a5dc94\",\"name\":\"Maria Gil Robledo\",\"image\":{\"@type\":\"ImageObject\",\"inLanguage\":\"en-GB\",\"@id\":\"https:\\\/\\\/secure.gravatar.com\\\/avatar\\\/4b8e5102e0015789407eb4870b12f0f2857952d83ca124058f92b764bd1840c3?s=96&d=mm&r=g\",\"url\":\"https:\\\/\\\/secure.gravatar.com\\\/avatar\\\/4b8e5102e0015789407eb4870b12f0f2857952d83ca124058f92b764bd1840c3?s=96&d=mm&r=g\",\"contentUrl\":\"https:\\\/\\\/secure.gravatar.com\\\/avatar\\\/4b8e5102e0015789407eb4870b12f0f2857952d83ca124058f92b764bd1840c3?s=96&d=mm&r=g\",\"caption\":\"Maria Gil Robledo\"},\"sameAs\":[\"http:\\\/\\\/unaymilletras.com\"],\"url\":\"https:\\\/\\\/unaymilletras.com\\\/en\\\/author\\\/mariiagiil02_\\\/\"}]}<\/script>\n<!-- \/ Yoast SEO plugin. -->","yoast_head_json":{"title":"Yami Safdie trae a Madrid un tour de reyes y reinas","description":"Adem\u00e1s de estrenar su nuevo single, \u201cGracias\u201d, Yami Safdie anuncia su concierto en Madrid el pr\u00f3ximo 7 de julio con la preventa ya disponible","robots":{"index":"index","follow":"follow","max-snippet":"max-snippet:-1","max-image-preview":"max-image-preview:large","max-video-preview":"max-video-preview:-1"},"canonical":"https:\/\/unaymilletras.com\/en\/yami-safdie-trae-a-madrid-un-tour-de-reyes-y-reinas\/","og_locale":"en_GB","og_type":"article","og_title":"Yami Safdie trae a Madrid un tour de reyes y reinas","og_description":"Adem\u00e1s de estrenar su nuevo single, \u201cGracias\u201d, Yami Safdie anuncia su concierto en Madrid el pr\u00f3ximo 7 de julio con la preventa ya disponible","og_url":"https:\/\/unaymilletras.com\/en\/yami-safdie-trae-a-madrid-un-tour-de-reyes-y-reinas\/","og_site_name":"Una y Mil Letras","article_published_time":"2024-05-16T21:54:51+00:00","article_modified_time":"2024-05-16T21:55:15+00:00","og_image":[{"width":600,"height":851,"url":"http:\/\/unaymilletras.com\/wp-content\/uploads\/2024\/05\/yami-e1715896106751.jpeg","type":"image\/jpeg"}],"author":"Maria Gil Robledo","twitter_card":"summary_large_image","twitter_creator":"@UnaYMilLetras","twitter_site":"@UnaYMilLetras","twitter_misc":{"Written by":"Maria Gil Robledo","Estimated reading time":"2 minutes"},"schema":{"@context":"https:\/\/schema.org","@graph":[{"@type":"Article","@id":"https:\/\/unaymilletras.com\/yami-safdie-trae-a-madrid-un-tour-de-reyes-y-reinas\/#article","isPartOf":{"@id":"https:\/\/unaymilletras.com\/yami-safdie-trae-a-madrid-un-tour-de-reyes-y-reinas\/"},"author":{"name":"Maria Gil Robledo","@id":"http:\/\/unaymilletras.com\/#\/schema\/person\/d55ba681b8a4e463d8982dbe36a5dc94"},"headline":"Yami Safdie trae a Madrid un tour de reyes y reinas","datePublished":"2024-05-16T21:54:51+00:00","dateModified":"2024-05-16T21:55:15+00:00","mainEntityOfPage":{"@id":"https:\/\/unaymilletras.com\/yami-safdie-trae-a-madrid-un-tour-de-reyes-y-reinas\/"},"wordCount":348,"commentCount":0,"publisher":{"@id":"http:\/\/unaymilletras.com\/#organization"},"image":{"@id":"https:\/\/unaymilletras.com\/yami-safdie-trae-a-madrid-un-tour-de-reyes-y-reinas\/#primaryimage"},"thumbnailUrl":"https:\/\/unaymilletras.com\/wp-content\/uploads\/2024\/05\/yami-e1715896106751.jpeg","articleSection":["Eventos","M\u00fasica"],"inLanguage":"en-GB","potentialAction":[{"@type":"CommentAction","name":"Comment","target":["https:\/\/unaymilletras.com\/yami-safdie-trae-a-madrid-un-tour-de-reyes-y-reinas\/#respond"]}]},{"@type":"WebPage","@id":"https:\/\/unaymilletras.com\/yami-safdie-trae-a-madrid-un-tour-de-reyes-y-reinas\/","url":"https:\/\/unaymilletras.com\/yami-safdie-trae-a-madrid-un-tour-de-reyes-y-reinas\/","name":"Yami Safdie trae a Madrid un tour de reyes y reinas","isPartOf":{"@id":"http:\/\/unaymilletras.com\/#website"},"primaryImageOfPage":{"@id":"https:\/\/unaymilletras.com\/yami-safdie-trae-a-madrid-un-tour-de-reyes-y-reinas\/#primaryimage"},"image":{"@id":"https:\/\/unaymilletras.com\/yami-safdie-trae-a-madrid-un-tour-de-reyes-y-reinas\/#primaryimage"},"thumbnailUrl":"https:\/\/unaymilletras.com\/wp-content\/uploads\/2024\/05\/yami-e1715896106751.jpeg","datePublished":"2024-05-16T21:54:51+00:00","dateModified":"2024-05-16T21:55:15+00:00","description":"Adem\u00e1s de estrenar su nuevo single, \u201cGracias\u201d, Yami Safdie anuncia su concierto en Madrid el pr\u00f3ximo 7 de julio con la preventa ya disponible","breadcrumb":{"@id":"https:\/\/unaymilletras.com\/yami-safdie-trae-a-madrid-un-tour-de-reyes-y-reinas\/#breadcrumb"},"inLanguage":"en-GB","potentialAction":[{"@type":"ReadAction","target":["https:\/\/unaymilletras.com\/yami-safdie-trae-a-madrid-un-tour-de-reyes-y-reinas\/"]}]},{"@type":"ImageObject","inLanguage":"en-GB","@id":"https:\/\/unaymilletras.com\/yami-safdie-trae-a-madrid-un-tour-de-reyes-y-reinas\/#primaryimage","url":"https:\/\/unaymilletras.com\/wp-content\/uploads\/2024\/05\/yami-e1715896106751.jpeg","contentUrl":"https:\/\/unaymilletras.com\/wp-content\/uploads\/2024\/05\/yami-e1715896106751.jpeg","width":600,"height":851,"caption":"Yami Safdie"},{"@type":"BreadcrumbList","@id":"https:\/\/unaymilletras.com\/yami-safdie-trae-a-madrid-un-tour-de-reyes-y-reinas\/#breadcrumb","itemListElement":[{"@type":"ListItem","position":1,"name":"Home","item":"http:\/\/unaymilletras.com\/"},{"@type":"ListItem","position":2,"name":"Yami Safdie trae a Madrid un tour de reyes y reinas"}]},{"@type":"WebSite","@id":"http:\/\/unaymilletras.com\/#website","url":"http:\/\/unaymilletras.com\/","name":"Una y Mil Letras","description":"","publisher":{"@id":"http:\/\/unaymilletras.com\/#organization"},"potentialAction":[{"@type":"SearchAction","target":{"@type":"EntryPoint","urlTemplate":"http:\/\/unaymilletras.com\/?s={search_term_string}"},"query-input":{"@type":"PropertyValueSpecification","valueRequired":true,"valueName":"search_term_string"}}],"inLanguage":"en-GB"},{"@type":"Organization","@id":"http:\/\/unaymilletras.com\/#organization","name":"Una y Mil Letras","url":"http:\/\/unaymilletras.com\/","logo":{"@type":"ImageObject","inLanguage":"en-GB","@id":"http:\/\/unaymilletras.com\/#\/schema\/logo\/image\/","url":"https:\/\/unaymilletras.com\/wp-content\/uploads\/2024\/06\/cropped-Logo-removebg-preview.png","contentUrl":"https:\/\/unaymilletras.com\/wp-content\/uploads\/2024\/06\/cropped-Logo-removebg-preview.png","width":512,"height":512,"caption":"Una y Mil Letras"},"image":{"@id":"http:\/\/unaymilletras.com\/#\/schema\/logo\/image\/"},"sameAs":["https:\/\/x.com\/UnaYMilLetras","https:\/\/instagram.com\/UnaYMilLetras"]},{"@type":"Person","@id":"http:\/\/unaymilletras.com\/#\/schema\/person\/d55ba681b8a4e463d8982dbe36a5dc94","name":"Maria Gil Robledo","image":{"@type":"ImageObject","inLanguage":"en-GB","@id":"https:\/\/secure.gravatar.com\/avatar\/4b8e5102e0015789407eb4870b12f0f2857952d83ca124058f92b764bd1840c3?s=96&d=mm&r=g","url":"https:\/\/secure.gravatar.com\/avatar\/4b8e5102e0015789407eb4870b12f0f2857952d83ca124058f92b764bd1840c3?s=96&d=mm&r=g","contentUrl":"https:\/\/secure.gravatar.com\/avatar\/4b8e5102e0015789407eb4870b12f0f2857952d83ca124058f92b764bd1840c3?s=96&d=mm&r=g","caption":"Maria Gil Robledo"},"sameAs":["http:\/\/unaymilletras.com"],"url":"https:\/\/unaymilletras.com\/en\/author\/mariiagiil02_\/"}]}},"_links":{"self":[{"href":"https:\/\/unaymilletras.com\/en\/wp-json\/wp\/v2\/posts\/2615","targetHints":{"allow":["GET"]}}],"collection":[{"href":"https:\/\/unaymilletras.com\/en\/wp-json\/wp\/v2\/posts"}],"about":[{"href":"https:\/\/unaymilletras.com\/en\/wp-json\/wp\/v2\/types\/post"}],"author":[{"embeddable":true,"href":"https:\/\/unaymilletras.com\/en\/wp-json\/wp\/v2\/users\/1"}],"replies":[{"embeddable":true,"href":"https:\/\/unaymilletras.com\/en\/wp-json\/wp\/v2\/comments?post=2615"}],"version-history":[{"count":5,"href":"https:\/\/unaymilletras.com\/en\/wp-json\/wp\/v2\/posts\/2615\/revisions"}],"predecessor-version":[{"id":2621,"href":"https:\/\/unaymilletras.com\/en\/wp-json\/wp\/v2\/posts\/2615\/revisions\/2621"}],"wp:featuredmedia":[{"embeddable":true,"href":"https:\/\/unaymilletras.com\/en\/wp-json\/wp\/v2\/media\/2617"}],"wp:attachment":[{"href":"https:\/\/unaymilletras.com\/en\/wp-json\/wp\/v2\/media?parent=2615"}],"wp:term":[{"taxonomy":"category","embeddable":true,"href":"https:\/\/unaymilletras.com\/en\/wp-json\/wp\/v2\/categories?post=2615"},{"taxonomy":"post_tag","embeddable":true,"href":"https:\/\/unaymilletras.com\/en\/wp-json\/wp\/v2\/tags?post=2615"}],"curies":[{"name":"wp","href":"https:\/\/api.w.org\/{rel}","templated":true}]}}