{"id":2622,"date":"2024-05-22T14:05:03","date_gmt":"2024-05-22T12:05:03","guid":{"rendered":"https:\/\/unaymilletras.com\/?p=2622"},"modified":"2024-05-22T14:09:18","modified_gmt":"2024-05-22T12:09:18","slug":"xavibo-actuara-en-el-festival-sound-isidro-el-30-de-mayo","status":"publish","type":"post","link":"https:\/\/unaymilletras.com\/en\/xavibo-actuara-en-el-festival-sound-isidro-el-30-de-mayo\/","title":{"rendered":"Xavibo actuar\u00e1 en el Festival Sound Isidro el 30 de mayo"},"content":{"rendered":"<div data-elementor-type=\"wp-post\" data-elementor-id=\"2622\" class=\"elementor elementor-2622\">\n\t\t\t\t\t\t<section class=\"elementor-section elementor-top-section elementor-element elementor-element-9318420 elementor-section-boxed elementor-section-height-default elementor-section-height-default\" data-id=\"9318420\" data-element_type=\"section\" data-e-type=\"section\">\n\t\t\t\t\t\t<div class=\"elementor-container elementor-column-gap-default\">\n\t\t\t\t\t<div class=\"elementor-column elementor-col-100 elementor-top-column elementor-element elementor-element-d36cce3\" data-id=\"d36cce3\" data-element_type=\"column\" data-e-type=\"column\">\n\t\t\t<div class=\"elementor-widget-wrap elementor-element-populated\">\n\t\t\t\t\t\t<div class=\"elementor-element elementor-element-6a76e9d elementor-widget elementor-widget-text-editor\" data-id=\"6a76e9d\" data-element_type=\"widget\" data-e-type=\"widget\" data-widget_type=\"text-editor.default\">\n\t\t\t\t<div class=\"elementor-widget-container\">\n\t\t\t\t\t\t\t\t\t<h2 style=\"text-align: center;\"><span style=\"color: #808080;\"><em>Conocido por su fusi\u00f3n de rap y melod\u00edas urbanas, Xavibo actuar\u00e1 en la ic\u00f3nica Sala El Sol de Madrid<\/em><\/span><\/h2>\t\t\t\t\t\t\t\t<\/div>\n\t\t\t\t<\/div>\n\t\t\t\t\t<\/div>\n\t\t<\/div>\n\t\t\t\t\t<\/div>\n\t\t<\/section>\n\t\t\t\t<section class=\"elementor-section elementor-top-section elementor-element elementor-element-9043c06 elementor-section-boxed elementor-section-height-default elementor-section-height-default\" data-id=\"9043c06\" data-element_type=\"section\" data-e-type=\"section\">\n\t\t\t\t\t\t<div class=\"elementor-container elementor-column-gap-default\">\n\t\t\t\t\t<div class=\"elementor-column elementor-col-100 elementor-top-column elementor-element elementor-element-351b21c\" data-id=\"351b21c\" data-element_type=\"column\" data-e-type=\"column\">\n\t\t\t<div class=\"elementor-widget-wrap elementor-element-populated\">\n\t\t\t\t\t\t<div class=\"elementor-element elementor-element-eb1344d elementor-widget elementor-widget-text-editor\" data-id=\"eb1344d\" data-element_type=\"widget\" data-e-type=\"widget\" data-widget_type=\"text-editor.default\">\n\t\t\t\t<div class=\"elementor-widget-container\">\n\t\t\t\t\t\t\t\t\t<p><b>Xavibo<\/b>, artista reconocido por su fusi\u00f3n de rap y melod\u00edas urbanas, actuar\u00e1 en el festival <b>Sound Isidro <\/b>el pr\u00f3ximo <b>30 de mayo<\/b>. El concierto tendr\u00e1 lugar en la <b>Sala El Sol<\/b>, un conocido recinto de Madrid<\/p>\t\t\t\t\t\t\t\t<\/div>\n\t\t\t\t<\/div>\n\t\t\t\t\t<\/div>\n\t\t<\/div>\n\t\t\t\t\t<\/div>\n\t\t<\/section>\n\t\t\t\t<section class=\"elementor-section elementor-top-section elementor-element elementor-element-fdf3aa8 elementor-section-boxed elementor-section-height-default elementor-section-height-default\" data-id=\"fdf3aa8\" data-element_type=\"section\" data-e-type=\"section\">\n\t\t\t\t\t\t<div class=\"elementor-container elementor-column-gap-default\">\n\t\t\t\t\t<div class=\"elementor-column elementor-col-50 elementor-top-column elementor-element elementor-element-b09758f\" data-id=\"b09758f\" data-element_type=\"column\" data-e-type=\"column\">\n\t\t\t<div class=\"elementor-widget-wrap elementor-element-populated\">\n\t\t\t\t\t\t<div class=\"elementor-element elementor-element-4116a06 elementor-widget elementor-widget-image\" data-id=\"4116a06\" data-element_type=\"widget\" data-e-type=\"widget\" data-widget_type=\"image.default\">\n\t\t\t\t<div class=\"elementor-widget-container\">\n\t\t\t\t\t\t\t\t\t\t\t\t\t\t\t<img fetchpriority=\"high\" decoding=\"async\" width=\"640\" height=\"640\" src=\"https:\/\/unaymilletras.com\/wp-content\/uploads\/2024\/05\/xavibo-1024x1024.jpeg\" class=\"attachment-large size-large wp-image-2625\" alt=\"\" srcset=\"https:\/\/unaymilletras.com\/wp-content\/uploads\/2024\/05\/xavibo-1024x1024.jpeg 1024w, https:\/\/unaymilletras.com\/wp-content\/uploads\/2024\/05\/xavibo-300x300.jpeg 300w, https:\/\/unaymilletras.com\/wp-content\/uploads\/2024\/05\/xavibo-150x150.jpeg 150w, https:\/\/unaymilletras.com\/wp-content\/uploads\/2024\/05\/xavibo-768x768.jpeg 768w, https:\/\/unaymilletras.com\/wp-content\/uploads\/2024\/05\/xavibo-1536x1536.jpeg 1536w, https:\/\/unaymilletras.com\/wp-content\/uploads\/2024\/05\/xavibo-2048x2048.jpeg 2048w, https:\/\/unaymilletras.com\/wp-content\/uploads\/2024\/05\/xavibo-e1716377958516.jpeg 600w\" sizes=\"(max-width: 640px) 100vw, 640px\" \/>\t\t\t\t\t\t\t\t\t\t\t\t\t\t\t<\/div>\n\t\t\t\t<\/div>\n\t\t\t\t\t<\/div>\n\t\t<\/div>\n\t\t\t\t<div class=\"elementor-column elementor-col-50 elementor-top-column elementor-element elementor-element-6f81afc\" data-id=\"6f81afc\" data-element_type=\"column\" data-e-type=\"column\">\n\t\t\t<div class=\"elementor-widget-wrap elementor-element-populated\">\n\t\t\t\t\t\t<div class=\"elementor-element elementor-element-4b8f057 elementor-widget elementor-widget-text-editor\" data-id=\"4b8f057\" data-element_type=\"widget\" data-e-type=\"widget\" data-widget_type=\"text-editor.default\">\n\t\t\t\t<div class=\"elementor-widget-container\">\n\t\t\t\t\t\t\t\t\t<p>Las <a href=\"https:\/\/dice.fm\/event\/lmgnp-xavibo-en-sound-isidro-2024-30th-may-la-riviera-madrid-tickets?lng=es\">entradas<\/a> para el concierto de Xavibo ya est\u00e1n a la venta y se anticipa una gran afluencia de p\u00fablico, reflejando la popularidad en ascenso del artista. Xavier Boixaderas, conocido art\u00edsticamente como Xavibo, ha sido elogiado por sus letras emotivas y su innovadora producci\u00f3n musical. Su \u00faltimo \u00e1lbum, <i><b>Eterno Retorno<\/b><\/i>, ha recibido cr\u00edticas positivas y ha consolidado su presencia en la escena musical urbana.<\/p>\n<p>El festival Sound Isidro es conocido por su diversa selecci\u00f3n de artistas y su papel como plataforma para nuevos talentos. Este evento anual es un referente cultural en Madrid, atrayendo a una amplia audiencia de amantes de la m\u00fasica.<\/p>\t\t\t\t\t\t\t\t<\/div>\n\t\t\t\t<\/div>\n\t\t\t\t\t<\/div>\n\t\t<\/div>\n\t\t\t\t\t<\/div>\n\t\t<\/section>\n\t\t\t\t<section class=\"elementor-section elementor-top-section elementor-element elementor-element-e424d02 elementor-section-boxed elementor-section-height-default elementor-section-height-default\" data-id=\"e424d02\" data-element_type=\"section\" data-e-type=\"section\">\n\t\t\t\t\t\t<div class=\"elementor-container elementor-column-gap-default\">\n\t\t\t\t\t<div class=\"elementor-column elementor-col-100 elementor-top-column elementor-element elementor-element-5b33723\" data-id=\"5b33723\" data-element_type=\"column\" data-e-type=\"column\">\n\t\t\t<div class=\"elementor-widget-wrap elementor-element-populated\">\n\t\t\t\t\t\t<div class=\"elementor-element elementor-element-824c3ee elementor-widget elementor-widget-text-editor\" data-id=\"824c3ee\" data-element_type=\"widget\" data-e-type=\"widget\" data-widget_type=\"text-editor.default\">\n\t\t\t\t<div class=\"elementor-widget-container\">\n\t\t\t\t\t\t\t\t\t<p><span style=\"color: #808080;\">El concierto de Xavibo incluir\u00e1 una selecci\u00f3n de sus \u00e9xitos m\u00e1s conocidos, as\u00ed como nuevas canciones. Su reputaci\u00f3n por actuaciones en vivo en\u00e9rgicas y su habilidad para conectar con el p\u00fablico promete una <a style=\"color: #808080;\" href=\"https:\/\/unaymilletras.com\/en\/boombastic-asturias-segundo-avance-y-revelacion-de-dias\/\">experiencia<\/a> destacada para los asistentes.<\/span><\/p>\t\t\t\t\t\t\t\t<\/div>\n\t\t\t\t<\/div>\n\t\t\t\t\t<\/div>\n\t\t<\/div>\n\t\t\t\t\t<\/div>\n\t\t<\/section>\n\t\t\t\t<\/div>","protected":false},"excerpt":{"rendered":"<p>Conocido por su fusi\u00f3n de rap y melod\u00edas urbanas, Xavibo actuar\u00e1 en la ic\u00f3nica Sala El Sol de Madrid Xavibo, artista reconocido por su fusi\u00f3n de rap y melod\u00edas urbanas, actuar\u00e1 en el festival Sound Isidro el pr\u00f3ximo 30 de mayo. El concierto tendr\u00e1 lugar en la Sala El Sol, un conocido recinto de Madrid [&hellip;]<\/p>\n","protected":false},"author":1,"featured_media":2625,"comment_status":"open","ping_status":"open","sticky":false,"template":"","format":"standard","meta":{"footnotes":""},"categories":[119,4],"tags":[],"class_list":["post-2622","post","type-post","status-publish","format-standard","has-post-thumbnail","hentry","category-eventos","category-musica"],"yoast_head":"<!-- This site is optimized with the Yoast SEO plugin v27.4 - https:\/\/yoast.com\/product\/yoast-seo-wordpress\/ -->\n<title>Xavibo actuar\u00e1 en el Festival Sound Isidro el 30 de mayo<\/title>\n<meta name=\"description\" content=\"El conocido por su fusi\u00f3n de rap y melod\u00edas urbanas, Xavibo actuar\u00e1 en la ic\u00f3nica Sala El Sol de Madrid en el festival Sound Isidro 2024\" \/>\n<meta name=\"robots\" content=\"index, follow, max-snippet:-1, max-image-preview:large, max-video-preview:-1\" \/>\n<link rel=\"canonical\" href=\"https:\/\/unaymilletras.com\/en\/xavibo-actuara-en-el-festival-sound-isidro-el-30-de-mayo\/\" \/>\n<meta property=\"og:locale\" content=\"en_GB\" \/>\n<meta property=\"og:type\" content=\"article\" \/>\n<meta property=\"og:title\" content=\"Xavibo actuar\u00e1 en el Festival Sound Isidro el 30 de mayo\" \/>\n<meta property=\"og:description\" content=\"El conocido por su fusi\u00f3n de rap y melod\u00edas urbanas, Xavibo actuar\u00e1 en la ic\u00f3nica Sala El Sol de Madrid en el festival Sound Isidro 2024\" \/>\n<meta property=\"og:url\" content=\"https:\/\/unaymilletras.com\/en\/xavibo-actuara-en-el-festival-sound-isidro-el-30-de-mayo\/\" \/>\n<meta property=\"og:site_name\" content=\"Una y Mil Letras\" \/>\n<meta property=\"article:published_time\" content=\"2024-05-22T12:05:03+00:00\" \/>\n<meta property=\"article:modified_time\" content=\"2024-05-22T12:09:18+00:00\" \/>\n<meta property=\"og:image\" content=\"http:\/\/unaymilletras.com\/wp-content\/uploads\/2024\/05\/xavibo-e1716377958516.jpeg\" \/>\n\t<meta property=\"og:image:width\" content=\"600\" \/>\n\t<meta property=\"og:image:height\" content=\"600\" \/>\n\t<meta property=\"og:image:type\" content=\"image\/jpeg\" \/>\n<meta name=\"author\" content=\"Maria Gil Robledo\" \/>\n<meta name=\"twitter:card\" content=\"summary_large_image\" \/>\n<meta name=\"twitter:creator\" content=\"@UnaYMilLetras\" \/>\n<meta name=\"twitter:site\" content=\"@UnaYMilLetras\" \/>\n<meta name=\"twitter:label1\" content=\"Written by\" \/>\n\t<meta name=\"twitter:data1\" content=\"Maria Gil Robledo\" \/>\n\t<meta name=\"twitter:label2\" content=\"Estimated reading time\" \/>\n\t<meta name=\"twitter:data2\" content=\"2 minutes\" \/>\n<script type=\"application\/ld+json\" class=\"yoast-schema-graph\">{\"@context\":\"https:\\\/\\\/schema.org\",\"@graph\":[{\"@type\":\"Article\",\"@id\":\"https:\\\/\\\/unaymilletras.com\\\/xavibo-actuara-en-el-festival-sound-isidro-el-30-de-mayo\\\/#article\",\"isPartOf\":{\"@id\":\"https:\\\/\\\/unaymilletras.com\\\/xavibo-actuara-en-el-festival-sound-isidro-el-30-de-mayo\\\/\"},\"author\":{\"name\":\"Maria Gil Robledo\",\"@id\":\"http:\\\/\\\/unaymilletras.com\\\/#\\\/schema\\\/person\\\/d55ba681b8a4e463d8982dbe36a5dc94\"},\"headline\":\"Xavibo actuar\u00e1 en el Festival Sound Isidro el 30 de mayo\",\"datePublished\":\"2024-05-22T12:05:03+00:00\",\"dateModified\":\"2024-05-22T12:09:18+00:00\",\"mainEntityOfPage\":{\"@id\":\"https:\\\/\\\/unaymilletras.com\\\/xavibo-actuara-en-el-festival-sound-isidro-el-30-de-mayo\\\/\"},\"wordCount\":223,\"commentCount\":0,\"publisher\":{\"@id\":\"http:\\\/\\\/unaymilletras.com\\\/#organization\"},\"image\":{\"@id\":\"https:\\\/\\\/unaymilletras.com\\\/xavibo-actuara-en-el-festival-sound-isidro-el-30-de-mayo\\\/#primaryimage\"},\"thumbnailUrl\":\"https:\\\/\\\/unaymilletras.com\\\/wp-content\\\/uploads\\\/2024\\\/05\\\/xavibo-e1716377958516.jpeg\",\"articleSection\":[\"Eventos\",\"M\u00fasica\"],\"inLanguage\":\"en-GB\",\"potentialAction\":[{\"@type\":\"CommentAction\",\"name\":\"Comment\",\"target\":[\"https:\\\/\\\/unaymilletras.com\\\/xavibo-actuara-en-el-festival-sound-isidro-el-30-de-mayo\\\/#respond\"]}]},{\"@type\":\"WebPage\",\"@id\":\"https:\\\/\\\/unaymilletras.com\\\/xavibo-actuara-en-el-festival-sound-isidro-el-30-de-mayo\\\/\",\"url\":\"https:\\\/\\\/unaymilletras.com\\\/xavibo-actuara-en-el-festival-sound-isidro-el-30-de-mayo\\\/\",\"name\":\"Xavibo actuar\u00e1 en el Festival Sound Isidro el 30 de mayo\",\"isPartOf\":{\"@id\":\"http:\\\/\\\/unaymilletras.com\\\/#website\"},\"primaryImageOfPage\":{\"@id\":\"https:\\\/\\\/unaymilletras.com\\\/xavibo-actuara-en-el-festival-sound-isidro-el-30-de-mayo\\\/#primaryimage\"},\"image\":{\"@id\":\"https:\\\/\\\/unaymilletras.com\\\/xavibo-actuara-en-el-festival-sound-isidro-el-30-de-mayo\\\/#primaryimage\"},\"thumbnailUrl\":\"https:\\\/\\\/unaymilletras.com\\\/wp-content\\\/uploads\\\/2024\\\/05\\\/xavibo-e1716377958516.jpeg\",\"datePublished\":\"2024-05-22T12:05:03+00:00\",\"dateModified\":\"2024-05-22T12:09:18+00:00\",\"description\":\"El conocido por su fusi\u00f3n de rap y melod\u00edas urbanas, Xavibo actuar\u00e1 en la ic\u00f3nica Sala El Sol de Madrid en el festival Sound Isidro 2024\",\"breadcrumb\":{\"@id\":\"https:\\\/\\\/unaymilletras.com\\\/xavibo-actuara-en-el-festival-sound-isidro-el-30-de-mayo\\\/#breadcrumb\"},\"inLanguage\":\"en-GB\",\"potentialAction\":[{\"@type\":\"ReadAction\",\"target\":[\"https:\\\/\\\/unaymilletras.com\\\/xavibo-actuara-en-el-festival-sound-isidro-el-30-de-mayo\\\/\"]}]},{\"@type\":\"ImageObject\",\"inLanguage\":\"en-GB\",\"@id\":\"https:\\\/\\\/unaymilletras.com\\\/xavibo-actuara-en-el-festival-sound-isidro-el-30-de-mayo\\\/#primaryimage\",\"url\":\"https:\\\/\\\/unaymilletras.com\\\/wp-content\\\/uploads\\\/2024\\\/05\\\/xavibo-e1716377958516.jpeg\",\"contentUrl\":\"https:\\\/\\\/unaymilletras.com\\\/wp-content\\\/uploads\\\/2024\\\/05\\\/xavibo-e1716377958516.jpeg\",\"width\":600,\"height\":600},{\"@type\":\"BreadcrumbList\",\"@id\":\"https:\\\/\\\/unaymilletras.com\\\/xavibo-actuara-en-el-festival-sound-isidro-el-30-de-mayo\\\/#breadcrumb\",\"itemListElement\":[{\"@type\":\"ListItem\",\"position\":1,\"name\":\"Home\",\"item\":\"http:\\\/\\\/unaymilletras.com\\\/\"},{\"@type\":\"ListItem\",\"position\":2,\"name\":\"Xavibo actuar\u00e1 en el Festival Sound Isidro el 30 de mayo\"}]},{\"@type\":\"WebSite\",\"@id\":\"http:\\\/\\\/unaymilletras.com\\\/#website\",\"url\":\"http:\\\/\\\/unaymilletras.com\\\/\",\"name\":\"Una y Mil Letras\",\"description\":\"\",\"publisher\":{\"@id\":\"http:\\\/\\\/unaymilletras.com\\\/#organization\"},\"potentialAction\":[{\"@type\":\"SearchAction\",\"target\":{\"@type\":\"EntryPoint\",\"urlTemplate\":\"http:\\\/\\\/unaymilletras.com\\\/?s={search_term_string}\"},\"query-input\":{\"@type\":\"PropertyValueSpecification\",\"valueRequired\":true,\"valueName\":\"search_term_string\"}}],\"inLanguage\":\"en-GB\"},{\"@type\":\"Organization\",\"@id\":\"http:\\\/\\\/unaymilletras.com\\\/#organization\",\"name\":\"Una y Mil Letras\",\"url\":\"http:\\\/\\\/unaymilletras.com\\\/\",\"logo\":{\"@type\":\"ImageObject\",\"inLanguage\":\"en-GB\",\"@id\":\"http:\\\/\\\/unaymilletras.com\\\/#\\\/schema\\\/logo\\\/image\\\/\",\"url\":\"https:\\\/\\\/unaymilletras.com\\\/wp-content\\\/uploads\\\/2024\\\/06\\\/cropped-Logo-removebg-preview.png\",\"contentUrl\":\"https:\\\/\\\/unaymilletras.com\\\/wp-content\\\/uploads\\\/2024\\\/06\\\/cropped-Logo-removebg-preview.png\",\"width\":512,\"height\":512,\"caption\":\"Una y Mil Letras\"},\"image\":{\"@id\":\"http:\\\/\\\/unaymilletras.com\\\/#\\\/schema\\\/logo\\\/image\\\/\"},\"sameAs\":[\"https:\\\/\\\/x.com\\\/UnaYMilLetras\",\"https:\\\/\\\/instagram.com\\\/UnaYMilLetras\"]},{\"@type\":\"Person\",\"@id\":\"http:\\\/\\\/unaymilletras.com\\\/#\\\/schema\\\/person\\\/d55ba681b8a4e463d8982dbe36a5dc94\",\"name\":\"Maria Gil Robledo\",\"image\":{\"@type\":\"ImageObject\",\"inLanguage\":\"en-GB\",\"@id\":\"https:\\\/\\\/secure.gravatar.com\\\/avatar\\\/4b8e5102e0015789407eb4870b12f0f2857952d83ca124058f92b764bd1840c3?s=96&d=mm&r=g\",\"url\":\"https:\\\/\\\/secure.gravatar.com\\\/avatar\\\/4b8e5102e0015789407eb4870b12f0f2857952d83ca124058f92b764bd1840c3?s=96&d=mm&r=g\",\"contentUrl\":\"https:\\\/\\\/secure.gravatar.com\\\/avatar\\\/4b8e5102e0015789407eb4870b12f0f2857952d83ca124058f92b764bd1840c3?s=96&d=mm&r=g\",\"caption\":\"Maria Gil Robledo\"},\"sameAs\":[\"http:\\\/\\\/unaymilletras.com\"],\"url\":\"https:\\\/\\\/unaymilletras.com\\\/en\\\/author\\\/mariiagiil02_\\\/\"}]}<\/script>\n<!-- \/ Yoast SEO plugin. -->","yoast_head_json":{"title":"Xavibo actuar\u00e1 en el Festival Sound Isidro el 30 de mayo","description":"El conocido por su fusi\u00f3n de rap y melod\u00edas urbanas, Xavibo actuar\u00e1 en la ic\u00f3nica Sala El Sol de Madrid en el festival Sound Isidro 2024","robots":{"index":"index","follow":"follow","max-snippet":"max-snippet:-1","max-image-preview":"max-image-preview:large","max-video-preview":"max-video-preview:-1"},"canonical":"https:\/\/unaymilletras.com\/en\/xavibo-actuara-en-el-festival-sound-isidro-el-30-de-mayo\/","og_locale":"en_GB","og_type":"article","og_title":"Xavibo actuar\u00e1 en el Festival Sound Isidro el 30 de mayo","og_description":"El conocido por su fusi\u00f3n de rap y melod\u00edas urbanas, Xavibo actuar\u00e1 en la ic\u00f3nica Sala El Sol de Madrid en el festival Sound Isidro 2024","og_url":"https:\/\/unaymilletras.com\/en\/xavibo-actuara-en-el-festival-sound-isidro-el-30-de-mayo\/","og_site_name":"Una y Mil Letras","article_published_time":"2024-05-22T12:05:03+00:00","article_modified_time":"2024-05-22T12:09:18+00:00","og_image":[{"width":600,"height":600,"url":"http:\/\/unaymilletras.com\/wp-content\/uploads\/2024\/05\/xavibo-e1716377958516.jpeg","type":"image\/jpeg"}],"author":"Maria Gil Robledo","twitter_card":"summary_large_image","twitter_creator":"@UnaYMilLetras","twitter_site":"@UnaYMilLetras","twitter_misc":{"Written by":"Maria Gil Robledo","Estimated reading time":"2 minutes"},"schema":{"@context":"https:\/\/schema.org","@graph":[{"@type":"Article","@id":"https:\/\/unaymilletras.com\/xavibo-actuara-en-el-festival-sound-isidro-el-30-de-mayo\/#article","isPartOf":{"@id":"https:\/\/unaymilletras.com\/xavibo-actuara-en-el-festival-sound-isidro-el-30-de-mayo\/"},"author":{"name":"Maria Gil Robledo","@id":"http:\/\/unaymilletras.com\/#\/schema\/person\/d55ba681b8a4e463d8982dbe36a5dc94"},"headline":"Xavibo actuar\u00e1 en el Festival Sound Isidro el 30 de mayo","datePublished":"2024-05-22T12:05:03+00:00","dateModified":"2024-05-22T12:09:18+00:00","mainEntityOfPage":{"@id":"https:\/\/unaymilletras.com\/xavibo-actuara-en-el-festival-sound-isidro-el-30-de-mayo\/"},"wordCount":223,"commentCount":0,"publisher":{"@id":"http:\/\/unaymilletras.com\/#organization"},"image":{"@id":"https:\/\/unaymilletras.com\/xavibo-actuara-en-el-festival-sound-isidro-el-30-de-mayo\/#primaryimage"},"thumbnailUrl":"https:\/\/unaymilletras.com\/wp-content\/uploads\/2024\/05\/xavibo-e1716377958516.jpeg","articleSection":["Eventos","M\u00fasica"],"inLanguage":"en-GB","potentialAction":[{"@type":"CommentAction","name":"Comment","target":["https:\/\/unaymilletras.com\/xavibo-actuara-en-el-festival-sound-isidro-el-30-de-mayo\/#respond"]}]},{"@type":"WebPage","@id":"https:\/\/unaymilletras.com\/xavibo-actuara-en-el-festival-sound-isidro-el-30-de-mayo\/","url":"https:\/\/unaymilletras.com\/xavibo-actuara-en-el-festival-sound-isidro-el-30-de-mayo\/","name":"Xavibo actuar\u00e1 en el Festival Sound Isidro el 30 de mayo","isPartOf":{"@id":"http:\/\/unaymilletras.com\/#website"},"primaryImageOfPage":{"@id":"https:\/\/unaymilletras.com\/xavibo-actuara-en-el-festival-sound-isidro-el-30-de-mayo\/#primaryimage"},"image":{"@id":"https:\/\/unaymilletras.com\/xavibo-actuara-en-el-festival-sound-isidro-el-30-de-mayo\/#primaryimage"},"thumbnailUrl":"https:\/\/unaymilletras.com\/wp-content\/uploads\/2024\/05\/xavibo-e1716377958516.jpeg","datePublished":"2024-05-22T12:05:03+00:00","dateModified":"2024-05-22T12:09:18+00:00","description":"El conocido por su fusi\u00f3n de rap y melod\u00edas urbanas, Xavibo actuar\u00e1 en la ic\u00f3nica Sala El Sol de Madrid en el festival Sound Isidro 2024","breadcrumb":{"@id":"https:\/\/unaymilletras.com\/xavibo-actuara-en-el-festival-sound-isidro-el-30-de-mayo\/#breadcrumb"},"inLanguage":"en-GB","potentialAction":[{"@type":"ReadAction","target":["https:\/\/unaymilletras.com\/xavibo-actuara-en-el-festival-sound-isidro-el-30-de-mayo\/"]}]},{"@type":"ImageObject","inLanguage":"en-GB","@id":"https:\/\/unaymilletras.com\/xavibo-actuara-en-el-festival-sound-isidro-el-30-de-mayo\/#primaryimage","url":"https:\/\/unaymilletras.com\/wp-content\/uploads\/2024\/05\/xavibo-e1716377958516.jpeg","contentUrl":"https:\/\/unaymilletras.com\/wp-content\/uploads\/2024\/05\/xavibo-e1716377958516.jpeg","width":600,"height":600},{"@type":"BreadcrumbList","@id":"https:\/\/unaymilletras.com\/xavibo-actuara-en-el-festival-sound-isidro-el-30-de-mayo\/#breadcrumb","itemListElement":[{"@type":"ListItem","position":1,"name":"Home","item":"http:\/\/unaymilletras.com\/"},{"@type":"ListItem","position":2,"name":"Xavibo actuar\u00e1 en el Festival Sound Isidro el 30 de mayo"}]},{"@type":"WebSite","@id":"http:\/\/unaymilletras.com\/#website","url":"http:\/\/unaymilletras.com\/","name":"Una y Mil Letras","description":"","publisher":{"@id":"http:\/\/unaymilletras.com\/#organization"},"potentialAction":[{"@type":"SearchAction","target":{"@type":"EntryPoint","urlTemplate":"http:\/\/unaymilletras.com\/?s={search_term_string}"},"query-input":{"@type":"PropertyValueSpecification","valueRequired":true,"valueName":"search_term_string"}}],"inLanguage":"en-GB"},{"@type":"Organization","@id":"http:\/\/unaymilletras.com\/#organization","name":"Una y Mil Letras","url":"http:\/\/unaymilletras.com\/","logo":{"@type":"ImageObject","inLanguage":"en-GB","@id":"http:\/\/unaymilletras.com\/#\/schema\/logo\/image\/","url":"https:\/\/unaymilletras.com\/wp-content\/uploads\/2024\/06\/cropped-Logo-removebg-preview.png","contentUrl":"https:\/\/unaymilletras.com\/wp-content\/uploads\/2024\/06\/cropped-Logo-removebg-preview.png","width":512,"height":512,"caption":"Una y Mil Letras"},"image":{"@id":"http:\/\/unaymilletras.com\/#\/schema\/logo\/image\/"},"sameAs":["https:\/\/x.com\/UnaYMilLetras","https:\/\/instagram.com\/UnaYMilLetras"]},{"@type":"Person","@id":"http:\/\/unaymilletras.com\/#\/schema\/person\/d55ba681b8a4e463d8982dbe36a5dc94","name":"Maria Gil Robledo","image":{"@type":"ImageObject","inLanguage":"en-GB","@id":"https:\/\/secure.gravatar.com\/avatar\/4b8e5102e0015789407eb4870b12f0f2857952d83ca124058f92b764bd1840c3?s=96&d=mm&r=g","url":"https:\/\/secure.gravatar.com\/avatar\/4b8e5102e0015789407eb4870b12f0f2857952d83ca124058f92b764bd1840c3?s=96&d=mm&r=g","contentUrl":"https:\/\/secure.gravatar.com\/avatar\/4b8e5102e0015789407eb4870b12f0f2857952d83ca124058f92b764bd1840c3?s=96&d=mm&r=g","caption":"Maria Gil Robledo"},"sameAs":["http:\/\/unaymilletras.com"],"url":"https:\/\/unaymilletras.com\/en\/author\/mariiagiil02_\/"}]}},"_links":{"self":[{"href":"https:\/\/unaymilletras.com\/en\/wp-json\/wp\/v2\/posts\/2622","targetHints":{"allow":["GET"]}}],"collection":[{"href":"https:\/\/unaymilletras.com\/en\/wp-json\/wp\/v2\/posts"}],"about":[{"href":"https:\/\/unaymilletras.com\/en\/wp-json\/wp\/v2\/types\/post"}],"author":[{"embeddable":true,"href":"https:\/\/unaymilletras.com\/en\/wp-json\/wp\/v2\/users\/1"}],"replies":[{"embeddable":true,"href":"https:\/\/unaymilletras.com\/en\/wp-json\/wp\/v2\/comments?post=2622"}],"version-history":[{"count":5,"href":"https:\/\/unaymilletras.com\/en\/wp-json\/wp\/v2\/posts\/2622\/revisions"}],"predecessor-version":[{"id":2628,"href":"https:\/\/unaymilletras.com\/en\/wp-json\/wp\/v2\/posts\/2622\/revisions\/2628"}],"wp:featuredmedia":[{"embeddable":true,"href":"https:\/\/unaymilletras.com\/en\/wp-json\/wp\/v2\/media\/2625"}],"wp:attachment":[{"href":"https:\/\/unaymilletras.com\/en\/wp-json\/wp\/v2\/media?parent=2622"}],"wp:term":[{"taxonomy":"category","embeddable":true,"href":"https:\/\/unaymilletras.com\/en\/wp-json\/wp\/v2\/categories?post=2622"},{"taxonomy":"post_tag","embeddable":true,"href":"https:\/\/unaymilletras.com\/en\/wp-json\/wp\/v2\/tags?post=2622"}],"curies":[{"name":"wp","href":"https:\/\/api.w.org\/{rel}","templated":true}]}}