{"id":2629,"date":"2024-05-24T11:28:44","date_gmt":"2024-05-24T09:28:44","guid":{"rendered":"https:\/\/unaymilletras.com\/?p=2629"},"modified":"2024-05-24T11:34:23","modified_gmt":"2024-05-24T09:34:23","slug":"omar-montes-presentara-illuminati-party-en-madrid-el-12-de-octubre","status":"publish","type":"post","link":"https:\/\/unaymilletras.com\/en\/omar-montes-presentara-illuminati-party-en-madrid-el-12-de-octubre\/","title":{"rendered":"Omar Montes presentar\u00e1 \u00abIlluminati Party\u00bb en Madrid el 12 de Octubre"},"content":{"rendered":"<div data-elementor-type=\"wp-post\" data-elementor-id=\"2629\" class=\"elementor elementor-2629\">\n\t\t\t\t\t\t<section class=\"elementor-section elementor-top-section elementor-element elementor-element-f73bfa5 elementor-section-boxed elementor-section-height-default elementor-section-height-default\" data-id=\"f73bfa5\" data-element_type=\"section\" data-e-type=\"section\">\n\t\t\t\t\t\t<div class=\"elementor-container elementor-column-gap-default\">\n\t\t\t\t\t<div class=\"elementor-column elementor-col-100 elementor-top-column elementor-element elementor-element-a3dc072\" data-id=\"a3dc072\" data-element_type=\"column\" data-e-type=\"column\">\n\t\t\t<div class=\"elementor-widget-wrap elementor-element-populated\">\n\t\t\t\t\t\t<div class=\"elementor-element elementor-element-c55a562 elementor-widget elementor-widget-text-editor\" data-id=\"c55a562\" data-element_type=\"widget\" data-e-type=\"widget\" data-widget_type=\"text-editor.default\">\n\t\t\t\t<div class=\"elementor-widget-container\">\n\t\t\t\t\t\t\t\t\t<h2 style=\"text-align: center;\"><span style=\"color: #808080;\"><em>El artista del flamenco urbano Omar Montes promete una noche inolvidable junto a sus amigos en el Palacio Vistalegre<\/em><\/span><\/h2>\t\t\t\t\t\t\t\t<\/div>\n\t\t\t\t<\/div>\n\t\t\t\t\t<\/div>\n\t\t<\/div>\n\t\t\t\t\t<\/div>\n\t\t<\/section>\n\t\t\t\t<section class=\"elementor-section elementor-top-section elementor-element elementor-element-f917d5d elementor-section-boxed elementor-section-height-default elementor-section-height-default\" data-id=\"f917d5d\" data-element_type=\"section\" data-e-type=\"section\">\n\t\t\t\t\t\t<div class=\"elementor-container elementor-column-gap-default\">\n\t\t\t\t\t<div class=\"elementor-column elementor-col-50 elementor-top-column elementor-element elementor-element-403c14d\" data-id=\"403c14d\" data-element_type=\"column\" data-e-type=\"column\">\n\t\t\t<div class=\"elementor-widget-wrap elementor-element-populated\">\n\t\t\t\t\t\t<div class=\"elementor-element elementor-element-8d05fd0 elementor-widget elementor-widget-image\" data-id=\"8d05fd0\" data-element_type=\"widget\" data-e-type=\"widget\" data-widget_type=\"image.default\">\n\t\t\t\t<div class=\"elementor-widget-container\">\n\t\t\t\t\t\t\t\t\t\t\t\t\t\t\t<img fetchpriority=\"high\" decoding=\"async\" width=\"640\" height=\"640\" src=\"https:\/\/unaymilletras.com\/wp-content\/uploads\/2024\/05\/omar-1024x1024.jpeg\" class=\"attachment-large size-large wp-image-2632\" alt=\"Omar Montes\" srcset=\"https:\/\/unaymilletras.com\/wp-content\/uploads\/2024\/05\/omar-1024x1024.jpeg 1024w, https:\/\/unaymilletras.com\/wp-content\/uploads\/2024\/05\/omar-300x300.jpeg 300w, https:\/\/unaymilletras.com\/wp-content\/uploads\/2024\/05\/omar-150x150.jpeg 150w, https:\/\/unaymilletras.com\/wp-content\/uploads\/2024\/05\/omar-768x768.jpeg 768w, https:\/\/unaymilletras.com\/wp-content\/uploads\/2024\/05\/omar-e1716542797542.jpeg 600w\" sizes=\"(max-width: 640px) 100vw, 640px\" \/>\t\t\t\t\t\t\t\t\t\t\t\t\t\t\t<\/div>\n\t\t\t\t<\/div>\n\t\t\t\t\t<\/div>\n\t\t<\/div>\n\t\t\t\t<div class=\"elementor-column elementor-col-50 elementor-top-column elementor-element elementor-element-23e53f2\" data-id=\"23e53f2\" data-element_type=\"column\" data-e-type=\"column\">\n\t\t\t<div class=\"elementor-widget-wrap elementor-element-populated\">\n\t\t\t\t\t\t<div class=\"elementor-element elementor-element-dff359a elementor-widget elementor-widget-text-editor\" data-id=\"dff359a\" data-element_type=\"widget\" data-e-type=\"widget\" data-widget_type=\"text-editor.default\">\n\t\t\t\t<div class=\"elementor-widget-container\">\n\t\t\t\t\t\t\t\t\t<p><b>Omar Montes<\/b>, uno de los referentes del flamenco urbano en Espa\u00f1a, ha anunciado un esperado concierto. Tendr\u00e1 lugar el\u00a0<b>s\u00e1bado 12 de octubre<\/b> en el <b>Palacio Vistalegre<\/b> de Madrid. En esta ocasi\u00f3n, presentar\u00e1 su innovadora fiesta \u00abIlluminati Party\u00bb, donde estar\u00e1 acompa\u00f1ado por varios amigos y colaboradores. Junto a\u00a0 interpretar\u00e1 todos sus \u00e9xitos. Las entradas para este evento ya est\u00e1n disponibles en entradasatualcance.com.<\/p>\t\t\t\t\t\t\t\t<\/div>\n\t\t\t\t<\/div>\n\t\t\t\t\t<\/div>\n\t\t<\/div>\n\t\t\t\t\t<\/div>\n\t\t<\/section>\n\t\t\t\t<section class=\"elementor-section elementor-top-section elementor-element elementor-element-edd6ce8 elementor-section-boxed elementor-section-height-default elementor-section-height-default\" data-id=\"edd6ce8\" data-element_type=\"section\" data-e-type=\"section\">\n\t\t\t\t\t\t<div class=\"elementor-container elementor-column-gap-default\">\n\t\t\t\t\t<div class=\"elementor-column elementor-col-100 elementor-top-column elementor-element elementor-element-b1ffb2c\" data-id=\"b1ffb2c\" data-element_type=\"column\" data-e-type=\"column\">\n\t\t\t<div class=\"elementor-widget-wrap elementor-element-populated\">\n\t\t\t\t\t\t<div class=\"elementor-element elementor-element-3680011 elementor-widget elementor-widget-text-editor\" data-id=\"3680011\" data-element_type=\"widget\" data-e-type=\"widget\" data-widget_type=\"text-editor.default\">\n\t\t\t\t<div class=\"elementor-widget-container\">\n\t\t\t\t\t\t\t\t\t<p>El artista ha generado gran expectaci\u00f3n al afirmar que \u00ab\u00a1Volvi\u00f3 la fiesta que todos esperabais!\u00bb, en un mensaje dirigido a sus seguidores. Montes, quien se describe a s\u00ed mismo como un \u00abilluminati\u00bb, es decir, parte de una sociedad secreta que pretende establecer un nuevo orden mundial, ha declarado en una entrevista: \u00abCreo que es importante estar en todos los saraos&#8230; Es que no illuminati, no party\u00bb.<\/p><p><span style=\"color: #808080;\">En 2023, lanz\u00f3 el sencillo <a style=\"color: #808080;\" href=\"https:\/\/open.spotify.com\/intl-es\/track\/5iilNoD56jD3FJ3bM9tMP0?si=6893a0bd01cb4035\"><i>Arena y sal<\/i>\u00a0<\/a>junto a Saiko, consolidando otro gran \u00e9xito en su carrera. Tambi\u00e9n ha trabajado con figuras destacadas como Nicky Jam, Car\u00edn Le\u00f3n, Luis Fonsi, Quevedo, <a style=\"color: #808080;\" href=\"https:\/\/unaymilletras.com\/en\/fmk-omar-montes-ana-mena-lit-killah-rusheking-y-mesita-en-una-camionetota\/\">Ana Mena<\/a> y Annita, entre otros. Uno de sus m\u00e1s recientes lanzamientos, <i>La sevillana<\/i>, ha alcanzado el n\u00famero 2 en la lista de ventas, un logro significativo para una canci\u00f3n de su g\u00e9nero.<\/span><\/p>\t\t\t\t\t\t\t\t<\/div>\n\t\t\t\t<\/div>\n\t\t\t\t\t<\/div>\n\t\t<\/div>\n\t\t\t\t\t<\/div>\n\t\t<\/section>\n\t\t\t\t<section class=\"elementor-section elementor-top-section elementor-element elementor-element-65d802c elementor-section-boxed elementor-section-height-default elementor-section-height-default\" data-id=\"65d802c\" data-element_type=\"section\" data-e-type=\"section\">\n\t\t\t\t\t\t<div class=\"elementor-container elementor-column-gap-default\">\n\t\t\t\t\t<div class=\"elementor-column elementor-col-100 elementor-top-column elementor-element elementor-element-5747f91\" data-id=\"5747f91\" data-element_type=\"column\" data-e-type=\"column\">\n\t\t\t<div class=\"elementor-widget-wrap elementor-element-populated\">\n\t\t\t\t\t\t<div class=\"elementor-element elementor-element-259ef88 elementor-widget elementor-widget-image\" data-id=\"259ef88\" data-element_type=\"widget\" data-e-type=\"widget\" data-widget_type=\"image.default\">\n\t\t\t\t<div class=\"elementor-widget-container\">\n\t\t\t\t\t\t\t\t\t\t\t\t\t\t\t<img decoding=\"async\" width=\"640\" height=\"427\" src=\"https:\/\/unaymilletras.com\/wp-content\/uploads\/2024\/05\/omar-2-1024x683.jpeg\" class=\"attachment-large size-large wp-image-2634\" alt=\"Omar Montes\" srcset=\"https:\/\/unaymilletras.com\/wp-content\/uploads\/2024\/05\/omar-2-1024x683.jpeg 1024w, https:\/\/unaymilletras.com\/wp-content\/uploads\/2024\/05\/omar-2-300x200.jpeg 300w, https:\/\/unaymilletras.com\/wp-content\/uploads\/2024\/05\/omar-2-768x512.jpeg 768w, https:\/\/unaymilletras.com\/wp-content\/uploads\/2024\/05\/omar-2-1536x1024.jpeg 1536w, https:\/\/unaymilletras.com\/wp-content\/uploads\/2024\/05\/omar-2-2048x1365.jpeg 2048w, https:\/\/unaymilletras.com\/wp-content\/uploads\/2024\/05\/omar-2-scaled-e1716542968771.jpeg 800w\" sizes=\"(max-width: 640px) 100vw, 640px\" \/>\t\t\t\t\t\t\t\t\t\t\t\t\t\t\t<\/div>\n\t\t\t\t<\/div>\n\t\t\t\t\t<\/div>\n\t\t<\/div>\n\t\t\t\t\t<\/div>\n\t\t<\/section>\n\t\t\t\t<section class=\"elementor-section elementor-top-section elementor-element elementor-element-1ab19c7 elementor-section-boxed elementor-section-height-default elementor-section-height-default\" data-id=\"1ab19c7\" data-element_type=\"section\" data-e-type=\"section\">\n\t\t\t\t\t\t<div class=\"elementor-container elementor-column-gap-default\">\n\t\t\t\t\t<div class=\"elementor-column elementor-col-100 elementor-top-column elementor-element elementor-element-5ee823c\" data-id=\"5ee823c\" data-element_type=\"column\" data-e-type=\"column\">\n\t\t\t<div class=\"elementor-widget-wrap elementor-element-populated\">\n\t\t\t\t\t\t<div class=\"elementor-element elementor-element-6a06ee5 elementor-widget elementor-widget-text-editor\" data-id=\"6a06ee5\" data-element_type=\"widget\" data-e-type=\"widget\" data-widget_type=\"text-editor.default\">\n\t\t\t\t<div class=\"elementor-widget-container\">\n\t\t\t\t\t\t\t\t\t<p>La \u00abIlluminati Party\u00bb no solo contar\u00e1 con la presencia estelar de Omar Montes, sino que tambi\u00e9n incluir\u00e1 a varios de sus amigos y colaboradores, prometiendo una noche llena de m\u00fasica, sorpresas y mucho entretenimiento en el Palacio Vistalegre de Madrid. Los asistentes podr\u00e1n disfrutar de una experiencia \u00fanica, donde Montes y sus invitados interpretar\u00e1n algunos de los mayores \u00e9xitos del flamenco urbano y m\u00e1s all\u00e1.<\/p><p>No te pierdas la oportunidad de asistir a este evento exclusivo. Las entradas estar\u00e1n disponibles este jueves a las 12:00h en entradasatualcance.com. \u00a1Prep\u00e1rate para una noche inolvidable con Omar Montes y su \u00abIlluminati Party\u00bb!<\/p>\t\t\t\t\t\t\t\t<\/div>\n\t\t\t\t<\/div>\n\t\t\t\t\t<\/div>\n\t\t<\/div>\n\t\t\t\t\t<\/div>\n\t\t<\/section>\n\t\t\t\t<\/div>","protected":false},"excerpt":{"rendered":"<p>El artista del flamenco urbano Omar Montes promete una noche inolvidable junto a sus amigos en el Palacio Vistalegre Omar Montes, uno de los referentes del flamenco urbano en Espa\u00f1a, ha anunciado un esperado concierto. Tendr\u00e1 lugar el\u00a0s\u00e1bado 12 de octubre en el Palacio Vistalegre de Madrid. En esta ocasi\u00f3n, presentar\u00e1 su innovadora fiesta \u00abIlluminati [&hellip;]<\/p>\n","protected":false},"author":1,"featured_media":2632,"comment_status":"open","ping_status":"open","sticky":false,"template":"","format":"standard","meta":{"footnotes":""},"categories":[119,4,1],"tags":[],"class_list":["post-2629","post","type-post","status-publish","format-standard","has-post-thumbnail","hentry","category-eventos","category-musica","category-uncategorized"],"yoast_head":"<!-- This site is optimized with the Yoast SEO plugin v27.4 - https:\/\/yoast.com\/product\/yoast-seo-wordpress\/ -->\n<title>Omar Montes presentar\u00e1 &quot;Illuminati Party&quot; en Madrid el 12 de Octubre<\/title>\n<meta name=\"robots\" content=\"index, follow, max-snippet:-1, max-image-preview:large, max-video-preview:-1\" \/>\n<link rel=\"canonical\" href=\"https:\/\/unaymilletras.com\/en\/omar-montes-presentara-illuminati-party-en-madrid-el-12-de-octubre\/\" \/>\n<meta property=\"og:locale\" content=\"en_GB\" \/>\n<meta property=\"og:type\" content=\"article\" \/>\n<meta property=\"og:title\" content=\"Omar Montes presentar\u00e1 &quot;Illuminati Party&quot; en Madrid el 12 de Octubre\" \/>\n<meta property=\"og:description\" content=\"El artista del flamenco urbano Omar Montes promete una noche inolvidable junto a sus amigos en el Palacio Vistalegre Omar Montes, uno de los referentes del flamenco urbano en Espa\u00f1a, ha anunciado un esperado concierto. Tendr\u00e1 lugar el\u00a0s\u00e1bado 12 de octubre en el Palacio Vistalegre de Madrid. En esta ocasi\u00f3n, presentar\u00e1 su innovadora fiesta \u00abIlluminati [&hellip;]\" \/>\n<meta property=\"og:url\" content=\"https:\/\/unaymilletras.com\/en\/omar-montes-presentara-illuminati-party-en-madrid-el-12-de-octubre\/\" \/>\n<meta property=\"og:site_name\" content=\"Una y Mil Letras\" \/>\n<meta property=\"article:published_time\" content=\"2024-05-24T09:28:44+00:00\" \/>\n<meta property=\"article:modified_time\" content=\"2024-05-24T09:34:23+00:00\" \/>\n<meta property=\"og:image\" content=\"http:\/\/unaymilletras.com\/wp-content\/uploads\/2024\/05\/omar-e1716542797542.jpeg\" \/>\n\t<meta property=\"og:image:width\" content=\"600\" \/>\n\t<meta property=\"og:image:height\" content=\"600\" \/>\n\t<meta property=\"og:image:type\" content=\"image\/jpeg\" \/>\n<meta name=\"author\" content=\"Maria Gil Robledo\" \/>\n<meta name=\"twitter:card\" content=\"summary_large_image\" \/>\n<meta name=\"twitter:creator\" content=\"@UnaYMilLetras\" \/>\n<meta name=\"twitter:site\" content=\"@UnaYMilLetras\" \/>\n<meta name=\"twitter:label1\" content=\"Written by\" \/>\n\t<meta name=\"twitter:data1\" content=\"Maria Gil Robledo\" \/>\n\t<meta name=\"twitter:label2\" content=\"Estimated reading time\" \/>\n\t<meta name=\"twitter:data2\" content=\"2 minutes\" \/>\n<script type=\"application\/ld+json\" class=\"yoast-schema-graph\">{\"@context\":\"https:\\\/\\\/schema.org\",\"@graph\":[{\"@type\":\"Article\",\"@id\":\"https:\\\/\\\/unaymilletras.com\\\/omar-montes-presentara-illuminati-party-en-madrid-el-12-de-octubre\\\/#article\",\"isPartOf\":{\"@id\":\"https:\\\/\\\/unaymilletras.com\\\/omar-montes-presentara-illuminati-party-en-madrid-el-12-de-octubre\\\/\"},\"author\":{\"name\":\"Maria Gil Robledo\",\"@id\":\"http:\\\/\\\/unaymilletras.com\\\/#\\\/schema\\\/person\\\/d55ba681b8a4e463d8982dbe36a5dc94\"},\"headline\":\"Omar Montes presentar\u00e1 \u00abIlluminati Party\u00bb en Madrid el 12 de Octubre\",\"datePublished\":\"2024-05-24T09:28:44+00:00\",\"dateModified\":\"2024-05-24T09:34:23+00:00\",\"mainEntityOfPage\":{\"@id\":\"https:\\\/\\\/unaymilletras.com\\\/omar-montes-presentara-illuminati-party-en-madrid-el-12-de-octubre\\\/\"},\"wordCount\":340,\"commentCount\":0,\"publisher\":{\"@id\":\"http:\\\/\\\/unaymilletras.com\\\/#organization\"},\"image\":{\"@id\":\"https:\\\/\\\/unaymilletras.com\\\/omar-montes-presentara-illuminati-party-en-madrid-el-12-de-octubre\\\/#primaryimage\"},\"thumbnailUrl\":\"https:\\\/\\\/unaymilletras.com\\\/wp-content\\\/uploads\\\/2024\\\/05\\\/omar-e1716542797542.jpeg\",\"articleSection\":[\"Eventos\",\"M\u00fasica\",\"Uncategorized\"],\"inLanguage\":\"en-GB\",\"potentialAction\":[{\"@type\":\"CommentAction\",\"name\":\"Comment\",\"target\":[\"https:\\\/\\\/unaymilletras.com\\\/omar-montes-presentara-illuminati-party-en-madrid-el-12-de-octubre\\\/#respond\"]}]},{\"@type\":\"WebPage\",\"@id\":\"https:\\\/\\\/unaymilletras.com\\\/omar-montes-presentara-illuminati-party-en-madrid-el-12-de-octubre\\\/\",\"url\":\"https:\\\/\\\/unaymilletras.com\\\/omar-montes-presentara-illuminati-party-en-madrid-el-12-de-octubre\\\/\",\"name\":\"Omar Montes presentar\u00e1 \\\"Illuminati Party\\\" en Madrid el 12 de Octubre\",\"isPartOf\":{\"@id\":\"http:\\\/\\\/unaymilletras.com\\\/#website\"},\"primaryImageOfPage\":{\"@id\":\"https:\\\/\\\/unaymilletras.com\\\/omar-montes-presentara-illuminati-party-en-madrid-el-12-de-octubre\\\/#primaryimage\"},\"image\":{\"@id\":\"https:\\\/\\\/unaymilletras.com\\\/omar-montes-presentara-illuminati-party-en-madrid-el-12-de-octubre\\\/#primaryimage\"},\"thumbnailUrl\":\"https:\\\/\\\/unaymilletras.com\\\/wp-content\\\/uploads\\\/2024\\\/05\\\/omar-e1716542797542.jpeg\",\"datePublished\":\"2024-05-24T09:28:44+00:00\",\"dateModified\":\"2024-05-24T09:34:23+00:00\",\"breadcrumb\":{\"@id\":\"https:\\\/\\\/unaymilletras.com\\\/omar-montes-presentara-illuminati-party-en-madrid-el-12-de-octubre\\\/#breadcrumb\"},\"inLanguage\":\"en-GB\",\"potentialAction\":[{\"@type\":\"ReadAction\",\"target\":[\"https:\\\/\\\/unaymilletras.com\\\/omar-montes-presentara-illuminati-party-en-madrid-el-12-de-octubre\\\/\"]}]},{\"@type\":\"ImageObject\",\"inLanguage\":\"en-GB\",\"@id\":\"https:\\\/\\\/unaymilletras.com\\\/omar-montes-presentara-illuminati-party-en-madrid-el-12-de-octubre\\\/#primaryimage\",\"url\":\"https:\\\/\\\/unaymilletras.com\\\/wp-content\\\/uploads\\\/2024\\\/05\\\/omar-e1716542797542.jpeg\",\"contentUrl\":\"https:\\\/\\\/unaymilletras.com\\\/wp-content\\\/uploads\\\/2024\\\/05\\\/omar-e1716542797542.jpeg\",\"width\":600,\"height\":600,\"caption\":\"Omar Montes\"},{\"@type\":\"BreadcrumbList\",\"@id\":\"https:\\\/\\\/unaymilletras.com\\\/omar-montes-presentara-illuminati-party-en-madrid-el-12-de-octubre\\\/#breadcrumb\",\"itemListElement\":[{\"@type\":\"ListItem\",\"position\":1,\"name\":\"Home\",\"item\":\"http:\\\/\\\/unaymilletras.com\\\/\"},{\"@type\":\"ListItem\",\"position\":2,\"name\":\"Omar Montes presentar\u00e1 \u00abIlluminati Party\u00bb en Madrid el 12 de Octubre\"}]},{\"@type\":\"WebSite\",\"@id\":\"http:\\\/\\\/unaymilletras.com\\\/#website\",\"url\":\"http:\\\/\\\/unaymilletras.com\\\/\",\"name\":\"Una y Mil Letras\",\"description\":\"\",\"publisher\":{\"@id\":\"http:\\\/\\\/unaymilletras.com\\\/#organization\"},\"potentialAction\":[{\"@type\":\"SearchAction\",\"target\":{\"@type\":\"EntryPoint\",\"urlTemplate\":\"http:\\\/\\\/unaymilletras.com\\\/?s={search_term_string}\"},\"query-input\":{\"@type\":\"PropertyValueSpecification\",\"valueRequired\":true,\"valueName\":\"search_term_string\"}}],\"inLanguage\":\"en-GB\"},{\"@type\":\"Organization\",\"@id\":\"http:\\\/\\\/unaymilletras.com\\\/#organization\",\"name\":\"Una y Mil Letras\",\"url\":\"http:\\\/\\\/unaymilletras.com\\\/\",\"logo\":{\"@type\":\"ImageObject\",\"inLanguage\":\"en-GB\",\"@id\":\"http:\\\/\\\/unaymilletras.com\\\/#\\\/schema\\\/logo\\\/image\\\/\",\"url\":\"https:\\\/\\\/unaymilletras.com\\\/wp-content\\\/uploads\\\/2024\\\/06\\\/cropped-Logo-removebg-preview.png\",\"contentUrl\":\"https:\\\/\\\/unaymilletras.com\\\/wp-content\\\/uploads\\\/2024\\\/06\\\/cropped-Logo-removebg-preview.png\",\"width\":512,\"height\":512,\"caption\":\"Una y Mil Letras\"},\"image\":{\"@id\":\"http:\\\/\\\/unaymilletras.com\\\/#\\\/schema\\\/logo\\\/image\\\/\"},\"sameAs\":[\"https:\\\/\\\/x.com\\\/UnaYMilLetras\",\"https:\\\/\\\/instagram.com\\\/UnaYMilLetras\"]},{\"@type\":\"Person\",\"@id\":\"http:\\\/\\\/unaymilletras.com\\\/#\\\/schema\\\/person\\\/d55ba681b8a4e463d8982dbe36a5dc94\",\"name\":\"Maria Gil Robledo\",\"image\":{\"@type\":\"ImageObject\",\"inLanguage\":\"en-GB\",\"@id\":\"https:\\\/\\\/secure.gravatar.com\\\/avatar\\\/4b8e5102e0015789407eb4870b12f0f2857952d83ca124058f92b764bd1840c3?s=96&d=mm&r=g\",\"url\":\"https:\\\/\\\/secure.gravatar.com\\\/avatar\\\/4b8e5102e0015789407eb4870b12f0f2857952d83ca124058f92b764bd1840c3?s=96&d=mm&r=g\",\"contentUrl\":\"https:\\\/\\\/secure.gravatar.com\\\/avatar\\\/4b8e5102e0015789407eb4870b12f0f2857952d83ca124058f92b764bd1840c3?s=96&d=mm&r=g\",\"caption\":\"Maria Gil Robledo\"},\"sameAs\":[\"http:\\\/\\\/unaymilletras.com\"],\"url\":\"https:\\\/\\\/unaymilletras.com\\\/en\\\/author\\\/mariiagiil02_\\\/\"}]}<\/script>\n<!-- \/ Yoast SEO plugin. -->","yoast_head_json":{"title":"Omar Montes presentar\u00e1 \"Illuminati Party\" en Madrid el 12 de Octubre","robots":{"index":"index","follow":"follow","max-snippet":"max-snippet:-1","max-image-preview":"max-image-preview:large","max-video-preview":"max-video-preview:-1"},"canonical":"https:\/\/unaymilletras.com\/en\/omar-montes-presentara-illuminati-party-en-madrid-el-12-de-octubre\/","og_locale":"en_GB","og_type":"article","og_title":"Omar Montes presentar\u00e1 \"Illuminati Party\" en Madrid el 12 de Octubre","og_description":"El artista del flamenco urbano Omar Montes promete una noche inolvidable junto a sus amigos en el Palacio Vistalegre Omar Montes, uno de los referentes del flamenco urbano en Espa\u00f1a, ha anunciado un esperado concierto. Tendr\u00e1 lugar el\u00a0s\u00e1bado 12 de octubre en el Palacio Vistalegre de Madrid. En esta ocasi\u00f3n, presentar\u00e1 su innovadora fiesta \u00abIlluminati [&hellip;]","og_url":"https:\/\/unaymilletras.com\/en\/omar-montes-presentara-illuminati-party-en-madrid-el-12-de-octubre\/","og_site_name":"Una y Mil Letras","article_published_time":"2024-05-24T09:28:44+00:00","article_modified_time":"2024-05-24T09:34:23+00:00","og_image":[{"width":600,"height":600,"url":"http:\/\/unaymilletras.com\/wp-content\/uploads\/2024\/05\/omar-e1716542797542.jpeg","type":"image\/jpeg"}],"author":"Maria Gil Robledo","twitter_card":"summary_large_image","twitter_creator":"@UnaYMilLetras","twitter_site":"@UnaYMilLetras","twitter_misc":{"Written by":"Maria Gil Robledo","Estimated reading time":"2 minutes"},"schema":{"@context":"https:\/\/schema.org","@graph":[{"@type":"Article","@id":"https:\/\/unaymilletras.com\/omar-montes-presentara-illuminati-party-en-madrid-el-12-de-octubre\/#article","isPartOf":{"@id":"https:\/\/unaymilletras.com\/omar-montes-presentara-illuminati-party-en-madrid-el-12-de-octubre\/"},"author":{"name":"Maria Gil Robledo","@id":"http:\/\/unaymilletras.com\/#\/schema\/person\/d55ba681b8a4e463d8982dbe36a5dc94"},"headline":"Omar Montes presentar\u00e1 \u00abIlluminati Party\u00bb en Madrid el 12 de Octubre","datePublished":"2024-05-24T09:28:44+00:00","dateModified":"2024-05-24T09:34:23+00:00","mainEntityOfPage":{"@id":"https:\/\/unaymilletras.com\/omar-montes-presentara-illuminati-party-en-madrid-el-12-de-octubre\/"},"wordCount":340,"commentCount":0,"publisher":{"@id":"http:\/\/unaymilletras.com\/#organization"},"image":{"@id":"https:\/\/unaymilletras.com\/omar-montes-presentara-illuminati-party-en-madrid-el-12-de-octubre\/#primaryimage"},"thumbnailUrl":"https:\/\/unaymilletras.com\/wp-content\/uploads\/2024\/05\/omar-e1716542797542.jpeg","articleSection":["Eventos","M\u00fasica","Uncategorized"],"inLanguage":"en-GB","potentialAction":[{"@type":"CommentAction","name":"Comment","target":["https:\/\/unaymilletras.com\/omar-montes-presentara-illuminati-party-en-madrid-el-12-de-octubre\/#respond"]}]},{"@type":"WebPage","@id":"https:\/\/unaymilletras.com\/omar-montes-presentara-illuminati-party-en-madrid-el-12-de-octubre\/","url":"https:\/\/unaymilletras.com\/omar-montes-presentara-illuminati-party-en-madrid-el-12-de-octubre\/","name":"Omar Montes presentar\u00e1 \"Illuminati Party\" en Madrid el 12 de Octubre","isPartOf":{"@id":"http:\/\/unaymilletras.com\/#website"},"primaryImageOfPage":{"@id":"https:\/\/unaymilletras.com\/omar-montes-presentara-illuminati-party-en-madrid-el-12-de-octubre\/#primaryimage"},"image":{"@id":"https:\/\/unaymilletras.com\/omar-montes-presentara-illuminati-party-en-madrid-el-12-de-octubre\/#primaryimage"},"thumbnailUrl":"https:\/\/unaymilletras.com\/wp-content\/uploads\/2024\/05\/omar-e1716542797542.jpeg","datePublished":"2024-05-24T09:28:44+00:00","dateModified":"2024-05-24T09:34:23+00:00","breadcrumb":{"@id":"https:\/\/unaymilletras.com\/omar-montes-presentara-illuminati-party-en-madrid-el-12-de-octubre\/#breadcrumb"},"inLanguage":"en-GB","potentialAction":[{"@type":"ReadAction","target":["https:\/\/unaymilletras.com\/omar-montes-presentara-illuminati-party-en-madrid-el-12-de-octubre\/"]}]},{"@type":"ImageObject","inLanguage":"en-GB","@id":"https:\/\/unaymilletras.com\/omar-montes-presentara-illuminati-party-en-madrid-el-12-de-octubre\/#primaryimage","url":"https:\/\/unaymilletras.com\/wp-content\/uploads\/2024\/05\/omar-e1716542797542.jpeg","contentUrl":"https:\/\/unaymilletras.com\/wp-content\/uploads\/2024\/05\/omar-e1716542797542.jpeg","width":600,"height":600,"caption":"Omar Montes"},{"@type":"BreadcrumbList","@id":"https:\/\/unaymilletras.com\/omar-montes-presentara-illuminati-party-en-madrid-el-12-de-octubre\/#breadcrumb","itemListElement":[{"@type":"ListItem","position":1,"name":"Home","item":"http:\/\/unaymilletras.com\/"},{"@type":"ListItem","position":2,"name":"Omar Montes presentar\u00e1 \u00abIlluminati Party\u00bb en Madrid el 12 de Octubre"}]},{"@type":"WebSite","@id":"http:\/\/unaymilletras.com\/#website","url":"http:\/\/unaymilletras.com\/","name":"Una y Mil Letras","description":"","publisher":{"@id":"http:\/\/unaymilletras.com\/#organization"},"potentialAction":[{"@type":"SearchAction","target":{"@type":"EntryPoint","urlTemplate":"http:\/\/unaymilletras.com\/?s={search_term_string}"},"query-input":{"@type":"PropertyValueSpecification","valueRequired":true,"valueName":"search_term_string"}}],"inLanguage":"en-GB"},{"@type":"Organization","@id":"http:\/\/unaymilletras.com\/#organization","name":"Una y Mil Letras","url":"http:\/\/unaymilletras.com\/","logo":{"@type":"ImageObject","inLanguage":"en-GB","@id":"http:\/\/unaymilletras.com\/#\/schema\/logo\/image\/","url":"https:\/\/unaymilletras.com\/wp-content\/uploads\/2024\/06\/cropped-Logo-removebg-preview.png","contentUrl":"https:\/\/unaymilletras.com\/wp-content\/uploads\/2024\/06\/cropped-Logo-removebg-preview.png","width":512,"height":512,"caption":"Una y Mil Letras"},"image":{"@id":"http:\/\/unaymilletras.com\/#\/schema\/logo\/image\/"},"sameAs":["https:\/\/x.com\/UnaYMilLetras","https:\/\/instagram.com\/UnaYMilLetras"]},{"@type":"Person","@id":"http:\/\/unaymilletras.com\/#\/schema\/person\/d55ba681b8a4e463d8982dbe36a5dc94","name":"Maria Gil Robledo","image":{"@type":"ImageObject","inLanguage":"en-GB","@id":"https:\/\/secure.gravatar.com\/avatar\/4b8e5102e0015789407eb4870b12f0f2857952d83ca124058f92b764bd1840c3?s=96&d=mm&r=g","url":"https:\/\/secure.gravatar.com\/avatar\/4b8e5102e0015789407eb4870b12f0f2857952d83ca124058f92b764bd1840c3?s=96&d=mm&r=g","contentUrl":"https:\/\/secure.gravatar.com\/avatar\/4b8e5102e0015789407eb4870b12f0f2857952d83ca124058f92b764bd1840c3?s=96&d=mm&r=g","caption":"Maria Gil Robledo"},"sameAs":["http:\/\/unaymilletras.com"],"url":"https:\/\/unaymilletras.com\/en\/author\/mariiagiil02_\/"}]}},"_links":{"self":[{"href":"https:\/\/unaymilletras.com\/en\/wp-json\/wp\/v2\/posts\/2629","targetHints":{"allow":["GET"]}}],"collection":[{"href":"https:\/\/unaymilletras.com\/en\/wp-json\/wp\/v2\/posts"}],"about":[{"href":"https:\/\/unaymilletras.com\/en\/wp-json\/wp\/v2\/types\/post"}],"author":[{"embeddable":true,"href":"https:\/\/unaymilletras.com\/en\/wp-json\/wp\/v2\/users\/1"}],"replies":[{"embeddable":true,"href":"https:\/\/unaymilletras.com\/en\/wp-json\/wp\/v2\/comments?post=2629"}],"version-history":[{"count":5,"href":"https:\/\/unaymilletras.com\/en\/wp-json\/wp\/v2\/posts\/2629\/revisions"}],"predecessor-version":[{"id":2637,"href":"https:\/\/unaymilletras.com\/en\/wp-json\/wp\/v2\/posts\/2629\/revisions\/2637"}],"wp:featuredmedia":[{"embeddable":true,"href":"https:\/\/unaymilletras.com\/en\/wp-json\/wp\/v2\/media\/2632"}],"wp:attachment":[{"href":"https:\/\/unaymilletras.com\/en\/wp-json\/wp\/v2\/media?parent=2629"}],"wp:term":[{"taxonomy":"category","embeddable":true,"href":"https:\/\/unaymilletras.com\/en\/wp-json\/wp\/v2\/categories?post=2629"},{"taxonomy":"post_tag","embeddable":true,"href":"https:\/\/unaymilletras.com\/en\/wp-json\/wp\/v2\/tags?post=2629"}],"curies":[{"name":"wp","href":"https:\/\/api.w.org\/{rel}","templated":true}]}}