{"id":2654,"date":"2024-05-24T20:52:29","date_gmt":"2024-05-24T18:52:29","guid":{"rendered":"https:\/\/unaymilletras.com\/?p=2654"},"modified":"2024-05-24T20:57:31","modified_gmt":"2024-05-24T18:57:31","slug":"latin-wknd-se-estrena-en-madrid","status":"publish","type":"post","link":"https:\/\/unaymilletras.com\/en\/latin-wknd-se-estrena-en-madrid\/","title":{"rendered":"Latin WKND se estrena en Madrid"},"content":{"rendered":"<div data-elementor-type=\"wp-post\" data-elementor-id=\"2654\" class=\"elementor elementor-2654\">\n\t\t\t\t\t\t<section class=\"elementor-section elementor-top-section elementor-element elementor-element-662a134 elementor-section-boxed elementor-section-height-default elementor-section-height-default\" data-id=\"662a134\" data-element_type=\"section\" data-e-type=\"section\">\n\t\t\t\t\t\t<div class=\"elementor-container elementor-column-gap-default\">\n\t\t\t\t\t<div class=\"elementor-column elementor-col-100 elementor-top-column elementor-element elementor-element-f27f339\" data-id=\"f27f339\" data-element_type=\"column\" data-e-type=\"column\">\n\t\t\t<div class=\"elementor-widget-wrap elementor-element-populated\">\n\t\t\t\t\t\t<div class=\"elementor-element elementor-element-9f52f06 elementor-widget elementor-widget-text-editor\" data-id=\"9f52f06\" data-element_type=\"widget\" data-e-type=\"widget\" data-widget_type=\"text-editor.default\">\n\t\t\t\t<div class=\"elementor-widget-container\">\n\t\t\t\t\t\t\t\t\t<h2 style=\"text-align: center;\"><span style=\"color: #808080;\"><em>El nuevo festival de reggaet\u00f3n, Latin WKND, celebrar\u00e1 su primera edici\u00f3n el 12 de julio en el Parque Tierno Galv\u00e1n<\/em><\/span><\/h2>\t\t\t\t\t\t\t\t<\/div>\n\t\t\t\t<\/div>\n\t\t\t\t\t<\/div>\n\t\t<\/div>\n\t\t\t\t\t<\/div>\n\t\t<\/section>\n\t\t\t\t<section class=\"elementor-section elementor-top-section elementor-element elementor-element-028b11c elementor-section-boxed elementor-section-height-default elementor-section-height-default\" data-id=\"028b11c\" data-element_type=\"section\" data-e-type=\"section\">\n\t\t\t\t\t\t<div class=\"elementor-container elementor-column-gap-default\">\n\t\t\t\t\t<div class=\"elementor-column elementor-col-100 elementor-top-column elementor-element elementor-element-688b791\" data-id=\"688b791\" data-element_type=\"column\" data-e-type=\"column\">\n\t\t\t<div class=\"elementor-widget-wrap elementor-element-populated\">\n\t\t\t\t\t\t<div class=\"elementor-element elementor-element-fc10ec3 elementor-widget elementor-widget-text-editor\" data-id=\"fc10ec3\" data-element_type=\"widget\" data-e-type=\"widget\" data-widget_type=\"text-editor.default\">\n\t\t\t\t<div class=\"elementor-widget-container\">\n\t\t\t\t\t\t\t\t\t<p>El <b>Latin WKND<\/b> <b>Festival<\/b> es un nuevo evento que se estrenar\u00e1 en su primera edici\u00f3n el <b>12 de julio<\/b>. Ser\u00e1 en el<b> Parque Tierno Galv\u00e1n<\/b> y ser\u00e1 el primero de muchos a\u00f1os. En su cartel cuenta con algunos de los nombres m\u00e1s prometedores de la escena actual.<\/p>\t\t\t\t\t\t\t\t<\/div>\n\t\t\t\t<\/div>\n\t\t\t\t\t<\/div>\n\t\t<\/div>\n\t\t\t\t\t<\/div>\n\t\t<\/section>\n\t\t\t\t<section class=\"elementor-section elementor-top-section elementor-element elementor-element-80ae519 elementor-section-boxed elementor-section-height-default elementor-section-height-default\" data-id=\"80ae519\" data-element_type=\"section\" data-e-type=\"section\">\n\t\t\t\t\t\t<div class=\"elementor-container elementor-column-gap-default\">\n\t\t\t\t\t<div class=\"elementor-column elementor-col-50 elementor-top-column elementor-element elementor-element-cb6ba8b\" data-id=\"cb6ba8b\" data-element_type=\"column\" data-e-type=\"column\">\n\t\t\t<div class=\"elementor-widget-wrap elementor-element-populated\">\n\t\t\t\t\t\t<div class=\"elementor-element elementor-element-8ab6cc7 elementor-widget elementor-widget-image\" data-id=\"8ab6cc7\" data-element_type=\"widget\" data-e-type=\"widget\" data-widget_type=\"image.default\">\n\t\t\t\t<div class=\"elementor-widget-container\">\n\t\t\t\t\t\t\t\t\t\t\t\t\t\t\t<img fetchpriority=\"high\" decoding=\"async\" width=\"640\" height=\"800\" src=\"https:\/\/unaymilletras.com\/wp-content\/uploads\/2024\/05\/screenshot-819x1024.jpg\" class=\"attachment-large size-large wp-image-2656\" alt=\"\" srcset=\"https:\/\/unaymilletras.com\/wp-content\/uploads\/2024\/05\/screenshot-819x1024.jpg 819w, https:\/\/unaymilletras.com\/wp-content\/uploads\/2024\/05\/screenshot-240x300.jpg 240w, https:\/\/unaymilletras.com\/wp-content\/uploads\/2024\/05\/screenshot-768x960.jpg 768w, https:\/\/unaymilletras.com\/wp-content\/uploads\/2024\/05\/screenshot-1024x1280.jpg 1024w, https:\/\/unaymilletras.com\/wp-content\/uploads\/2024\/05\/screenshot-e1716576862609.jpg 600w\" sizes=\"(max-width: 640px) 100vw, 640px\" \/>\t\t\t\t\t\t\t\t\t\t\t\t\t\t\t<\/div>\n\t\t\t\t<\/div>\n\t\t\t\t\t<\/div>\n\t\t<\/div>\n\t\t\t\t<div class=\"elementor-column elementor-col-50 elementor-top-column elementor-element elementor-element-804faf5\" data-id=\"804faf5\" data-element_type=\"column\" data-e-type=\"column\">\n\t\t\t<div class=\"elementor-widget-wrap elementor-element-populated\">\n\t\t\t\t\t\t<div class=\"elementor-element elementor-element-6d37bac elementor-widget elementor-widget-text-editor\" data-id=\"6d37bac\" data-element_type=\"widget\" data-e-type=\"widget\" data-widget_type=\"text-editor.default\">\n\t\t\t\t<div class=\"elementor-widget-container\">\n\t\t\t\t\t\t\t\t\t<p>En cabeza de cartel cuentan con <b>Arc\u00e1ngel<\/b>, uno de los nombres m\u00e1s reconocidos del panorama urbano. Tambi\u00e9n estar\u00e1 <b>Alejo<\/b>, una de las promesas que crece cada d\u00eda y no deja de acumular oyentes en su Spotify. Los dos interpretar\u00e1n sus mayores \u00e9xitos, presentes en todas las listas de \u00e9xitos. Momentos en los que crear\u00e1n recuerdos inolvidables en la memoria de los asistentes.<\/p><p><span style=\"color: #808080;\">Asimismo, estar\u00e1 presente <b>Lit<\/b> <b><a style=\"color: #808080;\" href=\"https:\/\/unaymilletras.com\/en\/fmk-omar-montes-ana-mena-lit-killah-rusheking-y-mesita-en-una-camionetota\/\">Killah<\/a><\/b>. Uno de los m\u00e1ximos exponentes de Argentina. Con \u00e9xitos como <em>Los del Espacio <\/em>o <em>Entre Nosotros<\/em>, el trapero demostrar\u00e1 todo su talento sobre el escenario.<\/span><\/p>\t\t\t\t\t\t\t\t<\/div>\n\t\t\t\t<\/div>\n\t\t\t\t\t<\/div>\n\t\t<\/div>\n\t\t\t\t\t<\/div>\n\t\t<\/section>\n\t\t\t\t<section class=\"elementor-section elementor-top-section elementor-element elementor-element-df11a1f elementor-section-boxed elementor-section-height-default elementor-section-height-default\" data-id=\"df11a1f\" data-element_type=\"section\" data-e-type=\"section\">\n\t\t\t\t\t\t<div class=\"elementor-container elementor-column-gap-default\">\n\t\t\t\t\t<div class=\"elementor-column elementor-col-100 elementor-top-column elementor-element elementor-element-bf59c58\" data-id=\"bf59c58\" data-element_type=\"column\" data-e-type=\"column\">\n\t\t\t<div class=\"elementor-widget-wrap elementor-element-populated\">\n\t\t\t\t\t\t<div class=\"elementor-element elementor-element-be918f5 elementor-widget elementor-widget-text-editor\" data-id=\"be918f5\" data-element_type=\"widget\" data-e-type=\"widget\" data-widget_type=\"text-editor.default\">\n\t\t\t\t<div class=\"elementor-widget-container\">\n\t\t\t\t\t\t\t\t\t<p>Finalmente, tambi\u00e9n formar\u00e1n parte del cartel <b>Aleesha<\/b> y <b>Balaclavx<\/b>. Dos artistas que est\u00e1n en pleno ascenso y har\u00e1n disfrutar al p\u00fablico, aunque no los conozcan. Un toque de frescura para un festival que promete mucho en su primera edici\u00f3n y que la cerrar\u00e1 con una de las fiestas m\u00e1s populares: <em><b>Boom Boom<\/b><\/em>.<\/p>\n<p>Las entradas se pondr\u00e1n a la venta el d\u00eda 28 en la <a href=\"http:\/\/www.latinwknd.com\/\">web<\/a> del festival.<\/p>\t\t\t\t\t\t\t\t<\/div>\n\t\t\t\t<\/div>\n\t\t\t\t\t<\/div>\n\t\t<\/div>\n\t\t\t\t\t<\/div>\n\t\t<\/section>\n\t\t\t\t<\/div>","protected":false},"excerpt":{"rendered":"<p>El nuevo festival de reggaet\u00f3n, Latin WKND, celebrar\u00e1 su primera edici\u00f3n el 12 de julio en el Parque Tierno Galv\u00e1n El Latin WKND Festival es un nuevo evento que se estrenar\u00e1 en su primera edici\u00f3n el 12 de julio. Ser\u00e1 en el Parque Tierno Galv\u00e1n y ser\u00e1 el primero de muchos a\u00f1os. En su cartel [&hellip;]<\/p>\n","protected":false},"author":1,"featured_media":2656,"comment_status":"open","ping_status":"open","sticky":false,"template":"","format":"standard","meta":{"footnotes":""},"categories":[119,4],"tags":[],"class_list":["post-2654","post","type-post","status-publish","format-standard","has-post-thumbnail","hentry","category-eventos","category-musica"],"yoast_head":"<!-- This site is optimized with the Yoast SEO plugin v27.4 - https:\/\/yoast.com\/product\/yoast-seo-wordpress\/ -->\n<title>Latin WKND se estrena en Madrid &#8902; Una y Mil Letras<\/title>\n<meta name=\"description\" content=\"El nuevo festival de reggaet\u00f3n, Latin WKND, celebrar\u00e1 su primera edici\u00f3n el 12 de julio en el Parque Tierno Galv\u00e1n\" \/>\n<meta name=\"robots\" content=\"index, follow, max-snippet:-1, max-image-preview:large, max-video-preview:-1\" \/>\n<link rel=\"canonical\" href=\"https:\/\/unaymilletras.com\/en\/latin-wknd-se-estrena-en-madrid\/\" \/>\n<meta property=\"og:locale\" content=\"en_GB\" \/>\n<meta property=\"og:type\" content=\"article\" \/>\n<meta property=\"og:title\" content=\"Latin WKND se estrena en Madrid &#8902; Una y Mil Letras\" \/>\n<meta property=\"og:description\" content=\"El nuevo festival de reggaet\u00f3n, Latin WKND, celebrar\u00e1 su primera edici\u00f3n el 12 de julio en el Parque Tierno Galv\u00e1n\" \/>\n<meta property=\"og:url\" content=\"https:\/\/unaymilletras.com\/en\/latin-wknd-se-estrena-en-madrid\/\" \/>\n<meta property=\"og:site_name\" content=\"Una y Mil Letras\" \/>\n<meta property=\"article:published_time\" content=\"2024-05-24T18:52:29+00:00\" \/>\n<meta property=\"article:modified_time\" content=\"2024-05-24T18:57:31+00:00\" \/>\n<meta property=\"og:image\" content=\"http:\/\/unaymilletras.com\/wp-content\/uploads\/2024\/05\/screenshot-e1716576862609.jpg\" \/>\n\t<meta property=\"og:image:width\" content=\"600\" \/>\n\t<meta property=\"og:image:height\" content=\"750\" \/>\n\t<meta property=\"og:image:type\" content=\"image\/jpeg\" \/>\n<meta name=\"author\" content=\"Maria Gil Robledo\" \/>\n<meta name=\"twitter:card\" content=\"summary_large_image\" \/>\n<meta name=\"twitter:creator\" content=\"@UnaYMilLetras\" \/>\n<meta name=\"twitter:site\" content=\"@UnaYMilLetras\" \/>\n<meta name=\"twitter:label1\" content=\"Written by\" \/>\n\t<meta name=\"twitter:data1\" content=\"Maria Gil Robledo\" \/>\n\t<meta name=\"twitter:label2\" content=\"Estimated reading time\" \/>\n\t<meta name=\"twitter:data2\" content=\"2 minutes\" \/>\n<script type=\"application\/ld+json\" class=\"yoast-schema-graph\">{\"@context\":\"https:\\\/\\\/schema.org\",\"@graph\":[{\"@type\":\"Article\",\"@id\":\"https:\\\/\\\/unaymilletras.com\\\/latin-wknd-se-estrena-en-madrid\\\/#article\",\"isPartOf\":{\"@id\":\"https:\\\/\\\/unaymilletras.com\\\/latin-wknd-se-estrena-en-madrid\\\/\"},\"author\":{\"name\":\"Maria Gil Robledo\",\"@id\":\"http:\\\/\\\/unaymilletras.com\\\/#\\\/schema\\\/person\\\/d55ba681b8a4e463d8982dbe36a5dc94\"},\"headline\":\"Latin WKND se estrena en Madrid\",\"datePublished\":\"2024-05-24T18:52:29+00:00\",\"dateModified\":\"2024-05-24T18:57:31+00:00\",\"mainEntityOfPage\":{\"@id\":\"https:\\\/\\\/unaymilletras.com\\\/latin-wknd-se-estrena-en-madrid\\\/\"},\"wordCount\":252,\"commentCount\":0,\"publisher\":{\"@id\":\"http:\\\/\\\/unaymilletras.com\\\/#organization\"},\"image\":{\"@id\":\"https:\\\/\\\/unaymilletras.com\\\/latin-wknd-se-estrena-en-madrid\\\/#primaryimage\"},\"thumbnailUrl\":\"https:\\\/\\\/unaymilletras.com\\\/wp-content\\\/uploads\\\/2024\\\/05\\\/screenshot-e1716576862609.jpg\",\"articleSection\":[\"Eventos\",\"M\u00fasica\"],\"inLanguage\":\"en-GB\",\"potentialAction\":[{\"@type\":\"CommentAction\",\"name\":\"Comment\",\"target\":[\"https:\\\/\\\/unaymilletras.com\\\/latin-wknd-se-estrena-en-madrid\\\/#respond\"]}]},{\"@type\":\"WebPage\",\"@id\":\"https:\\\/\\\/unaymilletras.com\\\/latin-wknd-se-estrena-en-madrid\\\/\",\"url\":\"https:\\\/\\\/unaymilletras.com\\\/latin-wknd-se-estrena-en-madrid\\\/\",\"name\":\"Latin WKND se estrena en Madrid &#8902; Una y Mil Letras\",\"isPartOf\":{\"@id\":\"http:\\\/\\\/unaymilletras.com\\\/#website\"},\"primaryImageOfPage\":{\"@id\":\"https:\\\/\\\/unaymilletras.com\\\/latin-wknd-se-estrena-en-madrid\\\/#primaryimage\"},\"image\":{\"@id\":\"https:\\\/\\\/unaymilletras.com\\\/latin-wknd-se-estrena-en-madrid\\\/#primaryimage\"},\"thumbnailUrl\":\"https:\\\/\\\/unaymilletras.com\\\/wp-content\\\/uploads\\\/2024\\\/05\\\/screenshot-e1716576862609.jpg\",\"datePublished\":\"2024-05-24T18:52:29+00:00\",\"dateModified\":\"2024-05-24T18:57:31+00:00\",\"description\":\"El nuevo festival de reggaet\u00f3n, Latin WKND, celebrar\u00e1 su primera edici\u00f3n el 12 de julio en el Parque Tierno Galv\u00e1n\",\"breadcrumb\":{\"@id\":\"https:\\\/\\\/unaymilletras.com\\\/latin-wknd-se-estrena-en-madrid\\\/#breadcrumb\"},\"inLanguage\":\"en-GB\",\"potentialAction\":[{\"@type\":\"ReadAction\",\"target\":[\"https:\\\/\\\/unaymilletras.com\\\/latin-wknd-se-estrena-en-madrid\\\/\"]}]},{\"@type\":\"ImageObject\",\"inLanguage\":\"en-GB\",\"@id\":\"https:\\\/\\\/unaymilletras.com\\\/latin-wknd-se-estrena-en-madrid\\\/#primaryimage\",\"url\":\"https:\\\/\\\/unaymilletras.com\\\/wp-content\\\/uploads\\\/2024\\\/05\\\/screenshot-e1716576862609.jpg\",\"contentUrl\":\"https:\\\/\\\/unaymilletras.com\\\/wp-content\\\/uploads\\\/2024\\\/05\\\/screenshot-e1716576862609.jpg\",\"width\":600,\"height\":750},{\"@type\":\"BreadcrumbList\",\"@id\":\"https:\\\/\\\/unaymilletras.com\\\/latin-wknd-se-estrena-en-madrid\\\/#breadcrumb\",\"itemListElement\":[{\"@type\":\"ListItem\",\"position\":1,\"name\":\"Home\",\"item\":\"http:\\\/\\\/unaymilletras.com\\\/\"},{\"@type\":\"ListItem\",\"position\":2,\"name\":\"Latin WKND se estrena en Madrid\"}]},{\"@type\":\"WebSite\",\"@id\":\"http:\\\/\\\/unaymilletras.com\\\/#website\",\"url\":\"http:\\\/\\\/unaymilletras.com\\\/\",\"name\":\"Una y Mil Letras\",\"description\":\"\",\"publisher\":{\"@id\":\"http:\\\/\\\/unaymilletras.com\\\/#organization\"},\"potentialAction\":[{\"@type\":\"SearchAction\",\"target\":{\"@type\":\"EntryPoint\",\"urlTemplate\":\"http:\\\/\\\/unaymilletras.com\\\/?s={search_term_string}\"},\"query-input\":{\"@type\":\"PropertyValueSpecification\",\"valueRequired\":true,\"valueName\":\"search_term_string\"}}],\"inLanguage\":\"en-GB\"},{\"@type\":\"Organization\",\"@id\":\"http:\\\/\\\/unaymilletras.com\\\/#organization\",\"name\":\"Una y Mil Letras\",\"url\":\"http:\\\/\\\/unaymilletras.com\\\/\",\"logo\":{\"@type\":\"ImageObject\",\"inLanguage\":\"en-GB\",\"@id\":\"http:\\\/\\\/unaymilletras.com\\\/#\\\/schema\\\/logo\\\/image\\\/\",\"url\":\"https:\\\/\\\/unaymilletras.com\\\/wp-content\\\/uploads\\\/2024\\\/06\\\/cropped-Logo-removebg-preview.png\",\"contentUrl\":\"https:\\\/\\\/unaymilletras.com\\\/wp-content\\\/uploads\\\/2024\\\/06\\\/cropped-Logo-removebg-preview.png\",\"width\":512,\"height\":512,\"caption\":\"Una y Mil Letras\"},\"image\":{\"@id\":\"http:\\\/\\\/unaymilletras.com\\\/#\\\/schema\\\/logo\\\/image\\\/\"},\"sameAs\":[\"https:\\\/\\\/x.com\\\/UnaYMilLetras\",\"https:\\\/\\\/instagram.com\\\/UnaYMilLetras\"]},{\"@type\":\"Person\",\"@id\":\"http:\\\/\\\/unaymilletras.com\\\/#\\\/schema\\\/person\\\/d55ba681b8a4e463d8982dbe36a5dc94\",\"name\":\"Maria Gil Robledo\",\"image\":{\"@type\":\"ImageObject\",\"inLanguage\":\"en-GB\",\"@id\":\"https:\\\/\\\/secure.gravatar.com\\\/avatar\\\/4b8e5102e0015789407eb4870b12f0f2857952d83ca124058f92b764bd1840c3?s=96&d=mm&r=g\",\"url\":\"https:\\\/\\\/secure.gravatar.com\\\/avatar\\\/4b8e5102e0015789407eb4870b12f0f2857952d83ca124058f92b764bd1840c3?s=96&d=mm&r=g\",\"contentUrl\":\"https:\\\/\\\/secure.gravatar.com\\\/avatar\\\/4b8e5102e0015789407eb4870b12f0f2857952d83ca124058f92b764bd1840c3?s=96&d=mm&r=g\",\"caption\":\"Maria Gil Robledo\"},\"sameAs\":[\"http:\\\/\\\/unaymilletras.com\"],\"url\":\"https:\\\/\\\/unaymilletras.com\\\/en\\\/author\\\/mariiagiil02_\\\/\"}]}<\/script>\n<!-- \/ Yoast SEO plugin. -->","yoast_head_json":{"title":"Latin WKND se estrena en Madrid &#8902; Una y Mil Letras","description":"El nuevo festival de reggaet\u00f3n, Latin WKND, celebrar\u00e1 su primera edici\u00f3n el 12 de julio en el Parque Tierno Galv\u00e1n","robots":{"index":"index","follow":"follow","max-snippet":"max-snippet:-1","max-image-preview":"max-image-preview:large","max-video-preview":"max-video-preview:-1"},"canonical":"https:\/\/unaymilletras.com\/en\/latin-wknd-se-estrena-en-madrid\/","og_locale":"en_GB","og_type":"article","og_title":"Latin WKND se estrena en Madrid &#8902; Una y Mil Letras","og_description":"El nuevo festival de reggaet\u00f3n, Latin WKND, celebrar\u00e1 su primera edici\u00f3n el 12 de julio en el Parque Tierno Galv\u00e1n","og_url":"https:\/\/unaymilletras.com\/en\/latin-wknd-se-estrena-en-madrid\/","og_site_name":"Una y Mil Letras","article_published_time":"2024-05-24T18:52:29+00:00","article_modified_time":"2024-05-24T18:57:31+00:00","og_image":[{"width":600,"height":750,"url":"http:\/\/unaymilletras.com\/wp-content\/uploads\/2024\/05\/screenshot-e1716576862609.jpg","type":"image\/jpeg"}],"author":"Maria Gil Robledo","twitter_card":"summary_large_image","twitter_creator":"@UnaYMilLetras","twitter_site":"@UnaYMilLetras","twitter_misc":{"Written by":"Maria Gil Robledo","Estimated reading time":"2 minutes"},"schema":{"@context":"https:\/\/schema.org","@graph":[{"@type":"Article","@id":"https:\/\/unaymilletras.com\/latin-wknd-se-estrena-en-madrid\/#article","isPartOf":{"@id":"https:\/\/unaymilletras.com\/latin-wknd-se-estrena-en-madrid\/"},"author":{"name":"Maria Gil Robledo","@id":"http:\/\/unaymilletras.com\/#\/schema\/person\/d55ba681b8a4e463d8982dbe36a5dc94"},"headline":"Latin WKND se estrena en Madrid","datePublished":"2024-05-24T18:52:29+00:00","dateModified":"2024-05-24T18:57:31+00:00","mainEntityOfPage":{"@id":"https:\/\/unaymilletras.com\/latin-wknd-se-estrena-en-madrid\/"},"wordCount":252,"commentCount":0,"publisher":{"@id":"http:\/\/unaymilletras.com\/#organization"},"image":{"@id":"https:\/\/unaymilletras.com\/latin-wknd-se-estrena-en-madrid\/#primaryimage"},"thumbnailUrl":"https:\/\/unaymilletras.com\/wp-content\/uploads\/2024\/05\/screenshot-e1716576862609.jpg","articleSection":["Eventos","M\u00fasica"],"inLanguage":"en-GB","potentialAction":[{"@type":"CommentAction","name":"Comment","target":["https:\/\/unaymilletras.com\/latin-wknd-se-estrena-en-madrid\/#respond"]}]},{"@type":"WebPage","@id":"https:\/\/unaymilletras.com\/latin-wknd-se-estrena-en-madrid\/","url":"https:\/\/unaymilletras.com\/latin-wknd-se-estrena-en-madrid\/","name":"Latin WKND se estrena en Madrid &#8902; Una y Mil Letras","isPartOf":{"@id":"http:\/\/unaymilletras.com\/#website"},"primaryImageOfPage":{"@id":"https:\/\/unaymilletras.com\/latin-wknd-se-estrena-en-madrid\/#primaryimage"},"image":{"@id":"https:\/\/unaymilletras.com\/latin-wknd-se-estrena-en-madrid\/#primaryimage"},"thumbnailUrl":"https:\/\/unaymilletras.com\/wp-content\/uploads\/2024\/05\/screenshot-e1716576862609.jpg","datePublished":"2024-05-24T18:52:29+00:00","dateModified":"2024-05-24T18:57:31+00:00","description":"El nuevo festival de reggaet\u00f3n, Latin WKND, celebrar\u00e1 su primera edici\u00f3n el 12 de julio en el Parque Tierno Galv\u00e1n","breadcrumb":{"@id":"https:\/\/unaymilletras.com\/latin-wknd-se-estrena-en-madrid\/#breadcrumb"},"inLanguage":"en-GB","potentialAction":[{"@type":"ReadAction","target":["https:\/\/unaymilletras.com\/latin-wknd-se-estrena-en-madrid\/"]}]},{"@type":"ImageObject","inLanguage":"en-GB","@id":"https:\/\/unaymilletras.com\/latin-wknd-se-estrena-en-madrid\/#primaryimage","url":"https:\/\/unaymilletras.com\/wp-content\/uploads\/2024\/05\/screenshot-e1716576862609.jpg","contentUrl":"https:\/\/unaymilletras.com\/wp-content\/uploads\/2024\/05\/screenshot-e1716576862609.jpg","width":600,"height":750},{"@type":"BreadcrumbList","@id":"https:\/\/unaymilletras.com\/latin-wknd-se-estrena-en-madrid\/#breadcrumb","itemListElement":[{"@type":"ListItem","position":1,"name":"Home","item":"http:\/\/unaymilletras.com\/"},{"@type":"ListItem","position":2,"name":"Latin WKND se estrena en Madrid"}]},{"@type":"WebSite","@id":"http:\/\/unaymilletras.com\/#website","url":"http:\/\/unaymilletras.com\/","name":"Una y Mil Letras","description":"","publisher":{"@id":"http:\/\/unaymilletras.com\/#organization"},"potentialAction":[{"@type":"SearchAction","target":{"@type":"EntryPoint","urlTemplate":"http:\/\/unaymilletras.com\/?s={search_term_string}"},"query-input":{"@type":"PropertyValueSpecification","valueRequired":true,"valueName":"search_term_string"}}],"inLanguage":"en-GB"},{"@type":"Organization","@id":"http:\/\/unaymilletras.com\/#organization","name":"Una y Mil Letras","url":"http:\/\/unaymilletras.com\/","logo":{"@type":"ImageObject","inLanguage":"en-GB","@id":"http:\/\/unaymilletras.com\/#\/schema\/logo\/image\/","url":"https:\/\/unaymilletras.com\/wp-content\/uploads\/2024\/06\/cropped-Logo-removebg-preview.png","contentUrl":"https:\/\/unaymilletras.com\/wp-content\/uploads\/2024\/06\/cropped-Logo-removebg-preview.png","width":512,"height":512,"caption":"Una y Mil Letras"},"image":{"@id":"http:\/\/unaymilletras.com\/#\/schema\/logo\/image\/"},"sameAs":["https:\/\/x.com\/UnaYMilLetras","https:\/\/instagram.com\/UnaYMilLetras"]},{"@type":"Person","@id":"http:\/\/unaymilletras.com\/#\/schema\/person\/d55ba681b8a4e463d8982dbe36a5dc94","name":"Maria Gil Robledo","image":{"@type":"ImageObject","inLanguage":"en-GB","@id":"https:\/\/secure.gravatar.com\/avatar\/4b8e5102e0015789407eb4870b12f0f2857952d83ca124058f92b764bd1840c3?s=96&d=mm&r=g","url":"https:\/\/secure.gravatar.com\/avatar\/4b8e5102e0015789407eb4870b12f0f2857952d83ca124058f92b764bd1840c3?s=96&d=mm&r=g","contentUrl":"https:\/\/secure.gravatar.com\/avatar\/4b8e5102e0015789407eb4870b12f0f2857952d83ca124058f92b764bd1840c3?s=96&d=mm&r=g","caption":"Maria Gil Robledo"},"sameAs":["http:\/\/unaymilletras.com"],"url":"https:\/\/unaymilletras.com\/en\/author\/mariiagiil02_\/"}]}},"_links":{"self":[{"href":"https:\/\/unaymilletras.com\/en\/wp-json\/wp\/v2\/posts\/2654","targetHints":{"allow":["GET"]}}],"collection":[{"href":"https:\/\/unaymilletras.com\/en\/wp-json\/wp\/v2\/posts"}],"about":[{"href":"https:\/\/unaymilletras.com\/en\/wp-json\/wp\/v2\/types\/post"}],"author":[{"embeddable":true,"href":"https:\/\/unaymilletras.com\/en\/wp-json\/wp\/v2\/users\/1"}],"replies":[{"embeddable":true,"href":"https:\/\/unaymilletras.com\/en\/wp-json\/wp\/v2\/comments?post=2654"}],"version-history":[{"count":4,"href":"https:\/\/unaymilletras.com\/en\/wp-json\/wp\/v2\/posts\/2654\/revisions"}],"predecessor-version":[{"id":2659,"href":"https:\/\/unaymilletras.com\/en\/wp-json\/wp\/v2\/posts\/2654\/revisions\/2659"}],"wp:featuredmedia":[{"embeddable":true,"href":"https:\/\/unaymilletras.com\/en\/wp-json\/wp\/v2\/media\/2656"}],"wp:attachment":[{"href":"https:\/\/unaymilletras.com\/en\/wp-json\/wp\/v2\/media?parent=2654"}],"wp:term":[{"taxonomy":"category","embeddable":true,"href":"https:\/\/unaymilletras.com\/en\/wp-json\/wp\/v2\/categories?post=2654"},{"taxonomy":"post_tag","embeddable":true,"href":"https:\/\/unaymilletras.com\/en\/wp-json\/wp\/v2\/tags?post=2654"}],"curies":[{"name":"wp","href":"https:\/\/api.w.org\/{rel}","templated":true}]}}