{"id":2660,"date":"2024-05-25T12:00:00","date_gmt":"2024-05-25T10:00:00","guid":{"rendered":"https:\/\/unaymilletras.com\/?p=2660"},"modified":"2024-05-24T22:36:45","modified_gmt":"2024-05-24T20:36:45","slug":"camilo-lanza-su-nuevo-album-cuatro","status":"publish","type":"post","link":"https:\/\/unaymilletras.com\/en\/camilo-lanza-su-nuevo-album-cuatro\/","title":{"rendered":"Camilo lanza su nuevo \u00e1lbum: \u00abcuatro\u00bb"},"content":{"rendered":"\t\t<div data-elementor-type=\"wp-post\" data-elementor-id=\"2660\" class=\"elementor elementor-2660\">\n\t\t\t\t\t\t<section class=\"elementor-section elementor-top-section elementor-element elementor-element-12c427f elementor-section-boxed elementor-section-height-default elementor-section-height-default\" data-id=\"12c427f\" data-element_type=\"section\" data-e-type=\"section\">\n\t\t\t\t\t\t<div class=\"elementor-container elementor-column-gap-default\">\n\t\t\t\t\t<div class=\"elementor-column elementor-col-100 elementor-top-column elementor-element elementor-element-d508f96\" data-id=\"d508f96\" data-element_type=\"column\" data-e-type=\"column\">\n\t\t\t<div class=\"elementor-widget-wrap elementor-element-populated\">\n\t\t\t\t\t\t<div class=\"elementor-element elementor-element-5f67a50 elementor-widget elementor-widget-text-editor\" data-id=\"5f67a50\" data-element_type=\"widget\" data-e-type=\"widget\" data-widget_type=\"text-editor.default\">\n\t\t\t\t<div class=\"elementor-widget-container\">\n\t\t\t\t\t\t\t\t\t<h2 style=\"text-align: center;\"><span style=\"color: #808080;\"><em>El cuarto \u00e1lbum de Camilo incluye 12 temas y rinde tributo a los sonidos tropicales que marcaron su infancia<\/em><\/span><\/h2>\t\t\t\t\t\t\t\t<\/div>\n\t\t\t\t<\/div>\n\t\t\t\t\t<\/div>\n\t\t<\/div>\n\t\t\t\t\t<\/div>\n\t\t<\/section>\n\t\t\t\t<section class=\"elementor-section elementor-top-section elementor-element elementor-element-0e590f4 elementor-section-boxed elementor-section-height-default elementor-section-height-default\" data-id=\"0e590f4\" data-element_type=\"section\" data-e-type=\"section\">\n\t\t\t\t\t\t<div class=\"elementor-container elementor-column-gap-default\">\n\t\t\t\t\t<div class=\"elementor-column elementor-col-100 elementor-top-column elementor-element elementor-element-71d4408\" data-id=\"71d4408\" data-element_type=\"column\" data-e-type=\"column\">\n\t\t\t<div class=\"elementor-widget-wrap elementor-element-populated\">\n\t\t\t\t\t\t<div class=\"elementor-element elementor-element-3b74d7b elementor-widget elementor-widget-text-editor\" data-id=\"3b74d7b\" data-element_type=\"widget\" data-e-type=\"widget\" data-widget_type=\"text-editor.default\">\n\t\t\t\t<div class=\"elementor-widget-container\">\n\t\t\t\t\t\t\t\t\t<p><span style=\"color: #808080;\">El aclamado cantautor y m\u00fasico colombiano <strong>Camilo<\/strong> ha lanzado su nuevo \u00e1lbum de estudio titulado <strong><em><a style=\"color: #808080;\" href=\"https:\/\/open.spotify.com\/intl-es\/album\/1IwCEfVYg8KlEankYmqeP7?si=af0eddb666cf4a83\">cuatro<\/a><\/em><\/strong>, disponible desde hoy en todas las plataformas digitales de m\u00fasica. Este \u00e1lbum, compuesto por 12 temas, incluye colaboraciones destacadas como su reciente \u00e9xito <em>Una Vida Pasada<\/em>\u00a0junto a <a style=\"color: #808080;\" href=\"https:\/\/unaymilletras.com\/carin-leon-rompe-esquemas-con-su-tour-colmillo-de-leche\/\">Carin Le\u00f3n<\/a>.<\/span><\/p>\t\t\t\t\t\t\t\t<\/div>\n\t\t\t\t<\/div>\n\t\t\t\t\t<\/div>\n\t\t<\/div>\n\t\t\t\t\t<\/div>\n\t\t<\/section>\n\t\t\t\t<section class=\"elementor-section elementor-top-section elementor-element elementor-element-42240de elementor-section-boxed elementor-section-height-default elementor-section-height-default\" data-id=\"42240de\" data-element_type=\"section\" data-e-type=\"section\">\n\t\t\t\t\t\t<div class=\"elementor-container elementor-column-gap-default\">\n\t\t\t\t\t<div class=\"elementor-column elementor-col-50 elementor-top-column elementor-element elementor-element-ac13ff9\" data-id=\"ac13ff9\" data-element_type=\"column\" data-e-type=\"column\">\n\t\t\t<div class=\"elementor-widget-wrap elementor-element-populated\">\n\t\t\t\t\t\t<div class=\"elementor-element elementor-element-3c673af elementor-widget elementor-widget-image\" data-id=\"3c673af\" data-element_type=\"widget\" data-e-type=\"widget\" data-widget_type=\"image.default\">\n\t\t\t\t<div class=\"elementor-widget-container\">\n\t\t\t\t\t\t\t\t\t\t\t\t\t\t\t<img fetchpriority=\"high\" decoding=\"async\" width=\"382\" height=\"382\" src=\"https:\/\/unaymilletras.com\/wp-content\/uploads\/2024\/05\/Camilo.jpeg\" class=\"attachment-large size-large wp-image-2662\" alt=\"Camilo\" srcset=\"https:\/\/unaymilletras.com\/wp-content\/uploads\/2024\/05\/Camilo.jpeg 382w, https:\/\/unaymilletras.com\/wp-content\/uploads\/2024\/05\/Camilo-300x300.jpeg 300w, https:\/\/unaymilletras.com\/wp-content\/uploads\/2024\/05\/Camilo-150x150.jpeg 150w\" sizes=\"(max-width: 382px) 100vw, 382px\" \/>\t\t\t\t\t\t\t\t\t\t\t\t\t\t\t<\/div>\n\t\t\t\t<\/div>\n\t\t\t\t\t<\/div>\n\t\t<\/div>\n\t\t\t\t<div class=\"elementor-column elementor-col-50 elementor-top-column elementor-element elementor-element-511ad6a\" data-id=\"511ad6a\" data-element_type=\"column\" data-e-type=\"column\">\n\t\t\t<div class=\"elementor-widget-wrap elementor-element-populated\">\n\t\t\t\t\t\t<div class=\"elementor-element elementor-element-a66d738 elementor-widget elementor-widget-text-editor\" data-id=\"a66d738\" data-element_type=\"widget\" data-e-type=\"widget\" data-widget_type=\"text-editor.default\">\n\t\t\t\t<div class=\"elementor-widget-container\">\n\t\t\t\t\t\t\t\t\t<p>Camilo ha realizado un lanzamiento original y progresivo de su \u00e1lbum, presentando canciones en grupos de tres, encapsul\u00e1ndolas en cap\u00edtulos musicales titulados<i>&nbsp;un, dos, tres<\/i>&nbsp;y finalmente <i>cuatro<\/i>. Con este enfoque, el artista ha buscado rendir homenaje a los sonidos tropicales que influyeron en su infancia y juventud en Colombia.&nbsp;<\/p><p>\u00abEste \u00e1lbum es importante para m\u00ed porque me permiti\u00f3 aprender much\u00edsimo sobre m\u00ed, me ret\u00f3 a aprender y a tocar nuevos instrumentos, a darle rienda suelta a mi libertad creativa, a explorar lugares y emociones que viven dentro de m\u00ed\u00bb, declar\u00f3 Camilo.<\/p>\t\t\t\t\t\t\t\t<\/div>\n\t\t\t\t<\/div>\n\t\t\t\t\t<\/div>\n\t\t<\/div>\n\t\t\t\t\t<\/div>\n\t\t<\/section>\n\t\t\t\t<section class=\"elementor-section elementor-top-section elementor-element elementor-element-69a56a7 elementor-section-boxed elementor-section-height-default elementor-section-height-default\" data-id=\"69a56a7\" data-element_type=\"section\" data-e-type=\"section\">\n\t\t\t\t\t\t<div class=\"elementor-container elementor-column-gap-default\">\n\t\t\t\t\t<div class=\"elementor-column elementor-col-100 elementor-top-column elementor-element elementor-element-202ba16\" data-id=\"202ba16\" data-element_type=\"column\" data-e-type=\"column\">\n\t\t\t<div class=\"elementor-widget-wrap elementor-element-populated\">\n\t\t\t\t\t\t<div class=\"elementor-element elementor-element-e00a26f elementor-widget elementor-widget-text-editor\" data-id=\"e00a26f\" data-element_type=\"widget\" data-e-type=\"widget\" data-widget_type=\"text-editor.default\">\n\t\t\t\t<div class=\"elementor-widget-container\">\n\t\t\t\t\t\t\t\t\t<p>El \u00e1lbum incluye colaboraciones en la composici\u00f3n con reconocidos artistas y productores como Edgar Barrera, Mau y Ricky, Morelli y Juan David Mu\u00f1oz Avil\u00e9s. Entre los temas destacados se encuentran <i>PLIS<\/i>\u00a0junto a Evaluna Montaner y <i>Una Vida Pasada<\/i>\u00a0con Carin Le\u00f3n.\u00a0<\/p><p>Adem\u00e1s, <i>cuatro<\/i>\u00a0introduce tres nuevos temas: <i>La<\/i> <i>Boda<\/i>, que promete ser la banda sonora de muchos matrimonios; <i>S\u00e1lvame<\/i>\u00a0en colaboraci\u00f3n con Alexander Abreu y su banda Havana D&#8217;Primera, un cover de la canci\u00f3n popularizada por RBD; y \u00abUna Canci\u00f3n de Amor para la Pulga\u00bb, dedicada a su esposa Evaluna.<\/p><p>Camilo ha grabado todos los temas en su nuevo espacio creativo, El Taller Creativo, donde tambi\u00e9n se filmaron los 12 videos que acompa\u00f1an cada canci\u00f3n, dirigidos por Evaluna y Saumeth.<\/p><p style=\"text-align: center;\"><strong>Tracklist:<br \/><\/strong><em>Gordo<\/em><br \/><em>No Se Vale<\/em><br \/><em>PLIS<\/em><br \/><em>Autodiagn\u00f3stico<\/em><br \/><em>En Tus Sue\u00f1os o En Los M\u00edos<\/em><br \/><em>Una Vida Pasada (con Carin Le\u00f3n)<\/em><br \/><em>Amor de Extranjeros<\/em><br \/><em>Coraz\u00f3n de Hojalata<\/em><br \/><em>Misi\u00f3n Imposible<\/em><br \/><em>S\u00e1lvame (con Alexander Abreu y Havana D&#8217;Primera)<\/em><br \/><em>Una Canci\u00f3n de Amor para La Pulga<\/em><br \/><em>La Boda<\/em><\/p>\t\t\t\t\t\t\t\t<\/div>\n\t\t\t\t<\/div>\n\t\t\t\t<div class=\"elementor-element elementor-element-756ab69 elementor-widget elementor-widget-text-editor\" data-id=\"756ab69\" data-element_type=\"widget\" data-e-type=\"widget\" data-widget_type=\"text-editor.default\">\n\t\t\t\t<div class=\"elementor-widget-container\">\n\t\t\t\t\t\t\t\t\t<p>Adem\u00e1s de este lanzamiento, Camilo se prepara para iniciar su gira internacional <i><b>Nuestro Lugar Feliz Tour<\/b><\/i>, comenzando el 8 de junio en La Coru\u00f1a, Espa\u00f1a. La gira continuar\u00e1 en las principales ciudades de Estados Unidos en septiembre de 2024, incluyendo su primer concierto en el famoso Hollywood Bowl en Los \u00c1ngeles.<\/p>\t\t\t\t\t\t\t\t<\/div>\n\t\t\t\t<\/div>\n\t\t\t\t\t<\/div>\n\t\t<\/div>\n\t\t\t\t\t<\/div>\n\t\t<\/section>\n\t\t\t\t<section class=\"elementor-section elementor-top-section elementor-element elementor-element-1727a8d elementor-section-boxed elementor-section-height-default elementor-section-height-default\" data-id=\"1727a8d\" data-element_type=\"section\" data-e-type=\"section\">\n\t\t\t\t\t\t<div class=\"elementor-container elementor-column-gap-default\">\n\t\t\t\t\t<div class=\"elementor-column elementor-col-50 elementor-top-column elementor-element elementor-element-583fd1f\" data-id=\"583fd1f\" data-element_type=\"column\" data-e-type=\"column\">\n\t\t\t<div class=\"elementor-widget-wrap elementor-element-populated\">\n\t\t\t\t\t\t<div class=\"elementor-element elementor-element-ec6346a elementor-widget elementor-widget-text-editor\" data-id=\"ec6346a\" data-element_type=\"widget\" data-e-type=\"widget\" data-widget_type=\"text-editor.default\">\n\t\t\t\t<div class=\"elementor-widget-container\">\n\t\t\t\t\t\t\t\t\t<div class=\"flex flex-grow flex-col max-w-full\"><div class=\"min-h-[20px] text-message flex flex-col items-start whitespace-pre-wrap break-words [.text-message+&amp;]:mt-5 juice:w-full juice:items-end overflow-x-auto gap-2\" dir=\"auto\" data-message-author-role=\"assistant\" data-message-id=\"c18f566c-b9c9-4f18-a5e8-259ea82bf4fe\"><div class=\"flex w-full flex-col gap-1 juice:empty:hidden juice:first:pt-[3px]\"><div class=\"markdown prose w-full break-words dark:prose-invert light\"><div><b>FECHAS EN ESPA\u00d1A<\/b><\/div><div>8 de junio, A Coru\u00f1a, Coliseum<\/div><div>14 de junio, Lanzarote, Ciudad Deportiva de Lanzarote<\/div><div>15 de junio, Adeje, Golf Costa Adeje<\/div><div>18 de junio, Paris, Z\u00e9nith de Paris<\/div><div>21 de junio, Madrid, WiZink Center<\/div><div>22 de junio, Madrid, WiZink Center\u00a0<\/div><div>23 de junio, Granada, Plaza de Toros<\/div><div>28 de junio, Sevilla, Estadio de la Cartuja<\/div><div>30 de junio, C\u00f3rdoba, Plaza de Toros<\/div><div>3 de julio, Barcelona, Palau Sant Jordi<\/div><div>5 de julio, Chiclana, Concert Music Festival<\/div><div>6 de julio, Marbella, Starlite Festival\u00a0<\/div><div>8 de julio, Marbella, Starlite<\/div><\/div><\/div><\/div><\/div><div class=\"mt-1 flex gap-3 empty:hidden juice:-ml-3\"><div class=\"items-center justify-start rounded-xl p-1 flex\"><div class=\"flex items-center\">\u00a0<\/div><\/div><\/div>\t\t\t\t\t\t\t\t<\/div>\n\t\t\t\t<\/div>\n\t\t\t\t\t<\/div>\n\t\t<\/div>\n\t\t\t\t<div class=\"elementor-column elementor-col-50 elementor-top-column elementor-element elementor-element-e12b451\" data-id=\"e12b451\" data-element_type=\"column\" data-e-type=\"column\">\n\t\t\t<div class=\"elementor-widget-wrap elementor-element-populated\">\n\t\t\t\t\t\t<div class=\"elementor-element elementor-element-1b10423 elementor-widget elementor-widget-image\" data-id=\"1b10423\" data-element_type=\"widget\" data-e-type=\"widget\" data-widget_type=\"image.default\">\n\t\t\t\t<div class=\"elementor-widget-container\">\n\t\t\t\t\t\t\t\t\t\t\t\t\t\t\t<img decoding=\"async\" width=\"640\" height=\"640\" src=\"https:\/\/unaymilletras.com\/wp-content\/uploads\/2024\/05\/gira.jpeg\" class=\"attachment-large size-large wp-image-2663\" alt=\"\" srcset=\"https:\/\/unaymilletras.com\/wp-content\/uploads\/2024\/05\/gira.jpeg 689w, https:\/\/unaymilletras.com\/wp-content\/uploads\/2024\/05\/gira-300x300.jpeg 300w, https:\/\/unaymilletras.com\/wp-content\/uploads\/2024\/05\/gira-150x150.jpeg 150w\" sizes=\"(max-width: 640px) 100vw, 640px\" \/>\t\t\t\t\t\t\t\t\t\t\t\t\t\t\t<\/div>\n\t\t\t\t<\/div>\n\t\t\t\t\t<\/div>\n\t\t<\/div>\n\t\t\t\t\t<\/div>\n\t\t<\/section>\n\t\t\t\t<\/div>\n\t\t","protected":false},"excerpt":{"rendered":"<p>El cuarto \u00e1lbum de Camilo incluye 12 temas y rinde tributo a los sonidos tropicales que marcaron su infancia El aclamado cantautor y m\u00fasico colombiano Camilo ha lanzado su nuevo \u00e1lbum de estudio titulado cuatro, disponible desde hoy en todas las plataformas digitales de m\u00fasica. Este \u00e1lbum, compuesto por 12 temas, incluye colaboraciones destacadas como [&hellip;]<\/p>\n","protected":false},"author":1,"featured_media":2662,"comment_status":"open","ping_status":"open","sticky":false,"template":"","format":"standard","meta":{"footnotes":""},"categories":[4],"tags":[],"class_list":["post-2660","post","type-post","status-publish","format-standard","has-post-thumbnail","hentry","category-musica"],"yoast_head":"<!-- This site is optimized with the Yoast SEO plugin v27.4 - https:\/\/yoast.com\/product\/yoast-seo-wordpress\/ -->\n<title>Camilo lanza su nuevo \u00e1lbum: &quot;cuatro&quot; &#8902; Una y Mil Letras<\/title>\n<meta name=\"description\" content=\"El cuarto \u00e1lbum de Camilo incluye 12 temas y rinde tributo a los sonidos tropicales que marcaron su infancia\" \/>\n<meta name=\"robots\" content=\"index, follow, max-snippet:-1, max-image-preview:large, max-video-preview:-1\" \/>\n<link rel=\"canonical\" href=\"https:\/\/unaymilletras.com\/en\/camilo-lanza-su-nuevo-album-cuatro\/\" \/>\n<meta property=\"og:locale\" content=\"en_GB\" \/>\n<meta property=\"og:type\" content=\"article\" \/>\n<meta property=\"og:title\" content=\"Camilo lanza su nuevo \u00e1lbum: &quot;cuatro&quot; &#8902; Una y Mil Letras\" \/>\n<meta property=\"og:description\" content=\"El cuarto \u00e1lbum de Camilo incluye 12 temas y rinde tributo a los sonidos tropicales que marcaron su infancia\" \/>\n<meta property=\"og:url\" content=\"https:\/\/unaymilletras.com\/en\/camilo-lanza-su-nuevo-album-cuatro\/\" \/>\n<meta property=\"og:site_name\" content=\"Una y Mil Letras\" \/>\n<meta property=\"article:published_time\" content=\"2024-05-25T10:00:00+00:00\" \/>\n<meta property=\"og:image\" content=\"https:\/\/unaymilletras.com\/wp-content\/uploads\/2024\/05\/Camilo.jpeg\" \/>\n\t<meta property=\"og:image:width\" content=\"382\" \/>\n\t<meta property=\"og:image:height\" content=\"382\" \/>\n\t<meta property=\"og:image:type\" content=\"image\/jpeg\" \/>\n<meta name=\"author\" content=\"Maria Gil Robledo\" \/>\n<meta name=\"twitter:card\" content=\"summary_large_image\" \/>\n<meta name=\"twitter:creator\" content=\"@UnaYMilLetras\" \/>\n<meta name=\"twitter:site\" content=\"@UnaYMilLetras\" \/>\n<meta name=\"twitter:label1\" content=\"Written by\" \/>\n\t<meta name=\"twitter:data1\" content=\"Maria Gil Robledo\" \/>\n\t<meta name=\"twitter:label2\" content=\"Estimated reading time\" \/>\n\t<meta name=\"twitter:data2\" content=\"3 minutes\" \/>\n<script type=\"application\/ld+json\" class=\"yoast-schema-graph\">{\"@context\":\"https:\\\/\\\/schema.org\",\"@graph\":[{\"@type\":\"Article\",\"@id\":\"https:\\\/\\\/unaymilletras.com\\\/camilo-lanza-su-nuevo-album-cuatro\\\/#article\",\"isPartOf\":{\"@id\":\"https:\\\/\\\/unaymilletras.com\\\/camilo-lanza-su-nuevo-album-cuatro\\\/\"},\"author\":{\"name\":\"Maria Gil Robledo\",\"@id\":\"http:\\\/\\\/unaymilletras.com\\\/#\\\/schema\\\/person\\\/d55ba681b8a4e463d8982dbe36a5dc94\"},\"headline\":\"Camilo lanza su nuevo \u00e1lbum: \u00abcuatro\u00bb\",\"datePublished\":\"2024-05-25T10:00:00+00:00\",\"mainEntityOfPage\":{\"@id\":\"https:\\\/\\\/unaymilletras.com\\\/camilo-lanza-su-nuevo-album-cuatro\\\/\"},\"wordCount\":489,\"commentCount\":0,\"publisher\":{\"@id\":\"http:\\\/\\\/unaymilletras.com\\\/#organization\"},\"image\":{\"@id\":\"https:\\\/\\\/unaymilletras.com\\\/camilo-lanza-su-nuevo-album-cuatro\\\/#primaryimage\"},\"thumbnailUrl\":\"https:\\\/\\\/unaymilletras.com\\\/wp-content\\\/uploads\\\/2024\\\/05\\\/Camilo.jpeg\",\"articleSection\":[\"M\u00fasica\"],\"inLanguage\":\"en-GB\",\"potentialAction\":[{\"@type\":\"CommentAction\",\"name\":\"Comment\",\"target\":[\"https:\\\/\\\/unaymilletras.com\\\/camilo-lanza-su-nuevo-album-cuatro\\\/#respond\"]}]},{\"@type\":\"WebPage\",\"@id\":\"https:\\\/\\\/unaymilletras.com\\\/camilo-lanza-su-nuevo-album-cuatro\\\/\",\"url\":\"https:\\\/\\\/unaymilletras.com\\\/camilo-lanza-su-nuevo-album-cuatro\\\/\",\"name\":\"Camilo lanza su nuevo \u00e1lbum: \\\"cuatro\\\" &#8902; Una y Mil Letras\",\"isPartOf\":{\"@id\":\"http:\\\/\\\/unaymilletras.com\\\/#website\"},\"primaryImageOfPage\":{\"@id\":\"https:\\\/\\\/unaymilletras.com\\\/camilo-lanza-su-nuevo-album-cuatro\\\/#primaryimage\"},\"image\":{\"@id\":\"https:\\\/\\\/unaymilletras.com\\\/camilo-lanza-su-nuevo-album-cuatro\\\/#primaryimage\"},\"thumbnailUrl\":\"https:\\\/\\\/unaymilletras.com\\\/wp-content\\\/uploads\\\/2024\\\/05\\\/Camilo.jpeg\",\"datePublished\":\"2024-05-25T10:00:00+00:00\",\"description\":\"El cuarto \u00e1lbum de Camilo incluye 12 temas y rinde tributo a los sonidos tropicales que marcaron su infancia\",\"breadcrumb\":{\"@id\":\"https:\\\/\\\/unaymilletras.com\\\/camilo-lanza-su-nuevo-album-cuatro\\\/#breadcrumb\"},\"inLanguage\":\"en-GB\",\"potentialAction\":[{\"@type\":\"ReadAction\",\"target\":[\"https:\\\/\\\/unaymilletras.com\\\/camilo-lanza-su-nuevo-album-cuatro\\\/\"]}]},{\"@type\":\"ImageObject\",\"inLanguage\":\"en-GB\",\"@id\":\"https:\\\/\\\/unaymilletras.com\\\/camilo-lanza-su-nuevo-album-cuatro\\\/#primaryimage\",\"url\":\"https:\\\/\\\/unaymilletras.com\\\/wp-content\\\/uploads\\\/2024\\\/05\\\/Camilo.jpeg\",\"contentUrl\":\"https:\\\/\\\/unaymilletras.com\\\/wp-content\\\/uploads\\\/2024\\\/05\\\/Camilo.jpeg\",\"width\":382,\"height\":382,\"caption\":\"Camilo\"},{\"@type\":\"BreadcrumbList\",\"@id\":\"https:\\\/\\\/unaymilletras.com\\\/camilo-lanza-su-nuevo-album-cuatro\\\/#breadcrumb\",\"itemListElement\":[{\"@type\":\"ListItem\",\"position\":1,\"name\":\"Home\",\"item\":\"http:\\\/\\\/unaymilletras.com\\\/\"},{\"@type\":\"ListItem\",\"position\":2,\"name\":\"Camilo lanza su nuevo \u00e1lbum: \u00abcuatro\u00bb\"}]},{\"@type\":\"WebSite\",\"@id\":\"http:\\\/\\\/unaymilletras.com\\\/#website\",\"url\":\"http:\\\/\\\/unaymilletras.com\\\/\",\"name\":\"Una y Mil Letras\",\"description\":\"\",\"publisher\":{\"@id\":\"http:\\\/\\\/unaymilletras.com\\\/#organization\"},\"potentialAction\":[{\"@type\":\"SearchAction\",\"target\":{\"@type\":\"EntryPoint\",\"urlTemplate\":\"http:\\\/\\\/unaymilletras.com\\\/?s={search_term_string}\"},\"query-input\":{\"@type\":\"PropertyValueSpecification\",\"valueRequired\":true,\"valueName\":\"search_term_string\"}}],\"inLanguage\":\"en-GB\"},{\"@type\":\"Organization\",\"@id\":\"http:\\\/\\\/unaymilletras.com\\\/#organization\",\"name\":\"Una y Mil Letras\",\"url\":\"http:\\\/\\\/unaymilletras.com\\\/\",\"logo\":{\"@type\":\"ImageObject\",\"inLanguage\":\"en-GB\",\"@id\":\"http:\\\/\\\/unaymilletras.com\\\/#\\\/schema\\\/logo\\\/image\\\/\",\"url\":\"https:\\\/\\\/unaymilletras.com\\\/wp-content\\\/uploads\\\/2024\\\/06\\\/cropped-Logo-removebg-preview.png\",\"contentUrl\":\"https:\\\/\\\/unaymilletras.com\\\/wp-content\\\/uploads\\\/2024\\\/06\\\/cropped-Logo-removebg-preview.png\",\"width\":512,\"height\":512,\"caption\":\"Una y Mil Letras\"},\"image\":{\"@id\":\"http:\\\/\\\/unaymilletras.com\\\/#\\\/schema\\\/logo\\\/image\\\/\"},\"sameAs\":[\"https:\\\/\\\/x.com\\\/UnaYMilLetras\",\"https:\\\/\\\/instagram.com\\\/UnaYMilLetras\"]},{\"@type\":\"Person\",\"@id\":\"http:\\\/\\\/unaymilletras.com\\\/#\\\/schema\\\/person\\\/d55ba681b8a4e463d8982dbe36a5dc94\",\"name\":\"Maria Gil Robledo\",\"image\":{\"@type\":\"ImageObject\",\"inLanguage\":\"en-GB\",\"@id\":\"https:\\\/\\\/secure.gravatar.com\\\/avatar\\\/4b8e5102e0015789407eb4870b12f0f2857952d83ca124058f92b764bd1840c3?s=96&d=mm&r=g\",\"url\":\"https:\\\/\\\/secure.gravatar.com\\\/avatar\\\/4b8e5102e0015789407eb4870b12f0f2857952d83ca124058f92b764bd1840c3?s=96&d=mm&r=g\",\"contentUrl\":\"https:\\\/\\\/secure.gravatar.com\\\/avatar\\\/4b8e5102e0015789407eb4870b12f0f2857952d83ca124058f92b764bd1840c3?s=96&d=mm&r=g\",\"caption\":\"Maria Gil Robledo\"},\"sameAs\":[\"http:\\\/\\\/unaymilletras.com\"],\"url\":\"https:\\\/\\\/unaymilletras.com\\\/en\\\/author\\\/mariiagiil02_\\\/\"}]}<\/script>\n<!-- \/ Yoast SEO plugin. -->","yoast_head_json":{"title":"Camilo lanza su nuevo \u00e1lbum: \"cuatro\" &#8902; Una y Mil Letras","description":"El cuarto \u00e1lbum de Camilo incluye 12 temas y rinde tributo a los sonidos tropicales que marcaron su infancia","robots":{"index":"index","follow":"follow","max-snippet":"max-snippet:-1","max-image-preview":"max-image-preview:large","max-video-preview":"max-video-preview:-1"},"canonical":"https:\/\/unaymilletras.com\/en\/camilo-lanza-su-nuevo-album-cuatro\/","og_locale":"en_GB","og_type":"article","og_title":"Camilo lanza su nuevo \u00e1lbum: \"cuatro\" &#8902; Una y Mil Letras","og_description":"El cuarto \u00e1lbum de Camilo incluye 12 temas y rinde tributo a los sonidos tropicales que marcaron su infancia","og_url":"https:\/\/unaymilletras.com\/en\/camilo-lanza-su-nuevo-album-cuatro\/","og_site_name":"Una y Mil Letras","article_published_time":"2024-05-25T10:00:00+00:00","og_image":[{"width":382,"height":382,"url":"https:\/\/unaymilletras.com\/wp-content\/uploads\/2024\/05\/Camilo.jpeg","type":"image\/jpeg"}],"author":"Maria Gil Robledo","twitter_card":"summary_large_image","twitter_creator":"@UnaYMilLetras","twitter_site":"@UnaYMilLetras","twitter_misc":{"Written by":"Maria Gil Robledo","Estimated reading time":"3 minutes"},"schema":{"@context":"https:\/\/schema.org","@graph":[{"@type":"Article","@id":"https:\/\/unaymilletras.com\/camilo-lanza-su-nuevo-album-cuatro\/#article","isPartOf":{"@id":"https:\/\/unaymilletras.com\/camilo-lanza-su-nuevo-album-cuatro\/"},"author":{"name":"Maria Gil Robledo","@id":"http:\/\/unaymilletras.com\/#\/schema\/person\/d55ba681b8a4e463d8982dbe36a5dc94"},"headline":"Camilo lanza su nuevo \u00e1lbum: \u00abcuatro\u00bb","datePublished":"2024-05-25T10:00:00+00:00","mainEntityOfPage":{"@id":"https:\/\/unaymilletras.com\/camilo-lanza-su-nuevo-album-cuatro\/"},"wordCount":489,"commentCount":0,"publisher":{"@id":"http:\/\/unaymilletras.com\/#organization"},"image":{"@id":"https:\/\/unaymilletras.com\/camilo-lanza-su-nuevo-album-cuatro\/#primaryimage"},"thumbnailUrl":"https:\/\/unaymilletras.com\/wp-content\/uploads\/2024\/05\/Camilo.jpeg","articleSection":["M\u00fasica"],"inLanguage":"en-GB","potentialAction":[{"@type":"CommentAction","name":"Comment","target":["https:\/\/unaymilletras.com\/camilo-lanza-su-nuevo-album-cuatro\/#respond"]}]},{"@type":"WebPage","@id":"https:\/\/unaymilletras.com\/camilo-lanza-su-nuevo-album-cuatro\/","url":"https:\/\/unaymilletras.com\/camilo-lanza-su-nuevo-album-cuatro\/","name":"Camilo lanza su nuevo \u00e1lbum: \"cuatro\" &#8902; Una y Mil Letras","isPartOf":{"@id":"http:\/\/unaymilletras.com\/#website"},"primaryImageOfPage":{"@id":"https:\/\/unaymilletras.com\/camilo-lanza-su-nuevo-album-cuatro\/#primaryimage"},"image":{"@id":"https:\/\/unaymilletras.com\/camilo-lanza-su-nuevo-album-cuatro\/#primaryimage"},"thumbnailUrl":"https:\/\/unaymilletras.com\/wp-content\/uploads\/2024\/05\/Camilo.jpeg","datePublished":"2024-05-25T10:00:00+00:00","description":"El cuarto \u00e1lbum de Camilo incluye 12 temas y rinde tributo a los sonidos tropicales que marcaron su infancia","breadcrumb":{"@id":"https:\/\/unaymilletras.com\/camilo-lanza-su-nuevo-album-cuatro\/#breadcrumb"},"inLanguage":"en-GB","potentialAction":[{"@type":"ReadAction","target":["https:\/\/unaymilletras.com\/camilo-lanza-su-nuevo-album-cuatro\/"]}]},{"@type":"ImageObject","inLanguage":"en-GB","@id":"https:\/\/unaymilletras.com\/camilo-lanza-su-nuevo-album-cuatro\/#primaryimage","url":"https:\/\/unaymilletras.com\/wp-content\/uploads\/2024\/05\/Camilo.jpeg","contentUrl":"https:\/\/unaymilletras.com\/wp-content\/uploads\/2024\/05\/Camilo.jpeg","width":382,"height":382,"caption":"Camilo"},{"@type":"BreadcrumbList","@id":"https:\/\/unaymilletras.com\/camilo-lanza-su-nuevo-album-cuatro\/#breadcrumb","itemListElement":[{"@type":"ListItem","position":1,"name":"Home","item":"http:\/\/unaymilletras.com\/"},{"@type":"ListItem","position":2,"name":"Camilo lanza su nuevo \u00e1lbum: \u00abcuatro\u00bb"}]},{"@type":"WebSite","@id":"http:\/\/unaymilletras.com\/#website","url":"http:\/\/unaymilletras.com\/","name":"Una y Mil Letras","description":"","publisher":{"@id":"http:\/\/unaymilletras.com\/#organization"},"potentialAction":[{"@type":"SearchAction","target":{"@type":"EntryPoint","urlTemplate":"http:\/\/unaymilletras.com\/?s={search_term_string}"},"query-input":{"@type":"PropertyValueSpecification","valueRequired":true,"valueName":"search_term_string"}}],"inLanguage":"en-GB"},{"@type":"Organization","@id":"http:\/\/unaymilletras.com\/#organization","name":"Una y Mil Letras","url":"http:\/\/unaymilletras.com\/","logo":{"@type":"ImageObject","inLanguage":"en-GB","@id":"http:\/\/unaymilletras.com\/#\/schema\/logo\/image\/","url":"https:\/\/unaymilletras.com\/wp-content\/uploads\/2024\/06\/cropped-Logo-removebg-preview.png","contentUrl":"https:\/\/unaymilletras.com\/wp-content\/uploads\/2024\/06\/cropped-Logo-removebg-preview.png","width":512,"height":512,"caption":"Una y Mil Letras"},"image":{"@id":"http:\/\/unaymilletras.com\/#\/schema\/logo\/image\/"},"sameAs":["https:\/\/x.com\/UnaYMilLetras","https:\/\/instagram.com\/UnaYMilLetras"]},{"@type":"Person","@id":"http:\/\/unaymilletras.com\/#\/schema\/person\/d55ba681b8a4e463d8982dbe36a5dc94","name":"Maria Gil Robledo","image":{"@type":"ImageObject","inLanguage":"en-GB","@id":"https:\/\/secure.gravatar.com\/avatar\/4b8e5102e0015789407eb4870b12f0f2857952d83ca124058f92b764bd1840c3?s=96&d=mm&r=g","url":"https:\/\/secure.gravatar.com\/avatar\/4b8e5102e0015789407eb4870b12f0f2857952d83ca124058f92b764bd1840c3?s=96&d=mm&r=g","contentUrl":"https:\/\/secure.gravatar.com\/avatar\/4b8e5102e0015789407eb4870b12f0f2857952d83ca124058f92b764bd1840c3?s=96&d=mm&r=g","caption":"Maria Gil Robledo"},"sameAs":["http:\/\/unaymilletras.com"],"url":"https:\/\/unaymilletras.com\/en\/author\/mariiagiil02_\/"}]}},"_links":{"self":[{"href":"https:\/\/unaymilletras.com\/en\/wp-json\/wp\/v2\/posts\/2660","targetHints":{"allow":["GET"]}}],"collection":[{"href":"https:\/\/unaymilletras.com\/en\/wp-json\/wp\/v2\/posts"}],"about":[{"href":"https:\/\/unaymilletras.com\/en\/wp-json\/wp\/v2\/types\/post"}],"author":[{"embeddable":true,"href":"https:\/\/unaymilletras.com\/en\/wp-json\/wp\/v2\/users\/1"}],"replies":[{"embeddable":true,"href":"https:\/\/unaymilletras.com\/en\/wp-json\/wp\/v2\/comments?post=2660"}],"version-history":[{"count":5,"href":"https:\/\/unaymilletras.com\/en\/wp-json\/wp\/v2\/posts\/2660\/revisions"}],"predecessor-version":[{"id":2667,"href":"https:\/\/unaymilletras.com\/en\/wp-json\/wp\/v2\/posts\/2660\/revisions\/2667"}],"wp:featuredmedia":[{"embeddable":true,"href":"https:\/\/unaymilletras.com\/en\/wp-json\/wp\/v2\/media\/2662"}],"wp:attachment":[{"href":"https:\/\/unaymilletras.com\/en\/wp-json\/wp\/v2\/media?parent=2660"}],"wp:term":[{"taxonomy":"category","embeddable":true,"href":"https:\/\/unaymilletras.com\/en\/wp-json\/wp\/v2\/categories?post=2660"},{"taxonomy":"post_tag","embeddable":true,"href":"https:\/\/unaymilletras.com\/en\/wp-json\/wp\/v2\/tags?post=2660"}],"curies":[{"name":"wp","href":"https:\/\/api.w.org\/{rel}","templated":true}]}}