{"id":2686,"date":"2024-06-04T12:38:00","date_gmt":"2024-06-04T10:38:00","guid":{"rendered":"https:\/\/unaymilletras.com\/?p=2686"},"modified":"2024-06-04T12:49:19","modified_gmt":"2024-06-04T10:49:19","slug":"estopa-encendera-el-civitas-metropolitano-el-22-de-junio","status":"publish","type":"post","link":"https:\/\/unaymilletras.com\/en\/estopa-encendera-el-civitas-metropolitano-el-22-de-junio\/","title":{"rendered":"Estopa encender\u00e1 el C\u00edvitas Metropolitano el 22 de junio"},"content":{"rendered":"<div data-elementor-type=\"wp-post\" data-elementor-id=\"2686\" class=\"elementor elementor-2686\">\n\t\t\t\t\t\t<section class=\"elementor-section elementor-top-section elementor-element elementor-element-625e8a8 elementor-section-boxed elementor-section-height-default elementor-section-height-default\" data-id=\"625e8a8\" data-element_type=\"section\" data-e-type=\"section\">\n\t\t\t\t\t\t<div class=\"elementor-container elementor-column-gap-default\">\n\t\t\t\t\t<div class=\"elementor-column elementor-col-100 elementor-top-column elementor-element elementor-element-f46307a\" data-id=\"f46307a\" data-element_type=\"column\" data-e-type=\"column\">\n\t\t\t<div class=\"elementor-widget-wrap elementor-element-populated\">\n\t\t\t\t\t\t<div class=\"elementor-element elementor-element-0224c6e elementor-widget elementor-widget-text-editor\" data-id=\"0224c6e\" data-element_type=\"widget\" data-e-type=\"widget\" data-widget_type=\"text-editor.default\">\n\t\t\t\t<div class=\"elementor-widget-container\">\n\t\t\t\t\t\t\t\t\t<h2 style=\"text-align: center;\"><span style=\"color: #808080;\"><em>El d\u00fao catal\u00e1n, Estopa, celebrar\u00e1 25 a\u00f1os de carrera musical con un concierto en Madrid el 22 de junio de 2024<\/em><\/span><\/h2>\t\t\t\t\t\t\t\t<\/div>\n\t\t\t\t<\/div>\n\t\t\t\t\t<\/div>\n\t\t<\/div>\n\t\t\t\t\t<\/div>\n\t\t<\/section>\n\t\t\t\t<section class=\"elementor-section elementor-top-section elementor-element elementor-element-f9c1e71 elementor-section-boxed elementor-section-height-default elementor-section-height-default\" data-id=\"f9c1e71\" data-element_type=\"section\" data-e-type=\"section\">\n\t\t\t\t\t\t<div class=\"elementor-container elementor-column-gap-default\">\n\t\t\t\t\t<div class=\"elementor-column elementor-col-100 elementor-top-column elementor-element elementor-element-a6c86ef\" data-id=\"a6c86ef\" data-element_type=\"column\" data-e-type=\"column\">\n\t\t\t<div class=\"elementor-widget-wrap elementor-element-populated\">\n\t\t\t\t\t\t<div class=\"elementor-element elementor-element-71530e2 elementor-widget elementor-widget-text-editor\" data-id=\"71530e2\" data-element_type=\"widget\" data-e-type=\"widget\" data-widget_type=\"text-editor.default\">\n\t\t\t\t<div class=\"elementor-widget-container\">\n\t\t\t\t\t\t\t\t\t<p>El<strong> C\u00edvitas Metropolitano<\/strong> ser\u00e1 el escenario del primer concierto de la gira conmemorativa del vig\u00e9simo quinto aniversario de <strong>Estopa<\/strong>. El ic\u00f3nico d\u00fao de rumba catalana, formado por los hermanos David y Jos\u00e9 Manuel Mu\u00f1oz, actuar\u00e1 en la casa de todos los atl\u00e9ticos el pr\u00f3ximo s\u00e1bado <strong>22 de junio de 2024<\/strong>. Este espect\u00e1culo marcar\u00e1 el inicio de una nueva gira que celebrar\u00e1 sus <strong>25 a\u00f1os<\/strong> en la m\u00fasica y ya tiene todas las entradas agotadas.\u00a0<\/p>\t\t\t\t\t\t\t\t<\/div>\n\t\t\t\t<\/div>\n\t\t\t\t\t<\/div>\n\t\t<\/div>\n\t\t\t\t\t<\/div>\n\t\t<\/section>\n\t\t\t\t<section class=\"elementor-section elementor-top-section elementor-element elementor-element-b378630 elementor-section-boxed elementor-section-height-default elementor-section-height-default\" data-id=\"b378630\" data-element_type=\"section\" data-e-type=\"section\">\n\t\t\t\t\t\t<div class=\"elementor-container elementor-column-gap-default\">\n\t\t\t\t\t<div class=\"elementor-column elementor-col-100 elementor-top-column elementor-element elementor-element-4704154\" data-id=\"4704154\" data-element_type=\"column\" data-e-type=\"column\">\n\t\t\t<div class=\"elementor-widget-wrap elementor-element-populated\">\n\t\t\t\t\t\t<div class=\"elementor-element elementor-element-960ae53 elementor-widget elementor-widget-image\" data-id=\"960ae53\" data-element_type=\"widget\" data-e-type=\"widget\" data-widget_type=\"image.default\">\n\t\t\t\t<div class=\"elementor-widget-container\">\n\t\t\t\t\t\t\t\t\t\t\t\t\t\t\t<img fetchpriority=\"high\" decoding=\"async\" width=\"640\" height=\"372\" src=\"https:\/\/unaymilletras.com\/wp-content\/uploads\/2024\/06\/OIn-r1QoTj_estopa-1024x595.jpg\" class=\"attachment-large size-large wp-image-2691\" alt=\"Estopa\" srcset=\"https:\/\/unaymilletras.com\/wp-content\/uploads\/2024\/06\/OIn-r1QoTj_estopa-1024x595.jpg 1024w, https:\/\/unaymilletras.com\/wp-content\/uploads\/2024\/06\/OIn-r1QoTj_estopa-300x174.jpg 300w, https:\/\/unaymilletras.com\/wp-content\/uploads\/2024\/06\/OIn-r1QoTj_estopa-768x446.jpg 768w, https:\/\/unaymilletras.com\/wp-content\/uploads\/2024\/06\/OIn-r1QoTj_estopa-e1717497143885.jpg 600w\" sizes=\"(max-width: 640px) 100vw, 640px\" \/>\t\t\t\t\t\t\t\t\t\t\t\t\t\t\t<\/div>\n\t\t\t\t<\/div>\n\t\t\t\t\t<\/div>\n\t\t<\/div>\n\t\t\t\t\t<\/div>\n\t\t<\/section>\n\t\t\t\t<section class=\"elementor-section elementor-top-section elementor-element elementor-element-ca5ab2a elementor-section-boxed elementor-section-height-default elementor-section-height-default\" data-id=\"ca5ab2a\" data-element_type=\"section\" data-e-type=\"section\">\n\t\t\t\t\t\t<div class=\"elementor-container elementor-column-gap-default\">\n\t\t\t\t\t<div class=\"elementor-column elementor-col-100 elementor-top-column elementor-element elementor-element-7334fb2\" data-id=\"7334fb2\" data-element_type=\"column\" data-e-type=\"column\">\n\t\t\t<div class=\"elementor-widget-wrap elementor-element-populated\">\n\t\t\t\t\t\t<div class=\"elementor-element elementor-element-61a928d elementor-widget elementor-widget-text-editor\" data-id=\"61a928d\" data-element_type=\"widget\" data-e-type=\"widget\" data-widget_type=\"text-editor.default\">\n\t\t\t\t<div class=\"elementor-widget-container\">\n\t\t\t\t\t\t\t\t\t<p><span style=\"color: #808080;\">El <a style=\"color: #808080;\" href=\"https:\/\/unaymilletras.com\/en\/aitana-hace-historia-anunciando-su-concierto-en-el-santiago-bernabeu\/\">concierto<\/a> en el <a style=\"color: #808080;\" href=\"https:\/\/www.atleticodemadrid.com\/civitasmetropolitano\">C\u00edvitas Metropolitano<\/a> no solo ser\u00e1 una celebraci\u00f3n de su carrera, sino tambi\u00e9n una muestra de su evoluci\u00f3n musical. Los hermanos Mu\u00f1oz tocar\u00e1n una mezcla de sus grandes \u00e9xitos y nuevas canciones, ofreciendo un espect\u00e1culo lleno de energ\u00eda y emociones.<\/span><\/p><p>Estopa ha logrado conquistar el coraz\u00f3n de varias generaciones con su estilo \u00fanico que mezcla rumba, rock y flamenco. Con millones de discos vendidos y giras exitosas por Espa\u00f1a y Am\u00e9rica Latina, su m\u00fasica sigue siendo tan relevante como cuando comenzaron.<\/p><p>El evento contar\u00e1 con diversas comodidades para los asistentes, incluyendo puestos de comida y bebida para garantizar una experiencia completa. Las puertas del estadio abrir\u00e1n a las 18:00h y el concierto comenzar\u00e1 a las 21:00h, por lo que se recomienda llegar con tiempo para evitar aglomeraciones.<\/p>\t\t\t\t\t\t\t\t<\/div>\n\t\t\t\t<\/div>\n\t\t\t\t\t<\/div>\n\t\t<\/div>\n\t\t\t\t\t<\/div>\n\t\t<\/section>\n\t\t\t\t<\/div>","protected":false},"excerpt":{"rendered":"<p>El d\u00fao catal\u00e1n, Estopa, celebrar\u00e1 25 a\u00f1os de carrera musical con un concierto en Madrid el 22 de junio de 2024 El C\u00edvitas Metropolitano ser\u00e1 el escenario del primer concierto de la gira conmemorativa del vig\u00e9simo quinto aniversario de Estopa. El ic\u00f3nico d\u00fao de rumba catalana, formado por los hermanos David y Jos\u00e9 Manuel Mu\u00f1oz, [&hellip;]<\/p>\n","protected":false},"author":1,"featured_media":2691,"comment_status":"open","ping_status":"open","sticky":false,"template":"","format":"standard","meta":{"footnotes":""},"categories":[119,4],"tags":[],"class_list":["post-2686","post","type-post","status-publish","format-standard","has-post-thumbnail","hentry","category-eventos","category-musica"],"yoast_head":"<!-- This site is optimized with the Yoast SEO plugin v27.4 - https:\/\/yoast.com\/product\/yoast-seo-wordpress\/ -->\n<title>Estopa encender\u00e1 el C\u00edvitas Metropolitano el 22 de junio<\/title>\n<meta name=\"description\" content=\"El ic\u00f3nico d\u00fao, Estopa actuar\u00e1 en Madrid para celebrar sus 25 a\u00f1os de carrera musical el pr\u00f3ximo 22 de junio\" \/>\n<meta name=\"robots\" content=\"index, follow, max-snippet:-1, max-image-preview:large, max-video-preview:-1\" \/>\n<link rel=\"canonical\" href=\"https:\/\/unaymilletras.com\/en\/estopa-encendera-el-civitas-metropolitano-el-22-de-junio\/\" \/>\n<meta property=\"og:locale\" content=\"en_GB\" \/>\n<meta property=\"og:type\" content=\"article\" \/>\n<meta property=\"og:title\" content=\"Estopa encender\u00e1 el C\u00edvitas Metropolitano el 22 de junio\" \/>\n<meta property=\"og:description\" content=\"El ic\u00f3nico d\u00fao, Estopa actuar\u00e1 en Madrid para celebrar sus 25 a\u00f1os de carrera musical el pr\u00f3ximo 22 de junio\" \/>\n<meta property=\"og:url\" content=\"https:\/\/unaymilletras.com\/en\/estopa-encendera-el-civitas-metropolitano-el-22-de-junio\/\" \/>\n<meta property=\"og:site_name\" content=\"Una y Mil Letras\" \/>\n<meta property=\"article:published_time\" content=\"2024-06-04T10:38:00+00:00\" \/>\n<meta property=\"article:modified_time\" content=\"2024-06-04T10:49:19+00:00\" \/>\n<meta property=\"og:image\" content=\"http:\/\/unaymilletras.com\/wp-content\/uploads\/2024\/06\/OIn-r1QoTj_estopa-e1717497143885.jpg\" \/>\n\t<meta property=\"og:image:width\" content=\"600\" \/>\n\t<meta property=\"og:image:height\" content=\"348\" \/>\n\t<meta property=\"og:image:type\" content=\"image\/jpeg\" \/>\n<meta name=\"author\" content=\"Maria Gil Robledo\" \/>\n<meta name=\"twitter:card\" content=\"summary_large_image\" \/>\n<meta name=\"twitter:creator\" content=\"@UnaYMilLetras\" \/>\n<meta name=\"twitter:site\" content=\"@UnaYMilLetras\" \/>\n<meta name=\"twitter:label1\" content=\"Written by\" \/>\n\t<meta name=\"twitter:data1\" content=\"Maria Gil Robledo\" \/>\n\t<meta name=\"twitter:label2\" content=\"Estimated reading time\" \/>\n\t<meta name=\"twitter:data2\" content=\"2 minutes\" \/>\n<script type=\"application\/ld+json\" class=\"yoast-schema-graph\">{\"@context\":\"https:\\\/\\\/schema.org\",\"@graph\":[{\"@type\":\"Article\",\"@id\":\"https:\\\/\\\/unaymilletras.com\\\/estopa-encendera-el-civitas-metropolitano-el-22-de-junio\\\/#article\",\"isPartOf\":{\"@id\":\"https:\\\/\\\/unaymilletras.com\\\/estopa-encendera-el-civitas-metropolitano-el-22-de-junio\\\/\"},\"author\":{\"name\":\"Maria Gil Robledo\",\"@id\":\"http:\\\/\\\/unaymilletras.com\\\/#\\\/schema\\\/person\\\/d55ba681b8a4e463d8982dbe36a5dc94\"},\"headline\":\"Estopa encender\u00e1 el C\u00edvitas Metropolitano el 22 de junio\",\"datePublished\":\"2024-06-04T10:38:00+00:00\",\"dateModified\":\"2024-06-04T10:49:19+00:00\",\"mainEntityOfPage\":{\"@id\":\"https:\\\/\\\/unaymilletras.com\\\/estopa-encendera-el-civitas-metropolitano-el-22-de-junio\\\/\"},\"wordCount\":255,\"commentCount\":0,\"publisher\":{\"@id\":\"http:\\\/\\\/unaymilletras.com\\\/#organization\"},\"image\":{\"@id\":\"https:\\\/\\\/unaymilletras.com\\\/estopa-encendera-el-civitas-metropolitano-el-22-de-junio\\\/#primaryimage\"},\"thumbnailUrl\":\"https:\\\/\\\/unaymilletras.com\\\/wp-content\\\/uploads\\\/2024\\\/06\\\/OIn-r1QoTj_estopa-e1717497143885.jpg\",\"articleSection\":[\"Eventos\",\"M\u00fasica\"],\"inLanguage\":\"en-GB\",\"potentialAction\":[{\"@type\":\"CommentAction\",\"name\":\"Comment\",\"target\":[\"https:\\\/\\\/unaymilletras.com\\\/estopa-encendera-el-civitas-metropolitano-el-22-de-junio\\\/#respond\"]}]},{\"@type\":\"WebPage\",\"@id\":\"https:\\\/\\\/unaymilletras.com\\\/estopa-encendera-el-civitas-metropolitano-el-22-de-junio\\\/\",\"url\":\"https:\\\/\\\/unaymilletras.com\\\/estopa-encendera-el-civitas-metropolitano-el-22-de-junio\\\/\",\"name\":\"Estopa encender\u00e1 el C\u00edvitas Metropolitano el 22 de junio\",\"isPartOf\":{\"@id\":\"http:\\\/\\\/unaymilletras.com\\\/#website\"},\"primaryImageOfPage\":{\"@id\":\"https:\\\/\\\/unaymilletras.com\\\/estopa-encendera-el-civitas-metropolitano-el-22-de-junio\\\/#primaryimage\"},\"image\":{\"@id\":\"https:\\\/\\\/unaymilletras.com\\\/estopa-encendera-el-civitas-metropolitano-el-22-de-junio\\\/#primaryimage\"},\"thumbnailUrl\":\"https:\\\/\\\/unaymilletras.com\\\/wp-content\\\/uploads\\\/2024\\\/06\\\/OIn-r1QoTj_estopa-e1717497143885.jpg\",\"datePublished\":\"2024-06-04T10:38:00+00:00\",\"dateModified\":\"2024-06-04T10:49:19+00:00\",\"description\":\"El ic\u00f3nico d\u00fao, Estopa actuar\u00e1 en Madrid para celebrar sus 25 a\u00f1os de carrera musical el pr\u00f3ximo 22 de junio\",\"breadcrumb\":{\"@id\":\"https:\\\/\\\/unaymilletras.com\\\/estopa-encendera-el-civitas-metropolitano-el-22-de-junio\\\/#breadcrumb\"},\"inLanguage\":\"en-GB\",\"potentialAction\":[{\"@type\":\"ReadAction\",\"target\":[\"https:\\\/\\\/unaymilletras.com\\\/estopa-encendera-el-civitas-metropolitano-el-22-de-junio\\\/\"]}]},{\"@type\":\"ImageObject\",\"inLanguage\":\"en-GB\",\"@id\":\"https:\\\/\\\/unaymilletras.com\\\/estopa-encendera-el-civitas-metropolitano-el-22-de-junio\\\/#primaryimage\",\"url\":\"https:\\\/\\\/unaymilletras.com\\\/wp-content\\\/uploads\\\/2024\\\/06\\\/OIn-r1QoTj_estopa-e1717497143885.jpg\",\"contentUrl\":\"https:\\\/\\\/unaymilletras.com\\\/wp-content\\\/uploads\\\/2024\\\/06\\\/OIn-r1QoTj_estopa-e1717497143885.jpg\",\"width\":600,\"height\":348,\"caption\":\"Estopa\"},{\"@type\":\"BreadcrumbList\",\"@id\":\"https:\\\/\\\/unaymilletras.com\\\/estopa-encendera-el-civitas-metropolitano-el-22-de-junio\\\/#breadcrumb\",\"itemListElement\":[{\"@type\":\"ListItem\",\"position\":1,\"name\":\"Home\",\"item\":\"http:\\\/\\\/unaymilletras.com\\\/\"},{\"@type\":\"ListItem\",\"position\":2,\"name\":\"Estopa encender\u00e1 el C\u00edvitas Metropolitano el 22 de junio\"}]},{\"@type\":\"WebSite\",\"@id\":\"http:\\\/\\\/unaymilletras.com\\\/#website\",\"url\":\"http:\\\/\\\/unaymilletras.com\\\/\",\"name\":\"Una y Mil Letras\",\"description\":\"\",\"publisher\":{\"@id\":\"http:\\\/\\\/unaymilletras.com\\\/#organization\"},\"potentialAction\":[{\"@type\":\"SearchAction\",\"target\":{\"@type\":\"EntryPoint\",\"urlTemplate\":\"http:\\\/\\\/unaymilletras.com\\\/?s={search_term_string}\"},\"query-input\":{\"@type\":\"PropertyValueSpecification\",\"valueRequired\":true,\"valueName\":\"search_term_string\"}}],\"inLanguage\":\"en-GB\"},{\"@type\":\"Organization\",\"@id\":\"http:\\\/\\\/unaymilletras.com\\\/#organization\",\"name\":\"Una y Mil Letras\",\"url\":\"http:\\\/\\\/unaymilletras.com\\\/\",\"logo\":{\"@type\":\"ImageObject\",\"inLanguage\":\"en-GB\",\"@id\":\"http:\\\/\\\/unaymilletras.com\\\/#\\\/schema\\\/logo\\\/image\\\/\",\"url\":\"https:\\\/\\\/unaymilletras.com\\\/wp-content\\\/uploads\\\/2024\\\/06\\\/cropped-Logo-removebg-preview.png\",\"contentUrl\":\"https:\\\/\\\/unaymilletras.com\\\/wp-content\\\/uploads\\\/2024\\\/06\\\/cropped-Logo-removebg-preview.png\",\"width\":512,\"height\":512,\"caption\":\"Una y Mil Letras\"},\"image\":{\"@id\":\"http:\\\/\\\/unaymilletras.com\\\/#\\\/schema\\\/logo\\\/image\\\/\"},\"sameAs\":[\"https:\\\/\\\/x.com\\\/UnaYMilLetras\",\"https:\\\/\\\/instagram.com\\\/UnaYMilLetras\"]},{\"@type\":\"Person\",\"@id\":\"http:\\\/\\\/unaymilletras.com\\\/#\\\/schema\\\/person\\\/d55ba681b8a4e463d8982dbe36a5dc94\",\"name\":\"Maria Gil Robledo\",\"image\":{\"@type\":\"ImageObject\",\"inLanguage\":\"en-GB\",\"@id\":\"https:\\\/\\\/secure.gravatar.com\\\/avatar\\\/4b8e5102e0015789407eb4870b12f0f2857952d83ca124058f92b764bd1840c3?s=96&d=mm&r=g\",\"url\":\"https:\\\/\\\/secure.gravatar.com\\\/avatar\\\/4b8e5102e0015789407eb4870b12f0f2857952d83ca124058f92b764bd1840c3?s=96&d=mm&r=g\",\"contentUrl\":\"https:\\\/\\\/secure.gravatar.com\\\/avatar\\\/4b8e5102e0015789407eb4870b12f0f2857952d83ca124058f92b764bd1840c3?s=96&d=mm&r=g\",\"caption\":\"Maria Gil Robledo\"},\"sameAs\":[\"http:\\\/\\\/unaymilletras.com\"],\"url\":\"https:\\\/\\\/unaymilletras.com\\\/en\\\/author\\\/mariiagiil02_\\\/\"}]}<\/script>\n<!-- \/ Yoast SEO plugin. -->","yoast_head_json":{"title":"Estopa encender\u00e1 el C\u00edvitas Metropolitano el 22 de junio","description":"El ic\u00f3nico d\u00fao, Estopa actuar\u00e1 en Madrid para celebrar sus 25 a\u00f1os de carrera musical el pr\u00f3ximo 22 de junio","robots":{"index":"index","follow":"follow","max-snippet":"max-snippet:-1","max-image-preview":"max-image-preview:large","max-video-preview":"max-video-preview:-1"},"canonical":"https:\/\/unaymilletras.com\/en\/estopa-encendera-el-civitas-metropolitano-el-22-de-junio\/","og_locale":"en_GB","og_type":"article","og_title":"Estopa encender\u00e1 el C\u00edvitas Metropolitano el 22 de junio","og_description":"El ic\u00f3nico d\u00fao, Estopa actuar\u00e1 en Madrid para celebrar sus 25 a\u00f1os de carrera musical el pr\u00f3ximo 22 de junio","og_url":"https:\/\/unaymilletras.com\/en\/estopa-encendera-el-civitas-metropolitano-el-22-de-junio\/","og_site_name":"Una y Mil Letras","article_published_time":"2024-06-04T10:38:00+00:00","article_modified_time":"2024-06-04T10:49:19+00:00","og_image":[{"width":600,"height":348,"url":"http:\/\/unaymilletras.com\/wp-content\/uploads\/2024\/06\/OIn-r1QoTj_estopa-e1717497143885.jpg","type":"image\/jpeg"}],"author":"Maria Gil Robledo","twitter_card":"summary_large_image","twitter_creator":"@UnaYMilLetras","twitter_site":"@UnaYMilLetras","twitter_misc":{"Written by":"Maria Gil Robledo","Estimated reading time":"2 minutes"},"schema":{"@context":"https:\/\/schema.org","@graph":[{"@type":"Article","@id":"https:\/\/unaymilletras.com\/estopa-encendera-el-civitas-metropolitano-el-22-de-junio\/#article","isPartOf":{"@id":"https:\/\/unaymilletras.com\/estopa-encendera-el-civitas-metropolitano-el-22-de-junio\/"},"author":{"name":"Maria Gil Robledo","@id":"http:\/\/unaymilletras.com\/#\/schema\/person\/d55ba681b8a4e463d8982dbe36a5dc94"},"headline":"Estopa encender\u00e1 el C\u00edvitas Metropolitano el 22 de junio","datePublished":"2024-06-04T10:38:00+00:00","dateModified":"2024-06-04T10:49:19+00:00","mainEntityOfPage":{"@id":"https:\/\/unaymilletras.com\/estopa-encendera-el-civitas-metropolitano-el-22-de-junio\/"},"wordCount":255,"commentCount":0,"publisher":{"@id":"http:\/\/unaymilletras.com\/#organization"},"image":{"@id":"https:\/\/unaymilletras.com\/estopa-encendera-el-civitas-metropolitano-el-22-de-junio\/#primaryimage"},"thumbnailUrl":"https:\/\/unaymilletras.com\/wp-content\/uploads\/2024\/06\/OIn-r1QoTj_estopa-e1717497143885.jpg","articleSection":["Eventos","M\u00fasica"],"inLanguage":"en-GB","potentialAction":[{"@type":"CommentAction","name":"Comment","target":["https:\/\/unaymilletras.com\/estopa-encendera-el-civitas-metropolitano-el-22-de-junio\/#respond"]}]},{"@type":"WebPage","@id":"https:\/\/unaymilletras.com\/estopa-encendera-el-civitas-metropolitano-el-22-de-junio\/","url":"https:\/\/unaymilletras.com\/estopa-encendera-el-civitas-metropolitano-el-22-de-junio\/","name":"Estopa encender\u00e1 el C\u00edvitas Metropolitano el 22 de junio","isPartOf":{"@id":"http:\/\/unaymilletras.com\/#website"},"primaryImageOfPage":{"@id":"https:\/\/unaymilletras.com\/estopa-encendera-el-civitas-metropolitano-el-22-de-junio\/#primaryimage"},"image":{"@id":"https:\/\/unaymilletras.com\/estopa-encendera-el-civitas-metropolitano-el-22-de-junio\/#primaryimage"},"thumbnailUrl":"https:\/\/unaymilletras.com\/wp-content\/uploads\/2024\/06\/OIn-r1QoTj_estopa-e1717497143885.jpg","datePublished":"2024-06-04T10:38:00+00:00","dateModified":"2024-06-04T10:49:19+00:00","description":"El ic\u00f3nico d\u00fao, Estopa actuar\u00e1 en Madrid para celebrar sus 25 a\u00f1os de carrera musical el pr\u00f3ximo 22 de junio","breadcrumb":{"@id":"https:\/\/unaymilletras.com\/estopa-encendera-el-civitas-metropolitano-el-22-de-junio\/#breadcrumb"},"inLanguage":"en-GB","potentialAction":[{"@type":"ReadAction","target":["https:\/\/unaymilletras.com\/estopa-encendera-el-civitas-metropolitano-el-22-de-junio\/"]}]},{"@type":"ImageObject","inLanguage":"en-GB","@id":"https:\/\/unaymilletras.com\/estopa-encendera-el-civitas-metropolitano-el-22-de-junio\/#primaryimage","url":"https:\/\/unaymilletras.com\/wp-content\/uploads\/2024\/06\/OIn-r1QoTj_estopa-e1717497143885.jpg","contentUrl":"https:\/\/unaymilletras.com\/wp-content\/uploads\/2024\/06\/OIn-r1QoTj_estopa-e1717497143885.jpg","width":600,"height":348,"caption":"Estopa"},{"@type":"BreadcrumbList","@id":"https:\/\/unaymilletras.com\/estopa-encendera-el-civitas-metropolitano-el-22-de-junio\/#breadcrumb","itemListElement":[{"@type":"ListItem","position":1,"name":"Home","item":"http:\/\/unaymilletras.com\/"},{"@type":"ListItem","position":2,"name":"Estopa encender\u00e1 el C\u00edvitas Metropolitano el 22 de junio"}]},{"@type":"WebSite","@id":"http:\/\/unaymilletras.com\/#website","url":"http:\/\/unaymilletras.com\/","name":"Una y Mil Letras","description":"","publisher":{"@id":"http:\/\/unaymilletras.com\/#organization"},"potentialAction":[{"@type":"SearchAction","target":{"@type":"EntryPoint","urlTemplate":"http:\/\/unaymilletras.com\/?s={search_term_string}"},"query-input":{"@type":"PropertyValueSpecification","valueRequired":true,"valueName":"search_term_string"}}],"inLanguage":"en-GB"},{"@type":"Organization","@id":"http:\/\/unaymilletras.com\/#organization","name":"Una y Mil Letras","url":"http:\/\/unaymilletras.com\/","logo":{"@type":"ImageObject","inLanguage":"en-GB","@id":"http:\/\/unaymilletras.com\/#\/schema\/logo\/image\/","url":"https:\/\/unaymilletras.com\/wp-content\/uploads\/2024\/06\/cropped-Logo-removebg-preview.png","contentUrl":"https:\/\/unaymilletras.com\/wp-content\/uploads\/2024\/06\/cropped-Logo-removebg-preview.png","width":512,"height":512,"caption":"Una y Mil Letras"},"image":{"@id":"http:\/\/unaymilletras.com\/#\/schema\/logo\/image\/"},"sameAs":["https:\/\/x.com\/UnaYMilLetras","https:\/\/instagram.com\/UnaYMilLetras"]},{"@type":"Person","@id":"http:\/\/unaymilletras.com\/#\/schema\/person\/d55ba681b8a4e463d8982dbe36a5dc94","name":"Maria Gil Robledo","image":{"@type":"ImageObject","inLanguage":"en-GB","@id":"https:\/\/secure.gravatar.com\/avatar\/4b8e5102e0015789407eb4870b12f0f2857952d83ca124058f92b764bd1840c3?s=96&d=mm&r=g","url":"https:\/\/secure.gravatar.com\/avatar\/4b8e5102e0015789407eb4870b12f0f2857952d83ca124058f92b764bd1840c3?s=96&d=mm&r=g","contentUrl":"https:\/\/secure.gravatar.com\/avatar\/4b8e5102e0015789407eb4870b12f0f2857952d83ca124058f92b764bd1840c3?s=96&d=mm&r=g","caption":"Maria Gil Robledo"},"sameAs":["http:\/\/unaymilletras.com"],"url":"https:\/\/unaymilletras.com\/en\/author\/mariiagiil02_\/"}]}},"_links":{"self":[{"href":"https:\/\/unaymilletras.com\/en\/wp-json\/wp\/v2\/posts\/2686","targetHints":{"allow":["GET"]}}],"collection":[{"href":"https:\/\/unaymilletras.com\/en\/wp-json\/wp\/v2\/posts"}],"about":[{"href":"https:\/\/unaymilletras.com\/en\/wp-json\/wp\/v2\/types\/post"}],"author":[{"embeddable":true,"href":"https:\/\/unaymilletras.com\/en\/wp-json\/wp\/v2\/users\/1"}],"replies":[{"embeddable":true,"href":"https:\/\/unaymilletras.com\/en\/wp-json\/wp\/v2\/comments?post=2686"}],"version-history":[{"count":10,"href":"https:\/\/unaymilletras.com\/en\/wp-json\/wp\/v2\/posts\/2686\/revisions"}],"predecessor-version":[{"id":2697,"href":"https:\/\/unaymilletras.com\/en\/wp-json\/wp\/v2\/posts\/2686\/revisions\/2697"}],"wp:featuredmedia":[{"embeddable":true,"href":"https:\/\/unaymilletras.com\/en\/wp-json\/wp\/v2\/media\/2691"}],"wp:attachment":[{"href":"https:\/\/unaymilletras.com\/en\/wp-json\/wp\/v2\/media?parent=2686"}],"wp:term":[{"taxonomy":"category","embeddable":true,"href":"https:\/\/unaymilletras.com\/en\/wp-json\/wp\/v2\/categories?post=2686"},{"taxonomy":"post_tag","embeddable":true,"href":"https:\/\/unaymilletras.com\/en\/wp-json\/wp\/v2\/tags?post=2686"}],"curies":[{"name":"wp","href":"https:\/\/api.w.org\/{rel}","templated":true}]}}