{"id":272,"date":"2023-03-04T15:17:09","date_gmt":"2023-03-04T15:17:09","guid":{"rendered":"https:\/\/unaymilletras.wordpress.com\/?p=272"},"modified":"2023-05-06T14:08:29","modified_gmt":"2023-05-06T14:08:29","slug":"aitana-anuncia-su-nuevo-disco-alpha","status":"publish","type":"post","link":"https:\/\/unaymilletras.com\/en\/aitana-anuncia-su-nuevo-disco-alpha\/","title":{"rendered":"Aitana anuncia su nuevo disco: Alpha"},"content":{"rendered":"<p class=\"has-text-align-center has-large-font-size\"><em>Despu\u00e9s de varios d\u00edas de intriga, Aitana publica el trailer de Alpha, su pr\u00f3ximo disco<\/em><\/p>\n\n\n\n<p class=\"has-text-align-justify has-small-font-size\">Ayer por la ma\u00f1ana <strong><a href=\"https:\/\/open.spotify.com\/artist\/7eLcDZDYHXZCebtQmVFL25?si=FCIqzVhJQve6epxIDsnPSA\">Aitana<\/a><\/strong> cambi\u00f3 su foto de perfil a una que mostraba la letra griega alpha. Esto hizo saltar todas las alarmas de sus fans, que r\u00e1pidamente llenaron las redes sociales con teor\u00edas sobre qu\u00e9 pod\u00eda ser y las ganas que ten\u00edan de descubrirlo. <\/p>\n\n\n\n<div class=\"wp-block-media-text alignwide is-stacked-on-mobile\" style=\"grid-template-columns:39% auto\"><figure class=\"wp-block-media-text__media\"><img fetchpriority=\"high\" decoding=\"async\" width=\"400\" height=\"374\" src=\"http:\/\/unaymilletras.com\/wp-content\/uploads\/2023\/03\/captura-de-pantalla-2023-03-04-a-las-14.21.59-e1677936155701.png\" alt=\"Aitana Alpha\" class=\"wp-image-283 size-full\" srcset=\"https:\/\/unaymilletras.com\/wp-content\/uploads\/2023\/03\/captura-de-pantalla-2023-03-04-a-las-14.21.59-e1677936155701.png 400w, https:\/\/unaymilletras.com\/wp-content\/uploads\/2023\/03\/captura-de-pantalla-2023-03-04-a-las-14.21.59-e1677936155701-300x281.png 300w\" sizes=\"(max-width: 400px) 100vw, 400px\" \/><\/figure><div class=\"wp-block-media-text__content\">\n<p class=\"has-text-align-justify has-small-font-size\">Pero lo que la gente en un principio no vio es que la primera pista que nos dio sobre este nuevo lanzamiento fue a finales de enero. En esta foto publicada por <strong><a href=\"https:\/\/www.instagram.com\/reel\/CnrDNTHBhTE\/?utm_source=ig_web_copy_link\">OMG LaLiga<\/a><\/strong> para anunciar la actuaci\u00f3n de Aitana en el festival que organizan ya se pod\u00eda ver el s\u00edmbolo a la derecha, dibujado en la pared. <\/p>\n<\/div><\/div>\n\n\n\n<p class=\"has-small-font-size\">Asimismo, el 2 de marzo ya dijo algo con respecto al nombre del \u00e1lbum y es que era Alpha y no Alfa, como muchos dijeron en cuanto la artista se puso su nueva foto de perfil. Ayer, ya empez\u00f3 a dar m\u00e1s pistas, entre ellas, cuando lo anunciar\u00eda en <a href=\"https:\/\/www.instagram.com\/aitanax\/\">Instagram<\/a>. <\/p>\n\n\n\n<figure class=\"wp-block-image size-large is-resized\"><img decoding=\"async\" src=\"http:\/\/unaymilletras.com\/wp-content\/uploads\/2023\/03\/captura-de-pantalla-2023-03-04-a-las-14.17.49.png?w=598\" alt=\"\" class=\"wp-image-281\" width=\"781\" height=\"393\" srcset=\"https:\/\/unaymilletras.com\/wp-content\/uploads\/2023\/03\/captura-de-pantalla-2023-03-04-a-las-14.17.49.png 598w, https:\/\/unaymilletras.com\/wp-content\/uploads\/2023\/03\/captura-de-pantalla-2023-03-04-a-las-14.17.49-300x151.png 300w\" sizes=\"(max-width: 781px) 100vw, 781px\" \/><\/figure>\n\n\n\n<figure class=\"wp-block-image size-large is-resized\"><img decoding=\"async\" src=\"http:\/\/unaymilletras.com\/wp-content\/uploads\/2023\/03\/captura-de-pantalla-2023-03-04-a-las-15.00.22.png?w=597\" alt=\"\" class=\"wp-image-287\" width=\"782\" height=\"258\" srcset=\"https:\/\/unaymilletras.com\/wp-content\/uploads\/2023\/03\/captura-de-pantalla-2023-03-04-a-las-15.00.22.png 597w, https:\/\/unaymilletras.com\/wp-content\/uploads\/2023\/03\/captura-de-pantalla-2023-03-04-a-las-15.00.22-300x99.png 300w\" sizes=\"(max-width: 782px) 100vw, 782px\" \/><\/figure>\n\n\n\n<p class=\"has-text-align-justify has-small-font-size\">No fue hasta esa misma noche cuando public\u00f3 tanto en su <a href=\"https:\/\/www.instagram.com\/reel\/CpV1iTAAd7V\/?utm_source=ig_web_copy_link\">Instagram<\/a> como en su <a href=\"https:\/\/www.tiktok.com\/@holaitana\/video\/7206434210402290986\">TikTok<\/a> y YouTube el v\u00eddeo de lo que esto significaba: <em><strong>Alpha<\/strong><\/em>, su nuevo \u00e1lbum.<\/p>\n\n\n\n<figure class=\"wp-block-embed is-type-video is-provider-youtube wp-block-embed-youtube wp-embed-aspect-16-9 wp-has-aspect-ratio\"><div class=\"wp-block-embed__wrapper\">\n<iframe title=\"Aitana - Alpha09\" width=\"640\" height=\"360\" src=\"https:\/\/www.youtube.com\/embed\/wGzzDS65oAs?feature=oembed\" frameborder=\"0\" allow=\"accelerometer; autoplay; clipboard-write; encrypted-media; gyroscope; picture-in-picture; web-share\" referrerpolicy=\"strict-origin-when-cross-origin\" allowfullscreen><\/iframe>\n<\/div><\/figure>\n\n\n\n<p class=\"has-text-align-justify has-small-font-size\">En este tr\u00e1iler se puede ver a una Aitana que camina por distintos lugares de una ciudad hasta que finalmente llega a un local en el que se puede ver el logo ne\u00f3n de la letra alpha. En el an\u00e1lisis que luego se hace de la silueta de artista se pueden ver coordenadas, el nombre de <strong>Los \u00c1ngeles<\/strong> y el anuncio de que <strong>2023<\/strong> ser\u00e1 el a\u00f1o en el que vea la luz este nuevo \u00e1lbum.<\/p>\n\n\n\n<p class=\"has-small-font-size\">Aitana ya hab\u00eda asegurado que este nuevo proyecto tendr\u00e1 un ritmo m\u00e1s electr\u00f3nico. Por su parte, en Twitter ha compartido que <strong>\u00abno es solo un \u00e1lbum\u00bb<\/strong>. \u00bfQu\u00e9 sorpresas se podr\u00e1n encontrar en \u00e9l?<\/p>","protected":false},"excerpt":{"rendered":"<p>Despu\u00e9s de varios d\u00edas de intriga, Aitana publica el trailer de Alpha, su pr\u00f3ximo disco Ayer por la ma\u00f1ana Aitana cambi\u00f3 su foto de perfil a una que mostraba la letra griega alpha. Esto hizo saltar todas las alarmas de sus fans, que r\u00e1pidamente llenaron las redes sociales con teor\u00edas sobre qu\u00e9 pod\u00eda ser y [&hellip;]<\/p>\n","protected":false},"author":1,"featured_media":276,"comment_status":"open","ping_status":"open","sticky":false,"template":"","format":"standard","meta":{"footnotes":""},"categories":[4],"tags":[],"class_list":["post-272","post","type-post","status-publish","format-standard","has-post-thumbnail","hentry","category-musica"],"yoast_head":"<!-- This site is optimized with the Yoast SEO plugin v27.4 - https:\/\/yoast.com\/product\/yoast-seo-wordpress\/ -->\n<title>Aitana anuncia su nuevo disco: Alpha &#8902; Una y Mil Letras<\/title>\n<meta name=\"robots\" content=\"index, follow, max-snippet:-1, max-image-preview:large, max-video-preview:-1\" \/>\n<link rel=\"canonical\" href=\"https:\/\/unaymilletras.com\/en\/aitana-anuncia-su-nuevo-disco-alpha\/\" \/>\n<meta property=\"og:locale\" content=\"en_GB\" \/>\n<meta property=\"og:type\" content=\"article\" \/>\n<meta property=\"og:title\" content=\"Aitana anuncia su nuevo disco: Alpha &#8902; Una y Mil Letras\" \/>\n<meta property=\"og:description\" content=\"Despu\u00e9s de varios d\u00edas de intriga, Aitana publica el trailer de Alpha, su pr\u00f3ximo disco Ayer por la ma\u00f1ana Aitana cambi\u00f3 su foto de perfil a una que mostraba la letra griega alpha. Esto hizo saltar todas las alarmas de sus fans, que r\u00e1pidamente llenaron las redes sociales con teor\u00edas sobre qu\u00e9 pod\u00eda ser y [&hellip;]\" \/>\n<meta property=\"og:url\" content=\"https:\/\/unaymilletras.com\/en\/aitana-anuncia-su-nuevo-disco-alpha\/\" \/>\n<meta property=\"og:site_name\" content=\"Una y Mil Letras\" \/>\n<meta property=\"article:published_time\" content=\"2023-03-04T15:17:09+00:00\" \/>\n<meta property=\"article:modified_time\" content=\"2023-05-06T14:08:29+00:00\" \/>\n<meta property=\"og:image\" content=\"https:\/\/unaymilletras.com\/wp-content\/uploads\/2023\/03\/aitana-alpha-696x392-1-e1677935565551.jpg\" \/>\n\t<meta property=\"og:image:width\" content=\"400\" \/>\n\t<meta property=\"og:image:height\" content=\"225\" \/>\n\t<meta property=\"og:image:type\" content=\"image\/jpeg\" \/>\n<meta name=\"author\" content=\"Maria Gil Robledo\" \/>\n<meta name=\"twitter:card\" content=\"summary_large_image\" \/>\n<meta name=\"twitter:creator\" content=\"@UnaYMilLetras\" \/>\n<meta name=\"twitter:site\" content=\"@UnaYMilLetras\" \/>\n<meta name=\"twitter:label1\" content=\"Written by\" \/>\n\t<meta name=\"twitter:data1\" content=\"Maria Gil Robledo\" \/>\n\t<meta name=\"twitter:label2\" content=\"Estimated reading time\" \/>\n\t<meta name=\"twitter:data2\" content=\"2 minutes\" \/>\n<script type=\"application\/ld+json\" class=\"yoast-schema-graph\">{\"@context\":\"https:\\\/\\\/schema.org\",\"@graph\":[{\"@type\":\"Article\",\"@id\":\"https:\\\/\\\/unaymilletras.com\\\/aitana-anuncia-su-nuevo-disco-alpha\\\/#article\",\"isPartOf\":{\"@id\":\"https:\\\/\\\/unaymilletras.com\\\/aitana-anuncia-su-nuevo-disco-alpha\\\/\"},\"author\":{\"name\":\"Maria Gil Robledo\",\"@id\":\"http:\\\/\\\/unaymilletras.com\\\/#\\\/schema\\\/person\\\/d55ba681b8a4e463d8982dbe36a5dc94\"},\"headline\":\"Aitana anuncia su nuevo disco: Alpha\",\"datePublished\":\"2023-03-04T15:17:09+00:00\",\"dateModified\":\"2023-05-06T14:08:29+00:00\",\"mainEntityOfPage\":{\"@id\":\"https:\\\/\\\/unaymilletras.com\\\/aitana-anuncia-su-nuevo-disco-alpha\\\/\"},\"wordCount\":338,\"commentCount\":0,\"publisher\":{\"@id\":\"http:\\\/\\\/unaymilletras.com\\\/#organization\"},\"image\":{\"@id\":\"https:\\\/\\\/unaymilletras.com\\\/aitana-anuncia-su-nuevo-disco-alpha\\\/#primaryimage\"},\"thumbnailUrl\":\"https:\\\/\\\/unaymilletras.com\\\/wp-content\\\/uploads\\\/2023\\\/03\\\/aitana-alpha-696x392-1-e1677935565551.jpg\",\"articleSection\":[\"M\u00fasica\"],\"inLanguage\":\"en-GB\",\"potentialAction\":[{\"@type\":\"CommentAction\",\"name\":\"Comment\",\"target\":[\"https:\\\/\\\/unaymilletras.com\\\/aitana-anuncia-su-nuevo-disco-alpha\\\/#respond\"]}]},{\"@type\":\"WebPage\",\"@id\":\"https:\\\/\\\/unaymilletras.com\\\/aitana-anuncia-su-nuevo-disco-alpha\\\/\",\"url\":\"https:\\\/\\\/unaymilletras.com\\\/aitana-anuncia-su-nuevo-disco-alpha\\\/\",\"name\":\"Aitana anuncia su nuevo disco: Alpha &#8902; Una y Mil Letras\",\"isPartOf\":{\"@id\":\"http:\\\/\\\/unaymilletras.com\\\/#website\"},\"primaryImageOfPage\":{\"@id\":\"https:\\\/\\\/unaymilletras.com\\\/aitana-anuncia-su-nuevo-disco-alpha\\\/#primaryimage\"},\"image\":{\"@id\":\"https:\\\/\\\/unaymilletras.com\\\/aitana-anuncia-su-nuevo-disco-alpha\\\/#primaryimage\"},\"thumbnailUrl\":\"https:\\\/\\\/unaymilletras.com\\\/wp-content\\\/uploads\\\/2023\\\/03\\\/aitana-alpha-696x392-1-e1677935565551.jpg\",\"datePublished\":\"2023-03-04T15:17:09+00:00\",\"dateModified\":\"2023-05-06T14:08:29+00:00\",\"breadcrumb\":{\"@id\":\"https:\\\/\\\/unaymilletras.com\\\/aitana-anuncia-su-nuevo-disco-alpha\\\/#breadcrumb\"},\"inLanguage\":\"en-GB\",\"potentialAction\":[{\"@type\":\"ReadAction\",\"target\":[\"https:\\\/\\\/unaymilletras.com\\\/aitana-anuncia-su-nuevo-disco-alpha\\\/\"]}]},{\"@type\":\"ImageObject\",\"inLanguage\":\"en-GB\",\"@id\":\"https:\\\/\\\/unaymilletras.com\\\/aitana-anuncia-su-nuevo-disco-alpha\\\/#primaryimage\",\"url\":\"https:\\\/\\\/unaymilletras.com\\\/wp-content\\\/uploads\\\/2023\\\/03\\\/aitana-alpha-696x392-1-e1677935565551.jpg\",\"contentUrl\":\"https:\\\/\\\/unaymilletras.com\\\/wp-content\\\/uploads\\\/2023\\\/03\\\/aitana-alpha-696x392-1-e1677935565551.jpg\",\"width\":400,\"height\":225,\"caption\":\"Aitana Alpha\"},{\"@type\":\"BreadcrumbList\",\"@id\":\"https:\\\/\\\/unaymilletras.com\\\/aitana-anuncia-su-nuevo-disco-alpha\\\/#breadcrumb\",\"itemListElement\":[{\"@type\":\"ListItem\",\"position\":1,\"name\":\"Home\",\"item\":\"http:\\\/\\\/unaymilletras.com\\\/\"},{\"@type\":\"ListItem\",\"position\":2,\"name\":\"Aitana anuncia su nuevo disco: Alpha\"}]},{\"@type\":\"WebSite\",\"@id\":\"http:\\\/\\\/unaymilletras.com\\\/#website\",\"url\":\"http:\\\/\\\/unaymilletras.com\\\/\",\"name\":\"Una y Mil Letras\",\"description\":\"\",\"publisher\":{\"@id\":\"http:\\\/\\\/unaymilletras.com\\\/#organization\"},\"potentialAction\":[{\"@type\":\"SearchAction\",\"target\":{\"@type\":\"EntryPoint\",\"urlTemplate\":\"http:\\\/\\\/unaymilletras.com\\\/?s={search_term_string}\"},\"query-input\":{\"@type\":\"PropertyValueSpecification\",\"valueRequired\":true,\"valueName\":\"search_term_string\"}}],\"inLanguage\":\"en-GB\"},{\"@type\":\"Organization\",\"@id\":\"http:\\\/\\\/unaymilletras.com\\\/#organization\",\"name\":\"Una y Mil Letras\",\"url\":\"http:\\\/\\\/unaymilletras.com\\\/\",\"logo\":{\"@type\":\"ImageObject\",\"inLanguage\":\"en-GB\",\"@id\":\"http:\\\/\\\/unaymilletras.com\\\/#\\\/schema\\\/logo\\\/image\\\/\",\"url\":\"https:\\\/\\\/unaymilletras.com\\\/wp-content\\\/uploads\\\/2024\\\/06\\\/cropped-Logo-removebg-preview.png\",\"contentUrl\":\"https:\\\/\\\/unaymilletras.com\\\/wp-content\\\/uploads\\\/2024\\\/06\\\/cropped-Logo-removebg-preview.png\",\"width\":512,\"height\":512,\"caption\":\"Una y Mil Letras\"},\"image\":{\"@id\":\"http:\\\/\\\/unaymilletras.com\\\/#\\\/schema\\\/logo\\\/image\\\/\"},\"sameAs\":[\"https:\\\/\\\/x.com\\\/UnaYMilLetras\",\"https:\\\/\\\/instagram.com\\\/UnaYMilLetras\"]},{\"@type\":\"Person\",\"@id\":\"http:\\\/\\\/unaymilletras.com\\\/#\\\/schema\\\/person\\\/d55ba681b8a4e463d8982dbe36a5dc94\",\"name\":\"Maria Gil Robledo\",\"image\":{\"@type\":\"ImageObject\",\"inLanguage\":\"en-GB\",\"@id\":\"https:\\\/\\\/secure.gravatar.com\\\/avatar\\\/4b8e5102e0015789407eb4870b12f0f2857952d83ca124058f92b764bd1840c3?s=96&d=mm&r=g\",\"url\":\"https:\\\/\\\/secure.gravatar.com\\\/avatar\\\/4b8e5102e0015789407eb4870b12f0f2857952d83ca124058f92b764bd1840c3?s=96&d=mm&r=g\",\"contentUrl\":\"https:\\\/\\\/secure.gravatar.com\\\/avatar\\\/4b8e5102e0015789407eb4870b12f0f2857952d83ca124058f92b764bd1840c3?s=96&d=mm&r=g\",\"caption\":\"Maria Gil Robledo\"},\"sameAs\":[\"http:\\\/\\\/unaymilletras.com\"],\"url\":\"https:\\\/\\\/unaymilletras.com\\\/en\\\/author\\\/mariiagiil02_\\\/\"}]}<\/script>\n<!-- \/ Yoast SEO plugin. -->","yoast_head_json":{"title":"Aitana anuncia su nuevo disco: Alpha &#8902; Una y Mil Letras","robots":{"index":"index","follow":"follow","max-snippet":"max-snippet:-1","max-image-preview":"max-image-preview:large","max-video-preview":"max-video-preview:-1"},"canonical":"https:\/\/unaymilletras.com\/en\/aitana-anuncia-su-nuevo-disco-alpha\/","og_locale":"en_GB","og_type":"article","og_title":"Aitana anuncia su nuevo disco: Alpha &#8902; Una y Mil Letras","og_description":"Despu\u00e9s de varios d\u00edas de intriga, Aitana publica el trailer de Alpha, su pr\u00f3ximo disco Ayer por la ma\u00f1ana Aitana cambi\u00f3 su foto de perfil a una que mostraba la letra griega alpha. Esto hizo saltar todas las alarmas de sus fans, que r\u00e1pidamente llenaron las redes sociales con teor\u00edas sobre qu\u00e9 pod\u00eda ser y [&hellip;]","og_url":"https:\/\/unaymilletras.com\/en\/aitana-anuncia-su-nuevo-disco-alpha\/","og_site_name":"Una y Mil Letras","article_published_time":"2023-03-04T15:17:09+00:00","article_modified_time":"2023-05-06T14:08:29+00:00","og_image":[{"width":400,"height":225,"url":"https:\/\/unaymilletras.com\/wp-content\/uploads\/2023\/03\/aitana-alpha-696x392-1-e1677935565551.jpg","type":"image\/jpeg"}],"author":"Maria Gil Robledo","twitter_card":"summary_large_image","twitter_creator":"@UnaYMilLetras","twitter_site":"@UnaYMilLetras","twitter_misc":{"Written by":"Maria Gil Robledo","Estimated reading time":"2 minutes"},"schema":{"@context":"https:\/\/schema.org","@graph":[{"@type":"Article","@id":"https:\/\/unaymilletras.com\/aitana-anuncia-su-nuevo-disco-alpha\/#article","isPartOf":{"@id":"https:\/\/unaymilletras.com\/aitana-anuncia-su-nuevo-disco-alpha\/"},"author":{"name":"Maria Gil Robledo","@id":"http:\/\/unaymilletras.com\/#\/schema\/person\/d55ba681b8a4e463d8982dbe36a5dc94"},"headline":"Aitana anuncia su nuevo disco: Alpha","datePublished":"2023-03-04T15:17:09+00:00","dateModified":"2023-05-06T14:08:29+00:00","mainEntityOfPage":{"@id":"https:\/\/unaymilletras.com\/aitana-anuncia-su-nuevo-disco-alpha\/"},"wordCount":338,"commentCount":0,"publisher":{"@id":"http:\/\/unaymilletras.com\/#organization"},"image":{"@id":"https:\/\/unaymilletras.com\/aitana-anuncia-su-nuevo-disco-alpha\/#primaryimage"},"thumbnailUrl":"https:\/\/unaymilletras.com\/wp-content\/uploads\/2023\/03\/aitana-alpha-696x392-1-e1677935565551.jpg","articleSection":["M\u00fasica"],"inLanguage":"en-GB","potentialAction":[{"@type":"CommentAction","name":"Comment","target":["https:\/\/unaymilletras.com\/aitana-anuncia-su-nuevo-disco-alpha\/#respond"]}]},{"@type":"WebPage","@id":"https:\/\/unaymilletras.com\/aitana-anuncia-su-nuevo-disco-alpha\/","url":"https:\/\/unaymilletras.com\/aitana-anuncia-su-nuevo-disco-alpha\/","name":"Aitana anuncia su nuevo disco: Alpha &#8902; Una y Mil Letras","isPartOf":{"@id":"http:\/\/unaymilletras.com\/#website"},"primaryImageOfPage":{"@id":"https:\/\/unaymilletras.com\/aitana-anuncia-su-nuevo-disco-alpha\/#primaryimage"},"image":{"@id":"https:\/\/unaymilletras.com\/aitana-anuncia-su-nuevo-disco-alpha\/#primaryimage"},"thumbnailUrl":"https:\/\/unaymilletras.com\/wp-content\/uploads\/2023\/03\/aitana-alpha-696x392-1-e1677935565551.jpg","datePublished":"2023-03-04T15:17:09+00:00","dateModified":"2023-05-06T14:08:29+00:00","breadcrumb":{"@id":"https:\/\/unaymilletras.com\/aitana-anuncia-su-nuevo-disco-alpha\/#breadcrumb"},"inLanguage":"en-GB","potentialAction":[{"@type":"ReadAction","target":["https:\/\/unaymilletras.com\/aitana-anuncia-su-nuevo-disco-alpha\/"]}]},{"@type":"ImageObject","inLanguage":"en-GB","@id":"https:\/\/unaymilletras.com\/aitana-anuncia-su-nuevo-disco-alpha\/#primaryimage","url":"https:\/\/unaymilletras.com\/wp-content\/uploads\/2023\/03\/aitana-alpha-696x392-1-e1677935565551.jpg","contentUrl":"https:\/\/unaymilletras.com\/wp-content\/uploads\/2023\/03\/aitana-alpha-696x392-1-e1677935565551.jpg","width":400,"height":225,"caption":"Aitana Alpha"},{"@type":"BreadcrumbList","@id":"https:\/\/unaymilletras.com\/aitana-anuncia-su-nuevo-disco-alpha\/#breadcrumb","itemListElement":[{"@type":"ListItem","position":1,"name":"Home","item":"http:\/\/unaymilletras.com\/"},{"@type":"ListItem","position":2,"name":"Aitana anuncia su nuevo disco: Alpha"}]},{"@type":"WebSite","@id":"http:\/\/unaymilletras.com\/#website","url":"http:\/\/unaymilletras.com\/","name":"Una y Mil Letras","description":"","publisher":{"@id":"http:\/\/unaymilletras.com\/#organization"},"potentialAction":[{"@type":"SearchAction","target":{"@type":"EntryPoint","urlTemplate":"http:\/\/unaymilletras.com\/?s={search_term_string}"},"query-input":{"@type":"PropertyValueSpecification","valueRequired":true,"valueName":"search_term_string"}}],"inLanguage":"en-GB"},{"@type":"Organization","@id":"http:\/\/unaymilletras.com\/#organization","name":"Una y Mil Letras","url":"http:\/\/unaymilletras.com\/","logo":{"@type":"ImageObject","inLanguage":"en-GB","@id":"http:\/\/unaymilletras.com\/#\/schema\/logo\/image\/","url":"https:\/\/unaymilletras.com\/wp-content\/uploads\/2024\/06\/cropped-Logo-removebg-preview.png","contentUrl":"https:\/\/unaymilletras.com\/wp-content\/uploads\/2024\/06\/cropped-Logo-removebg-preview.png","width":512,"height":512,"caption":"Una y Mil Letras"},"image":{"@id":"http:\/\/unaymilletras.com\/#\/schema\/logo\/image\/"},"sameAs":["https:\/\/x.com\/UnaYMilLetras","https:\/\/instagram.com\/UnaYMilLetras"]},{"@type":"Person","@id":"http:\/\/unaymilletras.com\/#\/schema\/person\/d55ba681b8a4e463d8982dbe36a5dc94","name":"Maria Gil Robledo","image":{"@type":"ImageObject","inLanguage":"en-GB","@id":"https:\/\/secure.gravatar.com\/avatar\/4b8e5102e0015789407eb4870b12f0f2857952d83ca124058f92b764bd1840c3?s=96&d=mm&r=g","url":"https:\/\/secure.gravatar.com\/avatar\/4b8e5102e0015789407eb4870b12f0f2857952d83ca124058f92b764bd1840c3?s=96&d=mm&r=g","contentUrl":"https:\/\/secure.gravatar.com\/avatar\/4b8e5102e0015789407eb4870b12f0f2857952d83ca124058f92b764bd1840c3?s=96&d=mm&r=g","caption":"Maria Gil Robledo"},"sameAs":["http:\/\/unaymilletras.com"],"url":"https:\/\/unaymilletras.com\/en\/author\/mariiagiil02_\/"}]}},"_links":{"self":[{"href":"https:\/\/unaymilletras.com\/en\/wp-json\/wp\/v2\/posts\/272","targetHints":{"allow":["GET"]}}],"collection":[{"href":"https:\/\/unaymilletras.com\/en\/wp-json\/wp\/v2\/posts"}],"about":[{"href":"https:\/\/unaymilletras.com\/en\/wp-json\/wp\/v2\/types\/post"}],"author":[{"embeddable":true,"href":"https:\/\/unaymilletras.com\/en\/wp-json\/wp\/v2\/users\/1"}],"replies":[{"embeddable":true,"href":"https:\/\/unaymilletras.com\/en\/wp-json\/wp\/v2\/comments?post=272"}],"version-history":[{"count":1,"href":"https:\/\/unaymilletras.com\/en\/wp-json\/wp\/v2\/posts\/272\/revisions"}],"predecessor-version":[{"id":551,"href":"https:\/\/unaymilletras.com\/en\/wp-json\/wp\/v2\/posts\/272\/revisions\/551"}],"wp:featuredmedia":[{"embeddable":true,"href":"https:\/\/unaymilletras.com\/en\/wp-json\/wp\/v2\/media\/276"}],"wp:attachment":[{"href":"https:\/\/unaymilletras.com\/en\/wp-json\/wp\/v2\/media?parent=272"}],"wp:term":[{"taxonomy":"category","embeddable":true,"href":"https:\/\/unaymilletras.com\/en\/wp-json\/wp\/v2\/categories?post=272"},{"taxonomy":"post_tag","embeddable":true,"href":"https:\/\/unaymilletras.com\/en\/wp-json\/wp\/v2\/tags?post=272"}],"curies":[{"name":"wp","href":"https:\/\/api.w.org\/{rel}","templated":true}]}}