{"id":2729,"date":"2024-06-12T13:06:57","date_gmt":"2024-06-12T11:06:57","guid":{"rendered":"https:\/\/unaymilletras.com\/?p=2729"},"modified":"2024-08-21T18:12:21","modified_gmt":"2024-08-21T16:12:21","slug":"ralxx-me-x-losoho-revolucionan-el-flamenco-con-berlin","status":"publish","type":"post","link":"https:\/\/unaymilletras.com\/en\/ralxx-me-x-losoho-revolucionan-el-flamenco-con-berlin\/","title":{"rendered":"Ralxx.me x Losoho revolucionan el flamenco con  \u00abBerl\u00edn\u00bb"},"content":{"rendered":"<div data-elementor-type=\"wp-post\" data-elementor-id=\"2729\" class=\"elementor elementor-2729\">\n\t\t\t\t\t\t<section class=\"elementor-section elementor-top-section elementor-element elementor-element-25e7b72 elementor-section-boxed elementor-section-height-default elementor-section-height-default\" data-id=\"25e7b72\" data-element_type=\"section\" data-e-type=\"section\">\n\t\t\t\t\t\t<div class=\"elementor-container elementor-column-gap-default\">\n\t\t\t\t\t<div class=\"elementor-column elementor-col-100 elementor-top-column elementor-element elementor-element-a494586\" data-id=\"a494586\" data-element_type=\"column\" data-e-type=\"column\">\n\t\t\t<div class=\"elementor-widget-wrap elementor-element-populated\">\n\t\t\t\t\t\t<div class=\"elementor-element elementor-element-3068966 elementor-widget elementor-widget-text-editor\" data-id=\"3068966\" data-element_type=\"widget\" data-e-type=\"widget\" data-widget_type=\"text-editor.default\">\n\t\t\t\t<div class=\"elementor-widget-container\">\n\t\t\t\t\t\t\t\t\t<h2 style=\"text-align: center;\"><span style=\"color: #808080;\"><em>El Drum&#8217;n&#8217;Bass se convierte en un nuevo palo flamenco con el primer adelanto del nuevo EP de Ralxx.me x Losoho<\/em><\/span><\/h2>\t\t\t\t\t\t\t\t<\/div>\n\t\t\t\t<\/div>\n\t\t\t\t\t<\/div>\n\t\t<\/div>\n\t\t\t\t\t<\/div>\n\t\t<\/section>\n\t\t\t\t<section class=\"elementor-section elementor-top-section elementor-element elementor-element-fa9a9a1 elementor-section-boxed elementor-section-height-default elementor-section-height-default\" data-id=\"fa9a9a1\" data-element_type=\"section\" data-e-type=\"section\">\n\t\t\t\t\t\t<div class=\"elementor-container elementor-column-gap-default\">\n\t\t\t\t\t<div class=\"elementor-column elementor-col-100 elementor-top-column elementor-element elementor-element-f5b650d\" data-id=\"f5b650d\" data-element_type=\"column\" data-e-type=\"column\">\n\t\t\t<div class=\"elementor-widget-wrap elementor-element-populated\">\n\t\t\t\t\t\t<div class=\"elementor-element elementor-element-9d921ef elementor-widget elementor-widget-text-editor\" data-id=\"9d921ef\" data-element_type=\"widget\" data-e-type=\"widget\" data-widget_type=\"text-editor.default\">\n\t\t\t\t<div class=\"elementor-widget-container\">\n\t\t\t\t\t\t\t\t\t<p>El d\u00fao andaluz <b>Ralxx.me x Losoho<\/b> ha lanzado <b><i>Berl\u00edn<\/i><\/b>, una innovadora fusi\u00f3n de drum&#8217;n&#8217;bass y flamenco. Esta canci\u00f3n es el primer adelanto de su pr\u00f3ximo EP, que ver\u00e1 la luz en los pr\u00f3ximos meses.<\/p><p><span style=\"color: #808080;\"><i><a style=\"color: #808080;\" href=\"https:\/\/open.spotify.com\/intl-es\/album\/3DT3VGu1oUL1egKtEJycPv?si=b671ae0d53ba4bf0\">Berl\u00edn<\/a><\/i>\u00a0combina la pasi\u00f3n del cante jondo con la est\u00e9tica fr\u00eda de la m\u00fasica de club germana. Con un pie en un tablao flamenco futurista y otro en una discoteca de drum&#8217;n&#8217;bass y jungle de los suburbios alemanes, el tema refleja la dualidad de estas influencias.<\/span><\/p>\t\t\t\t\t\t\t\t<\/div>\n\t\t\t\t<\/div>\n\t\t\t\t\t<\/div>\n\t\t<\/div>\n\t\t\t\t\t<\/div>\n\t\t<\/section>\n\t\t\t\t<section class=\"elementor-section elementor-top-section elementor-element elementor-element-6ec554f elementor-section-boxed elementor-section-height-default elementor-section-height-default\" data-id=\"6ec554f\" data-element_type=\"section\" data-e-type=\"section\">\n\t\t\t\t\t\t<div class=\"elementor-container elementor-column-gap-default\">\n\t\t\t\t\t<div class=\"elementor-column elementor-col-100 elementor-top-column elementor-element elementor-element-9c9d50d\" data-id=\"9c9d50d\" data-element_type=\"column\" data-e-type=\"column\">\n\t\t\t<div class=\"elementor-widget-wrap elementor-element-populated\">\n\t\t\t\t\t\t<div class=\"elementor-element elementor-element-5b53237 elementor-widget elementor-widget-image\" data-id=\"5b53237\" data-element_type=\"widget\" data-e-type=\"widget\" data-widget_type=\"image.default\">\n\t\t\t\t<div class=\"elementor-widget-container\">\n\t\t\t\t\t\t\t\t\t\t\t\t\t\t\t<img fetchpriority=\"high\" decoding=\"async\" width=\"640\" height=\"427\" src=\"https:\/\/unaymilletras.com\/wp-content\/uploads\/2024\/06\/Ralxx_losoho_angelbernabeu_foto_02-1024x683.jpg\" class=\"attachment-large size-large wp-image-2731\" alt=\"Ralxx.me x Losoho\" srcset=\"https:\/\/unaymilletras.com\/wp-content\/uploads\/2024\/06\/Ralxx_losoho_angelbernabeu_foto_02-1024x683.jpg 1024w, https:\/\/unaymilletras.com\/wp-content\/uploads\/2024\/06\/Ralxx_losoho_angelbernabeu_foto_02-300x200.jpg 300w, https:\/\/unaymilletras.com\/wp-content\/uploads\/2024\/06\/Ralxx_losoho_angelbernabeu_foto_02-768x512.jpg 768w, https:\/\/unaymilletras.com\/wp-content\/uploads\/2024\/06\/Ralxx_losoho_angelbernabeu_foto_02-1536x1024.jpg 1536w, https:\/\/unaymilletras.com\/wp-content\/uploads\/2024\/06\/Ralxx_losoho_angelbernabeu_foto_02-2048x1365.jpg 2048w, https:\/\/unaymilletras.com\/wp-content\/uploads\/2024\/06\/Ralxx_losoho_angelbernabeu_foto_02-scaled-e1718190506105.jpg 600w\" sizes=\"(max-width: 640px) 100vw, 640px\" \/>\t\t\t\t\t\t\t\t\t\t\t\t\t\t\t<\/div>\n\t\t\t\t<\/div>\n\t\t\t\t\t<\/div>\n\t\t<\/div>\n\t\t\t\t\t<\/div>\n\t\t<\/section>\n\t\t\t\t<section class=\"elementor-section elementor-top-section elementor-element elementor-element-0df567f elementor-section-boxed elementor-section-height-default elementor-section-height-default\" data-id=\"0df567f\" data-element_type=\"section\" data-e-type=\"section\">\n\t\t\t\t\t\t<div class=\"elementor-container elementor-column-gap-default\">\n\t\t\t\t\t<div class=\"elementor-column elementor-col-100 elementor-top-column elementor-element elementor-element-9246009\" data-id=\"9246009\" data-element_type=\"column\" data-e-type=\"column\">\n\t\t\t<div class=\"elementor-widget-wrap elementor-element-populated\">\n\t\t\t\t\t\t<div class=\"elementor-element elementor-element-6281ef1 elementor-widget elementor-widget-text-editor\" data-id=\"6281ef1\" data-element_type=\"widget\" data-e-type=\"widget\" data-widget_type=\"text-editor.default\">\n\t\t\t\t<div class=\"elementor-widget-container\">\n\t\t\t\t\t\t\t\t\t<p><span style=\"color: #808080;\">El proyecto busca alumbrar un nuevo palo <a style=\"color: #808080;\" href=\"https:\/\/unaymilletras.com\/en\/la-gala-iconica-del-flamenco-noche-magica-en-la-santalucia-universal-week\/\">flamenco<\/a> que resonar\u00e1 tanto en los after hours m\u00e1s vibrantes como en los circuitos de world music. La fusi\u00f3n de estilos incluye influencias del jazz y m\u00fasicas vanguardistas, junto con la pulsi\u00f3n r\u00edtmica caracter\u00edstica de las producciones de Ralxx.me.<\/span><\/p><p>El tema viene acompa\u00f1ado de un videoclip que proyecta la dualidad en la que viven muchos j\u00f3venes que emigran en busca de un futuro profesional mejor. Ralxx.me x Losoho definen <i>Berl\u00edn<\/i>\u00a0como una canci\u00f3n sobre el exilio de los j\u00f3venes. La letra narra la historia de un joven en Berl\u00edn, cansado de la vida nocturna, que llama a su expareja lamentando su decisi\u00f3n de irse al extranjero.<\/p><p>El ritmo de drum&#8217;n&#8217;bass simboliza el agobio y la ansiedad de vivir en un pa\u00eds fr\u00edo y acelerado. Los sintetizadores granulados evocan la lluvia y el viento de los pa\u00edses del norte. Los coros con vocoder aportan profundidad a la voz desgarrada, completando una obra que une la tradici\u00f3n flamenca con la modernidad del drum&#8217;n&#8217;bass.<\/p>\t\t\t\t\t\t\t\t<\/div>\n\t\t\t\t<\/div>\n\t\t\t\t\t<\/div>\n\t\t<\/div>\n\t\t\t\t\t<\/div>\n\t\t<\/section>\n\t\t\t\t<\/div>","protected":false},"excerpt":{"rendered":"<p>El Drum&#8217;n&#8217;Bass se convierte en un nuevo palo flamenco con el primer adelanto del nuevo EP de Ralxx.me x Losoho El d\u00fao andaluz Ralxx.me x Losoho ha lanzado Berl\u00edn, una innovadora fusi\u00f3n de drum&#8217;n&#8217;bass y flamenco. Esta canci\u00f3n es el primer adelanto de su pr\u00f3ximo EP, que ver\u00e1 la luz en los pr\u00f3ximos meses. Berl\u00edn\u00a0combina [&hellip;]<\/p>\n","protected":false},"author":6,"featured_media":2731,"comment_status":"open","ping_status":"open","sticky":false,"template":"","format":"standard","meta":{"footnotes":""},"categories":[1],"tags":[],"class_list":["post-2729","post","type-post","status-publish","format-standard","has-post-thumbnail","hentry","category-uncategorized"],"yoast_head":"<!-- This site is optimized with the Yoast SEO plugin v27.4 - https:\/\/yoast.com\/product\/yoast-seo-wordpress\/ -->\n<title>Ralxx.me x Losoho revolucionan el flamenco con &quot;Berl\u00edn&quot;<\/title>\n<meta name=\"description\" content=\"El Drum&#039;n&#039;Bass se convierte en un nuevo palo flamenco con el primer adelanto del nuevo EP de Ralxx.me x Losoho\" \/>\n<meta name=\"robots\" content=\"index, follow, max-snippet:-1, max-image-preview:large, max-video-preview:-1\" \/>\n<link rel=\"canonical\" href=\"https:\/\/unaymilletras.com\/en\/ralxx-me-x-losoho-revolucionan-el-flamenco-con-berlin\/\" \/>\n<meta property=\"og:locale\" content=\"en_GB\" \/>\n<meta property=\"og:type\" content=\"article\" \/>\n<meta property=\"og:title\" content=\"Ralxx.me x Losoho revolucionan el flamenco con &quot;Berl\u00edn&quot;\" \/>\n<meta property=\"og:description\" content=\"El Drum&#039;n&#039;Bass se convierte en un nuevo palo flamenco con el primer adelanto del nuevo EP de Ralxx.me x Losoho\" \/>\n<meta property=\"og:url\" content=\"https:\/\/unaymilletras.com\/en\/ralxx-me-x-losoho-revolucionan-el-flamenco-con-berlin\/\" \/>\n<meta property=\"og:site_name\" content=\"Una y Mil Letras\" \/>\n<meta property=\"article:published_time\" content=\"2024-06-12T11:06:57+00:00\" \/>\n<meta property=\"article:modified_time\" content=\"2024-08-21T16:12:21+00:00\" \/>\n<meta property=\"og:image\" content=\"http:\/\/unaymilletras.com\/wp-content\/uploads\/2024\/06\/Ralxx_losoho_angelbernabeu_foto_02-scaled-e1718190506105.jpg\" \/>\n\t<meta property=\"og:image:width\" content=\"600\" \/>\n\t<meta property=\"og:image:height\" content=\"400\" \/>\n\t<meta property=\"og:image:type\" content=\"image\/jpeg\" \/>\n<meta name=\"author\" content=\"Redacci\u00f3n\" \/>\n<meta name=\"twitter:card\" content=\"summary_large_image\" \/>\n<meta name=\"twitter:creator\" content=\"@UnaYMilLetras\" \/>\n<meta name=\"twitter:site\" content=\"@UnaYMilLetras\" \/>\n<meta name=\"twitter:label1\" content=\"Written by\" \/>\n\t<meta name=\"twitter:data1\" content=\"Redacci\u00f3n\" \/>\n\t<meta name=\"twitter:label2\" content=\"Estimated reading time\" \/>\n\t<meta name=\"twitter:data2\" content=\"2 minutes\" \/>\n<script type=\"application\/ld+json\" class=\"yoast-schema-graph\">{\"@context\":\"https:\\\/\\\/schema.org\",\"@graph\":[{\"@type\":\"Article\",\"@id\":\"https:\\\/\\\/unaymilletras.com\\\/ralxx-me-x-losoho-revolucionan-el-flamenco-con-berlin\\\/#article\",\"isPartOf\":{\"@id\":\"https:\\\/\\\/unaymilletras.com\\\/ralxx-me-x-losoho-revolucionan-el-flamenco-con-berlin\\\/\"},\"author\":{\"name\":\"Redacci\u00f3n\",\"@id\":\"http:\\\/\\\/unaymilletras.com\\\/#\\\/schema\\\/person\\\/0860dc8a218329991ee2c7591f4f849d\"},\"headline\":\"Ralxx.me x Losoho revolucionan el flamenco con \u00abBerl\u00edn\u00bb\",\"datePublished\":\"2024-06-12T11:06:57+00:00\",\"dateModified\":\"2024-08-21T16:12:21+00:00\",\"mainEntityOfPage\":{\"@id\":\"https:\\\/\\\/unaymilletras.com\\\/ralxx-me-x-losoho-revolucionan-el-flamenco-con-berlin\\\/\"},\"wordCount\":320,\"commentCount\":0,\"publisher\":{\"@id\":\"http:\\\/\\\/unaymilletras.com\\\/#organization\"},\"image\":{\"@id\":\"https:\\\/\\\/unaymilletras.com\\\/ralxx-me-x-losoho-revolucionan-el-flamenco-con-berlin\\\/#primaryimage\"},\"thumbnailUrl\":\"https:\\\/\\\/unaymilletras.com\\\/wp-content\\\/uploads\\\/2024\\\/06\\\/Ralxx_losoho_angelbernabeu_foto_02-scaled-e1718190506105.jpg\",\"articleSection\":[\"Uncategorized\"],\"inLanguage\":\"en-GB\",\"potentialAction\":[{\"@type\":\"CommentAction\",\"name\":\"Comment\",\"target\":[\"https:\\\/\\\/unaymilletras.com\\\/ralxx-me-x-losoho-revolucionan-el-flamenco-con-berlin\\\/#respond\"]}]},{\"@type\":\"WebPage\",\"@id\":\"https:\\\/\\\/unaymilletras.com\\\/ralxx-me-x-losoho-revolucionan-el-flamenco-con-berlin\\\/\",\"url\":\"https:\\\/\\\/unaymilletras.com\\\/ralxx-me-x-losoho-revolucionan-el-flamenco-con-berlin\\\/\",\"name\":\"Ralxx.me x Losoho revolucionan el flamenco con \\\"Berl\u00edn\\\"\",\"isPartOf\":{\"@id\":\"http:\\\/\\\/unaymilletras.com\\\/#website\"},\"primaryImageOfPage\":{\"@id\":\"https:\\\/\\\/unaymilletras.com\\\/ralxx-me-x-losoho-revolucionan-el-flamenco-con-berlin\\\/#primaryimage\"},\"image\":{\"@id\":\"https:\\\/\\\/unaymilletras.com\\\/ralxx-me-x-losoho-revolucionan-el-flamenco-con-berlin\\\/#primaryimage\"},\"thumbnailUrl\":\"https:\\\/\\\/unaymilletras.com\\\/wp-content\\\/uploads\\\/2024\\\/06\\\/Ralxx_losoho_angelbernabeu_foto_02-scaled-e1718190506105.jpg\",\"datePublished\":\"2024-06-12T11:06:57+00:00\",\"dateModified\":\"2024-08-21T16:12:21+00:00\",\"description\":\"El Drum'n'Bass se convierte en un nuevo palo flamenco con el primer adelanto del nuevo EP de Ralxx.me x Losoho\",\"breadcrumb\":{\"@id\":\"https:\\\/\\\/unaymilletras.com\\\/ralxx-me-x-losoho-revolucionan-el-flamenco-con-berlin\\\/#breadcrumb\"},\"inLanguage\":\"en-GB\",\"potentialAction\":[{\"@type\":\"ReadAction\",\"target\":[\"https:\\\/\\\/unaymilletras.com\\\/ralxx-me-x-losoho-revolucionan-el-flamenco-con-berlin\\\/\"]}]},{\"@type\":\"ImageObject\",\"inLanguage\":\"en-GB\",\"@id\":\"https:\\\/\\\/unaymilletras.com\\\/ralxx-me-x-losoho-revolucionan-el-flamenco-con-berlin\\\/#primaryimage\",\"url\":\"https:\\\/\\\/unaymilletras.com\\\/wp-content\\\/uploads\\\/2024\\\/06\\\/Ralxx_losoho_angelbernabeu_foto_02-scaled-e1718190506105.jpg\",\"contentUrl\":\"https:\\\/\\\/unaymilletras.com\\\/wp-content\\\/uploads\\\/2024\\\/06\\\/Ralxx_losoho_angelbernabeu_foto_02-scaled-e1718190506105.jpg\",\"width\":600,\"height\":400,\"caption\":\"Ralxx.me x Losoho\"},{\"@type\":\"BreadcrumbList\",\"@id\":\"https:\\\/\\\/unaymilletras.com\\\/ralxx-me-x-losoho-revolucionan-el-flamenco-con-berlin\\\/#breadcrumb\",\"itemListElement\":[{\"@type\":\"ListItem\",\"position\":1,\"name\":\"Home\",\"item\":\"http:\\\/\\\/unaymilletras.com\\\/\"},{\"@type\":\"ListItem\",\"position\":2,\"name\":\"Ralxx.me x Losoho revolucionan el flamenco con \u00abBerl\u00edn\u00bb\"}]},{\"@type\":\"WebSite\",\"@id\":\"http:\\\/\\\/unaymilletras.com\\\/#website\",\"url\":\"http:\\\/\\\/unaymilletras.com\\\/\",\"name\":\"Una y Mil Letras\",\"description\":\"\",\"publisher\":{\"@id\":\"http:\\\/\\\/unaymilletras.com\\\/#organization\"},\"potentialAction\":[{\"@type\":\"SearchAction\",\"target\":{\"@type\":\"EntryPoint\",\"urlTemplate\":\"http:\\\/\\\/unaymilletras.com\\\/?s={search_term_string}\"},\"query-input\":{\"@type\":\"PropertyValueSpecification\",\"valueRequired\":true,\"valueName\":\"search_term_string\"}}],\"inLanguage\":\"en-GB\"},{\"@type\":\"Organization\",\"@id\":\"http:\\\/\\\/unaymilletras.com\\\/#organization\",\"name\":\"Una y Mil Letras\",\"url\":\"http:\\\/\\\/unaymilletras.com\\\/\",\"logo\":{\"@type\":\"ImageObject\",\"inLanguage\":\"en-GB\",\"@id\":\"http:\\\/\\\/unaymilletras.com\\\/#\\\/schema\\\/logo\\\/image\\\/\",\"url\":\"https:\\\/\\\/unaymilletras.com\\\/wp-content\\\/uploads\\\/2024\\\/06\\\/cropped-Logo-removebg-preview.png\",\"contentUrl\":\"https:\\\/\\\/unaymilletras.com\\\/wp-content\\\/uploads\\\/2024\\\/06\\\/cropped-Logo-removebg-preview.png\",\"width\":512,\"height\":512,\"caption\":\"Una y Mil Letras\"},\"image\":{\"@id\":\"http:\\\/\\\/unaymilletras.com\\\/#\\\/schema\\\/logo\\\/image\\\/\"},\"sameAs\":[\"https:\\\/\\\/x.com\\\/UnaYMilLetras\",\"https:\\\/\\\/instagram.com\\\/UnaYMilLetras\"]},{\"@type\":\"Person\",\"@id\":\"http:\\\/\\\/unaymilletras.com\\\/#\\\/schema\\\/person\\\/0860dc8a218329991ee2c7591f4f849d\",\"name\":\"Redacci\u00f3n\",\"image\":{\"@type\":\"ImageObject\",\"inLanguage\":\"en-GB\",\"@id\":\"https:\\\/\\\/secure.gravatar.com\\\/avatar\\\/d8f55e05a8b6597e45c55a1dcbdbfe44f4a360d88b48e00de5216a79b7732796?s=96&d=mm&r=g\",\"url\":\"https:\\\/\\\/secure.gravatar.com\\\/avatar\\\/d8f55e05a8b6597e45c55a1dcbdbfe44f4a360d88b48e00de5216a79b7732796?s=96&d=mm&r=g\",\"contentUrl\":\"https:\\\/\\\/secure.gravatar.com\\\/avatar\\\/d8f55e05a8b6597e45c55a1dcbdbfe44f4a360d88b48e00de5216a79b7732796?s=96&d=mm&r=g\",\"caption\":\"Redacci\u00f3n\"},\"url\":\"https:\\\/\\\/unaymilletras.com\\\/en\\\/author\\\/redaccion\\\/\"}]}<\/script>\n<!-- \/ Yoast SEO plugin. -->","yoast_head_json":{"title":"Ralxx.me x Losoho revolucionan el flamenco con \"Berl\u00edn\"","description":"El Drum'n'Bass se convierte en un nuevo palo flamenco con el primer adelanto del nuevo EP de Ralxx.me x Losoho","robots":{"index":"index","follow":"follow","max-snippet":"max-snippet:-1","max-image-preview":"max-image-preview:large","max-video-preview":"max-video-preview:-1"},"canonical":"https:\/\/unaymilletras.com\/en\/ralxx-me-x-losoho-revolucionan-el-flamenco-con-berlin\/","og_locale":"en_GB","og_type":"article","og_title":"Ralxx.me x Losoho revolucionan el flamenco con \"Berl\u00edn\"","og_description":"El Drum'n'Bass se convierte en un nuevo palo flamenco con el primer adelanto del nuevo EP de Ralxx.me x Losoho","og_url":"https:\/\/unaymilletras.com\/en\/ralxx-me-x-losoho-revolucionan-el-flamenco-con-berlin\/","og_site_name":"Una y Mil Letras","article_published_time":"2024-06-12T11:06:57+00:00","article_modified_time":"2024-08-21T16:12:21+00:00","og_image":[{"width":600,"height":400,"url":"http:\/\/unaymilletras.com\/wp-content\/uploads\/2024\/06\/Ralxx_losoho_angelbernabeu_foto_02-scaled-e1718190506105.jpg","type":"image\/jpeg"}],"author":"Redacci\u00f3n","twitter_card":"summary_large_image","twitter_creator":"@UnaYMilLetras","twitter_site":"@UnaYMilLetras","twitter_misc":{"Written by":"Redacci\u00f3n","Estimated reading time":"2 minutes"},"schema":{"@context":"https:\/\/schema.org","@graph":[{"@type":"Article","@id":"https:\/\/unaymilletras.com\/ralxx-me-x-losoho-revolucionan-el-flamenco-con-berlin\/#article","isPartOf":{"@id":"https:\/\/unaymilletras.com\/ralxx-me-x-losoho-revolucionan-el-flamenco-con-berlin\/"},"author":{"name":"Redacci\u00f3n","@id":"http:\/\/unaymilletras.com\/#\/schema\/person\/0860dc8a218329991ee2c7591f4f849d"},"headline":"Ralxx.me x Losoho revolucionan el flamenco con \u00abBerl\u00edn\u00bb","datePublished":"2024-06-12T11:06:57+00:00","dateModified":"2024-08-21T16:12:21+00:00","mainEntityOfPage":{"@id":"https:\/\/unaymilletras.com\/ralxx-me-x-losoho-revolucionan-el-flamenco-con-berlin\/"},"wordCount":320,"commentCount":0,"publisher":{"@id":"http:\/\/unaymilletras.com\/#organization"},"image":{"@id":"https:\/\/unaymilletras.com\/ralxx-me-x-losoho-revolucionan-el-flamenco-con-berlin\/#primaryimage"},"thumbnailUrl":"https:\/\/unaymilletras.com\/wp-content\/uploads\/2024\/06\/Ralxx_losoho_angelbernabeu_foto_02-scaled-e1718190506105.jpg","articleSection":["Uncategorized"],"inLanguage":"en-GB","potentialAction":[{"@type":"CommentAction","name":"Comment","target":["https:\/\/unaymilletras.com\/ralxx-me-x-losoho-revolucionan-el-flamenco-con-berlin\/#respond"]}]},{"@type":"WebPage","@id":"https:\/\/unaymilletras.com\/ralxx-me-x-losoho-revolucionan-el-flamenco-con-berlin\/","url":"https:\/\/unaymilletras.com\/ralxx-me-x-losoho-revolucionan-el-flamenco-con-berlin\/","name":"Ralxx.me x Losoho revolucionan el flamenco con \"Berl\u00edn\"","isPartOf":{"@id":"http:\/\/unaymilletras.com\/#website"},"primaryImageOfPage":{"@id":"https:\/\/unaymilletras.com\/ralxx-me-x-losoho-revolucionan-el-flamenco-con-berlin\/#primaryimage"},"image":{"@id":"https:\/\/unaymilletras.com\/ralxx-me-x-losoho-revolucionan-el-flamenco-con-berlin\/#primaryimage"},"thumbnailUrl":"https:\/\/unaymilletras.com\/wp-content\/uploads\/2024\/06\/Ralxx_losoho_angelbernabeu_foto_02-scaled-e1718190506105.jpg","datePublished":"2024-06-12T11:06:57+00:00","dateModified":"2024-08-21T16:12:21+00:00","description":"El Drum'n'Bass se convierte en un nuevo palo flamenco con el primer adelanto del nuevo EP de Ralxx.me x Losoho","breadcrumb":{"@id":"https:\/\/unaymilletras.com\/ralxx-me-x-losoho-revolucionan-el-flamenco-con-berlin\/#breadcrumb"},"inLanguage":"en-GB","potentialAction":[{"@type":"ReadAction","target":["https:\/\/unaymilletras.com\/ralxx-me-x-losoho-revolucionan-el-flamenco-con-berlin\/"]}]},{"@type":"ImageObject","inLanguage":"en-GB","@id":"https:\/\/unaymilletras.com\/ralxx-me-x-losoho-revolucionan-el-flamenco-con-berlin\/#primaryimage","url":"https:\/\/unaymilletras.com\/wp-content\/uploads\/2024\/06\/Ralxx_losoho_angelbernabeu_foto_02-scaled-e1718190506105.jpg","contentUrl":"https:\/\/unaymilletras.com\/wp-content\/uploads\/2024\/06\/Ralxx_losoho_angelbernabeu_foto_02-scaled-e1718190506105.jpg","width":600,"height":400,"caption":"Ralxx.me x Losoho"},{"@type":"BreadcrumbList","@id":"https:\/\/unaymilletras.com\/ralxx-me-x-losoho-revolucionan-el-flamenco-con-berlin\/#breadcrumb","itemListElement":[{"@type":"ListItem","position":1,"name":"Home","item":"http:\/\/unaymilletras.com\/"},{"@type":"ListItem","position":2,"name":"Ralxx.me x Losoho revolucionan el flamenco con \u00abBerl\u00edn\u00bb"}]},{"@type":"WebSite","@id":"http:\/\/unaymilletras.com\/#website","url":"http:\/\/unaymilletras.com\/","name":"Una y Mil Letras","description":"","publisher":{"@id":"http:\/\/unaymilletras.com\/#organization"},"potentialAction":[{"@type":"SearchAction","target":{"@type":"EntryPoint","urlTemplate":"http:\/\/unaymilletras.com\/?s={search_term_string}"},"query-input":{"@type":"PropertyValueSpecification","valueRequired":true,"valueName":"search_term_string"}}],"inLanguage":"en-GB"},{"@type":"Organization","@id":"http:\/\/unaymilletras.com\/#organization","name":"Una y Mil Letras","url":"http:\/\/unaymilletras.com\/","logo":{"@type":"ImageObject","inLanguage":"en-GB","@id":"http:\/\/unaymilletras.com\/#\/schema\/logo\/image\/","url":"https:\/\/unaymilletras.com\/wp-content\/uploads\/2024\/06\/cropped-Logo-removebg-preview.png","contentUrl":"https:\/\/unaymilletras.com\/wp-content\/uploads\/2024\/06\/cropped-Logo-removebg-preview.png","width":512,"height":512,"caption":"Una y Mil Letras"},"image":{"@id":"http:\/\/unaymilletras.com\/#\/schema\/logo\/image\/"},"sameAs":["https:\/\/x.com\/UnaYMilLetras","https:\/\/instagram.com\/UnaYMilLetras"]},{"@type":"Person","@id":"http:\/\/unaymilletras.com\/#\/schema\/person\/0860dc8a218329991ee2c7591f4f849d","name":"Redacci\u00f3n","image":{"@type":"ImageObject","inLanguage":"en-GB","@id":"https:\/\/secure.gravatar.com\/avatar\/d8f55e05a8b6597e45c55a1dcbdbfe44f4a360d88b48e00de5216a79b7732796?s=96&d=mm&r=g","url":"https:\/\/secure.gravatar.com\/avatar\/d8f55e05a8b6597e45c55a1dcbdbfe44f4a360d88b48e00de5216a79b7732796?s=96&d=mm&r=g","contentUrl":"https:\/\/secure.gravatar.com\/avatar\/d8f55e05a8b6597e45c55a1dcbdbfe44f4a360d88b48e00de5216a79b7732796?s=96&d=mm&r=g","caption":"Redacci\u00f3n"},"url":"https:\/\/unaymilletras.com\/en\/author\/redaccion\/"}]}},"_links":{"self":[{"href":"https:\/\/unaymilletras.com\/en\/wp-json\/wp\/v2\/posts\/2729","targetHints":{"allow":["GET"]}}],"collection":[{"href":"https:\/\/unaymilletras.com\/en\/wp-json\/wp\/v2\/posts"}],"about":[{"href":"https:\/\/unaymilletras.com\/en\/wp-json\/wp\/v2\/types\/post"}],"author":[{"embeddable":true,"href":"https:\/\/unaymilletras.com\/en\/wp-json\/wp\/v2\/users\/6"}],"replies":[{"embeddable":true,"href":"https:\/\/unaymilletras.com\/en\/wp-json\/wp\/v2\/comments?post=2729"}],"version-history":[{"count":4,"href":"https:\/\/unaymilletras.com\/en\/wp-json\/wp\/v2\/posts\/2729\/revisions"}],"predecessor-version":[{"id":2734,"href":"https:\/\/unaymilletras.com\/en\/wp-json\/wp\/v2\/posts\/2729\/revisions\/2734"}],"wp:featuredmedia":[{"embeddable":true,"href":"https:\/\/unaymilletras.com\/en\/wp-json\/wp\/v2\/media\/2731"}],"wp:attachment":[{"href":"https:\/\/unaymilletras.com\/en\/wp-json\/wp\/v2\/media?parent=2729"}],"wp:term":[{"taxonomy":"category","embeddable":true,"href":"https:\/\/unaymilletras.com\/en\/wp-json\/wp\/v2\/categories?post=2729"},{"taxonomy":"post_tag","embeddable":true,"href":"https:\/\/unaymilletras.com\/en\/wp-json\/wp\/v2\/tags?post=2729"}],"curies":[{"name":"wp","href":"https:\/\/api.w.org\/{rel}","templated":true}]}}