{"id":2735,"date":"2024-06-12T18:08:37","date_gmt":"2024-06-12T16:08:37","guid":{"rendered":"https:\/\/unaymilletras.com\/?p=2735"},"modified":"2024-06-12T18:31:57","modified_gmt":"2024-06-12T16:31:57","slug":"duki-ilumina-el-bernabeu-en-una-noche-historica","status":"publish","type":"post","link":"https:\/\/unaymilletras.com\/en\/duki-ilumina-el-bernabeu-en-una-noche-historica\/","title":{"rendered":"Duki ilumina el Bernab\u00e9u en una noche hist\u00f3rica"},"content":{"rendered":"<div data-elementor-type=\"wp-post\" data-elementor-id=\"2735\" class=\"elementor elementor-2735\">\n\t\t\t\t\t\t<section class=\"elementor-section elementor-top-section elementor-element elementor-element-ffdb9f4 elementor-section-boxed elementor-section-height-default elementor-section-height-default\" data-id=\"ffdb9f4\" data-element_type=\"section\" data-e-type=\"section\">\n\t\t\t\t\t\t<div class=\"elementor-container elementor-column-gap-default\">\n\t\t\t\t\t<div class=\"elementor-column elementor-col-100 elementor-top-column elementor-element elementor-element-3988150\" data-id=\"3988150\" data-element_type=\"column\" data-e-type=\"column\">\n\t\t\t<div class=\"elementor-widget-wrap elementor-element-populated\">\n\t\t\t\t\t\t<div class=\"elementor-element elementor-element-9002203 elementor-widget elementor-widget-text-editor\" data-id=\"9002203\" data-element_type=\"widget\" data-e-type=\"widget\" data-widget_type=\"text-editor.default\">\n\t\t\t\t<div class=\"elementor-widget-container\">\n\t\t\t\t\t\t\t\t\t<h2 style=\"text-align: center;\"><span style=\"color: #808080;\"><em>El referente argentino, Duki, conquista a m\u00e1s de 65.000 personas en un show \u00fanico y lleno de invitados<\/em><\/span><\/h2>\t\t\t\t\t\t\t\t<\/div>\n\t\t\t\t<\/div>\n\t\t\t\t\t<\/div>\n\t\t<\/div>\n\t\t\t\t\t<\/div>\n\t\t<\/section>\n\t\t\t\t<section class=\"elementor-section elementor-top-section elementor-element elementor-element-c2db3de elementor-section-boxed elementor-section-height-default elementor-section-height-default\" data-id=\"c2db3de\" data-element_type=\"section\" data-e-type=\"section\">\n\t\t\t\t\t\t<div class=\"elementor-container elementor-column-gap-default\">\n\t\t\t\t\t<div class=\"elementor-column elementor-col-100 elementor-top-column elementor-element elementor-element-cd3ef83\" data-id=\"cd3ef83\" data-element_type=\"column\" data-e-type=\"column\">\n\t\t\t<div class=\"elementor-widget-wrap elementor-element-populated\">\n\t\t\t\t\t\t<div class=\"elementor-element elementor-element-e03d8de elementor-widget elementor-widget-text-editor\" data-id=\"e03d8de\" data-element_type=\"widget\" data-e-type=\"widget\" data-widget_type=\"text-editor.default\">\n\t\t\t\t<div class=\"elementor-widget-container\">\n\t\t\t\t\t\t\t\t\t<p>A las 21:30 comenzaba la intro de una noche que quedar\u00e1 en el recuerdo de 65.000 personas. Duki empezaba su noche hist\u00f3rica con unos visualizers de su \u00faltimo \u00e1lbum para dar paso a la melod\u00eda de una de sus canciones m\u00e1s ic\u00f3nicas y que los fans reconocieron a la perfecci\u00f3n: <em>Rockstar<\/em>.<\/p>\t\t\t\t\t\t\t\t<\/div>\n\t\t\t\t<\/div>\n\t\t\t\t\t<\/div>\n\t\t<\/div>\n\t\t\t\t\t<\/div>\n\t\t<\/section>\n\t\t\t\t<section class=\"elementor-section elementor-top-section elementor-element elementor-element-89d75b9 elementor-section-boxed elementor-section-height-default elementor-section-height-default\" data-id=\"89d75b9\" data-element_type=\"section\" data-e-type=\"section\">\n\t\t\t\t\t\t<div class=\"elementor-container elementor-column-gap-default\">\n\t\t\t\t\t<div class=\"elementor-column elementor-col-100 elementor-top-column elementor-element elementor-element-dc04c1a\" data-id=\"dc04c1a\" data-element_type=\"column\" data-e-type=\"column\">\n\t\t\t<div class=\"elementor-widget-wrap elementor-element-populated\">\n\t\t\t\t\t\t<div class=\"elementor-element elementor-element-0ed5b72 elementor-widget elementor-widget-image\" data-id=\"0ed5b72\" data-element_type=\"widget\" data-e-type=\"widget\" data-widget_type=\"image.default\">\n\t\t\t\t<div class=\"elementor-widget-container\">\n\t\t\t\t\t\t\t\t\t\t\t\t<figure class=\"wp-caption\">\n\t\t\t\t\t\t\t\t\t\t<img fetchpriority=\"high\" decoding=\"async\" width=\"640\" height=\"427\" src=\"https:\/\/unaymilletras.com\/wp-content\/uploads\/2024\/06\/IMG_0098-1024x683.jpg\" class=\"attachment-large size-large wp-image-2738\" alt=\"Duki\" srcset=\"https:\/\/unaymilletras.com\/wp-content\/uploads\/2024\/06\/IMG_0098-1024x683.jpg 1024w, https:\/\/unaymilletras.com\/wp-content\/uploads\/2024\/06\/IMG_0098-300x200.jpg 300w, https:\/\/unaymilletras.com\/wp-content\/uploads\/2024\/06\/IMG_0098-768x512.jpg 768w, https:\/\/unaymilletras.com\/wp-content\/uploads\/2024\/06\/IMG_0098-1536x1024.jpg 1536w, https:\/\/unaymilletras.com\/wp-content\/uploads\/2024\/06\/IMG_0098-2048x1365.jpg 2048w, https:\/\/unaymilletras.com\/wp-content\/uploads\/2024\/06\/IMG_0098-scaled-e1718207684808.jpg 600w\" sizes=\"(max-width: 640px) 100vw, 640px\" \/>\t\t\t\t\t\t\t\t\t\t\t<figcaption class=\"widget-image-caption wp-caption-text\">Fot\u00f3grafa: Andrea Muriel<\/figcaption>\n\t\t\t\t\t\t\t\t\t\t<\/figure>\n\t\t\t\t\t\t\t\t\t<\/div>\n\t\t\t\t<\/div>\n\t\t\t\t\t<\/div>\n\t\t<\/div>\n\t\t\t\t\t<\/div>\n\t\t<\/section>\n\t\t\t\t<section class=\"elementor-section elementor-top-section elementor-element elementor-element-734b2ac elementor-section-boxed elementor-section-height-default elementor-section-height-default\" data-id=\"734b2ac\" data-element_type=\"section\" data-e-type=\"section\">\n\t\t\t\t\t\t<div class=\"elementor-container elementor-column-gap-default\">\n\t\t\t\t\t<div class=\"elementor-column elementor-col-100 elementor-top-column elementor-element elementor-element-b99b7cc\" data-id=\"b99b7cc\" data-element_type=\"column\" data-e-type=\"column\">\n\t\t\t<div class=\"elementor-widget-wrap elementor-element-populated\">\n\t\t\t\t\t\t<div class=\"elementor-element elementor-element-af78495 elementor-widget elementor-widget-text-editor\" data-id=\"af78495\" data-element_type=\"widget\" data-e-type=\"widget\" data-widget_type=\"text-editor.default\">\n\t\t\t\t<div class=\"elementor-widget-container\">\n\t\t\t\t\t\t\t\t\t<p>Estos primeros acordes tan solo fueron el inicio de una noche prometedora, no solo para el artista, sino para todos aquellos que acudieron para acompa\u00f1arle en este hito. Tras este primer tema, continu\u00f3 con otro de los m\u00e1s ic\u00f3nicos de la escena argentina y donde la gente lo da todo, <em>Tumbando el club<\/em>. Con \u00e9l, enloqueci\u00f3 el p\u00fablico.<\/p><p>La primera sorpresa llegaba poco despu\u00e9s de comenzar el show, cuando apareci\u00f3 Rei sobre el escenario para cantar juntos <em>Pininfatina<\/em>. Tras esta canci\u00f3n, aprovech\u00f3 la presencia de su invitado para seguir con <em>Pintao<\/em>, un tema de <em>Desde el fin del mundo<\/em> y que pone a todo el p\u00fablico a saltar. Ambos se comieron el escenario haciendo una actuaci\u00f3n memorable.<\/p><p>Tras esto hizo una breve pausa para agradecer a todo su p\u00fablico por hacer ese sue\u00f1o posible. \u201cNo s\u00e9 qu\u00e9 hice para merecerme esto, pero muchas gracias, de verdad, de coraz\u00f3n. Se lo voy a agradecer toda la vida\u201d, dec\u00eda Duki al borde de las l\u00e1grimas. Palabras a las que todo el p\u00fablico respondi\u00f3 con una gran ovaci\u00f3n gritando su nombre.<\/p>\t\t\t\t\t\t\t\t<\/div>\n\t\t\t\t<\/div>\n\t\t\t\t\t<\/div>\n\t\t<\/div>\n\t\t\t\t\t<\/div>\n\t\t<\/section>\n\t\t\t\t<section class=\"elementor-section elementor-top-section elementor-element elementor-element-f2f129a elementor-section-boxed elementor-section-height-default elementor-section-height-default\" data-id=\"f2f129a\" data-element_type=\"section\" data-e-type=\"section\">\n\t\t\t\t\t\t<div class=\"elementor-container elementor-column-gap-default\">\n\t\t\t\t\t<div class=\"elementor-column elementor-col-100 elementor-top-column elementor-element elementor-element-c3927e0\" data-id=\"c3927e0\" data-element_type=\"column\" data-e-type=\"column\">\n\t\t\t<div class=\"elementor-widget-wrap elementor-element-populated\">\n\t\t\t\t\t\t<div class=\"elementor-element elementor-element-c317c6d elementor-widget elementor-widget-image\" data-id=\"c317c6d\" data-element_type=\"widget\" data-e-type=\"widget\" data-widget_type=\"image.default\">\n\t\t\t\t<div class=\"elementor-widget-container\">\n\t\t\t\t\t\t\t\t\t\t\t\t\t\t\t<img decoding=\"async\" width=\"640\" height=\"427\" src=\"https:\/\/unaymilletras.com\/wp-content\/uploads\/2024\/06\/IMG_9560-1024x683.jpg\" class=\"attachment-large size-large wp-image-2740\" alt=\"Duki\" srcset=\"https:\/\/unaymilletras.com\/wp-content\/uploads\/2024\/06\/IMG_9560-1024x683.jpg 1024w, https:\/\/unaymilletras.com\/wp-content\/uploads\/2024\/06\/IMG_9560-300x200.jpg 300w, https:\/\/unaymilletras.com\/wp-content\/uploads\/2024\/06\/IMG_9560-768x512.jpg 768w, https:\/\/unaymilletras.com\/wp-content\/uploads\/2024\/06\/IMG_9560-1536x1024.jpg 1536w, https:\/\/unaymilletras.com\/wp-content\/uploads\/2024\/06\/IMG_9560-2048x1365.jpg 2048w, https:\/\/unaymilletras.com\/wp-content\/uploads\/2024\/06\/IMG_9560-scaled-e1718207738810.jpg 600w\" sizes=\"(max-width: 640px) 100vw, 640px\" \/>\t\t\t\t\t\t\t\t\t\t\t\t\t\t\t<\/div>\n\t\t\t\t<\/div>\n\t\t\t\t\t<\/div>\n\t\t<\/div>\n\t\t\t\t\t<\/div>\n\t\t<\/section>\n\t\t\t\t<section class=\"elementor-section elementor-top-section elementor-element elementor-element-fdfeed9 elementor-section-boxed elementor-section-height-default elementor-section-height-default\" data-id=\"fdfeed9\" data-element_type=\"section\" data-e-type=\"section\">\n\t\t\t\t\t\t<div class=\"elementor-container elementor-column-gap-default\">\n\t\t\t\t\t<div class=\"elementor-column elementor-col-100 elementor-top-column elementor-element elementor-element-e806689\" data-id=\"e806689\" data-element_type=\"column\" data-e-type=\"column\">\n\t\t\t<div class=\"elementor-widget-wrap elementor-element-populated\">\n\t\t\t\t\t\t<div class=\"elementor-element elementor-element-22f927e elementor-widget elementor-widget-text-editor\" data-id=\"22f927e\" data-element_type=\"widget\" data-e-type=\"widget\" data-widget_type=\"text-editor.default\">\n\t\t\t\t<div class=\"elementor-widget-container\">\n\t\t\t\t\t\t\t\t\t<p>No pod\u00edan faltar canciones ic\u00f3nicas como <em>Piensa en m\u00ed <\/em>o <em>Hablamos ma\u00f1ana<\/em>, su colaboraci\u00f3n con Bad Bunny. Tras este momento de energ\u00eda, llegaba la hora de relajarse y, con ella, el primer momento m\u00e1gico del B\u00e9rnabeu. Todo el estadio se ilumin\u00f3 con <em>Me ense\u00f1aste<\/em>, su canci\u00f3n con Sael y un tema que no suele formar parte de su repertorio. Miles de luces iluminaron las gradas y la pista creando una vista que te pon\u00eda la piel de gallina.<\/p><p>Poco dur\u00f3 la calma pues el concierto segu\u00eda <em>Como si no importara<\/em> con la aparici\u00f3n de Emilia. Uno de los momentos m\u00e1s esperados por el p\u00fablico ya que los argentinos siempre nos dejan alguna bonita imagen sobre el escenario cuando muestran su amor.<\/p>\t\t\t\t\t\t\t\t<\/div>\n\t\t\t\t<\/div>\n\t\t\t\t\t<\/div>\n\t\t<\/div>\n\t\t\t\t\t<\/div>\n\t\t<\/section>\n\t\t\t\t<section class=\"elementor-section elementor-top-section elementor-element elementor-element-00d090e elementor-section-boxed elementor-section-height-default elementor-section-height-default\" data-id=\"00d090e\" data-element_type=\"section\" data-e-type=\"section\">\n\t\t\t\t\t\t<div class=\"elementor-container elementor-column-gap-default\">\n\t\t\t\t\t<div class=\"elementor-column elementor-col-50 elementor-top-column elementor-element elementor-element-3941600\" data-id=\"3941600\" data-element_type=\"column\" data-e-type=\"column\">\n\t\t\t<div class=\"elementor-widget-wrap elementor-element-populated\">\n\t\t\t\t\t\t<div class=\"elementor-element elementor-element-a9d13ec elementor-widget elementor-widget-image\" data-id=\"a9d13ec\" data-element_type=\"widget\" data-e-type=\"widget\" data-widget_type=\"image.default\">\n\t\t\t\t<div class=\"elementor-widget-container\">\n\t\t\t\t\t\t\t\t\t\t\t\t<figure class=\"wp-caption\">\n\t\t\t\t\t\t\t\t\t\t<img decoding=\"async\" width=\"640\" height=\"427\" src=\"https:\/\/unaymilletras.com\/wp-content\/uploads\/2024\/06\/IMG_0163-1024x683.jpg\" class=\"attachment-large size-large wp-image-2741\" alt=\"Duki\" srcset=\"https:\/\/unaymilletras.com\/wp-content\/uploads\/2024\/06\/IMG_0163-1024x683.jpg 1024w, https:\/\/unaymilletras.com\/wp-content\/uploads\/2024\/06\/IMG_0163-300x200.jpg 300w, https:\/\/unaymilletras.com\/wp-content\/uploads\/2024\/06\/IMG_0163-768x512.jpg 768w, https:\/\/unaymilletras.com\/wp-content\/uploads\/2024\/06\/IMG_0163-1536x1024.jpg 1536w, https:\/\/unaymilletras.com\/wp-content\/uploads\/2024\/06\/IMG_0163-2048x1365.jpg 2048w, https:\/\/unaymilletras.com\/wp-content\/uploads\/2024\/06\/IMG_0163-scaled-e1718207887216.jpg 600w\" sizes=\"(max-width: 640px) 100vw, 640px\" \/>\t\t\t\t\t\t\t\t\t\t\t<figcaption class=\"widget-image-caption wp-caption-text\">Fot\u00f3grafa: Andrea Muriel<\/figcaption>\n\t\t\t\t\t\t\t\t\t\t<\/figure>\n\t\t\t\t\t\t\t\t\t<\/div>\n\t\t\t\t<\/div>\n\t\t\t\t\t<\/div>\n\t\t<\/div>\n\t\t\t\t<div class=\"elementor-column elementor-col-50 elementor-top-column elementor-element elementor-element-c3f5511\" data-id=\"c3f5511\" data-element_type=\"column\" data-e-type=\"column\">\n\t\t\t<div class=\"elementor-widget-wrap elementor-element-populated\">\n\t\t\t\t\t\t<div class=\"elementor-element elementor-element-11bc8c7 elementor-widget elementor-widget-text-editor\" data-id=\"11bc8c7\" data-element_type=\"widget\" data-e-type=\"widget\" data-widget_type=\"text-editor.default\">\n\t\t\t\t<div class=\"elementor-widget-container\">\n\t\t\t\t\t\t\t\t\t<p>Minutos despu\u00e9s llegaba la tercera sorpresa. Nicki Nicole aparec\u00eda para cantar su colaboraci\u00f3n con Duki, producida por Bizarrap, <em>YaMeFui<\/em>. La argentina que ven\u00eda de pasar unos d\u00edas por Par\u00eds ha venido hasta la capital para poder actuar en una noche hist\u00f3rica para la escena. Y, tras cantar <em>Antes de perderte<\/em>, una canci\u00f3n que los fans tuvieron que pedir incansablemente hasta que el trapero decidi\u00f3 sacarla, aparece Lucho SSJ para interpretar el primer track del \u00faltimo \u00e1lbum de Duki: <em>01 de enero<\/em>.<\/p>\t\t\t\t\t\t\t\t<\/div>\n\t\t\t\t<\/div>\n\t\t\t\t\t<\/div>\n\t\t<\/div>\n\t\t\t\t\t<\/div>\n\t\t<\/section>\n\t\t\t\t<section class=\"elementor-section elementor-top-section elementor-element elementor-element-f1417e1 elementor-section-boxed elementor-section-height-default elementor-section-height-default\" data-id=\"f1417e1\" data-element_type=\"section\" data-e-type=\"section\">\n\t\t\t\t\t\t<div class=\"elementor-container elementor-column-gap-default\">\n\t\t\t\t\t<div class=\"elementor-column elementor-col-100 elementor-top-column elementor-element elementor-element-ef90543\" data-id=\"ef90543\" data-element_type=\"column\" data-e-type=\"column\">\n\t\t\t<div class=\"elementor-widget-wrap elementor-element-populated\">\n\t\t\t\t\t\t<div class=\"elementor-element elementor-element-27b30bb elementor-widget elementor-widget-text-editor\" data-id=\"27b30bb\" data-element_type=\"widget\" data-e-type=\"widget\" data-widget_type=\"text-editor.default\">\n\t\t\t\t<div class=\"elementor-widget-container\">\n\t\t\t\t\t\t\t\t\t<p>Despu\u00e9s de que We$t Dubai irrumpiese en el escenario y Duki cantase <em>GiGi<\/em>, solo hizo falta la intro de <em>Rockstar 2.0<\/em> para que la gente empezase a gritar \u201cs\u00e1calo\u201d. Solo hicieron falta unos segundos para que un \u201c\u00bfme sigue o no me sigue todav\u00eda?\u201d en directo hiciese enloquecer al estadio. Una aparici\u00f3n que viene con an\u00e9cdota. \u201cGracias a la persona que se sacrific\u00f3 para que pudi\u00e9semos escuchar esto dos veces\u201d, comentan con humor algunos usuarios en redes. Duki tuvo que parar el tema a la mitad porque una de las personas del p\u00fablico sufri\u00f3 un desmayo y, una vez estuvo todo en orden, volvieron a empezar la canci\u00f3n.<\/p><p>Tras esto, en un goteo constante de invitados, apareci\u00f3 C.R.O. El argentino que ha acompa\u00f1ado a Duki desde sus inicios no quiso perderse el acontecimiento del a\u00f1o. Empezando con <em>Hijo de la noche<\/em> y siguiendo con <em>Harakiri<\/em>. \u201cVoy a beber otro Mo\u00ebt. Voy a compra&#8217; un Mercede&#8217; Benz\u201d y el p\u00fablico saltaba incansable junto a los artistas.<\/p><p>Durante\u00a0<em>Don\u2019t Lie<\/em>, su colaboraci\u00f3n con Quevedo, se vivi\u00f3 un momento de tensi\u00f3n en el Bernab\u00e9u. Tras el estribillo, a punto de comenzar la parte en la que canta el canario que contin\u00faa desaparecido, hubo un momento de silencio. El templo madrile\u00f1o se sumergi\u00f3 en un silencio expectante con esperanza de que el espa\u00f1ol saliese, una salida que no ocurri\u00f3. El argentino continu\u00f3 con su parte, pero no fue una decepci\u00f3n para el p\u00fablico porque el concierto estaba siendo inmejorable.<\/p>\t\t\t\t\t\t\t\t<\/div>\n\t\t\t\t<\/div>\n\t\t\t\t\t<\/div>\n\t\t<\/div>\n\t\t\t\t\t<\/div>\n\t\t<\/section>\n\t\t\t\t<section class=\"elementor-section elementor-top-section elementor-element elementor-element-da40f3d elementor-section-boxed elementor-section-height-default elementor-section-height-default\" data-id=\"da40f3d\" data-element_type=\"section\" data-e-type=\"section\">\n\t\t\t\t\t\t<div class=\"elementor-container elementor-column-gap-default\">\n\t\t\t\t\t<div class=\"elementor-column elementor-col-50 elementor-top-column elementor-element elementor-element-532adcc\" data-id=\"532adcc\" data-element_type=\"column\" data-e-type=\"column\">\n\t\t\t<div class=\"elementor-widget-wrap elementor-element-populated\">\n\t\t\t\t\t\t<div class=\"elementor-element elementor-element-bbfff00 elementor-widget elementor-widget-image\" data-id=\"bbfff00\" data-element_type=\"widget\" data-e-type=\"widget\" data-widget_type=\"image.default\">\n\t\t\t\t<div class=\"elementor-widget-container\">\n\t\t\t\t\t\t\t\t\t\t\t\t<figure class=\"wp-caption\">\n\t\t\t\t\t\t\t\t\t\t<img loading=\"lazy\" decoding=\"async\" width=\"640\" height=\"427\" src=\"https:\/\/unaymilletras.com\/wp-content\/uploads\/2024\/06\/IMG_9736-1024x683.jpg\" class=\"attachment-large size-large wp-image-2743\" alt=\"Duki\" srcset=\"https:\/\/unaymilletras.com\/wp-content\/uploads\/2024\/06\/IMG_9736-1024x683.jpg 1024w, https:\/\/unaymilletras.com\/wp-content\/uploads\/2024\/06\/IMG_9736-300x200.jpg 300w, https:\/\/unaymilletras.com\/wp-content\/uploads\/2024\/06\/IMG_9736-768x512.jpg 768w, https:\/\/unaymilletras.com\/wp-content\/uploads\/2024\/06\/IMG_9736-1536x1024.jpg 1536w, https:\/\/unaymilletras.com\/wp-content\/uploads\/2024\/06\/IMG_9736-2048x1365.jpg 2048w, https:\/\/unaymilletras.com\/wp-content\/uploads\/2024\/06\/IMG_9736-scaled-e1718208165865.jpg 600w\" sizes=\"(max-width: 640px) 100vw, 640px\" \/>\t\t\t\t\t\t\t\t\t\t\t<figcaption class=\"widget-image-caption wp-caption-text\">Fot\u00f3grafa: Andrea Muriel<\/figcaption>\n\t\t\t\t\t\t\t\t\t\t<\/figure>\n\t\t\t\t\t\t\t\t\t<\/div>\n\t\t\t\t<\/div>\n\t\t\t\t\t<\/div>\n\t\t<\/div>\n\t\t\t\t<div class=\"elementor-column elementor-col-50 elementor-top-column elementor-element elementor-element-cfc7412\" data-id=\"cfc7412\" data-element_type=\"column\" data-e-type=\"column\">\n\t\t\t<div class=\"elementor-widget-wrap elementor-element-populated\">\n\t\t\t\t\t\t<div class=\"elementor-element elementor-element-593e2e1 elementor-widget elementor-widget-image\" data-id=\"593e2e1\" data-element_type=\"widget\" data-e-type=\"widget\" data-widget_type=\"image.default\">\n\t\t\t\t<div class=\"elementor-widget-container\">\n\t\t\t\t\t\t\t\t\t\t\t\t<figure class=\"wp-caption\">\n\t\t\t\t\t\t\t\t\t\t<img loading=\"lazy\" decoding=\"async\" width=\"640\" height=\"427\" src=\"https:\/\/unaymilletras.com\/wp-content\/uploads\/2024\/06\/IMG_9582-1024x683.jpg\" class=\"attachment-large size-large wp-image-2742\" alt=\"\" srcset=\"https:\/\/unaymilletras.com\/wp-content\/uploads\/2024\/06\/IMG_9582-1024x683.jpg 1024w, https:\/\/unaymilletras.com\/wp-content\/uploads\/2024\/06\/IMG_9582-300x200.jpg 300w, https:\/\/unaymilletras.com\/wp-content\/uploads\/2024\/06\/IMG_9582-768x512.jpg 768w, https:\/\/unaymilletras.com\/wp-content\/uploads\/2024\/06\/IMG_9582-1536x1024.jpg 1536w, https:\/\/unaymilletras.com\/wp-content\/uploads\/2024\/06\/IMG_9582-2048x1365.jpg 2048w, https:\/\/unaymilletras.com\/wp-content\/uploads\/2024\/06\/IMG_9582-scaled-e1718208149623.jpg 600w\" sizes=\"(max-width: 640px) 100vw, 640px\" \/>\t\t\t\t\t\t\t\t\t\t\t<figcaption class=\"widget-image-caption wp-caption-text\">Fot\u00f3grafa: Andrea Muriel<\/figcaption>\n\t\t\t\t\t\t\t\t\t\t<\/figure>\n\t\t\t\t\t\t\t\t\t<\/div>\n\t\t\t\t<\/div>\n\t\t\t\t\t<\/div>\n\t\t<\/div>\n\t\t\t\t\t<\/div>\n\t\t<\/section>\n\t\t\t\t<section class=\"elementor-section elementor-top-section elementor-element elementor-element-fa50eea elementor-section-boxed elementor-section-height-default elementor-section-height-default\" data-id=\"fa50eea\" data-element_type=\"section\" data-e-type=\"section\">\n\t\t\t\t\t\t<div class=\"elementor-container elementor-column-gap-default\">\n\t\t\t\t\t<div class=\"elementor-column elementor-col-100 elementor-top-column elementor-element elementor-element-14dd21c\" data-id=\"14dd21c\" data-element_type=\"column\" data-e-type=\"column\">\n\t\t\t<div class=\"elementor-widget-wrap elementor-element-populated\">\n\t\t\t\t\t\t<div class=\"elementor-element elementor-element-2e26d59 elementor-widget elementor-widget-text-editor\" data-id=\"2e26d59\" data-element_type=\"widget\" data-e-type=\"widget\" data-widget_type=\"text-editor.default\">\n\t\t\t\t<div class=\"elementor-widget-container\">\n\t\t\t\t\t\t\t\t\t<p><span style=\"color: var( --e-global-color-text ); font-family: var( --e-global-typography-text-font-family ), Sans-serif; font-weight: var( --e-global-typography-text-font-weight );\">Un <\/span><em style=\"color: var( --e-global-color-text ); font-family: var( --e-global-typography-text-font-family ), Sans-serif; font-weight: var( --e-global-typography-text-font-weight );\">Lost Tape<\/em><span style=\"color: var( --e-global-color-text ); font-family: var( --e-global-typography-text-font-family ), Sans-serif; font-weight: var( --e-global-typography-text-font-weight );\"> acapella y <\/span><em style=\"color: var( --e-global-color-text ); font-family: var( --e-global-typography-text-font-family ), Sans-serif; font-weight: var( --e-global-typography-text-font-weight );\">Santo Grial<\/em><span style=\"color: var( --e-global-color-text ); font-family: var( --e-global-typography-text-font-family ), Sans-serif; font-weight: var( --e-global-typography-text-font-weight );\"> junto a Dano segu\u00edan con el concierto para dar paso a una de las canciones que hizo temblar las gradas. <\/span><em style=\"color: var( --e-global-color-text ); font-family: var( --e-global-typography-text-font-family ), Sans-serif; font-weight: var( --e-global-typography-text-font-weight );\">Hello Cotto<\/em><span style=\"color: var( --e-global-color-text ); font-family: var( --e-global-typography-text-font-family ), Sans-serif; font-weight: var( --e-global-typography-text-font-weight );\"> estall\u00f3 sin que nadie lo esperase dejando a los fans sin voz. Con esto te pon\u00edas las <\/span><em style=\"color: var( --e-global-color-text ); font-family: var( --e-global-typography-text-font-family ), Sans-serif; font-weight: var( --e-global-typography-text-font-weight );\">Bottas <\/em><span style=\"color: var( --e-global-color-text ); font-family: var( --e-global-typography-text-font-family ), Sans-serif; font-weight: var( --e-global-typography-text-font-weight );\">para llorar con <\/span><em style=\"color: var( --e-global-color-text ); font-family: var( --e-global-typography-text-font-family ), Sans-serif; font-weight: var( --e-global-typography-text-font-weight );\">Adem\u00e1s de m\u00ed<\/em><span style=\"color: var( --e-global-color-text ); font-family: var( --e-global-typography-text-font-family ), Sans-serif; font-weight: var( --e-global-typography-text-font-weight );\">, canci\u00f3n que ya forma parte de la historia de Argentina y es una de las favoritas sin duda.<\/span><\/p><p>Una mezcla con canciones antiguas y nuevas completaba el bloque. <em>Si me sobrara el tiempo<\/em>, <em>Si te sent\u00eds sola<\/em>, <em>Sin frenos<\/em> y <em>Goteo<\/em> no daban oportunidad a que todas esas personas que llevaban m\u00e1s de una hora cantando y saltando sin parar pudiesen descansar.<\/p><p>Habiendo pasado el ecuador del concierto lleg\u00f3 un momento clave. \u201cNos conocemo&#8217; tanto y a vece&#8217; somo&#8217; extra\u00f1os\u201d comenzaba a cantar Duki. \u201cTantos a\u00f1os vos y yo\u201d continuaba Ysy A apareciendo sobre el escenario para sorpresa de todos y poniendo al p\u00fablico, que ya no le esperaba, a gritar, marcando un punto clave en el show. Una canci\u00f3n en la que los asistentes se dejaron la voz y aunque, a pesar de que no lo sab\u00edan, a\u00fan quedaba lo mejor.<\/p>\t\t\t\t\t\t\t\t<\/div>\n\t\t\t\t<\/div>\n\t\t\t\t\t<\/div>\n\t\t<\/div>\n\t\t\t\t\t<\/div>\n\t\t<\/section>\n\t\t\t\t<section class=\"elementor-section elementor-top-section elementor-element elementor-element-82c4373 elementor-section-boxed elementor-section-height-default elementor-section-height-default\" data-id=\"82c4373\" data-element_type=\"section\" data-e-type=\"section\">\n\t\t\t\t\t\t<div class=\"elementor-container elementor-column-gap-default\">\n\t\t\t\t\t<div class=\"elementor-column elementor-col-50 elementor-top-column elementor-element elementor-element-b24dbf0\" data-id=\"b24dbf0\" data-element_type=\"column\" data-e-type=\"column\">\n\t\t\t<div class=\"elementor-widget-wrap elementor-element-populated\">\n\t\t\t\t\t\t<div class=\"elementor-element elementor-element-eb1c6a1 elementor-widget elementor-widget-image\" data-id=\"eb1c6a1\" data-element_type=\"widget\" data-e-type=\"widget\" data-widget_type=\"image.default\">\n\t\t\t\t<div class=\"elementor-widget-container\">\n\t\t\t\t\t\t\t\t\t\t\t\t<figure class=\"wp-caption\">\n\t\t\t\t\t\t\t\t\t\t<img loading=\"lazy\" decoding=\"async\" width=\"640\" height=\"427\" src=\"https:\/\/unaymilletras.com\/wp-content\/uploads\/2024\/06\/IMG_0290-1024x683.jpg\" class=\"attachment-large size-large wp-image-2744\" alt=\"Duki Ysy A\" srcset=\"https:\/\/unaymilletras.com\/wp-content\/uploads\/2024\/06\/IMG_0290-1024x683.jpg 1024w, https:\/\/unaymilletras.com\/wp-content\/uploads\/2024\/06\/IMG_0290-300x200.jpg 300w, https:\/\/unaymilletras.com\/wp-content\/uploads\/2024\/06\/IMG_0290-768x512.jpg 768w, https:\/\/unaymilletras.com\/wp-content\/uploads\/2024\/06\/IMG_0290-1536x1024.jpg 1536w, https:\/\/unaymilletras.com\/wp-content\/uploads\/2024\/06\/IMG_0290-2048x1365.jpg 2048w, https:\/\/unaymilletras.com\/wp-content\/uploads\/2024\/06\/IMG_0290-scaled-e1718208198893.jpg 600w\" sizes=\"(max-width: 640px) 100vw, 640px\" \/>\t\t\t\t\t\t\t\t\t\t\t<figcaption class=\"widget-image-caption wp-caption-text\">Fot\u00f3grafa: Andrea Muriel<\/figcaption>\n\t\t\t\t\t\t\t\t\t\t<\/figure>\n\t\t\t\t\t\t\t\t\t<\/div>\n\t\t\t\t<\/div>\n\t\t\t\t\t<\/div>\n\t\t<\/div>\n\t\t\t\t<div class=\"elementor-column elementor-col-50 elementor-top-column elementor-element elementor-element-2bfad22\" data-id=\"2bfad22\" data-element_type=\"column\" data-e-type=\"column\">\n\t\t\t<div class=\"elementor-widget-wrap elementor-element-populated\">\n\t\t\t\t\t\t<div class=\"elementor-element elementor-element-68dd8cf elementor-widget elementor-widget-image\" data-id=\"68dd8cf\" data-element_type=\"widget\" data-e-type=\"widget\" data-widget_type=\"image.default\">\n\t\t\t\t<div class=\"elementor-widget-container\">\n\t\t\t\t\t\t\t\t\t\t\t\t<figure class=\"wp-caption\">\n\t\t\t\t\t\t\t\t\t\t<img loading=\"lazy\" decoding=\"async\" width=\"640\" height=\"427\" src=\"https:\/\/unaymilletras.com\/wp-content\/uploads\/2024\/06\/IMG_0301-1024x683.jpg\" class=\"attachment-large size-large wp-image-2745\" alt=\"Duki YSY A\" srcset=\"https:\/\/unaymilletras.com\/wp-content\/uploads\/2024\/06\/IMG_0301-1024x683.jpg 1024w, https:\/\/unaymilletras.com\/wp-content\/uploads\/2024\/06\/IMG_0301-300x200.jpg 300w, https:\/\/unaymilletras.com\/wp-content\/uploads\/2024\/06\/IMG_0301-768x512.jpg 768w, https:\/\/unaymilletras.com\/wp-content\/uploads\/2024\/06\/IMG_0301-1536x1024.jpg 1536w, https:\/\/unaymilletras.com\/wp-content\/uploads\/2024\/06\/IMG_0301-2048x1365.jpg 2048w, https:\/\/unaymilletras.com\/wp-content\/uploads\/2024\/06\/IMG_0301-scaled-e1718208216535.jpg 600w\" sizes=\"(max-width: 640px) 100vw, 640px\" \/>\t\t\t\t\t\t\t\t\t\t\t<figcaption class=\"widget-image-caption wp-caption-text\">Fot\u00f3grafa: Andrea Muriel<\/figcaption>\n\t\t\t\t\t\t\t\t\t\t<\/figure>\n\t\t\t\t\t\t\t\t\t<\/div>\n\t\t\t\t<\/div>\n\t\t\t\t\t<\/div>\n\t\t<\/div>\n\t\t\t\t\t<\/div>\n\t\t<\/section>\n\t\t\t\t<section class=\"elementor-section elementor-top-section elementor-element elementor-element-7908130 elementor-section-boxed elementor-section-height-default elementor-section-height-default\" data-id=\"7908130\" data-element_type=\"section\" data-e-type=\"section\">\n\t\t\t\t\t\t<div class=\"elementor-container elementor-column-gap-default\">\n\t\t\t\t\t<div class=\"elementor-column elementor-col-100 elementor-top-column elementor-element elementor-element-81df890\" data-id=\"81df890\" data-element_type=\"column\" data-e-type=\"column\">\n\t\t\t<div class=\"elementor-widget-wrap elementor-element-populated\">\n\t\t\t\t\t\t<div class=\"elementor-element elementor-element-46a662d elementor-widget elementor-widget-text-editor\" data-id=\"46a662d\" data-element_type=\"widget\" data-e-type=\"widget\" data-widget_type=\"text-editor.default\">\n\t\t\t\t<div class=\"elementor-widget-container\">\n\t\t\t\t\t\t\t\t\t<p><span style=\"color: #808080;\">El esperado Modo Diablo volvi\u00f3 a reunirse sobre el escenario con la salida de Neo Pistea como tanta gente deseaba con <em><a style=\"color: #808080;\" href=\"https:\/\/open.spotify.com\/intl-es\/track\/262lBp5MtK39jc7gQdYrVM?si=0b30ab18f09244ab\">QUAVO<\/a><\/em>, <em>Trap n\u2019Export<\/em> y <em>Vuelta a la luna<\/em>. El ic\u00f3nico tr\u00edo que tanto ha marcado la escena estaba junto de nuevo a miles de kil\u00f3metros de su pa\u00eds, pero siendo recibidos con ansias. Tres canciones en las que todos los que estaban presentes no pararon de saltar y sumergirse en los tan t\u00edpicos pogos donde, aunque no haya hueco en la pista, se hace para poder saltar todos juntos.<\/span><\/p><p><span style=\"color: #808080;\">Tras esta subida de energ\u00eda tocaba volver a una parte m\u00e1s tranquila. <em>Ticket<\/em>, una canci\u00f3n que ya es todo un cl\u00e1sico dentro de los conciertos de Duki sonaba en el E<a style=\"color: #808080;\" href=\"https:\/\/unaymilletras.com\/en\/duki-deja-al-bernabeu-sin-entradas-y-sigue-sumando-hitos\/\">stadio Santiago Bernab\u00e9u<\/a> inund\u00e1ndolo nuevamente con miles de flashes que parec\u00edan un cielo lleno de estrellas. Nuevamente un momento m\u00e1gico donde los asistentes cantaban a coro con el argentino.<\/span><\/p>\t\t\t\t\t\t\t\t<\/div>\n\t\t\t\t<\/div>\n\t\t\t\t\t<\/div>\n\t\t<\/div>\n\t\t\t\t\t<\/div>\n\t\t<\/section>\n\t\t\t\t<section class=\"elementor-section elementor-top-section elementor-element elementor-element-a524c68 elementor-section-boxed elementor-section-height-default elementor-section-height-default\" data-id=\"a524c68\" data-element_type=\"section\" data-e-type=\"section\">\n\t\t\t\t\t\t<div class=\"elementor-container elementor-column-gap-default\">\n\t\t\t\t\t<div class=\"elementor-column elementor-col-100 elementor-top-column elementor-element elementor-element-b83c7c3\" data-id=\"b83c7c3\" data-element_type=\"column\" data-e-type=\"column\">\n\t\t\t<div class=\"elementor-widget-wrap elementor-element-populated\">\n\t\t\t\t\t\t<div class=\"elementor-element elementor-element-532d2cf elementor-widget elementor-widget-image\" data-id=\"532d2cf\" data-element_type=\"widget\" data-e-type=\"widget\" data-widget_type=\"image.default\">\n\t\t\t\t<div class=\"elementor-widget-container\">\n\t\t\t\t\t\t\t\t\t\t\t\t<figure class=\"wp-caption\">\n\t\t\t\t\t\t\t\t\t\t<img loading=\"lazy\" decoding=\"async\" width=\"640\" height=\"427\" src=\"https:\/\/unaymilletras.com\/wp-content\/uploads\/2024\/06\/IMG_0390-1024x683.jpg\" class=\"attachment-large size-large wp-image-2746\" alt=\"\" srcset=\"https:\/\/unaymilletras.com\/wp-content\/uploads\/2024\/06\/IMG_0390-1024x683.jpg 1024w, https:\/\/unaymilletras.com\/wp-content\/uploads\/2024\/06\/IMG_0390-300x200.jpg 300w, https:\/\/unaymilletras.com\/wp-content\/uploads\/2024\/06\/IMG_0390-768x512.jpg 768w, https:\/\/unaymilletras.com\/wp-content\/uploads\/2024\/06\/IMG_0390-1536x1024.jpg 1536w, https:\/\/unaymilletras.com\/wp-content\/uploads\/2024\/06\/IMG_0390-2048x1365.jpg 2048w, https:\/\/unaymilletras.com\/wp-content\/uploads\/2024\/06\/IMG_0390-scaled-e1718208352208.jpg 600w\" sizes=\"(max-width: 640px) 100vw, 640px\" \/>\t\t\t\t\t\t\t\t\t\t\t<figcaption class=\"widget-image-caption wp-caption-text\">Fot\u00f3grafa: Andrea Muriel<\/figcaption>\n\t\t\t\t\t\t\t\t\t\t<\/figure>\n\t\t\t\t\t\t\t\t\t<\/div>\n\t\t\t\t<\/div>\n\t\t\t\t\t<\/div>\n\t\t<\/div>\n\t\t\t\t\t<\/div>\n\t\t<\/section>\n\t\t\t\t<section class=\"elementor-section elementor-top-section elementor-element elementor-element-79458c7 elementor-section-boxed elementor-section-height-default elementor-section-height-default\" data-id=\"79458c7\" data-element_type=\"section\" data-e-type=\"section\">\n\t\t\t\t\t\t<div class=\"elementor-container elementor-column-gap-default\">\n\t\t\t\t\t<div class=\"elementor-column elementor-col-100 elementor-top-column elementor-element elementor-element-4290703\" data-id=\"4290703\" data-element_type=\"column\" data-e-type=\"column\">\n\t\t\t<div class=\"elementor-widget-wrap elementor-element-populated\">\n\t\t\t\t\t\t<div class=\"elementor-element elementor-element-dee05a5 elementor-widget elementor-widget-text-editor\" data-id=\"dee05a5\" data-element_type=\"widget\" data-e-type=\"widget\" data-widget_type=\"text-editor.default\">\n\t\t\t\t<div class=\"elementor-widget-container\">\n\t\t\t\t\t\t\t\t\t<p>Esta no fue la \u00faltima canci\u00f3n emotiva de la noche. Lo que la gente no sab\u00eda es que justo despu\u00e9s ir\u00eda eso que tantos a\u00f1os llevaban esperando. <em>No me llores<\/em> son\u00f3 en todo el lugar, causando gritos, l\u00e1grimas y un mar de emociones entre el p\u00fablico. Una canci\u00f3n que se estren\u00f3 en 2018 y que por primera vez era cantada de forma oficial en directo.<\/p>\t\t\t\t\t\t\t\t<\/div>\n\t\t\t\t<\/div>\n\t\t\t\t\t<\/div>\n\t\t<\/div>\n\t\t\t\t\t<\/div>\n\t\t<\/section>\n\t\t\t\t<section class=\"elementor-section elementor-top-section elementor-element elementor-element-10ddb7d elementor-section-boxed elementor-section-height-default elementor-section-height-default\" data-id=\"10ddb7d\" data-element_type=\"section\" data-e-type=\"section\">\n\t\t\t\t\t\t<div class=\"elementor-container elementor-column-gap-default\">\n\t\t\t\t\t<div class=\"elementor-column elementor-col-100 elementor-top-column elementor-element elementor-element-24ad544\" data-id=\"24ad544\" data-element_type=\"column\" data-e-type=\"column\">\n\t\t\t<div class=\"elementor-widget-wrap elementor-element-populated\">\n\t\t\t\t\t\t<div class=\"elementor-element elementor-element-b90f9c8 elementor-widget elementor-widget-text-editor\" data-id=\"b90f9c8\" data-element_type=\"widget\" data-e-type=\"widget\" data-widget_type=\"text-editor.default\">\n\t\t\t\t<div class=\"elementor-widget-container\">\n\t\t\t\t\t\t\t\t\t<p style=\"text-align: center;\"><span style=\"color: #808080;\"><em>\u201cEs una canci\u00f3n que nunca quise tocar en vivo porque no me gustaban mucho mis voces grabadas, las grab\u00e9 muy r\u00e1pido, con un micr\u00f3fono que no me gustaba mucho. Pero la gente me lo pidi\u00f3 tanto que estuvimos ensay\u00e1ndola y armamos una versi\u00f3n para poder tocarla as\u00ed que espero que salga bien. Si no sale bien es culpa de la gente que me lo pidi\u00f3, que no me digan nada\u201d, contaba Duki entre risas en la rueda de prensa.<\/em><\/span><\/p>\t\t\t\t\t\t\t\t<\/div>\n\t\t\t\t<\/div>\n\t\t\t\t\t<\/div>\n\t\t<\/div>\n\t\t\t\t\t<\/div>\n\t\t<\/section>\n\t\t\t\t<section class=\"elementor-section elementor-top-section elementor-element elementor-element-23b3047 elementor-section-boxed elementor-section-height-default elementor-section-height-default\" data-id=\"23b3047\" data-element_type=\"section\" data-e-type=\"section\">\n\t\t\t\t\t\t<div class=\"elementor-container elementor-column-gap-default\">\n\t\t\t\t\t<div class=\"elementor-column elementor-col-100 elementor-top-column elementor-element elementor-element-32807c2\" data-id=\"32807c2\" data-element_type=\"column\" data-e-type=\"column\">\n\t\t\t<div class=\"elementor-widget-wrap elementor-element-populated\">\n\t\t\t\t\t\t<div class=\"elementor-element elementor-element-8ee0f26 elementor-widget elementor-widget-text-editor\" data-id=\"8ee0f26\" data-element_type=\"widget\" data-e-type=\"widget\" data-widget_type=\"text-editor.default\">\n\t\t\t\t<div class=\"elementor-widget-container\">\n\t\t\t\t\t\t\t\t\t<p>Una canci\u00f3n que mucho le cost\u00f3 a\u00f1adir y que sin duda fue uno de los momentos m\u00e1s especiales y m\u00e1s esperados de la noche.<\/p><p>Aunque el show estaba llegando a su fin, Duki a\u00fan ten\u00eda m\u00e1s sorpresas bajo la manga. Desapercibido Bizarrap se coloc\u00f3 en el centro del escenario y no fue hasta que comenzaron a sonar los primeros acordes de <em>Malbec<\/em> que la gente no se dio cuenta de su presencia. Juntos, tambi\u00e9n interpretaron la BZRP Music Sessions #50, uno de los temas m\u00e1s personales del rapero pues es donde narra su historia y est\u00e1 llena de sentimiento.<\/p>\t\t\t\t\t\t\t\t<\/div>\n\t\t\t\t<\/div>\n\t\t\t\t\t<\/div>\n\t\t<\/div>\n\t\t\t\t\t<\/div>\n\t\t<\/section>\n\t\t\t\t<section class=\"elementor-section elementor-top-section elementor-element elementor-element-4e48e16 elementor-section-boxed elementor-section-height-default elementor-section-height-default\" data-id=\"4e48e16\" data-element_type=\"section\" data-e-type=\"section\">\n\t\t\t\t\t\t<div class=\"elementor-container elementor-column-gap-default\">\n\t\t\t\t\t<div class=\"elementor-column elementor-col-33 elementor-top-column elementor-element elementor-element-e9cb7c8\" data-id=\"e9cb7c8\" data-element_type=\"column\" data-e-type=\"column\">\n\t\t\t<div class=\"elementor-widget-wrap elementor-element-populated\">\n\t\t\t\t\t\t<div class=\"elementor-element elementor-element-b25c573 elementor-widget elementor-widget-image\" data-id=\"b25c573\" data-element_type=\"widget\" data-e-type=\"widget\" data-widget_type=\"image.default\">\n\t\t\t\t<div class=\"elementor-widget-container\">\n\t\t\t\t\t\t\t\t\t\t\t\t<figure class=\"wp-caption\">\n\t\t\t\t\t\t\t\t\t\t<img loading=\"lazy\" decoding=\"async\" width=\"640\" height=\"960\" src=\"https:\/\/unaymilletras.com\/wp-content\/uploads\/2024\/06\/IMG_0094-683x1024.jpg\" class=\"attachment-large size-large wp-image-2747\" alt=\"\" srcset=\"https:\/\/unaymilletras.com\/wp-content\/uploads\/2024\/06\/IMG_0094-683x1024.jpg 683w, https:\/\/unaymilletras.com\/wp-content\/uploads\/2024\/06\/IMG_0094-200x300.jpg 200w, https:\/\/unaymilletras.com\/wp-content\/uploads\/2024\/06\/IMG_0094-768x1152.jpg 768w, https:\/\/unaymilletras.com\/wp-content\/uploads\/2024\/06\/IMG_0094-1024x1536.jpg 1024w, https:\/\/unaymilletras.com\/wp-content\/uploads\/2024\/06\/IMG_0094-1365x2048.jpg 1365w, https:\/\/unaymilletras.com\/wp-content\/uploads\/2024\/06\/IMG_0094-scaled-e1718208518408.jpg 600w\" sizes=\"(max-width: 640px) 100vw, 640px\" \/>\t\t\t\t\t\t\t\t\t\t\t<figcaption class=\"widget-image-caption wp-caption-text\">Fot\u00f3grafa: Andrea Muriel<\/figcaption>\n\t\t\t\t\t\t\t\t\t\t<\/figure>\n\t\t\t\t\t\t\t\t\t<\/div>\n\t\t\t\t<\/div>\n\t\t\t\t\t<\/div>\n\t\t<\/div>\n\t\t\t\t<div class=\"elementor-column elementor-col-66 elementor-top-column elementor-element elementor-element-5e9c4b2\" data-id=\"5e9c4b2\" data-element_type=\"column\" data-e-type=\"column\">\n\t\t\t<div class=\"elementor-widget-wrap elementor-element-populated\">\n\t\t\t\t\t\t<div class=\"elementor-element elementor-element-4942b9a elementor-widget elementor-widget-text-editor\" data-id=\"4942b9a\" data-element_type=\"widget\" data-e-type=\"widget\" data-widget_type=\"text-editor.default\">\n\t\t\t\t<div class=\"elementor-widget-container\">\n\t\t\t\t\t\t\t\t\t<p>El broche de oro lo puso con <em>Givenchy<\/em>, la canci\u00f3n que lo llev\u00f3 de vuelta al trap tras su <em>Temporada de Reggaet\u00f3n<\/em>. Y finaliz\u00f3 con una canci\u00f3n que si fuese por \u00e9l habr\u00eda sacado del tracklist hace mucho: <em>She don\u2019t give a FO. <\/em>\u201cNo aguanto m\u00e1s cantarlo, pero si no canto <em>She don\u2019t give a FO<\/em>, s\u00e9 que me cuelgan ac\u00e1 en la esquina, en la estaci\u00f3n de Santiago Bernab\u00e9u\u201d, volv\u00eda a decir entre risas.<\/p><p>Todo un espect\u00e1culo que no dej\u00f3 indiferente a nadie y que tan feliz hizo a miles de personas. El 8 de junio de 2024 quedar\u00e1 marcado por mucho tiempo en el coraz\u00f3n de todos. Pero, \u00bfqu\u00e9 viene despu\u00e9s de llenar un Bernab\u00e9u? No sabemos, pero los fans ya est\u00e1n expectantes de saber cu\u00e1ndo podr\u00e1n volver a ver al argentino sobre el escenario.<\/p>\t\t\t\t\t\t\t\t<\/div>\n\t\t\t\t<\/div>\n\t\t\t\t\t<\/div>\n\t\t<\/div>\n\t\t\t\t\t<\/div>\n\t\t<\/section>\n\t\t\t\t<\/div>","protected":false},"excerpt":{"rendered":"<p>El referente argentino, Duki, conquista a m\u00e1s de 65.000 personas en un show \u00fanico y lleno de invitados A las 21:30 comenzaba la intro de una noche que quedar\u00e1 en el recuerdo de 65.000 personas. Duki empezaba su noche hist\u00f3rica con unos visualizers de su \u00faltimo \u00e1lbum para dar paso a la melod\u00eda de una [&hellip;]<\/p>\n","protected":false},"author":1,"featured_media":2742,"comment_status":"open","ping_status":"open","sticky":false,"template":"","format":"standard","meta":{"footnotes":""},"categories":[119,4],"tags":[],"class_list":["post-2735","post","type-post","status-publish","format-standard","has-post-thumbnail","hentry","category-eventos","category-musica"],"yoast_head":"<!-- This site is optimized with the Yoast SEO plugin v27.4 - https:\/\/yoast.com\/product\/yoast-seo-wordpress\/ -->\n<title>Duki ilumina el Bernab\u00e9u en una noche hist\u00f3rica<\/title>\n<meta name=\"description\" content=\"El referente argentino, Duki, conquista a m\u00e1s de 65.000 personas en un show \u00fanico y lleno de invitados que ha marcado el coraz\u00f3n de todos\" \/>\n<meta name=\"robots\" content=\"index, follow, max-snippet:-1, max-image-preview:large, max-video-preview:-1\" \/>\n<link rel=\"canonical\" href=\"https:\/\/unaymilletras.com\/en\/duki-ilumina-el-bernabeu-en-una-noche-historica\/\" \/>\n<meta property=\"og:locale\" content=\"en_GB\" \/>\n<meta property=\"og:type\" content=\"article\" \/>\n<meta property=\"og:title\" content=\"Duki ilumina el Bernab\u00e9u en una noche hist\u00f3rica\" \/>\n<meta property=\"og:description\" content=\"El referente argentino, Duki, conquista a m\u00e1s de 65.000 personas en un show \u00fanico y lleno de invitados que ha marcado el coraz\u00f3n de todos\" \/>\n<meta property=\"og:url\" content=\"https:\/\/unaymilletras.com\/en\/duki-ilumina-el-bernabeu-en-una-noche-historica\/\" \/>\n<meta property=\"og:site_name\" content=\"Una y Mil Letras\" \/>\n<meta property=\"article:published_time\" content=\"2024-06-12T16:08:37+00:00\" \/>\n<meta property=\"article:modified_time\" content=\"2024-06-12T16:31:57+00:00\" \/>\n<meta property=\"og:image\" content=\"http:\/\/unaymilletras.com\/wp-content\/uploads\/2024\/06\/IMG_9582-scaled-e1718208149623.jpg\" \/>\n\t<meta property=\"og:image:width\" content=\"600\" \/>\n\t<meta property=\"og:image:height\" content=\"400\" \/>\n\t<meta property=\"og:image:type\" content=\"image\/jpeg\" \/>\n<meta name=\"author\" content=\"Maria Gil Robledo\" \/>\n<meta name=\"twitter:card\" content=\"summary_large_image\" \/>\n<meta name=\"twitter:creator\" content=\"@UnaYMilLetras\" \/>\n<meta name=\"twitter:site\" content=\"@UnaYMilLetras\" \/>\n<meta name=\"twitter:label1\" content=\"Written by\" \/>\n\t<meta name=\"twitter:data1\" content=\"Maria Gil Robledo\" \/>\n\t<meta name=\"twitter:label2\" content=\"Estimated reading time\" \/>\n\t<meta name=\"twitter:data2\" content=\"9 minutes\" \/>\n<script type=\"application\/ld+json\" class=\"yoast-schema-graph\">{\"@context\":\"https:\\\/\\\/schema.org\",\"@graph\":[{\"@type\":\"Article\",\"@id\":\"https:\\\/\\\/unaymilletras.com\\\/duki-ilumina-el-bernabeu-en-una-noche-historica\\\/#article\",\"isPartOf\":{\"@id\":\"https:\\\/\\\/unaymilletras.com\\\/duki-ilumina-el-bernabeu-en-una-noche-historica\\\/\"},\"author\":{\"name\":\"Maria Gil Robledo\",\"@id\":\"http:\\\/\\\/unaymilletras.com\\\/#\\\/schema\\\/person\\\/d55ba681b8a4e463d8982dbe36a5dc94\"},\"headline\":\"Duki ilumina el Bernab\u00e9u en una noche hist\u00f3rica\",\"datePublished\":\"2024-06-12T16:08:37+00:00\",\"dateModified\":\"2024-06-12T16:31:57+00:00\",\"mainEntityOfPage\":{\"@id\":\"https:\\\/\\\/unaymilletras.com\\\/duki-ilumina-el-bernabeu-en-una-noche-historica\\\/\"},\"wordCount\":1583,\"commentCount\":0,\"publisher\":{\"@id\":\"http:\\\/\\\/unaymilletras.com\\\/#organization\"},\"image\":{\"@id\":\"https:\\\/\\\/unaymilletras.com\\\/duki-ilumina-el-bernabeu-en-una-noche-historica\\\/#primaryimage\"},\"thumbnailUrl\":\"https:\\\/\\\/unaymilletras.com\\\/wp-content\\\/uploads\\\/2024\\\/06\\\/IMG_9582-scaled-e1718208149623.jpg\",\"articleSection\":[\"Eventos\",\"M\u00fasica\"],\"inLanguage\":\"en-GB\",\"potentialAction\":[{\"@type\":\"CommentAction\",\"name\":\"Comment\",\"target\":[\"https:\\\/\\\/unaymilletras.com\\\/duki-ilumina-el-bernabeu-en-una-noche-historica\\\/#respond\"]}]},{\"@type\":\"WebPage\",\"@id\":\"https:\\\/\\\/unaymilletras.com\\\/duki-ilumina-el-bernabeu-en-una-noche-historica\\\/\",\"url\":\"https:\\\/\\\/unaymilletras.com\\\/duki-ilumina-el-bernabeu-en-una-noche-historica\\\/\",\"name\":\"Duki ilumina el Bernab\u00e9u en una noche hist\u00f3rica\",\"isPartOf\":{\"@id\":\"http:\\\/\\\/unaymilletras.com\\\/#website\"},\"primaryImageOfPage\":{\"@id\":\"https:\\\/\\\/unaymilletras.com\\\/duki-ilumina-el-bernabeu-en-una-noche-historica\\\/#primaryimage\"},\"image\":{\"@id\":\"https:\\\/\\\/unaymilletras.com\\\/duki-ilumina-el-bernabeu-en-una-noche-historica\\\/#primaryimage\"},\"thumbnailUrl\":\"https:\\\/\\\/unaymilletras.com\\\/wp-content\\\/uploads\\\/2024\\\/06\\\/IMG_9582-scaled-e1718208149623.jpg\",\"datePublished\":\"2024-06-12T16:08:37+00:00\",\"dateModified\":\"2024-06-12T16:31:57+00:00\",\"description\":\"El referente argentino, Duki, conquista a m\u00e1s de 65.000 personas en un show \u00fanico y lleno de invitados que ha marcado el coraz\u00f3n de todos\",\"breadcrumb\":{\"@id\":\"https:\\\/\\\/unaymilletras.com\\\/duki-ilumina-el-bernabeu-en-una-noche-historica\\\/#breadcrumb\"},\"inLanguage\":\"en-GB\",\"potentialAction\":[{\"@type\":\"ReadAction\",\"target\":[\"https:\\\/\\\/unaymilletras.com\\\/duki-ilumina-el-bernabeu-en-una-noche-historica\\\/\"]}]},{\"@type\":\"ImageObject\",\"inLanguage\":\"en-GB\",\"@id\":\"https:\\\/\\\/unaymilletras.com\\\/duki-ilumina-el-bernabeu-en-una-noche-historica\\\/#primaryimage\",\"url\":\"https:\\\/\\\/unaymilletras.com\\\/wp-content\\\/uploads\\\/2024\\\/06\\\/IMG_9582-scaled-e1718208149623.jpg\",\"contentUrl\":\"https:\\\/\\\/unaymilletras.com\\\/wp-content\\\/uploads\\\/2024\\\/06\\\/IMG_9582-scaled-e1718208149623.jpg\",\"width\":600,\"height\":400,\"caption\":\"Fot\u00f3grafa: Andrea Muriel\"},{\"@type\":\"BreadcrumbList\",\"@id\":\"https:\\\/\\\/unaymilletras.com\\\/duki-ilumina-el-bernabeu-en-una-noche-historica\\\/#breadcrumb\",\"itemListElement\":[{\"@type\":\"ListItem\",\"position\":1,\"name\":\"Home\",\"item\":\"http:\\\/\\\/unaymilletras.com\\\/\"},{\"@type\":\"ListItem\",\"position\":2,\"name\":\"Duki ilumina el Bernab\u00e9u en una noche hist\u00f3rica\"}]},{\"@type\":\"WebSite\",\"@id\":\"http:\\\/\\\/unaymilletras.com\\\/#website\",\"url\":\"http:\\\/\\\/unaymilletras.com\\\/\",\"name\":\"Una y Mil Letras\",\"description\":\"\",\"publisher\":{\"@id\":\"http:\\\/\\\/unaymilletras.com\\\/#organization\"},\"potentialAction\":[{\"@type\":\"SearchAction\",\"target\":{\"@type\":\"EntryPoint\",\"urlTemplate\":\"http:\\\/\\\/unaymilletras.com\\\/?s={search_term_string}\"},\"query-input\":{\"@type\":\"PropertyValueSpecification\",\"valueRequired\":true,\"valueName\":\"search_term_string\"}}],\"inLanguage\":\"en-GB\"},{\"@type\":\"Organization\",\"@id\":\"http:\\\/\\\/unaymilletras.com\\\/#organization\",\"name\":\"Una y Mil Letras\",\"url\":\"http:\\\/\\\/unaymilletras.com\\\/\",\"logo\":{\"@type\":\"ImageObject\",\"inLanguage\":\"en-GB\",\"@id\":\"http:\\\/\\\/unaymilletras.com\\\/#\\\/schema\\\/logo\\\/image\\\/\",\"url\":\"https:\\\/\\\/unaymilletras.com\\\/wp-content\\\/uploads\\\/2024\\\/06\\\/cropped-Logo-removebg-preview.png\",\"contentUrl\":\"https:\\\/\\\/unaymilletras.com\\\/wp-content\\\/uploads\\\/2024\\\/06\\\/cropped-Logo-removebg-preview.png\",\"width\":512,\"height\":512,\"caption\":\"Una y Mil Letras\"},\"image\":{\"@id\":\"http:\\\/\\\/unaymilletras.com\\\/#\\\/schema\\\/logo\\\/image\\\/\"},\"sameAs\":[\"https:\\\/\\\/x.com\\\/UnaYMilLetras\",\"https:\\\/\\\/instagram.com\\\/UnaYMilLetras\"]},{\"@type\":\"Person\",\"@id\":\"http:\\\/\\\/unaymilletras.com\\\/#\\\/schema\\\/person\\\/d55ba681b8a4e463d8982dbe36a5dc94\",\"name\":\"Maria Gil Robledo\",\"image\":{\"@type\":\"ImageObject\",\"inLanguage\":\"en-GB\",\"@id\":\"https:\\\/\\\/secure.gravatar.com\\\/avatar\\\/4b8e5102e0015789407eb4870b12f0f2857952d83ca124058f92b764bd1840c3?s=96&d=mm&r=g\",\"url\":\"https:\\\/\\\/secure.gravatar.com\\\/avatar\\\/4b8e5102e0015789407eb4870b12f0f2857952d83ca124058f92b764bd1840c3?s=96&d=mm&r=g\",\"contentUrl\":\"https:\\\/\\\/secure.gravatar.com\\\/avatar\\\/4b8e5102e0015789407eb4870b12f0f2857952d83ca124058f92b764bd1840c3?s=96&d=mm&r=g\",\"caption\":\"Maria Gil Robledo\"},\"sameAs\":[\"http:\\\/\\\/unaymilletras.com\"],\"url\":\"https:\\\/\\\/unaymilletras.com\\\/en\\\/author\\\/mariiagiil02_\\\/\"}]}<\/script>\n<!-- \/ Yoast SEO plugin. -->","yoast_head_json":{"title":"Duki ilumina el Bernab\u00e9u en una noche hist\u00f3rica","description":"El referente argentino, Duki, conquista a m\u00e1s de 65.000 personas en un show \u00fanico y lleno de invitados que ha marcado el coraz\u00f3n de todos","robots":{"index":"index","follow":"follow","max-snippet":"max-snippet:-1","max-image-preview":"max-image-preview:large","max-video-preview":"max-video-preview:-1"},"canonical":"https:\/\/unaymilletras.com\/en\/duki-ilumina-el-bernabeu-en-una-noche-historica\/","og_locale":"en_GB","og_type":"article","og_title":"Duki ilumina el Bernab\u00e9u en una noche hist\u00f3rica","og_description":"El referente argentino, Duki, conquista a m\u00e1s de 65.000 personas en un show \u00fanico y lleno de invitados que ha marcado el coraz\u00f3n de todos","og_url":"https:\/\/unaymilletras.com\/en\/duki-ilumina-el-bernabeu-en-una-noche-historica\/","og_site_name":"Una y Mil Letras","article_published_time":"2024-06-12T16:08:37+00:00","article_modified_time":"2024-06-12T16:31:57+00:00","og_image":[{"width":600,"height":400,"url":"http:\/\/unaymilletras.com\/wp-content\/uploads\/2024\/06\/IMG_9582-scaled-e1718208149623.jpg","type":"image\/jpeg"}],"author":"Maria Gil Robledo","twitter_card":"summary_large_image","twitter_creator":"@UnaYMilLetras","twitter_site":"@UnaYMilLetras","twitter_misc":{"Written by":"Maria Gil Robledo","Estimated reading time":"9 minutes"},"schema":{"@context":"https:\/\/schema.org","@graph":[{"@type":"Article","@id":"https:\/\/unaymilletras.com\/duki-ilumina-el-bernabeu-en-una-noche-historica\/#article","isPartOf":{"@id":"https:\/\/unaymilletras.com\/duki-ilumina-el-bernabeu-en-una-noche-historica\/"},"author":{"name":"Maria Gil Robledo","@id":"http:\/\/unaymilletras.com\/#\/schema\/person\/d55ba681b8a4e463d8982dbe36a5dc94"},"headline":"Duki ilumina el Bernab\u00e9u en una noche hist\u00f3rica","datePublished":"2024-06-12T16:08:37+00:00","dateModified":"2024-06-12T16:31:57+00:00","mainEntityOfPage":{"@id":"https:\/\/unaymilletras.com\/duki-ilumina-el-bernabeu-en-una-noche-historica\/"},"wordCount":1583,"commentCount":0,"publisher":{"@id":"http:\/\/unaymilletras.com\/#organization"},"image":{"@id":"https:\/\/unaymilletras.com\/duki-ilumina-el-bernabeu-en-una-noche-historica\/#primaryimage"},"thumbnailUrl":"https:\/\/unaymilletras.com\/wp-content\/uploads\/2024\/06\/IMG_9582-scaled-e1718208149623.jpg","articleSection":["Eventos","M\u00fasica"],"inLanguage":"en-GB","potentialAction":[{"@type":"CommentAction","name":"Comment","target":["https:\/\/unaymilletras.com\/duki-ilumina-el-bernabeu-en-una-noche-historica\/#respond"]}]},{"@type":"WebPage","@id":"https:\/\/unaymilletras.com\/duki-ilumina-el-bernabeu-en-una-noche-historica\/","url":"https:\/\/unaymilletras.com\/duki-ilumina-el-bernabeu-en-una-noche-historica\/","name":"Duki ilumina el Bernab\u00e9u en una noche hist\u00f3rica","isPartOf":{"@id":"http:\/\/unaymilletras.com\/#website"},"primaryImageOfPage":{"@id":"https:\/\/unaymilletras.com\/duki-ilumina-el-bernabeu-en-una-noche-historica\/#primaryimage"},"image":{"@id":"https:\/\/unaymilletras.com\/duki-ilumina-el-bernabeu-en-una-noche-historica\/#primaryimage"},"thumbnailUrl":"https:\/\/unaymilletras.com\/wp-content\/uploads\/2024\/06\/IMG_9582-scaled-e1718208149623.jpg","datePublished":"2024-06-12T16:08:37+00:00","dateModified":"2024-06-12T16:31:57+00:00","description":"El referente argentino, Duki, conquista a m\u00e1s de 65.000 personas en un show \u00fanico y lleno de invitados que ha marcado el coraz\u00f3n de todos","breadcrumb":{"@id":"https:\/\/unaymilletras.com\/duki-ilumina-el-bernabeu-en-una-noche-historica\/#breadcrumb"},"inLanguage":"en-GB","potentialAction":[{"@type":"ReadAction","target":["https:\/\/unaymilletras.com\/duki-ilumina-el-bernabeu-en-una-noche-historica\/"]}]},{"@type":"ImageObject","inLanguage":"en-GB","@id":"https:\/\/unaymilletras.com\/duki-ilumina-el-bernabeu-en-una-noche-historica\/#primaryimage","url":"https:\/\/unaymilletras.com\/wp-content\/uploads\/2024\/06\/IMG_9582-scaled-e1718208149623.jpg","contentUrl":"https:\/\/unaymilletras.com\/wp-content\/uploads\/2024\/06\/IMG_9582-scaled-e1718208149623.jpg","width":600,"height":400,"caption":"Fot\u00f3grafa: Andrea Muriel"},{"@type":"BreadcrumbList","@id":"https:\/\/unaymilletras.com\/duki-ilumina-el-bernabeu-en-una-noche-historica\/#breadcrumb","itemListElement":[{"@type":"ListItem","position":1,"name":"Home","item":"http:\/\/unaymilletras.com\/"},{"@type":"ListItem","position":2,"name":"Duki ilumina el Bernab\u00e9u en una noche hist\u00f3rica"}]},{"@type":"WebSite","@id":"http:\/\/unaymilletras.com\/#website","url":"http:\/\/unaymilletras.com\/","name":"Una y Mil Letras","description":"","publisher":{"@id":"http:\/\/unaymilletras.com\/#organization"},"potentialAction":[{"@type":"SearchAction","target":{"@type":"EntryPoint","urlTemplate":"http:\/\/unaymilletras.com\/?s={search_term_string}"},"query-input":{"@type":"PropertyValueSpecification","valueRequired":true,"valueName":"search_term_string"}}],"inLanguage":"en-GB"},{"@type":"Organization","@id":"http:\/\/unaymilletras.com\/#organization","name":"Una y Mil Letras","url":"http:\/\/unaymilletras.com\/","logo":{"@type":"ImageObject","inLanguage":"en-GB","@id":"http:\/\/unaymilletras.com\/#\/schema\/logo\/image\/","url":"https:\/\/unaymilletras.com\/wp-content\/uploads\/2024\/06\/cropped-Logo-removebg-preview.png","contentUrl":"https:\/\/unaymilletras.com\/wp-content\/uploads\/2024\/06\/cropped-Logo-removebg-preview.png","width":512,"height":512,"caption":"Una y Mil Letras"},"image":{"@id":"http:\/\/unaymilletras.com\/#\/schema\/logo\/image\/"},"sameAs":["https:\/\/x.com\/UnaYMilLetras","https:\/\/instagram.com\/UnaYMilLetras"]},{"@type":"Person","@id":"http:\/\/unaymilletras.com\/#\/schema\/person\/d55ba681b8a4e463d8982dbe36a5dc94","name":"Maria Gil Robledo","image":{"@type":"ImageObject","inLanguage":"en-GB","@id":"https:\/\/secure.gravatar.com\/avatar\/4b8e5102e0015789407eb4870b12f0f2857952d83ca124058f92b764bd1840c3?s=96&d=mm&r=g","url":"https:\/\/secure.gravatar.com\/avatar\/4b8e5102e0015789407eb4870b12f0f2857952d83ca124058f92b764bd1840c3?s=96&d=mm&r=g","contentUrl":"https:\/\/secure.gravatar.com\/avatar\/4b8e5102e0015789407eb4870b12f0f2857952d83ca124058f92b764bd1840c3?s=96&d=mm&r=g","caption":"Maria Gil Robledo"},"sameAs":["http:\/\/unaymilletras.com"],"url":"https:\/\/unaymilletras.com\/en\/author\/mariiagiil02_\/"}]}},"_links":{"self":[{"href":"https:\/\/unaymilletras.com\/en\/wp-json\/wp\/v2\/posts\/2735","targetHints":{"allow":["GET"]}}],"collection":[{"href":"https:\/\/unaymilletras.com\/en\/wp-json\/wp\/v2\/posts"}],"about":[{"href":"https:\/\/unaymilletras.com\/en\/wp-json\/wp\/v2\/types\/post"}],"author":[{"embeddable":true,"href":"https:\/\/unaymilletras.com\/en\/wp-json\/wp\/v2\/users\/1"}],"replies":[{"embeddable":true,"href":"https:\/\/unaymilletras.com\/en\/wp-json\/wp\/v2\/comments?post=2735"}],"version-history":[{"count":5,"href":"https:\/\/unaymilletras.com\/en\/wp-json\/wp\/v2\/posts\/2735\/revisions"}],"predecessor-version":[{"id":2750,"href":"https:\/\/unaymilletras.com\/en\/wp-json\/wp\/v2\/posts\/2735\/revisions\/2750"}],"wp:featuredmedia":[{"embeddable":true,"href":"https:\/\/unaymilletras.com\/en\/wp-json\/wp\/v2\/media\/2742"}],"wp:attachment":[{"href":"https:\/\/unaymilletras.com\/en\/wp-json\/wp\/v2\/media?parent=2735"}],"wp:term":[{"taxonomy":"category","embeddable":true,"href":"https:\/\/unaymilletras.com\/en\/wp-json\/wp\/v2\/categories?post=2735"},{"taxonomy":"post_tag","embeddable":true,"href":"https:\/\/unaymilletras.com\/en\/wp-json\/wp\/v2\/tags?post=2735"}],"curies":[{"name":"wp","href":"https:\/\/api.w.org\/{rel}","templated":true}]}}