{"id":2751,"date":"2024-06-12T20:00:00","date_gmt":"2024-06-12T18:00:00","guid":{"rendered":"https:\/\/unaymilletras.com\/?p=2751"},"modified":"2024-08-21T18:12:12","modified_gmt":"2024-08-21T16:12:12","slug":"bruce-springsteen-celebra-el-40-aniversario-de-born-in-the-u-s-a","status":"publish","type":"post","link":"https:\/\/unaymilletras.com\/en\/bruce-springsteen-celebra-el-40-aniversario-de-born-in-the-u-s-a\/","title":{"rendered":"Bruce Springsteen celebra el 40 aniversario de \u00abBorn In The U.S.A\u00bb"},"content":{"rendered":"\t\t<div data-elementor-type=\"wp-post\" data-elementor-id=\"2751\" class=\"elementor elementor-2751\">\n\t\t\t\t\t\t<section class=\"elementor-section elementor-top-section elementor-element elementor-element-ec3291f elementor-section-boxed elementor-section-height-default elementor-section-height-default\" data-id=\"ec3291f\" data-element_type=\"section\" data-e-type=\"section\">\n\t\t\t\t\t\t<div class=\"elementor-container elementor-column-gap-default\">\n\t\t\t\t\t<div class=\"elementor-column elementor-col-100 elementor-top-column elementor-element elementor-element-8d16fcb\" data-id=\"8d16fcb\" data-element_type=\"column\" data-e-type=\"column\">\n\t\t\t<div class=\"elementor-widget-wrap elementor-element-populated\">\n\t\t\t\t\t\t<div class=\"elementor-element elementor-element-fea7c14 elementor-widget elementor-widget-text-editor\" data-id=\"fea7c14\" data-element_type=\"widget\" data-e-type=\"widget\" data-widget_type=\"text-editor.default\">\n\t\t\t\t<div class=\"elementor-widget-container\">\n\t\t\t\t\t\t\t\t\t<h2 style=\"text-align: center;\"><em><span style=\"color: #808080;\">Bruce Springsteen anuncia una edici\u00f3n especial en vinilo y una gira europea para conmemorar su icono musical<\/span><\/em><\/h2>\t\t\t\t\t\t\t\t<\/div>\n\t\t\t\t<\/div>\n\t\t\t\t\t<\/div>\n\t\t<\/div>\n\t\t\t\t\t<\/div>\n\t\t<\/section>\n\t\t\t\t<section class=\"elementor-section elementor-top-section elementor-element elementor-element-4c326db elementor-section-boxed elementor-section-height-default elementor-section-height-default\" data-id=\"4c326db\" data-element_type=\"section\" data-e-type=\"section\">\n\t\t\t\t\t\t<div class=\"elementor-container elementor-column-gap-default\">\n\t\t\t\t\t<div class=\"elementor-column elementor-col-100 elementor-top-column elementor-element elementor-element-b18a60a\" data-id=\"b18a60a\" data-element_type=\"column\" data-e-type=\"column\">\n\t\t\t<div class=\"elementor-widget-wrap elementor-element-populated\">\n\t\t\t\t\t\t<div class=\"elementor-element elementor-element-0fc52ec elementor-widget elementor-widget-text-editor\" data-id=\"0fc52ec\" data-element_type=\"widget\" data-e-type=\"widget\" data-widget_type=\"text-editor.default\">\n\t\t\t\t<div class=\"elementor-widget-container\">\n\t\t\t\t\t\t\t\t\t<p><span style=\"color: #808080;\"><strong>Bruce Springsteen<\/strong> conmemora el 40 aniversario de su emblem\u00e1tico \u00e1lbum <em><strong><a style=\"color: #808080;\" href=\"https:\/\/open.spotify.com\/intl-es\/track\/0dOg1ySSI7NkpAe89Zo0b9?si=351f940b12274add\">Born In The U.S.A.<\/a><\/strong><\/em>\u00a0con una edici\u00f3n especial en vinilo rojo transl\u00facido. Esta edici\u00f3n, que se publica el 14 de junio, incluye una funda desplegable, un libreto exclusivo con material de archivo de la \u00e9poca, nuevas notas de Erik Flannigan y una litograf\u00eda en cuatro colores. Ya est\u00e1 disponible para reserva.<\/span><\/p>\t\t\t\t\t\t\t\t<\/div>\n\t\t\t\t<\/div>\n\t\t\t\t\t<\/div>\n\t\t<\/div>\n\t\t\t\t\t<\/div>\n\t\t<\/section>\n\t\t\t\t<section class=\"elementor-section elementor-top-section elementor-element elementor-element-ffe22b2 elementor-section-boxed elementor-section-height-default elementor-section-height-default\" data-id=\"ffe22b2\" data-element_type=\"section\" data-e-type=\"section\">\n\t\t\t\t\t\t<div class=\"elementor-container elementor-column-gap-default\">\n\t\t\t\t\t<div class=\"elementor-column elementor-col-50 elementor-top-column elementor-element elementor-element-7b4da68\" data-id=\"7b4da68\" data-element_type=\"column\" data-e-type=\"column\">\n\t\t\t<div class=\"elementor-widget-wrap elementor-element-populated\">\n\t\t\t\t\t\t<div class=\"elementor-element elementor-element-3b87d9e elementor-widget elementor-widget-image\" data-id=\"3b87d9e\" data-element_type=\"widget\" data-e-type=\"widget\" data-widget_type=\"image.default\">\n\t\t\t\t<div class=\"elementor-widget-container\">\n\t\t\t\t\t\t\t\t\t\t\t\t\t\t\t<img fetchpriority=\"high\" decoding=\"async\" width=\"640\" height=\"640\" src=\"https:\/\/unaymilletras.com\/wp-content\/uploads\/2024\/06\/9806b179-1877-d41e-d35b-0475d86f-1024x1024.jpg\" class=\"attachment-large size-large wp-image-2753\" alt=\"Bruce Springsteen\" srcset=\"https:\/\/unaymilletras.com\/wp-content\/uploads\/2024\/06\/9806b179-1877-d41e-d35b-0475d86f-1024x1024.jpg 1024w, https:\/\/unaymilletras.com\/wp-content\/uploads\/2024\/06\/9806b179-1877-d41e-d35b-0475d86f-300x300.jpg 300w, https:\/\/unaymilletras.com\/wp-content\/uploads\/2024\/06\/9806b179-1877-d41e-d35b-0475d86f-150x150.jpg 150w, https:\/\/unaymilletras.com\/wp-content\/uploads\/2024\/06\/9806b179-1877-d41e-d35b-0475d86f-768x768.jpg 768w, https:\/\/unaymilletras.com\/wp-content\/uploads\/2024\/06\/9806b179-1877-d41e-d35b-0475d86f-e1718212658945.jpg 600w\" sizes=\"(max-width: 640px) 100vw, 640px\" \/>\t\t\t\t\t\t\t\t\t\t\t\t\t\t\t<\/div>\n\t\t\t\t<\/div>\n\t\t\t\t\t<\/div>\n\t\t<\/div>\n\t\t\t\t<div class=\"elementor-column elementor-col-50 elementor-top-column elementor-element elementor-element-a975b60\" data-id=\"a975b60\" data-element_type=\"column\" data-e-type=\"column\">\n\t\t\t<div class=\"elementor-widget-wrap elementor-element-populated\">\n\t\t\t\t\t\t<div class=\"elementor-element elementor-element-24c2f81 elementor-widget elementor-widget-text-editor\" data-id=\"24c2f81\" data-element_type=\"widget\" data-e-type=\"widget\" data-widget_type=\"text-editor.default\">\n\t\t\t\t<div class=\"elementor-widget-container\">\n\t\t\t\t\t\t\t\t\t<p>Lanzado en 1984, <em>Born In The U.S.A.<\/em> gener\u00f3 siete sencillos en el Top Ten y vendi\u00f3 17 millones de copias. Captur\u00f3 el esp\u00edritu de la cultura pop de su tiempo, con un impacto profundo en una generaci\u00f3n. La gira del \u00e1lbum incluy\u00f3 156 conciertos con entradas agotadas alrededor del mundo. Canciones como <em>Dancing In The Dark, No Surrender<\/em> y <em>Glory Days<\/em>\u00a0siguen siendo esenciales en sus conciertos.<\/p><p>Cuarenta a\u00f1os despu\u00e9s, Bruce Springsteen y la E Street Band inician su gira europea de 2024, con varios conciertos en Madrid y Barcelona. Este directo ha sido elogiado como \u00abinigualable por cualquier otro grupo\u00bb (Billboard), \u00absigue marcando la pauta\u00bb (Rolling Stone) y \u00abel m\u00e1s poderoso&#8230; que jam\u00e1s ha construido\u00bb (Variety).<\/p>\t\t\t\t\t\t\t\t<\/div>\n\t\t\t\t<\/div>\n\t\t\t\t\t<\/div>\n\t\t<\/div>\n\t\t\t\t\t<\/div>\n\t\t<\/section>\n\t\t\t\t<section class=\"elementor-section elementor-top-section elementor-element elementor-element-5625ddc elementor-section-boxed elementor-section-height-default elementor-section-height-default\" data-id=\"5625ddc\" data-element_type=\"section\" data-e-type=\"section\">\n\t\t\t\t\t\t<div class=\"elementor-container elementor-column-gap-default\">\n\t\t\t\t\t<div class=\"elementor-column elementor-col-100 elementor-top-column elementor-element elementor-element-fb0796e\" data-id=\"fb0796e\" data-element_type=\"column\" data-e-type=\"column\">\n\t\t\t<div class=\"elementor-widget-wrap elementor-element-populated\">\n\t\t\t\t\t\t<div class=\"elementor-element elementor-element-67ccc25 elementor-widget elementor-widget-text-editor\" data-id=\"67ccc25\" data-element_type=\"widget\" data-e-type=\"widget\" data-widget_type=\"text-editor.default\">\n\t\t\t\t<div class=\"elementor-widget-container\">\n\t\t\t\t\t\t\t\t\t<div class=\"flex flex-grow flex-col max-w-full\"><div class=\"min-h-[20px] text-message flex flex-col items-start whitespace-pre-wrap break-words [.text-message+&amp;]:mt-5 juice:w-full juice:items-end overflow-x-auto gap-2\" dir=\"auto\" data-message-author-role=\"assistant\" data-message-id=\"edd6e7f8-112f-49e6-8aeb-3e2e036e58c6\"><div class=\"flex w-full flex-col gap-1 juice:empty:hidden juice:first:pt-[3px]\"><div class=\"markdown prose w-full break-words dark:prose-invert light\"><p>Springsteen y la E Street Band contin\u00faan demostrando su vigencia y capacidad para conectar con el p\u00fablico de todo el mundo, manteniendo viva la esencia de <em>Born In The U.S.A.<\/em>\u00a0y su legado en la m\u00fasica popular.<\/p><\/div><\/div><\/div><\/div>\t\t\t\t\t\t\t\t<\/div>\n\t\t\t\t<\/div>\n\t\t\t\t\t<\/div>\n\t\t<\/div>\n\t\t\t\t\t<\/div>\n\t\t<\/section>\n\t\t\t\t<\/div>\n\t\t","protected":false},"excerpt":{"rendered":"<p>Bruce Springsteen anuncia una edici\u00f3n especial en vinilo y una gira europea para conmemorar su icono musical Bruce Springsteen conmemora el 40 aniversario de su emblem\u00e1tico \u00e1lbum Born In The U.S.A.\u00a0con una edici\u00f3n especial en vinilo rojo transl\u00facido. Esta edici\u00f3n, que se publica el 14 de junio, incluye una funda desplegable, un libreto exclusivo con [&hellip;]<\/p>\n","protected":false},"author":6,"featured_media":2753,"comment_status":"open","ping_status":"open","sticky":false,"template":"","format":"standard","meta":{"footnotes":""},"categories":[4],"tags":[],"class_list":["post-2751","post","type-post","status-publish","format-standard","has-post-thumbnail","hentry","category-musica"],"yoast_head":"<!-- This site is optimized with the Yoast SEO plugin v27.4 - https:\/\/yoast.com\/product\/yoast-seo-wordpress\/ -->\n<title>Bruce Springsteen celebra el 40 aniversario de &quot;Born In The U.S.A&quot;<\/title>\n<meta name=\"description\" content=\"Bruce Springsteen anuncia una edici\u00f3n especial en vinilo y una gira europea para C\u00a1sonmemorar su icono musical\" \/>\n<meta name=\"robots\" content=\"index, follow, max-snippet:-1, max-image-preview:large, max-video-preview:-1\" \/>\n<link rel=\"canonical\" href=\"https:\/\/unaymilletras.com\/en\/bruce-springsteen-celebra-el-40-aniversario-de-born-in-the-u-s-a\/\" \/>\n<meta property=\"og:locale\" content=\"en_GB\" \/>\n<meta property=\"og:type\" content=\"article\" \/>\n<meta property=\"og:title\" content=\"Bruce Springsteen celebra el 40 aniversario de &quot;Born In The U.S.A&quot;\" \/>\n<meta property=\"og:description\" content=\"Bruce Springsteen anuncia una edici\u00f3n especial en vinilo y una gira europea para C\u00a1sonmemorar su icono musical\" \/>\n<meta property=\"og:url\" content=\"https:\/\/unaymilletras.com\/en\/bruce-springsteen-celebra-el-40-aniversario-de-born-in-the-u-s-a\/\" \/>\n<meta property=\"og:site_name\" content=\"Una y Mil Letras\" \/>\n<meta property=\"article:published_time\" content=\"2024-06-12T18:00:00+00:00\" \/>\n<meta property=\"article:modified_time\" content=\"2024-08-21T16:12:12+00:00\" \/>\n<meta property=\"og:image\" content=\"http:\/\/unaymilletras.com\/wp-content\/uploads\/2024\/06\/9806b179-1877-d41e-d35b-0475d86f-e1718212658945.jpg\" \/>\n\t<meta property=\"og:image:width\" content=\"600\" \/>\n\t<meta property=\"og:image:height\" content=\"600\" \/>\n\t<meta property=\"og:image:type\" content=\"image\/jpeg\" \/>\n<meta name=\"author\" content=\"Redacci\u00f3n\" \/>\n<meta name=\"twitter:card\" content=\"summary_large_image\" \/>\n<meta name=\"twitter:creator\" content=\"@UnaYMilLetras\" \/>\n<meta name=\"twitter:site\" content=\"@UnaYMilLetras\" \/>\n<meta name=\"twitter:label1\" content=\"Written by\" \/>\n\t<meta name=\"twitter:data1\" content=\"Redacci\u00f3n\" \/>\n\t<meta name=\"twitter:label2\" content=\"Estimated reading time\" \/>\n\t<meta name=\"twitter:data2\" content=\"2 minutes\" \/>\n<script type=\"application\/ld+json\" class=\"yoast-schema-graph\">{\"@context\":\"https:\\\/\\\/schema.org\",\"@graph\":[{\"@type\":\"Article\",\"@id\":\"https:\\\/\\\/unaymilletras.com\\\/bruce-springsteen-celebra-el-40-aniversario-de-born-in-the-u-s-a\\\/#article\",\"isPartOf\":{\"@id\":\"https:\\\/\\\/unaymilletras.com\\\/bruce-springsteen-celebra-el-40-aniversario-de-born-in-the-u-s-a\\\/\"},\"author\":{\"name\":\"Redacci\u00f3n\",\"@id\":\"http:\\\/\\\/unaymilletras.com\\\/#\\\/schema\\\/person\\\/0860dc8a218329991ee2c7591f4f849d\"},\"headline\":\"Bruce Springsteen celebra el 40 aniversario de \u00abBorn In The U.S.A\u00bb\",\"datePublished\":\"2024-06-12T18:00:00+00:00\",\"dateModified\":\"2024-08-21T16:12:12+00:00\",\"mainEntityOfPage\":{\"@id\":\"https:\\\/\\\/unaymilletras.com\\\/bruce-springsteen-celebra-el-40-aniversario-de-born-in-the-u-s-a\\\/\"},\"wordCount\":259,\"commentCount\":0,\"publisher\":{\"@id\":\"http:\\\/\\\/unaymilletras.com\\\/#organization\"},\"image\":{\"@id\":\"https:\\\/\\\/unaymilletras.com\\\/bruce-springsteen-celebra-el-40-aniversario-de-born-in-the-u-s-a\\\/#primaryimage\"},\"thumbnailUrl\":\"https:\\\/\\\/unaymilletras.com\\\/wp-content\\\/uploads\\\/2024\\\/06\\\/9806b179-1877-d41e-d35b-0475d86f-e1718212658945.jpg\",\"articleSection\":[\"M\u00fasica\"],\"inLanguage\":\"en-GB\",\"potentialAction\":[{\"@type\":\"CommentAction\",\"name\":\"Comment\",\"target\":[\"https:\\\/\\\/unaymilletras.com\\\/bruce-springsteen-celebra-el-40-aniversario-de-born-in-the-u-s-a\\\/#respond\"]}]},{\"@type\":\"WebPage\",\"@id\":\"https:\\\/\\\/unaymilletras.com\\\/bruce-springsteen-celebra-el-40-aniversario-de-born-in-the-u-s-a\\\/\",\"url\":\"https:\\\/\\\/unaymilletras.com\\\/bruce-springsteen-celebra-el-40-aniversario-de-born-in-the-u-s-a\\\/\",\"name\":\"Bruce Springsteen celebra el 40 aniversario de \\\"Born In The U.S.A\\\"\",\"isPartOf\":{\"@id\":\"http:\\\/\\\/unaymilletras.com\\\/#website\"},\"primaryImageOfPage\":{\"@id\":\"https:\\\/\\\/unaymilletras.com\\\/bruce-springsteen-celebra-el-40-aniversario-de-born-in-the-u-s-a\\\/#primaryimage\"},\"image\":{\"@id\":\"https:\\\/\\\/unaymilletras.com\\\/bruce-springsteen-celebra-el-40-aniversario-de-born-in-the-u-s-a\\\/#primaryimage\"},\"thumbnailUrl\":\"https:\\\/\\\/unaymilletras.com\\\/wp-content\\\/uploads\\\/2024\\\/06\\\/9806b179-1877-d41e-d35b-0475d86f-e1718212658945.jpg\",\"datePublished\":\"2024-06-12T18:00:00+00:00\",\"dateModified\":\"2024-08-21T16:12:12+00:00\",\"description\":\"Bruce Springsteen anuncia una edici\u00f3n especial en vinilo y una gira europea para C\u00a1sonmemorar su icono musical\",\"breadcrumb\":{\"@id\":\"https:\\\/\\\/unaymilletras.com\\\/bruce-springsteen-celebra-el-40-aniversario-de-born-in-the-u-s-a\\\/#breadcrumb\"},\"inLanguage\":\"en-GB\",\"potentialAction\":[{\"@type\":\"ReadAction\",\"target\":[\"https:\\\/\\\/unaymilletras.com\\\/bruce-springsteen-celebra-el-40-aniversario-de-born-in-the-u-s-a\\\/\"]}]},{\"@type\":\"ImageObject\",\"inLanguage\":\"en-GB\",\"@id\":\"https:\\\/\\\/unaymilletras.com\\\/bruce-springsteen-celebra-el-40-aniversario-de-born-in-the-u-s-a\\\/#primaryimage\",\"url\":\"https:\\\/\\\/unaymilletras.com\\\/wp-content\\\/uploads\\\/2024\\\/06\\\/9806b179-1877-d41e-d35b-0475d86f-e1718212658945.jpg\",\"contentUrl\":\"https:\\\/\\\/unaymilletras.com\\\/wp-content\\\/uploads\\\/2024\\\/06\\\/9806b179-1877-d41e-d35b-0475d86f-e1718212658945.jpg\",\"width\":600,\"height\":600,\"caption\":\"Bruce Springsteen\"},{\"@type\":\"BreadcrumbList\",\"@id\":\"https:\\\/\\\/unaymilletras.com\\\/bruce-springsteen-celebra-el-40-aniversario-de-born-in-the-u-s-a\\\/#breadcrumb\",\"itemListElement\":[{\"@type\":\"ListItem\",\"position\":1,\"name\":\"Home\",\"item\":\"http:\\\/\\\/unaymilletras.com\\\/\"},{\"@type\":\"ListItem\",\"position\":2,\"name\":\"Bruce Springsteen celebra el 40 aniversario de \u00abBorn In The U.S.A\u00bb\"}]},{\"@type\":\"WebSite\",\"@id\":\"http:\\\/\\\/unaymilletras.com\\\/#website\",\"url\":\"http:\\\/\\\/unaymilletras.com\\\/\",\"name\":\"Una y Mil Letras\",\"description\":\"\",\"publisher\":{\"@id\":\"http:\\\/\\\/unaymilletras.com\\\/#organization\"},\"potentialAction\":[{\"@type\":\"SearchAction\",\"target\":{\"@type\":\"EntryPoint\",\"urlTemplate\":\"http:\\\/\\\/unaymilletras.com\\\/?s={search_term_string}\"},\"query-input\":{\"@type\":\"PropertyValueSpecification\",\"valueRequired\":true,\"valueName\":\"search_term_string\"}}],\"inLanguage\":\"en-GB\"},{\"@type\":\"Organization\",\"@id\":\"http:\\\/\\\/unaymilletras.com\\\/#organization\",\"name\":\"Una y Mil Letras\",\"url\":\"http:\\\/\\\/unaymilletras.com\\\/\",\"logo\":{\"@type\":\"ImageObject\",\"inLanguage\":\"en-GB\",\"@id\":\"http:\\\/\\\/unaymilletras.com\\\/#\\\/schema\\\/logo\\\/image\\\/\",\"url\":\"https:\\\/\\\/unaymilletras.com\\\/wp-content\\\/uploads\\\/2024\\\/06\\\/cropped-Logo-removebg-preview.png\",\"contentUrl\":\"https:\\\/\\\/unaymilletras.com\\\/wp-content\\\/uploads\\\/2024\\\/06\\\/cropped-Logo-removebg-preview.png\",\"width\":512,\"height\":512,\"caption\":\"Una y Mil Letras\"},\"image\":{\"@id\":\"http:\\\/\\\/unaymilletras.com\\\/#\\\/schema\\\/logo\\\/image\\\/\"},\"sameAs\":[\"https:\\\/\\\/x.com\\\/UnaYMilLetras\",\"https:\\\/\\\/instagram.com\\\/UnaYMilLetras\"]},{\"@type\":\"Person\",\"@id\":\"http:\\\/\\\/unaymilletras.com\\\/#\\\/schema\\\/person\\\/0860dc8a218329991ee2c7591f4f849d\",\"name\":\"Redacci\u00f3n\",\"image\":{\"@type\":\"ImageObject\",\"inLanguage\":\"en-GB\",\"@id\":\"https:\\\/\\\/secure.gravatar.com\\\/avatar\\\/d8f55e05a8b6597e45c55a1dcbdbfe44f4a360d88b48e00de5216a79b7732796?s=96&d=mm&r=g\",\"url\":\"https:\\\/\\\/secure.gravatar.com\\\/avatar\\\/d8f55e05a8b6597e45c55a1dcbdbfe44f4a360d88b48e00de5216a79b7732796?s=96&d=mm&r=g\",\"contentUrl\":\"https:\\\/\\\/secure.gravatar.com\\\/avatar\\\/d8f55e05a8b6597e45c55a1dcbdbfe44f4a360d88b48e00de5216a79b7732796?s=96&d=mm&r=g\",\"caption\":\"Redacci\u00f3n\"},\"url\":\"https:\\\/\\\/unaymilletras.com\\\/en\\\/author\\\/redaccion\\\/\"}]}<\/script>\n<!-- \/ Yoast SEO plugin. -->","yoast_head_json":{"title":"Bruce Springsteen celebra el 40 aniversario de \"Born In The U.S.A\"","description":"Bruce Springsteen anuncia una edici\u00f3n especial en vinilo y una gira europea para C\u00a1sonmemorar su icono musical","robots":{"index":"index","follow":"follow","max-snippet":"max-snippet:-1","max-image-preview":"max-image-preview:large","max-video-preview":"max-video-preview:-1"},"canonical":"https:\/\/unaymilletras.com\/en\/bruce-springsteen-celebra-el-40-aniversario-de-born-in-the-u-s-a\/","og_locale":"en_GB","og_type":"article","og_title":"Bruce Springsteen celebra el 40 aniversario de \"Born In The U.S.A\"","og_description":"Bruce Springsteen anuncia una edici\u00f3n especial en vinilo y una gira europea para C\u00a1sonmemorar su icono musical","og_url":"https:\/\/unaymilletras.com\/en\/bruce-springsteen-celebra-el-40-aniversario-de-born-in-the-u-s-a\/","og_site_name":"Una y Mil Letras","article_published_time":"2024-06-12T18:00:00+00:00","article_modified_time":"2024-08-21T16:12:12+00:00","og_image":[{"width":600,"height":600,"url":"http:\/\/unaymilletras.com\/wp-content\/uploads\/2024\/06\/9806b179-1877-d41e-d35b-0475d86f-e1718212658945.jpg","type":"image\/jpeg"}],"author":"Redacci\u00f3n","twitter_card":"summary_large_image","twitter_creator":"@UnaYMilLetras","twitter_site":"@UnaYMilLetras","twitter_misc":{"Written by":"Redacci\u00f3n","Estimated reading time":"2 minutes"},"schema":{"@context":"https:\/\/schema.org","@graph":[{"@type":"Article","@id":"https:\/\/unaymilletras.com\/bruce-springsteen-celebra-el-40-aniversario-de-born-in-the-u-s-a\/#article","isPartOf":{"@id":"https:\/\/unaymilletras.com\/bruce-springsteen-celebra-el-40-aniversario-de-born-in-the-u-s-a\/"},"author":{"name":"Redacci\u00f3n","@id":"http:\/\/unaymilletras.com\/#\/schema\/person\/0860dc8a218329991ee2c7591f4f849d"},"headline":"Bruce Springsteen celebra el 40 aniversario de \u00abBorn In The U.S.A\u00bb","datePublished":"2024-06-12T18:00:00+00:00","dateModified":"2024-08-21T16:12:12+00:00","mainEntityOfPage":{"@id":"https:\/\/unaymilletras.com\/bruce-springsteen-celebra-el-40-aniversario-de-born-in-the-u-s-a\/"},"wordCount":259,"commentCount":0,"publisher":{"@id":"http:\/\/unaymilletras.com\/#organization"},"image":{"@id":"https:\/\/unaymilletras.com\/bruce-springsteen-celebra-el-40-aniversario-de-born-in-the-u-s-a\/#primaryimage"},"thumbnailUrl":"https:\/\/unaymilletras.com\/wp-content\/uploads\/2024\/06\/9806b179-1877-d41e-d35b-0475d86f-e1718212658945.jpg","articleSection":["M\u00fasica"],"inLanguage":"en-GB","potentialAction":[{"@type":"CommentAction","name":"Comment","target":["https:\/\/unaymilletras.com\/bruce-springsteen-celebra-el-40-aniversario-de-born-in-the-u-s-a\/#respond"]}]},{"@type":"WebPage","@id":"https:\/\/unaymilletras.com\/bruce-springsteen-celebra-el-40-aniversario-de-born-in-the-u-s-a\/","url":"https:\/\/unaymilletras.com\/bruce-springsteen-celebra-el-40-aniversario-de-born-in-the-u-s-a\/","name":"Bruce Springsteen celebra el 40 aniversario de \"Born In The U.S.A\"","isPartOf":{"@id":"http:\/\/unaymilletras.com\/#website"},"primaryImageOfPage":{"@id":"https:\/\/unaymilletras.com\/bruce-springsteen-celebra-el-40-aniversario-de-born-in-the-u-s-a\/#primaryimage"},"image":{"@id":"https:\/\/unaymilletras.com\/bruce-springsteen-celebra-el-40-aniversario-de-born-in-the-u-s-a\/#primaryimage"},"thumbnailUrl":"https:\/\/unaymilletras.com\/wp-content\/uploads\/2024\/06\/9806b179-1877-d41e-d35b-0475d86f-e1718212658945.jpg","datePublished":"2024-06-12T18:00:00+00:00","dateModified":"2024-08-21T16:12:12+00:00","description":"Bruce Springsteen anuncia una edici\u00f3n especial en vinilo y una gira europea para C\u00a1sonmemorar su icono musical","breadcrumb":{"@id":"https:\/\/unaymilletras.com\/bruce-springsteen-celebra-el-40-aniversario-de-born-in-the-u-s-a\/#breadcrumb"},"inLanguage":"en-GB","potentialAction":[{"@type":"ReadAction","target":["https:\/\/unaymilletras.com\/bruce-springsteen-celebra-el-40-aniversario-de-born-in-the-u-s-a\/"]}]},{"@type":"ImageObject","inLanguage":"en-GB","@id":"https:\/\/unaymilletras.com\/bruce-springsteen-celebra-el-40-aniversario-de-born-in-the-u-s-a\/#primaryimage","url":"https:\/\/unaymilletras.com\/wp-content\/uploads\/2024\/06\/9806b179-1877-d41e-d35b-0475d86f-e1718212658945.jpg","contentUrl":"https:\/\/unaymilletras.com\/wp-content\/uploads\/2024\/06\/9806b179-1877-d41e-d35b-0475d86f-e1718212658945.jpg","width":600,"height":600,"caption":"Bruce Springsteen"},{"@type":"BreadcrumbList","@id":"https:\/\/unaymilletras.com\/bruce-springsteen-celebra-el-40-aniversario-de-born-in-the-u-s-a\/#breadcrumb","itemListElement":[{"@type":"ListItem","position":1,"name":"Home","item":"http:\/\/unaymilletras.com\/"},{"@type":"ListItem","position":2,"name":"Bruce Springsteen celebra el 40 aniversario de \u00abBorn In The U.S.A\u00bb"}]},{"@type":"WebSite","@id":"http:\/\/unaymilletras.com\/#website","url":"http:\/\/unaymilletras.com\/","name":"Una y Mil Letras","description":"","publisher":{"@id":"http:\/\/unaymilletras.com\/#organization"},"potentialAction":[{"@type":"SearchAction","target":{"@type":"EntryPoint","urlTemplate":"http:\/\/unaymilletras.com\/?s={search_term_string}"},"query-input":{"@type":"PropertyValueSpecification","valueRequired":true,"valueName":"search_term_string"}}],"inLanguage":"en-GB"},{"@type":"Organization","@id":"http:\/\/unaymilletras.com\/#organization","name":"Una y Mil Letras","url":"http:\/\/unaymilletras.com\/","logo":{"@type":"ImageObject","inLanguage":"en-GB","@id":"http:\/\/unaymilletras.com\/#\/schema\/logo\/image\/","url":"https:\/\/unaymilletras.com\/wp-content\/uploads\/2024\/06\/cropped-Logo-removebg-preview.png","contentUrl":"https:\/\/unaymilletras.com\/wp-content\/uploads\/2024\/06\/cropped-Logo-removebg-preview.png","width":512,"height":512,"caption":"Una y Mil Letras"},"image":{"@id":"http:\/\/unaymilletras.com\/#\/schema\/logo\/image\/"},"sameAs":["https:\/\/x.com\/UnaYMilLetras","https:\/\/instagram.com\/UnaYMilLetras"]},{"@type":"Person","@id":"http:\/\/unaymilletras.com\/#\/schema\/person\/0860dc8a218329991ee2c7591f4f849d","name":"Redacci\u00f3n","image":{"@type":"ImageObject","inLanguage":"en-GB","@id":"https:\/\/secure.gravatar.com\/avatar\/d8f55e05a8b6597e45c55a1dcbdbfe44f4a360d88b48e00de5216a79b7732796?s=96&d=mm&r=g","url":"https:\/\/secure.gravatar.com\/avatar\/d8f55e05a8b6597e45c55a1dcbdbfe44f4a360d88b48e00de5216a79b7732796?s=96&d=mm&r=g","contentUrl":"https:\/\/secure.gravatar.com\/avatar\/d8f55e05a8b6597e45c55a1dcbdbfe44f4a360d88b48e00de5216a79b7732796?s=96&d=mm&r=g","caption":"Redacci\u00f3n"},"url":"https:\/\/unaymilletras.com\/en\/author\/redaccion\/"}]}},"_links":{"self":[{"href":"https:\/\/unaymilletras.com\/en\/wp-json\/wp\/v2\/posts\/2751","targetHints":{"allow":["GET"]}}],"collection":[{"href":"https:\/\/unaymilletras.com\/en\/wp-json\/wp\/v2\/posts"}],"about":[{"href":"https:\/\/unaymilletras.com\/en\/wp-json\/wp\/v2\/types\/post"}],"author":[{"embeddable":true,"href":"https:\/\/unaymilletras.com\/en\/wp-json\/wp\/v2\/users\/6"}],"replies":[{"embeddable":true,"href":"https:\/\/unaymilletras.com\/en\/wp-json\/wp\/v2\/comments?post=2751"}],"version-history":[{"count":4,"href":"https:\/\/unaymilletras.com\/en\/wp-json\/wp\/v2\/posts\/2751\/revisions"}],"predecessor-version":[{"id":2756,"href":"https:\/\/unaymilletras.com\/en\/wp-json\/wp\/v2\/posts\/2751\/revisions\/2756"}],"wp:featuredmedia":[{"embeddable":true,"href":"https:\/\/unaymilletras.com\/en\/wp-json\/wp\/v2\/media\/2753"}],"wp:attachment":[{"href":"https:\/\/unaymilletras.com\/en\/wp-json\/wp\/v2\/media?parent=2751"}],"wp:term":[{"taxonomy":"category","embeddable":true,"href":"https:\/\/unaymilletras.com\/en\/wp-json\/wp\/v2\/categories?post=2751"},{"taxonomy":"post_tag","embeddable":true,"href":"https:\/\/unaymilletras.com\/en\/wp-json\/wp\/v2\/tags?post=2751"}],"curies":[{"name":"wp","href":"https:\/\/api.w.org\/{rel}","templated":true}]}}