{"id":2771,"date":"2024-06-17T18:04:42","date_gmt":"2024-06-17T16:04:42","guid":{"rendered":"https:\/\/unaymilletras.com\/?p=2771"},"modified":"2024-08-21T18:12:01","modified_gmt":"2024-08-21T16:12:01","slug":"sergio-dalma-celebrara-sus-35-anos-de-carrera-en-madrid","status":"publish","type":"post","link":"https:\/\/unaymilletras.com\/en\/sergio-dalma-celebrara-sus-35-anos-de-carrera-en-madrid\/","title":{"rendered":"Sergio Dalma celebrar\u00e1 sus 35 a\u00f1os de carrera en Madrid"},"content":{"rendered":"\t\t<div data-elementor-type=\"wp-post\" data-elementor-id=\"2771\" class=\"elementor elementor-2771\">\n\t\t\t\t\t\t<section class=\"elementor-section elementor-top-section elementor-element elementor-element-1919012 elementor-section-boxed elementor-section-height-default elementor-section-height-default\" data-id=\"1919012\" data-element_type=\"section\" data-e-type=\"section\">\n\t\t\t\t\t\t<div class=\"elementor-container elementor-column-gap-default\">\n\t\t\t\t\t<div class=\"elementor-column elementor-col-100 elementor-top-column elementor-element elementor-element-806626a\" data-id=\"806626a\" data-element_type=\"column\" data-e-type=\"column\">\n\t\t\t<div class=\"elementor-widget-wrap elementor-element-populated\">\n\t\t\t\t\t\t<div class=\"elementor-element elementor-element-ed93ff7 elementor-widget elementor-widget-text-editor\" data-id=\"ed93ff7\" data-element_type=\"widget\" data-e-type=\"widget\" data-widget_type=\"text-editor.default\">\n\t\t\t\t<div class=\"elementor-widget-container\">\n\t\t\t\t\t\t\t\t\t<h2 style=\"text-align: center;\"><em><span style=\"color: #808080;\">El 21 y 22 de junio Sergio Dalma presentar\u00e1 su nuevo \u00e1lbum \u00abSonr\u00ede porque est\u00e1s en la foto\u00bb en el Teatro Circo Price de Madrid<\/span><\/em><\/h2>\t\t\t\t\t\t\t\t<\/div>\n\t\t\t\t<\/div>\n\t\t\t\t\t<\/div>\n\t\t<\/div>\n\t\t\t\t\t<\/div>\n\t\t<\/section>\n\t\t\t\t<section class=\"elementor-section elementor-top-section elementor-element elementor-element-256352a elementor-section-boxed elementor-section-height-default elementor-section-height-default\" data-id=\"256352a\" data-element_type=\"section\" data-e-type=\"section\">\n\t\t\t\t\t\t<div class=\"elementor-container elementor-column-gap-default\">\n\t\t\t\t\t<div class=\"elementor-column elementor-col-100 elementor-top-column elementor-element elementor-element-1ba6253\" data-id=\"1ba6253\" data-element_type=\"column\" data-e-type=\"column\">\n\t\t\t<div class=\"elementor-widget-wrap elementor-element-populated\">\n\t\t\t\t\t\t<div class=\"elementor-element elementor-element-28840b4 elementor-widget elementor-widget-text-editor\" data-id=\"28840b4\" data-element_type=\"widget\" data-e-type=\"widget\" data-widget_type=\"text-editor.default\">\n\t\t\t\t<div class=\"elementor-widget-container\">\n\t\t\t\t\t\t\t\t\t<p><b>Sergio Dalma<\/b>\u00a0vuelve a Madrid para celebrar sus <b>35 a\u00f1os de carrera musical <\/b>con dos conciertos muy especiales en el <b>Teatro Circo Price<\/b>. Los pr\u00f3ximos<b> 21 y 22 de junio<\/b>, Dalma presentar\u00e1 su nuevo \u00e1lbum <b style=\"font-style: italic;\">Sonr\u00ede porque est\u00e1s en la foto<\/b> y ya tiene\u00a0con todas las entradas ya agotadas.b<\/p>\t\t\t\t\t\t\t\t<\/div>\n\t\t\t\t<\/div>\n\t\t\t\t\t<\/div>\n\t\t<\/div>\n\t\t\t\t\t<\/div>\n\t\t<\/section>\n\t\t\t\t<section class=\"elementor-section elementor-top-section elementor-element elementor-element-ead7b88 elementor-section-boxed elementor-section-height-default elementor-section-height-default\" data-id=\"ead7b88\" data-element_type=\"section\" data-e-type=\"section\">\n\t\t\t\t\t\t<div class=\"elementor-container elementor-column-gap-default\">\n\t\t\t\t\t<div class=\"elementor-column elementor-col-100 elementor-top-column elementor-element elementor-element-5504401\" data-id=\"5504401\" data-element_type=\"column\" data-e-type=\"column\">\n\t\t\t<div class=\"elementor-widget-wrap elementor-element-populated\">\n\t\t\t\t\t\t<div class=\"elementor-element elementor-element-c53caf5 elementor-widget elementor-widget-image\" data-id=\"c53caf5\" data-element_type=\"widget\" data-e-type=\"widget\" data-widget_type=\"image.default\">\n\t\t\t\t<div class=\"elementor-widget-container\">\n\t\t\t\t\t\t\t\t\t\t\t\t\t\t\t<img fetchpriority=\"high\" decoding=\"async\" width=\"600\" height=\"401\" src=\"https:\/\/unaymilletras.com\/wp-content\/uploads\/2024\/06\/ba33041e-e42f-fa5f-4863-7277511f-e1718639517109.jpg\" class=\"attachment-large size-large wp-image-2773\" alt=\"Sergio Dalma\" \/>\t\t\t\t\t\t\t\t\t\t\t\t\t\t\t<\/div>\n\t\t\t\t<\/div>\n\t\t\t\t\t<\/div>\n\t\t<\/div>\n\t\t\t\t\t<\/div>\n\t\t<\/section>\n\t\t\t\t<section class=\"elementor-section elementor-top-section elementor-element elementor-element-2da4854 elementor-section-boxed elementor-section-height-default elementor-section-height-default\" data-id=\"2da4854\" data-element_type=\"section\" data-e-type=\"section\">\n\t\t\t\t\t\t<div class=\"elementor-container elementor-column-gap-default\">\n\t\t\t\t\t<div class=\"elementor-column elementor-col-100 elementor-top-column elementor-element elementor-element-d44b5be\" data-id=\"d44b5be\" data-element_type=\"column\" data-e-type=\"column\">\n\t\t\t<div class=\"elementor-widget-wrap elementor-element-populated\">\n\t\t\t\t\t\t<div class=\"elementor-element elementor-element-8930c9c elementor-widget elementor-widget-text-editor\" data-id=\"8930c9c\" data-element_type=\"widget\" data-e-type=\"widget\" data-widget_type=\"text-editor.default\">\n\t\t\t\t<div class=\"elementor-widget-container\">\n\t\t\t\t\t\t\t\t\t<p>El nuevo disco de Dalma, <i><b>Sonr\u00ede porque est\u00e1s en la foto<\/b><\/i>, celebra su veteran\u00eda y sabidur\u00eda, combinadas con una continua b\u00fasqueda de innovaci\u00f3n. Este \u00e1lbum refleja la actitud del artista: con menos prejuicios y m\u00e1s atrevimiento, ofrece una mezcla de nuevas canciones y un repaso a sus grandes \u00e9xitos.<\/p>\n<p>La gira de Dalma comenz\u00f3 en Valladolid el pasado 3 de febrero y ha recorrido diversas ciudades de Espa\u00f1a, generando una gran expectaci\u00f3n y agotando entradas en muchas de ellas. La gira, que se extender\u00e1 hasta febrero de 2025, incluye m\u00e1s de 50 conciertos.<\/p>\n<p>El espect\u00e1culo promete cerca de dos horas de m\u00fasica en vivo, donde Dalma y su banda presentar\u00e1n tanto canciones de su nuevo trabajo como un recorrido por los temas m\u00e1s emblem\u00e1ticos de sus 35 a\u00f1os de trayectoria. Con nuevos arreglos, una puesta en escena sorprendente y muchas sorpresas, el show busca ofrecer una experiencia \u00fanica.<\/p>\t\t\t\t\t\t\t\t<\/div>\n\t\t\t\t<\/div>\n\t\t\t\t\t<\/div>\n\t\t<\/div>\n\t\t\t\t\t<\/div>\n\t\t<\/section>\n\t\t\t\t<section class=\"elementor-section elementor-top-section elementor-element elementor-element-c2fe5c9 elementor-section-boxed elementor-section-height-default elementor-section-height-default\" data-id=\"c2fe5c9\" data-element_type=\"section\" data-e-type=\"section\">\n\t\t\t\t\t\t<div class=\"elementor-container elementor-column-gap-default\">\n\t\t\t\t\t<div class=\"elementor-column elementor-col-100 elementor-top-column elementor-element elementor-element-8d2d979\" data-id=\"8d2d979\" data-element_type=\"column\" data-e-type=\"column\">\n\t\t\t<div class=\"elementor-widget-wrap elementor-element-populated\">\n\t\t\t\t\t\t<div class=\"elementor-element elementor-element-1fdcbe7 elementor-widget elementor-widget-text-editor\" data-id=\"1fdcbe7\" data-element_type=\"widget\" data-e-type=\"widget\" data-widget_type=\"text-editor.default\">\n\t\t\t\t<div class=\"elementor-widget-container\">\n\t\t\t\t\t\t\t\t\t<blockquote><h5><em>\u00abSolo queremos conseguir que durante estas casi dos horas nos olvidemos de todo lo malo que sucede ah\u00ed fuera, que desconectemos y que lo pasemos muy bien\u00bb, afirm\u00f3 Dalma<\/em><\/h5><\/blockquote>\t\t\t\t\t\t\t\t<\/div>\n\t\t\t\t<\/div>\n\t\t\t\t\t<\/div>\n\t\t<\/div>\n\t\t\t\t\t<\/div>\n\t\t<\/section>\n\t\t\t\t<section class=\"elementor-section elementor-top-section elementor-element elementor-element-4c7176f elementor-section-boxed elementor-section-height-default elementor-section-height-default\" data-id=\"4c7176f\" data-element_type=\"section\" data-e-type=\"section\">\n\t\t\t\t\t\t<div class=\"elementor-container elementor-column-gap-default\">\n\t\t\t\t\t<div class=\"elementor-column elementor-col-100 elementor-top-column elementor-element elementor-element-a77836a\" data-id=\"a77836a\" data-element_type=\"column\" data-e-type=\"column\">\n\t\t\t<div class=\"elementor-widget-wrap elementor-element-populated\">\n\t\t\t\t\t\t<div class=\"elementor-element elementor-element-fde75b9 elementor-widget elementor-widget-text-editor\" data-id=\"fde75b9\" data-element_type=\"widget\" data-e-type=\"widget\" data-widget_type=\"text-editor.default\">\n\t\t\t\t<div class=\"elementor-widget-container\">\n\t\t\t\t\t\t\t\t\t<div class=\"flex flex-grow flex-col max-w-full\"><div class=\"min-h-[20px] text-message flex flex-col items-start whitespace-pre-wrap break-words [.text-message+&amp;]:mt-5 juice:w-full juice:items-end overflow-x-auto gap-2\" dir=\"auto\" data-message-author-role=\"assistant\" data-message-id=\"9eac261a-10ab-4747-a942-f98d69e2701d\"><div class=\"flex w-full flex-col gap-1 juice:empty:hidden juice:first:pt-[3px]\"><div class=\"markdown prose w-full break-words dark:prose-invert light\"><p>Madrid se prepara para recibir a Sergio Dalma en un evento que promete ser inolvidable. Con su nueva m\u00fasica y sus cl\u00e1sicos, el artista invita a todos a sonre\u00edr porque est\u00e1n en la foto.<\/p><\/div><\/div><\/div><\/div>\t\t\t\t\t\t\t\t<\/div>\n\t\t\t\t<\/div>\n\t\t\t\t\t<\/div>\n\t\t<\/div>\n\t\t\t\t\t<\/div>\n\t\t<\/section>\n\t\t\t\t<section class=\"elementor-section elementor-top-section elementor-element elementor-element-9436212 elementor-section-boxed elementor-section-height-default elementor-section-height-default\" data-id=\"9436212\" data-element_type=\"section\" data-e-type=\"section\">\n\t\t\t\t\t\t<div class=\"elementor-container elementor-column-gap-default\">\n\t\t\t\t\t<div class=\"elementor-column elementor-col-100 elementor-top-column elementor-element elementor-element-5e7d0c2\" data-id=\"5e7d0c2\" data-element_type=\"column\" data-e-type=\"column\">\n\t\t\t<div class=\"elementor-widget-wrap elementor-element-populated\">\n\t\t\t\t\t\t<div class=\"elementor-element elementor-element-d86d80d elementor-widget elementor-widget-text-editor\" data-id=\"d86d80d\" data-element_type=\"widget\" data-e-type=\"widget\" data-widget_type=\"text-editor.default\">\n\t\t\t\t<div class=\"elementor-widget-container\">\n\t\t\t\t\t\t\t\t\t<div style=\"text-align: center;\"><b>GIRA\u00a0\u00a0<\/b><b style=\"color: var( --e-global-color-text ); font-family: var( --e-global-typography-text-font-family ), Sans-serif;\"><u><i>Sonr\u00ede porque est\u00e1s en la foto<\/i><\/u><\/b><\/div><div style=\"text-align: center;\">\u00a0<\/div><div style=\"text-align: center;\"><b>15 de junio \u2013 Sabadell \u2013 Festival Observa<\/b><\/div><div style=\"text-align: center;\"><b>21 y 22 de junio \u2013 Madrid &#8211; Teatro Circo Price<\/b><\/div><div style=\"text-align: center;\"><b>28 de junio \u2013 M\u00e1laga \u2013 Auditorio Cortijo de Torres<\/b><\/div><div style=\"text-align: center;\"><b>2 de julio \u2013 Valencia \u2013 Concerts de Vivers<\/b><\/div><div style=\"text-align: center;\"><b>5 de julio \u2013 Cartagena \u2013 Auditorio El Batel<\/b><\/div><div style=\"text-align: center;\"><b>13 de julio \u2013 Illescas \u2013 El Esc\u00e9nico de Illescas<\/b><\/div><div style=\"text-align: center;\"><b>20 de julio \u2013 Nerja \u2013 Festival de M\u00fasica Cueva de Nerja<\/b><\/div><div style=\"text-align: center;\"><b>27 de julio \u2013 Sotogrande &#8211; San Roque \u2013 Sotogrande Music Festival<\/b><\/div><div style=\"text-align: center;\"><b>3 de agosto \u2013 Roses \u2013 Sons del M\u00f3n (La Ciutadella)<\/b><\/div><div style=\"text-align: center;\"><b>6 de agosto \u2013 Pineda &#8211; Santa Susanna \u2013 Mar d&#8217;Estiu<\/b><\/div><div style=\"text-align: center;\"><b>10 de agosto \u2013 Tarragona \u2013 San Miguel Tarraco Arena<\/b><\/div><div style=\"text-align: center;\"><b>11 de agosto \u2013 Cap Roig \u2013 Cap Roig Festival<\/b><\/div><div style=\"text-align: center;\"><b>15 de agosto \u2013 La Granja de San Ildefonso \u2013 Noches M\u00e1gicas de La Granja<\/b><\/div><div style=\"text-align: center;\"><b>7 de septiembre \u2013 C\u00f3rdoba \u2013 Teatro de la Axerqu\u00eda<\/b><\/div><div style=\"text-align: center;\"><b>13 de septiembre \u2013 Santander \u2013La Plaza Festival<\/b><\/div><div style=\"text-align: center;\"><b>28 de septiembre \u2013 Alcal\u00e1 de Henares \u2013 Los Conciertos de La Muralla<\/b><\/div><div style=\"text-align: center;\"><b>5 de octubre \u2013 Esparreguera \u2013Teatre de la Passi\u00f3<\/b><\/div><div style=\"text-align: center;\"><b>6 de octubre \u2013 Lleida \u2013 Teatre de la Llotja<\/b><\/div><div style=\"text-align: center;\"><b>12 de octubre \u2013 Logro\u00f1o \u2013 Riojaforum<\/b><\/div><div style=\"text-align: center;\"><b>19 de octubre \u2013 Almer\u00eda \u2013 Auditorio Maestro Padilla<\/b><\/div><div style=\"text-align: center;\"><b>26 de octubre \u2013 Vigo \u2013 Auditorio Mar de Vigo<\/b><\/div><div style=\"text-align: center;\"><b>15 de noviembre \u2013 Sevilla \u2013 Cartuja Center<\/b><\/div><div style=\"text-align: center;\"><b>16 de noviembre \u2013 Granada \u2013 Palacio de Congresos<\/b><\/div><div style=\"text-align: center;\"><b>23 de noviembre \u2013 Salamanca \u2013CAEM<\/b><\/div><div style=\"text-align: center;\"><b>13 de diciembre \u2013 Donostia \u2013 Kursaal<\/b><\/div><div style=\"text-align: center;\"><b>14 de diciembre \u2013 Pamplona \u2013 Baluarte<\/b><\/div><div style=\"text-align: center;\"><b>21 de diciembre \u2013 Zaragoza \u2013 Auditorio Sala Mozart<\/b><\/div><div style=\"text-align: center;\"><b>11 de enero \u2013 Oviedo \u2013 Auditorio Pr\u00edncipe Felipe<\/b><\/div><div style=\"text-align: center;\"><b>17 de enero \u2013 Santiago de Compostela \u2013 Palacio de Congresos y Exposiciones<\/b><\/div><div style=\"text-align: center;\"><b>18 de enero \u2013 Ourense \u2013 Auditorio Municipal<\/b><\/div>\t\t\t\t\t\t\t\t<\/div>\n\t\t\t\t<\/div>\n\t\t\t\t\t<\/div>\n\t\t<\/div>\n\t\t\t\t\t<\/div>\n\t\t<\/section>\n\t\t\t\t<\/div>\n\t\t","protected":false},"excerpt":{"rendered":"<p>El 21 y 22 de junio Sergio Dalma presentar\u00e1 su nuevo \u00e1lbum \u00abSonr\u00ede porque est\u00e1s en la foto\u00bb en el Teatro Circo Price de Madrid Sergio Dalma\u00a0vuelve a Madrid para celebrar sus 35 a\u00f1os de carrera musical con dos conciertos muy especiales en el Teatro Circo Price. Los pr\u00f3ximos 21 y 22 de junio, Dalma [&hellip;]<\/p>\n","protected":false},"author":6,"featured_media":2773,"comment_status":"open","ping_status":"open","sticky":false,"template":"","format":"standard","meta":{"footnotes":""},"categories":[1],"tags":[],"class_list":["post-2771","post","type-post","status-publish","format-standard","has-post-thumbnail","hentry","category-uncategorized"],"yoast_head":"<!-- This site is optimized with the Yoast SEO plugin v27.4 - https:\/\/yoast.com\/product\/yoast-seo-wordpress\/ -->\n<title>Sergio Dalma celebrar\u00e1 sus 35 a\u00f1os de carrera en Madrid<\/title>\n<meta name=\"description\" content=\"El 21 y 22 de junio Sergio Dalma presentar\u00e1 su nuevo \u00e1lbum &quot;Sonr\u00ede porque est\u00e1s en la foto&quot; en el Teatro Circo Price de Madrid\" \/>\n<meta name=\"robots\" content=\"index, follow, max-snippet:-1, max-image-preview:large, max-video-preview:-1\" \/>\n<link rel=\"canonical\" href=\"https:\/\/unaymilletras.com\/en\/sergio-dalma-celebrara-sus-35-anos-de-carrera-en-madrid\/\" \/>\n<meta property=\"og:locale\" content=\"en_GB\" \/>\n<meta property=\"og:type\" content=\"article\" \/>\n<meta property=\"og:title\" content=\"Sergio Dalma celebrar\u00e1 sus 35 a\u00f1os de carrera en Madrid\" \/>\n<meta property=\"og:description\" content=\"El 21 y 22 de junio Sergio Dalma presentar\u00e1 su nuevo \u00e1lbum &quot;Sonr\u00ede porque est\u00e1s en la foto&quot; en el Teatro Circo Price de Madrid\" \/>\n<meta property=\"og:url\" content=\"https:\/\/unaymilletras.com\/en\/sergio-dalma-celebrara-sus-35-anos-de-carrera-en-madrid\/\" \/>\n<meta property=\"og:site_name\" content=\"Una y Mil Letras\" \/>\n<meta property=\"article:published_time\" content=\"2024-06-17T16:04:42+00:00\" \/>\n<meta property=\"article:modified_time\" content=\"2024-08-21T16:12:01+00:00\" \/>\n<meta property=\"og:image\" content=\"http:\/\/unaymilletras.com\/wp-content\/uploads\/2024\/06\/ba33041e-e42f-fa5f-4863-7277511f-e1718639517109.jpg\" \/>\n\t<meta property=\"og:image:width\" content=\"600\" \/>\n\t<meta property=\"og:image:height\" content=\"401\" \/>\n\t<meta property=\"og:image:type\" content=\"image\/jpeg\" \/>\n<meta name=\"author\" content=\"Redacci\u00f3n\" \/>\n<meta name=\"twitter:card\" content=\"summary_large_image\" \/>\n<meta name=\"twitter:creator\" content=\"@UnaYMilLetras\" \/>\n<meta name=\"twitter:site\" content=\"@UnaYMilLetras\" \/>\n<meta name=\"twitter:label1\" content=\"Written by\" \/>\n\t<meta name=\"twitter:data1\" content=\"Redacci\u00f3n\" \/>\n\t<meta name=\"twitter:label2\" content=\"Estimated reading time\" \/>\n\t<meta name=\"twitter:data2\" content=\"3 minutes\" \/>\n<script type=\"application\/ld+json\" class=\"yoast-schema-graph\">{\"@context\":\"https:\\\/\\\/schema.org\",\"@graph\":[{\"@type\":\"Article\",\"@id\":\"https:\\\/\\\/unaymilletras.com\\\/sergio-dalma-celebrara-sus-35-anos-de-carrera-en-madrid\\\/#article\",\"isPartOf\":{\"@id\":\"https:\\\/\\\/unaymilletras.com\\\/sergio-dalma-celebrara-sus-35-anos-de-carrera-en-madrid\\\/\"},\"author\":{\"name\":\"Redacci\u00f3n\",\"@id\":\"http:\\\/\\\/unaymilletras.com\\\/#\\\/schema\\\/person\\\/0860dc8a218329991ee2c7591f4f849d\"},\"headline\":\"Sergio Dalma celebrar\u00e1 sus 35 a\u00f1os de carrera en Madrid\",\"datePublished\":\"2024-06-17T16:04:42+00:00\",\"dateModified\":\"2024-08-21T16:12:01+00:00\",\"mainEntityOfPage\":{\"@id\":\"https:\\\/\\\/unaymilletras.com\\\/sergio-dalma-celebrara-sus-35-anos-de-carrera-en-madrid\\\/\"},\"wordCount\":537,\"commentCount\":0,\"publisher\":{\"@id\":\"http:\\\/\\\/unaymilletras.com\\\/#organization\"},\"image\":{\"@id\":\"https:\\\/\\\/unaymilletras.com\\\/sergio-dalma-celebrara-sus-35-anos-de-carrera-en-madrid\\\/#primaryimage\"},\"thumbnailUrl\":\"https:\\\/\\\/unaymilletras.com\\\/wp-content\\\/uploads\\\/2024\\\/06\\\/ba33041e-e42f-fa5f-4863-7277511f-e1718639517109.jpg\",\"articleSection\":[\"Uncategorized\"],\"inLanguage\":\"en-GB\",\"potentialAction\":[{\"@type\":\"CommentAction\",\"name\":\"Comment\",\"target\":[\"https:\\\/\\\/unaymilletras.com\\\/sergio-dalma-celebrara-sus-35-anos-de-carrera-en-madrid\\\/#respond\"]}]},{\"@type\":\"WebPage\",\"@id\":\"https:\\\/\\\/unaymilletras.com\\\/sergio-dalma-celebrara-sus-35-anos-de-carrera-en-madrid\\\/\",\"url\":\"https:\\\/\\\/unaymilletras.com\\\/sergio-dalma-celebrara-sus-35-anos-de-carrera-en-madrid\\\/\",\"name\":\"Sergio Dalma celebrar\u00e1 sus 35 a\u00f1os de carrera en Madrid\",\"isPartOf\":{\"@id\":\"http:\\\/\\\/unaymilletras.com\\\/#website\"},\"primaryImageOfPage\":{\"@id\":\"https:\\\/\\\/unaymilletras.com\\\/sergio-dalma-celebrara-sus-35-anos-de-carrera-en-madrid\\\/#primaryimage\"},\"image\":{\"@id\":\"https:\\\/\\\/unaymilletras.com\\\/sergio-dalma-celebrara-sus-35-anos-de-carrera-en-madrid\\\/#primaryimage\"},\"thumbnailUrl\":\"https:\\\/\\\/unaymilletras.com\\\/wp-content\\\/uploads\\\/2024\\\/06\\\/ba33041e-e42f-fa5f-4863-7277511f-e1718639517109.jpg\",\"datePublished\":\"2024-06-17T16:04:42+00:00\",\"dateModified\":\"2024-08-21T16:12:01+00:00\",\"description\":\"El 21 y 22 de junio Sergio Dalma presentar\u00e1 su nuevo \u00e1lbum \\\"Sonr\u00ede porque est\u00e1s en la foto\\\" en el Teatro Circo Price de Madrid\",\"breadcrumb\":{\"@id\":\"https:\\\/\\\/unaymilletras.com\\\/sergio-dalma-celebrara-sus-35-anos-de-carrera-en-madrid\\\/#breadcrumb\"},\"inLanguage\":\"en-GB\",\"potentialAction\":[{\"@type\":\"ReadAction\",\"target\":[\"https:\\\/\\\/unaymilletras.com\\\/sergio-dalma-celebrara-sus-35-anos-de-carrera-en-madrid\\\/\"]}]},{\"@type\":\"ImageObject\",\"inLanguage\":\"en-GB\",\"@id\":\"https:\\\/\\\/unaymilletras.com\\\/sergio-dalma-celebrara-sus-35-anos-de-carrera-en-madrid\\\/#primaryimage\",\"url\":\"https:\\\/\\\/unaymilletras.com\\\/wp-content\\\/uploads\\\/2024\\\/06\\\/ba33041e-e42f-fa5f-4863-7277511f-e1718639517109.jpg\",\"contentUrl\":\"https:\\\/\\\/unaymilletras.com\\\/wp-content\\\/uploads\\\/2024\\\/06\\\/ba33041e-e42f-fa5f-4863-7277511f-e1718639517109.jpg\",\"width\":600,\"height\":401,\"caption\":\"Sergio Dalma\"},{\"@type\":\"BreadcrumbList\",\"@id\":\"https:\\\/\\\/unaymilletras.com\\\/sergio-dalma-celebrara-sus-35-anos-de-carrera-en-madrid\\\/#breadcrumb\",\"itemListElement\":[{\"@type\":\"ListItem\",\"position\":1,\"name\":\"Home\",\"item\":\"http:\\\/\\\/unaymilletras.com\\\/\"},{\"@type\":\"ListItem\",\"position\":2,\"name\":\"Sergio Dalma celebrar\u00e1 sus 35 a\u00f1os de carrera en Madrid\"}]},{\"@type\":\"WebSite\",\"@id\":\"http:\\\/\\\/unaymilletras.com\\\/#website\",\"url\":\"http:\\\/\\\/unaymilletras.com\\\/\",\"name\":\"Una y Mil Letras\",\"description\":\"\",\"publisher\":{\"@id\":\"http:\\\/\\\/unaymilletras.com\\\/#organization\"},\"potentialAction\":[{\"@type\":\"SearchAction\",\"target\":{\"@type\":\"EntryPoint\",\"urlTemplate\":\"http:\\\/\\\/unaymilletras.com\\\/?s={search_term_string}\"},\"query-input\":{\"@type\":\"PropertyValueSpecification\",\"valueRequired\":true,\"valueName\":\"search_term_string\"}}],\"inLanguage\":\"en-GB\"},{\"@type\":\"Organization\",\"@id\":\"http:\\\/\\\/unaymilletras.com\\\/#organization\",\"name\":\"Una y Mil Letras\",\"url\":\"http:\\\/\\\/unaymilletras.com\\\/\",\"logo\":{\"@type\":\"ImageObject\",\"inLanguage\":\"en-GB\",\"@id\":\"http:\\\/\\\/unaymilletras.com\\\/#\\\/schema\\\/logo\\\/image\\\/\",\"url\":\"https:\\\/\\\/unaymilletras.com\\\/wp-content\\\/uploads\\\/2024\\\/06\\\/cropped-Logo-removebg-preview.png\",\"contentUrl\":\"https:\\\/\\\/unaymilletras.com\\\/wp-content\\\/uploads\\\/2024\\\/06\\\/cropped-Logo-removebg-preview.png\",\"width\":512,\"height\":512,\"caption\":\"Una y Mil Letras\"},\"image\":{\"@id\":\"http:\\\/\\\/unaymilletras.com\\\/#\\\/schema\\\/logo\\\/image\\\/\"},\"sameAs\":[\"https:\\\/\\\/x.com\\\/UnaYMilLetras\",\"https:\\\/\\\/instagram.com\\\/UnaYMilLetras\"]},{\"@type\":\"Person\",\"@id\":\"http:\\\/\\\/unaymilletras.com\\\/#\\\/schema\\\/person\\\/0860dc8a218329991ee2c7591f4f849d\",\"name\":\"Redacci\u00f3n\",\"image\":{\"@type\":\"ImageObject\",\"inLanguage\":\"en-GB\",\"@id\":\"https:\\\/\\\/secure.gravatar.com\\\/avatar\\\/d8f55e05a8b6597e45c55a1dcbdbfe44f4a360d88b48e00de5216a79b7732796?s=96&d=mm&r=g\",\"url\":\"https:\\\/\\\/secure.gravatar.com\\\/avatar\\\/d8f55e05a8b6597e45c55a1dcbdbfe44f4a360d88b48e00de5216a79b7732796?s=96&d=mm&r=g\",\"contentUrl\":\"https:\\\/\\\/secure.gravatar.com\\\/avatar\\\/d8f55e05a8b6597e45c55a1dcbdbfe44f4a360d88b48e00de5216a79b7732796?s=96&d=mm&r=g\",\"caption\":\"Redacci\u00f3n\"},\"url\":\"https:\\\/\\\/unaymilletras.com\\\/en\\\/author\\\/redaccion\\\/\"}]}<\/script>\n<!-- \/ Yoast SEO plugin. -->","yoast_head_json":{"title":"Sergio Dalma celebrar\u00e1 sus 35 a\u00f1os de carrera en Madrid","description":"El 21 y 22 de junio Sergio Dalma presentar\u00e1 su nuevo \u00e1lbum \"Sonr\u00ede porque est\u00e1s en la foto\" en el Teatro Circo Price de Madrid","robots":{"index":"index","follow":"follow","max-snippet":"max-snippet:-1","max-image-preview":"max-image-preview:large","max-video-preview":"max-video-preview:-1"},"canonical":"https:\/\/unaymilletras.com\/en\/sergio-dalma-celebrara-sus-35-anos-de-carrera-en-madrid\/","og_locale":"en_GB","og_type":"article","og_title":"Sergio Dalma celebrar\u00e1 sus 35 a\u00f1os de carrera en Madrid","og_description":"El 21 y 22 de junio Sergio Dalma presentar\u00e1 su nuevo \u00e1lbum \"Sonr\u00ede porque est\u00e1s en la foto\" en el Teatro Circo Price de Madrid","og_url":"https:\/\/unaymilletras.com\/en\/sergio-dalma-celebrara-sus-35-anos-de-carrera-en-madrid\/","og_site_name":"Una y Mil Letras","article_published_time":"2024-06-17T16:04:42+00:00","article_modified_time":"2024-08-21T16:12:01+00:00","og_image":[{"width":600,"height":401,"url":"http:\/\/unaymilletras.com\/wp-content\/uploads\/2024\/06\/ba33041e-e42f-fa5f-4863-7277511f-e1718639517109.jpg","type":"image\/jpeg"}],"author":"Redacci\u00f3n","twitter_card":"summary_large_image","twitter_creator":"@UnaYMilLetras","twitter_site":"@UnaYMilLetras","twitter_misc":{"Written by":"Redacci\u00f3n","Estimated reading time":"3 minutes"},"schema":{"@context":"https:\/\/schema.org","@graph":[{"@type":"Article","@id":"https:\/\/unaymilletras.com\/sergio-dalma-celebrara-sus-35-anos-de-carrera-en-madrid\/#article","isPartOf":{"@id":"https:\/\/unaymilletras.com\/sergio-dalma-celebrara-sus-35-anos-de-carrera-en-madrid\/"},"author":{"name":"Redacci\u00f3n","@id":"http:\/\/unaymilletras.com\/#\/schema\/person\/0860dc8a218329991ee2c7591f4f849d"},"headline":"Sergio Dalma celebrar\u00e1 sus 35 a\u00f1os de carrera en Madrid","datePublished":"2024-06-17T16:04:42+00:00","dateModified":"2024-08-21T16:12:01+00:00","mainEntityOfPage":{"@id":"https:\/\/unaymilletras.com\/sergio-dalma-celebrara-sus-35-anos-de-carrera-en-madrid\/"},"wordCount":537,"commentCount":0,"publisher":{"@id":"http:\/\/unaymilletras.com\/#organization"},"image":{"@id":"https:\/\/unaymilletras.com\/sergio-dalma-celebrara-sus-35-anos-de-carrera-en-madrid\/#primaryimage"},"thumbnailUrl":"https:\/\/unaymilletras.com\/wp-content\/uploads\/2024\/06\/ba33041e-e42f-fa5f-4863-7277511f-e1718639517109.jpg","articleSection":["Uncategorized"],"inLanguage":"en-GB","potentialAction":[{"@type":"CommentAction","name":"Comment","target":["https:\/\/unaymilletras.com\/sergio-dalma-celebrara-sus-35-anos-de-carrera-en-madrid\/#respond"]}]},{"@type":"WebPage","@id":"https:\/\/unaymilletras.com\/sergio-dalma-celebrara-sus-35-anos-de-carrera-en-madrid\/","url":"https:\/\/unaymilletras.com\/sergio-dalma-celebrara-sus-35-anos-de-carrera-en-madrid\/","name":"Sergio Dalma celebrar\u00e1 sus 35 a\u00f1os de carrera en Madrid","isPartOf":{"@id":"http:\/\/unaymilletras.com\/#website"},"primaryImageOfPage":{"@id":"https:\/\/unaymilletras.com\/sergio-dalma-celebrara-sus-35-anos-de-carrera-en-madrid\/#primaryimage"},"image":{"@id":"https:\/\/unaymilletras.com\/sergio-dalma-celebrara-sus-35-anos-de-carrera-en-madrid\/#primaryimage"},"thumbnailUrl":"https:\/\/unaymilletras.com\/wp-content\/uploads\/2024\/06\/ba33041e-e42f-fa5f-4863-7277511f-e1718639517109.jpg","datePublished":"2024-06-17T16:04:42+00:00","dateModified":"2024-08-21T16:12:01+00:00","description":"El 21 y 22 de junio Sergio Dalma presentar\u00e1 su nuevo \u00e1lbum \"Sonr\u00ede porque est\u00e1s en la foto\" en el Teatro Circo Price de Madrid","breadcrumb":{"@id":"https:\/\/unaymilletras.com\/sergio-dalma-celebrara-sus-35-anos-de-carrera-en-madrid\/#breadcrumb"},"inLanguage":"en-GB","potentialAction":[{"@type":"ReadAction","target":["https:\/\/unaymilletras.com\/sergio-dalma-celebrara-sus-35-anos-de-carrera-en-madrid\/"]}]},{"@type":"ImageObject","inLanguage":"en-GB","@id":"https:\/\/unaymilletras.com\/sergio-dalma-celebrara-sus-35-anos-de-carrera-en-madrid\/#primaryimage","url":"https:\/\/unaymilletras.com\/wp-content\/uploads\/2024\/06\/ba33041e-e42f-fa5f-4863-7277511f-e1718639517109.jpg","contentUrl":"https:\/\/unaymilletras.com\/wp-content\/uploads\/2024\/06\/ba33041e-e42f-fa5f-4863-7277511f-e1718639517109.jpg","width":600,"height":401,"caption":"Sergio Dalma"},{"@type":"BreadcrumbList","@id":"https:\/\/unaymilletras.com\/sergio-dalma-celebrara-sus-35-anos-de-carrera-en-madrid\/#breadcrumb","itemListElement":[{"@type":"ListItem","position":1,"name":"Home","item":"http:\/\/unaymilletras.com\/"},{"@type":"ListItem","position":2,"name":"Sergio Dalma celebrar\u00e1 sus 35 a\u00f1os de carrera en Madrid"}]},{"@type":"WebSite","@id":"http:\/\/unaymilletras.com\/#website","url":"http:\/\/unaymilletras.com\/","name":"Una y Mil Letras","description":"","publisher":{"@id":"http:\/\/unaymilletras.com\/#organization"},"potentialAction":[{"@type":"SearchAction","target":{"@type":"EntryPoint","urlTemplate":"http:\/\/unaymilletras.com\/?s={search_term_string}"},"query-input":{"@type":"PropertyValueSpecification","valueRequired":true,"valueName":"search_term_string"}}],"inLanguage":"en-GB"},{"@type":"Organization","@id":"http:\/\/unaymilletras.com\/#organization","name":"Una y Mil Letras","url":"http:\/\/unaymilletras.com\/","logo":{"@type":"ImageObject","inLanguage":"en-GB","@id":"http:\/\/unaymilletras.com\/#\/schema\/logo\/image\/","url":"https:\/\/unaymilletras.com\/wp-content\/uploads\/2024\/06\/cropped-Logo-removebg-preview.png","contentUrl":"https:\/\/unaymilletras.com\/wp-content\/uploads\/2024\/06\/cropped-Logo-removebg-preview.png","width":512,"height":512,"caption":"Una y Mil Letras"},"image":{"@id":"http:\/\/unaymilletras.com\/#\/schema\/logo\/image\/"},"sameAs":["https:\/\/x.com\/UnaYMilLetras","https:\/\/instagram.com\/UnaYMilLetras"]},{"@type":"Person","@id":"http:\/\/unaymilletras.com\/#\/schema\/person\/0860dc8a218329991ee2c7591f4f849d","name":"Redacci\u00f3n","image":{"@type":"ImageObject","inLanguage":"en-GB","@id":"https:\/\/secure.gravatar.com\/avatar\/d8f55e05a8b6597e45c55a1dcbdbfe44f4a360d88b48e00de5216a79b7732796?s=96&d=mm&r=g","url":"https:\/\/secure.gravatar.com\/avatar\/d8f55e05a8b6597e45c55a1dcbdbfe44f4a360d88b48e00de5216a79b7732796?s=96&d=mm&r=g","contentUrl":"https:\/\/secure.gravatar.com\/avatar\/d8f55e05a8b6597e45c55a1dcbdbfe44f4a360d88b48e00de5216a79b7732796?s=96&d=mm&r=g","caption":"Redacci\u00f3n"},"url":"https:\/\/unaymilletras.com\/en\/author\/redaccion\/"}]}},"_links":{"self":[{"href":"https:\/\/unaymilletras.com\/en\/wp-json\/wp\/v2\/posts\/2771","targetHints":{"allow":["GET"]}}],"collection":[{"href":"https:\/\/unaymilletras.com\/en\/wp-json\/wp\/v2\/posts"}],"about":[{"href":"https:\/\/unaymilletras.com\/en\/wp-json\/wp\/v2\/types\/post"}],"author":[{"embeddable":true,"href":"https:\/\/unaymilletras.com\/en\/wp-json\/wp\/v2\/users\/6"}],"replies":[{"embeddable":true,"href":"https:\/\/unaymilletras.com\/en\/wp-json\/wp\/v2\/comments?post=2771"}],"version-history":[{"count":5,"href":"https:\/\/unaymilletras.com\/en\/wp-json\/wp\/v2\/posts\/2771\/revisions"}],"predecessor-version":[{"id":2777,"href":"https:\/\/unaymilletras.com\/en\/wp-json\/wp\/v2\/posts\/2771\/revisions\/2777"}],"wp:featuredmedia":[{"embeddable":true,"href":"https:\/\/unaymilletras.com\/en\/wp-json\/wp\/v2\/media\/2773"}],"wp:attachment":[{"href":"https:\/\/unaymilletras.com\/en\/wp-json\/wp\/v2\/media?parent=2771"}],"wp:term":[{"taxonomy":"category","embeddable":true,"href":"https:\/\/unaymilletras.com\/en\/wp-json\/wp\/v2\/categories?post=2771"},{"taxonomy":"post_tag","embeddable":true,"href":"https:\/\/unaymilletras.com\/en\/wp-json\/wp\/v2\/tags?post=2771"}],"curies":[{"name":"wp","href":"https:\/\/api.w.org\/{rel}","templated":true}]}}