{"id":2778,"date":"2024-06-18T23:25:15","date_gmt":"2024-06-18T21:25:15","guid":{"rendered":"https:\/\/unaymilletras.com\/?p=2778"},"modified":"2024-08-21T18:11:55","modified_gmt":"2024-08-21T16:11:55","slug":"marina-carmona-emociona-a-madrid-con-su-debut-mi-identidad","status":"publish","type":"post","link":"https:\/\/unaymilletras.com\/en\/marina-carmona-emociona-a-madrid-con-su-debut-mi-identidad\/","title":{"rendered":"Marina Carmona emociona a Madrid con su debut \u00abMi Identidad\u00bb"},"content":{"rendered":"<div data-elementor-type=\"wp-post\" data-elementor-id=\"2778\" class=\"elementor elementor-2778\">\n\t\t\t\t\t\t<section class=\"elementor-section elementor-top-section elementor-element elementor-element-8cb7ca8 elementor-section-boxed elementor-section-height-default elementor-section-height-default\" data-id=\"8cb7ca8\" data-element_type=\"section\" data-e-type=\"section\">\n\t\t\t\t\t\t<div class=\"elementor-container elementor-column-gap-default\">\n\t\t\t\t\t<div class=\"elementor-column elementor-col-100 elementor-top-column elementor-element elementor-element-175483b\" data-id=\"175483b\" data-element_type=\"column\" data-e-type=\"column\">\n\t\t\t<div class=\"elementor-widget-wrap elementor-element-populated\">\n\t\t\t\t\t\t<div class=\"elementor-element elementor-element-753cf0d elementor-widget elementor-widget-text-editor\" data-id=\"753cf0d\" data-element_type=\"widget\" data-e-type=\"widget\" data-widget_type=\"text-editor.default\">\n\t\t\t\t<div class=\"elementor-widget-container\">\n\t\t\t\t\t\t\t\t\t<h2 style=\"text-align: center;\"><em><span style=\"color: #808080;\">La artista madrile\u00f1a, Marina Carmona, conquista la Sala Villanos con un concierto lleno de emotividad y sorpresas<\/span><\/em><\/h2>\t\t\t\t\t\t\t\t<\/div>\n\t\t\t\t<\/div>\n\t\t\t\t\t<\/div>\n\t\t<\/div>\n\t\t\t\t\t<\/div>\n\t\t<\/section>\n\t\t\t\t<section class=\"elementor-section elementor-top-section elementor-element elementor-element-8c3b8d1 elementor-section-boxed elementor-section-height-default elementor-section-height-default\" data-id=\"8c3b8d1\" data-element_type=\"section\" data-e-type=\"section\">\n\t\t\t\t\t\t<div class=\"elementor-container elementor-column-gap-default\">\n\t\t\t\t\t<div class=\"elementor-column elementor-col-100 elementor-top-column elementor-element elementor-element-7d3a591\" data-id=\"7d3a591\" data-element_type=\"column\" data-e-type=\"column\">\n\t\t\t<div class=\"elementor-widget-wrap elementor-element-populated\">\n\t\t\t\t\t\t<div class=\"elementor-element elementor-element-c221c88 elementor-widget elementor-widget-text-editor\" data-id=\"c221c88\" data-element_type=\"widget\" data-e-type=\"widget\" data-widget_type=\"text-editor.default\">\n\t\t\t\t<div class=\"elementor-widget-container\">\n\t\t\t\t\t\t\t\t\t<p><b>Marina Carmona<\/b> llen\u00f3 la <b>Sala Villanos<\/b> de <b>Madrid<\/b> en su debut en solitario con la presentaci\u00f3n de su \u00e1lbum <i><b>Mi Identidad<\/b><\/i>. En una noche m\u00e1gica, la artista madrile\u00f1a dio inicio a su gira con un sold-out y una actuaci\u00f3n memorable el pasado 24 de mayo.<\/p>\n<p>La Sala Villanos, inaugurada hace m\u00e1s de tres d\u00e9cadas por la madre de Marina, Mariola Orellana, se convirti\u00f3 en el escenario perfecto para este debut. Durante una hora y media, Marina deslumbr\u00f3 al p\u00fablico con su c\u00e1lida voz y una interpretaci\u00f3n llena de pasi\u00f3n. Entre los m\u00e1s de 400 asistentes, se encontraban figuras reconocidas como Rossy de Palma, Vanesa Mart\u00edn, Eugenia Mart\u00ednez de Irujo, Fito P\u00e1ez, Eusebio Poncela, Alfonso Albacete y Rodrigo Guirao.<\/p>\t\t\t\t\t\t\t\t<\/div>\n\t\t\t\t<\/div>\n\t\t\t\t\t<\/div>\n\t\t<\/div>\n\t\t\t\t\t<\/div>\n\t\t<\/section>\n\t\t\t\t<section class=\"elementor-section elementor-top-section elementor-element elementor-element-6a5f992 elementor-section-boxed elementor-section-height-default elementor-section-height-default\" data-id=\"6a5f992\" data-element_type=\"section\" data-e-type=\"section\">\n\t\t\t\t\t\t<div class=\"elementor-container elementor-column-gap-default\">\n\t\t\t\t\t<div class=\"elementor-column elementor-col-100 elementor-top-column elementor-element elementor-element-389ab46\" data-id=\"389ab46\" data-element_type=\"column\" data-e-type=\"column\">\n\t\t\t<div class=\"elementor-widget-wrap elementor-element-populated\">\n\t\t\t\t\t\t<div class=\"elementor-element elementor-element-deb95b5 elementor-widget elementor-widget-image\" data-id=\"deb95b5\" data-element_type=\"widget\" data-e-type=\"widget\" data-widget_type=\"image.default\">\n\t\t\t\t<div class=\"elementor-widget-container\">\n\t\t\t\t\t\t\t\t\t\t\t\t<figure class=\"wp-caption\">\n\t\t\t\t\t\t\t\t\t\t<img fetchpriority=\"high\" decoding=\"async\" width=\"640\" height=\"480\" src=\"https:\/\/unaymilletras.com\/wp-content\/uploads\/2024\/06\/fd443c3f-be6b-26ee-3016-355b0102-1024x768.jpg\" class=\"attachment-large size-large wp-image-2781\" alt=\"\" srcset=\"https:\/\/unaymilletras.com\/wp-content\/uploads\/2024\/06\/fd443c3f-be6b-26ee-3016-355b0102-1024x768.jpg 1024w, https:\/\/unaymilletras.com\/wp-content\/uploads\/2024\/06\/fd443c3f-be6b-26ee-3016-355b0102-300x225.jpg 300w, https:\/\/unaymilletras.com\/wp-content\/uploads\/2024\/06\/fd443c3f-be6b-26ee-3016-355b0102-768x576.jpg 768w, https:\/\/unaymilletras.com\/wp-content\/uploads\/2024\/06\/fd443c3f-be6b-26ee-3016-355b0102-1536x1152.jpg 1536w, https:\/\/unaymilletras.com\/wp-content\/uploads\/2024\/06\/fd443c3f-be6b-26ee-3016-355b0102-2048x1536.jpg 2048w, https:\/\/unaymilletras.com\/wp-content\/uploads\/2024\/06\/fd443c3f-be6b-26ee-3016-355b0102-scaled-e1718746182248.jpg 600w\" sizes=\"(max-width: 640px) 100vw, 640px\" \/>\t\t\t\t\t\t\t\t\t\t\t<figcaption class=\"widget-image-caption wp-caption-text\">Cr\u00e9ditos: Arriba Los Corazones Experience<\/figcaption>\n\t\t\t\t\t\t\t\t\t\t<\/figure>\n\t\t\t\t\t\t\t\t\t<\/div>\n\t\t\t\t<\/div>\n\t\t\t\t\t<\/div>\n\t\t<\/div>\n\t\t\t\t\t<\/div>\n\t\t<\/section>\n\t\t\t\t<section class=\"elementor-section elementor-top-section elementor-element elementor-element-cb65337 elementor-section-boxed elementor-section-height-default elementor-section-height-default\" data-id=\"cb65337\" data-element_type=\"section\" data-e-type=\"section\">\n\t\t\t\t\t\t<div class=\"elementor-container elementor-column-gap-default\">\n\t\t\t\t\t<div class=\"elementor-column elementor-col-100 elementor-top-column elementor-element elementor-element-de55d14\" data-id=\"de55d14\" data-element_type=\"column\" data-e-type=\"column\">\n\t\t\t<div class=\"elementor-widget-wrap elementor-element-populated\">\n\t\t\t\t\t\t<div class=\"elementor-element elementor-element-31912d9 elementor-widget elementor-widget-text-editor\" data-id=\"31912d9\" data-element_type=\"widget\" data-e-type=\"widget\" data-widget_type=\"text-editor.default\">\n\t\t\t\t<div class=\"elementor-widget-container\">\n\t\t\t\t\t\t\t\t\t<p>El p\u00fablico disfrut\u00f3 de temas como <em>No lo veo claro<\/em>, con frases en franc\u00e9s, y la melanc\u00f3lica <em>Perd\u00f3n<\/em>, en la que Maximiliano Calvo acompa\u00f1\u00f3 a Marina con su poderosa voz. Su adaptaci\u00f3n de <em>Ne me quitte pas<\/em> y <em>L&#8217;Enfer<\/em> evidenciaron su influencia de la chanson fran\u00e7aise. Pablo Rouss y Luichi de Cupido tambi\u00e9n subieron al escenario para interpretar <em>Sin previo aviso<\/em> y <em>Vives en m\u00ed<\/em>, respectivamente. Menend se uni\u00f3 a Marina en <em>Otra mujer<\/em>, mostrando la versatilidad de la artista.<\/p><p>Marina comparti\u00f3 un mensaje de esperanza y sanaci\u00f3n a trav\u00e9s de su m\u00fasica, destacando la importancia de la paz y el perd\u00f3n. Uno de los momentos m\u00e1s emotivos fue la aparici\u00f3n de Antonio Carmona, su padre, con quien interpret\u00f3 <em>Sin equipaje<\/em>. Rossy de Palma y Antonio Carmona la acompa\u00f1aron en el cierre del concierto con <em>La vie en rose<\/em>, de \u00c9dith Piaf.<\/p><p>La noche concluy\u00f3 con <em>Mariposas<\/em> y un agradecimiento sincero al p\u00fablico y a los medios de comunicaci\u00f3n por su apoyo. La gira Mi Identidad continuar\u00e1 el 28 de junio en la Sala Cat de Barcelona, prometiendo m\u00e1s noches llenas de magia y emoci\u00f3n.<\/p>\t\t\t\t\t\t\t\t<\/div>\n\t\t\t\t<\/div>\n\t\t\t\t\t<\/div>\n\t\t<\/div>\n\t\t\t\t\t<\/div>\n\t\t<\/section>\n\t\t\t\t<section class=\"elementor-section elementor-top-section elementor-element elementor-element-7201b44 elementor-section-boxed elementor-section-height-default elementor-section-height-default\" data-id=\"7201b44\" data-element_type=\"section\" data-e-type=\"section\">\n\t\t\t\t\t\t<div class=\"elementor-container elementor-column-gap-default\">\n\t\t\t\t\t<div class=\"elementor-column elementor-col-100 elementor-top-column elementor-element elementor-element-52bc24f\" data-id=\"52bc24f\" data-element_type=\"column\" data-e-type=\"column\">\n\t\t\t<div class=\"elementor-widget-wrap elementor-element-populated\">\n\t\t\t\t\t\t<div class=\"elementor-element elementor-element-ab7f53d elementor-widget elementor-widget-video\" data-id=\"ab7f53d\" data-element_type=\"widget\" data-e-type=\"widget\" data-settings=\"{&quot;youtube_url&quot;:&quot;https:\\\/\\\/youtu.be\\\/k49kebLRgyI&quot;,&quot;video_type&quot;:&quot;youtube&quot;,&quot;controls&quot;:&quot;yes&quot;}\" data-widget_type=\"video.default\">\n\t\t\t\t<div class=\"elementor-widget-container\">\n\t\t\t\t\t\t\t<div class=\"elementor-wrapper elementor-open-inline\">\n\t\t\t<div class=\"elementor-video\"><\/div>\t\t<\/div>\n\t\t\t\t\t\t<\/div>\n\t\t\t\t<\/div>\n\t\t\t\t\t<\/div>\n\t\t<\/div>\n\t\t\t\t\t<\/div>\n\t\t<\/section>\n\t\t\t\t<\/div>","protected":false},"excerpt":{"rendered":"<p>La artista madrile\u00f1a, Marina Carmona, conquista la Sala Villanos con un concierto lleno de emotividad y sorpresas Marina Carmona llen\u00f3 la Sala Villanos de Madrid en su debut en solitario con la presentaci\u00f3n de su \u00e1lbum Mi Identidad. En una noche m\u00e1gica, la artista madrile\u00f1a dio inicio a su gira con un sold-out y una [&hellip;]<\/p>\n","protected":false},"author":6,"featured_media":2781,"comment_status":"open","ping_status":"open","sticky":false,"template":"","format":"standard","meta":{"footnotes":""},"categories":[1],"tags":[],"class_list":["post-2778","post","type-post","status-publish","format-standard","has-post-thumbnail","hentry","category-uncategorized"],"yoast_head":"<!-- This site is optimized with the Yoast SEO plugin v27.4 - https:\/\/yoast.com\/product\/yoast-seo-wordpress\/ -->\n<title>Marina Carmona emociona a Madrid con su debut &quot;Mi Identidad&quot;<\/title>\n<meta name=\"description\" content=\"La artista madrile\u00f1a, Marina Carmona, conquista la Sala Villanos con un concierto lleno de emotividad y sorpresas\" \/>\n<meta name=\"robots\" content=\"index, follow, max-snippet:-1, max-image-preview:large, max-video-preview:-1\" \/>\n<link rel=\"canonical\" href=\"https:\/\/unaymilletras.com\/en\/marina-carmona-emociona-a-madrid-con-su-debut-mi-identidad\/\" \/>\n<meta property=\"og:locale\" content=\"en_GB\" \/>\n<meta property=\"og:type\" content=\"article\" \/>\n<meta property=\"og:title\" content=\"Marina Carmona emociona a Madrid con su debut &quot;Mi Identidad&quot;\" \/>\n<meta property=\"og:description\" content=\"La artista madrile\u00f1a, Marina Carmona, conquista la Sala Villanos con un concierto lleno de emotividad y sorpresas\" \/>\n<meta property=\"og:url\" content=\"https:\/\/unaymilletras.com\/en\/marina-carmona-emociona-a-madrid-con-su-debut-mi-identidad\/\" \/>\n<meta property=\"og:site_name\" content=\"Una y Mil Letras\" \/>\n<meta property=\"article:published_time\" content=\"2024-06-18T21:25:15+00:00\" \/>\n<meta property=\"article:modified_time\" content=\"2024-08-21T16:11:55+00:00\" \/>\n<meta property=\"og:image\" content=\"http:\/\/unaymilletras.com\/wp-content\/uploads\/2024\/06\/fd443c3f-be6b-26ee-3016-355b0102-scaled-e1718746182248.jpg\" \/>\n\t<meta property=\"og:image:width\" content=\"600\" \/>\n\t<meta property=\"og:image:height\" content=\"450\" \/>\n\t<meta property=\"og:image:type\" content=\"image\/jpeg\" \/>\n<meta name=\"author\" content=\"Redacci\u00f3n\" \/>\n<meta name=\"twitter:card\" content=\"summary_large_image\" \/>\n<meta name=\"twitter:creator\" content=\"@UnaYMilLetras\" \/>\n<meta name=\"twitter:site\" content=\"@UnaYMilLetras\" \/>\n<meta name=\"twitter:label1\" content=\"Written by\" \/>\n\t<meta name=\"twitter:data1\" content=\"Redacci\u00f3n\" \/>\n\t<meta name=\"twitter:label2\" content=\"Estimated reading time\" \/>\n\t<meta name=\"twitter:data2\" content=\"2 minutes\" \/>\n<script type=\"application\/ld+json\" class=\"yoast-schema-graph\">{\"@context\":\"https:\\\/\\\/schema.org\",\"@graph\":[{\"@type\":\"Article\",\"@id\":\"https:\\\/\\\/unaymilletras.com\\\/marina-carmona-emociona-a-madrid-con-su-debut-mi-identidad\\\/#article\",\"isPartOf\":{\"@id\":\"https:\\\/\\\/unaymilletras.com\\\/marina-carmona-emociona-a-madrid-con-su-debut-mi-identidad\\\/\"},\"author\":{\"name\":\"Redacci\u00f3n\",\"@id\":\"http:\\\/\\\/unaymilletras.com\\\/#\\\/schema\\\/person\\\/0860dc8a218329991ee2c7591f4f849d\"},\"headline\":\"Marina Carmona emociona a Madrid con su debut \u00abMi Identidad\u00bb\",\"datePublished\":\"2024-06-18T21:25:15+00:00\",\"dateModified\":\"2024-08-21T16:11:55+00:00\",\"mainEntityOfPage\":{\"@id\":\"https:\\\/\\\/unaymilletras.com\\\/marina-carmona-emociona-a-madrid-con-su-debut-mi-identidad\\\/\"},\"wordCount\":372,\"commentCount\":0,\"publisher\":{\"@id\":\"http:\\\/\\\/unaymilletras.com\\\/#organization\"},\"image\":{\"@id\":\"https:\\\/\\\/unaymilletras.com\\\/marina-carmona-emociona-a-madrid-con-su-debut-mi-identidad\\\/#primaryimage\"},\"thumbnailUrl\":\"https:\\\/\\\/unaymilletras.com\\\/wp-content\\\/uploads\\\/2024\\\/06\\\/fd443c3f-be6b-26ee-3016-355b0102-scaled-e1718746182248.jpg\",\"articleSection\":[\"Uncategorized\"],\"inLanguage\":\"en-GB\",\"potentialAction\":[{\"@type\":\"CommentAction\",\"name\":\"Comment\",\"target\":[\"https:\\\/\\\/unaymilletras.com\\\/marina-carmona-emociona-a-madrid-con-su-debut-mi-identidad\\\/#respond\"]}]},{\"@type\":\"WebPage\",\"@id\":\"https:\\\/\\\/unaymilletras.com\\\/marina-carmona-emociona-a-madrid-con-su-debut-mi-identidad\\\/\",\"url\":\"https:\\\/\\\/unaymilletras.com\\\/marina-carmona-emociona-a-madrid-con-su-debut-mi-identidad\\\/\",\"name\":\"Marina Carmona emociona a Madrid con su debut \\\"Mi Identidad\\\"\",\"isPartOf\":{\"@id\":\"http:\\\/\\\/unaymilletras.com\\\/#website\"},\"primaryImageOfPage\":{\"@id\":\"https:\\\/\\\/unaymilletras.com\\\/marina-carmona-emociona-a-madrid-con-su-debut-mi-identidad\\\/#primaryimage\"},\"image\":{\"@id\":\"https:\\\/\\\/unaymilletras.com\\\/marina-carmona-emociona-a-madrid-con-su-debut-mi-identidad\\\/#primaryimage\"},\"thumbnailUrl\":\"https:\\\/\\\/unaymilletras.com\\\/wp-content\\\/uploads\\\/2024\\\/06\\\/fd443c3f-be6b-26ee-3016-355b0102-scaled-e1718746182248.jpg\",\"datePublished\":\"2024-06-18T21:25:15+00:00\",\"dateModified\":\"2024-08-21T16:11:55+00:00\",\"description\":\"La artista madrile\u00f1a, Marina Carmona, conquista la Sala Villanos con un concierto lleno de emotividad y sorpresas\",\"breadcrumb\":{\"@id\":\"https:\\\/\\\/unaymilletras.com\\\/marina-carmona-emociona-a-madrid-con-su-debut-mi-identidad\\\/#breadcrumb\"},\"inLanguage\":\"en-GB\",\"potentialAction\":[{\"@type\":\"ReadAction\",\"target\":[\"https:\\\/\\\/unaymilletras.com\\\/marina-carmona-emociona-a-madrid-con-su-debut-mi-identidad\\\/\"]}]},{\"@type\":\"ImageObject\",\"inLanguage\":\"en-GB\",\"@id\":\"https:\\\/\\\/unaymilletras.com\\\/marina-carmona-emociona-a-madrid-con-su-debut-mi-identidad\\\/#primaryimage\",\"url\":\"https:\\\/\\\/unaymilletras.com\\\/wp-content\\\/uploads\\\/2024\\\/06\\\/fd443c3f-be6b-26ee-3016-355b0102-scaled-e1718746182248.jpg\",\"contentUrl\":\"https:\\\/\\\/unaymilletras.com\\\/wp-content\\\/uploads\\\/2024\\\/06\\\/fd443c3f-be6b-26ee-3016-355b0102-scaled-e1718746182248.jpg\",\"width\":600,\"height\":450},{\"@type\":\"BreadcrumbList\",\"@id\":\"https:\\\/\\\/unaymilletras.com\\\/marina-carmona-emociona-a-madrid-con-su-debut-mi-identidad\\\/#breadcrumb\",\"itemListElement\":[{\"@type\":\"ListItem\",\"position\":1,\"name\":\"Home\",\"item\":\"http:\\\/\\\/unaymilletras.com\\\/\"},{\"@type\":\"ListItem\",\"position\":2,\"name\":\"Marina Carmona emociona a Madrid con su debut \u00abMi Identidad\u00bb\"}]},{\"@type\":\"WebSite\",\"@id\":\"http:\\\/\\\/unaymilletras.com\\\/#website\",\"url\":\"http:\\\/\\\/unaymilletras.com\\\/\",\"name\":\"Una y Mil Letras\",\"description\":\"\",\"publisher\":{\"@id\":\"http:\\\/\\\/unaymilletras.com\\\/#organization\"},\"potentialAction\":[{\"@type\":\"SearchAction\",\"target\":{\"@type\":\"EntryPoint\",\"urlTemplate\":\"http:\\\/\\\/unaymilletras.com\\\/?s={search_term_string}\"},\"query-input\":{\"@type\":\"PropertyValueSpecification\",\"valueRequired\":true,\"valueName\":\"search_term_string\"}}],\"inLanguage\":\"en-GB\"},{\"@type\":\"Organization\",\"@id\":\"http:\\\/\\\/unaymilletras.com\\\/#organization\",\"name\":\"Una y Mil Letras\",\"url\":\"http:\\\/\\\/unaymilletras.com\\\/\",\"logo\":{\"@type\":\"ImageObject\",\"inLanguage\":\"en-GB\",\"@id\":\"http:\\\/\\\/unaymilletras.com\\\/#\\\/schema\\\/logo\\\/image\\\/\",\"url\":\"https:\\\/\\\/unaymilletras.com\\\/wp-content\\\/uploads\\\/2024\\\/06\\\/cropped-Logo-removebg-preview.png\",\"contentUrl\":\"https:\\\/\\\/unaymilletras.com\\\/wp-content\\\/uploads\\\/2024\\\/06\\\/cropped-Logo-removebg-preview.png\",\"width\":512,\"height\":512,\"caption\":\"Una y Mil Letras\"},\"image\":{\"@id\":\"http:\\\/\\\/unaymilletras.com\\\/#\\\/schema\\\/logo\\\/image\\\/\"},\"sameAs\":[\"https:\\\/\\\/x.com\\\/UnaYMilLetras\",\"https:\\\/\\\/instagram.com\\\/UnaYMilLetras\"]},{\"@type\":\"Person\",\"@id\":\"http:\\\/\\\/unaymilletras.com\\\/#\\\/schema\\\/person\\\/0860dc8a218329991ee2c7591f4f849d\",\"name\":\"Redacci\u00f3n\",\"image\":{\"@type\":\"ImageObject\",\"inLanguage\":\"en-GB\",\"@id\":\"https:\\\/\\\/secure.gravatar.com\\\/avatar\\\/d8f55e05a8b6597e45c55a1dcbdbfe44f4a360d88b48e00de5216a79b7732796?s=96&d=mm&r=g\",\"url\":\"https:\\\/\\\/secure.gravatar.com\\\/avatar\\\/d8f55e05a8b6597e45c55a1dcbdbfe44f4a360d88b48e00de5216a79b7732796?s=96&d=mm&r=g\",\"contentUrl\":\"https:\\\/\\\/secure.gravatar.com\\\/avatar\\\/d8f55e05a8b6597e45c55a1dcbdbfe44f4a360d88b48e00de5216a79b7732796?s=96&d=mm&r=g\",\"caption\":\"Redacci\u00f3n\"},\"url\":\"https:\\\/\\\/unaymilletras.com\\\/en\\\/author\\\/redaccion\\\/\"}]}<\/script>\n<!-- \/ Yoast SEO plugin. -->","yoast_head_json":{"title":"Marina Carmona emociona a Madrid con su debut \"Mi Identidad\"","description":"La artista madrile\u00f1a, Marina Carmona, conquista la Sala Villanos con un concierto lleno de emotividad y sorpresas","robots":{"index":"index","follow":"follow","max-snippet":"max-snippet:-1","max-image-preview":"max-image-preview:large","max-video-preview":"max-video-preview:-1"},"canonical":"https:\/\/unaymilletras.com\/en\/marina-carmona-emociona-a-madrid-con-su-debut-mi-identidad\/","og_locale":"en_GB","og_type":"article","og_title":"Marina Carmona emociona a Madrid con su debut \"Mi Identidad\"","og_description":"La artista madrile\u00f1a, Marina Carmona, conquista la Sala Villanos con un concierto lleno de emotividad y sorpresas","og_url":"https:\/\/unaymilletras.com\/en\/marina-carmona-emociona-a-madrid-con-su-debut-mi-identidad\/","og_site_name":"Una y Mil Letras","article_published_time":"2024-06-18T21:25:15+00:00","article_modified_time":"2024-08-21T16:11:55+00:00","og_image":[{"width":600,"height":450,"url":"http:\/\/unaymilletras.com\/wp-content\/uploads\/2024\/06\/fd443c3f-be6b-26ee-3016-355b0102-scaled-e1718746182248.jpg","type":"image\/jpeg"}],"author":"Redacci\u00f3n","twitter_card":"summary_large_image","twitter_creator":"@UnaYMilLetras","twitter_site":"@UnaYMilLetras","twitter_misc":{"Written by":"Redacci\u00f3n","Estimated reading time":"2 minutes"},"schema":{"@context":"https:\/\/schema.org","@graph":[{"@type":"Article","@id":"https:\/\/unaymilletras.com\/marina-carmona-emociona-a-madrid-con-su-debut-mi-identidad\/#article","isPartOf":{"@id":"https:\/\/unaymilletras.com\/marina-carmona-emociona-a-madrid-con-su-debut-mi-identidad\/"},"author":{"name":"Redacci\u00f3n","@id":"http:\/\/unaymilletras.com\/#\/schema\/person\/0860dc8a218329991ee2c7591f4f849d"},"headline":"Marina Carmona emociona a Madrid con su debut \u00abMi Identidad\u00bb","datePublished":"2024-06-18T21:25:15+00:00","dateModified":"2024-08-21T16:11:55+00:00","mainEntityOfPage":{"@id":"https:\/\/unaymilletras.com\/marina-carmona-emociona-a-madrid-con-su-debut-mi-identidad\/"},"wordCount":372,"commentCount":0,"publisher":{"@id":"http:\/\/unaymilletras.com\/#organization"},"image":{"@id":"https:\/\/unaymilletras.com\/marina-carmona-emociona-a-madrid-con-su-debut-mi-identidad\/#primaryimage"},"thumbnailUrl":"https:\/\/unaymilletras.com\/wp-content\/uploads\/2024\/06\/fd443c3f-be6b-26ee-3016-355b0102-scaled-e1718746182248.jpg","articleSection":["Uncategorized"],"inLanguage":"en-GB","potentialAction":[{"@type":"CommentAction","name":"Comment","target":["https:\/\/unaymilletras.com\/marina-carmona-emociona-a-madrid-con-su-debut-mi-identidad\/#respond"]}]},{"@type":"WebPage","@id":"https:\/\/unaymilletras.com\/marina-carmona-emociona-a-madrid-con-su-debut-mi-identidad\/","url":"https:\/\/unaymilletras.com\/marina-carmona-emociona-a-madrid-con-su-debut-mi-identidad\/","name":"Marina Carmona emociona a Madrid con su debut \"Mi Identidad\"","isPartOf":{"@id":"http:\/\/unaymilletras.com\/#website"},"primaryImageOfPage":{"@id":"https:\/\/unaymilletras.com\/marina-carmona-emociona-a-madrid-con-su-debut-mi-identidad\/#primaryimage"},"image":{"@id":"https:\/\/unaymilletras.com\/marina-carmona-emociona-a-madrid-con-su-debut-mi-identidad\/#primaryimage"},"thumbnailUrl":"https:\/\/unaymilletras.com\/wp-content\/uploads\/2024\/06\/fd443c3f-be6b-26ee-3016-355b0102-scaled-e1718746182248.jpg","datePublished":"2024-06-18T21:25:15+00:00","dateModified":"2024-08-21T16:11:55+00:00","description":"La artista madrile\u00f1a, Marina Carmona, conquista la Sala Villanos con un concierto lleno de emotividad y sorpresas","breadcrumb":{"@id":"https:\/\/unaymilletras.com\/marina-carmona-emociona-a-madrid-con-su-debut-mi-identidad\/#breadcrumb"},"inLanguage":"en-GB","potentialAction":[{"@type":"ReadAction","target":["https:\/\/unaymilletras.com\/marina-carmona-emociona-a-madrid-con-su-debut-mi-identidad\/"]}]},{"@type":"ImageObject","inLanguage":"en-GB","@id":"https:\/\/unaymilletras.com\/marina-carmona-emociona-a-madrid-con-su-debut-mi-identidad\/#primaryimage","url":"https:\/\/unaymilletras.com\/wp-content\/uploads\/2024\/06\/fd443c3f-be6b-26ee-3016-355b0102-scaled-e1718746182248.jpg","contentUrl":"https:\/\/unaymilletras.com\/wp-content\/uploads\/2024\/06\/fd443c3f-be6b-26ee-3016-355b0102-scaled-e1718746182248.jpg","width":600,"height":450},{"@type":"BreadcrumbList","@id":"https:\/\/unaymilletras.com\/marina-carmona-emociona-a-madrid-con-su-debut-mi-identidad\/#breadcrumb","itemListElement":[{"@type":"ListItem","position":1,"name":"Home","item":"http:\/\/unaymilletras.com\/"},{"@type":"ListItem","position":2,"name":"Marina Carmona emociona a Madrid con su debut \u00abMi Identidad\u00bb"}]},{"@type":"WebSite","@id":"http:\/\/unaymilletras.com\/#website","url":"http:\/\/unaymilletras.com\/","name":"Una y Mil Letras","description":"","publisher":{"@id":"http:\/\/unaymilletras.com\/#organization"},"potentialAction":[{"@type":"SearchAction","target":{"@type":"EntryPoint","urlTemplate":"http:\/\/unaymilletras.com\/?s={search_term_string}"},"query-input":{"@type":"PropertyValueSpecification","valueRequired":true,"valueName":"search_term_string"}}],"inLanguage":"en-GB"},{"@type":"Organization","@id":"http:\/\/unaymilletras.com\/#organization","name":"Una y Mil Letras","url":"http:\/\/unaymilletras.com\/","logo":{"@type":"ImageObject","inLanguage":"en-GB","@id":"http:\/\/unaymilletras.com\/#\/schema\/logo\/image\/","url":"https:\/\/unaymilletras.com\/wp-content\/uploads\/2024\/06\/cropped-Logo-removebg-preview.png","contentUrl":"https:\/\/unaymilletras.com\/wp-content\/uploads\/2024\/06\/cropped-Logo-removebg-preview.png","width":512,"height":512,"caption":"Una y Mil Letras"},"image":{"@id":"http:\/\/unaymilletras.com\/#\/schema\/logo\/image\/"},"sameAs":["https:\/\/x.com\/UnaYMilLetras","https:\/\/instagram.com\/UnaYMilLetras"]},{"@type":"Person","@id":"http:\/\/unaymilletras.com\/#\/schema\/person\/0860dc8a218329991ee2c7591f4f849d","name":"Redacci\u00f3n","image":{"@type":"ImageObject","inLanguage":"en-GB","@id":"https:\/\/secure.gravatar.com\/avatar\/d8f55e05a8b6597e45c55a1dcbdbfe44f4a360d88b48e00de5216a79b7732796?s=96&d=mm&r=g","url":"https:\/\/secure.gravatar.com\/avatar\/d8f55e05a8b6597e45c55a1dcbdbfe44f4a360d88b48e00de5216a79b7732796?s=96&d=mm&r=g","contentUrl":"https:\/\/secure.gravatar.com\/avatar\/d8f55e05a8b6597e45c55a1dcbdbfe44f4a360d88b48e00de5216a79b7732796?s=96&d=mm&r=g","caption":"Redacci\u00f3n"},"url":"https:\/\/unaymilletras.com\/en\/author\/redaccion\/"}]}},"_links":{"self":[{"href":"https:\/\/unaymilletras.com\/en\/wp-json\/wp\/v2\/posts\/2778","targetHints":{"allow":["GET"]}}],"collection":[{"href":"https:\/\/unaymilletras.com\/en\/wp-json\/wp\/v2\/posts"}],"about":[{"href":"https:\/\/unaymilletras.com\/en\/wp-json\/wp\/v2\/types\/post"}],"author":[{"embeddable":true,"href":"https:\/\/unaymilletras.com\/en\/wp-json\/wp\/v2\/users\/6"}],"replies":[{"embeddable":true,"href":"https:\/\/unaymilletras.com\/en\/wp-json\/wp\/v2\/comments?post=2778"}],"version-history":[{"count":5,"href":"https:\/\/unaymilletras.com\/en\/wp-json\/wp\/v2\/posts\/2778\/revisions"}],"predecessor-version":[{"id":2784,"href":"https:\/\/unaymilletras.com\/en\/wp-json\/wp\/v2\/posts\/2778\/revisions\/2784"}],"wp:featuredmedia":[{"embeddable":true,"href":"https:\/\/unaymilletras.com\/en\/wp-json\/wp\/v2\/media\/2781"}],"wp:attachment":[{"href":"https:\/\/unaymilletras.com\/en\/wp-json\/wp\/v2\/media?parent=2778"}],"wp:term":[{"taxonomy":"category","embeddable":true,"href":"https:\/\/unaymilletras.com\/en\/wp-json\/wp\/v2\/categories?post=2778"},{"taxonomy":"post_tag","embeddable":true,"href":"https:\/\/unaymilletras.com\/en\/wp-json\/wp\/v2\/tags?post=2778"}],"curies":[{"name":"wp","href":"https:\/\/api.w.org\/{rel}","templated":true}]}}